{"id":125680,"date":"2019-05-28T07:39:44","date_gmt":"2019-05-28T05:39:44","guid":{"rendered":"https:\/\/blog.tui.info\/https-www-tui-com-blog-welcher-spanien-reisetyp-bist-du\/"},"modified":"2024-05-13T21:34:52","modified_gmt":"2024-05-13T19:34:52","slug":"welcher-spanien-reisetyp-bist-du","status":"publish","type":"post","link":"https:\/\/www.tui.com\/blog\/welcher-spanien-reisetyp-bist-du\/","title":{"rendered":"Welcher Spanien-Reisetyp bist du?"},"content":{"rendered":"<p class=\"firstTextGrey\">Die Sommermonate n\u00e4hern sich, die Vorfreude auf den Urlaub steigt. Aber wohin geht die Reise in diesem Jahr? Nach Deutschland ist Spanien nach wie vor Spitzenreiter unter den beliebtesten Reisezielen der Deutschen. Spaniens Urlaubslandschaft ist so vielf\u00e4ltig, dass du die Qual der Wahl hast: Romantische Tage zu zweit, anspruchsvolle Wanderungen, entspannter Badeurlaub oder doch lieber ein lebhafter St\u00e4dtetrip? Wir helfen dir herauszufinden, welcher Spanien-Reisetyp du bist.<\/p>\n<h2>Wasserplantscher: Du liebst es, den ganzen Tag im Meer und am Strand zu verbringen?<\/h2>\n<p>Dann ist Spanien auf jeden Fall dein perfektes Reiseziel. Vor allem die Inseln verzaubern mit strahlend wei\u00dfem Sand, t\u00fcrkisblauem Wasser und sauberen Str\u00e4nden. Wenn du es lieber ruhiger magst, dann solltest du nach <a href=\"https:\/\/www.tui.com\/pauschalreisen\/spanien\/menorca\/\" target=\"_blank\" rel=\"noopener noreferrer\">Menorca <\/a>\u00a0reisen. Kleine Buchten wie die <strong>Cala Marcella<\/strong>, die <strong>Cala Algaiarens<\/strong> mit ihrem r\u00f6tlichen Strand oder die von wei\u00dfen Kalksteinfelsen umrandete <strong>Cala Mitjana<\/strong> laden zum Sonnenbaden und Plantschen ein.<\/p>\n<p>Wenn du eine Vorliebe f\u00fcr naturbelassene Str\u00e4nde hast, dann solltest du unbedingt einen Tag am <strong>Cala de Moro<\/strong> auf Mallorca verbringen. Die Badebucht ist von gr\u00fcnbewaldeten Felsen umgeben und wird viel von Mallorquinern besucht.<\/p>\n<p>Aber auch Fuerteventura ist mit seinen ungef\u00e4hr 100 Str\u00e4nden ein Eldorado f\u00fcr Sonnenanbeter. Wundersch\u00f6n sind zum Beispiel die D\u00fcnen von <strong>Corralejo<\/strong>, die in einem romantischen Sandstrand zum Ozean hin verlaufen.<\/p>\n<figure id=\"attachment_3953\" aria-describedby=\"caption-attachment-3953\" style=\"width: 290px\" class=\"wp-caption alignright\"><a href=\"https:\/\/www.tui.com\/blog\/wp-content\/uploads\/2023\/04\/Menorca-Fernwanderweg.png\"><img decoding=\"async\" class=\"wp-image-3953 size-medium\" src=\"https:\/\/www.tui.com\/blog\/wp-content\/uploads\/2023\/04\/Menorca-Fernwanderweg.png\" alt=\"Der Cam\u00ed de Cavalls auf Menorca ist ein historischer Reiterpfad und ein landschaftlich facettenreicher Fernwanderweg entlang der K\u00fcste\" width=\"300\" height=\"114\" \/><\/a><figcaption id=\"caption-attachment-3953\" class=\"wp-caption-text\">Der Fernwanderweg &#8222;Cami de Cavalls&#8220; auf Menorca bietet alles, was dein Wandererherz h\u00f6her schlagen l\u00e4sst: historische Pfade durch urspr\u00fcngliche Landschaften und wilde K\u00fcsten<\/figcaption><\/figure>\n<h2>Passionierter Wanderer: Ein Fernwanderweg auf einem alten Pferdepfad reizt dich?<\/h2>\n<p>Der <strong>Cam\u00ed de Cavalls<\/strong> auf Menorca ist ein historischer Reiterpfad und ein landschaftlich facettenreicher Fernwanderweg entlang der K\u00fcste. Auf 185 Kilometern durchwanderst du Schluchten, dichte W\u00e4lder, Sumpfgebiete, \u00fcberquerst wilde Felslandschaften und kannst an traumhaften Buchten mit kristallklarem Wasser rasten.<\/p>\n<h2>St\u00e4dtereisender: Unbekannte St\u00e4dte und ihre Geschichten zu erkunden ist dein Ding?<\/h2>\n<figure id=\"attachment_3905\" aria-describedby=\"caption-attachment-3905\" style=\"width: 290px\" class=\"wp-caption alignleft\"><a href=\"https:\/\/www.tui.com\/blog\/wp-content\/uploads\/2023\/04\/Jerez-de-la-Frontera-Pferde.png\"><img decoding=\"async\" class=\"wp-image-3905 size-medium\" src=\"https:\/\/www.tui.com\/blog\/wp-content\/uploads\/2023\/04\/Jerez-de-la-Frontera-Pferde.png\" alt=\"Jerez de la Frontera ist f\u00fcr seine K\u00f6niglich-Andalusische Reitschule weltbekannt\" width=\"300\" height=\"200\" \/><\/a><figcaption id=\"caption-attachment-3905\" class=\"wp-caption-text\">Wer die andalusischen Pferde &#8222;tanzen&#8220; sehen m\u00f6chte, kann dies in den Sommermonaten dreimal w\u00f6chentlich in der K\u00f6niglichen Hofreitschule<\/figcaption><\/figure>\n<p>Dann legen wir dir nicht das klassische Madrid oder Barcelona, sondern das kleinere, aber nicht weniger feine <strong>Jerez de la Frontera<\/strong> in Andalusien ans Herz. Mit TUIfly fliegst du g\u00fcnstig in die Stadt des ber\u00fchmten Sherrys, die auch f\u00fcr ihre K\u00f6niglich-Andalusische Reitschule weltbekannt ist. Die stolzen Andalusier-Pferde schreiten durch die Stadt und k\u00f6nnen bei aufregenden Shows bestaunt werden. In kleinen Bars erklingt traditionelle Flamencomusik und wenn du dich traust, kannst du hier das Tanzbein schwingen. Ein Highlight ist auch die <strong>Alc\u00e1zar<\/strong>, eine imposante, maurische Festung.<\/p>\n<figure id=\"attachment_3906\" aria-describedby=\"caption-attachment-3906\" style=\"width: 290px\" class=\"wp-caption alignright\"><a href=\"https:\/\/www.tui.com\/blog\/wp-content\/uploads\/2023\/04\/spanien_paella.png\"><img decoding=\"async\" class=\"wp-image-3906 size-medium\" src=\"https:\/\/www.tui.com\/blog\/wp-content\/uploads\/2023\/04\/spanien_paella.png\" alt=\"Wenn du schon immer die traditionelle Paella kosten wolltest, dann probiere die Beste: im entspannten Restaurant Santa Gertrudis in Santa Gertrudis de Fruitera auf Ibiza\" width=\"300\" height=\"300\" \/><\/a><figcaption id=\"caption-attachment-3906\" class=\"wp-caption-text\">Paellas werden in Spanien regional sehr unterschiedlich zubereitet &#8211; das macht sie zum Nationalgericht. Nur drei Bestandteile sind immer gleich: Reis, Safran und Oliven\u00f6l<\/figcaption><\/figure>\n<h2>Genie\u00dfer: Du m\u00f6chtest die beste Paella kosten?<\/h2>\n<p>Wenn du schon immer die traditionelle Paella kosten wolltest, dann probiere die Beste: Im entspannten Restaurant <strong>Santa Gertrudis<\/strong> in <strong>Santa Gertrudis de Fruitera<\/strong> auf <a href=\"https:\/\/www.tui.com\/pauschalreisen\/spanien\/ibiza\/\" target=\"_blank\" rel=\"noopener noreferrer\">Ibiza<\/a>! Seit 1977 wird hier jeden Sonntag die Paella auf offenem Holzkohle-Feuer in riesigen Pfannen gekocht. Wahlweise mit H\u00fchnchen oder Meeresfr\u00fcchten bereitet der Familienbetrieb die k\u00f6stliche Reispfanne auf traditionelle Weise zu. Bereits beim Zuschauen l\u00e4uft einem das Wasser im Mund zusammen.<\/p>\n<h2>Stiller Entdecker: Du hast Lust eine unbewohnte Insel zu erkunden?<\/h2>\n<p>Dann solltest du auf einem Katamaran von Ibiza aus unbedingt auf die winzige Insel <strong>Espalmador<\/strong> fahren. Hier leben keine Menschen, was die Insel in einen stillen Zauber h\u00fcllt. Du kannst einen ausgedehnten Spaziergang am Strand der s\u00fcdlichen Bucht genie\u00dfen, dem ruhigen Rauschen des Meeres lauschen und dich im klaren Nass treiben lassen. Genie\u00dfe einen Tag im Nirgendwo!<\/p>\n<figure id=\"attachment_3901\" aria-describedby=\"caption-attachment-3901\" style=\"width: 835px\" class=\"wp-caption aligncenter\"><a href=\"https:\/\/www.tui.com\/blog\/wp-content\/uploads\/2023\/04\/Sonnenuntergang_Ibiza_Frau.png\"><img decoding=\"async\" class=\"wp-image-3901 size-full\" src=\"https:\/\/www.tui.com\/blog\/wp-content\/uploads\/2023\/04\/Sonnenuntergang_Ibiza_Frau.png\" alt=\"Auf Espalmador leben keine Menschen, was die Insel in einen stillen Zauber h\u00fcllt.\" width=\"845\" height=\"321\" \/><\/a><figcaption id=\"caption-attachment-3901\" class=\"wp-caption-text\">Espalmador ist nur per Boot zu erreichen: Im Sommer kannst du t\u00e4glich eine kleine F\u00e4hre von La Savina aus nehmen und auf die unbewohnte und unbebaute Insel \u00fcbersetzen<\/figcaption><\/figure>\n<h2>Romantiker: Du hast ein Faible f\u00fcr Sonnenunterg\u00e4nge am Strand?<\/h2>\n<p>Lade deine Liebste oder deinen Liebsten ein, schnappt euch eine Picknickdecke, einen der k\u00f6stlichen, spanischen Rotweine und ein paar Snacks und macht euch auf zum Strand <strong>Cala Comte<\/strong> auf Ibiza. Hier k\u00f6nnt ihr romantische Abendstunden genie\u00dfen und beobachten, wie die gl\u00fchende Sonne im Meer versinkt. Mit der vorgelagerten Insel am Horizont wirkt dieses Spektakel besonders sch\u00f6n.<\/p>\n<h2>Strandspazierg\u00e4nger: Du willst an traumhaften Str\u00e4nden entlangschlendern?<\/h2>\n<p>Spaniens Inseln halten wundervolle Str\u00e4nde f\u00fcr ausgedehnte Strandspazierg\u00e4nge mit Picknick und Badepausen bereit. Besonders sch\u00f6n ist der <strong>Platges de Son Bou<\/strong> auf Menorca, ein weicher, goldgelber Sandstrand im S\u00fcdwesten der Insel. Hier gibt es auch sanit\u00e4re Anlagen und die M\u00f6glichkeit, sich bei einem kleinen Imbiss zu st\u00e4rken.<\/p>\n<p>Auf Fuerteventura lockt die s\u00fcdliche K\u00fcste in <strong>P\u00e1jara<\/strong>, an der du auf 70 Kilometern scheinbar endlos dem blauen Horizont entgegenlaufen kannst.<strong>\u00a0<\/strong><\/p>\n<figure id=\"attachment_3909\" aria-describedby=\"caption-attachment-3909\" style=\"width: 290px\" class=\"wp-caption alignright\"><a href=\"https:\/\/www.tui.com\/blog\/wp-content\/uploads\/2023\/04\/iStock-458734289.png\"><img decoding=\"async\" class=\"wp-image-3909 size-medium\" src=\"https:\/\/www.tui.com\/blog\/wp-content\/uploads\/2023\/04\/iStock-458734289.png\" alt=\"Wenn dein Herz f\u00fcrs Surfen und Kiten schl\u00e4gt, dann solltest du unbedingt nach Fuerteventura fliegen\" width=\"300\" height=\"200\" \/><\/a><figcaption id=\"caption-attachment-3909\" class=\"wp-caption-text\">Mit \u00fcber 30 verschiedenen Surf-Hotspots hat Fuerteventura fast ganzj\u00e4hrig sowohl f\u00fcr Einsteiger, als auch f\u00fcr Profis das ideale Surfrevier zu bieten<\/figcaption><\/figure>\n<h2>Wellenreiter: Surfen ist f\u00fcr dich ein Muss?<\/h2>\n<p>Wenn dein Herz f\u00fcrs Surfen und Kiten schl\u00e4gt, dann solltest du unbedingt nach <a href=\"https:\/\/www.tui.com\/pauschalreisen\/spanien\/fuerteventura\/\" target=\"_blank\" rel=\"noopener noreferrer\">Fuerteventura<\/a> fliegen fliegen Die h\u00f6chsten Wellen bringen Herbst und Winter mit sich, aber auch im Sommer bl\u00e4st der Wind kr\u00e4ftig. Vor allem im Norden t\u00fcrmen sich die Wellen extrem hoch und kr\u00e4ftig auf, weshalb Fuerteventura ein wahres Paradies f\u00fcr Profis ist. Aber auch Anf\u00e4nger k\u00f6nnen in Surf- und Kiteschulen entlang der gesamten K\u00fcste das Wellenreiten erlernen.<\/p>\n<h2>Botaniker: Die Pflanzenwelt fasziniert dich?<\/h2>\n<p>Wer die Flora liebt, der sollte nach <a href=\"https:\/\/www.tui.com\/pauschalreisen\/spanien\/mallorca\/\" target=\"_blank\" rel=\"noopener noreferrer\">Mallorca<\/a> oder <a href=\"https:\/\/www.tui.com\/pauschalreisen\/spanien\/teneriffa\/\" target=\"_blank\" rel=\"noopener noreferrer\">Teneriffa<\/a> fliegen In den Bergw\u00e4ldern wachsen uralte Steineichen, gr\u00fcnende B\u00fcsche und Str\u00e4ucher, wie der duftende Rosmarin, der auf den Inseln heimisch ist. Der s\u00fc\u00dfe Geruch der Orangen-, Zitronen- und Apfelsinenb\u00e4ume liegt in der Luft. Oliven und Mandeln wachsen hier genauso wie Palmen, und die dichten Lorbeerw\u00e4lder in den h\u00f6heren Regionen entfalten ihren ganz eigenen Zauber.<\/p>\n<p>Au\u00dferdem befindet sich der gr\u00f6\u00dfte botanische Garten Europas im S\u00fcden Mallorcas: Der <strong>Ses Salines<\/strong> ist eine \u00fcberaus faszinierende, scheinbar unendliche Gartenlandschaft, die nicht nur Pflanzenliebhaber in ihren Bann zieht.<\/p>\n<h2>Fischverliebter: Du bist verr\u00fcckt nach fangfrischem Fisch?<\/h2>\n<figure id=\"attachment_3913\" aria-describedby=\"caption-attachment-3913\" style=\"width: 290px\" class=\"wp-caption alignleft\"><a href=\"https:\/\/www.tui.com\/blog\/wp-content\/uploads\/2023\/04\/lanzarote-restaurant-hoehle-jamaeos-del-aqua-restaurante.png\"><img decoding=\"async\" class=\"wp-image-3913 size-medium\" src=\"https:\/\/www.tui.com\/blog\/wp-content\/uploads\/2023\/04\/lanzarote-restaurant-hoehle-jamaeos-del-aqua-restaurante.png\" alt=\"Die &quot;Jameos del Agua&quot; sind Lavagrotten mit Salzsee und Auditorium\" width=\"300\" height=\"200\" \/><\/a><figcaption id=\"caption-attachment-3913\" class=\"wp-caption-text\">Die &#8222;Jameos del Agua&#8220; sind eine von C\u00e9sar Manrique gestaltete Kunst- und Kulturst\u00e4tte, die dich in eine Welt aus Lavatunneln und -h\u00f6hlen mit unterirdischem Restaurant und sogar einer Konzerthalle entf\u00fchren<\/figcaption><\/figure>\n<p>Ein Geheimtipp f\u00fcr ausgezeichnet zubereiteten Fisch ist das kleine Fischerdorf <strong>El Golfo<\/strong> auf Lanzarote. In dem abgeschiedenen Ort ist der Touristenrummel noch nicht angekommen. In kleinen Restaurants bekommst du hier an jeder Ecke k\u00f6stliche Meeresfr\u00fcchte und Fischgerichte \u2013 frisch aus dem Meer. Ein wahrer Leckerbissen f\u00fcr Fischliebhaber!<\/p>\n<h2>Abenteurer: Du liebst puristische Vulkanlandschaften?<\/h2>\n<p>Auf <a href=\"https:\/\/www.tui.com\/pauschalreisen\/spanien\/lanzarote\/\" target=\"_blank\" rel=\"noopener noreferrer\">Lanzarote<\/a> kannst du au\u00dferdem bei einer gef\u00fchrten Tour die monumentale Kraft der Natur mit eigenen Augen erblicken. Im <strong>Nationalpark Timanfaya<\/strong> erblickst du schwarze Lavafelder, hoch aufragende Vulkankegel und Felsen aus Lavagestein, die im Sonnenschein in Rot-, Grau- und Braunschattierungen leuchten. Das Vulkangebiet ist bis heute aktiv, was seine Erkundung noch reizvoller macht. Allerdings ist aus diesem Grund das Betreten auf eigene Faust untersagt.<\/p>\n<h2>Segler: Du bist gern auf dem Wasser unterwegs?<\/h2>\n<p>Vor allem auf den Balearen werden zahlreiche Segelt\u00f6rns angeboten, entweder als Tagestour oder auch l\u00e4ngere Segelreise. Mit einem Segelschein kannst du nat\u00fcrlich auch selbst ein Boot mieten. Mallorca und der Ozean um die Insel herum sind ein wahres Paradies f\u00fcr Segler. Auf dem Meer treibt eine kr\u00e4ftige Brise das Boot an, wohingegen die ruhigen Buchten zum Schwimmen und die turbulenten Hafenst\u00e4dte zum Ausgehen einladen.<\/p>\n<figure id=\"attachment_3912\" aria-describedby=\"caption-attachment-3912\" style=\"width: 835px\" class=\"wp-caption aligncenter\"><a href=\"https:\/\/www.tui.com\/blog\/wp-content\/uploads\/2023\/04\/Nachtschwaermer-spanischen-Bars.png\"><img decoding=\"async\" class=\"wp-image-3912 size-full\" src=\"https:\/\/www.tui.com\/blog\/wp-content\/uploads\/2023\/04\/Nachtschwaermer-spanischen-Bars.png\" alt=\"Trotz der Touristen hat La Lonja \u00fcber die Jahre nichts an seiner Authentizit\u00e4t eingeb\u00fc\u00dft: Aus den Tapas-Bars schallen lachende Stimmen und laute, spanische Musik\" width=\"845\" height=\"321\" \/><\/a><figcaption id=\"caption-attachment-3912\" class=\"wp-caption-text\">F\u00fcr dich beginnt das wahre Leben erst nach Sonnenuntergang? In dem historischen Viertel La Lonja in Palma de Mallorca kommen Nachtschw\u00e4rmer voll auf ihre Kosten<\/figcaption><\/figure>\n<h2>Nachtschw\u00e4rmer: Du f\u00fchlst dich in den spanischen Bars wohl?<\/h2>\n<p>Neben der eindrucksvollen Naturerlebnisse ist Spanien nat\u00fcrlich auch f\u00fcr sein lebendiges Nachtleben bekannt. Obwohl der Rummel in der beispielhaften mallorquinischen Partyhochburg nicht f\u00fcr jeden etwas ist, bietet Palma auch wundervolle Ecken f\u00fcr aufregende Abende. Wir empfehlen dir besonders das historische Viertel <strong>La Lonja<\/strong>. Hier pulsiert das (Nacht)leben! Trotz der Touristen hat La Lonja \u00fcber die Jahre nichts an seiner Authentizit\u00e4t eingeb\u00fc\u00dft: Aus den Tapas-Bars schallen lachende Stimmen und laute, spanische Musik. In den vielen Bars wird traditionelle, aber auch moderne, spanische Live-Musik gespielt. Und wer Wein liebt, kommt in Palma sowieso auf seine Kosten!<\/p>\n<p>Egal ob Wellenreiter, Fisch- oder frisch verliebt, naturverbunden oder kulturinteressiert \u2013 in Spanien findet jeder sein Traumreiseziel. Ein Sommerurlaub auf den Inseln Mallorca, Menorca, Ibiza, Fuerteventura und Lanzarote ist genauso reizvoll wie eine Auszeit auf dem spanischen Festland.<\/p>\n<p>Mach dich auf deine Reise nach Spanien!<\/p>\n\n\n<div class=\"wp-block-cover has-background-dim\" style=\"background-color:#dde0e2;min-height:284px;aspect-ratio:unset;\"><div class=\"wp-block-cover__inner-container is-layout-flow wp-block-cover-is-layout-flow\">\n<p class=\"has-text-align-center has-black-color has-text-color\"><strong>Alle TUI Angebote f\u00fcr den n\u00e4chsten Spanien Urlaub<\/strong><\/p>\n\n\n\n<p class=\"has-text-align-center has-black-color has-text-color\">\u2708 +   <a href=\"https:\/\/www.tui.com\/pauschalreisen\/spanien\/?contentid=blog_verteilerbox_pauschalreise\" target=\"_blank\" rel=\"noreferrer noopener\">Alle Pauschalreise-Angebote f\u00fcr Spanien<\/a><br>  <a href=\"https:\/\/www.tui.com\/hotels\/spanien\/?contentid=blog_verteilerbox_hotel\" target=\"_blank\" rel=\"noreferrer noopener\">Alle Hotelangebote f\u00fcr Spanien<\/a><br>\u2708 <a href=\"https:\/\/www.tui.com\/flug\/spanien\/?contentid=blog_verteilerbox_hotel\" target=\"_blank\" rel=\"noreferrer noopener\">Alle Flugangebote nach Spanien<\/a><br> <a href=\"https:\/\/www.tui.com\/tui-ausfluege\/?contentid=blog_verteilerbox_ausfluege\" target=\"_blank\" rel=\"noreferrer noopener\">Alle TUI Ausfl\u00fcge entdecken<\/a><br>  <a href=\"https:\/\/www.tui.com\/mietwagen\/?contentid=blog_verteilerbox_mietwagen\" target=\"_blank\" rel=\"noreferrer noopener\">Zur Mietwagenbuchung<\/a><\/p>\n<\/div><\/div>\n","protected":false},"excerpt":{"rendered":"<p>Die Sommermonate n\u00e4hern sich, die Vorfreude auf den Urlaub steigt. Aber wohin geht die Reise in diesem Jahr? Nach Deutschland ist Spanien nach wie vor Spitzenreiter unter den beliebtesten Reisezielen der Deutschen. Spaniens Urlaubslandschaft ist so vielf\u00e4ltig, dass du die Qual der Wahl hast: Romantische Tage zu zweit, anspruchsvolle Wanderungen,<\/p>\n","protected":false},"author":86,"featured_media":125698,"comment_status":"open","ping_status":"open","sticky":false,"template":"","format":"standard","meta":{"_acf_changed":false,"footnotes":""},"categories":[4030,4032],"tags":[125,157,9,1065,385,126,3187,63,227],"class_list":["post-125680","post","type-post","status-publish","format-standard","has-post-thumbnail","hentry","category-archiv-reiseziele","category-archiv-spanien","tag-andalusien","tag-fuerteventura","tag-mallorca","tag-menorca","tag-sommerurlaub","tag-spanien","tag-staedtereise","tag-surfen","tag-wandern"],"acf":[],"yoast_head":"<!-- This site is optimized with the Yoast SEO plugin v27.4 - https:\/\/yoast.com\/product\/yoast-seo-wordpress\/ -->\n<title>Welcher Spanien-Reisetyp bist du? - TUI.com Reiseblog \u2600<\/title>\n<meta name=\"description\" content=\"Mallorca, Ibiza, Fuerteventura, Menorca oder Lanzarote \u2013 entdecke, welches Reiseziel in Spanien zu dir passt. Dein Traumurlaub in Spanien wartet!\" \/>\n<meta name=\"robots\" content=\"index, follow, max-snippet:-1, max-image-preview:large, max-video-preview:-1\" \/>\n<link rel=\"canonical\" href=\"https:\/\/www.tui.com\/blog\/welcher-spanien-reisetyp-bist-du\/\" \/>\n<meta property=\"og:locale\" content=\"de_DE\" \/>\n<meta property=\"og:type\" content=\"article\" \/>\n<meta property=\"og:title\" content=\"Welcher Spanien-Reisetyp bist du? - TUI.com Reiseblog \u2600\" \/>\n<meta property=\"og:description\" content=\"Mallorca, Ibiza, Fuerteventura, Menorca oder Lanzarote \u2013 entdecke, welches Reiseziel in Spanien zu dir passt. Dein Traumurlaub in Spanien wartet!\" \/>\n<meta property=\"og:url\" content=\"https:\/\/www.tui.com\/blog\/welcher-spanien-reisetyp-bist-du\/\" \/>\n<meta property=\"og:site_name\" content=\"TUI.com Reiseblog \u2600\" \/>\n<meta property=\"article:published_time\" content=\"2019-05-28T05:39:44+00:00\" \/>\n<meta property=\"article:modified_time\" content=\"2024-05-13T19:34:52+00:00\" \/>\n<meta property=\"og:image\" content=\"https:\/\/www.tui.com\/blog\/wp-content\/uploads\/2023\/04\/Ibiza_Freunde_Meer_Sommerurlaub.png\" \/>\n\t<meta property=\"og:image:width\" content=\"845\" \/>\n\t<meta property=\"og:image:height\" content=\"321\" \/>\n\t<meta property=\"og:image:type\" content=\"image\/png\" \/>\n<meta name=\"author\" content=\"TUI Reiseexperten\" \/>\n<meta name=\"twitter:card\" content=\"summary_large_image\" \/>\n<meta name=\"twitter:label1\" content=\"Verfasst von\" \/>\n\t<meta name=\"twitter:data1\" content=\"TUI Reiseexperten\" \/>\n\t<meta name=\"twitter:label2\" content=\"Gesch\u00e4tzte Lesezeit\" \/>\n\t<meta name=\"twitter:data2\" content=\"8\u00a0Minuten\" \/>\n<script type=\"application\/ld+json\" class=\"yoast-schema-graph\">{\"@context\":\"https:\\\/\\\/schema.org\",\"@graph\":[{\"@type\":\"BlogPosting\",\"@id\":\"https:\\\/\\\/www.tui.com\\\/blog\\\/welcher-spanien-reisetyp-bist-du\\\/#article\",\"isPartOf\":{\"@id\":\"https:\\\/\\\/www.tui.com\\\/blog\\\/welcher-spanien-reisetyp-bist-du\\\/\"},\"author\":{\"name\":\"TUI Reiseexperten\",\"@id\":\"https:\\\/\\\/www.tui.com\\\/blog\\\/#\\\/schema\\\/person\\\/e0405bcbd5102f3edd229113f1c50a06\"},\"headline\":\"Welcher Spanien-Reisetyp bist du?\",\"datePublished\":\"2019-05-28T05:39:44+00:00\",\"dateModified\":\"2024-05-13T19:34:52+00:00\",\"mainEntityOfPage\":{\"@id\":\"https:\\\/\\\/www.tui.com\\\/blog\\\/welcher-spanien-reisetyp-bist-du\\\/\"},\"wordCount\":1513,\"commentCount\":0,\"publisher\":{\"@id\":\"https:\\\/\\\/www.tui.com\\\/blog\\\/#organization\"},\"image\":{\"@id\":\"https:\\\/\\\/www.tui.com\\\/blog\\\/welcher-spanien-reisetyp-bist-du\\\/#primaryimage\"},\"thumbnailUrl\":\"https:\\\/\\\/www.tui.com\\\/blog\\\/wp-content\\\/uploads\\\/2023\\\/04\\\/Ibiza_Freunde_Meer_Sommerurlaub.png\",\"keywords\":[\"Andalusien\",\"Fuerteventura\",\"Mallorca\",\"Menorca\",\"Sommerurlaub\",\"Spanien\",\"St&#228;dtereise\",\"Surfen\",\"Wandern\"],\"articleSection\":[\"Reiseziele\",\"Spanien\"],\"inLanguage\":\"de\",\"potentialAction\":[{\"@type\":\"CommentAction\",\"name\":\"Comment\",\"target\":[\"https:\\\/\\\/www.tui.com\\\/blog\\\/welcher-spanien-reisetyp-bist-du\\\/#respond\"]}]},{\"@type\":\"WebPage\",\"@id\":\"https:\\\/\\\/www.tui.com\\\/blog\\\/welcher-spanien-reisetyp-bist-du\\\/\",\"url\":\"https:\\\/\\\/www.tui.com\\\/blog\\\/welcher-spanien-reisetyp-bist-du\\\/\",\"name\":\"Welcher Spanien-Reisetyp bist du? - TUI.com Reiseblog \u2600\",\"isPartOf\":{\"@id\":\"https:\\\/\\\/www.tui.com\\\/blog\\\/#website\"},\"primaryImageOfPage\":{\"@id\":\"https:\\\/\\\/www.tui.com\\\/blog\\\/welcher-spanien-reisetyp-bist-du\\\/#primaryimage\"},\"image\":{\"@id\":\"https:\\\/\\\/www.tui.com\\\/blog\\\/welcher-spanien-reisetyp-bist-du\\\/#primaryimage\"},\"thumbnailUrl\":\"https:\\\/\\\/www.tui.com\\\/blog\\\/wp-content\\\/uploads\\\/2023\\\/04\\\/Ibiza_Freunde_Meer_Sommerurlaub.png\",\"datePublished\":\"2019-05-28T05:39:44+00:00\",\"dateModified\":\"2024-05-13T19:34:52+00:00\",\"description\":\"Mallorca, Ibiza, Fuerteventura, Menorca oder Lanzarote \u2013 entdecke, welches Reiseziel in Spanien zu dir passt. Dein Traumurlaub in Spanien wartet!\",\"breadcrumb\":{\"@id\":\"https:\\\/\\\/www.tui.com\\\/blog\\\/welcher-spanien-reisetyp-bist-du\\\/#breadcrumb\"},\"inLanguage\":\"de\",\"potentialAction\":[{\"@type\":\"ReadAction\",\"target\":[\"https:\\\/\\\/www.tui.com\\\/blog\\\/welcher-spanien-reisetyp-bist-du\\\/\"]}]},{\"@type\":\"ImageObject\",\"inLanguage\":\"de\",\"@id\":\"https:\\\/\\\/www.tui.com\\\/blog\\\/welcher-spanien-reisetyp-bist-du\\\/#primaryimage\",\"url\":\"https:\\\/\\\/www.tui.com\\\/blog\\\/wp-content\\\/uploads\\\/2023\\\/04\\\/Ibiza_Freunde_Meer_Sommerurlaub.png\",\"contentUrl\":\"https:\\\/\\\/www.tui.com\\\/blog\\\/wp-content\\\/uploads\\\/2023\\\/04\\\/Ibiza_Freunde_Meer_Sommerurlaub.png\",\"width\":845,\"height\":321,\"caption\":\"Auch in diesem Jahr ist Spanien wieder das Top 2 Ziel der Deutschen f&#252;r ihren Sommerurlaub\"},{\"@type\":\"BreadcrumbList\",\"@id\":\"https:\\\/\\\/www.tui.com\\\/blog\\\/welcher-spanien-reisetyp-bist-du\\\/#breadcrumb\",\"itemListElement\":[{\"@type\":\"ListItem\",\"position\":1,\"name\":\"Startseite\",\"item\":\"https:\\\/\\\/www.tui.com\\\/blog\\\/\"},{\"@type\":\"ListItem\",\"position\":2,\"name\":\"Welcher Spanien-Reisetyp bist du?\"}]},{\"@type\":\"WebSite\",\"@id\":\"https:\\\/\\\/www.tui.com\\\/blog\\\/#website\",\"url\":\"https:\\\/\\\/www.tui.com\\\/blog\\\/\",\"name\":\"TUI.com Reiseblog \u2600\",\"description\":\"Abenteuer oder lieber an den Strand? \u2600 Der TUI Reiseblog bietet tolle Infos rund um deine n\u00e4chste Reise \u2708 Komm vorbei und lass dich inspirieren \u221a\",\"publisher\":{\"@id\":\"https:\\\/\\\/www.tui.com\\\/blog\\\/#organization\"},\"potentialAction\":[{\"@type\":\"SearchAction\",\"target\":{\"@type\":\"EntryPoint\",\"urlTemplate\":\"https:\\\/\\\/www.tui.com\\\/blog\\\/?s={search_term_string}\"},\"query-input\":{\"@type\":\"PropertyValueSpecification\",\"valueRequired\":true,\"valueName\":\"search_term_string\"}}],\"inLanguage\":\"de\"},{\"@type\":\"Organization\",\"@id\":\"https:\\\/\\\/www.tui.com\\\/blog\\\/#organization\",\"name\":\"TUI.com Reiseblog \u2600\",\"url\":\"https:\\\/\\\/www.tui.com\\\/blog\\\/\",\"logo\":{\"@type\":\"ImageObject\",\"inLanguage\":\"de\",\"@id\":\"https:\\\/\\\/www.tui.com\\\/blog\\\/#\\\/schema\\\/logo\\\/image\\\/\",\"url\":\"https:\\\/\\\/www.tui.com\\\/blog\\\/wp-content\\\/uploads\\\/2023\\\/04\\\/cropped-tui-logo-3.png\",\"contentUrl\":\"https:\\\/\\\/www.tui.com\\\/blog\\\/wp-content\\\/uploads\\\/2023\\\/04\\\/cropped-tui-logo-3.png\",\"width\":164,\"height\":72,\"caption\":\"TUI.com Reiseblog \u2600\"},\"image\":{\"@id\":\"https:\\\/\\\/www.tui.com\\\/blog\\\/#\\\/schema\\\/logo\\\/image\\\/\"}},{\"@type\":\"Person\",\"@id\":\"https:\\\/\\\/www.tui.com\\\/blog\\\/#\\\/schema\\\/person\\\/e0405bcbd5102f3edd229113f1c50a06\",\"name\":\"TUI Reiseexperten\",\"image\":{\"@type\":\"ImageObject\",\"inLanguage\":\"de\",\"@id\":\"https:\\\/\\\/www.tui.com\\\/blog\\\/wp-content\\\/uploads\\\/2016\\\/10\\\/TUIMitarbeiter-178x176.jpg\",\"url\":\"https:\\\/\\\/www.tui.com\\\/blog\\\/wp-content\\\/uploads\\\/2016\\\/10\\\/TUIMitarbeiter-178x176.jpg\",\"contentUrl\":\"https:\\\/\\\/www.tui.com\\\/blog\\\/wp-content\\\/uploads\\\/2016\\\/10\\\/TUIMitarbeiter-178x176.jpg\",\"caption\":\"TUI Reiseexperten\"},\"description\":\"TEST\",\"url\":\"https:\\\/\\\/www.tui.com\\\/blog\\\/author\\\/tui-mitarbeiter\\\/\"}]}<\/script>\n<!-- \/ Yoast SEO plugin. -->","yoast_head_json":{"title":"Welcher Spanien-Reisetyp bist du? - TUI.com Reiseblog \u2600","description":"Mallorca, Ibiza, Fuerteventura, Menorca oder Lanzarote \u2013 entdecke, welches Reiseziel in Spanien zu dir passt. Dein Traumurlaub in Spanien wartet!","robots":{"index":"index","follow":"follow","max-snippet":"max-snippet:-1","max-image-preview":"max-image-preview:large","max-video-preview":"max-video-preview:-1"},"canonical":"https:\/\/www.tui.com\/blog\/welcher-spanien-reisetyp-bist-du\/","og_locale":"de_DE","og_type":"article","og_title":"Welcher Spanien-Reisetyp bist du? - TUI.com Reiseblog \u2600","og_description":"Mallorca, Ibiza, Fuerteventura, Menorca oder Lanzarote \u2013 entdecke, welches Reiseziel in Spanien zu dir passt. Dein Traumurlaub in Spanien wartet!","og_url":"https:\/\/www.tui.com\/blog\/welcher-spanien-reisetyp-bist-du\/","og_site_name":"TUI.com Reiseblog \u2600","article_published_time":"2019-05-28T05:39:44+00:00","article_modified_time":"2024-05-13T19:34:52+00:00","og_image":[{"width":845,"height":321,"url":"https:\/\/www.tui.com\/blog\/wp-content\/uploads\/2023\/04\/Ibiza_Freunde_Meer_Sommerurlaub.png","type":"image\/png"}],"author":"TUI Reiseexperten","twitter_card":"summary_large_image","twitter_misc":{"Verfasst von":"TUI Reiseexperten","Gesch\u00e4tzte Lesezeit":"8\u00a0Minuten"},"schema":{"@context":"https:\/\/schema.org","@graph":[{"@type":"BlogPosting","@id":"https:\/\/www.tui.com\/blog\/welcher-spanien-reisetyp-bist-du\/#article","isPartOf":{"@id":"https:\/\/www.tui.com\/blog\/welcher-spanien-reisetyp-bist-du\/"},"author":{"name":"TUI Reiseexperten","@id":"https:\/\/www.tui.com\/blog\/#\/schema\/person\/e0405bcbd5102f3edd229113f1c50a06"},"headline":"Welcher Spanien-Reisetyp bist du?","datePublished":"2019-05-28T05:39:44+00:00","dateModified":"2024-05-13T19:34:52+00:00","mainEntityOfPage":{"@id":"https:\/\/www.tui.com\/blog\/welcher-spanien-reisetyp-bist-du\/"},"wordCount":1513,"commentCount":0,"publisher":{"@id":"https:\/\/www.tui.com\/blog\/#organization"},"image":{"@id":"https:\/\/www.tui.com\/blog\/welcher-spanien-reisetyp-bist-du\/#primaryimage"},"thumbnailUrl":"https:\/\/www.tui.com\/blog\/wp-content\/uploads\/2023\/04\/Ibiza_Freunde_Meer_Sommerurlaub.png","keywords":["Andalusien","Fuerteventura","Mallorca","Menorca","Sommerurlaub","Spanien","St&#228;dtereise","Surfen","Wandern"],"articleSection":["Reiseziele","Spanien"],"inLanguage":"de","potentialAction":[{"@type":"CommentAction","name":"Comment","target":["https:\/\/www.tui.com\/blog\/welcher-spanien-reisetyp-bist-du\/#respond"]}]},{"@type":"WebPage","@id":"https:\/\/www.tui.com\/blog\/welcher-spanien-reisetyp-bist-du\/","url":"https:\/\/www.tui.com\/blog\/welcher-spanien-reisetyp-bist-du\/","name":"Welcher Spanien-Reisetyp bist du? - TUI.com Reiseblog \u2600","isPartOf":{"@id":"https:\/\/www.tui.com\/blog\/#website"},"primaryImageOfPage":{"@id":"https:\/\/www.tui.com\/blog\/welcher-spanien-reisetyp-bist-du\/#primaryimage"},"image":{"@id":"https:\/\/www.tui.com\/blog\/welcher-spanien-reisetyp-bist-du\/#primaryimage"},"thumbnailUrl":"https:\/\/www.tui.com\/blog\/wp-content\/uploads\/2023\/04\/Ibiza_Freunde_Meer_Sommerurlaub.png","datePublished":"2019-05-28T05:39:44+00:00","dateModified":"2024-05-13T19:34:52+00:00","description":"Mallorca, Ibiza, Fuerteventura, Menorca oder Lanzarote \u2013 entdecke, welches Reiseziel in Spanien zu dir passt. Dein Traumurlaub in Spanien wartet!","breadcrumb":{"@id":"https:\/\/www.tui.com\/blog\/welcher-spanien-reisetyp-bist-du\/#breadcrumb"},"inLanguage":"de","potentialAction":[{"@type":"ReadAction","target":["https:\/\/www.tui.com\/blog\/welcher-spanien-reisetyp-bist-du\/"]}]},{"@type":"ImageObject","inLanguage":"de","@id":"https:\/\/www.tui.com\/blog\/welcher-spanien-reisetyp-bist-du\/#primaryimage","url":"https:\/\/www.tui.com\/blog\/wp-content\/uploads\/2023\/04\/Ibiza_Freunde_Meer_Sommerurlaub.png","contentUrl":"https:\/\/www.tui.com\/blog\/wp-content\/uploads\/2023\/04\/Ibiza_Freunde_Meer_Sommerurlaub.png","width":845,"height":321,"caption":"Auch in diesem Jahr ist Spanien wieder das Top 2 Ziel der Deutschen f&#252;r ihren Sommerurlaub"},{"@type":"BreadcrumbList","@id":"https:\/\/www.tui.com\/blog\/welcher-spanien-reisetyp-bist-du\/#breadcrumb","itemListElement":[{"@type":"ListItem","position":1,"name":"Startseite","item":"https:\/\/www.tui.com\/blog\/"},{"@type":"ListItem","position":2,"name":"Welcher Spanien-Reisetyp bist du?"}]},{"@type":"WebSite","@id":"https:\/\/www.tui.com\/blog\/#website","url":"https:\/\/www.tui.com\/blog\/","name":"TUI.com Reiseblog \u2600","description":"Abenteuer oder lieber an den Strand? \u2600 Der TUI Reiseblog bietet tolle Infos rund um deine n\u00e4chste Reise \u2708 Komm vorbei und lass dich inspirieren \u221a","publisher":{"@id":"https:\/\/www.tui.com\/blog\/#organization"},"potentialAction":[{"@type":"SearchAction","target":{"@type":"EntryPoint","urlTemplate":"https:\/\/www.tui.com\/blog\/?s={search_term_string}"},"query-input":{"@type":"PropertyValueSpecification","valueRequired":true,"valueName":"search_term_string"}}],"inLanguage":"de"},{"@type":"Organization","@id":"https:\/\/www.tui.com\/blog\/#organization","name":"TUI.com Reiseblog \u2600","url":"https:\/\/www.tui.com\/blog\/","logo":{"@type":"ImageObject","inLanguage":"de","@id":"https:\/\/www.tui.com\/blog\/#\/schema\/logo\/image\/","url":"https:\/\/www.tui.com\/blog\/wp-content\/uploads\/2023\/04\/cropped-tui-logo-3.png","contentUrl":"https:\/\/www.tui.com\/blog\/wp-content\/uploads\/2023\/04\/cropped-tui-logo-3.png","width":164,"height":72,"caption":"TUI.com Reiseblog \u2600"},"image":{"@id":"https:\/\/www.tui.com\/blog\/#\/schema\/logo\/image\/"}},{"@type":"Person","@id":"https:\/\/www.tui.com\/blog\/#\/schema\/person\/e0405bcbd5102f3edd229113f1c50a06","name":"TUI Reiseexperten","image":{"@type":"ImageObject","inLanguage":"de","@id":"https:\/\/www.tui.com\/blog\/wp-content\/uploads\/2016\/10\/TUIMitarbeiter-178x176.jpg","url":"https:\/\/www.tui.com\/blog\/wp-content\/uploads\/2016\/10\/TUIMitarbeiter-178x176.jpg","contentUrl":"https:\/\/www.tui.com\/blog\/wp-content\/uploads\/2016\/10\/TUIMitarbeiter-178x176.jpg","caption":"TUI Reiseexperten"},"description":"TEST","url":"https:\/\/www.tui.com\/blog\/author\/tui-mitarbeiter\/"}]}},"_links":{"self":[{"href":"https:\/\/www.tui.com\/blog\/wp-json\/wp\/v2\/posts\/125680","targetHints":{"allow":["GET"]}}],"collection":[{"href":"https:\/\/www.tui.com\/blog\/wp-json\/wp\/v2\/posts"}],"about":[{"href":"https:\/\/www.tui.com\/blog\/wp-json\/wp\/v2\/types\/post"}],"author":[{"embeddable":true,"href":"https:\/\/www.tui.com\/blog\/wp-json\/wp\/v2\/users\/86"}],"replies":[{"embeddable":true,"href":"https:\/\/www.tui.com\/blog\/wp-json\/wp\/v2\/comments?post=125680"}],"version-history":[{"count":1,"href":"https:\/\/www.tui.com\/blog\/wp-json\/wp\/v2\/posts\/125680\/revisions"}],"predecessor-version":[{"id":125696,"href":"https:\/\/www.tui.com\/blog\/wp-json\/wp\/v2\/posts\/125680\/revisions\/125696"}],"wp:featuredmedia":[{"embeddable":true,"href":"https:\/\/www.tui.com\/blog\/wp-json\/wp\/v2\/media\/125698"}],"wp:attachment":[{"href":"https:\/\/www.tui.com\/blog\/wp-json\/wp\/v2\/media?parent=125680"}],"wp:term":[{"taxonomy":"category","embeddable":true,"href":"https:\/\/www.tui.com\/blog\/wp-json\/wp\/v2\/categories?post=125680"},{"taxonomy":"post_tag","embeddable":true,"href":"https:\/\/www.tui.com\/blog\/wp-json\/wp\/v2\/tags?post=125680"}],"curies":[{"name":"wp","href":"https:\/\/api.w.org\/{rel}","templated":true}]}}