{"id":125884,"date":"2013-10-17T13:54:42","date_gmt":"2013-10-17T11:54:42","guid":{"rendered":"https:\/\/blog.tui.info\/wenn-mir-schlecht-wird-druecke-ich-ein-kissen\/"},"modified":"2025-05-14T12:29:26","modified_gmt":"2025-05-14T10:29:26","slug":"wenn-mir-schlecht-wird-druecke-ich-ein-kissen","status":"publish","type":"post","link":"https:\/\/www.tui.com\/blog\/wenn-mir-schlecht-wird-druecke-ich-ein-kissen\/","title":{"rendered":"&#8222;Wenn mir schlecht wird, dr\u00fccke ich ein Kissen&#8220;"},"content":{"rendered":"\n<p class=\"firstTextGrey\">Modedesigner und \u201eShopping Queen\u201c-Star Guido Maria Kretschmer hat ein ganz besonderes Verh\u00e4ltnis zu TUI und zum Fliegen. Der 48-j\u00e4hrige Berliner entwirft die Uniformen f\u00fcr TUIfly &#8211; und beichtet unserer Gastbloggerin Sonya Netzle hier eine kleine Notl\u00fcge beim allerersten Flug seines Lebens.<\/p>\n\n\n\n<figure class=\"wp-block-image alignnone size-full wp-image-4096\"><img decoding=\"async\" width=\"639\" height=\"511\" src=\"https:\/\/www.tui.com\/blog\/wp-content\/uploads\/2023\/04\/TUIfly-uniformen-639.jpg\" alt=\"Aktuelle TUIfly Uniformen designed on Guido Maria Kretschmer\" class=\"wp-image-4096\"\/><figcaption class=\"wp-element-caption\">Mit Rollkragen und gelben Paspeln: Designer Guido Maria Kretschmer (entwirft f\u00fcr Charlize Theron und Alexandra Maria Lara) lie\u00df sich bei den aktuellen TUIfly-Uniformen von der mehr als 30-j\u00e4hrigen Tradition des Reiseunternehmens inspirieren. Heraus kam ein bequemer Retro-Look in Stretch und Gelb und Blau &#8211; f\u00fcr den h\u00f6chsten Laufsteg der Welt (Foto: TUIfly)<\/figcaption><\/figure>\n\n\n<div class=\"wp-block-image wp-image-4187\">\n<figure class=\"alignleft\"><img decoding=\"async\" width=\"341\" height=\"511\" src=\"https:\/\/www.tui.com\/blog\/wp-content\/uploads\/2023\/04\/Guido-Maria-Kretschmer-Pressefoto-Foto-MEINWELT-Photography-300dpi-18cm.jpg.jpeg\" alt=\"GUIDO MARIA KRETSCHMER - Foto by MEINWELT Photography\" class=\"wp-image-4187\"\/><figcaption class=\"wp-element-caption\">GUIDO MARIA KRETSCHMER &#8211; Foto by MEINWELT Photography<\/figcaption><\/figure>\n<\/div>\n\n\n<p><b>Guido, kannst Du Dich an Deinen ersten Flug erinnern?<\/b><br>Ja, weil ich eine Sehst\u00f6rung vorget\u00e4uscht habe! Ich bin mit 14 Jahren alleine nach Mallorca geflogen und war total nerv\u00f6s. Mir war peinlich, dass ich mich im Flieger nicht auskannte. Ich sagte deshalb einer Stewardess, dass ich sehr schlecht sehe und schon brachte mich die freundliche Dame zu meinem Sitzplatz.<\/p>\n\n\n\n<p><b>Man h\u00f6rt, Du seist ein wenig \u00e4ngstlich \u00fcber den Wolken, hast Du einen Tipp gegen Flugangst?<\/b><br>Ein Sitzplatz am Fenster ist f\u00fcr \u00e4ngstliche Vielflieger ein Muss. Ich habe immer ein kleines Federkissen dabei, das ich fest dr\u00fccke, wenn\u2019s mir bei Turbulenzen mulmig wird.<\/p>\n\n\n\n<p><b>Du entwirfst seit Jahren die Uniformen f\u00fcr das TUIfly-Personal \u2013 auch die aktuellen dunkelblauen Stretchkleider f\u00fcr die Flugbegleiterinnen waren deine Idee. Was war Dir dabei besonders wichtig?<\/b><br>Ich wollte einen Look kreieren, der etwas zur\u00fcckgezogen, stiller, aber auch elegant ist. Und die Uniform sollte sofort als Uniform erkennbar sein. Bei den bunten Modetrends vermittelt ein reduzierter Look beim Kabinenpersonal n\u00e4mlich ein Gef\u00fchl von Sicherheit \u2013 sogar bei mir!<\/p>\n\n\n\n<p>&nbsp;<\/p>\n\n\n\n<figure class=\"wp-block-image alignnone wp-image-4097\"><img decoding=\"async\" width=\"639\" height=\"907\" src=\"https:\/\/www.tui.com\/blog\/wp-content\/uploads\/2023\/04\/buchcover-kretschmer-639.jpg\" alt=\"Stilratgeber von Guido Maria Kretschmer\" class=\"wp-image-4097\"\/><figcaption class=\"wp-element-caption\">Ganz neu im Laden und auf Amazon.de: Der ultimative Stilratgeber von Modedesigner Guido Maria Kretschmer, mit Einblicken in die Designer-Szene und Figur-Tipps. \u201eAnziehungskraft: Stil kennt keine Gr\u00f6\u00dfe\u201c, edelbooks-Verlag (Foto: Kretschmer)<\/figcaption><\/figure>\n\n\n\n<p>&nbsp;<\/p>\n\n\n\n<p><strong>TUI-Flugtipp:<\/strong><br>\u00c4hnlich wie auf den Kanaren scheint auf den Kapverden auch im Winter die Sonne \u2013 warme Temperaturen garantiert. Die Inseln, mitten im Atlantik vor Afrika gelegen, werden von TUIfly das ganze Jahr \u00fcber angeflogen. Abflugh\u00e4fen im Winter sind K\u00f6ln\/Bonn, Hannover, Frankfurt am Main, Hamburg, M\u00fcnchen, Stuttgart und N\u00fcrnberg.<\/p>\n","protected":false},"excerpt":{"rendered":"<p>Modedesigner und \u201eShopping Queen\u201c-Star Guido Maria Kretschmer hat ein ganz besonderes Verh\u00e4ltnis zu TUI und zum Fliegen. Der 48-j\u00e4hrige Berliner entwirft die Uniformen f\u00fcr TUIfly &#8211; und beichtet unserer Gastbloggerin Sonya Netzle hier eine kleine Notl\u00fcge beim allerersten Flug seines Lebens<\/p>\n","protected":false},"author":96,"featured_media":125894,"comment_status":"open","ping_status":"open","sticky":false,"template":"","format":"standard","meta":{"_acf_changed":false,"footnotes":""},"categories":[4072],"tags":[2606,156],"class_list":["post-125884","post","type-post","status-publish","format-standard","has-post-thumbnail","hentry","category-archiv-reiseplanung","tag-flugtipps","tag-tui-fly"],"acf":[],"yoast_head":"<!-- This site is optimized with the Yoast SEO plugin v27.4 - https:\/\/yoast.com\/product\/yoast-seo-wordpress\/ -->\n<title>&quot;Wenn mir schlecht wird, dr\u00fccke ich ein Kissen&quot; - TUI.com Reiseblog \u2600<\/title>\n<meta name=\"description\" content=\"Modedesigner Guido Maria Kretschmer im Interview mit Gastbloggerin Sonya Netzle.\" \/>\n<meta name=\"robots\" content=\"index, follow, max-snippet:-1, max-image-preview:large, max-video-preview:-1\" \/>\n<link rel=\"canonical\" href=\"https:\/\/www.tui.com\/blog\/wenn-mir-schlecht-wird-druecke-ich-ein-kissen\/\" \/>\n<meta property=\"og:locale\" content=\"de_DE\" \/>\n<meta property=\"og:type\" content=\"article\" \/>\n<meta property=\"og:title\" content=\"&quot;Wenn mir schlecht wird, dr\u00fccke ich ein Kissen&quot; - TUI.com Reiseblog \u2600\" \/>\n<meta property=\"og:description\" content=\"Modedesigner Guido Maria Kretschmer im Interview mit Gastbloggerin Sonya Netzle.\" \/>\n<meta property=\"og:url\" content=\"https:\/\/www.tui.com\/blog\/wenn-mir-schlecht-wird-druecke-ich-ein-kissen\/\" \/>\n<meta property=\"og:site_name\" content=\"TUI.com Reiseblog \u2600\" \/>\n<meta property=\"article:published_time\" content=\"2013-10-17T11:54:42+00:00\" \/>\n<meta property=\"article:modified_time\" content=\"2025-05-14T10:29:26+00:00\" \/>\n<meta property=\"og:image\" content=\"https:\/\/www.tui.com\/blog\/wp-content\/uploads\/2023\/04\/TUIflyUniformen-930.jpg\" \/>\n\t<meta property=\"og:image:width\" content=\"930\" \/>\n\t<meta property=\"og:image:height\" content=\"390\" \/>\n\t<meta property=\"og:image:type\" content=\"image\/jpeg\" \/>\n<meta name=\"author\" content=\"Gastblogger\" \/>\n<meta name=\"twitter:card\" content=\"summary_large_image\" \/>\n<meta name=\"twitter:label1\" content=\"Verfasst von\" \/>\n\t<meta name=\"twitter:data1\" content=\"Gastblogger\" \/>\n\t<meta name=\"twitter:label2\" content=\"Gesch\u00e4tzte Lesezeit\" \/>\n\t<meta name=\"twitter:data2\" content=\"2\u00a0Minuten\" \/>\n<script type=\"application\/ld+json\" class=\"yoast-schema-graph\">{\"@context\":\"https:\\\/\\\/schema.org\",\"@graph\":[{\"@type\":\"BlogPosting\",\"@id\":\"https:\\\/\\\/www.tui.com\\\/blog\\\/wenn-mir-schlecht-wird-druecke-ich-ein-kissen\\\/#article\",\"isPartOf\":{\"@id\":\"https:\\\/\\\/www.tui.com\\\/blog\\\/wenn-mir-schlecht-wird-druecke-ich-ein-kissen\\\/\"},\"author\":{\"name\":\"Gastblogger\",\"@id\":\"https:\\\/\\\/www.tui.com\\\/blog\\\/#\\\/schema\\\/person\\\/11849d667c5a6a039c86ede427ed594c\"},\"headline\":\"&#8222;Wenn mir schlecht wird, dr\u00fccke ich ein Kissen&#8220;\",\"datePublished\":\"2013-10-17T11:54:42+00:00\",\"dateModified\":\"2025-05-14T10:29:26+00:00\",\"mainEntityOfPage\":{\"@id\":\"https:\\\/\\\/www.tui.com\\\/blog\\\/wenn-mir-schlecht-wird-druecke-ich-ein-kissen\\\/\"},\"wordCount\":385,\"commentCount\":2,\"publisher\":{\"@id\":\"https:\\\/\\\/www.tui.com\\\/blog\\\/#organization\"},\"image\":{\"@id\":\"https:\\\/\\\/www.tui.com\\\/blog\\\/wenn-mir-schlecht-wird-druecke-ich-ein-kissen\\\/#primaryimage\"},\"thumbnailUrl\":\"https:\\\/\\\/www.tui.com\\\/blog\\\/wp-content\\\/uploads\\\/2023\\\/04\\\/TUIflyUniformen-930.jpg\",\"keywords\":[\"Flugtipps\",\"TUI fly\"],\"articleSection\":[\"Reiseplanung\"],\"inLanguage\":\"de\",\"potentialAction\":[{\"@type\":\"CommentAction\",\"name\":\"Comment\",\"target\":[\"https:\\\/\\\/www.tui.com\\\/blog\\\/wenn-mir-schlecht-wird-druecke-ich-ein-kissen\\\/#respond\"]}]},{\"@type\":\"WebPage\",\"@id\":\"https:\\\/\\\/www.tui.com\\\/blog\\\/wenn-mir-schlecht-wird-druecke-ich-ein-kissen\\\/\",\"url\":\"https:\\\/\\\/www.tui.com\\\/blog\\\/wenn-mir-schlecht-wird-druecke-ich-ein-kissen\\\/\",\"name\":\"\\\"Wenn mir schlecht wird, dr\u00fccke ich ein Kissen\\\" - TUI.com Reiseblog \u2600\",\"isPartOf\":{\"@id\":\"https:\\\/\\\/www.tui.com\\\/blog\\\/#website\"},\"primaryImageOfPage\":{\"@id\":\"https:\\\/\\\/www.tui.com\\\/blog\\\/wenn-mir-schlecht-wird-druecke-ich-ein-kissen\\\/#primaryimage\"},\"image\":{\"@id\":\"https:\\\/\\\/www.tui.com\\\/blog\\\/wenn-mir-schlecht-wird-druecke-ich-ein-kissen\\\/#primaryimage\"},\"thumbnailUrl\":\"https:\\\/\\\/www.tui.com\\\/blog\\\/wp-content\\\/uploads\\\/2023\\\/04\\\/TUIflyUniformen-930.jpg\",\"datePublished\":\"2013-10-17T11:54:42+00:00\",\"dateModified\":\"2025-05-14T10:29:26+00:00\",\"description\":\"Modedesigner Guido Maria Kretschmer im Interview mit Gastbloggerin Sonya Netzle.\",\"breadcrumb\":{\"@id\":\"https:\\\/\\\/www.tui.com\\\/blog\\\/wenn-mir-schlecht-wird-druecke-ich-ein-kissen\\\/#breadcrumb\"},\"inLanguage\":\"de\",\"potentialAction\":[{\"@type\":\"ReadAction\",\"target\":[\"https:\\\/\\\/www.tui.com\\\/blog\\\/wenn-mir-schlecht-wird-druecke-ich-ein-kissen\\\/\"]}]},{\"@type\":\"ImageObject\",\"inLanguage\":\"de\",\"@id\":\"https:\\\/\\\/www.tui.com\\\/blog\\\/wenn-mir-schlecht-wird-druecke-ich-ein-kissen\\\/#primaryimage\",\"url\":\"https:\\\/\\\/www.tui.com\\\/blog\\\/wp-content\\\/uploads\\\/2023\\\/04\\\/TUIflyUniformen-930.jpg\",\"contentUrl\":\"https:\\\/\\\/www.tui.com\\\/blog\\\/wp-content\\\/uploads\\\/2023\\\/04\\\/TUIflyUniformen-930.jpg\",\"width\":930,\"height\":390},{\"@type\":\"BreadcrumbList\",\"@id\":\"https:\\\/\\\/www.tui.com\\\/blog\\\/wenn-mir-schlecht-wird-druecke-ich-ein-kissen\\\/#breadcrumb\",\"itemListElement\":[{\"@type\":\"ListItem\",\"position\":1,\"name\":\"Startseite\",\"item\":\"https:\\\/\\\/www.tui.com\\\/blog\\\/\"},{\"@type\":\"ListItem\",\"position\":2,\"name\":\"&#8222;Wenn mir schlecht wird, dr\u00fccke ich ein Kissen&#8220;\"}]},{\"@type\":\"WebSite\",\"@id\":\"https:\\\/\\\/www.tui.com\\\/blog\\\/#website\",\"url\":\"https:\\\/\\\/www.tui.com\\\/blog\\\/\",\"name\":\"TUI.com Reiseblog \u2600\",\"description\":\"Abenteuer oder lieber an den Strand? \u2600 Der TUI Reiseblog bietet tolle Infos rund um deine n\u00e4chste Reise \u2708 Komm vorbei und lass dich inspirieren \u221a\",\"publisher\":{\"@id\":\"https:\\\/\\\/www.tui.com\\\/blog\\\/#organization\"},\"potentialAction\":[{\"@type\":\"SearchAction\",\"target\":{\"@type\":\"EntryPoint\",\"urlTemplate\":\"https:\\\/\\\/www.tui.com\\\/blog\\\/?s={search_term_string}\"},\"query-input\":{\"@type\":\"PropertyValueSpecification\",\"valueRequired\":true,\"valueName\":\"search_term_string\"}}],\"inLanguage\":\"de\"},{\"@type\":\"Organization\",\"@id\":\"https:\\\/\\\/www.tui.com\\\/blog\\\/#organization\",\"name\":\"TUI.com Reiseblog \u2600\",\"url\":\"https:\\\/\\\/www.tui.com\\\/blog\\\/\",\"logo\":{\"@type\":\"ImageObject\",\"inLanguage\":\"de\",\"@id\":\"https:\\\/\\\/www.tui.com\\\/blog\\\/#\\\/schema\\\/logo\\\/image\\\/\",\"url\":\"https:\\\/\\\/www.tui.com\\\/blog\\\/wp-content\\\/uploads\\\/2023\\\/04\\\/cropped-tui-logo-3.png\",\"contentUrl\":\"https:\\\/\\\/www.tui.com\\\/blog\\\/wp-content\\\/uploads\\\/2023\\\/04\\\/cropped-tui-logo-3.png\",\"width\":164,\"height\":72,\"caption\":\"TUI.com Reiseblog \u2600\"},\"image\":{\"@id\":\"https:\\\/\\\/www.tui.com\\\/blog\\\/#\\\/schema\\\/logo\\\/image\\\/\"}},{\"@type\":\"Person\",\"@id\":\"https:\\\/\\\/www.tui.com\\\/blog\\\/#\\\/schema\\\/person\\\/11849d667c5a6a039c86ede427ed594c\",\"name\":\"Gastblogger\",\"image\":{\"@type\":\"ImageObject\",\"inLanguage\":\"de\",\"@id\":\"https:\\\/\\\/www.tui.com\\\/blog\\\/wp-content\\\/uploads\\\/2016\\\/10\\\/Gastblogger-200x180.jpg\",\"url\":\"https:\\\/\\\/www.tui.com\\\/blog\\\/wp-content\\\/uploads\\\/2016\\\/10\\\/Gastblogger-200x180.jpg\",\"contentUrl\":\"https:\\\/\\\/www.tui.com\\\/blog\\\/wp-content\\\/uploads\\\/2016\\\/10\\\/Gastblogger-200x180.jpg\",\"caption\":\"Gastblogger\"},\"url\":\"https:\\\/\\\/www.tui.com\\\/blog\\\/author\\\/gastblogger\\\/\"}]}<\/script>\n<!-- \/ Yoast SEO plugin. -->","yoast_head_json":{"title":"\"Wenn mir schlecht wird, dr\u00fccke ich ein Kissen\" - TUI.com Reiseblog \u2600","description":"Modedesigner Guido Maria Kretschmer im Interview mit Gastbloggerin Sonya Netzle.","robots":{"index":"index","follow":"follow","max-snippet":"max-snippet:-1","max-image-preview":"max-image-preview:large","max-video-preview":"max-video-preview:-1"},"canonical":"https:\/\/www.tui.com\/blog\/wenn-mir-schlecht-wird-druecke-ich-ein-kissen\/","og_locale":"de_DE","og_type":"article","og_title":"\"Wenn mir schlecht wird, dr\u00fccke ich ein Kissen\" - TUI.com Reiseblog \u2600","og_description":"Modedesigner Guido Maria Kretschmer im Interview mit Gastbloggerin Sonya Netzle.","og_url":"https:\/\/www.tui.com\/blog\/wenn-mir-schlecht-wird-druecke-ich-ein-kissen\/","og_site_name":"TUI.com Reiseblog \u2600","article_published_time":"2013-10-17T11:54:42+00:00","article_modified_time":"2025-05-14T10:29:26+00:00","og_image":[{"width":930,"height":390,"url":"https:\/\/www.tui.com\/blog\/wp-content\/uploads\/2023\/04\/TUIflyUniformen-930.jpg","type":"image\/jpeg"}],"author":"Gastblogger","twitter_card":"summary_large_image","twitter_misc":{"Verfasst von":"Gastblogger","Gesch\u00e4tzte Lesezeit":"2\u00a0Minuten"},"schema":{"@context":"https:\/\/schema.org","@graph":[{"@type":"BlogPosting","@id":"https:\/\/www.tui.com\/blog\/wenn-mir-schlecht-wird-druecke-ich-ein-kissen\/#article","isPartOf":{"@id":"https:\/\/www.tui.com\/blog\/wenn-mir-schlecht-wird-druecke-ich-ein-kissen\/"},"author":{"name":"Gastblogger","@id":"https:\/\/www.tui.com\/blog\/#\/schema\/person\/11849d667c5a6a039c86ede427ed594c"},"headline":"&#8222;Wenn mir schlecht wird, dr\u00fccke ich ein Kissen&#8220;","datePublished":"2013-10-17T11:54:42+00:00","dateModified":"2025-05-14T10:29:26+00:00","mainEntityOfPage":{"@id":"https:\/\/www.tui.com\/blog\/wenn-mir-schlecht-wird-druecke-ich-ein-kissen\/"},"wordCount":385,"commentCount":2,"publisher":{"@id":"https:\/\/www.tui.com\/blog\/#organization"},"image":{"@id":"https:\/\/www.tui.com\/blog\/wenn-mir-schlecht-wird-druecke-ich-ein-kissen\/#primaryimage"},"thumbnailUrl":"https:\/\/www.tui.com\/blog\/wp-content\/uploads\/2023\/04\/TUIflyUniformen-930.jpg","keywords":["Flugtipps","TUI fly"],"articleSection":["Reiseplanung"],"inLanguage":"de","potentialAction":[{"@type":"CommentAction","name":"Comment","target":["https:\/\/www.tui.com\/blog\/wenn-mir-schlecht-wird-druecke-ich-ein-kissen\/#respond"]}]},{"@type":"WebPage","@id":"https:\/\/www.tui.com\/blog\/wenn-mir-schlecht-wird-druecke-ich-ein-kissen\/","url":"https:\/\/www.tui.com\/blog\/wenn-mir-schlecht-wird-druecke-ich-ein-kissen\/","name":"\"Wenn mir schlecht wird, dr\u00fccke ich ein Kissen\" - TUI.com Reiseblog \u2600","isPartOf":{"@id":"https:\/\/www.tui.com\/blog\/#website"},"primaryImageOfPage":{"@id":"https:\/\/www.tui.com\/blog\/wenn-mir-schlecht-wird-druecke-ich-ein-kissen\/#primaryimage"},"image":{"@id":"https:\/\/www.tui.com\/blog\/wenn-mir-schlecht-wird-druecke-ich-ein-kissen\/#primaryimage"},"thumbnailUrl":"https:\/\/www.tui.com\/blog\/wp-content\/uploads\/2023\/04\/TUIflyUniformen-930.jpg","datePublished":"2013-10-17T11:54:42+00:00","dateModified":"2025-05-14T10:29:26+00:00","description":"Modedesigner Guido Maria Kretschmer im Interview mit Gastbloggerin Sonya Netzle.","breadcrumb":{"@id":"https:\/\/www.tui.com\/blog\/wenn-mir-schlecht-wird-druecke-ich-ein-kissen\/#breadcrumb"},"inLanguage":"de","potentialAction":[{"@type":"ReadAction","target":["https:\/\/www.tui.com\/blog\/wenn-mir-schlecht-wird-druecke-ich-ein-kissen\/"]}]},{"@type":"ImageObject","inLanguage":"de","@id":"https:\/\/www.tui.com\/blog\/wenn-mir-schlecht-wird-druecke-ich-ein-kissen\/#primaryimage","url":"https:\/\/www.tui.com\/blog\/wp-content\/uploads\/2023\/04\/TUIflyUniformen-930.jpg","contentUrl":"https:\/\/www.tui.com\/blog\/wp-content\/uploads\/2023\/04\/TUIflyUniformen-930.jpg","width":930,"height":390},{"@type":"BreadcrumbList","@id":"https:\/\/www.tui.com\/blog\/wenn-mir-schlecht-wird-druecke-ich-ein-kissen\/#breadcrumb","itemListElement":[{"@type":"ListItem","position":1,"name":"Startseite","item":"https:\/\/www.tui.com\/blog\/"},{"@type":"ListItem","position":2,"name":"&#8222;Wenn mir schlecht wird, dr\u00fccke ich ein Kissen&#8220;"}]},{"@type":"WebSite","@id":"https:\/\/www.tui.com\/blog\/#website","url":"https:\/\/www.tui.com\/blog\/","name":"TUI.com Reiseblog \u2600","description":"Abenteuer oder lieber an den Strand? \u2600 Der TUI Reiseblog bietet tolle Infos rund um deine n\u00e4chste Reise \u2708 Komm vorbei und lass dich inspirieren \u221a","publisher":{"@id":"https:\/\/www.tui.com\/blog\/#organization"},"potentialAction":[{"@type":"SearchAction","target":{"@type":"EntryPoint","urlTemplate":"https:\/\/www.tui.com\/blog\/?s={search_term_string}"},"query-input":{"@type":"PropertyValueSpecification","valueRequired":true,"valueName":"search_term_string"}}],"inLanguage":"de"},{"@type":"Organization","@id":"https:\/\/www.tui.com\/blog\/#organization","name":"TUI.com Reiseblog \u2600","url":"https:\/\/www.tui.com\/blog\/","logo":{"@type":"ImageObject","inLanguage":"de","@id":"https:\/\/www.tui.com\/blog\/#\/schema\/logo\/image\/","url":"https:\/\/www.tui.com\/blog\/wp-content\/uploads\/2023\/04\/cropped-tui-logo-3.png","contentUrl":"https:\/\/www.tui.com\/blog\/wp-content\/uploads\/2023\/04\/cropped-tui-logo-3.png","width":164,"height":72,"caption":"TUI.com Reiseblog \u2600"},"image":{"@id":"https:\/\/www.tui.com\/blog\/#\/schema\/logo\/image\/"}},{"@type":"Person","@id":"https:\/\/www.tui.com\/blog\/#\/schema\/person\/11849d667c5a6a039c86ede427ed594c","name":"Gastblogger","image":{"@type":"ImageObject","inLanguage":"de","@id":"https:\/\/www.tui.com\/blog\/wp-content\/uploads\/2016\/10\/Gastblogger-200x180.jpg","url":"https:\/\/www.tui.com\/blog\/wp-content\/uploads\/2016\/10\/Gastblogger-200x180.jpg","contentUrl":"https:\/\/www.tui.com\/blog\/wp-content\/uploads\/2016\/10\/Gastblogger-200x180.jpg","caption":"Gastblogger"},"url":"https:\/\/www.tui.com\/blog\/author\/gastblogger\/"}]}},"_links":{"self":[{"href":"https:\/\/www.tui.com\/blog\/wp-json\/wp\/v2\/posts\/125884","targetHints":{"allow":["GET"]}}],"collection":[{"href":"https:\/\/www.tui.com\/blog\/wp-json\/wp\/v2\/posts"}],"about":[{"href":"https:\/\/www.tui.com\/blog\/wp-json\/wp\/v2\/types\/post"}],"author":[{"embeddable":true,"href":"https:\/\/www.tui.com\/blog\/wp-json\/wp\/v2\/users\/96"}],"replies":[{"embeddable":true,"href":"https:\/\/www.tui.com\/blog\/wp-json\/wp\/v2\/comments?post=125884"}],"version-history":[{"count":3,"href":"https:\/\/www.tui.com\/blog\/wp-json\/wp\/v2\/posts\/125884\/revisions"}],"predecessor-version":[{"id":464976,"href":"https:\/\/www.tui.com\/blog\/wp-json\/wp\/v2\/posts\/125884\/revisions\/464976"}],"wp:featuredmedia":[{"embeddable":true,"href":"https:\/\/www.tui.com\/blog\/wp-json\/wp\/v2\/media\/125894"}],"wp:attachment":[{"href":"https:\/\/www.tui.com\/blog\/wp-json\/wp\/v2\/media?parent=125884"}],"wp:term":[{"taxonomy":"category","embeddable":true,"href":"https:\/\/www.tui.com\/blog\/wp-json\/wp\/v2\/categories?post=125884"},{"taxonomy":"post_tag","embeddable":true,"href":"https:\/\/www.tui.com\/blog\/wp-json\/wp\/v2\/tags?post=125884"}],"curies":[{"name":"wp","href":"https:\/\/api.w.org\/{rel}","templated":true}]}}