{"id":126244,"date":"2025-04-18T12:00:00","date_gmt":"2025-04-18T10:00:00","guid":{"rendered":"https:\/\/blog.tui.info\/https-www-tui-com-blog-welche-baleareninsel-passt-zu-dir\/"},"modified":"2025-05-15T08:03:14","modified_gmt":"2025-05-15T06:03:14","slug":"welche-baleareninsel-passt-zu-dir","status":"publish","type":"post","link":"https:\/\/www.tui.com\/blog\/welche-baleareninsel-passt-zu-dir\/","title":{"rendered":"Welche Baleareninsel passt zu dir?"},"content":{"rendered":"<p class=\"firstTextGrey\"><strong>Inselcheck: Abfeiern am Ballermann oder Ziegen z\u00e4hlen auf Formentera.<\/strong> Kulturell, klimatisch und landschaftlich sind sich die Baleareninseln <a href=\"https:\/\/www.tui.com\/urlaub\/spanien\/mallorca\/\" target=\"_blank\" rel=\"noopener\">Mallorca,<\/a> <a href=\"https:\/\/www.tui.com\/urlaub\/spanien\/menorca\/\" target=\"_blank\" rel=\"noopener\">Menorca<\/a>, <a href=\"https:\/\/www.tui.com\/urlaub\/spanien\/ibiza\/\" target=\"_blank\" rel=\"noopener\">Ibiza<\/a> und <a href=\"https:\/\/www.tui.com\/urlaub\/spanien\/formentera\/\" target=\"_blank\" rel=\"noopener\">Formentera<\/a> ziemlich \u00e4hnlich. Und doch hat jede Insel ihren eigenen unverkennbaren Charakter und zieht eine ganz bestimmte Klientel von Urlaubern an. Welche Baleareninsel deinen Vorlieben am besten entspricht, erf\u00e4hrst du in unserem (garantiert klischeefreien) Inselcheck!<\/p>\n\n\n<p>Urlaub auf den <strong>Balearen<\/strong> ist abwechslungsreich \u2013 und jede der Inseln im Mittelmeer hat ihren ganz eigenen Charakter und ihre Highlights. Da f\u00e4llt die Wahl wirklich schwer! Wenn du dich jetzt fragst: Welche <strong>Baleareninsel<\/strong> passt zu mir? Dann komm mit zum Inselhopping!<\/p>\n\n\n<div class=\"table-of-contents\">\r\n    <div class=\"toc-head\">\r\n        <span class=\"toc-headline\">Inhalt<\/span>\r\n        <button class=\"toggle-toc\"\r\n            aria-expanded=\"false\"\r\n            aria-controls=\"toc-list\"\r\n            aria-label=\"Inhaltsverzeichnis ein- oder ausklappen\">\r\n            <svg xmlns=\"http:\/\/www.w3.org\/2000\/svg\" width=\"17.503\" height=\"10.303\" viewBox=\"0 0 17.503 10.303\">\r\n                <path id=\"Icon_ionic-ios-arrow-back\" data-name=\"Icon ionic-ios-arrow-back\" d=\"M14.356,14.943l6.819-6.618a1.22,1.22,0,0,0,0-1.766,1.321,1.321,0,0,0-1.824,0l-7.726,7.5a1.223,1.223,0,0,0-.038,1.725l7.758,7.55a1.323,1.323,0,0,0,1.824,0,1.22,1.22,0,0,0,0-1.766Z\" transform=\"translate(23.697 -11.251) rotate(90)\" fill=\"#1B115C\"><\/path>\r\n            <\/svg>\r\n        <\/button>\r\n    <\/div>\r\n    <ul id=\"toc-list\" class=\"toc-list\"><\/ul>\r\n<\/div>\n\n\n<h2 class=\"wp-block-heading\">Welche Baleareninsel Karte<\/h2>\n\n\n<p><iframe src=\"https:\/\/www.google.com\/maps\/d\/embed?mid=1FToeX8fu2g2B-0LKcARZQCr9VdHTBz0&#038;ehbc=2E312F\" width=\"640\" height=\"480\"><\/iframe><\/p>\n\n\n\n<h2 class=\"wp-block-heading\">Du willst im Urlaub feiern wie die Bayern, aber mit Sonne und Strand?<\/h2>\n\n\n    <div class=\"wp-caption tui-image-module\">\r\n    <img decoding=\"async\" src=\"https:\/\/www.tui.com\/blog\/wp-content\/uploads\/2025\/03\/welche-baleareninsel-mallorca-ballermann-adobestock-33558721-juergen-faelchle.jpg\" alt=\"Blick auf drei M\u00e4nner in bayrischer Tracht an der Strandpromenade am Ballermann, Strand, t\u00fcrkisfarbenes Meer, Mallorca, Balearen\" \/>\r\n            <p class=\"wp-caption-text\">Party non-stop am Ballermann auf Mallorca<span> | Adobe Stock | J\u00fcrgen F\u00e4lchle<\/span><\/p>\r\n        <\/div>\r\n    \n\n\n<p>Ganz klar: Du musst an den <strong>Balneario 6<\/strong> \u2013 besser bekannt als Ballermann! An diesem Abschnitt der <strong>Playa de Palma<\/strong> kannst du mit Gleichgesinnten feiern und zu den Partyhits mitsingen, die du schon vom Feuerwehrfest von zu Hause kennst. Vorteil: hier kennt dich keiner und es ist w\u00e4rmer als daheim.<\/p>\n\n\n\n<h2 class=\"wp-block-heading\">Du f\u00fchlst dich im Oberbayern oder in der Schinkenstra\u00dfe wie ein Alien?<\/h2>\n\n\n    <div class=\"wp-caption tui-image-module\">\r\n    <img decoding=\"async\" src=\"https:\/\/www.tui.com\/blog\/wp-content\/uploads\/2025\/03\/welche-baleareninsel-cala-figuera-mallorca-adobestock-146074406-pixelliebe.jpg\" alt=\"Blick auf den kleinen Hafen und H\u00e4user im Fischerdorf Cala Figuera, t\u00fcrkises Meer, Mallorca, Balearen\" \/>\r\n            <p class=\"wp-caption-text\">Postkartenidylle: Cala Figuera, Mallorcas sch\u00f6nstes Fischerdorf<span> | Adobe Stock | pixelliebe<\/span><\/p>\r\n        <\/div>\r\n    \n\n\n<p>Die gute Nachricht f\u00fcr dich: Au\u00dferhalb von Can Pastilla und El Arenal bietet <a href=\"https:\/\/www.tui.com\/hotels\/spanien\/mallorca\/\" target=\"_blank\" rel=\"noreferrer noopener\"><strong>Mallorca<\/strong><\/a> jede Menge <strong>bildsch\u00f6ne Buchten<\/strong> <strong>und Urlaubsorte<\/strong> ganz ohne Ballerm\u00e4nner. Am besten ist, du erkundest die Insel mit einem Mietwagen, damit du m\u00f6glichst viele der Facetten kennenlernst.<\/p>\n\n\n\n<h2 class=\"wp-block-heading\">Du willst mit deinen Kleinen gro\u00dfe Sandburgen bauen?<\/h2>\n\n\n    <div class=\"wp-caption tui-image-module\">\r\n    <img decoding=\"async\" src=\"https:\/\/www.tui.com\/blog\/wp-content\/uploads\/2025\/03\/welche-baleareninsel-cala-galdana-menorca-shutterstock-2531863369-benh1994.jpg\" alt=\"Blick auf die Bucht Cala Galdana, heller Sandstrand, gr\u00fcne Felsen, t\u00fcrkisfarbenes Meer, Menorca, Balearen\" \/>\r\n            <p class=\"wp-caption-text\">Die flach abfallende Cala Galdana auf Menorca bietet deinen Kids perfekte Badebedingungen<span> | Shutterstock | BenH1994<\/span><\/p>\r\n        <\/div>\r\n    \n\n\n<p>Wenn du dich fragst, welche <strong>Baleareninsel<\/strong> am besten f\u00fcr <strong>Familienurlaub<\/strong> geeignet ist, dann haben wir die ultimativen Tipps f\u00fcr dich! Die <strong>Cala Galdana<\/strong> auf <strong><a href=\"https:\/\/www.tui.com\/hotels\/spanien\/menorca\/\" target=\"_blank\" rel=\"noreferrer noopener\">Menorca<\/a> <\/strong>ist bei Familien sehr beliebt, da es in der Bucht kaum Wellen gibt und das Wasser sch\u00f6n warm ist. Au\u00dferdem sorgen gro\u00dfe Pinien f\u00fcr ausreichend Schatten! Nat\u00fcrlich findest du auch auf <strong>Mallorca<\/strong> viele tolle Str\u00e4nde f\u00fcr deine Minis.<\/p>\n\n\n\n<p><strong>Lesetipp<\/strong> \u25ba Nina gibt dir dazu in ihrem Blogartikel <a href=\"https:\/\/www.tui.com\/blog\/mallorca-mit-kindern-tipps-fuer-mehr-familienspass\/\" target=\"_blank\" rel=\"noreferrer noopener\">Mallorca mit Kindern: Tipps f\u00fcr mehr Familienspa\u00df<\/a> ganz viel Inspiration!<\/p>\n\n\n<div class=\"container !max-w-5xl\">\r\n    <div class=\"my-16 lg:my-32\">\r\n        <tui-hotel-offer-cards\r\n                class=\"tui-component \"\r\n                scope=\"hotelOfferCards6m-block_bb287a13ed68e86bc147ca4529b97dbe\"\r\n                show-information=\"false\"\r\n                data-stencil=\"true\"\r\n                data-version=\"v2\"\r\n                data-theme=\"tui-light\"\r\n                open-in-new-tab=\"true\"\r\n                tenant=\"TUICOM\"\r\n                locale=\"de-DE\"\r\n                search-scope=\"PACKAGE\"\r\n                data-legacy-font\r\n                show-price-advantage=\"true\"filter-group-ids=\"6883\"show-cards-carousel=\"true\"show-brand=\"true\"show-board-type=\"true\"show-banderole=\"true\"show-board-type=\"false\"show-room-type=\"true\"show-category=\"true\"show-heart=\"false\"show-image-carousel=\"false\"price-type=\"per_person\"show-recommendation=\"true\"static-url-parameters=\"contentid=blog_welchebaleareninsel_balearen_hotelcards_202503\"filter-results-total=\"10\"filter-min-price=\"1\"variant=\"medium\"search-duration=\"7\"search-departure-date=\"2026-05-03\"search-return-date=\"2026-08-01\"        ><\/tui-hotel-offer-cards>\r\n\r\n    <\/div>\r\n<\/div>\r\n\n\n\n<h2 class=\"wp-block-heading\">Du stehst ja so auf Disco?<\/h2>\n\n\n    <div class=\"wp-caption tui-image-module\">\r\n    <img decoding=\"async\" src=\"https:\/\/www.tui.com\/blog\/wp-content\/uploads\/2025\/03\/welche-baleareninsel-party-ibiza-adobestock-728886049-shobakhul.jpg\" alt=\"Blick auf ein DJ-Pult und tanzende Menschen am Strand bei Sonnenuntergang, Ibiza, Balearen\" \/>\r\n            <p class=\"wp-caption-text\">Ibiza: coole Sounds inklusive Strandfeeling!<span> | Adobe Stock | shobakhul<\/span><\/p>\r\n        <\/div>\r\n    \n\n\n<p>Dann bist du auf <a href=\"https:\/\/www.tui.com\/hotels\/spanien\/ibiza\/\" target=\"_blank\" rel=\"noreferrer noopener\"><strong>Ibiza<\/strong><\/a> genau richtig! In den Clubs, Discos und auch in vielen Hotels der <strong>Partyinsel <\/strong>wird meist zu elektronischen Kl\u00e4ngen bis zum Morgengrauen gefeiert und getanzt.<\/p>\n\n\n\r\n<figure class=\"quote-wrapper\">\r\n\r\n    <blockquote class=\"quote-text\">\r\n        <p>Internationale DJs verwandeln die Baleareninsel jedes Jahr im Sommer in die gr\u00f6\u00dfte Open-Air-Partyzone der Welt.<\/p>\n    <\/blockquote>\r\n\r\n    \r\n<\/figure>\n\n\n<p>Allen voran das angesagteste aller Partyhotels auf Ibiza: das <a href=\"https:\/\/www.tui.com\/hotels\/ushuaia-ibiza-beach-hotel-231755\/hotelinformation\/\" target=\"_blank\" rel=\"noreferrer noopener\">Ushuaia Ibiza Beach Hotel<\/a>. Hier erlebst du namhafte DJs in stylisher Open-Air Atmosph\u00e4re!      <strong>Lesetipp<\/strong> \u25ba <a href=\"https:\/\/www.tui.com\/blog\/ibiza-zwischen-traumstraenden-und-partyparadies\/\" target=\"_blank\" rel=\"noreferrer noopener\">Ibiza \u2013 Zwischen Traumstr\u00e4nden und Partyparadies<\/a><\/p>\n\n\n\n<h2 class=\"wp-block-heading\">Du willst sph\u00e4rische Kl\u00e4nge und Sonnenunterg\u00e4nge genie\u00dfen?<\/h2>\n\n\n<div class=\"gb-grid-wrapper gb-grid-wrapper-38af197c\">\n<div class=\"gb-grid-column gb-grid-column-f4d3886b\"><div class=\"gb-container gb-container-f4d3886b\">\n\n<figure class=\"wp-block-image size-large is-resized\"><img decoding=\"async\" width=\"311\" height=\"563\" src=\"https:\/\/www.tui.com\/blog\/wp-content\/uploads\/2025\/03\/welche-baleareninsel-cafe-del-mar-ibiza-shutterstock-1893082546-stepan-belyakov-311x563.jpg\" alt=\"Blick auf ein Cocktailglas in einer Strandbar, Caf\u00e9 del Mar, Ibiza, Balearen\" class=\"wp-image-462290\" style=\"width:330px;height:auto\" srcset=\"https:\/\/www.tui.com\/blog\/wp-content\/uploads\/2025\/03\/welche-baleareninsel-cafe-del-mar-ibiza-shutterstock-1893082546-stepan-belyakov-311x563.jpg 311w, https:\/\/www.tui.com\/blog\/wp-content\/uploads\/2025\/03\/welche-baleareninsel-cafe-del-mar-ibiza-shutterstock-1893082546-stepan-belyakov-245x444.jpg 245w, https:\/\/www.tui.com\/blog\/wp-content\/uploads\/2025\/03\/welche-baleareninsel-cafe-del-mar-ibiza-shutterstock-1893082546-stepan-belyakov-122x220.jpg 122w, https:\/\/www.tui.com\/blog\/wp-content\/uploads\/2025\/03\/welche-baleareninsel-cafe-del-mar-ibiza-shutterstock-1893082546-stepan-belyakov.jpg 387w\" sizes=\"(max-width: 311px) 100vw, 311px\" \/><figcaption class=\"wp-element-caption\">Ibizas legend\u00e4re Chill Out Bar: das Caf\u00e9 del Mar<\/figcaption><\/figure>\n\n<\/div><\/div>\n\n<div class=\"gb-grid-column gb-grid-column-9b924140\"><div class=\"gb-container gb-container-9b924140\">\n\n<p>Im legend\u00e4ren <strong>Caf\u00e9 del Mar<\/strong> auf Ibiza, das 1980 als erste <strong>Sunset-Bar<\/strong> der Welt er\u00f6ffnete, kannst du beides haben. Zu chilligen DJ-Sets und coolen Drinks kannst du das Naturschauspiel mit musikalischer Untermalung genie\u00dfen, das weltweit zum Markenzeichen f\u00fcr den <strong>Ibiza-Sound<\/strong> geworden ist.<\/p>\n\n\n\n<p><strong>Unser Tipp:<\/strong> Wenn es dir im Caf\u00e9 del Mar zu \u00fcberlaufen ist, kannst du auch auf die umliegenden Sunset-Bars wie das Mambo, Savannah, Golden Buddha oder Mint ausweichen.<\/p>\n\n\n\n<p><strong>\u00dcbrigens:<\/strong>&nbsp;In Cala Ratjada auf Mallorca gibt es auch ein Caf\u00e9 del Mar. Dort ist besonders der K\u00e4sekuchen zu empfehlen \u2013 traumhafter&nbsp;Meerblick inklusive!<\/p>\n\n<\/div><\/div>\n<\/div>\n\n\n<h2 class=\"wp-block-heading\">Du willst einfach nur Ziegen z\u00e4hlen?<\/h2>\n\n\n\n<p>Wenn dir Ibiza im Hochsommer zu rummelig ist, kannst du auf\u2018s benachbarte<strong> <a href=\"https:\/\/www.tui.com\/hotels\/spanien\/formentera\/\" target=\"_blank\" rel=\"noreferrer noopener\">Formentera<\/a> <\/strong>fliehen. Du erreichst die <strong>kleinste Baleareninsel<\/strong> per Boot von Ibiza-Stadt aus. Dort kannst du im Schatten von Feigenb\u00e4umen die <strong>Ruhe<\/strong> genie\u00dfen und den Ziegen beim Grasen zusehen.<\/p>\n\n\n\n\n\n<h2 class=\"wp-block-heading\">Du willst nachts feiern und tags\u00fcber auf einsamen Pfaden wandern?<\/h2>\n\n\n    <div class=\"wp-caption tui-image-module\">\r\n    <img decoding=\"async\" src=\"https:\/\/www.tui.com\/blog\/wp-content\/uploads\/2025\/03\/welche-baleareninsel-wandern-ibiza-adobestock-209743245-helena-garcia.jpg\" alt=\"Blick auf eine Bucht, t\u00fcrkisfarbenes Meer und die Insel Es Vedra, Ibiza, Balearen\" \/>\r\n            <p class=\"wp-caption-text\">Ibiza ist (noch) ein absoluter Geheimtipp in Sachen Wanderurlaub!<span> | Adobe Stock | Helena GARCIA<\/span><\/p>\r\n        <\/div>\r\n    \n\n\n<p>Was viele nicht wissen: <strong>Ibiza<\/strong> hat neben den lauten Partymeilen auch eine stille, l\u00e4ndliche Seite. Nur wenige Kilometer abseits der Touristenzentren findest du <strong>vertr\u00e4umte Ecken<\/strong> mit ausgedehnten Pinienw\u00e4ldern und Olivenhainen, <strong>romantischen Badebuchten<\/strong> und <strong>verwunschenen D\u00f6rfern<\/strong>. Um diese vergessenen Regionen zu entdecken, stehen dir zahlreiche, wundersch\u00f6ne Rundwege zur Verf\u00fcgung, die sowohl entlang der K\u00fcste als auch durch das Hinterland f\u00fchren. Ein Highlight ist unter anderem die <strong>Rundwanderung<\/strong> von Cala Llonga in Santa Eul\u00e0ria des Riu zum Puig de ses Torretes und zur\u00fcck. Unterwegs erwarten dich spektakul\u00e4re Ausblicke von Steilklippen, der markante Felsen Es Castellar und die idyllische Bucht S\u00f2l d\u2019en Serra.<\/p>\n\n\n\n<h2 class=\"wp-block-heading\">Die bist kulturinteressiert und magst gro\u00dfe Metropolen?<\/h2>\n\n\n    <div class=\"wp-caption tui-image-module\">\r\n    <img decoding=\"async\" src=\"https:\/\/www.tui.com\/blog\/wp-content\/uploads\/2025\/03\/welche-baleareninsel-palma-de-mallorca-adobestock-315951942-shevdinov.jpg\" alt=\"Blick auf die Kathedrale von Palma de Mallorca, den Hafen und das Meer, Mallorca, Balearen\" \/>\r\n            <p class=\"wp-caption-text\">Palma de Mallorca &#8211; perfekt f\u00fcr einen Tagesausflug!<span> | Adobe Stock | Shevdinov<\/span><\/p>\r\n        <\/div>\r\n    \n\n\n<p>Mallorcas Inselhauptstadt <strong>Palma<\/strong> z\u00e4hlt \u00fcber 400.000 Einwohner und wartet mit dem Flair einer<strong> spanischen Metropole<\/strong> auf. Ein modernes Kunstmuseum mit einer sehenswerten Miro-Sammlung, ambitionierte Restaurants mit internationaler K\u00fcche, spannende Ausgeh- und Am\u00fcsierviertel, eine gro\u00dfe Markthalle und viele Model\u00e4den und Shops lassen das Herz eines jeden Kosmopoliten h\u00f6her schlagen.<\/p>\n\n\n\n<h2 class=\"wp-block-heading\">Du stehst auf menschenleere Str\u00e4nde und einsame Buchten?<\/h2>\n\n\n\n<div class=\"wp-block-media-text is-stacked-on-mobile\"><figure class=\"wp-block-media-text__media\"><img decoding=\"async\" width=\"790\" height=\"444\" src=\"https:\/\/www.tui.com\/blog\/wp-content\/uploads\/2025\/03\/welche-baleareninsel-cala-pilar-menorca-shutterstock-2150368647-balate-dorin.jpg\" alt=\"Blick auf die Bucht Cala Pilar mit ihrem goldgelben Sand, Felsen und t\u00fcrkisfarbenem Meer, Menorca, Balearen\" class=\"wp-image-462346 size-full\" srcset=\"https:\/\/www.tui.com\/blog\/wp-content\/uploads\/2025\/03\/welche-baleareninsel-cala-pilar-menorca-shutterstock-2150368647-balate-dorin.jpg 790w, https:\/\/www.tui.com\/blog\/wp-content\/uploads\/2025\/03\/welche-baleareninsel-cala-pilar-menorca-shutterstock-2150368647-balate-dorin-320x180.jpg 320w, https:\/\/www.tui.com\/blog\/wp-content\/uploads\/2025\/03\/welche-baleareninsel-cala-pilar-menorca-shutterstock-2150368647-balate-dorin-768x432.jpg 768w, https:\/\/www.tui.com\/blog\/wp-content\/uploads\/2025\/03\/welche-baleareninsel-cala-pilar-menorca-shutterstock-2150368647-balate-dorin-390x220.jpg 390w\" sizes=\"(max-width: 790px) 100vw, 790px\" \/><\/figure><div class=\"wp-block-media-text__content\">\n<p>Auf <strong>Menorca<\/strong> wird Naturschutz schon seit langem gro\u00df geschrieben. Bereits 1993 ist die gesamte Insel zum <strong>UNESCO-Biosph\u00e4renreservat<\/strong> erkl\u00e4rt worden. An den \u00fcber 100 Str\u00e4nden gibt es deshalb nur wenige gro\u00dfe Touristenhochburgen und Baus\u00fcnden. Zu den sch\u00f6nsten der vielen <strong>naturbelassenen Str\u00e4nde<\/strong> der Insel z\u00e4hlen unter anderem die Cala Pilar und die Cala Turqueta.<\/p>\n\n\n\n<p><strong>Lesetipp<\/strong> \u25ba Anika zeigt dir die <a href=\"https:\/\/www.tui.com\/blog\/schoenste-straende-menorca-von-son-bou-bis-sant-tomas\/\" target=\"_blank\" rel=\"noreferrer noopener\">TOP 10 sch\u00f6nsten Menorca Str\u00e4nde<\/a><\/p>\n<\/div><\/div>\n\n\n\n<h2 class=\"wp-block-heading\">Du liebst bunte Schuhe und Ballerinas?<\/h2>\n\n\n\n<div class=\"wp-block-media-text is-stacked-on-mobile\"><figure class=\"wp-block-media-text__media\"><img decoding=\"async\" width=\"790\" height=\"444\" src=\"https:\/\/www.tui.com\/blog\/wp-content\/uploads\/2025\/03\/welche-baleareninsel-avarca-sandalen-menorca-shutterstock-1710837253-pio3.jpg\" alt=\"Blick auf ein Schuhregal mit bunten Sandalen, Menorca, Balearen\" class=\"wp-image-462374 size-full\" srcset=\"https:\/\/www.tui.com\/blog\/wp-content\/uploads\/2025\/03\/welche-baleareninsel-avarca-sandalen-menorca-shutterstock-1710837253-pio3.jpg 790w, https:\/\/www.tui.com\/blog\/wp-content\/uploads\/2025\/03\/welche-baleareninsel-avarca-sandalen-menorca-shutterstock-1710837253-pio3-320x180.jpg 320w, https:\/\/www.tui.com\/blog\/wp-content\/uploads\/2025\/03\/welche-baleareninsel-avarca-sandalen-menorca-shutterstock-1710837253-pio3-768x432.jpg 768w, https:\/\/www.tui.com\/blog\/wp-content\/uploads\/2025\/03\/welche-baleareninsel-avarca-sandalen-menorca-shutterstock-1710837253-pio3-390x220.jpg 390w\" sizes=\"(max-width: 790px) 100vw, 790px\" \/><\/figure><div class=\"wp-block-media-text__content\">\n<p>Not macht erfinderisch! Weil auf Menorca aufgrund von Versorgungsengp\u00e4ssen in Sachen Schuhe lange Zeit Ebbe herrschte, n\u00e4hten findige Einheimische aus alten Autoreifen und Leder ihre eigenen Sandalen. Diese \u201eAvarca de Menorca\u201c kannst du auch heute noch vielerorts auf der Insel f\u00fcr kleines Geld kaufen. Auch das bekannte Schuhlabel Pretty Ballerinas ist auf Menorca ans\u00e4ssig.<\/p>\n<\/div><\/div>\n\n\n\n<h2 class=\"wp-block-heading\">Du begibst dich gerne auf kulinarische Entdeckungstouren?<\/h2>\n\n\n    <div class=\"wp-caption tui-image-module\">\r\n    <img decoding=\"async\" src=\"https:\/\/www.tui.com\/blog\/wp-content\/uploads\/2025\/03\/welche-baleareninsel-restaurant-mallorca-shutterstock-2020055843-marina-kryuchina.jpg\" alt=\"Blick auf einen gedeckten Tisch in einem Strandrestaurant mit Meerblick, Mallorca, Balearen\" \/>\r\n            <p class=\"wp-caption-text\">Feinschmecker aufgepasst: Mallorcas vielf\u00e4ltige Gastro-Szene bietet dir gleich elf Sterne-Restaurants und zahlreiche Gourmettempel<span> | Shutterstock | Marina Kryuchina<\/span><\/p>\r\n        <\/div>\r\n    \n\n\n<p>Wusstest du, dass es auf <strong>Mallorca <\/strong>ganze <strong>elf Sterne-Restaurants<\/strong> gibt? Aber nicht nur f\u00fcr Freunde der gehobenen Gastronomie ist die Insel ein Schlaraffenland. Mallorca hat eine sehr lebendige Gastro-Szene: Du findest dort viele Lokale mit einfacher regionaler K\u00fcche, aber auch ambitionierte Restaurants mit moderner Fusionsk\u00fcche. Im <strong>VORO<\/strong> in Canyamel &#8211; dem einzigen Restaurant auf Mallorca mit <strong>zwei Michelin-Sternen<\/strong> &#8211; genie\u00dft du kreative, mediterrane K\u00fcche auf allerh\u00f6chstem Niveau.<\/p>\n\n\n\n<h2 class=\"wp-block-heading\">Du magst es gerne bunt und bist im Herzen ein Hippie?<\/h2>\n\n\n    <div class=\"wp-caption tui-image-module\">\r\n    <img decoding=\"async\" src=\"https:\/\/www.tui.com\/blog\/wp-content\/uploads\/2025\/03\/welche-baleareninsel-ibiza-hippie-markt-adobestock-393317573-sem.jpg\" alt=\"Blick auf einen der bunten Hippie M\u00e4rkte auf Ibiza, Ibiza, Balearen\" \/>\r\n            <p class=\"wp-caption-text\">Auf den bunten Hippie M\u00e4rkten der Insel findest du den typischen Ibiza Style<span> | Adobe Stock | Sem<\/span><\/p>\r\n        <\/div>\r\n    \n\n\n<p>Dann solltest du dir ein paar Blumen ins Haar stecken und \u00fcber Ibizas ber\u00fchmte <strong>Hippie-M\u00e4rkte<\/strong> schlendern. Auf dem Las Dalias findest du handgen\u00e4hte Klamotten, originelles Kunsthandwerk und bunte Stoffe. Nach Einbruch der Dunkelheit gibt es <strong>DJ-Sets<\/strong> und <strong>Livemusik<\/strong>! Ibizas gr\u00f6\u00dfter Hippiemarkt ist der Punta Arab\u00ed. An den \u00fcber 500 St\u00e4nden werden Schmuck, Naturkosmetik und Hippie-Mode angeboten.<\/p>\n\n\n\n<h2 class=\"wp-block-heading\">Du machst gerne Ferien auf dem Ponyhof?<\/h2>\n\n\n    <div class=\"wp-caption tui-image-module\">\r\n    <img decoding=\"async\" src=\"https:\/\/www.tui.com\/blog\/wp-content\/uploads\/2025\/03\/welche-baleareninsel-reiten-auf-mallorca-shutterstock-2558917839-concept-island.jpg\" alt=\"Blick von hinten auf Reiter mit Pferden in einer D\u00fcnenlandschaft, Mallorca, Balearen\" \/>\r\n            <p class=\"wp-caption-text\">Reiter in den D\u00fcnen bei Cala Mesquida auf Mallorca<span> | Shutterstock | Concept Island<\/span><\/p>\r\n        <\/div>\r\n    \n\n\n<p>Auf <strong>Mallorca<\/strong> findest du eine Vielzahl von <strong>Reiterh\u00f6fen<\/strong> f\u00fcr kleine und gro\u00dfe Pferdefans &#8211; von professionellen Reitschulen \u00fcber Pferdeh\u00f6fe, die Ponyspazierg\u00e4nge f\u00fcr Kinder oder morgendliche Strandausritte anbieten, bis hin zu Erlebnis-Ranches mit launigen Wildwest-Shows. Auch <strong>Menorca<\/strong> eignet sich bestens f\u00fcr einen <strong>Reiterurlaub<\/strong>: auf dem historischen<strong> Reiterpfad Cam\u00ed de Cavalls<\/strong> kannst du hoch zu Ross die Insel erkunden.<\/p>\n\n\n<div class=\"tui-infobox__small \">\r\n    <div class=\"inner\">\r\n                    <p class=\"title\">Jede der Baleareninsel bietet dir ganz besondere, faszinierende Ferienerlebnisse<\/p>\r\n        \r\n        \r\n                    <p>\u25ba Familien, Ruhesuchende und Naturliebhaber sind auf Menorca bestens aufgehoben<\/p>\n<p>\u25ba Partypeople und flippige Fans der Hippiekultur finden auf Ibiza, wonach sie suchen. Selbstverst\u00e4ndlich gibt es auch hier einsame Ecken und authentisches Inselleben \u2013 insbesondere auf der Nachbarinsel Formentera<\/p>\n<p>\u25ba Wer die Abwechslung liebt, findet auf der gr\u00f6\u00dften Baleareninsel Mallorca das vielf\u00e4ltigste gastronomische Angebot, viele Sightseeing-Highlights und unterschiedlichste Landschafts- und K\u00fcstenformationen. Da du aber, um diese alle kennenzulernen, nach Mallorca auswandern m\u00fcsstest, reichen f\u00fcr einen zweiw\u00f6chigen Inselurlaub die touristischen und kulturellen Angebote Ibizas und Menorcas vollkommen aus<\/p>\n            <\/div>\r\n<\/div>\n\n\n<p><\/p>\n\n\n<div class=\"container !max-w-5xl\">\r\n    <div class=\"my-16 lg:my-32\">\r\n        <tui-hotel-offer-cards\r\n                class=\"tui-component \"\r\n                scope=\"hotelOfferCards6m-block_8eefdc64e7537d5c8dfce0acc83dd096\"\r\n                show-information=\"false\"\r\n                data-stencil=\"true\"\r\n                data-version=\"v2\"\r\n                data-theme=\"tui-light\"\r\n                open-in-new-tab=\"true\"\r\n                tenant=\"TUICOM\"\r\n                locale=\"de-DE\"\r\n                search-scope=\"PACKAGE\"\r\n                data-legacy-font\r\n                show-price-advantage=\"true\"filter-group-ids=\"6881, 6885, 6879\"show-cards-carousel=\"true\"show-brand=\"true\"show-board-type=\"true\"show-banderole=\"true\"show-board-type=\"false\"show-room-type=\"true\"show-category=\"true\"show-heart=\"false\"show-image-carousel=\"false\"price-type=\"per_person\"show-recommendation=\"true\"static-url-parameters=\"contentid=blog_welchebaleareninsel_balearen_hotelcards_202503\"filter-results-total=\"10\"filter-min-price=\"1\"variant=\"medium\"search-duration=\"7\"search-departure-date=\"2026-05-03\"search-return-date=\"2026-08-01\"        ><\/tui-hotel-offer-cards>\r\n\r\n    <\/div>\r\n<\/div>\r\n\n\n\n<h2 class=\"wp-block-heading\">Wichtige Fragen zu den Baleareninseln<\/h2>\n\n\n\n<div class=\"schema-faq wp-block-yoast-faq-block\"><div class=\"schema-faq-section\" id=\"faq-question-1741851325807\"><strong class=\"schema-faq-question\">Welche Baleareninsel ist die sch\u00f6nste?<\/strong> <p class=\"schema-faq-answer\">Die Frage, welche Baleareninsel die sch\u00f6nste ist, l\u00e4sst sich nicht so ganz einfach beantworten \u2013 es kommt auf deine pers\u00f6nlichen Vorlieben und Interessen an. Mallorca begeistert mit beeindruckenden Berglandschaften, traumhaften Str\u00e4nden und einer pulsierenden Hauptstadt, w\u00e4hrend Menorca mit ihrer unber\u00fchrten Natur und den idyllischen Buchten perfekt ist, wenn du Ruhe suchst. Die Insel Ibiza ist bekannt f\u00fcr ihr aufregendes Nachtleben, hat aber auch charmante D\u00f6rfer, wundersch\u00f6ne Str\u00e4nde und ein idyllisches Hinterland zu bieten. Formentera hingegen besticht mit kristallklarem Wasser und Karibik-Flair. Jede Insel hat ihren eigenen Zauber \u2013 die sch\u00f6nste ist also die, die am besten zu dir passt!<\/p> <\/div> <div class=\"schema-faq-section\" id=\"faq-question-1741851565754\"><strong class=\"schema-faq-question\">Wie hei\u00dfen die f\u00fcnf Baleareninseln? <\/strong> <p class=\"schema-faq-answer\">Die f\u00fcnf Baleareninseln hei\u00dfen Mallorca, Menorca, Ibiza, Formentera und Cabrera. Mallorca, mit ihrer Hauptstadt Palma,  ist die gr\u00f6\u00dfte und bekannteste Insel. Das ruhige Menorca mit unber\u00fchrter Natur und traumhaften Buchten eignet sich perfekt f\u00fcr Familien. Ibiza ist weltweit f\u00fcr ihr Nachtleben bekannt, hat aber auch eine ruhige, idyllische Seite. Formentera ist die kleinste bewohnte Insel und besticht mit hellen Sandstr\u00e4nden und t\u00fcrkisfarbenem Meer. Cabrera ist ein Naturpark mit strengen Schutzbestimmungen und nur eingeschr\u00e4nkt f\u00fcr Besucher zug\u00e4nglich. Jede der Inseln hat ihren eigenen Charakter und Charme!<\/p> <\/div> <div class=\"schema-faq-section\" id=\"faq-question-1741856979398\"><strong class=\"schema-faq-question\">Welche Baleareninsel ist die w\u00e4rmste? <\/strong> <p class=\"schema-faq-answer\">Die w\u00e4rmste Baleareninsel ist Ibiza. Aufgrund ihrer s\u00fcdlichen Lage hat sie im Jahresdurchschnitt die h\u00f6chsten Temperaturen der Inselgruppe. Besonders in den Sommermonaten steigen die Temperaturen hier oft \u00fcber 30 Grad Celsius, und auch im Winter bleibt es mit durchschnittlich 15 Grad Celsius vergleichsweise mild. Formentera, das noch weiter s\u00fcdlich liegt, hat \u00e4hnliche Temperaturen &#8211; hier weht aber eine stetige, frische Meeresbrise. Generell sind alle Baleareninseln sonnenverw\u00f6hnt, doch wenn du auf der Suche nach der w\u00e4rmsten Baleareninsel bist, ist Ibiza eine gute Wahl!<\/p> <\/div> <\/div>\n\n\n<div class=\"destination-info\"><div class=\"heading\"><h3>Angebote zur Reiseplanung: Balearen<\/h3><\/div><div class=\"link-section\"><div class=\"default-links\"><ul><li class=\"pauschalreise-link\">\r\n            <svg id=\"Capa_2\" data-name=\"Capa 2\" xmlns=\"http:\/\/www.w3.org\/2000\/svg\" viewBox=\"0 0 427.3 427.3\" height=\"1.2em\" width=\"1.2em\">\r\n              <defs>\r\n                <style>\r\n                  .cls-1 {\r\n                    fill: #1b115c;\r\n                  }\r\n                <\/style>\r\n              <\/defs>\r\n              <g id=\"Capa_1-2\" data-name=\"Capa 1\">\r\n                <g>\r\n                  <path class=\"cls-1\" d=\"m213.65,427.3c-57.07,0-110.72-22.22-151.07-62.58S0,270.72,0,213.65C0,95.84,95.84,0,213.65,0s213.65,95.84,213.65,213.65-95.84,213.65-213.65,213.65Zm0-410.3C105.22,17,17,105.22,17,213.65s88.22,196.65,196.65,196.65,196.65-88.22,196.65-196.65S322.08,17,213.65,17Z\"\/>\r\n                  <path class=\"cls-1\" d=\"m377.7,261.52c-4.69,0-8.5-3.81-8.5-8.5,0-34.92-28.41-63.32-63.32-63.32s-60.88,25.86-63.17,58.87c-.32,4.68-4.38,8.22-9.07,7.89-4.68-.32-8.22-4.38-7.89-9.07,2.9-41.89,38.1-74.7,80.13-74.7,44.29,0,80.32,36.03,80.32,80.32,0,4.69-3.81,8.5-8.5,8.5Z\"\/>\r\n                  <path class=\"cls-1\" d=\"m210.21,209.54c-1.15,0-2.31-.23-3.43-.73-4.29-1.9-6.24-6.91-4.34-11.21,13.24-29.98-.38-65.14-30.36-78.38-29.98-13.24-65.14.38-78.38,30.37-1.9,4.3-6.92,6.24-11.21,4.34-4.29-1.9-6.24-6.91-4.34-11.21,17.02-38.56,62.24-56.07,100.8-39.05,38.55,17.03,56.06,62.24,39.04,100.8-1.4,3.18-4.52,5.07-7.78,5.07Z\"\/>\r\n                  <path class=\"cls-1\" d=\"m250.55,159.01c-3.41,0-6.62-2.06-7.93-5.43-11.84-30.56-46.33-45.79-76.89-33.96-12.59,4.88-22.87,13.59-29.71,25.19-2.38,4.04-7.6,5.39-11.64,3.01-4.04-2.38-5.39-7.6-3.01-11.64,8.8-14.93,22.02-26.14,38.21-32.41,39.3-15.22,83.66,4.37,98.88,43.67,1.7,4.38-.48,9.3-4.85,11-1.01.39-2.05.58-3.07.58Z\"\/>\r\n                  <path class=\"cls-1\" d=\"m173.94,190.99c-1.71,0-3.44-.51-4.93-1.58-3.82-2.73-4.71-8.04-1.98-11.86,7.83-10.96,11.62-23.89,10.97-37.38-1.58-32.73-29.53-58.07-62.23-56.5-4.69.22-8.67-3.39-8.9-8.08s3.39-8.67,8.08-8.9c42.1-2.04,78,30.56,80.03,72.66.84,17.35-4.05,33.97-14.12,48.08-1.66,2.32-4.27,3.56-6.92,3.56Z\"\/>\r\n                  <path class=\"cls-1\" d=\"m110.96,261.87c-1.17,0-2.35-.24-3.48-.75-4.28-1.92-6.19-6.96-4.27-11.24l61.77-137.45c1.92-4.28,6.95-6.19,11.24-4.27,4.28,1.92,6.19,6.96,4.27,11.24l-61.77,137.45c-1.42,3.15-4.51,5.02-7.76,5.02Z\"\/>\r\n                  <path class=\"cls-1\" d=\"m14.26,270.63c-3.56,0-6.88-2.25-8.06-5.82-1.48-4.45.92-9.27,5.38-10.75l34.79-11.59c15.33-5.12,32.24-5.12,47.59,0l19.87,6.62c11.74,3.91,24.18,4.01,35.99.27l22.91-7.25c15.45-4.89,32.39-4.62,47.68.77l16.32,5.75c11.75,4.14,24.78,4.38,36.69.67l23.29-7.27c15.51-4.84,32.47-4.49,47.76.98l15.75,5.64c11.73,4.19,24.24,4.54,36.17,1l16.22-4.81c4.5-1.33,9.23,1.23,10.57,5.73s-1.23,9.23-5.73,10.57l-16.22,4.81c-15.42,4.57-31.58,4.12-46.73-1.29l-15.75-5.64c-11.83-4.23-24.96-4.5-36.97-.76l-23.29,7.27c-15.38,4.79-32.21,4.49-47.4-.86l-16.32-5.75c-11.84-4.17-24.95-4.38-36.91-.6l-22.91,7.25c-15.25,4.82-31.32,4.7-46.49-.35l-19.87-6.62c-11.88-3.97-24.96-3.97-36.83,0l-34.8,11.6c-.89.3-1.8.44-2.69.44Z\"\/>\r\n                  <path class=\"cls-1\" d=\"m132.23,311.06c-8.01,0-16.01-1.29-23.78-3.88l-19.87-6.62c-11.88-3.97-24.96-3.97-36.83,0l-21.69,7.23c-4.45,1.48-9.27-.92-10.75-5.38-1.48-4.45.92-9.27,5.38-10.75l21.68-7.23c15.33-5.12,32.24-5.12,47.59,0l19.87,6.62c11.74,3.91,24.18,4.01,35.99.27l22.91-7.25c15.45-4.89,32.38-4.62,47.68.77l16.32,5.75c11.75,4.14,24.78,4.38,36.69.67l23.29-7.27c15.51-4.84,32.47-4.49,47.76.98l15.74,5.63c11.73,4.2,24.24,4.55,36.18,1.01l1.28-.38c4.51-1.33,9.23,1.25,10.56,5.75,1.33,4.5-1.25,9.23-5.75,10.56l-1.26.37c-15.41,4.57-31.57,4.12-46.72-1.31l-15.74-5.63c-11.83-4.24-24.96-4.51-36.97-.76l-23.29,7.27c-15.38,4.79-32.21,4.49-47.4-.86l-16.32-5.75c-11.84-4.17-24.95-4.38-36.91-.6l-22.91,7.25c-7.44,2.35-15.08,3.53-22.71,3.53Z\"\/>\r\n                  <path class=\"cls-1\" d=\"m132.23,393.12c-8.01,0-16.01-1.29-23.78-3.88l-19.87-6.63c-2.11-.7-4.27-1.28-6.41-1.73-4.6-.96-7.54-5.46-6.58-10.06s5.47-7.54,10.06-6.58c2.78.58,5.57,1.33,8.31,2.24l19.88,6.63c11.73,3.91,24.18,4.01,35.98.27l22.91-7.25c15.46-4.89,32.39-4.62,47.68.76l16.32,5.75c11.75,4.14,24.78,4.38,36.69.67l23.29-7.27c15.36-4.79,31.53-4.57,46.75.64,4.44,1.52,6.81,6.35,5.29,10.79-1.52,4.44-6.35,6.81-10.79,5.29-11.78-4.03-24.29-4.2-36.18-.5l-23.28,7.27c-15.38,4.79-32.21,4.49-47.4-.86l-16.32-5.75c-11.83-4.17-24.94-4.38-36.91-.59l-22.91,7.25c-7.44,2.35-15.08,3.53-22.71,3.53Z\"\/>\r\n                  <path class=\"cls-1\" d=\"m132.23,352.09c-8.01,0-16.01-1.29-23.78-3.88l-19.87-6.63c-11.88-3.96-24.96-3.96-36.83,0l-1.53.51c-4.45,1.49-9.27-.9-10.76-5.36s.9-9.27,5.36-10.76l1.55-.52c15.35-5.12,32.25-5.12,47.6,0l19.87,6.63c11.73,3.91,24.18,4.01,35.98.27l22.91-7.25c15.45-4.89,32.39-4.62,47.68.77l16.32,5.74c11.77,4.15,24.8,4.38,36.69.67l23.29-7.27c15.5-4.84,32.47-4.48,47.76.99l15.74,5.63c4.34,1.55,8.85,2.59,13.44,3.08,4.67.5,8.05,4.69,7.55,9.36-.5,4.67-4.68,8.05-9.36,7.55-5.92-.63-11.76-1.97-17.36-3.97l-15.74-5.63c-11.84-4.24-24.97-4.51-36.97-.77l-23.29,7.27c-15.36,4.8-32.2,4.49-47.4-.86l-16.32-5.74c-11.85-4.17-24.96-4.39-36.91-.6l-22.91,7.25c-7.44,2.35-15.08,3.53-22.71,3.53Z\"\/>\r\n                <\/g>\r\n              <\/g>\r\n            <\/svg>\r\n            <a href=\"https:\/\/www.tui.com\/urlaub\/spanien\/balearen\/\" target=\"_blank\">Balearen Urlaub<\/a>\r\n        <\/li><li class=\"hotel-link\">\r\n            <svg id=\"Capa_2\" data-name=\"Capa 2\" xmlns=\"http:\/\/www.w3.org\/2000\/svg\" viewBox=\"0 0 426.78 426.78\" height=\"1.2em\" width=\"1.2em\">\r\n              <defs>\r\n                <style>\r\n                  .cls-1 {\r\n                    fill: #1b115c;\r\n                  }\r\n                <\/style>\r\n              <\/defs>\r\n              <g id=\"Capa_1-2\" data-name=\"Capa 1\">\r\n                <g>\r\n                  <path class=\"cls-1\" d=\"m336.33,344.83H90.47c-4.7,0-8.5-3.81-8.5-8.5s3.81-8.5,8.5-8.5h245.86c4.7,0,8.5,3.81,8.5,8.5s-3.81,8.5-8.5,8.5Z\"\/>\r\n                  <path class=\"cls-1\" d=\"m213.39,343.69c-4.7,0-8.5-3.81-8.5-8.5v-80.77c0-4.7,3.81-8.5,8.5-8.5s8.5,3.81,8.5,8.5v80.77c0,4.7-3.81,8.5-8.5,8.5Z\"\/>\r\n                  <path class=\"cls-1\" d=\"m172.42,343.69c-4.7,0-8.5-3.81-8.5-8.5v-80.82c0-4.7,3.81-8.5,8.5-8.5h81.95c4.7,0,8.5,3.81,8.5,8.5v77.13c0,4.7-3.81,8.5-8.5,8.5s-8.5-3.81-8.5-8.5v-68.63h-64.94v72.31c0,4.7-3.81,8.5-8.5,8.5Z\"\/>\r\n                  <path class=\"cls-1\" d=\"m213.39,426.78C95.73,426.78,0,331.06,0,213.39S95.73,0,213.39,0s213.39,95.73,213.39,213.39-95.73,213.39-213.39,213.39Zm0-409.78C105.11,17.01,17.01,105.11,17.01,213.39s88.1,196.38,196.38,196.38,196.38-88.1,196.38-196.38S321.68,17.01,213.39,17.01Z\"\/>\r\n                  <path class=\"cls-1\" d=\"m172.67,188.88v-81.87h20.06v32.28h41.59v-32.28h20.06v81.87h-20.06v-33.57h-41.59v33.57h-20.06Z\"\/>\r\n                  <path class=\"cls-1\" d=\"m181.44,213.42h-9.62c-4.7,0-8.5-3.81-8.5-8.5s3.81-8.5,8.5-8.5h9.62c4.7,0,8.5,3.81,8.5,8.5s-3.81,8.5-8.5,8.5Z\"\/>\r\n                  <path class=\"cls-1\" d=\"m254.37,213.42h-9.62c-4.7,0-8.5-3.81-8.5-8.5s3.81-8.5,8.5-8.5h9.62c4.7,0,8.5,3.81,8.5,8.5s-3.81,8.5-8.5,8.5Z\"\/>\r\n                  <path class=\"cls-1\" d=\"m218.2,213.42h-9.62c-4.7,0-8.5-3.81-8.5-8.5s3.81-8.5,8.5-8.5h9.62c4.7,0,8.5,3.81,8.5,8.5s-3.81,8.5-8.5,8.5Z\"\/>\r\n                  <path class=\"cls-1\" d=\"m295.35,344.83h-163.91c-2.26,0-4.42-.9-6.02-2.5-1.6-1.6-2.49-3.76-2.49-6.02l.3-201.63c0-21.28,9.52-41.18,26.8-56.03,16.96-14.57,39.53-22.6,63.57-22.6s46.62,8.03,63.57,22.6c17.28,14.85,26.8,34.76,26.8,56.05h0s-.13,201.63-.13,201.63c0,4.69-3.81,8.5-8.5,8.5Zm-155.39-17.01h146.89l.13-193.12c0-33.98-32.91-61.63-73.37-61.63s-73.37,27.65-73.37,61.64l-.29,193.12Zm155.52-193.12h0,0Z\"\/>\r\n                <\/g>\r\n              <\/g>\r\n            <\/svg>\r\n            <a href=\"https:\/\/www.tui.com\/hotels\/spanien\/balearen\/\" target=\"_blank\">Balearen Hotel<\/a>\r\n        <\/li><li class=\"flug-link\">\r\n            <svg id=\"Capa_2\" data-name=\"Capa 2\" xmlns=\"http:\/\/www.w3.org\/2000\/svg\" viewBox=\"0 0 426.31 426.31\" height=\"1.2em\" width=\"1.2em\">\r\n              <defs>\r\n                <style>\r\n                  .cls-1 {\r\n                    fill: #1b115c;\r\n                  }\r\n                <\/style>\r\n              <\/defs>\r\n              <g id=\"Capa_1-2\" data-name=\"Capa 1\">\r\n                <g>\r\n                  <path class=\"cls-1\" d=\"m213.15,426.31C95.62,426.31,0,330.69,0,213.15S95.62,0,213.15,0s213.15,95.62,213.15,213.15-95.62,213.15-213.15,213.15Zm0-409.31C104.99,17,17,104.99,17,213.15s87.99,196.15,196.15,196.15,196.15-87.99,196.15-196.15S321.31,17,213.15,17Z\"\/>\r\n                  <g>\r\n                    <path class=\"cls-1\" d=\"m161.96,345.27c-1.87,0-3.71-.62-5.22-1.79-2.07-1.61-3.28-4.09-3.28-6.71v-16.86c0-2.23.88-4.37,2.44-5.96l30.71-31.23v-53.88l-89.15,15.17c-2.47.42-5-.27-6.91-1.88-1.91-1.62-3.02-3.99-3.02-6.5v-33.71c0-3.19,1.79-6.12,4.64-7.57l94.44-48.2v-62.22c0-13.98,11.25-25.36,25.08-25.36,4.69,0,8.5,3.81,8.5,8.5s-3.81,8.5-8.5,8.5c-4.45,0-8.08,3.75-8.08,8.36v67.43c0,3.19-1.79,6.12-4.64,7.57l-94.44,48.2v18.44l89.15-15.17c2.47-.42,5,.27,6.91,1.88,1.91,1.62,3.02,3.99,3.02,6.5v67.43c0,2.23-.88,4.37-2.44,5.96l-30.71,31.23v2.45l40.6-10.32c4.55-1.16,9.18,1.59,10.33,6.14,1.16,4.55-1.59,9.18-6.14,10.33l-51.2,13.02c-.69.18-1.4.26-2.09.26Z\"\/>\r\n                    <path class=\"cls-1\" d=\"m264.35,345.27c-.7,0-1.4-.09-2.09-.26l-51.2-13.02c-4.55-1.16-7.3-5.78-6.14-10.33,1.16-4.55,5.78-7.3,10.33-6.14l40.6,10.32v-2.45l-30.71-31.23c-1.56-1.59-2.44-3.73-2.44-5.96v-67.43c0-2.5,1.1-4.88,3.02-6.5,1.91-1.61,4.44-2.31,6.91-1.88l89.15,15.17v-18.44l-94.44-48.2c-2.85-1.45-4.64-4.38-4.64-7.57v-67.43c0-4.61-3.62-8.36-8.08-8.36-4.69,0-8.5-3.81-8.5-8.5s3.81-8.5,8.5-8.5c13.83,0,25.08,11.38,25.08,25.36v62.22l94.44,48.2c2.85,1.45,4.64,4.38,4.64,7.57v33.71c0,2.5-1.1,4.88-3.02,6.5-1.91,1.61-4.44,2.3-6.91,1.88l-89.15-15.17v53.88l30.71,31.23c1.56,1.59,2.44,3.73,2.44,5.96v16.86c0,2.62-1.21,5.1-3.28,6.71-1.51,1.17-3.35,1.79-5.22,1.79Z\"\/>\r\n                  <\/g>\r\n                <\/g>\r\n              <\/g>\r\n            <\/svg>\r\n                <a href=\"https:\/\/www.tui.com\/flug\/\" target=\"_blank\">Fl\u00fcge buchen<\/a>\r\n            <\/li><\/ul><\/div><div class=\"optionale-links\"><ul><li class=\"lastminute-link\">\r\n                    <svg id=\"Capa_2\" data-name=\"Capa 2\" xmlns=\"http:\/\/www.w3.org\/2000\/svg\" viewBox=\"0 0 427.15 427.15\" height=\"1.2em\" width=\"1.2em\">\r\n                      <defs>\r\n                        <style>\r\n                          .cls-1 {\r\n                            fill: #1b115c;\r\n                          }\r\n                        <\/style>\r\n                      <\/defs>\r\n                      <g id=\"Capa_1-2\" data-name=\"Capa 1\">\r\n                        <g>\r\n                          <path class=\"cls-1\" d=\"m213.58,427.15C95.81,427.15,0,331.34,0,213.58S95.81,0,213.58,0s213.58,95.81,213.58,213.58-95.81,213.58-213.58,213.58Zm0-410.15C105.19,17.01,17.01,105.19,17.01,213.58s88.18,196.57,196.57,196.57,196.57-88.18,196.57-196.57S321.97,17.01,213.58,17.01Z\"\/>\r\n                          <path class=\"cls-1\" d=\"m213.41,323.4c-58.87,0-106.76-47.89-106.76-106.76s47.89-106.76,106.76-106.76,106.76,47.89,106.76,106.76-47.89,106.76-106.76,106.76Zm0-196.51c-49.49,0-89.75,40.26-89.75,89.75s40.26,89.75,89.75,89.75,89.75-40.26,89.75-89.75-40.26-89.75-89.75-89.75Z\"\/>\r\n                          <path class=\"cls-1\" d=\"m105,140.58c-2.48,0-4.93-1.08-6.61-3.15-2.96-3.65-2.4-9,1.25-11.96l41.16-33.36c3.65-2.96,9-2.4,11.96,1.25s2.4,9-1.25,11.96l-41.16,33.36c-1.58,1.28-3.47,1.9-5.35,1.9Z\"\/>\r\n                          <path class=\"cls-1\" d=\"m322.08,140.58c-1.88,0-3.77-.62-5.35-1.9l-41.16-33.36c-3.65-2.96-4.21-8.31-1.25-11.96,2.96-3.65,8.31-4.21,11.96-1.25l41.16,33.36c3.65,2.96,4.21,8.31,1.25,11.96-1.68,2.07-4.14,3.15-6.61,3.15Z\"\/>\r\n                          <path class=\"cls-1\" d=\"m131.7,345.27c-2.18,0-4.35-.83-6.01-2.49-3.32-3.32-3.32-8.71,0-12.03l33.95-33.95c3.32-3.32,8.7-3.32,12.03,0,3.32,3.32,3.32,8.71,0,12.03l-33.95,33.95c-1.66,1.66-3.84,2.49-6.01,2.49Z\"\/>\r\n                          <path class=\"cls-1\" d=\"m295.46,345.27c-2.18,0-4.35-.83-6.01-2.49l-33.77-33.77c-3.32-3.32-3.32-8.71,0-12.03,3.32-3.32,8.7-3.32,12.03,0l33.77,33.77c3.32,3.32,3.32,8.71,0,12.03-1.66,1.66-3.84,2.49-6.01,2.49Z\"\/>\r\n                          <path class=\"cls-1\" d=\"m213.41,225.14c-4.7,0-8.5-3.81-8.5-8.5v-67.85c0-4.7,3.81-8.5,8.5-8.5s8.5,3.81,8.5,8.5v67.85c0,4.7-3.81,8.5-8.5,8.5Z\"\/>\r\n                        <\/g>\r\n                      <\/g>\r\n                    <\/svg>\r\n                    <a href=\"https:\/\/www.tui.com\/last-minute\/balearen\/\" target=\"_blank\">Last Minute Balearen<\/a>\r\n                <\/li><li class=\"urlaub-link\">\r\n                    <svg id=\"Capa_2\" data-name=\"Capa 2\" xmlns=\"http:\/\/www.w3.org\/2000\/svg\" viewBox=\"0 0 426.92 426.92\" height=\"1.2em\" width=\"1.2em\">\r\n                      <defs>\r\n                        <style>\r\n                          .cls-1 {\r\n                            fill: #1b115c;\r\n                          }\r\n                        <\/style>\r\n                      <\/defs>\r\n                      <g id=\"Capa_1-2\" data-name=\"Capa 1\">\r\n                        <g>\r\n                          <path class=\"cls-1\" d=\"m213.46,426.92C95.76,426.92,0,331.16,0,213.46S95.76,0,213.46,0s213.46,95.76,213.46,213.46-95.76,213.46-213.46,213.46Zm0-409.91C105.14,17.01,17.01,105.14,17.01,213.46s88.13,196.45,196.45,196.45,196.45-88.13,196.45-196.45S321.78,17.01,213.46,17.01Z\"\/>\r\n                          <path class=\"cls-1\" d=\"m267.87,190.38c-1.07,0-2.16-.2-3.21-.63-4.35-1.78-6.43-6.74-4.66-11.09,9-22.04,11.82-44.43,8.37-66.56-1.48-9.5-3.86-16.92-5.65-21.55-3.81.98-9.44,2.99-16.11,7.13-21.28,13.2-36.37,37.33-45.29,55.24-2.09,4.2-7.2,5.92-11.4,3.82-4.2-2.09-5.92-7.2-3.82-11.4,35.77-71.89,79.91-72.71,81.78-72.71,3.13,0,6,1.72,7.49,4.47,1.03,1.92,25.02,47.68.39,107.99-1.35,3.29-4.52,5.29-7.88,5.29Z\"\/>\r\n                          <path class=\"cls-1\" d=\"m314.94,211.16c-1.17,0-2.34-.24-3.44-.72l-168.6-74.45c-4.3-1.9-6.24-6.92-4.34-11.21,22.42-50.78,81.97-73.85,132.74-51.43,50.77,22.42,73.83,81.97,51.42,132.74-.91,2.06-2.6,3.68-4.71,4.49-.99.38-2.03.57-3.07.57Zm-156.99-87.12l152.26,67.23c13.11-40.28-6.21-84.89-45.77-102.36-39.57-17.47-85.55-1.7-106.49,35.13Z\"\/>\r\n                          <path class=\"cls-1\" d=\"m163.41,322.06c-1.13,0-2.29-.23-3.39-.71-4.31-1.88-6.28-6.89-4.4-11.19l64.15-147.23c1.88-4.31,6.89-6.27,11.19-4.4,4.31,1.88,6.28,6.89,4.4,11.19l-64.15,147.23c-1.39,3.2-4.52,5.11-7.8,5.11Z\"\/>\r\n                          <path class=\"cls-1\" d=\"m336.55,324.92H90.6c-4.7,0-8.5-3.81-8.5-8.5s3.81-8.5,8.5-8.5h245.95c4.7,0,8.5,3.81,8.5,8.5s-3.81,8.5-8.5,8.5Z\"\/>\r\n                          <path class=\"cls-1\" d=\"m275.06,286.03h-61.5c-34.95,0-67.86-13.57-92.65-38.2-24.78-24.62-38.57-57.41-38.81-92.33-.03-4.7,3.75-8.53,8.44-8.56h.06c4.67,0,8.47,3.77,8.5,8.44.21,30.4,12.21,58.95,33.79,80.39,21.59,21.45,50.24,33.26,80.67,33.26h61.5c4.7,0,8.5,3.81,8.5,8.5s-3.81,8.5-8.5,8.5Z\"\/>\r\n                          <path class=\"cls-1\" d=\"m131.59,322.06c-4.7,0-8.5-3.81-8.5-8.5v-65.02c0-4.7,3.81-8.5,8.5-8.5s8.5,3.81,8.5,8.5v65.02c0,4.7-3.81,8.5-8.5,8.5Z\"\/>\r\n                          <path class=\"cls-1\" d=\"m254.57,324.92c-4.7,0-8.5-3.81-8.5-8.5v-32.41c0-4.7,3.81-8.5,8.5-8.5s8.5,3.81,8.5,8.5v32.41c0,4.7-3.81,8.5-8.5,8.5Z\"\/>\r\n                        <\/g>\r\n                      <\/g>\r\n                    <\/svg>\r\n                    <a href=\"https:\/\/www.tui.com\/pauschalreisen\/spanien\/balearen\/\" target=\"_blank\">Pauschalreise f\u00fcr Balearen<\/a>\r\n                <\/li><\/ul><\/div><\/div><\/div>","protected":false},"excerpt":{"rendered":"<p>Inselcheck: Abfeiern am Ballermann oder Ziegen z\u00e4hlen auf Formentera. Kulturell, klimatisch und landschaftlich sind sich die Baleareninseln Mallorca, Menorca, Ibiza und Formentera ziemlich \u00e4hnlich. Und doch hat jede Insel ihren eigenen unverkennbaren Charakter und zieht eine ganz bestimmte Klientel von Urlaubern an. Welches Eiland deinen Vorlieben am besten entspricht, erf\u00e4hrst du in unserem (garantiert klischeefreien) Inselcheck!<\/p>\n","protected":false},"author":86,"featured_media":462216,"comment_status":"open","ping_status":"open","sticky":false,"template":"","format":"standard","meta":{"_acf_changed":false,"footnotes":""},"categories":[4052,4030,4032,4056],"tags":[453,1067,9,1065],"class_list":["post-126244","post","type-post","status-publish","format-standard","has-post-thumbnail","hentry","category-archiv-reisearten","category-archiv-reiseziele","category-archiv-spanien","category-archiv-urlaub-am-meer","tag-balearen","tag-ibiza","tag-mallorca","tag-menorca"],"acf":[],"yoast_head":"<!-- This site is optimized with the Yoast SEO plugin v27.4 - https:\/\/yoast.com\/product\/yoast-seo-wordpress\/ -->\n<title>Welche Baleareninsel passt zu dir? - TUI.com Reiseblog \u2600<\/title>\n<meta name=\"description\" content=\"Du m\u00f6chtest auf den Balearen Urlaub machen, fragst dich aber: Welche Baleareninsel passt zu mir? Wir machen mit dir den gro\u00dfen Inselcheck!\" \/>\n<meta name=\"robots\" content=\"index, follow, max-snippet:-1, max-image-preview:large, max-video-preview:-1\" \/>\n<link rel=\"canonical\" href=\"https:\/\/www.tui.com\/blog\/welche-baleareninsel-passt-zu-dir\/\" \/>\n<meta property=\"og:locale\" content=\"de_DE\" \/>\n<meta property=\"og:type\" content=\"article\" \/>\n<meta property=\"og:title\" content=\"Welche Baleareninsel passt zu dir? - TUI.com Reiseblog \u2600\" \/>\n<meta property=\"og:description\" content=\"Du m\u00f6chtest auf den Balearen Urlaub machen, fragst dich aber: Welche Baleareninsel passt zu mir? Wir machen mit dir den gro\u00dfen Inselcheck!\" \/>\n<meta property=\"og:url\" content=\"https:\/\/www.tui.com\/blog\/welche-baleareninsel-passt-zu-dir\/\" \/>\n<meta property=\"og:site_name\" content=\"TUI.com Reiseblog \u2600\" \/>\n<meta property=\"article:published_time\" content=\"2025-04-18T10:00:00+00:00\" \/>\n<meta property=\"article:modified_time\" content=\"2025-05-15T06:03:14+00:00\" \/>\n<meta property=\"og:image\" content=\"https:\/\/www.tui.com\/blog\/wp-content\/uploads\/2025\/03\/welche-baleareninsel-beitragsbild-adobestock-224506651-david-brown.jpg\" \/>\n\t<meta property=\"og:image:width\" content=\"1920\" \/>\n\t<meta property=\"og:image:height\" content=\"1080\" \/>\n\t<meta property=\"og:image:type\" content=\"image\/jpeg\" \/>\n<meta name=\"author\" content=\"TUI Reiseexperten\" \/>\n<meta name=\"twitter:card\" content=\"summary_large_image\" \/>\n<meta name=\"twitter:label1\" content=\"Verfasst von\" \/>\n\t<meta name=\"twitter:data1\" content=\"TUI Reiseexperten\" \/>\n\t<meta name=\"twitter:label2\" content=\"Gesch\u00e4tzte Lesezeit\" \/>\n\t<meta name=\"twitter:data2\" content=\"7\u00a0Minuten\" \/>\n<script type=\"application\/ld+json\" class=\"yoast-schema-graph\">{\"@context\":\"https:\\\/\\\/schema.org\",\"@graph\":[{\"@type\":\"BlogPosting\",\"@id\":\"https:\\\/\\\/www.tui.com\\\/blog\\\/welche-baleareninsel-passt-zu-dir\\\/#article\",\"isPartOf\":{\"@id\":\"https:\\\/\\\/www.tui.com\\\/blog\\\/welche-baleareninsel-passt-zu-dir\\\/\"},\"author\":{\"name\":\"TUI Reiseexperten\",\"@id\":\"https:\\\/\\\/www.tui.com\\\/blog\\\/#\\\/schema\\\/person\\\/e0405bcbd5102f3edd229113f1c50a06\"},\"headline\":\"Welche Baleareninsel passt zu dir?\",\"datePublished\":\"2025-04-18T10:00:00+00:00\",\"dateModified\":\"2025-05-15T06:03:14+00:00\",\"mainEntityOfPage\":{\"@id\":\"https:\\\/\\\/www.tui.com\\\/blog\\\/welche-baleareninsel-passt-zu-dir\\\/\"},\"wordCount\":1428,\"commentCount\":5,\"publisher\":{\"@id\":\"https:\\\/\\\/www.tui.com\\\/blog\\\/#organization\"},\"image\":{\"@id\":\"https:\\\/\\\/www.tui.com\\\/blog\\\/welche-baleareninsel-passt-zu-dir\\\/#primaryimage\"},\"thumbnailUrl\":\"https:\\\/\\\/www.tui.com\\\/blog\\\/wp-content\\\/uploads\\\/2025\\\/03\\\/welche-baleareninsel-beitragsbild-adobestock-224506651-david-brown.jpg\",\"keywords\":[\"Balearen\",\"Ibiza\",\"Mallorca\",\"Menorca\"],\"articleSection\":[\"Reisearten\",\"Reiseziele\",\"Spanien\",\"Urlaub am Meer\"],\"inLanguage\":\"de\",\"potentialAction\":[{\"@type\":\"CommentAction\",\"name\":\"Comment\",\"target\":[\"https:\\\/\\\/www.tui.com\\\/blog\\\/welche-baleareninsel-passt-zu-dir\\\/#respond\"]}]},{\"@type\":[\"WebPage\",\"FAQPage\"],\"@id\":\"https:\\\/\\\/www.tui.com\\\/blog\\\/welche-baleareninsel-passt-zu-dir\\\/\",\"url\":\"https:\\\/\\\/www.tui.com\\\/blog\\\/welche-baleareninsel-passt-zu-dir\\\/\",\"name\":\"Welche Baleareninsel passt zu dir? - TUI.com Reiseblog \u2600\",\"isPartOf\":{\"@id\":\"https:\\\/\\\/www.tui.com\\\/blog\\\/#website\"},\"primaryImageOfPage\":{\"@id\":\"https:\\\/\\\/www.tui.com\\\/blog\\\/welche-baleareninsel-passt-zu-dir\\\/#primaryimage\"},\"image\":{\"@id\":\"https:\\\/\\\/www.tui.com\\\/blog\\\/welche-baleareninsel-passt-zu-dir\\\/#primaryimage\"},\"thumbnailUrl\":\"https:\\\/\\\/www.tui.com\\\/blog\\\/wp-content\\\/uploads\\\/2025\\\/03\\\/welche-baleareninsel-beitragsbild-adobestock-224506651-david-brown.jpg\",\"datePublished\":\"2025-04-18T10:00:00+00:00\",\"dateModified\":\"2025-05-15T06:03:14+00:00\",\"description\":\"Du m\u00f6chtest auf den Balearen Urlaub machen, fragst dich aber: Welche Baleareninsel passt zu mir? Wir machen mit dir den gro\u00dfen Inselcheck!\",\"breadcrumb\":{\"@id\":\"https:\\\/\\\/www.tui.com\\\/blog\\\/welche-baleareninsel-passt-zu-dir\\\/#breadcrumb\"},\"mainEntity\":[{\"@id\":\"https:\\\/\\\/www.tui.com\\\/blog\\\/welche-baleareninsel-passt-zu-dir\\\/#faq-question-1741851325807\"},{\"@id\":\"https:\\\/\\\/www.tui.com\\\/blog\\\/welche-baleareninsel-passt-zu-dir\\\/#faq-question-1741851565754\"},{\"@id\":\"https:\\\/\\\/www.tui.com\\\/blog\\\/welche-baleareninsel-passt-zu-dir\\\/#faq-question-1741856979398\"}],\"inLanguage\":\"de\",\"potentialAction\":[{\"@type\":\"ReadAction\",\"target\":[\"https:\\\/\\\/www.tui.com\\\/blog\\\/welche-baleareninsel-passt-zu-dir\\\/\"]}]},{\"@type\":\"ImageObject\",\"inLanguage\":\"de\",\"@id\":\"https:\\\/\\\/www.tui.com\\\/blog\\\/welche-baleareninsel-passt-zu-dir\\\/#primaryimage\",\"url\":\"https:\\\/\\\/www.tui.com\\\/blog\\\/wp-content\\\/uploads\\\/2025\\\/03\\\/welche-baleareninsel-beitragsbild-adobestock-224506651-david-brown.jpg\",\"contentUrl\":\"https:\\\/\\\/www.tui.com\\\/blog\\\/wp-content\\\/uploads\\\/2025\\\/03\\\/welche-baleareninsel-beitragsbild-adobestock-224506651-david-brown.jpg\",\"width\":1920,\"height\":1080,\"caption\":\"Blick auf den Naturhafen Port de Soller, gr\u00fcne H\u00fcgel, Hafen, Strand, Boote, blaues Meer, Mallorca, Balearen\"},{\"@type\":\"BreadcrumbList\",\"@id\":\"https:\\\/\\\/www.tui.com\\\/blog\\\/welche-baleareninsel-passt-zu-dir\\\/#breadcrumb\",\"itemListElement\":[{\"@type\":\"ListItem\",\"position\":1,\"name\":\"Startseite\",\"item\":\"https:\\\/\\\/www.tui.com\\\/blog\\\/\"},{\"@type\":\"ListItem\",\"position\":2,\"name\":\"Welche Baleareninsel passt zu dir?\"}]},{\"@type\":\"WebSite\",\"@id\":\"https:\\\/\\\/www.tui.com\\\/blog\\\/#website\",\"url\":\"https:\\\/\\\/www.tui.com\\\/blog\\\/\",\"name\":\"TUI.com Reiseblog \u2600\",\"description\":\"Abenteuer oder lieber an den Strand? \u2600 Der TUI Reiseblog bietet tolle Infos rund um deine n\u00e4chste Reise \u2708 Komm vorbei und lass dich inspirieren \u221a\",\"publisher\":{\"@id\":\"https:\\\/\\\/www.tui.com\\\/blog\\\/#organization\"},\"potentialAction\":[{\"@type\":\"SearchAction\",\"target\":{\"@type\":\"EntryPoint\",\"urlTemplate\":\"https:\\\/\\\/www.tui.com\\\/blog\\\/?s={search_term_string}\"},\"query-input\":{\"@type\":\"PropertyValueSpecification\",\"valueRequired\":true,\"valueName\":\"search_term_string\"}}],\"inLanguage\":\"de\"},{\"@type\":\"Organization\",\"@id\":\"https:\\\/\\\/www.tui.com\\\/blog\\\/#organization\",\"name\":\"TUI.com Reiseblog \u2600\",\"url\":\"https:\\\/\\\/www.tui.com\\\/blog\\\/\",\"logo\":{\"@type\":\"ImageObject\",\"inLanguage\":\"de\",\"@id\":\"https:\\\/\\\/www.tui.com\\\/blog\\\/#\\\/schema\\\/logo\\\/image\\\/\",\"url\":\"https:\\\/\\\/www.tui.com\\\/blog\\\/wp-content\\\/uploads\\\/2023\\\/04\\\/cropped-tui-logo-3.png\",\"contentUrl\":\"https:\\\/\\\/www.tui.com\\\/blog\\\/wp-content\\\/uploads\\\/2023\\\/04\\\/cropped-tui-logo-3.png\",\"width\":164,\"height\":72,\"caption\":\"TUI.com Reiseblog \u2600\"},\"image\":{\"@id\":\"https:\\\/\\\/www.tui.com\\\/blog\\\/#\\\/schema\\\/logo\\\/image\\\/\"}},{\"@type\":\"Person\",\"@id\":\"https:\\\/\\\/www.tui.com\\\/blog\\\/#\\\/schema\\\/person\\\/e0405bcbd5102f3edd229113f1c50a06\",\"name\":\"TUI Reiseexperten\",\"image\":{\"@type\":\"ImageObject\",\"inLanguage\":\"de\",\"@id\":\"https:\\\/\\\/www.tui.com\\\/blog\\\/wp-content\\\/uploads\\\/2016\\\/10\\\/TUIMitarbeiter-178x176.jpg\",\"url\":\"https:\\\/\\\/www.tui.com\\\/blog\\\/wp-content\\\/uploads\\\/2016\\\/10\\\/TUIMitarbeiter-178x176.jpg\",\"contentUrl\":\"https:\\\/\\\/www.tui.com\\\/blog\\\/wp-content\\\/uploads\\\/2016\\\/10\\\/TUIMitarbeiter-178x176.jpg\",\"caption\":\"TUI Reiseexperten\"},\"description\":\"TEST\",\"url\":\"https:\\\/\\\/www.tui.com\\\/blog\\\/author\\\/tui-mitarbeiter\\\/\"},{\"@type\":\"Question\",\"@id\":\"https:\\\/\\\/www.tui.com\\\/blog\\\/welche-baleareninsel-passt-zu-dir\\\/#faq-question-1741851325807\",\"position\":1,\"url\":\"https:\\\/\\\/www.tui.com\\\/blog\\\/welche-baleareninsel-passt-zu-dir\\\/#faq-question-1741851325807\",\"name\":\"Welche Baleareninsel ist die sch\u00f6nste?\",\"answerCount\":1,\"acceptedAnswer\":{\"@type\":\"Answer\",\"text\":\"Die Frage, welche Baleareninsel die sch\u00f6nste ist, l\u00e4sst sich nicht so ganz einfach beantworten \u2013 es kommt auf deine pers\u00f6nlichen Vorlieben und Interessen an. Mallorca begeistert mit beeindruckenden Berglandschaften, traumhaften Str\u00e4nden und einer pulsierenden Hauptstadt, w\u00e4hrend Menorca mit ihrer unber\u00fchrten Natur und den idyllischen Buchten perfekt ist, wenn du Ruhe suchst. Die Insel Ibiza ist bekannt f\u00fcr ihr aufregendes Nachtleben, hat aber auch charmante D\u00f6rfer, wundersch\u00f6ne Str\u00e4nde und ein idyllisches Hinterland zu bieten. Formentera hingegen besticht mit kristallklarem Wasser und Karibik-Flair. Jede Insel hat ihren eigenen Zauber \u2013 die sch\u00f6nste ist also die, die am besten zu dir passt!\",\"inLanguage\":\"de\"},\"inLanguage\":\"de\"},{\"@type\":\"Question\",\"@id\":\"https:\\\/\\\/www.tui.com\\\/blog\\\/welche-baleareninsel-passt-zu-dir\\\/#faq-question-1741851565754\",\"position\":2,\"url\":\"https:\\\/\\\/www.tui.com\\\/blog\\\/welche-baleareninsel-passt-zu-dir\\\/#faq-question-1741851565754\",\"name\":\"Wie hei\u00dfen die f\u00fcnf Baleareninseln?\",\"answerCount\":1,\"acceptedAnswer\":{\"@type\":\"Answer\",\"text\":\"Die f\u00fcnf Baleareninseln hei\u00dfen Mallorca, Menorca, Ibiza, Formentera und Cabrera. Mallorca, mit ihrer Hauptstadt Palma,  ist die gr\u00f6\u00dfte und bekannteste Insel. Das ruhige Menorca mit unber\u00fchrter Natur und traumhaften Buchten eignet sich perfekt f\u00fcr Familien. Ibiza ist weltweit f\u00fcr ihr Nachtleben bekannt, hat aber auch eine ruhige, idyllische Seite. Formentera ist die kleinste bewohnte Insel und besticht mit hellen Sandstr\u00e4nden und t\u00fcrkisfarbenem Meer. Cabrera ist ein Naturpark mit strengen Schutzbestimmungen und nur eingeschr\u00e4nkt f\u00fcr Besucher zug\u00e4nglich. Jede der Inseln hat ihren eigenen Charakter und Charme!\",\"inLanguage\":\"de\"},\"inLanguage\":\"de\"},{\"@type\":\"Question\",\"@id\":\"https:\\\/\\\/www.tui.com\\\/blog\\\/welche-baleareninsel-passt-zu-dir\\\/#faq-question-1741856979398\",\"position\":3,\"url\":\"https:\\\/\\\/www.tui.com\\\/blog\\\/welche-baleareninsel-passt-zu-dir\\\/#faq-question-1741856979398\",\"name\":\"Welche Baleareninsel ist die w\u00e4rmste?\",\"answerCount\":1,\"acceptedAnswer\":{\"@type\":\"Answer\",\"text\":\"Die w\u00e4rmste Baleareninsel ist Ibiza. Aufgrund ihrer s\u00fcdlichen Lage hat sie im Jahresdurchschnitt die h\u00f6chsten Temperaturen der Inselgruppe. Besonders in den Sommermonaten steigen die Temperaturen hier oft \u00fcber 30 Grad Celsius, und auch im Winter bleibt es mit durchschnittlich 15 Grad Celsius vergleichsweise mild. Formentera, das noch weiter s\u00fcdlich liegt, hat \u00e4hnliche Temperaturen - hier weht aber eine stetige, frische Meeresbrise. Generell sind alle Baleareninseln sonnenverw\u00f6hnt, doch wenn du auf der Suche nach der w\u00e4rmsten Baleareninsel bist, ist Ibiza eine gute Wahl!\",\"inLanguage\":\"de\"},\"inLanguage\":\"de\"}]}<\/script>\n<!-- \/ Yoast SEO plugin. -->","yoast_head_json":{"title":"Welche Baleareninsel passt zu dir? - TUI.com Reiseblog \u2600","description":"Du m\u00f6chtest auf den Balearen Urlaub machen, fragst dich aber: Welche Baleareninsel passt zu mir? Wir machen mit dir den gro\u00dfen Inselcheck!","robots":{"index":"index","follow":"follow","max-snippet":"max-snippet:-1","max-image-preview":"max-image-preview:large","max-video-preview":"max-video-preview:-1"},"canonical":"https:\/\/www.tui.com\/blog\/welche-baleareninsel-passt-zu-dir\/","og_locale":"de_DE","og_type":"article","og_title":"Welche Baleareninsel passt zu dir? - TUI.com Reiseblog \u2600","og_description":"Du m\u00f6chtest auf den Balearen Urlaub machen, fragst dich aber: Welche Baleareninsel passt zu mir? Wir machen mit dir den gro\u00dfen Inselcheck!","og_url":"https:\/\/www.tui.com\/blog\/welche-baleareninsel-passt-zu-dir\/","og_site_name":"TUI.com Reiseblog \u2600","article_published_time":"2025-04-18T10:00:00+00:00","article_modified_time":"2025-05-15T06:03:14+00:00","og_image":[{"width":1920,"height":1080,"url":"https:\/\/www.tui.com\/blog\/wp-content\/uploads\/2025\/03\/welche-baleareninsel-beitragsbild-adobestock-224506651-david-brown.jpg","type":"image\/jpeg"}],"author":"TUI Reiseexperten","twitter_card":"summary_large_image","twitter_misc":{"Verfasst von":"TUI Reiseexperten","Gesch\u00e4tzte Lesezeit":"7\u00a0Minuten"},"schema":{"@context":"https:\/\/schema.org","@graph":[{"@type":"BlogPosting","@id":"https:\/\/www.tui.com\/blog\/welche-baleareninsel-passt-zu-dir\/#article","isPartOf":{"@id":"https:\/\/www.tui.com\/blog\/welche-baleareninsel-passt-zu-dir\/"},"author":{"name":"TUI Reiseexperten","@id":"https:\/\/www.tui.com\/blog\/#\/schema\/person\/e0405bcbd5102f3edd229113f1c50a06"},"headline":"Welche Baleareninsel passt zu dir?","datePublished":"2025-04-18T10:00:00+00:00","dateModified":"2025-05-15T06:03:14+00:00","mainEntityOfPage":{"@id":"https:\/\/www.tui.com\/blog\/welche-baleareninsel-passt-zu-dir\/"},"wordCount":1428,"commentCount":5,"publisher":{"@id":"https:\/\/www.tui.com\/blog\/#organization"},"image":{"@id":"https:\/\/www.tui.com\/blog\/welche-baleareninsel-passt-zu-dir\/#primaryimage"},"thumbnailUrl":"https:\/\/www.tui.com\/blog\/wp-content\/uploads\/2025\/03\/welche-baleareninsel-beitragsbild-adobestock-224506651-david-brown.jpg","keywords":["Balearen","Ibiza","Mallorca","Menorca"],"articleSection":["Reisearten","Reiseziele","Spanien","Urlaub am Meer"],"inLanguage":"de","potentialAction":[{"@type":"CommentAction","name":"Comment","target":["https:\/\/www.tui.com\/blog\/welche-baleareninsel-passt-zu-dir\/#respond"]}]},{"@type":["WebPage","FAQPage"],"@id":"https:\/\/www.tui.com\/blog\/welche-baleareninsel-passt-zu-dir\/","url":"https:\/\/www.tui.com\/blog\/welche-baleareninsel-passt-zu-dir\/","name":"Welche Baleareninsel passt zu dir? - TUI.com Reiseblog \u2600","isPartOf":{"@id":"https:\/\/www.tui.com\/blog\/#website"},"primaryImageOfPage":{"@id":"https:\/\/www.tui.com\/blog\/welche-baleareninsel-passt-zu-dir\/#primaryimage"},"image":{"@id":"https:\/\/www.tui.com\/blog\/welche-baleareninsel-passt-zu-dir\/#primaryimage"},"thumbnailUrl":"https:\/\/www.tui.com\/blog\/wp-content\/uploads\/2025\/03\/welche-baleareninsel-beitragsbild-adobestock-224506651-david-brown.jpg","datePublished":"2025-04-18T10:00:00+00:00","dateModified":"2025-05-15T06:03:14+00:00","description":"Du m\u00f6chtest auf den Balearen Urlaub machen, fragst dich aber: Welche Baleareninsel passt zu mir? Wir machen mit dir den gro\u00dfen Inselcheck!","breadcrumb":{"@id":"https:\/\/www.tui.com\/blog\/welche-baleareninsel-passt-zu-dir\/#breadcrumb"},"mainEntity":[{"@id":"https:\/\/www.tui.com\/blog\/welche-baleareninsel-passt-zu-dir\/#faq-question-1741851325807"},{"@id":"https:\/\/www.tui.com\/blog\/welche-baleareninsel-passt-zu-dir\/#faq-question-1741851565754"},{"@id":"https:\/\/www.tui.com\/blog\/welche-baleareninsel-passt-zu-dir\/#faq-question-1741856979398"}],"inLanguage":"de","potentialAction":[{"@type":"ReadAction","target":["https:\/\/www.tui.com\/blog\/welche-baleareninsel-passt-zu-dir\/"]}]},{"@type":"ImageObject","inLanguage":"de","@id":"https:\/\/www.tui.com\/blog\/welche-baleareninsel-passt-zu-dir\/#primaryimage","url":"https:\/\/www.tui.com\/blog\/wp-content\/uploads\/2025\/03\/welche-baleareninsel-beitragsbild-adobestock-224506651-david-brown.jpg","contentUrl":"https:\/\/www.tui.com\/blog\/wp-content\/uploads\/2025\/03\/welche-baleareninsel-beitragsbild-adobestock-224506651-david-brown.jpg","width":1920,"height":1080,"caption":"Blick auf den Naturhafen Port de Soller, gr\u00fcne H\u00fcgel, Hafen, Strand, Boote, blaues Meer, Mallorca, Balearen"},{"@type":"BreadcrumbList","@id":"https:\/\/www.tui.com\/blog\/welche-baleareninsel-passt-zu-dir\/#breadcrumb","itemListElement":[{"@type":"ListItem","position":1,"name":"Startseite","item":"https:\/\/www.tui.com\/blog\/"},{"@type":"ListItem","position":2,"name":"Welche Baleareninsel passt zu dir?"}]},{"@type":"WebSite","@id":"https:\/\/www.tui.com\/blog\/#website","url":"https:\/\/www.tui.com\/blog\/","name":"TUI.com Reiseblog \u2600","description":"Abenteuer oder lieber an den Strand? \u2600 Der TUI Reiseblog bietet tolle Infos rund um deine n\u00e4chste Reise \u2708 Komm vorbei und lass dich inspirieren \u221a","publisher":{"@id":"https:\/\/www.tui.com\/blog\/#organization"},"potentialAction":[{"@type":"SearchAction","target":{"@type":"EntryPoint","urlTemplate":"https:\/\/www.tui.com\/blog\/?s={search_term_string}"},"query-input":{"@type":"PropertyValueSpecification","valueRequired":true,"valueName":"search_term_string"}}],"inLanguage":"de"},{"@type":"Organization","@id":"https:\/\/www.tui.com\/blog\/#organization","name":"TUI.com Reiseblog \u2600","url":"https:\/\/www.tui.com\/blog\/","logo":{"@type":"ImageObject","inLanguage":"de","@id":"https:\/\/www.tui.com\/blog\/#\/schema\/logo\/image\/","url":"https:\/\/www.tui.com\/blog\/wp-content\/uploads\/2023\/04\/cropped-tui-logo-3.png","contentUrl":"https:\/\/www.tui.com\/blog\/wp-content\/uploads\/2023\/04\/cropped-tui-logo-3.png","width":164,"height":72,"caption":"TUI.com Reiseblog \u2600"},"image":{"@id":"https:\/\/www.tui.com\/blog\/#\/schema\/logo\/image\/"}},{"@type":"Person","@id":"https:\/\/www.tui.com\/blog\/#\/schema\/person\/e0405bcbd5102f3edd229113f1c50a06","name":"TUI Reiseexperten","image":{"@type":"ImageObject","inLanguage":"de","@id":"https:\/\/www.tui.com\/blog\/wp-content\/uploads\/2016\/10\/TUIMitarbeiter-178x176.jpg","url":"https:\/\/www.tui.com\/blog\/wp-content\/uploads\/2016\/10\/TUIMitarbeiter-178x176.jpg","contentUrl":"https:\/\/www.tui.com\/blog\/wp-content\/uploads\/2016\/10\/TUIMitarbeiter-178x176.jpg","caption":"TUI Reiseexperten"},"description":"TEST","url":"https:\/\/www.tui.com\/blog\/author\/tui-mitarbeiter\/"},{"@type":"Question","@id":"https:\/\/www.tui.com\/blog\/welche-baleareninsel-passt-zu-dir\/#faq-question-1741851325807","position":1,"url":"https:\/\/www.tui.com\/blog\/welche-baleareninsel-passt-zu-dir\/#faq-question-1741851325807","name":"Welche Baleareninsel ist die sch\u00f6nste?","answerCount":1,"acceptedAnswer":{"@type":"Answer","text":"Die Frage, welche Baleareninsel die sch\u00f6nste ist, l\u00e4sst sich nicht so ganz einfach beantworten \u2013 es kommt auf deine pers\u00f6nlichen Vorlieben und Interessen an. Mallorca begeistert mit beeindruckenden Berglandschaften, traumhaften Str\u00e4nden und einer pulsierenden Hauptstadt, w\u00e4hrend Menorca mit ihrer unber\u00fchrten Natur und den idyllischen Buchten perfekt ist, wenn du Ruhe suchst. Die Insel Ibiza ist bekannt f\u00fcr ihr aufregendes Nachtleben, hat aber auch charmante D\u00f6rfer, wundersch\u00f6ne Str\u00e4nde und ein idyllisches Hinterland zu bieten. Formentera hingegen besticht mit kristallklarem Wasser und Karibik-Flair. Jede Insel hat ihren eigenen Zauber \u2013 die sch\u00f6nste ist also die, die am besten zu dir passt!","inLanguage":"de"},"inLanguage":"de"},{"@type":"Question","@id":"https:\/\/www.tui.com\/blog\/welche-baleareninsel-passt-zu-dir\/#faq-question-1741851565754","position":2,"url":"https:\/\/www.tui.com\/blog\/welche-baleareninsel-passt-zu-dir\/#faq-question-1741851565754","name":"Wie hei\u00dfen die f\u00fcnf Baleareninseln?","answerCount":1,"acceptedAnswer":{"@type":"Answer","text":"Die f\u00fcnf Baleareninseln hei\u00dfen Mallorca, Menorca, Ibiza, Formentera und Cabrera. Mallorca, mit ihrer Hauptstadt Palma,  ist die gr\u00f6\u00dfte und bekannteste Insel. Das ruhige Menorca mit unber\u00fchrter Natur und traumhaften Buchten eignet sich perfekt f\u00fcr Familien. Ibiza ist weltweit f\u00fcr ihr Nachtleben bekannt, hat aber auch eine ruhige, idyllische Seite. Formentera ist die kleinste bewohnte Insel und besticht mit hellen Sandstr\u00e4nden und t\u00fcrkisfarbenem Meer. Cabrera ist ein Naturpark mit strengen Schutzbestimmungen und nur eingeschr\u00e4nkt f\u00fcr Besucher zug\u00e4nglich. Jede der Inseln hat ihren eigenen Charakter und Charme!","inLanguage":"de"},"inLanguage":"de"},{"@type":"Question","@id":"https:\/\/www.tui.com\/blog\/welche-baleareninsel-passt-zu-dir\/#faq-question-1741856979398","position":3,"url":"https:\/\/www.tui.com\/blog\/welche-baleareninsel-passt-zu-dir\/#faq-question-1741856979398","name":"Welche Baleareninsel ist die w\u00e4rmste?","answerCount":1,"acceptedAnswer":{"@type":"Answer","text":"Die w\u00e4rmste Baleareninsel ist Ibiza. Aufgrund ihrer s\u00fcdlichen Lage hat sie im Jahresdurchschnitt die h\u00f6chsten Temperaturen der Inselgruppe. Besonders in den Sommermonaten steigen die Temperaturen hier oft \u00fcber 30 Grad Celsius, und auch im Winter bleibt es mit durchschnittlich 15 Grad Celsius vergleichsweise mild. Formentera, das noch weiter s\u00fcdlich liegt, hat \u00e4hnliche Temperaturen - hier weht aber eine stetige, frische Meeresbrise. Generell sind alle Baleareninseln sonnenverw\u00f6hnt, doch wenn du auf der Suche nach der w\u00e4rmsten Baleareninsel bist, ist Ibiza eine gute Wahl!","inLanguage":"de"},"inLanguage":"de"}]}},"_links":{"self":[{"href":"https:\/\/www.tui.com\/blog\/wp-json\/wp\/v2\/posts\/126244","targetHints":{"allow":["GET"]}}],"collection":[{"href":"https:\/\/www.tui.com\/blog\/wp-json\/wp\/v2\/posts"}],"about":[{"href":"https:\/\/www.tui.com\/blog\/wp-json\/wp\/v2\/types\/post"}],"author":[{"embeddable":true,"href":"https:\/\/www.tui.com\/blog\/wp-json\/wp\/v2\/users\/86"}],"replies":[{"embeddable":true,"href":"https:\/\/www.tui.com\/blog\/wp-json\/wp\/v2\/comments?post=126244"}],"version-history":[{"count":193,"href":"https:\/\/www.tui.com\/blog\/wp-json\/wp\/v2\/posts\/126244\/revisions"}],"predecessor-version":[{"id":469292,"href":"https:\/\/www.tui.com\/blog\/wp-json\/wp\/v2\/posts\/126244\/revisions\/469292"}],"wp:featuredmedia":[{"embeddable":true,"href":"https:\/\/www.tui.com\/blog\/wp-json\/wp\/v2\/media\/462216"}],"wp:attachment":[{"href":"https:\/\/www.tui.com\/blog\/wp-json\/wp\/v2\/media?parent=126244"}],"wp:term":[{"taxonomy":"category","embeddable":true,"href":"https:\/\/www.tui.com\/blog\/wp-json\/wp\/v2\/categories?post=126244"},{"taxonomy":"post_tag","embeddable":true,"href":"https:\/\/www.tui.com\/blog\/wp-json\/wp\/v2\/tags?post=126244"}],"curies":[{"name":"wp","href":"https:\/\/api.w.org\/{rel}","templated":true}]}}