{"id":134748,"date":"2015-06-05T09:30:33","date_gmt":"2015-06-05T07:30:33","guid":{"rendered":"https:\/\/blog.tui.info\/die-top-10-sehenswuerdigkeiten-in-warschau\/"},"modified":"2025-08-06T16:07:25","modified_gmt":"2025-08-06T14:07:25","slug":"die-top-10-sehenswuerdigkeiten-in-warschau","status":"publish","type":"post","link":"https:\/\/www.tui.com\/blog\/die-top-10-sehenswuerdigkeiten-in-warschau\/","title":{"rendered":"Die Top 10 Sehensw\u00fcrdigkeiten in Warschau"},"content":{"rendered":"\n<p class=\"firstTextGrey\">Bloggerin Yasemin ist wieder einmal in Europa unterwegs. W\u00e4hrend ihres Kurzurlaubs in Polen entdeckte sie die sch\u00f6nsten Warschauer Sehensw\u00fcrdigkeiten.<\/p>\n\n\n\n<p>Meine Europatour geht rasant weiter. Eine <a href=\"https:\/\/www.tui.com\/staedtereisen\/\" target=\"_blank\" rel=\"noopener noreferrer\">St\u00e4dtereise,<\/a> die nicht so weit entfernt ist und doch mein unb\u00e4ndigesWissen nach Kultur und Geschichte stillt. Sofort kommt mir Warschau in den Sinn. <a href=\"https:\/\/www.tui.com\/staedtereisen\/krakau\/\" target=\"_blank\" rel=\"noopener noreferrer\">Krakau<\/a> habe ich bereits zur Schulzeit besucht, deshalb steht meine Entscheidung sofort fest: Auf geht es in die Hauptstadt Polens, um die <strong>wichtigsten Sehensw\u00fcrdigkeiten<\/strong> zu erkunden. Mit dem Zug von Berlin nach Warschau sind es etwa 5 Stunden Fahrtzeit, die wie im Flug vergehen. Angekommen geht es sofort vom Warschau Hauptbahnhof zum Hotel. Kurz frisch gemacht und aufgeh\u00fcbscht starten mein Freund und ich unsere 2-t\u00e4gige Tour in Warschau.<\/p>\n\n\n\n<h2 class=\"wp-block-heading\">Hier unsere Top 10 Warschau Sehensw\u00fcrdigkeiten<\/h2>\n\n\n\n<p>Es schien mir erst unm\u00f6glich, in Warschau Sehensw\u00fcrdigkeiten zu finden, die mich umhauen. Allerdings wurde ich eines besseren belehrt:<\/p>\n\n\n\n<h3 class=\"wp-block-heading\">1. Kulturpalast<\/h3>\n\n\n\n<p>Nur 20 Minuten Fu\u00dfweg trennten uns vom Hotel zum<strong> Kulturpalast<\/strong> (Wissenschaftspalast), der definitiv auf Platz 1 der Top 10 Places landet. Ein etwa 230 Meter hoher Wolkenkratzer als Symbol der damaligen Unterdr\u00fcckung durch die Russen und heute das wichtigste Wahrzeichen Warschaus, wenn nicht sogar Polens.<\/p>\n\n\n\n<figure class=\"wp-block-gallery has-nested-images columns-3 is-cropped wp-block-gallery-1 is-layout-flex wp-block-gallery-is-layout-flex\">\n<figure class=\"wp-block-image size-large\"><img decoding=\"async\" width=\"1000\" height=\"563\" data-id=\"134750\" src=\"https:\/\/www.tui.com\/blog\/wp-content\/uploads\/2023\/04\/kulturpalast-warschau-polen.jpg\" alt=\"Der imposante Kulturpalast in Warschau\" class=\"wp-image-134750\" srcset=\"https:\/\/www.tui.com\/blog\/wp-content\/uploads\/2023\/04\/kulturpalast-warschau-polen.jpg 1000w, https:\/\/www.tui.com\/blog\/wp-content\/uploads\/2023\/04\/kulturpalast-warschau-polen-790x444.jpg 790w, https:\/\/www.tui.com\/blog\/wp-content\/uploads\/2023\/04\/kulturpalast-warschau-polen-320x180.jpg 320w, https:\/\/www.tui.com\/blog\/wp-content\/uploads\/2023\/04\/kulturpalast-warschau-polen-768x432.jpg 768w\" sizes=\"(max-width: 1000px) 100vw, 1000px\" \/><\/figure>\n\n\n\n<figure class=\"wp-block-image size-large\"><img decoding=\"async\" width=\"1000\" height=\"563\" data-id=\"134752\" src=\"https:\/\/www.tui.com\/blog\/wp-content\/uploads\/2023\/04\/kulturpalast-wissenschaftspalast-warschau-polen.jpg\" alt=\"Bei leichtem Regen posiere ich vor dem Kulturpalast in Warschau\" class=\"wp-image-134752\" srcset=\"https:\/\/www.tui.com\/blog\/wp-content\/uploads\/2023\/04\/kulturpalast-wissenschaftspalast-warschau-polen.jpg 1000w, https:\/\/www.tui.com\/blog\/wp-content\/uploads\/2023\/04\/kulturpalast-wissenschaftspalast-warschau-polen-790x444.jpg 790w, https:\/\/www.tui.com\/blog\/wp-content\/uploads\/2023\/04\/kulturpalast-wissenschaftspalast-warschau-polen-320x180.jpg 320w, https:\/\/www.tui.com\/blog\/wp-content\/uploads\/2023\/04\/kulturpalast-wissenschaftspalast-warschau-polen-768x432.jpg 768w\" sizes=\"(max-width: 1000px) 100vw, 1000px\" \/><\/figure>\n<\/figure>\n\n\n\n<h3 class=\"wp-block-heading\">2. Museum des Warschauer Aufstandes<\/h3>\n\n\n\n<p>Noch k\u00fcrzer dauert der Weg zum <strong>Museum des Warschauer Aufstandes<\/strong>. In nur 6 Gehminuten vom <strong><a href=\"https:\/\/www.tui.com\/hotels\/hilton-94203\/hotelinformation\/\" target=\"_blank\" rel=\"noopener noreferrer\">Hilton Warsaw<\/a> <\/strong>erreichen wir das beeindruckende Geschichtsmuseum, welches den Aufstand vom 01.08.-02.10.1944 thematisiert. Kleiner Tipp: Sonntags ist freier Eintritt \ud83d\ude42<\/p>\n\n\n\n<figure class=\"wp-block-gallery has-nested-images columns-3 is-cropped wp-block-gallery-2 is-layout-flex wp-block-gallery-is-layout-flex\">\n<figure class=\"wp-block-image size-large\"><img decoding=\"async\" width=\"751\" height=\"563\" data-id=\"134754\" src=\"https:\/\/www.tui.com\/blog\/wp-content\/uploads\/2023\/04\/museum-des-warschauer-aufstandes-polen-751x563.jpg\" alt=\"Museum des Warschauer Aufstandes in polnischer Sprache\" class=\"wp-image-134754\" srcset=\"https:\/\/www.tui.com\/blog\/wp-content\/uploads\/2023\/04\/museum-des-warschauer-aufstandes-polen-751x563.jpg 751w, https:\/\/www.tui.com\/blog\/wp-content\/uploads\/2023\/04\/museum-des-warschauer-aufstandes-polen-592x444.jpg 592w, https:\/\/www.tui.com\/blog\/wp-content\/uploads\/2023\/04\/museum-des-warschauer-aufstandes-polen-768x576.jpg 768w, https:\/\/www.tui.com\/blog\/wp-content\/uploads\/2023\/04\/museum-des-warschauer-aufstandes-polen.jpg 1000w\" sizes=\"(max-width: 751px) 100vw, 751px\" \/><\/figure>\n\n\n\n<figure class=\"wp-block-image size-large\"><img decoding=\"async\" width=\"751\" height=\"563\" data-id=\"134756\" src=\"https:\/\/www.tui.com\/blog\/wp-content\/uploads\/2023\/04\/museum-des-warschauer-aufstandes-751x563.jpg\" alt=\"F\u00fcr mich das einpr\u00e4gendste Bild im Museum des Warschauer Aufstandes\" class=\"wp-image-134756\" srcset=\"https:\/\/www.tui.com\/blog\/wp-content\/uploads\/2023\/04\/museum-des-warschauer-aufstandes-751x563.jpg 751w, https:\/\/www.tui.com\/blog\/wp-content\/uploads\/2023\/04\/museum-des-warschauer-aufstandes-592x444.jpg 592w, https:\/\/www.tui.com\/blog\/wp-content\/uploads\/2023\/04\/museum-des-warschauer-aufstandes-768x576.jpg 768w, https:\/\/www.tui.com\/blog\/wp-content\/uploads\/2023\/04\/museum-des-warschauer-aufstandes.jpg 1000w\" sizes=\"(max-width: 751px) 100vw, 751px\" \/><\/figure>\n<\/figure>\n\n\n\n<h3 class=\"wp-block-heading\">3. Fryderyk Chopin Museum<\/h3>\n\n\n\n<p>Etwas weiter entfernt, dennoch zu Fu\u00df in gut 30 Minuten erreichbar, befindet sich das <strong>Fryderyk Chopin Museum,<\/strong> das 1954 zu Ehren des ber\u00fchmten polnischen Komponisten\/Pianisten Fr\u00e9d\u00e9ric Chopin erbaut wurde.<\/p>\n\n\n\n<figure class=\"wp-block-gallery has-nested-images columns-3 is-cropped wp-block-gallery-3 is-layout-flex wp-block-gallery-is-layout-flex\">\n<figure class=\"wp-block-image size-large\"><img decoding=\"async\" width=\"751\" height=\"563\" data-id=\"134758\" src=\"https:\/\/www.tui.com\/blog\/wp-content\/uploads\/2023\/04\/fryderyk-chopin-museum-751x563.jpg\" alt=\"Ein sch\u00f6nes Geb\u00e4ude: Das Fryderyk Chopin Museum\" class=\"wp-image-134758\" srcset=\"https:\/\/www.tui.com\/blog\/wp-content\/uploads\/2023\/04\/fryderyk-chopin-museum-751x563.jpg 751w, https:\/\/www.tui.com\/blog\/wp-content\/uploads\/2023\/04\/fryderyk-chopin-museum-592x444.jpg 592w, https:\/\/www.tui.com\/blog\/wp-content\/uploads\/2023\/04\/fryderyk-chopin-museum-768x576.jpg 768w, https:\/\/www.tui.com\/blog\/wp-content\/uploads\/2023\/04\/fryderyk-chopin-museum.jpg 1000w\" sizes=\"(max-width: 751px) 100vw, 751px\" \/><\/figure>\n\n\n\n<figure class=\"wp-block-image size-large\"><img decoding=\"async\" width=\"995\" height=\"563\" data-id=\"134760\" src=\"https:\/\/www.tui.com\/blog\/wp-content\/uploads\/2023\/04\/fryderyk-chopin-museum-warschau-polen-995x563.jpg\" alt=\"Mal reinh\u00f6ren, was der Fr\u00e9d\u00e9ric Chopin so komponiert hat\" class=\"wp-image-134760\" srcset=\"https:\/\/www.tui.com\/blog\/wp-content\/uploads\/2023\/04\/fryderyk-chopin-museum-warschau-polen-995x563.jpg 995w, https:\/\/www.tui.com\/blog\/wp-content\/uploads\/2023\/04\/fryderyk-chopin-museum-warschau-polen-784x444.jpg 784w, https:\/\/www.tui.com\/blog\/wp-content\/uploads\/2023\/04\/fryderyk-chopin-museum-warschau-polen-320x180.jpg 320w, https:\/\/www.tui.com\/blog\/wp-content\/uploads\/2023\/04\/fryderyk-chopin-museum-warschau-polen-768x435.jpg 768w, https:\/\/www.tui.com\/blog\/wp-content\/uploads\/2023\/04\/fryderyk-chopin-museum-warschau-polen.jpg 1000w\" sizes=\"(max-width: 995px) 100vw, 995px\" \/><\/figure>\n<\/figure>\n\n\n\n<h3 class=\"wp-block-heading\">4. Nationalmuseum<\/h3>\n\n\n\n<p>Das <strong>Nationalmuseum in Warschau,<\/strong> mit nur 15 PLN Eintrittspreis, beeindruckt mich besonders. Ich bin zwar kein K\u00fcnstler, aber die polnische Malerei mit \u00fcber 780.000 Werken bringt selbst mich zum Staunen. In nur 20 Minuten fuhren wir mit den \u00f6ffentlichen Verkehrsmitteln zur Antiken Kunst.<\/p>\n\n\n\n<figure class=\"wp-block-gallery has-nested-images columns-3 is-cropped wp-block-gallery-4 is-layout-flex wp-block-gallery-is-layout-flex\">\n<figure class=\"wp-block-image size-large\"><img decoding=\"async\" width=\"751\" height=\"563\" data-id=\"134762\" src=\"https:\/\/www.tui.com\/blog\/wp-content\/uploads\/2023\/04\/nationalmuseum-warschau-751x563.jpg\" alt=\"Das Nationalmuseum in Warschau mit historischer polnischer Malerei\" class=\"wp-image-134762\" srcset=\"https:\/\/www.tui.com\/blog\/wp-content\/uploads\/2023\/04\/nationalmuseum-warschau-751x563.jpg 751w, https:\/\/www.tui.com\/blog\/wp-content\/uploads\/2023\/04\/nationalmuseum-warschau-592x444.jpg 592w, https:\/\/www.tui.com\/blog\/wp-content\/uploads\/2023\/04\/nationalmuseum-warschau-768x576.jpg 768w, https:\/\/www.tui.com\/blog\/wp-content\/uploads\/2023\/04\/nationalmuseum-warschau.jpg 1000w\" sizes=\"(max-width: 751px) 100vw, 751px\" \/><\/figure>\n\n\n\n<figure class=\"wp-block-image size-large\"><img decoding=\"async\" width=\"422\" height=\"563\" data-id=\"134764\" src=\"https:\/\/www.tui.com\/blog\/wp-content\/uploads\/2023\/04\/nationalmuseum-warschau-malerei-422x563.jpg\" alt=\"Eines der gr\u00f6\u00dften Gem\u00e4lde im Nationalmuseum Warschau\" class=\"wp-image-134764\" srcset=\"https:\/\/www.tui.com\/blog\/wp-content\/uploads\/2023\/04\/nationalmuseum-warschau-malerei-422x563.jpg 422w, https:\/\/www.tui.com\/blog\/wp-content\/uploads\/2023\/04\/nationalmuseum-warschau-malerei-333x444.jpg 333w, https:\/\/www.tui.com\/blog\/wp-content\/uploads\/2023\/04\/nationalmuseum-warschau-malerei-768x1024.jpg 768w, https:\/\/www.tui.com\/blog\/wp-content\/uploads\/2023\/04\/nationalmuseum-warschau-malerei.jpg 1000w\" sizes=\"(max-width: 422px) 100vw, 422px\" \/><\/figure>\n<\/figure>\n\n\n\n<h3 class=\"wp-block-heading\">5. Warschauer Altstadt<\/h3>\n\n\n\n<p>Eine St\u00e4dtereise ohne einen gro\u00dfen Marktplatz mit vielen Menschen, Restaurants und Bars? Ich finde jeden, dieses Mal in der <strong>Warschauer Altstadt,<\/strong> nur 25 Minuten vom Hotel entfernt. Dort reihen sich die Touristen in einer langen Schlange, um dieses unglaublich leckere Softeis zu probieren, mittendrin nat\u00fcrlich mein Freund und ich. In der Tat ist es kein gew\u00f6hnliches Softeis, sondern eine v\u00f6llig andere Konsistenz und dann noch dieser unvergleichliche Geschmack, hmmmmm lecker \ud83d\ude42 Die Warschauer Altstadt steht seit 1980 auf der der Liste des UNESCO-Welterbes und geh\u00f6rt damit zu den wichtigsten Warschau Sehensw\u00fcrdigkeiten.<\/p>\n\n\n\n<figure class=\"wp-block-gallery has-nested-images columns-3 is-cropped wp-block-gallery-5 is-layout-flex wp-block-gallery-is-layout-flex\">\n<figure class=\"wp-block-image size-large\"><img decoding=\"async\" width=\"1000\" height=\"487\" data-id=\"134766\" src=\"https:\/\/www.tui.com\/blog\/wp-content\/uploads\/2023\/04\/warschauer-altstadt.jpg\" alt=\"Die Warschauer Altstadt\" class=\"wp-image-134766\" srcset=\"https:\/\/www.tui.com\/blog\/wp-content\/uploads\/2023\/04\/warschauer-altstadt.jpg 1000w, https:\/\/www.tui.com\/blog\/wp-content\/uploads\/2023\/04\/warschauer-altstadt-790x385.jpg 790w, https:\/\/www.tui.com\/blog\/wp-content\/uploads\/2023\/04\/warschauer-altstadt-768x374.jpg 768w\" sizes=\"(max-width: 1000px) 100vw, 1000px\" \/><\/figure>\n\n\n\n<figure class=\"wp-block-image size-large\"><img decoding=\"async\" width=\"1000\" height=\"531\" data-id=\"134768\" src=\"https:\/\/www.tui.com\/blog\/wp-content\/uploads\/2023\/04\/heilig-kreuz-kirche-warschaujpg.jpg\" alt=\"Die Heilig-Kreuz-Kirche: In einen der Kirchenpfeiler wurde 1882 die Urne mit dem Herz von Fr\u00e9d\u00e9ric Chopin eingesetzt\" class=\"wp-image-134768\" srcset=\"https:\/\/www.tui.com\/blog\/wp-content\/uploads\/2023\/04\/heilig-kreuz-kirche-warschaujpg.jpg 1000w, https:\/\/www.tui.com\/blog\/wp-content\/uploads\/2023\/04\/heilig-kreuz-kirche-warschaujpg-790x419.jpg 790w, https:\/\/www.tui.com\/blog\/wp-content\/uploads\/2023\/04\/heilig-kreuz-kirche-warschaujpg-768x408.jpg 768w\" sizes=\"(max-width: 1000px) 100vw, 1000px\" \/><\/figure>\n<\/figure>\n\n\n\n<h3 class=\"wp-block-heading\">6. Wissenschaftszentrum Kopernikus<\/h3>\n\n\n\n<p>Das <strong>Wissenschaftszentrum Kopernikus<\/strong> am Weichselufer ist f\u00fcr uns eine spielerische Abwechslung auf unserer Tour. Das Zentrum ist nach dem ber\u00fchmten Astronomen Nikolaus Kopernikus benannt und eignet sich eher f\u00fcr Familien mit Kindern, die in dem riesigen Zentrum an verschiedenen Stationen ihre physikalischen Kenntnisse testen k\u00f6nnen. Mit 25 PLN Eintrittspreis noch immer g\u00fcnstig im Vergleich zu anderen Unterhaltungszentren.<\/p>\n\n\n\n<figure class=\"wp-block-gallery has-nested-images columns-3 is-cropped wp-block-gallery-6 is-layout-flex wp-block-gallery-is-layout-flex\">\n<figure class=\"wp-block-image size-large\"><img decoding=\"async\" width=\"995\" height=\"563\" data-id=\"134770\" src=\"https:\/\/www.tui.com\/blog\/wp-content\/uploads\/2023\/04\/wissenschaftszentrum-kopernikus-warschau-polen1-995x563.jpg\" alt=\"Das Wissenschaftszentrum Kopernikus in Warschau\" class=\"wp-image-134770\" srcset=\"https:\/\/www.tui.com\/blog\/wp-content\/uploads\/2023\/04\/wissenschaftszentrum-kopernikus-warschau-polen1-995x563.jpg 995w, https:\/\/www.tui.com\/blog\/wp-content\/uploads\/2023\/04\/wissenschaftszentrum-kopernikus-warschau-polen1-784x444.jpg 784w, https:\/\/www.tui.com\/blog\/wp-content\/uploads\/2023\/04\/wissenschaftszentrum-kopernikus-warschau-polen1-320x180.jpg 320w, https:\/\/www.tui.com\/blog\/wp-content\/uploads\/2023\/04\/wissenschaftszentrum-kopernikus-warschau-polen1-768x435.jpg 768w, https:\/\/www.tui.com\/blog\/wp-content\/uploads\/2023\/04\/wissenschaftszentrum-kopernikus-warschau-polen1.jpg 1000w\" sizes=\"(max-width: 995px) 100vw, 995px\" \/><\/figure>\n\n\n\n<figure class=\"wp-block-image size-large\"><img decoding=\"async\" width=\"1000\" height=\"563\" data-id=\"134772\" src=\"https:\/\/www.tui.com\/blog\/wp-content\/uploads\/2023\/04\/wissenschaftszentrum-kopernikus-warschau.jpg\" alt=\"Ich balanciere zum Wissenschaftszentrum Kopernikus in Warschau, das sich aber irgendwie hinter mir befindet\" class=\"wp-image-134772\" srcset=\"https:\/\/www.tui.com\/blog\/wp-content\/uploads\/2023\/04\/wissenschaftszentrum-kopernikus-warschau.jpg 1000w, https:\/\/www.tui.com\/blog\/wp-content\/uploads\/2023\/04\/wissenschaftszentrum-kopernikus-warschau-790x444.jpg 790w, https:\/\/www.tui.com\/blog\/wp-content\/uploads\/2023\/04\/wissenschaftszentrum-kopernikus-warschau-320x180.jpg 320w, https:\/\/www.tui.com\/blog\/wp-content\/uploads\/2023\/04\/wissenschaftszentrum-kopernikus-warschau-768x432.jpg 768w\" sizes=\"(max-width: 1000px) 100vw, 1000px\" \/><\/figure>\n\n\n\n<figure class=\"wp-block-image size-large\"><img decoding=\"async\" width=\"459\" height=\"563\" data-id=\"134774\" src=\"https:\/\/www.tui.com\/blog\/wp-content\/uploads\/2023\/04\/wissenschaftszentrum-kopernikus-warschau-polen-459x563.jpg\" alt=\"Ein metallischer Freund aus dem Wissenschaftszentrum Kopernikus\" class=\"wp-image-134774\" srcset=\"https:\/\/www.tui.com\/blog\/wp-content\/uploads\/2023\/04\/wissenschaftszentrum-kopernikus-warschau-polen-459x563.jpg 459w, https:\/\/www.tui.com\/blog\/wp-content\/uploads\/2023\/04\/wissenschaftszentrum-kopernikus-warschau-polen-362x444.jpg 362w, https:\/\/www.tui.com\/blog\/wp-content\/uploads\/2023\/04\/wissenschaftszentrum-kopernikus-warschau-polen-768x941.jpg 768w, https:\/\/www.tui.com\/blog\/wp-content\/uploads\/2023\/04\/wissenschaftszentrum-kopernikus-warschau-polen.jpg 881w\" sizes=\"(max-width: 459px) 100vw, 459px\" \/><\/figure>\n<\/figure>\n\n\n\n<h3 class=\"wp-block-heading\">7. Warschauer Seejungfer<\/h3>\n\n\n\n<p>Unweit des Wissenschaftszentrum Kopernikus befindet sich das Warschauer Stadtwappen, n\u00e4mlich die <strong>Warschauer Seejungfer.<\/strong> Die durfte f\u00fcr meine Fotosammlung nicht fehlen. Schnell am Ufer ein Foto der Statue gemacht und anschlie\u00dfend auf den Steintreppen mit Blick aufs Wasser erholt.<\/p>\n\n\n\n<figure class=\"wp-block-gallery has-nested-images columns-3 is-cropped wp-block-gallery-7 is-layout-flex wp-block-gallery-is-layout-flex\">\n<figure class=\"wp-block-image size-large\"><img decoding=\"async\" width=\"1000\" height=\"431\" data-id=\"134776\" src=\"https:\/\/www.tui.com\/blog\/wp-content\/uploads\/2023\/04\/warschauer-seejungfer.jpg\" alt=\"Die Warschauer Seejungfer ist gleichzeitig das Stadtwappen\" class=\"wp-image-134776\" srcset=\"https:\/\/www.tui.com\/blog\/wp-content\/uploads\/2023\/04\/warschauer-seejungfer.jpg 1000w, https:\/\/www.tui.com\/blog\/wp-content\/uploads\/2023\/04\/warschauer-seejungfer-790x340.jpg 790w, https:\/\/www.tui.com\/blog\/wp-content\/uploads\/2023\/04\/warschauer-seejungfer-768x331.jpg 768w\" sizes=\"(max-width: 1000px) 100vw, 1000px\" \/><\/figure>\n\n\n\n<figure class=\"wp-block-image size-large\"><img decoding=\"async\" width=\"637\" height=\"563\" data-id=\"134778\" src=\"https:\/\/www.tui.com\/blog\/wp-content\/uploads\/2023\/04\/weichselufer-warschau-637x563.jpg\" alt=\"Kurze Pause am Weichselufer in Warschau\" class=\"wp-image-134778\" srcset=\"https:\/\/www.tui.com\/blog\/wp-content\/uploads\/2023\/04\/weichselufer-warschau-637x563.jpg 637w, https:\/\/www.tui.com\/blog\/wp-content\/uploads\/2023\/04\/weichselufer-warschau-502x444.jpg 502w, https:\/\/www.tui.com\/blog\/wp-content\/uploads\/2023\/04\/weichselufer-warschau.jpg 640w\" sizes=\"(max-width: 637px) 100vw, 637px\" \/><\/figure>\n<\/figure>\n\n\n\n<h3 class=\"wp-block-heading\">8. Warschauer K\u00f6nigsschloss &amp; 9. S\u00e4chsischer Garten<\/h3>\n\n\n\n<p>Am K\u00f6nigsweg entlang entdeckten wir das<strong> Warschauer K\u00f6nigsschloss,<\/strong> das zur Warschauer Altstadt geh\u00f6rt. Der k\u00f6nigliche Weg misst etwa vier Kilometer und reicht bis zum Lazienki-Park, den wir leider nicht besucht haben. Daf\u00fcr waren wir im wundersch\u00f6nen <strong>S\u00e4chsischen Garten,<\/strong> der auch als Brunnenpark in Warschau bekannt ist.<\/p>\n\n\n\n<figure class=\"wp-block-gallery has-nested-images columns-3 is-cropped wp-block-gallery-8 is-layout-flex wp-block-gallery-is-layout-flex\">\n<figure class=\"wp-block-image size-large\"><img decoding=\"async\" width=\"995\" height=\"563\" data-id=\"134780\" src=\"https:\/\/www.tui.com\/blog\/wp-content\/uploads\/2023\/04\/saechsischer-garten-warschau-995x563.jpg\" alt=\"Der ber\u00fchmte Brunnen im S\u00e4chsischen Garten\" class=\"wp-image-134780\" srcset=\"https:\/\/www.tui.com\/blog\/wp-content\/uploads\/2023\/04\/saechsischer-garten-warschau-995x563.jpg 995w, https:\/\/www.tui.com\/blog\/wp-content\/uploads\/2023\/04\/saechsischer-garten-warschau-784x444.jpg 784w, https:\/\/www.tui.com\/blog\/wp-content\/uploads\/2023\/04\/saechsischer-garten-warschau-320x180.jpg 320w, https:\/\/www.tui.com\/blog\/wp-content\/uploads\/2023\/04\/saechsischer-garten-warschau-768x435.jpg 768w, https:\/\/www.tui.com\/blog\/wp-content\/uploads\/2023\/04\/saechsischer-garten-warschau.jpg 1000w\" sizes=\"(max-width: 995px) 100vw, 995px\" \/><\/figure>\n\n\n\n<figure class=\"wp-block-image size-large\"><img decoding=\"async\" width=\"995\" height=\"563\" data-id=\"134782\" src=\"https:\/\/www.tui.com\/blog\/wp-content\/uploads\/2023\/04\/saechsischer-garten-warschau-polen-995x563.jpg\" alt=\"S\u00e4chsischer Garten in Warschau mit vielen Statuen\" class=\"wp-image-134782\" srcset=\"https:\/\/www.tui.com\/blog\/wp-content\/uploads\/2023\/04\/saechsischer-garten-warschau-polen-995x563.jpg 995w, https:\/\/www.tui.com\/blog\/wp-content\/uploads\/2023\/04\/saechsischer-garten-warschau-polen-784x444.jpg 784w, https:\/\/www.tui.com\/blog\/wp-content\/uploads\/2023\/04\/saechsischer-garten-warschau-polen-320x180.jpg 320w, https:\/\/www.tui.com\/blog\/wp-content\/uploads\/2023\/04\/saechsischer-garten-warschau-polen-768x435.jpg 768w, https:\/\/www.tui.com\/blog\/wp-content\/uploads\/2023\/04\/saechsischer-garten-warschau-polen.jpg 1000w\" sizes=\"(max-width: 995px) 100vw, 995px\" \/><\/figure>\n<\/figure>\n\n\n\n<h3 class=\"wp-block-heading\">10. Bahnstation an der Weichsel<\/h3>\n\n\n\n<p>Entlang der <strong>Weichsel sind wir an einer Bahnstation<\/strong> gewesen, an dessen Name ich mich leider nicht erinnern kann. Allerdings blieb mir dieser Ort im Kopf. Wahrscheinlich, weil wir dort gleich drei Brautpaare trafen, die f\u00fcr Hochzeitfotos posierten. Es ist tats\u00e4chlich eine au\u00dfergew\u00f6hnliche Location, die es in sich hatte. Wer Hobbyfotograf ist, sollte diesen kleinen Tipp auf keinen Fall verpassen \ud83d\ude42<\/p>\n\n\n\n<figure class=\"wp-block-image alignnone size-gallery-639 wp-image-15737\"><img decoding=\"async\" width=\"1000\" height=\"563\" src=\"https:\/\/www.tui.com\/blog\/wp-content\/uploads\/2023\/04\/bahnstation-an-der-weichsel-warschau.jpg\" alt=\"Die Bahnstation an der Weichsel in Warschau, deren Namen ich vergessen habe\" class=\"wp-image-15737\"\/><figcaption class=\"wp-element-caption\">Die Bahnstation an der Weichsel in Warschau, deren Namen ich vergessen habe<\/figcaption><\/figure>\n\n\n\n<p>Das waren also unsere sch\u00f6nsten Warschau Sehensw\u00fcrdigkeiten in <a href=\"https:\/\/www.tui.com\/pauschalreisen\/polen\/\" target=\"_blank\" rel=\"noopener noreferrer\">Polen.<\/a> Falls jemand von euch eine Idee hat, wie der Ort auf dem letzten Foto hei\u00dft, kann mir diesen gerne verraten \ud83d\ude42 Ich freue mich \u00fcber jeden Hinweis.<\/p>\n","protected":false},"excerpt":{"rendered":"<p>Bloggerin Yasemin ist wieder einmal in Europa unterwegs. W\u00e4hrend ihres Kurzurlaubs in Polen entdeckte sie die sch\u00f6nsten Warschauer Sehensw\u00fcrdigkeiten.<\/p>\n","protected":false},"author":74,"featured_media":134790,"comment_status":"open","ping_status":"open","sticky":false,"template":"","format":"standard","meta":{"_acf_changed":false,"footnotes":""},"categories":[4052,4030,4058,4050],"tags":[2086,1293],"class_list":["post-134748","post","type-post","status-publish","format-standard","has-post-thumbnail","hentry","category-archiv-reisearten","category-archiv-reiseziele","category-archiv-staedtetrip","category-archiv-weitere-beliebte-reiseziele","tag-polen","tag-top-10"],"acf":[],"yoast_head":"<!-- This site is optimized with the Yoast SEO plugin v27.4 - https:\/\/yoast.com\/product\/yoast-seo-wordpress\/ -->\n<title>Die Top 10 Sehensw\u00fcrdigkeiten in Warschau - TUI.com Reiseblog \u2600<\/title>\n<meta name=\"robots\" content=\"index, follow, max-snippet:-1, max-image-preview:large, max-video-preview:-1\" \/>\n<link rel=\"canonical\" href=\"https:\/\/www.tui.com\/blog\/die-top-10-sehenswuerdigkeiten-in-warschau\/\" \/>\n<meta property=\"og:locale\" content=\"de_DE\" \/>\n<meta property=\"og:type\" content=\"article\" \/>\n<meta property=\"og:title\" content=\"Die Top 10 Sehensw\u00fcrdigkeiten in Warschau - TUI.com Reiseblog \u2600\" \/>\n<meta property=\"og:description\" content=\"Bloggerin Yasemin ist wieder einmal in Europa unterwegs. W\u00e4hrend ihres Kurzurlaubs in Polen entdeckte sie die sch\u00f6nsten Warschauer Sehensw\u00fcrdigkeiten.\" \/>\n<meta property=\"og:url\" content=\"https:\/\/www.tui.com\/blog\/die-top-10-sehenswuerdigkeiten-in-warschau\/\" \/>\n<meta property=\"og:site_name\" content=\"TUI.com Reiseblog \u2600\" \/>\n<meta property=\"article:published_time\" content=\"2015-06-05T07:30:33+00:00\" \/>\n<meta property=\"article:modified_time\" content=\"2025-08-06T14:07:25+00:00\" \/>\n<meta property=\"og:image\" content=\"https:\/\/www.tui.com\/blog\/wp-content\/uploads\/2023\/04\/kulturpalast-warschau-polen-topfeature.jpg\" \/>\n\t<meta property=\"og:image:width\" content=\"930\" \/>\n\t<meta property=\"og:image:height\" content=\"390\" \/>\n\t<meta property=\"og:image:type\" content=\"image\/jpeg\" \/>\n<meta name=\"author\" content=\"TUI Bloggerin Yasemin\" \/>\n<meta name=\"twitter:card\" content=\"summary_large_image\" \/>\n<meta name=\"twitter:label1\" content=\"Verfasst von\" \/>\n\t<meta name=\"twitter:data1\" content=\"TUI Bloggerin Yasemin\" \/>\n\t<meta name=\"twitter:label2\" content=\"Gesch\u00e4tzte Lesezeit\" \/>\n\t<meta name=\"twitter:data2\" content=\"3\u00a0Minuten\" \/>\n<script type=\"application\/ld+json\" class=\"yoast-schema-graph\">{\"@context\":\"https:\\\/\\\/schema.org\",\"@graph\":[{\"@type\":\"BlogPosting\",\"@id\":\"https:\\\/\\\/www.tui.com\\\/blog\\\/die-top-10-sehenswuerdigkeiten-in-warschau\\\/#article\",\"isPartOf\":{\"@id\":\"https:\\\/\\\/www.tui.com\\\/blog\\\/die-top-10-sehenswuerdigkeiten-in-warschau\\\/\"},\"author\":{\"name\":\"TUI Bloggerin Yasemin\",\"@id\":\"https:\\\/\\\/www.tui.com\\\/blog\\\/#\\\/schema\\\/person\\\/8089c9e758ad95f797fd320aacf114c2\"},\"headline\":\"Die Top 10 Sehensw\u00fcrdigkeiten in Warschau\",\"datePublished\":\"2015-06-05T07:30:33+00:00\",\"dateModified\":\"2025-08-06T14:07:25+00:00\",\"mainEntityOfPage\":{\"@id\":\"https:\\\/\\\/www.tui.com\\\/blog\\\/die-top-10-sehenswuerdigkeiten-in-warschau\\\/\"},\"wordCount\":698,\"commentCount\":5,\"publisher\":{\"@id\":\"https:\\\/\\\/www.tui.com\\\/blog\\\/#organization\"},\"image\":{\"@id\":\"https:\\\/\\\/www.tui.com\\\/blog\\\/die-top-10-sehenswuerdigkeiten-in-warschau\\\/#primaryimage\"},\"thumbnailUrl\":\"https:\\\/\\\/www.tui.com\\\/blog\\\/wp-content\\\/uploads\\\/2023\\\/04\\\/kulturpalast-warschau-polen-topfeature.jpg\",\"keywords\":[\"Polen\",\"Top 10\"],\"articleSection\":[\"Reisearten\",\"Reiseziele\",\"St\u00e4dtetrip\",\"weitere beliebte Reiseziele\"],\"inLanguage\":\"de\",\"potentialAction\":[{\"@type\":\"CommentAction\",\"name\":\"Comment\",\"target\":[\"https:\\\/\\\/www.tui.com\\\/blog\\\/die-top-10-sehenswuerdigkeiten-in-warschau\\\/#respond\"]}]},{\"@type\":\"WebPage\",\"@id\":\"https:\\\/\\\/www.tui.com\\\/blog\\\/die-top-10-sehenswuerdigkeiten-in-warschau\\\/\",\"url\":\"https:\\\/\\\/www.tui.com\\\/blog\\\/die-top-10-sehenswuerdigkeiten-in-warschau\\\/\",\"name\":\"Die Top 10 Sehensw\u00fcrdigkeiten in Warschau - TUI.com Reiseblog \u2600\",\"isPartOf\":{\"@id\":\"https:\\\/\\\/www.tui.com\\\/blog\\\/#website\"},\"primaryImageOfPage\":{\"@id\":\"https:\\\/\\\/www.tui.com\\\/blog\\\/die-top-10-sehenswuerdigkeiten-in-warschau\\\/#primaryimage\"},\"image\":{\"@id\":\"https:\\\/\\\/www.tui.com\\\/blog\\\/die-top-10-sehenswuerdigkeiten-in-warschau\\\/#primaryimage\"},\"thumbnailUrl\":\"https:\\\/\\\/www.tui.com\\\/blog\\\/wp-content\\\/uploads\\\/2023\\\/04\\\/kulturpalast-warschau-polen-topfeature.jpg\",\"datePublished\":\"2015-06-05T07:30:33+00:00\",\"dateModified\":\"2025-08-06T14:07:25+00:00\",\"breadcrumb\":{\"@id\":\"https:\\\/\\\/www.tui.com\\\/blog\\\/die-top-10-sehenswuerdigkeiten-in-warschau\\\/#breadcrumb\"},\"inLanguage\":\"de\",\"potentialAction\":[{\"@type\":\"ReadAction\",\"target\":[\"https:\\\/\\\/www.tui.com\\\/blog\\\/die-top-10-sehenswuerdigkeiten-in-warschau\\\/\"]}]},{\"@type\":\"ImageObject\",\"inLanguage\":\"de\",\"@id\":\"https:\\\/\\\/www.tui.com\\\/blog\\\/die-top-10-sehenswuerdigkeiten-in-warschau\\\/#primaryimage\",\"url\":\"https:\\\/\\\/www.tui.com\\\/blog\\\/wp-content\\\/uploads\\\/2023\\\/04\\\/kulturpalast-warschau-polen-topfeature.jpg\",\"contentUrl\":\"https:\\\/\\\/www.tui.com\\\/blog\\\/wp-content\\\/uploads\\\/2023\\\/04\\\/kulturpalast-warschau-polen-topfeature.jpg\",\"width\":930,\"height\":390,\"caption\":\"Warschau Sehensw\u00fcrdigkeiten\"},{\"@type\":\"BreadcrumbList\",\"@id\":\"https:\\\/\\\/www.tui.com\\\/blog\\\/die-top-10-sehenswuerdigkeiten-in-warschau\\\/#breadcrumb\",\"itemListElement\":[{\"@type\":\"ListItem\",\"position\":1,\"name\":\"Startseite\",\"item\":\"https:\\\/\\\/www.tui.com\\\/blog\\\/\"},{\"@type\":\"ListItem\",\"position\":2,\"name\":\"Die Top 10 Sehensw\u00fcrdigkeiten in Warschau\"}]},{\"@type\":\"WebSite\",\"@id\":\"https:\\\/\\\/www.tui.com\\\/blog\\\/#website\",\"url\":\"https:\\\/\\\/www.tui.com\\\/blog\\\/\",\"name\":\"TUI.com Reiseblog \u2600\",\"description\":\"Abenteuer oder lieber an den Strand? \u2600 Der TUI Reiseblog bietet tolle Infos rund um deine n\u00e4chste Reise \u2708 Komm vorbei und lass dich inspirieren \u221a\",\"publisher\":{\"@id\":\"https:\\\/\\\/www.tui.com\\\/blog\\\/#organization\"},\"potentialAction\":[{\"@type\":\"SearchAction\",\"target\":{\"@type\":\"EntryPoint\",\"urlTemplate\":\"https:\\\/\\\/www.tui.com\\\/blog\\\/?s={search_term_string}\"},\"query-input\":{\"@type\":\"PropertyValueSpecification\",\"valueRequired\":true,\"valueName\":\"search_term_string\"}}],\"inLanguage\":\"de\"},{\"@type\":\"Organization\",\"@id\":\"https:\\\/\\\/www.tui.com\\\/blog\\\/#organization\",\"name\":\"TUI.com Reiseblog \u2600\",\"url\":\"https:\\\/\\\/www.tui.com\\\/blog\\\/\",\"logo\":{\"@type\":\"ImageObject\",\"inLanguage\":\"de\",\"@id\":\"https:\\\/\\\/www.tui.com\\\/blog\\\/#\\\/schema\\\/logo\\\/image\\\/\",\"url\":\"https:\\\/\\\/www.tui.com\\\/blog\\\/wp-content\\\/uploads\\\/2023\\\/04\\\/cropped-tui-logo-3.png\",\"contentUrl\":\"https:\\\/\\\/www.tui.com\\\/blog\\\/wp-content\\\/uploads\\\/2023\\\/04\\\/cropped-tui-logo-3.png\",\"width\":164,\"height\":72,\"caption\":\"TUI.com Reiseblog \u2600\"},\"image\":{\"@id\":\"https:\\\/\\\/www.tui.com\\\/blog\\\/#\\\/schema\\\/logo\\\/image\\\/\"}},{\"@type\":\"Person\",\"@id\":\"https:\\\/\\\/www.tui.com\\\/blog\\\/#\\\/schema\\\/person\\\/8089c9e758ad95f797fd320aacf114c2\",\"name\":\"TUI Bloggerin Yasemin\",\"image\":{\"@type\":\"ImageObject\",\"inLanguage\":\"de\",\"@id\":\"https:\\\/\\\/www.tui.com\\\/blog\\\/wp-content\\\/uploads\\\/2016\\\/11\\\/yasemin-profilbild-klein-200x180.jpg\",\"url\":\"https:\\\/\\\/www.tui.com\\\/blog\\\/wp-content\\\/uploads\\\/2016\\\/11\\\/yasemin-profilbild-klein-200x180.jpg\",\"contentUrl\":\"https:\\\/\\\/www.tui.com\\\/blog\\\/wp-content\\\/uploads\\\/2016\\\/11\\\/yasemin-profilbild-klein-200x180.jpg\",\"caption\":\"TUI Bloggerin Yasemin\"},\"description\":\"Berlinerin, die 4 Sprachen spricht und immer etwas zu sagen hat ;-)\",\"url\":\"https:\\\/\\\/www.tui.com\\\/blog\\\/author\\\/yasemin\\\/\"}]}<\/script>\n<!-- \/ Yoast SEO plugin. -->","yoast_head_json":{"title":"Die Top 10 Sehensw\u00fcrdigkeiten in Warschau - TUI.com Reiseblog \u2600","robots":{"index":"index","follow":"follow","max-snippet":"max-snippet:-1","max-image-preview":"max-image-preview:large","max-video-preview":"max-video-preview:-1"},"canonical":"https:\/\/www.tui.com\/blog\/die-top-10-sehenswuerdigkeiten-in-warschau\/","og_locale":"de_DE","og_type":"article","og_title":"Die Top 10 Sehensw\u00fcrdigkeiten in Warschau - TUI.com Reiseblog \u2600","og_description":"Bloggerin Yasemin ist wieder einmal in Europa unterwegs. W\u00e4hrend ihres Kurzurlaubs in Polen entdeckte sie die sch\u00f6nsten Warschauer Sehensw\u00fcrdigkeiten.","og_url":"https:\/\/www.tui.com\/blog\/die-top-10-sehenswuerdigkeiten-in-warschau\/","og_site_name":"TUI.com Reiseblog \u2600","article_published_time":"2015-06-05T07:30:33+00:00","article_modified_time":"2025-08-06T14:07:25+00:00","og_image":[{"width":930,"height":390,"url":"https:\/\/www.tui.com\/blog\/wp-content\/uploads\/2023\/04\/kulturpalast-warschau-polen-topfeature.jpg","type":"image\/jpeg"}],"author":"TUI Bloggerin Yasemin","twitter_card":"summary_large_image","twitter_misc":{"Verfasst von":"TUI Bloggerin Yasemin","Gesch\u00e4tzte Lesezeit":"3\u00a0Minuten"},"schema":{"@context":"https:\/\/schema.org","@graph":[{"@type":"BlogPosting","@id":"https:\/\/www.tui.com\/blog\/die-top-10-sehenswuerdigkeiten-in-warschau\/#article","isPartOf":{"@id":"https:\/\/www.tui.com\/blog\/die-top-10-sehenswuerdigkeiten-in-warschau\/"},"author":{"name":"TUI Bloggerin Yasemin","@id":"https:\/\/www.tui.com\/blog\/#\/schema\/person\/8089c9e758ad95f797fd320aacf114c2"},"headline":"Die Top 10 Sehensw\u00fcrdigkeiten in Warschau","datePublished":"2015-06-05T07:30:33+00:00","dateModified":"2025-08-06T14:07:25+00:00","mainEntityOfPage":{"@id":"https:\/\/www.tui.com\/blog\/die-top-10-sehenswuerdigkeiten-in-warschau\/"},"wordCount":698,"commentCount":5,"publisher":{"@id":"https:\/\/www.tui.com\/blog\/#organization"},"image":{"@id":"https:\/\/www.tui.com\/blog\/die-top-10-sehenswuerdigkeiten-in-warschau\/#primaryimage"},"thumbnailUrl":"https:\/\/www.tui.com\/blog\/wp-content\/uploads\/2023\/04\/kulturpalast-warschau-polen-topfeature.jpg","keywords":["Polen","Top 10"],"articleSection":["Reisearten","Reiseziele","St\u00e4dtetrip","weitere beliebte Reiseziele"],"inLanguage":"de","potentialAction":[{"@type":"CommentAction","name":"Comment","target":["https:\/\/www.tui.com\/blog\/die-top-10-sehenswuerdigkeiten-in-warschau\/#respond"]}]},{"@type":"WebPage","@id":"https:\/\/www.tui.com\/blog\/die-top-10-sehenswuerdigkeiten-in-warschau\/","url":"https:\/\/www.tui.com\/blog\/die-top-10-sehenswuerdigkeiten-in-warschau\/","name":"Die Top 10 Sehensw\u00fcrdigkeiten in Warschau - TUI.com Reiseblog \u2600","isPartOf":{"@id":"https:\/\/www.tui.com\/blog\/#website"},"primaryImageOfPage":{"@id":"https:\/\/www.tui.com\/blog\/die-top-10-sehenswuerdigkeiten-in-warschau\/#primaryimage"},"image":{"@id":"https:\/\/www.tui.com\/blog\/die-top-10-sehenswuerdigkeiten-in-warschau\/#primaryimage"},"thumbnailUrl":"https:\/\/www.tui.com\/blog\/wp-content\/uploads\/2023\/04\/kulturpalast-warschau-polen-topfeature.jpg","datePublished":"2015-06-05T07:30:33+00:00","dateModified":"2025-08-06T14:07:25+00:00","breadcrumb":{"@id":"https:\/\/www.tui.com\/blog\/die-top-10-sehenswuerdigkeiten-in-warschau\/#breadcrumb"},"inLanguage":"de","potentialAction":[{"@type":"ReadAction","target":["https:\/\/www.tui.com\/blog\/die-top-10-sehenswuerdigkeiten-in-warschau\/"]}]},{"@type":"ImageObject","inLanguage":"de","@id":"https:\/\/www.tui.com\/blog\/die-top-10-sehenswuerdigkeiten-in-warschau\/#primaryimage","url":"https:\/\/www.tui.com\/blog\/wp-content\/uploads\/2023\/04\/kulturpalast-warschau-polen-topfeature.jpg","contentUrl":"https:\/\/www.tui.com\/blog\/wp-content\/uploads\/2023\/04\/kulturpalast-warschau-polen-topfeature.jpg","width":930,"height":390,"caption":"Warschau Sehensw\u00fcrdigkeiten"},{"@type":"BreadcrumbList","@id":"https:\/\/www.tui.com\/blog\/die-top-10-sehenswuerdigkeiten-in-warschau\/#breadcrumb","itemListElement":[{"@type":"ListItem","position":1,"name":"Startseite","item":"https:\/\/www.tui.com\/blog\/"},{"@type":"ListItem","position":2,"name":"Die Top 10 Sehensw\u00fcrdigkeiten in Warschau"}]},{"@type":"WebSite","@id":"https:\/\/www.tui.com\/blog\/#website","url":"https:\/\/www.tui.com\/blog\/","name":"TUI.com Reiseblog \u2600","description":"Abenteuer oder lieber an den Strand? \u2600 Der TUI Reiseblog bietet tolle Infos rund um deine n\u00e4chste Reise \u2708 Komm vorbei und lass dich inspirieren \u221a","publisher":{"@id":"https:\/\/www.tui.com\/blog\/#organization"},"potentialAction":[{"@type":"SearchAction","target":{"@type":"EntryPoint","urlTemplate":"https:\/\/www.tui.com\/blog\/?s={search_term_string}"},"query-input":{"@type":"PropertyValueSpecification","valueRequired":true,"valueName":"search_term_string"}}],"inLanguage":"de"},{"@type":"Organization","@id":"https:\/\/www.tui.com\/blog\/#organization","name":"TUI.com Reiseblog \u2600","url":"https:\/\/www.tui.com\/blog\/","logo":{"@type":"ImageObject","inLanguage":"de","@id":"https:\/\/www.tui.com\/blog\/#\/schema\/logo\/image\/","url":"https:\/\/www.tui.com\/blog\/wp-content\/uploads\/2023\/04\/cropped-tui-logo-3.png","contentUrl":"https:\/\/www.tui.com\/blog\/wp-content\/uploads\/2023\/04\/cropped-tui-logo-3.png","width":164,"height":72,"caption":"TUI.com Reiseblog \u2600"},"image":{"@id":"https:\/\/www.tui.com\/blog\/#\/schema\/logo\/image\/"}},{"@type":"Person","@id":"https:\/\/www.tui.com\/blog\/#\/schema\/person\/8089c9e758ad95f797fd320aacf114c2","name":"TUI Bloggerin Yasemin","image":{"@type":"ImageObject","inLanguage":"de","@id":"https:\/\/www.tui.com\/blog\/wp-content\/uploads\/2016\/11\/yasemin-profilbild-klein-200x180.jpg","url":"https:\/\/www.tui.com\/blog\/wp-content\/uploads\/2016\/11\/yasemin-profilbild-klein-200x180.jpg","contentUrl":"https:\/\/www.tui.com\/blog\/wp-content\/uploads\/2016\/11\/yasemin-profilbild-klein-200x180.jpg","caption":"TUI Bloggerin Yasemin"},"description":"Berlinerin, die 4 Sprachen spricht und immer etwas zu sagen hat ;-)","url":"https:\/\/www.tui.com\/blog\/author\/yasemin\/"}]}},"_links":{"self":[{"href":"https:\/\/www.tui.com\/blog\/wp-json\/wp\/v2\/posts\/134748","targetHints":{"allow":["GET"]}}],"collection":[{"href":"https:\/\/www.tui.com\/blog\/wp-json\/wp\/v2\/posts"}],"about":[{"href":"https:\/\/www.tui.com\/blog\/wp-json\/wp\/v2\/types\/post"}],"author":[{"embeddable":true,"href":"https:\/\/www.tui.com\/blog\/wp-json\/wp\/v2\/users\/74"}],"replies":[{"embeddable":true,"href":"https:\/\/www.tui.com\/blog\/wp-json\/wp\/v2\/comments?post=134748"}],"version-history":[{"count":4,"href":"https:\/\/www.tui.com\/blog\/wp-json\/wp\/v2\/posts\/134748\/revisions"}],"predecessor-version":[{"id":480714,"href":"https:\/\/www.tui.com\/blog\/wp-json\/wp\/v2\/posts\/134748\/revisions\/480714"}],"wp:featuredmedia":[{"embeddable":true,"href":"https:\/\/www.tui.com\/blog\/wp-json\/wp\/v2\/media\/134790"}],"wp:attachment":[{"href":"https:\/\/www.tui.com\/blog\/wp-json\/wp\/v2\/media?parent=134748"}],"wp:term":[{"taxonomy":"category","embeddable":true,"href":"https:\/\/www.tui.com\/blog\/wp-json\/wp\/v2\/categories?post=134748"},{"taxonomy":"post_tag","embeddable":true,"href":"https:\/\/www.tui.com\/blog\/wp-json\/wp\/v2\/tags?post=134748"}],"curies":[{"name":"wp","href":"https:\/\/api.w.org\/{rel}","templated":true}]}}