{"id":142742,"date":"2016-04-20T10:00:51","date_gmt":"2016-04-20T08:00:51","guid":{"rendered":"https:\/\/blog.tui.info\/insel-aus-feuer-und-eis-eis-baby-vol-1\/"},"modified":"2025-06-20T08:35:48","modified_gmt":"2025-06-20T06:35:48","slug":"insel-aus-feuer-und-eis-eis-baby-vol-1","status":"publish","type":"post","link":"https:\/\/www.tui.com\/blog\/insel-aus-feuer-und-eis-eis-baby-vol-1\/","title":{"rendered":"Island: Insel aus Feuer und Eis, Eis Baby Vol. 1"},"content":{"rendered":"\n<p class=\"firstTextGrey\">Island ist DAS Reiseziel schlechthin derzeit! Auch in TUI Bloggerin Lydia schlummerte l\u00e4ngst der Wunsch die wundersch\u00f6ne Insel zu erkunden und so reiste sie mit einer Freundin f\u00fcr 10 Tage durch das nordeurop\u00e4ische Land aus Feuer und Eis. Ob sie auf dem Roadtrip ihren Traum erf\u00fcllen konnte die Nordlichter zu sehen und was sie sonst noch alles erlebte, lest ihr im ersten Teil ihrer Islandreise.<\/p>\n\n\n\n<p>[googlemaps] Schon lange war die nordeurop\u00e4ische Insel f\u00fcr mich ein Sehnsuchtsziel. Weite Landschaften, ber\u00fchmte Filmkulissen, Vulkane, Gletscher &#8211; eben die Insel aus Feuer und Eis (sehr, sehr viel Eis wie sich herausstellte). Und besonders einen Traum wollte ich mir dort erf\u00fcllen: Einmal die Nordlichter sehen!<\/p>\n\n\n\n<h3 class=\"wp-block-heading\">Start des Abenteuers Island<\/h3>\n\n\n\n<p>Nach der Landung fahren wir auf Islands bekannteste Stra\u00dfe, die Ringstra\u00dfe, in Richtung Norden zur ersten \u00dcbernachtung in dem kleinen Ort Borgranes. Die Stadt nutzt ihr hei\u00dfes Wasser aus dem Dildartunguhver, der gr\u00f6\u00dften Hei\u00dfwasserquelle der Welt und unser erster Stopp am n\u00e4chsten Morgen. Aus dieser Quelle entspringen 180 Liter Wasser in der Sekunde, das 95 Grad hei\u00df ist. Es riecht stark nach Schwefel und nach einem fixen Besuch machen wir uns zum ersten von unz\u00e4hligen Wasserf\u00e4llen auf. In eisigen Temperaturen bewundern wir das Farbspiel des Hraunfossar, der direkt aus dem Lavafeld hervorstr\u00f6mt.<\/p>\n\n\n\n<figure class=\"wp-block-gallery has-nested-images columns-3 is-cropped wp-block-gallery-1 is-layout-flex wp-block-gallery-is-layout-flex\">\n<figure class=\"wp-block-image size-large\"><img decoding=\"async\" width=\"844\" height=\"563\" data-id=\"142744\" src=\"https:\/\/www.tui.com\/blog\/wp-content\/uploads\/2023\/04\/Hraunfossar-844x563.jpg\" alt=\"Hraunfossar, einer von Islands zahllosen Wasserf\u00e4llen\" class=\"wp-image-142744\" srcset=\"https:\/\/www.tui.com\/blog\/wp-content\/uploads\/2023\/04\/Hraunfossar-844x563.jpg 844w, https:\/\/www.tui.com\/blog\/wp-content\/uploads\/2023\/04\/Hraunfossar-666x444.jpg 666w, https:\/\/www.tui.com\/blog\/wp-content\/uploads\/2023\/04\/Hraunfossar-768x512.jpg 768w, https:\/\/www.tui.com\/blog\/wp-content\/uploads\/2023\/04\/Hraunfossar.jpg 1000w\" sizes=\"(max-width: 844px) 100vw, 844px\" \/><\/figure>\n\n\n\n<figure class=\"wp-block-image size-large\"><img decoding=\"async\" width=\"844\" height=\"563\" data-id=\"142746\" src=\"https:\/\/www.tui.com\/blog\/wp-content\/uploads\/2023\/04\/Neue-Kirche-von-Reykholt-1-844x563.jpg\" alt=\"Typische Kirche (Reykholt)\" class=\"wp-image-142746\" srcset=\"https:\/\/www.tui.com\/blog\/wp-content\/uploads\/2023\/04\/Neue-Kirche-von-Reykholt-1-844x563.jpg 844w, https:\/\/www.tui.com\/blog\/wp-content\/uploads\/2023\/04\/Neue-Kirche-von-Reykholt-1-666x444.jpg 666w, https:\/\/www.tui.com\/blog\/wp-content\/uploads\/2023\/04\/Neue-Kirche-von-Reykholt-1-768x512.jpg 768w, https:\/\/www.tui.com\/blog\/wp-content\/uploads\/2023\/04\/Neue-Kirche-von-Reykholt-1.jpg 1000w\" sizes=\"(max-width: 844px) 100vw, 844px\" \/><\/figure>\n\n\n\n<figure class=\"wp-block-image size-large\"><img decoding=\"async\" width=\"1000\" height=\"563\" data-id=\"142748\" src=\"https:\/\/www.tui.com\/blog\/wp-content\/uploads\/2023\/04\/20160325_130847-1-1000x563.jpg\" alt=\"Immer Zeit f\u00fcr ein Foto\" class=\"wp-image-142748\" srcset=\"https:\/\/www.tui.com\/blog\/wp-content\/uploads\/2023\/04\/20160325_130847-1-1000x563.jpg 1000w, https:\/\/www.tui.com\/blog\/wp-content\/uploads\/2023\/04\/20160325_130847-1-790x444.jpg 790w, https:\/\/www.tui.com\/blog\/wp-content\/uploads\/2023\/04\/20160325_130847-1-320x180.jpg 320w, https:\/\/www.tui.com\/blog\/wp-content\/uploads\/2023\/04\/20160325_130847-1-768x432.jpg 768w, https:\/\/www.tui.com\/blog\/wp-content\/uploads\/2023\/04\/20160325_130847-1.jpg 1012w\" sizes=\"(max-width: 1000px) 100vw, 1000px\" \/><\/figure>\n<\/figure>\n\n\n\n<h3 class=\"wp-block-heading\">40 Kilometer bis zum Polarkreis<\/h3>\n\n\n\n<p>Immer weiter fahren wir in Richtung Norden zum n\u00e4chsten \u00dcbernachtungsstopp in Bl\u00f6nduos. W\u00e4hrend wir um den langen Ausl\u00e4ufer Vatnsness herumfahren, ver\u00e4ndert sich die Landschaft zunehmend und tauscht Gr\u00fcn, Braun und Blau gegen klares, kaltes Wei\u00df ein. Immer verschneiter, windiger und eisiger wird die Umgebung.<\/p>\n\n\n\n<p>Am n\u00e4chsten Tag durchqueren wir bizarre Landschaften &#8211; nun mitten im Schneegest\u00f6ber. Zur einen Seite geht es tief nach unten zum Meer, w\u00e4hrend sich auf der anderen Seite die Berge auftun, deren Gipfel wei\u00df verh\u00fcllt in den Wolken liegen. Mit unserem kleinen Gel\u00e4ndewagen sind wir jetzt nur noch 40 Kilometer vom Polarkreis entfernt. Langsam schleichen wir die verschneiten Stra\u00dfen entlang ohne einer Menschenseele zu begegnen. Nur die toughen Islandpferde begleiten uns, die bei jedem Wind und Wetter mit wallender M\u00e4hne auf den Feldern stehen. In <span class=\"st\">Siglufj\u00f6r\u00f0ur, einem \u00d6rtchen vor beeindruckender Bergkulisse, legen wir eine gem\u00fctliche Kaffeepause ein. Fr\u00fcher wurden hier Heringe im Akkord gefangen, heute ist es ein etwas verschlafenes Skigebiet. <\/span><\/p>\n\n\n\n<figure class=\"wp-block-gallery has-nested-images columns-3 is-cropped wp-block-gallery-2 is-layout-flex wp-block-gallery-is-layout-flex\">\n<figure class=\"wp-block-image size-large\"><img decoding=\"async\" width=\"1000\" height=\"563\" data-id=\"142750\" src=\"https:\/\/www.tui.com\/blog\/wp-content\/uploads\/2023\/04\/20160326_161054-1000x563.jpg\" alt=\"Bedrohlich zwischen Meer und Gebirge\" class=\"wp-image-142750\" srcset=\"https:\/\/www.tui.com\/blog\/wp-content\/uploads\/2023\/04\/20160326_161054-1000x563.jpg 1000w, https:\/\/www.tui.com\/blog\/wp-content\/uploads\/2023\/04\/20160326_161054-790x444.jpg 790w, https:\/\/www.tui.com\/blog\/wp-content\/uploads\/2023\/04\/20160326_161054-320x180.jpg 320w, https:\/\/www.tui.com\/blog\/wp-content\/uploads\/2023\/04\/20160326_161054-768x432.jpg 768w, https:\/\/www.tui.com\/blog\/wp-content\/uploads\/2023\/04\/20160326_161054-1536x864.jpg 1536w, https:\/\/www.tui.com\/blog\/wp-content\/uploads\/2023\/04\/20160326_161054-2048x1152.jpg 2048w\" sizes=\"(max-width: 1000px) 100vw, 1000px\" \/><\/figure>\n\n\n\n<figure class=\"wp-block-image size-large\"><img decoding=\"async\" width=\"375\" height=\"563\" data-id=\"142752\" src=\"https:\/\/www.tui.com\/blog\/wp-content\/uploads\/2023\/04\/Nur-40-KM-vom-Polarkreis-entfernt-375x563.jpg\" alt=\"40 Kilometer vom Polarkreis entfernt\" class=\"wp-image-142752\" srcset=\"https:\/\/www.tui.com\/blog\/wp-content\/uploads\/2023\/04\/Nur-40-KM-vom-Polarkreis-entfernt-375x563.jpg 375w, https:\/\/www.tui.com\/blog\/wp-content\/uploads\/2023\/04\/Nur-40-KM-vom-Polarkreis-entfernt-296x444.jpg 296w, https:\/\/www.tui.com\/blog\/wp-content\/uploads\/2023\/04\/Nur-40-KM-vom-Polarkreis-entfernt-768x1152.jpg 768w, https:\/\/www.tui.com\/blog\/wp-content\/uploads\/2023\/04\/Nur-40-KM-vom-Polarkreis-entfernt-1024x1536.jpg 1024w, https:\/\/www.tui.com\/blog\/wp-content\/uploads\/2023\/04\/Nur-40-KM-vom-Polarkreis-entfernt-1365x2048.jpg 1365w, https:\/\/www.tui.com\/blog\/wp-content\/uploads\/2023\/04\/Nur-40-KM-vom-Polarkreis-entfernt-scaled.jpg 1707w\" sizes=\"(max-width: 375px) 100vw, 375px\" \/><\/figure>\n\n\n\n<figure class=\"wp-block-image size-large\"><img decoding=\"async\" width=\"844\" height=\"563\" data-id=\"142754\" src=\"https:\/\/www.tui.com\/blog\/wp-content\/uploads\/2023\/04\/Autoreifen_Island-844x563.jpg\" alt=\"Reifenkunst\" class=\"wp-image-142754\" srcset=\"https:\/\/www.tui.com\/blog\/wp-content\/uploads\/2023\/04\/Autoreifen_Island-844x563.jpg 844w, https:\/\/www.tui.com\/blog\/wp-content\/uploads\/2023\/04\/Autoreifen_Island-666x444.jpg 666w, https:\/\/www.tui.com\/blog\/wp-content\/uploads\/2023\/04\/Autoreifen_Island-768x512.jpg 768w, https:\/\/www.tui.com\/blog\/wp-content\/uploads\/2023\/04\/Autoreifen_Island.jpg 1000w\" sizes=\"(max-width: 844px) 100vw, 844px\" \/><\/figure>\n\n\n\n<figure class=\"wp-block-image size-large\"><img decoding=\"async\" width=\"844\" height=\"563\" data-id=\"142756\" src=\"https:\/\/www.tui.com\/blog\/wp-content\/uploads\/2023\/04\/Islandpferde-1-844x563.jpg\" alt=\"Hart im Nehmen: Islandpferde\" class=\"wp-image-142756\" srcset=\"https:\/\/www.tui.com\/blog\/wp-content\/uploads\/2023\/04\/Islandpferde-1-844x563.jpg 844w, https:\/\/www.tui.com\/blog\/wp-content\/uploads\/2023\/04\/Islandpferde-1-666x444.jpg 666w, https:\/\/www.tui.com\/blog\/wp-content\/uploads\/2023\/04\/Islandpferde-1-768x512.jpg 768w, https:\/\/www.tui.com\/blog\/wp-content\/uploads\/2023\/04\/Islandpferde-1.jpg 1000w\" sizes=\"(max-width: 844px) 100vw, 844px\" \/><\/figure>\n<\/figure>\n\n\n\n<h3 class=\"wp-block-heading\">Jagd auf die Polarlichter<\/h3>\n\n\n\n<p>Unser n\u00e4chster Stopp ist Akureyri, das kulturelle Zentrum des Nordens und die erste wirkliche Stadt seit langem. Hier herrscht ein reges Nachtleben, Bars und Clubs reihen sich aneinander. Ein starker Kontrast nach der langen Ein\u00f6de. Am n\u00e4chsten Morgen geht es zum Myvatn See und endlich in die erste hei\u00dfe Quelle zum Baden. Es ist ein seltsames Gef\u00fchl, bei 3 Grad im hei\u00dfen Schwefelwasser zu sitzen, w\u00e4hrend einem die Haare gefrieren. Die Ausblicke und die W\u00e4rme sind eine willkommene Erholung zu den eiskalten Ausfl\u00fcgen und den vielen Autostunden. Rund um den See erwartet uns wieder eine menschenleere Weite.<\/p>\n\n\n<div class=\"wp-block-image wp-image-22594 size-gallery-639\">\n<figure class=\"aligncenter\"><img decoding=\"async\" width=\"1532\" height=\"1021\" src=\"https:\/\/www.tui.com\/blog\/wp-content\/uploads\/2023\/04\/Myvatn-1.jpg\" alt=\"Myvatn, Island\" class=\"wp-image-22594\"\/><figcaption class=\"wp-element-caption\">Mitten im Nichts<\/figcaption><\/figure>\n<\/div>\n\n\n<p>Auch unser Hotel liegt mitten im Nichts, perfekt jedoch zur anstehenden Nordlichter-Jagd, f\u00fcr die wir uns per Weckservice zweimal in der Nacht rufen lie\u00dfen. Daf\u00fcr schaut der Empfangsmitarbeiter alle 15 Minuten in die K\u00e4lte, ob der Himmel klar ist. Danach weckt er alle G\u00e4ste, die sich f\u00fcr den Service angemeldet haben. Puh, was f\u00fcr ein anstrengender Job! Leider waren die Lichter in dieser schlaflosen Nacht sehr schwach und der Himmel sehr verhangen, sodass wir hinter den wolken\u00e4hnlichen Gebilden die Lichter nur erahnen k\u00f6nnen. Hoffentlich haben wir noch einmal Gl\u00fcck!<\/p>\n\n\n\n<p>Auf dem See wurde \u00fcbrigens gerade &#8222;The Fast and the Furious 8&#8220; gedreht, was nicht verwunderlich ist, denn Island hielt schon f\u00fcr unz\u00e4hlige Filme her. Leider lie\u00dfen sich die Schauspieler nicht f\u00fcr die Nordlichtbeobachtung wecken&#8230;<\/p>\n\n\n<div class=\"wp-block-image wp-image-22494 size-gallery-639\">\n<figure class=\"aligncenter\"><img decoding=\"async\" width=\"1028\" height=\"771\" src=\"https:\/\/www.tui.com\/blog\/wp-content\/uploads\/2023\/04\/Filmdreh.jpg\" alt=\"Das Eis war wohl doch nicht so dick...\" class=\"wp-image-22494\"\/><figcaption class=\"wp-element-caption\">Filmdreh von &#8222;The Fast and the Furious 8&#8220;<\/figcaption><\/figure>\n<\/div>\n\n\n<h3 class=\"wp-block-heading\">Wir haben Gl\u00fcck! Die Polarlichter Islands<\/h3>\n\n\n\n<p>Weiter geht es die Ostk\u00fcste hinunter in den S\u00fcden nach H\u00f6fn. Erwartungsvoll schauen wir am Abend hinauf, die Bedingungen scheinen gut: Wolkenloser Himmel und eine Voraussage von Nordlichtern der Stufe vier. Wir fahren hinaus aus der Stadt, weg von den hellen Lichtern die den Blick auf die Nordlichter \u00fcberstrahlen w\u00fcrden. Und pl\u00f6tzlich tauchen sie vor uns auf! Verschiedene gr\u00fcne Schleier ziehen sich \u00fcber den Sternenhimmel und tanzen auf und ab. Wir positionieren uns allein auf einem weiten Feld und starren begeistert in den klaren Nachthimmel. Die Lichter sind noch viel eindrucksvoller als ich es mir ausgemalt hatte. Die Kamera klickt und versucht einzufangen, was einen wirklich inne halten l\u00e4sst. Wieder f\u00fchle ich mich als w\u00e4re ich auf einem anderen Planeten. Stundenlang stehen wir auf dem Feld und k\u00f6nnen uns an den magischen Lichtern einfach nicht satt sehen. Als die Finger langsam taub werden, brechen wir schweren Herzens auf.<\/p>\n\n\n\n<figure class=\"wp-block-image\"><img decoding=\"async\" src=\"https:\/\/www.tui.com\/blog\/wp-content\/uploads\/2023\/04\/Nordlichter-bei-Hoefn-2.jpg\" alt=\"Polarlicht Island\" class=\"wp-image-22477\" title=\"Wir hatten Gl\u00fcck!\"\/><\/figure>\n\n\n\n<p><\/p>\n\n\n<div class=\"wp-block-image\">\n<figure class=\"aligncenter\"><img decoding=\"async\" src=\"https:\/\/www.tui.com\/blog\/wp-content\/uploads\/2023\/04\/DSC00892.jpg\" alt=\"Islandpferde gibt's \u00fcberall\" class=\"wp-image-21765\" title=\"Islandpferde gibt's \u00fcberall\"\/><\/figure>\n<\/div>\n\n\n<div style=\"width: 49%; float: left; margin-bottom: 0px;\"><\/div>\n\n\n<div class=\"wp-block-image\">\n<figure class=\"aligncenter\"><img decoding=\"async\" src=\"https:\/\/www.tui.com\/blog\/wp-content\/uploads\/2023\/04\/Nordlichter-bei-Hoefn-1.jpg\" alt=\"Polarlicht erhellt den Himmel\" class=\"wp-image-21767\" title=\"Polarlicht erhellt den Himmel\"\/><\/figure>\n<\/div>\n\n\n<div style=\"width: 49%; float: right; margin-bottom: 0px;\"><\/div>\n\n\n\n<div class=\"clear\">&nbsp;<\/div>\n\n\n\n<figure class=\"wp-block-image\"><img decoding=\"async\" width=\"1642\" height=\"1094\" src=\"https:\/\/www.tui.com\/blog\/wp-content\/uploads\/2023\/04\/DSC00872.jpg\" alt=\"Island\" class=\"wp-image-22597\" title=\"Bev\u00f6lkern ebenfalls die Insel\"\/><\/figure>\n\n\n\n<p><\/p>\n\n\n\n<p>Das war der erste Teil meiner Islandreise. Polarlichter check! Wie es ist den gr\u00f6\u00dften Gletscher Europas zu entdecken, wie der sch\u00f6nste Wasserfall aussieht und was der Golden Circle ist, erfahrt ihr <a href=\"https:\/\/www.tui.com\/blog\/insel-aus-feuer-und-eis-eis-baby-vol-2\">hier im zweiten Teil <\/a>meiner <a href=\"https:\/\/www.tui.com\/rundreisen\/island\/\">Rundreise.<\/a> Unbedingt reinlesen!<\/p>\n\n\n\n<div style=\"border: 1px solid #BED3BF; padding: 10px; margin-bottom: 20px;\"><\/div>\n\n\n<div class=\"wp-block-image\">\n<figure class=\"alignright\"><a href=\"https:\/\/www.tui.com\/rundreisen\/island\/\" rel=\"noopener\"><img decoding=\"async\" src=\"https:\/\/www.tui.com\/blog\/wp-content\/uploads\/2023\/04\/autoreisen-gruppe.gif\" alt=\"\" class=\"wp-image-10269\"\/><\/a><figcaption class=\"wp-element-caption\">Rundreisen mit TUI<\/figcaption><\/figure>\n<\/div>\n\n\n<h3 class=\"wp-block-heading\">MACHT ES WIE LYDIA: ENTDECKT ISLANDS HIGHLIGHTS PER RUNDREISE<\/h3>\n\n\n\n<p>\u25ba <a href=\"https:\/\/www.tui.com\/rundreisen\/island\/\" target=\"_blank\" rel=\"noopener\">Alle TUI Rundreiseangebote f\u00fcr Island<\/a><br><strong><strong><strong><br><\/strong><\/strong><\/strong><\/p>\n","protected":false},"excerpt":{"rendered":"<p>Island ist DAS Reiseziel schlechthin derzeit! Auch in TUI Bloggerin Lydia schlummerte l\u00e4ngst der Wunsch die wundersch\u00f6ne Insel zu erkunden und so reiste sie mit einer Freundin f\u00fcr 10 Tage durch das nordeurop\u00e4ische Land aus Feuer und Eis. Ob sie auf dem Roadtrips ihren Traum erf\u00fcllen konnte die Nordlichter zu sehen und was sie sonst noch alles erlebte, lest ihr im ersten Teil ihrer Islandreise.<\/p>\n","protected":false},"author":94,"featured_media":142774,"comment_status":"open","ping_status":"open","sticky":false,"template":"","format":"standard","meta":{"_acf_changed":false,"footnotes":""},"categories":[4054,4068,4052,4030,4050],"tags":[691,1437,159,227,472],"class_list":["post-142742","post","type-post","status-publish","format-standard","has-post-thumbnail","hentry","category-archiv-aktivurlaub","category-archiv-beste-reisezeit","category-archiv-reisearten","category-archiv-reiseziele","category-archiv-weitere-beliebte-reiseziele","tag-abenteuer","tag-island","tag-natur","tag-wandern","tag-winter"],"acf":[],"yoast_head":"<!-- This site is optimized with the Yoast SEO plugin v27.4 - https:\/\/yoast.com\/product\/yoast-seo-wordpress\/ -->\n<title>Island: Insel aus Feuer und Eis, Eis Baby Vol. 1 - TUI.com Reiseblog \u2600<\/title>\n<meta name=\"robots\" content=\"index, follow, max-snippet:-1, max-image-preview:large, max-video-preview:-1\" \/>\n<link rel=\"canonical\" href=\"https:\/\/www.tui.com\/blog\/insel-aus-feuer-und-eis-eis-baby-vol-1\/\" \/>\n<meta property=\"og:locale\" content=\"de_DE\" \/>\n<meta property=\"og:type\" content=\"article\" \/>\n<meta property=\"og:title\" content=\"Island: Insel aus Feuer und Eis, Eis Baby Vol. 1 - TUI.com Reiseblog \u2600\" \/>\n<meta property=\"og:description\" content=\"Island ist DAS Reiseziel schlechthin derzeit! Auch in TUI Bloggerin Lydia schlummerte l\u00e4ngst der Wunsch die wundersch\u00f6ne Insel zu erkunden und so reiste sie mit einer Freundin f\u00fcr 10 Tage durch das nordeurop\u00e4ische Land aus Feuer und Eis. Ob sie auf dem Roadtrips ihren Traum erf\u00fcllen konnte die Nordlichter zu sehen und was sie sonst noch alles erlebte, lest ihr im ersten Teil ihrer Islandreise.\" \/>\n<meta property=\"og:url\" content=\"https:\/\/www.tui.com\/blog\/insel-aus-feuer-und-eis-eis-baby-vol-1\/\" \/>\n<meta property=\"og:site_name\" content=\"TUI.com Reiseblog \u2600\" \/>\n<meta property=\"article:published_time\" content=\"2016-04-20T08:00:51+00:00\" \/>\n<meta property=\"article:modified_time\" content=\"2025-06-20T06:35:48+00:00\" \/>\n<meta property=\"og:image\" content=\"https:\/\/www.tui.com\/blog\/wp-content\/uploads\/2023\/04\/Beiragsbild_feature_Island-1.jpg\" \/>\n\t<meta property=\"og:image:width\" content=\"930\" \/>\n\t<meta property=\"og:image:height\" content=\"390\" \/>\n\t<meta property=\"og:image:type\" content=\"image\/jpeg\" \/>\n<meta name=\"author\" content=\"TUI Bloggerin Lydia\" \/>\n<meta name=\"twitter:card\" content=\"summary_large_image\" \/>\n<meta name=\"twitter:label1\" content=\"Verfasst von\" \/>\n\t<meta name=\"twitter:data1\" content=\"TUI Bloggerin Lydia\" \/>\n\t<meta name=\"twitter:label2\" content=\"Gesch\u00e4tzte Lesezeit\" \/>\n\t<meta name=\"twitter:data2\" content=\"6\u00a0Minuten\" \/>\n<script type=\"application\/ld+json\" class=\"yoast-schema-graph\">{\"@context\":\"https:\\\/\\\/schema.org\",\"@graph\":[{\"@type\":\"BlogPosting\",\"@id\":\"https:\\\/\\\/www.tui.com\\\/blog\\\/insel-aus-feuer-und-eis-eis-baby-vol-1\\\/#article\",\"isPartOf\":{\"@id\":\"https:\\\/\\\/www.tui.com\\\/blog\\\/insel-aus-feuer-und-eis-eis-baby-vol-1\\\/\"},\"author\":{\"name\":\"TUI Bloggerin Lydia\",\"@id\":\"https:\\\/\\\/www.tui.com\\\/blog\\\/#\\\/schema\\\/person\\\/68b22d74baefe1899238804c4620658a\"},\"headline\":\"Island: Insel aus Feuer und Eis, Eis Baby Vol. 1\",\"datePublished\":\"2016-04-20T08:00:51+00:00\",\"dateModified\":\"2025-06-20T06:35:48+00:00\",\"mainEntityOfPage\":{\"@id\":\"https:\\\/\\\/www.tui.com\\\/blog\\\/insel-aus-feuer-und-eis-eis-baby-vol-1\\\/\"},\"wordCount\":885,\"commentCount\":1,\"publisher\":{\"@id\":\"https:\\\/\\\/www.tui.com\\\/blog\\\/#organization\"},\"image\":{\"@id\":\"https:\\\/\\\/www.tui.com\\\/blog\\\/insel-aus-feuer-und-eis-eis-baby-vol-1\\\/#primaryimage\"},\"thumbnailUrl\":\"https:\\\/\\\/www.tui.com\\\/blog\\\/wp-content\\\/uploads\\\/2023\\\/04\\\/Beiragsbild_feature_Island-1.jpg\",\"keywords\":[\"Abenteuer\",\"Island\",\"Natur\",\"Wandern\",\"Winter\"],\"articleSection\":[\"Aktivurlaub\",\"Beste Reisezeit\",\"Reisearten\",\"Reiseziele\",\"weitere beliebte Reiseziele\"],\"inLanguage\":\"de\",\"potentialAction\":[{\"@type\":\"CommentAction\",\"name\":\"Comment\",\"target\":[\"https:\\\/\\\/www.tui.com\\\/blog\\\/insel-aus-feuer-und-eis-eis-baby-vol-1\\\/#respond\"]}]},{\"@type\":\"WebPage\",\"@id\":\"https:\\\/\\\/www.tui.com\\\/blog\\\/insel-aus-feuer-und-eis-eis-baby-vol-1\\\/\",\"url\":\"https:\\\/\\\/www.tui.com\\\/blog\\\/insel-aus-feuer-und-eis-eis-baby-vol-1\\\/\",\"name\":\"Island: Insel aus Feuer und Eis, Eis Baby Vol. 1 - TUI.com Reiseblog \u2600\",\"isPartOf\":{\"@id\":\"https:\\\/\\\/www.tui.com\\\/blog\\\/#website\"},\"primaryImageOfPage\":{\"@id\":\"https:\\\/\\\/www.tui.com\\\/blog\\\/insel-aus-feuer-und-eis-eis-baby-vol-1\\\/#primaryimage\"},\"image\":{\"@id\":\"https:\\\/\\\/www.tui.com\\\/blog\\\/insel-aus-feuer-und-eis-eis-baby-vol-1\\\/#primaryimage\"},\"thumbnailUrl\":\"https:\\\/\\\/www.tui.com\\\/blog\\\/wp-content\\\/uploads\\\/2023\\\/04\\\/Beiragsbild_feature_Island-1.jpg\",\"datePublished\":\"2016-04-20T08:00:51+00:00\",\"dateModified\":\"2025-06-20T06:35:48+00:00\",\"breadcrumb\":{\"@id\":\"https:\\\/\\\/www.tui.com\\\/blog\\\/insel-aus-feuer-und-eis-eis-baby-vol-1\\\/#breadcrumb\"},\"inLanguage\":\"de\",\"potentialAction\":[{\"@type\":\"ReadAction\",\"target\":[\"https:\\\/\\\/www.tui.com\\\/blog\\\/insel-aus-feuer-und-eis-eis-baby-vol-1\\\/\"]}]},{\"@type\":\"ImageObject\",\"inLanguage\":\"de\",\"@id\":\"https:\\\/\\\/www.tui.com\\\/blog\\\/insel-aus-feuer-und-eis-eis-baby-vol-1\\\/#primaryimage\",\"url\":\"https:\\\/\\\/www.tui.com\\\/blog\\\/wp-content\\\/uploads\\\/2023\\\/04\\\/Beiragsbild_feature_Island-1.jpg\",\"contentUrl\":\"https:\\\/\\\/www.tui.com\\\/blog\\\/wp-content\\\/uploads\\\/2023\\\/04\\\/Beiragsbild_feature_Island-1.jpg\",\"width\":930,\"height\":390},{\"@type\":\"BreadcrumbList\",\"@id\":\"https:\\\/\\\/www.tui.com\\\/blog\\\/insel-aus-feuer-und-eis-eis-baby-vol-1\\\/#breadcrumb\",\"itemListElement\":[{\"@type\":\"ListItem\",\"position\":1,\"name\":\"Startseite\",\"item\":\"https:\\\/\\\/www.tui.com\\\/blog\\\/\"},{\"@type\":\"ListItem\",\"position\":2,\"name\":\"Island: Insel aus Feuer und Eis, Eis Baby Vol. 1\"}]},{\"@type\":\"WebSite\",\"@id\":\"https:\\\/\\\/www.tui.com\\\/blog\\\/#website\",\"url\":\"https:\\\/\\\/www.tui.com\\\/blog\\\/\",\"name\":\"TUI.com Reiseblog \u2600\",\"description\":\"Abenteuer oder lieber an den Strand? \u2600 Der TUI Reiseblog bietet tolle Infos rund um deine n\u00e4chste Reise \u2708 Komm vorbei und lass dich inspirieren \u221a\",\"publisher\":{\"@id\":\"https:\\\/\\\/www.tui.com\\\/blog\\\/#organization\"},\"potentialAction\":[{\"@type\":\"SearchAction\",\"target\":{\"@type\":\"EntryPoint\",\"urlTemplate\":\"https:\\\/\\\/www.tui.com\\\/blog\\\/?s={search_term_string}\"},\"query-input\":{\"@type\":\"PropertyValueSpecification\",\"valueRequired\":true,\"valueName\":\"search_term_string\"}}],\"inLanguage\":\"de\"},{\"@type\":\"Organization\",\"@id\":\"https:\\\/\\\/www.tui.com\\\/blog\\\/#organization\",\"name\":\"TUI.com Reiseblog \u2600\",\"url\":\"https:\\\/\\\/www.tui.com\\\/blog\\\/\",\"logo\":{\"@type\":\"ImageObject\",\"inLanguage\":\"de\",\"@id\":\"https:\\\/\\\/www.tui.com\\\/blog\\\/#\\\/schema\\\/logo\\\/image\\\/\",\"url\":\"https:\\\/\\\/www.tui.com\\\/blog\\\/wp-content\\\/uploads\\\/2023\\\/04\\\/cropped-tui-logo-3.png\",\"contentUrl\":\"https:\\\/\\\/www.tui.com\\\/blog\\\/wp-content\\\/uploads\\\/2023\\\/04\\\/cropped-tui-logo-3.png\",\"width\":164,\"height\":72,\"caption\":\"TUI.com Reiseblog \u2600\"},\"image\":{\"@id\":\"https:\\\/\\\/www.tui.com\\\/blog\\\/#\\\/schema\\\/logo\\\/image\\\/\"}},{\"@type\":\"Person\",\"@id\":\"https:\\\/\\\/www.tui.com\\\/blog\\\/#\\\/schema\\\/person\\\/68b22d74baefe1899238804c4620658a\",\"name\":\"TUI Bloggerin Lydia\",\"image\":{\"@type\":\"ImageObject\",\"inLanguage\":\"de\",\"@id\":\"https:\\\/\\\/www.tui.com\\\/blog\\\/wp-content\\\/uploads\\\/2016\\\/11\\\/lydia-profilbild-klein-200x180.jpg\",\"url\":\"https:\\\/\\\/www.tui.com\\\/blog\\\/wp-content\\\/uploads\\\/2016\\\/11\\\/lydia-profilbild-klein-200x180.jpg\",\"contentUrl\":\"https:\\\/\\\/www.tui.com\\\/blog\\\/wp-content\\\/uploads\\\/2016\\\/11\\\/lydia-profilbild-klein-200x180.jpg\",\"caption\":\"TUI Bloggerin Lydia\"},\"description\":\"auf ins Abenteuer!\",\"url\":\"https:\\\/\\\/www.tui.com\\\/blog\\\/author\\\/lydia\\\/\"}]}<\/script>\n<!-- \/ Yoast SEO plugin. -->","yoast_head_json":{"title":"Island: Insel aus Feuer und Eis, Eis Baby Vol. 1 - TUI.com Reiseblog \u2600","robots":{"index":"index","follow":"follow","max-snippet":"max-snippet:-1","max-image-preview":"max-image-preview:large","max-video-preview":"max-video-preview:-1"},"canonical":"https:\/\/www.tui.com\/blog\/insel-aus-feuer-und-eis-eis-baby-vol-1\/","og_locale":"de_DE","og_type":"article","og_title":"Island: Insel aus Feuer und Eis, Eis Baby Vol. 1 - TUI.com Reiseblog \u2600","og_description":"Island ist DAS Reiseziel schlechthin derzeit! Auch in TUI Bloggerin Lydia schlummerte l\u00e4ngst der Wunsch die wundersch\u00f6ne Insel zu erkunden und so reiste sie mit einer Freundin f\u00fcr 10 Tage durch das nordeurop\u00e4ische Land aus Feuer und Eis. Ob sie auf dem Roadtrips ihren Traum erf\u00fcllen konnte die Nordlichter zu sehen und was sie sonst noch alles erlebte, lest ihr im ersten Teil ihrer Islandreise.","og_url":"https:\/\/www.tui.com\/blog\/insel-aus-feuer-und-eis-eis-baby-vol-1\/","og_site_name":"TUI.com Reiseblog \u2600","article_published_time":"2016-04-20T08:00:51+00:00","article_modified_time":"2025-06-20T06:35:48+00:00","og_image":[{"width":930,"height":390,"url":"https:\/\/www.tui.com\/blog\/wp-content\/uploads\/2023\/04\/Beiragsbild_feature_Island-1.jpg","type":"image\/jpeg"}],"author":"TUI Bloggerin Lydia","twitter_card":"summary_large_image","twitter_misc":{"Verfasst von":"TUI Bloggerin Lydia","Gesch\u00e4tzte Lesezeit":"6\u00a0Minuten"},"schema":{"@context":"https:\/\/schema.org","@graph":[{"@type":"BlogPosting","@id":"https:\/\/www.tui.com\/blog\/insel-aus-feuer-und-eis-eis-baby-vol-1\/#article","isPartOf":{"@id":"https:\/\/www.tui.com\/blog\/insel-aus-feuer-und-eis-eis-baby-vol-1\/"},"author":{"name":"TUI Bloggerin Lydia","@id":"https:\/\/www.tui.com\/blog\/#\/schema\/person\/68b22d74baefe1899238804c4620658a"},"headline":"Island: Insel aus Feuer und Eis, Eis Baby Vol. 1","datePublished":"2016-04-20T08:00:51+00:00","dateModified":"2025-06-20T06:35:48+00:00","mainEntityOfPage":{"@id":"https:\/\/www.tui.com\/blog\/insel-aus-feuer-und-eis-eis-baby-vol-1\/"},"wordCount":885,"commentCount":1,"publisher":{"@id":"https:\/\/www.tui.com\/blog\/#organization"},"image":{"@id":"https:\/\/www.tui.com\/blog\/insel-aus-feuer-und-eis-eis-baby-vol-1\/#primaryimage"},"thumbnailUrl":"https:\/\/www.tui.com\/blog\/wp-content\/uploads\/2023\/04\/Beiragsbild_feature_Island-1.jpg","keywords":["Abenteuer","Island","Natur","Wandern","Winter"],"articleSection":["Aktivurlaub","Beste Reisezeit","Reisearten","Reiseziele","weitere beliebte Reiseziele"],"inLanguage":"de","potentialAction":[{"@type":"CommentAction","name":"Comment","target":["https:\/\/www.tui.com\/blog\/insel-aus-feuer-und-eis-eis-baby-vol-1\/#respond"]}]},{"@type":"WebPage","@id":"https:\/\/www.tui.com\/blog\/insel-aus-feuer-und-eis-eis-baby-vol-1\/","url":"https:\/\/www.tui.com\/blog\/insel-aus-feuer-und-eis-eis-baby-vol-1\/","name":"Island: Insel aus Feuer und Eis, Eis Baby Vol. 1 - TUI.com Reiseblog \u2600","isPartOf":{"@id":"https:\/\/www.tui.com\/blog\/#website"},"primaryImageOfPage":{"@id":"https:\/\/www.tui.com\/blog\/insel-aus-feuer-und-eis-eis-baby-vol-1\/#primaryimage"},"image":{"@id":"https:\/\/www.tui.com\/blog\/insel-aus-feuer-und-eis-eis-baby-vol-1\/#primaryimage"},"thumbnailUrl":"https:\/\/www.tui.com\/blog\/wp-content\/uploads\/2023\/04\/Beiragsbild_feature_Island-1.jpg","datePublished":"2016-04-20T08:00:51+00:00","dateModified":"2025-06-20T06:35:48+00:00","breadcrumb":{"@id":"https:\/\/www.tui.com\/blog\/insel-aus-feuer-und-eis-eis-baby-vol-1\/#breadcrumb"},"inLanguage":"de","potentialAction":[{"@type":"ReadAction","target":["https:\/\/www.tui.com\/blog\/insel-aus-feuer-und-eis-eis-baby-vol-1\/"]}]},{"@type":"ImageObject","inLanguage":"de","@id":"https:\/\/www.tui.com\/blog\/insel-aus-feuer-und-eis-eis-baby-vol-1\/#primaryimage","url":"https:\/\/www.tui.com\/blog\/wp-content\/uploads\/2023\/04\/Beiragsbild_feature_Island-1.jpg","contentUrl":"https:\/\/www.tui.com\/blog\/wp-content\/uploads\/2023\/04\/Beiragsbild_feature_Island-1.jpg","width":930,"height":390},{"@type":"BreadcrumbList","@id":"https:\/\/www.tui.com\/blog\/insel-aus-feuer-und-eis-eis-baby-vol-1\/#breadcrumb","itemListElement":[{"@type":"ListItem","position":1,"name":"Startseite","item":"https:\/\/www.tui.com\/blog\/"},{"@type":"ListItem","position":2,"name":"Island: Insel aus Feuer und Eis, Eis Baby Vol. 1"}]},{"@type":"WebSite","@id":"https:\/\/www.tui.com\/blog\/#website","url":"https:\/\/www.tui.com\/blog\/","name":"TUI.com Reiseblog \u2600","description":"Abenteuer oder lieber an den Strand? \u2600 Der TUI Reiseblog bietet tolle Infos rund um deine n\u00e4chste Reise \u2708 Komm vorbei und lass dich inspirieren \u221a","publisher":{"@id":"https:\/\/www.tui.com\/blog\/#organization"},"potentialAction":[{"@type":"SearchAction","target":{"@type":"EntryPoint","urlTemplate":"https:\/\/www.tui.com\/blog\/?s={search_term_string}"},"query-input":{"@type":"PropertyValueSpecification","valueRequired":true,"valueName":"search_term_string"}}],"inLanguage":"de"},{"@type":"Organization","@id":"https:\/\/www.tui.com\/blog\/#organization","name":"TUI.com Reiseblog \u2600","url":"https:\/\/www.tui.com\/blog\/","logo":{"@type":"ImageObject","inLanguage":"de","@id":"https:\/\/www.tui.com\/blog\/#\/schema\/logo\/image\/","url":"https:\/\/www.tui.com\/blog\/wp-content\/uploads\/2023\/04\/cropped-tui-logo-3.png","contentUrl":"https:\/\/www.tui.com\/blog\/wp-content\/uploads\/2023\/04\/cropped-tui-logo-3.png","width":164,"height":72,"caption":"TUI.com Reiseblog \u2600"},"image":{"@id":"https:\/\/www.tui.com\/blog\/#\/schema\/logo\/image\/"}},{"@type":"Person","@id":"https:\/\/www.tui.com\/blog\/#\/schema\/person\/68b22d74baefe1899238804c4620658a","name":"TUI Bloggerin Lydia","image":{"@type":"ImageObject","inLanguage":"de","@id":"https:\/\/www.tui.com\/blog\/wp-content\/uploads\/2016\/11\/lydia-profilbild-klein-200x180.jpg","url":"https:\/\/www.tui.com\/blog\/wp-content\/uploads\/2016\/11\/lydia-profilbild-klein-200x180.jpg","contentUrl":"https:\/\/www.tui.com\/blog\/wp-content\/uploads\/2016\/11\/lydia-profilbild-klein-200x180.jpg","caption":"TUI Bloggerin Lydia"},"description":"auf ins Abenteuer!","url":"https:\/\/www.tui.com\/blog\/author\/lydia\/"}]}},"_links":{"self":[{"href":"https:\/\/www.tui.com\/blog\/wp-json\/wp\/v2\/posts\/142742","targetHints":{"allow":["GET"]}}],"collection":[{"href":"https:\/\/www.tui.com\/blog\/wp-json\/wp\/v2\/posts"}],"about":[{"href":"https:\/\/www.tui.com\/blog\/wp-json\/wp\/v2\/types\/post"}],"author":[{"embeddable":true,"href":"https:\/\/www.tui.com\/blog\/wp-json\/wp\/v2\/users\/94"}],"replies":[{"embeddable":true,"href":"https:\/\/www.tui.com\/blog\/wp-json\/wp\/v2\/comments?post=142742"}],"version-history":[{"count":3,"href":"https:\/\/www.tui.com\/blog\/wp-json\/wp\/v2\/posts\/142742\/revisions"}],"predecessor-version":[{"id":474558,"href":"https:\/\/www.tui.com\/blog\/wp-json\/wp\/v2\/posts\/142742\/revisions\/474558"}],"wp:featuredmedia":[{"embeddable":true,"href":"https:\/\/www.tui.com\/blog\/wp-json\/wp\/v2\/media\/142774"}],"wp:attachment":[{"href":"https:\/\/www.tui.com\/blog\/wp-json\/wp\/v2\/media?parent=142742"}],"wp:term":[{"taxonomy":"category","embeddable":true,"href":"https:\/\/www.tui.com\/blog\/wp-json\/wp\/v2\/categories?post=142742"},{"taxonomy":"post_tag","embeddable":true,"href":"https:\/\/www.tui.com\/blog\/wp-json\/wp\/v2\/tags?post=142742"}],"curies":[{"name":"wp","href":"https:\/\/api.w.org\/{rel}","templated":true}]}}