{"id":145774,"date":"2016-07-15T10:00:46","date_gmt":"2016-07-15T08:00:46","guid":{"rendered":"https:\/\/blog.tui.info\/sonne-strand-und-meer-satt-auf-der-kapverdischen-insel-sal\/"},"modified":"2025-07-28T11:00:38","modified_gmt":"2025-07-28T09:00:38","slug":"sonne-strand-und-meer-satt-auf-der-kapverdischen-insel-sal","status":"publish","type":"post","link":"https:\/\/www.tui.com\/blog\/sonne-strand-und-meer-satt-auf-der-kapverdischen-insel-sal\/","title":{"rendered":"Sonne, Strand und Meer satt auf der Kapverdischen Insel Sal"},"content":{"rendered":"\n<p class=\"firstTextGrey\">Zeit f\u00fcr eine Kaffeepause! Ich habe mich mit TUI Mitarbeiterin Janine aus dem Bereich Onsite Trading zusammengesetzt. Janine ist eigentlich immer on Tour und hat daher einiges zu berichten. Heute plaudert sie \u00fcber ihren Urlaub auf der Kapverdischen Insel Sal, ein Reiseziel, dass derzeit von vielen f\u00fcr den Sommerurlaub in Erw\u00e4gung gezogen wird und jetzt schon f\u00fcr den Winter buchbar ist.<\/p>\n\n\n\n<h2 class=\"wp-block-heading\">Wo und mit wem hast du denn deinen letzten Urlaub verbracht Janine?<\/h2>\n\n\n\n<p>Ich war Anfang April mit einer guten Freundin auf den <a href=\"https:\/\/www.tui.com\/pauschalreisen\/kap-verde\/\" target=\"_blank\" rel=\"noopener\">Kapverden<\/a>, genauer gesagt auf der <a href=\"https:\/\/www.tui.com\/pauschalreisen\/kap-verde\/sal\/\" target=\"_blank\" rel=\"noopener\">Insel Sal<\/a>. Wir wollten nicht zu weit fliegen, keinen Jetlag haben und eine sch\u00f6ne, warme Auszeit am Meer verbringen. Gerade in den ersten Monaten des Jahres ist es schwierig einen Urlaubsort zu finden, der Sonne satt verspricht und nicht allzu weit von Deutschland entfernt ist. Auf den Kapverdischen Inseln ist es das ganze Jahr sehr warm und immer 2-3 Grad w\u00e4rmer als auf den <a href=\"https:\/\/www.tui.com\/pauschalreisen\/spanien\/kanaren\/\" target=\"_blank\" rel=\"noopener\">Kanaren<\/a>. Au\u00dferdem herrschen hier gerade mal 3 Stunden Zeitunterschied zu uns und man ist nur circa 6 Stunden in der Luft. Wir hatten eine Zwischenlandung auf Gran Canaria. Das hat die Anreise angenehm gemacht.<\/p>\n\n\n\n<p>\u00dcbernachtet haben wir im <a href=\"https:\/\/www.tui.com\/hotels\/melia-tortuga-beach-resort-and-spa-231727\/hotelinformation\/\" target=\"_blank\" rel=\"noopener\">Melia Tortuga<\/a>. Tortuga bedeutet Schildkr\u00f6te &#8211; das Wahrzeichen der <a href=\"https:\/\/www.tui.com\/pauschalreisen\/kap-verde\/\" target=\"_blank\" rel=\"noopener\">Kapverden<\/a>. Die Entscheidung fiel auf das Hotel, weil es mit 286 Zimmern kleiner ist, als die Hotels drum herum. Au\u00dferdem ist die Anlage sehr weitl\u00e4ufig und besteht nur aus einzelnen, 2-st\u00f6ckigen Bungalows. Unser Zimmer war so gro\u00df wie eine Wohnung und wir hatten zwei Schlafzimmer, zwei B\u00e4der und ein gro\u00dfes Wohnzimmer mit Balkon. Ideal zum Wohlf\u00fchlen eben \ud83d\ude42<\/p>\n\n\n\n<figure class=\"wp-block-image\"><img decoding=\"async\" width=\"1000\" height=\"563\" src=\"https:\/\/www.tui.com\/blog\/wp-content\/uploads\/2023\/04\/strand-kapverden-sal.jpg\" alt=\"Strand Insel Sal\" class=\"wp-image-24671\" title=\"Auf den Kapverden k\u00f6nnt ihr das ganze Jahr \u00fcber am Strand liegen\"\/><\/figure>\n\n\n\n<p><\/p>\n\n\n<div class=\"wp-block-image\">\n<figure class=\"aligncenter\"><img decoding=\"async\" src=\"https:\/\/www.tui.com\/blog\/wp-content\/uploads\/2023\/04\/poolbar-melia-tortuga.jpg\" alt=\"Poolbar im Melia Tortuga\" class=\"wp-image-21765\" title=\"An der Poolbar im Melia Tortuga\"\/><\/figure>\n<\/div>\n\n\n<div style=\"width: 49%; float: left; margin-bottom: 0px;\"><\/div>\n\n\n<div class=\"wp-block-image\">\n<figure class=\"aligncenter\"><img decoding=\"async\" src=\"https:\/\/www.tui.com\/blog\/wp-content\/uploads\/2023\/04\/weg-durch-die-anlage-melia-tortuga.jpg\" alt=\"Im Melia Tortuga ist alles sehr weitl\u00e4ufig\" class=\"wp-image-21767\" title=\"Im Melia Tortuga ist alles sehr weitl\u00e4ufig\"\/><\/figure>\n<\/div>\n\n\n<div style=\"width: 49%; float: right; margin-bottom: 0px;\"><\/div>\n\n\n<div class=\"wp-block-image\">\n<figure class=\"aligncenter\"><img decoding=\"async\" src=\"https:\/\/www.tui.com\/blog\/wp-content\/uploads\/2023\/04\/zimmer-mit-ausblick-melia-tortuga.jpg\" alt=\"Zimmer mit Ausblick :)\" class=\"wp-image-21765\" title=\"Zimmer mit Ausblick :)\"\/><\/figure>\n<\/div>\n\n\n<div style=\"width: 49%; float: left; margin-bottom: 0px;\"><\/div>\n\n\n<div class=\"wp-block-image\">\n<figure class=\"aligncenter\"><img decoding=\"async\" src=\"https:\/\/www.tui.com\/blog\/wp-content\/uploads\/2023\/04\/entspannung-pur.jpg\" alt=\"Entspannung pur auf der Insel Sal\" class=\"wp-image-21767\" title=\"Entspannung pur auf der Insel Sal\"\/><\/figure>\n<\/div>\n\n\n<div style=\"width: 49%; float: right; margin-bottom: 0px;\"><\/div>\n\n\n\n<p>&nbsp;<\/p>\n\n\n<div class=\"wp-block-image wp-image-24667 size-gallery-639\">\n<figure class=\"aligncenter\"><img decoding=\"async\" width=\"1000\" height=\"563\" src=\"https:\/\/www.tui.com\/blog\/wp-content\/uploads\/2023\/04\/kapverden-janine.jpg\" alt=\"Janine auf den Kapverden\" class=\"wp-image-24667\"\/><figcaption class=\"wp-element-caption\">TUI Mitarbeiterin Janine ist happy auf den Kapverden<\/figcaption><\/figure>\n<\/div>\n\n\n<blockquote class=\"wp-block-quote right is-layout-flow wp-block-quote-is-layout-flow\">\n<h2 class=\"wp-block-heading hotelName modType23b\">Reisefakten Kapverden<\/h2>\n\n\n\n<p>\u2600 W\u00e4hrung: Cabo Verde Escudo (CVE). Ihr k\u00f6nnt aber auch in Euro bezahlen. Wechselkurs: 1 EUR = 110 CVE<br>\u2600 Beste Reisezeit: Hier herrscht das ganze Jahr ein trockenes Klima, daher k\u00f6nnt ihr ganzj\u00e4hrig euren Sommerurlaub hier verbringen. August bis September ist Regenzeit, allerdings f\u00e4llt hier wenig Regen.<br>\u2600 Technik: Ihr braucht keinen Reisestecker. Auf den Kapverden findet ihr die gleichen Steckdosen vor wie in Deutschland. WLAN habt ihr in den Hotels, ansonsten gibt es aber auch Internetcafes bzw. Bars, die WLAN anbieten.<br>\u2600 Sprache: Die Amtssprache ist Portugiesisch.<\/p>\n<\/blockquote>\n\n\n\n<h2 class=\"wp-block-heading\">Was habt ihr denn auf den Kapverden erlebt?<\/h2>\n\n\n\n<p>Wir waren 10 Tage auf der Insel Sal und wollten uns in dieser Zeit einfach entspannen, die Ruhe genie\u00dfen und weg vom Alltag kommen. Daf\u00fcr eignen sich die <a href=\"https:\/\/www.tui.com\/pauschalreisen\/kap-verde\/\" target=\"_blank\" rel=\"noopener\">Kapverden<\/a> perfekt! Die ersten Tage war es noch etwas windig, daf\u00fcr sorgt der frische Passatwind. Perfektes Wetter f\u00fcr die Kite-und Windsurfer, die sich zu der Zeit auf der Insel tummeln. Wir haben lieber viel Zeit am Strand verbracht, in der Sonne gelegen, den Wellness- und Fitnessbereich unseres Hotels genutzt und lange Spazierg\u00e4nge vom Hotel bis Santa Maria, der Hauptstadt von Sal, unternommen. Das kann ich auch jedem nur empfehlen, das Farbenspiel des Meeres im Kontrast zum wei\u00dfen Strand ist spektakul\u00e4r! In Santa Maria findet morgens ab 10 Uhr t\u00e4glich der Fischmarkt statt. Direkt am Bootssteg verkaufen die Fischer ihren frischen Fang. Dann haben wir noch einen halbt\u00e4gigen Inselausflug unternommen. Dabei besuchten wir unter anderem auch das ber\u00fchmte Blaue Auge in Buracona. Am Abend sind wir einige Male nach Santa Maria gefahren. Hier gibt es einige Bars mit Livemusik, in denen man auch ganz gut feiern kann. Nach Santa Maria kommt ihr f\u00fcr 2-3 Euro mit dem Taxi. Alles in allem war es ein sehr entspannter Urlaub.<\/p>\n\n\n\n<p>Es gibt \u00fcbrigens noch viele weitere Ausflugsm\u00f6glichkeiten, wie eine Quadtour durch die Landschaft Sals, eine Katamaranfahrt oder einen Reitausflug direkt am Meer. Ihr k\u00f6nnt die Insel aber auch selbst erkunden. Auf <a href=\"https:\/\/www.tui.com\/pauschalreisen\/kap-verde\/sal\/\" target=\"_blank\" rel=\"noopener\">Sal<\/a> fahren Kleinbusse (Aluguer) von Santa Maria aus in alle Ortschaften. Nach Espargos kostet die Fahrt beispielsweise nur einen Euro. Aber ihr m\u00fcsst beachten: Der Bus f\u00e4hrt erst los, wenn er voll ist und wirklich jeder Sitzplatz belegt ist. Wer ein bisschen mehr Zeit mitbringt, sollte einen Ausflug auf die Insel Fogo machen (nur mit dem Flugzeug). Fogo ist eine Vulkaninsel, die sehr gr\u00fcn ist und eine einzigartige Landschaft aufweist. \u00dcberhaupt sind die Inseln der Kapverden sehr unterschiedlich in ihrer Natur, Geschichte und Kultur.<\/p>\n\n\n\n<figure class=\"wp-block-gallery has-nested-images columns-3 is-cropped wp-block-gallery-1 is-layout-flex wp-block-gallery-is-layout-flex\">\n<figure class=\"wp-block-image size-large\"><img decoding=\"async\" width=\"1000\" height=\"563\" data-id=\"145776\" src=\"https:\/\/www.tui.com\/blog\/wp-content\/uploads\/2023\/04\/weisser-strand-kapverden-sal.jpg\" alt=\"Meer Kapverden\" class=\"wp-image-145776\" srcset=\"https:\/\/www.tui.com\/blog\/wp-content\/uploads\/2023\/04\/weisser-strand-kapverden-sal.jpg 1000w, https:\/\/www.tui.com\/blog\/wp-content\/uploads\/2023\/04\/weisser-strand-kapverden-sal-790x444.jpg 790w, https:\/\/www.tui.com\/blog\/wp-content\/uploads\/2023\/04\/weisser-strand-kapverden-sal-320x180.jpg 320w, https:\/\/www.tui.com\/blog\/wp-content\/uploads\/2023\/04\/weisser-strand-kapverden-sal-768x432.jpg 768w\" sizes=\"(max-width: 1000px) 100vw, 1000px\" \/><\/figure>\n\n\n\n<figure class=\"wp-block-image size-large\"><img decoding=\"async\" width=\"1000\" height=\"563\" data-id=\"145778\" src=\"https:\/\/www.tui.com\/blog\/wp-content\/uploads\/2023\/04\/fischmarkt-santa-maria.jpg\" alt=\"Fischmarkt Santa Maria\" class=\"wp-image-145778\" srcset=\"https:\/\/www.tui.com\/blog\/wp-content\/uploads\/2023\/04\/fischmarkt-santa-maria.jpg 1000w, https:\/\/www.tui.com\/blog\/wp-content\/uploads\/2023\/04\/fischmarkt-santa-maria-790x444.jpg 790w, https:\/\/www.tui.com\/blog\/wp-content\/uploads\/2023\/04\/fischmarkt-santa-maria-320x180.jpg 320w, https:\/\/www.tui.com\/blog\/wp-content\/uploads\/2023\/04\/fischmarkt-santa-maria-768x432.jpg 768w\" sizes=\"(max-width: 1000px) 100vw, 1000px\" \/><\/figure>\n\n\n\n<figure class=\"wp-block-image size-large\"><img decoding=\"async\" width=\"563\" height=\"563\" data-id=\"145780\" src=\"https:\/\/www.tui.com\/blog\/wp-content\/uploads\/2023\/04\/sundowner-strand-563x563.jpg\" alt=\"Sundowner\" class=\"wp-image-145780\" srcset=\"https:\/\/www.tui.com\/blog\/wp-content\/uploads\/2023\/04\/sundowner-strand-563x563.jpg 563w, https:\/\/www.tui.com\/blog\/wp-content\/uploads\/2023\/04\/sundowner-strand-444x444.jpg 444w, https:\/\/www.tui.com\/blog\/wp-content\/uploads\/2023\/04\/sundowner-strand-24x24.jpg 24w, https:\/\/www.tui.com\/blog\/wp-content\/uploads\/2023\/04\/sundowner-strand-48x48.jpg 48w, https:\/\/www.tui.com\/blog\/wp-content\/uploads\/2023\/04\/sundowner-strand-96x96.jpg 96w, https:\/\/www.tui.com\/blog\/wp-content\/uploads\/2023\/04\/sundowner-strand-150x150.jpg 150w, https:\/\/www.tui.com\/blog\/wp-content\/uploads\/2023\/04\/sundowner-strand-300x300.jpg 300w, https:\/\/www.tui.com\/blog\/wp-content\/uploads\/2023\/04\/sundowner-strand.jpg 639w\" sizes=\"(max-width: 563px) 100vw, 563px\" \/><\/figure>\n\n\n\n<figure class=\"wp-block-image size-large\"><img decoding=\"async\" width=\"317\" height=\"563\" data-id=\"145782\" src=\"https:\/\/www.tui.com\/blog\/wp-content\/uploads\/2023\/04\/ruhepool-melia-tortuga-317x563.jpg\" alt=\"Ruhepool im Melia Tortuga\" class=\"wp-image-145782\" srcset=\"https:\/\/www.tui.com\/blog\/wp-content\/uploads\/2023\/04\/ruhepool-melia-tortuga-317x563.jpg 317w, https:\/\/www.tui.com\/blog\/wp-content\/uploads\/2023\/04\/ruhepool-melia-tortuga-250x444.jpg 250w, https:\/\/www.tui.com\/blog\/wp-content\/uploads\/2023\/04\/ruhepool-melia-tortuga-768x1366.jpg 768w, https:\/\/www.tui.com\/blog\/wp-content\/uploads\/2023\/04\/ruhepool-melia-tortuga-864x1536.jpg 864w, https:\/\/www.tui.com\/blog\/wp-content\/uploads\/2023\/04\/ruhepool-melia-tortuga.jpg 1000w\" sizes=\"(max-width: 317px) 100vw, 317px\" \/><\/figure>\n\n\n\n<figure class=\"wp-block-image size-large\"><img decoding=\"async\" width=\"317\" height=\"563\" data-id=\"145784\" src=\"https:\/\/www.tui.com\/blog\/wp-content\/uploads\/2023\/04\/daybed-melia-tortuga-317x563.jpg\" alt=\"Daybed auf den Kapverden\" class=\"wp-image-145784\" srcset=\"https:\/\/www.tui.com\/blog\/wp-content\/uploads\/2023\/04\/daybed-melia-tortuga-317x563.jpg 317w, https:\/\/www.tui.com\/blog\/wp-content\/uploads\/2023\/04\/daybed-melia-tortuga-250x444.jpg 250w, https:\/\/www.tui.com\/blog\/wp-content\/uploads\/2023\/04\/daybed-melia-tortuga.jpg 639w\" sizes=\"(max-width: 317px) 100vw, 317px\" \/><\/figure>\n<\/figure>\n\n\n\n<h2 class=\"wp-block-heading\">Was macht die Kapverden als Reiseziel so besonders?<\/h2>\n\n\n\n<p>Die <a href=\"https:\/\/www.tui.com\/pauschalreisen\/kap-verde\/\" target=\"_blank\" rel=\"noopener\">Kapverden<\/a> sind einfach perfekt zum Herunterkommen und genie\u00dfen. Nicht umsonst leben die Kapverdianer nach dem Motto \u201eNo Stress\u201c. Hier ist auch alles sehr urspr\u00fcnglich. Cap Verde ist ja erst seit 10 Jahren touristisch erschlossen. Damals hat RIU das erste Hotel hier auf Sal erbaut und sogar die Stra\u00dfe vom Flughafen zum Hotel bauen lassen. Die gab es n\u00e4mlich vorher noch nicht. Wer hier gro\u00dfe Superm\u00e4rkte, Klamottenl\u00e4den etc. erwartet, wird entt\u00e4uscht. Der Boden auf Sal ist nicht fruchtbar, da es zu wenig regnet und sehr windig ist. Demnach gibt es auch keine M\u00f6glichkeit viel anzubauen. Das Grundnahrungsmittel der Inselbewohner ist ein Eintopf namens Cachupa. Dieser besteht haupts\u00e4chlich aus Wurzelgem\u00fcse, Fisch oder Fleisch und wird eigentlich zu jeder Tageszeit gegessen. Ansonsten werden jegliche G\u00fcter importiert. F\u00fcr das <a href=\"https:\/\/www.tui.com\/hotels\/riu-palace-cabo-verde-259515\/hotelinformation\/\" target=\"_blank\" rel=\"noopener\">RIU Palace Cabo Verde<\/a> beispielsweise kommt einmal die Woche ein Versorgungsschiff von den Kanaren.<\/p>\n\n\n\n<h2 class=\"wp-block-heading\">Insider-Tipps f\u00fcr zuk\u00fcnftige Kapverdenurlauber<\/h2>\n\n\n\n<p>Ihr solltet definitiv nichts an Kosmetika vergessen, sonst wird es teuer. Dadurch, dass alle G\u00fcter des t\u00e4glichen Bedarfs importiert werden, kostet ein Shampoo beispielsweise 12 Euro oder eine Bodylotion 18 Euro. Au\u00dferdem gibt es nat\u00fcrlich wenig Auswahl. Vergesst auch nicht die Sonnencreme! Die Kapverden liegen sehr nah am \u00c4quator. Selbst, wenn es bew\u00f6lkt ist, ist die Sonneneinstrahlung sehr hoch. Ein weiterer Tipp: Ihr m\u00fcsst zwar kein Geld tauschen und k\u00f6nnt mit Euros bezahlen. Es ist aber sinnvoll eher Kleingeld als gro\u00dfe Scheine mitzunehmen, denn es kann sein, dass das R\u00fcckgeld in der einheimischen W\u00e4hrung dem Cabo Verde Escudo zur\u00fcckgegeben wird. Urlauber d\u00fcrfen die Landesw\u00e4hrung jedoch nicht ausf\u00fchren.<\/p>\n\n\n<div class=\"wp-block-image\">\n<figure class=\"aligncenter\"><img decoding=\"async\" width=\"1000\" height=\"563\" src=\"https:\/\/www.tui.com\/blog\/wp-content\/uploads\/2023\/04\/sonnenuntergang-kapverden-sal.jpg\" alt=\"Sonnenuntergang Kapverden\" class=\"wp-image-24670\" title=\"Sch\u00f6nster Sonnenuntergang auf der Insel Sal\"\/><\/figure>\n<\/div>\n\n\n<h2 class=\"wp-block-heading\">Fragen zu den Kapverden<\/h2>\n\n\n\n<p><strong>War etwas in deinem Koffer, was du definitiv gebraucht hast? Und was h\u00e4ttest du auch zu Hause lassen k\u00f6nnen<\/strong>.<\/p>\n\n\n\n<p>Definitiv gebraucht habe ich meine Badesachen und Sonnencreme, hohe Schuhe dagegen h\u00e4tte ich zu Hause lassen k\u00f6nnen.<\/p>\n\n\n\n<p><strong>W\u00fcrdest du nochmal einmal auf die Kapverden fliegen?<\/strong><\/p>\n\n\n\n<p>Wenn ich wieder einen Entspannungsurlaub brauche oder Wassersport treiben will, sind die Kapverden auf jeden Fall in der engeren Auswahl. F\u00fcr einen Party- oder Abenteuerurlaub w\u00fcrde ich mir aber ein anderes Urlaubsziel suchen.<\/p>\n\n\n\n<h2 class=\"wp-block-heading\">Strandfeeling auf den Kapverden<\/h2>\n\n\n<div class=\"wp-block-image wp-image-24681 size-gallery-639\">\n<figure class=\"aligncenter\"><img decoding=\"async\" width=\"1000\" height=\"563\" src=\"https:\/\/www.tui.com\/blog\/wp-content\/uploads\/2023\/04\/kapverden-strand.jpg\" alt=\"Ein Traum in blau-wei\u00df: Die Insel Sal\" class=\"wp-image-24681\"\/><figcaption class=\"wp-element-caption\">Bis bald!<\/figcaption><\/figure>\n<\/div>\n\n\n<figure class=\"wp-block-video\"><video controls src=\"https:\/\/www.tui.com\/blog\/wp-content\/uploads\/2016\/07\/kapverden-insel-sal.mp4\"><\/video><\/figure>\n\n\n\n<p>Was Janine w\u00e4hrend ihres Inselausfluges auf Sal erlebt hat, lest ihr bald hier auf dem Blog. Ihr wollt bis dahin weitere Tipps zu eurem Urlaub auf den Kapverden lesen und m\u00f6chtet wissen, welche der 9 Kapverdischen Inseln am besten zu euch passt? Bloggerin Yasemin hat f\u00fcr euch die wichtigsten Infos zusammengefasst \u25ba <a href=\"https:\/\/www.tui.com\/blog\/unbekanntes-reiseziel-kapverden-tipps-fuer-euren-urlaub-im-inselparadies\">Zum Artikel<\/a>.<\/p>\n\n\n\n<h2 class=\"wp-block-heading hotelName modType23b\">TUI Hoteltipp: Melia Tortuga<\/h2>\n\n\n\n<p>Das 5 Sterne <a href=\"https:\/\/www.tui.com\/hotels\/melia-tortuga-beach-resort-and-spa-231727\/hotelinformation\/\" target=\"_blank\" rel=\"noopener\">Hotel Melia Tortuga<\/a> liegt direkt am weitl\u00e4ufigen Naturstrand, von dem aus ihr wundervoll lange Spazierg\u00e4nge am Meer unternehmen k\u00f6nnt. Auch kulinarisch hat das Hotel einiges zu bieten. Ihr k\u00f6nnt hier gleich aus vier Restaurants w\u00e4hlen!<\/p>\n\n\n\n<p><strong>Aufgepasst:<\/strong> In der N\u00e4he des <a href=\"https:\/\/www.tui.com\/hotels\/melia-tortuga-beach-resort-and-spa-231727\/hotelinformation\/\" target=\"_blank\" rel=\"noopener\">Melia Tortuga<\/a> er\u00f6ffnet im Dezember das kompett neu gebaute <a href=\"https:\/\/www.tui.com\/hotels\/sensimar-cabo-verde-resort-546315\/hotelinformation\/\" target=\"_blank\" rel=\"noopener\">SENSIMAR Cabo Verde Resort &amp; Spa<\/a>. Das Adults Only Hotel eignet sich perfekt f\u00fcr einen Urlaub zu zweit!<\/p>\n\n\n\n<p>\u25ba <a href=\"https:\/\/www.tui.com\/hotels\/melia-tortuga-beach-resort-and-spa-231727\/hotelinformation\/\" target=\"_blank\" rel=\"noopener\">weitere Infos zum Melia Tortuga<\/a><a href=\"https:\/\/www.tui.com\/hotels\/doubletree-by-hilton-kualar-lumpur-228737\/hotelinformation\/\" target=\"_blank\" rel=\"noopener\"><br><\/a>\u25ba <a href=\"https:\/\/www.tui.com\/hotels\/sensimar-cabo-verde-resort-546315\/hotelinformation\/\" target=\"_blank\" rel=\"noopener\">weitere Infos zum<\/a><\/p>\n","protected":false},"excerpt":{"rendered":"<p>Zeit f\u00fcr eine Kaffeepause! Ich habe mich mit TUI Mitarbeiterin Janine aus dem Bereich Onsite Trading zusammengesetzt. Janine ist eigentlich immer on Tour und hat daher einiges zu berichten. Heute plaudert sie \u00fcber ihren Urlaub auf der Kapverdischen Insel Sal, ein Reiseziel, dass derzeit von vielen f\u00fcr den Sommerurlaub in Erw\u00e4gung gezogen wird und jetzt schon f\u00fcr den Winter buchbar ist.<\/p>\n","protected":false},"author":97,"featured_media":145808,"comment_status":"open","ping_status":"open","sticky":false,"template":"","format":"standard","meta":{"_acf_changed":false,"footnotes":""},"categories":[4068,4052,4030,4056,4050],"tags":[927,514,634,635,1323,638,497,1039],"class_list":["post-145774","post","type-post","status-publish","format-standard","has-post-thumbnail","hentry","category-archiv-beste-reisezeit","category-archiv-reisearten","category-archiv-reiseziele","category-archiv-urlaub-am-meer","category-archiv-weitere-beliebte-reiseziele","tag-entspannung","tag-fruehling","tag-kapverden","tag-kapverdische-inseln","tag-ruhe","tag-sal","tag-strandurlaub","tag-urlaub-am-meer"],"acf":[],"yoast_head":"<!-- This site is optimized with the Yoast SEO plugin v27.4 - https:\/\/yoast.com\/product\/yoast-seo-wordpress\/ -->\n<title>Sonne, Strand und Meer satt auf der Kapverdischen Insel Sal - TUI.com Reiseblog \u2600<\/title>\n<meta name=\"robots\" content=\"index, follow, max-snippet:-1, max-image-preview:large, max-video-preview:-1\" \/>\n<link rel=\"canonical\" href=\"https:\/\/www.tui.com\/blog\/sonne-strand-und-meer-satt-auf-der-kapverdischen-insel-sal\/\" \/>\n<meta property=\"og:locale\" content=\"de_DE\" \/>\n<meta property=\"og:type\" content=\"article\" \/>\n<meta property=\"og:title\" content=\"Sonne, Strand und Meer satt auf der Kapverdischen Insel Sal - TUI.com Reiseblog \u2600\" \/>\n<meta property=\"og:description\" content=\"Zeit f\u00fcr eine Kaffeepause! Ich habe mich mit TUI Mitarbeiterin Janine aus dem Bereich Onsite Trading zusammengesetzt. Janine ist eigentlich immer on Tour und hat daher einiges zu berichten. Heute plaudert sie \u00fcber ihren Urlaub auf der Kapverdischen Insel Sal, ein Reiseziel, dass derzeit von vielen f\u00fcr den Sommerurlaub in Erw\u00e4gung gezogen wird und jetzt schon f\u00fcr den Winter buchbar ist.\" \/>\n<meta property=\"og:url\" content=\"https:\/\/www.tui.com\/blog\/sonne-strand-und-meer-satt-auf-der-kapverdischen-insel-sal\/\" \/>\n<meta property=\"og:site_name\" content=\"TUI.com Reiseblog \u2600\" \/>\n<meta property=\"article:published_time\" content=\"2016-07-15T08:00:46+00:00\" \/>\n<meta property=\"article:modified_time\" content=\"2025-07-28T09:00:38+00:00\" \/>\n<meta property=\"og:image\" content=\"https:\/\/www.tui.com\/blog\/wp-content\/uploads\/2023\/04\/kapverden-sal.jpg\" \/>\n\t<meta property=\"og:image:width\" content=\"930\" \/>\n\t<meta property=\"og:image:height\" content=\"390\" \/>\n\t<meta property=\"og:image:type\" content=\"image\/jpeg\" \/>\n<meta name=\"author\" content=\"TUI Coffee Talk\" \/>\n<meta name=\"twitter:card\" content=\"summary_large_image\" \/>\n<meta name=\"twitter:label1\" content=\"Verfasst von\" \/>\n\t<meta name=\"twitter:data1\" content=\"TUI Coffee Talk\" \/>\n\t<meta name=\"twitter:label2\" content=\"Gesch\u00e4tzte Lesezeit\" \/>\n\t<meta name=\"twitter:data2\" content=\"6\u00a0Minuten\" \/>\n<script type=\"application\/ld+json\" class=\"yoast-schema-graph\">{\"@context\":\"https:\\\/\\\/schema.org\",\"@graph\":[{\"@type\":\"BlogPosting\",\"@id\":\"https:\\\/\\\/www.tui.com\\\/blog\\\/sonne-strand-und-meer-satt-auf-der-kapverdischen-insel-sal\\\/#article\",\"isPartOf\":{\"@id\":\"https:\\\/\\\/www.tui.com\\\/blog\\\/sonne-strand-und-meer-satt-auf-der-kapverdischen-insel-sal\\\/\"},\"author\":{\"name\":\"TUI Coffee Talk\",\"@id\":\"https:\\\/\\\/www.tui.com\\\/blog\\\/#\\\/schema\\\/person\\\/6a877b86ec61de0b18e1bb128896e3d6\"},\"headline\":\"Sonne, Strand und Meer satt auf der Kapverdischen Insel Sal\",\"datePublished\":\"2016-07-15T08:00:46+00:00\",\"dateModified\":\"2025-07-28T09:00:38+00:00\",\"mainEntityOfPage\":{\"@id\":\"https:\\\/\\\/www.tui.com\\\/blog\\\/sonne-strand-und-meer-satt-auf-der-kapverdischen-insel-sal\\\/\"},\"wordCount\":1229,\"commentCount\":0,\"publisher\":{\"@id\":\"https:\\\/\\\/www.tui.com\\\/blog\\\/#organization\"},\"image\":{\"@id\":\"https:\\\/\\\/www.tui.com\\\/blog\\\/sonne-strand-und-meer-satt-auf-der-kapverdischen-insel-sal\\\/#primaryimage\"},\"thumbnailUrl\":\"https:\\\/\\\/www.tui.com\\\/blog\\\/wp-content\\\/uploads\\\/2023\\\/04\\\/kapverden-sal.jpg\",\"keywords\":[\"Entspannung\",\"Fr\u00fchling\",\"Kapverden\",\"Kapverdische Inseln\",\"Ruhe\",\"Sal\",\"Strandurlaub\",\"Urlaub am Meer\"],\"articleSection\":[\"Beste Reisezeit\",\"Reisearten\",\"Reiseziele\",\"Urlaub am Meer\",\"weitere beliebte Reiseziele\"],\"inLanguage\":\"de\",\"potentialAction\":[{\"@type\":\"CommentAction\",\"name\":\"Comment\",\"target\":[\"https:\\\/\\\/www.tui.com\\\/blog\\\/sonne-strand-und-meer-satt-auf-der-kapverdischen-insel-sal\\\/#respond\"]}]},{\"@type\":\"WebPage\",\"@id\":\"https:\\\/\\\/www.tui.com\\\/blog\\\/sonne-strand-und-meer-satt-auf-der-kapverdischen-insel-sal\\\/\",\"url\":\"https:\\\/\\\/www.tui.com\\\/blog\\\/sonne-strand-und-meer-satt-auf-der-kapverdischen-insel-sal\\\/\",\"name\":\"Sonne, Strand und Meer satt auf der Kapverdischen Insel Sal - TUI.com Reiseblog \u2600\",\"isPartOf\":{\"@id\":\"https:\\\/\\\/www.tui.com\\\/blog\\\/#website\"},\"primaryImageOfPage\":{\"@id\":\"https:\\\/\\\/www.tui.com\\\/blog\\\/sonne-strand-und-meer-satt-auf-der-kapverdischen-insel-sal\\\/#primaryimage\"},\"image\":{\"@id\":\"https:\\\/\\\/www.tui.com\\\/blog\\\/sonne-strand-und-meer-satt-auf-der-kapverdischen-insel-sal\\\/#primaryimage\"},\"thumbnailUrl\":\"https:\\\/\\\/www.tui.com\\\/blog\\\/wp-content\\\/uploads\\\/2023\\\/04\\\/kapverden-sal.jpg\",\"datePublished\":\"2016-07-15T08:00:46+00:00\",\"dateModified\":\"2025-07-28T09:00:38+00:00\",\"breadcrumb\":{\"@id\":\"https:\\\/\\\/www.tui.com\\\/blog\\\/sonne-strand-und-meer-satt-auf-der-kapverdischen-insel-sal\\\/#breadcrumb\"},\"inLanguage\":\"de\",\"potentialAction\":[{\"@type\":\"ReadAction\",\"target\":[\"https:\\\/\\\/www.tui.com\\\/blog\\\/sonne-strand-und-meer-satt-auf-der-kapverdischen-insel-sal\\\/\"]}]},{\"@type\":\"ImageObject\",\"inLanguage\":\"de\",\"@id\":\"https:\\\/\\\/www.tui.com\\\/blog\\\/sonne-strand-und-meer-satt-auf-der-kapverdischen-insel-sal\\\/#primaryimage\",\"url\":\"https:\\\/\\\/www.tui.com\\\/blog\\\/wp-content\\\/uploads\\\/2023\\\/04\\\/kapverden-sal.jpg\",\"contentUrl\":\"https:\\\/\\\/www.tui.com\\\/blog\\\/wp-content\\\/uploads\\\/2023\\\/04\\\/kapverden-sal.jpg\",\"width\":930,\"height\":390,\"caption\":\"Kapverdische Insel Sal\"},{\"@type\":\"BreadcrumbList\",\"@id\":\"https:\\\/\\\/www.tui.com\\\/blog\\\/sonne-strand-und-meer-satt-auf-der-kapverdischen-insel-sal\\\/#breadcrumb\",\"itemListElement\":[{\"@type\":\"ListItem\",\"position\":1,\"name\":\"Startseite\",\"item\":\"https:\\\/\\\/www.tui.com\\\/blog\\\/\"},{\"@type\":\"ListItem\",\"position\":2,\"name\":\"Sonne, Strand und Meer satt auf der Kapverdischen Insel Sal\"}]},{\"@type\":\"WebSite\",\"@id\":\"https:\\\/\\\/www.tui.com\\\/blog\\\/#website\",\"url\":\"https:\\\/\\\/www.tui.com\\\/blog\\\/\",\"name\":\"TUI.com Reiseblog \u2600\",\"description\":\"Abenteuer oder lieber an den Strand? \u2600 Der TUI Reiseblog bietet tolle Infos rund um deine n\u00e4chste Reise \u2708 Komm vorbei und lass dich inspirieren \u221a\",\"publisher\":{\"@id\":\"https:\\\/\\\/www.tui.com\\\/blog\\\/#organization\"},\"potentialAction\":[{\"@type\":\"SearchAction\",\"target\":{\"@type\":\"EntryPoint\",\"urlTemplate\":\"https:\\\/\\\/www.tui.com\\\/blog\\\/?s={search_term_string}\"},\"query-input\":{\"@type\":\"PropertyValueSpecification\",\"valueRequired\":true,\"valueName\":\"search_term_string\"}}],\"inLanguage\":\"de\"},{\"@type\":\"Organization\",\"@id\":\"https:\\\/\\\/www.tui.com\\\/blog\\\/#organization\",\"name\":\"TUI.com Reiseblog \u2600\",\"url\":\"https:\\\/\\\/www.tui.com\\\/blog\\\/\",\"logo\":{\"@type\":\"ImageObject\",\"inLanguage\":\"de\",\"@id\":\"https:\\\/\\\/www.tui.com\\\/blog\\\/#\\\/schema\\\/logo\\\/image\\\/\",\"url\":\"https:\\\/\\\/www.tui.com\\\/blog\\\/wp-content\\\/uploads\\\/2023\\\/04\\\/cropped-tui-logo-3.png\",\"contentUrl\":\"https:\\\/\\\/www.tui.com\\\/blog\\\/wp-content\\\/uploads\\\/2023\\\/04\\\/cropped-tui-logo-3.png\",\"width\":164,\"height\":72,\"caption\":\"TUI.com Reiseblog \u2600\"},\"image\":{\"@id\":\"https:\\\/\\\/www.tui.com\\\/blog\\\/#\\\/schema\\\/logo\\\/image\\\/\"}},{\"@type\":\"Person\",\"@id\":\"https:\\\/\\\/www.tui.com\\\/blog\\\/#\\\/schema\\\/person\\\/6a877b86ec61de0b18e1bb128896e3d6\",\"name\":\"TUI Coffee Talk\",\"image\":{\"@type\":\"ImageObject\",\"inLanguage\":\"de\",\"@id\":\"https:\\\/\\\/www.tui.com\\\/blog\\\/wp-content\\\/uploads\\\/2016\\\/10\\\/TUICoffeeTalk-178x176.jpg\",\"url\":\"https:\\\/\\\/www.tui.com\\\/blog\\\/wp-content\\\/uploads\\\/2016\\\/10\\\/TUICoffeeTalk-178x176.jpg\",\"contentUrl\":\"https:\\\/\\\/www.tui.com\\\/blog\\\/wp-content\\\/uploads\\\/2016\\\/10\\\/TUICoffeeTalk-178x176.jpg\",\"caption\":\"TUI Coffee Talk\"},\"url\":\"https:\\\/\\\/www.tui.com\\\/blog\\\/author\\\/tui-coffee-talk\\\/\"}]}<\/script>\n<!-- \/ Yoast SEO plugin. -->","yoast_head_json":{"title":"Sonne, Strand und Meer satt auf der Kapverdischen Insel Sal - TUI.com Reiseblog \u2600","robots":{"index":"index","follow":"follow","max-snippet":"max-snippet:-1","max-image-preview":"max-image-preview:large","max-video-preview":"max-video-preview:-1"},"canonical":"https:\/\/www.tui.com\/blog\/sonne-strand-und-meer-satt-auf-der-kapverdischen-insel-sal\/","og_locale":"de_DE","og_type":"article","og_title":"Sonne, Strand und Meer satt auf der Kapverdischen Insel Sal - TUI.com Reiseblog \u2600","og_description":"Zeit f\u00fcr eine Kaffeepause! Ich habe mich mit TUI Mitarbeiterin Janine aus dem Bereich Onsite Trading zusammengesetzt. Janine ist eigentlich immer on Tour und hat daher einiges zu berichten. Heute plaudert sie \u00fcber ihren Urlaub auf der Kapverdischen Insel Sal, ein Reiseziel, dass derzeit von vielen f\u00fcr den Sommerurlaub in Erw\u00e4gung gezogen wird und jetzt schon f\u00fcr den Winter buchbar ist.","og_url":"https:\/\/www.tui.com\/blog\/sonne-strand-und-meer-satt-auf-der-kapverdischen-insel-sal\/","og_site_name":"TUI.com Reiseblog \u2600","article_published_time":"2016-07-15T08:00:46+00:00","article_modified_time":"2025-07-28T09:00:38+00:00","og_image":[{"width":930,"height":390,"url":"https:\/\/www.tui.com\/blog\/wp-content\/uploads\/2023\/04\/kapverden-sal.jpg","type":"image\/jpeg"}],"author":"TUI Coffee Talk","twitter_card":"summary_large_image","twitter_misc":{"Verfasst von":"TUI Coffee Talk","Gesch\u00e4tzte Lesezeit":"6\u00a0Minuten"},"schema":{"@context":"https:\/\/schema.org","@graph":[{"@type":"BlogPosting","@id":"https:\/\/www.tui.com\/blog\/sonne-strand-und-meer-satt-auf-der-kapverdischen-insel-sal\/#article","isPartOf":{"@id":"https:\/\/www.tui.com\/blog\/sonne-strand-und-meer-satt-auf-der-kapverdischen-insel-sal\/"},"author":{"name":"TUI Coffee Talk","@id":"https:\/\/www.tui.com\/blog\/#\/schema\/person\/6a877b86ec61de0b18e1bb128896e3d6"},"headline":"Sonne, Strand und Meer satt auf der Kapverdischen Insel Sal","datePublished":"2016-07-15T08:00:46+00:00","dateModified":"2025-07-28T09:00:38+00:00","mainEntityOfPage":{"@id":"https:\/\/www.tui.com\/blog\/sonne-strand-und-meer-satt-auf-der-kapverdischen-insel-sal\/"},"wordCount":1229,"commentCount":0,"publisher":{"@id":"https:\/\/www.tui.com\/blog\/#organization"},"image":{"@id":"https:\/\/www.tui.com\/blog\/sonne-strand-und-meer-satt-auf-der-kapverdischen-insel-sal\/#primaryimage"},"thumbnailUrl":"https:\/\/www.tui.com\/blog\/wp-content\/uploads\/2023\/04\/kapverden-sal.jpg","keywords":["Entspannung","Fr\u00fchling","Kapverden","Kapverdische Inseln","Ruhe","Sal","Strandurlaub","Urlaub am Meer"],"articleSection":["Beste Reisezeit","Reisearten","Reiseziele","Urlaub am Meer","weitere beliebte Reiseziele"],"inLanguage":"de","potentialAction":[{"@type":"CommentAction","name":"Comment","target":["https:\/\/www.tui.com\/blog\/sonne-strand-und-meer-satt-auf-der-kapverdischen-insel-sal\/#respond"]}]},{"@type":"WebPage","@id":"https:\/\/www.tui.com\/blog\/sonne-strand-und-meer-satt-auf-der-kapverdischen-insel-sal\/","url":"https:\/\/www.tui.com\/blog\/sonne-strand-und-meer-satt-auf-der-kapverdischen-insel-sal\/","name":"Sonne, Strand und Meer satt auf der Kapverdischen Insel Sal - TUI.com Reiseblog \u2600","isPartOf":{"@id":"https:\/\/www.tui.com\/blog\/#website"},"primaryImageOfPage":{"@id":"https:\/\/www.tui.com\/blog\/sonne-strand-und-meer-satt-auf-der-kapverdischen-insel-sal\/#primaryimage"},"image":{"@id":"https:\/\/www.tui.com\/blog\/sonne-strand-und-meer-satt-auf-der-kapverdischen-insel-sal\/#primaryimage"},"thumbnailUrl":"https:\/\/www.tui.com\/blog\/wp-content\/uploads\/2023\/04\/kapverden-sal.jpg","datePublished":"2016-07-15T08:00:46+00:00","dateModified":"2025-07-28T09:00:38+00:00","breadcrumb":{"@id":"https:\/\/www.tui.com\/blog\/sonne-strand-und-meer-satt-auf-der-kapverdischen-insel-sal\/#breadcrumb"},"inLanguage":"de","potentialAction":[{"@type":"ReadAction","target":["https:\/\/www.tui.com\/blog\/sonne-strand-und-meer-satt-auf-der-kapverdischen-insel-sal\/"]}]},{"@type":"ImageObject","inLanguage":"de","@id":"https:\/\/www.tui.com\/blog\/sonne-strand-und-meer-satt-auf-der-kapverdischen-insel-sal\/#primaryimage","url":"https:\/\/www.tui.com\/blog\/wp-content\/uploads\/2023\/04\/kapverden-sal.jpg","contentUrl":"https:\/\/www.tui.com\/blog\/wp-content\/uploads\/2023\/04\/kapverden-sal.jpg","width":930,"height":390,"caption":"Kapverdische Insel Sal"},{"@type":"BreadcrumbList","@id":"https:\/\/www.tui.com\/blog\/sonne-strand-und-meer-satt-auf-der-kapverdischen-insel-sal\/#breadcrumb","itemListElement":[{"@type":"ListItem","position":1,"name":"Startseite","item":"https:\/\/www.tui.com\/blog\/"},{"@type":"ListItem","position":2,"name":"Sonne, Strand und Meer satt auf der Kapverdischen Insel Sal"}]},{"@type":"WebSite","@id":"https:\/\/www.tui.com\/blog\/#website","url":"https:\/\/www.tui.com\/blog\/","name":"TUI.com Reiseblog \u2600","description":"Abenteuer oder lieber an den Strand? \u2600 Der TUI Reiseblog bietet tolle Infos rund um deine n\u00e4chste Reise \u2708 Komm vorbei und lass dich inspirieren \u221a","publisher":{"@id":"https:\/\/www.tui.com\/blog\/#organization"},"potentialAction":[{"@type":"SearchAction","target":{"@type":"EntryPoint","urlTemplate":"https:\/\/www.tui.com\/blog\/?s={search_term_string}"},"query-input":{"@type":"PropertyValueSpecification","valueRequired":true,"valueName":"search_term_string"}}],"inLanguage":"de"},{"@type":"Organization","@id":"https:\/\/www.tui.com\/blog\/#organization","name":"TUI.com Reiseblog \u2600","url":"https:\/\/www.tui.com\/blog\/","logo":{"@type":"ImageObject","inLanguage":"de","@id":"https:\/\/www.tui.com\/blog\/#\/schema\/logo\/image\/","url":"https:\/\/www.tui.com\/blog\/wp-content\/uploads\/2023\/04\/cropped-tui-logo-3.png","contentUrl":"https:\/\/www.tui.com\/blog\/wp-content\/uploads\/2023\/04\/cropped-tui-logo-3.png","width":164,"height":72,"caption":"TUI.com Reiseblog \u2600"},"image":{"@id":"https:\/\/www.tui.com\/blog\/#\/schema\/logo\/image\/"}},{"@type":"Person","@id":"https:\/\/www.tui.com\/blog\/#\/schema\/person\/6a877b86ec61de0b18e1bb128896e3d6","name":"TUI Coffee Talk","image":{"@type":"ImageObject","inLanguage":"de","@id":"https:\/\/www.tui.com\/blog\/wp-content\/uploads\/2016\/10\/TUICoffeeTalk-178x176.jpg","url":"https:\/\/www.tui.com\/blog\/wp-content\/uploads\/2016\/10\/TUICoffeeTalk-178x176.jpg","contentUrl":"https:\/\/www.tui.com\/blog\/wp-content\/uploads\/2016\/10\/TUICoffeeTalk-178x176.jpg","caption":"TUI Coffee Talk"},"url":"https:\/\/www.tui.com\/blog\/author\/tui-coffee-talk\/"}]}},"_links":{"self":[{"href":"https:\/\/www.tui.com\/blog\/wp-json\/wp\/v2\/posts\/145774","targetHints":{"allow":["GET"]}}],"collection":[{"href":"https:\/\/www.tui.com\/blog\/wp-json\/wp\/v2\/posts"}],"about":[{"href":"https:\/\/www.tui.com\/blog\/wp-json\/wp\/v2\/types\/post"}],"author":[{"embeddable":true,"href":"https:\/\/www.tui.com\/blog\/wp-json\/wp\/v2\/users\/97"}],"replies":[{"embeddable":true,"href":"https:\/\/www.tui.com\/blog\/wp-json\/wp\/v2\/comments?post=145774"}],"version-history":[{"count":5,"href":"https:\/\/www.tui.com\/blog\/wp-json\/wp\/v2\/posts\/145774\/revisions"}],"predecessor-version":[{"id":479266,"href":"https:\/\/www.tui.com\/blog\/wp-json\/wp\/v2\/posts\/145774\/revisions\/479266"}],"wp:featuredmedia":[{"embeddable":true,"href":"https:\/\/www.tui.com\/blog\/wp-json\/wp\/v2\/media\/145808"}],"wp:attachment":[{"href":"https:\/\/www.tui.com\/blog\/wp-json\/wp\/v2\/media?parent=145774"}],"wp:term":[{"taxonomy":"category","embeddable":true,"href":"https:\/\/www.tui.com\/blog\/wp-json\/wp\/v2\/categories?post=145774"},{"taxonomy":"post_tag","embeddable":true,"href":"https:\/\/www.tui.com\/blog\/wp-json\/wp\/v2\/tags?post=145774"}],"curies":[{"name":"wp","href":"https:\/\/api.w.org\/{rel}","templated":true}]}}