{"id":145888,"date":"2020-02-28T10:30:01","date_gmt":"2020-02-28T09:30:01","guid":{"rendered":"https:\/\/blog.tui.info\/die-top-10-besten-ausflugstipps-mallorca\/"},"modified":"2025-07-28T11:56:26","modified_gmt":"2025-07-28T09:56:26","slug":"die-top-10-besten-ausflugstipps-mallorca","status":"publish","type":"post","link":"https:\/\/www.tui.com\/blog\/die-top-10-besten-ausflugstipps-mallorca\/","title":{"rendered":"Die Top 10 besten Ausflugstipps Mallorca"},"content":{"rendered":"<p class=\"firstTextGrey\">Mallorca \u2013 das Lieblingsreiseziel der Deutschen. Was genau macht die gr\u00f6\u00dfte Balearen Insel so begehrt? Etwa \u201eNUR\u201c Sonne, Strand &amp; Meer? Nein! Wir zeigen euch die besten Mallorca Ausfl\u00fcge, die ihr erleben k\u00f6nnt. Freut euch auf unsere Top 10 Mallorca Tipps.<\/p>\n\n\n<blockquote class=\"wp-block-quote right is-layout-flow wp-block-quote-is-layout-flow\">\n<p class=\"hotelName modType23b\"><strong>+++ACHTUNG+++<\/strong><\/p>\n\n\n\n<p>Die \u00d6ffnungszeiten und Preise k\u00f6nnen von den hier gemachten Angaben abweichen. Bitte informiert euch vor Anreise auf den entsprechenden Webseiten.<\/p>\n\n\n\n<p>Stand der Recherche: 28.02.2020<\/p>\n<\/blockquote>\n\n\n\n<p><strong>Mallorca \u2013 Viva la Espania!<\/strong> Diese Insel ist so begehrt wie keine andere Balearen-Insel. Der Grund liegt ganz einfach auf der Hand: Die Insel ist vielf\u00e4ltig! Ob Natur, Kultur oder Badeurlaub, Mallorca deckt ein breites Spektrum an Sehensw\u00fcrdigkeiten ab (aktuell k\u00f6nnen die hier angegebenen \u00d6ffnungszeiten abweichen). Damit die Reiseplanung nicht so schwer f\u00e4llt, stellen wir euch heute die zehn besten Mallorca Ausfl\u00fcge vor.<\/p>\n\n\n\n<h2 class=\"wp-block-heading\">1. Serra de Tramuntana<\/h2>\n\n\n\n<p>Der Gebirgszug <strong>Serra de Tramuntana,<\/strong> der im Nordwesten der Insel liegt und zum <strong>UNESCO Weltkulturerbe<\/strong> geh\u00f6rt, ist DAS Naturhighlight auf der Insel schlechthin.<\/p>\n\n\n\n<p>Hier sind viele Wanderwege noch unber\u00fchrt und authentisch, geradezu ideal f\u00fcr alle, die sich im Urlaub mit der Natur vereinen m\u00f6chten.<\/p>\n\n\n\n<div style=\"border: 2px solid #E8E8E8; padding: 10px;\">\n<h3>Natur-Tipp:<\/h3>\n<p>Die Mandelbl\u00fcte auf Mallorca \u2013 Ein wundersch\u00f6ner wei\u00dfrosafarbener Bl\u00fctentraum<\/p>\n<p>\u25ba<a title=\"Mandelbl\u00fcte Mallorca\" href=\"https:\/\/www.tui.com\/blog\/mandelbluete-mallorca-die-insel-erblueht-aus-dem-winterschlaf\/\" target=\"_blank\" rel=\"noopener noreferrer\">Zur Mandelbl\u00fcte Mallorca<\/a>.<\/p>\n<\/div>\n\n\n<div class=\"wp-block-image wp-image-27883 size-full\">\n<figure class=\"aligncenter\"><img decoding=\"async\" width=\"1400\" height=\"788\" src=\"https:\/\/www.tui.com\/blog\/wp-content\/uploads\/2023\/04\/mallorca-mandelbluete.jpg\" alt=\"mallorca-mandelbluete\" class=\"wp-image-27883\"\/><figcaption class=\"wp-element-caption\">Die Mandelbl\u00fcte auf Mallorca<\/figcaption><\/figure>\n<\/div>\n\n\n<h2 class=\"wp-block-heading\">2. Cap Formentor<\/h2>\n\n\n\n<p>Der \u201eTreffpunkt der Winde\u201c befindet sich am n\u00f6rdlichsten Punkt der Balearen-Insel und erlaubt einen spektakul\u00e4ren Ausblick vom <strong>\u201eMirador del Mal Pas\u201c.<\/strong> Ein h\u00fcbscher, kleiner Leuchtturm, der eine gro\u00dfe Wirkung hat: Empfehlenswert f\u00fcr all diejenigen, die nach den sch\u00f6nsten Natur-Fotomotiven Ausschau halten.<\/p>\n\n\n\n<p>\u00dcber Schleifen und Serviettenknoten geht es zum Cap Formentor und nach Sa Calobra. <strong>Aktuell ist der Ausflug mit dem eigenen Mietwagen im Sommer aber leider nicht mehr erlaubt. <\/strong>Ab Port de Pollen\u00e7a kann jedoch ein Shuttlebus genommen werden.<\/p>\n\n\n\n<figure class=\"wp-block-image alignnone wp-image-27950 size-full\"><img decoding=\"async\" width=\"1400\" height=\"788\" src=\"https:\/\/www.tui.com\/blog\/wp-content\/uploads\/2023\/04\/mallorca-cap-formentor.jpg\" alt=\"Die Aussicht am Cap Formentor auf Mallorca\" class=\"wp-image-27950\"\/><figcaption class=\"wp-element-caption\">Die Aussicht am Cap Formentor auf Mallorca<\/figcaption><\/figure>\n\n\n\n<h2 class=\"wp-block-heading\">3. Bauernmarkt Sineu<\/h2>\n\n\n\n<p>Traditionelle Wochenm\u00e4rkte sind in Mallorca einfach unumg\u00e4nglich! Der wohl ber\u00fchmteste und bereits seit <strong>700 Jahren<\/strong> existierende Wochenmarkt, ist in Sineu zu finden. Dieser Markt l\u00e4sst wirklich jedes Sammlerherz h\u00f6her schlagen: Ob Kunsthandwerk, Bekleidung oder frische Kr\u00e4uter &amp; Lebensmittel, dieser alte Bauernmarkt ist so einzigartig, dass er zwingend unter die Top 10 der Mallorca Ausfl\u00fcge muss.<\/p>\n\n\n\n<div style=\"border: 2px solid #E8E8E8; padding: 10px;\">\n<h3>Markt-Tipp:<\/h3>\n<p>Der Bauernmarkt Sineu \u00f6ffnet: &nbsp; &nbsp; &nbsp; &nbsp; &nbsp; &nbsp; &nbsp; &nbsp; &nbsp; &nbsp; &nbsp; &nbsp; &nbsp; &nbsp; &nbsp; &nbsp; &nbsp; &nbsp; &nbsp; &nbsp; &nbsp; &nbsp; &nbsp; &nbsp; &nbsp; \u25baAdresse:<\/p>\n<ul>\n<li>Jeden Mittwoch zwischen 09:00 \u2013 14:00 Uhr &nbsp; &nbsp; &nbsp; &nbsp; &nbsp; &nbsp; &nbsp; &nbsp; &nbsp; &nbsp; &nbsp; Placa es Fossar 160, 07510 Sineu<\/li>\n<li>Am besten fr\u00fch das sein!<\/li>\n<\/ul>\n<\/div>\n\n\n\n<h2 class=\"wp-block-heading\">4. Katamaran Tour<\/h2>\n\n\n\n<p>Bei leichter Windbrise, Sonnenschein und Wellenrauschen einfach auf dem Meer gleiten lassen: Es gibt wohl nichts entspannenderes im Urlaub als eine Katamaran Tour mit einem Zwischenstopp in der s\u00fc\u00dfen, vertr\u00e4umten Bucht Coll Baix im Nordosten von Alc\u00fadia nahe dem Cap de Menorca. Der helle Kiesstrand mit strahlend t\u00fcrkisem Wasser und naturbelassener Umgebung \u2013 hier ist definitiv relaxen angesagt.<\/p>\n\n\n<div class=\"wp-block-image\">\n<figure class=\"aligncenter\"><a href=\"https:\/\/www.tui.com\/blog\/wp-content\/uploads\/2023\/04\/mallorca-ausfluege-karte.jpg\"><img decoding=\"async\" width=\"1000\" height=\"600\" src=\"https:\/\/www.tui.com\/blog\/wp-content\/uploads\/2023\/04\/mallorca-ausfluege-karte.jpg\" alt=\"Karte der Top 10 Mallorca Ausfl\u00fcge\" class=\"wp-image-25102\"\/><\/a><figcaption class=\"wp-element-caption\">Hier findet ihr meine Top 10 Ausflugstipps. Mit einem Klick auf das Bild bekommst du die Mallorca-Karte gr\u00f6\u00dfer angezeigt<\/figcaption><\/figure>\n<\/div>\n\n\n<h2 class=\"wp-block-heading\">5. Drachenh\u00f6hle<\/h2>\n\n\n\n<p><strong>Coves del Drac<\/strong> \u2013 die bekannte Tropfsteinh\u00f6hle s\u00fcdlich von Porto Cristo ist heute eine wahre Touristenattraktion. Jeder will sie sehen \u2013 gerade in den Sommermonaten herrscht gro\u00dfer Andrang. Eingereiht in die lange Schlange beginnt die F\u00fchrung durch die interessanten Kalksteinformationen, schnell ein Foto gemacht ohne Blitz und schon geht\u2019s weiter.<\/p>\n\n\n\n<figure class=\"wp-block-image alignnone wp-image-27949 size-full\"><img decoding=\"async\" width=\"1400\" height=\"788\" src=\"https:\/\/www.tui.com\/blog\/wp-content\/uploads\/2023\/04\/mallorca-drachenhoehle.jpg\" alt=\"Die Drachenh\u00f6hle von Mallorca\" class=\"wp-image-27949\"\/><figcaption class=\"wp-element-caption\">Die Drachenh\u00f6hle von Mallorca<\/figcaption><\/figure>\n\n\n\n<div style=\"border: 2px solid #E8E8E8; padding: 10px;\">\n<h3>Drachen-Tipp:<\/h3>\n<p>Die Drachenh\u00f6hle \u00f6ffnet:&nbsp;&nbsp;&nbsp;&nbsp;&nbsp;&nbsp;&nbsp;&nbsp;&nbsp;&nbsp;&nbsp;&nbsp;&nbsp;&nbsp;&nbsp;&nbsp;&nbsp;&nbsp;&nbsp;&nbsp;&nbsp;&nbsp;&nbsp;&nbsp;&nbsp;&nbsp;&nbsp;&nbsp; \u25baAdresse: Ctra. de les Coves, s\/n, 07680 Porto Cristo<\/p>\n<ul>\n<li>16. MRZ\u201331. OKT von 10:00-17:00 Uhr<\/li>\n<li>01. NOV\u201315. MRZ von 10:30, 12:00, 14:00 und 15:00 Uhr<\/li>\n<li>25. DEZ\u201301. JAN geschlossen<\/li>\n<li>Eintrittspreise: Erwachsene 15\u20ac, Kinder 3-12 Jahre 8\u20ac, Kinder unter 3 Jahren frei<\/li>\n<\/ul>\n<\/div>\n\n\n\n<p>&nbsp;<\/p>\n\n\n\n<h2 class=\"wp-block-heading\">6. Der Rote Blitz<\/h2>\n\n\n\n<p>Tut tut! Weg frei f\u00fcr den Roten Blitz \u2013 Ganze 27 km in einer Stunde! So gem\u00fctlich f\u00e4hrt die ehemalige Dampfeisenbahn ab Placa Espanya in Palma nach S\u00f3ller.<\/p>\n\n\n\n<p>Die einst entstandene Bahnstrecke von 1912 transportiert heute haufenweise Touristen statt Orangen. Im historischen Stil erhalten ist diese Bahnfahrt durch das goldene Tal mit Olivenhainen, Mandelplantagen oder Orangenb\u00e4umen ein ganz besonderer Mallorca Ausflug und allemal sehenswert.<\/p>\n\n\n\n<div style=\"border: 2px solid #E8E8E8; padding: 10px;\">\n<h3>Blitz-Tipp:<\/h3>\n<p>Der Rote Blitz f\u00e4hrt: &nbsp; &nbsp; &nbsp; &nbsp; &nbsp; &nbsp; &nbsp; &nbsp; &nbsp; &nbsp; &nbsp; &nbsp; &nbsp; &nbsp; &nbsp; &nbsp; &nbsp;\u25baAdressen:<\/p>\n<ul>\n<li>April bis Oktober &nbsp; &nbsp; &nbsp; &nbsp; &nbsp; &nbsp; &nbsp; &nbsp; &nbsp; &nbsp; &nbsp; &nbsp; &nbsp; &nbsp; &nbsp; Bahnhof in Palma:&nbsp;Estada, 1. 07004 Palma de Mallorca<\/li>\n<li>ab Palma: 10:00 \u2013 19:40 &nbsp; &nbsp; &nbsp; &nbsp; &nbsp; &nbsp; &nbsp; &nbsp; &nbsp; &nbsp;Bahnhof in S\u00f3ller: Pla\u00e7a d\u2019Espanya, 6. 07100 S\u00f3ller<\/li>\n<li>ab S\u00f3ller: 09:00 \u2013 18:30<\/li>\n<li>Fahrpreis: 25\u20ac<\/li>\n<\/ul>\n<\/div>\n\n\n\n<figure class=\"wp-block-image alignnone wp-image-27938 size-full\"><img decoding=\"async\" src=\"https:\/\/www.tui.com\/blog\/wp-content\/uploads\/2023\/04\/mallorca-roter-blitz.jpg\" alt=\"Der Rote Blitz von Mallorca\" class=\"wp-image-27938\"\/><figcaption class=\"wp-element-caption\">Der Rote Blitz von Mallorca<\/figcaption><\/figure>\n\n\n\n<h2 class=\"wp-block-heading\">7. Der sch\u00f6nste Mallorca Strand<\/h2>\n\n\n\n<p>Sonne, Strand &amp; Meer \u2013 Was will man mehr! F\u00fcr alle diejenigen unter euch, welche ausschlie\u00dflich an den sch\u00f6nsten Str\u00e4nden interessiert sind: <strong>TUI TOP 6<\/strong>&nbsp;<strong>\u25ba<\/strong>&nbsp;<a href=\"https:\/\/www.tui.com\/blog\/tui-top-6-entdecke-mit-tui-die-schoensten-straende-mallorcas\/\">Entdecke mit TUI die 6 sch\u00f6nsten Str\u00e4nde Mallorcas<\/a><\/p>\n\n\n\n<figure class=\"wp-block-image alignnone wp-image-27947 size-full\"><img decoding=\"async\" width=\"1400\" height=\"788\" src=\"https:\/\/www.tui.com\/blog\/wp-content\/uploads\/2023\/04\/mallorca-strand.jpg\" alt=\"Sch\u00f6nste Str\u00e4nde Mallorca\" class=\"wp-image-27947\"\/><figcaption class=\"wp-element-caption\">Das kristallklare Wasser an den sch\u00f6nsten Str\u00e4nden von Mallorca<\/figcaption><\/figure>\n\n\n\n<h2 class=\"wp-block-heading\">8. Kathedrale von Palma<\/h2>\n\n\n\n<p>Die Kathedrale <strong>\u201eLa Seu\u201c<\/strong> zu Deutsch \u201eBischofssitz\u201c ist das Herzst\u00fcck und die wichtigste Sehensw\u00fcrdigkeit von Palma de Mallorca. Eine gigantische Erschaffung aus Sandstein, die zu den bedeutendsten Kunst-Bauwerken des gotischen Zeitalters geh\u00f6rt. Die innere Ruhe finden: Das wird&nbsp;wohl der friedlichste und ruhigste unter den Mallorca Ausfl\u00fcgen sein.<\/p>\n\n\n\n<div style=\"border: 2px solid #E8E8E8; padding: 10px;\">\n<h3>Kirchen-Tipp:<\/h3>\n<p>Die Kathedrale \u00f6ffnet: &nbsp; &nbsp; &nbsp; &nbsp; &nbsp; &nbsp; &nbsp; &nbsp; &nbsp; &nbsp; &nbsp; &nbsp; &nbsp; &nbsp; &nbsp; &nbsp; &nbsp; &nbsp; &nbsp; &nbsp; &nbsp; &nbsp; &nbsp; &nbsp; &nbsp; &nbsp; &nbsp; &nbsp; \u25baAdresse:<\/p>\n<ul>\n<li>APR \u2013 MAI: Mo-Fr von 10-17:15 Uhr &nbsp; &nbsp; &nbsp; &nbsp; &nbsp; &nbsp; &nbsp; &nbsp; &nbsp; &nbsp; &nbsp; &nbsp; &nbsp; &nbsp; &nbsp; &nbsp;Plaza Almoina, s\/n, 07001 Palma de Mallorca<\/li>\n<li>JUN \u2013 SEPT: Mo-Fr von 10-18:15 Uhr<\/li>\n<li>OKT: Mo-Fr von 10-17 Uhr<\/li>\n<li>NOV-MRZ: Mo-Fr von 10-15:15 Uhr<\/li>\n<li>Samstags: ganzj\u00e4hrig von 10-14:15 Uhr<\/li>\n<li>Sonntags &amp; Feiertags geschlossen!<\/li>\n<li>Eintrittspreise: Erwachsene &amp; Kinder ab 11 Jahren 8\u20ac<\/li>\n<\/ul>\n<\/div>\n\n\n<div class=\"wp-block-image wp-image-27884 size-full\">\n<figure class=\"aligncenter\"><img decoding=\"async\" width=\"1400\" height=\"788\" src=\"https:\/\/www.tui.com\/blog\/wp-content\/uploads\/2023\/04\/palma-kathedrale.jpg\" alt=\"Kathedrale von Palma\" class=\"wp-image-27884\"\/><figcaption class=\"wp-element-caption\">Die Kathedrale von Palma<\/figcaption><\/figure>\n<\/div>\n\n\n<h2 class=\"wp-block-heading\">9. Der Botanische Garten von S\u00f3ller<\/h2>\n\n\n\n<p>Wie gemacht ist der Song \u201cEs gr\u00fcnt so gr\u00fcn wenn Spaniens Bl\u00fcten bl\u00fchen\u2026\u201c wenn die Rede vom Botanischen Garten S\u00f3ller ist. Der 1985 liebevoll angelegte Pflanzenpark ist seit 1992 f\u00fcr Besucher ge\u00f6ffnet und ein unvergleichliches Naturareal, dass die Flora der Balearen wahrt.<\/p>\n\n\n\n<div style=\"border: 2px solid #E8E8E8; padding: 10px;\">\n<h3>Pflanzen-Tipp:<\/h3>\n<p>Der Botanische Garten \u00f6ffnet: &nbsp; &nbsp; &nbsp; &nbsp; &nbsp; &nbsp; &nbsp; &nbsp; &nbsp; &nbsp; &nbsp; &nbsp; &nbsp; &nbsp; &nbsp; &nbsp; &nbsp; &nbsp;\u25baAdresse:<\/p>\n<ul>\n<li>NOV \u2013 FEB: Mo-SA von 10-14 Uhr &nbsp; &nbsp; &nbsp; &nbsp; &nbsp; &nbsp; &nbsp; &nbsp; &nbsp; &nbsp; &nbsp; &nbsp;Ctra. Palma-Port de S\u00f3ller, Km 30,5, 07100 S\u00f3ller<\/li>\n<li>MRZ\u2013 OKT: Mo-SA von 10-18 Uhr<\/li>\n<li>Sonntags &amp; Feiertags geschlossen!<\/li>\n<li>Eintrittspreise: Erwachsene 8\u20ac, Gruppen &gt; 12 Personen 6\u20ac, Kinder &lt; als 6 Jahren frei<\/li>\n<\/ul>\n<\/div>\n\n\n\n<figure class=\"wp-block-image alignnone wp-image-27946 size-full\"><img decoding=\"async\" width=\"1400\" height=\"788\" src=\"https:\/\/www.tui.com\/blog\/wp-content\/uploads\/2023\/04\/mallorca-soller.jpg\" alt=\"Wundersch\u00f6ne Naturlandschaft in S\u00f3ller auf Mallorca\" class=\"wp-image-27946\"\/><figcaption class=\"wp-element-caption\">Die Naturlandschaft in S\u00f3ller auf Mallorca<\/figcaption><\/figure>\n\n\n\n<h2 class=\"wp-block-heading\">10. Gourmet-Restaurants<\/h2>\n\n\n\n<p>Bei so vielen Ausfl\u00fcgen knurrt nat\u00fcrlich der Magen und spanische K\u00f6stlichkeiten wollen probiert werden.&nbsp;F\u00fcr alle, die im Urlaub auf Kulinarik mit hohem Niveau nicht verzichten m\u00f6chten, haben wir die besten Restaurants der Insel ausfindig gemacht.<\/p>\n\n\n\n<p>Um genau zu sein ist die Rede von exakt <strong>7 ausgezeichneten&nbsp;Restaurants<\/strong> mit mindestens <strong>1<\/strong>&nbsp;<strong>Michelin Stern.<\/strong><\/p>\n\n\n\n<div style=\"border: 2px solid #E8E8E8; padding: 10px;\">\n<h3>Michelin-Sterne Restaurant Tipps Mallorca<\/h3>\n<p>Angefangen von dem diesj\u00e4hrigen Aufsteiger in die Profi-Kochliga:<\/p>\n<ol>\n<li>Das&nbsp;<strong>&#8222;Zaranda&#8220;<\/strong>&nbsp;in der N\u00e4he von Capdell\u00e0, mit <strong>2 Michelin Sternen<\/strong><br><strong>\u25baTIPP: Das Zaranda ist&nbsp;im Hotel&nbsp;<a href=\"https:\/\/www.tui.com\/hotels\/castell-son-claret-335028\/hotelinformation\/\">Castell Son Claret<\/a>&nbsp;zu genie\u00dfen<\/strong><\/li>\n<\/ol>\n<p>Gefolgt von den 6 weiteren Sterne-Verteidigern des letzten Jahres:<\/p>\n<p>2. Das<strong> &#8222;Andreu Genestra&#8220;<\/strong> in Capdepera mit <strong>1 Michelin Stern<\/strong><br>3. Das<strong> &#8222;Marc Fosh Restaurant&#8220; <\/strong>in Palma &#8211; britischer Koch&nbsp;in Spanien mit <strong>1 Michelin Stern<\/strong>&nbsp;K\u00fcche<br>4. Das <strong>&#8222;Es Rac\u00f3 D&#8217;es Teix&#8220;<\/strong> in Dei\u00e0 mit <strong>1 Michelin Stern <\/strong>von&nbsp;1991 unter dem&nbsp;Koch Josef Sauerschell<\/p>\n<p>5. Das <strong>&#8222;Bou&#8220;<\/strong>&nbsp;in Sa Coma erstmalig 2004 mit <strong>1 Michelin Stern<\/strong> ausgezeichnet<br><strong>\u25baTIPP: Das Bou ist im Hotel <a href=\"https:\/\/www.tui.com\/hotels\/protur-sa-coma-playa-hotel-and-spa-39495\/hotelinformation\/\">Protur Sa Coma Playa Hotel &amp; Spa<\/a>&nbsp;zu genie\u00dfen<\/strong><\/p>\n<p>6. Das&nbsp;<strong>&#8222;Es Fum&#8220;<\/strong>&nbsp;in Portals Nous mit <strong>1 Michelin Stern<\/strong> unter der Leitung von K\u00fcchenchef Miguel Navarro seit 2017<strong><br>\u25baTIPP: Das Es Fum ist im Hotel <a href=\"https:\/\/www.tui.com\/hotels\/the-st-regis-mardavall-mallorca-resort-34926\/hotelinformation\/\">The St. Regis Mardavall Mallorca Resort<\/a>&nbsp;zu genie\u00dfen<\/strong><\/p>\n<p>7. Das <strong>&#8222;Jardin&#8220;<\/strong> in Port de Alc\u00fadia mit <strong>1 Michelin Stern<\/strong><\/p>\n<p>Das sind also unsere beliebten Mallorca Ausfl\u00fcge und Restaurants mit kulinarischen H\u00f6chstleistungen.<\/p>\n<\/div>\n\n\n\n<p>&nbsp;<\/p>\n\n\n\n<div style=\"border: 2px solid #E8E8E8; padding: 10px;\">\n<h3>\u25ba<a href=\"https:\/\/www.tuimusement.com\/de\/search\/?text=mallorca\">Direkt TUI Ausfl\u00fcge Mallorca buchen<\/a><\/h3>\n<figure><img decoding=\"async\" class=\"wp-image-4612 size-thumbnail\" src=\"https:\/\/www.tui.com\/blog\/wp-content\/uploads\/2023\/04\/Palma_639-320x180.jpg\" alt=\"Kathedrale von Palma\" width=\"320\" height=\"180\"><\/figure><p><\/p>\n<p>\u25baAlle<a href=\"https:\/\/www.tui.com\/hotels\/spanien\/mallorca\/\">&nbsp;Hotelangebote f\u00fcr Mallorca.<\/a><\/p>\n<\/div>\n","protected":false},"excerpt":{"rendered":"<p>Mallorca \u2013 das Lieblingsreiseziel der Deutschen. Was genau macht die gr\u00f6\u00dfte Balearen Insel so begehrt? Etwa \u201eNUR\u201c Sonne, Strand &#038; Meer? Nein! Wir zeigen euch die besten Mallorca Ausfl\u00fcge, die ihr erleben k\u00f6nnt. Freut euch auf unsere Top 10 Mallorca Tipps.<\/p>\n","protected":false},"author":74,"featured_media":145892,"comment_status":"open","ping_status":"open","sticky":false,"template":"","format":"standard","meta":{"_acf_changed":false,"footnotes":""},"categories":[4052,4030,4032,4056],"tags":[453],"class_list":["post-145888","post","type-post","status-publish","format-standard","has-post-thumbnail","hentry","category-archiv-reisearten","category-archiv-reiseziele","category-archiv-spanien","category-archiv-urlaub-am-meer","tag-balearen"],"acf":[],"yoast_head":"<!-- This site is optimized with the Yoast SEO plugin v27.4 - https:\/\/yoast.com\/product\/yoast-seo-wordpress\/ -->\n<title>Die Top 10 besten Ausflugstipps auf Mallorca - Jetzt im TUI Blog<\/title>\n<meta name=\"description\" content=\"Mallorca \u2013 das Lieblingsreiseziel der Deutschen. Was genau macht die gr\u00f6\u00dfte Balearen Insel so begehrt? Hier die sch\u00f6nsten Ausflugstipps ...\" \/>\n<meta name=\"robots\" content=\"index, follow, max-snippet:-1, max-image-preview:large, max-video-preview:-1\" \/>\n<link rel=\"canonical\" href=\"https:\/\/www.tui.com\/blog\/die-top-10-besten-ausflugstipps-mallorca\/\" \/>\n<meta property=\"og:locale\" content=\"de_DE\" \/>\n<meta property=\"og:type\" content=\"article\" \/>\n<meta property=\"og:title\" content=\"Die Top 10 besten Ausflugstipps auf Mallorca - Jetzt im TUI Blog\" \/>\n<meta property=\"og:description\" content=\"Mallorca \u2013 das Lieblingsreiseziel der Deutschen. Was genau macht die gr\u00f6\u00dfte Balearen Insel so begehrt? Hier die sch\u00f6nsten Ausflugstipps ...\" \/>\n<meta property=\"og:url\" content=\"https:\/\/www.tui.com\/blog\/die-top-10-besten-ausflugstipps-mallorca\/\" \/>\n<meta property=\"og:site_name\" content=\"TUI.com Reiseblog \u2600\" \/>\n<meta property=\"article:published_time\" content=\"2020-02-28T09:30:01+00:00\" \/>\n<meta property=\"article:modified_time\" content=\"2025-07-28T09:56:26+00:00\" \/>\n<meta property=\"og:image\" content=\"https:\/\/www.tui.com\/blog\/wp-content\/uploads\/2023\/04\/mallorca-cap-formentor.jpg\" \/>\n\t<meta property=\"og:image:width\" content=\"1400\" \/>\n\t<meta property=\"og:image:height\" content=\"788\" \/>\n\t<meta property=\"og:image:type\" content=\"image\/jpeg\" \/>\n<meta name=\"author\" content=\"TUI Bloggerin Yasemin\" \/>\n<meta name=\"twitter:card\" content=\"summary_large_image\" \/>\n<meta name=\"twitter:label1\" content=\"Verfasst von\" \/>\n\t<meta name=\"twitter:data1\" content=\"TUI Bloggerin Yasemin\" \/>\n\t<meta name=\"twitter:label2\" content=\"Gesch\u00e4tzte Lesezeit\" \/>\n\t<meta name=\"twitter:data2\" content=\"7\u00a0Minuten\" \/>\n<script type=\"application\/ld+json\" class=\"yoast-schema-graph\">{\"@context\":\"https:\\\/\\\/schema.org\",\"@graph\":[{\"@type\":\"BlogPosting\",\"@id\":\"https:\\\/\\\/www.tui.com\\\/blog\\\/die-top-10-besten-ausflugstipps-mallorca\\\/#article\",\"isPartOf\":{\"@id\":\"https:\\\/\\\/www.tui.com\\\/blog\\\/die-top-10-besten-ausflugstipps-mallorca\\\/\"},\"author\":{\"name\":\"TUI Bloggerin Yasemin\",\"@id\":\"https:\\\/\\\/www.tui.com\\\/blog\\\/#\\\/schema\\\/person\\\/8089c9e758ad95f797fd320aacf114c2\"},\"headline\":\"Die Top 10 besten Ausflugstipps Mallorca\",\"datePublished\":\"2020-02-28T09:30:01+00:00\",\"dateModified\":\"2025-07-28T09:56:26+00:00\",\"mainEntityOfPage\":{\"@id\":\"https:\\\/\\\/www.tui.com\\\/blog\\\/die-top-10-besten-ausflugstipps-mallorca\\\/\"},\"wordCount\":1376,\"commentCount\":7,\"publisher\":{\"@id\":\"https:\\\/\\\/www.tui.com\\\/blog\\\/#organization\"},\"image\":{\"@id\":\"https:\\\/\\\/www.tui.com\\\/blog\\\/die-top-10-besten-ausflugstipps-mallorca\\\/#primaryimage\"},\"thumbnailUrl\":\"https:\\\/\\\/www.tui.com\\\/blog\\\/wp-content\\\/uploads\\\/2023\\\/04\\\/mallorca-cap-formentor.jpg\",\"keywords\":[\"Balearen\"],\"articleSection\":[\"Reisearten\",\"Reiseziele\",\"Spanien\",\"Urlaub am Meer\"],\"inLanguage\":\"de\",\"potentialAction\":[{\"@type\":\"CommentAction\",\"name\":\"Comment\",\"target\":[\"https:\\\/\\\/www.tui.com\\\/blog\\\/die-top-10-besten-ausflugstipps-mallorca\\\/#respond\"]}]},{\"@type\":\"WebPage\",\"@id\":\"https:\\\/\\\/www.tui.com\\\/blog\\\/die-top-10-besten-ausflugstipps-mallorca\\\/\",\"url\":\"https:\\\/\\\/www.tui.com\\\/blog\\\/die-top-10-besten-ausflugstipps-mallorca\\\/\",\"name\":\"Die Top 10 besten Ausflugstipps auf Mallorca - Jetzt im TUI Blog\",\"isPartOf\":{\"@id\":\"https:\\\/\\\/www.tui.com\\\/blog\\\/#website\"},\"primaryImageOfPage\":{\"@id\":\"https:\\\/\\\/www.tui.com\\\/blog\\\/die-top-10-besten-ausflugstipps-mallorca\\\/#primaryimage\"},\"image\":{\"@id\":\"https:\\\/\\\/www.tui.com\\\/blog\\\/die-top-10-besten-ausflugstipps-mallorca\\\/#primaryimage\"},\"thumbnailUrl\":\"https:\\\/\\\/www.tui.com\\\/blog\\\/wp-content\\\/uploads\\\/2023\\\/04\\\/mallorca-cap-formentor.jpg\",\"datePublished\":\"2020-02-28T09:30:01+00:00\",\"dateModified\":\"2025-07-28T09:56:26+00:00\",\"description\":\"Mallorca \u2013 das Lieblingsreiseziel der Deutschen. Was genau macht die gr\u00f6\u00dfte Balearen Insel so begehrt? Hier die sch\u00f6nsten Ausflugstipps ...\",\"breadcrumb\":{\"@id\":\"https:\\\/\\\/www.tui.com\\\/blog\\\/die-top-10-besten-ausflugstipps-mallorca\\\/#breadcrumb\"},\"inLanguage\":\"de\",\"potentialAction\":[{\"@type\":\"ReadAction\",\"target\":[\"https:\\\/\\\/www.tui.com\\\/blog\\\/die-top-10-besten-ausflugstipps-mallorca\\\/\"]}]},{\"@type\":\"ImageObject\",\"inLanguage\":\"de\",\"@id\":\"https:\\\/\\\/www.tui.com\\\/blog\\\/die-top-10-besten-ausflugstipps-mallorca\\\/#primaryimage\",\"url\":\"https:\\\/\\\/www.tui.com\\\/blog\\\/wp-content\\\/uploads\\\/2023\\\/04\\\/mallorca-cap-formentor.jpg\",\"contentUrl\":\"https:\\\/\\\/www.tui.com\\\/blog\\\/wp-content\\\/uploads\\\/2023\\\/04\\\/mallorca-cap-formentor.jpg\",\"width\":1400,\"height\":788,\"caption\":\"Die Aussicht am Cap Formentor auf Mallorca\"},{\"@type\":\"BreadcrumbList\",\"@id\":\"https:\\\/\\\/www.tui.com\\\/blog\\\/die-top-10-besten-ausflugstipps-mallorca\\\/#breadcrumb\",\"itemListElement\":[{\"@type\":\"ListItem\",\"position\":1,\"name\":\"Startseite\",\"item\":\"https:\\\/\\\/www.tui.com\\\/blog\\\/\"},{\"@type\":\"ListItem\",\"position\":2,\"name\":\"Die Top 10 besten Ausflugstipps Mallorca\"}]},{\"@type\":\"WebSite\",\"@id\":\"https:\\\/\\\/www.tui.com\\\/blog\\\/#website\",\"url\":\"https:\\\/\\\/www.tui.com\\\/blog\\\/\",\"name\":\"TUI.com Reiseblog \u2600\",\"description\":\"Abenteuer oder lieber an den Strand? \u2600 Der TUI Reiseblog bietet tolle Infos rund um deine n\u00e4chste Reise \u2708 Komm vorbei und lass dich inspirieren \u221a\",\"publisher\":{\"@id\":\"https:\\\/\\\/www.tui.com\\\/blog\\\/#organization\"},\"potentialAction\":[{\"@type\":\"SearchAction\",\"target\":{\"@type\":\"EntryPoint\",\"urlTemplate\":\"https:\\\/\\\/www.tui.com\\\/blog\\\/?s={search_term_string}\"},\"query-input\":{\"@type\":\"PropertyValueSpecification\",\"valueRequired\":true,\"valueName\":\"search_term_string\"}}],\"inLanguage\":\"de\"},{\"@type\":\"Organization\",\"@id\":\"https:\\\/\\\/www.tui.com\\\/blog\\\/#organization\",\"name\":\"TUI.com Reiseblog \u2600\",\"url\":\"https:\\\/\\\/www.tui.com\\\/blog\\\/\",\"logo\":{\"@type\":\"ImageObject\",\"inLanguage\":\"de\",\"@id\":\"https:\\\/\\\/www.tui.com\\\/blog\\\/#\\\/schema\\\/logo\\\/image\\\/\",\"url\":\"https:\\\/\\\/www.tui.com\\\/blog\\\/wp-content\\\/uploads\\\/2023\\\/04\\\/cropped-tui-logo-3.png\",\"contentUrl\":\"https:\\\/\\\/www.tui.com\\\/blog\\\/wp-content\\\/uploads\\\/2023\\\/04\\\/cropped-tui-logo-3.png\",\"width\":164,\"height\":72,\"caption\":\"TUI.com Reiseblog \u2600\"},\"image\":{\"@id\":\"https:\\\/\\\/www.tui.com\\\/blog\\\/#\\\/schema\\\/logo\\\/image\\\/\"}},{\"@type\":\"Person\",\"@id\":\"https:\\\/\\\/www.tui.com\\\/blog\\\/#\\\/schema\\\/person\\\/8089c9e758ad95f797fd320aacf114c2\",\"name\":\"TUI Bloggerin Yasemin\",\"image\":{\"@type\":\"ImageObject\",\"inLanguage\":\"de\",\"@id\":\"https:\\\/\\\/www.tui.com\\\/blog\\\/wp-content\\\/uploads\\\/2016\\\/11\\\/yasemin-profilbild-klein-200x180.jpg\",\"url\":\"https:\\\/\\\/www.tui.com\\\/blog\\\/wp-content\\\/uploads\\\/2016\\\/11\\\/yasemin-profilbild-klein-200x180.jpg\",\"contentUrl\":\"https:\\\/\\\/www.tui.com\\\/blog\\\/wp-content\\\/uploads\\\/2016\\\/11\\\/yasemin-profilbild-klein-200x180.jpg\",\"caption\":\"TUI Bloggerin Yasemin\"},\"description\":\"Berlinerin, die 4 Sprachen spricht und immer etwas zu sagen hat ;-)\",\"url\":\"https:\\\/\\\/www.tui.com\\\/blog\\\/author\\\/yasemin\\\/\"}]}<\/script>\n<!-- \/ Yoast SEO plugin. -->","yoast_head_json":{"title":"Die Top 10 besten Ausflugstipps auf Mallorca - Jetzt im TUI Blog","description":"Mallorca \u2013 das Lieblingsreiseziel der Deutschen. Was genau macht die gr\u00f6\u00dfte Balearen Insel so begehrt? Hier die sch\u00f6nsten Ausflugstipps ...","robots":{"index":"index","follow":"follow","max-snippet":"max-snippet:-1","max-image-preview":"max-image-preview:large","max-video-preview":"max-video-preview:-1"},"canonical":"https:\/\/www.tui.com\/blog\/die-top-10-besten-ausflugstipps-mallorca\/","og_locale":"de_DE","og_type":"article","og_title":"Die Top 10 besten Ausflugstipps auf Mallorca - Jetzt im TUI Blog","og_description":"Mallorca \u2013 das Lieblingsreiseziel der Deutschen. Was genau macht die gr\u00f6\u00dfte Balearen Insel so begehrt? Hier die sch\u00f6nsten Ausflugstipps ...","og_url":"https:\/\/www.tui.com\/blog\/die-top-10-besten-ausflugstipps-mallorca\/","og_site_name":"TUI.com Reiseblog \u2600","article_published_time":"2020-02-28T09:30:01+00:00","article_modified_time":"2025-07-28T09:56:26+00:00","og_image":[{"width":1400,"height":788,"url":"https:\/\/www.tui.com\/blog\/wp-content\/uploads\/2023\/04\/mallorca-cap-formentor.jpg","type":"image\/jpeg"}],"author":"TUI Bloggerin Yasemin","twitter_card":"summary_large_image","twitter_misc":{"Verfasst von":"TUI Bloggerin Yasemin","Gesch\u00e4tzte Lesezeit":"7\u00a0Minuten"},"schema":{"@context":"https:\/\/schema.org","@graph":[{"@type":"BlogPosting","@id":"https:\/\/www.tui.com\/blog\/die-top-10-besten-ausflugstipps-mallorca\/#article","isPartOf":{"@id":"https:\/\/www.tui.com\/blog\/die-top-10-besten-ausflugstipps-mallorca\/"},"author":{"name":"TUI Bloggerin Yasemin","@id":"https:\/\/www.tui.com\/blog\/#\/schema\/person\/8089c9e758ad95f797fd320aacf114c2"},"headline":"Die Top 10 besten Ausflugstipps Mallorca","datePublished":"2020-02-28T09:30:01+00:00","dateModified":"2025-07-28T09:56:26+00:00","mainEntityOfPage":{"@id":"https:\/\/www.tui.com\/blog\/die-top-10-besten-ausflugstipps-mallorca\/"},"wordCount":1376,"commentCount":7,"publisher":{"@id":"https:\/\/www.tui.com\/blog\/#organization"},"image":{"@id":"https:\/\/www.tui.com\/blog\/die-top-10-besten-ausflugstipps-mallorca\/#primaryimage"},"thumbnailUrl":"https:\/\/www.tui.com\/blog\/wp-content\/uploads\/2023\/04\/mallorca-cap-formentor.jpg","keywords":["Balearen"],"articleSection":["Reisearten","Reiseziele","Spanien","Urlaub am Meer"],"inLanguage":"de","potentialAction":[{"@type":"CommentAction","name":"Comment","target":["https:\/\/www.tui.com\/blog\/die-top-10-besten-ausflugstipps-mallorca\/#respond"]}]},{"@type":"WebPage","@id":"https:\/\/www.tui.com\/blog\/die-top-10-besten-ausflugstipps-mallorca\/","url":"https:\/\/www.tui.com\/blog\/die-top-10-besten-ausflugstipps-mallorca\/","name":"Die Top 10 besten Ausflugstipps auf Mallorca - Jetzt im TUI Blog","isPartOf":{"@id":"https:\/\/www.tui.com\/blog\/#website"},"primaryImageOfPage":{"@id":"https:\/\/www.tui.com\/blog\/die-top-10-besten-ausflugstipps-mallorca\/#primaryimage"},"image":{"@id":"https:\/\/www.tui.com\/blog\/die-top-10-besten-ausflugstipps-mallorca\/#primaryimage"},"thumbnailUrl":"https:\/\/www.tui.com\/blog\/wp-content\/uploads\/2023\/04\/mallorca-cap-formentor.jpg","datePublished":"2020-02-28T09:30:01+00:00","dateModified":"2025-07-28T09:56:26+00:00","description":"Mallorca \u2013 das Lieblingsreiseziel der Deutschen. Was genau macht die gr\u00f6\u00dfte Balearen Insel so begehrt? Hier die sch\u00f6nsten Ausflugstipps ...","breadcrumb":{"@id":"https:\/\/www.tui.com\/blog\/die-top-10-besten-ausflugstipps-mallorca\/#breadcrumb"},"inLanguage":"de","potentialAction":[{"@type":"ReadAction","target":["https:\/\/www.tui.com\/blog\/die-top-10-besten-ausflugstipps-mallorca\/"]}]},{"@type":"ImageObject","inLanguage":"de","@id":"https:\/\/www.tui.com\/blog\/die-top-10-besten-ausflugstipps-mallorca\/#primaryimage","url":"https:\/\/www.tui.com\/blog\/wp-content\/uploads\/2023\/04\/mallorca-cap-formentor.jpg","contentUrl":"https:\/\/www.tui.com\/blog\/wp-content\/uploads\/2023\/04\/mallorca-cap-formentor.jpg","width":1400,"height":788,"caption":"Die Aussicht am Cap Formentor auf Mallorca"},{"@type":"BreadcrumbList","@id":"https:\/\/www.tui.com\/blog\/die-top-10-besten-ausflugstipps-mallorca\/#breadcrumb","itemListElement":[{"@type":"ListItem","position":1,"name":"Startseite","item":"https:\/\/www.tui.com\/blog\/"},{"@type":"ListItem","position":2,"name":"Die Top 10 besten Ausflugstipps Mallorca"}]},{"@type":"WebSite","@id":"https:\/\/www.tui.com\/blog\/#website","url":"https:\/\/www.tui.com\/blog\/","name":"TUI.com Reiseblog \u2600","description":"Abenteuer oder lieber an den Strand? \u2600 Der TUI Reiseblog bietet tolle Infos rund um deine n\u00e4chste Reise \u2708 Komm vorbei und lass dich inspirieren \u221a","publisher":{"@id":"https:\/\/www.tui.com\/blog\/#organization"},"potentialAction":[{"@type":"SearchAction","target":{"@type":"EntryPoint","urlTemplate":"https:\/\/www.tui.com\/blog\/?s={search_term_string}"},"query-input":{"@type":"PropertyValueSpecification","valueRequired":true,"valueName":"search_term_string"}}],"inLanguage":"de"},{"@type":"Organization","@id":"https:\/\/www.tui.com\/blog\/#organization","name":"TUI.com Reiseblog \u2600","url":"https:\/\/www.tui.com\/blog\/","logo":{"@type":"ImageObject","inLanguage":"de","@id":"https:\/\/www.tui.com\/blog\/#\/schema\/logo\/image\/","url":"https:\/\/www.tui.com\/blog\/wp-content\/uploads\/2023\/04\/cropped-tui-logo-3.png","contentUrl":"https:\/\/www.tui.com\/blog\/wp-content\/uploads\/2023\/04\/cropped-tui-logo-3.png","width":164,"height":72,"caption":"TUI.com Reiseblog \u2600"},"image":{"@id":"https:\/\/www.tui.com\/blog\/#\/schema\/logo\/image\/"}},{"@type":"Person","@id":"https:\/\/www.tui.com\/blog\/#\/schema\/person\/8089c9e758ad95f797fd320aacf114c2","name":"TUI Bloggerin Yasemin","image":{"@type":"ImageObject","inLanguage":"de","@id":"https:\/\/www.tui.com\/blog\/wp-content\/uploads\/2016\/11\/yasemin-profilbild-klein-200x180.jpg","url":"https:\/\/www.tui.com\/blog\/wp-content\/uploads\/2016\/11\/yasemin-profilbild-klein-200x180.jpg","contentUrl":"https:\/\/www.tui.com\/blog\/wp-content\/uploads\/2016\/11\/yasemin-profilbild-klein-200x180.jpg","caption":"TUI Bloggerin Yasemin"},"description":"Berlinerin, die 4 Sprachen spricht und immer etwas zu sagen hat ;-)","url":"https:\/\/www.tui.com\/blog\/author\/yasemin\/"}]}},"_links":{"self":[{"href":"https:\/\/www.tui.com\/blog\/wp-json\/wp\/v2\/posts\/145888","targetHints":{"allow":["GET"]}}],"collection":[{"href":"https:\/\/www.tui.com\/blog\/wp-json\/wp\/v2\/posts"}],"about":[{"href":"https:\/\/www.tui.com\/blog\/wp-json\/wp\/v2\/types\/post"}],"author":[{"embeddable":true,"href":"https:\/\/www.tui.com\/blog\/wp-json\/wp\/v2\/users\/74"}],"replies":[{"embeddable":true,"href":"https:\/\/www.tui.com\/blog\/wp-json\/wp\/v2\/comments?post=145888"}],"version-history":[{"count":3,"href":"https:\/\/www.tui.com\/blog\/wp-json\/wp\/v2\/posts\/145888\/revisions"}],"predecessor-version":[{"id":479304,"href":"https:\/\/www.tui.com\/blog\/wp-json\/wp\/v2\/posts\/145888\/revisions\/479304"}],"wp:featuredmedia":[{"embeddable":true,"href":"https:\/\/www.tui.com\/blog\/wp-json\/wp\/v2\/media\/145892"}],"wp:attachment":[{"href":"https:\/\/www.tui.com\/blog\/wp-json\/wp\/v2\/media?parent=145888"}],"wp:term":[{"taxonomy":"category","embeddable":true,"href":"https:\/\/www.tui.com\/blog\/wp-json\/wp\/v2\/categories?post=145888"},{"taxonomy":"post_tag","embeddable":true,"href":"https:\/\/www.tui.com\/blog\/wp-json\/wp\/v2\/tags?post=145888"}],"curies":[{"name":"wp","href":"https:\/\/api.w.org\/{rel}","templated":true}]}}