{"id":146150,"date":"2016-07-25T10:00:27","date_gmt":"2016-07-25T08:00:27","guid":{"rendered":"https:\/\/blog.tui.info\/madeira-ein-abwechslungsreiches-wanderparadies\/"},"modified":"2025-07-15T08:45:41","modified_gmt":"2025-07-15T06:45:41","slug":"madeira-ein-abwechslungsreiches-wanderparadies","status":"publish","type":"post","link":"https:\/\/www.tui.com\/blog\/madeira-ein-abwechslungsreiches-wanderparadies\/","title":{"rendered":"Madeira \u2013 ein abwechslungsreiches Wanderparadies"},"content":{"rendered":"\n<p class=\"firstTextGrey\">Die Insel Madeira ist ein reinstes Wanderparadies auf der ihr eurer Wanderlust prima nachgehen k\u00f6nnt.&nbsp;Gastbloggerin Lisa stellt euch die wundervolle Blumeninsel und das Wanderfest vor,&nbsp;dass erstmalig hier gefeiert wird und gibt euch Tipps f\u00fcr eure n\u00e4chste Wanderung auf Madeira.<\/p>\n\n\n\n<h2 class=\"wp-block-heading\"><a href=\"https:\/\/www.tui.com\/pauschalreisen\/portugal\/madeira\/\" target=\"_blank\" rel=\"noopener\">Madeira<\/a> &#8211; ein Inbegriff f\u00fcr steile Felsk\u00fcsten, bizarre Gipfel und immergr\u00fcne Lorbeerw\u00e4lder<\/h2>\n\n\n\n<p>Der Inselarchipel Madeira geh\u00f6rt zu <a href=\"https:\/\/www.tui.com\/pauschalreisen\/portugal\/\" target=\"_blank\" rel=\"noopener\">Portugal<\/a> und liegt s\u00fcdwestlich von <a href=\"https:\/\/www.tui.com\/staedtereisen\/lissabon\/\" target=\"_blank\" rel=\"noopener\">Lissabon<\/a> und westlich von <a href=\"https:\/\/www.tui.com\/pauschalreisen\/marokko\/\" target=\"_blank\" rel=\"noopener\">Marokko<\/a> im Atlantik. Neben der atemberaubenden Landschaft vom lieblich mediterranen bis zum schroffen Gebirge bezaubert die Insel auch wegen seines durchgehend milden Klimas. Die Einfl\u00fcsse des Golfstroms bescheren der Insel milde Winter und angenehm warme Sommer. All das macht Madeira zum perfekten Erholungsort und Wanderparadies.<\/p>\n\n\n<div class=\"wp-block-image wp-image-24891 size-gallery-639\">\n<figure class=\"aligncenter\"><img decoding=\"async\" width=\"1000\" height=\"667\" src=\"https:\/\/www.tui.com\/blog\/wp-content\/uploads\/2023\/04\/madeira-wanderinsel.jpg\" alt=\"Das reinste Wanderparadies: Madeira\" class=\"wp-image-24891\"\/><figcaption class=\"wp-element-caption\">Das reinste Wanderparadies: Madeira<\/figcaption><\/figure>\n<\/div>\n\n\n<h3 class=\"wp-block-heading\">Die Blumeninsel Madeira und ihre Vegetation<\/h3>\n\n\n\n<p>Die Insel hat heute auch den Beinamen \u201eBlumeninsel\u201c. Dieser Name entstammt aber weniger aus der urspr\u00fcnglichen Vegetation, sondern&nbsp;viel mehr durch die Besiedelung der Menschen. Die Bewohner legen gro\u00dfen Wert auf das gepflegte Aussehen der D\u00f6rfer und beim gem\u00fctlichen durch die D\u00f6rfer schlendern, werdet ihr von Blumen in den Stra\u00dfen begleitet. Die nat\u00fcrliche Vegetation der Insel ist auf Wind und Wasser zur\u00fcckzuf\u00fchren, da die Insel nie mit dem Festland verbunden war. Tiere als auch Pflanzensamen gelangten durch den Wind und Treibholz auf dem Wasser auf die Insel.<\/p>\n\n\n\n<p>Heute sehr bekannt, ist der Lorbeerwald von <a href=\"https:\/\/www.tui.com\/pauschalreisen\/portugal\/madeira\/\" target=\"_blank\" rel=\"noopener\">Madeira<\/a>. Darunter k\u00f6nnt ihr euch saftig gr\u00fcne, dichte W\u00e4lder vorstellen. Der Lorbeerwald auf Madeira bedeckt circa 20 Prozent der Fl\u00e4che und befindet sich auf einer H\u00f6he zwischen 300 und 1.300 Metern. Bis heute konnte die Vielfalt an Pflanzen noch nicht genau erfasst werden. Fest steht jedoch, dass der Lorbeerwald ein wichtiges biologisches Kulturgut ist und deshalb auch von der UNESCO zum Weltnaturerbe erkl\u00e4rt wurde. In dieser Vielfalt sind Lorbeerw\u00e4lder nur noch auf w\u00e4rmeren Inseln zu finden. Fr\u00fcher war er n\u00e4mlich in ganz Europa verbreitet, jedoch hat die Eiszeit seine Spuren hinterlassen und gro\u00dfe Fl\u00e4chen zerst\u00f6rt.<\/p>\n\n\n<div class=\"wp-block-image wp-image-24893 size-gallery-639\">\n<figure class=\"aligncenter\"><img decoding=\"async\" width=\"1000\" height=\"750\" src=\"https:\/\/www.tui.com\/blog\/wp-content\/uploads\/2023\/04\/levadas-madeira.jpg\" alt=\"Levadas (k\u00fcnstliche Wasserl\u00e4ufe) auf Madeira\" class=\"wp-image-24893\"\/><figcaption class=\"wp-element-caption\">Levadas (k\u00fcnstliche Wasserl\u00e4ufe) auf Madeira<\/figcaption><\/figure>\n<\/div>\n\n\n<h3 class=\"wp-block-heading\">Wanderempfehlung f\u00fcr ambitionierte und gem\u00fctliche Wanderer<\/h3>\n\n\n\n<blockquote class=\"wp-block-quote right is-layout-flow wp-block-quote-is-layout-flow\">\n<p><strong>TUI Blogtipp Levada-Wanderung: <\/strong>TUI Mitarbeiterin Mela war auf der Blumeninsel unterwegs und ist entlang der Levada dos Prazeres gewandert. Melas wundervolle Fotos und Eindr\u00fccke bekommt ihr \u25ba\u00a0<a href=\"https:\/\/www.tui.com\/blog\/blumeninsel-madeira-die-maerchenhaft-schoene-im-atlantik\">in ihrem Artikel.<\/a><\/p>\n<\/blockquote>\n\n\n\n<p>Wie wir mittlerweile wissen, ist Madeira ein wahres Wandereldorado im Atlantik. Es gibt unz\u00e4hlige M\u00f6glichkeiten die Insel zu bewandern. F\u00fcr die ambitionierten Wanderer ist der h\u00f6chste Berg der Insel, der Pico Ruivo mit 1.862 Metern,&nbsp;ein Highlight. Die meisten Wege wurden urspr\u00fcnglich zu Transportzwecken von Handelswaren (Karrenwege) oder zur Instandhaltung der Levadas gebaut. Levadas sind k\u00fcnstlich angelegte Wasserkan\u00e4le, in denen das Wasser von den niederschlagsreichen Gebieten der Inseln in die trockenen Gebiete flie\u00dft. Mittlerweile werden diese Wege als zentrales Wanderwegenetz genutzt und bieten f\u00fcr jeden Geschmack die geeigneten Wanderrouten.<\/p>\n\n\n\n<p>Eine Ausnahme ist der Wanderweg zum Pico Ruivo. Dieser wurde speziell zur Besteigung Madeira\u2019s h\u00f6chsten Gipfels errichtet. Der Panoramaweg vom Pico Arieiro zum Pico Ruivo ist landschaftlich der lohnendste. Spektakul\u00e4r ist der Anmarsch \u00fcber den Gipfelweg. Vom Pico Arieiro beginnt die Wanderung \u00fcber zahlreiche Treppen und durch Tunnel entlang des Hauptkammes der Insel bis zum Pico Ruivo. Linker Hand blickt ihr&nbsp;st\u00e4ndig tief hinab in das wilde Curral das Freiras-Tal, w\u00e4hrend rechts der Blick auf das Tal von Ribeira Seca frei wird. Steil abfallende W\u00e4nde mit \u00fcppiger Vegetation machen diese Wandertour zu einem spektakul\u00e4ren Erlebnis.<\/p>\n\n\n\n<p>F\u00fcr alle die es eher gem\u00fctlich wollen, bietet sich im Gegenzug dazu eine Wanderung auf die Paul da Serra-Hochebene an. Wunderbare Impressionen von dieser beeindruckenden Hochebene begleiten in Richtung Fanal. Durch dichte Lorbeer- und Baumheidew\u00e4lder geht die Wanderung zu einem jahrhundertealten Baumbestand von Lorbeerb\u00e4umen.<\/p>\n\n\n<div class=\"wp-block-image wp-image-24890 size-gallery-639\">\n<figure class=\"aligncenter\"><img decoding=\"async\" width=\"1000\" height=\"669\" src=\"https:\/\/www.tui.com\/blog\/wp-content\/uploads\/2023\/04\/madeira-pico-ruivo.jpg\" alt=\"Spektakul\u00e4re Aussicht vom h\u00f6chsten Berg Madeiras, dem Pico Ruivo\" class=\"wp-image-24890\"\/><figcaption class=\"wp-element-caption\">Spektakul\u00e4re Aussicht vom h\u00f6chsten Berg Madeiras, dem Pico Ruivo<\/figcaption><\/figure>\n<\/div>\n\n<div class=\"wp-block-image wp-image-24892 size-gallery-639\">\n<figure class=\"aligncenter\"><img decoding=\"async\" width=\"1000\" height=\"750\" src=\"https:\/\/www.tui.com\/blog\/wp-content\/uploads\/2023\/04\/ostkap-madeira.jpg\" alt=\"Auch eine Wanderung wert: Zum Ostkap der Insel\" class=\"wp-image-24892\"\/><figcaption class=\"wp-element-caption\">Auch eine Wanderung wert: Zum Ostkap der Insel<\/figcaption><\/figure>\n<\/div>\n\n\n<h3 class=\"wp-block-heading\">Madeira feiert die Wanderlust<\/h3>\n\n\n\n<p>Auf <a href=\"https:\/\/www.tui.com\/pauschalreisen\/portugal\/madeira\/\" target=\"_blank\" rel=\"noopener\">Madeira<\/a> gibt es so einiges zu feiern: das Fest des Atlantiks, das Fest der Kastanien, das Fest der unz\u00e4hligen Schutzpatrone der Insel, das ber\u00fchmte Blumenfest und nat\u00fcrlich das Neujahrsfest mit dem bombastischen Feuerwerk in Funchal. Was bisher (!) nicht in dieser Form gefeiert wurde, ist Madeira als Wanderinsel. Eines steht n\u00e4mlich fest: Madeira ist definitiv ein Wanderparadies.<\/p>\n\n\n\n<div style=\"border: 1px solid #BED3BF; padding: 10px; margin-bottom: 20px;\">\n<h3>Feiert das Wanderfest auf Madeira!<\/h3>\n<p>Macht mit beim Madeira Wanderfestival. Ihr \u00fcbernachtet im umweltfreundlichen&nbsp;\u25ba&nbsp;<a href=\"https:\/\/www.tui.com\/hotels\/quinta-do-furao-2219\/hotelinformation\/\" target=\"_blank\" rel=\"noopener\">Viverde Hotel Quinta do Furao<\/a>, welches auf dem Gramacho-Plateau gelegen, einen traumhaften Blick auf das Meer und die Berge Madeiras bietet. Beim 8-t\u00e4gigen Wanderfest k\u00f6nnt ihr in Kleingruppen verschiedene, gef\u00fchrte Wanderungen unterschiedlicher Schwierigkeitsgrade mit wechselndem Rahmenprogramm unternehmen. Weinverkostung, Galadiner-Abende, landestypische Mittagessen &#8211; das und noch viel mehr erwartet euch beim Wanderfestival.<\/p>\n<p>Das Highlight ist die Fackelwanderung zum Sonnenaufgang auf den Pico Ruivo, den h\u00f6chsten Berg Madeiras. Die Fackeln lassen den Berg erleuchten und der Pico Ruivo und vom Gipfel betrachtet, ist eine Lichterkette ins Tal zu sehen. Hoch \u00fcber den D\u00e4chern der Insel l\u00e4sst sich der Beginn des Tages am besten beobachten und macht den Start in den Tag zu etwas Besonderem.<\/p>\n<p>Das Wanderfestival&nbsp;wird&nbsp;von der Alpinschule Innsbruck (ASI Reisen) durchgef\u00fchrt und kann in eurem Reiseb\u00fcro des Vertrauens gebucht werden.<\/p>\n<\/div>\n\n\n\n<figure class=\"wp-block-gallery has-nested-images columns-3 is-cropped wp-block-gallery-1 is-layout-flex wp-block-gallery-is-layout-flex\">\n<figure class=\"wp-block-image size-large\"><img decoding=\"async\" width=\"751\" height=\"563\" data-id=\"146152\" src=\"https:\/\/www.tui.com\/blog\/wp-content\/uploads\/2023\/04\/viverde-hotel-quinta-do-furao-751x563.jpg\" alt=\"Hier habt ihr einen spektakul\u00e4ren Ausblick vom Hotel aus\" class=\"wp-image-146152\" srcset=\"https:\/\/www.tui.com\/blog\/wp-content\/uploads\/2023\/04\/viverde-hotel-quinta-do-furao-751x563.jpg 751w, https:\/\/www.tui.com\/blog\/wp-content\/uploads\/2023\/04\/viverde-hotel-quinta-do-furao-592x444.jpg 592w, https:\/\/www.tui.com\/blog\/wp-content\/uploads\/2023\/04\/viverde-hotel-quinta-do-furao-768x576.jpg 768w, https:\/\/www.tui.com\/blog\/wp-content\/uploads\/2023\/04\/viverde-hotel-quinta-do-furao.jpg 800w\" sizes=\"(max-width: 751px) 100vw, 751px\" \/><\/figure>\n\n\n\n<figure class=\"wp-block-image size-large\"><img decoding=\"async\" width=\"751\" height=\"563\" data-id=\"146154\" src=\"https:\/\/www.tui.com\/blog\/wp-content\/uploads\/2023\/04\/viverde-hotel-quinta-do-furao-wanderparadies-751x563.jpg\" alt=\"Beim Wanderfestival \u00fcbernachtet ihr exklusiv im Perfekt f\u00fcr Ruhesuchende und Wanderer geeignet: Das Viverde Hotel Quinta do Furao\" class=\"wp-image-146154\" srcset=\"https:\/\/www.tui.com\/blog\/wp-content\/uploads\/2023\/04\/viverde-hotel-quinta-do-furao-wanderparadies-751x563.jpg 751w, https:\/\/www.tui.com\/blog\/wp-content\/uploads\/2023\/04\/viverde-hotel-quinta-do-furao-wanderparadies-592x444.jpg 592w, https:\/\/www.tui.com\/blog\/wp-content\/uploads\/2023\/04\/viverde-hotel-quinta-do-furao-wanderparadies-768x576.jpg 768w, https:\/\/www.tui.com\/blog\/wp-content\/uploads\/2023\/04\/viverde-hotel-quinta-do-furao-wanderparadies.jpg 800w\" sizes=\"(max-width: 751px) 100vw, 751px\" \/><\/figure>\n\n\n\n<figure class=\"wp-block-image size-large\"><img decoding=\"async\" width=\"751\" height=\"563\" data-id=\"146156\" src=\"https:\/\/www.tui.com\/blog\/wp-content\/uploads\/2023\/04\/viverde-hotel-quinta-do-furao-madeira-aussenansicht-751x563.jpg\" alt=\"Das 4 Sterne Viverde Hotel Quinta do Furao\" class=\"wp-image-146156\" srcset=\"https:\/\/www.tui.com\/blog\/wp-content\/uploads\/2023\/04\/viverde-hotel-quinta-do-furao-madeira-aussenansicht-751x563.jpg 751w, https:\/\/www.tui.com\/blog\/wp-content\/uploads\/2023\/04\/viverde-hotel-quinta-do-furao-madeira-aussenansicht-592x444.jpg 592w, https:\/\/www.tui.com\/blog\/wp-content\/uploads\/2023\/04\/viverde-hotel-quinta-do-furao-madeira-aussenansicht-768x576.jpg 768w, https:\/\/www.tui.com\/blog\/wp-content\/uploads\/2023\/04\/viverde-hotel-quinta-do-furao-madeira-aussenansicht.jpg 800w\" sizes=\"(max-width: 751px) 100vw, 751px\" \/><\/figure>\n\n\n\n<figure class=\"wp-block-image size-large\"><img decoding=\"async\" width=\"751\" height=\"563\" data-id=\"146158\" src=\"https:\/\/www.tui.com\/blog\/wp-content\/uploads\/2023\/04\/viverde-hotel-quinta-do-furao-madeira-751x563.jpg\" alt=\"Perfekt f\u00fcr Ruhesuchende und Wanderer geeignet: Das Viverde Hotel Quinta do Furao\" class=\"wp-image-146158\" srcset=\"https:\/\/www.tui.com\/blog\/wp-content\/uploads\/2023\/04\/viverde-hotel-quinta-do-furao-madeira-751x563.jpg 751w, https:\/\/www.tui.com\/blog\/wp-content\/uploads\/2023\/04\/viverde-hotel-quinta-do-furao-madeira-592x444.jpg 592w, https:\/\/www.tui.com\/blog\/wp-content\/uploads\/2023\/04\/viverde-hotel-quinta-do-furao-madeira-768x576.jpg 768w, https:\/\/www.tui.com\/blog\/wp-content\/uploads\/2023\/04\/viverde-hotel-quinta-do-furao-madeira.jpg 800w\" sizes=\"(max-width: 751px) 100vw, 751px\" \/><\/figure>\n<\/figure>\n\n\n\n<h2 class=\"wp-block-heading\">TUI STRANDTIPP<\/h2>\n\n\n\n<p>Ihr sucht nach den sch\u00f6nsten Str\u00e4nden Madeiras? Reisebloggerin Anja Knorr hat sie gefunden:<\/p>\n\n\n\n<p>\u25ba <a href=\"https:\/\/www.tui.com\/blog\/madeiras-unbekannte-straende\">Madeiras unbekannte Str\u00e4nde<\/a><\/p>\n","protected":false},"excerpt":{"rendered":"<p>Die Insel Madeira ist ein reinstes Wanderparadies auf der ihr eurer Wanderlust prima nachgehen k\u00f6nnt. Gastbloggerin Lisa stellt euch die wundervolle Blumeninsel und das Wanderfest vor, dass erstmalig hier gefeiert wird und gibt euch Tipps f\u00fcr eure n\u00e4chste Wanderung auf Madeira.<\/p>\n","protected":false},"author":86,"featured_media":146172,"comment_status":"open","ping_status":"open","sticky":false,"template":"","format":"standard","meta":{"_acf_changed":false,"footnotes":""},"categories":[4054,4052,4030,4050],"tags":[954,518,107,227],"class_list":["post-146150","post","type-post","status-publish","format-standard","has-post-thumbnail","hentry","category-archiv-aktivurlaub","category-archiv-reisearten","category-archiv-reiseziele","category-archiv-weitere-beliebte-reiseziele","tag-blumeninsel","tag-madeira","tag-portugal","tag-wandern"],"acf":[],"yoast_head":"<!-- This site is optimized with the Yoast SEO plugin v27.4 - https:\/\/yoast.com\/product\/yoast-seo-wordpress\/ -->\n<title>Madeira \u2013 ein abwechslungsreiches Wanderparadies - TUI.com Reiseblog \u2600<\/title>\n<meta name=\"robots\" content=\"index, follow, max-snippet:-1, max-image-preview:large, max-video-preview:-1\" \/>\n<link rel=\"canonical\" href=\"https:\/\/www.tui.com\/blog\/madeira-ein-abwechslungsreiches-wanderparadies\/\" \/>\n<meta property=\"og:locale\" content=\"de_DE\" \/>\n<meta property=\"og:type\" content=\"article\" \/>\n<meta property=\"og:title\" content=\"Madeira \u2013 ein abwechslungsreiches Wanderparadies - TUI.com Reiseblog \u2600\" \/>\n<meta property=\"og:description\" content=\"Die Insel Madeira ist ein reinstes Wanderparadies auf der ihr eurer Wanderlust prima nachgehen k\u00f6nnt. Gastbloggerin Lisa stellt euch die wundervolle Blumeninsel und das Wanderfest vor, dass erstmalig hier gefeiert wird und gibt euch Tipps f\u00fcr eure n\u00e4chste Wanderung auf Madeira.\" \/>\n<meta property=\"og:url\" content=\"https:\/\/www.tui.com\/blog\/madeira-ein-abwechslungsreiches-wanderparadies\/\" \/>\n<meta property=\"og:site_name\" content=\"TUI.com Reiseblog \u2600\" \/>\n<meta property=\"article:published_time\" content=\"2016-07-25T08:00:27+00:00\" \/>\n<meta property=\"article:modified_time\" content=\"2025-07-15T06:45:41+00:00\" \/>\n<meta property=\"og:image\" content=\"https:\/\/www.tui.com\/blog\/wp-content\/uploads\/2023\/04\/madeira-wanderparadies-feature.jpg\" \/>\n\t<meta property=\"og:image:width\" content=\"930\" \/>\n\t<meta property=\"og:image:height\" content=\"390\" \/>\n\t<meta property=\"og:image:type\" content=\"image\/jpeg\" \/>\n<meta name=\"author\" content=\"TUI Reiseexperten\" \/>\n<meta name=\"twitter:card\" content=\"summary_large_image\" \/>\n<meta name=\"twitter:label1\" content=\"Verfasst von\" \/>\n\t<meta name=\"twitter:data1\" content=\"TUI Reiseexperten\" \/>\n\t<meta name=\"twitter:label2\" content=\"Gesch\u00e4tzte Lesezeit\" \/>\n\t<meta name=\"twitter:data2\" content=\"4\u00a0Minuten\" \/>\n<script type=\"application\/ld+json\" class=\"yoast-schema-graph\">{\"@context\":\"https:\\\/\\\/schema.org\",\"@graph\":[{\"@type\":\"BlogPosting\",\"@id\":\"https:\\\/\\\/www.tui.com\\\/blog\\\/madeira-ein-abwechslungsreiches-wanderparadies\\\/#article\",\"isPartOf\":{\"@id\":\"https:\\\/\\\/www.tui.com\\\/blog\\\/madeira-ein-abwechslungsreiches-wanderparadies\\\/\"},\"author\":{\"name\":\"TUI Reiseexperten\",\"@id\":\"https:\\\/\\\/www.tui.com\\\/blog\\\/#\\\/schema\\\/person\\\/e0405bcbd5102f3edd229113f1c50a06\"},\"headline\":\"Madeira \u2013 ein abwechslungsreiches Wanderparadies\",\"datePublished\":\"2016-07-25T08:00:27+00:00\",\"dateModified\":\"2025-07-15T06:45:41+00:00\",\"mainEntityOfPage\":{\"@id\":\"https:\\\/\\\/www.tui.com\\\/blog\\\/madeira-ein-abwechslungsreiches-wanderparadies\\\/\"},\"wordCount\":903,\"commentCount\":2,\"publisher\":{\"@id\":\"https:\\\/\\\/www.tui.com\\\/blog\\\/#organization\"},\"image\":{\"@id\":\"https:\\\/\\\/www.tui.com\\\/blog\\\/madeira-ein-abwechslungsreiches-wanderparadies\\\/#primaryimage\"},\"thumbnailUrl\":\"https:\\\/\\\/www.tui.com\\\/blog\\\/wp-content\\\/uploads\\\/2023\\\/04\\\/madeira-wanderparadies-feature.jpg\",\"keywords\":[\"Blumeninsel\",\"Madeira\",\"Portugal\",\"Wandern\"],\"articleSection\":[\"Aktivurlaub\",\"Reisearten\",\"Reiseziele\",\"weitere beliebte Reiseziele\"],\"inLanguage\":\"de\",\"potentialAction\":[{\"@type\":\"CommentAction\",\"name\":\"Comment\",\"target\":[\"https:\\\/\\\/www.tui.com\\\/blog\\\/madeira-ein-abwechslungsreiches-wanderparadies\\\/#respond\"]}]},{\"@type\":\"WebPage\",\"@id\":\"https:\\\/\\\/www.tui.com\\\/blog\\\/madeira-ein-abwechslungsreiches-wanderparadies\\\/\",\"url\":\"https:\\\/\\\/www.tui.com\\\/blog\\\/madeira-ein-abwechslungsreiches-wanderparadies\\\/\",\"name\":\"Madeira \u2013 ein abwechslungsreiches Wanderparadies - TUI.com Reiseblog \u2600\",\"isPartOf\":{\"@id\":\"https:\\\/\\\/www.tui.com\\\/blog\\\/#website\"},\"primaryImageOfPage\":{\"@id\":\"https:\\\/\\\/www.tui.com\\\/blog\\\/madeira-ein-abwechslungsreiches-wanderparadies\\\/#primaryimage\"},\"image\":{\"@id\":\"https:\\\/\\\/www.tui.com\\\/blog\\\/madeira-ein-abwechslungsreiches-wanderparadies\\\/#primaryimage\"},\"thumbnailUrl\":\"https:\\\/\\\/www.tui.com\\\/blog\\\/wp-content\\\/uploads\\\/2023\\\/04\\\/madeira-wanderparadies-feature.jpg\",\"datePublished\":\"2016-07-25T08:00:27+00:00\",\"dateModified\":\"2025-07-15T06:45:41+00:00\",\"breadcrumb\":{\"@id\":\"https:\\\/\\\/www.tui.com\\\/blog\\\/madeira-ein-abwechslungsreiches-wanderparadies\\\/#breadcrumb\"},\"inLanguage\":\"de\",\"potentialAction\":[{\"@type\":\"ReadAction\",\"target\":[\"https:\\\/\\\/www.tui.com\\\/blog\\\/madeira-ein-abwechslungsreiches-wanderparadies\\\/\"]}]},{\"@type\":\"ImageObject\",\"inLanguage\":\"de\",\"@id\":\"https:\\\/\\\/www.tui.com\\\/blog\\\/madeira-ein-abwechslungsreiches-wanderparadies\\\/#primaryimage\",\"url\":\"https:\\\/\\\/www.tui.com\\\/blog\\\/wp-content\\\/uploads\\\/2023\\\/04\\\/madeira-wanderparadies-feature.jpg\",\"contentUrl\":\"https:\\\/\\\/www.tui.com\\\/blog\\\/wp-content\\\/uploads\\\/2023\\\/04\\\/madeira-wanderparadies-feature.jpg\",\"width\":930,\"height\":390},{\"@type\":\"BreadcrumbList\",\"@id\":\"https:\\\/\\\/www.tui.com\\\/blog\\\/madeira-ein-abwechslungsreiches-wanderparadies\\\/#breadcrumb\",\"itemListElement\":[{\"@type\":\"ListItem\",\"position\":1,\"name\":\"Startseite\",\"item\":\"https:\\\/\\\/www.tui.com\\\/blog\\\/\"},{\"@type\":\"ListItem\",\"position\":2,\"name\":\"Madeira \u2013 ein abwechslungsreiches Wanderparadies\"}]},{\"@type\":\"WebSite\",\"@id\":\"https:\\\/\\\/www.tui.com\\\/blog\\\/#website\",\"url\":\"https:\\\/\\\/www.tui.com\\\/blog\\\/\",\"name\":\"TUI.com Reiseblog \u2600\",\"description\":\"Abenteuer oder lieber an den Strand? \u2600 Der TUI Reiseblog bietet tolle Infos rund um deine n\u00e4chste Reise \u2708 Komm vorbei und lass dich inspirieren \u221a\",\"publisher\":{\"@id\":\"https:\\\/\\\/www.tui.com\\\/blog\\\/#organization\"},\"potentialAction\":[{\"@type\":\"SearchAction\",\"target\":{\"@type\":\"EntryPoint\",\"urlTemplate\":\"https:\\\/\\\/www.tui.com\\\/blog\\\/?s={search_term_string}\"},\"query-input\":{\"@type\":\"PropertyValueSpecification\",\"valueRequired\":true,\"valueName\":\"search_term_string\"}}],\"inLanguage\":\"de\"},{\"@type\":\"Organization\",\"@id\":\"https:\\\/\\\/www.tui.com\\\/blog\\\/#organization\",\"name\":\"TUI.com Reiseblog \u2600\",\"url\":\"https:\\\/\\\/www.tui.com\\\/blog\\\/\",\"logo\":{\"@type\":\"ImageObject\",\"inLanguage\":\"de\",\"@id\":\"https:\\\/\\\/www.tui.com\\\/blog\\\/#\\\/schema\\\/logo\\\/image\\\/\",\"url\":\"https:\\\/\\\/www.tui.com\\\/blog\\\/wp-content\\\/uploads\\\/2023\\\/04\\\/cropped-tui-logo-3.png\",\"contentUrl\":\"https:\\\/\\\/www.tui.com\\\/blog\\\/wp-content\\\/uploads\\\/2023\\\/04\\\/cropped-tui-logo-3.png\",\"width\":164,\"height\":72,\"caption\":\"TUI.com Reiseblog \u2600\"},\"image\":{\"@id\":\"https:\\\/\\\/www.tui.com\\\/blog\\\/#\\\/schema\\\/logo\\\/image\\\/\"}},{\"@type\":\"Person\",\"@id\":\"https:\\\/\\\/www.tui.com\\\/blog\\\/#\\\/schema\\\/person\\\/e0405bcbd5102f3edd229113f1c50a06\",\"name\":\"TUI Reiseexperten\",\"image\":{\"@type\":\"ImageObject\",\"inLanguage\":\"de\",\"@id\":\"https:\\\/\\\/www.tui.com\\\/blog\\\/wp-content\\\/uploads\\\/2016\\\/10\\\/TUIMitarbeiter-178x176.jpg\",\"url\":\"https:\\\/\\\/www.tui.com\\\/blog\\\/wp-content\\\/uploads\\\/2016\\\/10\\\/TUIMitarbeiter-178x176.jpg\",\"contentUrl\":\"https:\\\/\\\/www.tui.com\\\/blog\\\/wp-content\\\/uploads\\\/2016\\\/10\\\/TUIMitarbeiter-178x176.jpg\",\"caption\":\"TUI Reiseexperten\"},\"description\":\"TEST\",\"url\":\"https:\\\/\\\/www.tui.com\\\/blog\\\/author\\\/tui-mitarbeiter\\\/\"}]}<\/script>\n<!-- \/ Yoast SEO plugin. -->","yoast_head_json":{"title":"Madeira \u2013 ein abwechslungsreiches Wanderparadies - TUI.com Reiseblog \u2600","robots":{"index":"index","follow":"follow","max-snippet":"max-snippet:-1","max-image-preview":"max-image-preview:large","max-video-preview":"max-video-preview:-1"},"canonical":"https:\/\/www.tui.com\/blog\/madeira-ein-abwechslungsreiches-wanderparadies\/","og_locale":"de_DE","og_type":"article","og_title":"Madeira \u2013 ein abwechslungsreiches Wanderparadies - TUI.com Reiseblog \u2600","og_description":"Die Insel Madeira ist ein reinstes Wanderparadies auf der ihr eurer Wanderlust prima nachgehen k\u00f6nnt. Gastbloggerin Lisa stellt euch die wundervolle Blumeninsel und das Wanderfest vor, dass erstmalig hier gefeiert wird und gibt euch Tipps f\u00fcr eure n\u00e4chste Wanderung auf Madeira.","og_url":"https:\/\/www.tui.com\/blog\/madeira-ein-abwechslungsreiches-wanderparadies\/","og_site_name":"TUI.com Reiseblog \u2600","article_published_time":"2016-07-25T08:00:27+00:00","article_modified_time":"2025-07-15T06:45:41+00:00","og_image":[{"width":930,"height":390,"url":"https:\/\/www.tui.com\/blog\/wp-content\/uploads\/2023\/04\/madeira-wanderparadies-feature.jpg","type":"image\/jpeg"}],"author":"TUI Reiseexperten","twitter_card":"summary_large_image","twitter_misc":{"Verfasst von":"TUI Reiseexperten","Gesch\u00e4tzte Lesezeit":"4\u00a0Minuten"},"schema":{"@context":"https:\/\/schema.org","@graph":[{"@type":"BlogPosting","@id":"https:\/\/www.tui.com\/blog\/madeira-ein-abwechslungsreiches-wanderparadies\/#article","isPartOf":{"@id":"https:\/\/www.tui.com\/blog\/madeira-ein-abwechslungsreiches-wanderparadies\/"},"author":{"name":"TUI Reiseexperten","@id":"https:\/\/www.tui.com\/blog\/#\/schema\/person\/e0405bcbd5102f3edd229113f1c50a06"},"headline":"Madeira \u2013 ein abwechslungsreiches Wanderparadies","datePublished":"2016-07-25T08:00:27+00:00","dateModified":"2025-07-15T06:45:41+00:00","mainEntityOfPage":{"@id":"https:\/\/www.tui.com\/blog\/madeira-ein-abwechslungsreiches-wanderparadies\/"},"wordCount":903,"commentCount":2,"publisher":{"@id":"https:\/\/www.tui.com\/blog\/#organization"},"image":{"@id":"https:\/\/www.tui.com\/blog\/madeira-ein-abwechslungsreiches-wanderparadies\/#primaryimage"},"thumbnailUrl":"https:\/\/www.tui.com\/blog\/wp-content\/uploads\/2023\/04\/madeira-wanderparadies-feature.jpg","keywords":["Blumeninsel","Madeira","Portugal","Wandern"],"articleSection":["Aktivurlaub","Reisearten","Reiseziele","weitere beliebte Reiseziele"],"inLanguage":"de","potentialAction":[{"@type":"CommentAction","name":"Comment","target":["https:\/\/www.tui.com\/blog\/madeira-ein-abwechslungsreiches-wanderparadies\/#respond"]}]},{"@type":"WebPage","@id":"https:\/\/www.tui.com\/blog\/madeira-ein-abwechslungsreiches-wanderparadies\/","url":"https:\/\/www.tui.com\/blog\/madeira-ein-abwechslungsreiches-wanderparadies\/","name":"Madeira \u2013 ein abwechslungsreiches Wanderparadies - TUI.com Reiseblog \u2600","isPartOf":{"@id":"https:\/\/www.tui.com\/blog\/#website"},"primaryImageOfPage":{"@id":"https:\/\/www.tui.com\/blog\/madeira-ein-abwechslungsreiches-wanderparadies\/#primaryimage"},"image":{"@id":"https:\/\/www.tui.com\/blog\/madeira-ein-abwechslungsreiches-wanderparadies\/#primaryimage"},"thumbnailUrl":"https:\/\/www.tui.com\/blog\/wp-content\/uploads\/2023\/04\/madeira-wanderparadies-feature.jpg","datePublished":"2016-07-25T08:00:27+00:00","dateModified":"2025-07-15T06:45:41+00:00","breadcrumb":{"@id":"https:\/\/www.tui.com\/blog\/madeira-ein-abwechslungsreiches-wanderparadies\/#breadcrumb"},"inLanguage":"de","potentialAction":[{"@type":"ReadAction","target":["https:\/\/www.tui.com\/blog\/madeira-ein-abwechslungsreiches-wanderparadies\/"]}]},{"@type":"ImageObject","inLanguage":"de","@id":"https:\/\/www.tui.com\/blog\/madeira-ein-abwechslungsreiches-wanderparadies\/#primaryimage","url":"https:\/\/www.tui.com\/blog\/wp-content\/uploads\/2023\/04\/madeira-wanderparadies-feature.jpg","contentUrl":"https:\/\/www.tui.com\/blog\/wp-content\/uploads\/2023\/04\/madeira-wanderparadies-feature.jpg","width":930,"height":390},{"@type":"BreadcrumbList","@id":"https:\/\/www.tui.com\/blog\/madeira-ein-abwechslungsreiches-wanderparadies\/#breadcrumb","itemListElement":[{"@type":"ListItem","position":1,"name":"Startseite","item":"https:\/\/www.tui.com\/blog\/"},{"@type":"ListItem","position":2,"name":"Madeira \u2013 ein abwechslungsreiches Wanderparadies"}]},{"@type":"WebSite","@id":"https:\/\/www.tui.com\/blog\/#website","url":"https:\/\/www.tui.com\/blog\/","name":"TUI.com Reiseblog \u2600","description":"Abenteuer oder lieber an den Strand? \u2600 Der TUI Reiseblog bietet tolle Infos rund um deine n\u00e4chste Reise \u2708 Komm vorbei und lass dich inspirieren \u221a","publisher":{"@id":"https:\/\/www.tui.com\/blog\/#organization"},"potentialAction":[{"@type":"SearchAction","target":{"@type":"EntryPoint","urlTemplate":"https:\/\/www.tui.com\/blog\/?s={search_term_string}"},"query-input":{"@type":"PropertyValueSpecification","valueRequired":true,"valueName":"search_term_string"}}],"inLanguage":"de"},{"@type":"Organization","@id":"https:\/\/www.tui.com\/blog\/#organization","name":"TUI.com Reiseblog \u2600","url":"https:\/\/www.tui.com\/blog\/","logo":{"@type":"ImageObject","inLanguage":"de","@id":"https:\/\/www.tui.com\/blog\/#\/schema\/logo\/image\/","url":"https:\/\/www.tui.com\/blog\/wp-content\/uploads\/2023\/04\/cropped-tui-logo-3.png","contentUrl":"https:\/\/www.tui.com\/blog\/wp-content\/uploads\/2023\/04\/cropped-tui-logo-3.png","width":164,"height":72,"caption":"TUI.com Reiseblog \u2600"},"image":{"@id":"https:\/\/www.tui.com\/blog\/#\/schema\/logo\/image\/"}},{"@type":"Person","@id":"https:\/\/www.tui.com\/blog\/#\/schema\/person\/e0405bcbd5102f3edd229113f1c50a06","name":"TUI Reiseexperten","image":{"@type":"ImageObject","inLanguage":"de","@id":"https:\/\/www.tui.com\/blog\/wp-content\/uploads\/2016\/10\/TUIMitarbeiter-178x176.jpg","url":"https:\/\/www.tui.com\/blog\/wp-content\/uploads\/2016\/10\/TUIMitarbeiter-178x176.jpg","contentUrl":"https:\/\/www.tui.com\/blog\/wp-content\/uploads\/2016\/10\/TUIMitarbeiter-178x176.jpg","caption":"TUI Reiseexperten"},"description":"TEST","url":"https:\/\/www.tui.com\/blog\/author\/tui-mitarbeiter\/"}]}},"_links":{"self":[{"href":"https:\/\/www.tui.com\/blog\/wp-json\/wp\/v2\/posts\/146150","targetHints":{"allow":["GET"]}}],"collection":[{"href":"https:\/\/www.tui.com\/blog\/wp-json\/wp\/v2\/posts"}],"about":[{"href":"https:\/\/www.tui.com\/blog\/wp-json\/wp\/v2\/types\/post"}],"author":[{"embeddable":true,"href":"https:\/\/www.tui.com\/blog\/wp-json\/wp\/v2\/users\/86"}],"replies":[{"embeddable":true,"href":"https:\/\/www.tui.com\/blog\/wp-json\/wp\/v2\/comments?post=146150"}],"version-history":[{"count":4,"href":"https:\/\/www.tui.com\/blog\/wp-json\/wp\/v2\/posts\/146150\/revisions"}],"predecessor-version":[{"id":477934,"href":"https:\/\/www.tui.com\/blog\/wp-json\/wp\/v2\/posts\/146150\/revisions\/477934"}],"wp:featuredmedia":[{"embeddable":true,"href":"https:\/\/www.tui.com\/blog\/wp-json\/wp\/v2\/media\/146172"}],"wp:attachment":[{"href":"https:\/\/www.tui.com\/blog\/wp-json\/wp\/v2\/media?parent=146150"}],"wp:term":[{"taxonomy":"category","embeddable":true,"href":"https:\/\/www.tui.com\/blog\/wp-json\/wp\/v2\/categories?post=146150"},{"taxonomy":"post_tag","embeddable":true,"href":"https:\/\/www.tui.com\/blog\/wp-json\/wp\/v2\/tags?post=146150"}],"curies":[{"name":"wp","href":"https:\/\/api.w.org\/{rel}","templated":true}]}}