{"id":147080,"date":"2016-08-19T10:00:57","date_gmt":"2016-08-19T08:00:57","guid":{"rendered":"https:\/\/blog.tui.info\/wie-lange-dauert-eigentlich-ein-flug-von-frankfurt-nach\/"},"modified":"2025-01-28T14:40:11","modified_gmt":"2025-01-28T13:40:11","slug":"wie-lange-dauert-eigentlich-ein-flug-von-frankfurt-nach","status":"publish","type":"post","link":"https:\/\/www.tui.com\/blog\/wie-lange-dauert-eigentlich-ein-flug-von-frankfurt-nach\/","title":{"rendered":"Wie lange dauert eigentlich ein Flug von Frankfurt nach&#8230;?"},"content":{"rendered":"<p class=\"firstTextGrey\">Ihr richtet euren Urlaub nach der Flugzeit aus oder wollt einfach nur mal wissen, in wie viel Stunden ihr euch mit euren F\u00fc\u00dfen auf au\u00dferdeutschen Boden befindet? Dann seid ihr hier genau richtig, denn heute gebe ich euch Reisel\u00e4nder an die Hand, die ihr in weniger als 3, 5 und 10 Stunden erreicht!<\/p>\n<blockquote class=\"right\">\n<h2 class=\"hotelName modType23b\">TUI-Flugtipps<\/h2>\n<p>Ihr habt Angst vorm Fliegen, seid das erste Mal mit Baby auf der Flugreise unterwegs oder wollt wissen, was ihr beim Fliegen in der Schwangerschaft beachten m\u00fcsst? Hier findet ihr passende Informationen:<\/p>\n<p>\u25ba<a href=\"https:\/\/www.tui.com\/blog\/die-10-wichtigsten-tipps-fuer-das-fliegen-mit-baby\">Die 10 wichtigsten Tipps f\u00fcr das Fliegen mit Baby<\/a><a href=\"https:\/\/www.tui.com\/hotels\/tower-club-at-lebua-242461\/hotelinformation\/\" target=\"_blank\" rel=\"noopener\"><br \/>\n<\/a>\u25ba\u00a0<a href=\"https:\/\/www.tui.com\/blog\/wie-reise-ich-in-der-schwangerschaft\">Entspannt fliegen in der Schwangerschaft und mit kleinen Kindern<br \/>\n<\/a>\u25ba <a href=\"https:\/\/www.tui.com\/blog\/5-einfache-tipps-wie-du-flugangst-ueberwinden-kannst\">5 einfache Tipps, wie du Flugangst \u00fcberwinden kannst<\/a><a href=\"https:\/\/www.tui.com\/blog\/wie-reise-ich-in-der-schwangerschaft\"><br \/>\n<\/a><\/p><\/blockquote>\n<p>Ich pers\u00f6nlich bin ein gro\u00dfer Freund des Fliegens, denn damit verbinde ich\u00a0unendliche Weite, Freiheit und nat\u00fcrlich Urlaub. Au\u00dferdem finde ich es wahnsinnig aufregend, den Boden unter den F\u00fc\u00dfen zu verlieren und einfach abzuheben. Denn ich wei\u00df: In kurzer Zeit bin ich woanders und das Abenteuer kann beginnen. Klar, manchmal ist mir ein wenig mulmig zu Mute, wenn ich die Flugbegleiter sehe wie mir zeigen wie ich die Schwimmweste anlege&#8230; Aber das Gef\u00fchl verdr\u00e4nge ich schnell und es kommt so ein Gl\u00fccksgef\u00fchl hervor, wenn ich die kleinen Menschen, Felder, Stra\u00dfen und H\u00e4user unter mir sehe. Und erst recht, sobald meine Augen das Zielland erblicken!<\/p>\n<p>Nicht jeder hat so viel Freude am fliegen. F\u00fcr diejenigen unter euch stelle ich euch hier einige L\u00e4nder vor, die ihr in weniger als 3 Stunden Flugzeit erreicht. Alle anderen k\u00f6nnen gern weiter runterscrollen, denn hier warten Ziele auf euch, die ihr in bis zu 10 Stunden anfliegen k\u00f6nnt.<\/p>\n<p><img decoding=\"async\" class=\"aligncenter wp-image-25493 size-gallery-639\" title=\"TUI fly\" src=\"https:\/\/www.tui.com\/blog\/wp-content\/uploads\/2023\/04\/tui-fly-flieger.jpg\" alt=\"TUI fly\" width=\"639\" height=\"424\" \/><\/p>\n<h3>Von Frankfurt aus in weniger als 3 Stunden nach &#8230;<\/h3>\n<p>\u2708&#8230; <strong><a href=\"https:\/\/www.tui.com\/pauschalreisen\/spanien\/\" target=\"_blank\" rel=\"noopener\">Spanien<\/a>:<\/strong> Nach <a href=\"https:\/\/www.tui.com\/pauschalreisen\/spanien\/mallorca\/\" target=\"_blank\" rel=\"noopener\">Mallorca<\/a> (PMI) braucht ihr nur <strong>2 Stunden und 10 Minuten<\/strong>. Warum die kurze Flugzeit also nicht nutzen, um mal fix ein tolles Wochenende hier zu verbringen? Mallorca eignet sich hervorragend, um Badeurlaub an den <a href=\"https:\/\/www.tui.com\/blog\/tui-top-6-entdecke-mit-tui-die-schoensten-straende-mallorcas\">sch\u00f6nsten Str\u00e4nden<\/a> zu machen oder schnorcheln zu gehen. Wenn ihr mehr Zeit mitbringt, solltet ihr euch <a href=\"https:\/\/www.tui.com\/blog\/die-top-10-besten-ausflugstipps-mallorca\">unsere 10 besten Ausflugstipps<\/a> f\u00fcr die tolle Insel zu Gem\u00fcte f\u00fchren. Ihr k\u00f6nnt nur einen Tag auf Mallorca verbringen? Dann tut es Lydia gleich und nutzt die 24 Stunden f\u00fcr einen ganz entspannten Tag auf dem Markt und an der Bucht und lasst ihn bei einem Sundowner gem\u00fctlich ausklingen. <a href=\"https:\/\/www.tui.com\/pauschalreisen\/spanien\/barcelona\/\" target=\"_blank\" rel=\"noopener\">Barcelona<\/a> ist \u00fcbrigens \u00e4hnlich weit weg und erreicht ihr in circa <strong>2 Stunden<\/strong>. Nach <a href=\"https:\/\/www.tui.com\/staedtereisen\/madrid\/\" target=\"_blank\" rel=\"noopener\">Madrid<\/a> sind es <strong>2 Stunden und 45 Minuten<\/strong>. Einem kurzen St\u00e4dtetrip steht damit nichts im Wege \ud83d\ude09<\/p>\n<p>\u2708&#8230; <a href=\"https:\/\/www.tui.com\/pauschalreisen\/italien\/\" target=\"_blank\" rel=\"noopener\"><strong>Italien<\/strong><\/a>: Ein Tagesausflug nach Rom? Warum eigentlich nicht? In <strong>1 Stunde und 45 Minuten<\/strong> seid ihr schon am Flughafen und k\u00f6nnt euren Tag mit bestem Eis und Pizza starten. Um die besten Essensspots ausfindig zu machen, braucht ihr gar nicht viel Zeit zu investieren. TUI Mitarbeiterin Meli war f\u00fcr euch ein Wochenende in der bezaubernden Stadt unterwegs und bringt euch die besten Schlemmertipps mit. Auch andere Orte in Italien sind schnell erreichbar. Venedigs Gassen k\u00f6nnt ihr bereits in <strong>1 Stunde und 15 Minuten<\/strong> entdecken. Hier befindet sich auch einer der sch\u00f6nsten Str\u00e4nde Italiens, Cavallino-Treporti. Weitere sch\u00f6ne Str\u00e4nde Italiens gibt es \u00fcbrigens\u00a0\u25ba <a href=\"https:\/\/www.tui.com\/blog\/die-10-schoensten-straende-italiens\">hier<\/a>.<\/p>\n<div style=\"width: 49%; float: left; margin-bottom: 0px;\"><img decoding=\"async\" class=\"aligncenter wp-image-21765 size-gallery-639\" title=\"Barcelona\" src=\"https:\/\/www.tui.com\/blog\/wp-content\/uploads\/2023\/04\/flugdauer-barcelona.jpg\" alt=\"Barcelona\" width=\"100%\" \/><\/div>\n<div style=\"width: 49%; float: right; margin-bottom: 0px;\"><img decoding=\"async\" class=\"aligncenter wp-image-21765 size-gallery-639\" title=\"Rom\" src=\"https:\/\/www.tui.com\/blog\/wp-content\/uploads\/2023\/04\/flugdauer-rom.jpg\" alt=\"Rom\" width=\"100%\" \/><\/div>\n<p>\u2708&#8230; <strong><a href=\"https:\/\/www.tui.com\/pauschalreisen\/frankreich\/\" target=\"_blank\" rel=\"noopener\">Frankreich:<\/a><\/strong> Ein Kurztrip nach <a href=\"https:\/\/www.tui.com\/pauschalreisen\/frankreich\/paris\/\" target=\"_blank\" rel=\"noopener\">Paris<\/a> gef\u00e4llig? In <strong>1 Stunde und 20 Minuten<\/strong> seid ihr bereits in Frankreichs Hauptstadt und k\u00f6nnt eure Zeit zum Beispiel wie TUI Mitarbeiterin Lydia im Disneyland\u00ae Paris verbringen. Wenn es euch eher in den S\u00fcden des Landes an die <a href=\"https:\/\/www.tui.com\/pauschalreisen\/frankreich\/cote-dazur\/\" target=\"_blank\" rel=\"noopener\">Cote D&#8217;Azur<\/a> zieht, nach Marseille und Nizza gibt es Direktfl\u00fcge mit denen ihr in <strong>1 Stunde und 30 Minuten<\/strong> dort seid.<\/p>\n<p>\u2708&#8230; <a href=\"https:\/\/www.tui.com\/pauschalreisen\/grossbritannien\/\" target=\"_blank\" rel=\"noopener\"><strong>Gro\u00dfbritannien<\/strong><\/a> und Irland: Besucht die Metropole <a href=\"https:\/\/www.tui.com\/pauschalreisen\/grossbritannien\/london\/\" target=\"_blank\" rel=\"noopener\">London,<\/a> die nur <strong>1 Stunde und 30 Minuten<\/strong> von euch entfernt liegt und nutzt euren Urlaub hier, um die\u00a0\u25ba <a href=\"https:\/\/www.tui.com\/blog\/london-calling-ein-besuch-in-englands-hauptstadt\">sch\u00f6nsten Sehensw\u00fcrdigkeiten der Stadt<\/a> zu besuchen (inkl. Besuch der Queen nat\u00fcrlich). Auch das sch\u00f6ne Irland erreicht ihr in nur <strong>2 Stunden<\/strong>. Warum ihr die gr\u00fcne Insel definitiv besuchen solltet? Ich denke, \u25ba <a href=\"https:\/\/www.tui.com\/blog\/3-irland-sehenswuerdigkeiten-fuer-3-tage-durchatmen-an-der-sued-westlichen-atlantikkueste\">diese Bilder und Eindr\u00fccke von TUI Bloggerin Meli werden euch \u00fcberzeugen!<\/a> Die schottische Hauptstadt <a href=\"https:\/\/www.tui.com\/hotels\/schottland\/edinburgh\/\" target=\"_blank\" rel=\"noopener\">Edinburgh<\/a> erreicht ihr \u00fcbrigens ebenfalls in knapp <strong>2 Stunden<\/strong>.<\/p>\n<p><strong>Weitere Ziele sind:<\/strong> <a href=\"https:\/\/www.tui.com\/pauschalreisen\/kroatien\/\" target=\"_blank\" rel=\"noopener\">Kroatien<\/a> (z. B. <a href=\"https:\/\/www.tui.com\/hotels\/kroatien\/zagreb\/\" target=\"_blank\" rel=\"noopener\">Zagreb<\/a> innerhalb 1 Stunde und 25 Minuten) und <a href=\"https:\/\/www.tui.com\/pauschalreisen\/malta\/\" target=\"_blank\" rel=\"noopener\">Malta<\/a> (2 Stunden und 25 Minuten)<\/p>\n<div style=\"width: 49%; float: left; margin-bottom: 0px;\"><img decoding=\"async\" class=\"aligncenter wp-image-21765 size-gallery-639\" title=\"Paris\" src=\"https:\/\/www.tui.com\/blog\/wp-content\/uploads\/2023\/04\/wie-lange-fliegt-man-nach-paris.jpg\" alt=\"Paris\" width=\"100%\" \/><\/div>\n<div style=\"width: 49%; float: right; margin-bottom: 0px;\"><img decoding=\"async\" class=\"aligncenter wp-image-21765 size-gallery-639\" title=\"London\" src=\"https:\/\/www.tui.com\/blog\/wp-content\/uploads\/2023\/04\/wie-lange-fliegt-man-nach-london.jpg\" alt=\"London\" width=\"100%\" \/><\/div>\n<h3>Von Frankfurt aus in weniger als 5 Stunden nach &#8230;<\/h3>\n<p>\u2708&#8230; <strong><a href=\"https:\/\/www.tui.com\/pauschalreisen\/portugal\/\" target=\"_blank\" rel=\"noopener\">Portugal:<\/a><\/strong> Tags\u00fcber noch auf Arbeit gehen und am Abend den Kl\u00e4ngen der Fadomusik im Altstadtviertel Lissabons, Alfama, lauschen? Kein Problem, denn in nur <strong>3 Stunden<\/strong> bringt euch der Flieger in die portugiesische Hauptstadt. Am n\u00e4chsten Tag k\u00f6nnt ihr dann an den sch\u00f6nsten Str\u00e4nden der Stadt entspannen, unsere \u25ba <a href=\"https:\/\/www.tui.com\/blog\/lissabon-sehenswuerdigkeiten-top-10\">Top 10 der Sehensw\u00fcrdigkeiten<\/a> besuchen oder euch wie ein\/e Prinz\/essin f\u00fchlen im Nachbarort Sintra. Ihr wollt lieber an die Algarve? Auch der Flughafen in Faro ist nicht weit weg und in <strong>3 Stunden und 15 Minuten<\/strong> Flugzeit zu erreichen.<\/p>\n<p>\u2708&#8230; <a href=\"https:\/\/www.tui.com\/pauschalreisen\/tuerkei\/\" target=\"_blank\" rel=\"noopener\"><strong>T\u00fcrkei:<\/strong><\/a> Per Direktflug geht es innerhalb von <strong>3 Stunden und 25 Minuten<\/strong> nach Antalya. Ankara ist mit <strong>3 Stunden und 15 Minuten<\/strong> nicht viel weiter weg. Die sch\u00f6nsten Str\u00e4nde der T\u00fcrkei findet ihr \u00fcbrigens \u25ba <a href=\"https:\/\/www.tui.com\/blog\/die-top-10-schoensten-straende-der-tuerkei\">hier<\/a>.<\/p>\n<p>\u2708&#8230; <a href=\"https:\/\/www.tui.com\/pauschalreisen\/zypern\/\" target=\"_blank\" rel=\"noopener\"><strong>Zypern:<\/strong><\/a> Wenn ihr einen Direktflug erwischt, seid ihr in <strong>3 Stunden und 40 Minuten<\/strong> in Lanarca auf Zypern und k\u00f6nnt euch die Sonne auf dem Bauch strahlen lassen. Was so toll an Zypern ist? Das verraten euch Moderatorin Annica Hansen und Schauspieler Jo Weil im Reisemagazin.<\/p>\n<p>\u2708&#8230; <strong><a href=\"https:\/\/www.tui.com\/pauschalreisen\/griechenland\/\" target=\"_blank\" rel=\"noopener\">Griechenland:<\/a><\/strong> Griechenland hat einiges zu bieten und sollte nicht auf eurer Reiseliste fehlen. Wie gut, dass ihr innerhalb weniger Flugstunden hier landen k\u00f6nnt. Die Hauptstadt <a href=\"https:\/\/www.tui.com\/pauschalreisen\/griechenland\/athen\/\" target=\"_blank\" rel=\"noopener\">Athen<\/a> ist zwar in nur <strong>2 Stunden und 40 Minuten<\/strong> erreichbar, auf die beliebte Insel <a href=\"https:\/\/www.tui.com\/pauschalreisen\/griechenland\/kreta\/\" target=\"_blank\" rel=\"noopener\">Kreta<\/a> braucht ihr aber <strong>3 Stunden und 10 Minuten<\/strong>. Kreta bietet \u00fcbrigens zahlreiche wundervolle Str\u00e4nde. Welche das sind, k\u00f6nnt ihr in \u25ba\u00a0<a href=\"https:\/\/www.tui.com\/blog\/die-top-10-der-kreta-straende\">unserer Top 10 der sch\u00f6nsten Kreta Str\u00e4nde<\/a> nachlesen.<\/p>\n<p><strong>Weitere Ziele sind:<\/strong> Die sch\u00f6ne Insel <a href=\"https:\/\/www.tui.com\/pauschalreisen\/portugal\/madeira\/\" target=\"_blank\" rel=\"noopener\">Madeira<\/a> (4 Stunden und 15 Minuten), <a href=\"https:\/\/www.tui.com\/pauschalreisen\/spanien\/teneriffa\/\" target=\"_blank\" rel=\"noopener\">Teneriffa<\/a> (5 Stunden) und <a href=\"https:\/\/www.tui.com\/pauschalreisen\/spanien\/menorca\/\" target=\"_blank\" rel=\"noopener\">Menorca<\/a> (circa 4 Stunden mit Zwischenstopp in Mallorca)<\/p>\n<div style=\"width: 49%; float: left; margin-bottom: 0px;\"><img decoding=\"async\" class=\"aligncenter wp-image-21765 size-gallery-639\" title=\"Algarve in Portugal\" src=\"https:\/\/www.tui.com\/blog\/wp-content\/uploads\/2023\/04\/portugal-algarve.jpg\" alt=\"Algarve in Portugal\" width=\"100%\" \/><\/div>\n<div style=\"width: 49%; float: right; margin-bottom: 0px;\"><img decoding=\"async\" class=\"aligncenter wp-image-21765 size-gallery-639\" title=\"Kreta\" src=\"https:\/\/www.tui.com\/blog\/wp-content\/uploads\/2023\/04\/kreta-griechenland.jpg\" alt=\"Kreta\" width=\"100%\" \/><\/div>\n<div style=\"width: 49%; float: left; margin-bottom: 0px;\"><img decoding=\"async\" class=\"aligncenter wp-image-21765 size-gallery-639\" title=\"T\u00fcrkei\" src=\"https:\/\/www.tui.com\/blog\/wp-content\/uploads\/2023\/04\/tuerkei-kueste.jpg\" alt=\"T\u00fcrkei\" width=\"100%\" \/><\/div>\n<div style=\"width: 49%; float: right; margin-bottom: 0px;\"><img decoding=\"async\" class=\"aligncenter wp-image-21765 size-gallery-639\" title=\"Zypern\" src=\"https:\/\/www.tui.com\/blog\/wp-content\/uploads\/2023\/04\/DSC_0025.jpg\" alt=\"Zypern\" width=\"100%\" \/><\/div>\n<h3>Von Frankfurt aus in weniger als 10\u00a0Stunden nach &#8230;<\/h3>\n<p>\u2708&#8230;<strong><a href=\"https:\/\/www.tui.com\/pauschalreisen\/kanada\/\" target=\"_blank\" rel=\"noopener\">Kanada:<\/a><\/strong> Kanada schafft es ganz knapp in diese Liste. In <strong>9 Stunden und 55 Minuten<\/strong> fliegt ihr n\u00e4mlich nach Vancouver, Quebec ist mit einem Zwischenstopp in Montreal in genau 10 Stunden zu erreichen, die Hauptstadt Kanadas Ottawa dagegen in knapp <strong>8 Stunden<\/strong> per Direktflug. In den USA z\u00e4hlt gerade mal <a href=\"https:\/\/www.tui.com\/pauschalreisen\/usa\/new-york\/\" target=\"_blank\" rel=\"noopener\">New York<\/a> zu den Reisezielen, die unter 10 Stunden von Frankfurt aus &#8211; n\u00e4mlich gute <strong>8,5 Stunden<\/strong> &#8211; erreichbar sind.<\/p>\n<p>\u2708&#8230;<strong><a href=\"https:\/\/www.tui.com\/pauschalreisen\/marokko\/\" target=\"_blank\" rel=\"noopener\">Marokko:<\/a><\/strong>\u00a0In das wundersch\u00f6ne <a href=\"https:\/\/www.tui.com\/pauschalreisen\/marokko\/marrakesch\/\" target=\"_blank\" rel=\"noopener\">Marrakesch<\/a> fliegt ihr \u00fcber Madrid und seid insgesamt <strong>6 Stunden<\/strong> in der Luft. Warum ihr das traumhafte Marokko bereisen solltet, erz\u00e4hlt euch TUI Mitarbeiterin Lisa, die hier allein als Frau unterwegs war.<\/p>\n<p>\u2708&#8230;<a href=\"https:\/\/www.tui.com\/pauschalreisen\/indien\/\" target=\"_blank\" rel=\"noopener\"><strong>Indien:<\/strong><\/a> <strong>7 Stunden und 45 Minuten<\/strong> trennen euch von der indischen Metropole Delhi! Nach Mumbai sind es <strong>8 Stunden<\/strong>. Auch wenn das einer ganz sch\u00f6n langen Strecke entspricht &#8211; Indien ist die Reise wert!<\/p>\n<p><img decoding=\"async\" class=\"aligncenter wp-image-25502 size-gallery-639\" title=\"indien\" src=\"https:\/\/www.tui.com\/blog\/wp-content\/uploads\/2023\/04\/indien.jpg\" alt=\"indien\" width=\"639\" height=\"426\" \/><\/p>\n<div style=\"width: 49%; float: left; margin-bottom: 0px;\"><img decoding=\"async\" class=\"aligncenter wp-image-21765 size-gallery-639\" title=\"Vancouver\" src=\"https:\/\/www.tui.com\/blog\/wp-content\/uploads\/2023\/04\/kanada-vancouver.jpg\" alt=\"Vancouver\" width=\"100%\" \/><\/div>\n<div style=\"width: 49%; float: right; margin-bottom: 0px;\"><img decoding=\"async\" class=\"aligncenter wp-image-21765 size-gallery-639\" title=\"Marokko\" src=\"https:\/\/www.tui.com\/blog\/wp-content\/uploads\/2023\/04\/marokko.jpg\" alt=\"Marokko\" width=\"100%\" \/><\/div>\n<p>Unsere Liste ist nat\u00fcrlich unendlich erweiterbar! Au\u00dferdem\u00a0gibt es so viele tolle Urlaubsziele, die leider erst nach mehr als 10 Stunden Flugzeit zu erreichen sind. Habt ihr tolle Empfehlungen, die ich hier vergessen habe zu erw\u00e4hnen? Dann lasst es mich gern in den Kommentaren wissen \ud83d\ude42<\/p>\n<div style=\"border: 2px solid #E8E8E8; padding: 10px;\">\n<figure id=\"attachment_33379\" aria-describedby=\"caption-attachment-33379\" style=\"width: 304px\" class=\"wp-caption alignright\"><a href=\"https:\/\/www.tui.com\/wintersale\/\"><img decoding=\"async\" class=\"wp-image-33379\" src=\"https:\/\/www.tui.com\/blog\/wp-content\/uploads\/2023\/04\/Blog_2naechte_1400x788.jpg\" alt=\"2 N\u00e4chte geschenkt\" width=\"314\" height=\"177\" \/><\/a><figcaption id=\"caption-attachment-33379\" class=\"wp-caption-text\">\u25ba <a href=\"https:\/\/www.tui.com\/wintersale\/\" target=\"_blank\" rel=\"noopener\">Zur Aktion<\/a><\/figcaption><\/figure>\n<h3>TUI SCHENKT EUCH 2 N\u00c4CHTE F\u00dcR EUREN WINTERURLAUB<\/h3>\n<p>Fr\u00fchbucher aufgepasst! Jetzt mindestens 7 N\u00e4chte buchen, aber nur 5 zahlen. TUI schenkt euch<br \/>\n2 N\u00e4chte f\u00fcr euren Winterurlaub (November 2018 bis April 2019) in ausgew\u00e4hlten TUI Hotels in der Wintersaison.<\/p>\n<p>Folgende Zielgebiete sind u.a. dabei: Kanaren, \u00c4gypten, Kuba, Kapverden, Dominikanische Republik, Malediven &amp; Jamaika.<\/p>\n<p>Buchbar bis zum 31.08.2018.<\/p>\n<p>\u25ba <a href=\"https:\/\/www.tui.com\/wintersale\/\" target=\"_blank\" rel=\"noopener\">Mehr Infos zur Aktion und alle mitmachenden Hotels im \u00dcberblick<\/a><\/p>\n<\/div>\n","protected":false},"excerpt":{"rendered":"<p>Ihr richtet euren Urlaub nach der Flugzeit aus oder wollt einfach nur mal wissen, in wie viel Stunden ihr euch mit euren F\u00fc\u00dfen auf au\u00dferdeutschen Boden befindet? Dann seid ihr hier genau richtig, denn heute gebe ich euch Reisel\u00e4nder an die Hand, die ihr in weniger als 3, 5 und 10 Stunden erreicht!<\/p>\n","protected":false},"author":93,"featured_media":147106,"comment_status":"open","ping_status":"open","sticky":false,"template":"","format":"standard","meta":{"_acf_changed":false,"footnotes":""},"categories":[4072],"tags":[328,2606,193,156],"class_list":["post-147080","post","type-post","status-publish","format-standard","has-post-thumbnail","hentry","category-archiv-reiseplanung","tag-fliegen","tag-flugtipps","tag-flugzeug","tag-tui-fly"],"acf":[],"yoast_head":"<!-- This site is optimized with the Yoast SEO plugin v27.4 - https:\/\/yoast.com\/product\/yoast-seo-wordpress\/ -->\n<title>Wie lange dauert eigentlich ein Flug von Frankfurt nach...? - TUI.com Reiseblog \u2600<\/title>\n<meta name=\"robots\" content=\"index, follow, max-snippet:-1, max-image-preview:large, max-video-preview:-1\" \/>\n<link rel=\"canonical\" href=\"https:\/\/www.tui.com\/blog\/wie-lange-dauert-eigentlich-ein-flug-von-frankfurt-nach\/\" \/>\n<meta property=\"og:locale\" content=\"de_DE\" \/>\n<meta property=\"og:type\" content=\"article\" \/>\n<meta property=\"og:title\" content=\"Wie lange dauert eigentlich ein Flug von Frankfurt nach...? - TUI.com Reiseblog \u2600\" \/>\n<meta property=\"og:description\" content=\"Ihr richtet euren Urlaub nach der Flugzeit aus oder wollt einfach nur mal wissen, in wie viel Stunden ihr euch mit euren F\u00fc\u00dfen auf au\u00dferdeutschen Boden befindet? Dann seid ihr hier genau richtig, denn heute gebe ich euch Reisel\u00e4nder an die Hand, die ihr in weniger als 3, 5 und 10 Stunden erreicht!\" \/>\n<meta property=\"og:url\" content=\"https:\/\/www.tui.com\/blog\/wie-lange-dauert-eigentlich-ein-flug-von-frankfurt-nach\/\" \/>\n<meta property=\"og:site_name\" content=\"TUI.com Reiseblog \u2600\" \/>\n<meta property=\"article:published_time\" content=\"2016-08-19T08:00:57+00:00\" \/>\n<meta property=\"article:modified_time\" content=\"2025-01-28T13:40:11+00:00\" \/>\n<meta property=\"og:image\" content=\"https:\/\/www.tui.com\/blog\/wp-content\/uploads\/2023\/04\/tui-fly-flieger-feature.jpg\" \/>\n\t<meta property=\"og:image:width\" content=\"930\" \/>\n\t<meta property=\"og:image:height\" content=\"390\" \/>\n\t<meta property=\"og:image:type\" content=\"image\/jpeg\" \/>\n<meta name=\"author\" content=\"Miriam P\u00f6schel\" \/>\n<meta name=\"twitter:card\" content=\"summary_large_image\" \/>\n<meta name=\"twitter:creator\" content=\"@blogadm\" \/>\n<meta name=\"twitter:label1\" content=\"Verfasst von\" \/>\n\t<meta name=\"twitter:data1\" content=\"Miriam P\u00f6schel\" \/>\n\t<meta name=\"twitter:label2\" content=\"Gesch\u00e4tzte Lesezeit\" \/>\n\t<meta name=\"twitter:data2\" content=\"6\u00a0Minuten\" \/>\n<script type=\"application\/ld+json\" class=\"yoast-schema-graph\">{\"@context\":\"https:\\\/\\\/schema.org\",\"@graph\":[{\"@type\":\"BlogPosting\",\"@id\":\"https:\\\/\\\/www.tui.com\\\/blog\\\/wie-lange-dauert-eigentlich-ein-flug-von-frankfurt-nach\\\/#article\",\"isPartOf\":{\"@id\":\"https:\\\/\\\/www.tui.com\\\/blog\\\/wie-lange-dauert-eigentlich-ein-flug-von-frankfurt-nach\\\/\"},\"author\":{\"name\":\"Miriam P\u00f6schel\",\"@id\":\"https:\\\/\\\/www.tui.com\\\/blog\\\/#\\\/schema\\\/person\\\/6a59d7c2e04a0e2a8f547f4b8ad82764\"},\"headline\":\"Wie lange dauert eigentlich ein Flug von Frankfurt nach&#8230;?\",\"datePublished\":\"2016-08-19T08:00:57+00:00\",\"dateModified\":\"2025-01-28T13:40:11+00:00\",\"mainEntityOfPage\":{\"@id\":\"https:\\\/\\\/www.tui.com\\\/blog\\\/wie-lange-dauert-eigentlich-ein-flug-von-frankfurt-nach\\\/\"},\"wordCount\":1234,\"commentCount\":2,\"publisher\":{\"@id\":\"https:\\\/\\\/www.tui.com\\\/blog\\\/#organization\"},\"image\":{\"@id\":\"https:\\\/\\\/www.tui.com\\\/blog\\\/wie-lange-dauert-eigentlich-ein-flug-von-frankfurt-nach\\\/#primaryimage\"},\"thumbnailUrl\":\"https:\\\/\\\/www.tui.com\\\/blog\\\/wp-content\\\/uploads\\\/2023\\\/04\\\/tui-fly-flieger-feature.jpg\",\"keywords\":[\"Fliegen\",\"Flugtipps\",\"Flugzeug\",\"TUI fly\"],\"articleSection\":[\"Reiseplanung\"],\"inLanguage\":\"de\",\"potentialAction\":[{\"@type\":\"CommentAction\",\"name\":\"Comment\",\"target\":[\"https:\\\/\\\/www.tui.com\\\/blog\\\/wie-lange-dauert-eigentlich-ein-flug-von-frankfurt-nach\\\/#respond\"]}]},{\"@type\":\"WebPage\",\"@id\":\"https:\\\/\\\/www.tui.com\\\/blog\\\/wie-lange-dauert-eigentlich-ein-flug-von-frankfurt-nach\\\/\",\"url\":\"https:\\\/\\\/www.tui.com\\\/blog\\\/wie-lange-dauert-eigentlich-ein-flug-von-frankfurt-nach\\\/\",\"name\":\"Wie lange dauert eigentlich ein Flug von Frankfurt nach...? - TUI.com Reiseblog \u2600\",\"isPartOf\":{\"@id\":\"https:\\\/\\\/www.tui.com\\\/blog\\\/#website\"},\"primaryImageOfPage\":{\"@id\":\"https:\\\/\\\/www.tui.com\\\/blog\\\/wie-lange-dauert-eigentlich-ein-flug-von-frankfurt-nach\\\/#primaryimage\"},\"image\":{\"@id\":\"https:\\\/\\\/www.tui.com\\\/blog\\\/wie-lange-dauert-eigentlich-ein-flug-von-frankfurt-nach\\\/#primaryimage\"},\"thumbnailUrl\":\"https:\\\/\\\/www.tui.com\\\/blog\\\/wp-content\\\/uploads\\\/2023\\\/04\\\/tui-fly-flieger-feature.jpg\",\"datePublished\":\"2016-08-19T08:00:57+00:00\",\"dateModified\":\"2025-01-28T13:40:11+00:00\",\"breadcrumb\":{\"@id\":\"https:\\\/\\\/www.tui.com\\\/blog\\\/wie-lange-dauert-eigentlich-ein-flug-von-frankfurt-nach\\\/#breadcrumb\"},\"inLanguage\":\"de\",\"potentialAction\":[{\"@type\":\"ReadAction\",\"target\":[\"https:\\\/\\\/www.tui.com\\\/blog\\\/wie-lange-dauert-eigentlich-ein-flug-von-frankfurt-nach\\\/\"]}]},{\"@type\":\"ImageObject\",\"inLanguage\":\"de\",\"@id\":\"https:\\\/\\\/www.tui.com\\\/blog\\\/wie-lange-dauert-eigentlich-ein-flug-von-frankfurt-nach\\\/#primaryimage\",\"url\":\"https:\\\/\\\/www.tui.com\\\/blog\\\/wp-content\\\/uploads\\\/2023\\\/04\\\/tui-fly-flieger-feature.jpg\",\"contentUrl\":\"https:\\\/\\\/www.tui.com\\\/blog\\\/wp-content\\\/uploads\\\/2023\\\/04\\\/tui-fly-flieger-feature.jpg\",\"width\":930,\"height\":390},{\"@type\":\"BreadcrumbList\",\"@id\":\"https:\\\/\\\/www.tui.com\\\/blog\\\/wie-lange-dauert-eigentlich-ein-flug-von-frankfurt-nach\\\/#breadcrumb\",\"itemListElement\":[{\"@type\":\"ListItem\",\"position\":1,\"name\":\"Startseite\",\"item\":\"https:\\\/\\\/www.tui.com\\\/blog\\\/\"},{\"@type\":\"ListItem\",\"position\":2,\"name\":\"Wie lange dauert eigentlich ein Flug von Frankfurt nach&#8230;?\"}]},{\"@type\":\"WebSite\",\"@id\":\"https:\\\/\\\/www.tui.com\\\/blog\\\/#website\",\"url\":\"https:\\\/\\\/www.tui.com\\\/blog\\\/\",\"name\":\"TUI.com Reiseblog \u2600\",\"description\":\"Abenteuer oder lieber an den Strand? \u2600 Der TUI Reiseblog bietet tolle Infos rund um deine n\u00e4chste Reise \u2708 Komm vorbei und lass dich inspirieren \u221a\",\"publisher\":{\"@id\":\"https:\\\/\\\/www.tui.com\\\/blog\\\/#organization\"},\"potentialAction\":[{\"@type\":\"SearchAction\",\"target\":{\"@type\":\"EntryPoint\",\"urlTemplate\":\"https:\\\/\\\/www.tui.com\\\/blog\\\/?s={search_term_string}\"},\"query-input\":{\"@type\":\"PropertyValueSpecification\",\"valueRequired\":true,\"valueName\":\"search_term_string\"}}],\"inLanguage\":\"de\"},{\"@type\":\"Organization\",\"@id\":\"https:\\\/\\\/www.tui.com\\\/blog\\\/#organization\",\"name\":\"TUI.com Reiseblog \u2600\",\"url\":\"https:\\\/\\\/www.tui.com\\\/blog\\\/\",\"logo\":{\"@type\":\"ImageObject\",\"inLanguage\":\"de\",\"@id\":\"https:\\\/\\\/www.tui.com\\\/blog\\\/#\\\/schema\\\/logo\\\/image\\\/\",\"url\":\"https:\\\/\\\/www.tui.com\\\/blog\\\/wp-content\\\/uploads\\\/2023\\\/04\\\/cropped-tui-logo-3.png\",\"contentUrl\":\"https:\\\/\\\/www.tui.com\\\/blog\\\/wp-content\\\/uploads\\\/2023\\\/04\\\/cropped-tui-logo-3.png\",\"width\":164,\"height\":72,\"caption\":\"TUI.com Reiseblog \u2600\"},\"image\":{\"@id\":\"https:\\\/\\\/www.tui.com\\\/blog\\\/#\\\/schema\\\/logo\\\/image\\\/\"}},{\"@type\":\"Person\",\"@id\":\"https:\\\/\\\/www.tui.com\\\/blog\\\/#\\\/schema\\\/person\\\/6a59d7c2e04a0e2a8f547f4b8ad82764\",\"name\":\"Miriam P\u00f6schel\",\"image\":{\"@type\":\"ImageObject\",\"inLanguage\":\"de\",\"@id\":\"https:\\\/\\\/www.tui.com\\\/blog\\\/wp-content\\\/uploads\\\/2016\\\/11\\\/miriam-profilbild-klein-200x180.jpg\",\"url\":\"https:\\\/\\\/www.tui.com\\\/blog\\\/wp-content\\\/uploads\\\/2016\\\/11\\\/miriam-profilbild-klein-200x180.jpg\",\"contentUrl\":\"https:\\\/\\\/www.tui.com\\\/blog\\\/wp-content\\\/uploads\\\/2016\\\/11\\\/miriam-profilbild-klein-200x180.jpg\",\"caption\":\"Miriam P\u00f6schel\"},\"description\":\"Raus in die Welt und aus der Komfortzone!\",\"sameAs\":[\"https:\\\/\\\/x.com\\\/blogadm\"],\"url\":\"https:\\\/\\\/www.tui.com\\\/blog\\\/author\\\/miriam\\\/\"}]}<\/script>\n<!-- \/ Yoast SEO plugin. -->","yoast_head_json":{"title":"Wie lange dauert eigentlich ein Flug von Frankfurt nach...? - TUI.com Reiseblog \u2600","robots":{"index":"index","follow":"follow","max-snippet":"max-snippet:-1","max-image-preview":"max-image-preview:large","max-video-preview":"max-video-preview:-1"},"canonical":"https:\/\/www.tui.com\/blog\/wie-lange-dauert-eigentlich-ein-flug-von-frankfurt-nach\/","og_locale":"de_DE","og_type":"article","og_title":"Wie lange dauert eigentlich ein Flug von Frankfurt nach...? - TUI.com Reiseblog \u2600","og_description":"Ihr richtet euren Urlaub nach der Flugzeit aus oder wollt einfach nur mal wissen, in wie viel Stunden ihr euch mit euren F\u00fc\u00dfen auf au\u00dferdeutschen Boden befindet? Dann seid ihr hier genau richtig, denn heute gebe ich euch Reisel\u00e4nder an die Hand, die ihr in weniger als 3, 5 und 10 Stunden erreicht!","og_url":"https:\/\/www.tui.com\/blog\/wie-lange-dauert-eigentlich-ein-flug-von-frankfurt-nach\/","og_site_name":"TUI.com Reiseblog \u2600","article_published_time":"2016-08-19T08:00:57+00:00","article_modified_time":"2025-01-28T13:40:11+00:00","og_image":[{"width":930,"height":390,"url":"https:\/\/www.tui.com\/blog\/wp-content\/uploads\/2023\/04\/tui-fly-flieger-feature.jpg","type":"image\/jpeg"}],"author":"Miriam P\u00f6schel","twitter_card":"summary_large_image","twitter_creator":"@blogadm","twitter_misc":{"Verfasst von":"Miriam P\u00f6schel","Gesch\u00e4tzte Lesezeit":"6\u00a0Minuten"},"schema":{"@context":"https:\/\/schema.org","@graph":[{"@type":"BlogPosting","@id":"https:\/\/www.tui.com\/blog\/wie-lange-dauert-eigentlich-ein-flug-von-frankfurt-nach\/#article","isPartOf":{"@id":"https:\/\/www.tui.com\/blog\/wie-lange-dauert-eigentlich-ein-flug-von-frankfurt-nach\/"},"author":{"name":"Miriam P\u00f6schel","@id":"https:\/\/www.tui.com\/blog\/#\/schema\/person\/6a59d7c2e04a0e2a8f547f4b8ad82764"},"headline":"Wie lange dauert eigentlich ein Flug von Frankfurt nach&#8230;?","datePublished":"2016-08-19T08:00:57+00:00","dateModified":"2025-01-28T13:40:11+00:00","mainEntityOfPage":{"@id":"https:\/\/www.tui.com\/blog\/wie-lange-dauert-eigentlich-ein-flug-von-frankfurt-nach\/"},"wordCount":1234,"commentCount":2,"publisher":{"@id":"https:\/\/www.tui.com\/blog\/#organization"},"image":{"@id":"https:\/\/www.tui.com\/blog\/wie-lange-dauert-eigentlich-ein-flug-von-frankfurt-nach\/#primaryimage"},"thumbnailUrl":"https:\/\/www.tui.com\/blog\/wp-content\/uploads\/2023\/04\/tui-fly-flieger-feature.jpg","keywords":["Fliegen","Flugtipps","Flugzeug","TUI fly"],"articleSection":["Reiseplanung"],"inLanguage":"de","potentialAction":[{"@type":"CommentAction","name":"Comment","target":["https:\/\/www.tui.com\/blog\/wie-lange-dauert-eigentlich-ein-flug-von-frankfurt-nach\/#respond"]}]},{"@type":"WebPage","@id":"https:\/\/www.tui.com\/blog\/wie-lange-dauert-eigentlich-ein-flug-von-frankfurt-nach\/","url":"https:\/\/www.tui.com\/blog\/wie-lange-dauert-eigentlich-ein-flug-von-frankfurt-nach\/","name":"Wie lange dauert eigentlich ein Flug von Frankfurt nach...? - TUI.com Reiseblog \u2600","isPartOf":{"@id":"https:\/\/www.tui.com\/blog\/#website"},"primaryImageOfPage":{"@id":"https:\/\/www.tui.com\/blog\/wie-lange-dauert-eigentlich-ein-flug-von-frankfurt-nach\/#primaryimage"},"image":{"@id":"https:\/\/www.tui.com\/blog\/wie-lange-dauert-eigentlich-ein-flug-von-frankfurt-nach\/#primaryimage"},"thumbnailUrl":"https:\/\/www.tui.com\/blog\/wp-content\/uploads\/2023\/04\/tui-fly-flieger-feature.jpg","datePublished":"2016-08-19T08:00:57+00:00","dateModified":"2025-01-28T13:40:11+00:00","breadcrumb":{"@id":"https:\/\/www.tui.com\/blog\/wie-lange-dauert-eigentlich-ein-flug-von-frankfurt-nach\/#breadcrumb"},"inLanguage":"de","potentialAction":[{"@type":"ReadAction","target":["https:\/\/www.tui.com\/blog\/wie-lange-dauert-eigentlich-ein-flug-von-frankfurt-nach\/"]}]},{"@type":"ImageObject","inLanguage":"de","@id":"https:\/\/www.tui.com\/blog\/wie-lange-dauert-eigentlich-ein-flug-von-frankfurt-nach\/#primaryimage","url":"https:\/\/www.tui.com\/blog\/wp-content\/uploads\/2023\/04\/tui-fly-flieger-feature.jpg","contentUrl":"https:\/\/www.tui.com\/blog\/wp-content\/uploads\/2023\/04\/tui-fly-flieger-feature.jpg","width":930,"height":390},{"@type":"BreadcrumbList","@id":"https:\/\/www.tui.com\/blog\/wie-lange-dauert-eigentlich-ein-flug-von-frankfurt-nach\/#breadcrumb","itemListElement":[{"@type":"ListItem","position":1,"name":"Startseite","item":"https:\/\/www.tui.com\/blog\/"},{"@type":"ListItem","position":2,"name":"Wie lange dauert eigentlich ein Flug von Frankfurt nach&#8230;?"}]},{"@type":"WebSite","@id":"https:\/\/www.tui.com\/blog\/#website","url":"https:\/\/www.tui.com\/blog\/","name":"TUI.com Reiseblog \u2600","description":"Abenteuer oder lieber an den Strand? \u2600 Der TUI Reiseblog bietet tolle Infos rund um deine n\u00e4chste Reise \u2708 Komm vorbei und lass dich inspirieren \u221a","publisher":{"@id":"https:\/\/www.tui.com\/blog\/#organization"},"potentialAction":[{"@type":"SearchAction","target":{"@type":"EntryPoint","urlTemplate":"https:\/\/www.tui.com\/blog\/?s={search_term_string}"},"query-input":{"@type":"PropertyValueSpecification","valueRequired":true,"valueName":"search_term_string"}}],"inLanguage":"de"},{"@type":"Organization","@id":"https:\/\/www.tui.com\/blog\/#organization","name":"TUI.com Reiseblog \u2600","url":"https:\/\/www.tui.com\/blog\/","logo":{"@type":"ImageObject","inLanguage":"de","@id":"https:\/\/www.tui.com\/blog\/#\/schema\/logo\/image\/","url":"https:\/\/www.tui.com\/blog\/wp-content\/uploads\/2023\/04\/cropped-tui-logo-3.png","contentUrl":"https:\/\/www.tui.com\/blog\/wp-content\/uploads\/2023\/04\/cropped-tui-logo-3.png","width":164,"height":72,"caption":"TUI.com Reiseblog \u2600"},"image":{"@id":"https:\/\/www.tui.com\/blog\/#\/schema\/logo\/image\/"}},{"@type":"Person","@id":"https:\/\/www.tui.com\/blog\/#\/schema\/person\/6a59d7c2e04a0e2a8f547f4b8ad82764","name":"Miriam P\u00f6schel","image":{"@type":"ImageObject","inLanguage":"de","@id":"https:\/\/www.tui.com\/blog\/wp-content\/uploads\/2016\/11\/miriam-profilbild-klein-200x180.jpg","url":"https:\/\/www.tui.com\/blog\/wp-content\/uploads\/2016\/11\/miriam-profilbild-klein-200x180.jpg","contentUrl":"https:\/\/www.tui.com\/blog\/wp-content\/uploads\/2016\/11\/miriam-profilbild-klein-200x180.jpg","caption":"Miriam P\u00f6schel"},"description":"Raus in die Welt und aus der Komfortzone!","sameAs":["https:\/\/x.com\/blogadm"],"url":"https:\/\/www.tui.com\/blog\/author\/miriam\/"}]}},"_links":{"self":[{"href":"https:\/\/www.tui.com\/blog\/wp-json\/wp\/v2\/posts\/147080","targetHints":{"allow":["GET"]}}],"collection":[{"href":"https:\/\/www.tui.com\/blog\/wp-json\/wp\/v2\/posts"}],"about":[{"href":"https:\/\/www.tui.com\/blog\/wp-json\/wp\/v2\/types\/post"}],"author":[{"embeddable":true,"href":"https:\/\/www.tui.com\/blog\/wp-json\/wp\/v2\/users\/93"}],"replies":[{"embeddable":true,"href":"https:\/\/www.tui.com\/blog\/wp-json\/wp\/v2\/comments?post=147080"}],"version-history":[{"count":2,"href":"https:\/\/www.tui.com\/blog\/wp-json\/wp\/v2\/posts\/147080\/revisions"}],"predecessor-version":[{"id":454432,"href":"https:\/\/www.tui.com\/blog\/wp-json\/wp\/v2\/posts\/147080\/revisions\/454432"}],"wp:featuredmedia":[{"embeddable":true,"href":"https:\/\/www.tui.com\/blog\/wp-json\/wp\/v2\/media\/147106"}],"wp:attachment":[{"href":"https:\/\/www.tui.com\/blog\/wp-json\/wp\/v2\/media?parent=147080"}],"wp:term":[{"taxonomy":"category","embeddable":true,"href":"https:\/\/www.tui.com\/blog\/wp-json\/wp\/v2\/categories?post=147080"},{"taxonomy":"post_tag","embeddable":true,"href":"https:\/\/www.tui.com\/blog\/wp-json\/wp\/v2\/tags?post=147080"}],"curies":[{"name":"wp","href":"https:\/\/api.w.org\/{rel}","templated":true}]}}