{"id":149172,"date":"2016-10-11T10:00:03","date_gmt":"2016-10-11T08:00:03","guid":{"rendered":"https:\/\/blog.tui.info\/maerchen-und-sagenhaft-ein-goldener-herbst-in-der-goldenen-stadt-prag\/"},"modified":"2025-04-04T10:44:37","modified_gmt":"2025-04-04T08:44:37","slug":"maerchen-und-sagenhaft-ein-goldener-herbst-in-der-goldenen-stadt-prag","status":"publish","type":"post","link":"https:\/\/www.tui.com\/blog\/maerchen-und-sagenhaft-ein-goldener-herbst-in-der-goldenen-stadt-prag\/","title":{"rendered":"M\u00e4rchen- und sagenhaft: Ein goldener Herbst in der goldenen Stadt Prag"},"content":{"rendered":"\n<p class=\"firstTextGrey\">Prag ist immer eine gute Idee. Das gute, deftige Essen, die verwinkelten Gassen, die vielen, geschichtstr\u00e4chtigen Bauten und Br\u00fccken und seine Sagen und Geschichten. Die goldene Stadt MUSS man einfach gesehen haben! Das findet auch&nbsp;TUI Bloggerin Meli, die sich mit ihrer Reisebegleitung f\u00fcr ein verl\u00e4ngertes Wochenende&nbsp;in die tschechische Hauptstadt aufgemacht hat.<\/p>\n\n\n\n<p>[googlemaps]Erste Recherchen ergaben, dass aus Berlin kommend nur ein paar Autostunden durch h\u00fcbsche, l\u00e4ndliche Gegenden n\u00f6tig waren, um das goldene <a href=\"https:\/\/www.tui.com\/staedtereisen\/prag\/\" target=\"_blank\" rel=\"noopener\">Prag<\/a> zu besuchen. Klar also, dass wir der leuchtenden Stadt einen Besuch abstatten w\u00fcrden. Au\u00dferdem schw\u00e4rmen meine Eltern noch heute von ihren Reisen in die <a href=\"https:\/\/www.tui.com\/hotels\/tschechien\/\" target=\"_blank\" rel=\"noopener\">Tschechische Republik<\/a>&nbsp;zu DDR-Zeiten.<\/p>\n\n\n\n<h3 class=\"wp-block-heading\">Unser erster Weg f\u00fchrt uns &#8230; in eine Kneipe<\/h3>\n\n\n\n<p>Passend zu unseren Sightseeing-Pl\u00e4nen versprachen die Meteorologen auch f\u00fcr das verl\u00e4ngerte Wochenende sch\u00f6nstes Herbstwetter. Ich sah mich schon in gem\u00fctlichen Caf\u00e9s der Sonne entgegen blinzeln oder in m\u00e4rchenhaften Parkanlagen durch rot-gelbes Laub rascheln. Tats\u00e4chlich landeten wir zu allererst in einer Kneipe. Na gut, vielleicht eher ein Restaurant mit einer riesigen Bierauswahl. Auch wenn das jetzt weniger romantisch klingt, aber selbstverst\u00e4ndlich war eines der ausschlaggebenden Argumente f\u00fcr diese Reise die ausgepr\u00e4gte und \u00e4u\u00dferst leckere Kneipenkultur der Tschechen. F\u00fcr unglaubliche Preise konnte man sich hier beste Hausmannskost und eine Vielfalt toller Biere g\u00f6nnen. Wir st\u00e4rkten uns mit dem <strong>Traditionsgericht schlechthin &#8222;Sv\u00ed\u010dkov\u00e1&#8220;<\/strong> und bekamen f\u00fcr nicht einmal 5 Euro zartesten Lendenbraten mit Serviettenkn\u00f6del nach b\u00f6hmischer Tradition. Das <strong>Pivovarsky Dum<\/strong> ist hier empfehlenswert und nach der Anreise mit Bus oder Bahn auf kurzem Wege erreichbar.<\/p>\n\n\n<div class=\"wp-block-image\">\n<figure class=\"aligncenter\"><img decoding=\"async\" width=\"1000\" height=\"750\" src=\"https:\/\/www.tui.com\/blog\/wp-content\/uploads\/2023\/04\/moldau-ansichten-herz-prag.jpg\" alt=\"Ein Herz f\u00fcr Prag\" class=\"wp-image-26844\" title=\"Ein Herz f\u00fcr Prag\"\/><\/figure>\n<\/div>\n\n\n<p><\/p>\n\n\n\n<h3 class=\"wp-block-heading\">Sightseeingtipps Prag: Zu Fu\u00df und mit der Stra\u00dfenbahn<\/h3>\n\n\n\n<p>Die St\u00e4rkung mit Sahneso\u00dfe geh\u00f6rte wieder etwas abtrainiert und unser erstes Ziel war entsprechend erh\u00f6ht gelegen. Die Erh\u00f6hung der <strong>Prager Hochburg \u201eVysehard\u201c<\/strong>, etwas s\u00fcdlich des Stadtkerns, versprach einen tollen Ausblick und Panorama-Ansichten \u00fcber das herbstliche Prag und die Moldau. Hier verwirklichte sich nun mein Laubraschel-Vorhaben und wir ersp\u00e4hten bereits unser n\u00e4chstes Ziel: den <strong>Aussichtsturm auf dem Berg Petrin<\/strong>, den man etwas bequemer auf der anderen Seite des Flusses ab der <strong>Tram Station \u00dajezd<\/strong>&nbsp;weiter mit einer Seilbahn besuchen konnte. Ich fahre gern Stra\u00dfenbahn, denn oft schl\u00e4ngeln sich ihre Wege durch alle m\u00f6glichen, noch so kleinen, Gassen und ich kann die Stadt auch bei schlechtem Wetter sehen.<\/p>\n\n\n<div class=\"wp-block-image wp-image-26835 size-gallery-639\">\n<figure class=\"aligncenter\"><img decoding=\"async\" width=\"1000\" height=\"750\" src=\"https:\/\/www.tui.com\/blog\/wp-content\/uploads\/2023\/04\/herbstlich-auf-dem-areal-der-hochburg.jpg\" alt=\"Es ist herbstlich auf dem Areal der Hochburg\" class=\"wp-image-26835\"\/><figcaption class=\"wp-element-caption\">Es ist herbstlich auf dem Areal der Hochburg<\/figcaption><\/figure>\n<\/div>\n\n<div class=\"wp-block-image wp-image-26839 size-gallery-639\">\n<figure class=\"aligncenter\"><img decoding=\"async\" width=\"1000\" height=\"750\" src=\"https:\/\/www.tui.com\/blog\/wp-content\/uploads\/2023\/04\/blick-von-der-burganlage-vysehard.jpg\" alt=\"Blick von der Burganlage Vysehard\" class=\"wp-image-26839\"\/><figcaption class=\"wp-element-caption\">Blick von der Burganlage Vysehard<\/figcaption><\/figure>\n<\/div>\n\n<div class=\"wp-block-image wp-image-26865 size-gallery-639\">\n<figure class=\"aligncenter\"><img decoding=\"async\" width=\"1000\" height=\"750\" src=\"https:\/\/www.tui.com\/blog\/wp-content\/uploads\/2023\/04\/blick-vom-petrin-prag-1.jpg\" alt=\"Ausblick vom Petrin\" class=\"wp-image-26865\"\/><figcaption class=\"wp-element-caption\">Ausblick vom Petrin<\/figcaption><\/figure>\n<\/div>\n\n\n<p>Nach unserem gem\u00fctlichen Spaziergang durch die G\u00e4rten auf dem Berg Petrin, sollte es noch vor der Dunkelheit zur\u00fcck zu historischen Geb\u00e4uden und auch <strong>Kafka<\/strong> gehen. Die Tram brachte uns also weiter n\u00f6rdlich in unmittelbare N\u00e4he von <strong>Karlsbr\u00fccke<\/strong> und <strong>Prager Burg<\/strong>. Hier ging f\u00fcr mich das M\u00e4rchenhafte erst richtig los. Da sich die Abendbrotzeit n\u00e4herte, wurden die Stra\u00dfen westlich des Flusses ruhiger und die Laternen gingen an. Wir schlenderten staunend vorbei an den beeindruckenden Fassaden und durch die Innenh\u00f6fe der Prager Burg sowie <strong>Veitsdom<\/strong> und n\u00e4herten uns durch die altert\u00fcmlichen Gassen auch dem <strong>Goldenen G\u00e4sschen<\/strong>. In dieser h\u00fcbschen kleinen Stra\u00dfe mit winzigen H\u00e4uschen lebte vor \u00fcber 100 Jahren auch <strong>Franz Kafka<\/strong>.<\/p>\n\n\n\n<figure class=\"wp-block-gallery has-nested-images columns-3 is-cropped wp-block-gallery-1 is-layout-flex wp-block-gallery-is-layout-flex\">\n<figure class=\"wp-block-image size-large\"><img decoding=\"async\" width=\"751\" height=\"563\" data-id=\"149174\" src=\"https:\/\/www.tui.com\/blog\/wp-content\/uploads\/2023\/04\/titanen-eingang-prager-burg-751x563.jpg\" alt=\"Der Titanen Eingang zur Prager Burg\" class=\"wp-image-149174\" srcset=\"https:\/\/www.tui.com\/blog\/wp-content\/uploads\/2023\/04\/titanen-eingang-prager-burg-751x563.jpg 751w, https:\/\/www.tui.com\/blog\/wp-content\/uploads\/2023\/04\/titanen-eingang-prager-burg-592x444.jpg 592w, https:\/\/www.tui.com\/blog\/wp-content\/uploads\/2023\/04\/titanen-eingang-prager-burg-768x576.jpg 768w, https:\/\/www.tui.com\/blog\/wp-content\/uploads\/2023\/04\/titanen-eingang-prager-burg.jpg 1000w\" sizes=\"(max-width: 751px) 100vw, 751px\" \/><\/figure>\n\n\n\n<figure class=\"wp-block-image size-large\"><img decoding=\"async\" width=\"422\" height=\"563\" data-id=\"149176\" src=\"https:\/\/www.tui.com\/blog\/wp-content\/uploads\/2023\/04\/meli-prag-gassen-am-abend-422x563.jpg\" alt=\"Goldenes Licht in stillen Gassen\" class=\"wp-image-149176\" srcset=\"https:\/\/www.tui.com\/blog\/wp-content\/uploads\/2023\/04\/meli-prag-gassen-am-abend-422x563.jpg 422w, https:\/\/www.tui.com\/blog\/wp-content\/uploads\/2023\/04\/meli-prag-gassen-am-abend-333x444.jpg 333w, https:\/\/www.tui.com\/blog\/wp-content\/uploads\/2023\/04\/meli-prag-gassen-am-abend.jpg 690w\" sizes=\"(max-width: 422px) 100vw, 422px\" \/><\/figure>\n\n\n\n<figure class=\"wp-block-image size-large\"><img decoding=\"async\" width=\"751\" height=\"563\" data-id=\"149178\" src=\"https:\/\/www.tui.com\/blog\/wp-content\/uploads\/2023\/04\/prag-leuchtet-751x563.jpg\" alt=\"Prag leuchtet bei Nacht\" class=\"wp-image-149178\" srcset=\"https:\/\/www.tui.com\/blog\/wp-content\/uploads\/2023\/04\/prag-leuchtet-751x563.jpg 751w, https:\/\/www.tui.com\/blog\/wp-content\/uploads\/2023\/04\/prag-leuchtet-592x444.jpg 592w, https:\/\/www.tui.com\/blog\/wp-content\/uploads\/2023\/04\/prag-leuchtet-768x576.jpg 768w, https:\/\/www.tui.com\/blog\/wp-content\/uploads\/2023\/04\/prag-leuchtet.jpg 1000w\" sizes=\"(max-width: 751px) 100vw, 751px\" \/><\/figure>\n\n\n\n<figure class=\"wp-block-image size-large\"><img decoding=\"async\" width=\"751\" height=\"563\" data-id=\"149180\" src=\"https:\/\/www.tui.com\/blog\/wp-content\/uploads\/2023\/04\/kleinseite-strassen-751x563.jpg\" alt=\"\" class=\"wp-image-149180\" srcset=\"https:\/\/www.tui.com\/blog\/wp-content\/uploads\/2023\/04\/kleinseite-strassen-751x563.jpg 751w, https:\/\/www.tui.com\/blog\/wp-content\/uploads\/2023\/04\/kleinseite-strassen-592x444.jpg 592w, https:\/\/www.tui.com\/blog\/wp-content\/uploads\/2023\/04\/kleinseite-strassen-768x576.jpg 768w, https:\/\/www.tui.com\/blog\/wp-content\/uploads\/2023\/04\/kleinseite-strassen.jpg 1000w\" sizes=\"(max-width: 751px) 100vw, 751px\" \/><\/figure>\n\n\n\n<figure class=\"wp-block-image size-large\"><img decoding=\"async\" width=\"751\" height=\"563\" data-id=\"149182\" src=\"https:\/\/www.tui.com\/blog\/wp-content\/uploads\/2023\/04\/veitsdom-abend-751x563.jpg\" alt=\"Die sch\u00f6nen Details am Veitsdom gut in Szene gesetzt\" class=\"wp-image-149182\" srcset=\"https:\/\/www.tui.com\/blog\/wp-content\/uploads\/2023\/04\/veitsdom-abend-751x563.jpg 751w, https:\/\/www.tui.com\/blog\/wp-content\/uploads\/2023\/04\/veitsdom-abend-592x444.jpg 592w, https:\/\/www.tui.com\/blog\/wp-content\/uploads\/2023\/04\/veitsdom-abend-768x576.jpg 768w, https:\/\/www.tui.com\/blog\/wp-content\/uploads\/2023\/04\/veitsdom-abend.jpg 1000w\" sizes=\"(max-width: 751px) 100vw, 751px\" \/><\/figure>\n\n\n\n<figure class=\"wp-block-image size-large\"><img decoding=\"async\" width=\"422\" height=\"563\" data-id=\"149184\" src=\"https:\/\/www.tui.com\/blog\/wp-content\/uploads\/2023\/04\/westfassade-veitsturm-422x563.jpg\" alt=\"Die Westfassade des Veitsturm\" class=\"wp-image-149184\" srcset=\"https:\/\/www.tui.com\/blog\/wp-content\/uploads\/2023\/04\/westfassade-veitsturm-422x563.jpg 422w, https:\/\/www.tui.com\/blog\/wp-content\/uploads\/2023\/04\/westfassade-veitsturm-333x444.jpg 333w, https:\/\/www.tui.com\/blog\/wp-content\/uploads\/2023\/04\/westfassade-veitsturm.jpg 639w\" sizes=\"(max-width: 422px) 100vw, 422px\" \/><\/figure>\n\n\n\n<figure class=\"wp-block-image size-large\"><img decoding=\"async\" width=\"422\" height=\"563\" data-id=\"149186\" src=\"https:\/\/www.tui.com\/blog\/wp-content\/uploads\/2023\/04\/strassenbahn-prag-422x563.jpg\" alt=\"Die Stra\u00dfenbahn geh\u00f6rt zum Stadtbild Prags!\" class=\"wp-image-149186\" srcset=\"https:\/\/www.tui.com\/blog\/wp-content\/uploads\/2023\/04\/strassenbahn-prag-422x563.jpg 422w, https:\/\/www.tui.com\/blog\/wp-content\/uploads\/2023\/04\/strassenbahn-prag-333x444.jpg 333w, https:\/\/www.tui.com\/blog\/wp-content\/uploads\/2023\/04\/strassenbahn-prag.jpg 690w\" sizes=\"(max-width: 422px) 100vw, 422px\" \/><\/figure>\n<\/figure>\n\n\n\n<blockquote class=\"wp-block-quote right is-layout-flow wp-block-quote-is-layout-flow\">\n<h2 class=\"wp-block-heading hotelName modType23b\">TUI&nbsp;Hoteltipp: NH Hotel Prague<\/h2>\n\n\n<div class=\"wp-block-image\">\n<figure class=\"aligncenter\"><a href=\"https:\/\/www.tui.com\/hotels\/nh-hotel-prague-17591\/hotelinformation\/\" target=\"_blank\" rel=\"noopener\"><img decoding=\"async\" width=\"250\" height=\"120\" src=\"https:\/\/www.tui.com\/blog\/wp-content\/uploads\/2023\/04\/nh-hotel-prague.jpg\" alt=\"NH Hotel Prague\" class=\"wp-image-26859\" title=\"NH Hotel Prague\"\/><\/a><\/figure>\n<\/div>\n\n\n<p><\/p>\n\n\n\n<p>Das 4-Sterne <a href=\"https:\/\/www.tui.com\/hotels\/nh-hotel-prague-17591\/hotelinformation\/\" target=\"_blank\" rel=\"noopener\">NH Hotel Prague<\/a> liegt direkt im Stadtzentrum und die bekannten Sehensw\u00fcrdigkeiten sind zu Fu\u00df innerhalb k\u00fcrzester Zeit erreichbar. Wer lieber zu den \u00d6ffentlichen Verkehrsmitteln greift, gleich in der N\u00e4he befindet sich eine Metro- sowie Busstation. Perfekt also, um einen tollen St\u00e4dtetrip in die goldene Stadt zu unternehmen!<\/p>\n\n\n\n<p>\u25ba <a href=\"https:\/\/www.tui.com\/hotels\/nh-hotel-prague-17591\/hotelinformation\/\" target=\"_blank\" rel=\"noopener\">Mehr Infos zum Hotel<br><\/a>\u25ba <a href=\"https:\/\/www.tui.com\/hotels\/tschechien\/prag\/\" target=\"_blank\" rel=\"noopener\">Weitere Hotels in&nbsp;Prag<\/a><\/p>\n<\/blockquote>\n\n\n\n<h3 class=\"wp-block-heading\">Prag und seine Sagen und Mythen<\/h3>\n\n\n\n<p>In mittelalterlicher Umgebung eignen sich Sagen und Mystisches, wie ich finde, so herrlich zum Schaudern, besonders wenn bereits die Herbstwinde gelegentlich zwischen den H\u00e4usern entlang pusten und die Stra\u00dfenlaternen ein wenig Spinnweben-verhangen sind. Dem <strong>Goldenen G\u00e4sschen<\/strong> wird nachgesagt, hier h\u00e4tten Alchemisten versucht den Stein der Weisen und Gold herzustellen. Auch Hellseherinnen konnte man hier antreffen. Es lag also ein Hauch von (schwarzer) Magie in der Luft.<\/p>\n\n\n\n<p>An dieser Stelle jedoch <strong>ein&nbsp;kleiner Tipp<\/strong>&nbsp;f\u00fcr zuk\u00fcnftige Pragbesucher: Schaut vor 17&nbsp;Uhr vorbei, um die Ausstellungen \u00fcber das Leben im G\u00e4sschen gegen einen kleinen Eintritt sehen zu k\u00f6nnen. Auch wenn wir leider nur noch durch verschlossene Gitter-Tore auf die Zlat\u00e1 uli\u010dka (das Goldene G\u00e4sschen) lunschen konnten, war unser abendlicher Besuch des ganzen Viertels spannend und lohnenswert.<\/p>\n\n\n\n<h3 class=\"wp-block-heading\">Blick von der Karlsbr\u00fccke auf die goldene Stadt Prag<\/h3>\n\n\n\n<p>Wir hatten nun sowieso Hunger. Bevor wir uns \u00f6stlich der <strong>Moldau<\/strong>, im Bezirk \u201ePraha 1\u201c, auf die zahlreichen Restaurants und Kneipen st\u00fcrzten, mussten wir nat\u00fcrlich die <strong>Karlsbr\u00fccke<\/strong> \u00fcberschreiten, um eben die Aussicht genie\u00dfen zu k\u00f6nnen, wegen der man von der goldenen Stadt sprach. Ach es war schon herrlich sich aus den stillen Winkeln der \u201ePrager Kleinseite\u201c langsam den Lichtern und Geigenkl\u00e4ngen der Stra\u00dfenk\u00fcnstler auf dieser Br\u00fccke zu n\u00e4hern. Zu dieser Stimmung passte dann auch der wirklich tolle Ausblick bei Nacht \u00fcber die Moldau und ihre Uferseiten.<\/p>\n\n\n<div class=\"wp-block-image wp-image-26842 size-gallery-639\">\n<figure class=\"aligncenter\"><img decoding=\"async\" width=\"1000\" height=\"750\" src=\"https:\/\/www.tui.com\/blog\/wp-content\/uploads\/2023\/04\/blick-auf-die-goldene-stadt-prag.jpg\" alt=\"Blick auf die goldene Stadt\" class=\"wp-image-26842\"\/><figcaption class=\"wp-element-caption\">Blick auf die goldene Stadt<\/figcaption><\/figure>\n<\/div>\n\n\n<h3 class=\"wp-block-heading\">Die Qual der Wahl: Lokalit\u00e4ten in Prag<\/h3>\n\n\n\n<p>Wir schlenderten noch ein Weilchen zwischen <strong>Prager Altstadt und Neustadt<\/strong> hin und her und konnten uns zwischen den ganzen Bierstuben mit traditioneller K\u00fcche gar nicht entscheiden. Schlie\u00dflich lie\u00dfen wir <strong>ber\u00fchmte Lokale wie U Zlat\u00e9ho Tygra, U Medv\u00eddku oder U Fleku<\/strong> hinter uns, denn ich hatte gelesen, dass die besten Lokale in <a href=\"https:\/\/www.tui.com\/staedtereisen\/prag\/\" target=\"_blank\" rel=\"noopener\">Prag<\/a> immer die von au\u00dfen unscheinbarsten sind. So entschieden wir uns spontan f\u00fcr ein Lokal und stellten wieder fest, dass es hier einfach \u00fcberall schmeckt \u2013 wieder unschlagbare Preise, wieder b\u00f6hmisch Deftiges ganz nach unserem Geschmack, wieder absolut empfehlenswert.<\/p>\n\n\n\n<h3 class=\"wp-block-heading\">M\u00e4rchenspaziergang durch Prag<\/h3>\n\n\n\n<p>An den folgenden beiden Tagen genossen wir viel Sonne und schlenderten weiter umher oder lie\u00dfen uns von der Stra\u00dfenbahn durch alle m\u00f6glichen Gegenden chauffieren. Passend zu unserem m\u00e4rchenhaften Wochenende starteten wir morgens auf dem <strong>Altst\u00e4dter Ring<\/strong>, freuten uns \u00fcber Pferdekutschen und das bunte Treiben, aber auch \u00fcber sch\u00f6ne alte H\u00e4userfassaden. Wir tauchten in das ehemalige <strong>j\u00fcdische Viertel \u201eJosefov\u201c<\/strong> ein, denn hier sollte es angeblich den Golem, die Phantasiefigur Kafkas, auf einem der Dachb\u00f6den in einer der Synagogen geben.&nbsp;Sicherlich handelt es sich hier eher um eine sehr touristische Gegend voller Luxus-Boutiquen. Eure Kaffeepause solltet ihr wahrscheinlich besser au\u00dferhalb dieser Stra\u00dfen planen, um nicht arm zu werden. Ein Spaziergang durch die h\u00fcbschen Gassen mit viel Geschichte l\u00e4sst sich dennoch gut in eine <strong>Altstadtbesichtigung<\/strong> integrieren. Den passenden Kaffee k\u00f6nnt ihr \u00fcbrigens etwas g\u00fcnstiger und mit tollem Ausblick auf die Moldau im <strong>Caf\u00e9 L\u00e1vka<\/strong> genie\u00dfen.<\/p>\n\n\n<div class=\"wp-block-image wp-image-26862 size-gallery-639\">\n<figure class=\"aligncenter\"><img decoding=\"async\" width=\"1000\" height=\"750\" src=\"https:\/\/www.tui.com\/blog\/wp-content\/uploads\/2023\/04\/kaffeepause-mit-blick-auf-prag.jpg\" alt=\"Kaffeepause mit Blick auf die Karlsbr\u00fccke\" class=\"wp-image-26862\"\/><figcaption class=\"wp-element-caption\">Kaffeepause mit Blick auf die Karlsbr\u00fccke<\/figcaption><\/figure>\n<\/div>\n\n\n<figure class=\"wp-block-gallery has-nested-images columns-3 is-cropped wp-block-gallery-2 is-layout-flex wp-block-gallery-is-layout-flex\">\n<figure class=\"wp-block-image size-large\"><img decoding=\"async\" width=\"751\" height=\"563\" data-id=\"149188\" src=\"https:\/\/www.tui.com\/blog\/wp-content\/uploads\/2023\/04\/altstaedter-ring-prag-751x563.jpg\" alt=\"Altst\u00e4dter Ring\" class=\"wp-image-149188\" srcset=\"https:\/\/www.tui.com\/blog\/wp-content\/uploads\/2023\/04\/altstaedter-ring-prag-751x563.jpg 751w, https:\/\/www.tui.com\/blog\/wp-content\/uploads\/2023\/04\/altstaedter-ring-prag-592x444.jpg 592w, https:\/\/www.tui.com\/blog\/wp-content\/uploads\/2023\/04\/altstaedter-ring-prag-768x576.jpg 768w, https:\/\/www.tui.com\/blog\/wp-content\/uploads\/2023\/04\/altstaedter-ring-prag.jpg 1000w\" sizes=\"(max-width: 751px) 100vw, 751px\" \/><\/figure>\n\n\n\n<figure class=\"wp-block-image size-large\"><img decoding=\"async\" width=\"751\" height=\"563\" data-id=\"149190\" src=\"https:\/\/www.tui.com\/blog\/wp-content\/uploads\/2023\/04\/altstadt-prag-751x563.jpg\" alt=\"Die Altstadt Prags\" class=\"wp-image-149190\" srcset=\"https:\/\/www.tui.com\/blog\/wp-content\/uploads\/2023\/04\/altstadt-prag-751x563.jpg 751w, https:\/\/www.tui.com\/blog\/wp-content\/uploads\/2023\/04\/altstadt-prag-592x444.jpg 592w, https:\/\/www.tui.com\/blog\/wp-content\/uploads\/2023\/04\/altstadt-prag-768x576.jpg 768w, https:\/\/www.tui.com\/blog\/wp-content\/uploads\/2023\/04\/altstadt-prag.jpg 1000w\" sizes=\"(max-width: 751px) 100vw, 751px\" \/><\/figure>\n\n\n\n<figure class=\"wp-block-image size-large\"><img decoding=\"async\" width=\"751\" height=\"563\" data-id=\"149192\" src=\"https:\/\/www.tui.com\/blog\/wp-content\/uploads\/2023\/04\/pferdekutsche-altstadt-751x563.jpg\" alt=\"Wie fr\u00fcher: Mit der Kutsche durch die Altstadt\" class=\"wp-image-149192\" srcset=\"https:\/\/www.tui.com\/blog\/wp-content\/uploads\/2023\/04\/pferdekutsche-altstadt-751x563.jpg 751w, https:\/\/www.tui.com\/blog\/wp-content\/uploads\/2023\/04\/pferdekutsche-altstadt-592x444.jpg 592w, https:\/\/www.tui.com\/blog\/wp-content\/uploads\/2023\/04\/pferdekutsche-altstadt-768x576.jpg 768w, https:\/\/www.tui.com\/blog\/wp-content\/uploads\/2023\/04\/pferdekutsche-altstadt.jpg 1000w\" sizes=\"(max-width: 751px) 100vw, 751px\" \/><\/figure>\n\n\n\n<figure class=\"wp-block-image size-large\"><img decoding=\"async\" width=\"751\" height=\"563\" data-id=\"149194\" src=\"https:\/\/www.tui.com\/blog\/wp-content\/uploads\/2023\/04\/restaurants-in-prag-751x563.jpg\" alt=\"Gem\u00fctliche Restaurants mit g\u00fcnstigen Preisen gibt es sehr viele in Prag\" class=\"wp-image-149194\" srcset=\"https:\/\/www.tui.com\/blog\/wp-content\/uploads\/2023\/04\/restaurants-in-prag-751x563.jpg 751w, https:\/\/www.tui.com\/blog\/wp-content\/uploads\/2023\/04\/restaurants-in-prag-592x444.jpg 592w, https:\/\/www.tui.com\/blog\/wp-content\/uploads\/2023\/04\/restaurants-in-prag-768x576.jpg 768w, https:\/\/www.tui.com\/blog\/wp-content\/uploads\/2023\/04\/restaurants-in-prag.jpg 1000w\" sizes=\"(max-width: 751px) 100vw, 751px\" \/><\/figure>\n\n\n\n<figure class=\"wp-block-image size-large\"><img decoding=\"async\" width=\"751\" height=\"563\" data-id=\"149196\" src=\"https:\/\/www.tui.com\/blog\/wp-content\/uploads\/2023\/04\/juedisches-viertel-strassenschild-751x563.jpg\" alt=\"J\u00fcdisches Viertel: Kafka findet man an jeder Ecke\" class=\"wp-image-149196\" srcset=\"https:\/\/www.tui.com\/blog\/wp-content\/uploads\/2023\/04\/juedisches-viertel-strassenschild-751x563.jpg 751w, https:\/\/www.tui.com\/blog\/wp-content\/uploads\/2023\/04\/juedisches-viertel-strassenschild-592x444.jpg 592w, https:\/\/www.tui.com\/blog\/wp-content\/uploads\/2023\/04\/juedisches-viertel-strassenschild-768x576.jpg 768w, https:\/\/www.tui.com\/blog\/wp-content\/uploads\/2023\/04\/juedisches-viertel-strassenschild.jpg 1000w\" sizes=\"(max-width: 751px) 100vw, 751px\" \/><\/figure>\n\n\n\n<figure class=\"wp-block-image size-large\"><img decoding=\"async\" width=\"751\" height=\"563\" data-id=\"149198\" src=\"https:\/\/www.tui.com\/blog\/wp-content\/uploads\/2023\/04\/abendstimmung-prag-stadt-751x563.jpg\" alt=\"Abendstimmung in den Prager Stra\u00dfen\" class=\"wp-image-149198\" srcset=\"https:\/\/www.tui.com\/blog\/wp-content\/uploads\/2023\/04\/abendstimmung-prag-stadt-751x563.jpg 751w, https:\/\/www.tui.com\/blog\/wp-content\/uploads\/2023\/04\/abendstimmung-prag-stadt-592x444.jpg 592w, https:\/\/www.tui.com\/blog\/wp-content\/uploads\/2023\/04\/abendstimmung-prag-stadt-768x576.jpg 768w, https:\/\/www.tui.com\/blog\/wp-content\/uploads\/2023\/04\/abendstimmung-prag-stadt.jpg 1000w\" sizes=\"(max-width: 751px) 100vw, 751px\" \/><\/figure>\n\n\n\n<figure class=\"wp-block-image size-large\"><img decoding=\"async\" width=\"422\" height=\"563\" data-id=\"149200\" src=\"https:\/\/www.tui.com\/blog\/wp-content\/uploads\/2023\/04\/abendstimmung-prag-422x563.jpg\" alt=\"Der Abend in Prag beginnt!\" class=\"wp-image-149200\" srcset=\"https:\/\/www.tui.com\/blog\/wp-content\/uploads\/2023\/04\/abendstimmung-prag-422x563.jpg 422w, https:\/\/www.tui.com\/blog\/wp-content\/uploads\/2023\/04\/abendstimmung-prag-333x444.jpg 333w, https:\/\/www.tui.com\/blog\/wp-content\/uploads\/2023\/04\/abendstimmung-prag.jpg 690w\" sizes=\"(max-width: 422px) 100vw, 422px\" \/><\/figure>\n<\/figure>\n\n\n\n<p>Wir hatten durch das gute Wetter nat\u00fcrlich beste Bedingungen f\u00fcr ein Wochenende voller Spazierg\u00e4nge. Dennoch bin ich \u00fcberzeugt, dass <a href=\"https:\/\/www.tui.com\/staedtereisen\/prag\/\" target=\"_blank\" rel=\"noopener\">Prag<\/a> auch bei schmuddeligem Wetter oder vielleicht sogar schneebedeckt sehr sch\u00f6n ist. Ich freue mich zumindest schon auf meinen n\u00e4chsten Besuch auch wenn es mal regnen sollte, denn dann habe ich wenigstens Grund genug endlich mal die <strong>wundersch\u00f6ne Bibliothek im Kloster Strahov<\/strong> zu besuchen.<\/p>\n","protected":false},"excerpt":{"rendered":"<p>Prag ist immer eine gute Idee. Das gute, deftige Essen, die verwinkelten Gassen, die vielen, geschichtstr\u00e4chtigen Bauten und Br\u00fccken und seine Sagen und Geschichten. Die goldene Stadt MUSS man einfach gesehen haben! Das findet auch TUI Bloggerin Meli, die sich mit ihrer Reisebegleitung f\u00fcr ein verl\u00e4ngertes Wochenende in die tschechische Hauptstadt aufgemacht hat.<\/p>\n","protected":false},"author":100,"featured_media":149220,"comment_status":"open","ping_status":"open","sticky":false,"template":"","format":"standard","meta":{"_acf_changed":false,"footnotes":""},"categories":[4068,4052,4030,4058,4050],"tags":[2563,750,3187],"class_list":["post-149172","post","type-post","status-publish","format-standard","has-post-thumbnail","hentry","category-archiv-beste-reisezeit","category-archiv-reisearten","category-archiv-reiseziele","category-archiv-staedtetrip","category-archiv-weitere-beliebte-reiseziele","tag-herbst","tag-herbsturlaub","tag-staedtereise"],"acf":[],"yoast_head":"<!-- This site is optimized with the Yoast SEO plugin v27.4 - https:\/\/yoast.com\/product\/yoast-seo-wordpress\/ -->\n<title>M\u00e4rchen- und sagenhaft: Ein goldener Herbst in der goldenen Stadt Prag - TUI.com Reiseblog \u2600<\/title>\n<meta name=\"robots\" content=\"index, follow, max-snippet:-1, max-image-preview:large, max-video-preview:-1\" \/>\n<link rel=\"canonical\" href=\"https:\/\/www.tui.com\/blog\/maerchen-und-sagenhaft-ein-goldener-herbst-in-der-goldenen-stadt-prag\/\" \/>\n<meta property=\"og:locale\" content=\"de_DE\" \/>\n<meta property=\"og:type\" content=\"article\" \/>\n<meta property=\"og:title\" content=\"M\u00e4rchen- und sagenhaft: Ein goldener Herbst in der goldenen Stadt Prag - TUI.com Reiseblog \u2600\" \/>\n<meta property=\"og:description\" content=\"Prag ist immer eine gute Idee. Das gute, deftige Essen, die verwinkelten Gassen, die vielen, geschichtstr\u00e4chtigen Bauten und Br\u00fccken und seine Sagen und Geschichten. Die goldene Stadt MUSS man einfach gesehen haben! Das findet auch TUI Bloggerin Meli, die sich mit ihrer Reisebegleitung f\u00fcr ein verl\u00e4ngertes Wochenende in die tschechische Hauptstadt aufgemacht hat.\" \/>\n<meta property=\"og:url\" content=\"https:\/\/www.tui.com\/blog\/maerchen-und-sagenhaft-ein-goldener-herbst-in-der-goldenen-stadt-prag\/\" \/>\n<meta property=\"og:site_name\" content=\"TUI.com Reiseblog \u2600\" \/>\n<meta property=\"article:published_time\" content=\"2016-10-11T08:00:03+00:00\" \/>\n<meta property=\"article:modified_time\" content=\"2025-04-04T08:44:37+00:00\" \/>\n<meta property=\"og:image\" content=\"https:\/\/www.tui.com\/blog\/wp-content\/uploads\/2023\/04\/prag-feature.jpg\" \/>\n\t<meta property=\"og:image:width\" content=\"930\" \/>\n\t<meta property=\"og:image:height\" content=\"390\" \/>\n\t<meta property=\"og:image:type\" content=\"image\/jpeg\" \/>\n<meta name=\"author\" content=\"TUI Bloggerin Meli\" \/>\n<meta name=\"twitter:card\" content=\"summary_large_image\" \/>\n<meta name=\"twitter:label1\" content=\"Verfasst von\" \/>\n\t<meta name=\"twitter:data1\" content=\"TUI Bloggerin Meli\" \/>\n\t<meta name=\"twitter:label2\" content=\"Gesch\u00e4tzte Lesezeit\" \/>\n\t<meta name=\"twitter:data2\" content=\"6\u00a0Minuten\" \/>\n<script type=\"application\/ld+json\" class=\"yoast-schema-graph\">{\"@context\":\"https:\\\/\\\/schema.org\",\"@graph\":[{\"@type\":\"BlogPosting\",\"@id\":\"https:\\\/\\\/www.tui.com\\\/blog\\\/maerchen-und-sagenhaft-ein-goldener-herbst-in-der-goldenen-stadt-prag\\\/#article\",\"isPartOf\":{\"@id\":\"https:\\\/\\\/www.tui.com\\\/blog\\\/maerchen-und-sagenhaft-ein-goldener-herbst-in-der-goldenen-stadt-prag\\\/\"},\"author\":{\"name\":\"TUI Bloggerin Meli\",\"@id\":\"https:\\\/\\\/www.tui.com\\\/blog\\\/#\\\/schema\\\/person\\\/e768163c611ae12cb0db1085a2607695\"},\"headline\":\"M\u00e4rchen- und sagenhaft: Ein goldener Herbst in der goldenen Stadt Prag\",\"datePublished\":\"2016-10-11T08:00:03+00:00\",\"dateModified\":\"2025-04-04T08:44:37+00:00\",\"mainEntityOfPage\":{\"@id\":\"https:\\\/\\\/www.tui.com\\\/blog\\\/maerchen-und-sagenhaft-ein-goldener-herbst-in-der-goldenen-stadt-prag\\\/\"},\"wordCount\":1222,\"commentCount\":1,\"publisher\":{\"@id\":\"https:\\\/\\\/www.tui.com\\\/blog\\\/#organization\"},\"image\":{\"@id\":\"https:\\\/\\\/www.tui.com\\\/blog\\\/maerchen-und-sagenhaft-ein-goldener-herbst-in-der-goldenen-stadt-prag\\\/#primaryimage\"},\"thumbnailUrl\":\"https:\\\/\\\/www.tui.com\\\/blog\\\/wp-content\\\/uploads\\\/2023\\\/04\\\/prag-feature.jpg\",\"keywords\":[\"Herbst\",\"Herbsturlaub\",\"St&#228;dtereise\"],\"articleSection\":[\"Beste Reisezeit\",\"Reisearten\",\"Reiseziele\",\"St\u00e4dtetrip\",\"weitere beliebte Reiseziele\"],\"inLanguage\":\"de\",\"potentialAction\":[{\"@type\":\"CommentAction\",\"name\":\"Comment\",\"target\":[\"https:\\\/\\\/www.tui.com\\\/blog\\\/maerchen-und-sagenhaft-ein-goldener-herbst-in-der-goldenen-stadt-prag\\\/#respond\"]}]},{\"@type\":\"WebPage\",\"@id\":\"https:\\\/\\\/www.tui.com\\\/blog\\\/maerchen-und-sagenhaft-ein-goldener-herbst-in-der-goldenen-stadt-prag\\\/\",\"url\":\"https:\\\/\\\/www.tui.com\\\/blog\\\/maerchen-und-sagenhaft-ein-goldener-herbst-in-der-goldenen-stadt-prag\\\/\",\"name\":\"M\u00e4rchen- und sagenhaft: Ein goldener Herbst in der goldenen Stadt Prag - TUI.com Reiseblog \u2600\",\"isPartOf\":{\"@id\":\"https:\\\/\\\/www.tui.com\\\/blog\\\/#website\"},\"primaryImageOfPage\":{\"@id\":\"https:\\\/\\\/www.tui.com\\\/blog\\\/maerchen-und-sagenhaft-ein-goldener-herbst-in-der-goldenen-stadt-prag\\\/#primaryimage\"},\"image\":{\"@id\":\"https:\\\/\\\/www.tui.com\\\/blog\\\/maerchen-und-sagenhaft-ein-goldener-herbst-in-der-goldenen-stadt-prag\\\/#primaryimage\"},\"thumbnailUrl\":\"https:\\\/\\\/www.tui.com\\\/blog\\\/wp-content\\\/uploads\\\/2023\\\/04\\\/prag-feature.jpg\",\"datePublished\":\"2016-10-11T08:00:03+00:00\",\"dateModified\":\"2025-04-04T08:44:37+00:00\",\"breadcrumb\":{\"@id\":\"https:\\\/\\\/www.tui.com\\\/blog\\\/maerchen-und-sagenhaft-ein-goldener-herbst-in-der-goldenen-stadt-prag\\\/#breadcrumb\"},\"inLanguage\":\"de\",\"potentialAction\":[{\"@type\":\"ReadAction\",\"target\":[\"https:\\\/\\\/www.tui.com\\\/blog\\\/maerchen-und-sagenhaft-ein-goldener-herbst-in-der-goldenen-stadt-prag\\\/\"]}]},{\"@type\":\"ImageObject\",\"inLanguage\":\"de\",\"@id\":\"https:\\\/\\\/www.tui.com\\\/blog\\\/maerchen-und-sagenhaft-ein-goldener-herbst-in-der-goldenen-stadt-prag\\\/#primaryimage\",\"url\":\"https:\\\/\\\/www.tui.com\\\/blog\\\/wp-content\\\/uploads\\\/2023\\\/04\\\/prag-feature.jpg\",\"contentUrl\":\"https:\\\/\\\/www.tui.com\\\/blog\\\/wp-content\\\/uploads\\\/2023\\\/04\\\/prag-feature.jpg\",\"width\":930,\"height\":390},{\"@type\":\"BreadcrumbList\",\"@id\":\"https:\\\/\\\/www.tui.com\\\/blog\\\/maerchen-und-sagenhaft-ein-goldener-herbst-in-der-goldenen-stadt-prag\\\/#breadcrumb\",\"itemListElement\":[{\"@type\":\"ListItem\",\"position\":1,\"name\":\"Startseite\",\"item\":\"https:\\\/\\\/www.tui.com\\\/blog\\\/\"},{\"@type\":\"ListItem\",\"position\":2,\"name\":\"M\u00e4rchen- und sagenhaft: Ein goldener Herbst in der goldenen Stadt Prag\"}]},{\"@type\":\"WebSite\",\"@id\":\"https:\\\/\\\/www.tui.com\\\/blog\\\/#website\",\"url\":\"https:\\\/\\\/www.tui.com\\\/blog\\\/\",\"name\":\"TUI.com Reiseblog \u2600\",\"description\":\"Abenteuer oder lieber an den Strand? \u2600 Der TUI Reiseblog bietet tolle Infos rund um deine n\u00e4chste Reise \u2708 Komm vorbei und lass dich inspirieren \u221a\",\"publisher\":{\"@id\":\"https:\\\/\\\/www.tui.com\\\/blog\\\/#organization\"},\"potentialAction\":[{\"@type\":\"SearchAction\",\"target\":{\"@type\":\"EntryPoint\",\"urlTemplate\":\"https:\\\/\\\/www.tui.com\\\/blog\\\/?s={search_term_string}\"},\"query-input\":{\"@type\":\"PropertyValueSpecification\",\"valueRequired\":true,\"valueName\":\"search_term_string\"}}],\"inLanguage\":\"de\"},{\"@type\":\"Organization\",\"@id\":\"https:\\\/\\\/www.tui.com\\\/blog\\\/#organization\",\"name\":\"TUI.com Reiseblog \u2600\",\"url\":\"https:\\\/\\\/www.tui.com\\\/blog\\\/\",\"logo\":{\"@type\":\"ImageObject\",\"inLanguage\":\"de\",\"@id\":\"https:\\\/\\\/www.tui.com\\\/blog\\\/#\\\/schema\\\/logo\\\/image\\\/\",\"url\":\"https:\\\/\\\/www.tui.com\\\/blog\\\/wp-content\\\/uploads\\\/2023\\\/04\\\/cropped-tui-logo-3.png\",\"contentUrl\":\"https:\\\/\\\/www.tui.com\\\/blog\\\/wp-content\\\/uploads\\\/2023\\\/04\\\/cropped-tui-logo-3.png\",\"width\":164,\"height\":72,\"caption\":\"TUI.com Reiseblog \u2600\"},\"image\":{\"@id\":\"https:\\\/\\\/www.tui.com\\\/blog\\\/#\\\/schema\\\/logo\\\/image\\\/\"}},{\"@type\":\"Person\",\"@id\":\"https:\\\/\\\/www.tui.com\\\/blog\\\/#\\\/schema\\\/person\\\/e768163c611ae12cb0db1085a2607695\",\"name\":\"TUI Bloggerin Meli\",\"image\":{\"@type\":\"ImageObject\",\"inLanguage\":\"de\",\"@id\":\"https:\\\/\\\/www.tui.com\\\/blog\\\/wp-content\\\/uploads\\\/2016\\\/11\\\/profil-meli-klein-200x180.jpg\",\"url\":\"https:\\\/\\\/www.tui.com\\\/blog\\\/wp-content\\\/uploads\\\/2016\\\/11\\\/profil-meli-klein-200x180.jpg\",\"contentUrl\":\"https:\\\/\\\/www.tui.com\\\/blog\\\/wp-content\\\/uploads\\\/2016\\\/11\\\/profil-meli-klein-200x180.jpg\",\"caption\":\"TUI Bloggerin Meli\"},\"url\":\"https:\\\/\\\/www.tui.com\\\/blog\\\/author\\\/tui-bloggerin-meli\\\/\"}]}<\/script>\n<!-- \/ Yoast SEO plugin. -->","yoast_head_json":{"title":"M\u00e4rchen- und sagenhaft: Ein goldener Herbst in der goldenen Stadt Prag - TUI.com Reiseblog \u2600","robots":{"index":"index","follow":"follow","max-snippet":"max-snippet:-1","max-image-preview":"max-image-preview:large","max-video-preview":"max-video-preview:-1"},"canonical":"https:\/\/www.tui.com\/blog\/maerchen-und-sagenhaft-ein-goldener-herbst-in-der-goldenen-stadt-prag\/","og_locale":"de_DE","og_type":"article","og_title":"M\u00e4rchen- und sagenhaft: Ein goldener Herbst in der goldenen Stadt Prag - TUI.com Reiseblog \u2600","og_description":"Prag ist immer eine gute Idee. Das gute, deftige Essen, die verwinkelten Gassen, die vielen, geschichtstr\u00e4chtigen Bauten und Br\u00fccken und seine Sagen und Geschichten. Die goldene Stadt MUSS man einfach gesehen haben! Das findet auch TUI Bloggerin Meli, die sich mit ihrer Reisebegleitung f\u00fcr ein verl\u00e4ngertes Wochenende in die tschechische Hauptstadt aufgemacht hat.","og_url":"https:\/\/www.tui.com\/blog\/maerchen-und-sagenhaft-ein-goldener-herbst-in-der-goldenen-stadt-prag\/","og_site_name":"TUI.com Reiseblog \u2600","article_published_time":"2016-10-11T08:00:03+00:00","article_modified_time":"2025-04-04T08:44:37+00:00","og_image":[{"width":930,"height":390,"url":"https:\/\/www.tui.com\/blog\/wp-content\/uploads\/2023\/04\/prag-feature.jpg","type":"image\/jpeg"}],"author":"TUI Bloggerin Meli","twitter_card":"summary_large_image","twitter_misc":{"Verfasst von":"TUI Bloggerin Meli","Gesch\u00e4tzte Lesezeit":"6\u00a0Minuten"},"schema":{"@context":"https:\/\/schema.org","@graph":[{"@type":"BlogPosting","@id":"https:\/\/www.tui.com\/blog\/maerchen-und-sagenhaft-ein-goldener-herbst-in-der-goldenen-stadt-prag\/#article","isPartOf":{"@id":"https:\/\/www.tui.com\/blog\/maerchen-und-sagenhaft-ein-goldener-herbst-in-der-goldenen-stadt-prag\/"},"author":{"name":"TUI Bloggerin Meli","@id":"https:\/\/www.tui.com\/blog\/#\/schema\/person\/e768163c611ae12cb0db1085a2607695"},"headline":"M\u00e4rchen- und sagenhaft: Ein goldener Herbst in der goldenen Stadt Prag","datePublished":"2016-10-11T08:00:03+00:00","dateModified":"2025-04-04T08:44:37+00:00","mainEntityOfPage":{"@id":"https:\/\/www.tui.com\/blog\/maerchen-und-sagenhaft-ein-goldener-herbst-in-der-goldenen-stadt-prag\/"},"wordCount":1222,"commentCount":1,"publisher":{"@id":"https:\/\/www.tui.com\/blog\/#organization"},"image":{"@id":"https:\/\/www.tui.com\/blog\/maerchen-und-sagenhaft-ein-goldener-herbst-in-der-goldenen-stadt-prag\/#primaryimage"},"thumbnailUrl":"https:\/\/www.tui.com\/blog\/wp-content\/uploads\/2023\/04\/prag-feature.jpg","keywords":["Herbst","Herbsturlaub","St&#228;dtereise"],"articleSection":["Beste Reisezeit","Reisearten","Reiseziele","St\u00e4dtetrip","weitere beliebte Reiseziele"],"inLanguage":"de","potentialAction":[{"@type":"CommentAction","name":"Comment","target":["https:\/\/www.tui.com\/blog\/maerchen-und-sagenhaft-ein-goldener-herbst-in-der-goldenen-stadt-prag\/#respond"]}]},{"@type":"WebPage","@id":"https:\/\/www.tui.com\/blog\/maerchen-und-sagenhaft-ein-goldener-herbst-in-der-goldenen-stadt-prag\/","url":"https:\/\/www.tui.com\/blog\/maerchen-und-sagenhaft-ein-goldener-herbst-in-der-goldenen-stadt-prag\/","name":"M\u00e4rchen- und sagenhaft: Ein goldener Herbst in der goldenen Stadt Prag - TUI.com Reiseblog \u2600","isPartOf":{"@id":"https:\/\/www.tui.com\/blog\/#website"},"primaryImageOfPage":{"@id":"https:\/\/www.tui.com\/blog\/maerchen-und-sagenhaft-ein-goldener-herbst-in-der-goldenen-stadt-prag\/#primaryimage"},"image":{"@id":"https:\/\/www.tui.com\/blog\/maerchen-und-sagenhaft-ein-goldener-herbst-in-der-goldenen-stadt-prag\/#primaryimage"},"thumbnailUrl":"https:\/\/www.tui.com\/blog\/wp-content\/uploads\/2023\/04\/prag-feature.jpg","datePublished":"2016-10-11T08:00:03+00:00","dateModified":"2025-04-04T08:44:37+00:00","breadcrumb":{"@id":"https:\/\/www.tui.com\/blog\/maerchen-und-sagenhaft-ein-goldener-herbst-in-der-goldenen-stadt-prag\/#breadcrumb"},"inLanguage":"de","potentialAction":[{"@type":"ReadAction","target":["https:\/\/www.tui.com\/blog\/maerchen-und-sagenhaft-ein-goldener-herbst-in-der-goldenen-stadt-prag\/"]}]},{"@type":"ImageObject","inLanguage":"de","@id":"https:\/\/www.tui.com\/blog\/maerchen-und-sagenhaft-ein-goldener-herbst-in-der-goldenen-stadt-prag\/#primaryimage","url":"https:\/\/www.tui.com\/blog\/wp-content\/uploads\/2023\/04\/prag-feature.jpg","contentUrl":"https:\/\/www.tui.com\/blog\/wp-content\/uploads\/2023\/04\/prag-feature.jpg","width":930,"height":390},{"@type":"BreadcrumbList","@id":"https:\/\/www.tui.com\/blog\/maerchen-und-sagenhaft-ein-goldener-herbst-in-der-goldenen-stadt-prag\/#breadcrumb","itemListElement":[{"@type":"ListItem","position":1,"name":"Startseite","item":"https:\/\/www.tui.com\/blog\/"},{"@type":"ListItem","position":2,"name":"M\u00e4rchen- und sagenhaft: Ein goldener Herbst in der goldenen Stadt Prag"}]},{"@type":"WebSite","@id":"https:\/\/www.tui.com\/blog\/#website","url":"https:\/\/www.tui.com\/blog\/","name":"TUI.com Reiseblog \u2600","description":"Abenteuer oder lieber an den Strand? \u2600 Der TUI Reiseblog bietet tolle Infos rund um deine n\u00e4chste Reise \u2708 Komm vorbei und lass dich inspirieren \u221a","publisher":{"@id":"https:\/\/www.tui.com\/blog\/#organization"},"potentialAction":[{"@type":"SearchAction","target":{"@type":"EntryPoint","urlTemplate":"https:\/\/www.tui.com\/blog\/?s={search_term_string}"},"query-input":{"@type":"PropertyValueSpecification","valueRequired":true,"valueName":"search_term_string"}}],"inLanguage":"de"},{"@type":"Organization","@id":"https:\/\/www.tui.com\/blog\/#organization","name":"TUI.com Reiseblog \u2600","url":"https:\/\/www.tui.com\/blog\/","logo":{"@type":"ImageObject","inLanguage":"de","@id":"https:\/\/www.tui.com\/blog\/#\/schema\/logo\/image\/","url":"https:\/\/www.tui.com\/blog\/wp-content\/uploads\/2023\/04\/cropped-tui-logo-3.png","contentUrl":"https:\/\/www.tui.com\/blog\/wp-content\/uploads\/2023\/04\/cropped-tui-logo-3.png","width":164,"height":72,"caption":"TUI.com Reiseblog \u2600"},"image":{"@id":"https:\/\/www.tui.com\/blog\/#\/schema\/logo\/image\/"}},{"@type":"Person","@id":"https:\/\/www.tui.com\/blog\/#\/schema\/person\/e768163c611ae12cb0db1085a2607695","name":"TUI Bloggerin Meli","image":{"@type":"ImageObject","inLanguage":"de","@id":"https:\/\/www.tui.com\/blog\/wp-content\/uploads\/2016\/11\/profil-meli-klein-200x180.jpg","url":"https:\/\/www.tui.com\/blog\/wp-content\/uploads\/2016\/11\/profil-meli-klein-200x180.jpg","contentUrl":"https:\/\/www.tui.com\/blog\/wp-content\/uploads\/2016\/11\/profil-meli-klein-200x180.jpg","caption":"TUI Bloggerin Meli"},"url":"https:\/\/www.tui.com\/blog\/author\/tui-bloggerin-meli\/"}]}},"_links":{"self":[{"href":"https:\/\/www.tui.com\/blog\/wp-json\/wp\/v2\/posts\/149172","targetHints":{"allow":["GET"]}}],"collection":[{"href":"https:\/\/www.tui.com\/blog\/wp-json\/wp\/v2\/posts"}],"about":[{"href":"https:\/\/www.tui.com\/blog\/wp-json\/wp\/v2\/types\/post"}],"author":[{"embeddable":true,"href":"https:\/\/www.tui.com\/blog\/wp-json\/wp\/v2\/users\/100"}],"replies":[{"embeddable":true,"href":"https:\/\/www.tui.com\/blog\/wp-json\/wp\/v2\/comments?post=149172"}],"version-history":[{"count":3,"href":"https:\/\/www.tui.com\/blog\/wp-json\/wp\/v2\/posts\/149172\/revisions"}],"predecessor-version":[{"id":464622,"href":"https:\/\/www.tui.com\/blog\/wp-json\/wp\/v2\/posts\/149172\/revisions\/464622"}],"wp:featuredmedia":[{"embeddable":true,"href":"https:\/\/www.tui.com\/blog\/wp-json\/wp\/v2\/media\/149220"}],"wp:attachment":[{"href":"https:\/\/www.tui.com\/blog\/wp-json\/wp\/v2\/media?parent=149172"}],"wp:term":[{"taxonomy":"category","embeddable":true,"href":"https:\/\/www.tui.com\/blog\/wp-json\/wp\/v2\/categories?post=149172"},{"taxonomy":"post_tag","embeddable":true,"href":"https:\/\/www.tui.com\/blog\/wp-json\/wp\/v2\/tags?post=149172"}],"curies":[{"name":"wp","href":"https:\/\/api.w.org\/{rel}","templated":true}]}}