{"id":152904,"date":"2017-01-31T11:00:58","date_gmt":"2017-01-31T10:00:58","guid":{"rendered":"https:\/\/blog.tui.info\/ein-sommer-in-den-bergen-das-allgaeu-von-seiner-schoensten-seite\/"},"modified":"2025-06-20T08:55:10","modified_gmt":"2025-06-20T06:55:10","slug":"ein-sommer-in-den-bergen-das-allgaeu-von-seiner-schoensten-seite","status":"publish","type":"post","link":"https:\/\/www.tui.com\/blog\/ein-sommer-in-den-bergen-das-allgaeu-von-seiner-schoensten-seite\/","title":{"rendered":"Ein Sommer in den Bergen \u2013 das Allg\u00e4u von seiner sch\u00f6nsten Seite"},"content":{"rendered":"\n<p class=\"firstTextGrey\">Berge, Wandern und am Abend ein typisch bayerisches Bier. So stellen sich die meisten von euch wohl das Allg\u00e4u vor. Dieses St\u00fcck Deutschland, irgendwo am \u00e4u\u00dfersten Rand der Republik, welches eigentlich schon fast in \u00d6sterreich liegt, hat TUI Mitarbeiterin Helke letzten&nbsp;Sommer kennen und vor allem lieben gelernt.<\/p>\n\n\n\n<h3 class=\"wp-block-heading\">Ein Naturparadies direkt vor der T\u00fcr<\/h3>\n\n\n\n<p>Nach der Anreise \u00fcber die \u201eDeutsche Alpenstra\u00dfe\u201c taucht ein kleiner, aber sympathischer Ort mitten in den Bergen vor unseren Augen auf: Oberjoch, in der N\u00e4he von Bad Hindelang im sch\u00f6nen <a href=\"https:\/\/www.tui.com\/pauschalreisen\/deutschland\/allgaeu\/\" target=\"_blank\" rel=\"noopener\">Allg\u00e4u<\/a>. Unser Hotel, das <a href=\"https:\/\/www.tui.com\/hotels\/hotel-lanig-15925\/hotelinformation\/\" target=\"_blank\" rel=\"noopener\">Lanig Resort &amp; Spa<\/a>, ist schnell gefunden und wir werden herzlich aufgenommen. Beim Betreten des Zimmers stellt sich bei mir sofort ein Urlaubsgef\u00fchl ein. Hier werde ich mich wohlf\u00fchlen und entspannen. Bei einem Blick aus der gro\u00dfen Fensterfront wird dieses Gef\u00fchl noch einmal verst\u00e4rkt, denn wir haben ein Zimmer mit direktem Blick auf den Iseler Berg. Einfach traumhaft!<\/p>\n\n\n\n<p>\u25ba <a href=\"https:\/\/www.tui.com\/hotels\/hotel-lanig-15925\/hotelinformation\/\" target=\"_blank\" rel=\"noopener\">Mehr Infos zum Hotel Lanig gibt es hier<\/a><\/p>\n\n\n\n<figure class=\"wp-block-image alignnone size-medium wp-image-29626\"><img decoding=\"async\" width=\"790\" height=\"444\" src=\"https:\/\/www.tui.com\/blog\/wp-content\/uploads\/2023\/04\/blick-auf-die-berge-am-morgen-hotel-lanig-790x444.jpg\" alt=\"Ausblick auf die Berge vom Hotel Lanig aus\" class=\"wp-image-29626\"\/><figcaption class=\"wp-element-caption\">Ausblick auf die Berge vom Hotel Lanig aus<\/figcaption><\/figure>\n\n\n\n<figure class=\"wp-block-gallery has-nested-images columns-3 is-cropped wp-block-gallery-1 is-layout-flex wp-block-gallery-is-layout-flex\">\n<figure class=\"wp-block-image size-large\"><img decoding=\"async\" width=\"1000\" height=\"563\" data-id=\"152906\" src=\"https:\/\/www.tui.com\/blog\/wp-content\/uploads\/2023\/04\/hotel-lanig-resort-und-spa-1000x563.jpg\" alt=\"Hotel Lanig Resort und Spa\" class=\"wp-image-152906\" srcset=\"https:\/\/www.tui.com\/blog\/wp-content\/uploads\/2023\/04\/hotel-lanig-resort-und-spa-1000x563.jpg 1000w, https:\/\/www.tui.com\/blog\/wp-content\/uploads\/2023\/04\/hotel-lanig-resort-und-spa-790x444.jpg 790w, https:\/\/www.tui.com\/blog\/wp-content\/uploads\/2023\/04\/hotel-lanig-resort-und-spa-320x180.jpg 320w, https:\/\/www.tui.com\/blog\/wp-content\/uploads\/2023\/04\/hotel-lanig-resort-und-spa-768x432.jpg 768w, https:\/\/www.tui.com\/blog\/wp-content\/uploads\/2023\/04\/hotel-lanig-resort-und-spa.jpg 1400w\" sizes=\"(max-width: 1000px) 100vw, 1000px\" \/><\/figure>\n\n\n\n<figure class=\"wp-block-image size-large\"><img decoding=\"async\" width=\"422\" height=\"563\" data-id=\"152908\" src=\"https:\/\/www.tui.com\/blog\/wp-content\/uploads\/2023\/04\/hotel-lanig-2-422x563.jpg\" alt=\"Hotel Lanig Resort und Spa\" class=\"wp-image-152908\" srcset=\"https:\/\/www.tui.com\/blog\/wp-content\/uploads\/2023\/04\/hotel-lanig-2-422x563.jpg 422w, https:\/\/www.tui.com\/blog\/wp-content\/uploads\/2023\/04\/hotel-lanig-2-333x444.jpg 333w, https:\/\/www.tui.com\/blog\/wp-content\/uploads\/2023\/04\/hotel-lanig-2.jpg 591w\" sizes=\"(max-width: 422px) 100vw, 422px\" \/><\/figure>\n\n\n\n<figure class=\"wp-block-image size-large\"><img decoding=\"async\" width=\"1000\" height=\"563\" data-id=\"152910\" src=\"https:\/\/www.tui.com\/blog\/wp-content\/uploads\/2023\/04\/hotel-lanig-doppelzimmer-1000x563.jpg\" alt=\"Unser Doppelzimmer im Hotel Lanig Resort und Spa\" class=\"wp-image-152910\" srcset=\"https:\/\/www.tui.com\/blog\/wp-content\/uploads\/2023\/04\/hotel-lanig-doppelzimmer-1000x563.jpg 1000w, https:\/\/www.tui.com\/blog\/wp-content\/uploads\/2023\/04\/hotel-lanig-doppelzimmer-790x444.jpg 790w, https:\/\/www.tui.com\/blog\/wp-content\/uploads\/2023\/04\/hotel-lanig-doppelzimmer-320x180.jpg 320w, https:\/\/www.tui.com\/blog\/wp-content\/uploads\/2023\/04\/hotel-lanig-doppelzimmer-768x432.jpg 768w, https:\/\/www.tui.com\/blog\/wp-content\/uploads\/2023\/04\/hotel-lanig-doppelzimmer.jpg 1400w\" sizes=\"(max-width: 1000px) 100vw, 1000px\" \/><\/figure>\n<\/figure>\n\n\n\n<p>Der Morgen beginnt mit einem reichhaltigen Fr\u00fchst\u00fcck, das wir meistens in der Sonne auf der Terrasse einnehmen. Dabei kommt jeden morgen die gleiche Frage auf: Was steht heute auf dem Tagesplan? Wandern? Sightseeing? Oder ein entspannter Tag am Au\u00dfenpool des Hotels? Da wir ja schon einmal in der N\u00e4he sind, f\u00fchrt uns der Weg nach F\u00fcssen. Die Stadt hat mich sofort in ihren Bann gezogen mit ihrer wundersch\u00f6nen Altstadt. &nbsp;Weiter geht es f\u00fcr uns in Richtung Garmisch \u2013 Patenkirchen. Auf dem Weg dorthin gibt es nat\u00fcrlich noch einen Fotostopp bei dem weltbekannten \u201eSchloss Neuschwanstein\u201c.<\/p>\n\n\n\n<figure class=\"wp-block-image alignnone size-medium wp-image-29624\"><img decoding=\"async\" width=\"790\" height=\"444\" src=\"https:\/\/www.tui.com\/blog\/wp-content\/uploads\/2023\/04\/schloss-neuschwanstein-790x444.jpg\" alt=\"Ein beliebtes Fotomotiv: Das Schloss Neuschwanstein\" class=\"wp-image-29624\"\/><figcaption class=\"wp-element-caption\">Ein beliebtes Fotomotiv: Das Schloss Neuschwanstein<\/figcaption><\/figure>\n\n\n\n<p>Das Schloss thront majest\u00e4tisch in den Bergen. Kein Wunder, dass sich t\u00e4glich dort sehr viele Besucher tummeln. Weiter geht es in Richtung Partnachklamm in der N\u00e4he von Garmisch \u2013 Partenkirchen. Freunde haben uns dieses Naturwunder empfohlen. Vor Ort hei\u00dft es dann erst einmal: laufen! Bis zum endg\u00fcltigen Eingang der Klamm spazieren wir ungef\u00e4hr eine halbe Stunde durch Wald, \u00fcber Wiesen und entlang an einem gro\u00dfen Fluss. So richtig wei\u00df ich noch nicht was mich erwartet, aber das viele Wasser und die sch\u00f6ne Natur machen Lust auf mehr.<\/p>\n\n\n\n<h3 class=\"wp-block-heading\">Viel Wasser und hohe Felsw\u00e4nde \u2013 Willkommen in der Klamm<\/h3>\n\n\n\n<p>Hinter dem Eingang f\u00fchrt ein einfacher Weg die ungef\u00e4hr 700 Meter&nbsp;lange Klamm entlang. Die Wassermassen, die dort flie\u00dfen und zum Teil auch von oben hinabst\u00fcrzen, sind ein beeindruckendes Naturschauspiel. Meine Empfehlung: Nehmt unbedingt eine Regenjacke und festes Schuhwerk mit. Es geht \u00fcber matschige Wege, zum Teil durch dunkle Felsformationen und am Ende kommen wir an einem breiten Flussbett (mit Gl\u00fcck bei Sonnenschein) heraus. So etwas habe ich bis dato noch nicht gesehen! Das viele Wasser und vor allem die verschiedenen Farben und Formationen der Felsen faszinieren mich. Hier komme ich definitiv noch einmal her.<\/p>\n\n\n\n<figure class=\"wp-block-gallery has-nested-images columns-3 is-cropped wp-block-gallery-2 is-layout-flex wp-block-gallery-is-layout-flex\">\n<figure class=\"wp-block-image size-large\"><img decoding=\"async\" width=\"422\" height=\"563\" data-id=\"152912\" src=\"https:\/\/www.tui.com\/blog\/wp-content\/uploads\/2023\/04\/helke-klamm-422x563.jpg\" alt=\"Ich in der Klamm\" class=\"wp-image-152912\" srcset=\"https:\/\/www.tui.com\/blog\/wp-content\/uploads\/2023\/04\/helke-klamm-422x563.jpg 422w, https:\/\/www.tui.com\/blog\/wp-content\/uploads\/2023\/04\/helke-klamm-333x444.jpg 333w, https:\/\/www.tui.com\/blog\/wp-content\/uploads\/2023\/04\/helke-klamm.jpg 591w\" sizes=\"(max-width: 422px) 100vw, 422px\" \/><\/figure>\n\n\n\n<figure class=\"wp-block-image size-large\"><img decoding=\"async\" width=\"422\" height=\"563\" data-id=\"152914\" src=\"https:\/\/www.tui.com\/blog\/wp-content\/uploads\/2023\/04\/partnachklamm-422x563.jpg\" alt=\"Wundersch\u00f6n! Die Partnachklamm\" class=\"wp-image-152914\" srcset=\"https:\/\/www.tui.com\/blog\/wp-content\/uploads\/2023\/04\/partnachklamm-422x563.jpg 422w, https:\/\/www.tui.com\/blog\/wp-content\/uploads\/2023\/04\/partnachklamm-333x444.jpg 333w, https:\/\/www.tui.com\/blog\/wp-content\/uploads\/2023\/04\/partnachklamm.jpg 591w\" sizes=\"(max-width: 422px) 100vw, 422px\" \/><\/figure>\n\n\n\n<figure class=\"wp-block-image size-large\"><img decoding=\"async\" width=\"422\" height=\"563\" data-id=\"152916\" src=\"https:\/\/www.tui.com\/blog\/wp-content\/uploads\/2023\/04\/partnachklamm-allgaeu-422x563.jpg\" alt=\"\" class=\"wp-image-152916\" srcset=\"https:\/\/www.tui.com\/blog\/wp-content\/uploads\/2023\/04\/partnachklamm-allgaeu-422x563.jpg 422w, https:\/\/www.tui.com\/blog\/wp-content\/uploads\/2023\/04\/partnachklamm-allgaeu-333x444.jpg 333w, https:\/\/www.tui.com\/blog\/wp-content\/uploads\/2023\/04\/partnachklamm-allgaeu.jpg 591w\" sizes=\"(max-width: 422px) 100vw, 422px\" \/><\/figure>\n<\/figure>\n\n\n\n<h3 class=\"wp-block-heading\"><strong>Palmen wie am Mittelmeer auf der Insel Lindau<\/strong><\/h3>\n\n\n\n<p>An einem anderen Tag f\u00fchrt uns der Weg in Richtung <a href=\"https:\/\/www.tui.com\/pauschalreisen\/deutschland\/bodensee\/\" target=\"_blank\" rel=\"noopener\">Bodensee<\/a>, genauer gesagt auf die wundersch\u00f6ne Insel Lindau. Bereits auf der Br\u00fccke, die vom Festland auf die Insel f\u00fchrt, werden wir von Palmen und vielen bunten Blumen herzlich empfangen. Wer von euch schon einmal an der C\u00f4te d\u2019Azur war, wird sich ein bisschen hierhin versetzt f\u00fchlen&nbsp;&#8211; und das in Deutschland. Das Auto abgestellt, geht es direkt an den <a href=\"https:\/\/www.tui.com\/pauschalreisen\/deutschland\/bodensee\/\" target=\"_blank\" rel=\"noopener\">Bodensee<\/a>. Der Weg f\u00fchrt vorbei an einer tollen T\u00f6pferwerkstatt und an der reichlich begr\u00fcnten Promenade findet sich auch bei 30 Grad&nbsp;Celsius beim Spazieren ein schattiges Pl\u00e4tzchen. Mein Highlight der Insel ist die Hauptpromenade mit dem Yachthafen. Hier finden sich auch tolle Hotels direkt am Wasser.<\/p>\n\n\n\n<p><strong>TUI Hoteltipp:<\/strong> Das 5-Sterne Hotel <a href=\"https:\/\/www.tui.com\/hotels\/hotel-bayerischer-hof-32493\/hotelinformation\/\" target=\"_blank\" rel=\"noopener\">Bayrischer Hof<\/a> befindet sich ebenfalls direkt am Lindauer Hafen und \u00fcberzeugt nicht nur durch seine traumhafte Lage. Mit dem ausgesprochen freundlichen Service verdient sich das Hotel eine 91%-ige Weiterempfehlung der Kunden. Besonders Kurzurlauber und Ruhesuchende werden hier gl\u00fccklich.&nbsp;\u25ba <a href=\"https:\/\/www.tui.com\/hotels\/hotel-bayerischer-hof-32493\/hotelinformation\/\" target=\"_blank\" rel=\"noopener\">Mehr Infos zum Hotel<\/a><\/p>\n\n\n\n<p>Ein Eisbecher mit frischen Erdbeeren in einem der vielen, s\u00fc\u00dfen Caf\u00e9s mit Blick auf den Hafen ist pure Entspannung. Von hier aus starten auch viele Ausflugsschiffe quer \u00fcber den <a href=\"https:\/\/www.tui.com\/pauschalreisen\/deutschland\/bodensee\/\" target=\"_blank\" rel=\"noopener\">Bodensee<\/a>. Nach einem Bummel durch die kleine, aber feine Innenstadt geht es wieder aufs Festland zur\u00fcck.<\/p>\n\n\n\n<figure class=\"wp-block-image alignnone size-medium wp-image-29622\"><img decoding=\"async\" width=\"790\" height=\"444\" src=\"https:\/\/www.tui.com\/blog\/wp-content\/uploads\/2023\/04\/lindau-promenade-790x444.jpg\" alt=\"Die Promenade in Lindau\" class=\"wp-image-29622\"\/><figcaption class=\"wp-element-caption\">Die Promenade in Lindau<\/figcaption><\/figure>\n\n\n\n<h3 class=\"wp-block-heading\">Ich und wandern?<\/h3>\n\n\n\n<p>So habe ich auch reagiert als mein Freund direkt am ersten Tag beschlossen hat, dass wir den Iseler Berg gegen\u00fcber vom Hotel erklimmen wollen. Von unserem Zimmer aus haben wir das Gipfelkreuz gesehen und das soll nun das Ziel sein. Nach einem reichhaltigen Fr\u00fchst\u00fcck geht es also los. Gute Sportschuhe und Sonnencreme sind nat\u00fcrlich auch dabei. Die Bergbahn f\u00e4hrt uns das erste St\u00fcck auf den Berg hinauf und bereits von hier aus genie\u00dfen wir eine herrliche Aussicht. Die klare Luft hier oben ist fast wie an der Nordsee. Nun geht es also richtig los und wir bewegen uns langsam auf dem Wanderweg voran. Nach und nach \u00fcberholen uns erfahrene Wanderer, aber bei der einzigartigen Aussicht st\u00f6rt das weniger. Nach mehreren (Foto-)Pausen kommt das Gipfelkreuz (1.876 Meter) immer n\u00e4her. Bald haben wir es geschafft. Der Ausblick von hier oben \u00fcber Bad Hindelang und dar\u00fcber hinaus ist einfach unbeschreiblich sch\u00f6n. Die vielen Berge und T\u00e4ler sind beeindruckend!<\/p>\n\n\n\n<figure class=\"wp-block-image alignnone size-medium wp-image-29625\"><img decoding=\"async\" width=\"790\" height=\"444\" src=\"https:\/\/www.tui.com\/blog\/wp-content\/uploads\/2023\/04\/gipfelkreuz-allgaeu-790x444.jpg\" alt=\"Fast geschafft!\" class=\"wp-image-29625\"\/><figcaption class=\"wp-element-caption\">Fast geschafft!<\/figcaption><\/figure>\n\n\n\n<figure class=\"wp-block-image alignnone size-medium wp-image-29621\"><img decoding=\"async\" width=\"790\" height=\"444\" src=\"https:\/\/www.tui.com\/blog\/wp-content\/uploads\/2023\/04\/wandern-iseler-berg-aussicht-790x444.jpg\" alt=\"Und jetzt die traumhafte Aussicht genie\u00dfen\" class=\"wp-image-29621\"\/><figcaption class=\"wp-element-caption\">Und jetzt die traumhafte Aussicht genie\u00dfen<\/figcaption><\/figure>\n\n\n\n<figure class=\"wp-block-image\"><img decoding=\"async\" width=\"790\" height=\"444\" src=\"https:\/\/www.tui.com\/blog\/wp-content\/uploads\/2023\/04\/ausblick-allgaeu-oesterreich-790x444.jpg\" alt=\"\" class=\"wp-image-29623\"\/><\/figure>\n\n\n\n<p><\/p>\n\n\n\n<p>Und wer h\u00e4tte das gedacht? Wandern bei diesen Panoramablicken macht wirklich Spa\u00df. Wunderbare Natur, gastfreundliche Menschen und pure Entspannung &#8211; Das <a href=\"https:\/\/www.tui.com\/pauschalreisen\/deutschland\/allgaeu\/\" target=\"_blank\" rel=\"noopener\">Allg\u00e4u<\/a> ist fast, wie ich es mir vorgestellt habe, nur noch sch\u00f6ner! Im <a href=\"https:\/\/www.tui.com\/hotels\/hotel-lanig-15925\/hotelinformation\/\" target=\"_blank\" rel=\"noopener\">Hotel Lanig<\/a> seid ihr besonders gut aufgehoben. Aber bucht definitiv ein Zimmer mit Blick auf den Iseler Berg. Es lohnt sich!<\/p>\n","protected":false},"excerpt":{"rendered":"<p>Berge, Wandern und am Abend ein typisch bayerisches Bier. So stellen sich die meisten von euch wohl das Allg\u00e4u vor. Dieses St\u00fcck Deutschland, irgendwo am \u00e4u\u00dfersten Rand der Republik, welches eigentlich schon fast in \u00d6sterreich liegt, hat TUI Mitarbeiterin Helke letzten Sommer kennen und vor allem lieben gelernt.<\/p>\n","protected":false},"author":107,"featured_media":152920,"comment_status":"open","ping_status":"open","sticky":false,"template":"","format":"standard","meta":{"_acf_changed":false,"footnotes":""},"categories":[4054,4068,4040,4052,4030],"tags":[133,1778,132,4086,227],"class_list":["post-152904","post","type-post","status-publish","format-standard","has-post-thumbnail","hentry","category-archiv-aktivurlaub","category-archiv-beste-reisezeit","category-archiv-deutschland","category-archiv-reisearten","category-archiv-reiseziele","tag-aktivurlaub","tag-allgaeu","tag-osterreich","tag-sommer","tag-wandern"],"acf":[],"yoast_head":"<!-- This site is optimized with the Yoast SEO plugin v27.4 - https:\/\/yoast.com\/product\/yoast-seo-wordpress\/ -->\n<title>Ein Sommer in den Bergen \u2013 das Allg\u00e4u von seiner sch\u00f6nsten Seite - TUI.com Reiseblog \u2600<\/title>\n<meta name=\"robots\" content=\"index, follow, max-snippet:-1, max-image-preview:large, max-video-preview:-1\" \/>\n<link rel=\"canonical\" href=\"https:\/\/www.tui.com\/blog\/ein-sommer-in-den-bergen-das-allgaeu-von-seiner-schoensten-seite\/\" \/>\n<meta property=\"og:locale\" content=\"de_DE\" \/>\n<meta property=\"og:type\" content=\"article\" \/>\n<meta property=\"og:title\" content=\"Ein Sommer in den Bergen \u2013 das Allg\u00e4u von seiner sch\u00f6nsten Seite - TUI.com Reiseblog \u2600\" \/>\n<meta property=\"og:description\" content=\"Berge, Wandern und am Abend ein typisch bayerisches Bier. So stellen sich die meisten von euch wohl das Allg\u00e4u vor. Dieses St\u00fcck Deutschland, irgendwo am \u00e4u\u00dfersten Rand der Republik, welches eigentlich schon fast in \u00d6sterreich liegt, hat TUI Mitarbeiterin Helke letzten Sommer kennen und vor allem lieben gelernt.\" \/>\n<meta property=\"og:url\" content=\"https:\/\/www.tui.com\/blog\/ein-sommer-in-den-bergen-das-allgaeu-von-seiner-schoensten-seite\/\" \/>\n<meta property=\"og:site_name\" content=\"TUI.com Reiseblog \u2600\" \/>\n<meta property=\"article:published_time\" content=\"2017-01-31T10:00:58+00:00\" \/>\n<meta property=\"article:modified_time\" content=\"2025-06-20T06:55:10+00:00\" \/>\n<meta property=\"og:image\" content=\"https:\/\/www.tui.com\/blog\/wp-content\/uploads\/2023\/04\/blick-auf-die-berge-am-morgen-hotel-lanig.jpg\" \/>\n\t<meta property=\"og:image:width\" content=\"1400\" \/>\n\t<meta property=\"og:image:height\" content=\"788\" \/>\n\t<meta property=\"og:image:type\" content=\"image\/jpeg\" \/>\n<meta name=\"author\" content=\"TUI Bloggerin Helke\" \/>\n<meta name=\"twitter:card\" content=\"summary_large_image\" \/>\n<meta name=\"twitter:label1\" content=\"Verfasst von\" \/>\n\t<meta name=\"twitter:data1\" content=\"TUI Bloggerin Helke\" \/>\n\t<meta name=\"twitter:label2\" content=\"Gesch\u00e4tzte Lesezeit\" \/>\n\t<meta name=\"twitter:data2\" content=\"5\u00a0Minuten\" \/>\n<script type=\"application\/ld+json\" class=\"yoast-schema-graph\">{\"@context\":\"https:\\\/\\\/schema.org\",\"@graph\":[{\"@type\":\"BlogPosting\",\"@id\":\"https:\\\/\\\/www.tui.com\\\/blog\\\/ein-sommer-in-den-bergen-das-allgaeu-von-seiner-schoensten-seite\\\/#article\",\"isPartOf\":{\"@id\":\"https:\\\/\\\/www.tui.com\\\/blog\\\/ein-sommer-in-den-bergen-das-allgaeu-von-seiner-schoensten-seite\\\/\"},\"author\":{\"name\":\"TUI Bloggerin Helke\",\"@id\":\"https:\\\/\\\/www.tui.com\\\/blog\\\/#\\\/schema\\\/person\\\/65b082e0dbe60e2c5d8a10129e8731ad\"},\"headline\":\"Ein Sommer in den Bergen \u2013 das Allg\u00e4u von seiner sch\u00f6nsten Seite\",\"datePublished\":\"2017-01-31T10:00:58+00:00\",\"dateModified\":\"2025-06-20T06:55:10+00:00\",\"mainEntityOfPage\":{\"@id\":\"https:\\\/\\\/www.tui.com\\\/blog\\\/ein-sommer-in-den-bergen-das-allgaeu-von-seiner-schoensten-seite\\\/\"},\"wordCount\":975,\"commentCount\":1,\"publisher\":{\"@id\":\"https:\\\/\\\/www.tui.com\\\/blog\\\/#organization\"},\"image\":{\"@id\":\"https:\\\/\\\/www.tui.com\\\/blog\\\/ein-sommer-in-den-bergen-das-allgaeu-von-seiner-schoensten-seite\\\/#primaryimage\"},\"thumbnailUrl\":\"https:\\\/\\\/www.tui.com\\\/blog\\\/wp-content\\\/uploads\\\/2023\\\/04\\\/blick-auf-die-berge-am-morgen-hotel-lanig.jpg\",\"keywords\":[\"Aktivurlaub\",\"Allg\u00e4u\",\"\u00d6sterreich\",\"Sommer\",\"Wandern\"],\"articleSection\":[\"Aktivurlaub\",\"Beste Reisezeit\",\"Deutschland\",\"Reisearten\",\"Reiseziele\"],\"inLanguage\":\"de\",\"potentialAction\":[{\"@type\":\"CommentAction\",\"name\":\"Comment\",\"target\":[\"https:\\\/\\\/www.tui.com\\\/blog\\\/ein-sommer-in-den-bergen-das-allgaeu-von-seiner-schoensten-seite\\\/#respond\"]}]},{\"@type\":\"WebPage\",\"@id\":\"https:\\\/\\\/www.tui.com\\\/blog\\\/ein-sommer-in-den-bergen-das-allgaeu-von-seiner-schoensten-seite\\\/\",\"url\":\"https:\\\/\\\/www.tui.com\\\/blog\\\/ein-sommer-in-den-bergen-das-allgaeu-von-seiner-schoensten-seite\\\/\",\"name\":\"Ein Sommer in den Bergen \u2013 das Allg\u00e4u von seiner sch\u00f6nsten Seite - TUI.com Reiseblog \u2600\",\"isPartOf\":{\"@id\":\"https:\\\/\\\/www.tui.com\\\/blog\\\/#website\"},\"primaryImageOfPage\":{\"@id\":\"https:\\\/\\\/www.tui.com\\\/blog\\\/ein-sommer-in-den-bergen-das-allgaeu-von-seiner-schoensten-seite\\\/#primaryimage\"},\"image\":{\"@id\":\"https:\\\/\\\/www.tui.com\\\/blog\\\/ein-sommer-in-den-bergen-das-allgaeu-von-seiner-schoensten-seite\\\/#primaryimage\"},\"thumbnailUrl\":\"https:\\\/\\\/www.tui.com\\\/blog\\\/wp-content\\\/uploads\\\/2023\\\/04\\\/blick-auf-die-berge-am-morgen-hotel-lanig.jpg\",\"datePublished\":\"2017-01-31T10:00:58+00:00\",\"dateModified\":\"2025-06-20T06:55:10+00:00\",\"breadcrumb\":{\"@id\":\"https:\\\/\\\/www.tui.com\\\/blog\\\/ein-sommer-in-den-bergen-das-allgaeu-von-seiner-schoensten-seite\\\/#breadcrumb\"},\"inLanguage\":\"de\",\"potentialAction\":[{\"@type\":\"ReadAction\",\"target\":[\"https:\\\/\\\/www.tui.com\\\/blog\\\/ein-sommer-in-den-bergen-das-allgaeu-von-seiner-schoensten-seite\\\/\"]}]},{\"@type\":\"ImageObject\",\"inLanguage\":\"de\",\"@id\":\"https:\\\/\\\/www.tui.com\\\/blog\\\/ein-sommer-in-den-bergen-das-allgaeu-von-seiner-schoensten-seite\\\/#primaryimage\",\"url\":\"https:\\\/\\\/www.tui.com\\\/blog\\\/wp-content\\\/uploads\\\/2023\\\/04\\\/blick-auf-die-berge-am-morgen-hotel-lanig.jpg\",\"contentUrl\":\"https:\\\/\\\/www.tui.com\\\/blog\\\/wp-content\\\/uploads\\\/2023\\\/04\\\/blick-auf-die-berge-am-morgen-hotel-lanig.jpg\",\"width\":1400,\"height\":788,\"caption\":\"Ausblick auf die Berge vom Hotel Lanig aus\"},{\"@type\":\"BreadcrumbList\",\"@id\":\"https:\\\/\\\/www.tui.com\\\/blog\\\/ein-sommer-in-den-bergen-das-allgaeu-von-seiner-schoensten-seite\\\/#breadcrumb\",\"itemListElement\":[{\"@type\":\"ListItem\",\"position\":1,\"name\":\"Startseite\",\"item\":\"https:\\\/\\\/www.tui.com\\\/blog\\\/\"},{\"@type\":\"ListItem\",\"position\":2,\"name\":\"Ein Sommer in den Bergen \u2013 das Allg\u00e4u von seiner sch\u00f6nsten Seite\"}]},{\"@type\":\"WebSite\",\"@id\":\"https:\\\/\\\/www.tui.com\\\/blog\\\/#website\",\"url\":\"https:\\\/\\\/www.tui.com\\\/blog\\\/\",\"name\":\"TUI.com Reiseblog \u2600\",\"description\":\"Abenteuer oder lieber an den Strand? \u2600 Der TUI Reiseblog bietet tolle Infos rund um deine n\u00e4chste Reise \u2708 Komm vorbei und lass dich inspirieren \u221a\",\"publisher\":{\"@id\":\"https:\\\/\\\/www.tui.com\\\/blog\\\/#organization\"},\"potentialAction\":[{\"@type\":\"SearchAction\",\"target\":{\"@type\":\"EntryPoint\",\"urlTemplate\":\"https:\\\/\\\/www.tui.com\\\/blog\\\/?s={search_term_string}\"},\"query-input\":{\"@type\":\"PropertyValueSpecification\",\"valueRequired\":true,\"valueName\":\"search_term_string\"}}],\"inLanguage\":\"de\"},{\"@type\":\"Organization\",\"@id\":\"https:\\\/\\\/www.tui.com\\\/blog\\\/#organization\",\"name\":\"TUI.com Reiseblog \u2600\",\"url\":\"https:\\\/\\\/www.tui.com\\\/blog\\\/\",\"logo\":{\"@type\":\"ImageObject\",\"inLanguage\":\"de\",\"@id\":\"https:\\\/\\\/www.tui.com\\\/blog\\\/#\\\/schema\\\/logo\\\/image\\\/\",\"url\":\"https:\\\/\\\/www.tui.com\\\/blog\\\/wp-content\\\/uploads\\\/2023\\\/04\\\/cropped-tui-logo-3.png\",\"contentUrl\":\"https:\\\/\\\/www.tui.com\\\/blog\\\/wp-content\\\/uploads\\\/2023\\\/04\\\/cropped-tui-logo-3.png\",\"width\":164,\"height\":72,\"caption\":\"TUI.com Reiseblog \u2600\"},\"image\":{\"@id\":\"https:\\\/\\\/www.tui.com\\\/blog\\\/#\\\/schema\\\/logo\\\/image\\\/\"}},{\"@type\":\"Person\",\"@id\":\"https:\\\/\\\/www.tui.com\\\/blog\\\/#\\\/schema\\\/person\\\/65b082e0dbe60e2c5d8a10129e8731ad\",\"name\":\"TUI Bloggerin Helke\",\"image\":{\"@type\":\"ImageObject\",\"inLanguage\":\"de\",\"@id\":\"https:\\\/\\\/www.tui.com\\\/blog\\\/wp-content\\\/uploads\\\/2017\\\/06\\\/helke-profilbild-320x180.jpg\",\"url\":\"https:\\\/\\\/www.tui.com\\\/blog\\\/wp-content\\\/uploads\\\/2017\\\/06\\\/helke-profilbild-320x180.jpg\",\"contentUrl\":\"https:\\\/\\\/www.tui.com\\\/blog\\\/wp-content\\\/uploads\\\/2017\\\/06\\\/helke-profilbild-320x180.jpg\",\"caption\":\"TUI Bloggerin Helke\"},\"description\":\"An der Nordseek\u00fcste Deutschlands geboren und aufgewachsen liebe ich das Meer mit all seinen Facetten. Dementsprechend zieht es mich dort immer wieder hin.\",\"url\":\"https:\\\/\\\/www.tui.com\\\/blog\\\/author\\\/helke\\\/\"}]}<\/script>\n<!-- \/ Yoast SEO plugin. -->","yoast_head_json":{"title":"Ein Sommer in den Bergen \u2013 das Allg\u00e4u von seiner sch\u00f6nsten Seite - TUI.com Reiseblog \u2600","robots":{"index":"index","follow":"follow","max-snippet":"max-snippet:-1","max-image-preview":"max-image-preview:large","max-video-preview":"max-video-preview:-1"},"canonical":"https:\/\/www.tui.com\/blog\/ein-sommer-in-den-bergen-das-allgaeu-von-seiner-schoensten-seite\/","og_locale":"de_DE","og_type":"article","og_title":"Ein Sommer in den Bergen \u2013 das Allg\u00e4u von seiner sch\u00f6nsten Seite - TUI.com Reiseblog \u2600","og_description":"Berge, Wandern und am Abend ein typisch bayerisches Bier. So stellen sich die meisten von euch wohl das Allg\u00e4u vor. Dieses St\u00fcck Deutschland, irgendwo am \u00e4u\u00dfersten Rand der Republik, welches eigentlich schon fast in \u00d6sterreich liegt, hat TUI Mitarbeiterin Helke letzten Sommer kennen und vor allem lieben gelernt.","og_url":"https:\/\/www.tui.com\/blog\/ein-sommer-in-den-bergen-das-allgaeu-von-seiner-schoensten-seite\/","og_site_name":"TUI.com Reiseblog \u2600","article_published_time":"2017-01-31T10:00:58+00:00","article_modified_time":"2025-06-20T06:55:10+00:00","og_image":[{"width":1400,"height":788,"url":"https:\/\/www.tui.com\/blog\/wp-content\/uploads\/2023\/04\/blick-auf-die-berge-am-morgen-hotel-lanig.jpg","type":"image\/jpeg"}],"author":"TUI Bloggerin Helke","twitter_card":"summary_large_image","twitter_misc":{"Verfasst von":"TUI Bloggerin Helke","Gesch\u00e4tzte Lesezeit":"5\u00a0Minuten"},"schema":{"@context":"https:\/\/schema.org","@graph":[{"@type":"BlogPosting","@id":"https:\/\/www.tui.com\/blog\/ein-sommer-in-den-bergen-das-allgaeu-von-seiner-schoensten-seite\/#article","isPartOf":{"@id":"https:\/\/www.tui.com\/blog\/ein-sommer-in-den-bergen-das-allgaeu-von-seiner-schoensten-seite\/"},"author":{"name":"TUI Bloggerin Helke","@id":"https:\/\/www.tui.com\/blog\/#\/schema\/person\/65b082e0dbe60e2c5d8a10129e8731ad"},"headline":"Ein Sommer in den Bergen \u2013 das Allg\u00e4u von seiner sch\u00f6nsten Seite","datePublished":"2017-01-31T10:00:58+00:00","dateModified":"2025-06-20T06:55:10+00:00","mainEntityOfPage":{"@id":"https:\/\/www.tui.com\/blog\/ein-sommer-in-den-bergen-das-allgaeu-von-seiner-schoensten-seite\/"},"wordCount":975,"commentCount":1,"publisher":{"@id":"https:\/\/www.tui.com\/blog\/#organization"},"image":{"@id":"https:\/\/www.tui.com\/blog\/ein-sommer-in-den-bergen-das-allgaeu-von-seiner-schoensten-seite\/#primaryimage"},"thumbnailUrl":"https:\/\/www.tui.com\/blog\/wp-content\/uploads\/2023\/04\/blick-auf-die-berge-am-morgen-hotel-lanig.jpg","keywords":["Aktivurlaub","Allg\u00e4u","\u00d6sterreich","Sommer","Wandern"],"articleSection":["Aktivurlaub","Beste Reisezeit","Deutschland","Reisearten","Reiseziele"],"inLanguage":"de","potentialAction":[{"@type":"CommentAction","name":"Comment","target":["https:\/\/www.tui.com\/blog\/ein-sommer-in-den-bergen-das-allgaeu-von-seiner-schoensten-seite\/#respond"]}]},{"@type":"WebPage","@id":"https:\/\/www.tui.com\/blog\/ein-sommer-in-den-bergen-das-allgaeu-von-seiner-schoensten-seite\/","url":"https:\/\/www.tui.com\/blog\/ein-sommer-in-den-bergen-das-allgaeu-von-seiner-schoensten-seite\/","name":"Ein Sommer in den Bergen \u2013 das Allg\u00e4u von seiner sch\u00f6nsten Seite - TUI.com Reiseblog \u2600","isPartOf":{"@id":"https:\/\/www.tui.com\/blog\/#website"},"primaryImageOfPage":{"@id":"https:\/\/www.tui.com\/blog\/ein-sommer-in-den-bergen-das-allgaeu-von-seiner-schoensten-seite\/#primaryimage"},"image":{"@id":"https:\/\/www.tui.com\/blog\/ein-sommer-in-den-bergen-das-allgaeu-von-seiner-schoensten-seite\/#primaryimage"},"thumbnailUrl":"https:\/\/www.tui.com\/blog\/wp-content\/uploads\/2023\/04\/blick-auf-die-berge-am-morgen-hotel-lanig.jpg","datePublished":"2017-01-31T10:00:58+00:00","dateModified":"2025-06-20T06:55:10+00:00","breadcrumb":{"@id":"https:\/\/www.tui.com\/blog\/ein-sommer-in-den-bergen-das-allgaeu-von-seiner-schoensten-seite\/#breadcrumb"},"inLanguage":"de","potentialAction":[{"@type":"ReadAction","target":["https:\/\/www.tui.com\/blog\/ein-sommer-in-den-bergen-das-allgaeu-von-seiner-schoensten-seite\/"]}]},{"@type":"ImageObject","inLanguage":"de","@id":"https:\/\/www.tui.com\/blog\/ein-sommer-in-den-bergen-das-allgaeu-von-seiner-schoensten-seite\/#primaryimage","url":"https:\/\/www.tui.com\/blog\/wp-content\/uploads\/2023\/04\/blick-auf-die-berge-am-morgen-hotel-lanig.jpg","contentUrl":"https:\/\/www.tui.com\/blog\/wp-content\/uploads\/2023\/04\/blick-auf-die-berge-am-morgen-hotel-lanig.jpg","width":1400,"height":788,"caption":"Ausblick auf die Berge vom Hotel Lanig aus"},{"@type":"BreadcrumbList","@id":"https:\/\/www.tui.com\/blog\/ein-sommer-in-den-bergen-das-allgaeu-von-seiner-schoensten-seite\/#breadcrumb","itemListElement":[{"@type":"ListItem","position":1,"name":"Startseite","item":"https:\/\/www.tui.com\/blog\/"},{"@type":"ListItem","position":2,"name":"Ein Sommer in den Bergen \u2013 das Allg\u00e4u von seiner sch\u00f6nsten Seite"}]},{"@type":"WebSite","@id":"https:\/\/www.tui.com\/blog\/#website","url":"https:\/\/www.tui.com\/blog\/","name":"TUI.com Reiseblog \u2600","description":"Abenteuer oder lieber an den Strand? \u2600 Der TUI Reiseblog bietet tolle Infos rund um deine n\u00e4chste Reise \u2708 Komm vorbei und lass dich inspirieren \u221a","publisher":{"@id":"https:\/\/www.tui.com\/blog\/#organization"},"potentialAction":[{"@type":"SearchAction","target":{"@type":"EntryPoint","urlTemplate":"https:\/\/www.tui.com\/blog\/?s={search_term_string}"},"query-input":{"@type":"PropertyValueSpecification","valueRequired":true,"valueName":"search_term_string"}}],"inLanguage":"de"},{"@type":"Organization","@id":"https:\/\/www.tui.com\/blog\/#organization","name":"TUI.com Reiseblog \u2600","url":"https:\/\/www.tui.com\/blog\/","logo":{"@type":"ImageObject","inLanguage":"de","@id":"https:\/\/www.tui.com\/blog\/#\/schema\/logo\/image\/","url":"https:\/\/www.tui.com\/blog\/wp-content\/uploads\/2023\/04\/cropped-tui-logo-3.png","contentUrl":"https:\/\/www.tui.com\/blog\/wp-content\/uploads\/2023\/04\/cropped-tui-logo-3.png","width":164,"height":72,"caption":"TUI.com Reiseblog \u2600"},"image":{"@id":"https:\/\/www.tui.com\/blog\/#\/schema\/logo\/image\/"}},{"@type":"Person","@id":"https:\/\/www.tui.com\/blog\/#\/schema\/person\/65b082e0dbe60e2c5d8a10129e8731ad","name":"TUI Bloggerin Helke","image":{"@type":"ImageObject","inLanguage":"de","@id":"https:\/\/www.tui.com\/blog\/wp-content\/uploads\/2017\/06\/helke-profilbild-320x180.jpg","url":"https:\/\/www.tui.com\/blog\/wp-content\/uploads\/2017\/06\/helke-profilbild-320x180.jpg","contentUrl":"https:\/\/www.tui.com\/blog\/wp-content\/uploads\/2017\/06\/helke-profilbild-320x180.jpg","caption":"TUI Bloggerin Helke"},"description":"An der Nordseek\u00fcste Deutschlands geboren und aufgewachsen liebe ich das Meer mit all seinen Facetten. Dementsprechend zieht es mich dort immer wieder hin.","url":"https:\/\/www.tui.com\/blog\/author\/helke\/"}]}},"_links":{"self":[{"href":"https:\/\/www.tui.com\/blog\/wp-json\/wp\/v2\/posts\/152904","targetHints":{"allow":["GET"]}}],"collection":[{"href":"https:\/\/www.tui.com\/blog\/wp-json\/wp\/v2\/posts"}],"about":[{"href":"https:\/\/www.tui.com\/blog\/wp-json\/wp\/v2\/types\/post"}],"author":[{"embeddable":true,"href":"https:\/\/www.tui.com\/blog\/wp-json\/wp\/v2\/users\/107"}],"replies":[{"embeddable":true,"href":"https:\/\/www.tui.com\/blog\/wp-json\/wp\/v2\/comments?post=152904"}],"version-history":[{"count":3,"href":"https:\/\/www.tui.com\/blog\/wp-json\/wp\/v2\/posts\/152904\/revisions"}],"predecessor-version":[{"id":474580,"href":"https:\/\/www.tui.com\/blog\/wp-json\/wp\/v2\/posts\/152904\/revisions\/474580"}],"wp:featuredmedia":[{"embeddable":true,"href":"https:\/\/www.tui.com\/blog\/wp-json\/wp\/v2\/media\/152920"}],"wp:attachment":[{"href":"https:\/\/www.tui.com\/blog\/wp-json\/wp\/v2\/media?parent=152904"}],"wp:term":[{"taxonomy":"category","embeddable":true,"href":"https:\/\/www.tui.com\/blog\/wp-json\/wp\/v2\/categories?post=152904"},{"taxonomy":"post_tag","embeddable":true,"href":"https:\/\/www.tui.com\/blog\/wp-json\/wp\/v2\/tags?post=152904"}],"curies":[{"name":"wp","href":"https:\/\/api.w.org\/{rel}","templated":true}]}}