{"id":153532,"date":"2017-02-22T11:00:39","date_gmt":"2017-02-22T10:00:39","guid":{"rendered":"https:\/\/blog.tui.info\/gruener-wirds-nicht-5-fakten-zum-st-patricks-day-in-irland\/"},"modified":"2025-07-15T09:41:31","modified_gmt":"2025-07-15T07:41:31","slug":"gruener-wirds-nicht-5-fakten-zum-st-patricks-day-in-irland","status":"publish","type":"post","link":"https:\/\/www.tui.com\/blog\/gruener-wirds-nicht-5-fakten-zum-st-patricks-day-in-irland\/","title":{"rendered":"Gr\u00fcner wird\u2019s nicht! 5 Fakten zum St. Patrick&#8217;s Day in Irland"},"content":{"rendered":"\n<p class=\"firstTextGrey\">Partystimmung, einen Becher Guinness in der Hand, den gro\u00dfen Stoffhut auf dem Kopf und viel gr\u00fcn: Der <span style=\"color: #339966;\">St. Patrick\u2019s Day<\/span> l\u00e4sst sich schnell beschreiben. Wer den bekanntesten irischen Feiertag aber selbst erleben mag (und das solltet ihr!), bekommt hier die f\u00fcnf wichtigsten Fakten zum Nationaltag an die Hand.<\/p>\n\n\n\n<h2 class=\"wp-block-heading\">Five Facts to St. Patrick&#8217;s Day in Ireland<\/h2>\n\n\n\n<p>Wer Guinness mag und die Iren (und ganz viele Touristen) mal in richtig ausgelassener Stimmung erleben will, sollte sich den <span style=\"color: #339966;\">St. Patrick\u2019s Day<\/span> nicht entgehen lassen. Denn was bei uns das Oktoberfest ist und j\u00e4hrlich zahlreiche Touristen anzieht, ist in Irland der &#8222;St. Paddy Day&#8220;. Warum und wie dieser Tag gefeiert wird und wo euch die beste Stimmung erwartet, verraten wir euch im Faktencheck:<\/p>\n\n\n\n<h3 class=\"wp-block-heading\"><span style=\"color: #339966;\">Fakt 1: Vier Tage wach, denn gefeiert wird nicht nur am St. Patricks Day!<\/span><\/h3>\n\n\n\n<blockquote class=\"wp-block-quote right is-layout-flow wp-block-quote-is-layout-flow\">\n<p><a href=\"https:\/\/www.tui.com\/hotels\/the-gibson-hotel-228973\/hotelinformation\/\" target=\"_blank\" rel=\"noopener\"><img decoding=\"async\" width=\"250\" height=\"120\" class=\"alignnone size-full wp-image-30145\" src=\"https:\/\/www.tui.com\/blog\/wp-content\/uploads\/2023\/04\/the-gibson-hotel-dublin.jpg\" alt=\"The Gibson Hotel Dublin\"><\/a><br><strong>TUI HOTELTIPP: THE GIBSON HOTEL <\/strong><\/p>\n\n\n\n<p>Das moderne und stadtnahe The Gibson Hotel in Dublin bietet noch \u00dcbernachtungsm\u00f6glichkeiten, um den St. Patrick&#8217;s Day in Dublin zu feiern. Die Stra\u00dfenbahn befindet sich direkt in der N\u00e4he. Mit dieser kommt ihr bestens ins Zentrum.<\/p>\n\n\n\n<p>\u25ba <a href=\"https:\/\/www.tui.com\/hotels\/the-gibson-hotel-228973\/hotelinformation\/\" target=\"_blank\" rel=\"noopener\">Mehr Infos zum Hotel<br><\/a>\u25ba <a href=\"https:\/\/www.tui.com\/hotels\/irland\/\" target=\"_blank\" rel=\"noopener\">Mehr Hotels in Dublin<\/a><\/p>\n<\/blockquote>\n\n\n\n<p><strong>Oder: Wann ist eigentlich St. Patrick\u2019s Day?<\/strong><\/p>\n\n\n\n<p>Der <span style=\"color: #339966;\">St. Patricks Day<\/span> findet jedes Jahr am 17. M\u00e4rz statt. Die Feierlichkeiten rund um diesen Nationaltag dauern aber nicht nur 24 Stunden an! Vier gro\u00dfartige Tage und N\u00e4chte &#8211;&nbsp; vom 16. bis 19. M\u00e4rz &#8211; erwarten euch dieses Jahr. Vollgestopft sind diese mit allerlei Events: Zahlreiche Musiker, T\u00e4nzer, Poeten und Artisten performen auf dem <span style=\"color: #339966;\">St. Patricks Festival<\/span> in <a href=\"https:\/\/www.tui.com\/staedtereisen\/dublin\/\" target=\"_blank\" rel=\"noopener\">Dublin<\/a> und bringen euch so die Kultur des Landes n\u00e4her. Lernt den Irischen Volkstanz kennen, lasst euch von nationalen und internationalen Stra\u00dfenk\u00fcnstlern unterhalten, genie\u00dft irischen Live-Gesang und Filme. Au\u00dferdem gibt es nat\u00fcrlich leckere irische Kost \u2013 sei es Bier, Whisky oder Dublin Bay Prawn (Kaiserhummer). Highlight ist das gr\u00fcne Leuchten der bekanntesten Geb\u00e4ude Dublins. Gerade nachts solltet ihr euch die Illumination der St. Patrick\u2019s Cathedral oder des Trinity Colleges nicht entgehen lassen. Dass der 17. M\u00e4rz dieses Jahr auf einen Freitag f\u00e4llt, ist nat\u00fcrlich Anreiz mehr den Feiertag in Irland zu zelebrieren.<\/p>\n\n\n\n<p><strong>Tipp:<\/strong> An sich ist der Besuch des St. Patrick\u2019s Festivals kostenfrei. F\u00fcr einige Events, besonders die Bandauftritte, braucht ihr aber Tickets, die ihr online buchen k\u00f6nnt.<\/p>\n\n\n\n<figure class=\"wp-block-image alignnone size-medium wp-image-30143\"><img decoding=\"async\" width=\"790\" height=\"444\" src=\"https:\/\/www.tui.com\/blog\/wp-content\/uploads\/2023\/04\/saint-patricks-day-feiern-790x444.jpg\" alt=\"Faktencheck St. Patrick's Day (Copyright: wavebreakmedia\/Shutterstock.de)\" class=\"wp-image-30143\"\/><figcaption class=\"wp-element-caption\">Faktencheck St. Patrick&#8217;s Day (Copyright: wavebreakmedia\/Shutterstock.de)<\/figcaption><\/figure>\n\n\n\n<h3 class=\"wp-block-heading\"><span style=\"color: #339966;\">Fakt 2: Der St. Patrick\u2019s Day, damals ein religi\u00f6ser Feiertag, ist seit dem 19. Jahrhundert ein gesetzlicher Feiertag, der in die Fastenzeit f\u00e4llt!<\/span><\/h3>\n\n\n\n<p><strong>Oder: Was ist die Geschichte hinter dem St. Patrick\u2019s Day?<\/strong><\/p>\n\n\n\n<p>Nach dem heiligen St. Patrick benannt, gilt der <span style=\"color: #339966;\">St. Patrick\u2019s Day<\/span> bei den Iren als gesetzlicher Feiertag und wird weltweit, auch von Nicht-Iren zelebriert. Die Geschichte hinter dem <span style=\"color: #339966;\">St. Patrick\u2019s Day<\/span>: St. Patrick gilt als der Schutz- und Nationalheilige aller Iren, so hat er zu seinen Lebzeiten (5. Jahrhundert) mehrere tausend irische Kelten zum Christentum bekehrt und damit zur Ausbreitung der Religion in Irland beigetragen. Sein Todestag, der 17. M\u00e4rz 461 oder 493 (hier sind sich die Quellen uneinig), wird von zahlreichen Menschen weltweit geehrt. Da der <span style=\"color: #339966;\">St. Patrick\u2019s Day<\/span> auf die 40-t\u00e4gige Fastenzeit f\u00e4llt, d\u00fcrfen die Iren an diesem Tag eine Fastenpause einlegen.<\/p>\n\n\n\n<p>Das St. Patrick\u2019s Festival wird erst seit 1995 in Irland zelebriert. Da zahlreiche Iren in die USA ausgewandert sind, wird das Fest auch hier gro\u00df gefeiert. 1737 fand die erste St. Patrick\u2019s Parade in <a href=\"https:\/\/www.tui.com\/hotels\/usa\/boston\/\" target=\"_blank\" rel=\"noopener\">Boston<\/a> stat. Heute leben in den USA \u00fcbrigens mehr Menschen mit irischen Wurzeln als in Irland selbst.<\/p>\n\n\n\n<p><strong>\u00dcbrigens:<\/strong> 2008 ist der <span style=\"color: #339966;\">St. Patrick\u2019s Day<\/span> in die Woche vor Ostern gefallen. Die Karwoche gilt jedoch als Trauerwoche, als stille Woche vor Ostern, und da d\u00fcrfen keine Feste gefeiert werden. Irische Bisch\u00f6fe verlegten daher den <span style=\"color: #339966;\">St. Patrick\u2019s Day<\/span> zwei Tage nach vorn auf den 15. M\u00e4rz. Das kommt aber nicht oft vor. Erst 2160 ist es wieder soweit.<\/p>\n\n\n\n<figure class=\"wp-block-image alignnone size-medium wp-image-25401\"><img decoding=\"async\" width=\"592\" height=\"444\" src=\"https:\/\/www.tui.com\/blog\/wp-content\/uploads\/2023\/04\/die-gruene-insel-irland-592x444.jpg\" alt=\"Was f\u00fcr eine Natur!\" class=\"wp-image-25401\"\/><figcaption class=\"wp-element-caption\">Die gr\u00fcne Insel Irland<\/figcaption><\/figure>\n\n\n\n<h3 class=\"wp-block-heading\"><span style=\"color: #339966;\">Fakt 3: Prost! Zum St. Patrick\u2019s Day k\u00f6nnt ihr gr\u00fcnes Bier genie\u00dfen. <\/span><\/h3>\n\n\n\n<p><strong>Oder: Warum ist zum St. Patricks Day alles gr\u00fcn?<\/strong><\/p>\n\n\n\n<p>Es gr\u00fcnt so gr\u00fcn in <a href=\"https:\/\/www.tui.com\/staedtereisen\/dublin\/\" target=\"_blank\" rel=\"noopener\">Dublin<\/a>! Zum <span style=\"color: #339966;\">St. Patrick\u2019s Day<\/span> gibt es gr\u00fcnes Bier (aber kein Guinness), gr\u00fcn gekleidete Menschen, gr\u00fcne Kobolde, gr\u00fcnes Essen, sogar vor den Geb\u00e4uden macht die Farbe keinen Halt. Gr\u00fcn ist die Nationalfarbe Irlands und daher DIE Farbe schlechthin am Nationalfeiertag. Warum gr\u00fcn? Irland wird auch als die gr\u00fcne Insel bezeichnet, denn sowohl im Sommer als auch im Winter h\u00fcllt sich der Gro\u00dfteil der Insel in die Farbe der Hoffnung. In Irland gibt es quasi keine Jahreszeiten, es ist stetig mild, 12 Monate lang w\u00e4chst hier gr\u00fcnes Gras. Auch das irische Nationalsymbol, das dreibl\u00e4ttrige Kleeblatt, welches gr\u00fcn ist, hat sicherlich seinen Teil zur Bedeutung der Farbe f\u00fcr die Insel beigetragen. Warum das Kleeblatt zum Identifikationssymbol der Iren wurde, erfahrt ihr, wenn ihr weiter lest.<\/p>\n\n\n\n<figure class=\"wp-block-image alignnone size-medium wp-image-30142\"><img decoding=\"async\" width=\"790\" height=\"444\" src=\"https:\/\/www.tui.com\/blog\/wp-content\/uploads\/2023\/04\/saint-patricks-day-gruenes-bier-790x444.jpg\" alt=\"Die Welt wird gr\u00fcn. So auch das Bier! (Copyright: etorres\/Shutterstock.de)\" class=\"wp-image-30142\"\/><figcaption class=\"wp-element-caption\">Die Welt wird gr\u00fcn. So auch das Bier! (Copyright: etorres\/Shutterstock.de)<\/figcaption><\/figure>\n\n\n\n<h3 class=\"wp-block-heading\"><span style=\"color: #339966;\">Fakt 4: Das Kleeblatt gilt als Muss-Accessoire f\u00fcr den St. Patricks Day.<\/span><\/h3>\n\n\n\n<p><strong>Oder: Was tr\u00e4gt man f\u00fcr ein Kost\u00fcm am St. Patrick&#8217;s Day?<\/strong><\/p>\n\n\n\n<p>Hauptsache gr\u00fcn lautet das Motto. Daf\u00fcr m\u00fcsst ihr euch nicht unbedingt als Kobold verkleiden. Es reicht der typisch gro\u00dfe wiesenfarbige Stoffhut, ein gr\u00fcner Schal und\/oder auch Kleeblatt-Accessoires (zum Beispiel auf die Haut gemalt). Der Heilige Patrick hatte den Iren damals, w\u00e4hrend seiner Missionst\u00e4tigkeit, die Dreifaltigkeit anhand eines einfachen dreibl\u00e4ttrigen Kleeblattes erkl\u00e4rt. Seitdem gilt das Kleeblatt (auch Shamrock genannt) als inoffizielles Nationalsymbol Irlands. Nat\u00fcrlich seid ihr auch mit einem Guinness in der Hand stets beim Festival willkommen, ihr fallt aber sicherlich mehr auf, wenn ihr kein gr\u00fcn tragt.<\/p>\n\n\n\n<h3 class=\"wp-block-heading\"><span style=\"color: #339966;\">Fakt 5: Den St. Patricks Day k\u00f6nnt ihr nicht nur in Dublin feiern!<\/span><\/h3>\n\n\n\n<p><strong>Oder: Wo feiert man den St. Patricks Day?<\/strong><\/p>\n\n\n\n<p><strong>USA:<\/strong> Wie schon angek\u00fcndigt, gibt es gerade in den <a href=\"https:\/\/www.tui.com\/pauschalreisen\/usa\/\" target=\"_blank\" rel=\"noopener\">USA<\/a> zahlreiche Einwohner mit irischen Wurzeln. Daher wird der <span style=\"color: #339966;\">St. Patrick&#8217;s Day<\/span> hier gro\u00df gefeiert. Ob in <a href=\"https:\/\/www.tui.com\/staedtereisen\/new-york\/\" target=\"_blank\" rel=\"noopener\">New York<\/a> entlang der Fifth Avenue, New Orleans, <a href=\"https:\/\/www.tui.com\/hotels\/usa\/washington-d-c\/seattle\/\" target=\"_blank\" rel=\"noopener\">Seattle<\/a> oder San Francisco \u2013 die USA wird zum 17. M\u00e4rz gr\u00fcn. In <a href=\"https:\/\/www.tui.com\/hotels\/usa\/chicago\/\" target=\"_blank\" rel=\"noopener\">Chicago<\/a> wird sogar der Chicago River gr\u00fcn gef\u00e4rbt \u2013 ein echtes Highlight!<\/p>\n\n\n\n<p><strong>Neuseeland:<\/strong> In <a href=\"https:\/\/www.tui.com\/hotels\/neuseeland\/auckland\/\" target=\"_blank\" rel=\"noopener\">Auckland<\/a> in <a href=\"https:\/\/www.tui.com\/pauschalreisen\/neuseeland\/\" target=\"_blank\" rel=\"noopener\">Neuseeland<\/a> wird dieses Jahr schon ab dem vom 5. bis 13. M\u00e4rz gefeiert, wobei am 12. M\u00e4rz die Parade stattfindet. Verpasst au\u00dferdem nicht den Sky Tower in Auckland, der zum <span style=\"color: #339966;\">St. Patrick\u2019s Day<\/span> gr\u00fcn angestrahlt wird.<\/p>\n\n\n\n<figure class=\"wp-block-image alignnone size-medium wp-image-30144\"><img decoding=\"async\" width=\"790\" height=\"444\" src=\"https:\/\/www.tui.com\/blog\/wp-content\/uploads\/2023\/04\/chicago-river-saint-patricks-day-790x444.jpg\" alt=\"Chicago River w\u00e4hrend des St. Patrick's Festival (Copyright: saraporn\/Shutterstock.de)\" class=\"wp-image-30144\"\/><figcaption class=\"wp-element-caption\">Der gr\u00fcne Chicago River w\u00e4hrend des St. Patrick&#8217;s Festival (Copyright: saraporn\/Shutterstock.de)<\/figcaption><\/figure>\n\n\n\n<p><strong>Kanada:<\/strong> In den gro\u00dfen St\u00e4dten <a href=\"https:\/\/www.tui.com\/pauschalreisen\/kanada\/\" target=\"_blank\" rel=\"noopener\">Kanadas<\/a>, <a href=\"https:\/\/www.tui.com\/hotels\/kanada\/ontario\/toronto\/\" target=\"_blank\" rel=\"noopener\">Toronto<\/a> und Montreal, findet ebenfalls eine gro\u00dfe Parade zur Feier des <span style=\"color: #339966;\">St. Patrick\u2019s Day<\/span> statt. Das Wochenende vom 17. bis 19. M\u00e4rz ist au\u00dferdem vollgepackt mit tollen Events und Partys.<\/p>\n\n\n\n<p><strong>Deutschland:<\/strong> Dass die Deutschen gut feiern k\u00f6nnen, beweisen sie j\u00e4hrlich beim Oktoberfest. Das irische Pendant dazu, der <span style=\"color: #339966;\">St. Patrick\u2019s Day<\/span>, wird in <a href=\"https:\/\/www.tui.com\/staedtereisen\/muenchen\/\" target=\"_blank\" rel=\"noopener\">M\u00fcnchen<\/a> ebenfalls zelebriert. Dieses Jahr findet die Parade am 13. M\u00e4rz statt. Feiern k\u00f6nnt ihr aber auch direkt am <span style=\"color: #339966;\">St. Patrick\u2019s Day<\/span> im Hofbr\u00e4uhaus oder in den Irish Pubs. Auch in M\u00fcnchen wird der Olympiaturm und die Allianz Arena gr\u00fcn angestrahlt. Gr\u00fcnes Licht gibt es ebenfalls f\u00fcr den Berliner Funkturm. Au\u00dferdem k\u00f6nnt ihr nat\u00fcrlich in den zahlreichen Irish Pubs <a href=\"https:\/\/www.tui.com\/staedtereisen\/berlin\/\" target=\"_blank\" rel=\"noopener\">Berlins<\/a> feiern. Aber Vorsicht: Die Pl\u00e4tze sind begrenzt und die Pubs auch abseits vom <span style=\"color: #339966;\">St. Patrick\u2019s Day<\/span> schon immer sehr gut besucht.<\/p>\n\n\n\n<p>Ein Besuch in Irland ist \u00fcbrigens nicht nur zum St. Patrick&#8217;s Day empfehlenswert. Welche Sehensw\u00fcrdigkeiten ihr euch unbedingt ansehen solltet, zeigt euch TUI Bloggerin Meli \u25ba <a href=\"https:\/\/www.tui.com\/blog\/3-irland-sehenswuerdigkeiten-fuer-3-tage-durchatmen-an-der-sued-westlichen-atlantikkueste\">3 Irland Sehensw\u00fcrdigkeiten f\u00fcr 3 Tage<\/a><\/p>\n","protected":false},"excerpt":{"rendered":"<p>Partystimmung, einen Becher Guinness in der Hand, den gro\u00dfen Stoffhut auf dem Kopf und viel gr\u00fcn: Der St. Patrick\u2019s Day l\u00e4sst sich schnell beschreiben. Wer den bekanntesten irischen Feiertag aber selbst erleben mag (und das solltet ihr!), bekommt hier die f\u00fcnf wichtigsten Fakten zum Nationaltag an die Hand.<\/p>\n","protected":false},"author":93,"featured_media":153536,"comment_status":"open","ping_status":"open","sticky":false,"template":"","format":"standard","meta":{"_acf_changed":false,"footnotes":""},"categories":[4054,4052,4030,4050],"tags":[290,4082,491,291,3187],"class_list":["post-153532","post","type-post","status-publish","format-standard","has-post-thumbnail","hentry","category-archiv-aktivurlaub","category-archiv-reisearten","category-archiv-reiseziele","category-archiv-weitere-beliebte-reiseziele","tag-dublin","tag-eventreisen","tag-festivals","tag-irland","tag-staedtereise"],"acf":[],"yoast_head":"<!-- This site is optimized with the Yoast SEO plugin v27.4 - https:\/\/yoast.com\/product\/yoast-seo-wordpress\/ -->\n<title>Gr\u00fcner wird\u2019s nicht! 5 Fakten zum St. Patrick&#039;s Day in Irland - TUI.com Reiseblog \u2600<\/title>\n<meta name=\"robots\" content=\"index, follow, max-snippet:-1, max-image-preview:large, max-video-preview:-1\" \/>\n<link rel=\"canonical\" href=\"https:\/\/www.tui.com\/blog\/gruener-wirds-nicht-5-fakten-zum-st-patricks-day-in-irland\/\" \/>\n<meta property=\"og:locale\" content=\"de_DE\" \/>\n<meta property=\"og:type\" content=\"article\" \/>\n<meta property=\"og:title\" content=\"Gr\u00fcner wird\u2019s nicht! 5 Fakten zum St. Patrick&#039;s Day in Irland - TUI.com Reiseblog \u2600\" \/>\n<meta property=\"og:description\" content=\"Partystimmung, einen Becher Guinness in der Hand, den gro\u00dfen Stoffhut auf dem Kopf und viel gr\u00fcn: Der St. Patrick\u2019s Day l\u00e4sst sich schnell beschreiben. Wer den bekanntesten irischen Feiertag aber selbst erleben mag (und das solltet ihr!), bekommt hier die f\u00fcnf wichtigsten Fakten zum Nationaltag an die Hand.\" \/>\n<meta property=\"og:url\" content=\"https:\/\/www.tui.com\/blog\/gruener-wirds-nicht-5-fakten-zum-st-patricks-day-in-irland\/\" \/>\n<meta property=\"og:site_name\" content=\"TUI.com Reiseblog \u2600\" \/>\n<meta property=\"article:published_time\" content=\"2017-02-22T10:00:39+00:00\" \/>\n<meta property=\"article:modified_time\" content=\"2025-07-15T07:41:31+00:00\" \/>\n<meta property=\"og:image\" content=\"https:\/\/www.tui.com\/blog\/wp-content\/uploads\/2023\/04\/saint-patricks-day-feiern.jpg\" \/>\n\t<meta property=\"og:image:width\" content=\"1400\" \/>\n\t<meta property=\"og:image:height\" content=\"788\" \/>\n\t<meta property=\"og:image:type\" content=\"image\/jpeg\" \/>\n<meta name=\"author\" content=\"Miriam P\u00f6schel\" \/>\n<meta name=\"twitter:card\" content=\"summary_large_image\" \/>\n<meta name=\"twitter:creator\" content=\"@blogadm\" \/>\n<meta name=\"twitter:label1\" content=\"Verfasst von\" \/>\n\t<meta name=\"twitter:data1\" content=\"Miriam P\u00f6schel\" \/>\n\t<meta name=\"twitter:label2\" content=\"Gesch\u00e4tzte Lesezeit\" \/>\n\t<meta name=\"twitter:data2\" content=\"6\u00a0Minuten\" \/>\n<script type=\"application\/ld+json\" class=\"yoast-schema-graph\">{\"@context\":\"https:\\\/\\\/schema.org\",\"@graph\":[{\"@type\":\"BlogPosting\",\"@id\":\"https:\\\/\\\/www.tui.com\\\/blog\\\/gruener-wirds-nicht-5-fakten-zum-st-patricks-day-in-irland\\\/#article\",\"isPartOf\":{\"@id\":\"https:\\\/\\\/www.tui.com\\\/blog\\\/gruener-wirds-nicht-5-fakten-zum-st-patricks-day-in-irland\\\/\"},\"author\":{\"name\":\"Miriam P\u00f6schel\",\"@id\":\"https:\\\/\\\/www.tui.com\\\/blog\\\/#\\\/schema\\\/person\\\/6a59d7c2e04a0e2a8f547f4b8ad82764\"},\"headline\":\"Gr\u00fcner wird\u2019s nicht! 5 Fakten zum St. Patrick&#8217;s Day in Irland\",\"datePublished\":\"2017-02-22T10:00:39+00:00\",\"dateModified\":\"2025-07-15T07:41:31+00:00\",\"mainEntityOfPage\":{\"@id\":\"https:\\\/\\\/www.tui.com\\\/blog\\\/gruener-wirds-nicht-5-fakten-zum-st-patricks-day-in-irland\\\/\"},\"wordCount\":1317,\"commentCount\":1,\"publisher\":{\"@id\":\"https:\\\/\\\/www.tui.com\\\/blog\\\/#organization\"},\"image\":{\"@id\":\"https:\\\/\\\/www.tui.com\\\/blog\\\/gruener-wirds-nicht-5-fakten-zum-st-patricks-day-in-irland\\\/#primaryimage\"},\"thumbnailUrl\":\"https:\\\/\\\/www.tui.com\\\/blog\\\/wp-content\\\/uploads\\\/2023\\\/04\\\/saint-patricks-day-feiern.jpg\",\"keywords\":[\"Dublin\",\"Eventreisen\",\"Festivals\",\"Irland\",\"St&#228;dtereise\"],\"articleSection\":[\"Aktivurlaub\",\"Reisearten\",\"Reiseziele\",\"weitere beliebte Reiseziele\"],\"inLanguage\":\"de\",\"potentialAction\":[{\"@type\":\"CommentAction\",\"name\":\"Comment\",\"target\":[\"https:\\\/\\\/www.tui.com\\\/blog\\\/gruener-wirds-nicht-5-fakten-zum-st-patricks-day-in-irland\\\/#respond\"]}]},{\"@type\":\"WebPage\",\"@id\":\"https:\\\/\\\/www.tui.com\\\/blog\\\/gruener-wirds-nicht-5-fakten-zum-st-patricks-day-in-irland\\\/\",\"url\":\"https:\\\/\\\/www.tui.com\\\/blog\\\/gruener-wirds-nicht-5-fakten-zum-st-patricks-day-in-irland\\\/\",\"name\":\"Gr\u00fcner wird\u2019s nicht! 5 Fakten zum St. Patrick's Day in Irland - TUI.com Reiseblog \u2600\",\"isPartOf\":{\"@id\":\"https:\\\/\\\/www.tui.com\\\/blog\\\/#website\"},\"primaryImageOfPage\":{\"@id\":\"https:\\\/\\\/www.tui.com\\\/blog\\\/gruener-wirds-nicht-5-fakten-zum-st-patricks-day-in-irland\\\/#primaryimage\"},\"image\":{\"@id\":\"https:\\\/\\\/www.tui.com\\\/blog\\\/gruener-wirds-nicht-5-fakten-zum-st-patricks-day-in-irland\\\/#primaryimage\"},\"thumbnailUrl\":\"https:\\\/\\\/www.tui.com\\\/blog\\\/wp-content\\\/uploads\\\/2023\\\/04\\\/saint-patricks-day-feiern.jpg\",\"datePublished\":\"2017-02-22T10:00:39+00:00\",\"dateModified\":\"2025-07-15T07:41:31+00:00\",\"breadcrumb\":{\"@id\":\"https:\\\/\\\/www.tui.com\\\/blog\\\/gruener-wirds-nicht-5-fakten-zum-st-patricks-day-in-irland\\\/#breadcrumb\"},\"inLanguage\":\"de\",\"potentialAction\":[{\"@type\":\"ReadAction\",\"target\":[\"https:\\\/\\\/www.tui.com\\\/blog\\\/gruener-wirds-nicht-5-fakten-zum-st-patricks-day-in-irland\\\/\"]}]},{\"@type\":\"ImageObject\",\"inLanguage\":\"de\",\"@id\":\"https:\\\/\\\/www.tui.com\\\/blog\\\/gruener-wirds-nicht-5-fakten-zum-st-patricks-day-in-irland\\\/#primaryimage\",\"url\":\"https:\\\/\\\/www.tui.com\\\/blog\\\/wp-content\\\/uploads\\\/2023\\\/04\\\/saint-patricks-day-feiern.jpg\",\"contentUrl\":\"https:\\\/\\\/www.tui.com\\\/blog\\\/wp-content\\\/uploads\\\/2023\\\/04\\\/saint-patricks-day-feiern.jpg\",\"width\":1400,\"height\":788,\"caption\":\"Faktencheck St. Patrick's Day (Copyright: wavebreakmedia\\\/Shutterstock.de)\"},{\"@type\":\"BreadcrumbList\",\"@id\":\"https:\\\/\\\/www.tui.com\\\/blog\\\/gruener-wirds-nicht-5-fakten-zum-st-patricks-day-in-irland\\\/#breadcrumb\",\"itemListElement\":[{\"@type\":\"ListItem\",\"position\":1,\"name\":\"Startseite\",\"item\":\"https:\\\/\\\/www.tui.com\\\/blog\\\/\"},{\"@type\":\"ListItem\",\"position\":2,\"name\":\"Gr\u00fcner wird\u2019s nicht! 5 Fakten zum St. Patrick&#8217;s Day in Irland\"}]},{\"@type\":\"WebSite\",\"@id\":\"https:\\\/\\\/www.tui.com\\\/blog\\\/#website\",\"url\":\"https:\\\/\\\/www.tui.com\\\/blog\\\/\",\"name\":\"TUI.com Reiseblog \u2600\",\"description\":\"Abenteuer oder lieber an den Strand? \u2600 Der TUI Reiseblog bietet tolle Infos rund um deine n\u00e4chste Reise \u2708 Komm vorbei und lass dich inspirieren \u221a\",\"publisher\":{\"@id\":\"https:\\\/\\\/www.tui.com\\\/blog\\\/#organization\"},\"potentialAction\":[{\"@type\":\"SearchAction\",\"target\":{\"@type\":\"EntryPoint\",\"urlTemplate\":\"https:\\\/\\\/www.tui.com\\\/blog\\\/?s={search_term_string}\"},\"query-input\":{\"@type\":\"PropertyValueSpecification\",\"valueRequired\":true,\"valueName\":\"search_term_string\"}}],\"inLanguage\":\"de\"},{\"@type\":\"Organization\",\"@id\":\"https:\\\/\\\/www.tui.com\\\/blog\\\/#organization\",\"name\":\"TUI.com Reiseblog \u2600\",\"url\":\"https:\\\/\\\/www.tui.com\\\/blog\\\/\",\"logo\":{\"@type\":\"ImageObject\",\"inLanguage\":\"de\",\"@id\":\"https:\\\/\\\/www.tui.com\\\/blog\\\/#\\\/schema\\\/logo\\\/image\\\/\",\"url\":\"https:\\\/\\\/www.tui.com\\\/blog\\\/wp-content\\\/uploads\\\/2023\\\/04\\\/cropped-tui-logo-3.png\",\"contentUrl\":\"https:\\\/\\\/www.tui.com\\\/blog\\\/wp-content\\\/uploads\\\/2023\\\/04\\\/cropped-tui-logo-3.png\",\"width\":164,\"height\":72,\"caption\":\"TUI.com Reiseblog \u2600\"},\"image\":{\"@id\":\"https:\\\/\\\/www.tui.com\\\/blog\\\/#\\\/schema\\\/logo\\\/image\\\/\"}},{\"@type\":\"Person\",\"@id\":\"https:\\\/\\\/www.tui.com\\\/blog\\\/#\\\/schema\\\/person\\\/6a59d7c2e04a0e2a8f547f4b8ad82764\",\"name\":\"Miriam P\u00f6schel\",\"image\":{\"@type\":\"ImageObject\",\"inLanguage\":\"de\",\"@id\":\"https:\\\/\\\/www.tui.com\\\/blog\\\/wp-content\\\/uploads\\\/2016\\\/11\\\/miriam-profilbild-klein-200x180.jpg\",\"url\":\"https:\\\/\\\/www.tui.com\\\/blog\\\/wp-content\\\/uploads\\\/2016\\\/11\\\/miriam-profilbild-klein-200x180.jpg\",\"contentUrl\":\"https:\\\/\\\/www.tui.com\\\/blog\\\/wp-content\\\/uploads\\\/2016\\\/11\\\/miriam-profilbild-klein-200x180.jpg\",\"caption\":\"Miriam P\u00f6schel\"},\"description\":\"Raus in die Welt und aus der Komfortzone!\",\"sameAs\":[\"https:\\\/\\\/x.com\\\/blogadm\"],\"url\":\"https:\\\/\\\/www.tui.com\\\/blog\\\/author\\\/miriam\\\/\"}]}<\/script>\n<!-- \/ Yoast SEO plugin. -->","yoast_head_json":{"title":"Gr\u00fcner wird\u2019s nicht! 5 Fakten zum St. Patrick's Day in Irland - TUI.com Reiseblog \u2600","robots":{"index":"index","follow":"follow","max-snippet":"max-snippet:-1","max-image-preview":"max-image-preview:large","max-video-preview":"max-video-preview:-1"},"canonical":"https:\/\/www.tui.com\/blog\/gruener-wirds-nicht-5-fakten-zum-st-patricks-day-in-irland\/","og_locale":"de_DE","og_type":"article","og_title":"Gr\u00fcner wird\u2019s nicht! 5 Fakten zum St. Patrick's Day in Irland - TUI.com Reiseblog \u2600","og_description":"Partystimmung, einen Becher Guinness in der Hand, den gro\u00dfen Stoffhut auf dem Kopf und viel gr\u00fcn: Der St. Patrick\u2019s Day l\u00e4sst sich schnell beschreiben. Wer den bekanntesten irischen Feiertag aber selbst erleben mag (und das solltet ihr!), bekommt hier die f\u00fcnf wichtigsten Fakten zum Nationaltag an die Hand.","og_url":"https:\/\/www.tui.com\/blog\/gruener-wirds-nicht-5-fakten-zum-st-patricks-day-in-irland\/","og_site_name":"TUI.com Reiseblog \u2600","article_published_time":"2017-02-22T10:00:39+00:00","article_modified_time":"2025-07-15T07:41:31+00:00","og_image":[{"width":1400,"height":788,"url":"https:\/\/www.tui.com\/blog\/wp-content\/uploads\/2023\/04\/saint-patricks-day-feiern.jpg","type":"image\/jpeg"}],"author":"Miriam P\u00f6schel","twitter_card":"summary_large_image","twitter_creator":"@blogadm","twitter_misc":{"Verfasst von":"Miriam P\u00f6schel","Gesch\u00e4tzte Lesezeit":"6\u00a0Minuten"},"schema":{"@context":"https:\/\/schema.org","@graph":[{"@type":"BlogPosting","@id":"https:\/\/www.tui.com\/blog\/gruener-wirds-nicht-5-fakten-zum-st-patricks-day-in-irland\/#article","isPartOf":{"@id":"https:\/\/www.tui.com\/blog\/gruener-wirds-nicht-5-fakten-zum-st-patricks-day-in-irland\/"},"author":{"name":"Miriam P\u00f6schel","@id":"https:\/\/www.tui.com\/blog\/#\/schema\/person\/6a59d7c2e04a0e2a8f547f4b8ad82764"},"headline":"Gr\u00fcner wird\u2019s nicht! 5 Fakten zum St. Patrick&#8217;s Day in Irland","datePublished":"2017-02-22T10:00:39+00:00","dateModified":"2025-07-15T07:41:31+00:00","mainEntityOfPage":{"@id":"https:\/\/www.tui.com\/blog\/gruener-wirds-nicht-5-fakten-zum-st-patricks-day-in-irland\/"},"wordCount":1317,"commentCount":1,"publisher":{"@id":"https:\/\/www.tui.com\/blog\/#organization"},"image":{"@id":"https:\/\/www.tui.com\/blog\/gruener-wirds-nicht-5-fakten-zum-st-patricks-day-in-irland\/#primaryimage"},"thumbnailUrl":"https:\/\/www.tui.com\/blog\/wp-content\/uploads\/2023\/04\/saint-patricks-day-feiern.jpg","keywords":["Dublin","Eventreisen","Festivals","Irland","St&#228;dtereise"],"articleSection":["Aktivurlaub","Reisearten","Reiseziele","weitere beliebte Reiseziele"],"inLanguage":"de","potentialAction":[{"@type":"CommentAction","name":"Comment","target":["https:\/\/www.tui.com\/blog\/gruener-wirds-nicht-5-fakten-zum-st-patricks-day-in-irland\/#respond"]}]},{"@type":"WebPage","@id":"https:\/\/www.tui.com\/blog\/gruener-wirds-nicht-5-fakten-zum-st-patricks-day-in-irland\/","url":"https:\/\/www.tui.com\/blog\/gruener-wirds-nicht-5-fakten-zum-st-patricks-day-in-irland\/","name":"Gr\u00fcner wird\u2019s nicht! 5 Fakten zum St. Patrick's Day in Irland - TUI.com Reiseblog \u2600","isPartOf":{"@id":"https:\/\/www.tui.com\/blog\/#website"},"primaryImageOfPage":{"@id":"https:\/\/www.tui.com\/blog\/gruener-wirds-nicht-5-fakten-zum-st-patricks-day-in-irland\/#primaryimage"},"image":{"@id":"https:\/\/www.tui.com\/blog\/gruener-wirds-nicht-5-fakten-zum-st-patricks-day-in-irland\/#primaryimage"},"thumbnailUrl":"https:\/\/www.tui.com\/blog\/wp-content\/uploads\/2023\/04\/saint-patricks-day-feiern.jpg","datePublished":"2017-02-22T10:00:39+00:00","dateModified":"2025-07-15T07:41:31+00:00","breadcrumb":{"@id":"https:\/\/www.tui.com\/blog\/gruener-wirds-nicht-5-fakten-zum-st-patricks-day-in-irland\/#breadcrumb"},"inLanguage":"de","potentialAction":[{"@type":"ReadAction","target":["https:\/\/www.tui.com\/blog\/gruener-wirds-nicht-5-fakten-zum-st-patricks-day-in-irland\/"]}]},{"@type":"ImageObject","inLanguage":"de","@id":"https:\/\/www.tui.com\/blog\/gruener-wirds-nicht-5-fakten-zum-st-patricks-day-in-irland\/#primaryimage","url":"https:\/\/www.tui.com\/blog\/wp-content\/uploads\/2023\/04\/saint-patricks-day-feiern.jpg","contentUrl":"https:\/\/www.tui.com\/blog\/wp-content\/uploads\/2023\/04\/saint-patricks-day-feiern.jpg","width":1400,"height":788,"caption":"Faktencheck St. Patrick's Day (Copyright: wavebreakmedia\/Shutterstock.de)"},{"@type":"BreadcrumbList","@id":"https:\/\/www.tui.com\/blog\/gruener-wirds-nicht-5-fakten-zum-st-patricks-day-in-irland\/#breadcrumb","itemListElement":[{"@type":"ListItem","position":1,"name":"Startseite","item":"https:\/\/www.tui.com\/blog\/"},{"@type":"ListItem","position":2,"name":"Gr\u00fcner wird\u2019s nicht! 5 Fakten zum St. Patrick&#8217;s Day in Irland"}]},{"@type":"WebSite","@id":"https:\/\/www.tui.com\/blog\/#website","url":"https:\/\/www.tui.com\/blog\/","name":"TUI.com Reiseblog \u2600","description":"Abenteuer oder lieber an den Strand? \u2600 Der TUI Reiseblog bietet tolle Infos rund um deine n\u00e4chste Reise \u2708 Komm vorbei und lass dich inspirieren \u221a","publisher":{"@id":"https:\/\/www.tui.com\/blog\/#organization"},"potentialAction":[{"@type":"SearchAction","target":{"@type":"EntryPoint","urlTemplate":"https:\/\/www.tui.com\/blog\/?s={search_term_string}"},"query-input":{"@type":"PropertyValueSpecification","valueRequired":true,"valueName":"search_term_string"}}],"inLanguage":"de"},{"@type":"Organization","@id":"https:\/\/www.tui.com\/blog\/#organization","name":"TUI.com Reiseblog \u2600","url":"https:\/\/www.tui.com\/blog\/","logo":{"@type":"ImageObject","inLanguage":"de","@id":"https:\/\/www.tui.com\/blog\/#\/schema\/logo\/image\/","url":"https:\/\/www.tui.com\/blog\/wp-content\/uploads\/2023\/04\/cropped-tui-logo-3.png","contentUrl":"https:\/\/www.tui.com\/blog\/wp-content\/uploads\/2023\/04\/cropped-tui-logo-3.png","width":164,"height":72,"caption":"TUI.com Reiseblog \u2600"},"image":{"@id":"https:\/\/www.tui.com\/blog\/#\/schema\/logo\/image\/"}},{"@type":"Person","@id":"https:\/\/www.tui.com\/blog\/#\/schema\/person\/6a59d7c2e04a0e2a8f547f4b8ad82764","name":"Miriam P\u00f6schel","image":{"@type":"ImageObject","inLanguage":"de","@id":"https:\/\/www.tui.com\/blog\/wp-content\/uploads\/2016\/11\/miriam-profilbild-klein-200x180.jpg","url":"https:\/\/www.tui.com\/blog\/wp-content\/uploads\/2016\/11\/miriam-profilbild-klein-200x180.jpg","contentUrl":"https:\/\/www.tui.com\/blog\/wp-content\/uploads\/2016\/11\/miriam-profilbild-klein-200x180.jpg","caption":"Miriam P\u00f6schel"},"description":"Raus in die Welt und aus der Komfortzone!","sameAs":["https:\/\/x.com\/blogadm"],"url":"https:\/\/www.tui.com\/blog\/author\/miriam\/"}]}},"_links":{"self":[{"href":"https:\/\/www.tui.com\/blog\/wp-json\/wp\/v2\/posts\/153532","targetHints":{"allow":["GET"]}}],"collection":[{"href":"https:\/\/www.tui.com\/blog\/wp-json\/wp\/v2\/posts"}],"about":[{"href":"https:\/\/www.tui.com\/blog\/wp-json\/wp\/v2\/types\/post"}],"author":[{"embeddable":true,"href":"https:\/\/www.tui.com\/blog\/wp-json\/wp\/v2\/users\/93"}],"replies":[{"embeddable":true,"href":"https:\/\/www.tui.com\/blog\/wp-json\/wp\/v2\/comments?post=153532"}],"version-history":[{"count":2,"href":"https:\/\/www.tui.com\/blog\/wp-json\/wp\/v2\/posts\/153532\/revisions"}],"predecessor-version":[{"id":478026,"href":"https:\/\/www.tui.com\/blog\/wp-json\/wp\/v2\/posts\/153532\/revisions\/478026"}],"wp:featuredmedia":[{"embeddable":true,"href":"https:\/\/www.tui.com\/blog\/wp-json\/wp\/v2\/media\/153536"}],"wp:attachment":[{"href":"https:\/\/www.tui.com\/blog\/wp-json\/wp\/v2\/media?parent=153532"}],"wp:term":[{"taxonomy":"category","embeddable":true,"href":"https:\/\/www.tui.com\/blog\/wp-json\/wp\/v2\/categories?post=153532"},{"taxonomy":"post_tag","embeddable":true,"href":"https:\/\/www.tui.com\/blog\/wp-json\/wp\/v2\/tags?post=153532"}],"curies":[{"name":"wp","href":"https:\/\/api.w.org\/{rel}","templated":true}]}}