{"id":154544,"date":"2017-04-03T10:00:27","date_gmt":"2017-04-03T08:00:27","guid":{"rendered":"https:\/\/blog.tui.info\/ostern-an-der-ostsee-unser-top-5-ostseehotels\/"},"modified":"2025-05-12T14:17:24","modified_gmt":"2025-05-12T12:17:24","slug":"ostern-an-der-ostsee-unser-top-5-ostseehotels","status":"publish","type":"post","link":"https:\/\/www.tui.com\/blog\/ostern-an-der-ostsee-unser-top-5-ostseehotels\/","title":{"rendered":"Ostern an der Ostsee: Unsere TOP 5 Ostseehotels"},"content":{"rendered":"\n<p class=\"firstTextGrey\">Die Eisdielen \u00f6ffnen ihre Pforten, Grillgeruch liegt in der Nase, die \u00dcbergangsjacke wird aus der verstaubten Kiste geholt&nbsp;und die Sonnenbrille sitzt auf der Nase. Das kann nur eines hei\u00dfen: Der Fr\u00fchling ist endlich da! Und damit auch die Lust, die Tage weniger im B\u00fcro und lieber an der frischen Luft am Strand zu verbringen. Gut, dass bald&nbsp;die Osterfeiertage an die T\u00fcr klopfen und uns ein paar Tage Urlaub spendieren!&nbsp;Denn wie klingt Ostern an der Ostsee f\u00fcr euch?&nbsp;F\u00fcr euren spontanen Kurzurlaub&nbsp;zeigen wir euch heute in welchen TOP 5 Ostseehotels ihr die Ostertage verbringen k\u00f6nnt.<\/p>\n\n\n\n<p>Ostern &#8211; alle Jahre wieder&nbsp;und damit der perfekte Zeitpunkt, um einen spontanen&nbsp;<a href=\"https:\/\/www.tui.com\/kurzurlaub\/\" target=\"_blank\" rel=\"noopener noreferrer\">Kurzurlaub<\/a>&nbsp;an die <a href=\"https:\/\/www.tui.com\/pauschalreisen\/deutschland\/ostsee\/\" target=\"_blank\" rel=\"noopener noreferrer\">Ostsee<\/a> zu unternehmen. Denn wer Karfreitag und Ostermontag freinimmt, dem gehen keine Urlaubstage seines Jahreskontingents verloren. Daher die Devise: Nicht lange \u00fcberlegen und ab zu Ostern an die <a href=\"https:\/\/www.tui.com\/pauschalreisen\/deutschland\/ostsee\/\" target=\"_blank\" rel=\"noopener noreferrer\">Ostsee<\/a>! Schnappt euch euer Auto oder das Ticket f\u00fcr die Bahn und auf geht&#8217;s! F\u00fcr euren perfekten Trip geben wir euch unsere TOP 5 Ostseehotels an die Hand.<\/p>\n\n\n\n<h2 class=\"wp-block-heading\">3,5*&nbsp;Ostseehotel Dierhagen&nbsp;in&nbsp;Dierhagen<\/h2>\n\n\n\n<p>Besser geht es kaum! Mit <strong>99 % Weiterempfehlung<\/strong> \u00fcberzeugt das Ostseehotel Dierhagen jeden Gast. Das 3,5 Sterne Hotel ist zentral gelegen, es sind nur 250 Meter zum n\u00e4chsten, wundersch\u00f6nen Ostseestrand und nur wenige Gehminuten zum&nbsp;Zentrum Dierhagen. Das <a href=\"https:\/\/www.tui.com\/hotels\/ostseehotel-dierhagen-75115\/hotelinformation\/\" target=\"_blank\" rel=\"noopener noreferrer\">Ostseehotel Dierhagen<\/a> wurde 2015 komplett renoviert und ist dementsprechend sehr modern gestaltet. Auch die sehr gute, regionale und abwechslungsreiche K\u00fcche l\u00e4sst keine W\u00fcnsche offen.<\/p>\n\n\n\n<p>Auf die Wellnessfreunde wartet ein ein toller Spa-Bereich mit gro\u00dfem Pool, ein Tauchbecken sowie drei Saunen. Wer die Zeit lieber drau\u00dfen an der frischen Luft verbringen mag, sollte sich die Wander- und Radwege in der unmittelbaren Umgebung anschauen.<\/p>\n\n\n\n<p>Parkpl\u00e4tze befinden sich in unmittelbarer N\u00e4he des Hotels.<\/p>\n\n\n\n<p>\u25ba<a href=\"https:\/\/www.tui.com\/hotels\/ostseehotel-dierhagen-75115\/hotelinformation\/\" target=\"_blank\" rel=\"noopener noreferrer\"> Zum Hotel<\/a><\/p>\n\n\n\n<figure class=\"wp-block-gallery has-nested-images columns-2 is-cropped wp-block-gallery-1 is-layout-flex wp-block-gallery-is-layout-flex\">\n<figure class=\"wp-block-image size-large\"><img decoding=\"async\" width=\"1000\" height=\"563\" data-id=\"154546\" src=\"https:\/\/www.tui.com\/blog\/wp-content\/uploads\/2023\/04\/ostseehotel-dierhagen-1000x563.jpg\" alt=\"Ostseehotel Dierhagen\" class=\"wp-image-154546\" srcset=\"https:\/\/www.tui.com\/blog\/wp-content\/uploads\/2023\/04\/ostseehotel-dierhagen-1000x563.jpg 1000w, https:\/\/www.tui.com\/blog\/wp-content\/uploads\/2023\/04\/ostseehotel-dierhagen-790x444.jpg 790w, https:\/\/www.tui.com\/blog\/wp-content\/uploads\/2023\/04\/ostseehotel-dierhagen-320x180.jpg 320w, https:\/\/www.tui.com\/blog\/wp-content\/uploads\/2023\/04\/ostseehotel-dierhagen-768x432.jpg 768w, https:\/\/www.tui.com\/blog\/wp-content\/uploads\/2023\/04\/ostseehotel-dierhagen.jpg 1400w\" sizes=\"(max-width: 1000px) 100vw, 1000px\" \/><\/figure>\n\n\n\n<figure class=\"wp-block-image size-large\"><img decoding=\"async\" width=\"1000\" height=\"563\" data-id=\"154548\" src=\"https:\/\/www.tui.com\/blog\/wp-content\/uploads\/2023\/04\/ostseehotel-dierhagen-pool-1000x563.jpg\" alt=\"Ostseehotel Dierhagen\" class=\"wp-image-154548\" srcset=\"https:\/\/www.tui.com\/blog\/wp-content\/uploads\/2023\/04\/ostseehotel-dierhagen-pool-1000x563.jpg 1000w, https:\/\/www.tui.com\/blog\/wp-content\/uploads\/2023\/04\/ostseehotel-dierhagen-pool-790x444.jpg 790w, https:\/\/www.tui.com\/blog\/wp-content\/uploads\/2023\/04\/ostseehotel-dierhagen-pool-320x180.jpg 320w, https:\/\/www.tui.com\/blog\/wp-content\/uploads\/2023\/04\/ostseehotel-dierhagen-pool-768x432.jpg 768w, https:\/\/www.tui.com\/blog\/wp-content\/uploads\/2023\/04\/ostseehotel-dierhagen-pool.jpg 1400w\" sizes=\"(max-width: 1000px) 100vw, 1000px\" \/><\/figure>\n<\/figure>\n\n\n\n<h2 class=\"wp-block-heading\">5* A-ROSA Travem\u00fcnde in&nbsp;Travem\u00fcnde<\/h2>\n\n\n\n<p>Wer sich mal eine Auszeit vom Alltag nehmen m\u00f6chte, ist im <a href=\"https:\/\/www.tui.com\/hotels\/a-rosa-travemuende-68736\/hotelinformation\/\" target=\"_blank\" rel=\"noopener noreferrer\">A-ROSA Travem\u00fcnde<\/a> bestens aufgehoben. Das denkmalgesch\u00fctzte Kurhaushotel wartet mit dem mehrfach ausgezeichneten <strong>SPA-ROSA<\/strong> auf, ein Traum auf 4500&nbsp;m\u00b2 mit Eisgrotte, finnischer Sauna, Bio-Sauna, Tepidarium, Massageanwendungen, Ayurvedazentrum, Solarium und und und. Das 5* Sterne Hotel liegt direkt an der Strandpromenade, die zu sch\u00f6nen Abendspazierg\u00e4ngen einl\u00e4dt.&nbsp;Ein Highlight ist der Pool des A-ROSA, in welchen \u00fcber eine eigene Leitung Ostseewasser hineingepumpt wird. Auch die&nbsp;hochwertige Kulinarik im Hotel und die gro\u00dfen, mindestens 25 m\u00b2 gro\u00dfen Zimmer, sind hervorzuheben!<\/p>\n\n\n\n<p>Die Golfer unter euch werden sich im A-ROSA Travem\u00fcnde ebenso wohlf\u00fchlen. Gleich nebenan gibt es einen 9 Loch, 18 Loch und 27 Loch Platz (Handicap 36).<\/p>\n\n\n\n<p>Au\u00dfenstellpl\u00e4tze und ein Parkhaus befinden sich auf dem Resort-Gel\u00e4nde und kosten 14 Euro pro Tag.<\/p>\n\n\n\n<p>\u25ba<a href=\"https:\/\/www.tui.com\/hotels\/a-rosa-travemuende-68736\/hotelinformation\/\" target=\"_blank\" rel=\"noopener noreferrer\"> Zum Hotel<\/a><\/p>\n\n\n\n<figure class=\"wp-block-gallery has-nested-images columns-2 is-cropped wp-block-gallery-2 is-layout-flex wp-block-gallery-is-layout-flex\">\n<figure class=\"wp-block-image size-large\"><img decoding=\"async\" width=\"1000\" height=\"563\" data-id=\"154550\" src=\"https:\/\/www.tui.com\/blog\/wp-content\/uploads\/2023\/04\/arosa-travemuende-2-1000x563.jpg\" alt=\"A-ROSA Travem\u00fcnde\" class=\"wp-image-154550\" srcset=\"https:\/\/www.tui.com\/blog\/wp-content\/uploads\/2023\/04\/arosa-travemuende-2-1000x563.jpg 1000w, https:\/\/www.tui.com\/blog\/wp-content\/uploads\/2023\/04\/arosa-travemuende-2-790x444.jpg 790w, https:\/\/www.tui.com\/blog\/wp-content\/uploads\/2023\/04\/arosa-travemuende-2-320x180.jpg 320w, https:\/\/www.tui.com\/blog\/wp-content\/uploads\/2023\/04\/arosa-travemuende-2-768x432.jpg 768w, https:\/\/www.tui.com\/blog\/wp-content\/uploads\/2023\/04\/arosa-travemuende-2.jpg 1400w\" sizes=\"(max-width: 1000px) 100vw, 1000px\" \/><\/figure>\n\n\n\n<figure class=\"wp-block-image size-large\"><img decoding=\"async\" width=\"1000\" height=\"563\" data-id=\"154552\" src=\"https:\/\/www.tui.com\/blog\/wp-content\/uploads\/2023\/04\/arosa-travemuende-pool-1000x563.jpg\" alt=\"A-ROSA Travem\u00fcnde\" class=\"wp-image-154552\" srcset=\"https:\/\/www.tui.com\/blog\/wp-content\/uploads\/2023\/04\/arosa-travemuende-pool-1000x563.jpg 1000w, https:\/\/www.tui.com\/blog\/wp-content\/uploads\/2023\/04\/arosa-travemuende-pool-790x444.jpg 790w, https:\/\/www.tui.com\/blog\/wp-content\/uploads\/2023\/04\/arosa-travemuende-pool-320x180.jpg 320w, https:\/\/www.tui.com\/blog\/wp-content\/uploads\/2023\/04\/arosa-travemuende-pool-768x432.jpg 768w, https:\/\/www.tui.com\/blog\/wp-content\/uploads\/2023\/04\/arosa-travemuende-pool.jpg 1400w\" sizes=\"(max-width: 1000px) 100vw, 1000px\" \/><\/figure>\n<\/figure>\n\n\n\n<h2 class=\"wp-block-heading\">4*&nbsp;Seehotel Binz-Therme R\u00fcgen&nbsp;in&nbsp;Binz<\/h2>\n\n\n\n<p>Wie im Toten Meer! Im <a href=\"https:\/\/www.tui.com\/hotels\/seehotel-binz-therme-ruegen-9061\/hotelinformation\/\" target=\"_blank\" rel=\"noopener noreferrer\">Seehotel Binz-Therme R\u00fcgen<\/a> erwartet euch das an der Ostsee einzigartige <strong>Thermal-Sole-Heilwasser<\/strong>, in dem ihr euch bei 34 Grad so richtig entspannen k\u00f6nnt. Wer Bewegung braucht, findet diese beim Aqua Fitness im gro\u00dfen Bewegunsbecken, beim Nordic Walking, auf den gef\u00fchrten Wandertouren oder im Fitnessraum. Au\u00dferdem k\u00f6nnt ihr euch zum 13 Kilometer langen Sandstrand gleich in der N\u00e4he begeben oder ihr lauft bzw. fahrt mit dem Leihrad (das Hotel stellt passende Fahrr\u00e4der zur Verf\u00fcgung) die autofreie Strandpromenade entlang bis nach Binz (ca. 2,5 km). Entspannung findet ihr in den 5 verschiedenen Saunen und Dampfb\u00e4dern sowie auf der der tollen Sonnenterrasse.<\/p>\n\n\n\n<p>Parkm\u00f6glichkeiten befinden sich kostenfrei direkt in der N\u00e4he des Hotels.<\/p>\n\n\n\n<p>\u25ba <a href=\"https:\/\/www.tui.com\/hotels\/seehotel-binz-therme-ruegen-9061\/hotelinformation\/\" target=\"_blank\" rel=\"noopener noreferrer\">Zum Hotel<\/a><\/p>\n\n\n\n<p><\/p>\n\n\n\n<figure class=\"wp-block-gallery has-nested-images columns-2 is-cropped wp-block-gallery-3 is-layout-flex wp-block-gallery-is-layout-flex\">\n<figure class=\"wp-block-image size-large\"><img decoding=\"async\" width=\"1000\" height=\"563\" data-id=\"154554\" src=\"https:\/\/www.tui.com\/blog\/wp-content\/uploads\/2023\/04\/seehotel-binz-therme-ruegen-1000x563.jpg\" alt=\"Seehotel Binz-Therme R\u00fcgen\" class=\"wp-image-154554\" srcset=\"https:\/\/www.tui.com\/blog\/wp-content\/uploads\/2023\/04\/seehotel-binz-therme-ruegen-1000x563.jpg 1000w, https:\/\/www.tui.com\/blog\/wp-content\/uploads\/2023\/04\/seehotel-binz-therme-ruegen-790x444.jpg 790w, https:\/\/www.tui.com\/blog\/wp-content\/uploads\/2023\/04\/seehotel-binz-therme-ruegen-320x180.jpg 320w, https:\/\/www.tui.com\/blog\/wp-content\/uploads\/2023\/04\/seehotel-binz-therme-ruegen-768x432.jpg 768w, https:\/\/www.tui.com\/blog\/wp-content\/uploads\/2023\/04\/seehotel-binz-therme-ruegen.jpg 1152w\" sizes=\"(max-width: 1000px) 100vw, 1000px\" \/><\/figure>\n\n\n\n<figure class=\"wp-block-image size-large\"><img decoding=\"async\" width=\"1000\" height=\"563\" data-id=\"154556\" src=\"https:\/\/www.tui.com\/blog\/wp-content\/uploads\/2023\/04\/seehotel-binz-therme-ruegen-pool-1000x563.jpg\" alt=\"Seehotel Binz-Therme R\u00fcgen\" class=\"wp-image-154556\" srcset=\"https:\/\/www.tui.com\/blog\/wp-content\/uploads\/2023\/04\/seehotel-binz-therme-ruegen-pool-1000x563.jpg 1000w, https:\/\/www.tui.com\/blog\/wp-content\/uploads\/2023\/04\/seehotel-binz-therme-ruegen-pool-790x444.jpg 790w, https:\/\/www.tui.com\/blog\/wp-content\/uploads\/2023\/04\/seehotel-binz-therme-ruegen-pool-320x180.jpg 320w, https:\/\/www.tui.com\/blog\/wp-content\/uploads\/2023\/04\/seehotel-binz-therme-ruegen-pool-768x432.jpg 768w, https:\/\/www.tui.com\/blog\/wp-content\/uploads\/2023\/04\/seehotel-binz-therme-ruegen-pool.jpg 1400w\" sizes=\"(max-width: 1000px) 100vw, 1000px\" \/><\/figure>\n<\/figure>\n\n\n\n<h2 class=\"wp-block-heading\">4,5*&nbsp;Cliff-Hotel R\u00fcgen in Sellin<\/h2>\n\n\n\n<p>Wer zu Ostern an der Ostsee Wellness w\u00fcnscht, ist auch im <a href=\"https:\/\/www.tui.com\/hotels\/cliff-hotel-ruegen-10494\/hotelinformation\/\" target=\"_blank\" rel=\"noopener noreferrer\">Cliff-Hotel R\u00fcgen<\/a> bestens aufgehoben. Hier wartet n\u00e4mlich ein hervorragender, 2000 m\u00b2 gro\u00dfer, Spa-Bereich mit finnischer Sauna, Aroma\u00f6lsauna, Dampfbad sowie Tepidarium und das gr\u00f6\u00dfte Hotelschwimmbad R\u00fcgens mit einem 24m-Sport-Pool auf euch.<\/p>\n\n\n\n<p>Die Lage des Hotels im <strong>Biosph\u00e4renreservat<\/strong> ist einfach perfekt. Der hoteleigene Sandstrand ist nur wenige Schritte entfernt, genauso wie der ruhige Wald. Zur Seebr\u00fccke Ostseebad Sellin sind es 2,5 Kilometer.<\/p>\n\n\n\n<p>Parkm\u00f6glichkeiten befinden sich auf dem Gel\u00e4nde.<\/p>\n\n\n\n<p>\u25ba <a href=\"https:\/\/www.tui.com\/hotels\/cliff-hotel-ruegen-10494\/hotelinformation\/\" target=\"_blank\" rel=\"noopener noreferrer\">Zum Hotel<\/a><\/p>\n\n\n\n<figure class=\"wp-block-gallery has-nested-images columns-2 is-cropped wp-block-gallery-4 is-layout-flex wp-block-gallery-is-layout-flex\">\n<figure class=\"wp-block-image size-large\"><img decoding=\"async\" width=\"1000\" height=\"563\" data-id=\"154558\" src=\"https:\/\/www.tui.com\/blog\/wp-content\/uploads\/2023\/04\/cliff-hotel-ruegen-1000x563.jpg\" alt=\"Cliff-Hotel R\u00fcgen\" class=\"wp-image-154558\" srcset=\"https:\/\/www.tui.com\/blog\/wp-content\/uploads\/2023\/04\/cliff-hotel-ruegen-1000x563.jpg 1000w, https:\/\/www.tui.com\/blog\/wp-content\/uploads\/2023\/04\/cliff-hotel-ruegen-790x444.jpg 790w, https:\/\/www.tui.com\/blog\/wp-content\/uploads\/2023\/04\/cliff-hotel-ruegen-320x180.jpg 320w, https:\/\/www.tui.com\/blog\/wp-content\/uploads\/2023\/04\/cliff-hotel-ruegen-768x432.jpg 768w, https:\/\/www.tui.com\/blog\/wp-content\/uploads\/2023\/04\/cliff-hotel-ruegen.jpg 1400w\" sizes=\"(max-width: 1000px) 100vw, 1000px\" \/><\/figure>\n\n\n\n<figure class=\"wp-block-image size-large\"><img decoding=\"async\" width=\"1000\" height=\"563\" data-id=\"154560\" src=\"https:\/\/www.tui.com\/blog\/wp-content\/uploads\/2023\/04\/cliff-hotel-ruegen-ostsee-1000x563.jpg\" alt=\"Cliff-Hotel R\u00fcgen\" class=\"wp-image-154560\" srcset=\"https:\/\/www.tui.com\/blog\/wp-content\/uploads\/2023\/04\/cliff-hotel-ruegen-ostsee-1000x563.jpg 1000w, https:\/\/www.tui.com\/blog\/wp-content\/uploads\/2023\/04\/cliff-hotel-ruegen-ostsee-790x444.jpg 790w, https:\/\/www.tui.com\/blog\/wp-content\/uploads\/2023\/04\/cliff-hotel-ruegen-ostsee-320x180.jpg 320w, https:\/\/www.tui.com\/blog\/wp-content\/uploads\/2023\/04\/cliff-hotel-ruegen-ostsee-768x432.jpg 768w, https:\/\/www.tui.com\/blog\/wp-content\/uploads\/2023\/04\/cliff-hotel-ruegen-ostsee.jpg 1186w\" sizes=\"(max-width: 1000px) 100vw, 1000px\" \/><\/figure>\n<\/figure>\n\n\n\n<h2 class=\"wp-block-heading tn-u-m-t0 bold font27\" id=\"header-headline\">4* Das Ahlbeck Hotel &amp; Spa&nbsp;in Ahlbeck<\/h2>\n\n\n\n<p>Das schicke Boutique Hotel ist genau das Richtige f\u00fcr Ruhesuchende, die sich bei frischer Ostseeluft verw\u00f6hnen lassen wollen! Sehr zentral gelegen, direkt an der Strandpromenade und nur wenige Meter von der Seebr\u00fccke entfernt, l\u00e4dt das <a href=\"https:\/\/www.tui.com\/hotels\/das-ahlbeck-hotel-and-spa-76373\/hotelinformation\/\" target=\"_blank\" rel=\"noopener noreferrer\">Ahlbeck Hotel &amp; Spa<\/a> zu ausgiebigen Spazierg\u00e4ngen und Joggingl\u00e4ufen ein. Entspannen k\u00f6nnt ihr euch im stylischen 1250&nbsp;m\u00b2 gro\u00dfen Wellnessbereich, der vier Saunen, eine Eisgrotte, einen Indoorpool mit Whirlpool und tolle Beauty- und Massageanwendungen bereit h\u00e4lt. Gem\u00fctlich machen&nbsp;k\u00f6nnt ihr es euch auch beim reichhaltigen, gesunden Fr\u00fchst\u00fcck im <strong>Strandkorb auf der Sonnenterasse oder im Kaminzimmer<\/strong>.<\/p>\n\n\n\n<p>Parken k\u00f6nnt ihr in der Garage f\u00fcr 8 Euro pro Auto pro Nacht.<\/p>\n\n\n\n<p>\u25ba <a href=\"https:\/\/www.tui.com\/hotels\/das-ahlbeck-hotel-and-spa-76373\/hotelinformation\/\" target=\"_blank\" rel=\"noopener noreferrer\">Zum Hotel<\/a><\/p>\n\n\n\n<figure class=\"wp-block-gallery has-nested-images columns-2 is-cropped wp-block-gallery-5 is-layout-flex wp-block-gallery-is-layout-flex\">\n<figure class=\"wp-block-image size-large\"><img decoding=\"async\" width=\"1000\" height=\"563\" data-id=\"154562\" src=\"https:\/\/www.tui.com\/blog\/wp-content\/uploads\/2023\/04\/ahlbeck-hotel-und-spa-1000x563.jpg\" alt=\"Das Ahlbeck Hotel &amp; Spa\" class=\"wp-image-154562\" srcset=\"https:\/\/www.tui.com\/blog\/wp-content\/uploads\/2023\/04\/ahlbeck-hotel-und-spa-1000x563.jpg 1000w, https:\/\/www.tui.com\/blog\/wp-content\/uploads\/2023\/04\/ahlbeck-hotel-und-spa-790x444.jpg 790w, https:\/\/www.tui.com\/blog\/wp-content\/uploads\/2023\/04\/ahlbeck-hotel-und-spa-320x180.jpg 320w, https:\/\/www.tui.com\/blog\/wp-content\/uploads\/2023\/04\/ahlbeck-hotel-und-spa-768x432.jpg 768w, https:\/\/www.tui.com\/blog\/wp-content\/uploads\/2023\/04\/ahlbeck-hotel-und-spa.jpg 1400w\" sizes=\"(max-width: 1000px) 100vw, 1000px\" \/><\/figure>\n\n\n\n<figure class=\"wp-block-image size-large\"><img decoding=\"async\" width=\"1000\" height=\"563\" data-id=\"154564\" src=\"https:\/\/www.tui.com\/blog\/wp-content\/uploads\/2023\/04\/ahlbeck-hotel-und-spa-seebruecke-1000x563.jpg\" alt=\"Das Ahlbeck Hotel &amp; Spa\" class=\"wp-image-154564\" srcset=\"https:\/\/www.tui.com\/blog\/wp-content\/uploads\/2023\/04\/ahlbeck-hotel-und-spa-seebruecke-1000x563.jpg 1000w, https:\/\/www.tui.com\/blog\/wp-content\/uploads\/2023\/04\/ahlbeck-hotel-und-spa-seebruecke-790x444.jpg 790w, https:\/\/www.tui.com\/blog\/wp-content\/uploads\/2023\/04\/ahlbeck-hotel-und-spa-seebruecke-320x180.jpg 320w, https:\/\/www.tui.com\/blog\/wp-content\/uploads\/2023\/04\/ahlbeck-hotel-und-spa-seebruecke-768x432.jpg 768w, https:\/\/www.tui.com\/blog\/wp-content\/uploads\/2023\/04\/ahlbeck-hotel-und-spa-seebruecke.jpg 1400w\" sizes=\"(max-width: 1000px) 100vw, 1000px\" \/><\/figure>\n<\/figure>\n\n\n\n<p>Ich w\u00fcnsche euch ein ruhiges Ostern an der <a href=\"https:\/\/www.tui.com\/pauschalreisen\/deutschland\/ostsee\/\" target=\"_blank\" rel=\"noopener noreferrer\">Ostsee<\/a> in einem unserer 5 Wohlf\u00fchlhotels! Wer nach mehr Ostsee-Inspiration sucht, wird hier f\u00fcndig: \u25ba <a href=\"https:\/\/www.tui.com\/blog\/die-top-5-romantik-hotels-an-der-ostsee\">DIE TOP 5 ROMANTIK HOTELS AN DER OSTSEE<\/a><a href=\"https:\/\/www.tui.com\/blog\/die-top-5-romantik-hotels-an-der-ostsee\"><br><\/a><\/p>\n","protected":false},"excerpt":{"rendered":"<p>Die Eisdielen \u00f6ffnen ihre Pforten, Grillgeruch liegt in der Nase, die \u00dcbergangsjacke wird aus der verstaubten Kiste geholt und die Sonnenbrille sitzt auf der Nase. Das kann nur eines hei\u00dfen: Der Fr\u00fchling ist endlich da! Und damit auch die Lust, die Tage weniger im B\u00fcro und lieber an der frischen Luft am Strand zu verbringen. Gut, dass bald die Osterfeiertage an die T\u00fcr klopfen und uns ein paar Tage Urlaub spendieren! Denn wie klingt Ostern an der Ostsee f\u00fcr euch? F\u00fcr euren spontanen Kurzurlaub zeigen wir euch heute in welchen TOP 5 Ostseehotels ihr die Tage zwischen dem 08. und 23. April am besten verbringen k\u00f6nnt.<\/p>\n","protected":false},"author":93,"featured_media":154550,"comment_status":"open","ping_status":"open","sticky":false,"template":"","format":"standard","meta":{"_acf_changed":false,"footnotes":""},"categories":[4068,4040,4052,4072,4030,4056],"tags":[149,602,441,532,476,310],"class_list":["post-154544","post","type-post","status-publish","format-standard","has-post-thumbnail","hentry","category-archiv-beste-reisezeit","category-archiv-deutschland","category-archiv-reisearten","category-archiv-reiseplanung","category-archiv-reiseziele","category-archiv-urlaub-am-meer","tag-feiertage","tag-hoteltipps","tag-kurztrip","tag-ostern","tag-ostsee","tag-wellness"],"acf":[],"yoast_head":"<!-- This site is optimized with the Yoast SEO plugin v27.4 - https:\/\/yoast.com\/product\/yoast-seo-wordpress\/ -->\n<title>Ostern an der Ostsee: Unsere TOP 5 Ostseehotels - TUI.com Reiseblog \u2600<\/title>\n<meta name=\"robots\" content=\"index, follow, max-snippet:-1, max-image-preview:large, max-video-preview:-1\" \/>\n<link rel=\"canonical\" href=\"https:\/\/www.tui.com\/blog\/ostern-an-der-ostsee-unser-top-5-ostseehotels\/\" \/>\n<meta property=\"og:locale\" content=\"de_DE\" \/>\n<meta property=\"og:type\" content=\"article\" \/>\n<meta property=\"og:title\" content=\"Ostern an der Ostsee: Unsere TOP 5 Ostseehotels - TUI.com Reiseblog \u2600\" \/>\n<meta property=\"og:description\" content=\"Die Eisdielen \u00f6ffnen ihre Pforten, Grillgeruch liegt in der Nase, die \u00dcbergangsjacke wird aus der verstaubten Kiste geholt und die Sonnenbrille sitzt auf der Nase. Das kann nur eines hei\u00dfen: Der Fr\u00fchling ist endlich da! Und damit auch die Lust, die Tage weniger im B\u00fcro und lieber an der frischen Luft am Strand zu verbringen. Gut, dass bald die Osterfeiertage an die T\u00fcr klopfen und uns ein paar Tage Urlaub spendieren! Denn wie klingt Ostern an der Ostsee f\u00fcr euch? F\u00fcr euren spontanen Kurzurlaub zeigen wir euch heute in welchen TOP 5 Ostseehotels ihr die Tage zwischen dem 08. und 23. April am besten verbringen k\u00f6nnt.\" \/>\n<meta property=\"og:url\" content=\"https:\/\/www.tui.com\/blog\/ostern-an-der-ostsee-unser-top-5-ostseehotels\/\" \/>\n<meta property=\"og:site_name\" content=\"TUI.com Reiseblog \u2600\" \/>\n<meta property=\"article:published_time\" content=\"2017-04-03T08:00:27+00:00\" \/>\n<meta property=\"article:modified_time\" content=\"2025-05-12T12:17:24+00:00\" \/>\n<meta property=\"og:image\" content=\"https:\/\/www.tui.com\/blog\/wp-content\/uploads\/2023\/04\/arosa-travemuende-2.jpg\" \/>\n\t<meta property=\"og:image:width\" content=\"1400\" \/>\n\t<meta property=\"og:image:height\" content=\"788\" \/>\n\t<meta property=\"og:image:type\" content=\"image\/jpeg\" \/>\n<meta name=\"author\" content=\"Miriam P\u00f6schel\" \/>\n<meta name=\"twitter:card\" content=\"summary_large_image\" \/>\n<meta name=\"twitter:creator\" content=\"@blogadm\" \/>\n<meta name=\"twitter:label1\" content=\"Verfasst von\" \/>\n\t<meta name=\"twitter:data1\" content=\"Miriam P\u00f6schel\" \/>\n\t<meta name=\"twitter:label2\" content=\"Gesch\u00e4tzte Lesezeit\" \/>\n\t<meta name=\"twitter:data2\" content=\"4\u00a0Minuten\" \/>\n<script type=\"application\/ld+json\" class=\"yoast-schema-graph\">{\"@context\":\"https:\\\/\\\/schema.org\",\"@graph\":[{\"@type\":\"BlogPosting\",\"@id\":\"https:\\\/\\\/www.tui.com\\\/blog\\\/ostern-an-der-ostsee-unser-top-5-ostseehotels\\\/#article\",\"isPartOf\":{\"@id\":\"https:\\\/\\\/www.tui.com\\\/blog\\\/ostern-an-der-ostsee-unser-top-5-ostseehotels\\\/\"},\"author\":{\"name\":\"Miriam P\u00f6schel\",\"@id\":\"https:\\\/\\\/www.tui.com\\\/blog\\\/#\\\/schema\\\/person\\\/6a59d7c2e04a0e2a8f547f4b8ad82764\"},\"headline\":\"Ostern an der Ostsee: Unsere TOP 5 Ostseehotels\",\"datePublished\":\"2017-04-03T08:00:27+00:00\",\"dateModified\":\"2025-05-12T12:17:24+00:00\",\"mainEntityOfPage\":{\"@id\":\"https:\\\/\\\/www.tui.com\\\/blog\\\/ostern-an-der-ostsee-unser-top-5-ostseehotels\\\/\"},\"wordCount\":846,\"commentCount\":0,\"publisher\":{\"@id\":\"https:\\\/\\\/www.tui.com\\\/blog\\\/#organization\"},\"image\":{\"@id\":\"https:\\\/\\\/www.tui.com\\\/blog\\\/ostern-an-der-ostsee-unser-top-5-ostseehotels\\\/#primaryimage\"},\"thumbnailUrl\":\"https:\\\/\\\/www.tui.com\\\/blog\\\/wp-content\\\/uploads\\\/2023\\\/04\\\/arosa-travemuende-2.jpg\",\"keywords\":[\"Feiertage\",\"Hoteltipps\",\"Kurztrip\",\"Ostern\",\"Ostsee\",\"Wellness\"],\"articleSection\":[\"Beste Reisezeit\",\"Deutschland\",\"Reisearten\",\"Reiseplanung\",\"Reiseziele\",\"Urlaub am Meer\"],\"inLanguage\":\"de\",\"potentialAction\":[{\"@type\":\"CommentAction\",\"name\":\"Comment\",\"target\":[\"https:\\\/\\\/www.tui.com\\\/blog\\\/ostern-an-der-ostsee-unser-top-5-ostseehotels\\\/#respond\"]}]},{\"@type\":\"WebPage\",\"@id\":\"https:\\\/\\\/www.tui.com\\\/blog\\\/ostern-an-der-ostsee-unser-top-5-ostseehotels\\\/\",\"url\":\"https:\\\/\\\/www.tui.com\\\/blog\\\/ostern-an-der-ostsee-unser-top-5-ostseehotels\\\/\",\"name\":\"Ostern an der Ostsee: Unsere TOP 5 Ostseehotels - TUI.com Reiseblog \u2600\",\"isPartOf\":{\"@id\":\"https:\\\/\\\/www.tui.com\\\/blog\\\/#website\"},\"primaryImageOfPage\":{\"@id\":\"https:\\\/\\\/www.tui.com\\\/blog\\\/ostern-an-der-ostsee-unser-top-5-ostseehotels\\\/#primaryimage\"},\"image\":{\"@id\":\"https:\\\/\\\/www.tui.com\\\/blog\\\/ostern-an-der-ostsee-unser-top-5-ostseehotels\\\/#primaryimage\"},\"thumbnailUrl\":\"https:\\\/\\\/www.tui.com\\\/blog\\\/wp-content\\\/uploads\\\/2023\\\/04\\\/arosa-travemuende-2.jpg\",\"datePublished\":\"2017-04-03T08:00:27+00:00\",\"dateModified\":\"2025-05-12T12:17:24+00:00\",\"breadcrumb\":{\"@id\":\"https:\\\/\\\/www.tui.com\\\/blog\\\/ostern-an-der-ostsee-unser-top-5-ostseehotels\\\/#breadcrumb\"},\"inLanguage\":\"de\",\"potentialAction\":[{\"@type\":\"ReadAction\",\"target\":[\"https:\\\/\\\/www.tui.com\\\/blog\\\/ostern-an-der-ostsee-unser-top-5-ostseehotels\\\/\"]}]},{\"@type\":\"ImageObject\",\"inLanguage\":\"de\",\"@id\":\"https:\\\/\\\/www.tui.com\\\/blog\\\/ostern-an-der-ostsee-unser-top-5-ostseehotels\\\/#primaryimage\",\"url\":\"https:\\\/\\\/www.tui.com\\\/blog\\\/wp-content\\\/uploads\\\/2023\\\/04\\\/arosa-travemuende-2.jpg\",\"contentUrl\":\"https:\\\/\\\/www.tui.com\\\/blog\\\/wp-content\\\/uploads\\\/2023\\\/04\\\/arosa-travemuende-2.jpg\",\"width\":1400,\"height\":788,\"caption\":\"A-ROSA Travem\u00fcnde\"},{\"@type\":\"BreadcrumbList\",\"@id\":\"https:\\\/\\\/www.tui.com\\\/blog\\\/ostern-an-der-ostsee-unser-top-5-ostseehotels\\\/#breadcrumb\",\"itemListElement\":[{\"@type\":\"ListItem\",\"position\":1,\"name\":\"Startseite\",\"item\":\"https:\\\/\\\/www.tui.com\\\/blog\\\/\"},{\"@type\":\"ListItem\",\"position\":2,\"name\":\"Ostern an der Ostsee: Unsere TOP 5 Ostseehotels\"}]},{\"@type\":\"WebSite\",\"@id\":\"https:\\\/\\\/www.tui.com\\\/blog\\\/#website\",\"url\":\"https:\\\/\\\/www.tui.com\\\/blog\\\/\",\"name\":\"TUI.com Reiseblog \u2600\",\"description\":\"Abenteuer oder lieber an den Strand? \u2600 Der TUI Reiseblog bietet tolle Infos rund um deine n\u00e4chste Reise \u2708 Komm vorbei und lass dich inspirieren \u221a\",\"publisher\":{\"@id\":\"https:\\\/\\\/www.tui.com\\\/blog\\\/#organization\"},\"potentialAction\":[{\"@type\":\"SearchAction\",\"target\":{\"@type\":\"EntryPoint\",\"urlTemplate\":\"https:\\\/\\\/www.tui.com\\\/blog\\\/?s={search_term_string}\"},\"query-input\":{\"@type\":\"PropertyValueSpecification\",\"valueRequired\":true,\"valueName\":\"search_term_string\"}}],\"inLanguage\":\"de\"},{\"@type\":\"Organization\",\"@id\":\"https:\\\/\\\/www.tui.com\\\/blog\\\/#organization\",\"name\":\"TUI.com Reiseblog \u2600\",\"url\":\"https:\\\/\\\/www.tui.com\\\/blog\\\/\",\"logo\":{\"@type\":\"ImageObject\",\"inLanguage\":\"de\",\"@id\":\"https:\\\/\\\/www.tui.com\\\/blog\\\/#\\\/schema\\\/logo\\\/image\\\/\",\"url\":\"https:\\\/\\\/www.tui.com\\\/blog\\\/wp-content\\\/uploads\\\/2023\\\/04\\\/cropped-tui-logo-3.png\",\"contentUrl\":\"https:\\\/\\\/www.tui.com\\\/blog\\\/wp-content\\\/uploads\\\/2023\\\/04\\\/cropped-tui-logo-3.png\",\"width\":164,\"height\":72,\"caption\":\"TUI.com Reiseblog \u2600\"},\"image\":{\"@id\":\"https:\\\/\\\/www.tui.com\\\/blog\\\/#\\\/schema\\\/logo\\\/image\\\/\"}},{\"@type\":\"Person\",\"@id\":\"https:\\\/\\\/www.tui.com\\\/blog\\\/#\\\/schema\\\/person\\\/6a59d7c2e04a0e2a8f547f4b8ad82764\",\"name\":\"Miriam P\u00f6schel\",\"image\":{\"@type\":\"ImageObject\",\"inLanguage\":\"de\",\"@id\":\"https:\\\/\\\/www.tui.com\\\/blog\\\/wp-content\\\/uploads\\\/2016\\\/11\\\/miriam-profilbild-klein-200x180.jpg\",\"url\":\"https:\\\/\\\/www.tui.com\\\/blog\\\/wp-content\\\/uploads\\\/2016\\\/11\\\/miriam-profilbild-klein-200x180.jpg\",\"contentUrl\":\"https:\\\/\\\/www.tui.com\\\/blog\\\/wp-content\\\/uploads\\\/2016\\\/11\\\/miriam-profilbild-klein-200x180.jpg\",\"caption\":\"Miriam P\u00f6schel\"},\"description\":\"Raus in die Welt und aus der Komfortzone!\",\"sameAs\":[\"https:\\\/\\\/x.com\\\/blogadm\"],\"url\":\"https:\\\/\\\/www.tui.com\\\/blog\\\/author\\\/miriam\\\/\"}]}<\/script>\n<!-- \/ Yoast SEO plugin. -->","yoast_head_json":{"title":"Ostern an der Ostsee: Unsere TOP 5 Ostseehotels - TUI.com Reiseblog \u2600","robots":{"index":"index","follow":"follow","max-snippet":"max-snippet:-1","max-image-preview":"max-image-preview:large","max-video-preview":"max-video-preview:-1"},"canonical":"https:\/\/www.tui.com\/blog\/ostern-an-der-ostsee-unser-top-5-ostseehotels\/","og_locale":"de_DE","og_type":"article","og_title":"Ostern an der Ostsee: Unsere TOP 5 Ostseehotels - TUI.com Reiseblog \u2600","og_description":"Die Eisdielen \u00f6ffnen ihre Pforten, Grillgeruch liegt in der Nase, die \u00dcbergangsjacke wird aus der verstaubten Kiste geholt und die Sonnenbrille sitzt auf der Nase. Das kann nur eines hei\u00dfen: Der Fr\u00fchling ist endlich da! Und damit auch die Lust, die Tage weniger im B\u00fcro und lieber an der frischen Luft am Strand zu verbringen. Gut, dass bald die Osterfeiertage an die T\u00fcr klopfen und uns ein paar Tage Urlaub spendieren! Denn wie klingt Ostern an der Ostsee f\u00fcr euch? F\u00fcr euren spontanen Kurzurlaub zeigen wir euch heute in welchen TOP 5 Ostseehotels ihr die Tage zwischen dem 08. und 23. April am besten verbringen k\u00f6nnt.","og_url":"https:\/\/www.tui.com\/blog\/ostern-an-der-ostsee-unser-top-5-ostseehotels\/","og_site_name":"TUI.com Reiseblog \u2600","article_published_time":"2017-04-03T08:00:27+00:00","article_modified_time":"2025-05-12T12:17:24+00:00","og_image":[{"width":1400,"height":788,"url":"https:\/\/www.tui.com\/blog\/wp-content\/uploads\/2023\/04\/arosa-travemuende-2.jpg","type":"image\/jpeg"}],"author":"Miriam P\u00f6schel","twitter_card":"summary_large_image","twitter_creator":"@blogadm","twitter_misc":{"Verfasst von":"Miriam P\u00f6schel","Gesch\u00e4tzte Lesezeit":"4\u00a0Minuten"},"schema":{"@context":"https:\/\/schema.org","@graph":[{"@type":"BlogPosting","@id":"https:\/\/www.tui.com\/blog\/ostern-an-der-ostsee-unser-top-5-ostseehotels\/#article","isPartOf":{"@id":"https:\/\/www.tui.com\/blog\/ostern-an-der-ostsee-unser-top-5-ostseehotels\/"},"author":{"name":"Miriam P\u00f6schel","@id":"https:\/\/www.tui.com\/blog\/#\/schema\/person\/6a59d7c2e04a0e2a8f547f4b8ad82764"},"headline":"Ostern an der Ostsee: Unsere TOP 5 Ostseehotels","datePublished":"2017-04-03T08:00:27+00:00","dateModified":"2025-05-12T12:17:24+00:00","mainEntityOfPage":{"@id":"https:\/\/www.tui.com\/blog\/ostern-an-der-ostsee-unser-top-5-ostseehotels\/"},"wordCount":846,"commentCount":0,"publisher":{"@id":"https:\/\/www.tui.com\/blog\/#organization"},"image":{"@id":"https:\/\/www.tui.com\/blog\/ostern-an-der-ostsee-unser-top-5-ostseehotels\/#primaryimage"},"thumbnailUrl":"https:\/\/www.tui.com\/blog\/wp-content\/uploads\/2023\/04\/arosa-travemuende-2.jpg","keywords":["Feiertage","Hoteltipps","Kurztrip","Ostern","Ostsee","Wellness"],"articleSection":["Beste Reisezeit","Deutschland","Reisearten","Reiseplanung","Reiseziele","Urlaub am Meer"],"inLanguage":"de","potentialAction":[{"@type":"CommentAction","name":"Comment","target":["https:\/\/www.tui.com\/blog\/ostern-an-der-ostsee-unser-top-5-ostseehotels\/#respond"]}]},{"@type":"WebPage","@id":"https:\/\/www.tui.com\/blog\/ostern-an-der-ostsee-unser-top-5-ostseehotels\/","url":"https:\/\/www.tui.com\/blog\/ostern-an-der-ostsee-unser-top-5-ostseehotels\/","name":"Ostern an der Ostsee: Unsere TOP 5 Ostseehotels - TUI.com Reiseblog \u2600","isPartOf":{"@id":"https:\/\/www.tui.com\/blog\/#website"},"primaryImageOfPage":{"@id":"https:\/\/www.tui.com\/blog\/ostern-an-der-ostsee-unser-top-5-ostseehotels\/#primaryimage"},"image":{"@id":"https:\/\/www.tui.com\/blog\/ostern-an-der-ostsee-unser-top-5-ostseehotels\/#primaryimage"},"thumbnailUrl":"https:\/\/www.tui.com\/blog\/wp-content\/uploads\/2023\/04\/arosa-travemuende-2.jpg","datePublished":"2017-04-03T08:00:27+00:00","dateModified":"2025-05-12T12:17:24+00:00","breadcrumb":{"@id":"https:\/\/www.tui.com\/blog\/ostern-an-der-ostsee-unser-top-5-ostseehotels\/#breadcrumb"},"inLanguage":"de","potentialAction":[{"@type":"ReadAction","target":["https:\/\/www.tui.com\/blog\/ostern-an-der-ostsee-unser-top-5-ostseehotels\/"]}]},{"@type":"ImageObject","inLanguage":"de","@id":"https:\/\/www.tui.com\/blog\/ostern-an-der-ostsee-unser-top-5-ostseehotels\/#primaryimage","url":"https:\/\/www.tui.com\/blog\/wp-content\/uploads\/2023\/04\/arosa-travemuende-2.jpg","contentUrl":"https:\/\/www.tui.com\/blog\/wp-content\/uploads\/2023\/04\/arosa-travemuende-2.jpg","width":1400,"height":788,"caption":"A-ROSA Travem\u00fcnde"},{"@type":"BreadcrumbList","@id":"https:\/\/www.tui.com\/blog\/ostern-an-der-ostsee-unser-top-5-ostseehotels\/#breadcrumb","itemListElement":[{"@type":"ListItem","position":1,"name":"Startseite","item":"https:\/\/www.tui.com\/blog\/"},{"@type":"ListItem","position":2,"name":"Ostern an der Ostsee: Unsere TOP 5 Ostseehotels"}]},{"@type":"WebSite","@id":"https:\/\/www.tui.com\/blog\/#website","url":"https:\/\/www.tui.com\/blog\/","name":"TUI.com Reiseblog \u2600","description":"Abenteuer oder lieber an den Strand? \u2600 Der TUI Reiseblog bietet tolle Infos rund um deine n\u00e4chste Reise \u2708 Komm vorbei und lass dich inspirieren \u221a","publisher":{"@id":"https:\/\/www.tui.com\/blog\/#organization"},"potentialAction":[{"@type":"SearchAction","target":{"@type":"EntryPoint","urlTemplate":"https:\/\/www.tui.com\/blog\/?s={search_term_string}"},"query-input":{"@type":"PropertyValueSpecification","valueRequired":true,"valueName":"search_term_string"}}],"inLanguage":"de"},{"@type":"Organization","@id":"https:\/\/www.tui.com\/blog\/#organization","name":"TUI.com Reiseblog \u2600","url":"https:\/\/www.tui.com\/blog\/","logo":{"@type":"ImageObject","inLanguage":"de","@id":"https:\/\/www.tui.com\/blog\/#\/schema\/logo\/image\/","url":"https:\/\/www.tui.com\/blog\/wp-content\/uploads\/2023\/04\/cropped-tui-logo-3.png","contentUrl":"https:\/\/www.tui.com\/blog\/wp-content\/uploads\/2023\/04\/cropped-tui-logo-3.png","width":164,"height":72,"caption":"TUI.com Reiseblog \u2600"},"image":{"@id":"https:\/\/www.tui.com\/blog\/#\/schema\/logo\/image\/"}},{"@type":"Person","@id":"https:\/\/www.tui.com\/blog\/#\/schema\/person\/6a59d7c2e04a0e2a8f547f4b8ad82764","name":"Miriam P\u00f6schel","image":{"@type":"ImageObject","inLanguage":"de","@id":"https:\/\/www.tui.com\/blog\/wp-content\/uploads\/2016\/11\/miriam-profilbild-klein-200x180.jpg","url":"https:\/\/www.tui.com\/blog\/wp-content\/uploads\/2016\/11\/miriam-profilbild-klein-200x180.jpg","contentUrl":"https:\/\/www.tui.com\/blog\/wp-content\/uploads\/2016\/11\/miriam-profilbild-klein-200x180.jpg","caption":"Miriam P\u00f6schel"},"description":"Raus in die Welt und aus der Komfortzone!","sameAs":["https:\/\/x.com\/blogadm"],"url":"https:\/\/www.tui.com\/blog\/author\/miriam\/"}]}},"_links":{"self":[{"href":"https:\/\/www.tui.com\/blog\/wp-json\/wp\/v2\/posts\/154544","targetHints":{"allow":["GET"]}}],"collection":[{"href":"https:\/\/www.tui.com\/blog\/wp-json\/wp\/v2\/posts"}],"about":[{"href":"https:\/\/www.tui.com\/blog\/wp-json\/wp\/v2\/types\/post"}],"author":[{"embeddable":true,"href":"https:\/\/www.tui.com\/blog\/wp-json\/wp\/v2\/users\/93"}],"replies":[{"embeddable":true,"href":"https:\/\/www.tui.com\/blog\/wp-json\/wp\/v2\/comments?post=154544"}],"version-history":[{"count":3,"href":"https:\/\/www.tui.com\/blog\/wp-json\/wp\/v2\/posts\/154544\/revisions"}],"predecessor-version":[{"id":468568,"href":"https:\/\/www.tui.com\/blog\/wp-json\/wp\/v2\/posts\/154544\/revisions\/468568"}],"wp:featuredmedia":[{"embeddable":true,"href":"https:\/\/www.tui.com\/blog\/wp-json\/wp\/v2\/media\/154550"}],"wp:attachment":[{"href":"https:\/\/www.tui.com\/blog\/wp-json\/wp\/v2\/media?parent=154544"}],"wp:term":[{"taxonomy":"category","embeddable":true,"href":"https:\/\/www.tui.com\/blog\/wp-json\/wp\/v2\/categories?post=154544"},{"taxonomy":"post_tag","embeddable":true,"href":"https:\/\/www.tui.com\/blog\/wp-json\/wp\/v2\/tags?post=154544"}],"curies":[{"name":"wp","href":"https:\/\/api.w.org\/{rel}","templated":true}]}}