{"id":157852,"date":"2017-08-15T10:00:03","date_gmt":"2017-08-15T08:00:03","guid":{"rendered":"https:\/\/blog.tui.info\/neu-in-griechenland-das-5-tui-sensimar-caravel-resort-spa\/"},"modified":"2025-04-23T09:57:44","modified_gmt":"2025-04-23T07:57:44","slug":"neu-in-griechenland-das-5-tui-sensimar-caravel-resort-spa","status":"publish","type":"post","link":"https:\/\/www.tui.com\/blog\/neu-in-griechenland-das-5-tui-sensimar-caravel-resort-spa\/","title":{"rendered":"Neu in Griechenland: Das 5* TUI BLUE Caravel"},"content":{"rendered":"\n<p class=\"firstTextGrey\">Und die Hotelmarke <a href=\"https:\/\/www.tui.com\/tui-blue\/\" target=\"_blank\" rel=\"noopener noreferrer\">TUI BLUE<\/a> w\u00e4chst weiter! Seit dem 1. Mai diesen Jahres k\u00f6nnt ihr im neu er\u00f6ffneten 5-Sterne TUI BLUE Caravel im lebendigen Ort Planos auf <a href=\"https:\/\/www.tui.com\/pauschalreisen\/griechenland\/zakynthos\/\">Zakynthos,<\/a> eine der Ionischen Inseln, urlauben. Concept &amp; Guest Relation Managerin Sabrina berichtet euch von der Neuer\u00f6ffnung und gibt Einblicke in das wundersch\u00f6ne Hotel f\u00fcr Paare ab 18 Jahren.<\/p>\n\n\n\n<figure class=\"wp-block-image alignnone\"><img decoding=\"async\" width=\"790\" height=\"444\" src=\"https:\/\/www.tui.com\/blog\/wp-content\/uploads\/2023\/04\/tui-sensimar-caravel-pool-790x444.jpg\" alt=\"Seit dem 1. Mai 2017 k\u00f6nnt ihr im neuen TUI SENSIMAR Caravel Resort &amp; Spa in Griechenland einchecken!\" class=\"wp-image-35561\"\/><figcaption class=\"wp-element-caption\">Seit dem 1. Mai 2017 k\u00f6nnt ihr im neuen TUI BLUE Caravel in Griechenland einchecken!<\/figcaption><\/figure>\n\n\n\n<p>Gar nicht so einfach so eine Hoteler\u00f6ffnung! Am Anfang machte ich mir noch wenig Sorgen und war sicher: Das wird schon alles passen. Doch der erste Eindruck, den ich Mitte April bei meinem ersten Einsatz als Concept &amp; Guest Relations Managerin bekam, war einsch\u00fcchternd. Die Hotelanlage war eine riesige Baustelle. \u00dcberall wurde gebohrt, geh\u00e4mmert und das Hotelpersonal sowie Handwerker und Bauarbeiter waren an jeder Stelle pr\u00e4sent und tief in ihre Arbeit versunken.<\/p>\n\n\n\n<p>\u201eNiemals! Niemals k\u00f6nnen wir das alles in 2 Wochen schaffen!\u201c Das dachte ich zumindest. Denn neben den vielen baulichen Arbeiten, die noch anstanden, musste noch das Hotelpersonal von der TUI vor Ort geschult werden. Au\u00dferdem wurden alle Hotelabl\u00e4ufe mehrfach gecheckt und wenn n\u00f6tig, verbessert.<\/p>\n\n\n\n<figure class=\"wp-block-image alignnone\"><img decoding=\"async\" width=\"790\" height=\"444\" src=\"https:\/\/www.tui.com\/blog\/wp-content\/uploads\/2023\/04\/sabrina-tui-sensimar-caravel-resort-und-spa-790x444.jpg\" alt=\"Herzlich Willkommen im TUI SENSIMAR Caravel Resort &amp; Spa! Concept &amp; Guest Relations Managerin Sabrina zeigt euch das neue Hotel\" class=\"wp-image-35559\"\/><figcaption class=\"wp-element-caption\">Herzlich Willkommen im TUI BLUE Caravel! Concept &amp; Guest Relations Managerin Sabrina zeigt euch das neue Hotel<\/figcaption><\/figure>\n\n\n\n<p>Zwei intensive Arbeitswochen sp\u00e4ter, \u00f6ffneten wir am 1. Mai 2017 unsere Pforten f\u00fcr die ersten 24 G\u00e4ste. Puh, geschafft!<\/p>\n\n\n\n<p>Mit einem Glas Champagner begleiteten wir unsere G\u00e4ste nach drau\u00dfen auf die Lounge Terrasse, wo sie ein atemberaubender Blick aufs Meer empfing. Erster Eindruck: Grandios! Das neue <a href=\"https:\/\/www.tui.com\/hotels\/tui-blue-caravel-1388\/hotelinformation\/\" target=\"_blank\" rel=\"noopener noreferrer\">TUI BLUE Caravel <\/a>ist aber auch wirklich sch\u00f6n geworden!<\/p>\n\n\n\n<h2 class=\"wp-block-heading\">Darf ich vorstellen: Das TUI BLUE Caravel<\/h2>\n\n\n\n<p>Besonderes Highlight: Unsere G\u00e4ste haben die M\u00f6glichkeit <strong>Swim-up-Zimmer<\/strong> zu buchen, welche einen direkten Zugang zu einem Pool haben. Perfekt f\u00fcr alle, die es eher privat m\u00f6gen.<\/p>\n\n\n\n<p>Zus\u00e4tzlich gibt es in der gro\u00dfz\u00fcgig gestalteten Hotelanlage noch zwei weitere Pools, von denen aus man eine wundersch\u00f6ne Aussicht auf das Meer genie\u00dfen kann. F\u00fcr die besondere Abk\u00fchlung sorgen Sonnenmatten im <strong>Infinity Pool<\/strong>, die einem das Gef\u00fchl geben man w\u00fcrde auf dem Wasser schweben. Auch sogenannte Fatboys (Sitz- und Lieges\u00e4cke) laden zum Verweilen ein. Optimal, um sich zu entspannen und zur Ruhe zu kommen!<\/p>\n\n\n\n<figure class=\"wp-block-image alignnone\"><img decoding=\"async\" width=\"790\" height=\"444\" src=\"https:\/\/www.tui.com\/blog\/wp-content\/uploads\/2023\/04\/tui-sensimar-caravel-swim-up-zimmer-790x444.jpg\" alt=\"Swim-up Zimmer\" class=\"wp-image-35566\"\/><figcaption class=\"wp-element-caption\">inkl. Liegen direkt am Wasser \u00a9 Beyondmyeyes Photography<\/figcaption><\/figure>\n\n\n\n<figure class=\"wp-block-gallery has-nested-images columns-3 is-cropped wp-block-gallery-1 is-layout-flex wp-block-gallery-is-layout-flex\">\n<figure class=\"wp-block-image size-large\"><img decoding=\"async\" width=\"1000\" height=\"563\" data-id=\"157854\" src=\"https:\/\/www.tui.com\/blog\/wp-content\/uploads\/2023\/04\/tui-sensimar-caravel-resort-und-spa-swim-up-zimmer-1000x563.jpg\" alt=\"Swim-up Zimmer\" class=\"wp-image-157854\" srcset=\"https:\/\/www.tui.com\/blog\/wp-content\/uploads\/2023\/04\/tui-sensimar-caravel-resort-und-spa-swim-up-zimmer-1000x563.jpg 1000w, https:\/\/www.tui.com\/blog\/wp-content\/uploads\/2023\/04\/tui-sensimar-caravel-resort-und-spa-swim-up-zimmer-790x444.jpg 790w, https:\/\/www.tui.com\/blog\/wp-content\/uploads\/2023\/04\/tui-sensimar-caravel-resort-und-spa-swim-up-zimmer-320x180.jpg 320w, https:\/\/www.tui.com\/blog\/wp-content\/uploads\/2023\/04\/tui-sensimar-caravel-resort-und-spa-swim-up-zimmer-768x432.jpg 768w, https:\/\/www.tui.com\/blog\/wp-content\/uploads\/2023\/04\/tui-sensimar-caravel-resort-und-spa-swim-up-zimmer.jpg 1400w\" sizes=\"(max-width: 1000px) 100vw, 1000px\" \/><\/figure>\n\n\n\n<figure class=\"wp-block-image size-large\"><img decoding=\"async\" width=\"1000\" height=\"563\" data-id=\"157856\" src=\"https:\/\/www.tui.com\/blog\/wp-content\/uploads\/2023\/04\/tui-sensimar-caravel-meerblick-1000x563.jpg\" alt=\"Swim-up Zimmer\" class=\"wp-image-157856\" srcset=\"https:\/\/www.tui.com\/blog\/wp-content\/uploads\/2023\/04\/tui-sensimar-caravel-meerblick-1000x563.jpg 1000w, https:\/\/www.tui.com\/blog\/wp-content\/uploads\/2023\/04\/tui-sensimar-caravel-meerblick-790x444.jpg 790w, https:\/\/www.tui.com\/blog\/wp-content\/uploads\/2023\/04\/tui-sensimar-caravel-meerblick-320x180.jpg 320w, https:\/\/www.tui.com\/blog\/wp-content\/uploads\/2023\/04\/tui-sensimar-caravel-meerblick-768x432.jpg 768w, https:\/\/www.tui.com\/blog\/wp-content\/uploads\/2023\/04\/tui-sensimar-caravel-meerblick.jpg 1400w\" sizes=\"(max-width: 1000px) 100vw, 1000px\" \/><\/figure>\n\n\n\n<figure class=\"wp-block-image size-large\"><img decoding=\"async\" width=\"1000\" height=\"563\" data-id=\"157858\" src=\"https:\/\/www.tui.com\/blog\/wp-content\/uploads\/2023\/04\/tui-sensimar-caravel-pool-liegen-1000x563.jpg\" alt=\"Pool mit Liegen direkt auf dem Wasser\" class=\"wp-image-157858\" srcset=\"https:\/\/www.tui.com\/blog\/wp-content\/uploads\/2023\/04\/tui-sensimar-caravel-pool-liegen-1000x563.jpg 1000w, https:\/\/www.tui.com\/blog\/wp-content\/uploads\/2023\/04\/tui-sensimar-caravel-pool-liegen-790x444.jpg 790w, https:\/\/www.tui.com\/blog\/wp-content\/uploads\/2023\/04\/tui-sensimar-caravel-pool-liegen-320x180.jpg 320w, https:\/\/www.tui.com\/blog\/wp-content\/uploads\/2023\/04\/tui-sensimar-caravel-pool-liegen-768x432.jpg 768w, https:\/\/www.tui.com\/blog\/wp-content\/uploads\/2023\/04\/tui-sensimar-caravel-pool-liegen.jpg 1400w\" sizes=\"(max-width: 1000px) 100vw, 1000px\" \/><\/figure>\n<\/figure>\n\n\n\n<figure class=\"wp-block-gallery has-nested-images columns-2 is-cropped wp-block-gallery-2 is-layout-flex wp-block-gallery-is-layout-flex\">\n<figure class=\"wp-block-image size-large\"><img decoding=\"async\" width=\"1000\" height=\"563\" data-id=\"157860\" src=\"https:\/\/www.tui.com\/blog\/wp-content\/uploads\/2023\/04\/tui-sensimar-caravel-resort-und-spa-zimmer-1000x563.jpg\" alt=\"Alle Zimmer sind sehr modern und stylisch eingerichtet \u00a9 Beyondmyeyes Photography\" class=\"wp-image-157860\" srcset=\"https:\/\/www.tui.com\/blog\/wp-content\/uploads\/2023\/04\/tui-sensimar-caravel-resort-und-spa-zimmer-1000x563.jpg 1000w, https:\/\/www.tui.com\/blog\/wp-content\/uploads\/2023\/04\/tui-sensimar-caravel-resort-und-spa-zimmer-790x444.jpg 790w, https:\/\/www.tui.com\/blog\/wp-content\/uploads\/2023\/04\/tui-sensimar-caravel-resort-und-spa-zimmer-320x180.jpg 320w, https:\/\/www.tui.com\/blog\/wp-content\/uploads\/2023\/04\/tui-sensimar-caravel-resort-und-spa-zimmer-768x432.jpg 768w, https:\/\/www.tui.com\/blog\/wp-content\/uploads\/2023\/04\/tui-sensimar-caravel-resort-und-spa-zimmer.jpg 1400w\" sizes=\"(max-width: 1000px) 100vw, 1000px\" \/><\/figure>\n\n\n\n<figure class=\"wp-block-image size-large\"><img decoding=\"async\" width=\"1000\" height=\"563\" data-id=\"157862\" src=\"https:\/\/www.tui.com\/blog\/wp-content\/uploads\/2023\/04\/zimmerbeispiel-tui-sensimar-caravel-1000x563.jpg\" alt=\"Die Farben Wei\u00df und Braun dominieren \u00a9 Beyondmyeyes Photography\" class=\"wp-image-157862\" srcset=\"https:\/\/www.tui.com\/blog\/wp-content\/uploads\/2023\/04\/zimmerbeispiel-tui-sensimar-caravel-1000x563.jpg 1000w, https:\/\/www.tui.com\/blog\/wp-content\/uploads\/2023\/04\/zimmerbeispiel-tui-sensimar-caravel-790x444.jpg 790w, https:\/\/www.tui.com\/blog\/wp-content\/uploads\/2023\/04\/zimmerbeispiel-tui-sensimar-caravel-320x180.jpg 320w, https:\/\/www.tui.com\/blog\/wp-content\/uploads\/2023\/04\/zimmerbeispiel-tui-sensimar-caravel-768x432.jpg 768w, https:\/\/www.tui.com\/blog\/wp-content\/uploads\/2023\/04\/zimmerbeispiel-tui-sensimar-caravel.jpg 1400w\" sizes=\"(max-width: 1000px) 100vw, 1000px\" \/><\/figure>\n<\/figure>\n\n\n\n<p>Im <a href=\"https:\/\/www.tui.com\/hotels\/tui-blue-caravel-resort-and-spa-1388\/hotelinformation\/\" target=\"_blank\" rel=\"noreferrer noopener\">TUI BLUE Caravel<\/a>\u00a0spiegelt sich das Konzept der Hotelmarke in all seinen Facetten wieder:<\/p>\n\n\n\n<p>\u2713 <strong>Ausgewogene Sportkurse:<\/strong> Unser Sports &amp; Entertainment Team bietet verschiedene Aktivit\u00e4ten und Fitnesskurse, wie bpsw. Step Aerobic, Langhanteltraining und Yoga w\u00e4hrend der Woche an. Au\u00dferdem gibt es ein Fitnesscenter und einen Tennisplatz.<\/p>\n\n\n\n<p>\u2713 <strong>Direkte Strandlage:<\/strong> Zum flach abfallenden, \u00f6ffentlichen Sandstrand sind es nur ein paar Schritte. Der Strand ist nat\u00fcrlich mit Strandliegen und Sonnenschutz ausgestattet.<\/p>\n\n\n\n<p>\u2713 <strong>Wellness &amp; Entspannung:<\/strong> Neben den beiden Pools und dem Whirlpool bietet unser SPA Team eine freie 15 min\u00fctige Massage f\u00fcr alle neuen G\u00e4ste an. So haben alle die M\u00f6glichkeit sich den 600qm gro\u00dfen Wellnessbereich einmal genauer anzuschauen. Weitere Arrangements k\u00f6nnen die G\u00e4ste nat\u00fcrlich hinzubuchen. Das Dampfbad, die Sauna und der beheizte Pool k\u00f6nnen kostenfrei genutzt werden.<\/p>\n\n\n\n<figure class=\"wp-block-image alignnone\"><img decoding=\"async\" width=\"790\" height=\"444\" src=\"https:\/\/www.tui.com\/blog\/wp-content\/uploads\/2023\/04\/tui-sensimar-caravel-resort-und-spa-wellness-790x444.jpg\" alt=\"Wellness Bereich im neu er\u00f6ffneten TUI SENSIMAR Caravel Resort &amp; Spa\" class=\"wp-image-35564\"\/><figcaption class=\"wp-element-caption\">Wellness Bereich im neu er\u00f6ffneten TUI BLUE Caravel \u00a9 Beyondmyeyes Photography<\/figcaption><\/figure>\n\n\n\n<p>\u2713 <strong>Dezente Unterhaltung f\u00fcr Erwachsene: <\/strong>Sowohl am Tag als auch am Abend k\u00f6nnen sich die G\u00e4ste auf ein breites Unterhaltungsangebot freuen, welches bpsw. aus Fitnessanimation, Tanzabenden, Livemusik und Kochkursen besteht. Das Entertainment ist dabei immer entspannt, nie aufdringlich oder laut.<\/p>\n\n\n\n<p>\u2713 <strong>Kulinarische Vielfalt: <\/strong>Im <a href=\"https:\/\/www.tui.com\/hotels\/tui-blue-caravel-resort-and-spa-1388\/hotelinformation\/\" target=\"_blank\" rel=\"noreferrer noopener\">TUI BLUE Caravel<\/a> laden euch zwei Restaurants zu erstklassiger Kulinarik ein: Das \u00c0 la Carte Restaurant Culinarium und das Buffet-Restaurant SensGourmet, das jeden Tag von 7 bis 11 Uhr Fr\u00fchst\u00fcck (Sonntags gibt es Langschl\u00e4ferfr\u00fchst\u00fcck), von 12.30 bis 14.30 Uhr Lunch und von 18.30 bis 21.30 Uhr Dinner bereith\u00e4lt. Doch auch f\u00fcr den Hunger zwischendurch ist gesorgt. Im Zentrum der Anlage liegt unsere White Bar (Snackbar), in der ihr von 12-17 Uhr verschiedene Snacks wie Salate, Pasta und Co. bekommt. Eine gro\u00dfz\u00fcgige Auswahl an Cocktails und weiteren Getr\u00e4nke gibt es hier von 9-18 Uhr.<\/p>\n\n\n\n<figure class=\"wp-block-image alignnone\"><img decoding=\"async\" width=\"790\" height=\"444\" src=\"https:\/\/www.tui.com\/blog\/wp-content\/uploads\/2023\/04\/tui-sensimar-caravel-resort-und-spa-restaurant-790x444.jpg\" alt=\"Restaurant im TUI SENSIMAR Caravel Resort &amp; Spa\" class=\"wp-image-35563\"\/><figcaption class=\"wp-element-caption\">Restaurant im TUI BLUE Caravel<\/figcaption><\/figure>\n\n\n\n<figure class=\"wp-block-image alignnone\"><img decoding=\"async\" width=\"790\" height=\"444\" src=\"https:\/\/www.tui.com\/blog\/wp-content\/uploads\/2023\/04\/tui-sensimar-caravel-restaurant-gala-dinner-790x444.jpg\" alt=\"Elegant geht es beim Gala Dinner zu!\" class=\"wp-image-35562\"\/><figcaption class=\"wp-element-caption\">Elegant geht es beim Gala Dinner zu!<\/figcaption><\/figure>\n\n\n\n<h2 class=\"wp-block-heading\">Meine kulinarischen Empfehlungen<\/h2>\n\n\n\n<p><strong>\u00dcbrigens:<\/strong> Unsere G\u00e4ste k\u00f6nnen sich ein mal w\u00e4hrend des gesamten Urlaubs, ohne weitere Kosten, im Culinarium bedienen lassen. Au\u00dferdem bieten wir im w\u00f6chentlichen Wechsel die Gelegenheit das Dinner ganz ohne Strom &#8211; nur bei Kerzenschein &#8211; zu genie\u00dfen. Das Timeless Dinner ist nicht im All Inklusive Angebot enthalten, nur unsere ersten G\u00e4ste hatten die Gelegenheit das romantische Menu zu probieren. M\u00f6glich ist auch, dass sich unsere G\u00e4ste durch einen Abend voller kleiner Appetith\u00e4ppchen geleiten lassen. Das Degustations Menu geh\u00f6rt zwar ebenfalls nicht zur All Inklusive Leistung, ist aber wirklich lohnenswert und etwas ganz Besonderes, denn hier zeigt der K\u00fcchenchef seine liebsten Kreationen.<\/p>\n\n\n\n<p>Unter der Woche arrangieren wir verschiedene Themenabende, wie zum Beispiel einen Griechischen Abend mit dem typischen Ouzo und Folklore Tanz oder ein Sunset Dinner. Das Highlight der Woche ist das Gala Dinner, bei dem unsere G\u00e4ste herzlich eingeladen sind sich in schwarz-wei\u00df zu kleiden, um die Eleganz des Abends zu unterstreichen. Mit kleinen H\u00e4ppchen und einem Begr\u00fc\u00dfungsgetr\u00e4nk am Eingang erleben unsere G\u00e4ste an diesem Abend ganz besondere Gaumenfreuden.<\/p>\n\n\n\n<figure class=\"wp-block-gallery has-nested-images columns-2 is-cropped wp-block-gallery-3 is-layout-flex wp-block-gallery-is-layout-flex\">\n<figure class=\"wp-block-image size-large\"><img decoding=\"async\" width=\"1000\" height=\"563\" data-id=\"157864\" src=\"https:\/\/www.tui.com\/blog\/wp-content\/uploads\/2023\/04\/tui-sensimar-caravel-resort-und-spa-terrasse-1000x563.jpg\" alt=\"Au\u00dfenbereich TUI SENSIMAR Caravel Resort &amp; Spa\" class=\"wp-image-157864\" srcset=\"https:\/\/www.tui.com\/blog\/wp-content\/uploads\/2023\/04\/tui-sensimar-caravel-resort-und-spa-terrasse-1000x563.jpg 1000w, https:\/\/www.tui.com\/blog\/wp-content\/uploads\/2023\/04\/tui-sensimar-caravel-resort-und-spa-terrasse-790x444.jpg 790w, https:\/\/www.tui.com\/blog\/wp-content\/uploads\/2023\/04\/tui-sensimar-caravel-resort-und-spa-terrasse-320x180.jpg 320w, https:\/\/www.tui.com\/blog\/wp-content\/uploads\/2023\/04\/tui-sensimar-caravel-resort-und-spa-terrasse-768x432.jpg 768w, https:\/\/www.tui.com\/blog\/wp-content\/uploads\/2023\/04\/tui-sensimar-caravel-resort-und-spa-terrasse.jpg 1400w\" sizes=\"(max-width: 1000px) 100vw, 1000px\" \/><\/figure>\n\n\n\n<figure class=\"wp-block-image size-large\"><img decoding=\"async\" width=\"1000\" height=\"563\" data-id=\"157866\" src=\"https:\/\/www.tui.com\/blog\/wp-content\/uploads\/2023\/04\/tui-sensimar-caravel-bar-1000x563.jpg\" alt=\"An der Bar gibt es leckere Snacks und Drinks \u00a9 Beyondmyeyes Photography\" class=\"wp-image-157866\" srcset=\"https:\/\/www.tui.com\/blog\/wp-content\/uploads\/2023\/04\/tui-sensimar-caravel-bar-1000x563.jpg 1000w, https:\/\/www.tui.com\/blog\/wp-content\/uploads\/2023\/04\/tui-sensimar-caravel-bar-790x444.jpg 790w, https:\/\/www.tui.com\/blog\/wp-content\/uploads\/2023\/04\/tui-sensimar-caravel-bar-320x180.jpg 320w, https:\/\/www.tui.com\/blog\/wp-content\/uploads\/2023\/04\/tui-sensimar-caravel-bar-768x432.jpg 768w, https:\/\/www.tui.com\/blog\/wp-content\/uploads\/2023\/04\/tui-sensimar-caravel-bar.jpg 1400w\" sizes=\"(max-width: 1000px) 100vw, 1000px\" \/><\/figure>\n<\/figure>\n\n\n\n<p>\u25ba <a href=\"https:\/\/www.tui.com\/blog\/tui-blue-globale-hotelmarke-konzept\">Was euch noch im TUI BLUE Caravel erwartet? Alles zum TUI BLUE Konzept erfahrt ihr hier.<\/a><\/p>\n\n\n\n<p>\u25ba <a href=\"https:\/\/www.tui.com\/blog\/die-top-5-schoensten-erwachsenenhotels-am-meer\">Die TOP 5 sch\u00f6nsten Erwachsenenhotels am Meer hat dir Yasemin zusammengestellt<\/a><\/p>\n\n\n\n<p>\u25ba <a href=\"https:\/\/www.tui.com\/tui-blue\/\" target=\"_blank\" rel=\"noopener noreferrer\">Alle TUI BLUE Hotels<\/a><\/p>\n\n\n\n<h2 class=\"wp-block-heading\">Die typische Baumbepflanzung als Zeichen von Neuanfang und Wachstum<\/h2>\n\n\n\n<p>Bei so einer Hoteler\u00f6ffnung darf nat\u00fcrlich der offizielle Teil nicht fehlen. Und so erfolgte zwei Tage nachdem die ersten G\u00e4ste eincheckten \u2013 ganz nach Tradition \u2013 die Er\u00f6ffnungszeremonie mit dem Teil der Baumbepflanzung als Symbol f\u00fcr einen Neubeginn. F\u00fcnf freiwillige G\u00e4stepaare hatten die Ehre jeweils einen f\u00fcr Griechenland typischen Olivenbaum zu pflanzen. Auch die Hotelbesitzer selbst folgtem dem Ritual, um mit dem Wachsen des Olivenb\u00e4umchens das Gedeihen des eigenen Betriebes zum Ausdruck zu bringen. Mit Sekt und Fingerfood sowie einer Er\u00f6ffnungsrede des Hotelmanagements wurde dieser offizielle Teil geb\u00fchrend gefeiert.<\/p>\n\n\n\n<figure class=\"wp-block-gallery has-nested-images columns-2 is-cropped wp-block-gallery-4 is-layout-flex wp-block-gallery-is-layout-flex\">\n<figure class=\"wp-block-image size-large\"><img decoding=\"async\" width=\"1000\" height=\"563\" data-id=\"157868\" src=\"https:\/\/www.tui.com\/blog\/wp-content\/uploads\/2023\/04\/tui-sensimar-caravel-baumpflanzung-1000x563.jpg\" alt=\"Hoteler\u00f6ffnung TUI SENSIMAR Caravel Resort &amp; Spa\" class=\"wp-image-157868\" srcset=\"https:\/\/www.tui.com\/blog\/wp-content\/uploads\/2023\/04\/tui-sensimar-caravel-baumpflanzung-1000x563.jpg 1000w, https:\/\/www.tui.com\/blog\/wp-content\/uploads\/2023\/04\/tui-sensimar-caravel-baumpflanzung-790x444.jpg 790w, https:\/\/www.tui.com\/blog\/wp-content\/uploads\/2023\/04\/tui-sensimar-caravel-baumpflanzung-320x180.jpg 320w, https:\/\/www.tui.com\/blog\/wp-content\/uploads\/2023\/04\/tui-sensimar-caravel-baumpflanzung-768x432.jpg 768w, https:\/\/www.tui.com\/blog\/wp-content\/uploads\/2023\/04\/tui-sensimar-caravel-baumpflanzung.jpg 1400w\" sizes=\"(max-width: 1000px) 100vw, 1000px\" \/><\/figure>\n\n\n\n<figure class=\"wp-block-image size-large\"><img decoding=\"async\" width=\"1000\" height=\"563\" data-id=\"157870\" src=\"https:\/\/www.tui.com\/blog\/wp-content\/uploads\/2023\/04\/olivenbaum-tui-sensimar-caravel-1000x563.jpg\" alt=\"Hoteler\u00f6ffnung TUI SENSIMAR Caravel Resort &amp; Spa\" class=\"wp-image-157870\" srcset=\"https:\/\/www.tui.com\/blog\/wp-content\/uploads\/2023\/04\/olivenbaum-tui-sensimar-caravel-1000x563.jpg 1000w, https:\/\/www.tui.com\/blog\/wp-content\/uploads\/2023\/04\/olivenbaum-tui-sensimar-caravel-790x444.jpg 790w, https:\/\/www.tui.com\/blog\/wp-content\/uploads\/2023\/04\/olivenbaum-tui-sensimar-caravel-320x180.jpg 320w, https:\/\/www.tui.com\/blog\/wp-content\/uploads\/2023\/04\/olivenbaum-tui-sensimar-caravel-768x432.jpg 768w, https:\/\/www.tui.com\/blog\/wp-content\/uploads\/2023\/04\/olivenbaum-tui-sensimar-caravel.jpg 1400w\" sizes=\"(max-width: 1000px) 100vw, 1000px\" \/><\/figure>\n\n\n\n<figure class=\"wp-block-image size-large\"><img decoding=\"async\" width=\"1000\" height=\"563\" data-id=\"157872\" src=\"https:\/\/www.tui.com\/blog\/wp-content\/uploads\/2023\/04\/eroeffnung-tui-sensimar-caravel-resort-und-spa-1000x563.jpg\" alt=\"Hoteler\u00f6ffnung TUI SENSIMAR Caravel Resort &amp; Spa\" class=\"wp-image-157872\" srcset=\"https:\/\/www.tui.com\/blog\/wp-content\/uploads\/2023\/04\/eroeffnung-tui-sensimar-caravel-resort-und-spa-1000x563.jpg 1000w, https:\/\/www.tui.com\/blog\/wp-content\/uploads\/2023\/04\/eroeffnung-tui-sensimar-caravel-resort-und-spa-790x444.jpg 790w, https:\/\/www.tui.com\/blog\/wp-content\/uploads\/2023\/04\/eroeffnung-tui-sensimar-caravel-resort-und-spa-320x180.jpg 320w, https:\/\/www.tui.com\/blog\/wp-content\/uploads\/2023\/04\/eroeffnung-tui-sensimar-caravel-resort-und-spa-768x432.jpg 768w, https:\/\/www.tui.com\/blog\/wp-content\/uploads\/2023\/04\/eroeffnung-tui-sensimar-caravel-resort-und-spa.jpg 1400w\" sizes=\"(max-width: 1000px) 100vw, 1000px\" \/><\/figure>\n\n\n\n<figure class=\"wp-block-image size-large\"><img decoding=\"async\" width=\"1000\" height=\"563\" data-id=\"157874\" src=\"https:\/\/www.tui.com\/blog\/wp-content\/uploads\/2023\/04\/eroeffnungsfeier-tui-sensimar-caravel-1000x563.jpg\" alt=\"Hoteler\u00f6ffnung TUI SENSIMAR Caravel Resort &amp; Spa\" class=\"wp-image-157874\" srcset=\"https:\/\/www.tui.com\/blog\/wp-content\/uploads\/2023\/04\/eroeffnungsfeier-tui-sensimar-caravel-1000x563.jpg 1000w, https:\/\/www.tui.com\/blog\/wp-content\/uploads\/2023\/04\/eroeffnungsfeier-tui-sensimar-caravel-790x444.jpg 790w, https:\/\/www.tui.com\/blog\/wp-content\/uploads\/2023\/04\/eroeffnungsfeier-tui-sensimar-caravel-320x180.jpg 320w, https:\/\/www.tui.com\/blog\/wp-content\/uploads\/2023\/04\/eroeffnungsfeier-tui-sensimar-caravel-768x432.jpg 768w, https:\/\/www.tui.com\/blog\/wp-content\/uploads\/2023\/04\/eroeffnungsfeier-tui-sensimar-caravel.jpg 1400w\" sizes=\"(max-width: 1000px) 100vw, 1000px\" \/><\/figure>\n<\/figure>\n\n\n\n<p>Seit mehr als drei Monaten begr\u00fc\u00dfen wir nun schon unsere G\u00e4ste im <a href=\"https:\/\/www.tui.com\/hotels\/tui-blue-caravel-resort-and-spa-1388\/hotelinformation\/\" target=\"_blank\" rel=\"noreferrer noopener\">TUI BLUE Caravel<\/a>. Vielleicht sehen wir uns auch bald? Ich w\u00fcrde mich freuen!<\/p>\n\n\n\n<p>\u25ba Noch mehr <a href=\"https:\/\/www.tui.com\/hotels\/griechenland\/zakynthos\/\">Hotels auf Zakynthos<\/a> oder&nbsp;<a href=\"https:\/\/www.tui.com\/erwachsenenhotels\/\">Erwachsenenhotels<\/a> entdecken!<\/p>\n","protected":false},"excerpt":{"rendered":"<p>Und die Hotelmarke TUI BLUE w\u00e4chst weiter! Seit dem 1. Mai diesen Jahres k\u00f6nnt ihr im neu er\u00f6ffneten 5-Sterne TUI BLUE Caravel im lebendigen Ort Planos auf Zakynthos, eine der Ionischen Inseln, urlauben. Concept &#038; Guest Relations Managerin Sabrina berichtet euch von der Neuer\u00f6ffnung und gibt Einblicke in das wundersch\u00f6ne Hotel f\u00fcr Paare ab 18 Ja<\/p>\n","protected":false},"author":86,"featured_media":157854,"comment_status":"open","ping_status":"open","sticky":false,"template":"","format":"standard","meta":{"_acf_changed":false,"footnotes":""},"categories":[4034,4072,4030],"tags":[1891,1664,103,17,1892,563,602,1002],"class_list":["post-157852","post","type-post","status-publish","format-standard","has-post-thumbnail","hentry","category-archiv-griechenland","category-archiv-reiseplanung","category-archiv-reiseziele","tag-5-sterne-hotel","tag-adult-only-hotels","tag-griechenland","tag-hotel","tag-hotel-am-meer","tag-hoteleroeffnung","tag-hoteltipps","tag-romantikurlaub"],"acf":[],"yoast_head":"<!-- This site is optimized with the Yoast SEO plugin v27.4 - https:\/\/yoast.com\/product\/yoast-seo-wordpress\/ -->\n<title>Neu in Griechenland: Das 5* TUI BLUE Caravel - TUI.com Reiseblog \u2600<\/title>\n<meta name=\"description\" content=\"Wir zeigen euch das neu er\u00f6ffnete 5-Sterne TUI BLUE Caravel im lebendigen Ort Planos auf Zakynthos, eine der Ionischen Inseln.\" \/>\n<meta name=\"robots\" content=\"index, follow, max-snippet:-1, max-image-preview:large, max-video-preview:-1\" \/>\n<link rel=\"canonical\" href=\"https:\/\/www.tui.com\/blog\/neu-in-griechenland-das-5-tui-sensimar-caravel-resort-spa\/\" \/>\n<meta property=\"og:locale\" content=\"de_DE\" \/>\n<meta property=\"og:type\" content=\"article\" \/>\n<meta property=\"og:title\" content=\"Neu in Griechenland: Das 5* TUI BLUE Caravel - TUI.com Reiseblog \u2600\" \/>\n<meta property=\"og:description\" content=\"Wir zeigen euch das neu er\u00f6ffnete 5-Sterne TUI BLUE Caravel im lebendigen Ort Planos auf Zakynthos, eine der Ionischen Inseln.\" \/>\n<meta property=\"og:url\" content=\"https:\/\/www.tui.com\/blog\/neu-in-griechenland-das-5-tui-sensimar-caravel-resort-spa\/\" \/>\n<meta property=\"og:site_name\" content=\"TUI.com Reiseblog \u2600\" \/>\n<meta property=\"article:published_time\" content=\"2017-08-15T08:00:03+00:00\" \/>\n<meta property=\"article:modified_time\" content=\"2025-04-23T07:57:44+00:00\" \/>\n<meta property=\"og:image\" content=\"https:\/\/www.tui.com\/blog\/wp-content\/uploads\/2023\/04\/tui-sensimar-caravel-resort-und-spa-swim-up-zimmer.jpg\" \/>\n\t<meta property=\"og:image:width\" content=\"1400\" \/>\n\t<meta property=\"og:image:height\" content=\"788\" \/>\n\t<meta property=\"og:image:type\" content=\"image\/jpeg\" \/>\n<meta name=\"author\" content=\"TUI Reiseexperten\" \/>\n<meta name=\"twitter:card\" content=\"summary_large_image\" \/>\n<meta name=\"twitter:label1\" content=\"Verfasst von\" \/>\n\t<meta name=\"twitter:data1\" content=\"TUI Reiseexperten\" \/>\n\t<meta name=\"twitter:label2\" content=\"Gesch\u00e4tzte Lesezeit\" \/>\n\t<meta name=\"twitter:data2\" content=\"5\u00a0Minuten\" \/>\n<script type=\"application\/ld+json\" class=\"yoast-schema-graph\">{\"@context\":\"https:\\\/\\\/schema.org\",\"@graph\":[{\"@type\":\"BlogPosting\",\"@id\":\"https:\\\/\\\/www.tui.com\\\/blog\\\/neu-in-griechenland-das-5-tui-sensimar-caravel-resort-spa\\\/#article\",\"isPartOf\":{\"@id\":\"https:\\\/\\\/www.tui.com\\\/blog\\\/neu-in-griechenland-das-5-tui-sensimar-caravel-resort-spa\\\/\"},\"author\":{\"name\":\"TUI Reiseexperten\",\"@id\":\"https:\\\/\\\/www.tui.com\\\/blog\\\/#\\\/schema\\\/person\\\/e0405bcbd5102f3edd229113f1c50a06\"},\"headline\":\"Neu in Griechenland: Das 5* TUI BLUE Caravel\",\"datePublished\":\"2017-08-15T08:00:03+00:00\",\"dateModified\":\"2025-04-23T07:57:44+00:00\",\"mainEntityOfPage\":{\"@id\":\"https:\\\/\\\/www.tui.com\\\/blog\\\/neu-in-griechenland-das-5-tui-sensimar-caravel-resort-spa\\\/\"},\"wordCount\":1062,\"commentCount\":2,\"publisher\":{\"@id\":\"https:\\\/\\\/www.tui.com\\\/blog\\\/#organization\"},\"image\":{\"@id\":\"https:\\\/\\\/www.tui.com\\\/blog\\\/neu-in-griechenland-das-5-tui-sensimar-caravel-resort-spa\\\/#primaryimage\"},\"thumbnailUrl\":\"https:\\\/\\\/www.tui.com\\\/blog\\\/wp-content\\\/uploads\\\/2023\\\/04\\\/tui-sensimar-caravel-resort-und-spa-swim-up-zimmer.jpg\",\"keywords\":[\"5 Sterne Hotel\",\"Adults-only-Hotels\",\"Griechenland\",\"Hotel\",\"Hotel am Meer\",\"Hoteler\u00f6ffnung\",\"Hoteltipps\",\"Romantikurlaub\"],\"articleSection\":[\"Griechenland\",\"Reiseplanung\",\"Reiseziele\"],\"inLanguage\":\"de\",\"potentialAction\":[{\"@type\":\"CommentAction\",\"name\":\"Comment\",\"target\":[\"https:\\\/\\\/www.tui.com\\\/blog\\\/neu-in-griechenland-das-5-tui-sensimar-caravel-resort-spa\\\/#respond\"]}]},{\"@type\":\"WebPage\",\"@id\":\"https:\\\/\\\/www.tui.com\\\/blog\\\/neu-in-griechenland-das-5-tui-sensimar-caravel-resort-spa\\\/\",\"url\":\"https:\\\/\\\/www.tui.com\\\/blog\\\/neu-in-griechenland-das-5-tui-sensimar-caravel-resort-spa\\\/\",\"name\":\"Neu in Griechenland: Das 5* TUI BLUE Caravel - TUI.com Reiseblog \u2600\",\"isPartOf\":{\"@id\":\"https:\\\/\\\/www.tui.com\\\/blog\\\/#website\"},\"primaryImageOfPage\":{\"@id\":\"https:\\\/\\\/www.tui.com\\\/blog\\\/neu-in-griechenland-das-5-tui-sensimar-caravel-resort-spa\\\/#primaryimage\"},\"image\":{\"@id\":\"https:\\\/\\\/www.tui.com\\\/blog\\\/neu-in-griechenland-das-5-tui-sensimar-caravel-resort-spa\\\/#primaryimage\"},\"thumbnailUrl\":\"https:\\\/\\\/www.tui.com\\\/blog\\\/wp-content\\\/uploads\\\/2023\\\/04\\\/tui-sensimar-caravel-resort-und-spa-swim-up-zimmer.jpg\",\"datePublished\":\"2017-08-15T08:00:03+00:00\",\"dateModified\":\"2025-04-23T07:57:44+00:00\",\"description\":\"Wir zeigen euch das neu er\u00f6ffnete 5-Sterne TUI BLUE Caravel im lebendigen Ort Planos auf Zakynthos, eine der Ionischen Inseln.\",\"breadcrumb\":{\"@id\":\"https:\\\/\\\/www.tui.com\\\/blog\\\/neu-in-griechenland-das-5-tui-sensimar-caravel-resort-spa\\\/#breadcrumb\"},\"inLanguage\":\"de\",\"potentialAction\":[{\"@type\":\"ReadAction\",\"target\":[\"https:\\\/\\\/www.tui.com\\\/blog\\\/neu-in-griechenland-das-5-tui-sensimar-caravel-resort-spa\\\/\"]}]},{\"@type\":\"ImageObject\",\"inLanguage\":\"de\",\"@id\":\"https:\\\/\\\/www.tui.com\\\/blog\\\/neu-in-griechenland-das-5-tui-sensimar-caravel-resort-spa\\\/#primaryimage\",\"url\":\"https:\\\/\\\/www.tui.com\\\/blog\\\/wp-content\\\/uploads\\\/2023\\\/04\\\/tui-sensimar-caravel-resort-und-spa-swim-up-zimmer.jpg\",\"contentUrl\":\"https:\\\/\\\/www.tui.com\\\/blog\\\/wp-content\\\/uploads\\\/2023\\\/04\\\/tui-sensimar-caravel-resort-und-spa-swim-up-zimmer.jpg\",\"width\":1400,\"height\":788,\"caption\":\"Etwa 50 Swim-up Zimmer gibt es im TUI BLUE Caravel\"},{\"@type\":\"BreadcrumbList\",\"@id\":\"https:\\\/\\\/www.tui.com\\\/blog\\\/neu-in-griechenland-das-5-tui-sensimar-caravel-resort-spa\\\/#breadcrumb\",\"itemListElement\":[{\"@type\":\"ListItem\",\"position\":1,\"name\":\"Startseite\",\"item\":\"https:\\\/\\\/www.tui.com\\\/blog\\\/\"},{\"@type\":\"ListItem\",\"position\":2,\"name\":\"Neu in Griechenland: Das 5* TUI BLUE Caravel\"}]},{\"@type\":\"WebSite\",\"@id\":\"https:\\\/\\\/www.tui.com\\\/blog\\\/#website\",\"url\":\"https:\\\/\\\/www.tui.com\\\/blog\\\/\",\"name\":\"TUI.com Reiseblog \u2600\",\"description\":\"Abenteuer oder lieber an den Strand? \u2600 Der TUI Reiseblog bietet tolle Infos rund um deine n\u00e4chste Reise \u2708 Komm vorbei und lass dich inspirieren \u221a\",\"publisher\":{\"@id\":\"https:\\\/\\\/www.tui.com\\\/blog\\\/#organization\"},\"potentialAction\":[{\"@type\":\"SearchAction\",\"target\":{\"@type\":\"EntryPoint\",\"urlTemplate\":\"https:\\\/\\\/www.tui.com\\\/blog\\\/?s={search_term_string}\"},\"query-input\":{\"@type\":\"PropertyValueSpecification\",\"valueRequired\":true,\"valueName\":\"search_term_string\"}}],\"inLanguage\":\"de\"},{\"@type\":\"Organization\",\"@id\":\"https:\\\/\\\/www.tui.com\\\/blog\\\/#organization\",\"name\":\"TUI.com Reiseblog \u2600\",\"url\":\"https:\\\/\\\/www.tui.com\\\/blog\\\/\",\"logo\":{\"@type\":\"ImageObject\",\"inLanguage\":\"de\",\"@id\":\"https:\\\/\\\/www.tui.com\\\/blog\\\/#\\\/schema\\\/logo\\\/image\\\/\",\"url\":\"https:\\\/\\\/www.tui.com\\\/blog\\\/wp-content\\\/uploads\\\/2023\\\/04\\\/cropped-tui-logo-3.png\",\"contentUrl\":\"https:\\\/\\\/www.tui.com\\\/blog\\\/wp-content\\\/uploads\\\/2023\\\/04\\\/cropped-tui-logo-3.png\",\"width\":164,\"height\":72,\"caption\":\"TUI.com Reiseblog \u2600\"},\"image\":{\"@id\":\"https:\\\/\\\/www.tui.com\\\/blog\\\/#\\\/schema\\\/logo\\\/image\\\/\"}},{\"@type\":\"Person\",\"@id\":\"https:\\\/\\\/www.tui.com\\\/blog\\\/#\\\/schema\\\/person\\\/e0405bcbd5102f3edd229113f1c50a06\",\"name\":\"TUI Reiseexperten\",\"image\":{\"@type\":\"ImageObject\",\"inLanguage\":\"de\",\"@id\":\"https:\\\/\\\/www.tui.com\\\/blog\\\/wp-content\\\/uploads\\\/2016\\\/10\\\/TUIMitarbeiter-178x176.jpg\",\"url\":\"https:\\\/\\\/www.tui.com\\\/blog\\\/wp-content\\\/uploads\\\/2016\\\/10\\\/TUIMitarbeiter-178x176.jpg\",\"contentUrl\":\"https:\\\/\\\/www.tui.com\\\/blog\\\/wp-content\\\/uploads\\\/2016\\\/10\\\/TUIMitarbeiter-178x176.jpg\",\"caption\":\"TUI Reiseexperten\"},\"description\":\"TEST\",\"url\":\"https:\\\/\\\/www.tui.com\\\/blog\\\/author\\\/tui-mitarbeiter\\\/\"}]}<\/script>\n<!-- \/ Yoast SEO plugin. -->","yoast_head_json":{"title":"Neu in Griechenland: Das 5* TUI BLUE Caravel - TUI.com Reiseblog \u2600","description":"Wir zeigen euch das neu er\u00f6ffnete 5-Sterne TUI BLUE Caravel im lebendigen Ort Planos auf Zakynthos, eine der Ionischen Inseln.","robots":{"index":"index","follow":"follow","max-snippet":"max-snippet:-1","max-image-preview":"max-image-preview:large","max-video-preview":"max-video-preview:-1"},"canonical":"https:\/\/www.tui.com\/blog\/neu-in-griechenland-das-5-tui-sensimar-caravel-resort-spa\/","og_locale":"de_DE","og_type":"article","og_title":"Neu in Griechenland: Das 5* TUI BLUE Caravel - TUI.com Reiseblog \u2600","og_description":"Wir zeigen euch das neu er\u00f6ffnete 5-Sterne TUI BLUE Caravel im lebendigen Ort Planos auf Zakynthos, eine der Ionischen Inseln.","og_url":"https:\/\/www.tui.com\/blog\/neu-in-griechenland-das-5-tui-sensimar-caravel-resort-spa\/","og_site_name":"TUI.com Reiseblog \u2600","article_published_time":"2017-08-15T08:00:03+00:00","article_modified_time":"2025-04-23T07:57:44+00:00","og_image":[{"width":1400,"height":788,"url":"https:\/\/www.tui.com\/blog\/wp-content\/uploads\/2023\/04\/tui-sensimar-caravel-resort-und-spa-swim-up-zimmer.jpg","type":"image\/jpeg"}],"author":"TUI Reiseexperten","twitter_card":"summary_large_image","twitter_misc":{"Verfasst von":"TUI Reiseexperten","Gesch\u00e4tzte Lesezeit":"5\u00a0Minuten"},"schema":{"@context":"https:\/\/schema.org","@graph":[{"@type":"BlogPosting","@id":"https:\/\/www.tui.com\/blog\/neu-in-griechenland-das-5-tui-sensimar-caravel-resort-spa\/#article","isPartOf":{"@id":"https:\/\/www.tui.com\/blog\/neu-in-griechenland-das-5-tui-sensimar-caravel-resort-spa\/"},"author":{"name":"TUI Reiseexperten","@id":"https:\/\/www.tui.com\/blog\/#\/schema\/person\/e0405bcbd5102f3edd229113f1c50a06"},"headline":"Neu in Griechenland: Das 5* TUI BLUE Caravel","datePublished":"2017-08-15T08:00:03+00:00","dateModified":"2025-04-23T07:57:44+00:00","mainEntityOfPage":{"@id":"https:\/\/www.tui.com\/blog\/neu-in-griechenland-das-5-tui-sensimar-caravel-resort-spa\/"},"wordCount":1062,"commentCount":2,"publisher":{"@id":"https:\/\/www.tui.com\/blog\/#organization"},"image":{"@id":"https:\/\/www.tui.com\/blog\/neu-in-griechenland-das-5-tui-sensimar-caravel-resort-spa\/#primaryimage"},"thumbnailUrl":"https:\/\/www.tui.com\/blog\/wp-content\/uploads\/2023\/04\/tui-sensimar-caravel-resort-und-spa-swim-up-zimmer.jpg","keywords":["5 Sterne Hotel","Adults-only-Hotels","Griechenland","Hotel","Hotel am Meer","Hoteler\u00f6ffnung","Hoteltipps","Romantikurlaub"],"articleSection":["Griechenland","Reiseplanung","Reiseziele"],"inLanguage":"de","potentialAction":[{"@type":"CommentAction","name":"Comment","target":["https:\/\/www.tui.com\/blog\/neu-in-griechenland-das-5-tui-sensimar-caravel-resort-spa\/#respond"]}]},{"@type":"WebPage","@id":"https:\/\/www.tui.com\/blog\/neu-in-griechenland-das-5-tui-sensimar-caravel-resort-spa\/","url":"https:\/\/www.tui.com\/blog\/neu-in-griechenland-das-5-tui-sensimar-caravel-resort-spa\/","name":"Neu in Griechenland: Das 5* TUI BLUE Caravel - TUI.com Reiseblog \u2600","isPartOf":{"@id":"https:\/\/www.tui.com\/blog\/#website"},"primaryImageOfPage":{"@id":"https:\/\/www.tui.com\/blog\/neu-in-griechenland-das-5-tui-sensimar-caravel-resort-spa\/#primaryimage"},"image":{"@id":"https:\/\/www.tui.com\/blog\/neu-in-griechenland-das-5-tui-sensimar-caravel-resort-spa\/#primaryimage"},"thumbnailUrl":"https:\/\/www.tui.com\/blog\/wp-content\/uploads\/2023\/04\/tui-sensimar-caravel-resort-und-spa-swim-up-zimmer.jpg","datePublished":"2017-08-15T08:00:03+00:00","dateModified":"2025-04-23T07:57:44+00:00","description":"Wir zeigen euch das neu er\u00f6ffnete 5-Sterne TUI BLUE Caravel im lebendigen Ort Planos auf Zakynthos, eine der Ionischen Inseln.","breadcrumb":{"@id":"https:\/\/www.tui.com\/blog\/neu-in-griechenland-das-5-tui-sensimar-caravel-resort-spa\/#breadcrumb"},"inLanguage":"de","potentialAction":[{"@type":"ReadAction","target":["https:\/\/www.tui.com\/blog\/neu-in-griechenland-das-5-tui-sensimar-caravel-resort-spa\/"]}]},{"@type":"ImageObject","inLanguage":"de","@id":"https:\/\/www.tui.com\/blog\/neu-in-griechenland-das-5-tui-sensimar-caravel-resort-spa\/#primaryimage","url":"https:\/\/www.tui.com\/blog\/wp-content\/uploads\/2023\/04\/tui-sensimar-caravel-resort-und-spa-swim-up-zimmer.jpg","contentUrl":"https:\/\/www.tui.com\/blog\/wp-content\/uploads\/2023\/04\/tui-sensimar-caravel-resort-und-spa-swim-up-zimmer.jpg","width":1400,"height":788,"caption":"Etwa 50 Swim-up Zimmer gibt es im TUI BLUE Caravel"},{"@type":"BreadcrumbList","@id":"https:\/\/www.tui.com\/blog\/neu-in-griechenland-das-5-tui-sensimar-caravel-resort-spa\/#breadcrumb","itemListElement":[{"@type":"ListItem","position":1,"name":"Startseite","item":"https:\/\/www.tui.com\/blog\/"},{"@type":"ListItem","position":2,"name":"Neu in Griechenland: Das 5* TUI BLUE Caravel"}]},{"@type":"WebSite","@id":"https:\/\/www.tui.com\/blog\/#website","url":"https:\/\/www.tui.com\/blog\/","name":"TUI.com Reiseblog \u2600","description":"Abenteuer oder lieber an den Strand? \u2600 Der TUI Reiseblog bietet tolle Infos rund um deine n\u00e4chste Reise \u2708 Komm vorbei und lass dich inspirieren \u221a","publisher":{"@id":"https:\/\/www.tui.com\/blog\/#organization"},"potentialAction":[{"@type":"SearchAction","target":{"@type":"EntryPoint","urlTemplate":"https:\/\/www.tui.com\/blog\/?s={search_term_string}"},"query-input":{"@type":"PropertyValueSpecification","valueRequired":true,"valueName":"search_term_string"}}],"inLanguage":"de"},{"@type":"Organization","@id":"https:\/\/www.tui.com\/blog\/#organization","name":"TUI.com Reiseblog \u2600","url":"https:\/\/www.tui.com\/blog\/","logo":{"@type":"ImageObject","inLanguage":"de","@id":"https:\/\/www.tui.com\/blog\/#\/schema\/logo\/image\/","url":"https:\/\/www.tui.com\/blog\/wp-content\/uploads\/2023\/04\/cropped-tui-logo-3.png","contentUrl":"https:\/\/www.tui.com\/blog\/wp-content\/uploads\/2023\/04\/cropped-tui-logo-3.png","width":164,"height":72,"caption":"TUI.com Reiseblog \u2600"},"image":{"@id":"https:\/\/www.tui.com\/blog\/#\/schema\/logo\/image\/"}},{"@type":"Person","@id":"https:\/\/www.tui.com\/blog\/#\/schema\/person\/e0405bcbd5102f3edd229113f1c50a06","name":"TUI Reiseexperten","image":{"@type":"ImageObject","inLanguage":"de","@id":"https:\/\/www.tui.com\/blog\/wp-content\/uploads\/2016\/10\/TUIMitarbeiter-178x176.jpg","url":"https:\/\/www.tui.com\/blog\/wp-content\/uploads\/2016\/10\/TUIMitarbeiter-178x176.jpg","contentUrl":"https:\/\/www.tui.com\/blog\/wp-content\/uploads\/2016\/10\/TUIMitarbeiter-178x176.jpg","caption":"TUI Reiseexperten"},"description":"TEST","url":"https:\/\/www.tui.com\/blog\/author\/tui-mitarbeiter\/"}]}},"_links":{"self":[{"href":"https:\/\/www.tui.com\/blog\/wp-json\/wp\/v2\/posts\/157852","targetHints":{"allow":["GET"]}}],"collection":[{"href":"https:\/\/www.tui.com\/blog\/wp-json\/wp\/v2\/posts"}],"about":[{"href":"https:\/\/www.tui.com\/blog\/wp-json\/wp\/v2\/types\/post"}],"author":[{"embeddable":true,"href":"https:\/\/www.tui.com\/blog\/wp-json\/wp\/v2\/users\/86"}],"replies":[{"embeddable":true,"href":"https:\/\/www.tui.com\/blog\/wp-json\/wp\/v2\/comments?post=157852"}],"version-history":[{"count":3,"href":"https:\/\/www.tui.com\/blog\/wp-json\/wp\/v2\/posts\/157852\/revisions"}],"predecessor-version":[{"id":466618,"href":"https:\/\/www.tui.com\/blog\/wp-json\/wp\/v2\/posts\/157852\/revisions\/466618"}],"wp:featuredmedia":[{"embeddable":true,"href":"https:\/\/www.tui.com\/blog\/wp-json\/wp\/v2\/media\/157854"}],"wp:attachment":[{"href":"https:\/\/www.tui.com\/blog\/wp-json\/wp\/v2\/media?parent=157852"}],"wp:term":[{"taxonomy":"category","embeddable":true,"href":"https:\/\/www.tui.com\/blog\/wp-json\/wp\/v2\/categories?post=157852"},{"taxonomy":"post_tag","embeddable":true,"href":"https:\/\/www.tui.com\/blog\/wp-json\/wp\/v2\/tags?post=157852"}],"curies":[{"name":"wp","href":"https:\/\/api.w.org\/{rel}","templated":true}]}}