{"id":158718,"date":"2017-10-13T10:00:42","date_gmt":"2017-10-13T08:00:42","guid":{"rendered":"https:\/\/blog.tui.info\/der-wunderschoene-sueden-von-kreta\/"},"modified":"2025-10-31T11:25:06","modified_gmt":"2025-10-31T10:25:06","slug":"der-wunderschoene-sueden-von-kreta","status":"publish","type":"post","link":"https:\/\/www.tui.com\/blog\/der-wunderschoene-sueden-von-kreta\/","title":{"rendered":"Der wundersch\u00f6ne S\u00fcden von Kreta"},"content":{"rendered":"\n<p class=\"firstTextGrey\">Einsame Str\u00e4nde, kleine schnuckelige D\u00f6rfer und eine durch und durch entspannte Atmosph\u00e4re &#8211; all das findet man fernab der touristischen Orte im S\u00fcden von Kreta. TUI Bloggerin Sandra hat das &#8222;unber\u00fchrte&#8220; Kreta kennengelernt und erz\u00e4hlt von ihren Highlights.<\/p>\n\n\n\n<p class=\"quote\"><strong><em>Jassas!<\/em><\/strong><\/p>\n\n\n\n<p>14 griechische Bauernsalate, zig liebe &#8222;Jassas!&#8220; und jede Menge wundervolle Urlaubsmomente sp\u00e4ter, komme ich gleich wieder ins Schw\u00e4rmen. F\u00fcr 2 Wochen hat es uns (4 Erwachsene und 4 Teenager) in ein Ferienhaus mit Pool im S\u00fcden von <a href=\"https:\/\/www.tui.com\/pauschalreisen\/griechenland\/kreta\" target=\"_blank\" rel=\"noopener\">Kreta<\/a> verschlagen. Und hier ist <a href=\"https:\/\/www.tui.com\/pauschalreisen\/griechenland\/\" target=\"_blank\" rel=\"noopener\">Griechenland<\/a> wirklich noch so, wie man sich Griechenland eben vorstellt: herzliche Menschen, leckeres Essen und fantastische Str\u00e4nde.<\/p>\n\n\n\n<figure class=\"wp-block-image alignnone size-medium wp-image-36867\"><img decoding=\"async\" width=\"790\" height=\"444\" src=\"https:\/\/www.tui.com\/blog\/wp-content\/uploads\/2023\/04\/1_Pitsidia_Kreta_Griechenland-790x444.jpg\" alt=\"Blument\u00f6pfe mit Geranien auf eine Hausmauer.\" class=\"wp-image-36867\"\/><figcaption class=\"wp-element-caption\">Typisch griechisch: alte Oliven\u00f6lkanister werden zu Blument\u00f6pfen.<\/figcaption><\/figure>\n\n\n\n<p>4 Schlafzimmer, 2 Badezimmer und ein sch\u00f6ner Garten mit Pool m\u00fcssen sein. Ein zu Fu\u00df erreichbarer, n\u00e4chster Ort und ein sch\u00f6ner Strand in der N\u00e4he nat\u00fcrlich auch. Und damit endet die Liste noch nicht. Bei 8 Personen kommen viele Urlaubsw\u00fcnsche zusammen und so waren wir happy, als wir bei unseren Planungen vor \u00fcber einem Jahr auf den schnuckelige, kleinen Ort&nbsp;<em><strong>Pitsidia<\/strong> <\/em>im S\u00fcden von Kreta&nbsp;gesto\u00dfen sind. Klein hei\u00dft hier auch wirklich klein: einige Minim\u00e4rkte, ein griechischer Marktplatz und viele urige Tavernen, in denen man lecker und noch wirklich g\u00fcnstig essen kann. Souvenirgesch\u00e4fte, Boutiquen und Bars sucht man hier vergeblich. Daf\u00fcr wird man von den Dorfbewohnern schon am zweiten Tag herzlich begr\u00fc\u00dft und f\u00fchlt sich fast wie zuhause.<\/p>\n\n\n\n<figure class=\"wp-block-gallery has-nested-images columns-3 is-cropped wp-block-gallery-1 is-layout-flex wp-block-gallery-is-layout-flex\">\n<figure class=\"wp-block-image size-large\"><img decoding=\"async\" width=\"1000\" height=\"563\" data-id=\"158720\" src=\"https:\/\/www.tui.com\/blog\/wp-content\/uploads\/2023\/04\/2_Pitsidia_Kreta_Griechenland-1000x563.jpg\" alt=\"Ausblick \u00fcber das Dorf Pitsidia.\" class=\"wp-image-158720\" srcset=\"https:\/\/www.tui.com\/blog\/wp-content\/uploads\/2023\/04\/2_Pitsidia_Kreta_Griechenland-1000x563.jpg 1000w, https:\/\/www.tui.com\/blog\/wp-content\/uploads\/2023\/04\/2_Pitsidia_Kreta_Griechenland-790x444.jpg 790w, https:\/\/www.tui.com\/blog\/wp-content\/uploads\/2023\/04\/2_Pitsidia_Kreta_Griechenland-320x180.jpg 320w, https:\/\/www.tui.com\/blog\/wp-content\/uploads\/2023\/04\/2_Pitsidia_Kreta_Griechenland-768x432.jpg 768w, https:\/\/www.tui.com\/blog\/wp-content\/uploads\/2023\/04\/2_Pitsidia_Kreta_Griechenland.jpg 1400w\" sizes=\"(max-width: 1000px) 100vw, 1000px\" \/><\/figure>\n\n\n\n<figure class=\"wp-block-image size-large\"><img decoding=\"async\" width=\"1000\" height=\"563\" data-id=\"158722\" src=\"https:\/\/www.tui.com\/blog\/wp-content\/uploads\/2023\/04\/3_Pitsidia_Restaurant-Raftis_Kreta-1000x563.jpg\" alt=\"So idyllisch isst man im Garten des Restaurants Raftis.\" class=\"wp-image-158722\" srcset=\"https:\/\/www.tui.com\/blog\/wp-content\/uploads\/2023\/04\/3_Pitsidia_Restaurant-Raftis_Kreta-1000x563.jpg 1000w, https:\/\/www.tui.com\/blog\/wp-content\/uploads\/2023\/04\/3_Pitsidia_Restaurant-Raftis_Kreta-790x444.jpg 790w, https:\/\/www.tui.com\/blog\/wp-content\/uploads\/2023\/04\/3_Pitsidia_Restaurant-Raftis_Kreta-320x180.jpg 320w, https:\/\/www.tui.com\/blog\/wp-content\/uploads\/2023\/04\/3_Pitsidia_Restaurant-Raftis_Kreta-768x432.jpg 768w, https:\/\/www.tui.com\/blog\/wp-content\/uploads\/2023\/04\/3_Pitsidia_Restaurant-Raftis_Kreta.jpg 1400w\" sizes=\"(max-width: 1000px) 100vw, 1000px\" \/><\/figure>\n\n\n\n<figure class=\"wp-block-image size-large\"><img decoding=\"async\" width=\"1000\" height=\"563\" data-id=\"158724\" src=\"https:\/\/www.tui.com\/blog\/wp-content\/uploads\/2023\/04\/4_Pitsidia_Restaurant-Raftis_Kreta-1000x563.jpg\" alt=\"Rote Beete Paste im Restaurant Raftis.\" class=\"wp-image-158724\" srcset=\"https:\/\/www.tui.com\/blog\/wp-content\/uploads\/2023\/04\/4_Pitsidia_Restaurant-Raftis_Kreta-1000x563.jpg 1000w, https:\/\/www.tui.com\/blog\/wp-content\/uploads\/2023\/04\/4_Pitsidia_Restaurant-Raftis_Kreta-790x444.jpg 790w, https:\/\/www.tui.com\/blog\/wp-content\/uploads\/2023\/04\/4_Pitsidia_Restaurant-Raftis_Kreta-320x180.jpg 320w, https:\/\/www.tui.com\/blog\/wp-content\/uploads\/2023\/04\/4_Pitsidia_Restaurant-Raftis_Kreta-768x432.jpg 768w, https:\/\/www.tui.com\/blog\/wp-content\/uploads\/2023\/04\/4_Pitsidia_Restaurant-Raftis_Kreta.jpg 1400w\" sizes=\"(max-width: 1000px) 100vw, 1000px\" \/><\/figure>\n\n\n\n<figure class=\"wp-block-image size-large\"><img decoding=\"async\" width=\"1000\" height=\"563\" data-id=\"158726\" src=\"https:\/\/www.tui.com\/blog\/wp-content\/uploads\/2023\/04\/5_Pitsidia_Kreta_Griechenland-1000x563.jpg\" alt=\"Es bl\u00fcht und gr\u00fcnt in den kleinen Gassen von Pitisidia.\" class=\"wp-image-158726\" srcset=\"https:\/\/www.tui.com\/blog\/wp-content\/uploads\/2023\/04\/5_Pitsidia_Kreta_Griechenland-1000x563.jpg 1000w, https:\/\/www.tui.com\/blog\/wp-content\/uploads\/2023\/04\/5_Pitsidia_Kreta_Griechenland-790x444.jpg 790w, https:\/\/www.tui.com\/blog\/wp-content\/uploads\/2023\/04\/5_Pitsidia_Kreta_Griechenland-320x180.jpg 320w, https:\/\/www.tui.com\/blog\/wp-content\/uploads\/2023\/04\/5_Pitsidia_Kreta_Griechenland-768x432.jpg 768w, https:\/\/www.tui.com\/blog\/wp-content\/uploads\/2023\/04\/5_Pitsidia_Kreta_Griechenland.jpg 1400w\" sizes=\"(max-width: 1000px) 100vw, 1000px\" \/><\/figure>\n<\/figure>\n\n\n\n<h2 class=\"wp-block-heading\"><strong>Traumstr\u00e4nde<\/strong><\/h2>\n\n\n\n<p>Ein langer sch\u00f6ner Sandstrand direkt vor der Haust\u00fcr und trotz Ferien beinahe menschenleer &#8211; damit hatten wir wirklich nicht gerechnet. Der rund 2 km lange, goldfarbene <strong><em>Kommos Beach<\/em><\/strong> ist wirklich ein Traum f\u00fcr jeden Strandliebhaber. Liege und Sonnenschirm gibt es am Kommos Beach \u00fcbrigens f\u00fcr je sensationelle 2 \u20ac und sogar am sp\u00e4ten Vormittag war in der ersten Reihe immer noch ein Pl\u00e4tzchen frei. Und wenn bei st\u00e4rkerem Wind die Wellen meterhoch am Strand brechen, schillert das Meer dazu in seinen sch\u00f6nsten Farben.<\/p>\n\n\n\n<p>\u25ba <a href=\"https:\/\/www.tui.com\/blog\/die-top-10-der-kreta-straende\">Auch Kretaexperte Marcel z\u00e4hlt Kommos Beach zu den Sch\u00f6nsten der Insel. Seine TOP 10 Kreta Str\u00e4nde k\u00f6nnt ihr hier nachlesen.<\/a><\/p>\n\n\n\n<figure class=\"wp-block-gallery has-nested-images columns-3 is-cropped wp-block-gallery-2 is-layout-flex wp-block-gallery-is-layout-flex\">\n<figure class=\"wp-block-image size-large\"><img decoding=\"async\" width=\"1000\" height=\"563\" data-id=\"158728\" src=\"https:\/\/www.tui.com\/blog\/wp-content\/uploads\/2023\/04\/1_Kommos-Beach_Kreta-1000x563.jpg\" alt=\"Ausblick auf den Kommos Beach.\" class=\"wp-image-158728\" srcset=\"https:\/\/www.tui.com\/blog\/wp-content\/uploads\/2023\/04\/1_Kommos-Beach_Kreta-1000x563.jpg 1000w, https:\/\/www.tui.com\/blog\/wp-content\/uploads\/2023\/04\/1_Kommos-Beach_Kreta-790x444.jpg 790w, https:\/\/www.tui.com\/blog\/wp-content\/uploads\/2023\/04\/1_Kommos-Beach_Kreta-320x180.jpg 320w, https:\/\/www.tui.com\/blog\/wp-content\/uploads\/2023\/04\/1_Kommos-Beach_Kreta-768x432.jpg 768w, https:\/\/www.tui.com\/blog\/wp-content\/uploads\/2023\/04\/1_Kommos-Beach_Kreta.jpg 1400w\" sizes=\"(max-width: 1000px) 100vw, 1000px\" \/><\/figure>\n\n\n\n<figure class=\"wp-block-image size-large\"><img decoding=\"async\" width=\"1000\" height=\"563\" data-id=\"158730\" src=\"https:\/\/www.tui.com\/blog\/wp-content\/uploads\/2023\/04\/2_Kommos-Beach_Kreta-1000x563.jpg\" alt=\"TUI Bloggerin Sandra am Kommos Beach auf Kreta.\" class=\"wp-image-158730\" srcset=\"https:\/\/www.tui.com\/blog\/wp-content\/uploads\/2023\/04\/2_Kommos-Beach_Kreta-1000x563.jpg 1000w, https:\/\/www.tui.com\/blog\/wp-content\/uploads\/2023\/04\/2_Kommos-Beach_Kreta-790x444.jpg 790w, https:\/\/www.tui.com\/blog\/wp-content\/uploads\/2023\/04\/2_Kommos-Beach_Kreta-320x180.jpg 320w, https:\/\/www.tui.com\/blog\/wp-content\/uploads\/2023\/04\/2_Kommos-Beach_Kreta-768x432.jpg 768w, https:\/\/www.tui.com\/blog\/wp-content\/uploads\/2023\/04\/2_Kommos-Beach_Kreta.jpg 1400w\" sizes=\"(max-width: 1000px) 100vw, 1000px\" \/><\/figure>\n\n\n\n<figure class=\"wp-block-image size-large\"><img decoding=\"async\" width=\"1000\" height=\"563\" data-id=\"158732\" src=\"https:\/\/www.tui.com\/blog\/wp-content\/uploads\/2023\/04\/3_Kommos-Beach_Kreta-1000x563.jpg\" alt=\"Spektakul\u00e4ren Ausblick auf Kommos Beach von der Taverne Mystical View.\" class=\"wp-image-158732\" srcset=\"https:\/\/www.tui.com\/blog\/wp-content\/uploads\/2023\/04\/3_Kommos-Beach_Kreta-1000x563.jpg 1000w, https:\/\/www.tui.com\/blog\/wp-content\/uploads\/2023\/04\/3_Kommos-Beach_Kreta-790x444.jpg 790w, https:\/\/www.tui.com\/blog\/wp-content\/uploads\/2023\/04\/3_Kommos-Beach_Kreta-320x180.jpg 320w, https:\/\/www.tui.com\/blog\/wp-content\/uploads\/2023\/04\/3_Kommos-Beach_Kreta-768x432.jpg 768w, https:\/\/www.tui.com\/blog\/wp-content\/uploads\/2023\/04\/3_Kommos-Beach_Kreta.jpg 1400w\" sizes=\"(max-width: 1000px) 100vw, 1000px\" \/><\/figure>\n\n\n\n<figure class=\"wp-block-image size-large\"><img decoding=\"async\" width=\"1000\" height=\"563\" data-id=\"158734\" src=\"https:\/\/www.tui.com\/blog\/wp-content\/uploads\/2023\/04\/4_Kommos-Beach_Kreta-1000x563.jpg\" alt=\"Kommos Beach am Morgen\" class=\"wp-image-158734\" srcset=\"https:\/\/www.tui.com\/blog\/wp-content\/uploads\/2023\/04\/4_Kommos-Beach_Kreta-1000x563.jpg 1000w, https:\/\/www.tui.com\/blog\/wp-content\/uploads\/2023\/04\/4_Kommos-Beach_Kreta-790x444.jpg 790w, https:\/\/www.tui.com\/blog\/wp-content\/uploads\/2023\/04\/4_Kommos-Beach_Kreta-320x180.jpg 320w, https:\/\/www.tui.com\/blog\/wp-content\/uploads\/2023\/04\/4_Kommos-Beach_Kreta-768x432.jpg 768w, https:\/\/www.tui.com\/blog\/wp-content\/uploads\/2023\/04\/4_Kommos-Beach_Kreta.jpg 1400w\" sizes=\"(max-width: 1000px) 100vw, 1000px\" \/><\/figure>\n<\/figure>\n\n\n\n<p><strong>Mein Tipp:<\/strong> Unser Lieblingsplatz oberhalb des Kommos Beach: die einfache Strandbude mit leckeren Snacks. Unbedingt ein&nbsp;k\u00f6stliches Thunfisch-Sandwich und dazu ein k\u00fchles griechisches Mythos Bier probieren.<\/p>\n\n\n\n<p>&nbsp;<\/p>\n\n\n\n<figure class=\"wp-block-gallery has-nested-images columns-2 is-cropped wp-block-gallery-3 is-layout-flex wp-block-gallery-is-layout-flex\">\n<figure class=\"wp-block-image size-large\"><img decoding=\"async\" width=\"1000\" height=\"563\" data-id=\"158736\" src=\"https:\/\/www.tui.com\/blog\/wp-content\/uploads\/2023\/04\/30_Kommos-Beach_Kreta-1000x563.jpg\" alt=\"Strandbude am Kommos Beach\" class=\"wp-image-158736\" srcset=\"https:\/\/www.tui.com\/blog\/wp-content\/uploads\/2023\/04\/30_Kommos-Beach_Kreta-1000x563.jpg 1000w, https:\/\/www.tui.com\/blog\/wp-content\/uploads\/2023\/04\/30_Kommos-Beach_Kreta-790x444.jpg 790w, https:\/\/www.tui.com\/blog\/wp-content\/uploads\/2023\/04\/30_Kommos-Beach_Kreta-320x180.jpg 320w, https:\/\/www.tui.com\/blog\/wp-content\/uploads\/2023\/04\/30_Kommos-Beach_Kreta-768x432.jpg 768w, https:\/\/www.tui.com\/blog\/wp-content\/uploads\/2023\/04\/30_Kommos-Beach_Kreta.jpg 1400w\" sizes=\"(max-width: 1000px) 100vw, 1000px\" \/><\/figure>\n\n\n\n<figure class=\"wp-block-image size-large\"><img decoding=\"async\" width=\"1000\" height=\"563\" data-id=\"158738\" src=\"https:\/\/www.tui.com\/blog\/wp-content\/uploads\/2023\/04\/20_Kommos-Beach_Kreta-2-1000x563.jpg\" alt=\"Blick von der Strandbude am Kommos Beach\" class=\"wp-image-158738\" srcset=\"https:\/\/www.tui.com\/blog\/wp-content\/uploads\/2023\/04\/20_Kommos-Beach_Kreta-2-1000x563.jpg 1000w, https:\/\/www.tui.com\/blog\/wp-content\/uploads\/2023\/04\/20_Kommos-Beach_Kreta-2-790x444.jpg 790w, https:\/\/www.tui.com\/blog\/wp-content\/uploads\/2023\/04\/20_Kommos-Beach_Kreta-2-320x180.jpg 320w, https:\/\/www.tui.com\/blog\/wp-content\/uploads\/2023\/04\/20_Kommos-Beach_Kreta-2-768x432.jpg 768w, https:\/\/www.tui.com\/blog\/wp-content\/uploads\/2023\/04\/20_Kommos-Beach_Kreta-2.jpg 1400w\" sizes=\"(max-width: 1000px) 100vw, 1000px\" \/><\/figure>\n<\/figure>\n\n\n\n<figure class=\"wp-block-image alignnone wp-image-36888 size-medium\"><img decoding=\"async\" width=\"790\" height=\"444\" src=\"https:\/\/www.tui.com\/blog\/wp-content\/uploads\/2023\/04\/10_Sandra_Kommos-Beach_Kreta-790x444.jpg\" alt=\"TUI Bloggerin Sandra schaut aufs Meer.\" class=\"wp-image-36888\"\/><figcaption class=\"wp-element-caption\">&#8222;Frauen, die aufs Meer starren&#8220; k\u00f6nnte dieses Foto wohl hei\u00dfen und auch nach 14 Tagen konnte ich mich an diesem Anblick nicht sattsehen.<\/figcaption><\/figure>\n\n\n\n<p>Wer es noch einsamer mag und sich seinen Strand auch gerne mal erwandert, findet im S\u00fcden von Kreta viele wundersch\u00f6ne Buchten.<\/p>\n\n\n\n<figure class=\"wp-block-image alignnone size-medium wp-image-36892\"><img decoding=\"async\" width=\"790\" height=\"444\" src=\"https:\/\/www.tui.com\/blog\/wp-content\/uploads\/2023\/04\/Red-Beach_Kreta-790x444.jpg\" alt=\"Der Red Beach im S\u00fcden von Kreta.\" class=\"wp-image-36892\"\/><figcaption class=\"wp-element-caption\">Der Red Beach imit r\u00f6tlichem Sand in einer Bucht s\u00fcdlich von Matala erreicht man nach einem kurzen Fu\u00dfmarsch.<\/figcaption><\/figure>\n\n\n\n<h2 class=\"wp-block-heading\"><strong>Auf den Spuren der Hippies<\/strong><\/h2>\n\n\n\n<p>Bob Dylan, und Janis Joplin waren hier:&nbsp;In den 60er und 70er Jahren war <em><strong>Matala<\/strong> <\/em>der bekannteste Hippie-Ort auf Kreta.&nbsp;In den bekannten H\u00f6hlen von Matala leben heute zwar keine&nbsp;Aussteiger und Blumenkinder&nbsp;mehr, die H\u00f6hlen k\u00f6nnen aber nat\u00fcrlich besichtigt werden. Auch sonst lohnt sich ein Besuch des kleinen D\u00f6rfchens. Den ganzen Ort s\u00e4umen Stra\u00dfenmalereien, es gibt viele h\u00fcbsche Tavernen, originelle Bars, Kunstgewerbel\u00e4dchen und nat\u00fcrlich klassische Souvenir-Shops.<\/p>\n\n\n\n<figure class=\"wp-block-gallery has-nested-images columns-3 is-cropped wp-block-gallery-4 is-layout-flex wp-block-gallery-is-layout-flex\">\n<figure class=\"wp-block-image size-large\"><img decoding=\"async\" width=\"1000\" height=\"563\" data-id=\"158740\" src=\"https:\/\/www.tui.com\/blog\/wp-content\/uploads\/2023\/04\/1_Matala_Kreta_Griechenland_Graffitti-1000x563.jpg\" alt=\"Matala-Graffitti auf Kreta in Griechenland\" class=\"wp-image-158740\" srcset=\"https:\/\/www.tui.com\/blog\/wp-content\/uploads\/2023\/04\/1_Matala_Kreta_Griechenland_Graffitti-1000x563.jpg 1000w, https:\/\/www.tui.com\/blog\/wp-content\/uploads\/2023\/04\/1_Matala_Kreta_Griechenland_Graffitti-790x444.jpg 790w, https:\/\/www.tui.com\/blog\/wp-content\/uploads\/2023\/04\/1_Matala_Kreta_Griechenland_Graffitti-320x180.jpg 320w, https:\/\/www.tui.com\/blog\/wp-content\/uploads\/2023\/04\/1_Matala_Kreta_Griechenland_Graffitti-768x432.jpg 768w, https:\/\/www.tui.com\/blog\/wp-content\/uploads\/2023\/04\/1_Matala_Kreta_Griechenland_Graffitti.jpg 1400w\" sizes=\"(max-width: 1000px) 100vw, 1000px\" \/><\/figure>\n\n\n\n<figure class=\"wp-block-image size-large\"><img decoding=\"async\" width=\"1000\" height=\"563\" data-id=\"158742\" src=\"https:\/\/www.tui.com\/blog\/wp-content\/uploads\/2023\/04\/2_Matala_Kreta_Griechenland_Streetart-1000x563.jpg\" alt=\"Stra\u00dfenmalereien in Matala auf Kreta\" class=\"wp-image-158742\" srcset=\"https:\/\/www.tui.com\/blog\/wp-content\/uploads\/2023\/04\/2_Matala_Kreta_Griechenland_Streetart-1000x563.jpg 1000w, https:\/\/www.tui.com\/blog\/wp-content\/uploads\/2023\/04\/2_Matala_Kreta_Griechenland_Streetart-790x444.jpg 790w, https:\/\/www.tui.com\/blog\/wp-content\/uploads\/2023\/04\/2_Matala_Kreta_Griechenland_Streetart-320x180.jpg 320w, https:\/\/www.tui.com\/blog\/wp-content\/uploads\/2023\/04\/2_Matala_Kreta_Griechenland_Streetart-768x432.jpg 768w, https:\/\/www.tui.com\/blog\/wp-content\/uploads\/2023\/04\/2_Matala_Kreta_Griechenland_Streetart.jpg 1400w\" sizes=\"(max-width: 1000px) 100vw, 1000px\" \/><\/figure>\n\n\n\n<figure class=\"wp-block-image size-large\"><img decoding=\"async\" width=\"1000\" height=\"563\" data-id=\"158744\" src=\"https:\/\/www.tui.com\/blog\/wp-content\/uploads\/2023\/04\/3_Matala_Kreta_Griechenland_Graffitti-1000x563.jpg\" alt=\"Strassen-Graffitti in Matala.\" class=\"wp-image-158744\" srcset=\"https:\/\/www.tui.com\/blog\/wp-content\/uploads\/2023\/04\/3_Matala_Kreta_Griechenland_Graffitti-1000x563.jpg 1000w, https:\/\/www.tui.com\/blog\/wp-content\/uploads\/2023\/04\/3_Matala_Kreta_Griechenland_Graffitti-790x444.jpg 790w, https:\/\/www.tui.com\/blog\/wp-content\/uploads\/2023\/04\/3_Matala_Kreta_Griechenland_Graffitti-320x180.jpg 320w, https:\/\/www.tui.com\/blog\/wp-content\/uploads\/2023\/04\/3_Matala_Kreta_Griechenland_Graffitti-768x432.jpg 768w, https:\/\/www.tui.com\/blog\/wp-content\/uploads\/2023\/04\/3_Matala_Kreta_Griechenland_Graffitti.jpg 1400w\" sizes=\"(max-width: 1000px) 100vw, 1000px\" \/><\/figure>\n\n\n\n<figure class=\"wp-block-image size-large\"><img decoding=\"async\" width=\"1000\" height=\"563\" data-id=\"158746\" src=\"https:\/\/www.tui.com\/blog\/wp-content\/uploads\/2023\/04\/4_Matala_Kreta_Griechenland_Hoehlen-1000x563.jpg\" alt=\"Die bHippie-H\u00f6hlen von Matala.\" class=\"wp-image-158746\" srcset=\"https:\/\/www.tui.com\/blog\/wp-content\/uploads\/2023\/04\/4_Matala_Kreta_Griechenland_Hoehlen-1000x563.jpg 1000w, https:\/\/www.tui.com\/blog\/wp-content\/uploads\/2023\/04\/4_Matala_Kreta_Griechenland_Hoehlen-790x444.jpg 790w, https:\/\/www.tui.com\/blog\/wp-content\/uploads\/2023\/04\/4_Matala_Kreta_Griechenland_Hoehlen-320x180.jpg 320w, https:\/\/www.tui.com\/blog\/wp-content\/uploads\/2023\/04\/4_Matala_Kreta_Griechenland_Hoehlen-768x432.jpg 768w, https:\/\/www.tui.com\/blog\/wp-content\/uploads\/2023\/04\/4_Matala_Kreta_Griechenland_Hoehlen.jpg 1400w\" sizes=\"(max-width: 1000px) 100vw, 1000px\" \/><\/figure>\n<\/figure>\n","protected":false},"excerpt":{"rendered":"<p>Einsame Str\u00e4nde, kleine schnuckelige D\u00f6rfer und eine durch und durch entspannte Atmosph\u00e4re &#8211; all das findet man fernab der touristischen Orte im S\u00fcden von Kreta. TUI Bloggerin Sandra hat das &#8222;unber\u00fchrte&#8220; Kreta kennengelernt und erz\u00e4hlt von ihren Highlights.<\/p>\n","protected":false},"author":95,"featured_media":158750,"comment_status":"open","ping_status":"open","sticky":false,"template":"","format":"standard","meta":{"_acf_changed":false,"footnotes":""},"categories":[4034,4052,4030,4056],"tags":[523,103,334,497],"class_list":["post-158718","post","type-post","status-publish","format-standard","has-post-thumbnail","hentry","category-archiv-griechenland","category-archiv-reisearten","category-archiv-reiseziele","category-archiv-urlaub-am-meer","tag-familienurlaub","tag-griechenland","tag-kreta","tag-strandurlaub"],"acf":[],"yoast_head":"<!-- This site is optimized with the Yoast SEO plugin v27.4 - https:\/\/yoast.com\/product\/yoast-seo-wordpress\/ -->\n<title>Der wundersch\u00f6ne S\u00fcden von Kreta - TUI.com Reiseblog \u2600<\/title>\n<meta name=\"description\" content=\"Einsame Str\u00e4nde, schnuckelige D\u00f6rfer und eine entspannte Atmosph\u00e4re - all das findet man fernab der touristischen Orte im S\u00fcden von Kreta.\" \/>\n<meta name=\"robots\" content=\"index, follow, max-snippet:-1, max-image-preview:large, max-video-preview:-1\" \/>\n<link rel=\"canonical\" href=\"https:\/\/www.tui.com\/blog\/der-wunderschoene-sueden-von-kreta\/\" \/>\n<meta property=\"og:locale\" content=\"de_DE\" \/>\n<meta property=\"og:type\" content=\"article\" \/>\n<meta property=\"og:title\" content=\"Der wundersch\u00f6ne S\u00fcden von Kreta - TUI.com Reiseblog \u2600\" \/>\n<meta property=\"og:description\" content=\"Einsame Str\u00e4nde, schnuckelige D\u00f6rfer und eine entspannte Atmosph\u00e4re - all das findet man fernab der touristischen Orte im S\u00fcden von Kreta.\" \/>\n<meta property=\"og:url\" content=\"https:\/\/www.tui.com\/blog\/der-wunderschoene-sueden-von-kreta\/\" \/>\n<meta property=\"og:site_name\" content=\"TUI.com Reiseblog \u2600\" \/>\n<meta property=\"article:published_time\" content=\"2017-10-13T08:00:42+00:00\" \/>\n<meta property=\"article:modified_time\" content=\"2025-10-31T10:25:06+00:00\" \/>\n<meta property=\"og:image\" content=\"https:\/\/www.tui.com\/blog\/wp-content\/uploads\/2023\/04\/1_Pitsidia_Kreta_Griechenland.jpg\" \/>\n\t<meta property=\"og:image:width\" content=\"1400\" \/>\n\t<meta property=\"og:image:height\" content=\"788\" \/>\n\t<meta property=\"og:image:type\" content=\"image\/jpeg\" \/>\n<meta name=\"author\" content=\"TUI Bloggerin Sandra\" \/>\n<meta name=\"twitter:card\" content=\"summary_large_image\" \/>\n<meta name=\"twitter:label1\" content=\"Verfasst von\" \/>\n\t<meta name=\"twitter:data1\" content=\"TUI Bloggerin Sandra\" \/>\n\t<meta name=\"twitter:label2\" content=\"Gesch\u00e4tzte Lesezeit\" \/>\n\t<meta name=\"twitter:data2\" content=\"3\u00a0Minuten\" \/>\n<script type=\"application\/ld+json\" class=\"yoast-schema-graph\">{\"@context\":\"https:\\\/\\\/schema.org\",\"@graph\":[{\"@type\":\"BlogPosting\",\"@id\":\"https:\\\/\\\/www.tui.com\\\/blog\\\/der-wunderschoene-sueden-von-kreta\\\/#article\",\"isPartOf\":{\"@id\":\"https:\\\/\\\/www.tui.com\\\/blog\\\/der-wunderschoene-sueden-von-kreta\\\/\"},\"author\":{\"name\":\"TUI Bloggerin Sandra\",\"@id\":\"https:\\\/\\\/www.tui.com\\\/blog\\\/#\\\/schema\\\/person\\\/52c1976fb056b9e95e475324ec4e8444\"},\"headline\":\"Der wundersch\u00f6ne S\u00fcden von Kreta\",\"datePublished\":\"2017-10-13T08:00:42+00:00\",\"dateModified\":\"2025-10-31T10:25:06+00:00\",\"mainEntityOfPage\":{\"@id\":\"https:\\\/\\\/www.tui.com\\\/blog\\\/der-wunderschoene-sueden-von-kreta\\\/\"},\"wordCount\":551,\"commentCount\":2,\"publisher\":{\"@id\":\"https:\\\/\\\/www.tui.com\\\/blog\\\/#organization\"},\"image\":{\"@id\":\"https:\\\/\\\/www.tui.com\\\/blog\\\/der-wunderschoene-sueden-von-kreta\\\/#primaryimage\"},\"thumbnailUrl\":\"https:\\\/\\\/www.tui.com\\\/blog\\\/wp-content\\\/uploads\\\/2023\\\/04\\\/1_Pitsidia_Kreta_Griechenland.jpg\",\"keywords\":[\"Familienurlaub\",\"Griechenland\",\"Kreta\",\"Strandurlaub\"],\"articleSection\":[\"Griechenland\",\"Reisearten\",\"Reiseziele\",\"Urlaub am Meer\"],\"inLanguage\":\"de\",\"potentialAction\":[{\"@type\":\"CommentAction\",\"name\":\"Comment\",\"target\":[\"https:\\\/\\\/www.tui.com\\\/blog\\\/der-wunderschoene-sueden-von-kreta\\\/#respond\"]}]},{\"@type\":\"WebPage\",\"@id\":\"https:\\\/\\\/www.tui.com\\\/blog\\\/der-wunderschoene-sueden-von-kreta\\\/\",\"url\":\"https:\\\/\\\/www.tui.com\\\/blog\\\/der-wunderschoene-sueden-von-kreta\\\/\",\"name\":\"Der wundersch\u00f6ne S\u00fcden von Kreta - TUI.com Reiseblog \u2600\",\"isPartOf\":{\"@id\":\"https:\\\/\\\/www.tui.com\\\/blog\\\/#website\"},\"primaryImageOfPage\":{\"@id\":\"https:\\\/\\\/www.tui.com\\\/blog\\\/der-wunderschoene-sueden-von-kreta\\\/#primaryimage\"},\"image\":{\"@id\":\"https:\\\/\\\/www.tui.com\\\/blog\\\/der-wunderschoene-sueden-von-kreta\\\/#primaryimage\"},\"thumbnailUrl\":\"https:\\\/\\\/www.tui.com\\\/blog\\\/wp-content\\\/uploads\\\/2023\\\/04\\\/1_Pitsidia_Kreta_Griechenland.jpg\",\"datePublished\":\"2017-10-13T08:00:42+00:00\",\"dateModified\":\"2025-10-31T10:25:06+00:00\",\"description\":\"Einsame Str\u00e4nde, schnuckelige D\u00f6rfer und eine entspannte Atmosph\u00e4re - all das findet man fernab der touristischen Orte im S\u00fcden von Kreta.\",\"breadcrumb\":{\"@id\":\"https:\\\/\\\/www.tui.com\\\/blog\\\/der-wunderschoene-sueden-von-kreta\\\/#breadcrumb\"},\"inLanguage\":\"de\",\"potentialAction\":[{\"@type\":\"ReadAction\",\"target\":[\"https:\\\/\\\/www.tui.com\\\/blog\\\/der-wunderschoene-sueden-von-kreta\\\/\"]}]},{\"@type\":\"ImageObject\",\"inLanguage\":\"de\",\"@id\":\"https:\\\/\\\/www.tui.com\\\/blog\\\/der-wunderschoene-sueden-von-kreta\\\/#primaryimage\",\"url\":\"https:\\\/\\\/www.tui.com\\\/blog\\\/wp-content\\\/uploads\\\/2023\\\/04\\\/1_Pitsidia_Kreta_Griechenland.jpg\",\"contentUrl\":\"https:\\\/\\\/www.tui.com\\\/blog\\\/wp-content\\\/uploads\\\/2023\\\/04\\\/1_Pitsidia_Kreta_Griechenland.jpg\",\"width\":1400,\"height\":788,\"caption\":\"Typisch griechisch: alte Oliven\u00f6lkanister werden zu Blument\u00f6pfen.\"},{\"@type\":\"BreadcrumbList\",\"@id\":\"https:\\\/\\\/www.tui.com\\\/blog\\\/der-wunderschoene-sueden-von-kreta\\\/#breadcrumb\",\"itemListElement\":[{\"@type\":\"ListItem\",\"position\":1,\"name\":\"Startseite\",\"item\":\"https:\\\/\\\/www.tui.com\\\/blog\\\/\"},{\"@type\":\"ListItem\",\"position\":2,\"name\":\"Der wundersch\u00f6ne S\u00fcden von Kreta\"}]},{\"@type\":\"WebSite\",\"@id\":\"https:\\\/\\\/www.tui.com\\\/blog\\\/#website\",\"url\":\"https:\\\/\\\/www.tui.com\\\/blog\\\/\",\"name\":\"TUI.com Reiseblog \u2600\",\"description\":\"Abenteuer oder lieber an den Strand? \u2600 Der TUI Reiseblog bietet tolle Infos rund um deine n\u00e4chste Reise \u2708 Komm vorbei und lass dich inspirieren \u221a\",\"publisher\":{\"@id\":\"https:\\\/\\\/www.tui.com\\\/blog\\\/#organization\"},\"potentialAction\":[{\"@type\":\"SearchAction\",\"target\":{\"@type\":\"EntryPoint\",\"urlTemplate\":\"https:\\\/\\\/www.tui.com\\\/blog\\\/?s={search_term_string}\"},\"query-input\":{\"@type\":\"PropertyValueSpecification\",\"valueRequired\":true,\"valueName\":\"search_term_string\"}}],\"inLanguage\":\"de\"},{\"@type\":\"Organization\",\"@id\":\"https:\\\/\\\/www.tui.com\\\/blog\\\/#organization\",\"name\":\"TUI.com Reiseblog \u2600\",\"url\":\"https:\\\/\\\/www.tui.com\\\/blog\\\/\",\"logo\":{\"@type\":\"ImageObject\",\"inLanguage\":\"de\",\"@id\":\"https:\\\/\\\/www.tui.com\\\/blog\\\/#\\\/schema\\\/logo\\\/image\\\/\",\"url\":\"https:\\\/\\\/www.tui.com\\\/blog\\\/wp-content\\\/uploads\\\/2023\\\/04\\\/cropped-tui-logo-3.png\",\"contentUrl\":\"https:\\\/\\\/www.tui.com\\\/blog\\\/wp-content\\\/uploads\\\/2023\\\/04\\\/cropped-tui-logo-3.png\",\"width\":164,\"height\":72,\"caption\":\"TUI.com Reiseblog \u2600\"},\"image\":{\"@id\":\"https:\\\/\\\/www.tui.com\\\/blog\\\/#\\\/schema\\\/logo\\\/image\\\/\"}},{\"@type\":\"Person\",\"@id\":\"https:\\\/\\\/www.tui.com\\\/blog\\\/#\\\/schema\\\/person\\\/52c1976fb056b9e95e475324ec4e8444\",\"name\":\"TUI Bloggerin Sandra\",\"image\":{\"@type\":\"ImageObject\",\"inLanguage\":\"de\",\"@id\":\"https:\\\/\\\/www.tui.com\\\/blog\\\/wp-content\\\/uploads\\\/2019\\\/01\\\/50329060_10218153104443726_7597041103530885120_n-96x96.jpg\",\"url\":\"https:\\\/\\\/www.tui.com\\\/blog\\\/wp-content\\\/uploads\\\/2019\\\/01\\\/50329060_10218153104443726_7597041103530885120_n-96x96.jpg\",\"contentUrl\":\"https:\\\/\\\/www.tui.com\\\/blog\\\/wp-content\\\/uploads\\\/2019\\\/01\\\/50329060_10218153104443726_7597041103530885120_n-96x96.jpg\",\"caption\":\"TUI Bloggerin Sandra\"},\"url\":\"https:\\\/\\\/www.tui.com\\\/blog\\\/author\\\/sandra\\\/\"}]}<\/script>\n<!-- \/ Yoast SEO plugin. -->","yoast_head_json":{"title":"Der wundersch\u00f6ne S\u00fcden von Kreta - TUI.com Reiseblog \u2600","description":"Einsame Str\u00e4nde, schnuckelige D\u00f6rfer und eine entspannte Atmosph\u00e4re - all das findet man fernab der touristischen Orte im S\u00fcden von Kreta.","robots":{"index":"index","follow":"follow","max-snippet":"max-snippet:-1","max-image-preview":"max-image-preview:large","max-video-preview":"max-video-preview:-1"},"canonical":"https:\/\/www.tui.com\/blog\/der-wunderschoene-sueden-von-kreta\/","og_locale":"de_DE","og_type":"article","og_title":"Der wundersch\u00f6ne S\u00fcden von Kreta - TUI.com Reiseblog \u2600","og_description":"Einsame Str\u00e4nde, schnuckelige D\u00f6rfer und eine entspannte Atmosph\u00e4re - all das findet man fernab der touristischen Orte im S\u00fcden von Kreta.","og_url":"https:\/\/www.tui.com\/blog\/der-wunderschoene-sueden-von-kreta\/","og_site_name":"TUI.com Reiseblog \u2600","article_published_time":"2017-10-13T08:00:42+00:00","article_modified_time":"2025-10-31T10:25:06+00:00","og_image":[{"width":1400,"height":788,"url":"https:\/\/www.tui.com\/blog\/wp-content\/uploads\/2023\/04\/1_Pitsidia_Kreta_Griechenland.jpg","type":"image\/jpeg"}],"author":"TUI Bloggerin Sandra","twitter_card":"summary_large_image","twitter_misc":{"Verfasst von":"TUI Bloggerin Sandra","Gesch\u00e4tzte Lesezeit":"3\u00a0Minuten"},"schema":{"@context":"https:\/\/schema.org","@graph":[{"@type":"BlogPosting","@id":"https:\/\/www.tui.com\/blog\/der-wunderschoene-sueden-von-kreta\/#article","isPartOf":{"@id":"https:\/\/www.tui.com\/blog\/der-wunderschoene-sueden-von-kreta\/"},"author":{"name":"TUI Bloggerin Sandra","@id":"https:\/\/www.tui.com\/blog\/#\/schema\/person\/52c1976fb056b9e95e475324ec4e8444"},"headline":"Der wundersch\u00f6ne S\u00fcden von Kreta","datePublished":"2017-10-13T08:00:42+00:00","dateModified":"2025-10-31T10:25:06+00:00","mainEntityOfPage":{"@id":"https:\/\/www.tui.com\/blog\/der-wunderschoene-sueden-von-kreta\/"},"wordCount":551,"commentCount":2,"publisher":{"@id":"https:\/\/www.tui.com\/blog\/#organization"},"image":{"@id":"https:\/\/www.tui.com\/blog\/der-wunderschoene-sueden-von-kreta\/#primaryimage"},"thumbnailUrl":"https:\/\/www.tui.com\/blog\/wp-content\/uploads\/2023\/04\/1_Pitsidia_Kreta_Griechenland.jpg","keywords":["Familienurlaub","Griechenland","Kreta","Strandurlaub"],"articleSection":["Griechenland","Reisearten","Reiseziele","Urlaub am Meer"],"inLanguage":"de","potentialAction":[{"@type":"CommentAction","name":"Comment","target":["https:\/\/www.tui.com\/blog\/der-wunderschoene-sueden-von-kreta\/#respond"]}]},{"@type":"WebPage","@id":"https:\/\/www.tui.com\/blog\/der-wunderschoene-sueden-von-kreta\/","url":"https:\/\/www.tui.com\/blog\/der-wunderschoene-sueden-von-kreta\/","name":"Der wundersch\u00f6ne S\u00fcden von Kreta - TUI.com Reiseblog \u2600","isPartOf":{"@id":"https:\/\/www.tui.com\/blog\/#website"},"primaryImageOfPage":{"@id":"https:\/\/www.tui.com\/blog\/der-wunderschoene-sueden-von-kreta\/#primaryimage"},"image":{"@id":"https:\/\/www.tui.com\/blog\/der-wunderschoene-sueden-von-kreta\/#primaryimage"},"thumbnailUrl":"https:\/\/www.tui.com\/blog\/wp-content\/uploads\/2023\/04\/1_Pitsidia_Kreta_Griechenland.jpg","datePublished":"2017-10-13T08:00:42+00:00","dateModified":"2025-10-31T10:25:06+00:00","description":"Einsame Str\u00e4nde, schnuckelige D\u00f6rfer und eine entspannte Atmosph\u00e4re - all das findet man fernab der touristischen Orte im S\u00fcden von Kreta.","breadcrumb":{"@id":"https:\/\/www.tui.com\/blog\/der-wunderschoene-sueden-von-kreta\/#breadcrumb"},"inLanguage":"de","potentialAction":[{"@type":"ReadAction","target":["https:\/\/www.tui.com\/blog\/der-wunderschoene-sueden-von-kreta\/"]}]},{"@type":"ImageObject","inLanguage":"de","@id":"https:\/\/www.tui.com\/blog\/der-wunderschoene-sueden-von-kreta\/#primaryimage","url":"https:\/\/www.tui.com\/blog\/wp-content\/uploads\/2023\/04\/1_Pitsidia_Kreta_Griechenland.jpg","contentUrl":"https:\/\/www.tui.com\/blog\/wp-content\/uploads\/2023\/04\/1_Pitsidia_Kreta_Griechenland.jpg","width":1400,"height":788,"caption":"Typisch griechisch: alte Oliven\u00f6lkanister werden zu Blument\u00f6pfen."},{"@type":"BreadcrumbList","@id":"https:\/\/www.tui.com\/blog\/der-wunderschoene-sueden-von-kreta\/#breadcrumb","itemListElement":[{"@type":"ListItem","position":1,"name":"Startseite","item":"https:\/\/www.tui.com\/blog\/"},{"@type":"ListItem","position":2,"name":"Der wundersch\u00f6ne S\u00fcden von Kreta"}]},{"@type":"WebSite","@id":"https:\/\/www.tui.com\/blog\/#website","url":"https:\/\/www.tui.com\/blog\/","name":"TUI.com Reiseblog \u2600","description":"Abenteuer oder lieber an den Strand? \u2600 Der TUI Reiseblog bietet tolle Infos rund um deine n\u00e4chste Reise \u2708 Komm vorbei und lass dich inspirieren \u221a","publisher":{"@id":"https:\/\/www.tui.com\/blog\/#organization"},"potentialAction":[{"@type":"SearchAction","target":{"@type":"EntryPoint","urlTemplate":"https:\/\/www.tui.com\/blog\/?s={search_term_string}"},"query-input":{"@type":"PropertyValueSpecification","valueRequired":true,"valueName":"search_term_string"}}],"inLanguage":"de"},{"@type":"Organization","@id":"https:\/\/www.tui.com\/blog\/#organization","name":"TUI.com Reiseblog \u2600","url":"https:\/\/www.tui.com\/blog\/","logo":{"@type":"ImageObject","inLanguage":"de","@id":"https:\/\/www.tui.com\/blog\/#\/schema\/logo\/image\/","url":"https:\/\/www.tui.com\/blog\/wp-content\/uploads\/2023\/04\/cropped-tui-logo-3.png","contentUrl":"https:\/\/www.tui.com\/blog\/wp-content\/uploads\/2023\/04\/cropped-tui-logo-3.png","width":164,"height":72,"caption":"TUI.com Reiseblog \u2600"},"image":{"@id":"https:\/\/www.tui.com\/blog\/#\/schema\/logo\/image\/"}},{"@type":"Person","@id":"https:\/\/www.tui.com\/blog\/#\/schema\/person\/52c1976fb056b9e95e475324ec4e8444","name":"TUI Bloggerin Sandra","image":{"@type":"ImageObject","inLanguage":"de","@id":"https:\/\/www.tui.com\/blog\/wp-content\/uploads\/2019\/01\/50329060_10218153104443726_7597041103530885120_n-96x96.jpg","url":"https:\/\/www.tui.com\/blog\/wp-content\/uploads\/2019\/01\/50329060_10218153104443726_7597041103530885120_n-96x96.jpg","contentUrl":"https:\/\/www.tui.com\/blog\/wp-content\/uploads\/2019\/01\/50329060_10218153104443726_7597041103530885120_n-96x96.jpg","caption":"TUI Bloggerin Sandra"},"url":"https:\/\/www.tui.com\/blog\/author\/sandra\/"}]}},"_links":{"self":[{"href":"https:\/\/www.tui.com\/blog\/wp-json\/wp\/v2\/posts\/158718","targetHints":{"allow":["GET"]}}],"collection":[{"href":"https:\/\/www.tui.com\/blog\/wp-json\/wp\/v2\/posts"}],"about":[{"href":"https:\/\/www.tui.com\/blog\/wp-json\/wp\/v2\/types\/post"}],"author":[{"embeddable":true,"href":"https:\/\/www.tui.com\/blog\/wp-json\/wp\/v2\/users\/95"}],"replies":[{"embeddable":true,"href":"https:\/\/www.tui.com\/blog\/wp-json\/wp\/v2\/comments?post=158718"}],"version-history":[{"count":4,"href":"https:\/\/www.tui.com\/blog\/wp-json\/wp\/v2\/posts\/158718\/revisions"}],"predecessor-version":[{"id":490498,"href":"https:\/\/www.tui.com\/blog\/wp-json\/wp\/v2\/posts\/158718\/revisions\/490498"}],"wp:featuredmedia":[{"embeddable":true,"href":"https:\/\/www.tui.com\/blog\/wp-json\/wp\/v2\/media\/158750"}],"wp:attachment":[{"href":"https:\/\/www.tui.com\/blog\/wp-json\/wp\/v2\/media?parent=158718"}],"wp:term":[{"taxonomy":"category","embeddable":true,"href":"https:\/\/www.tui.com\/blog\/wp-json\/wp\/v2\/categories?post=158718"},{"taxonomy":"post_tag","embeddable":true,"href":"https:\/\/www.tui.com\/blog\/wp-json\/wp\/v2\/tags?post=158718"}],"curies":[{"name":"wp","href":"https:\/\/api.w.org\/{rel}","templated":true}]}}