{"id":160176,"date":"2017-09-01T10:00:44","date_gmt":"2017-09-01T08:00:44","guid":{"rendered":"https:\/\/blog.tui.info\/mit-der-ms-panorama-durch-die-adria\/"},"modified":"2025-06-18T10:01:15","modified_gmt":"2025-06-18T08:01:15","slug":"mit-der-ms-panorama-durch-die-adria","status":"publish","type":"post","link":"https:\/\/www.tui.com\/blog\/mit-der-ms-panorama-durch-die-adria\/","title":{"rendered":"Mit der MS Panorama durch die Adria"},"content":{"rendered":"<p class=\"firstTextGrey\">TUI Bloggerin Gabriela, sonst gern auf gro\u00dfen Schiffen unterwegs, f\u00e4hrt eine Woche auf dem Dreimastsegelschiff MS Panorama durch die Adria. Gef\u00e4llt ihr diese Art Schiffsreise auch?<\/p>\n<p>Mein Mann Dirk und ich haben das ewig graue und nasse norddeutsche Wetter in diesem Sommer so richtig satt. Also entschlie\u00dfen wir uns recht kurzfristig in die Sonne zu fliegen. Strandurlauber sind wir nicht wirklich, wir wollen im Urlaub schon etwas sehen. So f\u00e4llt unsere Wahl auf einen Segelurlaub. Nicht auf ein ganz kleines Schiff, sondern ein Dreimaster mit maximal 49 Passagieren, die MS Panorama.<\/p>\n<figure id=\"attachment_36276\" aria-describedby=\"caption-attachment-36276\" style=\"width: 780px\" class=\"wp-caption alignnone\"><a href=\"https:\/\/www.tui.com\/blog\/wp-content\/uploads\/2023\/04\/mit_der_MS_Panorama_durch_die_Adria.jpg\"><img decoding=\"async\" class=\"size-medium wp-image-36276\" src=\"https:\/\/www.tui.com\/blog\/wp-content\/uploads\/2023\/04\/mit_der_MS_Panorama_durch_die_Adria-790x444.jpg\" alt=\"Mit der MS Panorama durch die Adria\" width=\"790\" height=\"444\" \/><\/a><figcaption id=\"caption-attachment-36276\" class=\"wp-caption-text\">Mit der MS Panorama durch die Adria<\/figcaption><\/figure>\n<p>Wir haben Gl\u00fcck, denn es ist sogar noch etwas frei. Die Tour beginnt und endet in <a href=\"https:\/\/www.tui.com\/pauschalreisen\/kroatien\/dubrovnik\/\" target=\"_blank\" rel=\"noopener\">Dubrovnik<\/a>. Da die Flugzeiten nicht so toll sind, h\u00e4ngen wir jeweils eine Nacht vor und nach der Reise in Dubrovnik an. Hier wollen wir uns im 5 Sterne <a href=\"https:\/\/www.tui.com\/hotels\/rixos-hotel-libertas-79854\/hotelinformation\/\" target=\"_blank\" rel=\"noopener\">Hotel Rixos Libertas<\/a> verw\u00f6hnen lassen. Wir bekommen f\u00fcr die erste Nacht sogar ein Upgrade, eine Spa-Suite. Wow, die ist riesig, mit einem langen Balkon und fantastischem Blick \u00fcber die Bucht.<\/p>\n<figure id=\"attachment_35951\" aria-describedby=\"caption-attachment-35951\" style=\"width: 780px\" class=\"wp-caption alignnone\"><a href=\"https:\/\/www.tui.com\/blog\/wp-content\/uploads\/2023\/04\/Rixos_Libertas_Hotel.jpg\"><img decoding=\"async\" class=\"size-medium wp-image-35951\" src=\"https:\/\/www.tui.com\/blog\/wp-content\/uploads\/2023\/04\/Rixos_Libertas_Hotel-790x444.jpg\" alt=\"\" width=\"790\" height=\"444\" \/><\/a><figcaption id=\"caption-attachment-35951\" class=\"wp-caption-text\"><a href=\"https:\/\/www.tui.com\/hotels\/rixos-hotel-libertas-79854\/hotelinformation\/\" target=\"_blank\" rel=\"noopener\">Hotel Rixos Libertas<\/a> in Dubrovnik<\/figcaption><\/figure>\n<blockquote class=\"right\">\n<h2 class=\"hotelName modType23b\">INFOS ZUR TOUR UND BUCHUNG<\/h2>\n<p>Ihr wollt genau diese Tour auch unternehmen? Wir haben die Tour mit der MS Panorama neu im Programm.<\/p>\n<p>Alle Termine, Zwischenstopps und Eckdaten bekommt ihr in unserem <a href=\"https:\/\/mediacenter.tui-info.de\/onlinekataloge\/index.php?catalog=tui_kroatien_s17_f#page_33\" target=\"_blank\" rel=\"noopener\">Katalog <\/a>(S.33) oder auf <a href=\"https:\/\/my.tui.com\/\" target=\"_blank\" rel=\"noopener\">my.tui.com\u00a0<\/a>(DVB11099).<\/p>\n<p>Buchbar ist die Reise \u00fcber das Reiseb\u00fcro und unser Servicecenter (0511-56780105).<\/p><\/blockquote>\n<h3>Auf der MS Panorama<\/h3>\n<p>Am n\u00e4chsten Nachmittag lassen wir uns von einem Taxi zum nahe gelegenen Hafen fahren. Heute ist die MS Panorama das einzige Schiff, das dort liegt. Das wird also f\u00fcr die n\u00e4chsten 7 N\u00e4chte unser Zuhause sein.<\/p>\n<p>Schon an der Gangway werden wir ganz freundlich empfangen und in die Lounge begleitet. Puh, hier ist es ordentlich klimatisiert. Drau\u00dfen knallt die Sonne aufs Deck. Viel Schatten ist da nicht.<\/p>\n<p>Die paar n\u00f6tigen Formalt\u00e4ten sind schnell gemacht und nun m\u00f6chte ich zu meinem Gep\u00e4ck in die Kabine. Ich bin schon neugierig, wie klein sie wohl ist. Ungef\u00e4hr 9 qm inklusive des Bades ist ja nicht viel, aber wir haben den Hinweis beachtet, lieber Sporttaschen als Koffer mitzunehmen und das ist auch gut so.<\/p>\n<figure id=\"attachment_35950\" aria-describedby=\"caption-attachment-35950\" style=\"width: 780px\" class=\"wp-caption alignnone\"><img decoding=\"async\" class=\"size-medium wp-image-35950\" src=\"https:\/\/www.tui.com\/blog\/wp-content\/uploads\/2023\/04\/das_sonnendeck_der_MS_Panorama-790x444.jpg\" alt=\"MS Panorama im Hafen von Dubrovnik\" width=\"790\" height=\"444\" \/><figcaption id=\"caption-attachment-35950\" class=\"wp-caption-text\">das Sonnendeck der MS Panorama<\/figcaption><\/figure>\n<p>Schnell ist alles in den Schr\u00e4nken verstaut und nun wollen wir unsere Mitreisenden kennen lernen. Wie sich heraus stellt, sind wir nur 36 Passagiere auf dieser Tour, dazu 20 Mann Besatzung. Viele verschiedene Nationalit\u00e4ten haben sich zusammen gefunden, also ist die Bordsprache Englisch.<\/p>\n<p>Das Schiff f\u00e4hrt unter griechischer Flagge, der Kapit\u00e4n ist auch Grieche. Bald ist Essenszeit, heute ist Men\u00fcwahl, ab und zu gibt es abends auch mal Buffet, wie sonst mittags und morgens auch.<\/p>\n<figure id=\"attachment_35949\" aria-describedby=\"caption-attachment-35949\" style=\"width: 780px\" class=\"wp-caption alignnone\"><img decoding=\"async\" class=\"size-medium wp-image-35949\" src=\"https:\/\/www.tui.com\/blog\/wp-content\/uploads\/2023\/04\/Sonnenuntergang_in_Dubrovnik-790x444.jpg\" alt=\"die Sonne geht in Dubrovnik unter\" width=\"790\" height=\"444\" \/><figcaption id=\"caption-attachment-35949\" class=\"wp-caption-text\">Sonnenuntergang in Dubrovnik<\/figcaption><\/figure>\n<h3>Korcula<\/h3>\n<p>Unsere erste Station am n\u00e4chsten Vormittag ist Korcula. Bevor wir die Insel anlaufen, machen wir noch einen Badestopp an einer der vielen kleinen Inseln, die wir passieren. Mit Taucherbrille und Schnorchel schaue ich mir die Unterwasserwelt an. Leider sind nur wenige Fische zu sehen.<\/p>\n<figure id=\"attachment_35952\" aria-describedby=\"caption-attachment-35952\" style=\"width: 780px\" class=\"wp-caption alignnone\"><img decoding=\"async\" class=\"size-medium wp-image-35952\" src=\"https:\/\/www.tui.com\/blog\/wp-content\/uploads\/2023\/04\/der_Hafen_von_Korcula-790x444.jpg\" alt=\"Hafeneinfahrt von Korcula\" width=\"790\" height=\"444\" \/><figcaption id=\"caption-attachment-35952\" class=\"wp-caption-text\">der Hafen von Korcula<\/figcaption><\/figure>\n<p>Korcula ist nicht nur eine Insel, sondern auch der gleichnamige Hauptort, den wir ansteuern. Der Liegeplatz befindet sich direkt an der noch intakten, mittelalterlichen Stadtmauer. Ideal, um die h\u00fcbsche Altstadt anzuschauen und die K\u00f6stlichkeiten einer der vielen Eisdielen auszuprobieren.<\/p>\n<h3>Stari Bar<\/h3>\n<p>Zum Sonnenuntergang fahren wir dann weiter, nach Stari Bar in Montenegro. Morgens kommen wir an.<\/p>\n<figure id=\"attachment_35955\" aria-describedby=\"caption-attachment-35955\" style=\"width: 780px\" class=\"wp-caption alignnone\"><img decoding=\"async\" class=\"size-medium wp-image-35955\" src=\"https:\/\/www.tui.com\/blog\/wp-content\/uploads\/2023\/04\/neue_Kirche_in_Stari_Bar-790x444.jpg\" alt=\"Stari Bar, Montenegro\" width=\"790\" height=\"444\" \/><figcaption id=\"caption-attachment-35955\" class=\"wp-caption-text\">neue Kirche in Stari Bar<\/figcaption><\/figure>\n<p>Wir schlendern ein wenig am steinigen Strand entlang, schauen uns eine noch recht neue orthodoxe Kirche an und suchen uns dann ein Taxi, das uns in die uralte und fast zerst\u00f6rte Stadt Bar bringen soll, die einige Kilometer weiter, strategisch g\u00fcnstig auf einer Bergkuppe liegt. Wir besichtigen die Ruinen und dann geht es zur\u00fcck zum Schiff, das am fr\u00fchen Nachmittag ablegt.<\/p>\n<p>Nach <a href=\"https:\/\/www.tui.com\/pauschalreisen\/griechenland\/korfu\/\" target=\"_blank\" rel=\"noopener\">Korfu<\/a> geht es, wo wir uns neu anmelden m\u00fcssen, da wir aus einem nicht EU Land kommen. Wir brauchen den ganzen Nachmittag und die ganze Nacht. Recht st\u00fcrmisch ist es, wir werden in unserem Bett ganz sch\u00f6n durchgeschaukelt, aber so merken wir wenigstens, dass wir auf einem Segelschiff unterwegs sind.<\/p>\n<figure id=\"attachment_35954\" aria-describedby=\"caption-attachment-35954\" style=\"width: 780px\" class=\"wp-caption alignnone\"><img decoding=\"async\" class=\"size-medium wp-image-35954\" src=\"https:\/\/www.tui.com\/blog\/wp-content\/uploads\/2023\/04\/die_Ruinen_von_Bar-790x444.jpg\" alt=\"alte Stadt Bar in Montenegro\" width=\"790\" height=\"444\" \/><figcaption id=\"caption-attachment-35954\" class=\"wp-caption-text\">die Ruinen von Bar<\/figcaption><\/figure>\n<h3>Korfu Hafen<\/h3>\n<p>Als ich aufwache, sind wir schon in <a href=\"https:\/\/www.tui.com\/pauschalreisen\/griechenland\/korfu\/\" target=\"_blank\" rel=\"noopener\">Korfu<\/a>. Durch unser Bullauge sehe ich, dass wir am Pier von Corfu Stadt liegen. Neben uns ist eine gro\u00dfe F\u00e4hre vert\u00e4ut, die viele Autos und Passagiere aus ihrer ge\u00f6ffneten Ladeklappe entl\u00e4sst.<\/p>\n<p>Unser Kapit\u00e4n und seine Crew erledigen die Einreiseformalit\u00e4ten f\u00fcr Griechenland und dann wollen wir auch schon ablegen.<\/p>\n<p>Leider gibt es ein Problem, die gro\u00dfe F\u00e4hre hat ihr Sicherungstau \u00fcber unseres gelegt und nun kommen wir nicht weg. Was nun? Die Taue sind straff gespannt, da ist nicht zu machen.<\/p>\n<p>Ihr wollt wissen, ob wir weiter fahren konnten? Das erz\u00e4hle ich euch in meinem n\u00e4chsten Blogbeitrag und nat\u00fcrlich auch, wie die Reise weiter geht. Bis dann!<\/p>\n<h3>ZUM WEITERLESEN: UNSERE TUI BLOGTIPPS<\/h3>\n<p>\u25ba <a href=\"https:\/\/www.tui.com\/blog\/dubrovnik-das-juwel-kroatiens\">Dubrovnik: Das Juwel Kroatiens<\/a><\/p>\n<p>\u25ba<a href=\"https:\/\/www.tui.com\/blog\/sueddalmatien-kultur-natur-und-serienschauplaetze\"> S\u00fcddalmatien &#8211; Kultur, Natur und Serienschaupl\u00e4tze<\/a><\/p>\n<p>\u25ba <a href=\"https:\/\/www.tui.com\/blog\/alleinreisen-mit-der-mein-schiff-2-tipps-fuer-eure-solokreuzfahrt\">Mit der Mein Schiff 2 von Malta \u00fcber Olympia nach Korfu, Kotor und Dubrovnik<\/a><\/p>\n","protected":false},"excerpt":{"rendered":"<p>TUI Bloggerin Gabriela, sonst gern auf gro\u00dfen Schiffen unterwegs, f\u00e4hrt eine Woche auf dem Dreimastsegelschiff MS Panorama durch die Adria. Gef\u00e4llt ihr diese Art Schiffsreise auch?<\/p>\n","protected":false},"author":91,"featured_media":160010,"comment_status":"open","ping_status":"open","sticky":false,"template":"","format":"standard","meta":{"_acf_changed":false,"footnotes":""},"categories":[4052,4030,4056,4050],"tags":[1178,562],"class_list":["post-160176","post","type-post","status-publish","format-standard","has-post-thumbnail","hentry","category-archiv-reisearten","category-archiv-reiseziele","category-archiv-urlaub-am-meer","category-archiv-weitere-beliebte-reiseziele","tag-dubrovnik","tag-korfu"],"acf":[],"yoast_head":"<!-- This site is optimized with the Yoast SEO plugin v27.4 - https:\/\/yoast.com\/product\/yoast-seo-wordpress\/ -->\n<title>Mit der MS Panorama durch die Adria - TUI.com Reiseblog \u2600<\/title>\n<meta name=\"robots\" content=\"index, follow, max-snippet:-1, max-image-preview:large, max-video-preview:-1\" \/>\n<link rel=\"canonical\" href=\"https:\/\/www.tui.com\/blog\/mit-der-ms-panorama-durch-die-adria\/\" \/>\n<meta property=\"og:locale\" content=\"de_DE\" \/>\n<meta property=\"og:type\" content=\"article\" \/>\n<meta property=\"og:title\" content=\"Mit der MS Panorama durch die Adria - TUI.com Reiseblog \u2600\" \/>\n<meta property=\"og:description\" content=\"TUI Bloggerin Gabriela, sonst gern auf gro\u00dfen Schiffen unterwegs, f\u00e4hrt eine Woche auf dem Dreimastsegelschiff MS Panorama durch die Adria. Gef\u00e4llt ihr diese Art Schiffsreise auch?\" \/>\n<meta property=\"og:url\" content=\"https:\/\/www.tui.com\/blog\/mit-der-ms-panorama-durch-die-adria\/\" \/>\n<meta property=\"og:site_name\" content=\"TUI.com Reiseblog \u2600\" \/>\n<meta property=\"article:published_time\" content=\"2017-09-01T08:00:44+00:00\" \/>\n<meta property=\"article:modified_time\" content=\"2025-06-18T08:01:15+00:00\" \/>\n<meta property=\"og:image\" content=\"https:\/\/www.tui.com\/blog\/wp-content\/uploads\/2023\/04\/mit_der_MS_Panorama_durch_die_Adria.jpg\" \/>\n\t<meta property=\"og:image:width\" content=\"1148\" \/>\n\t<meta property=\"og:image:height\" content=\"646\" \/>\n\t<meta property=\"og:image:type\" content=\"image\/jpeg\" \/>\n<meta name=\"author\" content=\"TUI Bloggerin Gabriela\" \/>\n<meta name=\"twitter:card\" content=\"summary_large_image\" \/>\n<meta name=\"twitter:label1\" content=\"Verfasst von\" \/>\n\t<meta name=\"twitter:data1\" content=\"TUI Bloggerin Gabriela\" \/>\n\t<meta name=\"twitter:label2\" content=\"Gesch\u00e4tzte Lesezeit\" \/>\n\t<meta name=\"twitter:data2\" content=\"7\u00a0Minuten\" \/>\n<script type=\"application\/ld+json\" class=\"yoast-schema-graph\">{\"@context\":\"https:\\\/\\\/schema.org\",\"@graph\":[{\"@type\":\"BlogPosting\",\"@id\":\"https:\\\/\\\/www.tui.com\\\/blog\\\/mit-der-ms-panorama-durch-die-adria\\\/#article\",\"isPartOf\":{\"@id\":\"https:\\\/\\\/www.tui.com\\\/blog\\\/mit-der-ms-panorama-durch-die-adria\\\/\"},\"author\":{\"name\":\"TUI Bloggerin Gabriela\",\"@id\":\"https:\\\/\\\/www.tui.com\\\/blog\\\/#\\\/schema\\\/person\\\/e5f44a4526d12877288977bbdcd831f8\"},\"headline\":\"Mit der MS Panorama durch die Adria\",\"datePublished\":\"2017-09-01T08:00:44+00:00\",\"dateModified\":\"2025-06-18T08:01:15+00:00\",\"mainEntityOfPage\":{\"@id\":\"https:\\\/\\\/www.tui.com\\\/blog\\\/mit-der-ms-panorama-durch-die-adria\\\/\"},\"wordCount\":904,\"commentCount\":2,\"publisher\":{\"@id\":\"https:\\\/\\\/www.tui.com\\\/blog\\\/#organization\"},\"image\":{\"@id\":\"https:\\\/\\\/www.tui.com\\\/blog\\\/mit-der-ms-panorama-durch-die-adria\\\/#primaryimage\"},\"thumbnailUrl\":\"https:\\\/\\\/www.tui.com\\\/blog\\\/wp-content\\\/uploads\\\/2023\\\/04\\\/mit_der_MS_Panorama_durch_die_Adria.jpg\",\"keywords\":[\"Dubrovnik\",\"Korfu\"],\"articleSection\":[\"Reisearten\",\"Reiseziele\",\"Urlaub am Meer\",\"weitere beliebte Reiseziele\"],\"inLanguage\":\"de\",\"potentialAction\":[{\"@type\":\"CommentAction\",\"name\":\"Comment\",\"target\":[\"https:\\\/\\\/www.tui.com\\\/blog\\\/mit-der-ms-panorama-durch-die-adria\\\/#respond\"]}]},{\"@type\":\"WebPage\",\"@id\":\"https:\\\/\\\/www.tui.com\\\/blog\\\/mit-der-ms-panorama-durch-die-adria\\\/\",\"url\":\"https:\\\/\\\/www.tui.com\\\/blog\\\/mit-der-ms-panorama-durch-die-adria\\\/\",\"name\":\"Mit der MS Panorama durch die Adria - TUI.com Reiseblog \u2600\",\"isPartOf\":{\"@id\":\"https:\\\/\\\/www.tui.com\\\/blog\\\/#website\"},\"primaryImageOfPage\":{\"@id\":\"https:\\\/\\\/www.tui.com\\\/blog\\\/mit-der-ms-panorama-durch-die-adria\\\/#primaryimage\"},\"image\":{\"@id\":\"https:\\\/\\\/www.tui.com\\\/blog\\\/mit-der-ms-panorama-durch-die-adria\\\/#primaryimage\"},\"thumbnailUrl\":\"https:\\\/\\\/www.tui.com\\\/blog\\\/wp-content\\\/uploads\\\/2023\\\/04\\\/mit_der_MS_Panorama_durch_die_Adria.jpg\",\"datePublished\":\"2017-09-01T08:00:44+00:00\",\"dateModified\":\"2025-06-18T08:01:15+00:00\",\"breadcrumb\":{\"@id\":\"https:\\\/\\\/www.tui.com\\\/blog\\\/mit-der-ms-panorama-durch-die-adria\\\/#breadcrumb\"},\"inLanguage\":\"de\",\"potentialAction\":[{\"@type\":\"ReadAction\",\"target\":[\"https:\\\/\\\/www.tui.com\\\/blog\\\/mit-der-ms-panorama-durch-die-adria\\\/\"]}]},{\"@type\":\"ImageObject\",\"inLanguage\":\"de\",\"@id\":\"https:\\\/\\\/www.tui.com\\\/blog\\\/mit-der-ms-panorama-durch-die-adria\\\/#primaryimage\",\"url\":\"https:\\\/\\\/www.tui.com\\\/blog\\\/wp-content\\\/uploads\\\/2023\\\/04\\\/mit_der_MS_Panorama_durch_die_Adria.jpg\",\"contentUrl\":\"https:\\\/\\\/www.tui.com\\\/blog\\\/wp-content\\\/uploads\\\/2023\\\/04\\\/mit_der_MS_Panorama_durch_die_Adria.jpg\",\"width\":1148,\"height\":646,\"caption\":\"Mit der MS Panorama durch die Adria\"},{\"@type\":\"BreadcrumbList\",\"@id\":\"https:\\\/\\\/www.tui.com\\\/blog\\\/mit-der-ms-panorama-durch-die-adria\\\/#breadcrumb\",\"itemListElement\":[{\"@type\":\"ListItem\",\"position\":1,\"name\":\"Startseite\",\"item\":\"https:\\\/\\\/www.tui.com\\\/blog\\\/\"},{\"@type\":\"ListItem\",\"position\":2,\"name\":\"Mit der MS Panorama durch die Adria\"}]},{\"@type\":\"WebSite\",\"@id\":\"https:\\\/\\\/www.tui.com\\\/blog\\\/#website\",\"url\":\"https:\\\/\\\/www.tui.com\\\/blog\\\/\",\"name\":\"TUI.com Reiseblog \u2600\",\"description\":\"Abenteuer oder lieber an den Strand? \u2600 Der TUI Reiseblog bietet tolle Infos rund um deine n\u00e4chste Reise \u2708 Komm vorbei und lass dich inspirieren \u221a\",\"publisher\":{\"@id\":\"https:\\\/\\\/www.tui.com\\\/blog\\\/#organization\"},\"potentialAction\":[{\"@type\":\"SearchAction\",\"target\":{\"@type\":\"EntryPoint\",\"urlTemplate\":\"https:\\\/\\\/www.tui.com\\\/blog\\\/?s={search_term_string}\"},\"query-input\":{\"@type\":\"PropertyValueSpecification\",\"valueRequired\":true,\"valueName\":\"search_term_string\"}}],\"inLanguage\":\"de\"},{\"@type\":\"Organization\",\"@id\":\"https:\\\/\\\/www.tui.com\\\/blog\\\/#organization\",\"name\":\"TUI.com Reiseblog \u2600\",\"url\":\"https:\\\/\\\/www.tui.com\\\/blog\\\/\",\"logo\":{\"@type\":\"ImageObject\",\"inLanguage\":\"de\",\"@id\":\"https:\\\/\\\/www.tui.com\\\/blog\\\/#\\\/schema\\\/logo\\\/image\\\/\",\"url\":\"https:\\\/\\\/www.tui.com\\\/blog\\\/wp-content\\\/uploads\\\/2023\\\/04\\\/cropped-tui-logo-3.png\",\"contentUrl\":\"https:\\\/\\\/www.tui.com\\\/blog\\\/wp-content\\\/uploads\\\/2023\\\/04\\\/cropped-tui-logo-3.png\",\"width\":164,\"height\":72,\"caption\":\"TUI.com Reiseblog \u2600\"},\"image\":{\"@id\":\"https:\\\/\\\/www.tui.com\\\/blog\\\/#\\\/schema\\\/logo\\\/image\\\/\"}},{\"@type\":\"Person\",\"@id\":\"https:\\\/\\\/www.tui.com\\\/blog\\\/#\\\/schema\\\/person\\\/e5f44a4526d12877288977bbdcd831f8\",\"name\":\"TUI Bloggerin Gabriela\",\"image\":{\"@type\":\"ImageObject\",\"inLanguage\":\"de\",\"@id\":\"https:\\\/\\\/www.tui.com\\\/blog\\\/wp-content\\\/uploads\\\/2016\\\/11\\\/gabriela-klein-200x180.jpg\",\"url\":\"https:\\\/\\\/www.tui.com\\\/blog\\\/wp-content\\\/uploads\\\/2016\\\/11\\\/gabriela-klein-200x180.jpg\",\"contentUrl\":\"https:\\\/\\\/www.tui.com\\\/blog\\\/wp-content\\\/uploads\\\/2016\\\/11\\\/gabriela-klein-200x180.jpg\",\"caption\":\"TUI Bloggerin Gabriela\"},\"description\":\"Ich bin seit \u00fcber 35 Jahren Reiseberaterin in einem Reiseb\u00fcro. Seit neuestem lebe ich mit meiner Familie in der N\u00e4he von Freiburg, im sch\u00f6nen Schwarzwald. Inzwischen habe ich alle Kontinente und \u00fcber 80 L\u00e4nder der Erde bereist. Meinen Kunden im Reiseb\u00fcro r e i s e n\u00b3 in Freiburg buche ich gern ihre sch\u00f6nsten Wochen des Jahres.\",\"sameAs\":[\"http:\\\/\\\/www.gabrielaaufreisen.de\\\/\",\"https:\\\/\\\/instagram.com\\\/KernGabriela\\\/\"],\"url\":\"https:\\\/\\\/www.tui.com\\\/blog\\\/author\\\/gabriela\\\/\"}]}<\/script>\n<!-- \/ Yoast SEO plugin. -->","yoast_head_json":{"title":"Mit der MS Panorama durch die Adria - TUI.com Reiseblog \u2600","robots":{"index":"index","follow":"follow","max-snippet":"max-snippet:-1","max-image-preview":"max-image-preview:large","max-video-preview":"max-video-preview:-1"},"canonical":"https:\/\/www.tui.com\/blog\/mit-der-ms-panorama-durch-die-adria\/","og_locale":"de_DE","og_type":"article","og_title":"Mit der MS Panorama durch die Adria - TUI.com Reiseblog \u2600","og_description":"TUI Bloggerin Gabriela, sonst gern auf gro\u00dfen Schiffen unterwegs, f\u00e4hrt eine Woche auf dem Dreimastsegelschiff MS Panorama durch die Adria. Gef\u00e4llt ihr diese Art Schiffsreise auch?","og_url":"https:\/\/www.tui.com\/blog\/mit-der-ms-panorama-durch-die-adria\/","og_site_name":"TUI.com Reiseblog \u2600","article_published_time":"2017-09-01T08:00:44+00:00","article_modified_time":"2025-06-18T08:01:15+00:00","og_image":[{"width":1148,"height":646,"url":"https:\/\/www.tui.com\/blog\/wp-content\/uploads\/2023\/04\/mit_der_MS_Panorama_durch_die_Adria.jpg","type":"image\/jpeg"}],"author":"TUI Bloggerin Gabriela","twitter_card":"summary_large_image","twitter_misc":{"Verfasst von":"TUI Bloggerin Gabriela","Gesch\u00e4tzte Lesezeit":"7\u00a0Minuten"},"schema":{"@context":"https:\/\/schema.org","@graph":[{"@type":"BlogPosting","@id":"https:\/\/www.tui.com\/blog\/mit-der-ms-panorama-durch-die-adria\/#article","isPartOf":{"@id":"https:\/\/www.tui.com\/blog\/mit-der-ms-panorama-durch-die-adria\/"},"author":{"name":"TUI Bloggerin Gabriela","@id":"https:\/\/www.tui.com\/blog\/#\/schema\/person\/e5f44a4526d12877288977bbdcd831f8"},"headline":"Mit der MS Panorama durch die Adria","datePublished":"2017-09-01T08:00:44+00:00","dateModified":"2025-06-18T08:01:15+00:00","mainEntityOfPage":{"@id":"https:\/\/www.tui.com\/blog\/mit-der-ms-panorama-durch-die-adria\/"},"wordCount":904,"commentCount":2,"publisher":{"@id":"https:\/\/www.tui.com\/blog\/#organization"},"image":{"@id":"https:\/\/www.tui.com\/blog\/mit-der-ms-panorama-durch-die-adria\/#primaryimage"},"thumbnailUrl":"https:\/\/www.tui.com\/blog\/wp-content\/uploads\/2023\/04\/mit_der_MS_Panorama_durch_die_Adria.jpg","keywords":["Dubrovnik","Korfu"],"articleSection":["Reisearten","Reiseziele","Urlaub am Meer","weitere beliebte Reiseziele"],"inLanguage":"de","potentialAction":[{"@type":"CommentAction","name":"Comment","target":["https:\/\/www.tui.com\/blog\/mit-der-ms-panorama-durch-die-adria\/#respond"]}]},{"@type":"WebPage","@id":"https:\/\/www.tui.com\/blog\/mit-der-ms-panorama-durch-die-adria\/","url":"https:\/\/www.tui.com\/blog\/mit-der-ms-panorama-durch-die-adria\/","name":"Mit der MS Panorama durch die Adria - TUI.com Reiseblog \u2600","isPartOf":{"@id":"https:\/\/www.tui.com\/blog\/#website"},"primaryImageOfPage":{"@id":"https:\/\/www.tui.com\/blog\/mit-der-ms-panorama-durch-die-adria\/#primaryimage"},"image":{"@id":"https:\/\/www.tui.com\/blog\/mit-der-ms-panorama-durch-die-adria\/#primaryimage"},"thumbnailUrl":"https:\/\/www.tui.com\/blog\/wp-content\/uploads\/2023\/04\/mit_der_MS_Panorama_durch_die_Adria.jpg","datePublished":"2017-09-01T08:00:44+00:00","dateModified":"2025-06-18T08:01:15+00:00","breadcrumb":{"@id":"https:\/\/www.tui.com\/blog\/mit-der-ms-panorama-durch-die-adria\/#breadcrumb"},"inLanguage":"de","potentialAction":[{"@type":"ReadAction","target":["https:\/\/www.tui.com\/blog\/mit-der-ms-panorama-durch-die-adria\/"]}]},{"@type":"ImageObject","inLanguage":"de","@id":"https:\/\/www.tui.com\/blog\/mit-der-ms-panorama-durch-die-adria\/#primaryimage","url":"https:\/\/www.tui.com\/blog\/wp-content\/uploads\/2023\/04\/mit_der_MS_Panorama_durch_die_Adria.jpg","contentUrl":"https:\/\/www.tui.com\/blog\/wp-content\/uploads\/2023\/04\/mit_der_MS_Panorama_durch_die_Adria.jpg","width":1148,"height":646,"caption":"Mit der MS Panorama durch die Adria"},{"@type":"BreadcrumbList","@id":"https:\/\/www.tui.com\/blog\/mit-der-ms-panorama-durch-die-adria\/#breadcrumb","itemListElement":[{"@type":"ListItem","position":1,"name":"Startseite","item":"https:\/\/www.tui.com\/blog\/"},{"@type":"ListItem","position":2,"name":"Mit der MS Panorama durch die Adria"}]},{"@type":"WebSite","@id":"https:\/\/www.tui.com\/blog\/#website","url":"https:\/\/www.tui.com\/blog\/","name":"TUI.com Reiseblog \u2600","description":"Abenteuer oder lieber an den Strand? \u2600 Der TUI Reiseblog bietet tolle Infos rund um deine n\u00e4chste Reise \u2708 Komm vorbei und lass dich inspirieren \u221a","publisher":{"@id":"https:\/\/www.tui.com\/blog\/#organization"},"potentialAction":[{"@type":"SearchAction","target":{"@type":"EntryPoint","urlTemplate":"https:\/\/www.tui.com\/blog\/?s={search_term_string}"},"query-input":{"@type":"PropertyValueSpecification","valueRequired":true,"valueName":"search_term_string"}}],"inLanguage":"de"},{"@type":"Organization","@id":"https:\/\/www.tui.com\/blog\/#organization","name":"TUI.com Reiseblog \u2600","url":"https:\/\/www.tui.com\/blog\/","logo":{"@type":"ImageObject","inLanguage":"de","@id":"https:\/\/www.tui.com\/blog\/#\/schema\/logo\/image\/","url":"https:\/\/www.tui.com\/blog\/wp-content\/uploads\/2023\/04\/cropped-tui-logo-3.png","contentUrl":"https:\/\/www.tui.com\/blog\/wp-content\/uploads\/2023\/04\/cropped-tui-logo-3.png","width":164,"height":72,"caption":"TUI.com Reiseblog \u2600"},"image":{"@id":"https:\/\/www.tui.com\/blog\/#\/schema\/logo\/image\/"}},{"@type":"Person","@id":"https:\/\/www.tui.com\/blog\/#\/schema\/person\/e5f44a4526d12877288977bbdcd831f8","name":"TUI Bloggerin Gabriela","image":{"@type":"ImageObject","inLanguage":"de","@id":"https:\/\/www.tui.com\/blog\/wp-content\/uploads\/2016\/11\/gabriela-klein-200x180.jpg","url":"https:\/\/www.tui.com\/blog\/wp-content\/uploads\/2016\/11\/gabriela-klein-200x180.jpg","contentUrl":"https:\/\/www.tui.com\/blog\/wp-content\/uploads\/2016\/11\/gabriela-klein-200x180.jpg","caption":"TUI Bloggerin Gabriela"},"description":"Ich bin seit \u00fcber 35 Jahren Reiseberaterin in einem Reiseb\u00fcro. Seit neuestem lebe ich mit meiner Familie in der N\u00e4he von Freiburg, im sch\u00f6nen Schwarzwald. Inzwischen habe ich alle Kontinente und \u00fcber 80 L\u00e4nder der Erde bereist. Meinen Kunden im Reiseb\u00fcro r e i s e n\u00b3 in Freiburg buche ich gern ihre sch\u00f6nsten Wochen des Jahres.","sameAs":["http:\/\/www.gabrielaaufreisen.de\/","https:\/\/instagram.com\/KernGabriela\/"],"url":"https:\/\/www.tui.com\/blog\/author\/gabriela\/"}]}},"_links":{"self":[{"href":"https:\/\/www.tui.com\/blog\/wp-json\/wp\/v2\/posts\/160176","targetHints":{"allow":["GET"]}}],"collection":[{"href":"https:\/\/www.tui.com\/blog\/wp-json\/wp\/v2\/posts"}],"about":[{"href":"https:\/\/www.tui.com\/blog\/wp-json\/wp\/v2\/types\/post"}],"author":[{"embeddable":true,"href":"https:\/\/www.tui.com\/blog\/wp-json\/wp\/v2\/users\/91"}],"replies":[{"embeddable":true,"href":"https:\/\/www.tui.com\/blog\/wp-json\/wp\/v2\/comments?post=160176"}],"version-history":[{"count":2,"href":"https:\/\/www.tui.com\/blog\/wp-json\/wp\/v2\/posts\/160176\/revisions"}],"predecessor-version":[{"id":474232,"href":"https:\/\/www.tui.com\/blog\/wp-json\/wp\/v2\/posts\/160176\/revisions\/474232"}],"wp:featuredmedia":[{"embeddable":true,"href":"https:\/\/www.tui.com\/blog\/wp-json\/wp\/v2\/media\/160010"}],"wp:attachment":[{"href":"https:\/\/www.tui.com\/blog\/wp-json\/wp\/v2\/media?parent=160176"}],"wp:term":[{"taxonomy":"category","embeddable":true,"href":"https:\/\/www.tui.com\/blog\/wp-json\/wp\/v2\/categories?post=160176"},{"taxonomy":"post_tag","embeddable":true,"href":"https:\/\/www.tui.com\/blog\/wp-json\/wp\/v2\/tags?post=160176"}],"curies":[{"name":"wp","href":"https:\/\/api.w.org\/{rel}","templated":true}]}}