{"id":161072,"date":"2018-05-09T10:00:29","date_gmt":"2018-05-09T08:00:29","guid":{"rendered":"https:\/\/blog.tui.info\/gran-canaria-3-tage-9-hotels-1000-eindruecke\/"},"modified":"2025-08-06T12:09:58","modified_gmt":"2025-08-06T10:09:58","slug":"gran-canaria-3-tage-9-hotels-1000-eindruecke","status":"publish","type":"post","link":"https:\/\/www.tui.com\/blog\/gran-canaria-3-tage-9-hotels-1000-eindruecke\/","title":{"rendered":"Gran Canaria &#8211; 3 Tage, 5 Hotels, 1000 Eindr\u00fccke"},"content":{"rendered":"\n<p class=\"firstTextGrey\">&#8222;Gran Canaria?&#8220; &#8222;Na ja, da war ich vor 20 Jahren schon mal, aber kann man sich ja mal anschauen.&#8220; So klangen TUI Bloggerin Sandra und 20 TUI Kollegen aus dem Reiseb\u00fcro noch vor ihrem Abflug auf die Kanareninsel. &#8222;Aber nat\u00fcrlich w\u00fcrde ich hier gerne nochmal Urlaub machen!&#8220; hie\u00df es nur wenige Tage sp\u00e4ter&#8230;<\/p>\n\n\n\n<h2 class=\"wp-block-heading\">#LoveMyJob<\/h2>\n\n\n\n<p>Wenn man erf\u00e4hrt, dass man eine TUI Seminarreise begleiten darf, ist das f\u00fcr mich immer wieder etwas ganz Besonderes.&nbsp;Gemeinsam mit Kollegen aus dem Reiseb\u00fcro lernt man in k\u00fcrzester Zeit jede Menge TUI Hotels und alles Wissenswerte zu Land &amp; Leuten kennen. Was wir gleich als erstes \u00fcber <a href=\"https:\/\/www.tui.com\/pauschalreisen\/spanien\/gran-canaria\/\" target=\"_blank\" rel=\"noopener\">Gran Canaria<\/a> erfahren haben: das Wetter kann sich vom Norden zum S\u00fcden gleich um einige Grad unterscheiden und w\u00e4hrend es so im Norden windig und bew\u00f6lkt sein kann, hat man im S\u00fcden oft sch\u00f6nstes Badewetter.<\/p>\n\n\n\n<figure class=\"wp-block-image alignnone size-medium wp-image-40384\"><img decoding=\"async\" width=\"790\" height=\"444\" src=\"https:\/\/www.tui.com\/blog\/wp-content\/uploads\/2023\/04\/gran-canaria-maspalomas-duenen-790x444.jpg\" alt=\"Die D\u00fcnen von Maspalomas\" class=\"wp-image-40384\"\/><figcaption class=\"wp-element-caption\">Jeder kennt sie: die D\u00fcnen von Maspalomas sind eines der Wahrzeichen von Gran Canaria.<\/figcaption><\/figure>\n\n\n\n<p>Im S\u00fcden von Gran Canaria liegt auch Taurito und unser Standorthotel<a href=\"https:\/\/www.tui.com\/hotels\/tui-kids-club-princess-taurito-2803\/hotelinformation\/\" target=\"_blank\" rel=\"noreferrer noopener\"> <strong>TUI KIDS CLUB Taurito Princess<\/strong><\/a>, in dem wir die kommende Tage untergebracht waren. Nun kann man nicht gerade sagen, dass der Anblick der in den Hang gebauten Hotels in Taurito mein Herz hat h\u00f6her schlagen lassen, aber wenn man erst mal drin ist, hat man vom Taurito Princess und vom gegen\u00fcberliegenden<a href=\"https:\/\/www.tui.com\/hotels\/tui-blue-suite-princess-2802\/hotelinformation\/\" target=\"_blank\" rel=\"noreferrer noopener\"><strong> TUI BLUE Suite Princess<\/strong><\/a> einen fantastischen Ausblick aufs Meer und erlebt am Abend einen spektakul\u00e4ren Sonnenuntergang. Die kleine Bucht mit Sandstrand liegt direkt vor beiden Hotels und ist fu\u00dfl\u00e4ufig schnell erreichbar, was auf Gran Canaria eher seltener ist.<\/p>\n\n\n\n<figure class=\"wp-block-gallery has-nested-images columns-3 is-cropped wp-block-gallery-1 is-layout-flex wp-block-gallery-is-layout-flex\">\n<figure class=\"wp-block-image size-large\"><img decoding=\"async\" width=\"1000\" height=\"563\" data-id=\"161074\" src=\"https:\/\/www.tui.com\/blog\/wp-content\/uploads\/2023\/04\/gran-canaria-taurito-tauritoprincess-ausblick-1000x563.jpg\" alt=\"Alle Zimmer im Taurito Princess haben Blick auf den Atlantik und die Bucht von Taurito.\" class=\"wp-image-161074\" srcset=\"https:\/\/www.tui.com\/blog\/wp-content\/uploads\/2023\/04\/gran-canaria-taurito-tauritoprincess-ausblick-1000x563.jpg 1000w, https:\/\/www.tui.com\/blog\/wp-content\/uploads\/2023\/04\/gran-canaria-taurito-tauritoprincess-ausblick-790x444.jpg 790w, https:\/\/www.tui.com\/blog\/wp-content\/uploads\/2023\/04\/gran-canaria-taurito-tauritoprincess-ausblick-320x180.jpg 320w, https:\/\/www.tui.com\/blog\/wp-content\/uploads\/2023\/04\/gran-canaria-taurito-tauritoprincess-ausblick-768x432.jpg 768w, https:\/\/www.tui.com\/blog\/wp-content\/uploads\/2023\/04\/gran-canaria-taurito-tauritoprincess-ausblick.jpg 1400w\" sizes=\"(max-width: 1000px) 100vw, 1000px\" \/><\/figure>\n\n\n\n<figure class=\"wp-block-image size-large\"><img decoding=\"async\" width=\"1000\" height=\"563\" data-id=\"161076\" src=\"https:\/\/www.tui.com\/blog\/wp-content\/uploads\/2023\/04\/gran-canaria-suite-princess-sunset-1000x563.jpg\" alt=\"Jeden Abend ein Genuss im Suite Princess: der Sonnenuntergang \u00fcber dem Meer.\" class=\"wp-image-161076\" srcset=\"https:\/\/www.tui.com\/blog\/wp-content\/uploads\/2023\/04\/gran-canaria-suite-princess-sunset-1000x563.jpg 1000w, https:\/\/www.tui.com\/blog\/wp-content\/uploads\/2023\/04\/gran-canaria-suite-princess-sunset-790x444.jpg 790w, https:\/\/www.tui.com\/blog\/wp-content\/uploads\/2023\/04\/gran-canaria-suite-princess-sunset-320x180.jpg 320w, https:\/\/www.tui.com\/blog\/wp-content\/uploads\/2023\/04\/gran-canaria-suite-princess-sunset-768x432.jpg 768w, https:\/\/www.tui.com\/blog\/wp-content\/uploads\/2023\/04\/gran-canaria-suite-princess-sunset.jpg 1400w\" sizes=\"(max-width: 1000px) 100vw, 1000px\" \/><\/figure>\n\n\n\n<figure class=\"wp-block-image size-large\"><img decoding=\"async\" width=\"1000\" height=\"563\" data-id=\"161078\" src=\"https:\/\/www.tui.com\/blog\/wp-content\/uploads\/2023\/04\/gran-canaria-suite-princess-zimmer-1000x563.jpg\" alt=\"Sch\u00f6ner Kontrast zum Sunset: die stylishen Zimmer im Suite Princess.\" class=\"wp-image-161078\" srcset=\"https:\/\/www.tui.com\/blog\/wp-content\/uploads\/2023\/04\/gran-canaria-suite-princess-zimmer-1000x563.jpg 1000w, https:\/\/www.tui.com\/blog\/wp-content\/uploads\/2023\/04\/gran-canaria-suite-princess-zimmer-790x444.jpg 790w, https:\/\/www.tui.com\/blog\/wp-content\/uploads\/2023\/04\/gran-canaria-suite-princess-zimmer-320x180.jpg 320w, https:\/\/www.tui.com\/blog\/wp-content\/uploads\/2023\/04\/gran-canaria-suite-princess-zimmer-768x432.jpg 768w, https:\/\/www.tui.com\/blog\/wp-content\/uploads\/2023\/04\/gran-canaria-suite-princess-zimmer.jpg 1400w\" sizes=\"(max-width: 1000px) 100vw, 1000px\" \/><\/figure>\n\n\n\n<figure class=\"wp-block-image size-large\"><img decoding=\"async\" width=\"1000\" height=\"563\" data-id=\"161080\" src=\"https:\/\/www.tui.com\/blog\/wp-content\/uploads\/2023\/04\/gran-canaria-taurito-tauritoprincess-pool-1000x563.jpg\" alt=\"Gew\u00f6hnungsbed\u00fcrftig: der Blick vom Taurito Princess.\" class=\"wp-image-161080\" srcset=\"https:\/\/www.tui.com\/blog\/wp-content\/uploads\/2023\/04\/gran-canaria-taurito-tauritoprincess-pool-1000x563.jpg 1000w, https:\/\/www.tui.com\/blog\/wp-content\/uploads\/2023\/04\/gran-canaria-taurito-tauritoprincess-pool-790x444.jpg 790w, https:\/\/www.tui.com\/blog\/wp-content\/uploads\/2023\/04\/gran-canaria-taurito-tauritoprincess-pool-320x180.jpg 320w, https:\/\/www.tui.com\/blog\/wp-content\/uploads\/2023\/04\/gran-canaria-taurito-tauritoprincess-pool-768x432.jpg 768w, https:\/\/www.tui.com\/blog\/wp-content\/uploads\/2023\/04\/gran-canaria-taurito-tauritoprincess-pool.jpg 1400w\" sizes=\"(max-width: 1000px) 100vw, 1000px\" \/><\/figure>\n<\/figure>\n\n\n\n<h2 class=\"wp-block-heading\">Bitte nicht nachmachen! \ud83d\ude09<\/h2>\n\n\n\n<p>Oder: vertraue ja keinem \u00dcbersetzungsprogramm! Nat\u00fcrlich werden f\u00fcr die typisch spanische Chorizo keine Kanarienv\u00f6gel &#8222;verwurstet&#8220;. Aber vielen Dank f\u00fcr den sch\u00f6nen Lacher am Fr\u00fchst\u00fccksbuffet.<\/p>\n\n\n\n<figure class=\"wp-block-image alignnone size-medium wp-image-40410\"><img decoding=\"async\" width=\"790\" height=\"444\" src=\"https:\/\/www.tui.com\/blog\/wp-content\/uploads\/2023\/04\/gran-canaria-kanarienvogelwurst-790x444.jpg\" alt=\"Chorizo ist eine w\u00fcrzige spanische Wurst mit viel Paprika.\" class=\"wp-image-40410\"\/><figcaption class=\"wp-element-caption\">Chorizo ist eine w\u00fcrzige spanische Wurst mit viel Paprika.<\/figcaption><\/figure>\n\n\n\n<h2 class=\"wp-block-heading\">Hier w\u00fcrde ich gerne mal Urlaub machen!<\/h2>\n\n\n\n<p>Wenn man sich so viele sch\u00f6ne Hotels in kurzer Zeit anschauen darf, ist es gar nicht mal so einfach, zu sagen, welches das sch\u00f6nste ist. Ich versuche es dennoch und m\u00f6chte euch meine drei Favoriten vorstellen.<\/p>\n\n\n\n<h3 class=\"wp-block-heading\"><strong>TOP 1: Gloria Palace Royal Hotel &amp; Spa in Puerto Rico<\/strong><\/h3>\n\n\n\n<p>Zugegebenerma\u00dfen ist mir das&nbsp;<a href=\"https:\/\/www.tui.com\/hotels\/gloria-palace-royal-hotel-and-spa-74024\/hotelinformation\/\" target=\"_blank\" rel=\"noreferrer noopener\"><strong>Gloria Palace Royal Hotel &amp; Spa<\/strong><\/a> schon vor der Abreise durch den traumhaften <strong><em>Infinity-Pool<\/em><\/strong> aufgefallen. Der war live nat\u00fcrlich noch viel sch\u00f6ner. Genau wie der atemberaubende&nbsp;Ausblick auf den sch\u00f6nen<em><strong> Strand von Amadores<\/strong><\/em>, der unterhalb des Hotels liegt. Den Ausblick hat man nicht nur vom Restaurant (lecker da!) durch die gro\u00dfe Panoramascheibe, sondern auch von den sch\u00f6nen, gro\u00dfen Zimmern. Hier h\u00e4tte mich am liebsten heimlich von der Gruppe abgesetzt und w\u00e4re f\u00fcr die n\u00e4chsten Tage untergetaucht.<\/p>\n\n\n\n<figure class=\"wp-block-image alignnone size-medium wp-image-40435\"><img decoding=\"async\" width=\"790\" height=\"444\" src=\"https:\/\/www.tui.com\/blog\/wp-content\/uploads\/2023\/04\/gran-canaria-Gloria-palace-royal-ausblick-790x444.jpg\" alt=\"Fantastischer Ausblick \u00fcber den Strand von Amadores.\" class=\"wp-image-40435\"\/><figcaption class=\"wp-element-caption\">Hmmmmm, ist dieser Ausblick nicht fantastisch?<\/figcaption><\/figure>\n\n\n\n<h3 class=\"wp-block-heading\"><strong>TOP 2:&nbsp;THe&nbsp;Hotel&nbsp;Puerto de Mog\u00e1n in&nbsp;Puerto de Mog\u00e1n<\/strong><\/h3>\n\n\n\n<p>Schnuckelig, herzlich, famili\u00e4r, pers\u00f6nlich, hach! Das gilt sowohl f\u00fcr das entz\u00fcckende Hotel als auch f\u00fcr das idyllische, gleichnamige \u00d6rtchen mit seinen kleinen Gassen und malerischen H\u00e4usern. Nicht menschenleer, aber absolut sehenswert ist der quirlige Markt von&nbsp;Puerto de Mog\u00e1n, der immer am Freitag stattfindet.<\/p>\n\n\n\n<p>Das&nbsp;<a href=\"https:\/\/www.tui.com\/hotels\/hotel-livvo-puerto-de-mogan-2804\/hotelinformation\/\" target=\"_blank\" rel=\"noreferrer noopener\"><strong>THe&nbsp;Hotel Puerto de Mog\u00e1n<\/strong><\/a> liegt am Hafen, ganz zentral gelegen, und hat viele, viele Stammg\u00e4ste. Am kleinen, aber feinen Pool-Bereich kann man herrlich entspannen und bekommt vom bunten Treiben drumherum nichts mit. Noch individueller sind die dazugeh\u00f6rigen <strong>Appartements<\/strong> mit eigener <em><strong>Dachterrasse <\/strong><\/em>&#8211;&nbsp;ein Traum in einem Meer von Blumen gelegen. Bevor mir jetzt die ganzen sch\u00f6nen Adjektive ausgehen, hier am besten ein paar Fotos f\u00fcr euch.<\/p>\n\n\n\n<figure class=\"wp-block-gallery has-nested-images columns-3 is-cropped wp-block-gallery-2 is-layout-flex wp-block-gallery-is-layout-flex\">\n<figure class=\"wp-block-image size-large\"><img decoding=\"async\" width=\"1000\" height=\"563\" data-id=\"161082\" src=\"https:\/\/www.tui.com\/blog\/wp-content\/uploads\/2023\/04\/gran-canaria-the-puerto-de-mogan-hafen-1000x563.jpg\" alt=\"Der kleine Hafen von Puerto de Mog\u00e1n.\" class=\"wp-image-161082\" srcset=\"https:\/\/www.tui.com\/blog\/wp-content\/uploads\/2023\/04\/gran-canaria-the-puerto-de-mogan-hafen-1000x563.jpg 1000w, https:\/\/www.tui.com\/blog\/wp-content\/uploads\/2023\/04\/gran-canaria-the-puerto-de-mogan-hafen-790x444.jpg 790w, https:\/\/www.tui.com\/blog\/wp-content\/uploads\/2023\/04\/gran-canaria-the-puerto-de-mogan-hafen-320x180.jpg 320w, https:\/\/www.tui.com\/blog\/wp-content\/uploads\/2023\/04\/gran-canaria-the-puerto-de-mogan-hafen-768x432.jpg 768w, https:\/\/www.tui.com\/blog\/wp-content\/uploads\/2023\/04\/gran-canaria-the-puerto-de-mogan-hafen.jpg 1400w\" sizes=\"(max-width: 1000px) 100vw, 1000px\" \/><\/figure>\n\n\n\n<figure class=\"wp-block-image size-large\"><img decoding=\"async\" width=\"1000\" height=\"563\" data-id=\"161084\" src=\"https:\/\/www.tui.com\/blog\/wp-content\/uploads\/2023\/04\/gran-canaria-the-puerto-de-mogan-fischerhaeuser-1000x563.jpg\" alt=\"Die h\u00fcbschen Fischerh\u00e4user am Hafern.\" class=\"wp-image-161084\" srcset=\"https:\/\/www.tui.com\/blog\/wp-content\/uploads\/2023\/04\/gran-canaria-the-puerto-de-mogan-fischerhaeuser-1000x563.jpg 1000w, https:\/\/www.tui.com\/blog\/wp-content\/uploads\/2023\/04\/gran-canaria-the-puerto-de-mogan-fischerhaeuser-790x444.jpg 790w, https:\/\/www.tui.com\/blog\/wp-content\/uploads\/2023\/04\/gran-canaria-the-puerto-de-mogan-fischerhaeuser-320x180.jpg 320w, https:\/\/www.tui.com\/blog\/wp-content\/uploads\/2023\/04\/gran-canaria-the-puerto-de-mogan-fischerhaeuser-768x432.jpg 768w, https:\/\/www.tui.com\/blog\/wp-content\/uploads\/2023\/04\/gran-canaria-the-puerto-de-mogan-fischerhaeuser.jpg 1400w\" sizes=\"(max-width: 1000px) 100vw, 1000px\" \/><\/figure>\n\n\n\n<figure class=\"wp-block-image size-large\"><img decoding=\"async\" width=\"1000\" height=\"563\" data-id=\"161086\" src=\"https:\/\/www.tui.com\/blog\/wp-content\/uploads\/2023\/04\/gran-canaria-the-puerto-de-mogan-hotel-pool-1000x563.jpg\" alt=\"Poolbereich vom THe Hotel Puerto de Mog\u00e1n.\" class=\"wp-image-161086\" srcset=\"https:\/\/www.tui.com\/blog\/wp-content\/uploads\/2023\/04\/gran-canaria-the-puerto-de-mogan-hotel-pool-1000x563.jpg 1000w, https:\/\/www.tui.com\/blog\/wp-content\/uploads\/2023\/04\/gran-canaria-the-puerto-de-mogan-hotel-pool-790x444.jpg 790w, https:\/\/www.tui.com\/blog\/wp-content\/uploads\/2023\/04\/gran-canaria-the-puerto-de-mogan-hotel-pool-320x180.jpg 320w, https:\/\/www.tui.com\/blog\/wp-content\/uploads\/2023\/04\/gran-canaria-the-puerto-de-mogan-hotel-pool-768x432.jpg 768w, https:\/\/www.tui.com\/blog\/wp-content\/uploads\/2023\/04\/gran-canaria-the-puerto-de-mogan-hotel-pool.jpg 1400w\" sizes=\"(max-width: 1000px) 100vw, 1000px\" \/><\/figure>\n\n\n\n<figure class=\"wp-block-image size-large\"><img decoding=\"async\" width=\"1000\" height=\"563\" data-id=\"161088\" src=\"https:\/\/www.tui.com\/blog\/wp-content\/uploads\/2023\/04\/gran-canaria-the-puerto-de-mogan-appartement-dachterrasse-1000x563.jpg\" alt=\"Blick von der Dachterrasse der Appartements.\" class=\"wp-image-161088\" srcset=\"https:\/\/www.tui.com\/blog\/wp-content\/uploads\/2023\/04\/gran-canaria-the-puerto-de-mogan-appartement-dachterrasse-1000x563.jpg 1000w, https:\/\/www.tui.com\/blog\/wp-content\/uploads\/2023\/04\/gran-canaria-the-puerto-de-mogan-appartement-dachterrasse-790x444.jpg 790w, https:\/\/www.tui.com\/blog\/wp-content\/uploads\/2023\/04\/gran-canaria-the-puerto-de-mogan-appartement-dachterrasse-320x180.jpg 320w, https:\/\/www.tui.com\/blog\/wp-content\/uploads\/2023\/04\/gran-canaria-the-puerto-de-mogan-appartement-dachterrasse-768x432.jpg 768w, https:\/\/www.tui.com\/blog\/wp-content\/uploads\/2023\/04\/gran-canaria-the-puerto-de-mogan-appartement-dachterrasse.jpg 1400w\" sizes=\"(max-width: 1000px) 100vw, 1000px\" \/><\/figure>\n\n\n\n<figure class=\"wp-block-image size-large\"><img decoding=\"async\" width=\"1000\" height=\"563\" data-id=\"161090\" src=\"https:\/\/www.tui.com\/blog\/wp-content\/uploads\/2023\/04\/gran-canaria-the-puerto-de-mogan-hotel-cabana-1000x563.jpg\" alt=\"Hier liegt Euch der Atlantik zu F\u00fc\u00dfen.\" class=\"wp-image-161090\" srcset=\"https:\/\/www.tui.com\/blog\/wp-content\/uploads\/2023\/04\/gran-canaria-the-puerto-de-mogan-hotel-cabana-1000x563.jpg 1000w, https:\/\/www.tui.com\/blog\/wp-content\/uploads\/2023\/04\/gran-canaria-the-puerto-de-mogan-hotel-cabana-790x444.jpg 790w, https:\/\/www.tui.com\/blog\/wp-content\/uploads\/2023\/04\/gran-canaria-the-puerto-de-mogan-hotel-cabana-320x180.jpg 320w, https:\/\/www.tui.com\/blog\/wp-content\/uploads\/2023\/04\/gran-canaria-the-puerto-de-mogan-hotel-cabana-768x432.jpg 768w, https:\/\/www.tui.com\/blog\/wp-content\/uploads\/2023\/04\/gran-canaria-the-puerto-de-mogan-hotel-cabana.jpg 1400w\" sizes=\"(max-width: 1000px) 100vw, 1000px\" \/><\/figure>\n<\/figure>\n\n\n\n<h3 class=\"wp-block-heading\"><strong>TOP 3: Clubhotel Riu Gran Canaria in Maspalomas<\/strong><\/h3>\n\n\n\n<p>Lautes Kinderlachen, eine gro\u00dfe, sch\u00f6ne Gartenanlage und ein Sunset-Cocktail am Infinity-Pool &#8211; das ist mir besonders in Erinnerung geblieben. Das&nbsp;<a href=\"https:\/\/www.tui.com\/hotels\/riu-gran-canaria-20422\/hotelinformation\/\" target=\"_blank\" rel=\"noreferrer noopener\"><strong>Hotel Riu Gran Canaria<\/strong><\/a> w\u00fcrde ich besonders Familien ans Herz legen wollen. Und das nicht nur wegen des originellen Kinderbereichs mit Drachenrutsche im Pool. Wer es ungezwungen mag und auf herzlichen Service viel Wert legt, wird es hier lieben.<\/p>\n\n\n\n<figure class=\"wp-block-image alignnone size-medium wp-image-40456\"><img decoding=\"async\" width=\"777\" height=\"444\" src=\"https:\/\/www.tui.com\/blog\/wp-content\/uploads\/2023\/04\/gran-canaria-clubhotel-riu-gran-canaria-777x444.jpg\" alt=\"in tolles Familienhotel und G\u00e4ste, die es ungezwungen m\u00f6gen.\" class=\"wp-image-40456\"\/><figcaption class=\"wp-element-caption\">Ein tolles Familienhotel und&nbsp; f\u00fcr G\u00e4ste, die es ungezwungen m\u00f6gen.<\/figcaption><\/figure>\n\n\n\n<h3 class=\"wp-block-heading\">Da lachte das Herz<\/h3>\n\n\n\n<p>&#8230; als am vierten und letzten Tag unserer Reise f\u00fcnf Jeeps vor dem Hotel auf uns warteten, um uns auf eine Tour ins Hinterland von <a href=\"https:\/\/www.tui.com\/pauschalreisen\/spanien\/gran-canaria\/\" target=\"_blank\" rel=\"noopener\">Gran Canaria<\/a> abzuholen.<\/p>\n\n\n\n<figure class=\"wp-block-image alignnone size-medium wp-image-40486\"><img decoding=\"async\" width=\"777\" height=\"444\" src=\"https:\/\/www.tui.com\/blog\/wp-content\/uploads\/2023\/04\/gran-canaria-jeepsafari-777x444.jpg\" alt=\"Ein echtes Abenteuer: eine Jeep-Safari ins Hinterland von Gran Canaria.\" class=\"wp-image-40486\"\/><figcaption class=\"wp-element-caption\">Ein echtes Abenteuer: eine Jeep-Safari ins Hinterland von Gran Canaria.<\/figcaption><\/figure>\n\n\n\n<p>Um es direkt zu erw\u00e4hnen: man sollte gute Nerven mitbringen, schwindelfrei sein und einen stabilen Magen haben \ud83d\ude42 Die Offroad-Safari geht \u00fcber serpentinenreiche Stra\u00dfen mit teils schwindelerregenden Ausblicken. Das wird nat\u00fcrlich belohnt: es gibt wundersch\u00f6ne Bergmassive, W\u00e4lder, T\u00e4ler, Schluchten, Stauseen und vieles, vieles mehr zu sehen. Schaut euch unbedingt das h\u00fcbsche, pittoreske Bergd\u00f6rfchen Tejeda an und kehrt auf eine Portion Papas Arrugadas &#8211; den typischen &#8222;Salz-Schrumpelkartoffeln&#8220; mit gr\u00fcner oder roter So\u00dfe &#8211; in eine der kleinen, urigen Bars ein.<\/p>\n\n\n\n<figure class=\"wp-block-gallery has-nested-images columns-3 is-cropped wp-block-gallery-3 is-layout-flex wp-block-gallery-is-layout-flex\">\n<figure class=\"wp-block-image size-large\"><img decoding=\"async\" width=\"1000\" height=\"563\" data-id=\"161092\" src=\"https:\/\/www.tui.com\/blog\/wp-content\/uploads\/2023\/04\/gran-canaria-jeepsafari-berge-1000x563.jpg\" alt=\"Bei eeiner der Jeep Safari habtg Ihr immer immer den besten Ausblick.\" class=\"wp-image-161092\" srcset=\"https:\/\/www.tui.com\/blog\/wp-content\/uploads\/2023\/04\/gran-canaria-jeepsafari-berge-1000x563.jpg 1000w, https:\/\/www.tui.com\/blog\/wp-content\/uploads\/2023\/04\/gran-canaria-jeepsafari-berge-790x444.jpg 790w, https:\/\/www.tui.com\/blog\/wp-content\/uploads\/2023\/04\/gran-canaria-jeepsafari-berge-320x180.jpg 320w, https:\/\/www.tui.com\/blog\/wp-content\/uploads\/2023\/04\/gran-canaria-jeepsafari-berge-768x432.jpg 768w, https:\/\/www.tui.com\/blog\/wp-content\/uploads\/2023\/04\/gran-canaria-jeepsafari-berge.jpg 1400w\" sizes=\"(max-width: 1000px) 100vw, 1000px\" \/><\/figure>\n\n\n\n<figure class=\"wp-block-image size-large\"><img decoding=\"async\" width=\"1000\" height=\"563\" data-id=\"161094\" src=\"https:\/\/www.tui.com\/blog\/wp-content\/uploads\/2023\/04\/gran-canaria-jeepsafari-katze-1000x563.jpg\" alt=\"Kanarische Katze\" class=\"wp-image-161094\" srcset=\"https:\/\/www.tui.com\/blog\/wp-content\/uploads\/2023\/04\/gran-canaria-jeepsafari-katze-1000x563.jpg 1000w, https:\/\/www.tui.com\/blog\/wp-content\/uploads\/2023\/04\/gran-canaria-jeepsafari-katze-790x444.jpg 790w, https:\/\/www.tui.com\/blog\/wp-content\/uploads\/2023\/04\/gran-canaria-jeepsafari-katze-320x180.jpg 320w, https:\/\/www.tui.com\/blog\/wp-content\/uploads\/2023\/04\/gran-canaria-jeepsafari-katze-768x432.jpg 768w, https:\/\/www.tui.com\/blog\/wp-content\/uploads\/2023\/04\/gran-canaria-jeepsafari-katze.jpg 1400w\" sizes=\"(max-width: 1000px) 100vw, 1000px\" \/><\/figure>\n\n\n\n<figure class=\"wp-block-image size-large\"><img decoding=\"async\" width=\"1000\" height=\"563\" data-id=\"161096\" src=\"https:\/\/www.tui.com\/blog\/wp-content\/uploads\/2023\/04\/gran-canaria-jeepsafari-bergdorf-tejeda-1000x563.jpg\" alt=\"Ein Fotomativ jagt das n\u00e4chste im h\u00fcbschen Bergdorf Tejeda.\" class=\"wp-image-161096\" srcset=\"https:\/\/www.tui.com\/blog\/wp-content\/uploads\/2023\/04\/gran-canaria-jeepsafari-bergdorf-tejeda-1000x563.jpg 1000w, https:\/\/www.tui.com\/blog\/wp-content\/uploads\/2023\/04\/gran-canaria-jeepsafari-bergdorf-tejeda-790x444.jpg 790w, https:\/\/www.tui.com\/blog\/wp-content\/uploads\/2023\/04\/gran-canaria-jeepsafari-bergdorf-tejeda-320x180.jpg 320w, https:\/\/www.tui.com\/blog\/wp-content\/uploads\/2023\/04\/gran-canaria-jeepsafari-bergdorf-tejeda-768x432.jpg 768w, https:\/\/www.tui.com\/blog\/wp-content\/uploads\/2023\/04\/gran-canaria-jeepsafari-bergdorf-tejeda.jpg 1400w\" sizes=\"(max-width: 1000px) 100vw, 1000px\" \/><\/figure>\n\n\n\n<figure class=\"wp-block-image size-large\"><img decoding=\"async\" width=\"1000\" height=\"563\" data-id=\"161098\" src=\"https:\/\/www.tui.com\/blog\/wp-content\/uploads\/2023\/04\/gran-canaria-jeepsafari-strasse-1000x563.jpg\" alt=\"Die Stra\u00dfe schl\u00e4ngelt sich eindrucksvoll durch Berge und T\u00e4ler.\" class=\"wp-image-161098\" srcset=\"https:\/\/www.tui.com\/blog\/wp-content\/uploads\/2023\/04\/gran-canaria-jeepsafari-strasse-1000x563.jpg 1000w, https:\/\/www.tui.com\/blog\/wp-content\/uploads\/2023\/04\/gran-canaria-jeepsafari-strasse-790x444.jpg 790w, https:\/\/www.tui.com\/blog\/wp-content\/uploads\/2023\/04\/gran-canaria-jeepsafari-strasse-320x180.jpg 320w, https:\/\/www.tui.com\/blog\/wp-content\/uploads\/2023\/04\/gran-canaria-jeepsafari-strasse-768x432.jpg 768w, https:\/\/www.tui.com\/blog\/wp-content\/uploads\/2023\/04\/gran-canaria-jeepsafari-strasse.jpg 1400w\" sizes=\"(max-width: 1000px) 100vw, 1000px\" \/><\/figure>\n\n\n\n<figure class=\"wp-block-image size-large\"><img decoding=\"async\" width=\"1000\" height=\"563\" data-id=\"161100\" src=\"https:\/\/www.tui.com\/blog\/wp-content\/uploads\/2023\/04\/gran-canaria-jeepsafari-bar-1000x563.jpg\" alt=\"Urig und typisch - eine Bar im Hinterland von Gran Canaria.\" class=\"wp-image-161100\" srcset=\"https:\/\/www.tui.com\/blog\/wp-content\/uploads\/2023\/04\/gran-canaria-jeepsafari-bar-1000x563.jpg 1000w, https:\/\/www.tui.com\/blog\/wp-content\/uploads\/2023\/04\/gran-canaria-jeepsafari-bar-790x444.jpg 790w, https:\/\/www.tui.com\/blog\/wp-content\/uploads\/2023\/04\/gran-canaria-jeepsafari-bar-320x180.jpg 320w, https:\/\/www.tui.com\/blog\/wp-content\/uploads\/2023\/04\/gran-canaria-jeepsafari-bar-768x432.jpg 768w, https:\/\/www.tui.com\/blog\/wp-content\/uploads\/2023\/04\/gran-canaria-jeepsafari-bar.jpg 1400w\" sizes=\"(max-width: 1000px) 100vw, 1000px\" \/><\/figure>\n<\/figure>\n\n\n\n<p>Nicht zuletzt durch unsere fantastische TUI Reiseleitung Teresa und Annika haben wir in den vergangenen Tagen jede Menge \u00fcber das Leben auf Gran Canaria, \u00fcber sch\u00f6ne Str\u00e4nde und tolle Ausfl\u00fcge, \u00fcber die Canarios und viele viele Anekd\u00f6tchen rund um die immer warme Kanareninsel geh\u00f6rt.<\/p>\n\n\n\n<h3 class=\"wp-block-heading\">Mehr Inspiration zu Gran Canaria hier auf dem TUI Blog<\/h3>\n\n\n\n<p>\u25ba <a href=\"https:\/\/www.tui.com\/blog\/top-10-schoenste-straende-gran-canaria\/\">TUI Blogger Tom zeigt euch die sch\u00f6nsten Str\u00e4nde auf Gran Canaria<\/a><\/p>\n\n\n\n<p>\u25ba <a href=\"https:\/\/www.tui.com\/blog\/langzeiturlaub-auf-den-kanaren-ueberwintern-auf-gran-canaria\/\">Langzeiturlaub auf Gran Canaria: Ein Erfahrungsbericht zum \u00dcberwintern auf der Insel<\/a><\/p>\n\n\n<div class=\"destination-info\"><div class=\"heading\"><h3>Angebote zur Reiseplanung: Gran-Canaria<\/h3><\/div><div class=\"link-section\"><div class=\"default-links\"><ul><li class=\"pauschalreise-link\">\r\n            <svg id=\"Capa_2\" data-name=\"Capa 2\" xmlns=\"http:\/\/www.w3.org\/2000\/svg\" viewBox=\"0 0 427.3 427.3\" height=\"1.2em\" width=\"1.2em\">\r\n              <defs>\r\n                <style>\r\n                  .cls-1 {\r\n                    fill: #1b115c;\r\n                  }\r\n                <\/style>\r\n              <\/defs>\r\n              <g id=\"Capa_1-2\" data-name=\"Capa 1\">\r\n                <g>\r\n                  <path class=\"cls-1\" d=\"m213.65,427.3c-57.07,0-110.72-22.22-151.07-62.58S0,270.72,0,213.65C0,95.84,95.84,0,213.65,0s213.65,95.84,213.65,213.65-95.84,213.65-213.65,213.65Zm0-410.3C105.22,17,17,105.22,17,213.65s88.22,196.65,196.65,196.65,196.65-88.22,196.65-196.65S322.08,17,213.65,17Z\"\/>\r\n                  <path class=\"cls-1\" d=\"m377.7,261.52c-4.69,0-8.5-3.81-8.5-8.5,0-34.92-28.41-63.32-63.32-63.32s-60.88,25.86-63.17,58.87c-.32,4.68-4.38,8.22-9.07,7.89-4.68-.32-8.22-4.38-7.89-9.07,2.9-41.89,38.1-74.7,80.13-74.7,44.29,0,80.32,36.03,80.32,80.32,0,4.69-3.81,8.5-8.5,8.5Z\"\/>\r\n                  <path class=\"cls-1\" d=\"m210.21,209.54c-1.15,0-2.31-.23-3.43-.73-4.29-1.9-6.24-6.91-4.34-11.21,13.24-29.98-.38-65.14-30.36-78.38-29.98-13.24-65.14.38-78.38,30.37-1.9,4.3-6.92,6.24-11.21,4.34-4.29-1.9-6.24-6.91-4.34-11.21,17.02-38.56,62.24-56.07,100.8-39.05,38.55,17.03,56.06,62.24,39.04,100.8-1.4,3.18-4.52,5.07-7.78,5.07Z\"\/>\r\n                  <path class=\"cls-1\" d=\"m250.55,159.01c-3.41,0-6.62-2.06-7.93-5.43-11.84-30.56-46.33-45.79-76.89-33.96-12.59,4.88-22.87,13.59-29.71,25.19-2.38,4.04-7.6,5.39-11.64,3.01-4.04-2.38-5.39-7.6-3.01-11.64,8.8-14.93,22.02-26.14,38.21-32.41,39.3-15.22,83.66,4.37,98.88,43.67,1.7,4.38-.48,9.3-4.85,11-1.01.39-2.05.58-3.07.58Z\"\/>\r\n                  <path class=\"cls-1\" d=\"m173.94,190.99c-1.71,0-3.44-.51-4.93-1.58-3.82-2.73-4.71-8.04-1.98-11.86,7.83-10.96,11.62-23.89,10.97-37.38-1.58-32.73-29.53-58.07-62.23-56.5-4.69.22-8.67-3.39-8.9-8.08s3.39-8.67,8.08-8.9c42.1-2.04,78,30.56,80.03,72.66.84,17.35-4.05,33.97-14.12,48.08-1.66,2.32-4.27,3.56-6.92,3.56Z\"\/>\r\n                  <path class=\"cls-1\" d=\"m110.96,261.87c-1.17,0-2.35-.24-3.48-.75-4.28-1.92-6.19-6.96-4.27-11.24l61.77-137.45c1.92-4.28,6.95-6.19,11.24-4.27,4.28,1.92,6.19,6.96,4.27,11.24l-61.77,137.45c-1.42,3.15-4.51,5.02-7.76,5.02Z\"\/>\r\n                  <path class=\"cls-1\" d=\"m14.26,270.63c-3.56,0-6.88-2.25-8.06-5.82-1.48-4.45.92-9.27,5.38-10.75l34.79-11.59c15.33-5.12,32.24-5.12,47.59,0l19.87,6.62c11.74,3.91,24.18,4.01,35.99.27l22.91-7.25c15.45-4.89,32.39-4.62,47.68.77l16.32,5.75c11.75,4.14,24.78,4.38,36.69.67l23.29-7.27c15.51-4.84,32.47-4.49,47.76.98l15.75,5.64c11.73,4.19,24.24,4.54,36.17,1l16.22-4.81c4.5-1.33,9.23,1.23,10.57,5.73s-1.23,9.23-5.73,10.57l-16.22,4.81c-15.42,4.57-31.58,4.12-46.73-1.29l-15.75-5.64c-11.83-4.23-24.96-4.5-36.97-.76l-23.29,7.27c-15.38,4.79-32.21,4.49-47.4-.86l-16.32-5.75c-11.84-4.17-24.95-4.38-36.91-.6l-22.91,7.25c-15.25,4.82-31.32,4.7-46.49-.35l-19.87-6.62c-11.88-3.97-24.96-3.97-36.83,0l-34.8,11.6c-.89.3-1.8.44-2.69.44Z\"\/>\r\n                  <path class=\"cls-1\" d=\"m132.23,311.06c-8.01,0-16.01-1.29-23.78-3.88l-19.87-6.62c-11.88-3.97-24.96-3.97-36.83,0l-21.69,7.23c-4.45,1.48-9.27-.92-10.75-5.38-1.48-4.45.92-9.27,5.38-10.75l21.68-7.23c15.33-5.12,32.24-5.12,47.59,0l19.87,6.62c11.74,3.91,24.18,4.01,35.99.27l22.91-7.25c15.45-4.89,32.38-4.62,47.68.77l16.32,5.75c11.75,4.14,24.78,4.38,36.69.67l23.29-7.27c15.51-4.84,32.47-4.49,47.76.98l15.74,5.63c11.73,4.2,24.24,4.55,36.18,1.01l1.28-.38c4.51-1.33,9.23,1.25,10.56,5.75,1.33,4.5-1.25,9.23-5.75,10.56l-1.26.37c-15.41,4.57-31.57,4.12-46.72-1.31l-15.74-5.63c-11.83-4.24-24.96-4.51-36.97-.76l-23.29,7.27c-15.38,4.79-32.21,4.49-47.4-.86l-16.32-5.75c-11.84-4.17-24.95-4.38-36.91-.6l-22.91,7.25c-7.44,2.35-15.08,3.53-22.71,3.53Z\"\/>\r\n                  <path class=\"cls-1\" d=\"m132.23,393.12c-8.01,0-16.01-1.29-23.78-3.88l-19.87-6.63c-2.11-.7-4.27-1.28-6.41-1.73-4.6-.96-7.54-5.46-6.58-10.06s5.47-7.54,10.06-6.58c2.78.58,5.57,1.33,8.31,2.24l19.88,6.63c11.73,3.91,24.18,4.01,35.98.27l22.91-7.25c15.46-4.89,32.39-4.62,47.68.76l16.32,5.75c11.75,4.14,24.78,4.38,36.69.67l23.29-7.27c15.36-4.79,31.53-4.57,46.75.64,4.44,1.52,6.81,6.35,5.29,10.79-1.52,4.44-6.35,6.81-10.79,5.29-11.78-4.03-24.29-4.2-36.18-.5l-23.28,7.27c-15.38,4.79-32.21,4.49-47.4-.86l-16.32-5.75c-11.83-4.17-24.94-4.38-36.91-.59l-22.91,7.25c-7.44,2.35-15.08,3.53-22.71,3.53Z\"\/>\r\n                  <path class=\"cls-1\" d=\"m132.23,352.09c-8.01,0-16.01-1.29-23.78-3.88l-19.87-6.63c-11.88-3.96-24.96-3.96-36.83,0l-1.53.51c-4.45,1.49-9.27-.9-10.76-5.36s.9-9.27,5.36-10.76l1.55-.52c15.35-5.12,32.25-5.12,47.6,0l19.87,6.63c11.73,3.91,24.18,4.01,35.98.27l22.91-7.25c15.45-4.89,32.39-4.62,47.68.77l16.32,5.74c11.77,4.15,24.8,4.38,36.69.67l23.29-7.27c15.5-4.84,32.47-4.48,47.76.99l15.74,5.63c4.34,1.55,8.85,2.59,13.44,3.08,4.67.5,8.05,4.69,7.55,9.36-.5,4.67-4.68,8.05-9.36,7.55-5.92-.63-11.76-1.97-17.36-3.97l-15.74-5.63c-11.84-4.24-24.97-4.51-36.97-.77l-23.29,7.27c-15.36,4.8-32.2,4.49-47.4-.86l-16.32-5.74c-11.85-4.17-24.96-4.39-36.91-.6l-22.91,7.25c-7.44,2.35-15.08,3.53-22.71,3.53Z\"\/>\r\n                <\/g>\r\n              <\/g>\r\n            <\/svg>\r\n            <a href=\"https:\/\/www.tui.com\/urlaub\/spanien\/kanaren\/gran-canaria\/\" target=\"_blank\">Gran-Canaria Urlaub<\/a>\r\n        <\/li><li class=\"hotel-link\">\r\n            <svg id=\"Capa_2\" data-name=\"Capa 2\" xmlns=\"http:\/\/www.w3.org\/2000\/svg\" viewBox=\"0 0 426.78 426.78\" height=\"1.2em\" width=\"1.2em\">\r\n              <defs>\r\n                <style>\r\n                  .cls-1 {\r\n                    fill: #1b115c;\r\n                  }\r\n                <\/style>\r\n              <\/defs>\r\n              <g id=\"Capa_1-2\" data-name=\"Capa 1\">\r\n                <g>\r\n                  <path class=\"cls-1\" d=\"m336.33,344.83H90.47c-4.7,0-8.5-3.81-8.5-8.5s3.81-8.5,8.5-8.5h245.86c4.7,0,8.5,3.81,8.5,8.5s-3.81,8.5-8.5,8.5Z\"\/>\r\n                  <path class=\"cls-1\" d=\"m213.39,343.69c-4.7,0-8.5-3.81-8.5-8.5v-80.77c0-4.7,3.81-8.5,8.5-8.5s8.5,3.81,8.5,8.5v80.77c0,4.7-3.81,8.5-8.5,8.5Z\"\/>\r\n                  <path class=\"cls-1\" d=\"m172.42,343.69c-4.7,0-8.5-3.81-8.5-8.5v-80.82c0-4.7,3.81-8.5,8.5-8.5h81.95c4.7,0,8.5,3.81,8.5,8.5v77.13c0,4.7-3.81,8.5-8.5,8.5s-8.5-3.81-8.5-8.5v-68.63h-64.94v72.31c0,4.7-3.81,8.5-8.5,8.5Z\"\/>\r\n                  <path class=\"cls-1\" d=\"m213.39,426.78C95.73,426.78,0,331.06,0,213.39S95.73,0,213.39,0s213.39,95.73,213.39,213.39-95.73,213.39-213.39,213.39Zm0-409.78C105.11,17.01,17.01,105.11,17.01,213.39s88.1,196.38,196.38,196.38,196.38-88.1,196.38-196.38S321.68,17.01,213.39,17.01Z\"\/>\r\n                  <path class=\"cls-1\" d=\"m172.67,188.88v-81.87h20.06v32.28h41.59v-32.28h20.06v81.87h-20.06v-33.57h-41.59v33.57h-20.06Z\"\/>\r\n                  <path class=\"cls-1\" d=\"m181.44,213.42h-9.62c-4.7,0-8.5-3.81-8.5-8.5s3.81-8.5,8.5-8.5h9.62c4.7,0,8.5,3.81,8.5,8.5s-3.81,8.5-8.5,8.5Z\"\/>\r\n                  <path class=\"cls-1\" d=\"m254.37,213.42h-9.62c-4.7,0-8.5-3.81-8.5-8.5s3.81-8.5,8.5-8.5h9.62c4.7,0,8.5,3.81,8.5,8.5s-3.81,8.5-8.5,8.5Z\"\/>\r\n                  <path class=\"cls-1\" d=\"m218.2,213.42h-9.62c-4.7,0-8.5-3.81-8.5-8.5s3.81-8.5,8.5-8.5h9.62c4.7,0,8.5,3.81,8.5,8.5s-3.81,8.5-8.5,8.5Z\"\/>\r\n                  <path class=\"cls-1\" d=\"m295.35,344.83h-163.91c-2.26,0-4.42-.9-6.02-2.5-1.6-1.6-2.49-3.76-2.49-6.02l.3-201.63c0-21.28,9.52-41.18,26.8-56.03,16.96-14.57,39.53-22.6,63.57-22.6s46.62,8.03,63.57,22.6c17.28,14.85,26.8,34.76,26.8,56.05h0s-.13,201.63-.13,201.63c0,4.69-3.81,8.5-8.5,8.5Zm-155.39-17.01h146.89l.13-193.12c0-33.98-32.91-61.63-73.37-61.63s-73.37,27.65-73.37,61.64l-.29,193.12Zm155.52-193.12h0,0Z\"\/>\r\n                <\/g>\r\n              <\/g>\r\n            <\/svg>\r\n            <a href=\"https:\/\/www.tui.com\/hotels\/spanien\/gran-canaria\/\" target=\"_blank\">Gran-Canaria Hotel<\/a>\r\n        <\/li><li class=\"flug-link\">\r\n            <svg id=\"Capa_2\" data-name=\"Capa 2\" xmlns=\"http:\/\/www.w3.org\/2000\/svg\" viewBox=\"0 0 426.31 426.31\" height=\"1.2em\" width=\"1.2em\">\r\n              <defs>\r\n                <style>\r\n                  .cls-1 {\r\n                    fill: #1b115c;\r\n                  }\r\n                <\/style>\r\n              <\/defs>\r\n              <g id=\"Capa_1-2\" data-name=\"Capa 1\">\r\n                <g>\r\n                  <path class=\"cls-1\" d=\"m213.15,426.31C95.62,426.31,0,330.69,0,213.15S95.62,0,213.15,0s213.15,95.62,213.15,213.15-95.62,213.15-213.15,213.15Zm0-409.31C104.99,17,17,104.99,17,213.15s87.99,196.15,196.15,196.15,196.15-87.99,196.15-196.15S321.31,17,213.15,17Z\"\/>\r\n                  <g>\r\n                    <path class=\"cls-1\" d=\"m161.96,345.27c-1.87,0-3.71-.62-5.22-1.79-2.07-1.61-3.28-4.09-3.28-6.71v-16.86c0-2.23.88-4.37,2.44-5.96l30.71-31.23v-53.88l-89.15,15.17c-2.47.42-5-.27-6.91-1.88-1.91-1.62-3.02-3.99-3.02-6.5v-33.71c0-3.19,1.79-6.12,4.64-7.57l94.44-48.2v-62.22c0-13.98,11.25-25.36,25.08-25.36,4.69,0,8.5,3.81,8.5,8.5s-3.81,8.5-8.5,8.5c-4.45,0-8.08,3.75-8.08,8.36v67.43c0,3.19-1.79,6.12-4.64,7.57l-94.44,48.2v18.44l89.15-15.17c2.47-.42,5,.27,6.91,1.88,1.91,1.62,3.02,3.99,3.02,6.5v67.43c0,2.23-.88,4.37-2.44,5.96l-30.71,31.23v2.45l40.6-10.32c4.55-1.16,9.18,1.59,10.33,6.14,1.16,4.55-1.59,9.18-6.14,10.33l-51.2,13.02c-.69.18-1.4.26-2.09.26Z\"\/>\r\n                    <path class=\"cls-1\" d=\"m264.35,345.27c-.7,0-1.4-.09-2.09-.26l-51.2-13.02c-4.55-1.16-7.3-5.78-6.14-10.33,1.16-4.55,5.78-7.3,10.33-6.14l40.6,10.32v-2.45l-30.71-31.23c-1.56-1.59-2.44-3.73-2.44-5.96v-67.43c0-2.5,1.1-4.88,3.02-6.5,1.91-1.61,4.44-2.31,6.91-1.88l89.15,15.17v-18.44l-94.44-48.2c-2.85-1.45-4.64-4.38-4.64-7.57v-67.43c0-4.61-3.62-8.36-8.08-8.36-4.69,0-8.5-3.81-8.5-8.5s3.81-8.5,8.5-8.5c13.83,0,25.08,11.38,25.08,25.36v62.22l94.44,48.2c2.85,1.45,4.64,4.38,4.64,7.57v33.71c0,2.5-1.1,4.88-3.02,6.5-1.91,1.61-4.44,2.3-6.91,1.88l-89.15-15.17v53.88l30.71,31.23c1.56,1.59,2.44,3.73,2.44,5.96v16.86c0,2.62-1.21,5.1-3.28,6.71-1.51,1.17-3.35,1.79-5.22,1.79Z\"\/>\r\n                  <\/g>\r\n                <\/g>\r\n              <\/g>\r\n            <\/svg>\r\n                <a href=\"https:\/\/www.tui.com\/flug\/gran-canaria\/\" target=\"_blank\">Flug nach Gran-Canaria<\/a>\r\n            <\/li><\/ul><\/div><div class=\"optionale-links\"><ul><li class=\"lastminute-link\">\r\n                    <svg id=\"Capa_2\" data-name=\"Capa 2\" xmlns=\"http:\/\/www.w3.org\/2000\/svg\" viewBox=\"0 0 427.15 427.15\" height=\"1.2em\" width=\"1.2em\">\r\n                      <defs>\r\n                        <style>\r\n                          .cls-1 {\r\n                            fill: #1b115c;\r\n                          }\r\n                        <\/style>\r\n                      <\/defs>\r\n                      <g id=\"Capa_1-2\" data-name=\"Capa 1\">\r\n                        <g>\r\n                          <path class=\"cls-1\" d=\"m213.58,427.15C95.81,427.15,0,331.34,0,213.58S95.81,0,213.58,0s213.58,95.81,213.58,213.58-95.81,213.58-213.58,213.58Zm0-410.15C105.19,17.01,17.01,105.19,17.01,213.58s88.18,196.57,196.57,196.57,196.57-88.18,196.57-196.57S321.97,17.01,213.58,17.01Z\"\/>\r\n                          <path class=\"cls-1\" d=\"m213.41,323.4c-58.87,0-106.76-47.89-106.76-106.76s47.89-106.76,106.76-106.76,106.76,47.89,106.76,106.76-47.89,106.76-106.76,106.76Zm0-196.51c-49.49,0-89.75,40.26-89.75,89.75s40.26,89.75,89.75,89.75,89.75-40.26,89.75-89.75-40.26-89.75-89.75-89.75Z\"\/>\r\n                          <path class=\"cls-1\" d=\"m105,140.58c-2.48,0-4.93-1.08-6.61-3.15-2.96-3.65-2.4-9,1.25-11.96l41.16-33.36c3.65-2.96,9-2.4,11.96,1.25s2.4,9-1.25,11.96l-41.16,33.36c-1.58,1.28-3.47,1.9-5.35,1.9Z\"\/>\r\n                          <path class=\"cls-1\" d=\"m322.08,140.58c-1.88,0-3.77-.62-5.35-1.9l-41.16-33.36c-3.65-2.96-4.21-8.31-1.25-11.96,2.96-3.65,8.31-4.21,11.96-1.25l41.16,33.36c3.65,2.96,4.21,8.31,1.25,11.96-1.68,2.07-4.14,3.15-6.61,3.15Z\"\/>\r\n                          <path class=\"cls-1\" d=\"m131.7,345.27c-2.18,0-4.35-.83-6.01-2.49-3.32-3.32-3.32-8.71,0-12.03l33.95-33.95c3.32-3.32,8.7-3.32,12.03,0,3.32,3.32,3.32,8.71,0,12.03l-33.95,33.95c-1.66,1.66-3.84,2.49-6.01,2.49Z\"\/>\r\n                          <path class=\"cls-1\" d=\"m295.46,345.27c-2.18,0-4.35-.83-6.01-2.49l-33.77-33.77c-3.32-3.32-3.32-8.71,0-12.03,3.32-3.32,8.7-3.32,12.03,0l33.77,33.77c3.32,3.32,3.32,8.71,0,12.03-1.66,1.66-3.84,2.49-6.01,2.49Z\"\/>\r\n                          <path class=\"cls-1\" d=\"m213.41,225.14c-4.7,0-8.5-3.81-8.5-8.5v-67.85c0-4.7,3.81-8.5,8.5-8.5s8.5,3.81,8.5,8.5v67.85c0,4.7-3.81,8.5-8.5,8.5Z\"\/>\r\n                        <\/g>\r\n                      <\/g>\r\n                    <\/svg>\r\n                    <a href=\"https:\/\/www.tui.com\/last-minute\/gran-canaria\/\" target=\"_blank\">Last Minute Gran-Canaria<\/a>\r\n                <\/li><li class=\"urlaub-link\">\r\n                    <svg id=\"Capa_2\" data-name=\"Capa 2\" xmlns=\"http:\/\/www.w3.org\/2000\/svg\" viewBox=\"0 0 426.92 426.92\" height=\"1.2em\" width=\"1.2em\">\r\n                      <defs>\r\n                        <style>\r\n                          .cls-1 {\r\n                            fill: #1b115c;\r\n                          }\r\n                        <\/style>\r\n                      <\/defs>\r\n                      <g id=\"Capa_1-2\" data-name=\"Capa 1\">\r\n                        <g>\r\n                          <path class=\"cls-1\" d=\"m213.46,426.92C95.76,426.92,0,331.16,0,213.46S95.76,0,213.46,0s213.46,95.76,213.46,213.46-95.76,213.46-213.46,213.46Zm0-409.91C105.14,17.01,17.01,105.14,17.01,213.46s88.13,196.45,196.45,196.45,196.45-88.13,196.45-196.45S321.78,17.01,213.46,17.01Z\"\/>\r\n                          <path class=\"cls-1\" d=\"m267.87,190.38c-1.07,0-2.16-.2-3.21-.63-4.35-1.78-6.43-6.74-4.66-11.09,9-22.04,11.82-44.43,8.37-66.56-1.48-9.5-3.86-16.92-5.65-21.55-3.81.98-9.44,2.99-16.11,7.13-21.28,13.2-36.37,37.33-45.29,55.24-2.09,4.2-7.2,5.92-11.4,3.82-4.2-2.09-5.92-7.2-3.82-11.4,35.77-71.89,79.91-72.71,81.78-72.71,3.13,0,6,1.72,7.49,4.47,1.03,1.92,25.02,47.68.39,107.99-1.35,3.29-4.52,5.29-7.88,5.29Z\"\/>\r\n                          <path class=\"cls-1\" d=\"m314.94,211.16c-1.17,0-2.34-.24-3.44-.72l-168.6-74.45c-4.3-1.9-6.24-6.92-4.34-11.21,22.42-50.78,81.97-73.85,132.74-51.43,50.77,22.42,73.83,81.97,51.42,132.74-.91,2.06-2.6,3.68-4.71,4.49-.99.38-2.03.57-3.07.57Zm-156.99-87.12l152.26,67.23c13.11-40.28-6.21-84.89-45.77-102.36-39.57-17.47-85.55-1.7-106.49,35.13Z\"\/>\r\n                          <path class=\"cls-1\" d=\"m163.41,322.06c-1.13,0-2.29-.23-3.39-.71-4.31-1.88-6.28-6.89-4.4-11.19l64.15-147.23c1.88-4.31,6.89-6.27,11.19-4.4,4.31,1.88,6.28,6.89,4.4,11.19l-64.15,147.23c-1.39,3.2-4.52,5.11-7.8,5.11Z\"\/>\r\n                          <path class=\"cls-1\" d=\"m336.55,324.92H90.6c-4.7,0-8.5-3.81-8.5-8.5s3.81-8.5,8.5-8.5h245.95c4.7,0,8.5,3.81,8.5,8.5s-3.81,8.5-8.5,8.5Z\"\/>\r\n                          <path class=\"cls-1\" d=\"m275.06,286.03h-61.5c-34.95,0-67.86-13.57-92.65-38.2-24.78-24.62-38.57-57.41-38.81-92.33-.03-4.7,3.75-8.53,8.44-8.56h.06c4.67,0,8.47,3.77,8.5,8.44.21,30.4,12.21,58.95,33.79,80.39,21.59,21.45,50.24,33.26,80.67,33.26h61.5c4.7,0,8.5,3.81,8.5,8.5s-3.81,8.5-8.5,8.5Z\"\/>\r\n                          <path class=\"cls-1\" d=\"m131.59,322.06c-4.7,0-8.5-3.81-8.5-8.5v-65.02c0-4.7,3.81-8.5,8.5-8.5s8.5,3.81,8.5,8.5v65.02c0,4.7-3.81,8.5-8.5,8.5Z\"\/>\r\n                          <path class=\"cls-1\" d=\"m254.57,324.92c-4.7,0-8.5-3.81-8.5-8.5v-32.41c0-4.7,3.81-8.5,8.5-8.5s8.5,3.81,8.5,8.5v32.41c0,4.7-3.81,8.5-8.5,8.5Z\"\/>\r\n                        <\/g>\r\n                      <\/g>\r\n                    <\/svg>\r\n                    <a href=\"https:\/\/www.tui.com\/pauschalreisen\/spanien\/gran-canaria\/\" target=\"_blank\">Pauschalreise f\u00fcr Gran-Canaria<\/a>\r\n                <\/li><li class=\"mietwagen-link\">\r\n                    <svg id=\"Capa_2\" data-name=\"Capa 2\" xmlns=\"http:\/\/www.w3.org\/2000\/svg\" viewBox=\"0 0 427.09 427.09\" height=\"1.2em\" width=\"1.2em\">\r\n                      <defs>\r\n                        <style>\r\n                          .cls-1 {\r\n                            fill: #1b115c;\r\n                          }\r\n                        <\/style>\r\n                      <\/defs>\r\n                      <g id=\"Capa_1-2\" data-name=\"Capa 1\">\r\n                        <g>\r\n                          <path class=\"cls-1\" d=\"m289.12,274.12h-32.4c-4.69,0-8.5-3.81-8.5-8.5s3.81-8.5,8.5-8.5h32.4c4.69,0,8.5,3.81,8.5,8.5s-3.81,8.5-8.5,8.5Z\"\/>\r\n                          <path class=\"cls-1\" d=\"m229.71,274.12h-32.41c-4.69,0-8.5-3.81-8.5-8.5s3.81-8.5,8.5-8.5h32.41c4.69,0,8.5,3.81,8.5,8.5s-3.81,8.5-8.5,8.5Z\"\/>\r\n                          <path class=\"cls-1\" d=\"m168.11,274.12h-32.4c-4.69,0-8.5-3.81-8.5-8.5s3.81-8.5,8.5-8.5h32.4c4.69,0,8.5,3.81,8.5,8.5s-3.81,8.5-8.5,8.5Z\"\/>\r\n                          <path class=\"cls-1\" d=\"m274.14,247.68c-12.96,0-23.5-10.53-23.5-23.48s10.54-23.5,23.5-23.5,23.48,10.54,23.48,23.5-10.53,23.48-23.48,23.48Zm0-29.98c-3.58,0-6.5,2.91-6.5,6.5s2.91,6.48,6.5,6.48,6.48-2.91,6.48-6.48-2.91-6.5-6.48-6.5Z\"\/>\r\n                          <path class=\"cls-1\" d=\"m154.14,247.68c-12.95,0-23.48-10.53-23.48-23.48s10.53-23.5,23.48-23.5,23.5,10.54,23.5,23.5-10.54,23.48-23.5,23.48Zm0-29.98c-3.57,0-6.48,2.91-6.48,6.5s2.91,6.48,6.48,6.48,6.5-2.91,6.5-6.48-2.91-6.5-6.5-6.5Z\"\/>\r\n                          <path class=\"cls-1\" d=\"m303.1,308.13H123.9c-11.74,0-21.3-9.56-21.3-21.31v-25.59c0-4.69,3.81-8.5,8.5-8.5s8.5,3.81,8.5,8.5v25.59c0,2.38,1.93,4.31,4.3,4.31h179.2c2.37,0,4.3-1.93,4.3-4.31v-25.59c0-4.69,3.81-8.5,8.5-8.5s8.5,3.81,8.5,8.5v25.59c0,11.75-9.55,21.31-21.3,21.31Z\"\/>\r\n                          <path class=\"cls-1\" d=\"m340.1,193.01h-.03l-24.2-.09H111.1l-25.67.09h-.03c-4.68,0-8.48-3.79-8.5-8.47-.02-4.69,3.78-8.51,8.47-8.53l25.7-.09h204.82l24.23.09c4.69.02,8.49,3.84,8.47,8.53-.02,4.68-3.82,8.47-8.5,8.47Z\"\/>\r\n                          <rect class=\"cls-1\" x=\"276.69\" y=\"297.9\" width=\"27.24\" height=\"42.59\" rx=\"8.5\" ry=\"8.5\"\/>\r\n                          <rect class=\"cls-1\" x=\"123.09\" y=\"297.9\" width=\"27.24\" height=\"42.59\" rx=\"8.5\" ry=\"8.5\"\/>\r\n                          <path class=\"cls-1\" d=\"m315.9,269.72c-4.69,0-8.5-3.81-8.5-8.5v-49.19l-9.55-19.1h-168.65l-9.6,19.58v48.72c0,4.69-3.81,8.5-8.5,8.5s-8.5-3.81-8.5-8.5v-50.69c0-1.3.3-2.58.87-3.74l12.8-26.11c1.43-2.91,4.39-4.76,7.63-4.76h179.2c3.22,0,6.16,1.82,7.6,4.7l12.8,25.59c.59,1.18.9,2.48.9,3.8v51.2c0,4.69-3.81,8.5-8.5,8.5Z\"\/>\r\n                          <path class=\"cls-1\" d=\"m336.72,345.42H90.05c-4.69,0-8.5-3.81-8.5-8.5s3.81-8.5,8.5-8.5h246.66c4.69,0,8.5,3.81,8.5,8.5s-3.81,8.5-8.5,8.5Z\"\/>\r\n                          <path class=\"cls-1\" d=\"m213.55,427.09C95.8,427.09,0,331.29,0,213.55S95.8,0,213.55,0s213.55,95.8,213.55,213.55-95.8,213.55-213.55,213.55Zm0-410.09C105.17,17,17,105.17,17,213.55s88.17,196.55,196.55,196.55,196.55-88.17,196.55-196.55S321.92,17,213.55,17Z\"\/>\r\n                          <path class=\"cls-1\" d=\"m315.9,269.72c-4.69,0-8.5-3.81-8.5-8.5v-49.19l-11.9-23.8c-.59-1.18-.9-2.48-.9-3.8v-22.22c0-37.66-36.38-68.3-81.1-68.3s-81.1,30.64-81.1,68.3v22.22c0,1.3-.3,2.58-.87,3.74l-11.93,24.34v48.72c0,4.69-3.81,8.5-8.5,8.5s-8.5-3.81-8.5-8.5v-50.69c0-1.3.3-2.58.87-3.74l11.93-24.34v-20.25c0-47.03,44.01-85.3,98.1-85.3s98.1,38.26,98.1,85.3v20.21l11.9,23.8c.59,1.18.9,2.48.9,3.8v51.2c0,4.69-3.81,8.5-8.5,8.5Z\"\/>\r\n                        <\/g>\r\n                      <\/g>\r\n                    <\/svg>\r\n                    <a href=\"https:\/\/www.tui.com\/mietwagen\/spanien\/kanaren\/gran-canaria\/\" target=\"_blank\">Mietwagen Gran-Canaria<\/a>\r\n                <\/li><li class=\"ausfluege-link\">\r\n                    <svg version=\"1.1\" id=\"Capa_2_00000031904721991845961360000005010559912404499335_\"\r\n                         xmlns=\"http:\/\/www.w3.org\/2000\/svg\" xmlns:xlink=\"http:\/\/www.w3.org\/1999\/xlink\" x=\"0px\" y=\"0px\" viewBox=\"0 0 427.8 427.8\"\r\n                         style=\"enable-background:new 0 0 427.8 427.8;\" xml:space=\"preserve\" height=\"1.2em\" width=\"1.2em\">\r\n                    <style type=\"text\/css\">\r\n                        .st0{fill:#1B115C;}\r\n                    <\/style>\r\n                    <g id=\"Capa_1-2\">\r\n                        <g>\r\n                            <path class=\"st0\" d=\"M365.1,62.7C324.7,22.2,271,0,213.9,0S103,22.2,62.7,62.7C22.2,103,0,156.8,0,213.9s22.2,110.8,62.7,151.2\r\n                                s94.1,62.6,151.2,62.6s110.8-22.2,151.2-62.6s62.6-94.1,62.6-151.2S405.5,103.1,365.1,62.7z M213.9,410.8\r\n                                C105.3,410.8,17,322.4,17,213.9S105.3,17,213.9,17s196.9,88.3,196.9,196.9S322.5,410.8,213.9,410.8L213.9,410.8z\"\/>\r\n                            <path class=\"st0\" d=\"M357.2,249.5l-64-42.6c-1.4-0.9-3-1.4-4.7-1.4h-65.6v-25.6h86.9c4.7,0,8.5-3.8,8.5-8.5V86\r\n                                c0-4.7-3.8-8.5-8.5-8.5h-86.9V64.7c0-4.7-3.8-8.5-8.5-8.5s-8.5,3.8-8.5,8.5v12.8h-66.7c-1.7,0-3.3,0.5-4.7,1.4l-64,42.6\r\n                                c-2.4,1.6-3.8,4.2-3.8,7.1c0,2.8,1.4,5.5,3.8,7.1l64,42.6c1.4,0.9,3,1.4,4.7,1.4h66.7v25.6h-88c-4.7,0-8.5,3.8-8.5,8.5v85.3\r\n                                c0,4.7,3.8,8.5,8.5,8.5h87.4v47h-34.1c-4.7,0-8.5,3.8-8.5,8.5s3.8,8.5,8.5,8.5h85.3c4.7,0,8.5-3.8,8.5-8.5s-3.8-8.5-8.5-8.5h-34.1\r\n                                v-47h66.1c1.7,0,3.3-0.5,4.7-1.4l64-42.6c2.4-1.6,3.8-4.2,3.8-7.1S359.6,251,357.2,249.5L357.2,249.5z M90.6,128.6l51.2-34.1\r\n                                h159.5v68.3H141.8L90.6,128.6L90.6,128.6z M285.9,290.7H126.4v-68.3h159.5l51.2,34.1L285.9,290.7L285.9,290.7z\"\/>\r\n                        <\/g>\r\n                    <\/g>\r\n                    <\/svg>\r\n                    <a href=\"https:\/\/www.tui.com\/ausfluege\/gran-canaria\/\" target=\"_blank\">Ausfl\u00fcge Gran-Canaria<\/a>\r\n                <\/li><\/ul><\/div><\/div><\/div>","protected":false},"excerpt":{"rendered":"<p>&#8222;Gran Canaria?&#8220; &#8222;Na ja, da war ich vor 20 Jahren schon mal, aber kann man sich ja mal anschauen.&#8220; So klangen TUI Bloggerin Sandra und 20 TUI Kollegen aus dem Reiseb\u00fcro noch vor ihrem Abflug auf die Kanareninsel. &#8222;Aber nat\u00fcrlich w\u00fcrde ich hier gerne nochmal Urlaub machen!&#8220; hie\u00df es nur wenige Tage sp\u00e4ter&#8230;<\/p>\n","protected":false},"author":95,"featured_media":161104,"comment_status":"open","ping_status":"open","sticky":false,"template":"","format":"standard","meta":{"_acf_changed":false,"footnotes":""},"categories":[4072,4030,4032],"tags":[458,523,190,602,416,126,497],"class_list":["post-161072","post","type-post","status-publish","format-standard","has-post-thumbnail","hentry","category-archiv-reiseplanung","category-archiv-reiseziele","category-archiv-spanien","tag-badeurlaub","tag-familienurlaub","tag-gran-canaria","tag-hoteltipps","tag-kanaren","tag-spanien","tag-strandurlaub"],"acf":[],"yoast_head":"<!-- This site is optimized with the Yoast SEO plugin v27.4 - https:\/\/yoast.com\/product\/yoast-seo-wordpress\/ -->\n<title>Gran Canaria - 3 Tage, 5 Hotels, 1000 Eindr\u00fccke - TUI.com Reiseblog \u2600<\/title>\n<meta name=\"description\" content=\"&quot;Gran Canaria?&quot; &quot;Na ja, da war ich vor 20 Jahren schon mal, aber kann man sich ja mal anschauen.&quot; So klangen TUI Bloggerin Sandra und 20 TUI Kollegen aus dem Reiseb\u00fcro noch vor ihrem Abflug auf die Kanareninsel. &quot;Aber nat\u00fcrlich w\u00fcrde ich hier gerne nochmal Urlaub machen!&quot; hie\u00df es nur wenige Tage sp\u00e4ter...\" \/>\n<meta name=\"robots\" content=\"index, follow, max-snippet:-1, max-image-preview:large, max-video-preview:-1\" \/>\n<link rel=\"canonical\" href=\"https:\/\/www.tui.com\/blog\/gran-canaria-3-tage-9-hotels-1000-eindruecke\/\" \/>\n<meta property=\"og:locale\" content=\"de_DE\" \/>\n<meta property=\"og:type\" content=\"article\" \/>\n<meta property=\"og:title\" content=\"Gran Canaria - 3 Tage, 5 Hotels, 1000 Eindr\u00fccke - TUI.com Reiseblog \u2600\" \/>\n<meta property=\"og:description\" content=\"&quot;Gran Canaria?&quot; &quot;Na ja, da war ich vor 20 Jahren schon mal, aber kann man sich ja mal anschauen.&quot; So klangen TUI Bloggerin Sandra und 20 TUI Kollegen aus dem Reiseb\u00fcro noch vor ihrem Abflug auf die Kanareninsel. &quot;Aber nat\u00fcrlich w\u00fcrde ich hier gerne nochmal Urlaub machen!&quot; hie\u00df es nur wenige Tage sp\u00e4ter...\" \/>\n<meta property=\"og:url\" content=\"https:\/\/www.tui.com\/blog\/gran-canaria-3-tage-9-hotels-1000-eindruecke\/\" \/>\n<meta property=\"og:site_name\" content=\"TUI.com Reiseblog \u2600\" \/>\n<meta property=\"article:published_time\" content=\"2018-05-09T08:00:29+00:00\" \/>\n<meta property=\"article:modified_time\" content=\"2025-08-06T10:09:58+00:00\" \/>\n<meta property=\"og:image\" content=\"https:\/\/www.tui.com\/blog\/wp-content\/uploads\/2023\/04\/gran-canaria-maspalomas-duenen.jpg\" \/>\n\t<meta property=\"og:image:width\" content=\"1400\" \/>\n\t<meta property=\"og:image:height\" content=\"788\" \/>\n\t<meta property=\"og:image:type\" content=\"image\/jpeg\" \/>\n<meta name=\"author\" content=\"TUI Bloggerin Sandra\" \/>\n<meta name=\"twitter:card\" content=\"summary_large_image\" \/>\n<meta name=\"twitter:label1\" content=\"Verfasst von\" \/>\n\t<meta name=\"twitter:data1\" content=\"TUI Bloggerin Sandra\" \/>\n\t<meta name=\"twitter:label2\" content=\"Gesch\u00e4tzte Lesezeit\" \/>\n\t<meta name=\"twitter:data2\" content=\"5\u00a0Minuten\" \/>\n<script type=\"application\/ld+json\" class=\"yoast-schema-graph\">{\"@context\":\"https:\\\/\\\/schema.org\",\"@graph\":[{\"@type\":\"BlogPosting\",\"@id\":\"https:\\\/\\\/www.tui.com\\\/blog\\\/gran-canaria-3-tage-9-hotels-1000-eindruecke\\\/#article\",\"isPartOf\":{\"@id\":\"https:\\\/\\\/www.tui.com\\\/blog\\\/gran-canaria-3-tage-9-hotels-1000-eindruecke\\\/\"},\"author\":{\"name\":\"TUI Bloggerin Sandra\",\"@id\":\"https:\\\/\\\/www.tui.com\\\/blog\\\/#\\\/schema\\\/person\\\/52c1976fb056b9e95e475324ec4e8444\"},\"headline\":\"Gran Canaria &#8211; 3 Tage, 5 Hotels, 1000 Eindr\u00fccke\",\"datePublished\":\"2018-05-09T08:00:29+00:00\",\"dateModified\":\"2025-08-06T10:09:58+00:00\",\"mainEntityOfPage\":{\"@id\":\"https:\\\/\\\/www.tui.com\\\/blog\\\/gran-canaria-3-tage-9-hotels-1000-eindruecke\\\/\"},\"wordCount\":918,\"commentCount\":1,\"publisher\":{\"@id\":\"https:\\\/\\\/www.tui.com\\\/blog\\\/#organization\"},\"image\":{\"@id\":\"https:\\\/\\\/www.tui.com\\\/blog\\\/gran-canaria-3-tage-9-hotels-1000-eindruecke\\\/#primaryimage\"},\"thumbnailUrl\":\"https:\\\/\\\/www.tui.com\\\/blog\\\/wp-content\\\/uploads\\\/2023\\\/04\\\/gran-canaria-maspalomas-duenen.jpg\",\"keywords\":[\"Badeurlaub\",\"Familienurlaub\",\"Gran Canaria\",\"Hoteltipps\",\"Kanaren\",\"Spanien\",\"Strandurlaub\"],\"articleSection\":[\"Reiseplanung\",\"Reiseziele\",\"Spanien\"],\"inLanguage\":\"de\",\"potentialAction\":[{\"@type\":\"CommentAction\",\"name\":\"Comment\",\"target\":[\"https:\\\/\\\/www.tui.com\\\/blog\\\/gran-canaria-3-tage-9-hotels-1000-eindruecke\\\/#respond\"]}]},{\"@type\":\"WebPage\",\"@id\":\"https:\\\/\\\/www.tui.com\\\/blog\\\/gran-canaria-3-tage-9-hotels-1000-eindruecke\\\/\",\"url\":\"https:\\\/\\\/www.tui.com\\\/blog\\\/gran-canaria-3-tage-9-hotels-1000-eindruecke\\\/\",\"name\":\"Gran Canaria - 3 Tage, 5 Hotels, 1000 Eindr\u00fccke - TUI.com Reiseblog \u2600\",\"isPartOf\":{\"@id\":\"https:\\\/\\\/www.tui.com\\\/blog\\\/#website\"},\"primaryImageOfPage\":{\"@id\":\"https:\\\/\\\/www.tui.com\\\/blog\\\/gran-canaria-3-tage-9-hotels-1000-eindruecke\\\/#primaryimage\"},\"image\":{\"@id\":\"https:\\\/\\\/www.tui.com\\\/blog\\\/gran-canaria-3-tage-9-hotels-1000-eindruecke\\\/#primaryimage\"},\"thumbnailUrl\":\"https:\\\/\\\/www.tui.com\\\/blog\\\/wp-content\\\/uploads\\\/2023\\\/04\\\/gran-canaria-maspalomas-duenen.jpg\",\"datePublished\":\"2018-05-09T08:00:29+00:00\",\"dateModified\":\"2025-08-06T10:09:58+00:00\",\"description\":\"\\\"Gran Canaria?\\\" \\\"Na ja, da war ich vor 20 Jahren schon mal, aber kann man sich ja mal anschauen.\\\" So klangen TUI Bloggerin Sandra und 20 TUI Kollegen aus dem Reiseb\u00fcro noch vor ihrem Abflug auf die Kanareninsel. \\\"Aber nat\u00fcrlich w\u00fcrde ich hier gerne nochmal Urlaub machen!\\\" hie\u00df es nur wenige Tage sp\u00e4ter...\",\"breadcrumb\":{\"@id\":\"https:\\\/\\\/www.tui.com\\\/blog\\\/gran-canaria-3-tage-9-hotels-1000-eindruecke\\\/#breadcrumb\"},\"inLanguage\":\"de\",\"potentialAction\":[{\"@type\":\"ReadAction\",\"target\":[\"https:\\\/\\\/www.tui.com\\\/blog\\\/gran-canaria-3-tage-9-hotels-1000-eindruecke\\\/\"]}]},{\"@type\":\"ImageObject\",\"inLanguage\":\"de\",\"@id\":\"https:\\\/\\\/www.tui.com\\\/blog\\\/gran-canaria-3-tage-9-hotels-1000-eindruecke\\\/#primaryimage\",\"url\":\"https:\\\/\\\/www.tui.com\\\/blog\\\/wp-content\\\/uploads\\\/2023\\\/04\\\/gran-canaria-maspalomas-duenen.jpg\",\"contentUrl\":\"https:\\\/\\\/www.tui.com\\\/blog\\\/wp-content\\\/uploads\\\/2023\\\/04\\\/gran-canaria-maspalomas-duenen.jpg\",\"width\":1400,\"height\":788,\"caption\":\"Die D\u00fcnen von Maspalomas sind eines der Wahrzeichen von Gran Canaria.\"},{\"@type\":\"BreadcrumbList\",\"@id\":\"https:\\\/\\\/www.tui.com\\\/blog\\\/gran-canaria-3-tage-9-hotels-1000-eindruecke\\\/#breadcrumb\",\"itemListElement\":[{\"@type\":\"ListItem\",\"position\":1,\"name\":\"Startseite\",\"item\":\"https:\\\/\\\/www.tui.com\\\/blog\\\/\"},{\"@type\":\"ListItem\",\"position\":2,\"name\":\"Gran Canaria &#8211; 3 Tage, 5 Hotels, 1000 Eindr\u00fccke\"}]},{\"@type\":\"WebSite\",\"@id\":\"https:\\\/\\\/www.tui.com\\\/blog\\\/#website\",\"url\":\"https:\\\/\\\/www.tui.com\\\/blog\\\/\",\"name\":\"TUI.com Reiseblog \u2600\",\"description\":\"Abenteuer oder lieber an den Strand? \u2600 Der TUI Reiseblog bietet tolle Infos rund um deine n\u00e4chste Reise \u2708 Komm vorbei und lass dich inspirieren \u221a\",\"publisher\":{\"@id\":\"https:\\\/\\\/www.tui.com\\\/blog\\\/#organization\"},\"potentialAction\":[{\"@type\":\"SearchAction\",\"target\":{\"@type\":\"EntryPoint\",\"urlTemplate\":\"https:\\\/\\\/www.tui.com\\\/blog\\\/?s={search_term_string}\"},\"query-input\":{\"@type\":\"PropertyValueSpecification\",\"valueRequired\":true,\"valueName\":\"search_term_string\"}}],\"inLanguage\":\"de\"},{\"@type\":\"Organization\",\"@id\":\"https:\\\/\\\/www.tui.com\\\/blog\\\/#organization\",\"name\":\"TUI.com Reiseblog \u2600\",\"url\":\"https:\\\/\\\/www.tui.com\\\/blog\\\/\",\"logo\":{\"@type\":\"ImageObject\",\"inLanguage\":\"de\",\"@id\":\"https:\\\/\\\/www.tui.com\\\/blog\\\/#\\\/schema\\\/logo\\\/image\\\/\",\"url\":\"https:\\\/\\\/www.tui.com\\\/blog\\\/wp-content\\\/uploads\\\/2023\\\/04\\\/cropped-tui-logo-3.png\",\"contentUrl\":\"https:\\\/\\\/www.tui.com\\\/blog\\\/wp-content\\\/uploads\\\/2023\\\/04\\\/cropped-tui-logo-3.png\",\"width\":164,\"height\":72,\"caption\":\"TUI.com Reiseblog \u2600\"},\"image\":{\"@id\":\"https:\\\/\\\/www.tui.com\\\/blog\\\/#\\\/schema\\\/logo\\\/image\\\/\"}},{\"@type\":\"Person\",\"@id\":\"https:\\\/\\\/www.tui.com\\\/blog\\\/#\\\/schema\\\/person\\\/52c1976fb056b9e95e475324ec4e8444\",\"name\":\"TUI Bloggerin Sandra\",\"image\":{\"@type\":\"ImageObject\",\"inLanguage\":\"de\",\"@id\":\"https:\\\/\\\/www.tui.com\\\/blog\\\/wp-content\\\/uploads\\\/2019\\\/01\\\/50329060_10218153104443726_7597041103530885120_n-96x96.jpg\",\"url\":\"https:\\\/\\\/www.tui.com\\\/blog\\\/wp-content\\\/uploads\\\/2019\\\/01\\\/50329060_10218153104443726_7597041103530885120_n-96x96.jpg\",\"contentUrl\":\"https:\\\/\\\/www.tui.com\\\/blog\\\/wp-content\\\/uploads\\\/2019\\\/01\\\/50329060_10218153104443726_7597041103530885120_n-96x96.jpg\",\"caption\":\"TUI Bloggerin Sandra\"},\"url\":\"https:\\\/\\\/www.tui.com\\\/blog\\\/author\\\/sandra\\\/\"}]}<\/script>\n<!-- \/ Yoast SEO plugin. -->","yoast_head_json":{"title":"Gran Canaria - 3 Tage, 5 Hotels, 1000 Eindr\u00fccke - TUI.com Reiseblog \u2600","description":"\"Gran Canaria?\" \"Na ja, da war ich vor 20 Jahren schon mal, aber kann man sich ja mal anschauen.\" So klangen TUI Bloggerin Sandra und 20 TUI Kollegen aus dem Reiseb\u00fcro noch vor ihrem Abflug auf die Kanareninsel. \"Aber nat\u00fcrlich w\u00fcrde ich hier gerne nochmal Urlaub machen!\" hie\u00df es nur wenige Tage sp\u00e4ter...","robots":{"index":"index","follow":"follow","max-snippet":"max-snippet:-1","max-image-preview":"max-image-preview:large","max-video-preview":"max-video-preview:-1"},"canonical":"https:\/\/www.tui.com\/blog\/gran-canaria-3-tage-9-hotels-1000-eindruecke\/","og_locale":"de_DE","og_type":"article","og_title":"Gran Canaria - 3 Tage, 5 Hotels, 1000 Eindr\u00fccke - TUI.com Reiseblog \u2600","og_description":"\"Gran Canaria?\" \"Na ja, da war ich vor 20 Jahren schon mal, aber kann man sich ja mal anschauen.\" So klangen TUI Bloggerin Sandra und 20 TUI Kollegen aus dem Reiseb\u00fcro noch vor ihrem Abflug auf die Kanareninsel. \"Aber nat\u00fcrlich w\u00fcrde ich hier gerne nochmal Urlaub machen!\" hie\u00df es nur wenige Tage sp\u00e4ter...","og_url":"https:\/\/www.tui.com\/blog\/gran-canaria-3-tage-9-hotels-1000-eindruecke\/","og_site_name":"TUI.com Reiseblog \u2600","article_published_time":"2018-05-09T08:00:29+00:00","article_modified_time":"2025-08-06T10:09:58+00:00","og_image":[{"width":1400,"height":788,"url":"https:\/\/www.tui.com\/blog\/wp-content\/uploads\/2023\/04\/gran-canaria-maspalomas-duenen.jpg","type":"image\/jpeg"}],"author":"TUI Bloggerin Sandra","twitter_card":"summary_large_image","twitter_misc":{"Verfasst von":"TUI Bloggerin Sandra","Gesch\u00e4tzte Lesezeit":"5\u00a0Minuten"},"schema":{"@context":"https:\/\/schema.org","@graph":[{"@type":"BlogPosting","@id":"https:\/\/www.tui.com\/blog\/gran-canaria-3-tage-9-hotels-1000-eindruecke\/#article","isPartOf":{"@id":"https:\/\/www.tui.com\/blog\/gran-canaria-3-tage-9-hotels-1000-eindruecke\/"},"author":{"name":"TUI Bloggerin Sandra","@id":"https:\/\/www.tui.com\/blog\/#\/schema\/person\/52c1976fb056b9e95e475324ec4e8444"},"headline":"Gran Canaria &#8211; 3 Tage, 5 Hotels, 1000 Eindr\u00fccke","datePublished":"2018-05-09T08:00:29+00:00","dateModified":"2025-08-06T10:09:58+00:00","mainEntityOfPage":{"@id":"https:\/\/www.tui.com\/blog\/gran-canaria-3-tage-9-hotels-1000-eindruecke\/"},"wordCount":918,"commentCount":1,"publisher":{"@id":"https:\/\/www.tui.com\/blog\/#organization"},"image":{"@id":"https:\/\/www.tui.com\/blog\/gran-canaria-3-tage-9-hotels-1000-eindruecke\/#primaryimage"},"thumbnailUrl":"https:\/\/www.tui.com\/blog\/wp-content\/uploads\/2023\/04\/gran-canaria-maspalomas-duenen.jpg","keywords":["Badeurlaub","Familienurlaub","Gran Canaria","Hoteltipps","Kanaren","Spanien","Strandurlaub"],"articleSection":["Reiseplanung","Reiseziele","Spanien"],"inLanguage":"de","potentialAction":[{"@type":"CommentAction","name":"Comment","target":["https:\/\/www.tui.com\/blog\/gran-canaria-3-tage-9-hotels-1000-eindruecke\/#respond"]}]},{"@type":"WebPage","@id":"https:\/\/www.tui.com\/blog\/gran-canaria-3-tage-9-hotels-1000-eindruecke\/","url":"https:\/\/www.tui.com\/blog\/gran-canaria-3-tage-9-hotels-1000-eindruecke\/","name":"Gran Canaria - 3 Tage, 5 Hotels, 1000 Eindr\u00fccke - TUI.com Reiseblog \u2600","isPartOf":{"@id":"https:\/\/www.tui.com\/blog\/#website"},"primaryImageOfPage":{"@id":"https:\/\/www.tui.com\/blog\/gran-canaria-3-tage-9-hotels-1000-eindruecke\/#primaryimage"},"image":{"@id":"https:\/\/www.tui.com\/blog\/gran-canaria-3-tage-9-hotels-1000-eindruecke\/#primaryimage"},"thumbnailUrl":"https:\/\/www.tui.com\/blog\/wp-content\/uploads\/2023\/04\/gran-canaria-maspalomas-duenen.jpg","datePublished":"2018-05-09T08:00:29+00:00","dateModified":"2025-08-06T10:09:58+00:00","description":"\"Gran Canaria?\" \"Na ja, da war ich vor 20 Jahren schon mal, aber kann man sich ja mal anschauen.\" So klangen TUI Bloggerin Sandra und 20 TUI Kollegen aus dem Reiseb\u00fcro noch vor ihrem Abflug auf die Kanareninsel. \"Aber nat\u00fcrlich w\u00fcrde ich hier gerne nochmal Urlaub machen!\" hie\u00df es nur wenige Tage sp\u00e4ter...","breadcrumb":{"@id":"https:\/\/www.tui.com\/blog\/gran-canaria-3-tage-9-hotels-1000-eindruecke\/#breadcrumb"},"inLanguage":"de","potentialAction":[{"@type":"ReadAction","target":["https:\/\/www.tui.com\/blog\/gran-canaria-3-tage-9-hotels-1000-eindruecke\/"]}]},{"@type":"ImageObject","inLanguage":"de","@id":"https:\/\/www.tui.com\/blog\/gran-canaria-3-tage-9-hotels-1000-eindruecke\/#primaryimage","url":"https:\/\/www.tui.com\/blog\/wp-content\/uploads\/2023\/04\/gran-canaria-maspalomas-duenen.jpg","contentUrl":"https:\/\/www.tui.com\/blog\/wp-content\/uploads\/2023\/04\/gran-canaria-maspalomas-duenen.jpg","width":1400,"height":788,"caption":"Die D\u00fcnen von Maspalomas sind eines der Wahrzeichen von Gran Canaria."},{"@type":"BreadcrumbList","@id":"https:\/\/www.tui.com\/blog\/gran-canaria-3-tage-9-hotels-1000-eindruecke\/#breadcrumb","itemListElement":[{"@type":"ListItem","position":1,"name":"Startseite","item":"https:\/\/www.tui.com\/blog\/"},{"@type":"ListItem","position":2,"name":"Gran Canaria &#8211; 3 Tage, 5 Hotels, 1000 Eindr\u00fccke"}]},{"@type":"WebSite","@id":"https:\/\/www.tui.com\/blog\/#website","url":"https:\/\/www.tui.com\/blog\/","name":"TUI.com Reiseblog \u2600","description":"Abenteuer oder lieber an den Strand? \u2600 Der TUI Reiseblog bietet tolle Infos rund um deine n\u00e4chste Reise \u2708 Komm vorbei und lass dich inspirieren \u221a","publisher":{"@id":"https:\/\/www.tui.com\/blog\/#organization"},"potentialAction":[{"@type":"SearchAction","target":{"@type":"EntryPoint","urlTemplate":"https:\/\/www.tui.com\/blog\/?s={search_term_string}"},"query-input":{"@type":"PropertyValueSpecification","valueRequired":true,"valueName":"search_term_string"}}],"inLanguage":"de"},{"@type":"Organization","@id":"https:\/\/www.tui.com\/blog\/#organization","name":"TUI.com Reiseblog \u2600","url":"https:\/\/www.tui.com\/blog\/","logo":{"@type":"ImageObject","inLanguage":"de","@id":"https:\/\/www.tui.com\/blog\/#\/schema\/logo\/image\/","url":"https:\/\/www.tui.com\/blog\/wp-content\/uploads\/2023\/04\/cropped-tui-logo-3.png","contentUrl":"https:\/\/www.tui.com\/blog\/wp-content\/uploads\/2023\/04\/cropped-tui-logo-3.png","width":164,"height":72,"caption":"TUI.com Reiseblog \u2600"},"image":{"@id":"https:\/\/www.tui.com\/blog\/#\/schema\/logo\/image\/"}},{"@type":"Person","@id":"https:\/\/www.tui.com\/blog\/#\/schema\/person\/52c1976fb056b9e95e475324ec4e8444","name":"TUI Bloggerin Sandra","image":{"@type":"ImageObject","inLanguage":"de","@id":"https:\/\/www.tui.com\/blog\/wp-content\/uploads\/2019\/01\/50329060_10218153104443726_7597041103530885120_n-96x96.jpg","url":"https:\/\/www.tui.com\/blog\/wp-content\/uploads\/2019\/01\/50329060_10218153104443726_7597041103530885120_n-96x96.jpg","contentUrl":"https:\/\/www.tui.com\/blog\/wp-content\/uploads\/2019\/01\/50329060_10218153104443726_7597041103530885120_n-96x96.jpg","caption":"TUI Bloggerin Sandra"},"url":"https:\/\/www.tui.com\/blog\/author\/sandra\/"}]}},"_links":{"self":[{"href":"https:\/\/www.tui.com\/blog\/wp-json\/wp\/v2\/posts\/161072","targetHints":{"allow":["GET"]}}],"collection":[{"href":"https:\/\/www.tui.com\/blog\/wp-json\/wp\/v2\/posts"}],"about":[{"href":"https:\/\/www.tui.com\/blog\/wp-json\/wp\/v2\/types\/post"}],"author":[{"embeddable":true,"href":"https:\/\/www.tui.com\/blog\/wp-json\/wp\/v2\/users\/95"}],"replies":[{"embeddable":true,"href":"https:\/\/www.tui.com\/blog\/wp-json\/wp\/v2\/comments?post=161072"}],"version-history":[{"count":5,"href":"https:\/\/www.tui.com\/blog\/wp-json\/wp\/v2\/posts\/161072\/revisions"}],"predecessor-version":[{"id":480622,"href":"https:\/\/www.tui.com\/blog\/wp-json\/wp\/v2\/posts\/161072\/revisions\/480622"}],"wp:featuredmedia":[{"embeddable":true,"href":"https:\/\/www.tui.com\/blog\/wp-json\/wp\/v2\/media\/161104"}],"wp:attachment":[{"href":"https:\/\/www.tui.com\/blog\/wp-json\/wp\/v2\/media?parent=161072"}],"wp:term":[{"taxonomy":"category","embeddable":true,"href":"https:\/\/www.tui.com\/blog\/wp-json\/wp\/v2\/categories?post=161072"},{"taxonomy":"post_tag","embeddable":true,"href":"https:\/\/www.tui.com\/blog\/wp-json\/wp\/v2\/tags?post=161072"}],"curies":[{"name":"wp","href":"https:\/\/api.w.org\/{rel}","templated":true}]}}