{"id":162824,"date":"2017-12-22T11:00:17","date_gmt":"2017-12-22T10:00:17","guid":{"rendered":"https:\/\/blog.tui.info\/mein-madeira-abseits-der-touristenpfade\/"},"modified":"2025-09-12T11:10:56","modified_gmt":"2025-09-12T09:10:56","slug":"mein-madeira-abseits-der-touristenpfade","status":"publish","type":"post","link":"https:\/\/www.tui.com\/blog\/mein-madeira-abseits-der-touristenpfade\/","title":{"rendered":"Mein Madeira abseits der Touristenpfade: TOP Madeira Ausfl\u00fcge"},"content":{"rendered":"<p class=\"firstTextGrey\">Madeira \u2013 Traumziel vieler Deutschen seit \u00d6sterreichs legend\u00e4re Kaiserin Sissi versuchte, dort ihren Liebeskummer zu vergessen. Nur ein paar Flugstunden von Deutschland entfernt, eignet sich die immergr\u00fcne Insel mitten im Atlantik perfekt f\u00fcr einen Kurzurlaub weit weg vom grauen Herbst in Deutschland. Die besten Madeira Ausfl\u00fcge und Tipps hat unsere Reisebloggerin Anja Knorr hier bei uns zusammengestellt.<\/p>\n<p><a href=\"https:\/\/www.tui.com\/pauschalreisen\/portugal\/madeira\/\" target=\"_blank\" rel=\"noopener\">Madeira<\/a> gilt als das Hawaii Europas. Und als ich mit dem Mietwagen \u00fcber die Insel fuhr, verstand ich schnell, warum. Die Landschaft ist einfach atemberaubend: Gr\u00fcnbewachsene Berge, die in dramatischen Klippen ins tosende Meer fallen. \u00dcppige Farne, gr\u00fcnes Moos, bunte Blumen soweit das Auge reicht. Hohe Wellen an der rauen Nordk\u00fcste, ein mildes Klima und viel Feuchtigkeit sorgen daf\u00fcr, dass Madeira eher an ein tropisches Paradies erinnert als an Gegenden, die wir sonst so von Europa kennen &#8211; eben an die tropischen Traumlandschaften Hawaiis!<\/p>\n<blockquote class=\"right\">\n<h2>TUI HOTELTIPP: RIU PALACE MADEIRA<\/h2>\n<p>Der Favourit unter den Madeira Hotels: Das 4-Sterne RIU Palace Madeira in Canico de Baixo liegt ruhig, direkt am Meer (ohne Badem\u00f6glichkeit), mit bestem Panoramablick auf den Atlantik und Golfplatz vor der T\u00fcr. Au\u00dferdem bietet es 4 Pools, und einen sch\u00f6nen Wellnessbereich.<\/p>\n<p>\u25ba <a href=\"https:\/\/www.tui.com\/hotels\/riu-palace-madeira-20439\/hotelinformation\/\" target=\"_blank\" rel=\"noopener\">Mehr Infos zum Hotel<br \/>\n<\/a>\u25ba <a href=\"https:\/\/www.tui.com\/pauschalreisen\/portugal\/madeira\/\" target=\"_blank\" rel=\"noopener\">Alle Angebote f\u00fcr Madeira<\/a><\/p><\/blockquote>\n<p>Nur rund sechs Flugstunden von Deutschland entfernt und doch eine andere Welt: Madeira geh\u00f6rtle zwar zu Portugal, liegt aber n\u00e4her an Marokko als zur portugiesischen Hauptstadt Lissabon. Und dank seines milden Klimas gilt Madeira auch als Insel des Fr\u00fchlings mit ewig bl\u00fchenden H\u00fcgeln und einer Bl\u00fctenpracht, die fast in den Augen weh tut.<\/p>\n<p>Sobald ich <a href=\"https:\/\/www.tui.com\/pauschalreisen\/portugal\/madeira\/funchal\/\" target=\"_blank\" rel=\"noopener\">Funchal<\/a> \u2013 die quirlige Hauptstadt Madeiras &#8211; hinter mir lie\u00df, umgab mich ein Flair aus Stille und Naturverbundenheit, die man an anderen Urlaubsorten Europas vergeblich sucht. Ich fuhr die K\u00fcstenstra\u00dfe R101 entlang und schl\u00e4ngelte meinen Mietwagen durch serpentinartige Stra\u00dfen quer \u00fcber m\u00e4chtige Berge und Vulkane. Die Strecke war kurvenreich und st\u00e4ndig ging es bergauf und bergab. An jeder Ecke warteteten grandiose Aussichten auf mich.<\/p>\n<p>Der Norden der Insel haute mich besonders um, und ich konnte mich nicht satt sehen an den steilen Klippen und schroffen Felsen. Da mehr als die H\u00e4lfte der Madeirer in Funchal leben und sich dort auch der Tourismus zentriert, herrschte im Norden eine wohltuende Stille. Ganz in der Natur angekommen, genoss ich den einfachen Lebensstil.<\/p>\n<p>Daher kommen jetzt auch meine besten Tipps f\u00fcr Madeira Ausfl\u00fcge, gerichtet an alle Madeira-Urlauber, die Kraft tanken und abseits der ausgelatschten Touristenpfade wandeln wollen. Weitere Tipps zu Madeira gibt\u2019s es <a href=\"https:\/\/www.happybackpacker.de\/reiseberichte\/darum-ist-madeira-nicht-nur-fuer-rentner-der-hammer\/\" target=\"_blank\" rel=\"noopener\">auf meinem Reiseblog.<\/a><\/p>\n<h3>1. Madeiras wilder Norden<\/h3>\n<figure id=\"attachment_38732\" aria-describedby=\"caption-attachment-38732\" style=\"width: 1390px\" class=\"wp-caption alignnone\"><a href=\"https:\/\/www.tui.com\/blog\/wp-content\/uploads\/2023\/04\/madeira-wilder-norden-c-Anja-Knorr.jpg\"><img decoding=\"async\" class=\"size-full wp-image-38732\" src=\"https:\/\/www.tui.com\/blog\/wp-content\/uploads\/2023\/04\/madeira-wilder-norden-c-Anja-Knorr.jpg\" alt=\"Madeiras wilder Norden ist ein wahrer Blickfang\" width=\"1400\" height=\"788\" \/><\/a><figcaption id=\"caption-attachment-38732\" class=\"wp-caption-text\">Madeiras wilder Norden ist ein wahrer Blickfang<\/figcaption><\/figure>\n<p>Die Nordostk\u00fcste Madeiras gefiel mir besonders gut. Die vielen Ausblicke auf die schroffen Felsen und Klippen waren spektakul\u00e4r und allein die serpentinartigen Stra\u00dfen ein Highlight f\u00fcr sich, besonders um Boaventura herum.<\/p>\n<p>Und wenn ich mich schon einmal im Norden befand, dann m\u00fcsse ich unbedingt einen Abstecher in das malerische Dorf Santana unternehmen. Wurde mir zumindest in Funchal gesagt. Im Ort kann man die f\u00fcr Madeira typischen, strohbedeckten H\u00e4uschen bewundern, die als Wahrzeichen der Insel gelten. Die D\u00e4cher sind bis zur Erde hinunter gezogen und dienten in alten Zeiten als Klimaanlage. Ziemlich clever und nachhaltig, wenn ihr mich fragt.<\/p>\n<blockquote class=\"right\">\n<h2>TUI STRANDTIPP<\/h2>\n<p>Ihr sucht nach den sch\u00f6nsten Str\u00e4nden Madeiras? Reisebloggerin Anja Knorr hat sie gefunden:<\/p>\n<p>\u25ba <a href=\"https:\/\/www.tui.com\/blog\/madeiras-unbekannte-straende\">Madeiras unbekannte Str\u00e4nde<\/a><\/p><\/blockquote>\n<h3>2. Charmantes Porto Moniz<\/h3>\n<p>Porto Moniz liegt ebenfalls malerisch im Nordwesten der Insel und sieht von oben aus wie eine Spielzeugstadt. Durch die Lavafelsen ist die Insel sowieso stark zerkl\u00fcftet, aber in Porto Moniz haben die Bewohner eine Tugend aus ihrer Not gemacht und die Lavefelsen einfach zu Seewasserschwimmbecken umfunktioniert.<\/p>\n<p>Dort konnte ich sogar w\u00e4hrend hohem Wellengang ruhig und sicher im Meerwasser schwimmen und wurde nur hin und wieder von her\u00fcberschwappenden Wellen vom Atlantik daran erinnert, welche Macht vom Ozean ausgeht.<\/p>\n<h3>3. Abseiling in den Bergen<\/h3>\n<figure id=\"attachment_38738\" aria-describedby=\"caption-attachment-38738\" style=\"width: 1390px\" class=\"wp-caption alignnone\"><a href=\"https:\/\/www.tui.com\/blog\/wp-content\/uploads\/2023\/04\/sportliches-madeira-c-Anja-Knorr.jpg\"><img decoding=\"async\" class=\"size-full wp-image-38738\" src=\"https:\/\/www.tui.com\/blog\/wp-content\/uploads\/2023\/04\/sportliches-madeira-c-Anja-Knorr.jpg\" alt=\"Entdeckt Madeira doch mal von einer anderen, sportlichen Seite\" width=\"1400\" height=\"788\" \/><\/a><figcaption id=\"caption-attachment-38738\" class=\"wp-caption-text\">Entdeckt Madeira doch mal von einer anderen, sportlichen Seite<\/figcaption><\/figure>\n<p>Ich gehe gerne an meine Grenzen und eingepackt in einem dicken Neoprenanzug habe ich auch keine Angst vor kaltem Wasser. Deswegen war der Madeira Ausflug: Abseiling in den Bergen genau das Richtige f\u00fcr mich! Ich seilte mich an tiefen Schluchten herab, vorbei an Wasserf\u00e4llen und scharfen Felsen. Ich \u00fcberwand meinen inneren Schweinehund und sprang von Klippen in kalte Seen und watete knietief durch Fl\u00fcsse. Mein Puls war auf 180 inmitten der einsamen Bergwelt. Und fand, dass die Tour der ideale Ausgleich zum Badespa\u00df an der K\u00fcste war.<\/p>\n<p><strong>Mein Favorit f\u00fcr das Abseiling ist der Lorbeerwald von Ribeiro Frio.<\/strong> Tausend Meter H\u00f6henunterschied werden dort beim Canoying \u00fcberwunden und es gibt unz\u00e4hlige M\u00f6glichkeiten, sich \u00fcber Schluchten abzuseilen.<\/p>\n<h3>4. Einfach mal wieder wandern gehen<\/h3>\n<figure id=\"attachment_38737\" aria-describedby=\"caption-attachment-38737\" style=\"width: 1390px\" class=\"wp-caption alignnone\"><a href=\"https:\/\/www.tui.com\/blog\/wp-content\/uploads\/2023\/04\/levadas-madeira-c-anja-knorr.jpg\"><img decoding=\"async\" class=\"size-full wp-image-38737\" src=\"https:\/\/www.tui.com\/blog\/wp-content\/uploads\/2023\/04\/levadas-madeira-c-anja-knorr.jpg\" alt=\"Wandern entlang der Lavadas\" width=\"1400\" height=\"788\" \/><\/a><figcaption id=\"caption-attachment-38737\" class=\"wp-caption-text\">Wandern entlang der Lavadas<\/figcaption><\/figure>\n<figure id=\"attachment_38736\" aria-describedby=\"caption-attachment-38736\" style=\"width: 1390px\" class=\"wp-caption alignnone\"><a href=\"https:\/\/www.tui.com\/blog\/wp-content\/uploads\/2023\/04\/madeira-landschaft-c-anja-knorr.jpg\"><img decoding=\"async\" class=\"size-full wp-image-38736\" src=\"https:\/\/www.tui.com\/blog\/wp-content\/uploads\/2023\/04\/madeira-landschaft-c-anja-knorr.jpg\" alt=\"...und die sch\u00f6ne Landschaft Madeiras entdecken\" width=\"1400\" height=\"788\" \/><\/a><figcaption id=\"caption-attachment-38736\" class=\"wp-caption-text\">&#8230;und die sch\u00f6ne Landschaft Madeiras entdecken<\/figcaption><\/figure>\n<p>Die Madeirer wussten sich schon immer zu helfen und legten vor langer Zeit k\u00fcnstliche Wasserl\u00e4ufe an, um Wasser aus den niederschlagsreicheren Gebieten im Norden zu den landwirtschaftlichen Anbaugebieten im S\u00fcden zu leiten. Diese Bew\u00e4sserungskan\u00e4le hei\u00dfen Levadas und f\u00fchren vorbei an wundersch\u00f6nen T\u00e4lern und Bergen, W\u00e4ldern und Wasserf\u00e4llen. Oftmals sind sie von verwunschen aussehenden B\u00e4umen umwachsen und bilden unvergleichliche Alleen.<\/p>\n<p>Auch heute f\u00fchren diese Levadas immer noch Wasser, obwohl sie f\u00fcr einen gro\u00dfstadtgesch\u00e4digten Menschen wie mir auff\u00e4llig klein aussahen und bestenfalls an eine alte und schmale Gosse erinnerten. Das Beste an den Levadas sind jedoch die Wanderwege direkt daneben. Ich nehme an, dass die Bauern fr\u00fcher an den Wanderwegen pr\u00fcften, ob die Wasserl\u00e4ufe einwandfrei funktionieren. Heute eignen sie sich hervorragend f\u00fcr ausgedehnte Entdeckungstouren durch das Innere der Insel mit atemberaubenden Landschaften.<\/p>\n<p>Wundersch\u00f6ne Wanderwege f\u00fchren \u00fcbrigens durch den <strong>Parque Natural da Madeira und den Parque Ecologico do Funchal<\/strong>.<\/p>\n<p><strong>TUI TIPP:<\/strong> Gef\u00fchrte Wanderausfl\u00fcge k\u00f6nnt ihr \u00fcbrigens auch schon direkt von zu Hause aus buchen. Eine \u00dcbersicht, welche Wanderungen die TUI anbietet, findet ihr\u00a0\u25ba <a href=\"https:\/\/www.tuimusement.com\/de\/search\/?text=madeira%20wanderung\">hier<\/a>.<\/p>\n<p><strong>TUI Blogtipp:<\/strong> Hier gibt es mehr Wandertipps f\u00fcr die Blumeninsel \u25ba <a href=\"https:\/\/www.tui.com\/blog\/madeira-ein-abwechslungsreiches-wanderparadies\">Madeira &#8211; ein abwechslungsreiches Wanderparadies<\/a><\/p>\n<h3>5. Aussichtspunkt Cabo Gir\u00e3o<\/h3>\n<p><a href=\"https:\/\/www.tui.com\/blog\/wp-content\/uploads\/2023\/04\/cabo-girao-madeira-c-anja-knorr.jpg\"><img decoding=\"async\" width=\"1400\" height=\"788\" class=\"alignnone wp-image-38735 size-full\" src=\"https:\/\/www.tui.com\/blog\/wp-content\/uploads\/2023\/04\/cabo-girao-madeira-c-anja-knorr.jpg\" \/><\/a>Der Aussichtspunkt Cabo Girao befindet sich im S\u00fcden Madeiras in der N\u00e4he der Stadt Camara de Lobos und ist ebenso einen Ausflug wert. Mit mehr als 500 Metern H\u00f6he handelt es sich um die h\u00f6chste Steilklippe Europas. Dramatisch f\u00e4llt sie in den tosenden Atlantik, und beim Blick nach unten wurde mir schlecht.<\/p>\n<p>Ich stellte mir vor, wie die Bauern einst vor langer Zeit \u00fcber die steilen Klippen klettern mussten, um an ihre terrassenartigen Beete zu gelangen. Wie einfach hatten wir es da heutzutage mit der Seilbahn steil hinunter zu fahren. Dabei glich die Seilbahnfahrt allerdings mehr einem Fahrstuhl: Es f\u00fchlte sich an, als w\u00fcrden wir vertikal nach unten fallen.<\/p>\n<h3>6. Espetadas probieren<\/h3>\n<figure id=\"attachment_38734\" aria-describedby=\"caption-attachment-38734\" style=\"width: 1390px\" class=\"wp-caption alignnone\"><a href=\"https:\/\/www.tui.com\/blog\/wp-content\/uploads\/2023\/04\/espetadas-madeira-c-anja-knorr.jpg\"><img decoding=\"async\" class=\"size-full wp-image-38734\" src=\"https:\/\/www.tui.com\/blog\/wp-content\/uploads\/2023\/04\/espetadas-madeira-c-anja-knorr.jpg\" alt=\"Ich beim Espetadas probieren\" width=\"1400\" height=\"788\" \/><\/a><figcaption id=\"caption-attachment-38734\" class=\"wp-caption-text\">Ich beim Espetadas probieren<\/figcaption><\/figure>\n<p>Die Essengepflogenheiten in warmen L\u00e4ndern erstaunen mich immer wieder. Dass wir im kalten Deutschland gerne hei\u00dfen Gulasch oder viel fettes Fleisch essen, macht ja noch Sinn. Aber warum man auf Madeira ohne Ende fette Fleischspie\u00dfe isst, bleibt mir ein R\u00e4tsel.<\/p>\n<p>F\u00fcr die sogenannte \u201eespetada\u201c werden nach altem Rezept Fleischbrocken auf einen Lorbeerzweig gespie\u00dft, dick gesalzen und \u00fcber offenem Feuer gebraten. Am besten genie\u00dft man die \u201eespetada\u201c selbst gemacht w\u00e4hrend eines der zahlreichen Volksfeste auf der Insel. Ich nahm einen Stock, lie\u00df mir die Fleischst\u00fccke aufspie\u00dfen, salzen und pfeffern und hielt dann selber meinen Spie\u00df ins Feuer bis es gar war. Wahnsinnig lecker schmatzte ich mein Fleisch weg und kam mir ziemlich archaisch vor.<\/p>\n<p>Ich liebe es, w\u00e4hrend meiner Reisen solche Dinge auszuprobieren und zu entdecken. Mich treiben zu lassen und von Einheimischen in ihre allt\u00e4glichen Gebr\u00e4uche und Gepfogenheiten eingef\u00fchrt zu werden. Das ist f\u00fcr mich der Sinn und Zweck einer Urlaubsreise. F\u00fcr euch auch?<\/p>\n<div style=\"border: 1px solid #BED3BF; padding: 10px; margin-bottom: 20px;\">\n<h3>MADEIRA ENTDECKEN<\/h3>\n<p>\u25ba <a href=\"https:\/\/www.tui.com\/blog\/die-top-10-besten-madeira-hotels\">Die besten Hotels f\u00fcr Paare, Gourmets, Familien und Aktive: Yasemin hat euch die TOP 10 Madeira Hotels zusammengestellt<\/a><\/p>\n<p>\u25ba <a href=\"https:\/\/www.tui.com\/blog\/die-magische-insel-madeira-meine-tipps-fuer-euren-naechsten-urlaub\">Weitere Tipps f\u00fcr Madeira Ausfl\u00fcge: Von dem Aussichtspunkt Balcoes \u00fcber\u00a0S\u00e3o Louren\u00e7o und Cais do Sardinha<\/a><strong><strong><strong><br \/>\n<\/strong><\/strong><\/strong><\/p>\n<p>\u25ba <a href=\"https:\/\/www.tui.com\/rundreisen\/madeira\/\" target=\"_blank\" rel=\"noopener\">Madeira per Rundreise entdecken: Unsere Rundreiseangebote auf TUI.com<\/a><\/p>\n<p>\u25ba <a href=\"https:\/\/gotui.com\/de\/portugal\/madeira\/tours\/FNC\" target=\"_blank\" rel=\"noopener\">Gef\u00fchrte TUI Madeira Ausfl\u00fcge, wie bspw. Levada Wanderungen, Gel\u00e4ndesafaris oder Ausfl\u00fcge zu den geheimnisvollen Inseln &#8222;Desertas&#8220; findet ihr auf gotui.com<\/a><\/p>\n<\/div>\n","protected":false},"excerpt":{"rendered":"<p>Madeira \u2013 Traumziel vieler Deutschen seit \u00d6sterreichs legend\u00e4re Kaiserin Sissi versuchte, dort ihren Liebeskummer zu vergessen. Nur ein paar Flugstunden von Deutschland entfernt, eignet sich die immergr\u00fcne Insel mitten im Atlantik perfekt f\u00fcr einen Kurzurlaub weit weg vom grauen Herbst in Deutschland. Die besten Sehensw\u00fcrdigkeiten und Tipps hat unsere Reisebloggerin Anja Knorr hier bei uns zusammengestellt.<\/p>\n","protected":false},"author":105,"featured_media":162826,"comment_status":"open","ping_status":"open","sticky":false,"template":"","format":"standard","meta":{"_acf_changed":false,"footnotes":""},"categories":[4044,4030],"tags":[955,518],"class_list":["post-162824","post","type-post","status-publish","format-standard","has-post-thumbnail","hentry","category-archiv-portugal","category-archiv-reiseziele","tag-funchal","tag-madeira"],"acf":[],"yoast_head":"<!-- This site is optimized with the Yoast SEO plugin v27.4 - https:\/\/yoast.com\/product\/yoast-seo-wordpress\/ -->\n<title>Mein Madeira abseits der Touristenpfade: TOP Madeira Ausfl\u00fcge - TUI.com Reiseblog \u2600<\/title>\n<meta name=\"description\" content=\"Madeira \u2013 das Hawaii Europas und Traumziel vieler Deutschen. Die besten Madeira Ausfl\u00fcge und Tipps hat euch Anja zusammengestellt.\" \/>\n<meta name=\"robots\" content=\"index, follow, max-snippet:-1, max-image-preview:large, max-video-preview:-1\" \/>\n<link rel=\"canonical\" href=\"https:\/\/www.tui.com\/blog\/mein-madeira-abseits-der-touristenpfade\/\" \/>\n<meta property=\"og:locale\" content=\"de_DE\" \/>\n<meta property=\"og:type\" content=\"article\" \/>\n<meta property=\"og:title\" content=\"Mein Madeira abseits der Touristenpfade: TOP Madeira Ausfl\u00fcge - TUI.com Reiseblog \u2600\" \/>\n<meta property=\"og:description\" content=\"Madeira \u2013 das Hawaii Europas und Traumziel vieler Deutschen. Die besten Madeira Ausfl\u00fcge und Tipps hat euch Anja zusammengestellt.\" \/>\n<meta property=\"og:url\" content=\"https:\/\/www.tui.com\/blog\/mein-madeira-abseits-der-touristenpfade\/\" \/>\n<meta property=\"og:site_name\" content=\"TUI.com Reiseblog \u2600\" \/>\n<meta property=\"article:published_time\" content=\"2017-12-22T10:00:17+00:00\" \/>\n<meta property=\"article:modified_time\" content=\"2025-09-12T09:10:56+00:00\" \/>\n<meta property=\"og:image\" content=\"https:\/\/www.tui.com\/blog\/wp-content\/uploads\/2023\/04\/madeira-wilder-norden-c-Anja-Knorr.jpg\" \/>\n\t<meta property=\"og:image:width\" content=\"1400\" \/>\n\t<meta property=\"og:image:height\" content=\"788\" \/>\n\t<meta property=\"og:image:type\" content=\"image\/jpeg\" \/>\n<meta name=\"author\" content=\"Anja Knorr\" \/>\n<meta name=\"twitter:card\" content=\"summary_large_image\" \/>\n<meta name=\"twitter:label1\" content=\"Verfasst von\" \/>\n\t<meta name=\"twitter:data1\" content=\"Anja Knorr\" \/>\n\t<meta name=\"twitter:label2\" content=\"Gesch\u00e4tzte Lesezeit\" \/>\n\t<meta name=\"twitter:data2\" content=\"9\u00a0Minuten\" \/>\n<script type=\"application\/ld+json\" class=\"yoast-schema-graph\">{\"@context\":\"https:\\\/\\\/schema.org\",\"@graph\":[{\"@type\":\"BlogPosting\",\"@id\":\"https:\\\/\\\/www.tui.com\\\/blog\\\/mein-madeira-abseits-der-touristenpfade\\\/#article\",\"isPartOf\":{\"@id\":\"https:\\\/\\\/www.tui.com\\\/blog\\\/mein-madeira-abseits-der-touristenpfade\\\/\"},\"author\":{\"name\":\"Anja Knorr\",\"@id\":\"https:\\\/\\\/www.tui.com\\\/blog\\\/#\\\/schema\\\/person\\\/9c85ce4f2497fad7a33caba3ee9732fd\"},\"headline\":\"Mein Madeira abseits der Touristenpfade: TOP Madeira Ausfl\u00fcge\",\"datePublished\":\"2017-12-22T10:00:17+00:00\",\"dateModified\":\"2025-09-12T09:10:56+00:00\",\"mainEntityOfPage\":{\"@id\":\"https:\\\/\\\/www.tui.com\\\/blog\\\/mein-madeira-abseits-der-touristenpfade\\\/\"},\"wordCount\":1426,\"commentCount\":2,\"publisher\":{\"@id\":\"https:\\\/\\\/www.tui.com\\\/blog\\\/#organization\"},\"image\":{\"@id\":\"https:\\\/\\\/www.tui.com\\\/blog\\\/mein-madeira-abseits-der-touristenpfade\\\/#primaryimage\"},\"thumbnailUrl\":\"https:\\\/\\\/www.tui.com\\\/blog\\\/wp-content\\\/uploads\\\/2023\\\/04\\\/madeira-wilder-norden-c-Anja-Knorr.jpg\",\"keywords\":[\"Funchal\",\"Madeira\"],\"articleSection\":[\"Portugal\",\"Reiseziele\"],\"inLanguage\":\"de\",\"potentialAction\":[{\"@type\":\"CommentAction\",\"name\":\"Comment\",\"target\":[\"https:\\\/\\\/www.tui.com\\\/blog\\\/mein-madeira-abseits-der-touristenpfade\\\/#respond\"]}]},{\"@type\":\"WebPage\",\"@id\":\"https:\\\/\\\/www.tui.com\\\/blog\\\/mein-madeira-abseits-der-touristenpfade\\\/\",\"url\":\"https:\\\/\\\/www.tui.com\\\/blog\\\/mein-madeira-abseits-der-touristenpfade\\\/\",\"name\":\"Mein Madeira abseits der Touristenpfade: TOP Madeira Ausfl\u00fcge - TUI.com Reiseblog \u2600\",\"isPartOf\":{\"@id\":\"https:\\\/\\\/www.tui.com\\\/blog\\\/#website\"},\"primaryImageOfPage\":{\"@id\":\"https:\\\/\\\/www.tui.com\\\/blog\\\/mein-madeira-abseits-der-touristenpfade\\\/#primaryimage\"},\"image\":{\"@id\":\"https:\\\/\\\/www.tui.com\\\/blog\\\/mein-madeira-abseits-der-touristenpfade\\\/#primaryimage\"},\"thumbnailUrl\":\"https:\\\/\\\/www.tui.com\\\/blog\\\/wp-content\\\/uploads\\\/2023\\\/04\\\/madeira-wilder-norden-c-Anja-Knorr.jpg\",\"datePublished\":\"2017-12-22T10:00:17+00:00\",\"dateModified\":\"2025-09-12T09:10:56+00:00\",\"description\":\"Madeira \u2013 das Hawaii Europas und Traumziel vieler Deutschen. Die besten Madeira Ausfl\u00fcge und Tipps hat euch Anja zusammengestellt.\",\"breadcrumb\":{\"@id\":\"https:\\\/\\\/www.tui.com\\\/blog\\\/mein-madeira-abseits-der-touristenpfade\\\/#breadcrumb\"},\"inLanguage\":\"de\",\"potentialAction\":[{\"@type\":\"ReadAction\",\"target\":[\"https:\\\/\\\/www.tui.com\\\/blog\\\/mein-madeira-abseits-der-touristenpfade\\\/\"]}]},{\"@type\":\"ImageObject\",\"inLanguage\":\"de\",\"@id\":\"https:\\\/\\\/www.tui.com\\\/blog\\\/mein-madeira-abseits-der-touristenpfade\\\/#primaryimage\",\"url\":\"https:\\\/\\\/www.tui.com\\\/blog\\\/wp-content\\\/uploads\\\/2023\\\/04\\\/madeira-wilder-norden-c-Anja-Knorr.jpg\",\"contentUrl\":\"https:\\\/\\\/www.tui.com\\\/blog\\\/wp-content\\\/uploads\\\/2023\\\/04\\\/madeira-wilder-norden-c-Anja-Knorr.jpg\",\"width\":1400,\"height\":788,\"caption\":\"Madeiras wilder Norden ist ein wahrer Blickfang\"},{\"@type\":\"BreadcrumbList\",\"@id\":\"https:\\\/\\\/www.tui.com\\\/blog\\\/mein-madeira-abseits-der-touristenpfade\\\/#breadcrumb\",\"itemListElement\":[{\"@type\":\"ListItem\",\"position\":1,\"name\":\"Startseite\",\"item\":\"https:\\\/\\\/www.tui.com\\\/blog\\\/\"},{\"@type\":\"ListItem\",\"position\":2,\"name\":\"Mein Madeira abseits der Touristenpfade: TOP Madeira Ausfl\u00fcge\"}]},{\"@type\":\"WebSite\",\"@id\":\"https:\\\/\\\/www.tui.com\\\/blog\\\/#website\",\"url\":\"https:\\\/\\\/www.tui.com\\\/blog\\\/\",\"name\":\"TUI.com Reiseblog \u2600\",\"description\":\"Abenteuer oder lieber an den Strand? \u2600 Der TUI Reiseblog bietet tolle Infos rund um deine n\u00e4chste Reise \u2708 Komm vorbei und lass dich inspirieren \u221a\",\"publisher\":{\"@id\":\"https:\\\/\\\/www.tui.com\\\/blog\\\/#organization\"},\"potentialAction\":[{\"@type\":\"SearchAction\",\"target\":{\"@type\":\"EntryPoint\",\"urlTemplate\":\"https:\\\/\\\/www.tui.com\\\/blog\\\/?s={search_term_string}\"},\"query-input\":{\"@type\":\"PropertyValueSpecification\",\"valueRequired\":true,\"valueName\":\"search_term_string\"}}],\"inLanguage\":\"de\"},{\"@type\":\"Organization\",\"@id\":\"https:\\\/\\\/www.tui.com\\\/blog\\\/#organization\",\"name\":\"TUI.com Reiseblog \u2600\",\"url\":\"https:\\\/\\\/www.tui.com\\\/blog\\\/\",\"logo\":{\"@type\":\"ImageObject\",\"inLanguage\":\"de\",\"@id\":\"https:\\\/\\\/www.tui.com\\\/blog\\\/#\\\/schema\\\/logo\\\/image\\\/\",\"url\":\"https:\\\/\\\/www.tui.com\\\/blog\\\/wp-content\\\/uploads\\\/2023\\\/04\\\/cropped-tui-logo-3.png\",\"contentUrl\":\"https:\\\/\\\/www.tui.com\\\/blog\\\/wp-content\\\/uploads\\\/2023\\\/04\\\/cropped-tui-logo-3.png\",\"width\":164,\"height\":72,\"caption\":\"TUI.com Reiseblog \u2600\"},\"image\":{\"@id\":\"https:\\\/\\\/www.tui.com\\\/blog\\\/#\\\/schema\\\/logo\\\/image\\\/\"}},{\"@type\":\"Person\",\"@id\":\"https:\\\/\\\/www.tui.com\\\/blog\\\/#\\\/schema\\\/person\\\/9c85ce4f2497fad7a33caba3ee9732fd\",\"name\":\"Anja Knorr\",\"image\":{\"@type\":\"ImageObject\",\"inLanguage\":\"de\",\"@id\":\"https:\\\/\\\/www.tui.com\\\/blog\\\/wp-content\\\/uploads\\\/2017\\\/03\\\/anja-bild-250x180.jpg\",\"url\":\"https:\\\/\\\/www.tui.com\\\/blog\\\/wp-content\\\/uploads\\\/2017\\\/03\\\/anja-bild-250x180.jpg\",\"contentUrl\":\"https:\\\/\\\/www.tui.com\\\/blog\\\/wp-content\\\/uploads\\\/2017\\\/03\\\/anja-bild-250x180.jpg\",\"caption\":\"Anja Knorr\"},\"sameAs\":[\"https:\\\/\\\/www.happybackpacker.de\\\/\"],\"url\":\"https:\\\/\\\/www.tui.com\\\/blog\\\/author\\\/anja\\\/\"}]}<\/script>\n<!-- \/ Yoast SEO plugin. -->","yoast_head_json":{"title":"Mein Madeira abseits der Touristenpfade: TOP Madeira Ausfl\u00fcge - TUI.com Reiseblog \u2600","description":"Madeira \u2013 das Hawaii Europas und Traumziel vieler Deutschen. Die besten Madeira Ausfl\u00fcge und Tipps hat euch Anja zusammengestellt.","robots":{"index":"index","follow":"follow","max-snippet":"max-snippet:-1","max-image-preview":"max-image-preview:large","max-video-preview":"max-video-preview:-1"},"canonical":"https:\/\/www.tui.com\/blog\/mein-madeira-abseits-der-touristenpfade\/","og_locale":"de_DE","og_type":"article","og_title":"Mein Madeira abseits der Touristenpfade: TOP Madeira Ausfl\u00fcge - TUI.com Reiseblog \u2600","og_description":"Madeira \u2013 das Hawaii Europas und Traumziel vieler Deutschen. Die besten Madeira Ausfl\u00fcge und Tipps hat euch Anja zusammengestellt.","og_url":"https:\/\/www.tui.com\/blog\/mein-madeira-abseits-der-touristenpfade\/","og_site_name":"TUI.com Reiseblog \u2600","article_published_time":"2017-12-22T10:00:17+00:00","article_modified_time":"2025-09-12T09:10:56+00:00","og_image":[{"width":1400,"height":788,"url":"https:\/\/www.tui.com\/blog\/wp-content\/uploads\/2023\/04\/madeira-wilder-norden-c-Anja-Knorr.jpg","type":"image\/jpeg"}],"author":"Anja Knorr","twitter_card":"summary_large_image","twitter_misc":{"Verfasst von":"Anja Knorr","Gesch\u00e4tzte Lesezeit":"9\u00a0Minuten"},"schema":{"@context":"https:\/\/schema.org","@graph":[{"@type":"BlogPosting","@id":"https:\/\/www.tui.com\/blog\/mein-madeira-abseits-der-touristenpfade\/#article","isPartOf":{"@id":"https:\/\/www.tui.com\/blog\/mein-madeira-abseits-der-touristenpfade\/"},"author":{"name":"Anja Knorr","@id":"https:\/\/www.tui.com\/blog\/#\/schema\/person\/9c85ce4f2497fad7a33caba3ee9732fd"},"headline":"Mein Madeira abseits der Touristenpfade: TOP Madeira Ausfl\u00fcge","datePublished":"2017-12-22T10:00:17+00:00","dateModified":"2025-09-12T09:10:56+00:00","mainEntityOfPage":{"@id":"https:\/\/www.tui.com\/blog\/mein-madeira-abseits-der-touristenpfade\/"},"wordCount":1426,"commentCount":2,"publisher":{"@id":"https:\/\/www.tui.com\/blog\/#organization"},"image":{"@id":"https:\/\/www.tui.com\/blog\/mein-madeira-abseits-der-touristenpfade\/#primaryimage"},"thumbnailUrl":"https:\/\/www.tui.com\/blog\/wp-content\/uploads\/2023\/04\/madeira-wilder-norden-c-Anja-Knorr.jpg","keywords":["Funchal","Madeira"],"articleSection":["Portugal","Reiseziele"],"inLanguage":"de","potentialAction":[{"@type":"CommentAction","name":"Comment","target":["https:\/\/www.tui.com\/blog\/mein-madeira-abseits-der-touristenpfade\/#respond"]}]},{"@type":"WebPage","@id":"https:\/\/www.tui.com\/blog\/mein-madeira-abseits-der-touristenpfade\/","url":"https:\/\/www.tui.com\/blog\/mein-madeira-abseits-der-touristenpfade\/","name":"Mein Madeira abseits der Touristenpfade: TOP Madeira Ausfl\u00fcge - TUI.com Reiseblog \u2600","isPartOf":{"@id":"https:\/\/www.tui.com\/blog\/#website"},"primaryImageOfPage":{"@id":"https:\/\/www.tui.com\/blog\/mein-madeira-abseits-der-touristenpfade\/#primaryimage"},"image":{"@id":"https:\/\/www.tui.com\/blog\/mein-madeira-abseits-der-touristenpfade\/#primaryimage"},"thumbnailUrl":"https:\/\/www.tui.com\/blog\/wp-content\/uploads\/2023\/04\/madeira-wilder-norden-c-Anja-Knorr.jpg","datePublished":"2017-12-22T10:00:17+00:00","dateModified":"2025-09-12T09:10:56+00:00","description":"Madeira \u2013 das Hawaii Europas und Traumziel vieler Deutschen. Die besten Madeira Ausfl\u00fcge und Tipps hat euch Anja zusammengestellt.","breadcrumb":{"@id":"https:\/\/www.tui.com\/blog\/mein-madeira-abseits-der-touristenpfade\/#breadcrumb"},"inLanguage":"de","potentialAction":[{"@type":"ReadAction","target":["https:\/\/www.tui.com\/blog\/mein-madeira-abseits-der-touristenpfade\/"]}]},{"@type":"ImageObject","inLanguage":"de","@id":"https:\/\/www.tui.com\/blog\/mein-madeira-abseits-der-touristenpfade\/#primaryimage","url":"https:\/\/www.tui.com\/blog\/wp-content\/uploads\/2023\/04\/madeira-wilder-norden-c-Anja-Knorr.jpg","contentUrl":"https:\/\/www.tui.com\/blog\/wp-content\/uploads\/2023\/04\/madeira-wilder-norden-c-Anja-Knorr.jpg","width":1400,"height":788,"caption":"Madeiras wilder Norden ist ein wahrer Blickfang"},{"@type":"BreadcrumbList","@id":"https:\/\/www.tui.com\/blog\/mein-madeira-abseits-der-touristenpfade\/#breadcrumb","itemListElement":[{"@type":"ListItem","position":1,"name":"Startseite","item":"https:\/\/www.tui.com\/blog\/"},{"@type":"ListItem","position":2,"name":"Mein Madeira abseits der Touristenpfade: TOP Madeira Ausfl\u00fcge"}]},{"@type":"WebSite","@id":"https:\/\/www.tui.com\/blog\/#website","url":"https:\/\/www.tui.com\/blog\/","name":"TUI.com Reiseblog \u2600","description":"Abenteuer oder lieber an den Strand? \u2600 Der TUI Reiseblog bietet tolle Infos rund um deine n\u00e4chste Reise \u2708 Komm vorbei und lass dich inspirieren \u221a","publisher":{"@id":"https:\/\/www.tui.com\/blog\/#organization"},"potentialAction":[{"@type":"SearchAction","target":{"@type":"EntryPoint","urlTemplate":"https:\/\/www.tui.com\/blog\/?s={search_term_string}"},"query-input":{"@type":"PropertyValueSpecification","valueRequired":true,"valueName":"search_term_string"}}],"inLanguage":"de"},{"@type":"Organization","@id":"https:\/\/www.tui.com\/blog\/#organization","name":"TUI.com Reiseblog \u2600","url":"https:\/\/www.tui.com\/blog\/","logo":{"@type":"ImageObject","inLanguage":"de","@id":"https:\/\/www.tui.com\/blog\/#\/schema\/logo\/image\/","url":"https:\/\/www.tui.com\/blog\/wp-content\/uploads\/2023\/04\/cropped-tui-logo-3.png","contentUrl":"https:\/\/www.tui.com\/blog\/wp-content\/uploads\/2023\/04\/cropped-tui-logo-3.png","width":164,"height":72,"caption":"TUI.com Reiseblog \u2600"},"image":{"@id":"https:\/\/www.tui.com\/blog\/#\/schema\/logo\/image\/"}},{"@type":"Person","@id":"https:\/\/www.tui.com\/blog\/#\/schema\/person\/9c85ce4f2497fad7a33caba3ee9732fd","name":"Anja Knorr","image":{"@type":"ImageObject","inLanguage":"de","@id":"https:\/\/www.tui.com\/blog\/wp-content\/uploads\/2017\/03\/anja-bild-250x180.jpg","url":"https:\/\/www.tui.com\/blog\/wp-content\/uploads\/2017\/03\/anja-bild-250x180.jpg","contentUrl":"https:\/\/www.tui.com\/blog\/wp-content\/uploads\/2017\/03\/anja-bild-250x180.jpg","caption":"Anja Knorr"},"sameAs":["https:\/\/www.happybackpacker.de\/"],"url":"https:\/\/www.tui.com\/blog\/author\/anja\/"}]}},"_links":{"self":[{"href":"https:\/\/www.tui.com\/blog\/wp-json\/wp\/v2\/posts\/162824","targetHints":{"allow":["GET"]}}],"collection":[{"href":"https:\/\/www.tui.com\/blog\/wp-json\/wp\/v2\/posts"}],"about":[{"href":"https:\/\/www.tui.com\/blog\/wp-json\/wp\/v2\/types\/post"}],"author":[{"embeddable":true,"href":"https:\/\/www.tui.com\/blog\/wp-json\/wp\/v2\/users\/105"}],"replies":[{"embeddable":true,"href":"https:\/\/www.tui.com\/blog\/wp-json\/wp\/v2\/comments?post=162824"}],"version-history":[{"count":2,"href":"https:\/\/www.tui.com\/blog\/wp-json\/wp\/v2\/posts\/162824\/revisions"}],"predecessor-version":[{"id":484998,"href":"https:\/\/www.tui.com\/blog\/wp-json\/wp\/v2\/posts\/162824\/revisions\/484998"}],"wp:featuredmedia":[{"embeddable":true,"href":"https:\/\/www.tui.com\/blog\/wp-json\/wp\/v2\/media\/162826"}],"wp:attachment":[{"href":"https:\/\/www.tui.com\/blog\/wp-json\/wp\/v2\/media?parent=162824"}],"wp:term":[{"taxonomy":"category","embeddable":true,"href":"https:\/\/www.tui.com\/blog\/wp-json\/wp\/v2\/categories?post=162824"},{"taxonomy":"post_tag","embeddable":true,"href":"https:\/\/www.tui.com\/blog\/wp-json\/wp\/v2\/tags?post=162824"}],"curies":[{"name":"wp","href":"https:\/\/api.w.org\/{rel}","templated":true}]}}