{"id":163364,"date":"2018-01-12T11:00:26","date_gmt":"2018-01-12T10:00:26","guid":{"rendered":"https:\/\/blog.tui.info\/madeiras-unbekannte-straende\/"},"modified":"2025-07-15T09:57:37","modified_gmt":"2025-07-15T07:57:37","slug":"madeiras-unbekannte-straende","status":"publish","type":"post","link":"https:\/\/www.tui.com\/blog\/madeiras-unbekannte-straende\/","title":{"rendered":"Das sind Madeiras unbekannte Str\u00e4nde"},"content":{"rendered":"\n<p class=\"firstTextGrey\">Madeira ist nicht gerade f\u00fcr seine traumhaft sch\u00f6nen Str\u00e4nde bekannt. Schroffe Felsen, steile Klippen und schwarzes Lavagestein kennzeichnen die Insel. Und trotzdem gibt es versteckte Oasen f\u00fcr Wasserratten. Unsere Reisebloggerin Anja Knorr hat die beliebtesten und au\u00dfergew\u00f6hnlichsten Madeira Str\u00e4nde f\u00fcr Euch zusammengestellt.<\/p>\n\n\n\n<h2 class=\"wp-block-heading\">Madeira &#8211; Traumhafte Str\u00e4nde auf der Blumeninsel<\/h2>\n\n\n\n<p>\u201eStr\u00e4nde? Was f\u00fcr Str\u00e4nde?\u201c Die nette Dame neben mir im Flieger schaute mich verst\u00e4ndnislos und etwas mitleidig an, als ich ihr von meinen Ausspannpl\u00e4nen im Urlaub erz\u00e4hlte. Sie erkl\u00e4rte mir, dass <a href=\"https:\/\/www.tui.com\/pauschalreisen\/portugal\/madeira\/\" target=\"_blank\" rel=\"noopener\">Madeira<\/a> vulkanischen Ursprungs sei und deswegen eher einem riesigen Berg mitten im Ozean glich als einer flachen S\u00fcdseeinsel. Entgeistert stierte ich vor mich hin und dachte wieder einmal mehr, dass ein wenig Planung meinem chaotischen Reisestil gut tun w\u00fcrde.<\/p>\n\n\n\n<p>Sie erz\u00e4hlte mir, dass nat\u00fcrlich wei\u00dfe Sandstr\u00e4nde auf Madeira nicht existieren und die K\u00fcste mit steilen und felsigen Klippen \u00fcbers\u00e4t ist. Mit dem Cabo Gir\u00e3o gibt es dort sogar die zweith\u00f6chste Steilklippe in ganz Europa \u2013 fast 600 Meter ragt der Fels in die H\u00f6he.<\/p>\n\n\n\n<p>Aber wie k\u00fchlen sich die Menschen auf Madeira und die vielen Urlauber ab? Die L\u00f6sung ist so einfach wie genial: Die meisten Orte und Hotels haben Treppen in die Felsen geschlagen und steinerne Wege f\u00fchren ins k\u00fchle Nass.<\/p>\n\n\n\n<figure class=\"wp-block-image alignnone\"><a href=\"https:\/\/www.tui.com\/blog\/wp-content\/uploads\/2023\/04\/madeira-strand-anja-knorr.jpg\"><img decoding=\"async\" width=\"1400\" height=\"788\" src=\"https:\/\/www.tui.com\/blog\/wp-content\/uploads\/2023\/04\/madeira-strand-anja-knorr.jpg\" alt=\"Anja Knorr zeigt euch Madeiras Str\u00e4nde\" class=\"wp-image-39191\"\/><\/a><figcaption class=\"wp-element-caption\">Anja Knorr zeigt euch Madeiras Str\u00e4nde<\/figcaption><\/figure>\n\n\n\n<h3 class=\"wp-block-heading\">Meeresschwimmb\u00e4der und Steinbecken auf Madeira<\/h3>\n\n\n\n<p>Oft wurden nat\u00fcrliche Pools in die Felsen eingebaut, damit man ungest\u00f6rt im Atlantikwasser baden kann und trotzdem nicht von den oftmals gef\u00e4hrlich tobenden Wellen ins offene Meer hinaus gezogen wird. Schlie\u00dflich liegt das n\u00e4chste Festland \u00fcber 1000 Kilometer entfernt in Marokko.<\/p>\n\n\n\n<p>Allerdings toben die Wellen im Meer an manchen Tagen derartig heftig, dass ich aufpassen musste, nicht gegen die Felsen geschleudert zu werden. Sie sehen zwar aus wie nette Infinity Pools, aber sind doch immer auch nat\u00fcrliche Outdoor-Becken, die einen bei gro\u00dfen Wellengang durcheinander sch\u00fctteln.<\/p>\n\n\n\n<figure class=\"wp-block-image alignnone\"><a href=\"https:\/\/www.tui.com\/blog\/wp-content\/uploads\/2023\/04\/madeira-strand-meerwasserbecken-anja-knorr.jpg\"><img decoding=\"async\" width=\"1400\" height=\"800\" src=\"https:\/\/www.tui.com\/blog\/wp-content\/uploads\/2023\/04\/madeira-strand-meerwasserbecken-anja-knorr.jpg\" alt=\"Meerwasserbecken auf Madeira\" class=\"wp-image-39193\"\/><\/a><figcaption class=\"wp-element-caption\">Meerwasserbecken auf Madeira<\/figcaption><\/figure>\n\n\n\n<h3 class=\"wp-block-heading\">Meerwasserpools in Funchal<\/h3>\n\n\n\n<p>Nur wenige Minuten vom quirligen Stadtzentrum in <a href=\"https:\/\/www.tui.com\/pauschalreisen\/portugal\/madeira\/funchal\/\" target=\"_blank\" rel=\"noopener\">Funchal<\/a> entfernt, liegt das Schwimmbad Lido mit seinen zwei Meerwasserpools. Ganz Mutige trauen sich ins offene Meer zu schwimmen, da ein direkter Zugang in den Atlantik f\u00fchrt.<\/p>\n\n\n\n<p><strong>TUI Blogtipp:<\/strong> Was es noch in Funchal zu erleben gibt, erfahrt ihr im Blogbeitrag von Mela. \u25ba<a href=\"https:\/\/www.tui.com\/blog\/funchal-auf-madeira-zwischen-schwindelerregenden-hoehen-und-buntem-markttreiben\">Funchal auf Madeira \u2013 Schwindelerregende H\u00f6hen und buntes Markttreiben<\/a><\/p>\n\n\n\n<h3 class=\"wp-block-heading\">Badeoase Porto Moniz<\/h3>\n\n\n\n<figure class=\"wp-block-image alignnone\"><a href=\"https:\/\/www.tui.com\/blog\/wp-content\/uploads\/2023\/04\/madeira-strand-piscinas-naturais-anja-knorr.jpg\"><img decoding=\"async\" width=\"1400\" height=\"788\" src=\"https:\/\/www.tui.com\/blog\/wp-content\/uploads\/2023\/04\/madeira-strand-piscinas-naturais-anja-knorr.jpg\" alt=\"Romantische Stimmung\" class=\"wp-image-39192\"\/><\/a><figcaption class=\"wp-element-caption\">Romantische Stimmung<\/figcaption><\/figure>\n\n\n\n<p>Die \u201ePiscinas Naturais\u201c in Porto Moniz sind \u00fcber die Inselgrenzen hinaus ber\u00fchmt. In Porto Moniz wurden die nat\u00fcrlichen Meeresschwimmbecken in das schwarze Lavagestein hineingebaut, um Badende vor den st\u00fcrmischen Atlantikwellen zu sch\u00fctzen und trotzdem die Becken mit frischem Salzwasser aufzuf\u00fcllen.<\/p>\n\n\n\n<p>Wenn die Sonne am Horizont untergeht und die letzten Badeg\u00e4ste den Heimweg antreten, ist es dort besonders romantisch.<\/p>\n\n\n\n<p><strong>TUI Hoteltipp:<\/strong> Das 4-Sterne-Hotel <a href=\"https:\/\/www.tui.com\/hotels\/aqua-natura-madeira-20250\/hotelinformation\/\" target=\"_blank\" rel=\"noopener\">Aqua Natura Madeira<\/a> liegt unmittelbar am Sandstrand nur wenige Gehminuten von den ber\u00fchmten Piscinas Naturais in Porto Moniz entfernt.<\/p>\n\n\n\n<h3 class=\"wp-block-heading\">Schwarzer Sandstrand in Ponta de S\u00e3o Louren\u00e7o<\/h3>\n\n\n\n<p>An der \u00f6stlichsten Spitze der Insel liegt das karg und unwirtlich anmutende Naturschutzgebiet Ponta de S\u00e3o Louren\u00e7o. \u00dcber einen anstrengenden Weg nach unten gelangen Badeg\u00e4ste an eine kleine Badebucht namens Prainha. Allein schon wegen der abgelegenen Lage verirren sich an den Madeira Strand weniger Touristen als anderswo auf Madeira. Doch der Weg dorthin lohnt auf jeden Fall; ist dort doch der einzige schwarze Sandstrand der Insel zu finden.<\/p>\n\n\n\n<h3 class=\"wp-block-heading\">Die beliebtesten Sandstr\u00e4nde Madeiras<\/h3>\n\n\n\n<blockquote class=\"wp-block-quote right is-layout-flow wp-block-quote-is-layout-flow\">\n<p><a href=\"https:\/\/www.tui.com\/hotels\/savoy-calheta-beach-13082\/hotelinformation\/\" target=\"_blank\" rel=\"noopener\"><img decoding=\"async\" width=\"250\" height=\"120\" class=\"alignnone size-full wp-image-39187\" src=\"https:\/\/www.tui.com\/blog\/wp-content\/uploads\/2023\/04\/savoy-calheta-beach-hotel.jpg\" alt=\"Savoy Calheta Beach\"><\/a><\/p>\n\n\n\n<p><strong>TUI Hoteltipp: savoy calheta beach<\/strong><\/p>\n\n\n\n<p>Direkt an der k\u00fcnstlichen Badebucht von Calheta befindet sich das 4-Sterne-Hotel Savoy Calheta Beach. Das Hotel eignet sich bestens f\u00fcr einen ruhigen Badeurlaub abseits vom Trubel der Insel.<\/p>\n\n\n\n<p>\u25ba <a title=\"Pestana Bay Aparthotel\" href=\"https:\/\/www.tui.com\/hotels\/savoy-calheta-beach-13082\/hotelinformation\/\" target=\"_blank\" rel=\"noopener\">Mehr Infos zum Hotel<\/a><br>\u25ba <a title=\"Urlaub Madeira\" href=\"https:\/\/www.tui.com\/pauschalreisen\/portugal\/madeira\/\" target=\"_blank\" rel=\"noopener\">Weitere Madeira Reiseangebote <\/a><\/p>\n<\/blockquote>\n\n\n\n<h3 class=\"wp-block-heading\">1. Calheta<\/h3>\n\n\n\n<p>Und es gibt doch einige sandige Ausnahmen auf Madeira: So wurde in Calheta, nahe der Hauptstadt Funchal, k\u00fcnstlich Sandstrand aus der Sahara aufgesch\u00fcttet. Calheta l\u00e4sst das Herz eines jeden Sonnenanbeters h\u00f6her schlagen. Dort toben viele Familien mit kleinen Kindern herum und so kann es an diesem Madeira Strand ganz sch\u00f6n turbulent zugehen.<\/p>\n\n\n\n<h3 class=\"wp-block-heading\">2. Machico<\/h3>\n\n\n\n<p>Wer es etwas ruhiger mag, ist in Machico an der Ostk\u00fcste gut aufgehoben. Machico ist die \u00e4lteste Stadt Madeiras und der Strand schmiegt sich idyllisch an den Ort. Das Wasser ist glasklar und tiefblau und der Sand wurde eigens aus Marokko importiert.<\/p>\n\n\n\n<p><strong>TUI Hoteltipp:<\/strong> Das 4-Sterne Hotel <a href=\"https:\/\/www.tui.com\/hotels\/dom-pedro-madeira-2211\/hotelinformation\/\" target=\"_blank\" rel=\"noopener\">Dom Pedro Madeira<\/a> liegt nur wenige Meter vom \u00f6ffentlichen Machico Beach entfernt, Funchal ist in etwa 30 Minuten zu erreichen. Das perfekte Hotel, um die Insel zu erkunden, Schnorcheln zu gehen oder erholsame Badetage zu verbringen.<\/p>\n\n\n\n<figure class=\"wp-block-image alignnone\"><a href=\"https:\/\/www.tui.com\/blog\/wp-content\/uploads\/2023\/04\/madeira-strand-machico-anja-knorr.jpg\"><img decoding=\"async\" width=\"1400\" height=\"788\" src=\"https:\/\/www.tui.com\/blog\/wp-content\/uploads\/2023\/04\/madeira-strand-machico-anja-knorr.jpg\" alt=\"Machico - einer von Madeiras wenigen Sandstr\u00e4nden\" class=\"wp-image-39190\"\/><\/a><figcaption class=\"wp-element-caption\">Machico &#8211; einer von Madeiras wenigen Sandstr\u00e4nden<\/figcaption><\/figure>\n\n\n\n<h3 class=\"wp-block-heading\">3. Praia Formosa<\/h3>\n\n\n\n<p>Nahe C\u00e2mara de Lobos gelangen Wasserratten an den Praia Formosa. Der \u201esch\u00f6ne Strand\u201c besteht aus Kieselsteinen und Steinen- und Steinstrand und es gibt viele Wassersportangebote.<\/p>\n\n\n\n<p><strong>TUI Hoteltipp:<\/strong> Die traumhafte Lage des 4-Sterne Pestana Ocean Bay All Inclusive Resort in Funchal \u00fcberzeugt einfach jeden, denn das Hotel bietet direkten Zugang zum vulkanischen Formosa Strand. \u25ba<a href=\"https:\/\/www.tui.com\/hotels\/pestana-ocean-bay-all-inclusive-resort-2169\/hotelinformation\/\" target=\"_blank\" rel=\"noopener\"> Zum Angebot<\/a><\/p>\n\n\n\n<h3 class=\"wp-block-heading\">4. Porto Santo<\/h3>\n\n\n\n<p>Wer sich trotz aller nat\u00fcrlichen Meeresschwimmbecken nach einem richtigen Sandstrand sehnt, fliegt auf Madeiras kleine Schwesterinsel Porto Santo. Auf der Insel gibt es einen acht Kilometer langen Sandstrand, der meistens wohltuend ruhig ist und ohne gro\u00dfe Menschenaufl\u00e4ufe auskommt. Der Madeira Strand soll eine heilende Wirkung haben und die Schmerzen Rheumakranker lindern.<\/p>\n\n\n\n<p><strong>TUI Hoteltipp:<\/strong> Der feinsandige Strand &#8222;Combro&#8220; liegt nur 5 Gehminuten vom modernen 4-Sterne <a href=\"https:\/\/www.tui.com\/hotels\/pestana-ilha-dourada-hotel-and-villas-556511\/hotelinformation\/\" target=\"_blank\" rel=\"noopener\">Pestana Ilha Dourada Hotel &amp; Villas<\/a> in Porto Santo entfernt. Au\u00dferdem befindet sich ein Golfplatz in direkter N\u00e4he. Ideales Hotel f\u00fcr Ruhesuchende und Golfer!<\/p>\n\n\n\n<figure class=\"wp-block-image alignnone\"><a href=\"https:\/\/www.tui.com\/blog\/wp-content\/uploads\/2023\/04\/porto-santo-madeira-strand.jpg\"><img decoding=\"async\" width=\"1400\" height=\"788\" src=\"https:\/\/www.tui.com\/blog\/wp-content\/uploads\/2023\/04\/porto-santo-madeira-strand.jpg\" alt=\"Strand in Porto Santo\" class=\"wp-image-39199\"\/><\/a><figcaption class=\"wp-element-caption\">Strand in Porto Santo<\/figcaption><\/figure>\n\n\n\n<p>Bei so viel Madeira Strandidylle ist wohl f\u00fcr jeden Geschmack etwas dabei, und ich musste w\u00e4hrend meiner Reise immer mal wieder an die Dame aus dem Flugzeug denken, die mir erkl\u00e4ren wollte, es g\u00e4be keine Str\u00e4nde auf Madeira. Sicherlich verstecken sich diese so manches Mal auf der Insel und sind auch nicht immer leicht zu erreichen, aber genau das macht auch den einzigartigen Charme der Destination aus!<\/p>\n\n\n\n<p>Ihr sucht nach Strandhotels weltweit? Dann werdet ihr hier f\u00fcndig \u25ba <a href=\"https:\/\/www.tui.com\/strandhotels\/\" target=\"_blank\" rel=\"noopener\">TOP Strandhotels<\/a><\/p>\n\n\n\n<div style=\"border: 2px solid #E8E8E8; padding: 10px;\">\n<h3><strong>DIE TOP 10 BESTEN MADEIRA HOTELS<br><\/strong><\/h3><\/div>\n\n\n<div class=\"wp-block-image\">\n<figure class=\"alignright\"><a href=\"https:\/\/www.tui.com\/hotels\/riu-palace-madeira-20439\/hotelbilder\/\"><img decoding=\"async\" width=\"320\" height=\"180\" src=\"https:\/\/www.tui.com\/blog\/wp-content\/uploads\/2023\/04\/beste-hotel-madeira-320x180.jpg\" alt=\"RIU Palace Madeira\" class=\"wp-image-34235\"\/><\/a><figcaption class=\"wp-element-caption\">\u25ba <a href=\"https:\/\/www.tui.com\/hotels\/riu-palace-madeira-20439\/hotelbilder\/\">RIU Palace Madeira geh\u00f6rt zu einem der besten Madeira Hotels<\/a><\/figcaption><\/figure>\n<\/div>\n\n\n<p>Egal ob ihr nach einem Strandhotel, einem Paarhotel, Familienhotel oder Sporthotel sucht &#8211; Madeira bietet f\u00fcr alle etwas!<\/p>\n\n\n\n<p>\u25ba <a href=\"https:\/\/www.tui.com\/blog\/die-top-10-besten-madeira-hotels\">TUI Bloggerin Yasemin hat euch die besten Madeira Hotels zusammengestellt<\/a><\/p>\n\n\n\n<p>\u25ba Alle <a href=\"https:\/\/www.tui.com\/hotels\/portugal\/madeira\/\">Hotelangebote f\u00fcr Madeira<\/a><\/p>\n\n\n\n<p>\u25ba Weitere <a href=\"https:\/\/www.tui.com\/top-hotels\/\">TOP Hotels<\/a><\/p>\n","protected":false},"excerpt":{"rendered":"<p>Madeira ist nicht gerade f\u00fcr seine traumhaft sch\u00f6nen Str\u00e4nde bekannt. Schroffe Felsen, steile Klippen und schwarzes Lavagestein kennzeichnen die Insel. Und trotzdem gibt es versteckte Oasen f\u00fcr Wasserratten. Unsere Reisebloggerin Anja Knorr hat die beliebtesten und au\u00dfergew\u00f6hnlichsten Madeira Str\u00e4nde f\u00fcr Euch zusammengestellt.<\/p>\n","protected":false},"author":105,"featured_media":163366,"comment_status":"open","ping_status":"open","sticky":false,"template":"","format":"standard","meta":{"_acf_changed":false,"footnotes":""},"categories":[4044,4052,4030,4056],"tags":[955,340,518,644],"class_list":["post-163364","post","type-post","status-publish","format-standard","has-post-thumbnail","hentry","category-archiv-portugal","category-archiv-reisearten","category-archiv-reiseziele","category-archiv-urlaub-am-meer","tag-funchal","tag-insel","tag-madeira","tag-schoenste-straende"],"acf":[],"yoast_head":"<!-- This site is optimized with the Yoast SEO plugin v27.4 - https:\/\/yoast.com\/product\/yoast-seo-wordpress\/ -->\n<title>Das sind Madeiras unbekannte Str\u00e4nde - TUI.com Reiseblog \u2600<\/title>\n<meta name=\"description\" content=\"Madeira ist nicht gerade f\u00fcr seine traumhaft sch\u00f6nen Str\u00e4nde bekannt. Doch es gibt sie. Reisebloggerin Anja Knorr zeigt sie euch.\" \/>\n<meta name=\"robots\" content=\"index, follow, max-snippet:-1, max-image-preview:large, max-video-preview:-1\" \/>\n<link rel=\"canonical\" href=\"https:\/\/www.tui.com\/blog\/madeiras-unbekannte-straende\/\" \/>\n<meta property=\"og:locale\" content=\"de_DE\" \/>\n<meta property=\"og:type\" content=\"article\" \/>\n<meta property=\"og:title\" content=\"Das sind Madeiras unbekannte Str\u00e4nde - TUI.com Reiseblog \u2600\" \/>\n<meta property=\"og:description\" content=\"Madeira ist nicht gerade f\u00fcr seine traumhaft sch\u00f6nen Str\u00e4nde bekannt. Doch es gibt sie. Reisebloggerin Anja Knorr zeigt sie euch.\" \/>\n<meta property=\"og:url\" content=\"https:\/\/www.tui.com\/blog\/madeiras-unbekannte-straende\/\" \/>\n<meta property=\"og:site_name\" content=\"TUI.com Reiseblog \u2600\" \/>\n<meta property=\"article:published_time\" content=\"2018-01-12T10:00:26+00:00\" \/>\n<meta property=\"article:modified_time\" content=\"2025-07-15T07:57:37+00:00\" \/>\n<meta property=\"og:image\" content=\"https:\/\/www.tui.com\/blog\/wp-content\/uploads\/2023\/04\/madeira-strand-anja-knorr.jpg\" \/>\n\t<meta property=\"og:image:width\" content=\"1400\" \/>\n\t<meta property=\"og:image:height\" content=\"788\" \/>\n\t<meta property=\"og:image:type\" content=\"image\/jpeg\" \/>\n<meta name=\"author\" content=\"Anja Knorr\" \/>\n<meta name=\"twitter:card\" content=\"summary_large_image\" \/>\n<meta name=\"twitter:label1\" content=\"Verfasst von\" \/>\n\t<meta name=\"twitter:data1\" content=\"Anja Knorr\" \/>\n\t<meta name=\"twitter:label2\" content=\"Gesch\u00e4tzte Lesezeit\" \/>\n\t<meta name=\"twitter:data2\" content=\"5\u00a0Minuten\" \/>\n<script type=\"application\/ld+json\" class=\"yoast-schema-graph\">{\"@context\":\"https:\\\/\\\/schema.org\",\"@graph\":[{\"@type\":\"BlogPosting\",\"@id\":\"https:\\\/\\\/www.tui.com\\\/blog\\\/madeiras-unbekannte-straende\\\/#article\",\"isPartOf\":{\"@id\":\"https:\\\/\\\/www.tui.com\\\/blog\\\/madeiras-unbekannte-straende\\\/\"},\"author\":{\"name\":\"Anja Knorr\",\"@id\":\"https:\\\/\\\/www.tui.com\\\/blog\\\/#\\\/schema\\\/person\\\/9c85ce4f2497fad7a33caba3ee9732fd\"},\"headline\":\"Das sind Madeiras unbekannte Str\u00e4nde\",\"datePublished\":\"2018-01-12T10:00:26+00:00\",\"dateModified\":\"2025-07-15T07:57:37+00:00\",\"mainEntityOfPage\":{\"@id\":\"https:\\\/\\\/www.tui.com\\\/blog\\\/madeiras-unbekannte-straende\\\/\"},\"wordCount\":1074,\"commentCount\":0,\"publisher\":{\"@id\":\"https:\\\/\\\/www.tui.com\\\/blog\\\/#organization\"},\"image\":{\"@id\":\"https:\\\/\\\/www.tui.com\\\/blog\\\/madeiras-unbekannte-straende\\\/#primaryimage\"},\"thumbnailUrl\":\"https:\\\/\\\/www.tui.com\\\/blog\\\/wp-content\\\/uploads\\\/2023\\\/04\\\/madeira-strand-anja-knorr.jpg\",\"keywords\":[\"Funchal\",\"Insel\",\"Madeira\",\"sch\u00f6nste Str\u00e4nde\"],\"articleSection\":[\"Portugal\",\"Reisearten\",\"Reiseziele\",\"Urlaub am Meer\"],\"inLanguage\":\"de\",\"potentialAction\":[{\"@type\":\"CommentAction\",\"name\":\"Comment\",\"target\":[\"https:\\\/\\\/www.tui.com\\\/blog\\\/madeiras-unbekannte-straende\\\/#respond\"]}]},{\"@type\":\"WebPage\",\"@id\":\"https:\\\/\\\/www.tui.com\\\/blog\\\/madeiras-unbekannte-straende\\\/\",\"url\":\"https:\\\/\\\/www.tui.com\\\/blog\\\/madeiras-unbekannte-straende\\\/\",\"name\":\"Das sind Madeiras unbekannte Str\u00e4nde - TUI.com Reiseblog \u2600\",\"isPartOf\":{\"@id\":\"https:\\\/\\\/www.tui.com\\\/blog\\\/#website\"},\"primaryImageOfPage\":{\"@id\":\"https:\\\/\\\/www.tui.com\\\/blog\\\/madeiras-unbekannte-straende\\\/#primaryimage\"},\"image\":{\"@id\":\"https:\\\/\\\/www.tui.com\\\/blog\\\/madeiras-unbekannte-straende\\\/#primaryimage\"},\"thumbnailUrl\":\"https:\\\/\\\/www.tui.com\\\/blog\\\/wp-content\\\/uploads\\\/2023\\\/04\\\/madeira-strand-anja-knorr.jpg\",\"datePublished\":\"2018-01-12T10:00:26+00:00\",\"dateModified\":\"2025-07-15T07:57:37+00:00\",\"description\":\"Madeira ist nicht gerade f\u00fcr seine traumhaft sch\u00f6nen Str\u00e4nde bekannt. Doch es gibt sie. Reisebloggerin Anja Knorr zeigt sie euch.\",\"breadcrumb\":{\"@id\":\"https:\\\/\\\/www.tui.com\\\/blog\\\/madeiras-unbekannte-straende\\\/#breadcrumb\"},\"inLanguage\":\"de\",\"potentialAction\":[{\"@type\":\"ReadAction\",\"target\":[\"https:\\\/\\\/www.tui.com\\\/blog\\\/madeiras-unbekannte-straende\\\/\"]}]},{\"@type\":\"ImageObject\",\"inLanguage\":\"de\",\"@id\":\"https:\\\/\\\/www.tui.com\\\/blog\\\/madeiras-unbekannte-straende\\\/#primaryimage\",\"url\":\"https:\\\/\\\/www.tui.com\\\/blog\\\/wp-content\\\/uploads\\\/2023\\\/04\\\/madeira-strand-anja-knorr.jpg\",\"contentUrl\":\"https:\\\/\\\/www.tui.com\\\/blog\\\/wp-content\\\/uploads\\\/2023\\\/04\\\/madeira-strand-anja-knorr.jpg\",\"width\":1400,\"height\":788,\"caption\":\"Anja Knorr zeigt euch Madeiras Str\u00e4nde\"},{\"@type\":\"BreadcrumbList\",\"@id\":\"https:\\\/\\\/www.tui.com\\\/blog\\\/madeiras-unbekannte-straende\\\/#breadcrumb\",\"itemListElement\":[{\"@type\":\"ListItem\",\"position\":1,\"name\":\"Startseite\",\"item\":\"https:\\\/\\\/www.tui.com\\\/blog\\\/\"},{\"@type\":\"ListItem\",\"position\":2,\"name\":\"Das sind Madeiras unbekannte Str\u00e4nde\"}]},{\"@type\":\"WebSite\",\"@id\":\"https:\\\/\\\/www.tui.com\\\/blog\\\/#website\",\"url\":\"https:\\\/\\\/www.tui.com\\\/blog\\\/\",\"name\":\"TUI.com Reiseblog \u2600\",\"description\":\"Abenteuer oder lieber an den Strand? \u2600 Der TUI Reiseblog bietet tolle Infos rund um deine n\u00e4chste Reise \u2708 Komm vorbei und lass dich inspirieren \u221a\",\"publisher\":{\"@id\":\"https:\\\/\\\/www.tui.com\\\/blog\\\/#organization\"},\"potentialAction\":[{\"@type\":\"SearchAction\",\"target\":{\"@type\":\"EntryPoint\",\"urlTemplate\":\"https:\\\/\\\/www.tui.com\\\/blog\\\/?s={search_term_string}\"},\"query-input\":{\"@type\":\"PropertyValueSpecification\",\"valueRequired\":true,\"valueName\":\"search_term_string\"}}],\"inLanguage\":\"de\"},{\"@type\":\"Organization\",\"@id\":\"https:\\\/\\\/www.tui.com\\\/blog\\\/#organization\",\"name\":\"TUI.com Reiseblog \u2600\",\"url\":\"https:\\\/\\\/www.tui.com\\\/blog\\\/\",\"logo\":{\"@type\":\"ImageObject\",\"inLanguage\":\"de\",\"@id\":\"https:\\\/\\\/www.tui.com\\\/blog\\\/#\\\/schema\\\/logo\\\/image\\\/\",\"url\":\"https:\\\/\\\/www.tui.com\\\/blog\\\/wp-content\\\/uploads\\\/2023\\\/04\\\/cropped-tui-logo-3.png\",\"contentUrl\":\"https:\\\/\\\/www.tui.com\\\/blog\\\/wp-content\\\/uploads\\\/2023\\\/04\\\/cropped-tui-logo-3.png\",\"width\":164,\"height\":72,\"caption\":\"TUI.com Reiseblog \u2600\"},\"image\":{\"@id\":\"https:\\\/\\\/www.tui.com\\\/blog\\\/#\\\/schema\\\/logo\\\/image\\\/\"}},{\"@type\":\"Person\",\"@id\":\"https:\\\/\\\/www.tui.com\\\/blog\\\/#\\\/schema\\\/person\\\/9c85ce4f2497fad7a33caba3ee9732fd\",\"name\":\"Anja Knorr\",\"image\":{\"@type\":\"ImageObject\",\"inLanguage\":\"de\",\"@id\":\"https:\\\/\\\/www.tui.com\\\/blog\\\/wp-content\\\/uploads\\\/2017\\\/03\\\/anja-bild-250x180.jpg\",\"url\":\"https:\\\/\\\/www.tui.com\\\/blog\\\/wp-content\\\/uploads\\\/2017\\\/03\\\/anja-bild-250x180.jpg\",\"contentUrl\":\"https:\\\/\\\/www.tui.com\\\/blog\\\/wp-content\\\/uploads\\\/2017\\\/03\\\/anja-bild-250x180.jpg\",\"caption\":\"Anja Knorr\"},\"sameAs\":[\"https:\\\/\\\/www.happybackpacker.de\\\/\"],\"url\":\"https:\\\/\\\/www.tui.com\\\/blog\\\/author\\\/anja\\\/\"}]}<\/script>\n<!-- \/ Yoast SEO plugin. -->","yoast_head_json":{"title":"Das sind Madeiras unbekannte Str\u00e4nde - TUI.com Reiseblog \u2600","description":"Madeira ist nicht gerade f\u00fcr seine traumhaft sch\u00f6nen Str\u00e4nde bekannt. Doch es gibt sie. Reisebloggerin Anja Knorr zeigt sie euch.","robots":{"index":"index","follow":"follow","max-snippet":"max-snippet:-1","max-image-preview":"max-image-preview:large","max-video-preview":"max-video-preview:-1"},"canonical":"https:\/\/www.tui.com\/blog\/madeiras-unbekannte-straende\/","og_locale":"de_DE","og_type":"article","og_title":"Das sind Madeiras unbekannte Str\u00e4nde - TUI.com Reiseblog \u2600","og_description":"Madeira ist nicht gerade f\u00fcr seine traumhaft sch\u00f6nen Str\u00e4nde bekannt. Doch es gibt sie. Reisebloggerin Anja Knorr zeigt sie euch.","og_url":"https:\/\/www.tui.com\/blog\/madeiras-unbekannte-straende\/","og_site_name":"TUI.com Reiseblog \u2600","article_published_time":"2018-01-12T10:00:26+00:00","article_modified_time":"2025-07-15T07:57:37+00:00","og_image":[{"width":1400,"height":788,"url":"https:\/\/www.tui.com\/blog\/wp-content\/uploads\/2023\/04\/madeira-strand-anja-knorr.jpg","type":"image\/jpeg"}],"author":"Anja Knorr","twitter_card":"summary_large_image","twitter_misc":{"Verfasst von":"Anja Knorr","Gesch\u00e4tzte Lesezeit":"5\u00a0Minuten"},"schema":{"@context":"https:\/\/schema.org","@graph":[{"@type":"BlogPosting","@id":"https:\/\/www.tui.com\/blog\/madeiras-unbekannte-straende\/#article","isPartOf":{"@id":"https:\/\/www.tui.com\/blog\/madeiras-unbekannte-straende\/"},"author":{"name":"Anja Knorr","@id":"https:\/\/www.tui.com\/blog\/#\/schema\/person\/9c85ce4f2497fad7a33caba3ee9732fd"},"headline":"Das sind Madeiras unbekannte Str\u00e4nde","datePublished":"2018-01-12T10:00:26+00:00","dateModified":"2025-07-15T07:57:37+00:00","mainEntityOfPage":{"@id":"https:\/\/www.tui.com\/blog\/madeiras-unbekannte-straende\/"},"wordCount":1074,"commentCount":0,"publisher":{"@id":"https:\/\/www.tui.com\/blog\/#organization"},"image":{"@id":"https:\/\/www.tui.com\/blog\/madeiras-unbekannte-straende\/#primaryimage"},"thumbnailUrl":"https:\/\/www.tui.com\/blog\/wp-content\/uploads\/2023\/04\/madeira-strand-anja-knorr.jpg","keywords":["Funchal","Insel","Madeira","sch\u00f6nste Str\u00e4nde"],"articleSection":["Portugal","Reisearten","Reiseziele","Urlaub am Meer"],"inLanguage":"de","potentialAction":[{"@type":"CommentAction","name":"Comment","target":["https:\/\/www.tui.com\/blog\/madeiras-unbekannte-straende\/#respond"]}]},{"@type":"WebPage","@id":"https:\/\/www.tui.com\/blog\/madeiras-unbekannte-straende\/","url":"https:\/\/www.tui.com\/blog\/madeiras-unbekannte-straende\/","name":"Das sind Madeiras unbekannte Str\u00e4nde - TUI.com Reiseblog \u2600","isPartOf":{"@id":"https:\/\/www.tui.com\/blog\/#website"},"primaryImageOfPage":{"@id":"https:\/\/www.tui.com\/blog\/madeiras-unbekannte-straende\/#primaryimage"},"image":{"@id":"https:\/\/www.tui.com\/blog\/madeiras-unbekannte-straende\/#primaryimage"},"thumbnailUrl":"https:\/\/www.tui.com\/blog\/wp-content\/uploads\/2023\/04\/madeira-strand-anja-knorr.jpg","datePublished":"2018-01-12T10:00:26+00:00","dateModified":"2025-07-15T07:57:37+00:00","description":"Madeira ist nicht gerade f\u00fcr seine traumhaft sch\u00f6nen Str\u00e4nde bekannt. Doch es gibt sie. Reisebloggerin Anja Knorr zeigt sie euch.","breadcrumb":{"@id":"https:\/\/www.tui.com\/blog\/madeiras-unbekannte-straende\/#breadcrumb"},"inLanguage":"de","potentialAction":[{"@type":"ReadAction","target":["https:\/\/www.tui.com\/blog\/madeiras-unbekannte-straende\/"]}]},{"@type":"ImageObject","inLanguage":"de","@id":"https:\/\/www.tui.com\/blog\/madeiras-unbekannte-straende\/#primaryimage","url":"https:\/\/www.tui.com\/blog\/wp-content\/uploads\/2023\/04\/madeira-strand-anja-knorr.jpg","contentUrl":"https:\/\/www.tui.com\/blog\/wp-content\/uploads\/2023\/04\/madeira-strand-anja-knorr.jpg","width":1400,"height":788,"caption":"Anja Knorr zeigt euch Madeiras Str\u00e4nde"},{"@type":"BreadcrumbList","@id":"https:\/\/www.tui.com\/blog\/madeiras-unbekannte-straende\/#breadcrumb","itemListElement":[{"@type":"ListItem","position":1,"name":"Startseite","item":"https:\/\/www.tui.com\/blog\/"},{"@type":"ListItem","position":2,"name":"Das sind Madeiras unbekannte Str\u00e4nde"}]},{"@type":"WebSite","@id":"https:\/\/www.tui.com\/blog\/#website","url":"https:\/\/www.tui.com\/blog\/","name":"TUI.com Reiseblog \u2600","description":"Abenteuer oder lieber an den Strand? \u2600 Der TUI Reiseblog bietet tolle Infos rund um deine n\u00e4chste Reise \u2708 Komm vorbei und lass dich inspirieren \u221a","publisher":{"@id":"https:\/\/www.tui.com\/blog\/#organization"},"potentialAction":[{"@type":"SearchAction","target":{"@type":"EntryPoint","urlTemplate":"https:\/\/www.tui.com\/blog\/?s={search_term_string}"},"query-input":{"@type":"PropertyValueSpecification","valueRequired":true,"valueName":"search_term_string"}}],"inLanguage":"de"},{"@type":"Organization","@id":"https:\/\/www.tui.com\/blog\/#organization","name":"TUI.com Reiseblog \u2600","url":"https:\/\/www.tui.com\/blog\/","logo":{"@type":"ImageObject","inLanguage":"de","@id":"https:\/\/www.tui.com\/blog\/#\/schema\/logo\/image\/","url":"https:\/\/www.tui.com\/blog\/wp-content\/uploads\/2023\/04\/cropped-tui-logo-3.png","contentUrl":"https:\/\/www.tui.com\/blog\/wp-content\/uploads\/2023\/04\/cropped-tui-logo-3.png","width":164,"height":72,"caption":"TUI.com Reiseblog \u2600"},"image":{"@id":"https:\/\/www.tui.com\/blog\/#\/schema\/logo\/image\/"}},{"@type":"Person","@id":"https:\/\/www.tui.com\/blog\/#\/schema\/person\/9c85ce4f2497fad7a33caba3ee9732fd","name":"Anja Knorr","image":{"@type":"ImageObject","inLanguage":"de","@id":"https:\/\/www.tui.com\/blog\/wp-content\/uploads\/2017\/03\/anja-bild-250x180.jpg","url":"https:\/\/www.tui.com\/blog\/wp-content\/uploads\/2017\/03\/anja-bild-250x180.jpg","contentUrl":"https:\/\/www.tui.com\/blog\/wp-content\/uploads\/2017\/03\/anja-bild-250x180.jpg","caption":"Anja Knorr"},"sameAs":["https:\/\/www.happybackpacker.de\/"],"url":"https:\/\/www.tui.com\/blog\/author\/anja\/"}]}},"_links":{"self":[{"href":"https:\/\/www.tui.com\/blog\/wp-json\/wp\/v2\/posts\/163364","targetHints":{"allow":["GET"]}}],"collection":[{"href":"https:\/\/www.tui.com\/blog\/wp-json\/wp\/v2\/posts"}],"about":[{"href":"https:\/\/www.tui.com\/blog\/wp-json\/wp\/v2\/types\/post"}],"author":[{"embeddable":true,"href":"https:\/\/www.tui.com\/blog\/wp-json\/wp\/v2\/users\/105"}],"replies":[{"embeddable":true,"href":"https:\/\/www.tui.com\/blog\/wp-json\/wp\/v2\/comments?post=163364"}],"version-history":[{"count":2,"href":"https:\/\/www.tui.com\/blog\/wp-json\/wp\/v2\/posts\/163364\/revisions"}],"predecessor-version":[{"id":478040,"href":"https:\/\/www.tui.com\/blog\/wp-json\/wp\/v2\/posts\/163364\/revisions\/478040"}],"wp:featuredmedia":[{"embeddable":true,"href":"https:\/\/www.tui.com\/blog\/wp-json\/wp\/v2\/media\/163366"}],"wp:attachment":[{"href":"https:\/\/www.tui.com\/blog\/wp-json\/wp\/v2\/media?parent=163364"}],"wp:term":[{"taxonomy":"category","embeddable":true,"href":"https:\/\/www.tui.com\/blog\/wp-json\/wp\/v2\/categories?post=163364"},{"taxonomy":"post_tag","embeddable":true,"href":"https:\/\/www.tui.com\/blog\/wp-json\/wp\/v2\/tags?post=163364"}],"curies":[{"name":"wp","href":"https:\/\/api.w.org\/{rel}","templated":true}]}}