{"id":167180,"date":"2018-07-04T10:00:20","date_gmt":"2018-07-04T08:00:20","guid":{"rendered":"https:\/\/blog.tui.info\/luebeck-malerischer-kurzurlaub-in-der-stadt-der-sieben-tuerme\/"},"modified":"2025-08-21T14:42:50","modified_gmt":"2025-08-21T12:42:50","slug":"luebeck-malerischer-kurzurlaub-in-der-stadt-der-sieben-tuerme","status":"publish","type":"post","link":"https:\/\/www.tui.com\/blog\/luebeck-malerischer-kurzurlaub-in-der-stadt-der-sieben-tuerme\/","title":{"rendered":"L\u00fcbeck &#8211; malerischer Kurzurlaub in der Stadt der sieben T\u00fcrme"},"content":{"rendered":"\n<p class=\"firstTextGrey\">Nicole hat sich aufgemacht, eine der malerischsten St\u00e4dte Deutschlands zu erkunden. Hier findet ihr Tipps und Impressionen f\u00fcr einen gelungenen L\u00fcbeck Kurzurlaub!<\/p>\n\n\n<div class=\"wp-block-image\">\n<figure class=\"aligncenter\"><img decoding=\"async\" width=\"1400\" height=\"346\" src=\"https:\/\/www.tui.com\/blog\/wp-content\/uploads\/2023\/04\/luebeck-panorama.jpg\" alt=\"7 auf einen Streich - L\u00fcbeck von oben\" class=\"wp-image-42189\" title=\"L\u00fcbeck Skyline: Sieben Turmspitzen sollst du sehen\"\/><\/figure>\n<\/div>\n\n\n<p><\/p>\n\n\n\n<p>Der Mai nahte und mit ihm die Frage nach dem n\u00e4chsten Reiseziel f\u00fcr den inzwischen liebgewonnenen j\u00e4hrlichen Mutter-Tochter-Kurzurlaub. Die Wahl fiel auf <a href=\"https:\/\/www.tui.com\/hotels\/deutschland\/luebeck\/\" target=\"_blank\" rel=\"noopener\">L\u00fcbeck<\/a> &#8211; eigentlich ja gar nicht so weit weg von <a href=\"https:\/\/www.tui.com\/hotels\/deutschland\/hannover\/\" target=\"_blank\" rel=\"noopener\">Hannover<\/a> und doch noch ein wei\u00dfer Fleck auf unserer pers\u00f6nlichen <a href=\"https:\/\/www.tui.com\/pauschalreisen\/deutschland\/\" target=\"_blank\" rel=\"noopener\">Deutschland Reise&nbsp;<\/a>&#8211; Landkarte.<\/p>\n\n\n\n<p><strong>Uns erwarteten:<\/strong> blauer Himmel, malerische Stra\u00dfenz\u00fcge, historische H\u00e4userfassaden, versteckte H\u00f6fe, farbenfrohe G\u00e4rten, kulinarische Gen\u00fcsse in s\u00fc\u00df und salzig, zahlreiche Shopping-Highlights abseits des \u00fcblichen Mainstream und ein au\u00dfergew\u00f6hnlicher Kulturabend.<\/p>\n\n\n\n<p>Aber seht doch einfach selbst &#8211; die sch\u00f6nsten Impressionen und Tipps aus 48 Stunden L\u00fcbeck-Aufenthalt habe ich f\u00fcr euch hier zusammengefasst!<\/p>\n\n\n\n<h2 class=\"wp-block-heading\">L\u00fcbeck Kurzurlaub: Kleine Stadt mit gro\u00dfem Charme<\/h2>\n\n\n<div class=\"wp-block-image wp-image-42478 size-full\">\n<figure class=\"aligncenter\"><img decoding=\"async\" width=\"1400\" height=\"788\" src=\"https:\/\/www.tui.com\/blog\/wp-content\/uploads\/2023\/04\/luebeck-haeuerfassaden.jpg\" alt=\"Historische L\u00fcbecker H\u00e4userfassaden\" class=\"wp-image-42478\"\/><figcaption class=\"wp-element-caption\">Beeindruckende Architektur in L\u00fcbecks Stra\u00dfen: Links das Haus zum Jahrhundert-Roman &#8222;Die Buddenbrooks&#8220;<\/figcaption><\/figure>\n<\/div>\n\n\n<p>Da war sie wieder, die Frage, die mich schon im letzten Jahr beim M\u00fcnchen Kurztrip umtrieb: &#8222;Muss es wirklich der rote Sightseeing-Bus sein?&#8220; Und in L\u00fcbeck gab es doch tats\u00e4chlich eine echte Alternative &#8211; einzigartig, denn es gibt sie nur einmal dort: Die Rikscha Sightseeing-Tour mit Herrn Mangels! Zu einem unschlagbaren Preis-Leistungs-Verh\u00e4ltnis fuhr uns der mit einem unfassbaren Wissen ausgestattete Herr zwei Stunden in seiner original chinesischen Rikscha durch die verwinkelten Gassen der L\u00fcbecker Altstadtinsel, vorbei am Holstentor und geschichtstr\u00e4chtigen Geb\u00e4uden, wie dem Burgtor, dem Buddenbrook- oder G\u00fcnter-Grass-Haus. Das war doch mal ein echtes Highlight!<\/p>\n\n\n\n<figure class=\"wp-block-gallery has-nested-images columns-3 is-cropped wp-block-gallery-1 is-layout-flex wp-block-gallery-is-layout-flex\">\n<figure class=\"wp-block-image size-large\"><img decoding=\"async\" width=\"1000\" height=\"563\" data-id=\"167182\" src=\"https:\/\/www.tui.com\/blog\/wp-content\/uploads\/2023\/04\/luebeck-von-oben-1000x563.jpg\" alt=\"\" class=\"wp-image-167182\" srcset=\"https:\/\/www.tui.com\/blog\/wp-content\/uploads\/2023\/04\/luebeck-von-oben-1000x563.jpg 1000w, https:\/\/www.tui.com\/blog\/wp-content\/uploads\/2023\/04\/luebeck-von-oben-790x444.jpg 790w, https:\/\/www.tui.com\/blog\/wp-content\/uploads\/2023\/04\/luebeck-von-oben-320x180.jpg 320w, https:\/\/www.tui.com\/blog\/wp-content\/uploads\/2023\/04\/luebeck-von-oben-768x432.jpg 768w, https:\/\/www.tui.com\/blog\/wp-content\/uploads\/2023\/04\/luebeck-von-oben.jpg 1400w\" sizes=\"(max-width: 1000px) 100vw, 1000px\" \/><\/figure>\n\n\n\n<figure class=\"wp-block-image size-large\"><img decoding=\"async\" width=\"1000\" height=\"563\" data-id=\"167184\" src=\"https:\/\/www.tui.com\/blog\/wp-content\/uploads\/2023\/04\/luebeck-rikscha-1000x563.jpg\" alt=\"L\u00fcbeck Stadtrundfahrt\" class=\"wp-image-167184\" srcset=\"https:\/\/www.tui.com\/blog\/wp-content\/uploads\/2023\/04\/luebeck-rikscha-1000x563.jpg 1000w, https:\/\/www.tui.com\/blog\/wp-content\/uploads\/2023\/04\/luebeck-rikscha-790x444.jpg 790w, https:\/\/www.tui.com\/blog\/wp-content\/uploads\/2023\/04\/luebeck-rikscha-320x180.jpg 320w, https:\/\/www.tui.com\/blog\/wp-content\/uploads\/2023\/04\/luebeck-rikscha-768x432.jpg 768w, https:\/\/www.tui.com\/blog\/wp-content\/uploads\/2023\/04\/luebeck-rikscha.jpg 1400w\" sizes=\"(max-width: 1000px) 100vw, 1000px\" \/><\/figure>\n\n\n\n<figure class=\"wp-block-image size-large\"><img decoding=\"async\" width=\"1000\" height=\"563\" data-id=\"167186\" src=\"https:\/\/www.tui.com\/blog\/wp-content\/uploads\/2023\/04\/luebeck-holstentor-1000x563.jpg\" alt=\"Holstentor L\u00fcbeck\" class=\"wp-image-167186\" srcset=\"https:\/\/www.tui.com\/blog\/wp-content\/uploads\/2023\/04\/luebeck-holstentor-1000x563.jpg 1000w, https:\/\/www.tui.com\/blog\/wp-content\/uploads\/2023\/04\/luebeck-holstentor-790x444.jpg 790w, https:\/\/www.tui.com\/blog\/wp-content\/uploads\/2023\/04\/luebeck-holstentor-320x180.jpg 320w, https:\/\/www.tui.com\/blog\/wp-content\/uploads\/2023\/04\/luebeck-holstentor-768x432.jpg 768w, https:\/\/www.tui.com\/blog\/wp-content\/uploads\/2023\/04\/luebeck-holstentor.jpg 1400w\" sizes=\"(max-width: 1000px) 100vw, 1000px\" \/><\/figure>\n\n\n\n<figure class=\"wp-block-image size-large\"><img decoding=\"async\" width=\"1000\" height=\"563\" data-id=\"167188\" src=\"https:\/\/www.tui.com\/blog\/wp-content\/uploads\/2023\/04\/luebeck-guenter-grass-haus-1000x563.jpg\" alt=\"G\u00fcnter Grass Haus\" class=\"wp-image-167188\" srcset=\"https:\/\/www.tui.com\/blog\/wp-content\/uploads\/2023\/04\/luebeck-guenter-grass-haus-1000x563.jpg 1000w, https:\/\/www.tui.com\/blog\/wp-content\/uploads\/2023\/04\/luebeck-guenter-grass-haus-790x444.jpg 790w, https:\/\/www.tui.com\/blog\/wp-content\/uploads\/2023\/04\/luebeck-guenter-grass-haus-320x180.jpg 320w, https:\/\/www.tui.com\/blog\/wp-content\/uploads\/2023\/04\/luebeck-guenter-grass-haus-768x432.jpg 768w, https:\/\/www.tui.com\/blog\/wp-content\/uploads\/2023\/04\/luebeck-guenter-grass-haus.jpg 1400w\" sizes=\"(max-width: 1000px) 100vw, 1000px\" \/><\/figure>\n\n\n\n<figure class=\"wp-block-image size-large\"><img decoding=\"async\" width=\"1000\" height=\"563\" data-id=\"167190\" src=\"https:\/\/www.tui.com\/blog\/wp-content\/uploads\/2023\/04\/luebeck-marzipan-1000x563.jpg\" alt=\"L\u00fcbecker Marzipan\" class=\"wp-image-167190\" srcset=\"https:\/\/www.tui.com\/blog\/wp-content\/uploads\/2023\/04\/luebeck-marzipan-1000x563.jpg 1000w, https:\/\/www.tui.com\/blog\/wp-content\/uploads\/2023\/04\/luebeck-marzipan-790x444.jpg 790w, https:\/\/www.tui.com\/blog\/wp-content\/uploads\/2023\/04\/luebeck-marzipan-320x180.jpg 320w, https:\/\/www.tui.com\/blog\/wp-content\/uploads\/2023\/04\/luebeck-marzipan-768x432.jpg 768w, https:\/\/www.tui.com\/blog\/wp-content\/uploads\/2023\/04\/luebeck-marzipan.jpg 1400w\" sizes=\"(max-width: 1000px) 100vw, 1000px\" \/><\/figure>\n\n\n\n<figure class=\"wp-block-image size-large\"><img decoding=\"async\" width=\"1000\" height=\"563\" data-id=\"167192\" src=\"https:\/\/www.tui.com\/blog\/wp-content\/uploads\/2023\/04\/luebeck-rathaus-1000x563.jpg\" alt=\"L\u00fcbeck Rathaus\" class=\"wp-image-167192\" srcset=\"https:\/\/www.tui.com\/blog\/wp-content\/uploads\/2023\/04\/luebeck-rathaus-1000x563.jpg 1000w, https:\/\/www.tui.com\/blog\/wp-content\/uploads\/2023\/04\/luebeck-rathaus-790x444.jpg 790w, https:\/\/www.tui.com\/blog\/wp-content\/uploads\/2023\/04\/luebeck-rathaus-320x180.jpg 320w, https:\/\/www.tui.com\/blog\/wp-content\/uploads\/2023\/04\/luebeck-rathaus-768x432.jpg 768w, https:\/\/www.tui.com\/blog\/wp-content\/uploads\/2023\/04\/luebeck-rathaus.jpg 1400w\" sizes=\"(max-width: 1000px) 100vw, 1000px\" \/><\/figure>\n\n\n\n<figure class=\"wp-block-image size-large\"><img decoding=\"async\" width=\"1000\" height=\"563\" data-id=\"167194\" src=\"https:\/\/www.tui.com\/blog\/wp-content\/uploads\/2023\/04\/luebeck-burgtor-1000x563.jpg\" alt=\"Burgtor L\u00fcbeck\" class=\"wp-image-167194\" srcset=\"https:\/\/www.tui.com\/blog\/wp-content\/uploads\/2023\/04\/luebeck-burgtor-1000x563.jpg 1000w, https:\/\/www.tui.com\/blog\/wp-content\/uploads\/2023\/04\/luebeck-burgtor-790x444.jpg 790w, https:\/\/www.tui.com\/blog\/wp-content\/uploads\/2023\/04\/luebeck-burgtor-320x180.jpg 320w, https:\/\/www.tui.com\/blog\/wp-content\/uploads\/2023\/04\/luebeck-burgtor-768x432.jpg 768w, https:\/\/www.tui.com\/blog\/wp-content\/uploads\/2023\/04\/luebeck-burgtor.jpg 1400w\" sizes=\"(max-width: 1000px) 100vw, 1000px\" \/><\/figure>\n\n\n\n<figure class=\"wp-block-image size-large\"><img decoding=\"async\" width=\"1000\" height=\"563\" data-id=\"167196\" src=\"https:\/\/www.tui.com\/blog\/wp-content\/uploads\/2023\/04\/luebeck-huexstrasse-1000x563.jpg\" alt=\"L\u00fcbeck Shopping\" class=\"wp-image-167196\" srcset=\"https:\/\/www.tui.com\/blog\/wp-content\/uploads\/2023\/04\/luebeck-huexstrasse-1000x563.jpg 1000w, https:\/\/www.tui.com\/blog\/wp-content\/uploads\/2023\/04\/luebeck-huexstrasse-790x444.jpg 790w, https:\/\/www.tui.com\/blog\/wp-content\/uploads\/2023\/04\/luebeck-huexstrasse-320x180.jpg 320w, https:\/\/www.tui.com\/blog\/wp-content\/uploads\/2023\/04\/luebeck-huexstrasse-768x432.jpg 768w, https:\/\/www.tui.com\/blog\/wp-content\/uploads\/2023\/04\/luebeck-huexstrasse.jpg 1400w\" sizes=\"(max-width: 1000px) 100vw, 1000px\" \/><\/figure>\n<\/figure>\n\n\n\n<h2 class=\"wp-block-heading\">L\u00fcbecks versteckte G\u00e4nge, urige H\u00f6fe und pr\u00e4chtige G\u00e4rten<\/h2>\n\n\n\n<p>L\u00fcbeck h\u00e4lt den ein oder anderen &#8222;Schatz&#8220; f\u00fcr euch bereit &#8211; oftmals leicht zu \u00fcbersehen, sind die legend\u00e4ren &#8222;G\u00e4nge&#8220;, die sich ganz schmal in die H\u00e4userfronten einf\u00fcgen. Wer sie entdeckt und durch die oft sehr schmalen und dunklen Mauern hindurchgeht, der wird mit einem unglaublich sch\u00f6nen Einblick in liebevoll gestaltete (und zur Sommerzeit bl\u00fchende) Wohnh\u00f6fe und G\u00e4rten belohnt.<\/p>\n\n\n<div class=\"wp-block-image\">\n<figure class=\"aligncenter\"><img decoding=\"async\" width=\"790\" height=\"444\" src=\"https:\/\/www.tui.com\/blog\/wp-content\/uploads\/2023\/04\/luebeck-rosengang-790x444.jpg\" alt=\"Rosen-Gang L\u00fcbeck\" class=\"wp-image-42457\" title=\"Wer den versteckten Rosen-Gang findet, wird mit einem Einblick in einzigartige L\u00fcbecker Wohnkultur belohnt.\"\/><\/figure>\n<\/div>\n\n\n<p><\/p>\n\n\n\n<figure class=\"wp-block-gallery has-nested-images columns-default is-cropped wp-block-gallery-2 is-layout-flex wp-block-gallery-is-layout-flex\">\n<figure class=\"wp-block-image size-large\"><img decoding=\"async\" width=\"790\" height=\"444\" data-id=\"477850\" src=\"https:\/\/www.tui.com\/blog\/wp-content\/uploads\/2018\/07\/luebeck-hoefe-790x444-1.jpg\" alt=\"L\u00fcbeck H\u00f6fe\" class=\"wp-image-477850\" srcset=\"https:\/\/www.tui.com\/blog\/wp-content\/uploads\/2018\/07\/luebeck-hoefe-790x444-1.jpg 790w, https:\/\/www.tui.com\/blog\/wp-content\/uploads\/2018\/07\/luebeck-hoefe-790x444-1-320x180.jpg 320w, https:\/\/www.tui.com\/blog\/wp-content\/uploads\/2018\/07\/luebeck-hoefe-790x444-1-768x432.jpg 768w, https:\/\/www.tui.com\/blog\/wp-content\/uploads\/2018\/07\/luebeck-hoefe-790x444-1-390x220.jpg 390w\" sizes=\"(max-width: 790px) 100vw, 790px\" \/><\/figure>\n<\/figure>\n\n\n\n<h2 class=\"wp-block-heading\">Kulturell und kulinarisch unterwegs in L\u00fcbeck<\/h2>\n\n\n\n<p>Ich liebe es Menschen zu unterst\u00fctzen, die mit viel Hingabe individuelle Caf\u00e9s und kleine Restaurants f\u00fchren oder auf andere Weise ihren pers\u00f6nlichen Lebenstraum in die Realit\u00e4t umgesetzt haben. Ob Caf\u00e9, Boutique oder Theater &#8211; in L\u00fcbeck gibt es zahlreiche Gelegenheiten, abseits des Mainstream eine gute Zeit zu verbringen!<\/p>\n\n\n\n<figure class=\"wp-block-gallery has-nested-images columns-3 is-cropped wp-block-gallery-3 is-layout-flex wp-block-gallery-is-layout-flex\">\n<figure class=\"wp-block-image size-large\"><img decoding=\"async\" width=\"1000\" height=\"563\" data-id=\"167198\" src=\"https:\/\/www.tui.com\/blog\/wp-content\/uploads\/2023\/04\/luebeck-zaubertheater-1000x563.jpg\" alt=\"Gro\u00dfe Zauberkunst in famili\u00e4rem Ambiente gibt es im Zaubertheater L\u00fcbeck.\" class=\"wp-image-167198\" srcset=\"https:\/\/www.tui.com\/blog\/wp-content\/uploads\/2023\/04\/luebeck-zaubertheater-1000x563.jpg 1000w, https:\/\/www.tui.com\/blog\/wp-content\/uploads\/2023\/04\/luebeck-zaubertheater-790x444.jpg 790w, https:\/\/www.tui.com\/blog\/wp-content\/uploads\/2023\/04\/luebeck-zaubertheater-320x180.jpg 320w, https:\/\/www.tui.com\/blog\/wp-content\/uploads\/2023\/04\/luebeck-zaubertheater-768x432.jpg 768w, https:\/\/www.tui.com\/blog\/wp-content\/uploads\/2023\/04\/luebeck-zaubertheater.jpg 1400w\" sizes=\"(max-width: 1000px) 100vw, 1000px\" \/><\/figure>\n\n\n\n<figure class=\"wp-block-image size-large\"><img decoding=\"async\" width=\"1000\" height=\"563\" data-id=\"167200\" src=\"https:\/\/www.tui.com\/blog\/wp-content\/uploads\/2023\/04\/luebeck-zaubertheater-buehne-1000x563.jpg\" alt=\"Illusionen hautnah: Es passen maximal 20 Personen in das Zaubertheater - gro\u00dfartig \u00fcbrigens auch f\u00fcr Kinder!\" class=\"wp-image-167200\" srcset=\"https:\/\/www.tui.com\/blog\/wp-content\/uploads\/2023\/04\/luebeck-zaubertheater-buehne-1000x563.jpg 1000w, https:\/\/www.tui.com\/blog\/wp-content\/uploads\/2023\/04\/luebeck-zaubertheater-buehne-790x444.jpg 790w, https:\/\/www.tui.com\/blog\/wp-content\/uploads\/2023\/04\/luebeck-zaubertheater-buehne-320x180.jpg 320w, https:\/\/www.tui.com\/blog\/wp-content\/uploads\/2023\/04\/luebeck-zaubertheater-buehne-768x432.jpg 768w, https:\/\/www.tui.com\/blog\/wp-content\/uploads\/2023\/04\/luebeck-zaubertheater-buehne.jpg 1400w\" sizes=\"(max-width: 1000px) 100vw, 1000px\" \/><\/figure>\n\n\n\n<figure class=\"wp-block-image size-large\"><img decoding=\"async\" width=\"1000\" height=\"563\" data-id=\"167202\" src=\"https:\/\/www.tui.com\/blog\/wp-content\/uploads\/2023\/04\/luebeck-kaffeehaus-1000x563.jpg\" alt=\"Kaffeegenuss vorm Shopping-Bummel im Kaffee Haus in der H\u00fcxstra\u00dfe.\" class=\"wp-image-167202\" srcset=\"https:\/\/www.tui.com\/blog\/wp-content\/uploads\/2023\/04\/luebeck-kaffeehaus-1000x563.jpg 1000w, https:\/\/www.tui.com\/blog\/wp-content\/uploads\/2023\/04\/luebeck-kaffeehaus-790x444.jpg 790w, https:\/\/www.tui.com\/blog\/wp-content\/uploads\/2023\/04\/luebeck-kaffeehaus-320x180.jpg 320w, https:\/\/www.tui.com\/blog\/wp-content\/uploads\/2023\/04\/luebeck-kaffeehaus-768x432.jpg 768w, https:\/\/www.tui.com\/blog\/wp-content\/uploads\/2023\/04\/luebeck-kaffeehaus.jpg 1400w\" sizes=\"(max-width: 1000px) 100vw, 1000px\" \/><\/figure>\n\n\n\n<figure class=\"wp-block-image size-large\"><img decoding=\"async\" width=\"1000\" height=\"563\" data-id=\"167204\" src=\"https:\/\/www.tui.com\/blog\/wp-content\/uploads\/2023\/04\/luebeck-kartoffelspeicher-1000x563.jpg\" alt=\"Kreative Ofenkartoffelvarianten zu guten Preisen gibt es im Kartoffelspeicher an der Obertrave.\" class=\"wp-image-167204\" srcset=\"https:\/\/www.tui.com\/blog\/wp-content\/uploads\/2023\/04\/luebeck-kartoffelspeicher-1000x563.jpg 1000w, https:\/\/www.tui.com\/blog\/wp-content\/uploads\/2023\/04\/luebeck-kartoffelspeicher-790x444.jpg 790w, https:\/\/www.tui.com\/blog\/wp-content\/uploads\/2023\/04\/luebeck-kartoffelspeicher-320x180.jpg 320w, https:\/\/www.tui.com\/blog\/wp-content\/uploads\/2023\/04\/luebeck-kartoffelspeicher-768x432.jpg 768w, https:\/\/www.tui.com\/blog\/wp-content\/uploads\/2023\/04\/luebeck-kartoffelspeicher.jpg 1400w\" sizes=\"(max-width: 1000px) 100vw, 1000px\" \/><\/figure>\n\n\n\n<figure class=\"wp-block-image size-large\"><img decoding=\"async\" width=\"1000\" height=\"563\" data-id=\"167206\" src=\"https:\/\/www.tui.com\/blog\/wp-content\/uploads\/2023\/04\/luebeck-marzipanspeicher-1000x563.jpg\" alt=\"Da geht in L\u00fcbeck kein Weg dran vorbei: Die legend\u00e4re Marzipantorte! Hier die Variante im Marzipanspeicher.\" class=\"wp-image-167206\" srcset=\"https:\/\/www.tui.com\/blog\/wp-content\/uploads\/2023\/04\/luebeck-marzipanspeicher-1000x563.jpg 1000w, https:\/\/www.tui.com\/blog\/wp-content\/uploads\/2023\/04\/luebeck-marzipanspeicher-790x444.jpg 790w, https:\/\/www.tui.com\/blog\/wp-content\/uploads\/2023\/04\/luebeck-marzipanspeicher-320x180.jpg 320w, https:\/\/www.tui.com\/blog\/wp-content\/uploads\/2023\/04\/luebeck-marzipanspeicher-768x432.jpg 768w, https:\/\/www.tui.com\/blog\/wp-content\/uploads\/2023\/04\/luebeck-marzipanspeicher.jpg 1400w\" sizes=\"(max-width: 1000px) 100vw, 1000px\" \/><\/figure>\n\n\n\n<figure class=\"wp-block-image size-large\"><img decoding=\"async\" width=\"1000\" height=\"563\" data-id=\"167208\" src=\"https:\/\/www.tui.com\/blog\/wp-content\/uploads\/2023\/04\/luebeck-fangfrisch-1000x563.jpg\" alt=\"Fischgerichte modern interpretiert: Im &quot;Fangfrisch&quot; sollte auf jeden Fall reserviert werden!\" class=\"wp-image-167208\" srcset=\"https:\/\/www.tui.com\/blog\/wp-content\/uploads\/2023\/04\/luebeck-fangfrisch-1000x563.jpg 1000w, https:\/\/www.tui.com\/blog\/wp-content\/uploads\/2023\/04\/luebeck-fangfrisch-790x444.jpg 790w, https:\/\/www.tui.com\/blog\/wp-content\/uploads\/2023\/04\/luebeck-fangfrisch-320x180.jpg 320w, https:\/\/www.tui.com\/blog\/wp-content\/uploads\/2023\/04\/luebeck-fangfrisch-768x432.jpg 768w, https:\/\/www.tui.com\/blog\/wp-content\/uploads\/2023\/04\/luebeck-fangfrisch.jpg 1400w\" sizes=\"(max-width: 1000px) 100vw, 1000px\" \/><\/figure>\n<\/figure>\n\n\n\n<div id=\"gallery-3\" class=\"inlinegallery-items row\">&nbsp;<\/div>\n","protected":false},"excerpt":{"rendered":"<p>Nicole hat sich aufgemacht, eine der malerischsten St\u00e4dte Deutschlands zu erkunden. Hier findet ihr Tipps und Impressionen f\u00fcr einen gelungenen L\u00fcbeck Kurzurlaub!<\/p>\n","protected":false},"author":75,"featured_media":167186,"comment_status":"open","ping_status":"open","sticky":false,"template":"","format":"standard","meta":{"_acf_changed":false,"footnotes":""},"categories":[4040,4052,4030,4058],"tags":[270,441,153,2476,3187],"class_list":["post-167180","post","type-post","status-publish","format-standard","has-post-thumbnail","hentry","category-archiv-deutschland","category-archiv-reisearten","category-archiv-reiseziele","category-archiv-staedtetrip","tag-deutschland","tag-kurztrip","tag-kurzurlaub","tag-luebeck","tag-staedtereise"],"acf":[],"yoast_head":"<!-- This site is optimized with the Yoast SEO plugin v27.4 - https:\/\/yoast.com\/product\/yoast-seo-wordpress\/ -->\n<title>L\u00fcbeck - malerischer Kurzurlaub in der Stadt der sieben T\u00fcrme - TUI.com Reiseblog \u2600<\/title>\n<meta name=\"robots\" content=\"index, follow, max-snippet:-1, max-image-preview:large, max-video-preview:-1\" \/>\n<link rel=\"canonical\" href=\"https:\/\/www.tui.com\/blog\/luebeck-malerischer-kurzurlaub-in-der-stadt-der-sieben-tuerme\/\" \/>\n<meta property=\"og:locale\" content=\"de_DE\" \/>\n<meta property=\"og:type\" content=\"article\" \/>\n<meta property=\"og:title\" content=\"L\u00fcbeck - malerischer Kurzurlaub in der Stadt der sieben T\u00fcrme - TUI.com Reiseblog \u2600\" \/>\n<meta property=\"og:description\" content=\"Nicole hat sich aufgemacht, eine der malerischsten St\u00e4dte Deutschlands zu erkunden. Hier findet ihr Tipps und Impressionen f\u00fcr einen gelungenen L\u00fcbeck Kurzurlaub!\" \/>\n<meta property=\"og:url\" content=\"https:\/\/www.tui.com\/blog\/luebeck-malerischer-kurzurlaub-in-der-stadt-der-sieben-tuerme\/\" \/>\n<meta property=\"og:site_name\" content=\"TUI.com Reiseblog \u2600\" \/>\n<meta property=\"article:published_time\" content=\"2018-07-04T08:00:20+00:00\" \/>\n<meta property=\"article:modified_time\" content=\"2025-08-21T12:42:50+00:00\" \/>\n<meta property=\"og:image\" content=\"https:\/\/www.tui.com\/blog\/wp-content\/uploads\/2023\/04\/luebeck-holstentor.jpg\" \/>\n\t<meta property=\"og:image:width\" content=\"1400\" \/>\n\t<meta property=\"og:image:height\" content=\"788\" \/>\n\t<meta property=\"og:image:type\" content=\"image\/jpeg\" \/>\n<meta name=\"author\" content=\"TUI Bloggerin Nicole\" \/>\n<meta name=\"twitter:card\" content=\"summary_large_image\" \/>\n<meta name=\"twitter:label1\" content=\"Verfasst von\" \/>\n\t<meta name=\"twitter:data1\" content=\"TUI Bloggerin Nicole\" \/>\n\t<meta name=\"twitter:label2\" content=\"Gesch\u00e4tzte Lesezeit\" \/>\n\t<meta name=\"twitter:data2\" content=\"2\u00a0Minuten\" \/>\n<script type=\"application\/ld+json\" class=\"yoast-schema-graph\">{\"@context\":\"https:\\\/\\\/schema.org\",\"@graph\":[{\"@type\":\"BlogPosting\",\"@id\":\"https:\\\/\\\/www.tui.com\\\/blog\\\/luebeck-malerischer-kurzurlaub-in-der-stadt-der-sieben-tuerme\\\/#article\",\"isPartOf\":{\"@id\":\"https:\\\/\\\/www.tui.com\\\/blog\\\/luebeck-malerischer-kurzurlaub-in-der-stadt-der-sieben-tuerme\\\/\"},\"author\":{\"name\":\"TUI Bloggerin Nicole\",\"@id\":\"https:\\\/\\\/www.tui.com\\\/blog\\\/#\\\/schema\\\/person\\\/555714fb8e03d32cbcec4d33b82df20d\"},\"headline\":\"L\u00fcbeck &#8211; malerischer Kurzurlaub in der Stadt der sieben T\u00fcrme\",\"datePublished\":\"2018-07-04T08:00:20+00:00\",\"dateModified\":\"2025-08-21T12:42:50+00:00\",\"mainEntityOfPage\":{\"@id\":\"https:\\\/\\\/www.tui.com\\\/blog\\\/luebeck-malerischer-kurzurlaub-in-der-stadt-der-sieben-tuerme\\\/\"},\"wordCount\":419,\"commentCount\":2,\"publisher\":{\"@id\":\"https:\\\/\\\/www.tui.com\\\/blog\\\/#organization\"},\"image\":{\"@id\":\"https:\\\/\\\/www.tui.com\\\/blog\\\/luebeck-malerischer-kurzurlaub-in-der-stadt-der-sieben-tuerme\\\/#primaryimage\"},\"thumbnailUrl\":\"https:\\\/\\\/www.tui.com\\\/blog\\\/wp-content\\\/uploads\\\/2023\\\/04\\\/luebeck-holstentor.jpg\",\"keywords\":[\"Deutschland\",\"Kurztrip\",\"Kurzurlaub\",\"L\u00fcbeck\",\"St&#228;dtereise\"],\"articleSection\":[\"Deutschland\",\"Reisearten\",\"Reiseziele\",\"St\u00e4dtetrip\"],\"inLanguage\":\"de\",\"potentialAction\":[{\"@type\":\"CommentAction\",\"name\":\"Comment\",\"target\":[\"https:\\\/\\\/www.tui.com\\\/blog\\\/luebeck-malerischer-kurzurlaub-in-der-stadt-der-sieben-tuerme\\\/#respond\"]}]},{\"@type\":\"WebPage\",\"@id\":\"https:\\\/\\\/www.tui.com\\\/blog\\\/luebeck-malerischer-kurzurlaub-in-der-stadt-der-sieben-tuerme\\\/\",\"url\":\"https:\\\/\\\/www.tui.com\\\/blog\\\/luebeck-malerischer-kurzurlaub-in-der-stadt-der-sieben-tuerme\\\/\",\"name\":\"L\u00fcbeck - malerischer Kurzurlaub in der Stadt der sieben T\u00fcrme - TUI.com Reiseblog \u2600\",\"isPartOf\":{\"@id\":\"https:\\\/\\\/www.tui.com\\\/blog\\\/#website\"},\"primaryImageOfPage\":{\"@id\":\"https:\\\/\\\/www.tui.com\\\/blog\\\/luebeck-malerischer-kurzurlaub-in-der-stadt-der-sieben-tuerme\\\/#primaryimage\"},\"image\":{\"@id\":\"https:\\\/\\\/www.tui.com\\\/blog\\\/luebeck-malerischer-kurzurlaub-in-der-stadt-der-sieben-tuerme\\\/#primaryimage\"},\"thumbnailUrl\":\"https:\\\/\\\/www.tui.com\\\/blog\\\/wp-content\\\/uploads\\\/2023\\\/04\\\/luebeck-holstentor.jpg\",\"datePublished\":\"2018-07-04T08:00:20+00:00\",\"dateModified\":\"2025-08-21T12:42:50+00:00\",\"breadcrumb\":{\"@id\":\"https:\\\/\\\/www.tui.com\\\/blog\\\/luebeck-malerischer-kurzurlaub-in-der-stadt-der-sieben-tuerme\\\/#breadcrumb\"},\"inLanguage\":\"de\",\"potentialAction\":[{\"@type\":\"ReadAction\",\"target\":[\"https:\\\/\\\/www.tui.com\\\/blog\\\/luebeck-malerischer-kurzurlaub-in-der-stadt-der-sieben-tuerme\\\/\"]}]},{\"@type\":\"ImageObject\",\"inLanguage\":\"de\",\"@id\":\"https:\\\/\\\/www.tui.com\\\/blog\\\/luebeck-malerischer-kurzurlaub-in-der-stadt-der-sieben-tuerme\\\/#primaryimage\",\"url\":\"https:\\\/\\\/www.tui.com\\\/blog\\\/wp-content\\\/uploads\\\/2023\\\/04\\\/luebeck-holstentor.jpg\",\"contentUrl\":\"https:\\\/\\\/www.tui.com\\\/blog\\\/wp-content\\\/uploads\\\/2023\\\/04\\\/luebeck-holstentor.jpg\",\"width\":1400,\"height\":788,\"caption\":\"Wahrzeichen von L\u00fcbeck und Eingangstor zur malerischen Altstadtinsel: Das Holstentor\"},{\"@type\":\"BreadcrumbList\",\"@id\":\"https:\\\/\\\/www.tui.com\\\/blog\\\/luebeck-malerischer-kurzurlaub-in-der-stadt-der-sieben-tuerme\\\/#breadcrumb\",\"itemListElement\":[{\"@type\":\"ListItem\",\"position\":1,\"name\":\"Startseite\",\"item\":\"https:\\\/\\\/www.tui.com\\\/blog\\\/\"},{\"@type\":\"ListItem\",\"position\":2,\"name\":\"L\u00fcbeck &#8211; malerischer Kurzurlaub in der Stadt der sieben T\u00fcrme\"}]},{\"@type\":\"WebSite\",\"@id\":\"https:\\\/\\\/www.tui.com\\\/blog\\\/#website\",\"url\":\"https:\\\/\\\/www.tui.com\\\/blog\\\/\",\"name\":\"TUI.com Reiseblog \u2600\",\"description\":\"Abenteuer oder lieber an den Strand? \u2600 Der TUI Reiseblog bietet tolle Infos rund um deine n\u00e4chste Reise \u2708 Komm vorbei und lass dich inspirieren \u221a\",\"publisher\":{\"@id\":\"https:\\\/\\\/www.tui.com\\\/blog\\\/#organization\"},\"potentialAction\":[{\"@type\":\"SearchAction\",\"target\":{\"@type\":\"EntryPoint\",\"urlTemplate\":\"https:\\\/\\\/www.tui.com\\\/blog\\\/?s={search_term_string}\"},\"query-input\":{\"@type\":\"PropertyValueSpecification\",\"valueRequired\":true,\"valueName\":\"search_term_string\"}}],\"inLanguage\":\"de\"},{\"@type\":\"Organization\",\"@id\":\"https:\\\/\\\/www.tui.com\\\/blog\\\/#organization\",\"name\":\"TUI.com Reiseblog \u2600\",\"url\":\"https:\\\/\\\/www.tui.com\\\/blog\\\/\",\"logo\":{\"@type\":\"ImageObject\",\"inLanguage\":\"de\",\"@id\":\"https:\\\/\\\/www.tui.com\\\/blog\\\/#\\\/schema\\\/logo\\\/image\\\/\",\"url\":\"https:\\\/\\\/www.tui.com\\\/blog\\\/wp-content\\\/uploads\\\/2023\\\/04\\\/cropped-tui-logo-3.png\",\"contentUrl\":\"https:\\\/\\\/www.tui.com\\\/blog\\\/wp-content\\\/uploads\\\/2023\\\/04\\\/cropped-tui-logo-3.png\",\"width\":164,\"height\":72,\"caption\":\"TUI.com Reiseblog \u2600\"},\"image\":{\"@id\":\"https:\\\/\\\/www.tui.com\\\/blog\\\/#\\\/schema\\\/logo\\\/image\\\/\"}},{\"@type\":\"Person\",\"@id\":\"https:\\\/\\\/www.tui.com\\\/blog\\\/#\\\/schema\\\/person\\\/555714fb8e03d32cbcec4d33b82df20d\",\"name\":\"TUI Bloggerin Nicole\",\"image\":{\"@type\":\"ImageObject\",\"inLanguage\":\"de\",\"@id\":\"https:\\\/\\\/www.tui.com\\\/blog\\\/wp-content\\\/uploads\\\/2017\\\/10\\\/nicole-profilbild-200x200-200x180.jpg\",\"url\":\"https:\\\/\\\/www.tui.com\\\/blog\\\/wp-content\\\/uploads\\\/2017\\\/10\\\/nicole-profilbild-200x200-200x180.jpg\",\"contentUrl\":\"https:\\\/\\\/www.tui.com\\\/blog\\\/wp-content\\\/uploads\\\/2017\\\/10\\\/nicole-profilbild-200x200-200x180.jpg\",\"caption\":\"TUI Bloggerin Nicole\"},\"url\":\"https:\\\/\\\/www.tui.com\\\/blog\\\/author\\\/nicole\\\/\"}]}<\/script>\n<!-- \/ Yoast SEO plugin. -->","yoast_head_json":{"title":"L\u00fcbeck - malerischer Kurzurlaub in der Stadt der sieben T\u00fcrme - TUI.com Reiseblog \u2600","robots":{"index":"index","follow":"follow","max-snippet":"max-snippet:-1","max-image-preview":"max-image-preview:large","max-video-preview":"max-video-preview:-1"},"canonical":"https:\/\/www.tui.com\/blog\/luebeck-malerischer-kurzurlaub-in-der-stadt-der-sieben-tuerme\/","og_locale":"de_DE","og_type":"article","og_title":"L\u00fcbeck - malerischer Kurzurlaub in der Stadt der sieben T\u00fcrme - TUI.com Reiseblog \u2600","og_description":"Nicole hat sich aufgemacht, eine der malerischsten St\u00e4dte Deutschlands zu erkunden. Hier findet ihr Tipps und Impressionen f\u00fcr einen gelungenen L\u00fcbeck Kurzurlaub!","og_url":"https:\/\/www.tui.com\/blog\/luebeck-malerischer-kurzurlaub-in-der-stadt-der-sieben-tuerme\/","og_site_name":"TUI.com Reiseblog \u2600","article_published_time":"2018-07-04T08:00:20+00:00","article_modified_time":"2025-08-21T12:42:50+00:00","og_image":[{"width":1400,"height":788,"url":"https:\/\/www.tui.com\/blog\/wp-content\/uploads\/2023\/04\/luebeck-holstentor.jpg","type":"image\/jpeg"}],"author":"TUI Bloggerin Nicole","twitter_card":"summary_large_image","twitter_misc":{"Verfasst von":"TUI Bloggerin Nicole","Gesch\u00e4tzte Lesezeit":"2\u00a0Minuten"},"schema":{"@context":"https:\/\/schema.org","@graph":[{"@type":"BlogPosting","@id":"https:\/\/www.tui.com\/blog\/luebeck-malerischer-kurzurlaub-in-der-stadt-der-sieben-tuerme\/#article","isPartOf":{"@id":"https:\/\/www.tui.com\/blog\/luebeck-malerischer-kurzurlaub-in-der-stadt-der-sieben-tuerme\/"},"author":{"name":"TUI Bloggerin Nicole","@id":"https:\/\/www.tui.com\/blog\/#\/schema\/person\/555714fb8e03d32cbcec4d33b82df20d"},"headline":"L\u00fcbeck &#8211; malerischer Kurzurlaub in der Stadt der sieben T\u00fcrme","datePublished":"2018-07-04T08:00:20+00:00","dateModified":"2025-08-21T12:42:50+00:00","mainEntityOfPage":{"@id":"https:\/\/www.tui.com\/blog\/luebeck-malerischer-kurzurlaub-in-der-stadt-der-sieben-tuerme\/"},"wordCount":419,"commentCount":2,"publisher":{"@id":"https:\/\/www.tui.com\/blog\/#organization"},"image":{"@id":"https:\/\/www.tui.com\/blog\/luebeck-malerischer-kurzurlaub-in-der-stadt-der-sieben-tuerme\/#primaryimage"},"thumbnailUrl":"https:\/\/www.tui.com\/blog\/wp-content\/uploads\/2023\/04\/luebeck-holstentor.jpg","keywords":["Deutschland","Kurztrip","Kurzurlaub","L\u00fcbeck","St&#228;dtereise"],"articleSection":["Deutschland","Reisearten","Reiseziele","St\u00e4dtetrip"],"inLanguage":"de","potentialAction":[{"@type":"CommentAction","name":"Comment","target":["https:\/\/www.tui.com\/blog\/luebeck-malerischer-kurzurlaub-in-der-stadt-der-sieben-tuerme\/#respond"]}]},{"@type":"WebPage","@id":"https:\/\/www.tui.com\/blog\/luebeck-malerischer-kurzurlaub-in-der-stadt-der-sieben-tuerme\/","url":"https:\/\/www.tui.com\/blog\/luebeck-malerischer-kurzurlaub-in-der-stadt-der-sieben-tuerme\/","name":"L\u00fcbeck - malerischer Kurzurlaub in der Stadt der sieben T\u00fcrme - TUI.com Reiseblog \u2600","isPartOf":{"@id":"https:\/\/www.tui.com\/blog\/#website"},"primaryImageOfPage":{"@id":"https:\/\/www.tui.com\/blog\/luebeck-malerischer-kurzurlaub-in-der-stadt-der-sieben-tuerme\/#primaryimage"},"image":{"@id":"https:\/\/www.tui.com\/blog\/luebeck-malerischer-kurzurlaub-in-der-stadt-der-sieben-tuerme\/#primaryimage"},"thumbnailUrl":"https:\/\/www.tui.com\/blog\/wp-content\/uploads\/2023\/04\/luebeck-holstentor.jpg","datePublished":"2018-07-04T08:00:20+00:00","dateModified":"2025-08-21T12:42:50+00:00","breadcrumb":{"@id":"https:\/\/www.tui.com\/blog\/luebeck-malerischer-kurzurlaub-in-der-stadt-der-sieben-tuerme\/#breadcrumb"},"inLanguage":"de","potentialAction":[{"@type":"ReadAction","target":["https:\/\/www.tui.com\/blog\/luebeck-malerischer-kurzurlaub-in-der-stadt-der-sieben-tuerme\/"]}]},{"@type":"ImageObject","inLanguage":"de","@id":"https:\/\/www.tui.com\/blog\/luebeck-malerischer-kurzurlaub-in-der-stadt-der-sieben-tuerme\/#primaryimage","url":"https:\/\/www.tui.com\/blog\/wp-content\/uploads\/2023\/04\/luebeck-holstentor.jpg","contentUrl":"https:\/\/www.tui.com\/blog\/wp-content\/uploads\/2023\/04\/luebeck-holstentor.jpg","width":1400,"height":788,"caption":"Wahrzeichen von L\u00fcbeck und Eingangstor zur malerischen Altstadtinsel: Das Holstentor"},{"@type":"BreadcrumbList","@id":"https:\/\/www.tui.com\/blog\/luebeck-malerischer-kurzurlaub-in-der-stadt-der-sieben-tuerme\/#breadcrumb","itemListElement":[{"@type":"ListItem","position":1,"name":"Startseite","item":"https:\/\/www.tui.com\/blog\/"},{"@type":"ListItem","position":2,"name":"L\u00fcbeck &#8211; malerischer Kurzurlaub in der Stadt der sieben T\u00fcrme"}]},{"@type":"WebSite","@id":"https:\/\/www.tui.com\/blog\/#website","url":"https:\/\/www.tui.com\/blog\/","name":"TUI.com Reiseblog \u2600","description":"Abenteuer oder lieber an den Strand? \u2600 Der TUI Reiseblog bietet tolle Infos rund um deine n\u00e4chste Reise \u2708 Komm vorbei und lass dich inspirieren \u221a","publisher":{"@id":"https:\/\/www.tui.com\/blog\/#organization"},"potentialAction":[{"@type":"SearchAction","target":{"@type":"EntryPoint","urlTemplate":"https:\/\/www.tui.com\/blog\/?s={search_term_string}"},"query-input":{"@type":"PropertyValueSpecification","valueRequired":true,"valueName":"search_term_string"}}],"inLanguage":"de"},{"@type":"Organization","@id":"https:\/\/www.tui.com\/blog\/#organization","name":"TUI.com Reiseblog \u2600","url":"https:\/\/www.tui.com\/blog\/","logo":{"@type":"ImageObject","inLanguage":"de","@id":"https:\/\/www.tui.com\/blog\/#\/schema\/logo\/image\/","url":"https:\/\/www.tui.com\/blog\/wp-content\/uploads\/2023\/04\/cropped-tui-logo-3.png","contentUrl":"https:\/\/www.tui.com\/blog\/wp-content\/uploads\/2023\/04\/cropped-tui-logo-3.png","width":164,"height":72,"caption":"TUI.com Reiseblog \u2600"},"image":{"@id":"https:\/\/www.tui.com\/blog\/#\/schema\/logo\/image\/"}},{"@type":"Person","@id":"https:\/\/www.tui.com\/blog\/#\/schema\/person\/555714fb8e03d32cbcec4d33b82df20d","name":"TUI Bloggerin Nicole","image":{"@type":"ImageObject","inLanguage":"de","@id":"https:\/\/www.tui.com\/blog\/wp-content\/uploads\/2017\/10\/nicole-profilbild-200x200-200x180.jpg","url":"https:\/\/www.tui.com\/blog\/wp-content\/uploads\/2017\/10\/nicole-profilbild-200x200-200x180.jpg","contentUrl":"https:\/\/www.tui.com\/blog\/wp-content\/uploads\/2017\/10\/nicole-profilbild-200x200-200x180.jpg","caption":"TUI Bloggerin Nicole"},"url":"https:\/\/www.tui.com\/blog\/author\/nicole\/"}]}},"_links":{"self":[{"href":"https:\/\/www.tui.com\/blog\/wp-json\/wp\/v2\/posts\/167180","targetHints":{"allow":["GET"]}}],"collection":[{"href":"https:\/\/www.tui.com\/blog\/wp-json\/wp\/v2\/posts"}],"about":[{"href":"https:\/\/www.tui.com\/blog\/wp-json\/wp\/v2\/types\/post"}],"author":[{"embeddable":true,"href":"https:\/\/www.tui.com\/blog\/wp-json\/wp\/v2\/users\/75"}],"replies":[{"embeddable":true,"href":"https:\/\/www.tui.com\/blog\/wp-json\/wp\/v2\/comments?post=167180"}],"version-history":[{"count":9,"href":"https:\/\/www.tui.com\/blog\/wp-json\/wp\/v2\/posts\/167180\/revisions"}],"predecessor-version":[{"id":482996,"href":"https:\/\/www.tui.com\/blog\/wp-json\/wp\/v2\/posts\/167180\/revisions\/482996"}],"wp:featuredmedia":[{"embeddable":true,"href":"https:\/\/www.tui.com\/blog\/wp-json\/wp\/v2\/media\/167186"}],"wp:attachment":[{"href":"https:\/\/www.tui.com\/blog\/wp-json\/wp\/v2\/media?parent=167180"}],"wp:term":[{"taxonomy":"category","embeddable":true,"href":"https:\/\/www.tui.com\/blog\/wp-json\/wp\/v2\/categories?post=167180"},{"taxonomy":"post_tag","embeddable":true,"href":"https:\/\/www.tui.com\/blog\/wp-json\/wp\/v2\/tags?post=167180"}],"curies":[{"name":"wp","href":"https:\/\/api.w.org\/{rel}","templated":true}]}}