{"id":173042,"date":"2019-02-22T11:08:33","date_gmt":"2019-02-22T10:08:33","guid":{"rendered":"https:\/\/blog.tui.info\/8-tage-5-welten-1-traumurlaub-7-gruende-fuer-eine-kapverden-rundreise\/"},"modified":"2025-07-22T13:11:51","modified_gmt":"2025-07-22T11:11:51","slug":"8-tage-5-welten-1-traumurlaub-7-gruende-fuer-eine-kapverden-rundreise","status":"publish","type":"post","link":"https:\/\/www.tui.com\/blog\/8-tage-5-welten-1-traumurlaub-7-gruende-fuer-eine-kapverden-rundreise\/","title":{"rendered":"8 Tage, 5 Welten, 1 Traumurlaub: 7 Gr\u00fcnde f\u00fcr eine Kapverden-Rundreise"},"content":{"rendered":"\n<p class=\"firstTextGrey\">Die sch\u00f6nste Rechnung in Sachen Reisen im Winter? 8 Tage plus 5 Inseln ergibt einen Traumurlaub! Wer dieses Jahr das perfekte Ziel f\u00fcr eine Winterflucht ins Warme sucht, sollte auf die Kapverden reisen und die magische Inselwelt vor der westafrikanischen K\u00fcste erkunden. So hat es auch unsere Bloggerin und freie Reisejournalistin Jasmin Kreulitsch vom Reiseblog <a href=\"https:\/\/kosmopoetin.com\/\">kosmopoetin.com<\/a> gemacht. Hier verr\u00e4t sie euch, warum sich eine Kapverden Rundreise unbedingt lohnt.<\/p>\n\n\n\n<h2 class=\"wp-block-heading\">7 Gr\u00fcnde f\u00fcr eine Kapverden-Rundreise<\/h2>\n\n\n\n<figure class=\"wp-block-image alignnone\"><img decoding=\"async\" width=\"1400\" height=\"788\" src=\"https:\/\/www.tui.com\/blog\/wp-content\/uploads\/2023\/04\/kapverden-sommer-warm.jpg\" alt=\"In ca. 6 Stunden seid ihr auf den Kapverden und k\u00f6nnt Sonne satt genie\u00dfen\" class=\"wp-image-43440\"\/><figcaption class=\"wp-element-caption\">In ca. 6 Stunden seid ihr auf den Kapverden und k\u00f6nnt Sonne satt genie\u00dfen<\/figcaption><\/figure>\n\n\n\n<h2 class=\"wp-block-heading\"><strong>1. Weil es Spa\u00df macht, auf mehreren Inseln Urlaub zu machen als nur auf einer <\/strong><\/h2>\n\n\n\n<p>Ob in Griechenland oder Thailand: Plant man seinen Urlaub in einem Land, das mit unz\u00e4hligen Inseln verzaubert, f\u00e4llt die Entscheidung f\u00fcr eine oft schwer. Warum also w\u00e4hlen? Insel-Hopping ist die L\u00f6sung: Hier bereist ihr gleich mehrere Inseln und lernt so Land und Leute viel besser kennen. Denn klar ist, dass niemals eine Insel wie eine andere ist. Das zeigt sich auch bei einem Urlaub auf den <a href=\"https:\/\/www.tui.com\/pauschalreisen\/kap-verde\/\">Kapverden<\/a>.<\/p>\n\n\n\n<figure class=\"wp-block-image alignnone\"><img decoding=\"async\" width=\"1400\" height=\"789\" src=\"https:\/\/www.tui.com\/blog\/wp-content\/uploads\/2023\/04\/kapverden-rundreise-Jasmin-Kreulitsch.jpg\" alt=\"TUI Bloggerin Jasmin Kreulitsch war auf den Kapverden unterwegs und hat euch so einige Tipps mitgebracht.\" class=\"wp-image-47439\"\/><figcaption class=\"wp-element-caption\">TUI Bloggerin Jasmin Kreulitsch war auf den Kapverden unterwegs und hat euch so einige Tipps mitgebracht. (Credit: Jasmin Kreulitsch)<\/figcaption><\/figure>\n\n\n\n<p>Die Inselgruppe liegt etwa 570 Kilometer vor der afrikanischen Westk\u00fcste und <strong>besteht aus 15 Inseln<\/strong>, von denen neun bewohnt sind. Rund 500.000 Einwohner leben auf einer Fl\u00e4che von nur 4.033&nbsp;km\u00b2. Damit gelten die Kapverden als eines der kleinsten L\u00e4nder der Welt. Hier gilt jedoch das Motto: Klein, aber oho! Denn die 15 Inseln sind alle unterschiedlich. Jede hat einen ganz eigenen Zauber \u2013 den man bei einer Kapverden-Rundreise prima kennenlernen kann.<\/p>\n\n\n\n<p>\u25ba <a href=\"https:\/\/www.tui.com\/blog\/unbekanntes-reiseziel-kapverden-tipps-fuer-euren-urlaub-im-inselparadies\/\">TUI Bloggerin Yasemin zeigt euch, wie sich die einzelnen Kapverden Inseln voneinander unterscheiden<\/a><\/p>\n\n\n\n<h2 class=\"wp-block-heading\"><strong>2. Weil die Kapverden ein Geheimtipp sind \u2013 und die Inseln f\u00fcr ein authentisches Urlaubserlebnis sorgen<\/strong><\/h2>\n\n\n\n<p>Wer sich f\u00fcr die Kapverdischen Inseln als Urlaubsziel entscheidet, wird schnell merken:<\/p>\n\n\n\n<p class=\"quote\">Anders als beim Insel-Hopping in Griechenland gibt es hier noch keine Touristenmassen.<\/p>\n\n\n\n<figure class=\"wp-block-image alignnone\"><img decoding=\"async\" width=\"1400\" height=\"788\" src=\"https:\/\/www.tui.com\/blog\/wp-content\/uploads\/2023\/04\/palmen-insel-boa-vista-jasmin-kreulitsch.jpg\" alt=\"Kokosn\u00fcsse, Palmen, Strand: Diese traumhaft sch\u00f6ne Aussicht genie\u00dfen Urlauber im Hotel \u201eRIU Touareg\u201c auf der Insel Boa Vista.\" class=\"wp-image-47426\"\/><figcaption class=\"wp-element-caption\">Kokosn\u00fcsse, Palmen, Strand: Diese traumhaft sch\u00f6ne Aussicht genie\u00dfen Urlauber im Hotel \u201eRIU Touareg\u201c auf der Insel Boa Vista. (Credit: Jasmin Kreulitsch)<\/figcaption><\/figure>\n\n\n\n<figure class=\"wp-block-image alignnone\"><img decoding=\"async\" width=\"1400\" height=\"788\" src=\"https:\/\/www.tui.com\/blog\/wp-content\/uploads\/2023\/04\/strandspaziergang-kapverden-Jasmin-Kreulitsch.jpg\" alt=\"Jasmin beim Strandspaziergang auf den Kapverden.\" class=\"wp-image-47424\"\/><figcaption class=\"wp-element-caption\">Jasmin beim Strandspaziergang auf den Kapverden. (Credit: Jasmin Kreulitsch)<\/figcaption><\/figure>\n\n\n\n<p><a href=\"https:\/\/www.tui.com\/pauschalreisen\/kap-verde\/sal\/\">Sal<\/a> und <a href=\"https:\/\/www.tui.com\/pauschalreisen\/kap-verde\/boa-vista\/\">Boa Vista<\/a> sind am meisten touristisch erschlossen und haben viele spannende Hotels f\u00fcr Urlauber im Angebot. Von hier aus k\u00f6nnt ihr auch ganz einfach die weniger erschlossenen Inseln der Kapverden ansteuern: Es dauert nur rund 40 Flugminuten, bis ihr beispielsweise die Nachbarinseln Santiago, Santo Ant\u00e3o oder S\u00e3o Vicente erreicht und wieder in eine v\u00f6llig neue Welt eintaucht.<\/p>\n\n\n\n<h2 class=\"wp-block-heading\"><strong>3. Weil es auf allen Kapverdischen Inseln die sch\u00f6nsten Sandstr\u00e4nde gibt<\/strong><\/h2>\n\n\n\n<p>Im Traumurlaub gibt es eine Sache, die Urlauber am liebsten haben: malerisch sch\u00f6ne Str\u00e4nde. Auf den Kapverden ist das \u00fcberall Programm! Reist ihr rund um die Kapverdischen Inseln, findet ihr auf jeder Insel viele Str\u00e4nde, die aus dem Bilderbuch stammen k\u00f6nnten. Bei den meisten Ausfl\u00fcgen sind auch genug Badestunden eingeplant.<\/p>\n\n\n\n<p class=\"quote\">Der sch\u00f6nste Strand aller Kapverdischen Inseln befindet sich auf Boa Vista, der drittgr\u00f6\u00dften Insel der Kapverden.<\/p>\n\n\n\n<figure class=\"wp-block-image alignnone\"><img decoding=\"async\" width=\"1400\" height=\"789\" src=\"https:\/\/www.tui.com\/blog\/wp-content\/uploads\/2023\/04\/kapverden-rundreise-strand-Jasmin-Kreulitsch.jpg\" alt=\"Ein Strand nur f\u00fcr mich allein :)\" class=\"wp-image-47430\"\/><figcaption class=\"wp-element-caption\">Ein Strand nur f\u00fcr mich allein \ud83d\ude42 (Credit: Jasmin Kreulitsch)<\/figcaption><\/figure>\n\n\n\n<figure class=\"wp-block-image alignnone\"><img decoding=\"async\" width=\"1400\" height=\"789\" src=\"https:\/\/www.tui.com\/blog\/wp-content\/uploads\/2023\/04\/kapverdische-inseln-wellen-Jasmin-Kreulitsch.jpg\" alt=\"Was f\u00fcr Wellen!\" class=\"wp-image-47425\"\/><figcaption class=\"wp-element-caption\">Was f\u00fcr Wellen! (Credit: Jasmin Kreulitsch)<\/figcaption><\/figure>\n\n\n\n<blockquote class=\"wp-block-quote right is-layout-flow wp-block-quote-is-layout-flow\">\n<h3 class=\"wp-block-heading\">TUI HOTELTIPP: TUI BLUE CABO VERDE<\/h3>\n\n\n\n<figure class=\"wp-block-image\"><img decoding=\"async\" width=\"1400\" height=\"788\" src=\"https:\/\/www.tui.com\/blog\/wp-content\/uploads\/2023\/04\/tui-sensimar-cabo-verde-resort-und-spa.jpg\" alt=\"TUI SENSIMAR Cabo Verde Resort &amp; Spa\" class=\"wp-image-40946\"\/><\/figure>\n\n\n\n<p><\/p>\n\n\n\n<p>Im TUI BLUE Cabo Verde auf der Insel Sal sind besondere Wohlf\u00fchlmomente f\u00fcr Paare ab 18 Jahren garantiert. In dem 5-Sterne Hotel k\u00f6nnt ihr euch auf einen 1300 qm\u00b2 gro\u00dfen Wellnessbereich, erste Strandlage und eine frische, kreative K\u00fcche freuen.<\/p>\n\n\n\n<p><strong>\u25ba<\/strong> <a href=\"https:\/\/www.tui.com\/hotels\/tui-blue-cabo-verde-546315\/hotelinformation\/\" target=\"_blank\" rel=\"noopener noreferrer\">Mehr Infos zum Hotel<\/a><\/p>\n<\/blockquote>\n\n\n\n<p>Insgesamt warten hier 55 Kilometer Strand auf Urlauber, im S\u00fcden ist besagter sch\u00f6nste Strand der Inselgruppe: <strong>Der Praia de Santa Monica ist 18 Kilometer lang und touristisch (noch) kaum erschlossen.<\/strong> Wer hierher kommt, kann stundenlang alleine \u00fcber den feinen Sand spazieren, ohne einem Menschen zu begegnen.<\/p>\n\n\n\n<p>Dazu kommt ein riesengro\u00dfer Vorteil f\u00fcr Urlauber, die jetzt die Kapverden ansteuern: Ein britischer Milliad\u00e4r hat unl\u00e4ngst 15 Kilometer der K\u00fcste gekauft und steht in Verhandlungen mit gro\u00dfen Hotelketten. In sp\u00e4testens f\u00fcnf Jahren wird hier eine k\u00fcnstliche Touristenstadt stehen, daher haben Sonnenanbeter jetzt die Chance, Boa Vista und vor allem den Praia de Santa Monica in seiner urspr\u00fcnglichen Sch\u00f6nheit kennenzulernen.<\/p>\n\n\n\n<h2 class=\"wp-block-heading\"><strong>4. Weil die Kapverdischen Inseln so unterschiedlich und vielf\u00e4ltig sind<\/strong><\/h2>\n\n\n\n<p class=\"quote\">Die 15 Inseln der Kapverden wirken wie 15 kleine Welten \u2013 und treffen mit ihrer Diversit\u00e4t den Geschmack von allen Urlaubstypen.<\/p>\n\n\n\n<p>Sal und Boa Vista wirken auf den ersten Blick mit ihrer von der Sonne verbrannten Erde, menschenleeren Steinw\u00fcsten, erodierten Vulkanschloten und r\u00f6tlichen Salzwiesen ein wenig karg, doch der Schein tr\u00fcgt: Es ist gerade das Image der \u201eW\u00fcsteninseln\u201c, das die beiden Inseln so besonders macht. Dazu kommt, dass hier f\u00fcr Touristen am meisten los ist. Vor allem in den Stra\u00dfen der Inselhauptst\u00e4dte Sal Rei und Espargos taucht man in den kapverdischen Alltag ein und bummelt durch Souvenirgesch\u00e4fte und Mini-Mercados.<\/p>\n\n\n\n<p>\u25ba <a href=\"https:\/\/www.tui.com\/blog\/4-highlights-in-4-stunden-sightseeing-auf-der-kapverdischen-insel-sal\/\">TUI Bloggerin Janine berichtet euch von 4 Highlights in 4 Stunden: Sightseeing auf der Kapverdischen Insel Sal<\/a><\/p>\n\n\n\n<figure class=\"wp-block-image alignnone\"><img decoding=\"async\" src=\"https:\/\/www.tui.com\/blog\/wp-content\/uploads\/2023\/04\/wuesteninseln-sal-boa-vista-kapverden-Jasmin-Kreulitsch.jpg\" alt=\"Die Inseln Sal und Boa Vista werden auch als &quot;W\u00fcsteninseln&quot; bezeichnet.\" class=\"wp-image-47427\"\/><figcaption class=\"wp-element-caption\">Die Inseln Sal und Boa Vista werden auch als &#8222;W\u00fcsteninseln&#8220; bezeichnet. (Credit: Jasmin Kreulitsch)<\/figcaption><\/figure>\n\n\n\n<p>Ganz anders ist das Leben auf <strong>Santo Ant\u00e3o<\/strong>, der gebirgigsten und gr\u00fcnsten Insel der Kapverden &#8211; und damit auch ein beliebtes Wanderziel. Vor allem der Norden und Osten sind hier malerisch: Dank des subtropisches Klimas staunen Urlauber hier \u00fcber \u00fcppig wachsende Fichten- und Kiefernw\u00e4ldern, \u00fcber Dattel- und Kokospalmen bis hin zu Mango- und Affenbrotb\u00e4umen, Zitrus-, Mandel-, Papaya- und Orangenb\u00e4umen.<\/p>\n\n\n\n<p>Die ordentliche Dosis Kultur lernt ihr dann auf der Insel Santiago kennen: Hier sind die afrikanischen Traditionen st\u00e4rker sp\u00fcrbar als auf den anderen Inseln. Das merkt man vor allem in Cidade Velha, der \u00e4ltesten Stadt der Kapverden. Die Geschichte der Stadt geht zur\u00fcck bis ins 15. Jahrhundert, als sie von Portugiesen errichtet wurde; Christoph Columbus und Vasco da Gama legten hier auf ihren Entdeckungsreisen an.<\/p>\n\n\n\n<h2 class=\"wp-block-heading\"><strong>5. Weil man auf der einen Insel baden, auf der anderen wandern und auf der n\u00e4chsten Kultur erleben kann<\/strong><\/h2>\n\n\n\n<p>Wer im Urlaub nicht nur am Strand in der Sonne liegen m\u00f6chte, freut sich nach ein paar Strandtagen auf Sal oder Boa Vista \u00fcber einen Abstecher auf die Insel Santo Ant\u00e3o. Die Insel beeindruckt mit zerkl\u00fcfteten Gipfeln, schwindelerregenden Schluchten und tropischer Vegetation. Hier kommen Wanderer nicht aus dem Staunen heraus, wenn sie durch die reiche und vielf\u00e4ltige Vegetation spazieren. Vor allem ein Ausflug ins <strong>Ribeira Grande-Tal<\/strong> ist lohnenswert: Die Berge erstrecken sich bis zum Cova Krater hoch, der inmitten von steilen Felsen 1.000 Meter \u00fcber dem Meeresspiegel thront und f\u00fcr eine atemberaubende Aussicht sorgt.<\/p>\n\n\n\n<figure class=\"wp-block-gallery has-nested-images columns-2 is-cropped wp-block-gallery-1 is-layout-flex wp-block-gallery-is-layout-flex\">\n<figure class=\"wp-block-image size-large\"><img decoding=\"async\" width=\"1000\" height=\"563\" data-id=\"173044\" src=\"https:\/\/www.tui.com\/blog\/wp-content\/uploads\/2023\/04\/kapverden-rundreise-bluemchen-dof-jasmin-Kreulitsch-1000x563.jpg\" alt=\"Bunt gestrichene H\u00e4user und \u00fcppig wachsende Blumen: In den kapverdischen D\u00f6rfern d\u00fcrft ihr euch auf viele Fotomotive freuen.\" class=\"wp-image-173044\" srcset=\"https:\/\/www.tui.com\/blog\/wp-content\/uploads\/2023\/04\/kapverden-rundreise-bluemchen-dof-jasmin-Kreulitsch-1000x563.jpg 1000w, https:\/\/www.tui.com\/blog\/wp-content\/uploads\/2023\/04\/kapverden-rundreise-bluemchen-dof-jasmin-Kreulitsch-788x444.jpg 788w, https:\/\/www.tui.com\/blog\/wp-content\/uploads\/2023\/04\/kapverden-rundreise-bluemchen-dof-jasmin-Kreulitsch-320x180.jpg 320w, https:\/\/www.tui.com\/blog\/wp-content\/uploads\/2023\/04\/kapverden-rundreise-bluemchen-dof-jasmin-Kreulitsch-768x433.jpg 768w, https:\/\/www.tui.com\/blog\/wp-content\/uploads\/2023\/04\/kapverden-rundreise-bluemchen-dof-jasmin-Kreulitsch.jpg 1400w\" sizes=\"(max-width: 1000px) 100vw, 1000px\" \/><\/figure>\n\n\n\n<figure class=\"wp-block-image size-large\"><img decoding=\"async\" width=\"1000\" height=\"563\" data-id=\"173046\" src=\"https:\/\/www.tui.com\/blog\/wp-content\/uploads\/2023\/04\/kapverden-rundreise-dorf-jasmin-Kreulitsch-1000x563.jpg\" alt=\"In den kapverdischen D\u00f6rfern d\u00fcrft ihr euch auf viele Fotomotive freuen.\" class=\"wp-image-173046\" srcset=\"https:\/\/www.tui.com\/blog\/wp-content\/uploads\/2023\/04\/kapverden-rundreise-dorf-jasmin-Kreulitsch-1000x563.jpg 1000w, https:\/\/www.tui.com\/blog\/wp-content\/uploads\/2023\/04\/kapverden-rundreise-dorf-jasmin-Kreulitsch-790x444.jpg 790w, https:\/\/www.tui.com\/blog\/wp-content\/uploads\/2023\/04\/kapverden-rundreise-dorf-jasmin-Kreulitsch-320x180.jpg 320w, https:\/\/www.tui.com\/blog\/wp-content\/uploads\/2023\/04\/kapverden-rundreise-dorf-jasmin-Kreulitsch-768x432.jpg 768w, https:\/\/www.tui.com\/blog\/wp-content\/uploads\/2023\/04\/kapverden-rundreise-dorf-jasmin-Kreulitsch.jpg 1400w\" sizes=\"(max-width: 1000px) 100vw, 1000px\" \/><\/figure>\n<\/figure>\n\n\n\n<p>Wer jedoch lieber in die Kultur eines Landes eintaucht, als wandern zu gehen, freut sich \u00fcber einen Trip auf die <strong>Insel S\u00e3o Vicente<\/strong>. Mindelo, die zweitgr\u00f6\u00dfte Stadt der Kapverden, gilt als Schmelztiegel der Kulturen und zieht besonders wegen der kapverdischen Musikszene viele Besucher an. Toll ist hier auch ein Ausflug auf den Monte Verde: Auf 750 Meter H\u00f6he habt ihr bei gutem Wetter sogar die Chance, bis zu den unbewohnten Inseln Santa Lucia, Branca und Raso zu blicken \u2013 und hat dann das Insel-Hopping zumindest mit den Augen noch mehr erweitert.<\/p>\n\n\n\n<h2 class=\"wp-block-heading\"><strong>6. Weil man vom Strand direkt in die W\u00fcste fahren kann<\/strong><\/h2>\n\n\n\n<p>Eine W\u00fcste mitten im Traumurlaub ansteuern? Dazu muss man nicht aufs afrikanische Festland in die Sahara reisen! Auf den Kapverden gibt es n\u00e4mlich eine <strong>Mini-Sahara<\/strong>: Die Viana-W\u00fcste befindet sich auf der Insel Boa Vista. Weil der Nordorstpassat stetig weht und den Sand der Sahara rund 500 Kilometer \u00fcber den Atlantik treibt, sind in der W\u00fcste Deserto de Viana Wanderd\u00fcnen entstanden, die als \u201eSahara im Atlantik\u201c bezeichnet werden. Viele organisierte Ausfl\u00fcge, z. B. die \u25ba <a href=\"https:\/\/www.tuimusement.com\/de\/kapverdische-inseln\/boa-vista\/halbtagestour-sudliches-boa-vista-4x4-mit-viana-desert-1\/e_kn0x7-d_4650-c_32\/\" target=\"_blank\" rel=\"noreferrer noopener\">Tour mit einem Gel\u00e4ndewagen<\/a> um \u20ac 43\/Person, f\u00fchren hierher und haben unterschiedliche Programme im Angebot: Wer sich traut, probiert sich im D\u00fcnensurfen, andere spazieren \u00fcber die weichen Sandh\u00fcgel oder trinken einen Kaffee und staunen im Sitzen \u00fcber die Mini-W\u00fcste der Insel.<\/p>\n\n\n\n<figure class=\"wp-block-image alignnone\"><img decoding=\"async\" width=\"1024\" height=\"768\" src=\"https:\/\/www.tui.com\/blog\/wp-content\/uploads\/2023\/04\/wueste-kapverden.jpg\" alt=\"Die Viana-W\u00fcste erreicht ihr u.a. wenn ihr den TUI Ausflug &quot;Sch\u00e4tze des S\u00fcdens&quot; bucht.\" class=\"wp-image-47436\"\/><figcaption class=\"wp-element-caption\">Die Viana-W\u00fcste erreicht ihr u.a. wenn ihr den TUI Ausflug &#8222;Sch\u00e4tze des S\u00fcdens&#8220; bucht.<\/figcaption><\/figure>\n\n\n\n<h2 class=\"wp-block-heading\"><strong>7. Weil man die Kapverden auch prima vom Wasser aus erkunden kann<\/strong><\/h2>\n\n\n\n<p class=\"quote\">Die Kapverdischen Inseln gelten nicht grundlos als am besten geh\u00fctetes Geheimnis des Atlantiks.<\/p>\n\n\n\n<figure class=\"wp-block-image alignnone\"><img decoding=\"async\" width=\"1400\" height=\"789\" src=\"https:\/\/www.tui.com\/blog\/wp-content\/uploads\/2023\/04\/fischerboot-kapverden-Jasmin-Kreulitsch.jpg\" alt=\"Ob auf einer Yacht, einem Katamaran oder einem Fischerboot: Die Inseln der Kapverden k\u00f6nnt ihr auf verschiedene Arten vom Wasser aus erkunden.\" class=\"wp-image-47434\"\/><figcaption class=\"wp-element-caption\">Ob auf einer Yacht, einem Katamaran oder einem Fischerboot: Die Inseln der Kapverden k\u00f6nnt ihr auf verschiedene Arten vom Wasser aus erkunden. (Credit: Jasmin Kreulitsch)<\/figcaption><\/figure>\n\n\n\n<figure class=\"wp-block-image alignnone\"><img decoding=\"async\" width=\"1400\" height=\"789\" src=\"https:\/\/www.tui.com\/blog\/wp-content\/uploads\/2023\/04\/kapverden-rundreise-bilderbuchmomente-Jasmin-Kreulitsch.jpg\" alt=\"Auf den Kapverden erwarten euch wei\u00dfe Sandstr\u00e4nde &amp; verlassene Buchten.\" class=\"wp-image-47431\"\/><figcaption class=\"wp-element-caption\">Auf den Kapverden erwarten euch wei\u00dfe Sandstr\u00e4nde &amp; verlassene Buchten. (Credit: Jasmin Kreulitsch)<\/figcaption><\/figure>\n\n\n\n<p>Die 15 Inseln schwimmen in den unendlichen Weiten des Atlantiks und sind vor allem vom Wasser aus ein traumhafter Anblick. F\u00fcr Urlauber gibt es unterschiedliche Boots- und Schifftouren, um nicht nur eine Inselwelt auf den Wellen zu erkunden, sondern gleich mehrere. Ob bei einer gebuchten Kapverden-Rundreise, bei der diverse Bootstouren inkludiert sind oder individuell gebuchte Ausfl\u00fcge: Wer es lauter und aktiver mag, geht auf ein Partyboot mit guter Musik und kalten Drinks; wer es lieber ruhiger mag, bucht eine Fahrt auf einer kleinen, intimen Yacht.<\/p>\n\n\n\n<h2 class=\"wp-block-heading\">Ab auf die Kapverden<\/h2>\n\n\n\n<p>\u25ba <a href=\"https:\/\/www.tui.com\/blog\/trendziel-kapverden-wie-die-karibik-nur-naeher\/\">Trendziel Kapverden: Wie die Karibik, nur n\u00e4her<\/a><\/p>\n\n\n\n<p>\u25ba <a href=\"https:\/\/www.tui.com\/pauschalreisen\/kap-verde\/\">Auf TUI.com findet ihr passende Angebote f\u00fcr eure Reise auf die Kapverden<\/a><\/p>\n","protected":false},"excerpt":{"rendered":"<p>Die sch\u00f6nste Rechnung in Sachen Reisen im Winter 2018? 8 Tage plus 5 Inseln ergibt einen Traumurlaub! Wer dieses Jahr das perfekte Ziel f\u00fcr eine Winterflucht ins Warme sucht, sollte auf die Kapverden reisen und die magische Inselwelt vor der westafrikanischen K\u00fcste erkunden.<\/p>\n","protected":false},"author":96,"featured_media":173058,"comment_status":"open","ping_status":"open","sticky":false,"template":"","format":"standard","meta":{"_acf_changed":false,"footnotes":""},"categories":[4066,4052,4030,4050],"tags":[481,2706,1239,634,635,324,638],"class_list":["post-173042","post","type-post","status-publish","format-standard","has-post-thumbnail","hentry","category-archiv-andere-reisearten","category-archiv-reisearten","category-archiv-reiseziele","category-archiv-weitere-beliebte-reiseziele","tag-afrika","tag-boa-vista","tag-inselhopping","tag-kapverden","tag-kapverdische-inseln","tag-rundreise","tag-sal"],"acf":[],"yoast_head":"<!-- This site is optimized with the Yoast SEO plugin v27.4 - https:\/\/yoast.com\/product\/yoast-seo-wordpress\/ -->\n<title>8 Tage, 5 Welten, 1 Traumurlaub: 7 Gr\u00fcnde f\u00fcr eine Kapverden-Rundreise - TUI.com Reiseblog \u2600<\/title>\n<meta name=\"robots\" content=\"index, follow, max-snippet:-1, max-image-preview:large, max-video-preview:-1\" \/>\n<link rel=\"canonical\" href=\"https:\/\/blog.tui.at\/8-tage-5-inseln-1-traumurlaub-7-gruende-fuer-eine-kapverden-rundreise-2\/\" \/>\n<meta property=\"og:locale\" content=\"de_DE\" \/>\n<meta property=\"og:type\" content=\"article\" \/>\n<meta property=\"og:title\" content=\"8 Tage, 5 Welten, 1 Traumurlaub: 7 Gr\u00fcnde f\u00fcr eine Kapverden-Rundreise - TUI.com Reiseblog \u2600\" \/>\n<meta property=\"og:description\" content=\"Die sch\u00f6nste Rechnung in Sachen Reisen im Winter 2018? 8 Tage plus 5 Inseln ergibt einen Traumurlaub! Wer dieses Jahr das perfekte Ziel f\u00fcr eine Winterflucht ins Warme sucht, sollte auf die Kapverden reisen und die magische Inselwelt vor der westafrikanischen K\u00fcste erkunden.\" \/>\n<meta property=\"og:url\" content=\"https:\/\/blog.tui.at\/8-tage-5-inseln-1-traumurlaub-7-gruende-fuer-eine-kapverden-rundreise-2\/\" \/>\n<meta property=\"og:site_name\" content=\"TUI.com Reiseblog \u2600\" \/>\n<meta property=\"article:published_time\" content=\"2019-02-22T10:08:33+00:00\" \/>\n<meta property=\"article:modified_time\" content=\"2025-07-22T11:11:51+00:00\" \/>\n<meta property=\"og:image\" content=\"https:\/\/www.tui.com\/blog\/wp-content\/uploads\/2023\/04\/kapverdische-inseln-wellen-Jasmin-Kreulitsch.jpg\" \/>\n\t<meta property=\"og:image:width\" content=\"1400\" \/>\n\t<meta property=\"og:image:height\" content=\"789\" \/>\n\t<meta property=\"og:image:type\" content=\"image\/jpeg\" \/>\n<meta name=\"author\" content=\"Gastblogger\" \/>\n<meta name=\"twitter:card\" content=\"summary_large_image\" \/>\n<meta name=\"twitter:label1\" content=\"Verfasst von\" \/>\n\t<meta name=\"twitter:data1\" content=\"Gastblogger\" \/>\n\t<meta name=\"twitter:label2\" content=\"Gesch\u00e4tzte Lesezeit\" \/>\n\t<meta name=\"twitter:data2\" content=\"8\u00a0Minuten\" \/>\n<script type=\"application\/ld+json\" class=\"yoast-schema-graph\">{\"@context\":\"https:\\\/\\\/schema.org\",\"@graph\":[{\"@type\":\"BlogPosting\",\"@id\":\"https:\\\/\\\/blog.tui.at\\\/8-tage-5-inseln-1-traumurlaub-7-gruende-fuer-eine-kapverden-rundreise-2\\\/#article\",\"isPartOf\":{\"@id\":\"https:\\\/\\\/www.tui.com\\\/blog\\\/8-tage-5-welten-1-traumurlaub-7-gruende-fuer-eine-kapverden-rundreise\\\/\"},\"author\":{\"name\":\"Gastblogger\",\"@id\":\"https:\\\/\\\/www.tui.com\\\/blog\\\/#\\\/schema\\\/person\\\/11849d667c5a6a039c86ede427ed594c\"},\"headline\":\"8 Tage, 5 Welten, 1 Traumurlaub: 7 Gr\u00fcnde f\u00fcr eine Kapverden-Rundreise\",\"datePublished\":\"2019-02-22T10:08:33+00:00\",\"dateModified\":\"2025-07-22T11:11:51+00:00\",\"mainEntityOfPage\":{\"@id\":\"https:\\\/\\\/www.tui.com\\\/blog\\\/8-tage-5-welten-1-traumurlaub-7-gruende-fuer-eine-kapverden-rundreise\\\/\"},\"wordCount\":1510,\"commentCount\":2,\"publisher\":{\"@id\":\"https:\\\/\\\/www.tui.com\\\/blog\\\/#organization\"},\"image\":{\"@id\":\"https:\\\/\\\/blog.tui.at\\\/8-tage-5-inseln-1-traumurlaub-7-gruende-fuer-eine-kapverden-rundreise-2\\\/#primaryimage\"},\"thumbnailUrl\":\"https:\\\/\\\/www.tui.com\\\/blog\\\/wp-content\\\/uploads\\\/2023\\\/04\\\/kapverdische-inseln-wellen-Jasmin-Kreulitsch.jpg\",\"keywords\":[\"Afrika\",\"Boa Vista\",\"Inselhopping\",\"Kapverden\",\"Kapverdische Inseln\",\"Rundreise\",\"Sal\"],\"articleSection\":[\"Andere Reisearten\",\"Reisearten\",\"Reiseziele\",\"weitere beliebte Reiseziele\"],\"inLanguage\":\"de\",\"potentialAction\":[{\"@type\":\"CommentAction\",\"name\":\"Comment\",\"target\":[\"https:\\\/\\\/blog.tui.at\\\/8-tage-5-inseln-1-traumurlaub-7-gruende-fuer-eine-kapverden-rundreise-2\\\/#respond\"]}]},{\"@type\":\"WebPage\",\"@id\":\"https:\\\/\\\/www.tui.com\\\/blog\\\/8-tage-5-welten-1-traumurlaub-7-gruende-fuer-eine-kapverden-rundreise\\\/\",\"url\":\"https:\\\/\\\/blog.tui.at\\\/8-tage-5-inseln-1-traumurlaub-7-gruende-fuer-eine-kapverden-rundreise-2\\\/\",\"name\":\"8 Tage, 5 Welten, 1 Traumurlaub: 7 Gr\u00fcnde f\u00fcr eine Kapverden-Rundreise - TUI.com Reiseblog \u2600\",\"isPartOf\":{\"@id\":\"https:\\\/\\\/www.tui.com\\\/blog\\\/#website\"},\"primaryImageOfPage\":{\"@id\":\"https:\\\/\\\/blog.tui.at\\\/8-tage-5-inseln-1-traumurlaub-7-gruende-fuer-eine-kapverden-rundreise-2\\\/#primaryimage\"},\"image\":{\"@id\":\"https:\\\/\\\/blog.tui.at\\\/8-tage-5-inseln-1-traumurlaub-7-gruende-fuer-eine-kapverden-rundreise-2\\\/#primaryimage\"},\"thumbnailUrl\":\"https:\\\/\\\/www.tui.com\\\/blog\\\/wp-content\\\/uploads\\\/2023\\\/04\\\/kapverdische-inseln-wellen-Jasmin-Kreulitsch.jpg\",\"datePublished\":\"2019-02-22T10:08:33+00:00\",\"dateModified\":\"2025-07-22T11:11:51+00:00\",\"breadcrumb\":{\"@id\":\"https:\\\/\\\/blog.tui.at\\\/8-tage-5-inseln-1-traumurlaub-7-gruende-fuer-eine-kapverden-rundreise-2\\\/#breadcrumb\"},\"inLanguage\":\"de\",\"potentialAction\":[{\"@type\":\"ReadAction\",\"target\":[\"https:\\\/\\\/blog.tui.at\\\/8-tage-5-inseln-1-traumurlaub-7-gruende-fuer-eine-kapverden-rundreise-2\\\/\"]}]},{\"@type\":\"ImageObject\",\"inLanguage\":\"de\",\"@id\":\"https:\\\/\\\/blog.tui.at\\\/8-tage-5-inseln-1-traumurlaub-7-gruende-fuer-eine-kapverden-rundreise-2\\\/#primaryimage\",\"url\":\"https:\\\/\\\/www.tui.com\\\/blog\\\/wp-content\\\/uploads\\\/2023\\\/04\\\/kapverdische-inseln-wellen-Jasmin-Kreulitsch.jpg\",\"contentUrl\":\"https:\\\/\\\/www.tui.com\\\/blog\\\/wp-content\\\/uploads\\\/2023\\\/04\\\/kapverdische-inseln-wellen-Jasmin-Kreulitsch.jpg\",\"width\":1400,\"height\":789,\"caption\":\"Was f\u00fcr Wellen!\"},{\"@type\":\"BreadcrumbList\",\"@id\":\"https:\\\/\\\/blog.tui.at\\\/8-tage-5-inseln-1-traumurlaub-7-gruende-fuer-eine-kapverden-rundreise-2\\\/#breadcrumb\",\"itemListElement\":[{\"@type\":\"ListItem\",\"position\":1,\"name\":\"Startseite\",\"item\":\"https:\\\/\\\/www.tui.com\\\/blog\\\/\"},{\"@type\":\"ListItem\",\"position\":2,\"name\":\"8 Tage, 5 Welten, 1 Traumurlaub: 7 Gr\u00fcnde f\u00fcr eine Kapverden-Rundreise\"}]},{\"@type\":\"WebSite\",\"@id\":\"https:\\\/\\\/www.tui.com\\\/blog\\\/#website\",\"url\":\"https:\\\/\\\/www.tui.com\\\/blog\\\/\",\"name\":\"TUI.com Reiseblog \u2600\",\"description\":\"Abenteuer oder lieber an den Strand? \u2600 Der TUI Reiseblog bietet tolle Infos rund um deine n\u00e4chste Reise \u2708 Komm vorbei und lass dich inspirieren \u221a\",\"publisher\":{\"@id\":\"https:\\\/\\\/www.tui.com\\\/blog\\\/#organization\"},\"potentialAction\":[{\"@type\":\"SearchAction\",\"target\":{\"@type\":\"EntryPoint\",\"urlTemplate\":\"https:\\\/\\\/www.tui.com\\\/blog\\\/?s={search_term_string}\"},\"query-input\":{\"@type\":\"PropertyValueSpecification\",\"valueRequired\":true,\"valueName\":\"search_term_string\"}}],\"inLanguage\":\"de\"},{\"@type\":\"Organization\",\"@id\":\"https:\\\/\\\/www.tui.com\\\/blog\\\/#organization\",\"name\":\"TUI.com Reiseblog \u2600\",\"url\":\"https:\\\/\\\/www.tui.com\\\/blog\\\/\",\"logo\":{\"@type\":\"ImageObject\",\"inLanguage\":\"de\",\"@id\":\"https:\\\/\\\/www.tui.com\\\/blog\\\/#\\\/schema\\\/logo\\\/image\\\/\",\"url\":\"https:\\\/\\\/www.tui.com\\\/blog\\\/wp-content\\\/uploads\\\/2023\\\/04\\\/cropped-tui-logo-3.png\",\"contentUrl\":\"https:\\\/\\\/www.tui.com\\\/blog\\\/wp-content\\\/uploads\\\/2023\\\/04\\\/cropped-tui-logo-3.png\",\"width\":164,\"height\":72,\"caption\":\"TUI.com Reiseblog \u2600\"},\"image\":{\"@id\":\"https:\\\/\\\/www.tui.com\\\/blog\\\/#\\\/schema\\\/logo\\\/image\\\/\"}},{\"@type\":\"Person\",\"@id\":\"https:\\\/\\\/www.tui.com\\\/blog\\\/#\\\/schema\\\/person\\\/11849d667c5a6a039c86ede427ed594c\",\"name\":\"Gastblogger\",\"image\":{\"@type\":\"ImageObject\",\"inLanguage\":\"de\",\"@id\":\"https:\\\/\\\/www.tui.com\\\/blog\\\/wp-content\\\/uploads\\\/2016\\\/10\\\/Gastblogger-200x180.jpg\",\"url\":\"https:\\\/\\\/www.tui.com\\\/blog\\\/wp-content\\\/uploads\\\/2016\\\/10\\\/Gastblogger-200x180.jpg\",\"contentUrl\":\"https:\\\/\\\/www.tui.com\\\/blog\\\/wp-content\\\/uploads\\\/2016\\\/10\\\/Gastblogger-200x180.jpg\",\"caption\":\"Gastblogger\"},\"url\":\"https:\\\/\\\/www.tui.com\\\/blog\\\/author\\\/gastblogger\\\/\"}]}<\/script>\n<!-- \/ Yoast SEO plugin. -->","yoast_head_json":{"title":"8 Tage, 5 Welten, 1 Traumurlaub: 7 Gr\u00fcnde f\u00fcr eine Kapverden-Rundreise - TUI.com Reiseblog \u2600","robots":{"index":"index","follow":"follow","max-snippet":"max-snippet:-1","max-image-preview":"max-image-preview:large","max-video-preview":"max-video-preview:-1"},"canonical":"https:\/\/blog.tui.at\/8-tage-5-inseln-1-traumurlaub-7-gruende-fuer-eine-kapverden-rundreise-2\/","og_locale":"de_DE","og_type":"article","og_title":"8 Tage, 5 Welten, 1 Traumurlaub: 7 Gr\u00fcnde f\u00fcr eine Kapverden-Rundreise - TUI.com Reiseblog \u2600","og_description":"Die sch\u00f6nste Rechnung in Sachen Reisen im Winter 2018? 8 Tage plus 5 Inseln ergibt einen Traumurlaub! Wer dieses Jahr das perfekte Ziel f\u00fcr eine Winterflucht ins Warme sucht, sollte auf die Kapverden reisen und die magische Inselwelt vor der westafrikanischen K\u00fcste erkunden.","og_url":"https:\/\/blog.tui.at\/8-tage-5-inseln-1-traumurlaub-7-gruende-fuer-eine-kapverden-rundreise-2\/","og_site_name":"TUI.com Reiseblog \u2600","article_published_time":"2019-02-22T10:08:33+00:00","article_modified_time":"2025-07-22T11:11:51+00:00","og_image":[{"width":1400,"height":789,"url":"https:\/\/www.tui.com\/blog\/wp-content\/uploads\/2023\/04\/kapverdische-inseln-wellen-Jasmin-Kreulitsch.jpg","type":"image\/jpeg"}],"author":"Gastblogger","twitter_card":"summary_large_image","twitter_misc":{"Verfasst von":"Gastblogger","Gesch\u00e4tzte Lesezeit":"8\u00a0Minuten"},"schema":{"@context":"https:\/\/schema.org","@graph":[{"@type":"BlogPosting","@id":"https:\/\/blog.tui.at\/8-tage-5-inseln-1-traumurlaub-7-gruende-fuer-eine-kapverden-rundreise-2\/#article","isPartOf":{"@id":"https:\/\/www.tui.com\/blog\/8-tage-5-welten-1-traumurlaub-7-gruende-fuer-eine-kapverden-rundreise\/"},"author":{"name":"Gastblogger","@id":"https:\/\/www.tui.com\/blog\/#\/schema\/person\/11849d667c5a6a039c86ede427ed594c"},"headline":"8 Tage, 5 Welten, 1 Traumurlaub: 7 Gr\u00fcnde f\u00fcr eine Kapverden-Rundreise","datePublished":"2019-02-22T10:08:33+00:00","dateModified":"2025-07-22T11:11:51+00:00","mainEntityOfPage":{"@id":"https:\/\/www.tui.com\/blog\/8-tage-5-welten-1-traumurlaub-7-gruende-fuer-eine-kapverden-rundreise\/"},"wordCount":1510,"commentCount":2,"publisher":{"@id":"https:\/\/www.tui.com\/blog\/#organization"},"image":{"@id":"https:\/\/blog.tui.at\/8-tage-5-inseln-1-traumurlaub-7-gruende-fuer-eine-kapverden-rundreise-2\/#primaryimage"},"thumbnailUrl":"https:\/\/www.tui.com\/blog\/wp-content\/uploads\/2023\/04\/kapverdische-inseln-wellen-Jasmin-Kreulitsch.jpg","keywords":["Afrika","Boa Vista","Inselhopping","Kapverden","Kapverdische Inseln","Rundreise","Sal"],"articleSection":["Andere Reisearten","Reisearten","Reiseziele","weitere beliebte Reiseziele"],"inLanguage":"de","potentialAction":[{"@type":"CommentAction","name":"Comment","target":["https:\/\/blog.tui.at\/8-tage-5-inseln-1-traumurlaub-7-gruende-fuer-eine-kapverden-rundreise-2\/#respond"]}]},{"@type":"WebPage","@id":"https:\/\/www.tui.com\/blog\/8-tage-5-welten-1-traumurlaub-7-gruende-fuer-eine-kapverden-rundreise\/","url":"https:\/\/blog.tui.at\/8-tage-5-inseln-1-traumurlaub-7-gruende-fuer-eine-kapverden-rundreise-2\/","name":"8 Tage, 5 Welten, 1 Traumurlaub: 7 Gr\u00fcnde f\u00fcr eine Kapverden-Rundreise - TUI.com Reiseblog \u2600","isPartOf":{"@id":"https:\/\/www.tui.com\/blog\/#website"},"primaryImageOfPage":{"@id":"https:\/\/blog.tui.at\/8-tage-5-inseln-1-traumurlaub-7-gruende-fuer-eine-kapverden-rundreise-2\/#primaryimage"},"image":{"@id":"https:\/\/blog.tui.at\/8-tage-5-inseln-1-traumurlaub-7-gruende-fuer-eine-kapverden-rundreise-2\/#primaryimage"},"thumbnailUrl":"https:\/\/www.tui.com\/blog\/wp-content\/uploads\/2023\/04\/kapverdische-inseln-wellen-Jasmin-Kreulitsch.jpg","datePublished":"2019-02-22T10:08:33+00:00","dateModified":"2025-07-22T11:11:51+00:00","breadcrumb":{"@id":"https:\/\/blog.tui.at\/8-tage-5-inseln-1-traumurlaub-7-gruende-fuer-eine-kapverden-rundreise-2\/#breadcrumb"},"inLanguage":"de","potentialAction":[{"@type":"ReadAction","target":["https:\/\/blog.tui.at\/8-tage-5-inseln-1-traumurlaub-7-gruende-fuer-eine-kapverden-rundreise-2\/"]}]},{"@type":"ImageObject","inLanguage":"de","@id":"https:\/\/blog.tui.at\/8-tage-5-inseln-1-traumurlaub-7-gruende-fuer-eine-kapverden-rundreise-2\/#primaryimage","url":"https:\/\/www.tui.com\/blog\/wp-content\/uploads\/2023\/04\/kapverdische-inseln-wellen-Jasmin-Kreulitsch.jpg","contentUrl":"https:\/\/www.tui.com\/blog\/wp-content\/uploads\/2023\/04\/kapverdische-inseln-wellen-Jasmin-Kreulitsch.jpg","width":1400,"height":789,"caption":"Was f\u00fcr Wellen!"},{"@type":"BreadcrumbList","@id":"https:\/\/blog.tui.at\/8-tage-5-inseln-1-traumurlaub-7-gruende-fuer-eine-kapverden-rundreise-2\/#breadcrumb","itemListElement":[{"@type":"ListItem","position":1,"name":"Startseite","item":"https:\/\/www.tui.com\/blog\/"},{"@type":"ListItem","position":2,"name":"8 Tage, 5 Welten, 1 Traumurlaub: 7 Gr\u00fcnde f\u00fcr eine Kapverden-Rundreise"}]},{"@type":"WebSite","@id":"https:\/\/www.tui.com\/blog\/#website","url":"https:\/\/www.tui.com\/blog\/","name":"TUI.com Reiseblog \u2600","description":"Abenteuer oder lieber an den Strand? \u2600 Der TUI Reiseblog bietet tolle Infos rund um deine n\u00e4chste Reise \u2708 Komm vorbei und lass dich inspirieren \u221a","publisher":{"@id":"https:\/\/www.tui.com\/blog\/#organization"},"potentialAction":[{"@type":"SearchAction","target":{"@type":"EntryPoint","urlTemplate":"https:\/\/www.tui.com\/blog\/?s={search_term_string}"},"query-input":{"@type":"PropertyValueSpecification","valueRequired":true,"valueName":"search_term_string"}}],"inLanguage":"de"},{"@type":"Organization","@id":"https:\/\/www.tui.com\/blog\/#organization","name":"TUI.com Reiseblog \u2600","url":"https:\/\/www.tui.com\/blog\/","logo":{"@type":"ImageObject","inLanguage":"de","@id":"https:\/\/www.tui.com\/blog\/#\/schema\/logo\/image\/","url":"https:\/\/www.tui.com\/blog\/wp-content\/uploads\/2023\/04\/cropped-tui-logo-3.png","contentUrl":"https:\/\/www.tui.com\/blog\/wp-content\/uploads\/2023\/04\/cropped-tui-logo-3.png","width":164,"height":72,"caption":"TUI.com Reiseblog \u2600"},"image":{"@id":"https:\/\/www.tui.com\/blog\/#\/schema\/logo\/image\/"}},{"@type":"Person","@id":"https:\/\/www.tui.com\/blog\/#\/schema\/person\/11849d667c5a6a039c86ede427ed594c","name":"Gastblogger","image":{"@type":"ImageObject","inLanguage":"de","@id":"https:\/\/www.tui.com\/blog\/wp-content\/uploads\/2016\/10\/Gastblogger-200x180.jpg","url":"https:\/\/www.tui.com\/blog\/wp-content\/uploads\/2016\/10\/Gastblogger-200x180.jpg","contentUrl":"https:\/\/www.tui.com\/blog\/wp-content\/uploads\/2016\/10\/Gastblogger-200x180.jpg","caption":"Gastblogger"},"url":"https:\/\/www.tui.com\/blog\/author\/gastblogger\/"}]}},"_links":{"self":[{"href":"https:\/\/www.tui.com\/blog\/wp-json\/wp\/v2\/posts\/173042","targetHints":{"allow":["GET"]}}],"collection":[{"href":"https:\/\/www.tui.com\/blog\/wp-json\/wp\/v2\/posts"}],"about":[{"href":"https:\/\/www.tui.com\/blog\/wp-json\/wp\/v2\/types\/post"}],"author":[{"embeddable":true,"href":"https:\/\/www.tui.com\/blog\/wp-json\/wp\/v2\/users\/96"}],"replies":[{"embeddable":true,"href":"https:\/\/www.tui.com\/blog\/wp-json\/wp\/v2\/comments?post=173042"}],"version-history":[{"count":4,"href":"https:\/\/www.tui.com\/blog\/wp-json\/wp\/v2\/posts\/173042\/revisions"}],"predecessor-version":[{"id":478866,"href":"https:\/\/www.tui.com\/blog\/wp-json\/wp\/v2\/posts\/173042\/revisions\/478866"}],"wp:featuredmedia":[{"embeddable":true,"href":"https:\/\/www.tui.com\/blog\/wp-json\/wp\/v2\/media\/173058"}],"wp:attachment":[{"href":"https:\/\/www.tui.com\/blog\/wp-json\/wp\/v2\/media?parent=173042"}],"wp:term":[{"taxonomy":"category","embeddable":true,"href":"https:\/\/www.tui.com\/blog\/wp-json\/wp\/v2\/categories?post=173042"},{"taxonomy":"post_tag","embeddable":true,"href":"https:\/\/www.tui.com\/blog\/wp-json\/wp\/v2\/tags?post=173042"}],"curies":[{"name":"wp","href":"https:\/\/api.w.org\/{rel}","templated":true}]}}