{"id":173692,"date":"2019-03-29T11:00:47","date_gmt":"2019-03-29T10:00:47","guid":{"rendered":"https:\/\/blog.tui.info\/auf-entdeckungstour-im-wasserland-niederlande-meine-highlights-fuer-flevoland-und-friesland\/"},"modified":"2025-06-20T10:10:20","modified_gmt":"2025-06-20T08:10:20","slug":"auf-entdeckungstour-im-wasserland-niederlande-meine-highlights-fuer-flevoland-und-friesland","status":"publish","type":"post","link":"https:\/\/www.tui.com\/blog\/auf-entdeckungstour-im-wasserland-niederlande-meine-highlights-fuer-flevoland-und-friesland\/","title":{"rendered":"Auf Entdeckungstour im Wasserland Niederlande: Meine Highlights f\u00fcr Flevoland und Friesland"},"content":{"rendered":"\n<p class=\"firstTextGrey\">TUI Bloggerin Bettina ist unterwegs im Norden der Niederlande &#8211; genauer gesagt in Flevoland und Friesland &#8211; und entdeckt neben echtem \u201eNeuland\u201c auch viele spannende Traditionen im neuen Gewand. Eine Reise voller \u00dcberraschungen und Kontraste.<\/p>\n\n\n\n<p>Der Norden der <a href=\"https:\/\/www.tui.com\/pauschalreisen\/niederlande\/\">Niederlande<\/a> steht f\u00fcr Urspr\u00fcnglichkeit und Traditionen, aber auch f\u00fcr Kunst und Architektur. Als Fan und Kenner der Niederlande hat mich der Besuch im hohen Norden \u00fcberrascht, denn ich habe so viele interessante Dinge gesehen, die ich gar nicht vermutet h\u00e4tte.<\/p>\n\n\n\n<p class=\"quote\">Die Niederlande bestehen eben nicht nur aus Tulpen und K\u00e4se.<\/p>\n\n\n\n<p>Heute m\u00f6chte ich meine Erfahrungen und neugewonnenen Erkenntnisse mit euch teilen. Denn unser Nachbar ist definitiv einen Besuch wert, mit Sicherheit auch zwei \ud83d\ude09<\/p>\n\n\n\n<h2 class=\"wp-block-heading\">Meine Highlights in Flevoland<\/h2>\n\n\n\n<p>Die Provinz Flevoland ist die j\u00fcngste der niederl\u00e4ndischen Provinzen. Sie entstand erst vor gut 50 Jahren als die Zuiderzee vom offenen Meer abgeschlossen wurde und ist damit das gr\u00f6\u00dfte Einpolderungsgebiet der Welt. Flevoland ist ein vom Menschen geschaffenes Land. Hier erlebst du moderne St\u00e4dte, wundersch\u00f6ne Natur und viel Kultur. Au\u00dferdem findest du in der Provinz eines der gr\u00f6\u00dften Tulpengebiete der Niederlande. Also doch wieder Tulpen!? Naja, nicht nur <span class=\"st\">\u2013<\/span> Flevoland bietet einiges mehr:<\/p>\n\n\n\n<h3 class=\"wp-block-heading\">TOP 1: Almere <span class=\"st\">\u2013<\/span> die hippe Architekturstadt<\/h3>\n\n\n\n<figure class=\"wp-block-gallery has-nested-images columns-2 is-cropped wp-block-gallery-1 is-layout-flex wp-block-gallery-is-layout-flex\">\n<figure class=\"wp-block-image size-large\"><img decoding=\"async\" width=\"1000\" height=\"563\" data-id=\"173694\" src=\"https:\/\/www.tui.com\/blog\/wp-content\/uploads\/2023\/04\/Copyright-Visit-Flevoland-Almere-Architectuur-Ladefense-300dpi-1000x563.jpg\" alt=\"Die Glasfassade des La D\u00e9fense in Almere (Copyright: Visit Flevoland)\" class=\"wp-image-173694\" srcset=\"https:\/\/www.tui.com\/blog\/wp-content\/uploads\/2023\/04\/Copyright-Visit-Flevoland-Almere-Architectuur-Ladefense-300dpi-1000x563.jpg 1000w, https:\/\/www.tui.com\/blog\/wp-content\/uploads\/2023\/04\/Copyright-Visit-Flevoland-Almere-Architectuur-Ladefense-300dpi-790x444.jpg 790w, https:\/\/www.tui.com\/blog\/wp-content\/uploads\/2023\/04\/Copyright-Visit-Flevoland-Almere-Architectuur-Ladefense-300dpi-320x180.jpg 320w, https:\/\/www.tui.com\/blog\/wp-content\/uploads\/2023\/04\/Copyright-Visit-Flevoland-Almere-Architectuur-Ladefense-300dpi-768x432.jpg 768w, https:\/\/www.tui.com\/blog\/wp-content\/uploads\/2023\/04\/Copyright-Visit-Flevoland-Almere-Architectuur-Ladefense-300dpi.jpg 1400w\" sizes=\"(max-width: 1000px) 100vw, 1000px\" \/><\/figure>\n\n\n\n<figure class=\"wp-block-image size-large\"><img decoding=\"async\" width=\"1000\" height=\"563\" data-id=\"173696\" src=\"https:\/\/www.tui.com\/blog\/wp-content\/uploads\/2023\/04\/ACM2015_Side-by-Side-in-skyline-Almere_met-naamsvermelding-Jody-Ferron-1000x563.jpg\" alt=\"Side by Side in Almere (Copyright: Jody Ferron)\" class=\"wp-image-173696\" srcset=\"https:\/\/www.tui.com\/blog\/wp-content\/uploads\/2023\/04\/ACM2015_Side-by-Side-in-skyline-Almere_met-naamsvermelding-Jody-Ferron-1000x563.jpg 1000w, https:\/\/www.tui.com\/blog\/wp-content\/uploads\/2023\/04\/ACM2015_Side-by-Side-in-skyline-Almere_met-naamsvermelding-Jody-Ferron-790x444.jpg 790w, https:\/\/www.tui.com\/blog\/wp-content\/uploads\/2023\/04\/ACM2015_Side-by-Side-in-skyline-Almere_met-naamsvermelding-Jody-Ferron-320x180.jpg 320w, https:\/\/www.tui.com\/blog\/wp-content\/uploads\/2023\/04\/ACM2015_Side-by-Side-in-skyline-Almere_met-naamsvermelding-Jody-Ferron-768x432.jpg 768w, https:\/\/www.tui.com\/blog\/wp-content\/uploads\/2023\/04\/ACM2015_Side-by-Side-in-skyline-Almere_met-naamsvermelding-Jody-Ferron.jpg 1400w\" sizes=\"(max-width: 1000px) 100vw, 1000px\" \/><\/figure>\n\n\n\n<figure class=\"wp-block-image size-large\"><img decoding=\"async\" width=\"1000\" height=\"563\" data-id=\"173698\" src=\"https:\/\/www.tui.com\/blog\/wp-content\/uploads\/2023\/04\/Copyright-Visit-Flevoland-Almere-Urban-Skateboarder-300dpi-1000x563.jpg\" alt=\"Skateboarden in Almere (Copyright: Visit Flevoland)\" class=\"wp-image-173698\" srcset=\"https:\/\/www.tui.com\/blog\/wp-content\/uploads\/2023\/04\/Copyright-Visit-Flevoland-Almere-Urban-Skateboarder-300dpi-1000x563.jpg 1000w, https:\/\/www.tui.com\/blog\/wp-content\/uploads\/2023\/04\/Copyright-Visit-Flevoland-Almere-Urban-Skateboarder-300dpi-790x444.jpg 790w, https:\/\/www.tui.com\/blog\/wp-content\/uploads\/2023\/04\/Copyright-Visit-Flevoland-Almere-Urban-Skateboarder-300dpi-320x180.jpg 320w, https:\/\/www.tui.com\/blog\/wp-content\/uploads\/2023\/04\/Copyright-Visit-Flevoland-Almere-Urban-Skateboarder-300dpi-768x432.jpg 768w, https:\/\/www.tui.com\/blog\/wp-content\/uploads\/2023\/04\/Copyright-Visit-Flevoland-Almere-Urban-Skateboarder-300dpi.jpg 1400w\" sizes=\"(max-width: 1000px) 100vw, 1000px\" \/><\/figure>\n\n\n\n<figure class=\"wp-block-image size-large\"><img decoding=\"async\" width=\"1000\" height=\"563\" data-id=\"173700\" src=\"https:\/\/www.tui.com\/blog\/wp-content\/uploads\/2023\/04\/ACM2006_Rode-donders_met-naamsvermelding-Tim-Beldman-1000x563.jpg\" alt=\"Almere De Rode Donders (Copyright: Tim Beldman)\" class=\"wp-image-173700\" srcset=\"https:\/\/www.tui.com\/blog\/wp-content\/uploads\/2023\/04\/ACM2006_Rode-donders_met-naamsvermelding-Tim-Beldman-1000x563.jpg 1000w, https:\/\/www.tui.com\/blog\/wp-content\/uploads\/2023\/04\/ACM2006_Rode-donders_met-naamsvermelding-Tim-Beldman-790x444.jpg 790w, https:\/\/www.tui.com\/blog\/wp-content\/uploads\/2023\/04\/ACM2006_Rode-donders_met-naamsvermelding-Tim-Beldman-320x180.jpg 320w, https:\/\/www.tui.com\/blog\/wp-content\/uploads\/2023\/04\/ACM2006_Rode-donders_met-naamsvermelding-Tim-Beldman-768x432.jpg 768w, https:\/\/www.tui.com\/blog\/wp-content\/uploads\/2023\/04\/ACM2006_Rode-donders_met-naamsvermelding-Tim-Beldman.jpg 1400w\" sizes=\"(max-width: 1000px) 100vw, 1000px\" \/><\/figure>\n<\/figure>\n\n\n\n<p>Vor den Toren von Amsterdam liegt die Stadt Almere. Ein Rundgang durch diese junge Stadt ist ein absolutes Must f\u00fcr <strong>Architektur-Fans<\/strong>: W\u00e4hrend am Boden Boutiquen und Ladenketten zum Shopping einladen, findet eine Etage dar\u00fcber das Leben in luxuri\u00f6sen Appartements mit hippen Dachg\u00e4rten statt!<\/p>\n\n\n\n<p><strong>Mein Tipp:<\/strong> Abends in die Almere Bierfabrik einkehren, um sich einen Absacker mit lokal gebrautem Bier zu g\u00f6nnen.<\/p>\n\n\n\n<h3 class=\"wp-block-heading\">TOP 2: <strong>Nieuw Land <span class=\"st\">\u2013<\/span> Hinter den Kulissen des preisgekr\u00f6nten Naturfilms &#8222;Die neue Wildnis&#8220;<br><\/strong><\/h3>\n\n\n\n<figure class=\"wp-block-image alignnone\"><img decoding=\"async\" width=\"1400\" height=\"788\" src=\"https:\/\/www.tui.com\/blog\/wp-content\/uploads\/2023\/04\/Kudde-konikpaarden-Oostvaardersplassen-Almere-Lelystad-\u220fVisit-Flevoland.jpg\" alt=\"Wildpferde im Sumpfgebiet Oostvaardersplassen (Copyright: Visit Flevoland)\" class=\"wp-image-47974\"\/><figcaption class=\"wp-element-caption\">Wildpferde im Sumpfgebiet Oostvaardersplassen (Copyright: Visit Flevoland)<\/figcaption><\/figure>\n\n\n\n<p>Eine Wanderung durch ein abwechslungsreiches Sumpfgebiet mit dem f\u00fcr uns unaussprechlichen Namen <strong>\u201eOostvaardersplassen\u201c<\/strong> \u00fcberrascht in vielerlei Hinsicht. Dieses Naturgebiet entstand durch die Trockenlegung der fr\u00fcheren Bucht vor mehr als 50 Jahren.<\/p>\n\n\n\n<p><strong>Mein Highlight:<\/strong> V\u00f6llig unerwartet begegnet mir w\u00e4hrend meiner Wanderung eine riesige Herde freilaufender Wildpferde. Ein spektakul\u00e4res Naturschauspiel!<\/p>\n\n\n\n<h3 class=\"wp-block-heading\">TOP 3: <strong>Lelystad&nbsp;<\/strong><span class=\"st\">\u2013<\/span> ein<strong> interaktives Museum<br><\/strong><\/h3>\n\n\n\n<figure class=\"wp-block-image alignnone\"><img decoding=\"async\" width=\"1400\" height=\"788\" src=\"https:\/\/www.tui.com\/blog\/wp-content\/uploads\/2023\/04\/Marketing-Batavialand-Foto-Pluim-fotografie.jpg\" alt=\"Im interaktiven Museum Batavialand k\u00f6nnt ihr einiges \u00fcber Flevoland lernen (Copyright: Pluim Fotografie)\" class=\"wp-image-47973\"\/><figcaption class=\"wp-element-caption\">Im interaktiven Museum Batavialand k\u00f6nnt ihr einiges \u00fcber Flevoland lernen (Copyright: Pluim Fotografie)<\/figcaption><\/figure>\n\n\n\n<p>In <strong>Batavialand<\/strong> in Lelystad k\u00f6nnen Besucher erleben, was die Niederlande mit dem Thema Wasser verbindet. Ich lerne hier, wie durch die Z\u00e4hmung der Zuiderzee dem Meer neues Land abgerungen wurde: Die Provinz Flevoland!<\/p>\n\n\n\n<p><strong>Mein Tipp:<\/strong> Nehmt euch Zeit, um danach noch rasch ins benachbarte <strong>Batavia Stad Fashion Outlet <\/strong>zu fahren. Vielleicht ergattert ihr in einem der 150 Gesch\u00e4ften ein Schn\u00e4ppchen einer internationalen Modemarke.<\/p>\n\n\n\n<h3 class=\"wp-block-heading\">TOP 4:&nbsp;Urk<strong> <span class=\"st\">\u2013<\/span> das lebendige Fischerdorf<\/strong><\/h3>\n\n\n\n<figure class=\"wp-block-image alignnone\"><img decoding=\"async\" width=\"1400\" height=\"788\" src=\"https:\/\/www.tui.com\/blog\/wp-content\/uploads\/2023\/04\/VUURTOREN-URK-2017_Foto-Tourist-Info-Urk.jpg\" alt=\"Das h\u00fcbsche Fischerd\u00f6rfchen Urk (Copyright: Tourist Info Urk)\" class=\"wp-image-47972\"\/><figcaption class=\"wp-element-caption\">Das h\u00fcbsche Fischerd\u00f6rfchen Urk (Copyright: Tourist Info Urk)<\/figcaption><\/figure>\n\n\n\n<p>Im <strong>charmanten Fischerst\u00e4dtchen Urk in direkter Uferlage des IJsselmeers<\/strong> wird die Bedeutung des Kampfes gegen das Wasser besonders deutlich: Bis zum Bau des Abschlussdeiches war Urk n\u00e4mlich eine Insel! Um so viel wie m\u00f6glich \u00fcber die Historie der malerischen Stadt zu erfahren, schlie\u00dfe ich mich einem einheimischen F\u00fchrer an und erlebe so noch die letzte aktive Fischauktion am IJsselmeer.<\/p>\n\n\n\n<p><strong>Mein Tipp:<\/strong> Eine Bootsfahrt und leckerer, fangfrischer Fisch machen das Erlebnis komplett.<\/p>\n\n\n\n<h2 class=\"wp-block-heading\">Meine Highlights in Friesland<\/h2>\n\n\n\n<figure class=\"wp-block-image alignnone\"><img decoding=\"async\" width=\"1400\" height=\"788\" src=\"https:\/\/www.tui.com\/blog\/wp-content\/uploads\/2023\/04\/11-fountains.jpg\" alt=\"2018 war Leeuwarden Kulturhauptstadt Europas. Elf renommierte K\u00fcnstler haben dazu je einen Brunnen f\u00fcr jede der elf friesischen St\u00e4dte entworfen.\" class=\"wp-image-48105\"\/><figcaption class=\"wp-element-caption\">2018 war Leeuwarden Kulturhauptstadt Europas. Elf renommierte K\u00fcnstler haben dazu je einen Brunnen f\u00fcr jede der elf friesischen St\u00e4dte entworfen. (Copyright: Merk Frysl\u00e2n)<\/figcaption><\/figure>\n\n\n\n<p>Die malerische Provinz Friesland war im <strong>letzten Jahr Europas Kulturhauptstadt<\/strong> und braucht sich auch in diesem Jahr nicht mit ihrem Veranstaltungsprogramm verstecken. Die Reiseexperten von Lonely Planet, National Geographic und selbst die New York Times haben Friesland zum Must See ernannt. Warum? Das verrate ich euch hier:<\/p>\n\n\n\n<h3 class=\"wp-block-heading\">TOP 1: <strong>Elf-St\u00e4dte-Tour <\/strong><strong><span class=\"st\">\u2013 die<\/span><\/strong><strong> weltweit gr\u00f6\u00dfte Eisschnelllauftour<\/strong><strong><span class=\"st\"><br><\/span><\/strong><\/h3>\n\n\n\n<figure class=\"wp-block-image alignnone\"><img decoding=\"async\" width=\"1400\" height=\"788\" src=\"https:\/\/www.tui.com\/blog\/wp-content\/uploads\/2023\/04\/praamvaren-leeuwarden.jpg\" alt=\"St\u00e4dtehopping in Friesland: Die Elf St\u00e4dte von Friesland sind \u00fcber Kan\u00e4le miteinander verbunden.\" class=\"wp-image-47977\"\/><figcaption class=\"wp-element-caption\">St\u00e4dtehopping in Friesland: Die Elf St\u00e4dte von Friesland sind \u00fcber Kan\u00e4le miteinander verbunden. (Copyright: Merk Frysl\u00e2n)<\/figcaption><\/figure>\n\n\n\n<blockquote class=\"wp-block-quote right is-layout-flow wp-block-quote-is-layout-flow\">\n<h2 class=\"wp-block-heading\">TUI TIPP: 11-ST\u00c4DTE-TOUR MIT DEM TUI HAUSBOOT<\/h2>\n\n\n\n<figure class=\"wp-block-image\"><img decoding=\"async\" width=\"1400\" height=\"788\" src=\"https:\/\/www.tui.com\/blog\/wp-content\/uploads\/2019\/03\/tui-hausboot.jpg\" alt=\"\" class=\"wp-image-47983\" srcset=\"https:\/\/www.tui.com\/blog\/wp-content\/uploads\/2019\/03\/tui-hausboot.jpg 1400w, https:\/\/www.tui.com\/blog\/wp-content\/uploads\/2019\/03\/tui-hausboot-320x180.jpg 320w, https:\/\/www.tui.com\/blog\/wp-content\/uploads\/2019\/03\/tui-hausboot-790x444.jpg 790w, https:\/\/www.tui.com\/blog\/wp-content\/uploads\/2019\/03\/tui-hausboot-768x432.jpg 768w, https:\/\/www.tui.com\/blog\/wp-content\/uploads\/2019\/03\/tui-hausboot-1000x563.jpg 1000w, https:\/\/www.tui.com\/blog\/wp-content\/uploads\/2019\/03\/tui-hausboot-1150x647.jpg 1150w, https:\/\/www.tui.com\/blog\/wp-content\/uploads\/2019\/03\/tui-hausboot-940x529.jpg 940w, https:\/\/www.tui.com\/blog\/wp-content\/uploads\/2019\/03\/tui-hausboot-480x270.jpg 480w, https:\/\/www.tui.com\/blog\/wp-content\/uploads\/2019\/03\/tui-hausboot-370x208.jpg 370w, https:\/\/www.tui.com\/blog\/wp-content\/uploads\/2019\/03\/tui-hausboot-300x169.jpg 300w, https:\/\/www.tui.com\/blog\/wp-content\/uploads\/2019\/03\/tui-hausboot-133x75.jpg 133w, https:\/\/www.tui.com\/blog\/wp-content\/uploads\/2019\/03\/tui-hausboot-272x153.jpg 272w, https:\/\/www.tui.com\/blog\/wp-content\/uploads\/2019\/03\/tui-hausboot-312x176.jpg 312w, https:\/\/www.tui.com\/blog\/wp-content\/uploads\/2019\/03\/tui-hausboot-319x179.jpg 319w, https:\/\/www.tui.com\/blog\/wp-content\/uploads\/2019\/03\/tui-hausboot-330x185.jpg 330w\" sizes=\"(max-width: 1400px) 100vw, 1400px\" \/><\/figure>\n\n\n\n<p><\/p>\n\n\n\n<p>Wie w\u00e4re es mit Hausboot-Urlaub? Mit einem TUI Hausboot k\u00f6nnt ihr im Sommer die Elf St\u00e4dte von Friesland besuchen \u2013 entspannter kann Urlaub nicht sein!<\/p>\n<\/blockquote>\n\n\n\n<p>Im traditionsbehafteten Friesland lerne ich eine Sache sehr schnell: <strong>Die Elf-St\u00e4dte-Tour beherrscht das allt\u00e4gliche Leben.<\/strong> Die elf St\u00e4dtchen der Provinz Friesland sind n\u00e4mlich alle \u00fcber Kan\u00e4le miteinander verbunden. Und wenn es der Winter mal wieder sehr gut meint, sind diese Kan\u00e4le zugefroren. So werden die elf St\u00e4dte kurzerhand per Schlittschuh (Nationalsport im Winter) erkundet.<\/p>\n\n\n\n<p>Die elf St\u00e4dte hei\u00dfen \u00fcbrigens: Leeuwarden, Sneek, IJlst, Sloten, Stavoren, Hindeloopen, Workum, Bolsward, Harlingen, Franeker und Dokkum.<\/p>\n\n\n\n<p><strong>Mein Rundreise-Tipp:<\/strong> Seitdem die Provinz Friesland im vergangenen Jahr Europas Kulturhauptstadt war, verbindet die 11 St\u00e4dte auch im Sommer etwas \u2013 und zwar 11 Brunnen, designt von internationalen K\u00fcnstlern.<\/p>\n\n\n\n<h3 class=\"wp-block-heading\">TOP 2: <strong>Leeuwarden <\/strong><span class=\"st\">\u2013 <\/span><strong>die Hauptstadt von Friesland<br><\/strong><\/h3>\n\n\n\n<figure class=\"wp-block-image alignnone\"><img decoding=\"async\" width=\"1400\" height=\"788\" src=\"https:\/\/www.tui.com\/blog\/wp-content\/uploads\/2023\/04\/oude-gevangenis.jpg\" alt=\"Das alte Gef\u00e4ngnis in Leeuwarden\" class=\"wp-image-47976\"\/><figcaption class=\"wp-element-caption\">Das alte Gef\u00e4ngnis in Leeuwarden. (Copyright: Merk Frysl\u00e2n)<\/figcaption><\/figure>\n\n\n\n<p>In Friesland kommt man nat\u00fcrlich an Leeuwarden nicht vorbei. Diese <strong>historische Stadt<\/strong> bietet jede Menge Kunst, Kultur, Kulinarik \u2013 sucht euch etwas aus. Mein Tipp: Macht doch mal eine F\u00fchrung durch das ehemalige Gef\u00e4ngnis!<\/p>\n\n\n\n<p><strong>Highlight:<\/strong> Im Restaurant des ehemaligen Gef\u00e4ngnisses st\u00e4rke ich mich f\u00fcr die weitere Tour.<\/p>\n\n\n\n<h3 class=\"wp-block-heading\">TOP 3: <strong>Harlingen <\/strong><span class=\"st\">\u2013 Gem\u00fctlichkeit im Hafenst\u00e4dtchen am Wattenmeer<br><\/span><\/h3>\n\n\n\n<figure class=\"wp-block-image alignnone\"><img decoding=\"async\" width=\"1400\" height=\"788\" src=\"https:\/\/www.tui.com\/blog\/wp-content\/uploads\/2023\/04\/Harlingen.jpg\" alt=\"Das gem\u00fctliche St\u00e4dtchen Harlingen\" class=\"wp-image-47975\"\/><figcaption class=\"wp-element-caption\">Das gem\u00fctliche St\u00e4dtchen Harlingen. (Copyright: Merk Frysl\u00e2n)<\/figcaption><\/figure>\n\n\n\n<figure class=\"wp-block-image alignnone\"><img decoding=\"async\" width=\"1400\" height=\"788\" src=\"https:\/\/www.tui.com\/blog\/wp-content\/uploads\/2023\/04\/Wattenmeer-friesland.jpg\" alt=\"Harlingen liegt direkt am Wattenmeer\" class=\"wp-image-47978\"\/><figcaption class=\"wp-element-caption\">Harlingen liegt direkt am Wattenmeer. (Copyright: Merk Frysl\u00e2n)<\/figcaption><\/figure>\n\n\n\n<p>Das romantische Fischerdorf ist besonders im Sommer belagert von Seglern aus aller Welt. Bewundert die unz\u00e4hligen Schiffe vom Hafen aus oder entdeckt die kleine Innenstadt vom Boot aus. Harlingen ist eine ganz erstaunliche Hafenstadt mit vielen, sch\u00f6nen Fotomotiven.<\/p>\n\n\n\n<p><strong>Mein Tipp:<\/strong> Unternehmt eine Schifffahrt zu den Sandb\u00e4nken der Robben!<\/p>\n\n\n\n<h3 class=\"wp-block-heading\">TOP 4: <strong>Abschlussdeich <\/strong><span class=\"st\">\u2013 zwischen IJsselmeer und Nordsee<br><\/span><\/h3>\n\n\n\n<figure class=\"wp-block-image alignnone\"><img decoding=\"async\" width=\"1400\" height=\"788\" src=\"https:\/\/www.tui.com\/blog\/wp-content\/uploads\/2023\/04\/Afsluitdijk.jpg\" alt=\"Die Afsluitdijk - eines der popul\u00e4rsten Wasserbauwerke der Niederlande\" class=\"wp-image-47979\"\/><figcaption class=\"wp-element-caption\">Der Abschlussdeich &#8211; eines der popul\u00e4rsten Wasserbauwerke der Niederlande. (Copyright: Merk Frysl\u00e2n)<\/figcaption><\/figure>\n\n\n\n<p>Wasser soweit das Auge reicht! 32 Kilometer lang ist der Abschlussdeich, eine Verbindung zwischen IJsselmeer und Nordsee. Der im Jahre 1932 vollendete Deich schloss die Zuiderzee von der rauen Nordsee und l\u00e4sst das IJsselmeer &#8211; ein Paradies f\u00fcr Surfer und Segler &#8211; entstehen. Im Abschlussdeich Center k\u00f6nnt ihr euch nochmal die Geschichte des Abschlussdeiches und des stetigen Kampfes der Niederlande gegen das allgegenw\u00e4rtige Wasser anschauen.<\/p>\n\n\n\n<p><strong>Mein Tipp:<\/strong> Mitten auf dem Deich auf den Aussichtsturm klettern und rundherum das Meer genie\u00dfen.<\/p>\n\n\n\n<p>Und, \u00fcberrascht von so viel sch\u00f6ner Natur und kulturellem Angebot? Das waren nur ein paar meiner Highlights f\u00fcr Friesland und Flevoland. F\u00fcr mich steht fest: Das war nicht mein letzter Besuch im hohen Norden bei unseren niederl\u00e4ndischen Nachbarn. Wann ist es bei euch soweit?<\/p>\n\n\n\n<p>\u25ba <a href=\"https:\/\/www.tui.com\/pauschalreisen\/niederlande\/\">Die besten Angebote f\u00fcr die Niederlande findet ihr auf TUI.com<\/a><\/p>\n","protected":false},"excerpt":{"rendered":"<p>TUI Bloggerin Bettina ist unterwegs im Norden der Niederlande &#8211; genauer gesagt in Flevoland und Friesland &#8211; und entdeckt neben echtem \u201eNeuland\u201c auch viele spannende Traditionen im neuen Gewand. Eine Reise voller \u00dcberraschungen und Kontraste.<\/p>\n","protected":false},"author":86,"featured_media":173726,"comment_status":"open","ping_status":"open","sticky":false,"template":"","format":"standard","meta":{"_acf_changed":false,"footnotes":""},"categories":[4030,4050],"tags":[1387,972,970,3187],"class_list":["post-173692","post","type-post","status-publish","format-standard","has-post-thumbnail","hentry","category-archiv-reiseziele","category-archiv-weitere-beliebte-reiseziele","tag-europa","tag-holland","tag-niederlande","tag-staedtereise"],"acf":[],"yoast_head":"<!-- This site is optimized with the Yoast SEO plugin v27.4 - https:\/\/yoast.com\/product\/yoast-seo-wordpress\/ -->\n<title>Auf Entdeckungstour im Wasserland Niederlande: Meine Highlights f\u00fcr Flevoland und Friesland - TUI.com Reiseblog \u2600<\/title>\n<meta name=\"robots\" content=\"index, follow, max-snippet:-1, max-image-preview:large, max-video-preview:-1\" \/>\n<link rel=\"canonical\" href=\"https:\/\/www.tui.com\/blog\/auf-entdeckungstour-im-wasserland-niederlande-meine-highlights-fuer-flevoland-und-friesland\/\" \/>\n<meta property=\"og:locale\" content=\"de_DE\" \/>\n<meta property=\"og:type\" content=\"article\" \/>\n<meta property=\"og:title\" content=\"Auf Entdeckungstour im Wasserland Niederlande: Meine Highlights f\u00fcr Flevoland und Friesland - TUI.com Reiseblog \u2600\" \/>\n<meta property=\"og:description\" content=\"TUI Bloggerin Bettina ist unterwegs im Norden der Niederlande - genauer gesagt in Flevoland und Friesland - und entdeckt neben echtem \u201eNeuland\u201c auch viele spannende Traditionen im neuen Gewand. Eine Reise voller \u00dcberraschungen und Kontraste.\" \/>\n<meta property=\"og:url\" content=\"https:\/\/www.tui.com\/blog\/auf-entdeckungstour-im-wasserland-niederlande-meine-highlights-fuer-flevoland-und-friesland\/\" \/>\n<meta property=\"og:site_name\" content=\"TUI.com Reiseblog \u2600\" \/>\n<meta property=\"article:published_time\" content=\"2019-03-29T10:00:47+00:00\" \/>\n<meta property=\"article:modified_time\" content=\"2025-06-20T08:10:20+00:00\" \/>\n<meta property=\"og:image\" content=\"https:\/\/www.tui.com\/blog\/wp-content\/uploads\/2023\/04\/natur-friesland.jpg\" \/>\n\t<meta property=\"og:image:width\" content=\"1400\" \/>\n\t<meta property=\"og:image:height\" content=\"788\" \/>\n\t<meta property=\"og:image:type\" content=\"image\/jpeg\" \/>\n<meta name=\"author\" content=\"TUI Reiseexperten\" \/>\n<meta name=\"twitter:card\" content=\"summary_large_image\" \/>\n<meta name=\"twitter:label1\" content=\"Verfasst von\" \/>\n\t<meta name=\"twitter:data1\" content=\"TUI Reiseexperten\" \/>\n\t<meta name=\"twitter:label2\" content=\"Gesch\u00e4tzte Lesezeit\" \/>\n\t<meta name=\"twitter:data2\" content=\"5\u00a0Minuten\" \/>\n<script type=\"application\/ld+json\" class=\"yoast-schema-graph\">{\"@context\":\"https:\\\/\\\/schema.org\",\"@graph\":[{\"@type\":\"BlogPosting\",\"@id\":\"https:\\\/\\\/www.tui.com\\\/blog\\\/auf-entdeckungstour-im-wasserland-niederlande-meine-highlights-fuer-flevoland-und-friesland\\\/#article\",\"isPartOf\":{\"@id\":\"https:\\\/\\\/www.tui.com\\\/blog\\\/auf-entdeckungstour-im-wasserland-niederlande-meine-highlights-fuer-flevoland-und-friesland\\\/\"},\"author\":{\"name\":\"TUI Reiseexperten\",\"@id\":\"https:\\\/\\\/www.tui.com\\\/blog\\\/#\\\/schema\\\/person\\\/e0405bcbd5102f3edd229113f1c50a06\"},\"headline\":\"Auf Entdeckungstour im Wasserland Niederlande: Meine Highlights f\u00fcr Flevoland und Friesland\",\"datePublished\":\"2019-03-29T10:00:47+00:00\",\"dateModified\":\"2025-06-20T08:10:20+00:00\",\"mainEntityOfPage\":{\"@id\":\"https:\\\/\\\/www.tui.com\\\/blog\\\/auf-entdeckungstour-im-wasserland-niederlande-meine-highlights-fuer-flevoland-und-friesland\\\/\"},\"wordCount\":1091,\"commentCount\":2,\"publisher\":{\"@id\":\"https:\\\/\\\/www.tui.com\\\/blog\\\/#organization\"},\"image\":{\"@id\":\"https:\\\/\\\/www.tui.com\\\/blog\\\/auf-entdeckungstour-im-wasserland-niederlande-meine-highlights-fuer-flevoland-und-friesland\\\/#primaryimage\"},\"thumbnailUrl\":\"https:\\\/\\\/www.tui.com\\\/blog\\\/wp-content\\\/uploads\\\/2023\\\/04\\\/natur-friesland.jpg\",\"keywords\":[\"Europa\",\"Holland\",\"Niederlande\",\"St&#228;dtereise\"],\"articleSection\":[\"Reiseziele\",\"weitere beliebte Reiseziele\"],\"inLanguage\":\"de\",\"potentialAction\":[{\"@type\":\"CommentAction\",\"name\":\"Comment\",\"target\":[\"https:\\\/\\\/www.tui.com\\\/blog\\\/auf-entdeckungstour-im-wasserland-niederlande-meine-highlights-fuer-flevoland-und-friesland\\\/#respond\"]}]},{\"@type\":\"WebPage\",\"@id\":\"https:\\\/\\\/www.tui.com\\\/blog\\\/auf-entdeckungstour-im-wasserland-niederlande-meine-highlights-fuer-flevoland-und-friesland\\\/\",\"url\":\"https:\\\/\\\/www.tui.com\\\/blog\\\/auf-entdeckungstour-im-wasserland-niederlande-meine-highlights-fuer-flevoland-und-friesland\\\/\",\"name\":\"Auf Entdeckungstour im Wasserland Niederlande: Meine Highlights f\u00fcr Flevoland und Friesland - TUI.com Reiseblog \u2600\",\"isPartOf\":{\"@id\":\"https:\\\/\\\/www.tui.com\\\/blog\\\/#website\"},\"primaryImageOfPage\":{\"@id\":\"https:\\\/\\\/www.tui.com\\\/blog\\\/auf-entdeckungstour-im-wasserland-niederlande-meine-highlights-fuer-flevoland-und-friesland\\\/#primaryimage\"},\"image\":{\"@id\":\"https:\\\/\\\/www.tui.com\\\/blog\\\/auf-entdeckungstour-im-wasserland-niederlande-meine-highlights-fuer-flevoland-und-friesland\\\/#primaryimage\"},\"thumbnailUrl\":\"https:\\\/\\\/www.tui.com\\\/blog\\\/wp-content\\\/uploads\\\/2023\\\/04\\\/natur-friesland.jpg\",\"datePublished\":\"2019-03-29T10:00:47+00:00\",\"dateModified\":\"2025-06-20T08:10:20+00:00\",\"breadcrumb\":{\"@id\":\"https:\\\/\\\/www.tui.com\\\/blog\\\/auf-entdeckungstour-im-wasserland-niederlande-meine-highlights-fuer-flevoland-und-friesland\\\/#breadcrumb\"},\"inLanguage\":\"de\",\"potentialAction\":[{\"@type\":\"ReadAction\",\"target\":[\"https:\\\/\\\/www.tui.com\\\/blog\\\/auf-entdeckungstour-im-wasserland-niederlande-meine-highlights-fuer-flevoland-und-friesland\\\/\"]}]},{\"@type\":\"ImageObject\",\"inLanguage\":\"de\",\"@id\":\"https:\\\/\\\/www.tui.com\\\/blog\\\/auf-entdeckungstour-im-wasserland-niederlande-meine-highlights-fuer-flevoland-und-friesland\\\/#primaryimage\",\"url\":\"https:\\\/\\\/www.tui.com\\\/blog\\\/wp-content\\\/uploads\\\/2023\\\/04\\\/natur-friesland.jpg\",\"contentUrl\":\"https:\\\/\\\/www.tui.com\\\/blog\\\/wp-content\\\/uploads\\\/2023\\\/04\\\/natur-friesland.jpg\",\"width\":1400,\"height\":788,\"caption\":\"Was f\u00fcr ein Panorama! Die tiefschwarzen, niederl\u00e4ndischen Friesen-Pferde stammen urspr\u00fcnglich aus der Provinz Friesland und sind hier \u00f6fter anzutreffen.\"},{\"@type\":\"BreadcrumbList\",\"@id\":\"https:\\\/\\\/www.tui.com\\\/blog\\\/auf-entdeckungstour-im-wasserland-niederlande-meine-highlights-fuer-flevoland-und-friesland\\\/#breadcrumb\",\"itemListElement\":[{\"@type\":\"ListItem\",\"position\":1,\"name\":\"Startseite\",\"item\":\"https:\\\/\\\/www.tui.com\\\/blog\\\/\"},{\"@type\":\"ListItem\",\"position\":2,\"name\":\"Auf Entdeckungstour im Wasserland Niederlande: Meine Highlights f\u00fcr Flevoland und Friesland\"}]},{\"@type\":\"WebSite\",\"@id\":\"https:\\\/\\\/www.tui.com\\\/blog\\\/#website\",\"url\":\"https:\\\/\\\/www.tui.com\\\/blog\\\/\",\"name\":\"TUI.com Reiseblog \u2600\",\"description\":\"Abenteuer oder lieber an den Strand? \u2600 Der TUI Reiseblog bietet tolle Infos rund um deine n\u00e4chste Reise \u2708 Komm vorbei und lass dich inspirieren \u221a\",\"publisher\":{\"@id\":\"https:\\\/\\\/www.tui.com\\\/blog\\\/#organization\"},\"potentialAction\":[{\"@type\":\"SearchAction\",\"target\":{\"@type\":\"EntryPoint\",\"urlTemplate\":\"https:\\\/\\\/www.tui.com\\\/blog\\\/?s={search_term_string}\"},\"query-input\":{\"@type\":\"PropertyValueSpecification\",\"valueRequired\":true,\"valueName\":\"search_term_string\"}}],\"inLanguage\":\"de\"},{\"@type\":\"Organization\",\"@id\":\"https:\\\/\\\/www.tui.com\\\/blog\\\/#organization\",\"name\":\"TUI.com Reiseblog \u2600\",\"url\":\"https:\\\/\\\/www.tui.com\\\/blog\\\/\",\"logo\":{\"@type\":\"ImageObject\",\"inLanguage\":\"de\",\"@id\":\"https:\\\/\\\/www.tui.com\\\/blog\\\/#\\\/schema\\\/logo\\\/image\\\/\",\"url\":\"https:\\\/\\\/www.tui.com\\\/blog\\\/wp-content\\\/uploads\\\/2023\\\/04\\\/cropped-tui-logo-3.png\",\"contentUrl\":\"https:\\\/\\\/www.tui.com\\\/blog\\\/wp-content\\\/uploads\\\/2023\\\/04\\\/cropped-tui-logo-3.png\",\"width\":164,\"height\":72,\"caption\":\"TUI.com Reiseblog \u2600\"},\"image\":{\"@id\":\"https:\\\/\\\/www.tui.com\\\/blog\\\/#\\\/schema\\\/logo\\\/image\\\/\"}},{\"@type\":\"Person\",\"@id\":\"https:\\\/\\\/www.tui.com\\\/blog\\\/#\\\/schema\\\/person\\\/e0405bcbd5102f3edd229113f1c50a06\",\"name\":\"TUI Reiseexperten\",\"image\":{\"@type\":\"ImageObject\",\"inLanguage\":\"de\",\"@id\":\"https:\\\/\\\/www.tui.com\\\/blog\\\/wp-content\\\/uploads\\\/2016\\\/10\\\/TUIMitarbeiter-178x176.jpg\",\"url\":\"https:\\\/\\\/www.tui.com\\\/blog\\\/wp-content\\\/uploads\\\/2016\\\/10\\\/TUIMitarbeiter-178x176.jpg\",\"contentUrl\":\"https:\\\/\\\/www.tui.com\\\/blog\\\/wp-content\\\/uploads\\\/2016\\\/10\\\/TUIMitarbeiter-178x176.jpg\",\"caption\":\"TUI Reiseexperten\"},\"description\":\"TEST\",\"url\":\"https:\\\/\\\/www.tui.com\\\/blog\\\/author\\\/tui-mitarbeiter\\\/\"}]}<\/script>\n<!-- \/ Yoast SEO plugin. -->","yoast_head_json":{"title":"Auf Entdeckungstour im Wasserland Niederlande: Meine Highlights f\u00fcr Flevoland und Friesland - TUI.com Reiseblog \u2600","robots":{"index":"index","follow":"follow","max-snippet":"max-snippet:-1","max-image-preview":"max-image-preview:large","max-video-preview":"max-video-preview:-1"},"canonical":"https:\/\/www.tui.com\/blog\/auf-entdeckungstour-im-wasserland-niederlande-meine-highlights-fuer-flevoland-und-friesland\/","og_locale":"de_DE","og_type":"article","og_title":"Auf Entdeckungstour im Wasserland Niederlande: Meine Highlights f\u00fcr Flevoland und Friesland - TUI.com Reiseblog \u2600","og_description":"TUI Bloggerin Bettina ist unterwegs im Norden der Niederlande - genauer gesagt in Flevoland und Friesland - und entdeckt neben echtem \u201eNeuland\u201c auch viele spannende Traditionen im neuen Gewand. Eine Reise voller \u00dcberraschungen und Kontraste.","og_url":"https:\/\/www.tui.com\/blog\/auf-entdeckungstour-im-wasserland-niederlande-meine-highlights-fuer-flevoland-und-friesland\/","og_site_name":"TUI.com Reiseblog \u2600","article_published_time":"2019-03-29T10:00:47+00:00","article_modified_time":"2025-06-20T08:10:20+00:00","og_image":[{"width":1400,"height":788,"url":"https:\/\/www.tui.com\/blog\/wp-content\/uploads\/2023\/04\/natur-friesland.jpg","type":"image\/jpeg"}],"author":"TUI Reiseexperten","twitter_card":"summary_large_image","twitter_misc":{"Verfasst von":"TUI Reiseexperten","Gesch\u00e4tzte Lesezeit":"5\u00a0Minuten"},"schema":{"@context":"https:\/\/schema.org","@graph":[{"@type":"BlogPosting","@id":"https:\/\/www.tui.com\/blog\/auf-entdeckungstour-im-wasserland-niederlande-meine-highlights-fuer-flevoland-und-friesland\/#article","isPartOf":{"@id":"https:\/\/www.tui.com\/blog\/auf-entdeckungstour-im-wasserland-niederlande-meine-highlights-fuer-flevoland-und-friesland\/"},"author":{"name":"TUI Reiseexperten","@id":"https:\/\/www.tui.com\/blog\/#\/schema\/person\/e0405bcbd5102f3edd229113f1c50a06"},"headline":"Auf Entdeckungstour im Wasserland Niederlande: Meine Highlights f\u00fcr Flevoland und Friesland","datePublished":"2019-03-29T10:00:47+00:00","dateModified":"2025-06-20T08:10:20+00:00","mainEntityOfPage":{"@id":"https:\/\/www.tui.com\/blog\/auf-entdeckungstour-im-wasserland-niederlande-meine-highlights-fuer-flevoland-und-friesland\/"},"wordCount":1091,"commentCount":2,"publisher":{"@id":"https:\/\/www.tui.com\/blog\/#organization"},"image":{"@id":"https:\/\/www.tui.com\/blog\/auf-entdeckungstour-im-wasserland-niederlande-meine-highlights-fuer-flevoland-und-friesland\/#primaryimage"},"thumbnailUrl":"https:\/\/www.tui.com\/blog\/wp-content\/uploads\/2023\/04\/natur-friesland.jpg","keywords":["Europa","Holland","Niederlande","St&#228;dtereise"],"articleSection":["Reiseziele","weitere beliebte Reiseziele"],"inLanguage":"de","potentialAction":[{"@type":"CommentAction","name":"Comment","target":["https:\/\/www.tui.com\/blog\/auf-entdeckungstour-im-wasserland-niederlande-meine-highlights-fuer-flevoland-und-friesland\/#respond"]}]},{"@type":"WebPage","@id":"https:\/\/www.tui.com\/blog\/auf-entdeckungstour-im-wasserland-niederlande-meine-highlights-fuer-flevoland-und-friesland\/","url":"https:\/\/www.tui.com\/blog\/auf-entdeckungstour-im-wasserland-niederlande-meine-highlights-fuer-flevoland-und-friesland\/","name":"Auf Entdeckungstour im Wasserland Niederlande: Meine Highlights f\u00fcr Flevoland und Friesland - TUI.com Reiseblog \u2600","isPartOf":{"@id":"https:\/\/www.tui.com\/blog\/#website"},"primaryImageOfPage":{"@id":"https:\/\/www.tui.com\/blog\/auf-entdeckungstour-im-wasserland-niederlande-meine-highlights-fuer-flevoland-und-friesland\/#primaryimage"},"image":{"@id":"https:\/\/www.tui.com\/blog\/auf-entdeckungstour-im-wasserland-niederlande-meine-highlights-fuer-flevoland-und-friesland\/#primaryimage"},"thumbnailUrl":"https:\/\/www.tui.com\/blog\/wp-content\/uploads\/2023\/04\/natur-friesland.jpg","datePublished":"2019-03-29T10:00:47+00:00","dateModified":"2025-06-20T08:10:20+00:00","breadcrumb":{"@id":"https:\/\/www.tui.com\/blog\/auf-entdeckungstour-im-wasserland-niederlande-meine-highlights-fuer-flevoland-und-friesland\/#breadcrumb"},"inLanguage":"de","potentialAction":[{"@type":"ReadAction","target":["https:\/\/www.tui.com\/blog\/auf-entdeckungstour-im-wasserland-niederlande-meine-highlights-fuer-flevoland-und-friesland\/"]}]},{"@type":"ImageObject","inLanguage":"de","@id":"https:\/\/www.tui.com\/blog\/auf-entdeckungstour-im-wasserland-niederlande-meine-highlights-fuer-flevoland-und-friesland\/#primaryimage","url":"https:\/\/www.tui.com\/blog\/wp-content\/uploads\/2023\/04\/natur-friesland.jpg","contentUrl":"https:\/\/www.tui.com\/blog\/wp-content\/uploads\/2023\/04\/natur-friesland.jpg","width":1400,"height":788,"caption":"Was f\u00fcr ein Panorama! Die tiefschwarzen, niederl\u00e4ndischen Friesen-Pferde stammen urspr\u00fcnglich aus der Provinz Friesland und sind hier \u00f6fter anzutreffen."},{"@type":"BreadcrumbList","@id":"https:\/\/www.tui.com\/blog\/auf-entdeckungstour-im-wasserland-niederlande-meine-highlights-fuer-flevoland-und-friesland\/#breadcrumb","itemListElement":[{"@type":"ListItem","position":1,"name":"Startseite","item":"https:\/\/www.tui.com\/blog\/"},{"@type":"ListItem","position":2,"name":"Auf Entdeckungstour im Wasserland Niederlande: Meine Highlights f\u00fcr Flevoland und Friesland"}]},{"@type":"WebSite","@id":"https:\/\/www.tui.com\/blog\/#website","url":"https:\/\/www.tui.com\/blog\/","name":"TUI.com Reiseblog \u2600","description":"Abenteuer oder lieber an den Strand? \u2600 Der TUI Reiseblog bietet tolle Infos rund um deine n\u00e4chste Reise \u2708 Komm vorbei und lass dich inspirieren \u221a","publisher":{"@id":"https:\/\/www.tui.com\/blog\/#organization"},"potentialAction":[{"@type":"SearchAction","target":{"@type":"EntryPoint","urlTemplate":"https:\/\/www.tui.com\/blog\/?s={search_term_string}"},"query-input":{"@type":"PropertyValueSpecification","valueRequired":true,"valueName":"search_term_string"}}],"inLanguage":"de"},{"@type":"Organization","@id":"https:\/\/www.tui.com\/blog\/#organization","name":"TUI.com Reiseblog \u2600","url":"https:\/\/www.tui.com\/blog\/","logo":{"@type":"ImageObject","inLanguage":"de","@id":"https:\/\/www.tui.com\/blog\/#\/schema\/logo\/image\/","url":"https:\/\/www.tui.com\/blog\/wp-content\/uploads\/2023\/04\/cropped-tui-logo-3.png","contentUrl":"https:\/\/www.tui.com\/blog\/wp-content\/uploads\/2023\/04\/cropped-tui-logo-3.png","width":164,"height":72,"caption":"TUI.com Reiseblog \u2600"},"image":{"@id":"https:\/\/www.tui.com\/blog\/#\/schema\/logo\/image\/"}},{"@type":"Person","@id":"https:\/\/www.tui.com\/blog\/#\/schema\/person\/e0405bcbd5102f3edd229113f1c50a06","name":"TUI Reiseexperten","image":{"@type":"ImageObject","inLanguage":"de","@id":"https:\/\/www.tui.com\/blog\/wp-content\/uploads\/2016\/10\/TUIMitarbeiter-178x176.jpg","url":"https:\/\/www.tui.com\/blog\/wp-content\/uploads\/2016\/10\/TUIMitarbeiter-178x176.jpg","contentUrl":"https:\/\/www.tui.com\/blog\/wp-content\/uploads\/2016\/10\/TUIMitarbeiter-178x176.jpg","caption":"TUI Reiseexperten"},"description":"TEST","url":"https:\/\/www.tui.com\/blog\/author\/tui-mitarbeiter\/"}]}},"_links":{"self":[{"href":"https:\/\/www.tui.com\/blog\/wp-json\/wp\/v2\/posts\/173692","targetHints":{"allow":["GET"]}}],"collection":[{"href":"https:\/\/www.tui.com\/blog\/wp-json\/wp\/v2\/posts"}],"about":[{"href":"https:\/\/www.tui.com\/blog\/wp-json\/wp\/v2\/types\/post"}],"author":[{"embeddable":true,"href":"https:\/\/www.tui.com\/blog\/wp-json\/wp\/v2\/users\/86"}],"replies":[{"embeddable":true,"href":"https:\/\/www.tui.com\/blog\/wp-json\/wp\/v2\/comments?post=173692"}],"version-history":[{"count":4,"href":"https:\/\/www.tui.com\/blog\/wp-json\/wp\/v2\/posts\/173692\/revisions"}],"predecessor-version":[{"id":474632,"href":"https:\/\/www.tui.com\/blog\/wp-json\/wp\/v2\/posts\/173692\/revisions\/474632"}],"wp:featuredmedia":[{"embeddable":true,"href":"https:\/\/www.tui.com\/blog\/wp-json\/wp\/v2\/media\/173726"}],"wp:attachment":[{"href":"https:\/\/www.tui.com\/blog\/wp-json\/wp\/v2\/media?parent=173692"}],"wp:term":[{"taxonomy":"category","embeddable":true,"href":"https:\/\/www.tui.com\/blog\/wp-json\/wp\/v2\/categories?post=173692"},{"taxonomy":"post_tag","embeddable":true,"href":"https:\/\/www.tui.com\/blog\/wp-json\/wp\/v2\/tags?post=173692"}],"curies":[{"name":"wp","href":"https:\/\/api.w.org\/{rel}","templated":true}]}}