{"id":175504,"date":"2019-06-13T10:00:38","date_gmt":"2019-06-13T08:00:38","guid":{"rendered":"https:\/\/blog.tui.info\/kreuzfahrt-premiere-mit-der-mein-schiff-1-nach-skandinavien\/"},"modified":"2025-07-29T13:51:33","modified_gmt":"2025-07-29T11:51:33","slug":"kreuzfahrt-premiere-mit-der-mein-schiff-1-nach-skandinavien","status":"publish","type":"post","link":"https:\/\/www.tui.com\/blog\/kreuzfahrt-premiere-mit-der-mein-schiff-1-nach-skandinavien\/","title":{"rendered":"Kreuzfahrt Premiere: Mit der Mein Schiff 1 nach Skandinavien"},"content":{"rendered":"\n<p class=\"firstTextGrey\">Die erste Kreuzfahrt hat Nicole trotz selbst attestierter Seeuntauglichkeit sehr gut \u00fcberstanden. Wie war die Premiere auf der Mein Schiff 1? Gibt es eine Wiederholung? Das erfahrt ihr hier!<\/p>\n\n\n\n<p>Ein runder Geburtstag erfordert manchmal besondere Vorbereitungen und so kam ich im vergangenen Herbst auf die verr\u00fcckte Idee, genau diesen f\u00fcr meine Mutter in einer besonderen Kulisse zu organisieren. Ganz ungeachtet meiner zahlreichen Versuche, entspannt eine Boots- oder F\u00e4hrfahrt zu \u00fcberstehen, schritten wir mutig zur Tat: Mit der Buchung einer 5-t\u00e4gigen Kreuzfahrt auf der Mein Schiff 1 nach <a href=\"https:\/\/www.meinschiff.com\/de\/kreuzfahrten\/region\/norwegen\" target=\"_blank\" rel=\"noreferrer noopener\">Norwegen und Schweden<\/a>.<\/p>\n\n\n\n<figure class=\"wp-block-image alignnone\"><img decoding=\"async\" width=\"1400\" height=\"788\" src=\"https:\/\/www.tui.com\/blog\/wp-content\/uploads\/2023\/04\/tui-cruises-mein-schiff-1-panoramablick.jpg\" alt=\"Mein Schiff 1\" class=\"wp-image-49824\"\/><figcaption class=\"wp-element-caption\">Start in einen neuen sonnig-k\u00fchlen Nordsee Tag auf dem Sonnendeck der Mein Schiff 1.<\/figcaption><\/figure>\n\n\n\n<p>Nun sind wir Kreuzfahrt-Neulinge wieder da. Und zu meiner \u00dcberraschung muss ich sagen: Das war klasse &#8211; wo bitte geht&#8217;s zur n\u00e4chsten TUI Cruises Kreuzfahrt? Was ist passiert auf hoher See? Hier sind sie:<\/p>\n\n\n\n<h3 class=\"wp-block-heading\">Meine 5 Gr\u00fcnde f\u00fcr eine weitere Kreuzfahrt mit TUI Cruises<\/h3>\n\n\n\n<h4 class=\"wp-block-heading\">\u26f5 <strong>100% Wohlf\u00fchlfaktor!<\/strong><\/h4>\n\n\n\n<figure class=\"wp-block-image alignnone\"><img decoding=\"async\" width=\"1400\" height=\"788\" src=\"https:\/\/www.tui.com\/blog\/wp-content\/uploads\/2023\/04\/tui-cruises-mein-schiff-1-eingang.jpg\" alt=\"Empfangsschild auf der Mein Schiff 1\" class=\"wp-image-49751\"\/><figcaption class=\"wp-element-caption\">Herzlicher Empfang beim Betreten der Mein Schiff 1<\/figcaption><\/figure>\n\n\n\n<p class=\"quote\">Willkommen zu Hause &#8211; mit diesen Worten empf\u00e4ngt TUI Cruises uns auf der Mein Schiff 1.<\/p>\n\n\n\n<p>Und das Gef\u00fchl, auch auf Reisen ein &#8222;zu Hause&#8220; zu haben, haben wir jeden Tag kompromisslos erleben d\u00fcrfen: Beim herzlichen Service aller Mitarbeiter, einer modernen und gleichzeitig wohnlichen Balkonkabine, liebevoll zubereiteten Mahlzeiten, in geschmackvoll und einladenden Innen- und Au\u00dfenbereichen, bei einem kreativen und hoch professionellen Tagesprogramm!<\/p>\n\n\n\n<h4 class=\"wp-block-heading\">\u26f5 <strong>Die Entdeckung der Langsamkeit<\/strong><\/h4>\n\n\n\n<figure class=\"wp-block-image alignnone\"><img decoding=\"async\" width=\"1400\" height=\"788\" src=\"https:\/\/www.tui.com\/blog\/wp-content\/uploads\/2023\/04\/tui-cruises-mein-schiff-sonnenaufgang.jpg\" alt=\"Sonnenaufgang auf der Mein Schiff 1\" class=\"wp-image-49748\"\/><figcaption class=\"wp-element-caption\">Als w\u00fcrde die Zeit stillstehen: Sonnenaufgang morgens kurz vor halb sechs.<\/figcaption><\/figure>\n\n\n\n<figure class=\"wp-block-image alignnone\"><img decoding=\"async\" width=\"1400\" height=\"788\" src=\"https:\/\/www.tui.com\/blog\/wp-content\/uploads\/2023\/04\/norwegen-oslo-fjord.jpg\" alt=\"Oslo Fjord\" class=\"wp-image-49739\"\/><figcaption class=\"wp-element-caption\">Mit 23 km\/h gleitet das Schiff lautlos in Zeitlupentempo durch den malerischen Oslo Fjord.<\/figcaption><\/figure>\n\n\n\n<p>23 Kilometer pro Stunde? Ehrlich? Herrlich! Ganz &#8222;leise&#8220; lassen wir die atemberaubenden Landschaften vorbeigleiten.<\/p>\n\n\n\n<p class=\"quote\">Eine wunderbare Art, zur Ruhe zu kommen und den Alltagsstress hinter sich zu lassen.<\/p>\n\n\n\n<h4 class=\"wp-block-heading\">\u26f5&nbsp;<strong>Stilvoll genie\u00dfen<\/strong><\/h4>\n\n\n\n<figure class=\"wp-block-gallery has-nested-images columns-2 is-cropped wp-block-gallery-1 is-layout-flex wp-block-gallery-is-layout-flex\">\n<figure class=\"wp-block-image size-large\"><img decoding=\"async\" width=\"1000\" height=\"563\" data-id=\"175506\" src=\"https:\/\/www.tui.com\/blog\/wp-content\/uploads\/2023\/04\/tui-cruises-mein-schiff-kaffeezeit-1000x563.jpg\" alt=\"Kaffeezeit in der Diamantbar\" class=\"wp-image-175506\" srcset=\"https:\/\/www.tui.com\/blog\/wp-content\/uploads\/2023\/04\/tui-cruises-mein-schiff-kaffeezeit-1000x563.jpg 1000w, https:\/\/www.tui.com\/blog\/wp-content\/uploads\/2023\/04\/tui-cruises-mein-schiff-kaffeezeit-790x444.jpg 790w, https:\/\/www.tui.com\/blog\/wp-content\/uploads\/2023\/04\/tui-cruises-mein-schiff-kaffeezeit-320x180.jpg 320w, https:\/\/www.tui.com\/blog\/wp-content\/uploads\/2023\/04\/tui-cruises-mein-schiff-kaffeezeit-768x432.jpg 768w, https:\/\/www.tui.com\/blog\/wp-content\/uploads\/2023\/04\/tui-cruises-mein-schiff-kaffeezeit.jpg 1400w\" sizes=\"(max-width: 1000px) 100vw, 1000px\" \/><\/figure>\n\n\n\n<figure class=\"wp-block-image size-large\"><img decoding=\"async\" width=\"1000\" height=\"563\" data-id=\"175508\" src=\"https:\/\/www.tui.com\/blog\/wp-content\/uploads\/2023\/04\/tui-cruises-mein-schiff-1-aussenbar-1000x563.jpg\" alt=\"Erfrischung in der Au\u00dfenalster Bar\" class=\"wp-image-175508\" srcset=\"https:\/\/www.tui.com\/blog\/wp-content\/uploads\/2023\/04\/tui-cruises-mein-schiff-1-aussenbar-1000x563.jpg 1000w, https:\/\/www.tui.com\/blog\/wp-content\/uploads\/2023\/04\/tui-cruises-mein-schiff-1-aussenbar-790x444.jpg 790w, https:\/\/www.tui.com\/blog\/wp-content\/uploads\/2023\/04\/tui-cruises-mein-schiff-1-aussenbar-320x180.jpg 320w, https:\/\/www.tui.com\/blog\/wp-content\/uploads\/2023\/04\/tui-cruises-mein-schiff-1-aussenbar-768x432.jpg 768w, https:\/\/www.tui.com\/blog\/wp-content\/uploads\/2023\/04\/tui-cruises-mein-schiff-1-aussenbar.jpg 1400w\" sizes=\"(max-width: 1000px) 100vw, 1000px\" \/><\/figure>\n<\/figure>\n\n\n\n<div id=\"gallery-5\" class=\"inlinegallery-items row\"><\/div>\n\n\n\n<figure class=\"wp-block-image alignnone\"><img decoding=\"async\" width=\"1400\" height=\"788\" src=\"https:\/\/www.tui.com\/blog\/wp-content\/uploads\/2023\/04\/tui-cruises-mein-schiff-1-esszimmer.jpg\" alt=\"Abendessen im Esszimmer\" class=\"wp-image-49752\"\/><figcaption class=\"wp-element-caption\">Entspannt genie\u00dfen: Abendessen im Esszimmer<\/figcaption><\/figure>\n\n\n\n<div>Egal, wo wir gegessen haben oder in welcher Bar wir sa\u00dfen: Der Drink oder das leckere Essen wurden immer begleitet von einer Wohlf\u00fchlatmosph\u00e4re und dem gro\u00dfartigen Blick auf das Meer.<\/div>\n\n\n\n<h4 class=\"wp-block-heading\">\u26f5&nbsp;<strong>Ein Hotel, viele Reiseziele<\/strong><\/h4>\n\n\n\n<figure class=\"wp-block-gallery has-nested-images columns-2 is-cropped wp-block-gallery-2 is-layout-flex wp-block-gallery-is-layout-flex\">\n<figure class=\"wp-block-image size-large\"><img decoding=\"async\" width=\"1000\" height=\"563\" data-id=\"175510\" src=\"https:\/\/www.tui.com\/blog\/wp-content\/uploads\/2023\/04\/norwegen-kristiansand-gelbes-holzhaus-1000x563.jpg\" alt=\"Bunte Holzfassaden in Kristiansand\" class=\"wp-image-175510\" srcset=\"https:\/\/www.tui.com\/blog\/wp-content\/uploads\/2023\/04\/norwegen-kristiansand-gelbes-holzhaus-1000x563.jpg 1000w, https:\/\/www.tui.com\/blog\/wp-content\/uploads\/2023\/04\/norwegen-kristiansand-gelbes-holzhaus-790x444.jpg 790w, https:\/\/www.tui.com\/blog\/wp-content\/uploads\/2023\/04\/norwegen-kristiansand-gelbes-holzhaus-320x180.jpg 320w, https:\/\/www.tui.com\/blog\/wp-content\/uploads\/2023\/04\/norwegen-kristiansand-gelbes-holzhaus-768x432.jpg 768w, https:\/\/www.tui.com\/blog\/wp-content\/uploads\/2023\/04\/norwegen-kristiansand-gelbes-holzhaus.jpg 1400w\" sizes=\"(max-width: 1000px) 100vw, 1000px\" \/><\/figure>\n\n\n\n<figure class=\"wp-block-image size-large\"><img decoding=\"async\" width=\"1000\" height=\"563\" data-id=\"175512\" src=\"https:\/\/www.tui.com\/blog\/wp-content\/uploads\/2023\/04\/norwegen-kristiansand-troll-1000x563.jpg\" alt=\"Troll Shop in Norwegen\" class=\"wp-image-175512\" srcset=\"https:\/\/www.tui.com\/blog\/wp-content\/uploads\/2023\/04\/norwegen-kristiansand-troll-1000x563.jpg 1000w, https:\/\/www.tui.com\/blog\/wp-content\/uploads\/2023\/04\/norwegen-kristiansand-troll-790x444.jpg 790w, https:\/\/www.tui.com\/blog\/wp-content\/uploads\/2023\/04\/norwegen-kristiansand-troll-320x180.jpg 320w, https:\/\/www.tui.com\/blog\/wp-content\/uploads\/2023\/04\/norwegen-kristiansand-troll-768x432.jpg 768w, https:\/\/www.tui.com\/blog\/wp-content\/uploads\/2023\/04\/norwegen-kristiansand-troll.jpg 1400w\" sizes=\"(max-width: 1000px) 100vw, 1000px\" \/><\/figure>\n<\/figure>\n\n\n\n<figure class=\"wp-block-gallery has-nested-images columns-2 is-cropped wp-block-gallery-3 is-layout-flex wp-block-gallery-is-layout-flex\">\n<figure class=\"wp-block-image size-large\"><img decoding=\"async\" width=\"1000\" height=\"563\" data-id=\"175514\" src=\"https:\/\/www.tui.com\/blog\/wp-content\/uploads\/2023\/04\/norwegen-oslo-holmenkollen-1000x563.jpg\" alt=\"Holmenkollen in Oslo\" class=\"wp-image-175514\" srcset=\"https:\/\/www.tui.com\/blog\/wp-content\/uploads\/2023\/04\/norwegen-oslo-holmenkollen-1000x563.jpg 1000w, https:\/\/www.tui.com\/blog\/wp-content\/uploads\/2023\/04\/norwegen-oslo-holmenkollen-790x444.jpg 790w, https:\/\/www.tui.com\/blog\/wp-content\/uploads\/2023\/04\/norwegen-oslo-holmenkollen-320x180.jpg 320w, https:\/\/www.tui.com\/blog\/wp-content\/uploads\/2023\/04\/norwegen-oslo-holmenkollen-768x432.jpg 768w, https:\/\/www.tui.com\/blog\/wp-content\/uploads\/2023\/04\/norwegen-oslo-holmenkollen.jpg 1400w\" sizes=\"(max-width: 1000px) 100vw, 1000px\" \/><\/figure>\n\n\n\n<figure class=\"wp-block-image size-large\"><img decoding=\"async\" width=\"1000\" height=\"563\" data-id=\"175516\" src=\"https:\/\/www.tui.com\/blog\/wp-content\/uploads\/2023\/04\/schweden-goeteborg-markthalle-1000x563.jpg\" alt=\"Markthalle mit schwedischen Spezialit\u00e4ten\" class=\"wp-image-175516\" srcset=\"https:\/\/www.tui.com\/blog\/wp-content\/uploads\/2023\/04\/schweden-goeteborg-markthalle-1000x563.jpg 1000w, https:\/\/www.tui.com\/blog\/wp-content\/uploads\/2023\/04\/schweden-goeteborg-markthalle-790x444.jpg 790w, https:\/\/www.tui.com\/blog\/wp-content\/uploads\/2023\/04\/schweden-goeteborg-markthalle-320x180.jpg 320w, https:\/\/www.tui.com\/blog\/wp-content\/uploads\/2023\/04\/schweden-goeteborg-markthalle-768x432.jpg 768w, https:\/\/www.tui.com\/blog\/wp-content\/uploads\/2023\/04\/schweden-goeteborg-markthalle.jpg 1400w\" sizes=\"(max-width: 1000px) 100vw, 1000px\" \/><\/figure>\n<\/figure>\n\n\n\n<p>Kristiansand, <a href=\"https:\/\/www.tui.com\/staedtereisen\/oslo\/\" target=\"_blank\" rel=\"noopener noreferrer\">Oslo<\/a>, <a href=\"https:\/\/www.tui.com\/hotels\/schweden\/goeteborg\/\" target=\"_blank\" rel=\"noopener noreferrer\">G\u00f6teborg<\/a>. Faszinierend, wie viele Orte und damit verbundene Reiseeindr\u00fccke sich in nur 5 Tagen entdecken und erleben lassen! Deshalb wird das Schiff f\u00fcr mich zuk\u00fcnftig die erste Wahl, wenn es darum geht, gleich mehrere St\u00e4dte in einem \u00fcberschaubaren Zeitraum zu sehen. Wer die Zeit im Hafen einer Stadt vorab gut plant, kann sich individuell auf Erkundungstour begeben. F\u00fcr alle, die Action m\u00f6gen oder intensive Auseinandersetzungen mit Stadtpl\u00e4nen und \u00f6ffentlichen Verkehrssystemen scheuen, stehen gef\u00fchrte Stadtrundfahrten und Touren mit dem Rad oder Segway zur Auswahl.<\/p>\n\n\n\n<h4 class=\"wp-block-heading\">\u26f5&nbsp;100% Erholung<\/h4>\n\n\n\n<p>Ok, ich gebe zu, wie in jeden Urlaub geh\u00f6rt auch ein bisschen Gl\u00fcck dazu &#8211; mit dem Wetter zum Beispiel. Oder bei einer Kreuzfahrt eben auch mit dem Wellengang. Doch wenn das alles gut l\u00e4uft, dann steht der puren Erholung nichts mehr im Weg.<\/p>\n\n\n\n<p class=\"quote\">Der Kreativit\u00e4t eurer Tagesgestaltung an Bord sind fast keine Grenzen gesetzt: Fitness, Laufen, Sauna, kulinarisch genie\u00dfen, gechillt relaxen oder einfach nur auf&#8217;s Meer schauen.<\/p>\n\n\n\n<figure class=\"wp-block-image alignnone\"><img decoding=\"async\" width=\"1400\" height=\"788\" src=\"https:\/\/www.tui.com\/blog\/wp-content\/uploads\/2023\/04\/tui-cruises-mein-schiff-sonnendeck.jpg\" alt=\"Blick aufs Meer von der Mein Schiff 1\" class=\"wp-image-49749\"\/><figcaption class=\"wp-element-caption\">Im Strandkorb die Weite des Meeres genie\u00dfen.<\/figcaption><\/figure>\n\n\n\n<h3 class=\"wp-block-heading\">Meine pers\u00f6nlichen Strategien gegen Seekrankheit<\/h3>\n\n\n\n<p>Das sch\u00f6nste Schiff und die sch\u00f6nsten Reiseziele n\u00fctzen nichts, wenn einen auf See \u00dcbelkeit und Schwindel ereilen. Und ja, tats\u00e4chlich begann die Reise mit heftigem Seegang in der Nordsee, was mir f\u00fcr einige Stunden ordentlich zu schaffen machte. Doch ich habe es schnell wieder in den Griff bekommen und konnte die Zeit an Bord genie\u00dfen! Und das hat mir (wahrscheinlich) dabei geholfen:<\/p>\n\n\n\n<ol class=\"wp-block-list\">\n<li><strong>Kabine in der Schiffsmitte:<\/strong> Die Wellenbewegungen bekommt man am meisten an Bug und Heck mit.<\/li>\n\n\n\n<li><strong>Bett in Fahrtrichtung:<\/strong> Ich fahre nicht gerne r\u00fcckw\u00e4rts Zug &#8211; warum sollte es beim Schiff anders sein.<\/li>\n\n\n\n<li><strong>Seabands!&nbsp;<\/strong>Die Reisetablette versagte ihren Dienst. Da kamen die Akupunktur Seabands zum Einsatz.<\/li>\n\n\n\n<li><strong>Treppenaufg\u00e4nge vermeiden:&nbsp;<\/strong>Wenn&#8217;s schaukelt, vermeide ich &#8211; wenn irgendwie m\u00f6glich &#8211; die Innenbereiche und vor allem die Treppenaufg\u00e4nge.<\/li>\n\n\n\n<li><strong>Frische Luft: <\/strong>Immer eine Wohltat &#8211; ob mit oder ohne Wellengang!<\/li>\n\n\n\n<li><strong>Ingwer:<\/strong> Ingwerbonbons, Ingwertee, Ingwerwurzel, Ingwerpulver, Ingwertabletten &#8211; egal, Hauptsache Ingwer!<\/li>\n<\/ol>\n\n\n\n<p>&nbsp;<\/p>\n\n\n\n<div style=\"border: 2px dotted #000000; padding: 10px;\">\n<div id=\"attachment_45441\" class=\"wp-caption alignright\" style=\"width: 147px;\">\n<figure><a href=\"https:\/\/www.tui.com\/blog\/author\/helke\"><img decoding=\"async\" class=\" wp-image-45441\" src=\"https:\/\/www.tui.com\/blog\/wp-content\/uploads\/2023\/04\/Helke-im-KidsClub.jpg\" alt=\"Helke bei der Arbeit\" width=\"137\" height=\"198\" aria-describedby=\"caption-attachment-45441\"><\/a><\/figure><p><\/p>\n<p id=\"caption-attachment-45441\" class=\"wp-caption-text\">Helke auf der Mein Schiff 4<\/p>\n<\/div>\n<h3>Lust auf mehr Berichte von der Mein Schiff?<\/h3>\n<p>Bloggerin Helke hat noch zwei im Gep\u00e4ck. Hier geht&#8217;s lang:<\/p>\n<p>\u25ba <a href=\"https:\/\/www.tui.com\/blog\/ahoi-matrose-helke-an-bord-der-mein-schiff-4-meine-besten-tipps-und-tricks-fuer-euren-wohlfuehlurlaub\/\">Ahoi Matrose! Helke an Bord der Mein Schiff 4: Meine besten Tipps und Tricks f\u00fcr euren Wohlf\u00fchlurlaub<\/a><\/p>\n<p>\u25ba <a href=\"https:\/\/www.tui.com\/blog\/alleinreisen-mit-der-mein-schiff-2-tipps-fuer-eure-solokreuzfahrt\/\">Alleinreisen mit der Mein Schiff 2: Tipps f\u00fcr eure (Solo)kreuzfahrt<\/a><\/p>\n<p>\u25ba <a href=\"\/blog\/author\/helke\">Zum Autorenprofil von TUI Bloggerin Helke<\/a><\/p>\n<\/div>\n\n\n\n<p>&nbsp;<\/p>\n","protected":false},"excerpt":{"rendered":"<p>Die erste Kreuzfahrt hat Nicole trotz selbst attestierter Seeuntauglichkeit sehr gut \u00fcberstanden. Wie war die Premiere auf der Mein Schiff 1? Gibt es eine Wiederholung? Das erfahrt ihr hier! Ein runder Geburtstag erfordert manchmal besondere Vorbereitungen und so kam ich im vergangenen Herbst auf die verr\u00fcckte Idee, genau diesen f\u00fcr<\/p>\n","protected":false},"author":75,"featured_media":175530,"comment_status":"open","ping_status":"open","sticky":false,"template":"","format":"standard","meta":{"_acf_changed":false,"footnotes":""},"categories":[4066,4052,4030,4050],"tags":[1135,74,2358,480,84],"class_list":["post-175504","post","type-post","status-publish","format-standard","has-post-thumbnail","hentry","category-archiv-andere-reisearten","category-archiv-reisearten","category-archiv-reiseziele","category-archiv-weitere-beliebte-reiseziele","tag-kreuzfahrt","tag-mein-schiff","tag-oslo","tag-skandinavien","tag-tui-cruises"],"acf":[],"yoast_head":"<!-- This site is optimized with the Yoast SEO plugin v27.4 - https:\/\/yoast.com\/product\/yoast-seo-wordpress\/ -->\n<title>Kreuzfahrt Premiere: Mit der Mein Schiff 1 nach Skandinavien - TUI.com Reiseblog \u2600<\/title>\n<meta name=\"description\" content=\"Die erste Kreuzfahrt auf der Mein Schiff 1 von TUI Cruises. Bloggerin Nicole erz\u00e4hlt, warum es ein Wiedersehen geben wird!\" \/>\n<meta name=\"robots\" content=\"index, follow, max-snippet:-1, max-image-preview:large, max-video-preview:-1\" \/>\n<link rel=\"canonical\" href=\"https:\/\/www.tui.com\/blog\/kreuzfahrt-premiere-mit-der-mein-schiff-1-nach-skandinavien\/\" \/>\n<meta property=\"og:locale\" content=\"de_DE\" \/>\n<meta property=\"og:type\" content=\"article\" \/>\n<meta property=\"og:title\" content=\"Kreuzfahrt Premiere: Mit der Mein Schiff 1 nach Skandinavien - TUI.com Reiseblog \u2600\" \/>\n<meta property=\"og:description\" content=\"Die erste Kreuzfahrt auf der Mein Schiff 1 von TUI Cruises. Bloggerin Nicole erz\u00e4hlt, warum es ein Wiedersehen geben wird!\" \/>\n<meta property=\"og:url\" content=\"https:\/\/www.tui.com\/blog\/kreuzfahrt-premiere-mit-der-mein-schiff-1-nach-skandinavien\/\" \/>\n<meta property=\"og:site_name\" content=\"TUI.com Reiseblog \u2600\" \/>\n<meta property=\"article:published_time\" content=\"2019-06-13T08:00:38+00:00\" \/>\n<meta property=\"article:modified_time\" content=\"2025-07-29T11:51:33+00:00\" \/>\n<meta property=\"og:image\" content=\"https:\/\/www.tui.com\/blog\/wp-content\/uploads\/2023\/04\/tui-cruises-mein-schiff-sonnendeck.jpg\" \/>\n\t<meta property=\"og:image:width\" content=\"1400\" \/>\n\t<meta property=\"og:image:height\" content=\"788\" \/>\n\t<meta property=\"og:image:type\" content=\"image\/jpeg\" \/>\n<meta name=\"author\" content=\"TUI Bloggerin Nicole\" \/>\n<meta name=\"twitter:card\" content=\"summary_large_image\" \/>\n<meta name=\"twitter:label1\" content=\"Verfasst von\" \/>\n\t<meta name=\"twitter:data1\" content=\"TUI Bloggerin Nicole\" \/>\n\t<meta name=\"twitter:label2\" content=\"Gesch\u00e4tzte Lesezeit\" \/>\n\t<meta name=\"twitter:data2\" content=\"4\u00a0Minuten\" \/>\n<script type=\"application\/ld+json\" class=\"yoast-schema-graph\">{\"@context\":\"https:\\\/\\\/schema.org\",\"@graph\":[{\"@type\":\"BlogPosting\",\"@id\":\"https:\\\/\\\/www.tui.com\\\/blog\\\/kreuzfahrt-premiere-mit-der-mein-schiff-1-nach-skandinavien\\\/#article\",\"isPartOf\":{\"@id\":\"https:\\\/\\\/www.tui.com\\\/blog\\\/kreuzfahrt-premiere-mit-der-mein-schiff-1-nach-skandinavien\\\/\"},\"author\":{\"name\":\"TUI Bloggerin Nicole\",\"@id\":\"https:\\\/\\\/www.tui.com\\\/blog\\\/#\\\/schema\\\/person\\\/555714fb8e03d32cbcec4d33b82df20d\"},\"headline\":\"Kreuzfahrt Premiere: Mit der Mein Schiff 1 nach Skandinavien\",\"datePublished\":\"2019-06-13T08:00:38+00:00\",\"dateModified\":\"2025-07-29T11:51:33+00:00\",\"mainEntityOfPage\":{\"@id\":\"https:\\\/\\\/www.tui.com\\\/blog\\\/kreuzfahrt-premiere-mit-der-mein-schiff-1-nach-skandinavien\\\/\"},\"wordCount\":746,\"commentCount\":0,\"publisher\":{\"@id\":\"https:\\\/\\\/www.tui.com\\\/blog\\\/#organization\"},\"image\":{\"@id\":\"https:\\\/\\\/www.tui.com\\\/blog\\\/kreuzfahrt-premiere-mit-der-mein-schiff-1-nach-skandinavien\\\/#primaryimage\"},\"thumbnailUrl\":\"https:\\\/\\\/www.tui.com\\\/blog\\\/wp-content\\\/uploads\\\/2023\\\/04\\\/tui-cruises-mein-schiff-sonnendeck.jpg\",\"keywords\":[\"Kreuzfahrt\",\"Mein Schiff\",\"Oslo\",\"Skandinavien\",\"TUI Cruises\"],\"articleSection\":[\"Andere Reisearten\",\"Reisearten\",\"Reiseziele\",\"weitere beliebte Reiseziele\"],\"inLanguage\":\"de\",\"potentialAction\":[{\"@type\":\"CommentAction\",\"name\":\"Comment\",\"target\":[\"https:\\\/\\\/www.tui.com\\\/blog\\\/kreuzfahrt-premiere-mit-der-mein-schiff-1-nach-skandinavien\\\/#respond\"]}]},{\"@type\":\"WebPage\",\"@id\":\"https:\\\/\\\/www.tui.com\\\/blog\\\/kreuzfahrt-premiere-mit-der-mein-schiff-1-nach-skandinavien\\\/\",\"url\":\"https:\\\/\\\/www.tui.com\\\/blog\\\/kreuzfahrt-premiere-mit-der-mein-schiff-1-nach-skandinavien\\\/\",\"name\":\"Kreuzfahrt Premiere: Mit der Mein Schiff 1 nach Skandinavien - TUI.com Reiseblog \u2600\",\"isPartOf\":{\"@id\":\"https:\\\/\\\/www.tui.com\\\/blog\\\/#website\"},\"primaryImageOfPage\":{\"@id\":\"https:\\\/\\\/www.tui.com\\\/blog\\\/kreuzfahrt-premiere-mit-der-mein-schiff-1-nach-skandinavien\\\/#primaryimage\"},\"image\":{\"@id\":\"https:\\\/\\\/www.tui.com\\\/blog\\\/kreuzfahrt-premiere-mit-der-mein-schiff-1-nach-skandinavien\\\/#primaryimage\"},\"thumbnailUrl\":\"https:\\\/\\\/www.tui.com\\\/blog\\\/wp-content\\\/uploads\\\/2023\\\/04\\\/tui-cruises-mein-schiff-sonnendeck.jpg\",\"datePublished\":\"2019-06-13T08:00:38+00:00\",\"dateModified\":\"2025-07-29T11:51:33+00:00\",\"description\":\"Die erste Kreuzfahrt auf der Mein Schiff 1 von TUI Cruises. Bloggerin Nicole erz\u00e4hlt, warum es ein Wiedersehen geben wird!\",\"breadcrumb\":{\"@id\":\"https:\\\/\\\/www.tui.com\\\/blog\\\/kreuzfahrt-premiere-mit-der-mein-schiff-1-nach-skandinavien\\\/#breadcrumb\"},\"inLanguage\":\"de\",\"potentialAction\":[{\"@type\":\"ReadAction\",\"target\":[\"https:\\\/\\\/www.tui.com\\\/blog\\\/kreuzfahrt-premiere-mit-der-mein-schiff-1-nach-skandinavien\\\/\"]}]},{\"@type\":\"ImageObject\",\"inLanguage\":\"de\",\"@id\":\"https:\\\/\\\/www.tui.com\\\/blog\\\/kreuzfahrt-premiere-mit-der-mein-schiff-1-nach-skandinavien\\\/#primaryimage\",\"url\":\"https:\\\/\\\/www.tui.com\\\/blog\\\/wp-content\\\/uploads\\\/2023\\\/04\\\/tui-cruises-mein-schiff-sonnendeck.jpg\",\"contentUrl\":\"https:\\\/\\\/www.tui.com\\\/blog\\\/wp-content\\\/uploads\\\/2023\\\/04\\\/tui-cruises-mein-schiff-sonnendeck.jpg\",\"width\":1400,\"height\":788,\"caption\":\"Im Strandkorb die Weite des Meeres genie\u00dfen.\"},{\"@type\":\"BreadcrumbList\",\"@id\":\"https:\\\/\\\/www.tui.com\\\/blog\\\/kreuzfahrt-premiere-mit-der-mein-schiff-1-nach-skandinavien\\\/#breadcrumb\",\"itemListElement\":[{\"@type\":\"ListItem\",\"position\":1,\"name\":\"Startseite\",\"item\":\"https:\\\/\\\/www.tui.com\\\/blog\\\/\"},{\"@type\":\"ListItem\",\"position\":2,\"name\":\"Kreuzfahrt Premiere: Mit der Mein Schiff 1 nach Skandinavien\"}]},{\"@type\":\"WebSite\",\"@id\":\"https:\\\/\\\/www.tui.com\\\/blog\\\/#website\",\"url\":\"https:\\\/\\\/www.tui.com\\\/blog\\\/\",\"name\":\"TUI.com Reiseblog \u2600\",\"description\":\"Abenteuer oder lieber an den Strand? \u2600 Der TUI Reiseblog bietet tolle Infos rund um deine n\u00e4chste Reise \u2708 Komm vorbei und lass dich inspirieren \u221a\",\"publisher\":{\"@id\":\"https:\\\/\\\/www.tui.com\\\/blog\\\/#organization\"},\"potentialAction\":[{\"@type\":\"SearchAction\",\"target\":{\"@type\":\"EntryPoint\",\"urlTemplate\":\"https:\\\/\\\/www.tui.com\\\/blog\\\/?s={search_term_string}\"},\"query-input\":{\"@type\":\"PropertyValueSpecification\",\"valueRequired\":true,\"valueName\":\"search_term_string\"}}],\"inLanguage\":\"de\"},{\"@type\":\"Organization\",\"@id\":\"https:\\\/\\\/www.tui.com\\\/blog\\\/#organization\",\"name\":\"TUI.com Reiseblog \u2600\",\"url\":\"https:\\\/\\\/www.tui.com\\\/blog\\\/\",\"logo\":{\"@type\":\"ImageObject\",\"inLanguage\":\"de\",\"@id\":\"https:\\\/\\\/www.tui.com\\\/blog\\\/#\\\/schema\\\/logo\\\/image\\\/\",\"url\":\"https:\\\/\\\/www.tui.com\\\/blog\\\/wp-content\\\/uploads\\\/2023\\\/04\\\/cropped-tui-logo-3.png\",\"contentUrl\":\"https:\\\/\\\/www.tui.com\\\/blog\\\/wp-content\\\/uploads\\\/2023\\\/04\\\/cropped-tui-logo-3.png\",\"width\":164,\"height\":72,\"caption\":\"TUI.com Reiseblog \u2600\"},\"image\":{\"@id\":\"https:\\\/\\\/www.tui.com\\\/blog\\\/#\\\/schema\\\/logo\\\/image\\\/\"}},{\"@type\":\"Person\",\"@id\":\"https:\\\/\\\/www.tui.com\\\/blog\\\/#\\\/schema\\\/person\\\/555714fb8e03d32cbcec4d33b82df20d\",\"name\":\"TUI Bloggerin Nicole\",\"image\":{\"@type\":\"ImageObject\",\"inLanguage\":\"de\",\"@id\":\"https:\\\/\\\/www.tui.com\\\/blog\\\/wp-content\\\/uploads\\\/2017\\\/10\\\/nicole-profilbild-200x200-200x180.jpg\",\"url\":\"https:\\\/\\\/www.tui.com\\\/blog\\\/wp-content\\\/uploads\\\/2017\\\/10\\\/nicole-profilbild-200x200-200x180.jpg\",\"contentUrl\":\"https:\\\/\\\/www.tui.com\\\/blog\\\/wp-content\\\/uploads\\\/2017\\\/10\\\/nicole-profilbild-200x200-200x180.jpg\",\"caption\":\"TUI Bloggerin Nicole\"},\"url\":\"https:\\\/\\\/www.tui.com\\\/blog\\\/author\\\/nicole\\\/\"}]}<\/script>\n<!-- \/ Yoast SEO plugin. -->","yoast_head_json":{"title":"Kreuzfahrt Premiere: Mit der Mein Schiff 1 nach Skandinavien - TUI.com Reiseblog \u2600","description":"Die erste Kreuzfahrt auf der Mein Schiff 1 von TUI Cruises. Bloggerin Nicole erz\u00e4hlt, warum es ein Wiedersehen geben wird!","robots":{"index":"index","follow":"follow","max-snippet":"max-snippet:-1","max-image-preview":"max-image-preview:large","max-video-preview":"max-video-preview:-1"},"canonical":"https:\/\/www.tui.com\/blog\/kreuzfahrt-premiere-mit-der-mein-schiff-1-nach-skandinavien\/","og_locale":"de_DE","og_type":"article","og_title":"Kreuzfahrt Premiere: Mit der Mein Schiff 1 nach Skandinavien - TUI.com Reiseblog \u2600","og_description":"Die erste Kreuzfahrt auf der Mein Schiff 1 von TUI Cruises. Bloggerin Nicole erz\u00e4hlt, warum es ein Wiedersehen geben wird!","og_url":"https:\/\/www.tui.com\/blog\/kreuzfahrt-premiere-mit-der-mein-schiff-1-nach-skandinavien\/","og_site_name":"TUI.com Reiseblog \u2600","article_published_time":"2019-06-13T08:00:38+00:00","article_modified_time":"2025-07-29T11:51:33+00:00","og_image":[{"width":1400,"height":788,"url":"https:\/\/www.tui.com\/blog\/wp-content\/uploads\/2023\/04\/tui-cruises-mein-schiff-sonnendeck.jpg","type":"image\/jpeg"}],"author":"TUI Bloggerin Nicole","twitter_card":"summary_large_image","twitter_misc":{"Verfasst von":"TUI Bloggerin Nicole","Gesch\u00e4tzte Lesezeit":"4\u00a0Minuten"},"schema":{"@context":"https:\/\/schema.org","@graph":[{"@type":"BlogPosting","@id":"https:\/\/www.tui.com\/blog\/kreuzfahrt-premiere-mit-der-mein-schiff-1-nach-skandinavien\/#article","isPartOf":{"@id":"https:\/\/www.tui.com\/blog\/kreuzfahrt-premiere-mit-der-mein-schiff-1-nach-skandinavien\/"},"author":{"name":"TUI Bloggerin Nicole","@id":"https:\/\/www.tui.com\/blog\/#\/schema\/person\/555714fb8e03d32cbcec4d33b82df20d"},"headline":"Kreuzfahrt Premiere: Mit der Mein Schiff 1 nach Skandinavien","datePublished":"2019-06-13T08:00:38+00:00","dateModified":"2025-07-29T11:51:33+00:00","mainEntityOfPage":{"@id":"https:\/\/www.tui.com\/blog\/kreuzfahrt-premiere-mit-der-mein-schiff-1-nach-skandinavien\/"},"wordCount":746,"commentCount":0,"publisher":{"@id":"https:\/\/www.tui.com\/blog\/#organization"},"image":{"@id":"https:\/\/www.tui.com\/blog\/kreuzfahrt-premiere-mit-der-mein-schiff-1-nach-skandinavien\/#primaryimage"},"thumbnailUrl":"https:\/\/www.tui.com\/blog\/wp-content\/uploads\/2023\/04\/tui-cruises-mein-schiff-sonnendeck.jpg","keywords":["Kreuzfahrt","Mein Schiff","Oslo","Skandinavien","TUI Cruises"],"articleSection":["Andere Reisearten","Reisearten","Reiseziele","weitere beliebte Reiseziele"],"inLanguage":"de","potentialAction":[{"@type":"CommentAction","name":"Comment","target":["https:\/\/www.tui.com\/blog\/kreuzfahrt-premiere-mit-der-mein-schiff-1-nach-skandinavien\/#respond"]}]},{"@type":"WebPage","@id":"https:\/\/www.tui.com\/blog\/kreuzfahrt-premiere-mit-der-mein-schiff-1-nach-skandinavien\/","url":"https:\/\/www.tui.com\/blog\/kreuzfahrt-premiere-mit-der-mein-schiff-1-nach-skandinavien\/","name":"Kreuzfahrt Premiere: Mit der Mein Schiff 1 nach Skandinavien - TUI.com Reiseblog \u2600","isPartOf":{"@id":"https:\/\/www.tui.com\/blog\/#website"},"primaryImageOfPage":{"@id":"https:\/\/www.tui.com\/blog\/kreuzfahrt-premiere-mit-der-mein-schiff-1-nach-skandinavien\/#primaryimage"},"image":{"@id":"https:\/\/www.tui.com\/blog\/kreuzfahrt-premiere-mit-der-mein-schiff-1-nach-skandinavien\/#primaryimage"},"thumbnailUrl":"https:\/\/www.tui.com\/blog\/wp-content\/uploads\/2023\/04\/tui-cruises-mein-schiff-sonnendeck.jpg","datePublished":"2019-06-13T08:00:38+00:00","dateModified":"2025-07-29T11:51:33+00:00","description":"Die erste Kreuzfahrt auf der Mein Schiff 1 von TUI Cruises. Bloggerin Nicole erz\u00e4hlt, warum es ein Wiedersehen geben wird!","breadcrumb":{"@id":"https:\/\/www.tui.com\/blog\/kreuzfahrt-premiere-mit-der-mein-schiff-1-nach-skandinavien\/#breadcrumb"},"inLanguage":"de","potentialAction":[{"@type":"ReadAction","target":["https:\/\/www.tui.com\/blog\/kreuzfahrt-premiere-mit-der-mein-schiff-1-nach-skandinavien\/"]}]},{"@type":"ImageObject","inLanguage":"de","@id":"https:\/\/www.tui.com\/blog\/kreuzfahrt-premiere-mit-der-mein-schiff-1-nach-skandinavien\/#primaryimage","url":"https:\/\/www.tui.com\/blog\/wp-content\/uploads\/2023\/04\/tui-cruises-mein-schiff-sonnendeck.jpg","contentUrl":"https:\/\/www.tui.com\/blog\/wp-content\/uploads\/2023\/04\/tui-cruises-mein-schiff-sonnendeck.jpg","width":1400,"height":788,"caption":"Im Strandkorb die Weite des Meeres genie\u00dfen."},{"@type":"BreadcrumbList","@id":"https:\/\/www.tui.com\/blog\/kreuzfahrt-premiere-mit-der-mein-schiff-1-nach-skandinavien\/#breadcrumb","itemListElement":[{"@type":"ListItem","position":1,"name":"Startseite","item":"https:\/\/www.tui.com\/blog\/"},{"@type":"ListItem","position":2,"name":"Kreuzfahrt Premiere: Mit der Mein Schiff 1 nach Skandinavien"}]},{"@type":"WebSite","@id":"https:\/\/www.tui.com\/blog\/#website","url":"https:\/\/www.tui.com\/blog\/","name":"TUI.com Reiseblog \u2600","description":"Abenteuer oder lieber an den Strand? \u2600 Der TUI Reiseblog bietet tolle Infos rund um deine n\u00e4chste Reise \u2708 Komm vorbei und lass dich inspirieren \u221a","publisher":{"@id":"https:\/\/www.tui.com\/blog\/#organization"},"potentialAction":[{"@type":"SearchAction","target":{"@type":"EntryPoint","urlTemplate":"https:\/\/www.tui.com\/blog\/?s={search_term_string}"},"query-input":{"@type":"PropertyValueSpecification","valueRequired":true,"valueName":"search_term_string"}}],"inLanguage":"de"},{"@type":"Organization","@id":"https:\/\/www.tui.com\/blog\/#organization","name":"TUI.com Reiseblog \u2600","url":"https:\/\/www.tui.com\/blog\/","logo":{"@type":"ImageObject","inLanguage":"de","@id":"https:\/\/www.tui.com\/blog\/#\/schema\/logo\/image\/","url":"https:\/\/www.tui.com\/blog\/wp-content\/uploads\/2023\/04\/cropped-tui-logo-3.png","contentUrl":"https:\/\/www.tui.com\/blog\/wp-content\/uploads\/2023\/04\/cropped-tui-logo-3.png","width":164,"height":72,"caption":"TUI.com Reiseblog \u2600"},"image":{"@id":"https:\/\/www.tui.com\/blog\/#\/schema\/logo\/image\/"}},{"@type":"Person","@id":"https:\/\/www.tui.com\/blog\/#\/schema\/person\/555714fb8e03d32cbcec4d33b82df20d","name":"TUI Bloggerin Nicole","image":{"@type":"ImageObject","inLanguage":"de","@id":"https:\/\/www.tui.com\/blog\/wp-content\/uploads\/2017\/10\/nicole-profilbild-200x200-200x180.jpg","url":"https:\/\/www.tui.com\/blog\/wp-content\/uploads\/2017\/10\/nicole-profilbild-200x200-200x180.jpg","contentUrl":"https:\/\/www.tui.com\/blog\/wp-content\/uploads\/2017\/10\/nicole-profilbild-200x200-200x180.jpg","caption":"TUI Bloggerin Nicole"},"url":"https:\/\/www.tui.com\/blog\/author\/nicole\/"}]}},"_links":{"self":[{"href":"https:\/\/www.tui.com\/blog\/wp-json\/wp\/v2\/posts\/175504","targetHints":{"allow":["GET"]}}],"collection":[{"href":"https:\/\/www.tui.com\/blog\/wp-json\/wp\/v2\/posts"}],"about":[{"href":"https:\/\/www.tui.com\/blog\/wp-json\/wp\/v2\/types\/post"}],"author":[{"embeddable":true,"href":"https:\/\/www.tui.com\/blog\/wp-json\/wp\/v2\/users\/75"}],"replies":[{"embeddable":true,"href":"https:\/\/www.tui.com\/blog\/wp-json\/wp\/v2\/comments?post=175504"}],"version-history":[{"count":5,"href":"https:\/\/www.tui.com\/blog\/wp-json\/wp\/v2\/posts\/175504\/revisions"}],"predecessor-version":[{"id":479448,"href":"https:\/\/www.tui.com\/blog\/wp-json\/wp\/v2\/posts\/175504\/revisions\/479448"}],"wp:featuredmedia":[{"embeddable":true,"href":"https:\/\/www.tui.com\/blog\/wp-json\/wp\/v2\/media\/175530"}],"wp:attachment":[{"href":"https:\/\/www.tui.com\/blog\/wp-json\/wp\/v2\/media?parent=175504"}],"wp:term":[{"taxonomy":"category","embeddable":true,"href":"https:\/\/www.tui.com\/blog\/wp-json\/wp\/v2\/categories?post=175504"},{"taxonomy":"post_tag","embeddable":true,"href":"https:\/\/www.tui.com\/blog\/wp-json\/wp\/v2\/tags?post=175504"}],"curies":[{"name":"wp","href":"https:\/\/api.w.org\/{rel}","templated":true}]}}