{"id":178308,"date":"2019-10-31T11:03:54","date_gmt":"2019-10-31T10:03:54","guid":{"rendered":"https:\/\/blog.tui.info\/nordsee-kurzurlaub-ein-verlaengertes-wochenende-auf-foehr\/"},"modified":"2025-04-04T10:46:40","modified_gmt":"2025-04-04T08:46:40","slug":"nordsee-kurzurlaub-ein-verlaengertes-wochenende-auf-foehr","status":"publish","type":"post","link":"https:\/\/www.tui.com\/blog\/nordsee-kurzurlaub-ein-verlaengertes-wochenende-auf-foehr\/","title":{"rendered":"Nordsee Kurzurlaub &#8211; ein verl\u00e4ngertes Wochenende auf F\u00f6hr"},"content":{"rendered":"\n<p class=\"firstTextGrey\">Nicole hat sich dieses Jahr auf Nordsee Urlaub spezialisiert. Nach Sylt im Sommer kam nun F\u00f6hr im Herbst \u2013 was f\u00fcr eine Entdeckung!<\/p>\n\n\n\n<p class=\"quote\">Das gro\u00dfe Urlaubsgl\u00fcck kann so nah liegen. Ich hab eine neue gro\u00dfe Liebe entdeckt: <a href=\"https:\/\/www.tui.com\/pauschalreisen\/deutschland\/nordsee\/\" target=\"_blank\" rel=\"noopener noreferrer\">Urlaub an der Nordsee<\/a>!<\/p>\n\n\n\n<p>Was f\u00fcr andere das ewig gleiche Reiseziel der Kindheit ist, ist f\u00fcr mich eine spannende und bereichernde Neuentdeckung: Wilder Wolkentanz statt ewig blauer Himmel, steife Brise statt laues L\u00fcftchen, mit Liebe gebackener Apfelkuchen im Landcaf\u00e9 statt Cocktail in der Beachbar. Nach einem sommerlichen <a href=\"https:\/\/www.tui.com\/pauschalreisen\/deutschland\/nordsee\/sylt\/\" target=\"_blank\" rel=\"noopener noreferrer\">Urlaub auf Sylt<\/a> (wir wollten jetzt auch endlich mal mitreden k\u00f6nnen \ud83d\ude09 ) war die Neugier gro\u00df &#8211; und so legten wir spontan ein langes Wochenende auf F\u00f6hr nach.<\/p>\n\n\n\n<figure class=\"wp-block-image alignnone\"><img decoding=\"async\" width=\"1400\" height=\"788\" src=\"https:\/\/www.tui.com\/blog\/wp-content\/uploads\/2023\/04\/nordsee-foehr-strand-strandkoerbe.jpg\" alt=\"Blick vom S\u00fcdstrand auf die Hallig Langene\u00df\" class=\"wp-image-52281\"\/><figcaption class=\"wp-element-caption\">Herbstliche Ruhe am S\u00fcdstrand von Wyk auf F\u00f6hr<\/figcaption><\/figure>\n\n\n\n<h2 class=\"wp-block-heading\">Wie ihr nach F\u00f6hr kommt<\/h2>\n\n\n\n<p>Wir waren ohne Auto auf F\u00f6hr. Das haben wir in Dageb\u00fcll stehengelassen, von wo die F\u00e4hre nach Wyk auf F\u00f6hr \u00fcbersetzt. <strong>Tipp<\/strong>: Wer sein Auto auf die Insel mitnimmt, der sollte sich fr\u00fchzeitig seinen Stellplatz f\u00fcr die F\u00e4hr-R\u00fcckfahrt buchen, bestenfalls schon vor der Reise \u2013 Kurzentschlossene m\u00fcssen sich oft mit den Randzeiten (4 Uhr morgens oder sehr sp\u00e4t abends) zufrieden geben. Oder auch mal unfreiwillig eine Nacht verl\u00e4ngern.<\/p>\n\n\n\n<p>Und was erwartet einen da nun so auf der Insel?<br><strong>Hier meine pers\u00f6nlichen Highlights:<\/strong><\/p>\n\n\n\n<h2 class=\"wp-block-heading\">Erholung f\u00fcr Naturliebhaber: Die Str\u00e4nde auf F\u00f6hr<\/h2>\n\n\n\n<figure class=\"wp-block-gallery has-nested-images columns-3 is-cropped wp-block-gallery-1 is-layout-flex wp-block-gallery-is-layout-flex\">\n<figure class=\"wp-block-image size-large\"><img decoding=\"async\" width=\"1000\" height=\"563\" data-id=\"178310\" src=\"https:\/\/www.tui.com\/blog\/wp-content\/uploads\/2023\/04\/nordsee-foehr-strand-1000x563.jpg\" alt=\"Nordsee F\u00f6hr Strand\" class=\"wp-image-178310\" srcset=\"https:\/\/www.tui.com\/blog\/wp-content\/uploads\/2023\/04\/nordsee-foehr-strand-1000x563.jpg 1000w, https:\/\/www.tui.com\/blog\/wp-content\/uploads\/2023\/04\/nordsee-foehr-strand-790x444.jpg 790w, https:\/\/www.tui.com\/blog\/wp-content\/uploads\/2023\/04\/nordsee-foehr-strand-320x180.jpg 320w, https:\/\/www.tui.com\/blog\/wp-content\/uploads\/2023\/04\/nordsee-foehr-strand-768x432.jpg 768w, https:\/\/www.tui.com\/blog\/wp-content\/uploads\/2023\/04\/nordsee-foehr-strand.jpg 1400w\" sizes=\"(max-width: 1000px) 100vw, 1000px\" \/><\/figure>\n\n\n\n<figure class=\"wp-block-image size-large\"><img decoding=\"async\" width=\"1000\" height=\"563\" data-id=\"178312\" src=\"https:\/\/www.tui.com\/blog\/wp-content\/uploads\/2023\/04\/nordsee-foehr-strand-watt-1000x563.jpg\" alt=\"Nordsee F\u00f6hr Strand\" class=\"wp-image-178312\" srcset=\"https:\/\/www.tui.com\/blog\/wp-content\/uploads\/2023\/04\/nordsee-foehr-strand-watt-1000x563.jpg 1000w, https:\/\/www.tui.com\/blog\/wp-content\/uploads\/2023\/04\/nordsee-foehr-strand-watt-790x444.jpg 790w, https:\/\/www.tui.com\/blog\/wp-content\/uploads\/2023\/04\/nordsee-foehr-strand-watt-320x180.jpg 320w, https:\/\/www.tui.com\/blog\/wp-content\/uploads\/2023\/04\/nordsee-foehr-strand-watt-768x432.jpg 768w, https:\/\/www.tui.com\/blog\/wp-content\/uploads\/2023\/04\/nordsee-foehr-strand-watt.jpg 1400w\" sizes=\"(max-width: 1000px) 100vw, 1000px\" \/><\/figure>\n\n\n\n<figure class=\"wp-block-image size-large\"><img decoding=\"async\" width=\"1000\" height=\"563\" data-id=\"178314\" src=\"https:\/\/www.tui.com\/blog\/wp-content\/uploads\/2023\/04\/nordsee-foehr-duenen-1000x563.jpg\" alt=\"D\u00fcnen F\u00f6hr\" class=\"wp-image-178314\" srcset=\"https:\/\/www.tui.com\/blog\/wp-content\/uploads\/2023\/04\/nordsee-foehr-duenen-1000x563.jpg 1000w, https:\/\/www.tui.com\/blog\/wp-content\/uploads\/2023\/04\/nordsee-foehr-duenen-790x444.jpg 790w, https:\/\/www.tui.com\/blog\/wp-content\/uploads\/2023\/04\/nordsee-foehr-duenen-320x180.jpg 320w, https:\/\/www.tui.com\/blog\/wp-content\/uploads\/2023\/04\/nordsee-foehr-duenen-768x432.jpg 768w, https:\/\/www.tui.com\/blog\/wp-content\/uploads\/2023\/04\/nordsee-foehr-duenen.jpg 1400w\" sizes=\"(max-width: 1000px) 100vw, 1000px\" \/><\/figure>\n\n\n\n<figure class=\"wp-block-image size-large\"><img decoding=\"async\" width=\"1000\" height=\"563\" data-id=\"178316\" src=\"https:\/\/www.tui.com\/blog\/wp-content\/uploads\/2023\/04\/nordsee-foehr-strand-steg-1000x563.jpg\" alt=\"Steg zum Strand\" class=\"wp-image-178316\" srcset=\"https:\/\/www.tui.com\/blog\/wp-content\/uploads\/2023\/04\/nordsee-foehr-strand-steg-1000x563.jpg 1000w, https:\/\/www.tui.com\/blog\/wp-content\/uploads\/2023\/04\/nordsee-foehr-strand-steg-790x444.jpg 790w, https:\/\/www.tui.com\/blog\/wp-content\/uploads\/2023\/04\/nordsee-foehr-strand-steg-320x180.jpg 320w, https:\/\/www.tui.com\/blog\/wp-content\/uploads\/2023\/04\/nordsee-foehr-strand-steg-768x432.jpg 768w, https:\/\/www.tui.com\/blog\/wp-content\/uploads\/2023\/04\/nordsee-foehr-strand-steg.jpg 1400w\" sizes=\"(max-width: 1000px) 100vw, 1000px\" \/><\/figure>\n\n\n\n<figure class=\"wp-block-image size-large\"><img decoding=\"async\" width=\"1000\" height=\"563\" data-id=\"178318\" src=\"https:\/\/www.tui.com\/blog\/wp-content\/uploads\/2023\/04\/nordsee-foehr-steg-ebbe-1000x563.jpg\" alt=\"F\u00f6hr Steg bei Ebbe\" class=\"wp-image-178318\" srcset=\"https:\/\/www.tui.com\/blog\/wp-content\/uploads\/2023\/04\/nordsee-foehr-steg-ebbe-1000x563.jpg 1000w, https:\/\/www.tui.com\/blog\/wp-content\/uploads\/2023\/04\/nordsee-foehr-steg-ebbe-790x444.jpg 790w, https:\/\/www.tui.com\/blog\/wp-content\/uploads\/2023\/04\/nordsee-foehr-steg-ebbe-320x180.jpg 320w, https:\/\/www.tui.com\/blog\/wp-content\/uploads\/2023\/04\/nordsee-foehr-steg-ebbe-768x432.jpg 768w, https:\/\/www.tui.com\/blog\/wp-content\/uploads\/2023\/04\/nordsee-foehr-steg-ebbe.jpg 1400w\" sizes=\"(max-width: 1000px) 100vw, 1000px\" \/><\/figure>\n\n\n\n<figure class=\"wp-block-image size-large\"><img decoding=\"async\" width=\"1000\" height=\"563\" data-id=\"178320\" src=\"https:\/\/www.tui.com\/blog\/wp-content\/uploads\/2023\/04\/nordsee-foehr-steg-flut-1000x563.jpg\" alt=\"F\u00f6hr Steg bei Flut\" class=\"wp-image-178320\" srcset=\"https:\/\/www.tui.com\/blog\/wp-content\/uploads\/2023\/04\/nordsee-foehr-steg-flut-1000x563.jpg 1000w, https:\/\/www.tui.com\/blog\/wp-content\/uploads\/2023\/04\/nordsee-foehr-steg-flut-790x444.jpg 790w, https:\/\/www.tui.com\/blog\/wp-content\/uploads\/2023\/04\/nordsee-foehr-steg-flut-320x180.jpg 320w, https:\/\/www.tui.com\/blog\/wp-content\/uploads\/2023\/04\/nordsee-foehr-steg-flut-768x432.jpg 768w, https:\/\/www.tui.com\/blog\/wp-content\/uploads\/2023\/04\/nordsee-foehr-steg-flut.jpg 1400w\" sizes=\"(max-width: 1000px) 100vw, 1000px\" \/><\/figure>\n<\/figure>\n\n\n\n<p>Die sch\u00f6nen Str\u00e4nde von F\u00f6hr laden ganzj\u00e4hrig zum Spazierengehen mit oder ohne Hund und im Sommer zum Baden ein. Sie sind <strong>zwischen Utersum im Westen der Insel und Wyk auf F\u00f6hr<\/strong> zu finden. Hier liegt euch auch das Wattenmeer zu F\u00fc\u00dfen. Wir haben es selber noch nicht ausprobiert, aber vielfach geh\u00f6rt, dass Wattwanderungen von F\u00f6hr nach Amrum angeboten werden \u2013 zur\u00fcck geht&#8217;s dann mit der F\u00e4hre.<\/p>\n\n\n\n<h2 class=\"wp-block-heading\">Die sch\u00f6nste Art der Fortbewegung: F\u00f6hr mit dem Rad<\/h2>\n\n\n\n<figure class=\"wp-block-gallery has-nested-images columns-3 is-cropped wp-block-gallery-2 is-layout-flex wp-block-gallery-is-layout-flex\">\n<figure class=\"wp-block-image size-large\"><img decoding=\"async\" width=\"1000\" height=\"563\" data-id=\"178322\" src=\"https:\/\/www.tui.com\/blog\/wp-content\/uploads\/2023\/04\/nordsee-foehr-radweg-am-meer-1000x563.jpg\" alt=\"Radweg am Meer\" class=\"wp-image-178322\" srcset=\"https:\/\/www.tui.com\/blog\/wp-content\/uploads\/2023\/04\/nordsee-foehr-radweg-am-meer-1000x563.jpg 1000w, https:\/\/www.tui.com\/blog\/wp-content\/uploads\/2023\/04\/nordsee-foehr-radweg-am-meer-790x444.jpg 790w, https:\/\/www.tui.com\/blog\/wp-content\/uploads\/2023\/04\/nordsee-foehr-radweg-am-meer-320x180.jpg 320w, https:\/\/www.tui.com\/blog\/wp-content\/uploads\/2023\/04\/nordsee-foehr-radweg-am-meer-768x432.jpg 768w, https:\/\/www.tui.com\/blog\/wp-content\/uploads\/2023\/04\/nordsee-foehr-radweg-am-meer.jpg 1400w\" sizes=\"(max-width: 1000px) 100vw, 1000px\" \/><\/figure>\n\n\n\n<figure class=\"wp-block-image size-large\"><img decoding=\"async\" width=\"1000\" height=\"563\" data-id=\"178324\" src=\"https:\/\/www.tui.com\/blog\/wp-content\/uploads\/2023\/04\/nordsee-foehr-fahrraeder-1000x563.jpg\" alt=\"Unsere Fahrr\u00e4der\" class=\"wp-image-178324\" srcset=\"https:\/\/www.tui.com\/blog\/wp-content\/uploads\/2023\/04\/nordsee-foehr-fahrraeder-1000x563.jpg 1000w, https:\/\/www.tui.com\/blog\/wp-content\/uploads\/2023\/04\/nordsee-foehr-fahrraeder-790x444.jpg 790w, https:\/\/www.tui.com\/blog\/wp-content\/uploads\/2023\/04\/nordsee-foehr-fahrraeder-320x180.jpg 320w, https:\/\/www.tui.com\/blog\/wp-content\/uploads\/2023\/04\/nordsee-foehr-fahrraeder-768x432.jpg 768w, https:\/\/www.tui.com\/blog\/wp-content\/uploads\/2023\/04\/nordsee-foehr-fahrraeder.jpg 1400w\" sizes=\"(max-width: 1000px) 100vw, 1000px\" \/><\/figure>\n\n\n\n<figure class=\"wp-block-image size-large\"><img decoding=\"async\" width=\"1000\" height=\"563\" data-id=\"178326\" src=\"https:\/\/www.tui.com\/blog\/wp-content\/uploads\/2023\/04\/nordsee-foehr-vogelschutzgebiet-1000x563.jpg\" alt=\"Vogelschutzgebiet F\u00f6hr\" class=\"wp-image-178326\" srcset=\"https:\/\/www.tui.com\/blog\/wp-content\/uploads\/2023\/04\/nordsee-foehr-vogelschutzgebiet-1000x563.jpg 1000w, https:\/\/www.tui.com\/blog\/wp-content\/uploads\/2023\/04\/nordsee-foehr-vogelschutzgebiet-790x444.jpg 790w, https:\/\/www.tui.com\/blog\/wp-content\/uploads\/2023\/04\/nordsee-foehr-vogelschutzgebiet-320x180.jpg 320w, https:\/\/www.tui.com\/blog\/wp-content\/uploads\/2023\/04\/nordsee-foehr-vogelschutzgebiet-768x432.jpg 768w, https:\/\/www.tui.com\/blog\/wp-content\/uploads\/2023\/04\/nordsee-foehr-vogelschutzgebiet.jpg 1400w\" sizes=\"(max-width: 1000px) 100vw, 1000px\" \/><\/figure>\n<\/figure>\n\n\n\n<p>Auf der Insel dienten uns zwei moderne Trekking-Bikes als Fortbewegungsmittel. Jeder Radverleih, den wir gesehen haben, hatte auch E-Bikes im Angebot. Es gibt verschiedenste, gut ausgeschilderte Rundtouren, die die Inselorte auf unterschiedliche Weise miteinander kombinieren.<\/p>\n\n\n\n<p><strong>Unser pers\u00f6nliches Radtour Highlight:<\/strong> Direkt hinter dem Hafen von Wyk beginnt ein langer Radweg auf der Wasserseite des Deichs Richtung Norden. Hier k\u00f6nnte ihr fast die halbe Insel mit Meerblick umrunden. Auf H\u00f6he des Ortes Oldsum geht es dann wieder ins Inselinnere.<\/p>\n\n\n\n<h2 class=\"wp-block-heading\">F\u00fcr Genie\u00dfer: Gem\u00fctliche Landcaf\u00e9s in den Inseld\u00f6rfern<\/h2>\n\n\n\n<figure class=\"wp-block-gallery has-nested-images columns-3 is-cropped wp-block-gallery-3 is-layout-flex wp-block-gallery-is-layout-flex\">\n<figure class=\"wp-block-image size-large\"><img decoding=\"async\" width=\"1000\" height=\"563\" data-id=\"178328\" src=\"https:\/\/www.tui.com\/blog\/wp-content\/uploads\/2023\/04\/nordsee-foehr-kuchen-1000x563.jpg\" alt=\"Kuchen in Stellys H\u00fc\u00fcs\" class=\"wp-image-178328\" srcset=\"https:\/\/www.tui.com\/blog\/wp-content\/uploads\/2023\/04\/nordsee-foehr-kuchen-1000x563.jpg 1000w, https:\/\/www.tui.com\/blog\/wp-content\/uploads\/2023\/04\/nordsee-foehr-kuchen-790x444.jpg 790w, https:\/\/www.tui.com\/blog\/wp-content\/uploads\/2023\/04\/nordsee-foehr-kuchen-320x180.jpg 320w, https:\/\/www.tui.com\/blog\/wp-content\/uploads\/2023\/04\/nordsee-foehr-kuchen-768x432.jpg 768w, https:\/\/www.tui.com\/blog\/wp-content\/uploads\/2023\/04\/nordsee-foehr-kuchen.jpg 1400w\" sizes=\"(max-width: 1000px) 100vw, 1000px\" \/><\/figure>\n\n\n\n<figure class=\"wp-block-image size-large\"><img decoding=\"async\" width=\"1000\" height=\"563\" data-id=\"178330\" src=\"https:\/\/www.tui.com\/blog\/wp-content\/uploads\/2023\/04\/nordsee-foehr-nieblum-1000x563.jpg\" alt=\"Kapit\u00e4nsh\u00e4user\" class=\"wp-image-178330\" srcset=\"https:\/\/www.tui.com\/blog\/wp-content\/uploads\/2023\/04\/nordsee-foehr-nieblum-1000x563.jpg 1000w, https:\/\/www.tui.com\/blog\/wp-content\/uploads\/2023\/04\/nordsee-foehr-nieblum-790x444.jpg 790w, https:\/\/www.tui.com\/blog\/wp-content\/uploads\/2023\/04\/nordsee-foehr-nieblum-320x180.jpg 320w, https:\/\/www.tui.com\/blog\/wp-content\/uploads\/2023\/04\/nordsee-foehr-nieblum-768x432.jpg 768w, https:\/\/www.tui.com\/blog\/wp-content\/uploads\/2023\/04\/nordsee-foehr-nieblum.jpg 1400w\" sizes=\"(max-width: 1000px) 100vw, 1000px\" \/><\/figure>\n\n\n\n<figure class=\"wp-block-image size-large\"><img decoding=\"async\" width=\"1000\" height=\"563\" data-id=\"178332\" src=\"https:\/\/www.tui.com\/blog\/wp-content\/uploads\/2023\/04\/nordsee-foehr-stellys-hues-1000x563.jpg\" alt=\"Sitzecke Stellys H\u00fc\u00fcs\" class=\"wp-image-178332\" srcset=\"https:\/\/www.tui.com\/blog\/wp-content\/uploads\/2023\/04\/nordsee-foehr-stellys-hues-1000x563.jpg 1000w, https:\/\/www.tui.com\/blog\/wp-content\/uploads\/2023\/04\/nordsee-foehr-stellys-hues-790x444.jpg 790w, https:\/\/www.tui.com\/blog\/wp-content\/uploads\/2023\/04\/nordsee-foehr-stellys-hues-320x180.jpg 320w, https:\/\/www.tui.com\/blog\/wp-content\/uploads\/2023\/04\/nordsee-foehr-stellys-hues-768x432.jpg 768w, https:\/\/www.tui.com\/blog\/wp-content\/uploads\/2023\/04\/nordsee-foehr-stellys-hues.jpg 1400w\" sizes=\"(max-width: 1000px) 100vw, 1000px\" \/><\/figure>\n\n\n\n<figure class=\"wp-block-image size-large\"><img decoding=\"async\" width=\"760\" height=\"420\" data-id=\"178334\" src=\"https:\/\/www.tui.com\/blog\/wp-content\/uploads\/2023\/04\/teestube-nieblum.jpg\" alt=\"Teestube Nieblum\" class=\"wp-image-178334\" srcset=\"https:\/\/www.tui.com\/blog\/wp-content\/uploads\/2023\/04\/teestube-nieblum.jpg 760w, https:\/\/www.tui.com\/blog\/wp-content\/uploads\/2023\/04\/teestube-nieblum-360x200.jpg 360w\" sizes=\"(max-width: 760px) 100vw, 760px\" \/><\/figure>\n\n\n\n<figure class=\"wp-block-image size-large\"><img decoding=\"async\" width=\"1000\" height=\"563\" data-id=\"178336\" src=\"https:\/\/www.tui.com\/blog\/wp-content\/uploads\/2023\/04\/nordsee-foehr-cafe-im-apfelgarten-1000x563.jpg\" alt=\"Caf\u00e9 im Apfelgarten\" class=\"wp-image-178336\" srcset=\"https:\/\/www.tui.com\/blog\/wp-content\/uploads\/2023\/04\/nordsee-foehr-cafe-im-apfelgarten-1000x563.jpg 1000w, https:\/\/www.tui.com\/blog\/wp-content\/uploads\/2023\/04\/nordsee-foehr-cafe-im-apfelgarten-790x444.jpg 790w, https:\/\/www.tui.com\/blog\/wp-content\/uploads\/2023\/04\/nordsee-foehr-cafe-im-apfelgarten-320x180.jpg 320w, https:\/\/www.tui.com\/blog\/wp-content\/uploads\/2023\/04\/nordsee-foehr-cafe-im-apfelgarten-768x432.jpg 768w, https:\/\/www.tui.com\/blog\/wp-content\/uploads\/2023\/04\/nordsee-foehr-cafe-im-apfelgarten.jpg 1400w\" sizes=\"(max-width: 1000px) 100vw, 1000px\" \/><\/figure>\n<\/figure>\n\n\n\n<p>Die Seele baumeln lassen. Bei Tee, Kaffee, Kakao, liebevoll zubereiteten Kuchen und weiteren Leckereien \u2013 das geht nahezu in jedem Inselort! Die kleinen, gem\u00fctlichen Caf\u00e9s haben im Sturm unser Herz erobert. Besonders gut hat es uns in Stellys H\u00fc\u00fcs in Oldsum gefallen. Mit viel Liebe zum Detail und in heimeliger Wohnzimmeratmosph\u00e4re hat es uns hier in vier Tagen gleich zweimal hingezogen. Aber auch die Teestube in Nieblum oder das Caf\u00e8 Klein Helgoland in Wyk mit tollem Blick auf&#8217;s Meer sind auf jeden Fall einen Besuch wert!<\/p>\n\n\n\n<div style=\"border: 2px dotted #000000; padding: 10px;\">\n<h3>Lust auf mehr Berichte zu Nordsee Urlaub?<\/h3>\n<p>Hier geht\u2019s lang:<\/p>\n<p>\u25ba <a href=\"https:\/\/www.tui.com\/blog\/ankommen-und-wohlfuehlen-mein-tag-auf-langeoog\/\">Ein Tag auf Langeoog<\/a><\/p>\n<p>\u25ba <a href=\"https:\/\/www.tui.com\/blog\/liebesbriefe-an-die-heimat-meine-nordsee\/\">Liebesbriefe an die Heimat: Meine Nordsee<\/a><\/p>\n<p>\u25ba <a href=\"https:\/\/www.tui.com\/blog\/sylt-mein-erstes-mal\/\">Sylt &#8211; mein erstes Mal<\/a><\/p>\n<p>\u25ba <a href=\"https:\/\/www.tui.com\/blog\/kurzurlaub-an-der-nordsee-mit-dem-fahrrad-auf-pellworm\/\">Kurzurlaub an der Nordsee &#8211; Mit dem Fahrrad auf Pellworm<\/a><\/p>\n<\/div>\n\n\n\n<p><\/p>\n\n\n<\/p>","protected":false},"excerpt":{"rendered":"<p>Nicole hat sich dieses Jahr auf Nordsee Urlaub spezialisiert. Nach Sylt im Sommer kam nun F\u00f6hr im Herbst \u2013 was f\u00fcr eine Entdeckung!<\/p>\n","protected":false},"author":75,"featured_media":178340,"comment_status":"open","ping_status":"open","sticky":false,"template":"","format":"standard","meta":{"_acf_changed":false,"footnotes":""},"categories":[4068,4040,4052,4030,4056],"tags":[270,2563,441,282,310],"class_list":["post-178308","post","type-post","status-publish","format-standard","has-post-thumbnail","hentry","category-archiv-beste-reisezeit","category-archiv-deutschland","category-archiv-reisearten","category-archiv-reiseziele","category-archiv-urlaub-am-meer","tag-deutschland","tag-herbst","tag-kurztrip","tag-nordsee","tag-wellness"],"acf":[],"yoast_head":"<!-- This site is optimized with the Yoast SEO plugin v27.4 - https:\/\/yoast.com\/product\/yoast-seo-wordpress\/ -->\n<title>Nordsee Kurzurlaub - ein verl\u00e4ngertes Wochenende auf F\u00f6hr - TUI.com Reiseblog \u2600<\/title>\n<meta name=\"description\" content=\"Erholung pur beim Nordsee Urlaub auf F\u00f6hr: Lange Str\u00e4nde, idyllische Inseld\u00f6rfer und ganz viel Gem\u00fctlichkeit!\" \/>\n<meta name=\"robots\" content=\"index, follow, max-snippet:-1, max-image-preview:large, max-video-preview:-1\" \/>\n<link rel=\"canonical\" href=\"https:\/\/www.tui.com\/blog\/nordsee-kurzurlaub-ein-verlaengertes-wochenende-auf-foehr\/\" \/>\n<meta property=\"og:locale\" content=\"de_DE\" \/>\n<meta property=\"og:type\" content=\"article\" \/>\n<meta property=\"og:title\" content=\"Nordsee Kurzurlaub - ein verl\u00e4ngertes Wochenende auf F\u00f6hr - TUI.com Reiseblog \u2600\" \/>\n<meta property=\"og:description\" content=\"Erholung pur beim Nordsee Urlaub auf F\u00f6hr: Lange Str\u00e4nde, idyllische Inseld\u00f6rfer und ganz viel Gem\u00fctlichkeit!\" \/>\n<meta property=\"og:url\" content=\"https:\/\/www.tui.com\/blog\/nordsee-kurzurlaub-ein-verlaengertes-wochenende-auf-foehr\/\" \/>\n<meta property=\"og:site_name\" content=\"TUI.com Reiseblog \u2600\" \/>\n<meta property=\"article:published_time\" content=\"2019-10-31T10:03:54+00:00\" \/>\n<meta property=\"article:modified_time\" content=\"2025-04-04T08:46:40+00:00\" \/>\n<meta property=\"og:image\" content=\"https:\/\/www.tui.com\/blog\/wp-content\/uploads\/2023\/04\/nordsee-foehr-strand-strandkoerbe.jpg\" \/>\n\t<meta property=\"og:image:width\" content=\"1400\" \/>\n\t<meta property=\"og:image:height\" content=\"788\" \/>\n\t<meta property=\"og:image:type\" content=\"image\/jpeg\" \/>\n<meta name=\"author\" content=\"TUI Bloggerin Nicole\" \/>\n<meta name=\"twitter:card\" content=\"summary_large_image\" \/>\n<meta name=\"twitter:label1\" content=\"Verfasst von\" \/>\n\t<meta name=\"twitter:data1\" content=\"TUI Bloggerin Nicole\" \/>\n\t<meta name=\"twitter:label2\" content=\"Gesch\u00e4tzte Lesezeit\" \/>\n\t<meta name=\"twitter:data2\" content=\"3\u00a0Minuten\" \/>\n<script type=\"application\/ld+json\" class=\"yoast-schema-graph\">{\"@context\":\"https:\\\/\\\/schema.org\",\"@graph\":[{\"@type\":\"BlogPosting\",\"@id\":\"https:\\\/\\\/www.tui.com\\\/blog\\\/nordsee-kurzurlaub-ein-verlaengertes-wochenende-auf-foehr\\\/#article\",\"isPartOf\":{\"@id\":\"https:\\\/\\\/www.tui.com\\\/blog\\\/nordsee-kurzurlaub-ein-verlaengertes-wochenende-auf-foehr\\\/\"},\"author\":{\"name\":\"TUI Bloggerin Nicole\",\"@id\":\"https:\\\/\\\/www.tui.com\\\/blog\\\/#\\\/schema\\\/person\\\/555714fb8e03d32cbcec4d33b82df20d\"},\"headline\":\"Nordsee Kurzurlaub &#8211; ein verl\u00e4ngertes Wochenende auf F\u00f6hr\",\"datePublished\":\"2019-10-31T10:03:54+00:00\",\"dateModified\":\"2025-04-04T08:46:40+00:00\",\"mainEntityOfPage\":{\"@id\":\"https:\\\/\\\/www.tui.com\\\/blog\\\/nordsee-kurzurlaub-ein-verlaengertes-wochenende-auf-foehr\\\/\"},\"wordCount\":554,\"commentCount\":0,\"publisher\":{\"@id\":\"https:\\\/\\\/www.tui.com\\\/blog\\\/#organization\"},\"image\":{\"@id\":\"https:\\\/\\\/www.tui.com\\\/blog\\\/nordsee-kurzurlaub-ein-verlaengertes-wochenende-auf-foehr\\\/#primaryimage\"},\"thumbnailUrl\":\"https:\\\/\\\/www.tui.com\\\/blog\\\/wp-content\\\/uploads\\\/2023\\\/04\\\/nordsee-foehr-strand-strandkoerbe.jpg\",\"keywords\":[\"Deutschland\",\"Herbst\",\"Kurztrip\",\"Nordsee\",\"Wellness\"],\"articleSection\":[\"Beste Reisezeit\",\"Deutschland\",\"Reisearten\",\"Reiseziele\",\"Urlaub am Meer\"],\"inLanguage\":\"de\",\"potentialAction\":[{\"@type\":\"CommentAction\",\"name\":\"Comment\",\"target\":[\"https:\\\/\\\/www.tui.com\\\/blog\\\/nordsee-kurzurlaub-ein-verlaengertes-wochenende-auf-foehr\\\/#respond\"]}]},{\"@type\":\"WebPage\",\"@id\":\"https:\\\/\\\/www.tui.com\\\/blog\\\/nordsee-kurzurlaub-ein-verlaengertes-wochenende-auf-foehr\\\/\",\"url\":\"https:\\\/\\\/www.tui.com\\\/blog\\\/nordsee-kurzurlaub-ein-verlaengertes-wochenende-auf-foehr\\\/\",\"name\":\"Nordsee Kurzurlaub - ein verl\u00e4ngertes Wochenende auf F\u00f6hr - TUI.com Reiseblog \u2600\",\"isPartOf\":{\"@id\":\"https:\\\/\\\/www.tui.com\\\/blog\\\/#website\"},\"primaryImageOfPage\":{\"@id\":\"https:\\\/\\\/www.tui.com\\\/blog\\\/nordsee-kurzurlaub-ein-verlaengertes-wochenende-auf-foehr\\\/#primaryimage\"},\"image\":{\"@id\":\"https:\\\/\\\/www.tui.com\\\/blog\\\/nordsee-kurzurlaub-ein-verlaengertes-wochenende-auf-foehr\\\/#primaryimage\"},\"thumbnailUrl\":\"https:\\\/\\\/www.tui.com\\\/blog\\\/wp-content\\\/uploads\\\/2023\\\/04\\\/nordsee-foehr-strand-strandkoerbe.jpg\",\"datePublished\":\"2019-10-31T10:03:54+00:00\",\"dateModified\":\"2025-04-04T08:46:40+00:00\",\"description\":\"Erholung pur beim Nordsee Urlaub auf F\u00f6hr: Lange Str\u00e4nde, idyllische Inseld\u00f6rfer und ganz viel Gem\u00fctlichkeit!\",\"breadcrumb\":{\"@id\":\"https:\\\/\\\/www.tui.com\\\/blog\\\/nordsee-kurzurlaub-ein-verlaengertes-wochenende-auf-foehr\\\/#breadcrumb\"},\"inLanguage\":\"de\",\"potentialAction\":[{\"@type\":\"ReadAction\",\"target\":[\"https:\\\/\\\/www.tui.com\\\/blog\\\/nordsee-kurzurlaub-ein-verlaengertes-wochenende-auf-foehr\\\/\"]}]},{\"@type\":\"ImageObject\",\"inLanguage\":\"de\",\"@id\":\"https:\\\/\\\/www.tui.com\\\/blog\\\/nordsee-kurzurlaub-ein-verlaengertes-wochenende-auf-foehr\\\/#primaryimage\",\"url\":\"https:\\\/\\\/www.tui.com\\\/blog\\\/wp-content\\\/uploads\\\/2023\\\/04\\\/nordsee-foehr-strand-strandkoerbe.jpg\",\"contentUrl\":\"https:\\\/\\\/www.tui.com\\\/blog\\\/wp-content\\\/uploads\\\/2023\\\/04\\\/nordsee-foehr-strand-strandkoerbe.jpg\",\"width\":1400,\"height\":788,\"caption\":\"Herbstliche Ruhe am S\u00fcdstrand von Wyk auf F\u00f6hr\"},{\"@type\":\"BreadcrumbList\",\"@id\":\"https:\\\/\\\/www.tui.com\\\/blog\\\/nordsee-kurzurlaub-ein-verlaengertes-wochenende-auf-foehr\\\/#breadcrumb\",\"itemListElement\":[{\"@type\":\"ListItem\",\"position\":1,\"name\":\"Startseite\",\"item\":\"https:\\\/\\\/www.tui.com\\\/blog\\\/\"},{\"@type\":\"ListItem\",\"position\":2,\"name\":\"Nordsee Kurzurlaub &#8211; ein verl\u00e4ngertes Wochenende auf F\u00f6hr\"}]},{\"@type\":\"WebSite\",\"@id\":\"https:\\\/\\\/www.tui.com\\\/blog\\\/#website\",\"url\":\"https:\\\/\\\/www.tui.com\\\/blog\\\/\",\"name\":\"TUI.com Reiseblog \u2600\",\"description\":\"Abenteuer oder lieber an den Strand? \u2600 Der TUI Reiseblog bietet tolle Infos rund um deine n\u00e4chste Reise \u2708 Komm vorbei und lass dich inspirieren \u221a\",\"publisher\":{\"@id\":\"https:\\\/\\\/www.tui.com\\\/blog\\\/#organization\"},\"potentialAction\":[{\"@type\":\"SearchAction\",\"target\":{\"@type\":\"EntryPoint\",\"urlTemplate\":\"https:\\\/\\\/www.tui.com\\\/blog\\\/?s={search_term_string}\"},\"query-input\":{\"@type\":\"PropertyValueSpecification\",\"valueRequired\":true,\"valueName\":\"search_term_string\"}}],\"inLanguage\":\"de\"},{\"@type\":\"Organization\",\"@id\":\"https:\\\/\\\/www.tui.com\\\/blog\\\/#organization\",\"name\":\"TUI.com Reiseblog \u2600\",\"url\":\"https:\\\/\\\/www.tui.com\\\/blog\\\/\",\"logo\":{\"@type\":\"ImageObject\",\"inLanguage\":\"de\",\"@id\":\"https:\\\/\\\/www.tui.com\\\/blog\\\/#\\\/schema\\\/logo\\\/image\\\/\",\"url\":\"https:\\\/\\\/www.tui.com\\\/blog\\\/wp-content\\\/uploads\\\/2023\\\/04\\\/cropped-tui-logo-3.png\",\"contentUrl\":\"https:\\\/\\\/www.tui.com\\\/blog\\\/wp-content\\\/uploads\\\/2023\\\/04\\\/cropped-tui-logo-3.png\",\"width\":164,\"height\":72,\"caption\":\"TUI.com Reiseblog \u2600\"},\"image\":{\"@id\":\"https:\\\/\\\/www.tui.com\\\/blog\\\/#\\\/schema\\\/logo\\\/image\\\/\"}},{\"@type\":\"Person\",\"@id\":\"https:\\\/\\\/www.tui.com\\\/blog\\\/#\\\/schema\\\/person\\\/555714fb8e03d32cbcec4d33b82df20d\",\"name\":\"TUI Bloggerin Nicole\",\"image\":{\"@type\":\"ImageObject\",\"inLanguage\":\"de\",\"@id\":\"https:\\\/\\\/www.tui.com\\\/blog\\\/wp-content\\\/uploads\\\/2017\\\/10\\\/nicole-profilbild-200x200-200x180.jpg\",\"url\":\"https:\\\/\\\/www.tui.com\\\/blog\\\/wp-content\\\/uploads\\\/2017\\\/10\\\/nicole-profilbild-200x200-200x180.jpg\",\"contentUrl\":\"https:\\\/\\\/www.tui.com\\\/blog\\\/wp-content\\\/uploads\\\/2017\\\/10\\\/nicole-profilbild-200x200-200x180.jpg\",\"caption\":\"TUI Bloggerin Nicole\"},\"url\":\"https:\\\/\\\/www.tui.com\\\/blog\\\/author\\\/nicole\\\/\"}]}<\/script>\n<!-- \/ Yoast SEO plugin. -->","yoast_head_json":{"title":"Nordsee Kurzurlaub - ein verl\u00e4ngertes Wochenende auf F\u00f6hr - TUI.com Reiseblog \u2600","description":"Erholung pur beim Nordsee Urlaub auf F\u00f6hr: Lange Str\u00e4nde, idyllische Inseld\u00f6rfer und ganz viel Gem\u00fctlichkeit!","robots":{"index":"index","follow":"follow","max-snippet":"max-snippet:-1","max-image-preview":"max-image-preview:large","max-video-preview":"max-video-preview:-1"},"canonical":"https:\/\/www.tui.com\/blog\/nordsee-kurzurlaub-ein-verlaengertes-wochenende-auf-foehr\/","og_locale":"de_DE","og_type":"article","og_title":"Nordsee Kurzurlaub - ein verl\u00e4ngertes Wochenende auf F\u00f6hr - TUI.com Reiseblog \u2600","og_description":"Erholung pur beim Nordsee Urlaub auf F\u00f6hr: Lange Str\u00e4nde, idyllische Inseld\u00f6rfer und ganz viel Gem\u00fctlichkeit!","og_url":"https:\/\/www.tui.com\/blog\/nordsee-kurzurlaub-ein-verlaengertes-wochenende-auf-foehr\/","og_site_name":"TUI.com Reiseblog \u2600","article_published_time":"2019-10-31T10:03:54+00:00","article_modified_time":"2025-04-04T08:46:40+00:00","og_image":[{"width":1400,"height":788,"url":"https:\/\/www.tui.com\/blog\/wp-content\/uploads\/2023\/04\/nordsee-foehr-strand-strandkoerbe.jpg","type":"image\/jpeg"}],"author":"TUI Bloggerin Nicole","twitter_card":"summary_large_image","twitter_misc":{"Verfasst von":"TUI Bloggerin Nicole","Gesch\u00e4tzte Lesezeit":"3\u00a0Minuten"},"schema":{"@context":"https:\/\/schema.org","@graph":[{"@type":"BlogPosting","@id":"https:\/\/www.tui.com\/blog\/nordsee-kurzurlaub-ein-verlaengertes-wochenende-auf-foehr\/#article","isPartOf":{"@id":"https:\/\/www.tui.com\/blog\/nordsee-kurzurlaub-ein-verlaengertes-wochenende-auf-foehr\/"},"author":{"name":"TUI Bloggerin Nicole","@id":"https:\/\/www.tui.com\/blog\/#\/schema\/person\/555714fb8e03d32cbcec4d33b82df20d"},"headline":"Nordsee Kurzurlaub &#8211; ein verl\u00e4ngertes Wochenende auf F\u00f6hr","datePublished":"2019-10-31T10:03:54+00:00","dateModified":"2025-04-04T08:46:40+00:00","mainEntityOfPage":{"@id":"https:\/\/www.tui.com\/blog\/nordsee-kurzurlaub-ein-verlaengertes-wochenende-auf-foehr\/"},"wordCount":554,"commentCount":0,"publisher":{"@id":"https:\/\/www.tui.com\/blog\/#organization"},"image":{"@id":"https:\/\/www.tui.com\/blog\/nordsee-kurzurlaub-ein-verlaengertes-wochenende-auf-foehr\/#primaryimage"},"thumbnailUrl":"https:\/\/www.tui.com\/blog\/wp-content\/uploads\/2023\/04\/nordsee-foehr-strand-strandkoerbe.jpg","keywords":["Deutschland","Herbst","Kurztrip","Nordsee","Wellness"],"articleSection":["Beste Reisezeit","Deutschland","Reisearten","Reiseziele","Urlaub am Meer"],"inLanguage":"de","potentialAction":[{"@type":"CommentAction","name":"Comment","target":["https:\/\/www.tui.com\/blog\/nordsee-kurzurlaub-ein-verlaengertes-wochenende-auf-foehr\/#respond"]}]},{"@type":"WebPage","@id":"https:\/\/www.tui.com\/blog\/nordsee-kurzurlaub-ein-verlaengertes-wochenende-auf-foehr\/","url":"https:\/\/www.tui.com\/blog\/nordsee-kurzurlaub-ein-verlaengertes-wochenende-auf-foehr\/","name":"Nordsee Kurzurlaub - ein verl\u00e4ngertes Wochenende auf F\u00f6hr - TUI.com Reiseblog \u2600","isPartOf":{"@id":"https:\/\/www.tui.com\/blog\/#website"},"primaryImageOfPage":{"@id":"https:\/\/www.tui.com\/blog\/nordsee-kurzurlaub-ein-verlaengertes-wochenende-auf-foehr\/#primaryimage"},"image":{"@id":"https:\/\/www.tui.com\/blog\/nordsee-kurzurlaub-ein-verlaengertes-wochenende-auf-foehr\/#primaryimage"},"thumbnailUrl":"https:\/\/www.tui.com\/blog\/wp-content\/uploads\/2023\/04\/nordsee-foehr-strand-strandkoerbe.jpg","datePublished":"2019-10-31T10:03:54+00:00","dateModified":"2025-04-04T08:46:40+00:00","description":"Erholung pur beim Nordsee Urlaub auf F\u00f6hr: Lange Str\u00e4nde, idyllische Inseld\u00f6rfer und ganz viel Gem\u00fctlichkeit!","breadcrumb":{"@id":"https:\/\/www.tui.com\/blog\/nordsee-kurzurlaub-ein-verlaengertes-wochenende-auf-foehr\/#breadcrumb"},"inLanguage":"de","potentialAction":[{"@type":"ReadAction","target":["https:\/\/www.tui.com\/blog\/nordsee-kurzurlaub-ein-verlaengertes-wochenende-auf-foehr\/"]}]},{"@type":"ImageObject","inLanguage":"de","@id":"https:\/\/www.tui.com\/blog\/nordsee-kurzurlaub-ein-verlaengertes-wochenende-auf-foehr\/#primaryimage","url":"https:\/\/www.tui.com\/blog\/wp-content\/uploads\/2023\/04\/nordsee-foehr-strand-strandkoerbe.jpg","contentUrl":"https:\/\/www.tui.com\/blog\/wp-content\/uploads\/2023\/04\/nordsee-foehr-strand-strandkoerbe.jpg","width":1400,"height":788,"caption":"Herbstliche Ruhe am S\u00fcdstrand von Wyk auf F\u00f6hr"},{"@type":"BreadcrumbList","@id":"https:\/\/www.tui.com\/blog\/nordsee-kurzurlaub-ein-verlaengertes-wochenende-auf-foehr\/#breadcrumb","itemListElement":[{"@type":"ListItem","position":1,"name":"Startseite","item":"https:\/\/www.tui.com\/blog\/"},{"@type":"ListItem","position":2,"name":"Nordsee Kurzurlaub &#8211; ein verl\u00e4ngertes Wochenende auf F\u00f6hr"}]},{"@type":"WebSite","@id":"https:\/\/www.tui.com\/blog\/#website","url":"https:\/\/www.tui.com\/blog\/","name":"TUI.com Reiseblog \u2600","description":"Abenteuer oder lieber an den Strand? \u2600 Der TUI Reiseblog bietet tolle Infos rund um deine n\u00e4chste Reise \u2708 Komm vorbei und lass dich inspirieren \u221a","publisher":{"@id":"https:\/\/www.tui.com\/blog\/#organization"},"potentialAction":[{"@type":"SearchAction","target":{"@type":"EntryPoint","urlTemplate":"https:\/\/www.tui.com\/blog\/?s={search_term_string}"},"query-input":{"@type":"PropertyValueSpecification","valueRequired":true,"valueName":"search_term_string"}}],"inLanguage":"de"},{"@type":"Organization","@id":"https:\/\/www.tui.com\/blog\/#organization","name":"TUI.com Reiseblog \u2600","url":"https:\/\/www.tui.com\/blog\/","logo":{"@type":"ImageObject","inLanguage":"de","@id":"https:\/\/www.tui.com\/blog\/#\/schema\/logo\/image\/","url":"https:\/\/www.tui.com\/blog\/wp-content\/uploads\/2023\/04\/cropped-tui-logo-3.png","contentUrl":"https:\/\/www.tui.com\/blog\/wp-content\/uploads\/2023\/04\/cropped-tui-logo-3.png","width":164,"height":72,"caption":"TUI.com Reiseblog \u2600"},"image":{"@id":"https:\/\/www.tui.com\/blog\/#\/schema\/logo\/image\/"}},{"@type":"Person","@id":"https:\/\/www.tui.com\/blog\/#\/schema\/person\/555714fb8e03d32cbcec4d33b82df20d","name":"TUI Bloggerin Nicole","image":{"@type":"ImageObject","inLanguage":"de","@id":"https:\/\/www.tui.com\/blog\/wp-content\/uploads\/2017\/10\/nicole-profilbild-200x200-200x180.jpg","url":"https:\/\/www.tui.com\/blog\/wp-content\/uploads\/2017\/10\/nicole-profilbild-200x200-200x180.jpg","contentUrl":"https:\/\/www.tui.com\/blog\/wp-content\/uploads\/2017\/10\/nicole-profilbild-200x200-200x180.jpg","caption":"TUI Bloggerin Nicole"},"url":"https:\/\/www.tui.com\/blog\/author\/nicole\/"}]}},"_links":{"self":[{"href":"https:\/\/www.tui.com\/blog\/wp-json\/wp\/v2\/posts\/178308","targetHints":{"allow":["GET"]}}],"collection":[{"href":"https:\/\/www.tui.com\/blog\/wp-json\/wp\/v2\/posts"}],"about":[{"href":"https:\/\/www.tui.com\/blog\/wp-json\/wp\/v2\/types\/post"}],"author":[{"embeddable":true,"href":"https:\/\/www.tui.com\/blog\/wp-json\/wp\/v2\/users\/75"}],"replies":[{"embeddable":true,"href":"https:\/\/www.tui.com\/blog\/wp-json\/wp\/v2\/comments?post=178308"}],"version-history":[{"count":4,"href":"https:\/\/www.tui.com\/blog\/wp-json\/wp\/v2\/posts\/178308\/revisions"}],"predecessor-version":[{"id":464624,"href":"https:\/\/www.tui.com\/blog\/wp-json\/wp\/v2\/posts\/178308\/revisions\/464624"}],"wp:featuredmedia":[{"embeddable":true,"href":"https:\/\/www.tui.com\/blog\/wp-json\/wp\/v2\/media\/178340"}],"wp:attachment":[{"href":"https:\/\/www.tui.com\/blog\/wp-json\/wp\/v2\/media?parent=178308"}],"wp:term":[{"taxonomy":"category","embeddable":true,"href":"https:\/\/www.tui.com\/blog\/wp-json\/wp\/v2\/categories?post=178308"},{"taxonomy":"post_tag","embeddable":true,"href":"https:\/\/www.tui.com\/blog\/wp-json\/wp\/v2\/tags?post=178308"}],"curies":[{"name":"wp","href":"https:\/\/api.w.org\/{rel}","templated":true}]}}