{"id":179000,"date":"2019-11-21T11:02:51","date_gmt":"2019-11-21T10:02:51","guid":{"rendered":"https:\/\/blog.tui.info\/martinique-frankreich-in-der-karibik\/"},"modified":"2025-03-20T10:28:23","modified_gmt":"2025-03-20T09:28:23","slug":"martinique-frankreich-in-der-karibik","status":"publish","type":"post","link":"https:\/\/www.tui.com\/blog\/martinique-frankreich-in-der-karibik\/","title":{"rendered":"Martinique \u2013 Frankreich in der Karibik"},"content":{"rendered":"\n<p class=\"firstTextGrey\">Reisebloggerin Gabriela besucht ein St\u00fcck Frankreich in der Karibik und m\u00f6chte herausfinden, ob Martinique so ganz anders ist, als das Mutterland in Europa.<\/p>\n\n\n\n<p>Vor vielen Jahren bin ich einmal f\u00fcr ein paar Tage auf <a aria-label=\"Martinique (\u00f6ffnet in neuem Tab)\" href=\"https:\/\/www.tui.com\/pauschalreisen\/martinique\/\" target=\"_blank\" rel=\"noreferrer noopener\">Martinique<\/a> gewesen. Seitdem ist viel Zeit vergangen und auch der eine oder andere Hurrikan \u00fcber diese Region der Karibik gebraust. <\/p>\n\n\n\n<h2 class=\"wp-block-heading\">Martinique<\/h2>\n\n\n\n<p>Martinique geh\u00f6rt zu den <strong>Kleinen Antillen<\/strong>, den Inseln \u00fcber dem Wind, d.h. von <strong>ca. Mitte Mai bis Anfang November ist hier die Hurrikan Saison <\/strong>und damit auch Regenzeit. <\/p>\n\n\n\n<p>Martinique liegt zwischen Dominica und St. Lucia und geh\u00f6rt tats\u00e4chlich zu Frankreich. Damit k\u00f6nnen Deutsche mit dem Personalausweis einreisen und werden auch f\u00fcr gew\u00f6hnlich gar nicht danach gefragt. Es ist ja schlie\u00dflich ein Inlandsflug!<\/p>\n\n\n\n<figure class=\"wp-block-gallery has-nested-images columns-default is-cropped wp-block-gallery-1 is-layout-flex wp-block-gallery-is-layout-flex\">\n<figure class=\"wp-block-image size-large\"><img decoding=\"async\" width=\"1400\" height=\"788\" data-id=\"52819\" src=\"https:\/\/www.tui.com\/blog\/wp-content\/uploads\/2019\/11\/Blick-ueber-Martinque-TUI.jpg\" alt=\"\" class=\"wp-image-52819\"\/><figcaption class=\"wp-element-caption\">Blick \u00fcber Martinique<\/figcaption><\/figure>\n<\/figure>\n\n\n\n<p>Ja, ein Inlandsflug, denn fast alle Fl\u00fcge nach Fort-de-France, der Hauptstadt von Martinique, starten in <strong>Paris-Orly<\/strong>. Da viele Fl\u00fcge von Deutschland nach Paris-Charles de Gaulle gehen, muss der Flughafen gewechselt werden. Hier sollte bei der \u00dcbergangszeit nicht gespart werden. Drei Stunden sind Minimum, besser sind vier, denn das Gep\u00e4ck muss nat\u00fcrlich mitgenommen werden.<\/p>\n\n\n\n<p>Nach meinem Umzug von Norddeutschland in die N\u00e4he von Freiburg ist jetzt Basel mein \u201eHeimatflughafen\u201c und hier habe ich Gl\u00fcck, denn die Fl\u00fcge gehen \u00fcber Orly.<\/p>\n\n\n\n<p>Nach gut <strong>13 Stunden<\/strong> landen wir in Fort-de-France, das uns mit feuchthei\u00dfer Luft und dicken grauen Wollen empf\u00e4ngt. So sind wir froh, dass unser <a href=\"https:\/\/www.tuicars.com\/\" target=\"_blank\" rel=\"noreferrer noopener\">Mietwagen<\/a> eine Klimaanlage hat. Rund um die Hauptstadt stehen wir im Stau, das ist hier normal. Da wir uns in Frankreich befinden, klappt es mit dem Handy und Google Maps sehr gut, so dass wir nach ca. 30 Minuten in unserem Hotel in La Pagerie in Les Trois-Ilets ankommen.<\/p>\n\n\n\n<figure class=\"wp-block-gallery has-nested-images columns-default is-cropped wp-block-gallery-2 is-layout-flex wp-block-gallery-is-layout-flex\">\n<figure class=\"wp-block-image size-large\"><img decoding=\"async\" width=\"1400\" height=\"788\" data-id=\"52826\" src=\"https:\/\/www.tui.com\/blog\/wp-content\/uploads\/2019\/11\/Martinique-Segelboote-TUI.jpg\" alt=\"\" class=\"wp-image-52826\"\/><figcaption class=\"wp-element-caption\">Segelboote vor Martinique, im Hintergrund Montage Pel\u00e9e in den Wolken<\/figcaption><\/figure>\n<\/figure>\n\n\n\n<h2 class=\"wp-block-heading\">La Pagerie<\/h2>\n\n\n\n<p>Den Ort k\u00f6nnte man aber auch mit einem F\u00e4hrboot ab Hafen Fort-de-France erreichen.<\/p>\n\n\n\n<p>Wir werden herzlich und auf Englisch empfangen, was durchaus nicht immer die Regel ist. Ich werde schnell merken, dass ich meine fast verschollenen Franz\u00f6sischkenntnisse hervorkramen muss.<\/p>\n\n\n\n<p>Die Zimmer sind nett eingerichtet und haben teilweise eine Kitchenette, die aber verschlossen ist, wenn man den Aufpreis nicht bezahlt. Wir sind froh, dass unser Zimmer zum innenliegenden Garten und Pool liegt, so ist es ein wenig ruhiger. Das Fr\u00fchst\u00fcck wird als leckeres Buffet im teilweise offenen Restaurant eingenommen und ist recht umfangreich. Zu Abend haben wir in einem der vielen umliegenden Restaurants gegessen. F\u00fcr jeden Geschmack gibt es etwas, vom Burger bis zum mehrg\u00e4ngigen kreolischen Men\u00fc.<\/p>\n\n\n\n<p>Da wir nur <strong>vier Tage auf Martinique<\/strong> sein werden, wollen wir nat\u00fcrlich so viel wie m\u00f6glich sehen. Daher machen wir uns fr\u00fch am n\u00e4chsten Morgen auf in den Norden der Insel. Den Stau rund um Fort-de-France ertragen wir mit karibischen Kl\u00e4ngen aus dem Radio und dann geht es kurvenreich an der Steilk\u00fcste entlang nach La Precheur.<\/p>\n\n\n\n<figure class=\"wp-block-gallery has-nested-images columns-default is-cropped wp-block-gallery-3 is-layout-flex wp-block-gallery-is-layout-flex\">\n<figure class=\"wp-block-image size-large\"><img decoding=\"async\" width=\"1400\" height=\"788\" data-id=\"52820\" src=\"https:\/\/www.tui.com\/blog\/wp-content\/uploads\/2019\/11\/Martinique-Strand-Le-Precheur-TUI.jpg\" alt=\"\" class=\"wp-image-52820\"\/><\/figure>\n<\/figure>\n\n\n\n<h2 class=\"wp-block-heading\">Le Precheur<\/h2>\n\n\n\n<p>Unterwegs fahren wir durch viele kleine Ort, die teilweise wie ausgestorben sind. Die Fenster sind geschlossen, fast alle L\u00e4den auch. Die Saison ist zu Ende. In Le Precheur haben wir Gl\u00fcck, dass wir einmal ganz kurz den noch <strong>aktiven Vulkan Montagne Pel\u00e9e<\/strong> ohne einen Wolkenhut sehen k\u00f6nnen, dann ist der 1397 Meter hohe Vulkankegel mit seinen gr\u00fcnen Flanken wieder eingeh\u00fcllt. Man kann ihn auch besteigen, aber das sparen wir uns bei dieser feuchten Hitze. Hier in Le Precheur finden wir einen <strong>menschenleeren, schwarzen, steinigen Strand<\/strong>, der anscheinend nur von ein paar Seev\u00f6geln und uns besucht wird. Der wei\u00dfe Leuchtturm im Hintergrund macht sich gut als Kontrast. Wir wollen nun noch nach Grand Rivi\u00e9re ganz im Norden.<\/p>\n\n\n\n<figure class=\"wp-block-gallery has-nested-images columns-default is-cropped wp-block-gallery-4 is-layout-flex wp-block-gallery-is-layout-flex\">\n<figure class=\"wp-block-image size-large\"><img decoding=\"async\" width=\"1400\" height=\"788\" data-id=\"52824\" src=\"https:\/\/www.tui.com\/blog\/wp-content\/uploads\/2019\/11\/Martinique-Grande-Riviere-TUI.jpg\" alt=\"\" class=\"wp-image-52824\"\/><figcaption class=\"wp-element-caption\">K\u00fcste bei Grande Rivi\u00e8re<\/figcaption><\/figure>\n<\/figure>\n\n\n\n<h2 class=\"wp-block-heading\">Grand Rivi\u00e8re<\/h2>\n\n\n\n<p>Wenn wir zu Fu\u00df w\u00e4ren, k\u00f6nnten wir die ca. 15 Kilometer auf einem kleinen Weg entlang der Steilk\u00fcste laufen und dort noch auf einige Relikte der l\u00e4ngst ausgel\u00f6schten Ureinwohner sto\u00dfen. Wir sind aber mit dem Auto da und m\u00fcssen nun den ganzen Berg umfahren. Das ist eine Fahrt \u00fcber teilweise einspurige Stra\u00dfen, durch Bananenplantagen hindurch, an Zuckerrohrfeldern entlang und vorbei an stillgelegten Rumdestillerien, von denen nur noch Ruinen \u00fcbrig sind.<\/p>\n\n\n\n<figure class=\"wp-block-gallery has-nested-images columns-default is-cropped wp-block-gallery-5 is-layout-flex wp-block-gallery-is-layout-flex\">\n<figure class=\"wp-block-image size-large\"><img decoding=\"async\" width=\"1400\" height=\"788\" data-id=\"52822\" src=\"https:\/\/www.tui.com\/blog\/wp-content\/uploads\/2019\/11\/Martinique_Bananenplantage-TUI.jpg\" alt=\"\" class=\"wp-image-52822\"\/><figcaption class=\"wp-element-caption\">Bananenplantage auf Martinique<\/figcaption><\/figure>\n<\/figure>\n\n\n\n<p>In Grand Rivi\u00e8re, zu dieser Zeit ein ganz verschlafenes kleines \u00d6rtchen, bekomme ich im \u00f6rtlichen Eiscaf\u00e9 zwar noch ein Eis, aber Kaffee gibt es keinen mehr. Die Saison ist beendet. Genussvoll verzehre ich mein Eis im kleinen Hafen, der recht idyllisch liegt und von einigen ganz kleinen Sandstr\u00e4nden umgeben ist.<\/p>\n\n\n\n<p>Eigentlich wollen wir noch mehr von der Insel sehen, aber es ballen sich nahezu schwarze Wolken zusammen und so machen wir uns langsam auf den R\u00fcckweg. Im Swimmingpool des Hotels entspannen wir auch im Regen.<\/p>\n\n\n\n<h2 class=\"wp-block-heading\">La Caravelle<\/h2>\n\n\n\n<p>Die <strong>Halbinsel La Caravelle<\/strong> auf der anderen Seite Martiniques ist unser n\u00e4chstes Ziel. Hier weicht das \u00fcppige Gr\u00fcn des Inselnordens einer eher trockenen Landschaft mit einigen H\u00fcgelchen und sch\u00f6nen, helleren und momentan menschenleeren Str\u00e4nden. Die vielen, jetzt fast alle geschlossenen Strandbuden zeigen aber, dass es in unseren Wintermonaten hier sicher ganz anders und vor allem viel bev\u00f6lkerter zugeht.<\/p>\n\n\n\n<figure class=\"wp-block-gallery has-nested-images columns-default is-cropped wp-block-gallery-6 is-layout-flex wp-block-gallery-is-layout-flex\">\n<figure class=\"wp-block-image size-large\"><img decoding=\"async\" width=\"1400\" height=\"788\" data-id=\"52830\" src=\"https:\/\/www.tui.com\/blog\/wp-content\/uploads\/2019\/11\/Martinique_Chateau-Dubuc-TUI.jpg\" alt=\"\" class=\"wp-image-52830\"\/><figcaption class=\"wp-element-caption\">Zuckerrohrpresse im Chateau Dubuc<\/figcaption><\/figure>\n<\/figure>\n\n\n\n<h2 class=\"wp-block-heading\">Le Chateau Dubuc<\/h2>\n\n\n\n<p>Die Ruinen eines <strong>Herrschaftshauses<\/strong> und der dazugeh\u00f6rigen <strong>Rumdestillerie<\/strong> liegen still auf einem H\u00fcgel. Mit einem englisch\/franz\u00f6sischen Audioguide wird die Geschichte des Hauses erkl\u00e4rt. Viel h\u00f6ren wir dazu \u00fcber die Sklaverei. Ohne die unz\u00e4hligen Sklaven aus Afrika, w\u00e4re die Rumproduktion in der Karibik in diesem Umfang gar nicht m\u00f6glich gewesen. Unten, jenseits der Mangroven wurden die F\u00e4sser dann gleich verschifft. Von hier starten auch mehrere Wanderwege.<\/p>\n\n\n\n<p>Um dem n\u00e4chsten Schauer zu entgehen, besuchen wir auf der R\u00fcckfahrt noch die Habitation Cl\u00e9ment.<\/p>\n\n\n\n<h2 class=\"wp-block-heading\">Habitation Cl\u00e9ment<\/h2>\n\n\n\n<p class=\"has-text-align-left\">Diese bis sp\u00e4t ins 20. Jahrhundert noch ge\u00f6ffnete <strong>Zuckerrohrfabrik<\/strong> mit Rumdestillerie zeigt eindrucksvoll, wie Rum hergestellt wird. Noch lagern unz\u00e4hlige gef\u00fcllte Rumf\u00e4sser in den Hallen. Nach dem Rundgang durch den riesigen Garten mit seinen Kunstinstallationen und der Fabrik, d\u00fcrfen wir noch den einen oder anderen \u201egeistigen Tropfen\u201c im Shop verkosten.<\/p>\n\n\n\n<figure class=\"wp-block-gallery has-nested-images columns-default is-cropped wp-block-gallery-7 is-layout-flex wp-block-gallery-is-layout-flex\">\n<figure class=\"wp-block-image size-large\"><img decoding=\"async\" width=\"1400\" height=\"788\" data-id=\"52825\" src=\"https:\/\/www.tui.com\/blog\/wp-content\/uploads\/2019\/11\/Martinique-Habitation-Clement-TUI.jpg\" alt=\"\" class=\"wp-image-52825\"\/><figcaption class=\"wp-element-caption\">Rumf\u00e4sser der Habitation Cl\u00e9ment<\/figcaption><\/figure>\n<\/figure>\n\n\n\n<p>Nat\u00fcrlich wollen wir auch einen der <strong>wundersch\u00f6nen, langen, wei\u00dfen Sandstr\u00e4nde <\/strong>besuchen. Daf\u00fcr brauchen wir gar nicht so weit fahren. Wir suchen uns Grande Anse des Salines aus.<\/p>\n\n\n\n<h3 class=\"wp-block-heading\">Grande Anse des Salines<\/h3>\n\n\n\n<p>Hier, ganz im S\u00fcden, ist es landschaftlich komplett anders. Karger, ein paar Viehweiden, denn die Gegend ist von den <strong>gro\u00dfen Salinen<\/strong> gepr\u00e4gt. Direkt an der Strandstra\u00dfe k\u00f6nnen wir parken. Am Strand ist nicht viel los, obwohl es Samstag ist und ein strahlend blauer Himmel zumindest uns ins t\u00fcrkisblaue Wasser lockt. Hier ist also der typisch karibische Strand, wie ich ihn mir vorstelle. Wei\u00df, feinsandig, Palmen, warmes Wasser, leichte Wellen. Herrlich!<\/p>\n\n\n\n<figure class=\"wp-block-gallery has-nested-images columns-default is-cropped wp-block-gallery-8 is-layout-flex wp-block-gallery-is-layout-flex\">\n<figure class=\"wp-block-image size-large\"><img decoding=\"async\" width=\"1400\" height=\"788\" data-id=\"52827\" src=\"https:\/\/www.tui.com\/blog\/wp-content\/uploads\/2019\/11\/Martinique-Strand-Grande-Anse-TUI.jpg\" alt=\"\" class=\"wp-image-52827\"\/><figcaption class=\"wp-element-caption\">der Strand von Grande Anse auf Martinique<\/figcaption><\/figure>\n<\/figure>\n\n\n\n<p>Vor unserem Abflug wollen wir uns noch ein wenig die <strong>Hauptstadt Fort-de-France<\/strong> anschauen. Vor allem eigentlich den Botanischen Garten, aber das f\u00e4llt wegen heftiger Regenf\u00e4lle aus. Wenigstens ist der Guss von oben warm.<\/p>\n\n\n\n<p>So laufen wir durch die<strong> kleine Altstadt<\/strong>, die teilweise Fu\u00dfg\u00e4ngerzone ist und bewundern die alten Kolonialh\u00e4user. Fotos gibt es nicht, daf\u00fcr regnet es zu stark.<\/p>\n\n\n\n<h2 class=\"wp-block-heading\">Mein Fazit zu Martinique<\/h2>\n\n\n\n<p>Martinique ist keine typische Badeinsel, aber einfach zu bereisen, da man sich ja quasi \u201ein Europa\u201c befindet. Ohne PKW geht gar nichts, denn \u00f6ffentlichen Nahverkehr gibt es in den kleinen Orten nur sehr wenig. Wer tolle Str\u00e4nde will, findet sie auf <strong>La Caravelle oder im S\u00fcden<\/strong>, bei den Salinen. Es finden sich viele koloniale Relikte \u00fcberall auf der Insel. <strong>Wanderwege<\/strong> sind auch in gro\u00dfer Zahl vorhanden und wer segeln m\u00f6chte, kann von hier aus zu den <strong>Grenadinen<\/strong> starten (was wir f\u00fcr eine Woche auch getan haben).<\/p>\n\n\n\n<p>\u25ba <a href=\"https:\/\/www.tui.com\/pauschalreisen\/martinique\/\" target=\"_blank\" rel=\"noreferrer noopener\" aria-label=\"Die sch\u00f6nsten Hotels auf Martinique findest du auf tui.com (\u00f6ffnet in neuem Tab)\">Die sch\u00f6nsten Hotels auf Martinique findest du auf tui.com<\/a><\/p>\n\n\n\n<p>\u25ba <a href=\"https:\/\/www.tuicars.com\/\" target=\"_blank\" rel=\"noreferrer noopener\">Die besten Angebote f\u00fcr euren Mietwagen auf Martinique gibt es hier<\/a><\/p>\n","protected":false},"excerpt":{"rendered":"<p>Reisebloggerin Gabriela besucht ein St\u00fcck Frankreich in der Karibik und m\u00f6chte herausfinden, ob Martinique so ganz anders ist, als das Mutterland in Europa.<\/p>\n","protected":false},"author":91,"featured_media":179020,"comment_status":"open","ping_status":"open","sticky":false,"template":"","format":"standard","meta":{"_acf_changed":false,"footnotes":""},"categories":[4048,4052,4030,4056],"tags":[],"class_list":["post-179000","post","type-post","status-publish","format-standard","has-post-thumbnail","hentry","category-archiv-fernreise","category-archiv-reisearten","category-archiv-reiseziele","category-archiv-urlaub-am-meer"],"acf":[],"yoast_head":"<!-- This site is optimized with the Yoast SEO plugin v27.4 - https:\/\/yoast.com\/product\/yoast-seo-wordpress\/ -->\n<title>Martinique \u2013 Frankreich in der Karibik - TUI.com Reiseblog \u2600<\/title>\n<meta name=\"robots\" content=\"index, follow, max-snippet:-1, max-image-preview:large, max-video-preview:-1\" \/>\n<link rel=\"canonical\" href=\"https:\/\/www.tui.com\/blog\/martinique-frankreich-in-der-karibik\/\" \/>\n<meta property=\"og:locale\" content=\"de_DE\" \/>\n<meta property=\"og:type\" content=\"article\" \/>\n<meta property=\"og:title\" content=\"Martinique \u2013 Frankreich in der Karibik - TUI.com Reiseblog \u2600\" \/>\n<meta property=\"og:description\" content=\"Reisebloggerin Gabriela besucht ein St\u00fcck Frankreich in der Karibik und m\u00f6chte herausfinden, ob Martinique so ganz anders ist, als das Mutterland in Europa.\" \/>\n<meta property=\"og:url\" content=\"https:\/\/www.tui.com\/blog\/martinique-frankreich-in-der-karibik\/\" \/>\n<meta property=\"og:site_name\" content=\"TUI.com Reiseblog \u2600\" \/>\n<meta property=\"article:published_time\" content=\"2019-11-21T10:02:51+00:00\" \/>\n<meta property=\"article:modified_time\" content=\"2025-03-20T09:28:23+00:00\" \/>\n<meta property=\"og:image\" content=\"https:\/\/www.tui.com\/blog\/wp-content\/uploads\/2023\/04\/Martinique-Garten-Habitation-Clement-TUI.jpg\" \/>\n\t<meta property=\"og:image:width\" content=\"1400\" \/>\n\t<meta property=\"og:image:height\" content=\"788\" \/>\n\t<meta property=\"og:image:type\" content=\"image\/jpeg\" \/>\n<meta name=\"author\" content=\"TUI Bloggerin Gabriela\" \/>\n<meta name=\"twitter:card\" content=\"summary_large_image\" \/>\n<meta name=\"twitter:label1\" content=\"Verfasst von\" \/>\n\t<meta name=\"twitter:data1\" content=\"TUI Bloggerin Gabriela\" \/>\n\t<meta name=\"twitter:label2\" content=\"Gesch\u00e4tzte Lesezeit\" \/>\n\t<meta name=\"twitter:data2\" content=\"7\u00a0Minuten\" \/>\n<script type=\"application\/ld+json\" class=\"yoast-schema-graph\">{\"@context\":\"https:\\\/\\\/schema.org\",\"@graph\":[{\"@type\":\"BlogPosting\",\"@id\":\"https:\\\/\\\/www.tui.com\\\/blog\\\/martinique-frankreich-in-der-karibik\\\/#article\",\"isPartOf\":{\"@id\":\"https:\\\/\\\/www.tui.com\\\/blog\\\/martinique-frankreich-in-der-karibik\\\/\"},\"author\":{\"name\":\"TUI Bloggerin Gabriela\",\"@id\":\"https:\\\/\\\/www.tui.com\\\/blog\\\/#\\\/schema\\\/person\\\/e5f44a4526d12877288977bbdcd831f8\"},\"headline\":\"Martinique \u2013 Frankreich in der Karibik\",\"datePublished\":\"2019-11-21T10:02:51+00:00\",\"dateModified\":\"2025-03-20T09:28:23+00:00\",\"mainEntityOfPage\":{\"@id\":\"https:\\\/\\\/www.tui.com\\\/blog\\\/martinique-frankreich-in-der-karibik\\\/\"},\"wordCount\":1327,\"commentCount\":0,\"publisher\":{\"@id\":\"https:\\\/\\\/www.tui.com\\\/blog\\\/#organization\"},\"image\":{\"@id\":\"https:\\\/\\\/www.tui.com\\\/blog\\\/martinique-frankreich-in-der-karibik\\\/#primaryimage\"},\"thumbnailUrl\":\"https:\\\/\\\/www.tui.com\\\/blog\\\/wp-content\\\/uploads\\\/2023\\\/04\\\/Martinique-Garten-Habitation-Clement-TUI.jpg\",\"articleSection\":[\"Fernreise\",\"Reisearten\",\"Reiseziele\",\"Urlaub am Meer\"],\"inLanguage\":\"de\",\"potentialAction\":[{\"@type\":\"CommentAction\",\"name\":\"Comment\",\"target\":[\"https:\\\/\\\/www.tui.com\\\/blog\\\/martinique-frankreich-in-der-karibik\\\/#respond\"]}]},{\"@type\":\"WebPage\",\"@id\":\"https:\\\/\\\/www.tui.com\\\/blog\\\/martinique-frankreich-in-der-karibik\\\/\",\"url\":\"https:\\\/\\\/www.tui.com\\\/blog\\\/martinique-frankreich-in-der-karibik\\\/\",\"name\":\"Martinique \u2013 Frankreich in der Karibik - TUI.com Reiseblog \u2600\",\"isPartOf\":{\"@id\":\"https:\\\/\\\/www.tui.com\\\/blog\\\/#website\"},\"primaryImageOfPage\":{\"@id\":\"https:\\\/\\\/www.tui.com\\\/blog\\\/martinique-frankreich-in-der-karibik\\\/#primaryimage\"},\"image\":{\"@id\":\"https:\\\/\\\/www.tui.com\\\/blog\\\/martinique-frankreich-in-der-karibik\\\/#primaryimage\"},\"thumbnailUrl\":\"https:\\\/\\\/www.tui.com\\\/blog\\\/wp-content\\\/uploads\\\/2023\\\/04\\\/Martinique-Garten-Habitation-Clement-TUI.jpg\",\"datePublished\":\"2019-11-21T10:02:51+00:00\",\"dateModified\":\"2025-03-20T09:28:23+00:00\",\"breadcrumb\":{\"@id\":\"https:\\\/\\\/www.tui.com\\\/blog\\\/martinique-frankreich-in-der-karibik\\\/#breadcrumb\"},\"inLanguage\":\"de\",\"potentialAction\":[{\"@type\":\"ReadAction\",\"target\":[\"https:\\\/\\\/www.tui.com\\\/blog\\\/martinique-frankreich-in-der-karibik\\\/\"]}]},{\"@type\":\"ImageObject\",\"inLanguage\":\"de\",\"@id\":\"https:\\\/\\\/www.tui.com\\\/blog\\\/martinique-frankreich-in-der-karibik\\\/#primaryimage\",\"url\":\"https:\\\/\\\/www.tui.com\\\/blog\\\/wp-content\\\/uploads\\\/2023\\\/04\\\/Martinique-Garten-Habitation-Clement-TUI.jpg\",\"contentUrl\":\"https:\\\/\\\/www.tui.com\\\/blog\\\/wp-content\\\/uploads\\\/2023\\\/04\\\/Martinique-Garten-Habitation-Clement-TUI.jpg\",\"width\":1400,\"height\":788,\"caption\":\"Der Garten der Habitation Cl\u00e9ment\"},{\"@type\":\"BreadcrumbList\",\"@id\":\"https:\\\/\\\/www.tui.com\\\/blog\\\/martinique-frankreich-in-der-karibik\\\/#breadcrumb\",\"itemListElement\":[{\"@type\":\"ListItem\",\"position\":1,\"name\":\"Startseite\",\"item\":\"https:\\\/\\\/www.tui.com\\\/blog\\\/\"},{\"@type\":\"ListItem\",\"position\":2,\"name\":\"Martinique \u2013 Frankreich in der Karibik\"}]},{\"@type\":\"WebSite\",\"@id\":\"https:\\\/\\\/www.tui.com\\\/blog\\\/#website\",\"url\":\"https:\\\/\\\/www.tui.com\\\/blog\\\/\",\"name\":\"TUI.com Reiseblog \u2600\",\"description\":\"Abenteuer oder lieber an den Strand? \u2600 Der TUI Reiseblog bietet tolle Infos rund um deine n\u00e4chste Reise \u2708 Komm vorbei und lass dich inspirieren \u221a\",\"publisher\":{\"@id\":\"https:\\\/\\\/www.tui.com\\\/blog\\\/#organization\"},\"potentialAction\":[{\"@type\":\"SearchAction\",\"target\":{\"@type\":\"EntryPoint\",\"urlTemplate\":\"https:\\\/\\\/www.tui.com\\\/blog\\\/?s={search_term_string}\"},\"query-input\":{\"@type\":\"PropertyValueSpecification\",\"valueRequired\":true,\"valueName\":\"search_term_string\"}}],\"inLanguage\":\"de\"},{\"@type\":\"Organization\",\"@id\":\"https:\\\/\\\/www.tui.com\\\/blog\\\/#organization\",\"name\":\"TUI.com Reiseblog \u2600\",\"url\":\"https:\\\/\\\/www.tui.com\\\/blog\\\/\",\"logo\":{\"@type\":\"ImageObject\",\"inLanguage\":\"de\",\"@id\":\"https:\\\/\\\/www.tui.com\\\/blog\\\/#\\\/schema\\\/logo\\\/image\\\/\",\"url\":\"https:\\\/\\\/www.tui.com\\\/blog\\\/wp-content\\\/uploads\\\/2023\\\/04\\\/cropped-tui-logo-3.png\",\"contentUrl\":\"https:\\\/\\\/www.tui.com\\\/blog\\\/wp-content\\\/uploads\\\/2023\\\/04\\\/cropped-tui-logo-3.png\",\"width\":164,\"height\":72,\"caption\":\"TUI.com Reiseblog \u2600\"},\"image\":{\"@id\":\"https:\\\/\\\/www.tui.com\\\/blog\\\/#\\\/schema\\\/logo\\\/image\\\/\"}},{\"@type\":\"Person\",\"@id\":\"https:\\\/\\\/www.tui.com\\\/blog\\\/#\\\/schema\\\/person\\\/e5f44a4526d12877288977bbdcd831f8\",\"name\":\"TUI Bloggerin Gabriela\",\"image\":{\"@type\":\"ImageObject\",\"inLanguage\":\"de\",\"@id\":\"https:\\\/\\\/www.tui.com\\\/blog\\\/wp-content\\\/uploads\\\/2016\\\/11\\\/gabriela-klein-200x180.jpg\",\"url\":\"https:\\\/\\\/www.tui.com\\\/blog\\\/wp-content\\\/uploads\\\/2016\\\/11\\\/gabriela-klein-200x180.jpg\",\"contentUrl\":\"https:\\\/\\\/www.tui.com\\\/blog\\\/wp-content\\\/uploads\\\/2016\\\/11\\\/gabriela-klein-200x180.jpg\",\"caption\":\"TUI Bloggerin Gabriela\"},\"description\":\"Ich bin seit \u00fcber 35 Jahren Reiseberaterin in einem Reiseb\u00fcro. Seit neuestem lebe ich mit meiner Familie in der N\u00e4he von Freiburg, im sch\u00f6nen Schwarzwald. Inzwischen habe ich alle Kontinente und \u00fcber 80 L\u00e4nder der Erde bereist. Meinen Kunden im Reiseb\u00fcro r e i s e n\u00b3 in Freiburg buche ich gern ihre sch\u00f6nsten Wochen des Jahres.\",\"sameAs\":[\"http:\\\/\\\/www.gabrielaaufreisen.de\\\/\",\"https:\\\/\\\/instagram.com\\\/KernGabriela\\\/\"],\"url\":\"https:\\\/\\\/www.tui.com\\\/blog\\\/author\\\/gabriela\\\/\"}]}<\/script>\n<!-- \/ Yoast SEO plugin. -->","yoast_head_json":{"title":"Martinique \u2013 Frankreich in der Karibik - TUI.com Reiseblog \u2600","robots":{"index":"index","follow":"follow","max-snippet":"max-snippet:-1","max-image-preview":"max-image-preview:large","max-video-preview":"max-video-preview:-1"},"canonical":"https:\/\/www.tui.com\/blog\/martinique-frankreich-in-der-karibik\/","og_locale":"de_DE","og_type":"article","og_title":"Martinique \u2013 Frankreich in der Karibik - TUI.com Reiseblog \u2600","og_description":"Reisebloggerin Gabriela besucht ein St\u00fcck Frankreich in der Karibik und m\u00f6chte herausfinden, ob Martinique so ganz anders ist, als das Mutterland in Europa.","og_url":"https:\/\/www.tui.com\/blog\/martinique-frankreich-in-der-karibik\/","og_site_name":"TUI.com Reiseblog \u2600","article_published_time":"2019-11-21T10:02:51+00:00","article_modified_time":"2025-03-20T09:28:23+00:00","og_image":[{"width":1400,"height":788,"url":"https:\/\/www.tui.com\/blog\/wp-content\/uploads\/2023\/04\/Martinique-Garten-Habitation-Clement-TUI.jpg","type":"image\/jpeg"}],"author":"TUI Bloggerin Gabriela","twitter_card":"summary_large_image","twitter_misc":{"Verfasst von":"TUI Bloggerin Gabriela","Gesch\u00e4tzte Lesezeit":"7\u00a0Minuten"},"schema":{"@context":"https:\/\/schema.org","@graph":[{"@type":"BlogPosting","@id":"https:\/\/www.tui.com\/blog\/martinique-frankreich-in-der-karibik\/#article","isPartOf":{"@id":"https:\/\/www.tui.com\/blog\/martinique-frankreich-in-der-karibik\/"},"author":{"name":"TUI Bloggerin Gabriela","@id":"https:\/\/www.tui.com\/blog\/#\/schema\/person\/e5f44a4526d12877288977bbdcd831f8"},"headline":"Martinique \u2013 Frankreich in der Karibik","datePublished":"2019-11-21T10:02:51+00:00","dateModified":"2025-03-20T09:28:23+00:00","mainEntityOfPage":{"@id":"https:\/\/www.tui.com\/blog\/martinique-frankreich-in-der-karibik\/"},"wordCount":1327,"commentCount":0,"publisher":{"@id":"https:\/\/www.tui.com\/blog\/#organization"},"image":{"@id":"https:\/\/www.tui.com\/blog\/martinique-frankreich-in-der-karibik\/#primaryimage"},"thumbnailUrl":"https:\/\/www.tui.com\/blog\/wp-content\/uploads\/2023\/04\/Martinique-Garten-Habitation-Clement-TUI.jpg","articleSection":["Fernreise","Reisearten","Reiseziele","Urlaub am Meer"],"inLanguage":"de","potentialAction":[{"@type":"CommentAction","name":"Comment","target":["https:\/\/www.tui.com\/blog\/martinique-frankreich-in-der-karibik\/#respond"]}]},{"@type":"WebPage","@id":"https:\/\/www.tui.com\/blog\/martinique-frankreich-in-der-karibik\/","url":"https:\/\/www.tui.com\/blog\/martinique-frankreich-in-der-karibik\/","name":"Martinique \u2013 Frankreich in der Karibik - TUI.com Reiseblog \u2600","isPartOf":{"@id":"https:\/\/www.tui.com\/blog\/#website"},"primaryImageOfPage":{"@id":"https:\/\/www.tui.com\/blog\/martinique-frankreich-in-der-karibik\/#primaryimage"},"image":{"@id":"https:\/\/www.tui.com\/blog\/martinique-frankreich-in-der-karibik\/#primaryimage"},"thumbnailUrl":"https:\/\/www.tui.com\/blog\/wp-content\/uploads\/2023\/04\/Martinique-Garten-Habitation-Clement-TUI.jpg","datePublished":"2019-11-21T10:02:51+00:00","dateModified":"2025-03-20T09:28:23+00:00","breadcrumb":{"@id":"https:\/\/www.tui.com\/blog\/martinique-frankreich-in-der-karibik\/#breadcrumb"},"inLanguage":"de","potentialAction":[{"@type":"ReadAction","target":["https:\/\/www.tui.com\/blog\/martinique-frankreich-in-der-karibik\/"]}]},{"@type":"ImageObject","inLanguage":"de","@id":"https:\/\/www.tui.com\/blog\/martinique-frankreich-in-der-karibik\/#primaryimage","url":"https:\/\/www.tui.com\/blog\/wp-content\/uploads\/2023\/04\/Martinique-Garten-Habitation-Clement-TUI.jpg","contentUrl":"https:\/\/www.tui.com\/blog\/wp-content\/uploads\/2023\/04\/Martinique-Garten-Habitation-Clement-TUI.jpg","width":1400,"height":788,"caption":"Der Garten der Habitation Cl\u00e9ment"},{"@type":"BreadcrumbList","@id":"https:\/\/www.tui.com\/blog\/martinique-frankreich-in-der-karibik\/#breadcrumb","itemListElement":[{"@type":"ListItem","position":1,"name":"Startseite","item":"https:\/\/www.tui.com\/blog\/"},{"@type":"ListItem","position":2,"name":"Martinique \u2013 Frankreich in der Karibik"}]},{"@type":"WebSite","@id":"https:\/\/www.tui.com\/blog\/#website","url":"https:\/\/www.tui.com\/blog\/","name":"TUI.com Reiseblog \u2600","description":"Abenteuer oder lieber an den Strand? \u2600 Der TUI Reiseblog bietet tolle Infos rund um deine n\u00e4chste Reise \u2708 Komm vorbei und lass dich inspirieren \u221a","publisher":{"@id":"https:\/\/www.tui.com\/blog\/#organization"},"potentialAction":[{"@type":"SearchAction","target":{"@type":"EntryPoint","urlTemplate":"https:\/\/www.tui.com\/blog\/?s={search_term_string}"},"query-input":{"@type":"PropertyValueSpecification","valueRequired":true,"valueName":"search_term_string"}}],"inLanguage":"de"},{"@type":"Organization","@id":"https:\/\/www.tui.com\/blog\/#organization","name":"TUI.com Reiseblog \u2600","url":"https:\/\/www.tui.com\/blog\/","logo":{"@type":"ImageObject","inLanguage":"de","@id":"https:\/\/www.tui.com\/blog\/#\/schema\/logo\/image\/","url":"https:\/\/www.tui.com\/blog\/wp-content\/uploads\/2023\/04\/cropped-tui-logo-3.png","contentUrl":"https:\/\/www.tui.com\/blog\/wp-content\/uploads\/2023\/04\/cropped-tui-logo-3.png","width":164,"height":72,"caption":"TUI.com Reiseblog \u2600"},"image":{"@id":"https:\/\/www.tui.com\/blog\/#\/schema\/logo\/image\/"}},{"@type":"Person","@id":"https:\/\/www.tui.com\/blog\/#\/schema\/person\/e5f44a4526d12877288977bbdcd831f8","name":"TUI Bloggerin Gabriela","image":{"@type":"ImageObject","inLanguage":"de","@id":"https:\/\/www.tui.com\/blog\/wp-content\/uploads\/2016\/11\/gabriela-klein-200x180.jpg","url":"https:\/\/www.tui.com\/blog\/wp-content\/uploads\/2016\/11\/gabriela-klein-200x180.jpg","contentUrl":"https:\/\/www.tui.com\/blog\/wp-content\/uploads\/2016\/11\/gabriela-klein-200x180.jpg","caption":"TUI Bloggerin Gabriela"},"description":"Ich bin seit \u00fcber 35 Jahren Reiseberaterin in einem Reiseb\u00fcro. Seit neuestem lebe ich mit meiner Familie in der N\u00e4he von Freiburg, im sch\u00f6nen Schwarzwald. Inzwischen habe ich alle Kontinente und \u00fcber 80 L\u00e4nder der Erde bereist. Meinen Kunden im Reiseb\u00fcro r e i s e n\u00b3 in Freiburg buche ich gern ihre sch\u00f6nsten Wochen des Jahres.","sameAs":["http:\/\/www.gabrielaaufreisen.de\/","https:\/\/instagram.com\/KernGabriela\/"],"url":"https:\/\/www.tui.com\/blog\/author\/gabriela\/"}]}},"_links":{"self":[{"href":"https:\/\/www.tui.com\/blog\/wp-json\/wp\/v2\/posts\/179000","targetHints":{"allow":["GET"]}}],"collection":[{"href":"https:\/\/www.tui.com\/blog\/wp-json\/wp\/v2\/posts"}],"about":[{"href":"https:\/\/www.tui.com\/blog\/wp-json\/wp\/v2\/types\/post"}],"author":[{"embeddable":true,"href":"https:\/\/www.tui.com\/blog\/wp-json\/wp\/v2\/users\/91"}],"replies":[{"embeddable":true,"href":"https:\/\/www.tui.com\/blog\/wp-json\/wp\/v2\/comments?post=179000"}],"version-history":[{"count":2,"href":"https:\/\/www.tui.com\/blog\/wp-json\/wp\/v2\/posts\/179000\/revisions"}],"predecessor-version":[{"id":463108,"href":"https:\/\/www.tui.com\/blog\/wp-json\/wp\/v2\/posts\/179000\/revisions\/463108"}],"wp:featuredmedia":[{"embeddable":true,"href":"https:\/\/www.tui.com\/blog\/wp-json\/wp\/v2\/media\/179020"}],"wp:attachment":[{"href":"https:\/\/www.tui.com\/blog\/wp-json\/wp\/v2\/media?parent=179000"}],"wp:term":[{"taxonomy":"category","embeddable":true,"href":"https:\/\/www.tui.com\/blog\/wp-json\/wp\/v2\/categories?post=179000"},{"taxonomy":"post_tag","embeddable":true,"href":"https:\/\/www.tui.com\/blog\/wp-json\/wp\/v2\/tags?post=179000"}],"curies":[{"name":"wp","href":"https:\/\/api.w.org\/{rel}","templated":true}]}}