{"id":181280,"date":"2020-02-27T11:00:00","date_gmt":"2020-02-27T10:00:00","guid":{"rendered":"https:\/\/blog.tui.info\/tui-fly-kolumne-auf-die-plaetze-fertig-langstrecke\/"},"modified":"2025-07-28T14:28:14","modified_gmt":"2025-07-28T12:28:14","slug":"tui-fly-kolumne-auf-die-plaetze-fertig-langstrecke","status":"publish","type":"post","link":"https:\/\/www.tui.com\/blog\/tui-fly-kolumne-auf-die-plaetze-fertig-langstrecke\/","title":{"rendered":"TUI fly Kolumne: Auf die Pl\u00e4tze \u2013 fertig \u2013 Langstrecke!"},"content":{"rendered":"<p class=\"firstTextGrey\">Seit nun schon 4 Jahren arbeitet Marlene als Flugbegleiterin bei der <a href=\"https:\/\/www.tuifly.com\/\" target=\"_blank\" rel=\"noreferrer noopener\">TUI fly<\/a> \u2013 ein Job, den sie mit jeder Faser ihres K\u00f6rpers liebt. In unserer Kolumne nimmt sie euch mit hinter die Kulissen ihres Berufalltags und l\u00e4sst euch an den sch\u00f6nsten, lustigsten und emotionalsten Momenten ihres Jobs teilhaben. Aktuell besch\u00e4ftigt sie das Thema Langstrecke, denn ab November fliegt TUI fly in die Dominikanische Republik und nach Mexiko. Das bringt nat\u00fcrlich so einige Ver\u00e4nderungen mit sich!<\/p>\n<p class=\"quote\">Lange haben wir davon getr\u00e4umt, lange haben wir gefragt: Wann werden wir endlich auch die Langstrecke bekommen?<\/p>\n\n\n<figure class=\"wp-block-gallery has-nested-images columns-default is-cropped wp-block-gallery-1 is-layout-flex wp-block-gallery-is-layout-flex\">\n<figure class=\"wp-block-image size-large\"><img decoding=\"async\" width=\"1000\" height=\"563\" data-id=\"47020\" src=\"https:\/\/www.tui.com\/blog\/wp-content\/uploads\/2023\/04\/featurebild-tuifly-kolumne-1000x563.jpg\" alt=\"\" class=\"wp-image-47020\"\/><\/figure>\n<\/figure>\n\n\n\n<h2 class=\"wp-block-heading\">2019: Langstrecke \u2013 Ja oder Nein?<\/h2>\n\n\n\n<p><span style=\"font-size: x-large;\">I<\/span>n den letzten Monaten des Jahres 2019 h\u00f6rten wir von \u00dcberlegungen \u00fcber eine m\u00f6gliche Langstrecke. Viele Jahre hat sie sich nicht rentiert. <\/p>\n\n\n<p class=\"quote\">Doch wie sagt man so sch\u00f6n: Gut Ding will Weile haben.<\/p>\n\n\n<p><span style=\"font-size: x-large;\">Z<\/span>ugegeben, meine  Kollegen und ich waren skeptisch. Ist wirklich etwas dran an den  Ger\u00fcchten? Im Dezember wurde es dann best\u00e4tigt: TUI fly wird im Winter  2020 mit eigener Langstrecke an den Start gehen. Zun\u00e4chst mit zwei  Flugzeugen, beheimatet am D\u00fcsseldorfer Flughafen. Folgen sollen weitere  Flugzeuge in Frankfurt. W\u00e4hrend im Hintergrund mit rauchenden K\u00f6pfen an  der Planung und Durchf\u00fchrung der Langstrecke gearbeitet wird, fangen  meine Kollegen und ich schon an zu tr\u00e4umen.  <\/p>\n\n\n\n<p><span style=\"font-size: x-large;\">I<\/span>ch w\u00fcrde l\u00fcgen, wenn wir nicht jetzt schon die karibische Sonne auf der Haut gesp\u00fcrt h\u00e4tten.  Au\u00dfer dem tollen Nebeneffekt, sich nach einem 10-Stunden-Flug am Strand zu erholen, lockt der Reiz, seinen Horizont zu erweitern. In einem Gro\u00dfraumflugzeug mit 300 Passagieren um die 10 Stunden zu verbringen, sind neue Chancen, die uns erm\u00f6glicht werden.  Neben diesen Chancen melden sich nat\u00fcrlich nach einiger Zeit auch Fragen im Kopf:<\/p>\n\n\n<p class=\"quote\">Welche Ziele werden angeflogen, welches Flugzeugmuster wird es sein, wann geht es los, und wie wird die Schulung sein?<\/p>\n\n\n<h2 class=\"wp-block-heading\">2020: TUI fly goes to Karibik<\/h2>\n\n\n\n<p><span style=\"font-size: x-large;\">N<\/span>ach dem Startschuss f\u00fcr die internen Ausschreibungen f\u00fcr die Langstrecke erreichten uns die ersten konkreten Infos zur Langstrecke. <\/p>\n\n\n\n<p>\u2708\ufe0fLos geht es gen S\u00fcden im November 2020, genauer gesagt am 4.11. nach Puerto Plata in der Dominikanischen Republik. \u00dcber den gro\u00dfen Teich wird es mit einer Boeing 787, oder kurz <em>Dreamliner<\/em>, gehen oder besser gesagt geflogen. Der <em>Dreamliner<\/em> der TUI fly wird 300 Passagiere bef\u00f6rdern k\u00f6nnen. Neu f\u00fcr uns wird auch die \u201ePremium Economy\u201c sein. 47 Pl\u00e4tze in der \u201ePremium Economy\u201c machen es m\u00f6glich, mit mehr Beinfreiheit, leckerem Essen und weiteren kleinen Annehmlichkeiten entspannt am Urlaubsziel anzukommen. Die restlichen 253 Sitzpl\u00e4tze werden mit 80 <em>Comfort Seats<\/em> ausgestattet, die einen gr\u00f6\u00dferen Sitzabstand bieten. <\/p>\n\n\n<figure id=\"attachment_55258\" aria-describedby=\"caption-attachment-55258\" style=\"width: 750px\" class=\"wp-caption alignnone\"><a href=\"https:\/\/www.tui.com\/blog\/wp-content\/uploads\/2023\/04\/TUIFly_Boeing787.jpg\"><img decoding=\"async\" class=\"size-full wp-image-55258\" src=\"https:\/\/www.tui.com\/blog\/wp-content\/uploads\/2023\/04\/TUIFly_Boeing787.jpg\" alt=\"Mit der Boeing 787, oder kurz Dreamliner, geht es nach Mexiko und in die Dominikanische Republik\" width=\"760\" height=\"420\"><\/a><figcaption id=\"caption-attachment-55258\" class=\"wp-caption-text\">Mit der Boeing 787, oder kurz Dreamliner, geht es nach Mexiko und in die Dominikanische Republik<\/figcaption><\/figure>\n\n\n<h2 class=\"wp-block-heading\">Welche Flugziele wird es geben?<\/h2>\n\n\n\n<p><span style=\"font-size: x-large;\">B<\/span>eginnen werden wir mit der Karibik und Cancun in Mexiko. In der Dominikanischen Republik werden wir gleich drei Flugh\u00e4fen anfliegen. Punta Cana, Puerto Plata und La Romana. Dazu kommen die Inseln Jamaica und Barbados. Wir werden Schiffszubringer f\u00fcr die G\u00e4ste von <em>Mein Schiff, <\/em>die auf diesen Inseln an Bord gehen. <\/p>\n\n\n\n<p><span style=\"font-size: x-large;\">F<\/span>\u00fcr uns Flieger, die bei der Langstrecke dabei sind, bedeutet das: Wir werden auf ein v\u00f6llig neues Flugzeugmuster geschult und lernen, wie die Sicherheitsverfahren auf dem <em>Dreamliner <\/em>ablaufen. Neben der Sicherheit spielt aber nat\u00fcrlich auch das Thema Service eine Rolle. Bei zwei G\u00e4ngen in der Kabine muss einiges anders geplant werden als beim bisherigen Service auf unserer Boeing 737\/800. Im Sommer werden wir auf dieses Muster gebrieft, und dann geht es auch schon bald los. F\u00fcr uns wird das ein ganz neues Abenteuer werden.<\/p>\n\n\n\n<h2 class=\"wp-block-heading\">Wege entstehen dadurch, dass man sie fliegt<\/h2>\n\n\n\n<p><span style=\"font-size: x-large;\">N<\/span>at\u00fcrlich bringt die Langstrecke auch Ver\u00e4nderungen mit sich. Wie bereits erw\u00e4hnt, werden die Dreamliner in D\u00fcsseldorf stationiert sein. Das bedeutet f\u00fcr die Kollegen, die sich bei einer internen Ausschreibung beworben haben und an anderen Stationen beheimatet sind, einen Umzug. Ich selbst geh\u00f6re zu diesen Kollegen. <\/p>\n\n\n<p class=\"quote\">Ich war sofort angetan von der Langstrecke und nehme es gerne in Kauf, mein geliebtes Stuttgart zu verlassen.<\/p>\n\n\n<p><span style=\"font-size: x-large;\">N<\/span>ach 9 Jahren Stuttgart und davon 5 Jahren auf der Station Stuttgart  gehe ich mit einem lachenden und einem weinenden Auge. Ich werde meine  Kollegen, von denen viele Freunde geworden sind, vermissen. Doch die  M\u00f6glichkeit, neue Menschen kennenzulernen, neue Geschichten zu h\u00f6ren und  neue Erfahrungen zu machen, sind die Dinge, die ich an der Fliegerei so  liebe.  <\/p>\n\n\n\n<div style=\"border: 2px solid #E8E8E8; padding: 10px;\">\n\n<figure id=\"attachment_33379\" aria-describedby=\"caption-attachment-33379\" style=\"width: 198px\" class=\"wp-caption alignright\"><a href=\"https:\/\/www.tui.com\/blog\/author\/tui-bloggerin-marlene\"><img decoding=\"async\" class=\"wp-image-33379\" src=\"https:\/\/www.tui.com\/blog\/wp-content\/uploads\/2023\/04\/featurebild-tuifly-kolumne.jpg\" alt=\"TUI fly Kolumne\" width=\"208\" height=\"117\"><\/a><figcaption id=\"caption-attachment-33379\" class=\"wp-caption-text\">Hier kommt ihr direkt zum Profil von \u25ba <a href=\"https:\/\/www.tui.com\/blog\/author\/tui-bloggerin-marlene\">Marlene<\/a><\/figcaption><\/figure>\n<h3>ONLINEKOLUMNE:\nAUS DEM JOBALLTAG EINER FLUGBEGLEITERIN<\/h3>\nJeden Monat l\u00e4sst uns TUI fly Flugbegleiterin Marlene an ihrem Joballtag teilhaben. Hier geht es zu ihren bisher ver\u00f6ffentlichten Kolumnen:\n<br>\n<br>\n\u25ba <a href=\"https:\/\/www.tui.com\/blog\/eine-liebeserklaerung-an-meine-kollegen-unsere-gaeste-und-meinen-beruf\">Eine Liebeserkl\u00e4rung an meine Kollegen, unsere G\u00e4ste und meinen Beruf<\/a>\n<br>\n\u25ba <a href=\"https:\/\/www.tui.com\/blog\/tui-fly-kolumne-entspannt-abheben-erholt-landen-meine-besten-flugtipps\/\">Entspannt abheben, erholt landen \u2013 meine besten Flugtipps<\/a>\n<br>\n\u25ba <a href=\"https:\/\/www.tui.com\/blog\/tui-fly-kolumne-recurrent-was-training-fuer-den-ernstfall\/\" target=\"_blank\" rel=\"noopener noreferrer\">Recurrent &#8211; was? Training f\u00fcr den Ernstfall<\/a>\n<br>\n\u25ba <a href=\"https:\/\/www.tui.com\/blog\/tui-fly-kolumne-gruener-fliegen-wie-stoppen-wir-die-plastikflut\/\" target=\"_blank\" rel=\"noopener noreferrer\">Gr\u00fcner fliegen: Wie stoppen wir die Plastikflut?<\/a>\n<\/div>\n&nbsp;\n\n\n<h6>\u2014 Foto Dreamliner\u00a9TUIAG. \u2014<\/h6>","protected":false},"excerpt":{"rendered":"<p>TUI fly Flugbegleiterin Marlene besch\u00e4ftigt das Thema Langstrecke, denn ab November fliegt TUI fly in die Dominikanische Republik und nach Mexiko. Das bringt nat\u00fcrlich so einige Ver\u00e4nderungen mit sich!<\/p>\n","protected":false},"author":119,"featured_media":165660,"comment_status":"open","ping_status":"open","sticky":false,"template":"","format":"standard","meta":{"_acf_changed":false,"footnotes":""},"categories":[4072],"tags":[191,2606,193,1188,2402,156,947],"class_list":["post-181280","post","type-post","status-publish","format-standard","has-post-thumbnail","hentry","category-archiv-reiseplanung","tag-flugbegleiter","tag-flugtipps","tag-flugzeug","tag-hinter-den-kulissen","tag-kolumne","tag-tui-fly","tag-tui-jobs"],"acf":[],"yoast_head":"<!-- This site is optimized with the Yoast SEO plugin v27.4 - https:\/\/yoast.com\/product\/yoast-seo-wordpress\/ -->\n<title>TUI fly Kolumne: Auf die Pl\u00e4tze \u2013 fertig \u2013 Langstrecke! - TUI.com Reiseblog \u2600<\/title>\n<meta name=\"description\" content=\"TUI fly fliegt ab November Langstrecke! Das bringt nat\u00fcrlich so einige Ver\u00e4nderungen mit sich! TUI fly Flugbegleiterin Marlene berichtet.\" \/>\n<meta name=\"robots\" content=\"index, follow, max-snippet:-1, max-image-preview:large, max-video-preview:-1\" \/>\n<link rel=\"canonical\" href=\"https:\/\/www.tui.com\/blog\/tui-fly-kolumne-auf-die-plaetze-fertig-langstrecke\/\" \/>\n<meta property=\"og:locale\" content=\"de_DE\" \/>\n<meta property=\"og:type\" content=\"article\" \/>\n<meta property=\"og:title\" content=\"TUI fly Kolumne: Auf die Pl\u00e4tze \u2013 fertig \u2013 Langstrecke! - TUI.com Reiseblog \u2600\" \/>\n<meta property=\"og:description\" content=\"TUI fly fliegt ab November Langstrecke! Das bringt nat\u00fcrlich so einige Ver\u00e4nderungen mit sich! TUI fly Flugbegleiterin Marlene berichtet.\" \/>\n<meta property=\"og:url\" content=\"https:\/\/www.tui.com\/blog\/tui-fly-kolumne-auf-die-plaetze-fertig-langstrecke\/\" \/>\n<meta property=\"og:site_name\" content=\"TUI.com Reiseblog \u2600\" \/>\n<meta property=\"article:published_time\" content=\"2020-02-27T10:00:00+00:00\" \/>\n<meta property=\"article:modified_time\" content=\"2025-07-28T12:28:14+00:00\" \/>\n<meta property=\"og:image\" content=\"https:\/\/www.tui.com\/blog\/wp-content\/uploads\/2023\/04\/featurebild-tuifly-kolumne.jpg\" \/>\n\t<meta property=\"og:image:width\" content=\"1400\" \/>\n\t<meta property=\"og:image:height\" content=\"788\" \/>\n\t<meta property=\"og:image:type\" content=\"image\/jpeg\" \/>\n<meta name=\"author\" content=\"Marlene\" \/>\n<meta name=\"twitter:card\" content=\"summary_large_image\" \/>\n<meta name=\"twitter:label1\" content=\"Verfasst von\" \/>\n\t<meta name=\"twitter:data1\" content=\"Marlene\" \/>\n\t<meta name=\"twitter:label2\" content=\"Gesch\u00e4tzte Lesezeit\" \/>\n\t<meta name=\"twitter:data2\" content=\"4\u00a0Minuten\" \/>\n<script type=\"application\/ld+json\" class=\"yoast-schema-graph\">{\"@context\":\"https:\\\/\\\/schema.org\",\"@graph\":[{\"@type\":\"BlogPosting\",\"@id\":\"https:\\\/\\\/www.tui.com\\\/blog\\\/tui-fly-kolumne-auf-die-plaetze-fertig-langstrecke\\\/#article\",\"isPartOf\":{\"@id\":\"https:\\\/\\\/www.tui.com\\\/blog\\\/tui-fly-kolumne-auf-die-plaetze-fertig-langstrecke\\\/\"},\"author\":{\"name\":\"Marlene\",\"@id\":\"https:\\\/\\\/www.tui.com\\\/blog\\\/#\\\/schema\\\/person\\\/1c0b8d5603dbc9ac40bd173018c246b2\"},\"headline\":\"TUI fly Kolumne: Auf die Pl\u00e4tze \u2013 fertig \u2013 Langstrecke!\",\"datePublished\":\"2020-02-27T10:00:00+00:00\",\"dateModified\":\"2025-07-28T12:28:14+00:00\",\"mainEntityOfPage\":{\"@id\":\"https:\\\/\\\/www.tui.com\\\/blog\\\/tui-fly-kolumne-auf-die-plaetze-fertig-langstrecke\\\/\"},\"wordCount\":819,\"commentCount\":2,\"publisher\":{\"@id\":\"https:\\\/\\\/www.tui.com\\\/blog\\\/#organization\"},\"image\":{\"@id\":\"https:\\\/\\\/www.tui.com\\\/blog\\\/tui-fly-kolumne-auf-die-plaetze-fertig-langstrecke\\\/#primaryimage\"},\"thumbnailUrl\":\"https:\\\/\\\/www.tui.com\\\/blog\\\/wp-content\\\/uploads\\\/2023\\\/04\\\/featurebild-tuifly-kolumne.jpg\",\"keywords\":[\"Flugbegleiter\",\"Flugtipps\",\"Flugzeug\",\"Hinter den Kulissen\",\"Kolumne\",\"TUI fly\",\"TUI Jobs\"],\"articleSection\":[\"Reiseplanung\"],\"inLanguage\":\"de\",\"potentialAction\":[{\"@type\":\"CommentAction\",\"name\":\"Comment\",\"target\":[\"https:\\\/\\\/www.tui.com\\\/blog\\\/tui-fly-kolumne-auf-die-plaetze-fertig-langstrecke\\\/#respond\"]}]},{\"@type\":\"WebPage\",\"@id\":\"https:\\\/\\\/www.tui.com\\\/blog\\\/tui-fly-kolumne-auf-die-plaetze-fertig-langstrecke\\\/\",\"url\":\"https:\\\/\\\/www.tui.com\\\/blog\\\/tui-fly-kolumne-auf-die-plaetze-fertig-langstrecke\\\/\",\"name\":\"TUI fly Kolumne: Auf die Pl\u00e4tze \u2013 fertig \u2013 Langstrecke! - TUI.com Reiseblog \u2600\",\"isPartOf\":{\"@id\":\"https:\\\/\\\/www.tui.com\\\/blog\\\/#website\"},\"primaryImageOfPage\":{\"@id\":\"https:\\\/\\\/www.tui.com\\\/blog\\\/tui-fly-kolumne-auf-die-plaetze-fertig-langstrecke\\\/#primaryimage\"},\"image\":{\"@id\":\"https:\\\/\\\/www.tui.com\\\/blog\\\/tui-fly-kolumne-auf-die-plaetze-fertig-langstrecke\\\/#primaryimage\"},\"thumbnailUrl\":\"https:\\\/\\\/www.tui.com\\\/blog\\\/wp-content\\\/uploads\\\/2023\\\/04\\\/featurebild-tuifly-kolumne.jpg\",\"datePublished\":\"2020-02-27T10:00:00+00:00\",\"dateModified\":\"2025-07-28T12:28:14+00:00\",\"description\":\"TUI fly fliegt ab November Langstrecke! Das bringt nat\u00fcrlich so einige Ver\u00e4nderungen mit sich! TUI fly Flugbegleiterin Marlene berichtet.\",\"breadcrumb\":{\"@id\":\"https:\\\/\\\/www.tui.com\\\/blog\\\/tui-fly-kolumne-auf-die-plaetze-fertig-langstrecke\\\/#breadcrumb\"},\"inLanguage\":\"de\",\"potentialAction\":[{\"@type\":\"ReadAction\",\"target\":[\"https:\\\/\\\/www.tui.com\\\/blog\\\/tui-fly-kolumne-auf-die-plaetze-fertig-langstrecke\\\/\"]}]},{\"@type\":\"ImageObject\",\"inLanguage\":\"de\",\"@id\":\"https:\\\/\\\/www.tui.com\\\/blog\\\/tui-fly-kolumne-auf-die-plaetze-fertig-langstrecke\\\/#primaryimage\",\"url\":\"https:\\\/\\\/www.tui.com\\\/blog\\\/wp-content\\\/uploads\\\/2023\\\/04\\\/featurebild-tuifly-kolumne.jpg\",\"contentUrl\":\"https:\\\/\\\/www.tui.com\\\/blog\\\/wp-content\\\/uploads\\\/2023\\\/04\\\/featurebild-tuifly-kolumne.jpg\",\"width\":1400,\"height\":788},{\"@type\":\"BreadcrumbList\",\"@id\":\"https:\\\/\\\/www.tui.com\\\/blog\\\/tui-fly-kolumne-auf-die-plaetze-fertig-langstrecke\\\/#breadcrumb\",\"itemListElement\":[{\"@type\":\"ListItem\",\"position\":1,\"name\":\"Startseite\",\"item\":\"https:\\\/\\\/www.tui.com\\\/blog\\\/\"},{\"@type\":\"ListItem\",\"position\":2,\"name\":\"TUI fly Kolumne: Auf die Pl\u00e4tze \u2013 fertig \u2013 Langstrecke!\"}]},{\"@type\":\"WebSite\",\"@id\":\"https:\\\/\\\/www.tui.com\\\/blog\\\/#website\",\"url\":\"https:\\\/\\\/www.tui.com\\\/blog\\\/\",\"name\":\"TUI.com Reiseblog \u2600\",\"description\":\"Abenteuer oder lieber an den Strand? \u2600 Der TUI Reiseblog bietet tolle Infos rund um deine n\u00e4chste Reise \u2708 Komm vorbei und lass dich inspirieren \u221a\",\"publisher\":{\"@id\":\"https:\\\/\\\/www.tui.com\\\/blog\\\/#organization\"},\"potentialAction\":[{\"@type\":\"SearchAction\",\"target\":{\"@type\":\"EntryPoint\",\"urlTemplate\":\"https:\\\/\\\/www.tui.com\\\/blog\\\/?s={search_term_string}\"},\"query-input\":{\"@type\":\"PropertyValueSpecification\",\"valueRequired\":true,\"valueName\":\"search_term_string\"}}],\"inLanguage\":\"de\"},{\"@type\":\"Organization\",\"@id\":\"https:\\\/\\\/www.tui.com\\\/blog\\\/#organization\",\"name\":\"TUI.com Reiseblog \u2600\",\"url\":\"https:\\\/\\\/www.tui.com\\\/blog\\\/\",\"logo\":{\"@type\":\"ImageObject\",\"inLanguage\":\"de\",\"@id\":\"https:\\\/\\\/www.tui.com\\\/blog\\\/#\\\/schema\\\/logo\\\/image\\\/\",\"url\":\"https:\\\/\\\/www.tui.com\\\/blog\\\/wp-content\\\/uploads\\\/2023\\\/04\\\/cropped-tui-logo-3.png\",\"contentUrl\":\"https:\\\/\\\/www.tui.com\\\/blog\\\/wp-content\\\/uploads\\\/2023\\\/04\\\/cropped-tui-logo-3.png\",\"width\":164,\"height\":72,\"caption\":\"TUI.com Reiseblog \u2600\"},\"image\":{\"@id\":\"https:\\\/\\\/www.tui.com\\\/blog\\\/#\\\/schema\\\/logo\\\/image\\\/\"}},{\"@type\":\"Person\",\"@id\":\"https:\\\/\\\/www.tui.com\\\/blog\\\/#\\\/schema\\\/person\\\/1c0b8d5603dbc9ac40bd173018c246b2\",\"name\":\"Marlene\",\"image\":{\"@type\":\"ImageObject\",\"inLanguage\":\"de\",\"@id\":\"https:\\\/\\\/www.tui.com\\\/blog\\\/wp-content\\\/uploads\\\/2019\\\/02\\\/marlene-schmitz-profil-96x96.jpg\",\"url\":\"https:\\\/\\\/www.tui.com\\\/blog\\\/wp-content\\\/uploads\\\/2019\\\/02\\\/marlene-schmitz-profil-96x96.jpg\",\"contentUrl\":\"https:\\\/\\\/www.tui.com\\\/blog\\\/wp-content\\\/uploads\\\/2019\\\/02\\\/marlene-schmitz-profil-96x96.jpg\",\"caption\":\"Marlene\"},\"description\":\"Seit April 2015 bin ich Flugbegleiterin bei der TUI fly \u2013 ein Job, den ich mit jeder Faser meines K\u00f6rpers liebe! Genauso wie das Schreiben. Mit meiner monatlichen Kolumne \\\"Aus dem Joballtag einer Flugbegleiterin\\\" habe ich jetzt die M\u00f6glichkeit, meine drei gro\u00dfen Leidenschaften miteinander zu verbinden: fliegen, reisen und dar\u00fcber schreiben. Was will man mehr?!\",\"url\":\"https:\\\/\\\/www.tui.com\\\/blog\\\/author\\\/tui-bloggerin-marlene\\\/\"}]}<\/script>\n<!-- \/ Yoast SEO plugin. -->","yoast_head_json":{"title":"TUI fly Kolumne: Auf die Pl\u00e4tze \u2013 fertig \u2013 Langstrecke! - TUI.com Reiseblog \u2600","description":"TUI fly fliegt ab November Langstrecke! Das bringt nat\u00fcrlich so einige Ver\u00e4nderungen mit sich! TUI fly Flugbegleiterin Marlene berichtet.","robots":{"index":"index","follow":"follow","max-snippet":"max-snippet:-1","max-image-preview":"max-image-preview:large","max-video-preview":"max-video-preview:-1"},"canonical":"https:\/\/www.tui.com\/blog\/tui-fly-kolumne-auf-die-plaetze-fertig-langstrecke\/","og_locale":"de_DE","og_type":"article","og_title":"TUI fly Kolumne: Auf die Pl\u00e4tze \u2013 fertig \u2013 Langstrecke! - TUI.com Reiseblog \u2600","og_description":"TUI fly fliegt ab November Langstrecke! Das bringt nat\u00fcrlich so einige Ver\u00e4nderungen mit sich! TUI fly Flugbegleiterin Marlene berichtet.","og_url":"https:\/\/www.tui.com\/blog\/tui-fly-kolumne-auf-die-plaetze-fertig-langstrecke\/","og_site_name":"TUI.com Reiseblog \u2600","article_published_time":"2020-02-27T10:00:00+00:00","article_modified_time":"2025-07-28T12:28:14+00:00","og_image":[{"width":1400,"height":788,"url":"https:\/\/www.tui.com\/blog\/wp-content\/uploads\/2023\/04\/featurebild-tuifly-kolumne.jpg","type":"image\/jpeg"}],"author":"Marlene","twitter_card":"summary_large_image","twitter_misc":{"Verfasst von":"Marlene","Gesch\u00e4tzte Lesezeit":"4\u00a0Minuten"},"schema":{"@context":"https:\/\/schema.org","@graph":[{"@type":"BlogPosting","@id":"https:\/\/www.tui.com\/blog\/tui-fly-kolumne-auf-die-plaetze-fertig-langstrecke\/#article","isPartOf":{"@id":"https:\/\/www.tui.com\/blog\/tui-fly-kolumne-auf-die-plaetze-fertig-langstrecke\/"},"author":{"name":"Marlene","@id":"https:\/\/www.tui.com\/blog\/#\/schema\/person\/1c0b8d5603dbc9ac40bd173018c246b2"},"headline":"TUI fly Kolumne: Auf die Pl\u00e4tze \u2013 fertig \u2013 Langstrecke!","datePublished":"2020-02-27T10:00:00+00:00","dateModified":"2025-07-28T12:28:14+00:00","mainEntityOfPage":{"@id":"https:\/\/www.tui.com\/blog\/tui-fly-kolumne-auf-die-plaetze-fertig-langstrecke\/"},"wordCount":819,"commentCount":2,"publisher":{"@id":"https:\/\/www.tui.com\/blog\/#organization"},"image":{"@id":"https:\/\/www.tui.com\/blog\/tui-fly-kolumne-auf-die-plaetze-fertig-langstrecke\/#primaryimage"},"thumbnailUrl":"https:\/\/www.tui.com\/blog\/wp-content\/uploads\/2023\/04\/featurebild-tuifly-kolumne.jpg","keywords":["Flugbegleiter","Flugtipps","Flugzeug","Hinter den Kulissen","Kolumne","TUI fly","TUI Jobs"],"articleSection":["Reiseplanung"],"inLanguage":"de","potentialAction":[{"@type":"CommentAction","name":"Comment","target":["https:\/\/www.tui.com\/blog\/tui-fly-kolumne-auf-die-plaetze-fertig-langstrecke\/#respond"]}]},{"@type":"WebPage","@id":"https:\/\/www.tui.com\/blog\/tui-fly-kolumne-auf-die-plaetze-fertig-langstrecke\/","url":"https:\/\/www.tui.com\/blog\/tui-fly-kolumne-auf-die-plaetze-fertig-langstrecke\/","name":"TUI fly Kolumne: Auf die Pl\u00e4tze \u2013 fertig \u2013 Langstrecke! - TUI.com Reiseblog \u2600","isPartOf":{"@id":"https:\/\/www.tui.com\/blog\/#website"},"primaryImageOfPage":{"@id":"https:\/\/www.tui.com\/blog\/tui-fly-kolumne-auf-die-plaetze-fertig-langstrecke\/#primaryimage"},"image":{"@id":"https:\/\/www.tui.com\/blog\/tui-fly-kolumne-auf-die-plaetze-fertig-langstrecke\/#primaryimage"},"thumbnailUrl":"https:\/\/www.tui.com\/blog\/wp-content\/uploads\/2023\/04\/featurebild-tuifly-kolumne.jpg","datePublished":"2020-02-27T10:00:00+00:00","dateModified":"2025-07-28T12:28:14+00:00","description":"TUI fly fliegt ab November Langstrecke! Das bringt nat\u00fcrlich so einige Ver\u00e4nderungen mit sich! TUI fly Flugbegleiterin Marlene berichtet.","breadcrumb":{"@id":"https:\/\/www.tui.com\/blog\/tui-fly-kolumne-auf-die-plaetze-fertig-langstrecke\/#breadcrumb"},"inLanguage":"de","potentialAction":[{"@type":"ReadAction","target":["https:\/\/www.tui.com\/blog\/tui-fly-kolumne-auf-die-plaetze-fertig-langstrecke\/"]}]},{"@type":"ImageObject","inLanguage":"de","@id":"https:\/\/www.tui.com\/blog\/tui-fly-kolumne-auf-die-plaetze-fertig-langstrecke\/#primaryimage","url":"https:\/\/www.tui.com\/blog\/wp-content\/uploads\/2023\/04\/featurebild-tuifly-kolumne.jpg","contentUrl":"https:\/\/www.tui.com\/blog\/wp-content\/uploads\/2023\/04\/featurebild-tuifly-kolumne.jpg","width":1400,"height":788},{"@type":"BreadcrumbList","@id":"https:\/\/www.tui.com\/blog\/tui-fly-kolumne-auf-die-plaetze-fertig-langstrecke\/#breadcrumb","itemListElement":[{"@type":"ListItem","position":1,"name":"Startseite","item":"https:\/\/www.tui.com\/blog\/"},{"@type":"ListItem","position":2,"name":"TUI fly Kolumne: Auf die Pl\u00e4tze \u2013 fertig \u2013 Langstrecke!"}]},{"@type":"WebSite","@id":"https:\/\/www.tui.com\/blog\/#website","url":"https:\/\/www.tui.com\/blog\/","name":"TUI.com Reiseblog \u2600","description":"Abenteuer oder lieber an den Strand? \u2600 Der TUI Reiseblog bietet tolle Infos rund um deine n\u00e4chste Reise \u2708 Komm vorbei und lass dich inspirieren \u221a","publisher":{"@id":"https:\/\/www.tui.com\/blog\/#organization"},"potentialAction":[{"@type":"SearchAction","target":{"@type":"EntryPoint","urlTemplate":"https:\/\/www.tui.com\/blog\/?s={search_term_string}"},"query-input":{"@type":"PropertyValueSpecification","valueRequired":true,"valueName":"search_term_string"}}],"inLanguage":"de"},{"@type":"Organization","@id":"https:\/\/www.tui.com\/blog\/#organization","name":"TUI.com Reiseblog \u2600","url":"https:\/\/www.tui.com\/blog\/","logo":{"@type":"ImageObject","inLanguage":"de","@id":"https:\/\/www.tui.com\/blog\/#\/schema\/logo\/image\/","url":"https:\/\/www.tui.com\/blog\/wp-content\/uploads\/2023\/04\/cropped-tui-logo-3.png","contentUrl":"https:\/\/www.tui.com\/blog\/wp-content\/uploads\/2023\/04\/cropped-tui-logo-3.png","width":164,"height":72,"caption":"TUI.com Reiseblog \u2600"},"image":{"@id":"https:\/\/www.tui.com\/blog\/#\/schema\/logo\/image\/"}},{"@type":"Person","@id":"https:\/\/www.tui.com\/blog\/#\/schema\/person\/1c0b8d5603dbc9ac40bd173018c246b2","name":"Marlene","image":{"@type":"ImageObject","inLanguage":"de","@id":"https:\/\/www.tui.com\/blog\/wp-content\/uploads\/2019\/02\/marlene-schmitz-profil-96x96.jpg","url":"https:\/\/www.tui.com\/blog\/wp-content\/uploads\/2019\/02\/marlene-schmitz-profil-96x96.jpg","contentUrl":"https:\/\/www.tui.com\/blog\/wp-content\/uploads\/2019\/02\/marlene-schmitz-profil-96x96.jpg","caption":"Marlene"},"description":"Seit April 2015 bin ich Flugbegleiterin bei der TUI fly \u2013 ein Job, den ich mit jeder Faser meines K\u00f6rpers liebe! Genauso wie das Schreiben. Mit meiner monatlichen Kolumne \"Aus dem Joballtag einer Flugbegleiterin\" habe ich jetzt die M\u00f6glichkeit, meine drei gro\u00dfen Leidenschaften miteinander zu verbinden: fliegen, reisen und dar\u00fcber schreiben. Was will man mehr?!","url":"https:\/\/www.tui.com\/blog\/author\/tui-bloggerin-marlene\/"}]}},"_links":{"self":[{"href":"https:\/\/www.tui.com\/blog\/wp-json\/wp\/v2\/posts\/181280","targetHints":{"allow":["GET"]}}],"collection":[{"href":"https:\/\/www.tui.com\/blog\/wp-json\/wp\/v2\/posts"}],"about":[{"href":"https:\/\/www.tui.com\/blog\/wp-json\/wp\/v2\/types\/post"}],"author":[{"embeddable":true,"href":"https:\/\/www.tui.com\/blog\/wp-json\/wp\/v2\/users\/119"}],"replies":[{"embeddable":true,"href":"https:\/\/www.tui.com\/blog\/wp-json\/wp\/v2\/comments?post=181280"}],"version-history":[{"count":2,"href":"https:\/\/www.tui.com\/blog\/wp-json\/wp\/v2\/posts\/181280\/revisions"}],"predecessor-version":[{"id":454538,"href":"https:\/\/www.tui.com\/blog\/wp-json\/wp\/v2\/posts\/181280\/revisions\/454538"}],"wp:featuredmedia":[{"embeddable":true,"href":"https:\/\/www.tui.com\/blog\/wp-json\/wp\/v2\/media\/165660"}],"wp:attachment":[{"href":"https:\/\/www.tui.com\/blog\/wp-json\/wp\/v2\/media?parent=181280"}],"wp:term":[{"taxonomy":"category","embeddable":true,"href":"https:\/\/www.tui.com\/blog\/wp-json\/wp\/v2\/categories?post=181280"},{"taxonomy":"post_tag","embeddable":true,"href":"https:\/\/www.tui.com\/blog\/wp-json\/wp\/v2\/tags?post=181280"}],"curies":[{"name":"wp","href":"https:\/\/api.w.org\/{rel}","templated":true}]}}