{"id":183274,"date":"2020-02-28T08:00:48","date_gmt":"2020-02-28T07:00:48","guid":{"rendered":"https:\/\/blog.tui.info\/https-www-tui-com-blog-die-tui-care-foundation-staerkt-korallenriffschutz\/"},"modified":"2026-02-20T11:46:35","modified_gmt":"2026-02-20T10:46:35","slug":"die-tui-care-foundation-staerkt-korallenriffschutz","status":"publish","type":"post","link":"https:\/\/www.tui.com\/blog\/die-tui-care-foundation-staerkt-korallenriffschutz\/","title":{"rendered":"Die TUI Care Foundation st\u00e4rkt Korallenriffschutz"},"content":{"rendered":"<p class=\"firstTextGrey\" data-start=\"0\" data-end=\"162\">Die <a href=\"https:\/\/www.tuicarefoundation.com\/de\" target=\"_blank\" rel=\"noopener noreferrer\">TUI Care Foundation<\/a> und die Reef-World Foundation starten eine neue Initiative. Sie soll den Schutz der Korallenriffe in der Dominikanischen Republik st\u00e4rken. Die Partnerschaft unterst\u00fctzt eine neue Generation junger Menschen und f\u00f6rdert das Umweltmanagement in der Region. Au\u00dferdem bringt sie wichtige lokale Akteure zusammen, damit sie sich noch wirksamer f\u00fcr die sensiblen \u00d6kosysteme einsetzen.<\/p>\n<p class=\"firstTextGrey\" data-start=\"0\" data-end=\"162\">Im Rahmen der Initiative werden \u00fcber 65.000 Urlauber \u00fcber den Schutz der Korallenriffe informiert. Auch Mitglieder der beteiligten Gemeinden werden erreicht, unter anderem durch die Aktivit\u00e4ten der Jugendbotschafter. Zus\u00e4tzlich erhalten Unternehmen, die am Riff t\u00e4tig sind, spezielle Nachhaltigkeitsschulungen.<\/p>\n\n\n<figure class=\"wp-block-gallery alignleft has-nested-images columns-default is-cropped wp-block-gallery-1 is-layout-flex wp-block-gallery-is-layout-flex\">\n<figure class=\"wp-block-image size-large\"><img decoding=\"async\" width=\"1000\" height=\"563\" data-id=\"43588\" src=\"https:\/\/www.tui.com\/blog\/wp-content\/uploads\/2018\/07\/Blick-auf-den-Tafelberg-1000x563.jpg\" alt=\"Die Korallenriffe\" class=\"wp-image-43588\" srcset=\"https:\/\/www.tui.com\/blog\/wp-content\/uploads\/2018\/07\/Blick-auf-den-Tafelberg-1000x563.jpg 1000w, https:\/\/www.tui.com\/blog\/wp-content\/uploads\/2018\/07\/Blick-auf-den-Tafelberg-320x180.jpg 320w, https:\/\/www.tui.com\/blog\/wp-content\/uploads\/2018\/07\/Blick-auf-den-Tafelberg-790x444.jpg 790w, https:\/\/www.tui.com\/blog\/wp-content\/uploads\/2018\/07\/Blick-auf-den-Tafelberg-768x432.jpg 768w, https:\/\/www.tui.com\/blog\/wp-content\/uploads\/2018\/07\/Blick-auf-den-Tafelberg-1150x647.jpg 1150w, https:\/\/www.tui.com\/blog\/wp-content\/uploads\/2018\/07\/Blick-auf-den-Tafelberg-940x529.jpg 940w, https:\/\/www.tui.com\/blog\/wp-content\/uploads\/2018\/07\/Blick-auf-den-Tafelberg-480x270.jpg 480w, https:\/\/www.tui.com\/blog\/wp-content\/uploads\/2018\/07\/Blick-auf-den-Tafelberg-370x208.jpg 370w, https:\/\/www.tui.com\/blog\/wp-content\/uploads\/2018\/07\/Blick-auf-den-Tafelberg-300x169.jpg 300w, https:\/\/www.tui.com\/blog\/wp-content\/uploads\/2018\/07\/Blick-auf-den-Tafelberg-133x75.jpg 133w, https:\/\/www.tui.com\/blog\/wp-content\/uploads\/2018\/07\/Blick-auf-den-Tafelberg-272x153.jpg 272w, https:\/\/www.tui.com\/blog\/wp-content\/uploads\/2018\/07\/Blick-auf-den-Tafelberg-312x176.jpg 312w, https:\/\/www.tui.com\/blog\/wp-content\/uploads\/2018\/07\/Blick-auf-den-Tafelberg-319x179.jpg 319w, https:\/\/www.tui.com\/blog\/wp-content\/uploads\/2018\/07\/Blick-auf-den-Tafelberg-330x185.jpg 330w, https:\/\/www.tui.com\/blog\/wp-content\/uploads\/2018\/07\/Blick-auf-den-Tafelberg.jpg 1400w\" sizes=\"(max-width: 1000px) 100vw, 1000px\" \/><figcaption class=\"wp-element-caption\">Wichtig: Nachhaltiges Tauchen und Schnorcheln durch die Korallenriffe.<\/figcaption><\/figure>\n<\/figure>\n\n\n\n<p>80 Prozent der mehr als 10 Millionen Einwohner der Dominikanischen Republik leben an der K\u00fcste. <strong>Korallenriffe bieten Nahrung und sind wichtige Lebensgrundlage<\/strong> f\u00fcr viele dieser Menschen. F\u00fcr die H\u00e4lfte aller Einkommen spielt der Ozean eine zentrale Rolle \u2013 haupts\u00e4chlich im Rahmen von Tourismus und Fischerei. Umso gr\u00f6\u00dfer ist die Bedeutung der empfindlichen Meeres\u00f6kosysteme, die stark bedroht sind. Intensives Tauchen, Schnorcheln und Bootfahren k\u00f6nnen die Korallen direkt sch\u00e4digen. Dies versch\u00e4rft bestehende Belastungen, denen die \u00d6kosysteme ausgesetzt sind, beispielsweise die wachsenden Folgen des Klimawandels.<\/p>\n\n\n\n<p>Die neue Initiative unter dem Dach des internationalen TUI Junior Academy Programms bietet ma\u00dfgeschneiderte Meeresumwelt-Bildungskurse. Sie motiviert Jugendbotschafter, sich f\u00fcr Korallenriff-Schutzprojekte einzusetzen und Aktivit\u00e4ten in ihrer lokalen Gemeinschaft zu starten. Zudem werden im Rahmen der Initiative in Partnerschaft mit Reef Check Dominican Republic und dem Umweltministerium der Dominikanischen Republik Richtlinien f\u00fcr nachhaltiges Tauchen und Schnorcheln erarbeitet. Ziel dabei ist, direkte Bedrohungen der Korallenriffe zu reduzieren und ihre Widerstandsf\u00e4higkeit zu st\u00e4rken.<\/p>\n\n\n\r\n<figure class=\"quote-wrapper\">\r\n\r\n    <blockquote class=\"quote-text\">\r\n        <p>Die Dominikanische Republik ist von au\u00dfergew\u00f6hnlichen Korallenriffen umgeben, die einen wichtigen Teil des einzigartigen Naturerbes und der Biodiversit\u00e4t der Insel darstellen. Gesunde Riffe und eine intakte Meeresumwelt sind f\u00fcr den langfristigen Erfolg des Tourismus als Wirtschaftsmotor des Landes, aber auch f\u00fcr die Fischerei, von gro\u00dfer Bedeutung. Jugendliche k\u00f6nnen eine entscheidende Rolle dabei spielen, den Lebensraum Meer langfristig zu sch\u00fctzen. Wir freuen uns sehr, dass unsere mit Reef-World ins Leben gerufene Initiative hier einen Beitrag leisten kann.<\/p>\n<p>Thomas Ellerbeck, Vorsitzender des Boards der TUI Care Foundation<\/p>\n    <\/blockquote>\r\n\r\n    \r\n<\/figure>\n\n\n<figure class=\"wp-block-gallery has-nested-images columns-default is-cropped wp-block-gallery-2 is-layout-flex wp-block-gallery-is-layout-flex\">\n<figure class=\"wp-block-image size-large\"><img decoding=\"async\" width=\"1000\" height=\"750\" data-id=\"58935\" src=\"https:\/\/www.tui.com\/blog\/wp-content\/uploads\/2020\/02\/Catalina-Island_Credit-The-Reef-World-Foundation.jpg\" alt=\"Die Insel Catalina\" class=\"wp-image-58935\"\/><figcaption class=\"wp-element-caption\">Der Strand der Insel Catalina auf der Dominikanischen Republik.<\/figcaption><\/figure>\n<\/figure>\n\n\n\r\n<figure class=\"quote-wrapper\">\r\n\r\n    <blockquote class=\"quote-text\">\r\n        <p>Die Korallenriffe der Dominikanischen Republik sind nicht nur ein wertvolles nat\u00fcrliches \u00d6kosystem, sondern bieten vielen Menschen im Land Nahrung und Lebensgrundlage und stellen somit auch ein wertvolles und sch\u00fctzenswertes Wirtschaftsgut dar. Wir helfen der maritimen Tourismusindustrie, die besten Umweltpraktiken zu befolgen. Das Korallenriff-Schutzprogramm f\u00fcr Jugendbotschafter wird \u00fcber 1.000 Jugendliche in 15 Schulen einbeziehen. Wir sind stolz darauf, mit der TUI Care Foundation zusammenzuarbeiten, um die Dominikaner in die Lage zu versetzen, ihre Natursch\u00e4tze langfristig zu sch\u00fctzen.<\/p>\n<p>JJ Harvey, Direktor der Reef-World Foundation<\/p>\n    <\/blockquote>\r\n\r\n    \r\n<\/figure>\n\n\n<p>Leiter von Bildungseinrichtungen, lokale Ressourcenmanager und Vertreter des Rifftourismus werden im Rahmen der Initiative an <strong>Meeresbildungsprogrammen<\/strong> teilnehmen k\u00f6nnen. Jugendliche werden in speziellen Schulungen in die Lage versetzt, L\u00f6sungen f\u00fcr die Umweltherausforderungen der Zukunft zu erarbeiten. Gemeinsam mit Lehrern und dem Bildungsministerium will die Initiative auch die Inhalte der Meeresumweltbildung im nationalen Lehrplan st\u00e4rken.<\/p>\n\n\n\n<p>In der Dominikanischen Republik wird die Initiative \u201eGreen Fins&#8220; mit Hilfe eines Netzwerkes umgesetzt. Es wird geleitet von Reef Check Dominican Republic und gemeinsam mit dem Ministerium f\u00fcr Umwelt und nat\u00fcrliche Ressourcen, der Hilfsmarine, dem Projekt \u201eCoastal Biodiversity and Tourism&#8220; und der Naturschutzgruppe CEBSE durchgef\u00fchrt.<\/p>\n\n\n\n<h2 class=\"wp-block-heading\">\u00dcber die TUI Care Foundation<\/h2>\n\n\n\n<figure class=\"wp-block-gallery alignright has-nested-images columns-default is-cropped wp-block-gallery-3 is-layout-flex wp-block-gallery-is-layout-flex\">\n<figure class=\"wp-block-image size-large\"><img decoding=\"async\" data-id=\"43602\" src=\"https:\/\/www.tui.com\/blog\/wp-content\/uploads\/2023\/04\/Reef-Check-Dominican-Republic-with-teachers-2_Credit-The-Reef-World-Foundation.jpg\" alt=\"Korallenriffcheck mit Lehrern \" class=\"wp-image-43602\"\/><figcaption class=\"wp-element-caption\">Korallenriffcheck mit den Lehrern aus der Dominikanischen Republik.<\/figcaption><\/figure>\n<\/figure>\n\n\n\n<p>Die <a href=\"https:\/\/www.tuicarefoundation.com\/de\" target=\"_blank\" rel=\"noreferrer noopener\">TUI Care Foundation<\/a> initiiert und unterst\u00fctzt Projekte, <strong>die jungen Menschen auf der ganzen Welt neue Zukunftsperspektiven er\u00f6ffnen<\/strong>. Die Natur und Umwelt werden gesch\u00fctzt und die nachhaltige Entwicklung von Urlaubsdestinationen gef\u00f6rdert. Dabei setzt die Stiftung auf das Potenzial des Tourismussektors als Motor f\u00fcr gesellschaftliche Entwicklung, Bildung und Wohlstand. Die TUI Care Foundation operiert weltweit, konzentriert sich dabei jedoch immer auf die konkrete Situation vor Ort.<\/p>\n\n\n\n<p>Sie <strong>baut auf starke Partnerschaften<\/strong> mit regionalen und internationalen Organisationen, um nachhaltigen Wandel zu bewirken. Die gemeinn\u00fctzige Stiftung ist einem transparenten und effizienten Umgang mit Spenden verpflichtet: Spenden flie\u00dfen vollst\u00e4ndig in die Programme in den Reisel\u00e4ndern, administrative Kosten der Stiftung werden von TUI getragen. Die TUI Care Foundation hat ihren Sitz im Herzen Europas, in den Niederlanden.<\/p>\n\n\n\n<h2 class=\"wp-block-heading\">\u00dcber The Reef-World Foundation<\/h2>\n\n\n\n<p>Die Reef-World Foundation ist eine eingetragene britische gemeinn\u00fctzige Organisation. Sie bietet <strong>weltweit praktische L\u00f6sungen f\u00fcr den Schutz der Meere<\/strong>. Im Fokus steht die sinnvolle Nutzung nat\u00fcrlicher Ressourcen, besonders von Korallenriffen und ihren \u00d6kosystemen. Davon sollen lokale Einwohner, Besucher und k\u00fcnftige Generationen profitieren. Ziel der Organisation ist es, Regierungen, Unternehmen und Einzelpersonen zu unterst\u00fctzen. Sie sollen zum Schutz und zur nachhaltigen Entwicklung von K\u00fcstenressourcen beitragen k\u00f6nnen.<\/p>\n\n\n\n<p>Reef-World ist die f\u00fchrende Organisation bei der weltweiten Umsetzung der \u201eGreen Fins\u201c-Initiative des Umweltprogramms der Vereinten Nationen (UNEP). Ziel ist es, <strong>umweltfreundliche Tauch- und Schnorchelpraktiken global zu f\u00f6rdern<\/strong>. Die gemeinn\u00fctzige Organisation bietet kosteng\u00fcnstige und pragmatische L\u00f6sungen f\u00fcr Umweltprobleme im Meerestourismus. Au\u00dferdem stellt sie Trainings und Kompetenzprogramme bereit. Damit werden Umwelt-Champions in der Tauchbranche, in lokalen Gemeinschaften sowie bei Beh\u00f6rden und Regierungen bef\u00e4higt, bew\u00e4hrte Ma\u00dfnahmen f\u00fcr das Management von K\u00fcstenressourcen umzusetzen.<\/p>\n\n\n\n<h2 class=\"wp-block-heading\">\u00dcber Green Fins<\/h2>\n\n\n\n<figure class=\"wp-block-gallery alignleft has-nested-images columns-default is-cropped wp-block-gallery-4 is-layout-flex wp-block-gallery-is-layout-flex\">\n<figure class=\"wp-block-image size-large\"><img decoding=\"async\" data-id=\"43599\" src=\"https:\/\/www.tui.com\/blog\/wp-content\/uploads\/2023\/04\/Meeting-a-GF-Dive-Centre-member_Credit-The-Reef-World-Foundation-1.jpg\" alt=\"Mitglied eines Tauchzentrums.\" class=\"wp-image-43599\"\/><figcaption class=\"wp-element-caption\">Mitglied des Tauchzentrums der Dominikanischen Republik.<\/figcaption><\/figure>\n<\/figure>\n\n\n\n<p>Green Fins ist ein bew\u00e4hrter Naturschutzansatz. Er wird von der Reef-World Foundation in Partnerschaft mit dem Umweltprogramm der Vereinten Nationen (UNEP) umgesetzt.<\/p>\n\n\n\n<p>Der Ansatz <strong>reduziert messbar die negativen Umweltauswirkungen des Meerestourismus<\/strong>. Ziel ist es, Korallenriffe durch umweltfreundliche Richtlinien zu sch\u00fctzen und zu erhalten. Gleichzeitig wird nachhaltiger Tauch- und Schnorcheltourismus gef\u00f6rdert.<\/p>\n\n\n\n<p>Green Fins umfasst die einzigen international anerkannten Umweltstandards f\u00fcr die Tauch- und Schnorchelbranche. Zudem gibt es ein solides Bewertungssystem, das die Einhaltung dieser Standards messbar macht.<\/p>\n\n\n\n<figure class=\"wp-block-gallery alignright has-nested-images columns-default is-cropped wp-block-gallery-5 is-layout-flex wp-block-gallery-is-layout-flex\">\n<figure class=\"wp-block-image size-large\"><img decoding=\"async\" data-id=\"43600\" src=\"https:\/\/www.tui.com\/blog\/wp-content\/uploads\/2023\/04\/Tourists-on-a-snorkel-and-dive-trip_Credit-The-Reef-World-Foundation-1.jpg\" alt=\"Touristen auf dem Boot.\" class=\"wp-image-43600\"\/><figcaption class=\"wp-element-caption\">Touristen auf einem Schnorchel- und Tauchausflug.<\/figcaption><\/figure>\n<\/figure>\n\n\n\n<p>Green Fins motiviert und bef\u00e4higt die Tauchbranche, Korallenriffe zu entlasten. Daf\u00fcr erhalten Tauch- und Schnorchelunternehmen <strong>praktische, kosteng\u00fcnstige Alternativen zu sch\u00e4dlichen Praktiken wie Ankern, Fischf\u00fctterung oder chemischer Verschmutzung<\/strong>. Zus\u00e4tzlich stellt die Initiative Schulungen, Unterst\u00fctzung und Ressourcen bereit. So werden direkte und indirekte Belastungen durch den Tourismus reduziert. Das hilft Korallen, ges\u00fcnder und widerstandsf\u00e4higer zu werden \u2013 auch gegen\u00fcber dem Klimawandel.<\/p>\n\n\n\n<p>Achte bei der Buchung deiner n\u00e4chsten Tauchreise auf das \u201eGreen Fins\u201c-Logo.<\/p>\n","protected":false},"excerpt":{"rendered":"<p>Die TUI Care Foundation und die Reef-World Foundation starten eine neue Initiative. Sie soll den Schutz der Korallenriffe in der Dominikanischen Republik st\u00e4rken. Die Partnerschaft unterst\u00fctzt eine neue Generation junger Menschen und f\u00f6rdert das Umweltmanagement in der Region. Au\u00dferdem bringt sie wichtige lokale Akteure zusammen, damit sie sich noch wirksamer<\/p>\n","protected":false},"author":86,"featured_media":183288,"comment_status":"open","ping_status":"open","sticky":false,"template":"","format":"standard","meta":{"_acf_changed":false,"footnotes":""},"categories":[4048,4052,4030,4064],"tags":[2278,197],"class_list":["post-183274","post","type-post","status-publish","format-standard","has-post-thumbnail","hentry","category-archiv-fernreise","category-archiv-reisearten","category-archiv-reiseziele","category-archiv-verantwortungsvoller-urlaub","tag-tui-care-foundation","tag-tui-nachhaltigkeit"],"acf":[],"yoast_head":"<!-- This site is optimized with the Yoast SEO plugin v27.4 - https:\/\/yoast.com\/product\/yoast-seo-wordpress\/ -->\n<title>Die TUI Care Foundation st\u00e4rkt Korallenriffschutz - TUI.com Reiseblog \u2600<\/title>\n<meta name=\"description\" content=\"Die TUI Care Foundation engagiert sich f\u00fcr den Schutz der Korallenriffe in der Dominikanischen Republik. Erfahrt hier mehr ...\" \/>\n<meta name=\"robots\" content=\"index, follow, max-snippet:-1, max-image-preview:large, max-video-preview:-1\" \/>\n<link rel=\"canonical\" href=\"https:\/\/www.tui.com\/blog\/die-tui-care-foundation-staerkt-korallenriffschutz\/\" \/>\n<meta property=\"og:locale\" content=\"de_DE\" \/>\n<meta property=\"og:type\" content=\"article\" \/>\n<meta property=\"og:title\" content=\"Die TUI Care Foundation st\u00e4rkt Korallenriffschutz - TUI.com Reiseblog \u2600\" \/>\n<meta property=\"og:description\" content=\"Die TUI Care Foundation engagiert sich f\u00fcr den Schutz der Korallenriffe in der Dominikanischen Republik. Erfahrt hier mehr ...\" \/>\n<meta property=\"og:url\" content=\"https:\/\/www.tui.com\/blog\/die-tui-care-foundation-staerkt-korallenriffschutz\/\" \/>\n<meta property=\"og:site_name\" content=\"TUI.com Reiseblog \u2600\" \/>\n<meta property=\"article:published_time\" content=\"2020-02-28T07:00:48+00:00\" \/>\n<meta property=\"article:modified_time\" content=\"2026-02-20T10:46:35+00:00\" \/>\n<meta property=\"og:image\" content=\"https:\/\/www.tui.com\/blog\/wp-content\/uploads\/2023\/04\/Beitragsbild-Blog-1-1.jpg\" \/>\n\t<meta property=\"og:image:width\" content=\"845\" \/>\n\t<meta property=\"og:image:height\" content=\"321\" \/>\n\t<meta property=\"og:image:type\" content=\"image\/jpeg\" \/>\n<meta name=\"author\" content=\"TUI Reiseexperten\" \/>\n<meta name=\"twitter:card\" content=\"summary_large_image\" \/>\n<meta name=\"twitter:label1\" content=\"Verfasst von\" \/>\n\t<meta name=\"twitter:data1\" content=\"TUI Reiseexperten\" \/>\n\t<meta name=\"twitter:label2\" content=\"Gesch\u00e4tzte Lesezeit\" \/>\n\t<meta name=\"twitter:data2\" content=\"4\u00a0Minuten\" \/>\n<script type=\"application\/ld+json\" class=\"yoast-schema-graph\">{\"@context\":\"https:\\\/\\\/schema.org\",\"@graph\":[{\"@type\":\"BlogPosting\",\"@id\":\"https:\\\/\\\/www.tui.com\\\/blog\\\/die-tui-care-foundation-staerkt-korallenriffschutz\\\/#article\",\"isPartOf\":{\"@id\":\"https:\\\/\\\/www.tui.com\\\/blog\\\/die-tui-care-foundation-staerkt-korallenriffschutz\\\/\"},\"author\":{\"name\":\"TUI Reiseexperten\",\"@id\":\"https:\\\/\\\/www.tui.com\\\/blog\\\/#\\\/schema\\\/person\\\/e0405bcbd5102f3edd229113f1c50a06\"},\"headline\":\"Die TUI Care Foundation st\u00e4rkt Korallenriffschutz\",\"datePublished\":\"2020-02-28T07:00:48+00:00\",\"dateModified\":\"2026-02-20T10:46:35+00:00\",\"mainEntityOfPage\":{\"@id\":\"https:\\\/\\\/www.tui.com\\\/blog\\\/die-tui-care-foundation-staerkt-korallenriffschutz\\\/\"},\"wordCount\":875,\"commentCount\":0,\"publisher\":{\"@id\":\"https:\\\/\\\/www.tui.com\\\/blog\\\/#organization\"},\"image\":{\"@id\":\"https:\\\/\\\/www.tui.com\\\/blog\\\/die-tui-care-foundation-staerkt-korallenriffschutz\\\/#primaryimage\"},\"thumbnailUrl\":\"https:\\\/\\\/www.tui.com\\\/blog\\\/wp-content\\\/uploads\\\/2023\\\/04\\\/Beitragsbild-Blog-1-1.jpg\",\"keywords\":[\"TUI Care Foundation\",\"TUI Nachhaltigkeit\"],\"articleSection\":[\"Fernreise\",\"Reisearten\",\"Reiseziele\",\"Verantwortungsvoller Urlaub\"],\"inLanguage\":\"de\",\"potentialAction\":[{\"@type\":\"CommentAction\",\"name\":\"Comment\",\"target\":[\"https:\\\/\\\/www.tui.com\\\/blog\\\/die-tui-care-foundation-staerkt-korallenriffschutz\\\/#respond\"]}]},{\"@type\":\"WebPage\",\"@id\":\"https:\\\/\\\/www.tui.com\\\/blog\\\/die-tui-care-foundation-staerkt-korallenriffschutz\\\/\",\"url\":\"https:\\\/\\\/www.tui.com\\\/blog\\\/die-tui-care-foundation-staerkt-korallenriffschutz\\\/\",\"name\":\"Die TUI Care Foundation st\u00e4rkt Korallenriffschutz - TUI.com Reiseblog \u2600\",\"isPartOf\":{\"@id\":\"https:\\\/\\\/www.tui.com\\\/blog\\\/#website\"},\"primaryImageOfPage\":{\"@id\":\"https:\\\/\\\/www.tui.com\\\/blog\\\/die-tui-care-foundation-staerkt-korallenriffschutz\\\/#primaryimage\"},\"image\":{\"@id\":\"https:\\\/\\\/www.tui.com\\\/blog\\\/die-tui-care-foundation-staerkt-korallenriffschutz\\\/#primaryimage\"},\"thumbnailUrl\":\"https:\\\/\\\/www.tui.com\\\/blog\\\/wp-content\\\/uploads\\\/2023\\\/04\\\/Beitragsbild-Blog-1-1.jpg\",\"datePublished\":\"2020-02-28T07:00:48+00:00\",\"dateModified\":\"2026-02-20T10:46:35+00:00\",\"description\":\"Die TUI Care Foundation engagiert sich f\u00fcr den Schutz der Korallenriffe in der Dominikanischen Republik. Erfahrt hier mehr ...\",\"breadcrumb\":{\"@id\":\"https:\\\/\\\/www.tui.com\\\/blog\\\/die-tui-care-foundation-staerkt-korallenriffschutz\\\/#breadcrumb\"},\"inLanguage\":\"de\",\"potentialAction\":[{\"@type\":\"ReadAction\",\"target\":[\"https:\\\/\\\/www.tui.com\\\/blog\\\/die-tui-care-foundation-staerkt-korallenriffschutz\\\/\"]}]},{\"@type\":\"ImageObject\",\"inLanguage\":\"de\",\"@id\":\"https:\\\/\\\/www.tui.com\\\/blog\\\/die-tui-care-foundation-staerkt-korallenriffschutz\\\/#primaryimage\",\"url\":\"https:\\\/\\\/www.tui.com\\\/blog\\\/wp-content\\\/uploads\\\/2023\\\/04\\\/Beitragsbild-Blog-1-1.jpg\",\"contentUrl\":\"https:\\\/\\\/www.tui.com\\\/blog\\\/wp-content\\\/uploads\\\/2023\\\/04\\\/Beitragsbild-Blog-1-1.jpg\",\"width\":845,\"height\":321},{\"@type\":\"BreadcrumbList\",\"@id\":\"https:\\\/\\\/www.tui.com\\\/blog\\\/die-tui-care-foundation-staerkt-korallenriffschutz\\\/#breadcrumb\",\"itemListElement\":[{\"@type\":\"ListItem\",\"position\":1,\"name\":\"Startseite\",\"item\":\"https:\\\/\\\/www.tui.com\\\/blog\\\/\"},{\"@type\":\"ListItem\",\"position\":2,\"name\":\"Die TUI Care Foundation st\u00e4rkt Korallenriffschutz\"}]},{\"@type\":\"WebSite\",\"@id\":\"https:\\\/\\\/www.tui.com\\\/blog\\\/#website\",\"url\":\"https:\\\/\\\/www.tui.com\\\/blog\\\/\",\"name\":\"TUI.com Reiseblog \u2600\",\"description\":\"Abenteuer oder lieber an den Strand? \u2600 Der TUI Reiseblog bietet tolle Infos rund um deine n\u00e4chste Reise \u2708 Komm vorbei und lass dich inspirieren \u221a\",\"publisher\":{\"@id\":\"https:\\\/\\\/www.tui.com\\\/blog\\\/#organization\"},\"potentialAction\":[{\"@type\":\"SearchAction\",\"target\":{\"@type\":\"EntryPoint\",\"urlTemplate\":\"https:\\\/\\\/www.tui.com\\\/blog\\\/?s={search_term_string}\"},\"query-input\":{\"@type\":\"PropertyValueSpecification\",\"valueRequired\":true,\"valueName\":\"search_term_string\"}}],\"inLanguage\":\"de\"},{\"@type\":\"Organization\",\"@id\":\"https:\\\/\\\/www.tui.com\\\/blog\\\/#organization\",\"name\":\"TUI.com Reiseblog \u2600\",\"url\":\"https:\\\/\\\/www.tui.com\\\/blog\\\/\",\"logo\":{\"@type\":\"ImageObject\",\"inLanguage\":\"de\",\"@id\":\"https:\\\/\\\/www.tui.com\\\/blog\\\/#\\\/schema\\\/logo\\\/image\\\/\",\"url\":\"https:\\\/\\\/www.tui.com\\\/blog\\\/wp-content\\\/uploads\\\/2023\\\/04\\\/cropped-tui-logo-3.png\",\"contentUrl\":\"https:\\\/\\\/www.tui.com\\\/blog\\\/wp-content\\\/uploads\\\/2023\\\/04\\\/cropped-tui-logo-3.png\",\"width\":164,\"height\":72,\"caption\":\"TUI.com Reiseblog \u2600\"},\"image\":{\"@id\":\"https:\\\/\\\/www.tui.com\\\/blog\\\/#\\\/schema\\\/logo\\\/image\\\/\"}},{\"@type\":\"Person\",\"@id\":\"https:\\\/\\\/www.tui.com\\\/blog\\\/#\\\/schema\\\/person\\\/e0405bcbd5102f3edd229113f1c50a06\",\"name\":\"TUI Reiseexperten\",\"image\":{\"@type\":\"ImageObject\",\"inLanguage\":\"de\",\"@id\":\"https:\\\/\\\/www.tui.com\\\/blog\\\/wp-content\\\/uploads\\\/2016\\\/10\\\/TUIMitarbeiter-178x176.jpg\",\"url\":\"https:\\\/\\\/www.tui.com\\\/blog\\\/wp-content\\\/uploads\\\/2016\\\/10\\\/TUIMitarbeiter-178x176.jpg\",\"contentUrl\":\"https:\\\/\\\/www.tui.com\\\/blog\\\/wp-content\\\/uploads\\\/2016\\\/10\\\/TUIMitarbeiter-178x176.jpg\",\"caption\":\"TUI Reiseexperten\"},\"description\":\"TEST\",\"url\":\"https:\\\/\\\/www.tui.com\\\/blog\\\/author\\\/tui-mitarbeiter\\\/\"}]}<\/script>\n<!-- \/ Yoast SEO plugin. -->","yoast_head_json":{"title":"Die TUI Care Foundation st\u00e4rkt Korallenriffschutz - TUI.com Reiseblog \u2600","description":"Die TUI Care Foundation engagiert sich f\u00fcr den Schutz der Korallenriffe in der Dominikanischen Republik. Erfahrt hier mehr ...","robots":{"index":"index","follow":"follow","max-snippet":"max-snippet:-1","max-image-preview":"max-image-preview:large","max-video-preview":"max-video-preview:-1"},"canonical":"https:\/\/www.tui.com\/blog\/die-tui-care-foundation-staerkt-korallenriffschutz\/","og_locale":"de_DE","og_type":"article","og_title":"Die TUI Care Foundation st\u00e4rkt Korallenriffschutz - TUI.com Reiseblog \u2600","og_description":"Die TUI Care Foundation engagiert sich f\u00fcr den Schutz der Korallenriffe in der Dominikanischen Republik. Erfahrt hier mehr ...","og_url":"https:\/\/www.tui.com\/blog\/die-tui-care-foundation-staerkt-korallenriffschutz\/","og_site_name":"TUI.com Reiseblog \u2600","article_published_time":"2020-02-28T07:00:48+00:00","article_modified_time":"2026-02-20T10:46:35+00:00","og_image":[{"width":845,"height":321,"url":"https:\/\/www.tui.com\/blog\/wp-content\/uploads\/2023\/04\/Beitragsbild-Blog-1-1.jpg","type":"image\/jpeg"}],"author":"TUI Reiseexperten","twitter_card":"summary_large_image","twitter_misc":{"Verfasst von":"TUI Reiseexperten","Gesch\u00e4tzte Lesezeit":"4\u00a0Minuten"},"schema":{"@context":"https:\/\/schema.org","@graph":[{"@type":"BlogPosting","@id":"https:\/\/www.tui.com\/blog\/die-tui-care-foundation-staerkt-korallenriffschutz\/#article","isPartOf":{"@id":"https:\/\/www.tui.com\/blog\/die-tui-care-foundation-staerkt-korallenriffschutz\/"},"author":{"name":"TUI Reiseexperten","@id":"https:\/\/www.tui.com\/blog\/#\/schema\/person\/e0405bcbd5102f3edd229113f1c50a06"},"headline":"Die TUI Care Foundation st\u00e4rkt Korallenriffschutz","datePublished":"2020-02-28T07:00:48+00:00","dateModified":"2026-02-20T10:46:35+00:00","mainEntityOfPage":{"@id":"https:\/\/www.tui.com\/blog\/die-tui-care-foundation-staerkt-korallenriffschutz\/"},"wordCount":875,"commentCount":0,"publisher":{"@id":"https:\/\/www.tui.com\/blog\/#organization"},"image":{"@id":"https:\/\/www.tui.com\/blog\/die-tui-care-foundation-staerkt-korallenriffschutz\/#primaryimage"},"thumbnailUrl":"https:\/\/www.tui.com\/blog\/wp-content\/uploads\/2023\/04\/Beitragsbild-Blog-1-1.jpg","keywords":["TUI Care Foundation","TUI Nachhaltigkeit"],"articleSection":["Fernreise","Reisearten","Reiseziele","Verantwortungsvoller Urlaub"],"inLanguage":"de","potentialAction":[{"@type":"CommentAction","name":"Comment","target":["https:\/\/www.tui.com\/blog\/die-tui-care-foundation-staerkt-korallenriffschutz\/#respond"]}]},{"@type":"WebPage","@id":"https:\/\/www.tui.com\/blog\/die-tui-care-foundation-staerkt-korallenriffschutz\/","url":"https:\/\/www.tui.com\/blog\/die-tui-care-foundation-staerkt-korallenriffschutz\/","name":"Die TUI Care Foundation st\u00e4rkt Korallenriffschutz - TUI.com Reiseblog \u2600","isPartOf":{"@id":"https:\/\/www.tui.com\/blog\/#website"},"primaryImageOfPage":{"@id":"https:\/\/www.tui.com\/blog\/die-tui-care-foundation-staerkt-korallenriffschutz\/#primaryimage"},"image":{"@id":"https:\/\/www.tui.com\/blog\/die-tui-care-foundation-staerkt-korallenriffschutz\/#primaryimage"},"thumbnailUrl":"https:\/\/www.tui.com\/blog\/wp-content\/uploads\/2023\/04\/Beitragsbild-Blog-1-1.jpg","datePublished":"2020-02-28T07:00:48+00:00","dateModified":"2026-02-20T10:46:35+00:00","description":"Die TUI Care Foundation engagiert sich f\u00fcr den Schutz der Korallenriffe in der Dominikanischen Republik. Erfahrt hier mehr ...","breadcrumb":{"@id":"https:\/\/www.tui.com\/blog\/die-tui-care-foundation-staerkt-korallenriffschutz\/#breadcrumb"},"inLanguage":"de","potentialAction":[{"@type":"ReadAction","target":["https:\/\/www.tui.com\/blog\/die-tui-care-foundation-staerkt-korallenriffschutz\/"]}]},{"@type":"ImageObject","inLanguage":"de","@id":"https:\/\/www.tui.com\/blog\/die-tui-care-foundation-staerkt-korallenriffschutz\/#primaryimage","url":"https:\/\/www.tui.com\/blog\/wp-content\/uploads\/2023\/04\/Beitragsbild-Blog-1-1.jpg","contentUrl":"https:\/\/www.tui.com\/blog\/wp-content\/uploads\/2023\/04\/Beitragsbild-Blog-1-1.jpg","width":845,"height":321},{"@type":"BreadcrumbList","@id":"https:\/\/www.tui.com\/blog\/die-tui-care-foundation-staerkt-korallenriffschutz\/#breadcrumb","itemListElement":[{"@type":"ListItem","position":1,"name":"Startseite","item":"https:\/\/www.tui.com\/blog\/"},{"@type":"ListItem","position":2,"name":"Die TUI Care Foundation st\u00e4rkt Korallenriffschutz"}]},{"@type":"WebSite","@id":"https:\/\/www.tui.com\/blog\/#website","url":"https:\/\/www.tui.com\/blog\/","name":"TUI.com Reiseblog \u2600","description":"Abenteuer oder lieber an den Strand? \u2600 Der TUI Reiseblog bietet tolle Infos rund um deine n\u00e4chste Reise \u2708 Komm vorbei und lass dich inspirieren \u221a","publisher":{"@id":"https:\/\/www.tui.com\/blog\/#organization"},"potentialAction":[{"@type":"SearchAction","target":{"@type":"EntryPoint","urlTemplate":"https:\/\/www.tui.com\/blog\/?s={search_term_string}"},"query-input":{"@type":"PropertyValueSpecification","valueRequired":true,"valueName":"search_term_string"}}],"inLanguage":"de"},{"@type":"Organization","@id":"https:\/\/www.tui.com\/blog\/#organization","name":"TUI.com Reiseblog \u2600","url":"https:\/\/www.tui.com\/blog\/","logo":{"@type":"ImageObject","inLanguage":"de","@id":"https:\/\/www.tui.com\/blog\/#\/schema\/logo\/image\/","url":"https:\/\/www.tui.com\/blog\/wp-content\/uploads\/2023\/04\/cropped-tui-logo-3.png","contentUrl":"https:\/\/www.tui.com\/blog\/wp-content\/uploads\/2023\/04\/cropped-tui-logo-3.png","width":164,"height":72,"caption":"TUI.com Reiseblog \u2600"},"image":{"@id":"https:\/\/www.tui.com\/blog\/#\/schema\/logo\/image\/"}},{"@type":"Person","@id":"https:\/\/www.tui.com\/blog\/#\/schema\/person\/e0405bcbd5102f3edd229113f1c50a06","name":"TUI Reiseexperten","image":{"@type":"ImageObject","inLanguage":"de","@id":"https:\/\/www.tui.com\/blog\/wp-content\/uploads\/2016\/10\/TUIMitarbeiter-178x176.jpg","url":"https:\/\/www.tui.com\/blog\/wp-content\/uploads\/2016\/10\/TUIMitarbeiter-178x176.jpg","contentUrl":"https:\/\/www.tui.com\/blog\/wp-content\/uploads\/2016\/10\/TUIMitarbeiter-178x176.jpg","caption":"TUI Reiseexperten"},"description":"TEST","url":"https:\/\/www.tui.com\/blog\/author\/tui-mitarbeiter\/"}]}},"_links":{"self":[{"href":"https:\/\/www.tui.com\/blog\/wp-json\/wp\/v2\/posts\/183274","targetHints":{"allow":["GET"]}}],"collection":[{"href":"https:\/\/www.tui.com\/blog\/wp-json\/wp\/v2\/posts"}],"about":[{"href":"https:\/\/www.tui.com\/blog\/wp-json\/wp\/v2\/types\/post"}],"author":[{"embeddable":true,"href":"https:\/\/www.tui.com\/blog\/wp-json\/wp\/v2\/users\/86"}],"replies":[{"embeddable":true,"href":"https:\/\/www.tui.com\/blog\/wp-json\/wp\/v2\/comments?post=183274"}],"version-history":[{"count":4,"href":"https:\/\/www.tui.com\/blog\/wp-json\/wp\/v2\/posts\/183274\/revisions"}],"predecessor-version":[{"id":499348,"href":"https:\/\/www.tui.com\/blog\/wp-json\/wp\/v2\/posts\/183274\/revisions\/499348"}],"wp:featuredmedia":[{"embeddable":true,"href":"https:\/\/www.tui.com\/blog\/wp-json\/wp\/v2\/media\/183288"}],"wp:attachment":[{"href":"https:\/\/www.tui.com\/blog\/wp-json\/wp\/v2\/media?parent=183274"}],"wp:term":[{"taxonomy":"category","embeddable":true,"href":"https:\/\/www.tui.com\/blog\/wp-json\/wp\/v2\/categories?post=183274"},{"taxonomy":"post_tag","embeddable":true,"href":"https:\/\/www.tui.com\/blog\/wp-json\/wp\/v2\/tags?post=183274"}],"curies":[{"name":"wp","href":"https:\/\/api.w.org\/{rel}","templated":true}]}}