{"id":183734,"date":"2018-11-26T13:11:53","date_gmt":"2018-11-26T12:11:53","guid":{"rendered":"https:\/\/blog.tui.info\/reisegepaeck-bei-tui-fly-wissenswertes-rund-um-koffer-co\/"},"modified":"2025-09-03T15:32:51","modified_gmt":"2025-09-03T13:32:51","slug":"reisegepaeck-bei-tui-fly-wissenswertes-rund-um-koffer-co","status":"publish","type":"post","link":"https:\/\/www.tui.com\/blog\/reisegepaeck-bei-tui-fly-wissenswertes-rund-um-koffer-co\/","title":{"rendered":"Reisegep\u00e4ck bei TUI fly \u2013 Wissenswertes rund um Koffer &amp; Co"},"content":{"rendered":"<p class=\"firstTextGrey\">Der n\u00e4chste Urlaub steht an und wie jedes Mal ist eine Frage allgegenw\u00e4rtig: Was packe ich ein? Neben Kleidung d\u00fcrfen nat\u00fcrlich auch Kosmetikartikel nicht fehlen, ein gutes Buch, Kopfh\u00f6rer, Sportsachen, Baby-Artikel und so weiter und so fort. Schnell ist man da bei den \u00dcberlegungen angelangt, wie gro\u00df und wie schwer der Koffer eigentlich sein darf. Ob ich auch mehr als einen Koffer mitnehmen kann? Was passiert, wenn ich das Maximalgewicht \u00fcberschreite und bei welchem Tarif ist was inklusive? In diesem Blogartikel erkl\u00e4ren wir dir, was es rund um das Reisegep\u00e4ck bei TUI fly zu beachten gibt.<\/p>\n\n\n<h2 class=\"wp-block-heading\">Welcher Tarif ist der richtige f\u00fcr mich?<\/h2>\n\n\n\n<p>Bevor du dir Gedanken um dein Reisegep\u00e4ck machst, gilt es zun\u00e4chst einmal, einen Flug zu buchen. Wer kennt es nicht: Du hast dein Reiseziel gew\u00e4hlt, eine gewisse Vorfreude macht sich breit, aber du steigst nicht so wirklich durch den Tarif-Dschungel durch und wei\u00dft eigentlich gar nicht, was genau du da buchen sollst. Beachte bitte, dass die Gep\u00e4ckregelungen abweichen k\u00f6nnen, wenn du nicht direkt bei TUI fly, sondern \u00fcber einen anderen Veranstalter gebucht hast.<strong> Generell gilt, dass der Reiseveranstalter die H\u00f6he des Freigep\u00e4cks bestimmt. <\/strong>Genauere Angaben dar\u00fcber findest du in deinen Reiseunterlagen \u2013 diese k\u00f6nnen von den Ausf\u00fchrungen in diesem Blogartikel und auf unserer Website abweichen.<\/p>\n\n\n\n<h2 class=\"wp-block-heading\">Pure oder Perfect?<\/h2>\n\n\n\n<p>Wenn du auf der TUI fly Website buchst, ist es einfach geregelt: Es gibt den <strong>Pure Tarif und den Perfect Tarif<\/strong>. <\/p>\n\n\n\n<p>Der <strong>Pure Tarif<\/strong> beinhaltet ein Handgep\u00e4ckst\u00fcck und Koffer k\u00f6nnen gegen Aufpreis hinzugebucht werden. <\/p>\n\n\n\n<p>Beim <strong>Perfect Tarif<\/strong> hingegen ist ein Gep\u00e4ckst\u00fcck mit einem Gewicht von 20 kg inbegriffen. Auch hier k\u00f6nnen weitere Koffer hinzugebucht werden \u2013 pro Passagier sind insgesamt bis zu f\u00fcnf Gep\u00e4ckst\u00fccke erlaubt. Falls 20 kg nicht reichen, kannst du mehr Gewicht hinzubuchen. Wenn du die Anzahl an gebuchten Gep\u00e4ckst\u00fccken oder das Maximalgewicht \u00fcberschreitest, wird am Flughafen ein Zuschlag erhoben. Daher ist es sinnvoll, dass du dir bereits bei der Flugbuchung Gedanken dar\u00fcber machst, wie viel du mitnehmen m\u00f6chtest.<\/p>\n\n\n\n<p>\u00dcbrigens: Auch Kinder (2-11) und Kleinkinder (0-1) haben Anspruch auf ein eigenes Gep\u00e4ckst\u00fcck (Ausnahme: Pure Tarif).<\/p>\n\n\n\n<h2 class=\"wp-block-heading\">\u201eSchatz, ich kriege den Koffer nicht zu. Kannst du noch etwas von mir einpacken?\u201c<\/h2>\n\n\n    <div class=\"wp-caption tui-image-module\">\r\n    <img decoding=\"async\" src=\"https:\/\/www.tui.com\/blog\/wp-content\/uploads\/2023\/06\/Zusatzgepaeck.jpg\" alt=\"\" \/>\r\n            <p class=\"wp-caption-text\">Keine Sorge: ihr k\u00f6nnt euch euer Reisegep\u00e4ck auch teilen!<\/p>\r\n        <\/div>\r\n    \n\n\n<p>Wenn du deine Reise mit anderen Personen zusammen gebucht hast, k\u00f6nnt ihr euer Reisegep\u00e4ck ganz einfach untereinander umverteilen. Hierzu ein Beispiel: Du reist zu zweit und w\u00e4hrend einer von euch mit weniger als den 20 kg auskommt, die im Perfect Tarif enthalten sind, k\u00f6nnte die andere Person das ein oder andere Kilo mehr gut gebrauchen. Da du zu zweit bist, d\u00fcrft ihr zwei Gep\u00e4ckst\u00fccke mitnehmen und habt eine Freigep\u00e4ckmenge von 40 kg. Diese d\u00fcrfen auf die beiden Gep\u00e4ckst\u00fccke aufgeteilt werden, sodass beispielsweise einer von euch 16 kg und der andere 24 kg mitnehmen kann. Wichtig ist, dass du kein zus\u00e4tzliches Gep\u00e4ckst\u00fcck mitnehmen darfst und dass ein Koffer das Maximalgewicht von 32 kg sowie eine Gr\u00f6\u00dfe von 80 cm x 65 cm x 45 cm nicht \u00fcberschreiten darf.<\/p>\n\n\n\n<p>Da wir ja alle im Urlaub gerne mal das ein oder andere Souvenir kaufen, haben wir noch einen kleinen Tipp f\u00fcr dich: Besser beim Hinflug noch nicht die maximal erlaubte Gep\u00e4ckmenge ausreizen, sondern einen kleinen Puffer f\u00fcr den R\u00fcckflug lassen \ud83d\ude09<\/p>\n\n\n<div class=\"wp-block-image\">\n<figure class=\"alignright\"><a href=\"https:\/\/my.tui.com\/tuicard\" target=\"_blank\" rel=\"noreferrer noopener\"><img decoding=\"async\" width=\"344\" height=\"223\" src=\"https:\/\/www.tui.com\/blog\/wp-content\/uploads\/2023\/04\/Abbildung-TUI-CARD-Gold-Artikel-Reisegepaeck.png\" alt=\"Abbildung TUI CARD Gold (Artikel Reisegep\u00e4ck)\" class=\"wp-image-357\"\/><\/a><\/figure>\n<\/div>\n\n\n<p>Eine gute Nachricht haben wir f\u00fcr alle Inhaber der TUI CARD Gold: Mit ihr haben der Karteninhaber, sowie bis zu f\u00fcnf Mitreisende ein maximales Freigep\u00e4ck von 30 kg pro Person. Dann kannst du nicht nur f\u00fcr die Hinreise schon einiges mehr einpacken, sondern bist auch gut gewappnet, sollte dich im Urlaub das ein oder andere Mitbringsel anlachen.<\/p>\n\n\n\n<p>Weitere Informationen findest du auf der <a href=\"https:\/\/my.tui.com\/tuicard\" target=\"_blank\" rel=\"noreferrer noopener\">myTUI<\/a>. Hier kannst du die Card auch beantragen, um von den Vorteilen profitieren zu k\u00f6nnen.<\/p>\n\n\n\n<p>Im folgenden Video haben wir noch einmal die wichtigsten Informationen zum Thema Reisegep\u00e4ck bei TUI fly f\u00fcr dich zusammengefasst:<\/p>\n\n\n\n<figure class=\"wp-block-embed is-type-video is-provider-youtube wp-block-embed-youtube wp-embed-aspect-16-9 wp-has-aspect-ratio\"><div class=\"wp-block-embed__wrapper\">\n<iframe title=\"Reisegep\u00e4ck Informationen \u2708 TUI fly\" width=\"1200\" height=\"675\" src=\"https:\/\/www.youtube.com\/embed\/3Lgu475qHvI?feature=oembed\" frameborder=\"0\" allow=\"accelerometer; autoplay; clipboard-write; encrypted-media; gyroscope; picture-in-picture; web-share\" referrerpolicy=\"strict-origin-when-cross-origin\" allowfullscreen><\/iframe>\n<\/div><\/figure>\n\n\n\n<p>Manche Dinge passen jedoch nicht in einen Koffer oder m\u00fcssen zwingend angemeldet werden. Was es damit auf sich hat, erf\u00e4hrst du in unserem passenden Blogartikel\u27a9 <a href=\"https:\/\/www.tui.com\/blog\/nicht-ohne-mein-fahrrad-sport-und-sondergepaeck-bei-tui-fly\/\" target=\"_blank\" rel=\"noreferrer noopener\">Nicht ohne mein Fahrrad! Sport- und Sondergep\u00e4ck bei TUI fly<\/a><\/p>\n\n\n\n<h2 class=\"wp-block-heading\">Die Koffer sind gepackt \u2013 was jetzt?<\/h2>\n\n\n\n<p>Die Reise ist gebucht, die Koffer sind gepackt &#8211; es kann losgehen! Aber Stopp \u2013 zuerst steht noch der Check-in an. Daf\u00fcr hast du bei TUI fly folgende M\u00f6glichkeiten: Du kannst entweder ab 30 Tage bis 5 Stunden vor Abflug den Web-Check-in mit einer bestehenden Sitzplatzreservierung nutzen oder dir beim Web-Check-in kostenpflichtig einen Platz reservieren. Ohne Sitzplatzreservierung kannst du kostenfrei ab 48 Stunden bis 5 Stunden vor Abflug online einchecken. <\/p>\n\n\n\n<p>Wenn du den Perfect Tarif gebucht hast, kannst du auch ab zwei Stunden vor Abflug kostenfrei am Flughafen direkt am Schalter einchecken. Hast du den Pure Tarif gebucht, wird f\u00fcr den Schalter Check-in eine Geb\u00fchr von 5,- Euro pro Person f\u00e4llig. Ausnahmen: Wenn du nach Kos reist, ist der Web Check-in generell bis 48 Std. vor Abflug m\u00f6glich und du kannst den kostenlosen Web Check-in 72 bis 48 Stunden vor Abflug nutzen. Bei Gruppen ab 10 Personen ist der Web Check-in generell nicht m\u00f6glich, sie k\u00f6nnen kostenfrei am Flughafen einchecken.<\/p>\n\n\n\n<p>Was die Gep\u00e4ckabgabe angeht, machen wir keinen Unterschied, ob du dich online oder am Schalter eingecheckt hast. Ein Vorabend Check-In ist generell nicht m\u00f6glich. Bitte sei mindestens 90 Minuten vor Abflug am Flughafen, um sicherzustellen, dass du alles p\u00fcnktlich geregelt bekommst. Im Zweifelsfall solltest du lieber mehr Zeit planen als zu wenig, denn es kann unterwegs immer mal einen Stau geben, oder du musst vielleicht nochmal zur\u00fcck nach Hause, weil du etwas vergessen hast. Apropos vergessen: Denk immer an g\u00fcltige Ausweispapiere und, insofern du sie schon hast, die Bordkarten!<\/p>\n\n\n    <div class=\"wp-caption tui-image-module\">\r\n    <img decoding=\"async\" src=\"https:\/\/www.tui.com\/blog\/wp-content\/uploads\/2018\/11\/Parken.jpg\" alt=\"\" \/>\r\n            <p class=\"wp-caption-text\">Check-In am Flughafen <\/p>\r\n        <\/div>\r\n    \n\n\n<h2 class=\"wp-block-heading\">Ab in die Sonne<\/h2>\n\n\n\n<p>Das klingt alles komplizierter als es ist. Hier noch einmal die wichtigsten Punkte im \u00dcberblick:<\/p>\n\n\n\n<ul class=\"wp-block-list\">\n<li>Bei der Flugbuchung beachten, welcher Tarif der f\u00fcr dich geeignete ist<\/li>\n\n\n\n<li>Zus\u00e4tzliche Gep\u00e4ckst\u00fccke und\/oder -gewicht kosteng\u00fcnstig vorab hinzubuchen<\/li>\n\n\n\n<li>Gewicht innerhalb der Freigep\u00e4ckgrenze auf einer Buchungsnummer kann umverteilt werden<\/li>\n\n\n\n<li>Maximalgewicht &amp; -gr\u00f6\u00dfe eines Koffers: max. 32 kg, max. Gr\u00f6\u00dfe: 80 cm x 65 cm x 40 cm<\/li>\n\n\n\n<li>Zwischen Web Check-In und Check-In am Schalter (je nach Tarif kostenpflichtig) entscheiden<\/li>\n\n\n\n<li>Lieber fr\u00fcher als sp\u00e4ter am Flughafen erscheinen<\/li>\n<\/ul>\n\n\n\n<p><strong>Wir w\u00fcnschen dir einen guten Flug und einen entspannten Urlaub! <\/strong><\/p>\n","protected":false},"excerpt":{"rendered":"<p>Der n\u00e4chste Urlaub steht an und wie jedes Mal ist eine Frage allgegenw\u00e4rtig: Was packe ich ein? Neben Kleidung d\u00fcrfen nat\u00fcrlich auch Kosmetikartikel nicht fehlen, ein gutes Buch, Kopfh\u00f6rer, Sportsachen, Baby-Artikel und so weiter und so fort. Schnell ist man da bei den \u00dcberlegungen angelangt, wie gro\u00df und wie schwer<\/p>\n","protected":false},"author":158,"featured_media":183740,"comment_status":"open","ping_status":"open","sticky":false,"template":"","format":"standard","meta":{"_acf_changed":false,"footnotes":""},"categories":[4072],"tags":[328,2606,193,3060,3042,48,3063,3064,3065],"class_list":["post-183734","post","type-post","status-publish","format-standard","has-post-thumbnail","hentry","category-archiv-reiseplanung","tag-fliegen","tag-flugtipps","tag-flugzeug","tag-gepaeck","tag-koffer","tag-mytui","tag-packen","tag-packliste","tag-reisegepaeck"],"acf":[],"yoast_head":"<!-- This site is optimized with the Yoast SEO plugin v27.4 - https:\/\/yoast.com\/product\/yoast-seo-wordpress\/ -->\n<title>Reisegep\u00e4ck bei TUI fly \u2013 Wissenswertes rund um Koffer &amp; Co - TUI.com Reiseblog \u2600<\/title>\n<meta name=\"description\" content=\"Der Urlaub steht an und wie jedes Mal ist die Frage: Was packe ich ein? In diesem Artikel erkl\u00e4ren wir, was es zum Reisegep\u00e4ck bei TUIfly zu beachten gibt.\" \/>\n<meta name=\"robots\" content=\"index, follow, max-snippet:-1, max-image-preview:large, max-video-preview:-1\" \/>\n<link rel=\"canonical\" href=\"https:\/\/www.tui.com\/blog\/reisegepaeck-bei-tui-fly-wissenswertes-rund-um-koffer-co\/\" \/>\n<meta property=\"og:locale\" content=\"de_DE\" \/>\n<meta property=\"og:type\" content=\"article\" \/>\n<meta property=\"og:title\" content=\"Reisegep\u00e4ck bei TUI fly \u2013 Wissenswertes rund um Koffer &amp; Co - TUI.com Reiseblog \u2600\" \/>\n<meta property=\"og:description\" content=\"Der Urlaub steht an und wie jedes Mal ist die Frage: Was packe ich ein? In diesem Artikel erkl\u00e4ren wir, was es zum Reisegep\u00e4ck bei TUIfly zu beachten gibt.\" \/>\n<meta property=\"og:url\" content=\"https:\/\/www.tui.com\/blog\/reisegepaeck-bei-tui-fly-wissenswertes-rund-um-koffer-co\/\" \/>\n<meta property=\"og:site_name\" content=\"TUI.com Reiseblog \u2600\" \/>\n<meta property=\"article:published_time\" content=\"2018-11-26T12:11:53+00:00\" \/>\n<meta property=\"article:modified_time\" content=\"2025-09-03T13:32:51+00:00\" \/>\n<meta property=\"og:image\" content=\"https:\/\/www.tui.com\/blog\/wp-content\/uploads\/2023\/04\/iStock-820564522.jpg\" \/>\n\t<meta property=\"og:image:width\" content=\"2000\" \/>\n\t<meta property=\"og:image:height\" content=\"1333\" \/>\n\t<meta property=\"og:image:type\" content=\"image\/jpeg\" \/>\n<meta name=\"author\" content=\"TUI Flugexperte\" \/>\n<meta name=\"twitter:card\" content=\"summary_large_image\" \/>\n<meta name=\"twitter:label1\" content=\"Verfasst von\" \/>\n\t<meta name=\"twitter:data1\" content=\"TUI Flugexperte\" \/>\n\t<meta name=\"twitter:label2\" content=\"Gesch\u00e4tzte Lesezeit\" \/>\n\t<meta name=\"twitter:data2\" content=\"5\u00a0Minuten\" \/>\n<script type=\"application\/ld+json\" class=\"yoast-schema-graph\">{\"@context\":\"https:\\\/\\\/schema.org\",\"@graph\":[{\"@type\":\"BlogPosting\",\"@id\":\"https:\\\/\\\/www.tui.com\\\/blog\\\/reisegepaeck-bei-tui-fly-wissenswertes-rund-um-koffer-co\\\/#article\",\"isPartOf\":{\"@id\":\"https:\\\/\\\/www.tui.com\\\/blog\\\/reisegepaeck-bei-tui-fly-wissenswertes-rund-um-koffer-co\\\/\"},\"author\":{\"name\":\"TUI Flugexperte\",\"@id\":\"https:\\\/\\\/www.tui.com\\\/blog\\\/#\\\/schema\\\/person\\\/5fb538e47eae2b78bd2c216a4a0ad055\"},\"headline\":\"Reisegep\u00e4ck bei TUI fly \u2013 Wissenswertes rund um Koffer &amp; Co\",\"datePublished\":\"2018-11-26T12:11:53+00:00\",\"dateModified\":\"2025-09-03T13:32:51+00:00\",\"mainEntityOfPage\":{\"@id\":\"https:\\\/\\\/www.tui.com\\\/blog\\\/reisegepaeck-bei-tui-fly-wissenswertes-rund-um-koffer-co\\\/\"},\"wordCount\":1081,\"commentCount\":274,\"publisher\":{\"@id\":\"https:\\\/\\\/www.tui.com\\\/blog\\\/#organization\"},\"image\":{\"@id\":\"https:\\\/\\\/www.tui.com\\\/blog\\\/reisegepaeck-bei-tui-fly-wissenswertes-rund-um-koffer-co\\\/#primaryimage\"},\"thumbnailUrl\":\"https:\\\/\\\/www.tui.com\\\/blog\\\/wp-content\\\/uploads\\\/2023\\\/04\\\/iStock-820564522.jpg\",\"keywords\":[\"Fliegen\",\"Flugtipps\",\"Flugzeug\",\"Gep&#228;ck\",\"Koffer\",\"myTUI\",\"packen\",\"Packliste\",\"Reisegep&#228;ck\"],\"articleSection\":[\"Reiseplanung\"],\"inLanguage\":\"de\",\"potentialAction\":[{\"@type\":\"CommentAction\",\"name\":\"Comment\",\"target\":[\"https:\\\/\\\/www.tui.com\\\/blog\\\/reisegepaeck-bei-tui-fly-wissenswertes-rund-um-koffer-co\\\/#respond\"]}]},{\"@type\":\"WebPage\",\"@id\":\"https:\\\/\\\/www.tui.com\\\/blog\\\/reisegepaeck-bei-tui-fly-wissenswertes-rund-um-koffer-co\\\/\",\"url\":\"https:\\\/\\\/www.tui.com\\\/blog\\\/reisegepaeck-bei-tui-fly-wissenswertes-rund-um-koffer-co\\\/\",\"name\":\"Reisegep\u00e4ck bei TUI fly \u2013 Wissenswertes rund um Koffer &amp; Co - TUI.com Reiseblog \u2600\",\"isPartOf\":{\"@id\":\"https:\\\/\\\/www.tui.com\\\/blog\\\/#website\"},\"primaryImageOfPage\":{\"@id\":\"https:\\\/\\\/www.tui.com\\\/blog\\\/reisegepaeck-bei-tui-fly-wissenswertes-rund-um-koffer-co\\\/#primaryimage\"},\"image\":{\"@id\":\"https:\\\/\\\/www.tui.com\\\/blog\\\/reisegepaeck-bei-tui-fly-wissenswertes-rund-um-koffer-co\\\/#primaryimage\"},\"thumbnailUrl\":\"https:\\\/\\\/www.tui.com\\\/blog\\\/wp-content\\\/uploads\\\/2023\\\/04\\\/iStock-820564522.jpg\",\"datePublished\":\"2018-11-26T12:11:53+00:00\",\"dateModified\":\"2025-09-03T13:32:51+00:00\",\"description\":\"Der Urlaub steht an und wie jedes Mal ist die Frage: Was packe ich ein? In diesem Artikel erkl\u00e4ren wir, was es zum Reisegep\u00e4ck bei TUIfly zu beachten gibt.\",\"breadcrumb\":{\"@id\":\"https:\\\/\\\/www.tui.com\\\/blog\\\/reisegepaeck-bei-tui-fly-wissenswertes-rund-um-koffer-co\\\/#breadcrumb\"},\"inLanguage\":\"de\",\"potentialAction\":[{\"@type\":\"ReadAction\",\"target\":[\"https:\\\/\\\/www.tui.com\\\/blog\\\/reisegepaeck-bei-tui-fly-wissenswertes-rund-um-koffer-co\\\/\"]}]},{\"@type\":\"ImageObject\",\"inLanguage\":\"de\",\"@id\":\"https:\\\/\\\/www.tui.com\\\/blog\\\/reisegepaeck-bei-tui-fly-wissenswertes-rund-um-koffer-co\\\/#primaryimage\",\"url\":\"https:\\\/\\\/www.tui.com\\\/blog\\\/wp-content\\\/uploads\\\/2023\\\/04\\\/iStock-820564522.jpg\",\"contentUrl\":\"https:\\\/\\\/www.tui.com\\\/blog\\\/wp-content\\\/uploads\\\/2023\\\/04\\\/iStock-820564522.jpg\",\"width\":2000,\"height\":1333,\"caption\":\"Reisegep&#228;ck-auf-Kofferwagen\"},{\"@type\":\"BreadcrumbList\",\"@id\":\"https:\\\/\\\/www.tui.com\\\/blog\\\/reisegepaeck-bei-tui-fly-wissenswertes-rund-um-koffer-co\\\/#breadcrumb\",\"itemListElement\":[{\"@type\":\"ListItem\",\"position\":1,\"name\":\"Startseite\",\"item\":\"https:\\\/\\\/www.tui.com\\\/blog\\\/\"},{\"@type\":\"ListItem\",\"position\":2,\"name\":\"Reisegep\u00e4ck bei TUI fly \u2013 Wissenswertes rund um Koffer &amp; Co\"}]},{\"@type\":\"WebSite\",\"@id\":\"https:\\\/\\\/www.tui.com\\\/blog\\\/#website\",\"url\":\"https:\\\/\\\/www.tui.com\\\/blog\\\/\",\"name\":\"TUI.com Reiseblog \u2600\",\"description\":\"Abenteuer oder lieber an den Strand? \u2600 Der TUI Reiseblog bietet tolle Infos rund um deine n\u00e4chste Reise \u2708 Komm vorbei und lass dich inspirieren \u221a\",\"publisher\":{\"@id\":\"https:\\\/\\\/www.tui.com\\\/blog\\\/#organization\"},\"potentialAction\":[{\"@type\":\"SearchAction\",\"target\":{\"@type\":\"EntryPoint\",\"urlTemplate\":\"https:\\\/\\\/www.tui.com\\\/blog\\\/?s={search_term_string}\"},\"query-input\":{\"@type\":\"PropertyValueSpecification\",\"valueRequired\":true,\"valueName\":\"search_term_string\"}}],\"inLanguage\":\"de\"},{\"@type\":\"Organization\",\"@id\":\"https:\\\/\\\/www.tui.com\\\/blog\\\/#organization\",\"name\":\"TUI.com Reiseblog \u2600\",\"url\":\"https:\\\/\\\/www.tui.com\\\/blog\\\/\",\"logo\":{\"@type\":\"ImageObject\",\"inLanguage\":\"de\",\"@id\":\"https:\\\/\\\/www.tui.com\\\/blog\\\/#\\\/schema\\\/logo\\\/image\\\/\",\"url\":\"https:\\\/\\\/www.tui.com\\\/blog\\\/wp-content\\\/uploads\\\/2023\\\/04\\\/cropped-tui-logo-3.png\",\"contentUrl\":\"https:\\\/\\\/www.tui.com\\\/blog\\\/wp-content\\\/uploads\\\/2023\\\/04\\\/cropped-tui-logo-3.png\",\"width\":164,\"height\":72,\"caption\":\"TUI.com Reiseblog \u2600\"},\"image\":{\"@id\":\"https:\\\/\\\/www.tui.com\\\/blog\\\/#\\\/schema\\\/logo\\\/image\\\/\"}},{\"@type\":\"Person\",\"@id\":\"https:\\\/\\\/www.tui.com\\\/blog\\\/#\\\/schema\\\/person\\\/5fb538e47eae2b78bd2c216a4a0ad055\",\"name\":\"TUI Flugexperte\",\"image\":{\"@type\":\"ImageObject\",\"inLanguage\":\"de\",\"@id\":\"https:\\\/\\\/www.tui.com\\\/blog\\\/wp-content\\\/uploads\\\/2022\\\/04\\\/TUI-Flug-Profil-96x96.jpg\",\"url\":\"https:\\\/\\\/www.tui.com\\\/blog\\\/wp-content\\\/uploads\\\/2022\\\/04\\\/TUI-Flug-Profil-96x96.jpg\",\"contentUrl\":\"https:\\\/\\\/www.tui.com\\\/blog\\\/wp-content\\\/uploads\\\/2022\\\/04\\\/TUI-Flug-Profil-96x96.jpg\",\"caption\":\"TUI Flugexperte\"},\"url\":\"https:\\\/\\\/www.tui.com\\\/blog\\\/author\\\/tui-flugexperte\\\/\"}]}<\/script>\n<!-- \/ Yoast SEO plugin. -->","yoast_head_json":{"title":"Reisegep\u00e4ck bei TUI fly \u2013 Wissenswertes rund um Koffer &amp; Co - TUI.com Reiseblog \u2600","description":"Der Urlaub steht an und wie jedes Mal ist die Frage: Was packe ich ein? In diesem Artikel erkl\u00e4ren wir, was es zum Reisegep\u00e4ck bei TUIfly zu beachten gibt.","robots":{"index":"index","follow":"follow","max-snippet":"max-snippet:-1","max-image-preview":"max-image-preview:large","max-video-preview":"max-video-preview:-1"},"canonical":"https:\/\/www.tui.com\/blog\/reisegepaeck-bei-tui-fly-wissenswertes-rund-um-koffer-co\/","og_locale":"de_DE","og_type":"article","og_title":"Reisegep\u00e4ck bei TUI fly \u2013 Wissenswertes rund um Koffer &amp; Co - TUI.com Reiseblog \u2600","og_description":"Der Urlaub steht an und wie jedes Mal ist die Frage: Was packe ich ein? In diesem Artikel erkl\u00e4ren wir, was es zum Reisegep\u00e4ck bei TUIfly zu beachten gibt.","og_url":"https:\/\/www.tui.com\/blog\/reisegepaeck-bei-tui-fly-wissenswertes-rund-um-koffer-co\/","og_site_name":"TUI.com Reiseblog \u2600","article_published_time":"2018-11-26T12:11:53+00:00","article_modified_time":"2025-09-03T13:32:51+00:00","og_image":[{"width":2000,"height":1333,"url":"https:\/\/www.tui.com\/blog\/wp-content\/uploads\/2023\/04\/iStock-820564522.jpg","type":"image\/jpeg"}],"author":"TUI Flugexperte","twitter_card":"summary_large_image","twitter_misc":{"Verfasst von":"TUI Flugexperte","Gesch\u00e4tzte Lesezeit":"5\u00a0Minuten"},"schema":{"@context":"https:\/\/schema.org","@graph":[{"@type":"BlogPosting","@id":"https:\/\/www.tui.com\/blog\/reisegepaeck-bei-tui-fly-wissenswertes-rund-um-koffer-co\/#article","isPartOf":{"@id":"https:\/\/www.tui.com\/blog\/reisegepaeck-bei-tui-fly-wissenswertes-rund-um-koffer-co\/"},"author":{"name":"TUI Flugexperte","@id":"https:\/\/www.tui.com\/blog\/#\/schema\/person\/5fb538e47eae2b78bd2c216a4a0ad055"},"headline":"Reisegep\u00e4ck bei TUI fly \u2013 Wissenswertes rund um Koffer &amp; Co","datePublished":"2018-11-26T12:11:53+00:00","dateModified":"2025-09-03T13:32:51+00:00","mainEntityOfPage":{"@id":"https:\/\/www.tui.com\/blog\/reisegepaeck-bei-tui-fly-wissenswertes-rund-um-koffer-co\/"},"wordCount":1081,"commentCount":274,"publisher":{"@id":"https:\/\/www.tui.com\/blog\/#organization"},"image":{"@id":"https:\/\/www.tui.com\/blog\/reisegepaeck-bei-tui-fly-wissenswertes-rund-um-koffer-co\/#primaryimage"},"thumbnailUrl":"https:\/\/www.tui.com\/blog\/wp-content\/uploads\/2023\/04\/iStock-820564522.jpg","keywords":["Fliegen","Flugtipps","Flugzeug","Gep&#228;ck","Koffer","myTUI","packen","Packliste","Reisegep&#228;ck"],"articleSection":["Reiseplanung"],"inLanguage":"de","potentialAction":[{"@type":"CommentAction","name":"Comment","target":["https:\/\/www.tui.com\/blog\/reisegepaeck-bei-tui-fly-wissenswertes-rund-um-koffer-co\/#respond"]}]},{"@type":"WebPage","@id":"https:\/\/www.tui.com\/blog\/reisegepaeck-bei-tui-fly-wissenswertes-rund-um-koffer-co\/","url":"https:\/\/www.tui.com\/blog\/reisegepaeck-bei-tui-fly-wissenswertes-rund-um-koffer-co\/","name":"Reisegep\u00e4ck bei TUI fly \u2013 Wissenswertes rund um Koffer &amp; Co - TUI.com Reiseblog \u2600","isPartOf":{"@id":"https:\/\/www.tui.com\/blog\/#website"},"primaryImageOfPage":{"@id":"https:\/\/www.tui.com\/blog\/reisegepaeck-bei-tui-fly-wissenswertes-rund-um-koffer-co\/#primaryimage"},"image":{"@id":"https:\/\/www.tui.com\/blog\/reisegepaeck-bei-tui-fly-wissenswertes-rund-um-koffer-co\/#primaryimage"},"thumbnailUrl":"https:\/\/www.tui.com\/blog\/wp-content\/uploads\/2023\/04\/iStock-820564522.jpg","datePublished":"2018-11-26T12:11:53+00:00","dateModified":"2025-09-03T13:32:51+00:00","description":"Der Urlaub steht an und wie jedes Mal ist die Frage: Was packe ich ein? In diesem Artikel erkl\u00e4ren wir, was es zum Reisegep\u00e4ck bei TUIfly zu beachten gibt.","breadcrumb":{"@id":"https:\/\/www.tui.com\/blog\/reisegepaeck-bei-tui-fly-wissenswertes-rund-um-koffer-co\/#breadcrumb"},"inLanguage":"de","potentialAction":[{"@type":"ReadAction","target":["https:\/\/www.tui.com\/blog\/reisegepaeck-bei-tui-fly-wissenswertes-rund-um-koffer-co\/"]}]},{"@type":"ImageObject","inLanguage":"de","@id":"https:\/\/www.tui.com\/blog\/reisegepaeck-bei-tui-fly-wissenswertes-rund-um-koffer-co\/#primaryimage","url":"https:\/\/www.tui.com\/blog\/wp-content\/uploads\/2023\/04\/iStock-820564522.jpg","contentUrl":"https:\/\/www.tui.com\/blog\/wp-content\/uploads\/2023\/04\/iStock-820564522.jpg","width":2000,"height":1333,"caption":"Reisegep&#228;ck-auf-Kofferwagen"},{"@type":"BreadcrumbList","@id":"https:\/\/www.tui.com\/blog\/reisegepaeck-bei-tui-fly-wissenswertes-rund-um-koffer-co\/#breadcrumb","itemListElement":[{"@type":"ListItem","position":1,"name":"Startseite","item":"https:\/\/www.tui.com\/blog\/"},{"@type":"ListItem","position":2,"name":"Reisegep\u00e4ck bei TUI fly \u2013 Wissenswertes rund um Koffer &amp; Co"}]},{"@type":"WebSite","@id":"https:\/\/www.tui.com\/blog\/#website","url":"https:\/\/www.tui.com\/blog\/","name":"TUI.com Reiseblog \u2600","description":"Abenteuer oder lieber an den Strand? \u2600 Der TUI Reiseblog bietet tolle Infos rund um deine n\u00e4chste Reise \u2708 Komm vorbei und lass dich inspirieren \u221a","publisher":{"@id":"https:\/\/www.tui.com\/blog\/#organization"},"potentialAction":[{"@type":"SearchAction","target":{"@type":"EntryPoint","urlTemplate":"https:\/\/www.tui.com\/blog\/?s={search_term_string}"},"query-input":{"@type":"PropertyValueSpecification","valueRequired":true,"valueName":"search_term_string"}}],"inLanguage":"de"},{"@type":"Organization","@id":"https:\/\/www.tui.com\/blog\/#organization","name":"TUI.com Reiseblog \u2600","url":"https:\/\/www.tui.com\/blog\/","logo":{"@type":"ImageObject","inLanguage":"de","@id":"https:\/\/www.tui.com\/blog\/#\/schema\/logo\/image\/","url":"https:\/\/www.tui.com\/blog\/wp-content\/uploads\/2023\/04\/cropped-tui-logo-3.png","contentUrl":"https:\/\/www.tui.com\/blog\/wp-content\/uploads\/2023\/04\/cropped-tui-logo-3.png","width":164,"height":72,"caption":"TUI.com Reiseblog \u2600"},"image":{"@id":"https:\/\/www.tui.com\/blog\/#\/schema\/logo\/image\/"}},{"@type":"Person","@id":"https:\/\/www.tui.com\/blog\/#\/schema\/person\/5fb538e47eae2b78bd2c216a4a0ad055","name":"TUI Flugexperte","image":{"@type":"ImageObject","inLanguage":"de","@id":"https:\/\/www.tui.com\/blog\/wp-content\/uploads\/2022\/04\/TUI-Flug-Profil-96x96.jpg","url":"https:\/\/www.tui.com\/blog\/wp-content\/uploads\/2022\/04\/TUI-Flug-Profil-96x96.jpg","contentUrl":"https:\/\/www.tui.com\/blog\/wp-content\/uploads\/2022\/04\/TUI-Flug-Profil-96x96.jpg","caption":"TUI Flugexperte"},"url":"https:\/\/www.tui.com\/blog\/author\/tui-flugexperte\/"}]}},"_links":{"self":[{"href":"https:\/\/www.tui.com\/blog\/wp-json\/wp\/v2\/posts\/183734","targetHints":{"allow":["GET"]}}],"collection":[{"href":"https:\/\/www.tui.com\/blog\/wp-json\/wp\/v2\/posts"}],"about":[{"href":"https:\/\/www.tui.com\/blog\/wp-json\/wp\/v2\/types\/post"}],"author":[{"embeddable":true,"href":"https:\/\/www.tui.com\/blog\/wp-json\/wp\/v2\/users\/158"}],"replies":[{"embeddable":true,"href":"https:\/\/www.tui.com\/blog\/wp-json\/wp\/v2\/comments?post=183734"}],"version-history":[{"count":8,"href":"https:\/\/www.tui.com\/blog\/wp-json\/wp\/v2\/posts\/183734\/revisions"}],"predecessor-version":[{"id":484148,"href":"https:\/\/www.tui.com\/blog\/wp-json\/wp\/v2\/posts\/183734\/revisions\/484148"}],"wp:featuredmedia":[{"embeddable":true,"href":"https:\/\/www.tui.com\/blog\/wp-json\/wp\/v2\/media\/183740"}],"wp:attachment":[{"href":"https:\/\/www.tui.com\/blog\/wp-json\/wp\/v2\/media?parent=183734"}],"wp:term":[{"taxonomy":"category","embeddable":true,"href":"https:\/\/www.tui.com\/blog\/wp-json\/wp\/v2\/categories?post=183734"},{"taxonomy":"post_tag","embeddable":true,"href":"https:\/\/www.tui.com\/blog\/wp-json\/wp\/v2\/tags?post=183734"}],"curies":[{"name":"wp","href":"https:\/\/api.w.org\/{rel}","templated":true}]}}