{"id":183748,"date":"2018-11-26T13:25:11","date_gmt":"2018-11-26T12:25:11","guid":{"rendered":"https:\/\/blog.tui.info\/nicht-ohne-mein-fahrrad-sport-und-sondergepaeck-bei-tui-fly\/"},"modified":"2025-03-21T09:30:59","modified_gmt":"2025-03-21T08:30:59","slug":"nicht-ohne-mein-fahrrad-sport-und-sondergepaeck-bei-tui-fly","status":"publish","type":"post","link":"https:\/\/www.tui.com\/blog\/nicht-ohne-mein-fahrrad-sport-und-sondergepaeck-bei-tui-fly\/","title":{"rendered":"Nicht ohne mein Fahrrad: Sport- und Sondergep\u00e4ck bei TUI fly"},"content":{"rendered":"<p class=\"firstTextGrey\">Manche Dinge passen alleine von der Gr\u00f6\u00dfe nicht in einen Koffer und wieder andere w\u00fcrden zwar hineinpassen, m\u00fcssen aber vorher angemeldet werden. Du m\u00f6chtest im Urlaub beispielsweise Fahrrad oder Ski fahren, Zeit auf dem Golfplatz verbringen oder tauchen? Kein Problem! Auch die Musiker unter uns kommen nicht zu kurz, denn der Mitnahme von Gitarre, Trompete und Co. steht nichts im Wege. Wenn du auf medizinisches Sondergep\u00e4ck wie zum Beispiel Rollst\u00fchle angewiesen bist, kannst du dieses auf Fl\u00fcgen mit TUI fly selbstverst\u00e4ndlich auch mitnehmen.<\/p>\n\n\n<h2 class=\"wp-block-heading\">Kein normales Reisegep\u00e4ck<\/h2>\n\n\n\n<p>Was du im Hinblick auf Sport- und Sondergep\u00e4ck beachten musst, erkl\u00e4ren wir dir in diesem Beitrag. Ein kleiner Hinweis: Diese Regelungen gelten f\u00fcr Fl\u00fcge der Airline TUI fly und k\u00f6nnen bei Flugreisen, die du zwar auf unserer Website gebucht hast, jedoch von anderen Airlines durchgef\u00fchrt werden, abweichen. Bitte informiere dich daher im Vorhinein eingehend bei der jeweiligen Airline, mit der du fliegst. Im Zweifelsfall gilt: Lieber einmal zu viel nachlesen oder nachfragen als einmal zu wenig. \ud83d\ude09<\/p>\n\n\n\n<p>In folgendem Video haben wir die Regelungen f\u00fcr Sport- und Sondergep\u00e4ck f\u00fcr dich zusammengefasst:<\/p>\n\n\n\n<figure class=\"wp-block-embed is-type-video is-provider-youtube wp-block-embed-youtube wp-embed-aspect-16-9 wp-has-aspect-ratio\"><div class=\"wp-block-embed__wrapper\">\n<iframe title=\"Sport- &amp; Sondergep\u00e4ck im Flugzeug \u2708 TUI fly\" width=\"1200\" height=\"675\" src=\"https:\/\/www.youtube.com\/embed\/lQ50a981Trc?feature=oembed\" frameborder=\"0\" allow=\"accelerometer; autoplay; clipboard-write; encrypted-media; gyroscope; picture-in-picture; web-share\" allowfullscreen><\/iframe>\n<\/div><\/figure>\n\n\n\n<h2 class=\"wp-block-heading\">Aktiv im Urlaub \u2013 Egal ob an Land, zu Wasser oder in der Luft<\/h2>\n\n\n\n<p>Ein kleiner Ausritt mit dem Drahtesel gef\u00e4llig? Wenn du auf Reisen lieber in die Pedale treten willst, statt die Gegend mit Bus, Bahn oder zu Fu\u00df zu erkunden, kannst du das mit deinem eigenen Fahrrad tun. Gegen eine Geb\u00fchr von 95 Euro pro Strecke, mit einem Maximalgewicht von 30 kg und gut in Pappe oder Folie verpackt, stellt die Mitnahme eines Fahrrads kein Hindernis dar. Bitte denk daran, die Lenkstangen in Rahmenrichtung zu drehen und die Pedalen zu entfernen.<\/p>\n\n\n\n<p>Im Urlaub den eigenen Golfschl\u00e4ger schwingen oder mit eigenem Tauschequipment abtauchen? Auch das ist m\u00f6glich, wenn du mit TUI fly fliegst. Auf deine Skier, Snowboards, Skibobs sowie Zubeh\u00f6r musst du ebenfalls nicht verzichten. Gegen ein Bearbeitungsentgelt ab 65 Euro pro Flugstrecke kannst du dein Sportgep\u00e4ck mitf\u00fchren. Das Sportgep\u00e4ck kann ganz einfach w\u00e4hrend der Onlinebuchung oder \u00fcber das <a href=\"https:\/\/www.tui.com\/service-kontakt\/flug\/\" target=\"_blank\" rel=\"noreferrer noopener\">Servicecenter<\/a> dazugebucht werden.<\/p>\n\n\n\n<p>Falls du Sportwaffen mitnehmen willst, musst du diese unbedingt vor dem Flug in unserem Servicecenter anmelden und das Fabrikat, den Hersteller, die Bezeichnung, das Kaliber sowie die Munition nennen. Bitte beachte, dass du selbst daf\u00fcr verantwortlich bist, die Ein- und Ausfuhrbestimmungen f\u00fcr Waffen einzuhalten.<\/p>\n\n\n\n<p>Das ist alles nichts f\u00fcr dich? Kein Problem, denn auch die Ausr\u00fcstung folgender anderer Sportarten beziehungsweise diese Gegenst\u00e4nde k\u00f6nnen auf TUI fly Fl\u00fcgen bef\u00f6rdert werden:<\/p>\n\n\n\n<p><strong>Land:<\/strong><\/p>\n\n\n\n<ul class=\"wp-block-list\">\n<li>Badminton, Squash, Tennis<\/li>\n\n\n\n<li>Bergsteigerausr\u00fcstung<\/li>\n\n\n\n<li>Hochsprungst\u00e4be<\/li>\n\n\n\n<li>Reiten (Sattel + Zubeh\u00f6r)<\/li>\n\n\n\n<li>Behindertensport (Sportrollstuhl + entspr. Sportger\u00e4t)<\/li>\n\n\n\n<li>Rollsport (Skateboard, Rollschuhe, Inliner)<\/li>\n<\/ul>\n\n\n\n<p><strong>Wasser:<\/strong><\/p>\n\n\n\n<ul class=\"wp-block-list\">\n<li>Tauchgep\u00e4ck<\/li>\n\n\n\n<li>Schnorchelausr\u00fcstung<\/li>\n\n\n\n<li>Body-\/Kiteboards<\/li>\n\n\n\n<li>Kajaks, Kanus, Schlauchboote<\/li>\n\n\n\n<li>Schwimmwesten<\/li>\n\n\n\n<li>Sportfischen<\/li>\n\n\n\n<li>Surf-\/Wellenbretter<\/li>\n\n\n\n<li>Wasser-\/Monoskier<\/li>\n<\/ul>\n\n\n\n<p><strong>Luft:<\/strong><\/p>\n\n\n\n<ul class=\"wp-block-list\">\n<li>Fall-\/Gleitschirm<\/li>\n\n\n\n<li>Flugdrachen<\/li>\n<\/ul>\n\n\n\n<p>Die genauen Informationen hierzu findest du auf unserer Website unter <a href=\"https:\/\/www.tui.com\/hilfe\/flug\/sport-sondergepaeck\/\" target=\"_blank\" rel=\"noreferrer noopener\">Sport- und Sondergep\u00e4ck<\/a>. Hier sind beispielsweise die Geb\u00fchren aufgelistet, ob eine vorherige Anmeldung n\u00f6tig ist oder nicht, und was du sonst noch beachten m\u00fcsst.<\/p>\n\n\n\n<figure class=\"wp-block-gallery has-nested-images columns-3 is-cropped wp-block-gallery-1 is-layout-flex wp-block-gallery-is-layout-flex\">\n<figure class=\"wp-block-image size-large\"><a href=\"https:\/\/www.tui.com\/blog\/istock-874244168-1030x686\/\"><img decoding=\"async\" width=\"1030\" height=\"686\" data-id=\"60954\" src=\"https:\/\/www.tui.com\/blog\/wp-content\/uploads\/2018\/11\/iStock-874244168-1030x686-1.jpg\" alt=\"\" class=\"wp-image-60954\"\/><\/a><\/figure>\n\n\n\n<figure class=\"wp-block-image size-large\"><a href=\"https:\/\/www.tui.com\/blog\/istock-901323154-1030x686\/\"><img decoding=\"async\" width=\"1030\" height=\"686\" data-id=\"60955\" src=\"https:\/\/www.tui.com\/blog\/wp-content\/uploads\/2018\/11\/iStock-901323154-1030x686-1.jpg\" alt=\"\" class=\"wp-image-60955\"\/><\/a><\/figure>\n\n\n\n<figure class=\"wp-block-image size-large\"><a href=\"https:\/\/www.tui.com\/blog\/istock-940892238-1030x686\/\"><img decoding=\"async\" width=\"1030\" height=\"686\" data-id=\"60956\" src=\"https:\/\/www.tui.com\/blog\/wp-content\/uploads\/2018\/11\/iStock-940892238-1030x686-1.jpg\" alt=\"\" class=\"wp-image-60956\"\/><\/a><\/figure>\n<\/figure>\n\n\n\n<h2 class=\"wp-block-heading\">Musik in unseren Ohren \u2013 Transport von Musikinstrumenten<\/h2>\n\n\n\n<p>Du legst im Urlaub Wert auf musikalische Begleitung? Dann bist du bei uns ebenfalls gut aufgehoben. F\u00fcr die Bef\u00f6rderung von Musikinstrumenten gibt es drei M\u00f6glichkeiten: Als Handgep\u00e4ck, auf einem Sitzplatz oder im Frachtraum. Das Handgep\u00e4ck darf nicht gr\u00f6\u00dfer als 55 cm x 40 cm x 20 cm sein und ein Gewicht von 6 kg nicht \u00fcberschreiten. Passt dein Instrument in diese Richtlinien, w\u00e4re die erste Variante etwas f\u00fcr dich und du kannst es kostenlos in der Kabine mitf\u00fchren.<\/p>\n\n\n\n<p>Ist es gr\u00f6\u00dfer und\/oder schwerer, kannst du einen eigenen Sitzplatz daf\u00fcr buchen. Dann hast du zwar einen sehr schweigsamen Sitznachbarn, aber dein Instrument auch stets im Blick. Alternativ kann es gegen eine kleine Geb\u00fchr im Frachtraum transportiert werden. Daf\u00fcr muss es in einem Hartschalenkoffer gut verpackt und vorher \u00fcber das Servicecenter angemeldet worden sein.<\/p>\n\n\n\n<h2 class=\"wp-block-heading\">Medizinisches Sondergep\u00e4ck<\/h2>\n\n\n\n<p>Wenn du auf medizinisches Sondergep\u00e4ck angewiesen bist, kann dies im Frachtraum oder in der Kabine bef\u00f6rdert werden. F\u00fcr letzteres gelten die maximalen Handgep\u00e4ckma\u00dfe, also 55 cm x 40 cm x 20 cm und ein Maximalgewicht von 6kg. Grunds\u00e4tzlich gilt, dass medizinisches Equipment im Servicecenter&nbsp;angemeldet werden muss, au\u00dfer, es wird direkt am K\u00f6rper mitgef\u00fchrt wie zum Beispiel Kr\u00fccken. Sicherheitshalber solltest du auch ein \u00e4rztliches Attest f\u00fcr dein medizinisches Equipment haben.<\/p>\n\n\n\n<p>Die Bef\u00f6rderung von medizinischem Sondergep\u00e4ck, wie zum Beispiel Beatmungsger\u00e4ten, Prothesen oder Defibrillatoren ist generell kostenlos. Falls du viele medizinische Hilfsmittel, wie Pflegemittel, W\u00e4sche oder Windeln mitnehmen musst, empfehlen wir dir, die Freigep\u00e4ckgrenze vorab etwas aufzustocken, um m\u00f6gliche \u00dcbergep\u00e4ckgeb\u00fchren am Flughafen m\u00f6glichst zu vermeiden.<\/p>\n\n\n\n<p><strong>Welche Aktivit\u00e4ten machen dir im Urlaub am meisten Spa\u00df? Zieht es dich aufs Wasser oder auf den Golfplatz? Erz\u00e4hl uns gerne mehr in den Kommentaren!<\/strong><\/p>\n","protected":false},"excerpt":{"rendered":"<p>Manche Dinge passen alleine von der Gr\u00f6\u00dfe nicht in einen Koffer und wieder andere w\u00fcrden zwar hineinpassen, m\u00fcssen aber vorher angemeldet werden. Du m\u00f6chtest im Urlaub beispielsweise Fahrrad oder Ski fahren, Zeit auf dem Golfplatz verbringen oder tauchen? Kein Problem! Auch die Musiker unter uns kommen nicht zu kurz, denn der Mitnahme von Gitarre, Trompete und Co. steht nichts im Wege. Wenn du auf medizinisches Sondergep\u00e4ck wie zum Beispiel Rollst\u00fchle angewiesen bist, kannst du dieses auf Fl\u00fcgen mit TUI fly selbstverst\u00e4ndlich auch mitnehmen.<\/p>\n","protected":false},"author":158,"featured_media":183758,"comment_status":"open","ping_status":"open","sticky":false,"template":"","format":"standard","meta":{"_acf_changed":false,"footnotes":""},"categories":[4072],"tags":[2398,328,2606,193,3042,3063,3064,63,388],"class_list":["post-183748","post","type-post","status-publish","format-standard","has-post-thumbnail","hentry","category-archiv-reiseplanung","tag-fahrradurlaub","tag-fliegen","tag-flugtipps","tag-flugzeug","tag-koffer","tag-packen","tag-packliste","tag-surfen","tag-urlaub"],"acf":[],"yoast_head":"<!-- This site is optimized with the Yoast SEO plugin v27.4 - https:\/\/yoast.com\/product\/yoast-seo-wordpress\/ -->\n<title>Nicht ohne mein Fahrrad: Sport- und Sondergep\u00e4ck bei TUI fly - TUI.com Reiseblog \u2600<\/title>\n<meta name=\"description\" content=\"Du m\u00f6chtest im Urlaub beispielsweise Fahrrad oder Ski fahren, Zeit auf dem Golfplatz verbringen oder tauchen? Wir zeigen dir, wie du Sondergep\u00e4ck anmeldest.\" \/>\n<meta name=\"robots\" content=\"index, follow, max-snippet:-1, max-image-preview:large, max-video-preview:-1\" \/>\n<link rel=\"canonical\" href=\"https:\/\/www.tui.com\/blog\/nicht-ohne-mein-fahrrad-sport-und-sondergepaeck-bei-tui-fly\/\" \/>\n<meta property=\"og:locale\" content=\"de_DE\" \/>\n<meta property=\"og:type\" content=\"article\" \/>\n<meta property=\"og:title\" content=\"Nicht ohne mein Fahrrad: Sport- und Sondergep\u00e4ck bei TUI fly - TUI.com Reiseblog \u2600\" \/>\n<meta property=\"og:description\" content=\"Du m\u00f6chtest im Urlaub beispielsweise Fahrrad oder Ski fahren, Zeit auf dem Golfplatz verbringen oder tauchen? Wir zeigen dir, wie du Sondergep\u00e4ck anmeldest.\" \/>\n<meta property=\"og:url\" content=\"https:\/\/www.tui.com\/blog\/nicht-ohne-mein-fahrrad-sport-und-sondergepaeck-bei-tui-fly\/\" \/>\n<meta property=\"og:site_name\" content=\"TUI.com Reiseblog \u2600\" \/>\n<meta property=\"article:published_time\" content=\"2018-11-26T12:25:11+00:00\" \/>\n<meta property=\"article:modified_time\" content=\"2025-03-21T08:30:59+00:00\" \/>\n<meta property=\"og:image\" content=\"https:\/\/www.tui.com\/blog\/wp-content\/uploads\/2023\/04\/iStock-487877465.jpg\" \/>\n\t<meta property=\"og:image:width\" content=\"2000\" \/>\n\t<meta property=\"og:image:height\" content=\"1333\" \/>\n\t<meta property=\"og:image:type\" content=\"image\/jpeg\" \/>\n<meta name=\"author\" content=\"TUI Flugexperte\" \/>\n<meta name=\"twitter:card\" content=\"summary_large_image\" \/>\n<meta name=\"twitter:label1\" content=\"Verfasst von\" \/>\n\t<meta name=\"twitter:data1\" content=\"TUI Flugexperte\" \/>\n\t<meta name=\"twitter:label2\" content=\"Gesch\u00e4tzte Lesezeit\" \/>\n\t<meta name=\"twitter:data2\" content=\"4\u00a0Minuten\" \/>\n<script type=\"application\/ld+json\" class=\"yoast-schema-graph\">{\"@context\":\"https:\\\/\\\/schema.org\",\"@graph\":[{\"@type\":\"BlogPosting\",\"@id\":\"https:\\\/\\\/www.tui.com\\\/blog\\\/nicht-ohne-mein-fahrrad-sport-und-sondergepaeck-bei-tui-fly\\\/#article\",\"isPartOf\":{\"@id\":\"https:\\\/\\\/www.tui.com\\\/blog\\\/nicht-ohne-mein-fahrrad-sport-und-sondergepaeck-bei-tui-fly\\\/\"},\"author\":{\"name\":\"TUI Flugexperte\",\"@id\":\"https:\\\/\\\/www.tui.com\\\/blog\\\/#\\\/schema\\\/person\\\/5fb538e47eae2b78bd2c216a4a0ad055\"},\"headline\":\"Nicht ohne mein Fahrrad: Sport- und Sondergep\u00e4ck bei TUI fly\",\"datePublished\":\"2018-11-26T12:25:11+00:00\",\"dateModified\":\"2025-03-21T08:30:59+00:00\",\"mainEntityOfPage\":{\"@id\":\"https:\\\/\\\/www.tui.com\\\/blog\\\/nicht-ohne-mein-fahrrad-sport-und-sondergepaeck-bei-tui-fly\\\/\"},\"wordCount\":838,\"commentCount\":27,\"publisher\":{\"@id\":\"https:\\\/\\\/www.tui.com\\\/blog\\\/#organization\"},\"image\":{\"@id\":\"https:\\\/\\\/www.tui.com\\\/blog\\\/nicht-ohne-mein-fahrrad-sport-und-sondergepaeck-bei-tui-fly\\\/#primaryimage\"},\"thumbnailUrl\":\"https:\\\/\\\/www.tui.com\\\/blog\\\/wp-content\\\/uploads\\\/2023\\\/04\\\/iStock-487877465.jpg\",\"keywords\":[\"Fahrradurlaub\",\"Fliegen\",\"Flugtipps\",\"Flugzeug\",\"Koffer\",\"packen\",\"Packliste\",\"Surfen\",\"Urlaub\"],\"articleSection\":[\"Reiseplanung\"],\"inLanguage\":\"de\",\"potentialAction\":[{\"@type\":\"CommentAction\",\"name\":\"Comment\",\"target\":[\"https:\\\/\\\/www.tui.com\\\/blog\\\/nicht-ohne-mein-fahrrad-sport-und-sondergepaeck-bei-tui-fly\\\/#respond\"]}]},{\"@type\":\"WebPage\",\"@id\":\"https:\\\/\\\/www.tui.com\\\/blog\\\/nicht-ohne-mein-fahrrad-sport-und-sondergepaeck-bei-tui-fly\\\/\",\"url\":\"https:\\\/\\\/www.tui.com\\\/blog\\\/nicht-ohne-mein-fahrrad-sport-und-sondergepaeck-bei-tui-fly\\\/\",\"name\":\"Nicht ohne mein Fahrrad: Sport- und Sondergep\u00e4ck bei TUI fly - TUI.com Reiseblog \u2600\",\"isPartOf\":{\"@id\":\"https:\\\/\\\/www.tui.com\\\/blog\\\/#website\"},\"primaryImageOfPage\":{\"@id\":\"https:\\\/\\\/www.tui.com\\\/blog\\\/nicht-ohne-mein-fahrrad-sport-und-sondergepaeck-bei-tui-fly\\\/#primaryimage\"},\"image\":{\"@id\":\"https:\\\/\\\/www.tui.com\\\/blog\\\/nicht-ohne-mein-fahrrad-sport-und-sondergepaeck-bei-tui-fly\\\/#primaryimage\"},\"thumbnailUrl\":\"https:\\\/\\\/www.tui.com\\\/blog\\\/wp-content\\\/uploads\\\/2023\\\/04\\\/iStock-487877465.jpg\",\"datePublished\":\"2018-11-26T12:25:11+00:00\",\"dateModified\":\"2025-03-21T08:30:59+00:00\",\"description\":\"Du m\u00f6chtest im Urlaub beispielsweise Fahrrad oder Ski fahren, Zeit auf dem Golfplatz verbringen oder tauchen? Wir zeigen dir, wie du Sondergep\u00e4ck anmeldest.\",\"breadcrumb\":{\"@id\":\"https:\\\/\\\/www.tui.com\\\/blog\\\/nicht-ohne-mein-fahrrad-sport-und-sondergepaeck-bei-tui-fly\\\/#breadcrumb\"},\"inLanguage\":\"de\",\"potentialAction\":[{\"@type\":\"ReadAction\",\"target\":[\"https:\\\/\\\/www.tui.com\\\/blog\\\/nicht-ohne-mein-fahrrad-sport-und-sondergepaeck-bei-tui-fly\\\/\"]}]},{\"@type\":\"ImageObject\",\"inLanguage\":\"de\",\"@id\":\"https:\\\/\\\/www.tui.com\\\/blog\\\/nicht-ohne-mein-fahrrad-sport-und-sondergepaeck-bei-tui-fly\\\/#primaryimage\",\"url\":\"https:\\\/\\\/www.tui.com\\\/blog\\\/wp-content\\\/uploads\\\/2023\\\/04\\\/iStock-487877465.jpg\",\"contentUrl\":\"https:\\\/\\\/www.tui.com\\\/blog\\\/wp-content\\\/uploads\\\/2023\\\/04\\\/iStock-487877465.jpg\",\"width\":2000,\"height\":1333,\"caption\":\"Sondergep&#228;ck-Schild\"},{\"@type\":\"BreadcrumbList\",\"@id\":\"https:\\\/\\\/www.tui.com\\\/blog\\\/nicht-ohne-mein-fahrrad-sport-und-sondergepaeck-bei-tui-fly\\\/#breadcrumb\",\"itemListElement\":[{\"@type\":\"ListItem\",\"position\":1,\"name\":\"Startseite\",\"item\":\"https:\\\/\\\/www.tui.com\\\/blog\\\/\"},{\"@type\":\"ListItem\",\"position\":2,\"name\":\"Nicht ohne mein Fahrrad: Sport- und Sondergep\u00e4ck bei TUI fly\"}]},{\"@type\":\"WebSite\",\"@id\":\"https:\\\/\\\/www.tui.com\\\/blog\\\/#website\",\"url\":\"https:\\\/\\\/www.tui.com\\\/blog\\\/\",\"name\":\"TUI.com Reiseblog \u2600\",\"description\":\"Abenteuer oder lieber an den Strand? \u2600 Der TUI Reiseblog bietet tolle Infos rund um deine n\u00e4chste Reise \u2708 Komm vorbei und lass dich inspirieren \u221a\",\"publisher\":{\"@id\":\"https:\\\/\\\/www.tui.com\\\/blog\\\/#organization\"},\"potentialAction\":[{\"@type\":\"SearchAction\",\"target\":{\"@type\":\"EntryPoint\",\"urlTemplate\":\"https:\\\/\\\/www.tui.com\\\/blog\\\/?s={search_term_string}\"},\"query-input\":{\"@type\":\"PropertyValueSpecification\",\"valueRequired\":true,\"valueName\":\"search_term_string\"}}],\"inLanguage\":\"de\"},{\"@type\":\"Organization\",\"@id\":\"https:\\\/\\\/www.tui.com\\\/blog\\\/#organization\",\"name\":\"TUI.com Reiseblog \u2600\",\"url\":\"https:\\\/\\\/www.tui.com\\\/blog\\\/\",\"logo\":{\"@type\":\"ImageObject\",\"inLanguage\":\"de\",\"@id\":\"https:\\\/\\\/www.tui.com\\\/blog\\\/#\\\/schema\\\/logo\\\/image\\\/\",\"url\":\"https:\\\/\\\/www.tui.com\\\/blog\\\/wp-content\\\/uploads\\\/2023\\\/04\\\/cropped-tui-logo-3.png\",\"contentUrl\":\"https:\\\/\\\/www.tui.com\\\/blog\\\/wp-content\\\/uploads\\\/2023\\\/04\\\/cropped-tui-logo-3.png\",\"width\":164,\"height\":72,\"caption\":\"TUI.com Reiseblog \u2600\"},\"image\":{\"@id\":\"https:\\\/\\\/www.tui.com\\\/blog\\\/#\\\/schema\\\/logo\\\/image\\\/\"}},{\"@type\":\"Person\",\"@id\":\"https:\\\/\\\/www.tui.com\\\/blog\\\/#\\\/schema\\\/person\\\/5fb538e47eae2b78bd2c216a4a0ad055\",\"name\":\"TUI Flugexperte\",\"image\":{\"@type\":\"ImageObject\",\"inLanguage\":\"de\",\"@id\":\"https:\\\/\\\/www.tui.com\\\/blog\\\/wp-content\\\/uploads\\\/2022\\\/04\\\/TUI-Flug-Profil-96x96.jpg\",\"url\":\"https:\\\/\\\/www.tui.com\\\/blog\\\/wp-content\\\/uploads\\\/2022\\\/04\\\/TUI-Flug-Profil-96x96.jpg\",\"contentUrl\":\"https:\\\/\\\/www.tui.com\\\/blog\\\/wp-content\\\/uploads\\\/2022\\\/04\\\/TUI-Flug-Profil-96x96.jpg\",\"caption\":\"TUI Flugexperte\"},\"url\":\"https:\\\/\\\/www.tui.com\\\/blog\\\/author\\\/tui-flugexperte\\\/\"}]}<\/script>\n<!-- \/ Yoast SEO plugin. -->","yoast_head_json":{"title":"Nicht ohne mein Fahrrad: Sport- und Sondergep\u00e4ck bei TUI fly - TUI.com Reiseblog \u2600","description":"Du m\u00f6chtest im Urlaub beispielsweise Fahrrad oder Ski fahren, Zeit auf dem Golfplatz verbringen oder tauchen? Wir zeigen dir, wie du Sondergep\u00e4ck anmeldest.","robots":{"index":"index","follow":"follow","max-snippet":"max-snippet:-1","max-image-preview":"max-image-preview:large","max-video-preview":"max-video-preview:-1"},"canonical":"https:\/\/www.tui.com\/blog\/nicht-ohne-mein-fahrrad-sport-und-sondergepaeck-bei-tui-fly\/","og_locale":"de_DE","og_type":"article","og_title":"Nicht ohne mein Fahrrad: Sport- und Sondergep\u00e4ck bei TUI fly - TUI.com Reiseblog \u2600","og_description":"Du m\u00f6chtest im Urlaub beispielsweise Fahrrad oder Ski fahren, Zeit auf dem Golfplatz verbringen oder tauchen? Wir zeigen dir, wie du Sondergep\u00e4ck anmeldest.","og_url":"https:\/\/www.tui.com\/blog\/nicht-ohne-mein-fahrrad-sport-und-sondergepaeck-bei-tui-fly\/","og_site_name":"TUI.com Reiseblog \u2600","article_published_time":"2018-11-26T12:25:11+00:00","article_modified_time":"2025-03-21T08:30:59+00:00","og_image":[{"width":2000,"height":1333,"url":"https:\/\/www.tui.com\/blog\/wp-content\/uploads\/2023\/04\/iStock-487877465.jpg","type":"image\/jpeg"}],"author":"TUI Flugexperte","twitter_card":"summary_large_image","twitter_misc":{"Verfasst von":"TUI Flugexperte","Gesch\u00e4tzte Lesezeit":"4\u00a0Minuten"},"schema":{"@context":"https:\/\/schema.org","@graph":[{"@type":"BlogPosting","@id":"https:\/\/www.tui.com\/blog\/nicht-ohne-mein-fahrrad-sport-und-sondergepaeck-bei-tui-fly\/#article","isPartOf":{"@id":"https:\/\/www.tui.com\/blog\/nicht-ohne-mein-fahrrad-sport-und-sondergepaeck-bei-tui-fly\/"},"author":{"name":"TUI Flugexperte","@id":"https:\/\/www.tui.com\/blog\/#\/schema\/person\/5fb538e47eae2b78bd2c216a4a0ad055"},"headline":"Nicht ohne mein Fahrrad: Sport- und Sondergep\u00e4ck bei TUI fly","datePublished":"2018-11-26T12:25:11+00:00","dateModified":"2025-03-21T08:30:59+00:00","mainEntityOfPage":{"@id":"https:\/\/www.tui.com\/blog\/nicht-ohne-mein-fahrrad-sport-und-sondergepaeck-bei-tui-fly\/"},"wordCount":838,"commentCount":27,"publisher":{"@id":"https:\/\/www.tui.com\/blog\/#organization"},"image":{"@id":"https:\/\/www.tui.com\/blog\/nicht-ohne-mein-fahrrad-sport-und-sondergepaeck-bei-tui-fly\/#primaryimage"},"thumbnailUrl":"https:\/\/www.tui.com\/blog\/wp-content\/uploads\/2023\/04\/iStock-487877465.jpg","keywords":["Fahrradurlaub","Fliegen","Flugtipps","Flugzeug","Koffer","packen","Packliste","Surfen","Urlaub"],"articleSection":["Reiseplanung"],"inLanguage":"de","potentialAction":[{"@type":"CommentAction","name":"Comment","target":["https:\/\/www.tui.com\/blog\/nicht-ohne-mein-fahrrad-sport-und-sondergepaeck-bei-tui-fly\/#respond"]}]},{"@type":"WebPage","@id":"https:\/\/www.tui.com\/blog\/nicht-ohne-mein-fahrrad-sport-und-sondergepaeck-bei-tui-fly\/","url":"https:\/\/www.tui.com\/blog\/nicht-ohne-mein-fahrrad-sport-und-sondergepaeck-bei-tui-fly\/","name":"Nicht ohne mein Fahrrad: Sport- und Sondergep\u00e4ck bei TUI fly - TUI.com Reiseblog \u2600","isPartOf":{"@id":"https:\/\/www.tui.com\/blog\/#website"},"primaryImageOfPage":{"@id":"https:\/\/www.tui.com\/blog\/nicht-ohne-mein-fahrrad-sport-und-sondergepaeck-bei-tui-fly\/#primaryimage"},"image":{"@id":"https:\/\/www.tui.com\/blog\/nicht-ohne-mein-fahrrad-sport-und-sondergepaeck-bei-tui-fly\/#primaryimage"},"thumbnailUrl":"https:\/\/www.tui.com\/blog\/wp-content\/uploads\/2023\/04\/iStock-487877465.jpg","datePublished":"2018-11-26T12:25:11+00:00","dateModified":"2025-03-21T08:30:59+00:00","description":"Du m\u00f6chtest im Urlaub beispielsweise Fahrrad oder Ski fahren, Zeit auf dem Golfplatz verbringen oder tauchen? Wir zeigen dir, wie du Sondergep\u00e4ck anmeldest.","breadcrumb":{"@id":"https:\/\/www.tui.com\/blog\/nicht-ohne-mein-fahrrad-sport-und-sondergepaeck-bei-tui-fly\/#breadcrumb"},"inLanguage":"de","potentialAction":[{"@type":"ReadAction","target":["https:\/\/www.tui.com\/blog\/nicht-ohne-mein-fahrrad-sport-und-sondergepaeck-bei-tui-fly\/"]}]},{"@type":"ImageObject","inLanguage":"de","@id":"https:\/\/www.tui.com\/blog\/nicht-ohne-mein-fahrrad-sport-und-sondergepaeck-bei-tui-fly\/#primaryimage","url":"https:\/\/www.tui.com\/blog\/wp-content\/uploads\/2023\/04\/iStock-487877465.jpg","contentUrl":"https:\/\/www.tui.com\/blog\/wp-content\/uploads\/2023\/04\/iStock-487877465.jpg","width":2000,"height":1333,"caption":"Sondergep&#228;ck-Schild"},{"@type":"BreadcrumbList","@id":"https:\/\/www.tui.com\/blog\/nicht-ohne-mein-fahrrad-sport-und-sondergepaeck-bei-tui-fly\/#breadcrumb","itemListElement":[{"@type":"ListItem","position":1,"name":"Startseite","item":"https:\/\/www.tui.com\/blog\/"},{"@type":"ListItem","position":2,"name":"Nicht ohne mein Fahrrad: Sport- und Sondergep\u00e4ck bei TUI fly"}]},{"@type":"WebSite","@id":"https:\/\/www.tui.com\/blog\/#website","url":"https:\/\/www.tui.com\/blog\/","name":"TUI.com Reiseblog \u2600","description":"Abenteuer oder lieber an den Strand? \u2600 Der TUI Reiseblog bietet tolle Infos rund um deine n\u00e4chste Reise \u2708 Komm vorbei und lass dich inspirieren \u221a","publisher":{"@id":"https:\/\/www.tui.com\/blog\/#organization"},"potentialAction":[{"@type":"SearchAction","target":{"@type":"EntryPoint","urlTemplate":"https:\/\/www.tui.com\/blog\/?s={search_term_string}"},"query-input":{"@type":"PropertyValueSpecification","valueRequired":true,"valueName":"search_term_string"}}],"inLanguage":"de"},{"@type":"Organization","@id":"https:\/\/www.tui.com\/blog\/#organization","name":"TUI.com Reiseblog \u2600","url":"https:\/\/www.tui.com\/blog\/","logo":{"@type":"ImageObject","inLanguage":"de","@id":"https:\/\/www.tui.com\/blog\/#\/schema\/logo\/image\/","url":"https:\/\/www.tui.com\/blog\/wp-content\/uploads\/2023\/04\/cropped-tui-logo-3.png","contentUrl":"https:\/\/www.tui.com\/blog\/wp-content\/uploads\/2023\/04\/cropped-tui-logo-3.png","width":164,"height":72,"caption":"TUI.com Reiseblog \u2600"},"image":{"@id":"https:\/\/www.tui.com\/blog\/#\/schema\/logo\/image\/"}},{"@type":"Person","@id":"https:\/\/www.tui.com\/blog\/#\/schema\/person\/5fb538e47eae2b78bd2c216a4a0ad055","name":"TUI Flugexperte","image":{"@type":"ImageObject","inLanguage":"de","@id":"https:\/\/www.tui.com\/blog\/wp-content\/uploads\/2022\/04\/TUI-Flug-Profil-96x96.jpg","url":"https:\/\/www.tui.com\/blog\/wp-content\/uploads\/2022\/04\/TUI-Flug-Profil-96x96.jpg","contentUrl":"https:\/\/www.tui.com\/blog\/wp-content\/uploads\/2022\/04\/TUI-Flug-Profil-96x96.jpg","caption":"TUI Flugexperte"},"url":"https:\/\/www.tui.com\/blog\/author\/tui-flugexperte\/"}]}},"_links":{"self":[{"href":"https:\/\/www.tui.com\/blog\/wp-json\/wp\/v2\/posts\/183748","targetHints":{"allow":["GET"]}}],"collection":[{"href":"https:\/\/www.tui.com\/blog\/wp-json\/wp\/v2\/posts"}],"about":[{"href":"https:\/\/www.tui.com\/blog\/wp-json\/wp\/v2\/types\/post"}],"author":[{"embeddable":true,"href":"https:\/\/www.tui.com\/blog\/wp-json\/wp\/v2\/users\/158"}],"replies":[{"embeddable":true,"href":"https:\/\/www.tui.com\/blog\/wp-json\/wp\/v2\/comments?post=183748"}],"version-history":[{"count":5,"href":"https:\/\/www.tui.com\/blog\/wp-json\/wp\/v2\/posts\/183748\/revisions"}],"predecessor-version":[{"id":463260,"href":"https:\/\/www.tui.com\/blog\/wp-json\/wp\/v2\/posts\/183748\/revisions\/463260"}],"wp:featuredmedia":[{"embeddable":true,"href":"https:\/\/www.tui.com\/blog\/wp-json\/wp\/v2\/media\/183758"}],"wp:attachment":[{"href":"https:\/\/www.tui.com\/blog\/wp-json\/wp\/v2\/media?parent=183748"}],"wp:term":[{"taxonomy":"category","embeddable":true,"href":"https:\/\/www.tui.com\/blog\/wp-json\/wp\/v2\/categories?post=183748"},{"taxonomy":"post_tag","embeddable":true,"href":"https:\/\/www.tui.com\/blog\/wp-json\/wp\/v2\/tags?post=183748"}],"curies":[{"name":"wp","href":"https:\/\/api.w.org\/{rel}","templated":true}]}}