{"id":185436,"date":"2019-09-27T13:00:43","date_gmt":"2019-09-27T11:00:43","guid":{"rendered":"https:\/\/blog.tui.info\/andalusien-rundreise-so-entdeckst-du-alle-highlights-suedspaniens-in-nur-11-tagen\/"},"modified":"2023-04-27T00:51:39","modified_gmt":"2023-04-26T22:51:39","slug":"andalusien-rundreise-so-entdeckst-du-alle-highlights-suedspaniens-in-nur-11-tagen","status":"publish","type":"post","link":"https:\/\/www.tui.com\/blog\/andalusien-rundreise-so-entdeckst-du-alle-highlights-suedspaniens-in-nur-11-tagen\/","title":{"rendered":"Andalusien Rundreise: So entdeckst du alle Highlights S\u00fcdspaniens in nur 11 Tagen!"},"content":{"rendered":"<div class=\"lazyblock-intro-ZJh5A9 wp-block-lazyblock-intro\"> <div style=\"color: #4C4C4C, margin-bottom: 18px\">\n    <span style=\"font-size:24px\">Andalusien \u2013 das klingt nach strahlender Sonne, feurigem Flamenco und maurischen Kulturdenkm\u00e4lern. Und genau dieses Versprechen h\u00e4lt die s\u00fcdlichste Region des spanischen Festlandes und Europas mit \u00fcber 300 Sonnentagen im Jahr und architektonischen Highlights wie der sagenumwobenen Alhambra auch ein. Dar\u00fcber hinaus kannst du dich auf sonnenverw\u00f6hnte K\u00fcsten, feinsandige Str\u00e4nde und landschaftlichen Sch\u00f6nheiten wie die schneebedeckten Berge der Sierra Nevada freuen. \u00dcberall st\u00f6\u00dft du auf das reiche kulturelle Erbe, das die Mauren w\u00e4hrend ihrer Herrschaft zwischen 711 und 1491 in Andalusien hinterlassen haben.<\/span>\n    <br>\n    <br>\n <\/div><\/div>\n\n\n<figure class=\"wp-block-gallery alignright columns-1 is-cropped wp-block-gallery-1 is-layout-flex wp-block-gallery-is-layout-flex\"><ul class=\"blocks-gallery-grid\"><li class=\"blocks-gallery-item\"><figure><img decoding=\"async\" src=\"https:\/\/www.tui.com\/blog\/wp-content\/uploads\/2023\/04\/Andalusien_Osterumzug.png\" alt=\"Mehr \u00fcber die andalusischen Karnevalsbr\u00e4uche erf\u00e4hrst du in unserem dazugeh\u00f6rigen Blogbeitrag\" data-id=\"6293\" class=\"wp-image-6293\"\/><figcaption class=\"blocks-gallery-item__caption\">Die Semana Santana wird in Andalusien besonders intensiv gefeiert.<\/figcaption><\/figure><\/li><\/ul><\/figure>\n\n\n\n<h2 class=\"wp-block-heading\">Wann geht\u2019s rund?<\/h2>\n\n\n\n<p>Wegen der milden Winter bieten sich f\u00fcr deine <a href=\"https:\/\/www.tui.com\/rundreisen\/andalusien\/\" target=\"_blank\" rel=\"noreferrer noopener\">Rundreise durch Andalusien<\/a> alle Monate des Jahres an. Die hei\u00dfen Sommermonate Juli und August verbringst du aber am besten bei einer leichten Brise an einem der Badestr\u00e4nde. Die sch\u00f6nsten Monate f\u00fcr eine Entdeckungstour sind April, Mai und Juni, sowie September und Oktober. Wenn du auf Festivals und Festivit\u00e4ten stehst, empfiehlt es sich einen Blick auf Andalusiens prall gef\u00fcllten Festivalkalender zu werfen.<\/p>\n\n\n\n<p>Dort findest du hochklassige Flamenco- und Filmfestspiele, kulinarische Feste, wie Oliven-, Schinken- oder Weinfeste sowie religi\u00f6s gepr\u00e4gte Feste und Wallfahrten. Wer es bunt liebt, dem sei die Blumenschlacht von C\u00f3rdoba, die Feria del Caballo in <strong>Jerez<\/strong> (rund ums Pferd) oder der Karneval in <strong>C\u00e1diz<\/strong> ans Herz gelegt. Mehr \u00fcber die andalusischen Karnevalsbr\u00e4uche erf\u00e4hrst du in unserem Blogbeitrag \u201e<a href=\"https:\/\/www.tui.com\/blog\/die-besten-faschingspartys-in-spanien-portugal\/\" target=\"_blank\" rel=\"noreferrer noopener\">Die besten Faschingspartys in Spanien und Portugal<\/a>\u201c.<\/p>\n\n\n\n<h2 class=\"wp-block-heading\">Tag 1: Los geht\u2019s in Jerez!<\/h2>\n\n\n\n<p>F\u00fcr den Start deiner Rundreise empfehlen wir dir Jerez de la Frontera, das von TUI fly das ganze Jahr \u00fcber von Hannover, Frankfurt, D\u00fcsseldorf, Stuttgart und M\u00fcnchen angeflogen wird. Nach einem rund dreist\u00fcndigen Flug nimmst du am Flughafen deinen Mietwagen in Empfang. Anschlie\u00dfend kannst du erstmal einen Spaziergang durch die sch\u00f6ne Altstadt unternehmen oder in eine der zahlreichen Bodegas einkehren, um einen der bekannten Sherry-Weine zu verkosten. Au\u00dferdem solltest du in Jerez unbedingt einen Besuch der Spanischen Hofreitschule mit einplanen.<\/p>\n\n\n\n<h2 class=\"wp-block-heading\">Tag 2 und 3: Sevilla \u2013 lebendige Hauptstadt Andalusiens<\/h2>\n\n\n\n<p>Die andalusische Hauptstadt <strong>Sevilla<\/strong> ist eine dynamische Metropole mit jeder Menge Sehensw\u00fcrdigkeiten. Tauch in die mittelalterliche Altstadt ein und lass dich von der einmaligen Mixtur der Kulturen verzaubern.<\/p>\n\n\n\n<figure class=\"wp-block-gallery alignleft columns-1 is-cropped wp-block-gallery-2 is-layout-flex wp-block-gallery-is-layout-flex\"><ul class=\"blocks-gallery-grid\"><li class=\"blocks-gallery-item\"><figure><img decoding=\"async\" src=\"https:\/\/www.tui.com\/blog\/wp-content\/uploads\/2023\/04\/Andalusien_Sevilla.jpg\" alt=\"Die andalusische Hauptstadt Sevilla ist eine dynamische Metropole mit jeder Menge Sehensw\u00fcrdigkeiten.\" data-id=\"6295\" class=\"wp-image-6295\"\/><figcaption class=\"blocks-gallery-item__caption\">Der Plaza Espa\u00f1a wurde 1929 im Rahmen der Iberoamerikanischen Ausstellung errichtet.<\/figcaption><\/figure><\/li><\/ul><\/figure>\n\n\n\n<p>Viele der urspr\u00fcnglich maurischen Prachtbauten wurden n\u00e4mlich nach der Reconquista umgebaut, erweitert und anderweitig genutzt. Von der ehemaligen Hauptmoschee ist nur noch der Giralda-Turm \u00fcbrig, der einst als Minarett diente und nun den Hauptturm der sp\u00e4tgotischen Kathedrale bildet, die zum Weltkulturerbe der UNESCO z\u00e4hlt. Der mittelalterliche K\u00f6nigspalast Alcazar wurde von den Mauren einst als Fort errichtet.<br><\/p>\n\n\n\n<p>Mach einen Fotostopp am Plaza de Espa\u00f1a oder flaniere durch den romantischen Parque de Mar\u00eda Luisa mit seinen arabesken B\u00e4nken und Springbrunnen. Schau dir den imposanten Wehrturm Torre del Oro an oder erledige ein paar Eink\u00e4ufe in Calle Sierpes. Nach den zahlreichen Eindr\u00fccken kannst du den Tag am besten bei einem Glas Sherry in dem charmanten ehemaligen Arbeiterviertel Triana ausklingen lassen, das schon viele ber\u00fchmte S\u00e4nger und Matadoren hervorgebracht hat. Dort findest du viele Restaurants und Bars, in denen du mit etwas Gl\u00fcck einem Flamenco-Konzert beiwohnen kannst!<\/p>\n\n\n\n<h2 class=\"wp-block-heading\">Tag 4: \u00dcber Carmona nach C\u00f3rdoba<\/h2>\n\n\n\n<p>Auf dem Weg nach <strong>C\u00f3rdoba<\/strong> solltest du unbedingt in dem bezaubernden St\u00e4dtchen <strong>Carmona<\/strong> Zwischenstopp machen, um durch die verwinkelten Altstadtg\u00e4sschen zu schlendern, Oliven\u00f6l zu verkosten und den atemberaubenden Ausblick \u00fcber die Ebene von Carmona zu genie\u00dfen. In C\u00f3rdoba angekommen kannst du am Beispiel der Moschee-Kathedrale erneut die bauliche und religi\u00f6se Verschmelzung der islamischen und christlichen Kultur bestaunen. Ein weiteres Highlight ist die Puente Romano, eine von den R\u00f6mern errichtete Br\u00fccke \u00fcber den Fluss Guadalquivir mit beeindruckenden sechszehn B\u00f6gen, die einst Bestandteil der Via Augusta war.<\/p>\n\n\n\n<h2 class=\"wp-block-heading\">Tag 5 und 6: Die weltber\u00fchmte Alhambra von Granada<\/h2>\n\n\n\n<p>Durch endlose Olivenhaine f\u00fchrt dich der Weg Richtung <strong>Granada<\/strong>. In der Jaen-Provinz werden 40% des weltweiten Oliven\u00f6ls produziert. Du solltest dir in einer der vielen Cortijos unbedingt einen kleinen Kanister des reich an unges\u00e4ttigten Fetts\u00e4uren ,,fl\u00fcssigen Goldes\u201c kaufen.<\/p>\n\n\n\n<figure class=\"wp-block-gallery alignright columns-1 is-cropped wp-block-gallery-3 is-layout-flex wp-block-gallery-is-layout-flex\"><ul class=\"blocks-gallery-grid\"><li class=\"blocks-gallery-item\"><figure><img decoding=\"async\" src=\"https:\/\/www.tui.com\/blog\/wp-content\/uploads\/2023\/04\/Andalusien_Generalife.png\" alt=\"Plane f\u00fcr die Palast-Besichtigung und die phantastische mittelalterliche Gartenanlage Generalife mindestens vier Stunden Besuchszeit ein!\" data-id=\"6299\" class=\"wp-image-6299\"\/><figcaption class=\"blocks-gallery-item__caption\">Der Generalife-Palast steht auf einer Anh\u00f6he und ist durch eine Schlucht von der Alhambra getrennt.<\/figcaption><\/figure><\/li><\/ul><\/figure>\n\n\n\n<p>In Granada ist die Besichtigung der sagenumwobenen Alhambra ein absolutes Muss. Da der Palast des letzten muslimischen K\u00f6nigreichs in Spanien die meist besuchte Touristenattraktion Spaniens ist, empfehlen wir, dir die Eintrittskarten im Voraus online zu buchen. F\u00fcr Kinder unter zw\u00f6lf Jahre ist der Eintritt frei \u2013 das Ticket muss aber unbedingt ebenfalls vorab erworben werden! Falls du keine F\u00fchrung mitmachst, kannst du dir am Haupteingang auch Audio Guides ausleihen. Plane f\u00fcr die Palast-Besichtigung und die phantastische mittelalterliche Gartenanlage Generalife mindestens vier Stunden Besuchszeit ein! Ein weiteres Highlight in Granada sind die Kathedrale, deren Innenbereich eine Perle der spanischen Renaissance-Kunst darstellt und das maurische Viertel Albaic\u00edn mit seinen hunderten kleinen Gassen. Von dem \u00e4ltesten Quartier Granadas hast du einen phantastischen Blick auf die Alhambra, insbesondere vom Mirador San Nicol\u00e1s aus.<\/p>\n\n\n\n<p><strong>Unser Tipp<\/strong>: Von dem Aussichtspunkt aus den Sonnenuntergang und die Alhambra bei Nacht bestaunen und anschlie\u00dfend in einer Tapas-Bar den Tag genussvoll ausklingen lassen\u2026<\/p>\n\n\n\n<h3 class=\"wp-block-heading\"><a href=\"https:\/\/www.tui.com\/blog\/wp-content\/uploads\/2019\/09\/badetag_in_nerja.png\"><\/a>Optional: Balkon von Europa und Badetag in Nerja<\/h3>\n\n\n\n<p>Wie w\u00e4re es mit einem Erholungstag im Urlaubsort <strong>Nerja<\/strong>, bevor du nach <strong>M\u00e1laga<\/strong> f\u00e4hrst? Seine K\u00fcstenpromenade, der Balc\u00f3n de Europa, f\u00fchrt auf einem Felsvorsprung entlang mit atemberaubenden Ausblicken auf das Mittelmeer und die umliegenden Berge. Lust auf Abk\u00fchlung? Unterhalb der ehemaligen Festungsanlage aus dem 9. Jahrhundert laden kleine Sandstr\u00e4nde und Felsbuchten zu einem (Sonnen-) Bad ein. Oder du g\u00f6nnst dir in der Eismanufaktur El Valenciano ein paar Kugeln kaltes Gl\u00fcck. Doch Hummeln im Gep\u00e4ck? Ganz in der N\u00e4he findest du die Cueva de Nerja, in der du ungew\u00f6hnliche Stalaktiten und Stalagmiten sowie altsteinzeitliche Malereien bewundern kannst.<\/p>\n\n\n\n<figure class=\"wp-block-gallery alignright columns-1 is-cropped wp-block-gallery-4 is-layout-flex wp-block-gallery-is-layout-flex\"><ul class=\"blocks-gallery-grid\"><li class=\"blocks-gallery-item\"><figure><img decoding=\"async\" src=\"https:\/\/www.tui.com\/blog\/wp-content\/uploads\/2023\/04\/strassencafe_malaga_spanien.png\" alt=\"Genie\u00dfe die Atmosph\u00e4re in den Stra\u00dfencaf\u00e9s des historischen Viertels von Malaga.\" data-id=\"6317\" class=\"wp-image-6317\"\/><figcaption class=\"blocks-gallery-item__caption\">Genie\u00dfe die Atmosph\u00e4re in den Stra\u00dfencaf\u00e9s des historischen Viertels von M\u00e1laga.<\/figcaption><\/figure><\/li><\/ul><\/figure>\n\n\n\n<h2 class=\"wp-block-heading\">Tag 7: Erstmal nach M\u00e1laga!<\/h2>\n\n\n\n<p>Auf dem Weg von Granada nach M\u00e1laga solltest du unbedingt einen Schlenker zu den Dolmenst\u00e4tten von Antequera machen! Die jungsteinzeitlichen Megalith-Monumente z\u00e4hlen seit 2016 zum UNESCO-Welterbe. Bei einer Erkundung der Altstadt von M\u00e1laga kommst du bestimmt auch an der im Renaissancestil erbauten Kathedrale vorbei. In der tollen Markthalle kannst du dein Vitamin- und Frischedepot auff\u00fcllen, bevor du das Picasso Museum besuchst, das im Geburtshaus des ber\u00fchmten K\u00fcnstlers untergebracht ist. Abends schlenderst du unter der modernen Pergola an der Promenade zum neuen Hafen von M\u00e1laga, um dort in eine Bar oder Restaurant einzukehren und bei einer Meeresbrise den Kl\u00e4ngen der h\u00e4ufig stattfindenden Livekonzerte zu lauschen.<\/p>\n\n\n\n<h2 class=\"wp-block-heading\">Tag 8: Bummeln &amp; Baden in Marbella<\/h2>\n\n\n\n<p>Marbella ist wohl der bekannteste Badeort an der Costa del Sol. Reiht man die vielen Sandstr\u00e4nde der mond\u00e4nen K\u00fcstenmetropole aneinander, kommt man auf 27 Strandkilometer. Da sollte auch f\u00fcr dich noch eine Liege frei sein! Im Yachthafen und Puerto Banus findest du jede Menge Bars, noble Boutiquen und luxuri\u00f6se Yachten. Da sollten ein paar sch\u00f6ne Fotomotive f\u00fcr dich rausspringen. Au\u00dferdem l\u00e4dt die Altstadt rund um die Plaza de Naranjos (Orangenplatz) zu einem gem\u00fctlichen Spaziergang ein.<\/p>\n\n\n\n<h2 class=\"wp-block-heading\">Tag 9 &amp; 10: Ronda, Berge, wei\u00dfe D\u00f6rfer<\/h2>\n\n\n\n<p>Heute geht es in Richtung Berge ins spektakul\u00e4r an einer Schlucht gelegene <strong>Ronda<\/strong>, der Wiege des spanischen Stierkampfs.<\/p>\n\n\n\n<figure class=\"wp-block-gallery alignleft columns-1 is-cropped wp-block-gallery-5 is-layout-flex wp-block-gallery-is-layout-flex\"><ul class=\"blocks-gallery-grid\"><li class=\"blocks-gallery-item\"><figure><img decoding=\"async\" src=\"https:\/\/www.tui.com\/blog\/wp-content\/uploads\/2023\/04\/Andalusien_Ronda.jpg\" alt=\"Heute geht es in Richtung Berge ins spektakul\u00e4r an einer Schlucht gelegene Ronda, der Wiege des spanischen Stierkampfs.\" data-id=\"6303\" class=\"wp-image-6303\"\/><figcaption class=\"blocks-gallery-item__caption\">Spektakul\u00e4r: Ronda ist durch die 100 m tiefe Schlucht Tajo de Ronda geteilt.<\/figcaption><\/figure><\/li><\/ul><\/figure>\n\n\n\n<p>Dort kannst du in der sch\u00f6nen Altstadt die \u00e4lteste Stierkampfarena Spaniens besichtigen und die spektakul\u00e4re 120 m hohe Bogenbr\u00fccke Puente Nuevo bewundern, die sich atemberaubend \u00fcber die El Tajo Schlucht spannt. Von Ronda aus geht es weiter nach Grazalema, das wundersch\u00f6n inmitten des Naturparks <strong>Sierra de la Grazalema<\/strong> liegt. Dieser Ausflug lohnt sich besonders im Fr\u00fchling, wenn alles gr\u00fcnt und bl\u00fcht. Anschlie\u00dfend stehen die ber\u00fchmten wei\u00dfen D\u00f6rfer auf dem Programm. Inmitten von Olivenhainen und Orangenb\u00e4umen liegt <strong>Arcos de la Frontera<\/strong>, eines der sch\u00f6nsten wei\u00dfen D\u00f6rfer Spaniens, das auf einem steilen Felsen oberhalb des Flusses Guadalete liegt.<\/p>\n\n\n\n<h3 class=\"wp-block-heading\">Optional: Gibraltar und der Affenfelsen<\/h3>\n\n\n\n<figure class=\"wp-block-gallery alignright columns-1 is-cropped wp-block-gallery-6 is-layout-flex wp-block-gallery-is-layout-flex\"><ul class=\"blocks-gallery-grid\"><li class=\"blocks-gallery-item\"><figure><img decoding=\"async\" src=\"https:\/\/www.tui.com\/blog\/wp-content\/uploads\/2023\/04\/fels_von_gibraltar_affenfelsen.png\" alt=\"Fels von Gibraltar Affenfelsen\" data-id=\"6321\" class=\"wp-image-6321\"\/><figcaption class=\"blocks-gallery-item__caption\">Im S\u00fcden Gibraltars findest du den legend\u00e4ren Affenfelsen, auf dem Europas einzige wilde Affenpopulation lebt.<\/figcaption><\/figure><\/li><\/ul><\/figure>\n\n\n\n<p>Wenn du noch die britische Kronkolonie Gibraltar mitnehmen willst, f\u00e4hrst du von Marbella aus weiter am Meer entlang. Von der S\u00fcdspitze Gibraltars aus kannst du bei guter Sicht die K\u00fcste des afrikanischen Kontinents sehen und den Schiffsverkehr durch die Meerenge von Gibraltar beobachten. Es ist also keine schlechte Idee, ein Fernglas dabei zu haben.<br>Wenn du konditionell gut beieinander bist, steigst du mit entsprechendem Schuhwerk und ausreichend Wasser im Gep\u00e4ck in ca. einer Stunde zu Fu\u00df auf den Affenfelsen. Du kannst alternativ auch mit der Seilbahn oder mit dem Bus auf den Felsen von Gibraltar hinauffahren und dann die spektakul\u00e4re Aussicht genie\u00dfen. Auf dem Kalksteinfelsen begegnest du nat\u00fcrlich auch den ber\u00fchmten Affen. Pass also lieber auf dein Picknick und alles Essbare in deinem Rucksack auf. Shopping-Tipp: In der Fu\u00dfg\u00e4ngerzone von Gibraltar gibt es in vielen Gesch\u00e4ften steuerreduzierte Waren.<\/p>\n\n\n\n<h2 class=\"wp-block-heading\">Tag 11: Adios Andalusien &#8211; entspannter Ausklang in C\u00e1diz!<\/h2>\n\n\n\n<p>Auf der letzten Etappe deiner Andalusien-Rundreise geht es nach C\u00e1diz, der \u00e4ltesten Stadt Westeuropas. In der vom Atlantik eingerahmten Altstadt mit der Kathedrale kannst du bei einem Caf\u00e9 Cortado die letzten 10 Tage Revue passieren lassen und vom Torre Tavira aus den Panoramablick \u00fcber die Stadt genie\u00dfen. Oder du begibst dich an einen der kilometerlangen Str\u00e4nde, um noch einmal dieses unvergleichlich glei\u00dfende Sonnenlicht aufzusaugen, bevor es am n\u00e4chsten Tag nach Jerez und von dort aus wieder zur\u00fcck nach Deutschland geht.<\/p>\n\n\n\n<p><strong>Fazit:<\/strong> Eine Andalusien-Rundreise lohnt sich zu jeder Jahreszeit! Bei 300 Sonnentagen ist das andalusische Sonnenlicht auch in den Wintermonaten ein wohltuendes Antidepressivum. Du kannst die vorgeschlagene Route nat\u00fcrlich auch in umgekehrter Richtung fahren. Du solltest f\u00fcr die Tour mindestens 10 Tage einplanen, besser sind 14 Tage, wenn du dir gerne etwas mehr Zeit nehmen willst. Oder du h\u00e4ngst sogar noch ein paar Tage f\u00fcr einen Badeurlaub dran!<\/p>\n\n\n\n<div class=\"wp-block-cover has-background-dim\" style=\"background-color:#dde0e2;min-height:284px;aspect-ratio:unset;\"><div class=\"wp-block-cover__inner-container is-layout-flow wp-block-cover-is-layout-flow\">\n<p class=\"has-text-align-center has-black-color has-text-color\"><strong>Alle TUI Angebote f\u00fcr den n\u00e4chsten Andalusien Urlaub<\/strong><\/p>\n\n\n\n<p class=\"has-text-align-center has-black-color has-text-color\">\u2708 +   <a href=\"https:\/\/www.tui.com\/pauschalreisen\/spanien\/andalusien\/?contentid=blog_verteilerbox_pauschalreise\" target=\"_blank\" rel=\"noreferrer noopener\">Alle Pauschalreise-Angebote f\u00fcr Andalusien<\/a> <br>  <a href=\"https:\/\/www.tui.com\/hotels\/spanien\/andalusien\/?contentid=blog_verteilerbox_hotel\" target=\"_blank\" rel=\"noreferrer noopener\">Alle Hotelangebote f\u00fcr Andalusien<\/a><br>\u2708 <a href=\"https:\/\/www.tui.com\/flug\/jerez-d-l-frontera\/?contentid=blog_verteilerbox_flug\" target=\"_blank\" rel=\"noreferrer noopener\">Alle Flugangebote nach Andalusien<\/a><br> <a href=\"https:\/\/www.tui.com\/tui-ausfluege\/?contentid=blog_verteilerbox_ausfluege\" target=\"_blank\" rel=\"noreferrer noopener\">Alle TUI Ausfl\u00fcge entdecken<\/a><br>  <a href=\"https:\/\/www.tui.com\/mietwagen\/?contentid=blog_verteilerbox_mietwagen\" target=\"_blank\" rel=\"noreferrer noopener\">Zur Mietwagenbuchung<\/a><\/p>\n<\/div><\/div>\n","protected":false},"excerpt":{"rendered":"<p>Wann geht\u2019s rund? Wegen der milden Winter bieten sich f\u00fcr deine Rundreise durch Andalusien alle Monate des Jahres an. Die hei\u00dfen Sommermonate Juli und August verbringst du aber am besten bei einer leichten Brise an einem der Badestr\u00e4nde. Die sch\u00f6nsten Monate f\u00fcr eine Entdeckungstour sind April, Mai und Juni, sowie<\/p>\n","protected":false},"author":86,"featured_media":185452,"comment_status":"open","ping_status":"open","sticky":false,"template":"","format":"standard","meta":{"_acf_changed":false,"footnotes":""},"categories":[4066,4052,4030,4032],"tags":[125,585,324,126],"class_list":["post-185436","post","type-post","status-publish","format-standard","has-post-thumbnail","hentry","category-archiv-andere-reisearten","category-archiv-reisearten","category-archiv-reiseziele","category-archiv-spanien","tag-andalusien","tag-mietwagen","tag-rundreise","tag-spanien"],"acf":[],"yoast_head":"<!-- This site is optimized with the Yoast SEO plugin v27.4 - https:\/\/yoast.com\/product\/yoast-seo-wordpress\/ -->\n<title>Andalusien: Entdecke Highlights S\u00fcdspaniens - TUI.com Reiseblog \u2600<\/title>\n<meta name=\"description\" content=\"Du kannst dich auf sonnenverw\u00f6hnte K\u00fcsten, feinsandige Str\u00e4nde und landschaftlichen Sch\u00f6nheiten wie die schneebedeckten Berge der Sierra Nevada freuen.\" \/>\n<meta name=\"robots\" content=\"index, follow, max-snippet:-1, max-image-preview:large, max-video-preview:-1\" \/>\n<link rel=\"canonical\" href=\"https:\/\/www.tui.com\/blog\/andalusien-rundreise-so-entdeckst-du-alle-highlights-suedspaniens-in-nur-11-tagen\/\" \/>\n<meta property=\"og:locale\" content=\"de_DE\" \/>\n<meta property=\"og:type\" content=\"article\" \/>\n<meta property=\"og:title\" content=\"Andalusien: Entdecke Highlights S\u00fcdspaniens - TUI.com Reiseblog \u2600\" \/>\n<meta property=\"og:description\" content=\"Du kannst dich auf sonnenverw\u00f6hnte K\u00fcsten, feinsandige Str\u00e4nde und landschaftlichen Sch\u00f6nheiten wie die schneebedeckten Berge der Sierra Nevada freuen.\" \/>\n<meta property=\"og:url\" content=\"https:\/\/www.tui.com\/blog\/andalusien-rundreise-so-entdeckst-du-alle-highlights-suedspaniens-in-nur-11-tagen\/\" \/>\n<meta property=\"og:site_name\" content=\"TUI.com Reiseblog \u2600\" \/>\n<meta property=\"article:published_time\" content=\"2019-09-27T11:00:43+00:00\" \/>\n<meta property=\"article:modified_time\" content=\"2023-04-26T22:51:39+00:00\" \/>\n<meta property=\"og:image\" content=\"https:\/\/www.tui.com\/blog\/wp-content\/uploads\/2023\/04\/spanien_andalusien_malaga_rundreise_abend.png\" \/>\n\t<meta property=\"og:image:width\" content=\"845\" \/>\n\t<meta property=\"og:image:height\" content=\"321\" \/>\n\t<meta property=\"og:image:type\" content=\"image\/png\" \/>\n<meta name=\"author\" content=\"TUI Reiseexperten\" \/>\n<meta name=\"twitter:card\" content=\"summary_large_image\" \/>\n<meta name=\"twitter:label1\" content=\"Verfasst von\" \/>\n\t<meta name=\"twitter:data1\" content=\"TUI Reiseexperten\" \/>\n\t<meta name=\"twitter:label2\" content=\"Gesch\u00e4tzte Lesezeit\" \/>\n\t<meta name=\"twitter:data2\" content=\"8\u00a0Minuten\" \/>\n<script type=\"application\/ld+json\" class=\"yoast-schema-graph\">{\"@context\":\"https:\\\/\\\/schema.org\",\"@graph\":[{\"@type\":\"BlogPosting\",\"@id\":\"https:\\\/\\\/www.tui.com\\\/blog\\\/andalusien-rundreise-so-entdeckst-du-alle-highlights-suedspaniens-in-nur-11-tagen\\\/#article\",\"isPartOf\":{\"@id\":\"https:\\\/\\\/www.tui.com\\\/blog\\\/andalusien-rundreise-so-entdeckst-du-alle-highlights-suedspaniens-in-nur-11-tagen\\\/\"},\"author\":{\"name\":\"TUI Reiseexperten\",\"@id\":\"https:\\\/\\\/www.tui.com\\\/blog\\\/#\\\/schema\\\/person\\\/e0405bcbd5102f3edd229113f1c50a06\"},\"headline\":\"Andalusien Rundreise: So entdeckst du alle Highlights S\u00fcdspaniens in nur 11 Tagen!\",\"datePublished\":\"2019-09-27T11:00:43+00:00\",\"dateModified\":\"2023-04-26T22:51:39+00:00\",\"mainEntityOfPage\":{\"@id\":\"https:\\\/\\\/www.tui.com\\\/blog\\\/andalusien-rundreise-so-entdeckst-du-alle-highlights-suedspaniens-in-nur-11-tagen\\\/\"},\"wordCount\":1647,\"commentCount\":0,\"publisher\":{\"@id\":\"https:\\\/\\\/www.tui.com\\\/blog\\\/#organization\"},\"image\":{\"@id\":\"https:\\\/\\\/www.tui.com\\\/blog\\\/andalusien-rundreise-so-entdeckst-du-alle-highlights-suedspaniens-in-nur-11-tagen\\\/#primaryimage\"},\"thumbnailUrl\":\"https:\\\/\\\/www.tui.com\\\/blog\\\/wp-content\\\/uploads\\\/2023\\\/04\\\/spanien_andalusien_malaga_rundreise_abend.png\",\"keywords\":[\"Andalusien\",\"Mietwagen\",\"Rundreise\",\"Spanien\"],\"articleSection\":[\"Andere Reisearten\",\"Reisearten\",\"Reiseziele\",\"Spanien\"],\"inLanguage\":\"de\",\"potentialAction\":[{\"@type\":\"CommentAction\",\"name\":\"Comment\",\"target\":[\"https:\\\/\\\/www.tui.com\\\/blog\\\/andalusien-rundreise-so-entdeckst-du-alle-highlights-suedspaniens-in-nur-11-tagen\\\/#respond\"]}]},{\"@type\":\"WebPage\",\"@id\":\"https:\\\/\\\/www.tui.com\\\/blog\\\/andalusien-rundreise-so-entdeckst-du-alle-highlights-suedspaniens-in-nur-11-tagen\\\/\",\"url\":\"https:\\\/\\\/www.tui.com\\\/blog\\\/andalusien-rundreise-so-entdeckst-du-alle-highlights-suedspaniens-in-nur-11-tagen\\\/\",\"name\":\"Andalusien: Entdecke Highlights S\u00fcdspaniens - TUI.com Reiseblog \u2600\",\"isPartOf\":{\"@id\":\"https:\\\/\\\/www.tui.com\\\/blog\\\/#website\"},\"primaryImageOfPage\":{\"@id\":\"https:\\\/\\\/www.tui.com\\\/blog\\\/andalusien-rundreise-so-entdeckst-du-alle-highlights-suedspaniens-in-nur-11-tagen\\\/#primaryimage\"},\"image\":{\"@id\":\"https:\\\/\\\/www.tui.com\\\/blog\\\/andalusien-rundreise-so-entdeckst-du-alle-highlights-suedspaniens-in-nur-11-tagen\\\/#primaryimage\"},\"thumbnailUrl\":\"https:\\\/\\\/www.tui.com\\\/blog\\\/wp-content\\\/uploads\\\/2023\\\/04\\\/spanien_andalusien_malaga_rundreise_abend.png\",\"datePublished\":\"2019-09-27T11:00:43+00:00\",\"dateModified\":\"2023-04-26T22:51:39+00:00\",\"description\":\"Du kannst dich auf sonnenverw\u00f6hnte K\u00fcsten, feinsandige Str\u00e4nde und landschaftlichen Sch\u00f6nheiten wie die schneebedeckten Berge der Sierra Nevada freuen.\",\"breadcrumb\":{\"@id\":\"https:\\\/\\\/www.tui.com\\\/blog\\\/andalusien-rundreise-so-entdeckst-du-alle-highlights-suedspaniens-in-nur-11-tagen\\\/#breadcrumb\"},\"inLanguage\":\"de\",\"potentialAction\":[{\"@type\":\"ReadAction\",\"target\":[\"https:\\\/\\\/www.tui.com\\\/blog\\\/andalusien-rundreise-so-entdeckst-du-alle-highlights-suedspaniens-in-nur-11-tagen\\\/\"]}]},{\"@type\":\"ImageObject\",\"inLanguage\":\"de\",\"@id\":\"https:\\\/\\\/www.tui.com\\\/blog\\\/andalusien-rundreise-so-entdeckst-du-alle-highlights-suedspaniens-in-nur-11-tagen\\\/#primaryimage\",\"url\":\"https:\\\/\\\/www.tui.com\\\/blog\\\/wp-content\\\/uploads\\\/2023\\\/04\\\/spanien_andalusien_malaga_rundreise_abend.png\",\"contentUrl\":\"https:\\\/\\\/www.tui.com\\\/blog\\\/wp-content\\\/uploads\\\/2023\\\/04\\\/spanien_andalusien_malaga_rundreise_abend.png\",\"width\":845,\"height\":321,\"caption\":\"Spanien Andalusien Malaga Rundreise\"},{\"@type\":\"BreadcrumbList\",\"@id\":\"https:\\\/\\\/www.tui.com\\\/blog\\\/andalusien-rundreise-so-entdeckst-du-alle-highlights-suedspaniens-in-nur-11-tagen\\\/#breadcrumb\",\"itemListElement\":[{\"@type\":\"ListItem\",\"position\":1,\"name\":\"Startseite\",\"item\":\"https:\\\/\\\/www.tui.com\\\/blog\\\/\"},{\"@type\":\"ListItem\",\"position\":2,\"name\":\"Andalusien Rundreise: So entdeckst du alle Highlights S\u00fcdspaniens in nur 11 Tagen!\"}]},{\"@type\":\"WebSite\",\"@id\":\"https:\\\/\\\/www.tui.com\\\/blog\\\/#website\",\"url\":\"https:\\\/\\\/www.tui.com\\\/blog\\\/\",\"name\":\"TUI.com Reiseblog \u2600\",\"description\":\"Abenteuer oder lieber an den Strand? \u2600 Der TUI Reiseblog bietet tolle Infos rund um deine n\u00e4chste Reise \u2708 Komm vorbei und lass dich inspirieren \u221a\",\"publisher\":{\"@id\":\"https:\\\/\\\/www.tui.com\\\/blog\\\/#organization\"},\"potentialAction\":[{\"@type\":\"SearchAction\",\"target\":{\"@type\":\"EntryPoint\",\"urlTemplate\":\"https:\\\/\\\/www.tui.com\\\/blog\\\/?s={search_term_string}\"},\"query-input\":{\"@type\":\"PropertyValueSpecification\",\"valueRequired\":true,\"valueName\":\"search_term_string\"}}],\"inLanguage\":\"de\"},{\"@type\":\"Organization\",\"@id\":\"https:\\\/\\\/www.tui.com\\\/blog\\\/#organization\",\"name\":\"TUI.com Reiseblog \u2600\",\"url\":\"https:\\\/\\\/www.tui.com\\\/blog\\\/\",\"logo\":{\"@type\":\"ImageObject\",\"inLanguage\":\"de\",\"@id\":\"https:\\\/\\\/www.tui.com\\\/blog\\\/#\\\/schema\\\/logo\\\/image\\\/\",\"url\":\"https:\\\/\\\/www.tui.com\\\/blog\\\/wp-content\\\/uploads\\\/2023\\\/04\\\/cropped-tui-logo-3.png\",\"contentUrl\":\"https:\\\/\\\/www.tui.com\\\/blog\\\/wp-content\\\/uploads\\\/2023\\\/04\\\/cropped-tui-logo-3.png\",\"width\":164,\"height\":72,\"caption\":\"TUI.com Reiseblog \u2600\"},\"image\":{\"@id\":\"https:\\\/\\\/www.tui.com\\\/blog\\\/#\\\/schema\\\/logo\\\/image\\\/\"}},{\"@type\":\"Person\",\"@id\":\"https:\\\/\\\/www.tui.com\\\/blog\\\/#\\\/schema\\\/person\\\/e0405bcbd5102f3edd229113f1c50a06\",\"name\":\"TUI Reiseexperten\",\"image\":{\"@type\":\"ImageObject\",\"inLanguage\":\"de\",\"@id\":\"https:\\\/\\\/www.tui.com\\\/blog\\\/wp-content\\\/uploads\\\/2016\\\/10\\\/TUIMitarbeiter-178x176.jpg\",\"url\":\"https:\\\/\\\/www.tui.com\\\/blog\\\/wp-content\\\/uploads\\\/2016\\\/10\\\/TUIMitarbeiter-178x176.jpg\",\"contentUrl\":\"https:\\\/\\\/www.tui.com\\\/blog\\\/wp-content\\\/uploads\\\/2016\\\/10\\\/TUIMitarbeiter-178x176.jpg\",\"caption\":\"TUI Reiseexperten\"},\"description\":\"TEST\",\"url\":\"https:\\\/\\\/www.tui.com\\\/blog\\\/author\\\/tui-mitarbeiter\\\/\"}]}<\/script>\n<!-- \/ Yoast SEO plugin. -->","yoast_head_json":{"title":"Andalusien: Entdecke Highlights S\u00fcdspaniens - TUI.com Reiseblog \u2600","description":"Du kannst dich auf sonnenverw\u00f6hnte K\u00fcsten, feinsandige Str\u00e4nde und landschaftlichen Sch\u00f6nheiten wie die schneebedeckten Berge der Sierra Nevada freuen.","robots":{"index":"index","follow":"follow","max-snippet":"max-snippet:-1","max-image-preview":"max-image-preview:large","max-video-preview":"max-video-preview:-1"},"canonical":"https:\/\/www.tui.com\/blog\/andalusien-rundreise-so-entdeckst-du-alle-highlights-suedspaniens-in-nur-11-tagen\/","og_locale":"de_DE","og_type":"article","og_title":"Andalusien: Entdecke Highlights S\u00fcdspaniens - TUI.com Reiseblog \u2600","og_description":"Du kannst dich auf sonnenverw\u00f6hnte K\u00fcsten, feinsandige Str\u00e4nde und landschaftlichen Sch\u00f6nheiten wie die schneebedeckten Berge der Sierra Nevada freuen.","og_url":"https:\/\/www.tui.com\/blog\/andalusien-rundreise-so-entdeckst-du-alle-highlights-suedspaniens-in-nur-11-tagen\/","og_site_name":"TUI.com Reiseblog \u2600","article_published_time":"2019-09-27T11:00:43+00:00","article_modified_time":"2023-04-26T22:51:39+00:00","og_image":[{"width":845,"height":321,"url":"https:\/\/www.tui.com\/blog\/wp-content\/uploads\/2023\/04\/spanien_andalusien_malaga_rundreise_abend.png","type":"image\/png"}],"author":"TUI Reiseexperten","twitter_card":"summary_large_image","twitter_misc":{"Verfasst von":"TUI Reiseexperten","Gesch\u00e4tzte Lesezeit":"8\u00a0Minuten"},"schema":{"@context":"https:\/\/schema.org","@graph":[{"@type":"BlogPosting","@id":"https:\/\/www.tui.com\/blog\/andalusien-rundreise-so-entdeckst-du-alle-highlights-suedspaniens-in-nur-11-tagen\/#article","isPartOf":{"@id":"https:\/\/www.tui.com\/blog\/andalusien-rundreise-so-entdeckst-du-alle-highlights-suedspaniens-in-nur-11-tagen\/"},"author":{"name":"TUI Reiseexperten","@id":"https:\/\/www.tui.com\/blog\/#\/schema\/person\/e0405bcbd5102f3edd229113f1c50a06"},"headline":"Andalusien Rundreise: So entdeckst du alle Highlights S\u00fcdspaniens in nur 11 Tagen!","datePublished":"2019-09-27T11:00:43+00:00","dateModified":"2023-04-26T22:51:39+00:00","mainEntityOfPage":{"@id":"https:\/\/www.tui.com\/blog\/andalusien-rundreise-so-entdeckst-du-alle-highlights-suedspaniens-in-nur-11-tagen\/"},"wordCount":1647,"commentCount":0,"publisher":{"@id":"https:\/\/www.tui.com\/blog\/#organization"},"image":{"@id":"https:\/\/www.tui.com\/blog\/andalusien-rundreise-so-entdeckst-du-alle-highlights-suedspaniens-in-nur-11-tagen\/#primaryimage"},"thumbnailUrl":"https:\/\/www.tui.com\/blog\/wp-content\/uploads\/2023\/04\/spanien_andalusien_malaga_rundreise_abend.png","keywords":["Andalusien","Mietwagen","Rundreise","Spanien"],"articleSection":["Andere Reisearten","Reisearten","Reiseziele","Spanien"],"inLanguage":"de","potentialAction":[{"@type":"CommentAction","name":"Comment","target":["https:\/\/www.tui.com\/blog\/andalusien-rundreise-so-entdeckst-du-alle-highlights-suedspaniens-in-nur-11-tagen\/#respond"]}]},{"@type":"WebPage","@id":"https:\/\/www.tui.com\/blog\/andalusien-rundreise-so-entdeckst-du-alle-highlights-suedspaniens-in-nur-11-tagen\/","url":"https:\/\/www.tui.com\/blog\/andalusien-rundreise-so-entdeckst-du-alle-highlights-suedspaniens-in-nur-11-tagen\/","name":"Andalusien: Entdecke Highlights S\u00fcdspaniens - TUI.com Reiseblog \u2600","isPartOf":{"@id":"https:\/\/www.tui.com\/blog\/#website"},"primaryImageOfPage":{"@id":"https:\/\/www.tui.com\/blog\/andalusien-rundreise-so-entdeckst-du-alle-highlights-suedspaniens-in-nur-11-tagen\/#primaryimage"},"image":{"@id":"https:\/\/www.tui.com\/blog\/andalusien-rundreise-so-entdeckst-du-alle-highlights-suedspaniens-in-nur-11-tagen\/#primaryimage"},"thumbnailUrl":"https:\/\/www.tui.com\/blog\/wp-content\/uploads\/2023\/04\/spanien_andalusien_malaga_rundreise_abend.png","datePublished":"2019-09-27T11:00:43+00:00","dateModified":"2023-04-26T22:51:39+00:00","description":"Du kannst dich auf sonnenverw\u00f6hnte K\u00fcsten, feinsandige Str\u00e4nde und landschaftlichen Sch\u00f6nheiten wie die schneebedeckten Berge der Sierra Nevada freuen.","breadcrumb":{"@id":"https:\/\/www.tui.com\/blog\/andalusien-rundreise-so-entdeckst-du-alle-highlights-suedspaniens-in-nur-11-tagen\/#breadcrumb"},"inLanguage":"de","potentialAction":[{"@type":"ReadAction","target":["https:\/\/www.tui.com\/blog\/andalusien-rundreise-so-entdeckst-du-alle-highlights-suedspaniens-in-nur-11-tagen\/"]}]},{"@type":"ImageObject","inLanguage":"de","@id":"https:\/\/www.tui.com\/blog\/andalusien-rundreise-so-entdeckst-du-alle-highlights-suedspaniens-in-nur-11-tagen\/#primaryimage","url":"https:\/\/www.tui.com\/blog\/wp-content\/uploads\/2023\/04\/spanien_andalusien_malaga_rundreise_abend.png","contentUrl":"https:\/\/www.tui.com\/blog\/wp-content\/uploads\/2023\/04\/spanien_andalusien_malaga_rundreise_abend.png","width":845,"height":321,"caption":"Spanien Andalusien Malaga Rundreise"},{"@type":"BreadcrumbList","@id":"https:\/\/www.tui.com\/blog\/andalusien-rundreise-so-entdeckst-du-alle-highlights-suedspaniens-in-nur-11-tagen\/#breadcrumb","itemListElement":[{"@type":"ListItem","position":1,"name":"Startseite","item":"https:\/\/www.tui.com\/blog\/"},{"@type":"ListItem","position":2,"name":"Andalusien Rundreise: So entdeckst du alle Highlights S\u00fcdspaniens in nur 11 Tagen!"}]},{"@type":"WebSite","@id":"https:\/\/www.tui.com\/blog\/#website","url":"https:\/\/www.tui.com\/blog\/","name":"TUI.com Reiseblog \u2600","description":"Abenteuer oder lieber an den Strand? \u2600 Der TUI Reiseblog bietet tolle Infos rund um deine n\u00e4chste Reise \u2708 Komm vorbei und lass dich inspirieren \u221a","publisher":{"@id":"https:\/\/www.tui.com\/blog\/#organization"},"potentialAction":[{"@type":"SearchAction","target":{"@type":"EntryPoint","urlTemplate":"https:\/\/www.tui.com\/blog\/?s={search_term_string}"},"query-input":{"@type":"PropertyValueSpecification","valueRequired":true,"valueName":"search_term_string"}}],"inLanguage":"de"},{"@type":"Organization","@id":"https:\/\/www.tui.com\/blog\/#organization","name":"TUI.com Reiseblog \u2600","url":"https:\/\/www.tui.com\/blog\/","logo":{"@type":"ImageObject","inLanguage":"de","@id":"https:\/\/www.tui.com\/blog\/#\/schema\/logo\/image\/","url":"https:\/\/www.tui.com\/blog\/wp-content\/uploads\/2023\/04\/cropped-tui-logo-3.png","contentUrl":"https:\/\/www.tui.com\/blog\/wp-content\/uploads\/2023\/04\/cropped-tui-logo-3.png","width":164,"height":72,"caption":"TUI.com Reiseblog \u2600"},"image":{"@id":"https:\/\/www.tui.com\/blog\/#\/schema\/logo\/image\/"}},{"@type":"Person","@id":"https:\/\/www.tui.com\/blog\/#\/schema\/person\/e0405bcbd5102f3edd229113f1c50a06","name":"TUI Reiseexperten","image":{"@type":"ImageObject","inLanguage":"de","@id":"https:\/\/www.tui.com\/blog\/wp-content\/uploads\/2016\/10\/TUIMitarbeiter-178x176.jpg","url":"https:\/\/www.tui.com\/blog\/wp-content\/uploads\/2016\/10\/TUIMitarbeiter-178x176.jpg","contentUrl":"https:\/\/www.tui.com\/blog\/wp-content\/uploads\/2016\/10\/TUIMitarbeiter-178x176.jpg","caption":"TUI Reiseexperten"},"description":"TEST","url":"https:\/\/www.tui.com\/blog\/author\/tui-mitarbeiter\/"}]}},"_links":{"self":[{"href":"https:\/\/www.tui.com\/blog\/wp-json\/wp\/v2\/posts\/185436","targetHints":{"allow":["GET"]}}],"collection":[{"href":"https:\/\/www.tui.com\/blog\/wp-json\/wp\/v2\/posts"}],"about":[{"href":"https:\/\/www.tui.com\/blog\/wp-json\/wp\/v2\/types\/post"}],"author":[{"embeddable":true,"href":"https:\/\/www.tui.com\/blog\/wp-json\/wp\/v2\/users\/86"}],"replies":[{"embeddable":true,"href":"https:\/\/www.tui.com\/blog\/wp-json\/wp\/v2\/comments?post=185436"}],"version-history":[{"count":1,"href":"https:\/\/www.tui.com\/blog\/wp-json\/wp\/v2\/posts\/185436\/revisions"}],"predecessor-version":[{"id":185450,"href":"https:\/\/www.tui.com\/blog\/wp-json\/wp\/v2\/posts\/185436\/revisions\/185450"}],"wp:featuredmedia":[{"embeddable":true,"href":"https:\/\/www.tui.com\/blog\/wp-json\/wp\/v2\/media\/185452"}],"wp:attachment":[{"href":"https:\/\/www.tui.com\/blog\/wp-json\/wp\/v2\/media?parent=185436"}],"wp:term":[{"taxonomy":"category","embeddable":true,"href":"https:\/\/www.tui.com\/blog\/wp-json\/wp\/v2\/categories?post=185436"},{"taxonomy":"post_tag","embeddable":true,"href":"https:\/\/www.tui.com\/blog\/wp-json\/wp\/v2\/tags?post=185436"}],"curies":[{"name":"wp","href":"https:\/\/api.w.org\/{rel}","templated":true}]}}