{"id":187444,"date":"2020-09-04T10:00:11","date_gmt":"2020-09-04T08:00:11","guid":{"rendered":"https:\/\/blog.tui.info\/wir-zeigen-euch-5-gruende-warum-es-an-der-makarska-riviera-so-schoen-ist\/"},"modified":"2023-10-16T14:53:00","modified_gmt":"2023-10-16T12:53:00","slug":"wir-zeigen-euch-5-gruende-warum-es-an-der-makarska-riviera-so-schoen-ist","status":"publish","type":"post","link":"https:\/\/www.tui.com\/blog\/wir-zeigen-euch-5-gruende-warum-es-an-der-makarska-riviera-so-schoen-ist\/","title":{"rendered":"Wir zeigen euch 5 Gr\u00fcnde, warum es an der Makarska Riviera so sch\u00f6n ist!"},"content":{"rendered":"<p class=\"firstTextGrey\">Die Makarska Riviera s\u00fcdlich von Split z\u00e4hlt zu einer der sch\u00f6nsten und vielseitigsten Urlaubsregionen von <a href=\"https:\/\/www.tui.com\/pauschalreisen\/kroatien\/\" target=\"_blank\" rel=\"noopener noreferrer\">Kroatien<\/a>. TUI Kollegin Sabina nimmt euch heute mit an den bekannten K\u00fcstenabschnitt und erz\u00e4hlt euch warum.<\/p>\n\n\n<div class=\"wp-block-group\"><div class=\"wp-block-group__inner-container is-layout-flow wp-block-group-is-layout-flow\"><div class=\"wp-block-image is-style-rounded\">\n<figure class=\"aligncenter\"><img decoding=\"async\" width=\"760\" height=\"420\" src=\"https:\/\/www.tui.com\/blog\/wp-content\/uploads\/2023\/04\/makarska-riviera.jpg\" alt=\"\" class=\"wp-image-61902\"\/><\/figure>\n<\/div><\/div><\/div>\n\n\n\n<h2 class=\"wp-block-heading\">1. Die Anreise \u00fcber Split <\/h2>\n\n\n\n<p class=\"has-drop-cap\">Was f\u00fcr eine charmante Stadt und einmalige Kombination aus <strong>Geschichte und pulsierendem Leben<\/strong>. Die Stadt liegt am Meer und die sch\u00f6ne Uferpromenade lockt mit unz\u00e4hligen Caf\u00e9s und Restaurants. Von hier aus k\u00f6nnt ihr die F\u00e4hren, die kleinen Segelboote und gro\u00dfen Kreuzfahrtschiffe beobachten. Nur wenige Schritte sind es in die <strong>faszinierende Altstadt,<\/strong> hinter den Mauern eines alten r\u00f6mischen Kaiserpalastes. <\/p>\n\n\n<p class=\"quote\">Taucht ein in ein pittoreskes Gewirr aus alten G\u00e4sschen voller Leben.<\/p>\n\n\n<p><strong>Jede Biegung er\u00f6ffnet eine neue \u00dcberraschung:<\/strong> eine kleine Boutique, ein h\u00fcbsches Restaurant, einen lauschigen Innenhof oder eine historische Sehensw\u00fcrdigkeit wie die pr\u00e4chtige Kathedrale.<\/p>\n\n\n\n<p>\u25baGut machbar auch mit <a rel=\"noreferrer noopener\" href=\"https:\/\/www.tui.com\/flug\/\" target=\"_blank\">Flug nach Split<\/a> und weiter mit dem <a rel=\"noreferrer noopener\" href=\"https:\/\/www.tui.com\/mietwagen\/\" target=\"_blank\">Mietwagen<\/a><\/p>\n\n\n\n<figure class=\"wp-block-gallery aligncenter has-nested-images columns-default is-cropped wp-block-gallery-1 is-layout-flex wp-block-gallery-is-layout-flex\">\n<figure class=\"wp-block-image size-large\"><img decoding=\"async\" width=\"760\" height=\"420\" data-id=\"62743\" src=\"https:\/\/www.tui.com\/blog\/wp-content\/uploads\/2020\/09\/split.jpg\" alt=\"Die sch\u00f6ne Stadt Split in Kroatien\" class=\"wp-image-62743\"\/><figcaption class=\"wp-element-caption\">\u00dcber den D\u00e4chern von Split<\/figcaption><\/figure>\n<\/figure>\n\n\n<p class=\"quote\"><strong>Mein Tipp:<\/strong> Plant eine \u00dcbernachtung ein und genie\u00dft die Atmosph\u00e4re am Abend. Stimmungsvoll beleuchtet hat die Altstadt einen besonderen Zauber. Im Restaurant Bokeria gibt es moderne kroatische K\u00fcche. Danach ein Drink auf den Stufen des r\u00f6mischen Peristyls. In der Saison gibt es hier oft Live Musik.<\/p>\n\n\n<p>\u2b50<strong>Hoteltipp: <\/strong><a href=\"https:\/\/www.tui.com\/hotels\/cornaro-hotel-420370\/hotelinformation\/\" target=\"_blank\" rel=\"noreferrer noopener\">Hotel Cornaro****<\/a> &#8211; nur wenige Schritte zur Altstadt und mit Rooftop Bar &amp; Whirlpool<\/p>\n\n\n\n<h2 class=\"wp-block-heading\">2. Die fantastische Szenerie<\/h2>\n\n\n\n<p class=\"has-drop-cap\">Die Landschaft der <span class=\"has-inline-color has-vivid-cyan-blue-color\">Makarska Riviera<\/span> ist einzigartig. Eine ca. 50 Kilometer lange K\u00fcste mit<strong> wundersch\u00f6nen Buchten &#8211; saftgr\u00fcne Pinien, t\u00fcrkisblaues Wasser, h\u00fcbsche Ortschaften<\/strong> wie Brela, Ba\u0161ka Voda, Tu\u010depi oder Makarska. Dar\u00fcber ragt majest\u00e4tisch das \u00fcber 1.700 Meter hohe <strong>Biokovo-Gebirge.<\/strong> \u00dcbers Meer schaust du auf die Inseln Bra\u010d und Hvar. <strong>Top Fotomotive!<\/strong> <\/p>\n\n\n<p class=\"quote\"><strong data-rich-text-format-boundary=\"true\">Mein Tipp:<\/strong> Wandert zum 1.762 Meter hohen Gipfel Sveti Jure. Das ist steil und anstrengend, aber ihr werdet mit einem unglaublichen Ausblick auf die K\u00fcste, das Meer und die Inseln belohnt. Man kann auch mit dem Auto hochfahren, lohnenswerte Strecke!<\/p>\n\n\n<figure class=\"wp-block-gallery has-nested-images columns-default is-cropped wp-block-gallery-2 is-layout-flex wp-block-gallery-is-layout-flex\">\n<figure class=\"wp-block-image size-large\"><img decoding=\"async\" width=\"760\" height=\"420\" data-id=\"62741\" src=\"https:\/\/www.tui.com\/blog\/wp-content\/uploads\/2020\/09\/ausblick-makarska-riviera-szenerie.jpg\" alt=\"Makarska Riviera Szenerie\" class=\"wp-image-62741\"\/><figcaption class=\"wp-element-caption\">Traumhafter Blick auf die Makarska Riviera<\/figcaption><\/figure>\n<\/figure>\n\n\n\n<h2 class=\"wp-block-heading\">3. Die sch\u00f6nen Str\u00e4nde und Buchten  <\/h2>\n\n\n\n<h3 class=\"wp-block-heading\">  Der lange flach abfallende Strand von <strong>Tu\u010depi <\/strong><\/h3>\n\n\n\n<p>Mit schattenspendenden Pinien und Eisdielen an der langen Promenade perfekt f\u00fcr Familien. Und ganz leicht zug\u00e4nglich, auch f\u00fcr \u00c4ltere oder Menschen mit Handicap. Sehr gute Infrastruktur mit Duschen und Toiletten.<\/p>\n\n\n\n<p>\u2b50<strong>Hoteltipp:<\/strong> <a href=\"https:\/\/www.tui.com\/hotels\/bluesun-hotel-neptun-und-depandans-maslinik-17876\/hotelinformation\/\" target=\"_blank\" rel=\"noreferrer noopener\">Bluesun Hotel Neptun***+<\/a> \u2013 Familienhotel mit All inclusive<\/p>\n\n\n\n<figure class=\"wp-block-gallery has-nested-images columns-default is-cropped wp-block-gallery-3 is-layout-flex wp-block-gallery-is-layout-flex\">\n<figure class=\"wp-block-image size-large\"><img decoding=\"async\" width=\"760\" height=\"420\" data-id=\"62867\" src=\"https:\/\/www.tui.com\/blog\/wp-content\/uploads\/2020\/09\/kroatien-makarska-riviera-tucepi-shutterstock-opis-zagrep-klein.jpg\" alt=\"Kroatien Strand Tucepi\" class=\"wp-image-62867\"\/><figcaption class=\"wp-element-caption\">Strand von Tucepi an der Makarska Riviera\u00a9Shutterstock\/Opis Zagrep<\/figcaption><\/figure>\n<\/figure>\n\n\n\n<h3 class=\"wp-block-heading\"> Der malerisch gelegene Strand <strong>Nugal <\/strong><\/h3>\n\n\n\n<p>Plant hier einen Badestopp w\u00e4hrend einer leichten K\u00fcstenwanderung von Tu\u010depi nach Makarska oder umgekehrt ein. Wenn ihr die Badesachen vergessen habt, nicht schlimm \u2013 Nugal ist ein FKK Strand. Unterhalb eines eindrucksvollen Schatten Kliffs gelegen und mit altem Pinienbestand, ein kleines Paradies!<\/p>\n\n\n\n<figure class=\"wp-block-gallery has-nested-images columns-default is-cropped wp-block-gallery-4 is-layout-flex wp-block-gallery-is-layout-flex\">\n<figure class=\"wp-block-image size-large\"><img decoding=\"async\" width=\"760\" height=\"420\" data-id=\"62869\" src=\"https:\/\/www.tui.com\/blog\/wp-content\/uploads\/2020\/09\/kroatien-strand-von-nugal-shutterstock-maciej-czekajewski-klein.jpg\" alt=\"Kroatien FKK Strand Nugal\" class=\"wp-image-62869\"\/><figcaption class=\"wp-element-caption\">Strand von Nugal\u00a9Shutterstock\/Maciej Czekajewski<\/figcaption><\/figure>\n<\/figure>\n\n\n\n<h3 class=\"wp-block-heading\"> Der am meisten fotografierte Strand <strong>Punta Rata in Brela<\/strong><\/h3>\n\n\n\n<p>Die Pinie auf dem Felsen ist einfach zu sch\u00f6n. Baden aber auch, denn das Wasser ist glasklar, die Strandkiesel fein und der Meeresboden sandig.<\/p>\n\n\n\n<p>\u2b50<strong>Hoteltipp: <\/strong><a href=\"https:\/\/www.tui.com\/hotels\/bluesun-hotel-soline-21883\/hotelinformation\/\" target=\"_blank\" rel=\"noreferrer noopener\">Bluesun Hotel Soline***+<\/a> \u2013 neu renoviert in stylishem Design, perfekt f\u00fcr Paare<\/p>\n\n\n\n<figure class=\"wp-block-gallery has-nested-images columns-default is-cropped wp-block-gallery-5 is-layout-flex wp-block-gallery-is-layout-flex\">\n<figure class=\"wp-block-image size-large\"><img decoding=\"async\" width=\"760\" height=\"420\" data-id=\"62868\" src=\"https:\/\/www.tui.com\/blog\/wp-content\/uploads\/2020\/09\/kroatien-strand-punta-rata-in-brela-shutterstock-bildagentur-zoonar-gmbh-klein.jpg\" alt=\"Kroatien Makarska Riviera Punta Rata\" class=\"wp-image-62868\"\/><figcaption class=\"wp-element-caption\">Strand Punta Rata in Brela\u00a9Shutterstock\/Bildagentur Zoonar GmbH<\/figcaption><\/figure>\n<\/figure>\n\n\n\n<h3 class=\"wp-block-heading\"> Last but not least der <strong>Jadran Strand<\/strong><\/h3>\n\n\n\n<p>Einfach von Tu\u010depi weiter Richtung Makarska gehen. Nicht weit, aber abseits vom Trubel. Mit Zypressen-W\u00e4ldchen und Lounge-Bar f\u00fcr einen Latte Macchiato, einen Spritz oder auch einen leckeren Lunch. Hier nahm \u00fcbrigens in den 50er Jahren der Adria Tourismus in Kroatien seinen Anfang!<\/p>\n\n\n\n<p>\u2b50<strong>Hoteltipp: <\/strong><a href=\"https:\/\/www.tui.com\/hotels\/tui-blue-jadran-586340\/hotelinformation\/\" target=\"_blank\" rel=\"noreferrer noopener\">TUI BLUE Jadran****+<\/a> \u2013 Zimmer mit tollem Meerblick!<\/p>\n\n\n\n<h2 class=\"wp-block-heading\">4. Das K\u00fcstenrevier<\/h2>\n\n\n\n<p class=\"has-drop-cap\">Man kann an der <span class=\"has-inline-color has-vivid-purple-color\">Makarska Riviera <\/span>so herrlich und einfach mit dem Boot das Meer erleben! Aber nicht nur Segler sind hier auf dem Wasser. Mietet euch ein Tretboot und genie\u00dft den Blick auf K\u00fcste und Gebirge aus neuer Perspektive. Mit dem Motorboot (je nach Gr\u00f6\u00dfe Bootsf\u00fchrerschein notwendig) schafft man es locker r\u00fcber nach Bra\u010d f\u00fcr Badestopps in traumhaften Buchten. <\/p>\n\n\n\n<p>Zum Mittagessen gibt es frische Muscheln in der<a href=\"https:\/\/www.instagram.com\/explore\/locations\/308852224\/croatia\/povlja-splitsko-dalmatinska-croatia\/konoba-kala-povlja\/\" target=\"_blank\" rel=\"noreferrer noopener\"> Konoba Kala<\/a> in Povlja, direkt am Anleger. Wer mehr Budget hat, chartert eine Yacht mit Skipper. Und wer weniger ausgeben will, bucht einen organisierten Bootsausflug, zum Beispiel ein Fischpicknick ab Makarska.<\/p>\n\n\n\n<p>\u2b50<strong>Mein Hoteltipp: <\/strong><a href=\"https:\/\/www.tui.com\/hotels\/aparthotel-park-osejava-260245\/hotelinformation\/\" target=\"_blank\" rel=\"noreferrer noopener\">Aparthotel Osejava****<\/a> \u2013 klein und pers\u00f6nlich, mit Flair<\/p>\n\n\n\n<figure class=\"wp-block-gallery has-nested-images columns-default is-cropped wp-block-gallery-6 is-layout-flex wp-block-gallery-is-layout-flex\">\n<figure class=\"wp-block-image size-large\"><img decoding=\"async\" width=\"760\" height=\"420\" data-id=\"62742\" src=\"https:\/\/www.tui.com\/blog\/wp-content\/uploads\/2020\/09\/bootstour-makarska.jpg\" alt=\"Bootstour entlang der K\u00fcste an der Makarska Riviera\" class=\"wp-image-62742\"\/><figcaption class=\"wp-element-caption\">Bootstour entlang der K\u00fcste<\/figcaption><\/figure>\n<\/figure>\n\n\n\n<h2 class=\"wp-block-heading\">5. Die Insel Bra\u010d<\/h2>\n\n\n\n<p class=\"has-drop-cap\">Die Makarska Riviera kann man toll mit der<a href=\"https:\/\/www.tui.com\/hotels\/kroatien\/bol-insel-brac\/\" target=\"_blank\" rel=\"noreferrer noopener\"> Insel Bra\u010d<\/a> kombinieren, auch als Tagesausflug. Von Makarska nehmt ihr die F\u00e4hre nach Sumartin. Schon die Einfahrt in den Hafen bietet tolle Fotomotive. <strong>Stoppt in Selca:<\/strong> Gleich bei der Kirche aus typisch wei\u00dfen Bra\u010d-Sandstein findet Ihr die <a href=\"https:\/\/www.pinterest.de\/pin\/568720259175006841\/?amp_client_id=CLIENT_ID(_)&amp;mweb_unauth_id=&amp;from_amp_pin_page=true\" target=\"_blank\" rel=\"noreferrer noopener\">Brachia Olive Oil Experience.<\/a> Ein liebevoll eingerichteter Shop mit Oliven\u00f6l-Spezialit\u00e4ten von der Insel. <\/p>\n\n\n\n<p>Weiter zur h\u00f6chsten Erhebung von Bra\u010d, dem <strong>Vidova Gora<\/strong>.  Insta Spot wegen des einzigartigen Blicks auf den ber\u00fchmtesten Strand Kroatiens: <span class=\"has-inline-color has-vivid-purple-color\">Das Goldene Horn.<\/span> Da fahrt ihr nat\u00fcrlich auch hin, badet in den Wellen, schaut den Surfern zu (bester Surf Spot Kroatiens!) und bummelt durchs Inselhauptst\u00e4dtchen Bol.<\/p>\n\n\n<p class=\"quote\">Zum Sonnenuntergang dann ein Glas Stina Wein aus dem Weinkeller direkt am Hafen, \u017eiveli!<\/p>\n\n\n<p>\u2b50<strong>Mein Hoteltipp:<\/strong> <a href=\"https:\/\/www.tui.com\/hotels\/tui-suneo-supetar-1125668\/hotelinformation\/\">TUI SUNEO Supetar****<\/a>\u2013 direkt am Strand, neu renoviert und mit All inclusive <\/p>\n\n\n\n<figure class=\"wp-block-gallery has-nested-images columns-default is-cropped wp-block-gallery-7 is-layout-flex wp-block-gallery-is-layout-flex\">\n<figure class=\"wp-block-image size-large\"><img decoding=\"async\" width=\"760\" height=\"420\" data-id=\"61900\" src=\"https:\/\/www.tui.com\/blog\/wp-content\/uploads\/2020\/08\/Brac-Blick-vom-Vidova-Gora.jpg\" alt=\"Brac: Blick vom Vidova Gora\" class=\"wp-image-61900\"\/><figcaption class=\"wp-element-caption\">Insel Brac: Blick vom Vidova Gora<\/figcaption><\/figure>\n\n\n\n<figure class=\"wp-block-image size-large\"><img decoding=\"async\" width=\"760\" height=\"420\" data-id=\"62866\" src=\"https:\/\/www.tui.com\/blog\/wp-content\/uploads\/2020\/09\/kroatien-makarska-riviera-strand-goldenes-horn-insel-brac-shutterstock-artem-evokimov-klein.jpg\" alt=\"Kroatien Strand Goldenes Horn\" class=\"wp-image-62866\"\/><figcaption class=\"wp-element-caption\">Strand Goldenes Horn\u00a9Shutterstock\/Artem Evokimov<\/figcaption><\/figure>\n<\/figure>\n\n\n\n<h3 class=\"wp-block-heading\">Lust auf mehr Urlaubsinspiration Kroatien? <\/h3>\n\n\n\n<p>\u25baUrlaub in Kroatien mit Hund: <a href=\"https:\/\/www.tui.com\/blog\/urlaub-in-kroatien-mit-hund-unsere-besten-tipps-fuer-hundestraende-und-hotels\/\">Unsere besten Tipps f\u00fcr Hundestr\u00e4nde und Hotels<\/a><\/p>\n\n\n\n<p>\u25baWelcome back in Kroatien: <a href=\"https:\/\/www.tui.com\/blog\/so-gestaltet-sich-aktuell-der-urlaub-in-kroatien\">So gestaltet sich aktuell der Urlaub hier<\/a><\/p>\n\n\n\n<p>\u25baUrlaub mit Kindern in Kroatien: <a href=\"https:\/\/www.tui.com\/blog\/kroatien-urlaub-mit-kindern-unsere-top-empfehlungen-von-hotel-bis-strand\">Unsere TOP Empfehlungen von Hotel bis Strand<\/a><\/p>\n\n\n\n<p>\u25baStr\u00e4nde, Str\u00e4nde, Str\u00e4nde: <a href=\"https:\/\/www.tui.com\/blog\/die-10-schoensten-straende-kroatiens\/\">Die 10 sch\u00f6nsten Str\u00e4nde Kroatiens<\/a><\/p>\n","protected":false},"excerpt":{"rendered":"<p>Die Makarska Riviera s\u00fcdlich von Split z\u00e4hlt zu einer der sch\u00f6nsten und vielseitigsten Urlaubsregionen von Kroatien. TUI Kollegin Sabina nimmt euch heute mit an den bekannten K\u00fcstenabschnitt und erz\u00e4hlt euch warum.<\/p>\n","protected":false},"author":178,"featured_media":187466,"comment_status":"open","ping_status":"open","sticky":false,"template":"","format":"standard","meta":{"_acf_changed":false,"footnotes":""},"categories":[4052,4030,4056,4050],"tags":[2258,852,807,2216,1476],"class_list":["post-187444","post","type-post","status-publish","format-standard","has-post-thumbnail","hentry","category-archiv-reisearten","category-archiv-reiseziele","category-archiv-urlaub-am-meer","category-archiv-weitere-beliebte-reiseziele","tag-adria","tag-autoreisen","tag-kroatien","tag-makarska","tag-urlaubsinspiration"],"acf":[],"yoast_head":"<!-- This site is optimized with the Yoast SEO plugin v27.4 - https:\/\/yoast.com\/product\/yoast-seo-wordpress\/ -->\n<title>Wir zeigen euch 5 Gr\u00fcnde, warum es an der Makarska Riviera so sch\u00f6n ist! - TUI.com Reiseblog \u2600<\/title>\n<meta name=\"description\" content=\"Die Makarska Riviera z\u00e4hlt zu den sch\u00f6nsten Urlaubsregionen in Kroatien. TUI Kollegin Sabina erz\u00e4hlt euch mehr \u00fcber den K\u00fcstenabschnitt\" \/>\n<meta name=\"robots\" content=\"index, follow, max-snippet:-1, max-image-preview:large, max-video-preview:-1\" \/>\n<link rel=\"canonical\" href=\"https:\/\/www.tui.com\/blog\/wir-zeigen-euch-5-gruende-warum-es-an-der-makarska-riviera-so-schoen-ist\/\" \/>\n<meta property=\"og:locale\" content=\"de_DE\" \/>\n<meta property=\"og:type\" content=\"article\" \/>\n<meta property=\"og:title\" content=\"Wir zeigen euch 5 Gr\u00fcnde, warum es an der Makarska Riviera so sch\u00f6n ist! - TUI.com Reiseblog \u2600\" \/>\n<meta property=\"og:description\" content=\"Die Makarska Riviera z\u00e4hlt zu den sch\u00f6nsten Urlaubsregionen in Kroatien. TUI Kollegin Sabina erz\u00e4hlt euch mehr \u00fcber den K\u00fcstenabschnitt\" \/>\n<meta property=\"og:url\" content=\"https:\/\/www.tui.com\/blog\/wir-zeigen-euch-5-gruende-warum-es-an-der-makarska-riviera-so-schoen-ist\/\" \/>\n<meta property=\"og:site_name\" content=\"TUI.com Reiseblog \u2600\" \/>\n<meta property=\"article:published_time\" content=\"2020-09-04T08:00:11+00:00\" \/>\n<meta property=\"article:modified_time\" content=\"2023-10-16T12:53:00+00:00\" \/>\n<meta property=\"og:image\" content=\"https:\/\/www.tui.com\/blog\/wp-content\/uploads\/2023\/04\/makarska-riviera-featurebild.jpg\" \/>\n\t<meta property=\"og:image:width\" content=\"1400\" \/>\n\t<meta property=\"og:image:height\" content=\"788\" \/>\n\t<meta property=\"og:image:type\" content=\"image\/jpeg\" \/>\n<meta name=\"author\" content=\"TUI Bloggerin Sabina\" \/>\n<meta name=\"twitter:card\" content=\"summary_large_image\" \/>\n<meta name=\"twitter:label1\" content=\"Verfasst von\" \/>\n\t<meta name=\"twitter:data1\" content=\"TUI Bloggerin Sabina\" \/>\n\t<meta name=\"twitter:label2\" content=\"Gesch\u00e4tzte Lesezeit\" \/>\n\t<meta name=\"twitter:data2\" content=\"5\u00a0Minuten\" \/>\n<script type=\"application\/ld+json\" class=\"yoast-schema-graph\">{\"@context\":\"https:\\\/\\\/schema.org\",\"@graph\":[{\"@type\":\"BlogPosting\",\"@id\":\"https:\\\/\\\/www.tui.com\\\/blog\\\/wir-zeigen-euch-5-gruende-warum-es-an-der-makarska-riviera-so-schoen-ist\\\/#article\",\"isPartOf\":{\"@id\":\"https:\\\/\\\/www.tui.com\\\/blog\\\/wir-zeigen-euch-5-gruende-warum-es-an-der-makarska-riviera-so-schoen-ist\\\/\"},\"author\":{\"name\":\"TUI Bloggerin Sabina\",\"@id\":\"https:\\\/\\\/www.tui.com\\\/blog\\\/#\\\/schema\\\/person\\\/cbf1fe396c255260d83c8c23cbb339b9\"},\"headline\":\"Wir zeigen euch 5 Gr\u00fcnde, warum es an der Makarska Riviera so sch\u00f6n ist!\",\"datePublished\":\"2020-09-04T08:00:11+00:00\",\"dateModified\":\"2023-10-16T12:53:00+00:00\",\"mainEntityOfPage\":{\"@id\":\"https:\\\/\\\/www.tui.com\\\/blog\\\/wir-zeigen-euch-5-gruende-warum-es-an-der-makarska-riviera-so-schoen-ist\\\/\"},\"wordCount\":920,\"commentCount\":4,\"publisher\":{\"@id\":\"https:\\\/\\\/www.tui.com\\\/blog\\\/#organization\"},\"image\":{\"@id\":\"https:\\\/\\\/www.tui.com\\\/blog\\\/wir-zeigen-euch-5-gruende-warum-es-an-der-makarska-riviera-so-schoen-ist\\\/#primaryimage\"},\"thumbnailUrl\":\"https:\\\/\\\/www.tui.com\\\/blog\\\/wp-content\\\/uploads\\\/2023\\\/04\\\/makarska-riviera-featurebild.jpg\",\"keywords\":[\"Adria\",\"Autoreisen\",\"Kroatien\",\"Makarska\",\"Urlaubsinspiration\"],\"articleSection\":[\"Reisearten\",\"Reiseziele\",\"Urlaub am Meer\",\"weitere beliebte Reiseziele\"],\"inLanguage\":\"de\",\"potentialAction\":[{\"@type\":\"CommentAction\",\"name\":\"Comment\",\"target\":[\"https:\\\/\\\/www.tui.com\\\/blog\\\/wir-zeigen-euch-5-gruende-warum-es-an-der-makarska-riviera-so-schoen-ist\\\/#respond\"]}]},{\"@type\":\"WebPage\",\"@id\":\"https:\\\/\\\/www.tui.com\\\/blog\\\/wir-zeigen-euch-5-gruende-warum-es-an-der-makarska-riviera-so-schoen-ist\\\/\",\"url\":\"https:\\\/\\\/www.tui.com\\\/blog\\\/wir-zeigen-euch-5-gruende-warum-es-an-der-makarska-riviera-so-schoen-ist\\\/\",\"name\":\"Wir zeigen euch 5 Gr\u00fcnde, warum es an der Makarska Riviera so sch\u00f6n ist! - TUI.com Reiseblog \u2600\",\"isPartOf\":{\"@id\":\"https:\\\/\\\/www.tui.com\\\/blog\\\/#website\"},\"primaryImageOfPage\":{\"@id\":\"https:\\\/\\\/www.tui.com\\\/blog\\\/wir-zeigen-euch-5-gruende-warum-es-an-der-makarska-riviera-so-schoen-ist\\\/#primaryimage\"},\"image\":{\"@id\":\"https:\\\/\\\/www.tui.com\\\/blog\\\/wir-zeigen-euch-5-gruende-warum-es-an-der-makarska-riviera-so-schoen-ist\\\/#primaryimage\"},\"thumbnailUrl\":\"https:\\\/\\\/www.tui.com\\\/blog\\\/wp-content\\\/uploads\\\/2023\\\/04\\\/makarska-riviera-featurebild.jpg\",\"datePublished\":\"2020-09-04T08:00:11+00:00\",\"dateModified\":\"2023-10-16T12:53:00+00:00\",\"description\":\"Die Makarska Riviera z\u00e4hlt zu den sch\u00f6nsten Urlaubsregionen in Kroatien. TUI Kollegin Sabina erz\u00e4hlt euch mehr \u00fcber den K\u00fcstenabschnitt\",\"breadcrumb\":{\"@id\":\"https:\\\/\\\/www.tui.com\\\/blog\\\/wir-zeigen-euch-5-gruende-warum-es-an-der-makarska-riviera-so-schoen-ist\\\/#breadcrumb\"},\"inLanguage\":\"de\",\"potentialAction\":[{\"@type\":\"ReadAction\",\"target\":[\"https:\\\/\\\/www.tui.com\\\/blog\\\/wir-zeigen-euch-5-gruende-warum-es-an-der-makarska-riviera-so-schoen-ist\\\/\"]}]},{\"@type\":\"ImageObject\",\"inLanguage\":\"de\",\"@id\":\"https:\\\/\\\/www.tui.com\\\/blog\\\/wir-zeigen-euch-5-gruende-warum-es-an-der-makarska-riviera-so-schoen-ist\\\/#primaryimage\",\"url\":\"https:\\\/\\\/www.tui.com\\\/blog\\\/wp-content\\\/uploads\\\/2023\\\/04\\\/makarska-riviera-featurebild.jpg\",\"contentUrl\":\"https:\\\/\\\/www.tui.com\\\/blog\\\/wp-content\\\/uploads\\\/2023\\\/04\\\/makarska-riviera-featurebild.jpg\",\"width\":1400,\"height\":788,\"caption\":\"Makarska Riviera\"},{\"@type\":\"BreadcrumbList\",\"@id\":\"https:\\\/\\\/www.tui.com\\\/blog\\\/wir-zeigen-euch-5-gruende-warum-es-an-der-makarska-riviera-so-schoen-ist\\\/#breadcrumb\",\"itemListElement\":[{\"@type\":\"ListItem\",\"position\":1,\"name\":\"Startseite\",\"item\":\"https:\\\/\\\/www.tui.com\\\/blog\\\/\"},{\"@type\":\"ListItem\",\"position\":2,\"name\":\"Wir zeigen euch 5 Gr\u00fcnde, warum es an der Makarska Riviera so sch\u00f6n ist!\"}]},{\"@type\":\"WebSite\",\"@id\":\"https:\\\/\\\/www.tui.com\\\/blog\\\/#website\",\"url\":\"https:\\\/\\\/www.tui.com\\\/blog\\\/\",\"name\":\"TUI.com Reiseblog \u2600\",\"description\":\"Abenteuer oder lieber an den Strand? \u2600 Der TUI Reiseblog bietet tolle Infos rund um deine n\u00e4chste Reise \u2708 Komm vorbei und lass dich inspirieren \u221a\",\"publisher\":{\"@id\":\"https:\\\/\\\/www.tui.com\\\/blog\\\/#organization\"},\"potentialAction\":[{\"@type\":\"SearchAction\",\"target\":{\"@type\":\"EntryPoint\",\"urlTemplate\":\"https:\\\/\\\/www.tui.com\\\/blog\\\/?s={search_term_string}\"},\"query-input\":{\"@type\":\"PropertyValueSpecification\",\"valueRequired\":true,\"valueName\":\"search_term_string\"}}],\"inLanguage\":\"de\"},{\"@type\":\"Organization\",\"@id\":\"https:\\\/\\\/www.tui.com\\\/blog\\\/#organization\",\"name\":\"TUI.com Reiseblog \u2600\",\"url\":\"https:\\\/\\\/www.tui.com\\\/blog\\\/\",\"logo\":{\"@type\":\"ImageObject\",\"inLanguage\":\"de\",\"@id\":\"https:\\\/\\\/www.tui.com\\\/blog\\\/#\\\/schema\\\/logo\\\/image\\\/\",\"url\":\"https:\\\/\\\/www.tui.com\\\/blog\\\/wp-content\\\/uploads\\\/2023\\\/04\\\/cropped-tui-logo-3.png\",\"contentUrl\":\"https:\\\/\\\/www.tui.com\\\/blog\\\/wp-content\\\/uploads\\\/2023\\\/04\\\/cropped-tui-logo-3.png\",\"width\":164,\"height\":72,\"caption\":\"TUI.com Reiseblog \u2600\"},\"image\":{\"@id\":\"https:\\\/\\\/www.tui.com\\\/blog\\\/#\\\/schema\\\/logo\\\/image\\\/\"}},{\"@type\":\"Person\",\"@id\":\"https:\\\/\\\/www.tui.com\\\/blog\\\/#\\\/schema\\\/person\\\/cbf1fe396c255260d83c8c23cbb339b9\",\"name\":\"TUI Bloggerin Sabina\",\"image\":{\"@type\":\"ImageObject\",\"inLanguage\":\"de\",\"@id\":\"https:\\\/\\\/www.tui.com\\\/blog\\\/wp-content\\\/uploads\\\/2023\\\/07\\\/sabina-wittmann-profilbild-klein-96x96.jpg\",\"url\":\"https:\\\/\\\/www.tui.com\\\/blog\\\/wp-content\\\/uploads\\\/2023\\\/07\\\/sabina-wittmann-profilbild-klein-96x96.jpg\",\"contentUrl\":\"https:\\\/\\\/www.tui.com\\\/blog\\\/wp-content\\\/uploads\\\/2023\\\/07\\\/sabina-wittmann-profilbild-klein-96x96.jpg\",\"caption\":\"TUI Bloggerin Sabina\"},\"url\":\"https:\\\/\\\/www.tui.com\\\/blog\\\/author\\\/tui-bloggerin-sabina\\\/\"}]}<\/script>\n<!-- \/ Yoast SEO plugin. -->","yoast_head_json":{"title":"Wir zeigen euch 5 Gr\u00fcnde, warum es an der Makarska Riviera so sch\u00f6n ist! - TUI.com Reiseblog \u2600","description":"Die Makarska Riviera z\u00e4hlt zu den sch\u00f6nsten Urlaubsregionen in Kroatien. TUI Kollegin Sabina erz\u00e4hlt euch mehr \u00fcber den K\u00fcstenabschnitt","robots":{"index":"index","follow":"follow","max-snippet":"max-snippet:-1","max-image-preview":"max-image-preview:large","max-video-preview":"max-video-preview:-1"},"canonical":"https:\/\/www.tui.com\/blog\/wir-zeigen-euch-5-gruende-warum-es-an-der-makarska-riviera-so-schoen-ist\/","og_locale":"de_DE","og_type":"article","og_title":"Wir zeigen euch 5 Gr\u00fcnde, warum es an der Makarska Riviera so sch\u00f6n ist! - TUI.com Reiseblog \u2600","og_description":"Die Makarska Riviera z\u00e4hlt zu den sch\u00f6nsten Urlaubsregionen in Kroatien. TUI Kollegin Sabina erz\u00e4hlt euch mehr \u00fcber den K\u00fcstenabschnitt","og_url":"https:\/\/www.tui.com\/blog\/wir-zeigen-euch-5-gruende-warum-es-an-der-makarska-riviera-so-schoen-ist\/","og_site_name":"TUI.com Reiseblog \u2600","article_published_time":"2020-09-04T08:00:11+00:00","article_modified_time":"2023-10-16T12:53:00+00:00","og_image":[{"width":1400,"height":788,"url":"https:\/\/www.tui.com\/blog\/wp-content\/uploads\/2023\/04\/makarska-riviera-featurebild.jpg","type":"image\/jpeg"}],"author":"TUI Bloggerin Sabina","twitter_card":"summary_large_image","twitter_misc":{"Verfasst von":"TUI Bloggerin Sabina","Gesch\u00e4tzte Lesezeit":"5\u00a0Minuten"},"schema":{"@context":"https:\/\/schema.org","@graph":[{"@type":"BlogPosting","@id":"https:\/\/www.tui.com\/blog\/wir-zeigen-euch-5-gruende-warum-es-an-der-makarska-riviera-so-schoen-ist\/#article","isPartOf":{"@id":"https:\/\/www.tui.com\/blog\/wir-zeigen-euch-5-gruende-warum-es-an-der-makarska-riviera-so-schoen-ist\/"},"author":{"name":"TUI Bloggerin Sabina","@id":"https:\/\/www.tui.com\/blog\/#\/schema\/person\/cbf1fe396c255260d83c8c23cbb339b9"},"headline":"Wir zeigen euch 5 Gr\u00fcnde, warum es an der Makarska Riviera so sch\u00f6n ist!","datePublished":"2020-09-04T08:00:11+00:00","dateModified":"2023-10-16T12:53:00+00:00","mainEntityOfPage":{"@id":"https:\/\/www.tui.com\/blog\/wir-zeigen-euch-5-gruende-warum-es-an-der-makarska-riviera-so-schoen-ist\/"},"wordCount":920,"commentCount":4,"publisher":{"@id":"https:\/\/www.tui.com\/blog\/#organization"},"image":{"@id":"https:\/\/www.tui.com\/blog\/wir-zeigen-euch-5-gruende-warum-es-an-der-makarska-riviera-so-schoen-ist\/#primaryimage"},"thumbnailUrl":"https:\/\/www.tui.com\/blog\/wp-content\/uploads\/2023\/04\/makarska-riviera-featurebild.jpg","keywords":["Adria","Autoreisen","Kroatien","Makarska","Urlaubsinspiration"],"articleSection":["Reisearten","Reiseziele","Urlaub am Meer","weitere beliebte Reiseziele"],"inLanguage":"de","potentialAction":[{"@type":"CommentAction","name":"Comment","target":["https:\/\/www.tui.com\/blog\/wir-zeigen-euch-5-gruende-warum-es-an-der-makarska-riviera-so-schoen-ist\/#respond"]}]},{"@type":"WebPage","@id":"https:\/\/www.tui.com\/blog\/wir-zeigen-euch-5-gruende-warum-es-an-der-makarska-riviera-so-schoen-ist\/","url":"https:\/\/www.tui.com\/blog\/wir-zeigen-euch-5-gruende-warum-es-an-der-makarska-riviera-so-schoen-ist\/","name":"Wir zeigen euch 5 Gr\u00fcnde, warum es an der Makarska Riviera so sch\u00f6n ist! - TUI.com Reiseblog \u2600","isPartOf":{"@id":"https:\/\/www.tui.com\/blog\/#website"},"primaryImageOfPage":{"@id":"https:\/\/www.tui.com\/blog\/wir-zeigen-euch-5-gruende-warum-es-an-der-makarska-riviera-so-schoen-ist\/#primaryimage"},"image":{"@id":"https:\/\/www.tui.com\/blog\/wir-zeigen-euch-5-gruende-warum-es-an-der-makarska-riviera-so-schoen-ist\/#primaryimage"},"thumbnailUrl":"https:\/\/www.tui.com\/blog\/wp-content\/uploads\/2023\/04\/makarska-riviera-featurebild.jpg","datePublished":"2020-09-04T08:00:11+00:00","dateModified":"2023-10-16T12:53:00+00:00","description":"Die Makarska Riviera z\u00e4hlt zu den sch\u00f6nsten Urlaubsregionen in Kroatien. TUI Kollegin Sabina erz\u00e4hlt euch mehr \u00fcber den K\u00fcstenabschnitt","breadcrumb":{"@id":"https:\/\/www.tui.com\/blog\/wir-zeigen-euch-5-gruende-warum-es-an-der-makarska-riviera-so-schoen-ist\/#breadcrumb"},"inLanguage":"de","potentialAction":[{"@type":"ReadAction","target":["https:\/\/www.tui.com\/blog\/wir-zeigen-euch-5-gruende-warum-es-an-der-makarska-riviera-so-schoen-ist\/"]}]},{"@type":"ImageObject","inLanguage":"de","@id":"https:\/\/www.tui.com\/blog\/wir-zeigen-euch-5-gruende-warum-es-an-der-makarska-riviera-so-schoen-ist\/#primaryimage","url":"https:\/\/www.tui.com\/blog\/wp-content\/uploads\/2023\/04\/makarska-riviera-featurebild.jpg","contentUrl":"https:\/\/www.tui.com\/blog\/wp-content\/uploads\/2023\/04\/makarska-riviera-featurebild.jpg","width":1400,"height":788,"caption":"Makarska Riviera"},{"@type":"BreadcrumbList","@id":"https:\/\/www.tui.com\/blog\/wir-zeigen-euch-5-gruende-warum-es-an-der-makarska-riviera-so-schoen-ist\/#breadcrumb","itemListElement":[{"@type":"ListItem","position":1,"name":"Startseite","item":"https:\/\/www.tui.com\/blog\/"},{"@type":"ListItem","position":2,"name":"Wir zeigen euch 5 Gr\u00fcnde, warum es an der Makarska Riviera so sch\u00f6n ist!"}]},{"@type":"WebSite","@id":"https:\/\/www.tui.com\/blog\/#website","url":"https:\/\/www.tui.com\/blog\/","name":"TUI.com Reiseblog \u2600","description":"Abenteuer oder lieber an den Strand? \u2600 Der TUI Reiseblog bietet tolle Infos rund um deine n\u00e4chste Reise \u2708 Komm vorbei und lass dich inspirieren \u221a","publisher":{"@id":"https:\/\/www.tui.com\/blog\/#organization"},"potentialAction":[{"@type":"SearchAction","target":{"@type":"EntryPoint","urlTemplate":"https:\/\/www.tui.com\/blog\/?s={search_term_string}"},"query-input":{"@type":"PropertyValueSpecification","valueRequired":true,"valueName":"search_term_string"}}],"inLanguage":"de"},{"@type":"Organization","@id":"https:\/\/www.tui.com\/blog\/#organization","name":"TUI.com Reiseblog \u2600","url":"https:\/\/www.tui.com\/blog\/","logo":{"@type":"ImageObject","inLanguage":"de","@id":"https:\/\/www.tui.com\/blog\/#\/schema\/logo\/image\/","url":"https:\/\/www.tui.com\/blog\/wp-content\/uploads\/2023\/04\/cropped-tui-logo-3.png","contentUrl":"https:\/\/www.tui.com\/blog\/wp-content\/uploads\/2023\/04\/cropped-tui-logo-3.png","width":164,"height":72,"caption":"TUI.com Reiseblog \u2600"},"image":{"@id":"https:\/\/www.tui.com\/blog\/#\/schema\/logo\/image\/"}},{"@type":"Person","@id":"https:\/\/www.tui.com\/blog\/#\/schema\/person\/cbf1fe396c255260d83c8c23cbb339b9","name":"TUI Bloggerin Sabina","image":{"@type":"ImageObject","inLanguage":"de","@id":"https:\/\/www.tui.com\/blog\/wp-content\/uploads\/2023\/07\/sabina-wittmann-profilbild-klein-96x96.jpg","url":"https:\/\/www.tui.com\/blog\/wp-content\/uploads\/2023\/07\/sabina-wittmann-profilbild-klein-96x96.jpg","contentUrl":"https:\/\/www.tui.com\/blog\/wp-content\/uploads\/2023\/07\/sabina-wittmann-profilbild-klein-96x96.jpg","caption":"TUI Bloggerin Sabina"},"url":"https:\/\/www.tui.com\/blog\/author\/tui-bloggerin-sabina\/"}]}},"_links":{"self":[{"href":"https:\/\/www.tui.com\/blog\/wp-json\/wp\/v2\/posts\/187444","targetHints":{"allow":["GET"]}}],"collection":[{"href":"https:\/\/www.tui.com\/blog\/wp-json\/wp\/v2\/posts"}],"about":[{"href":"https:\/\/www.tui.com\/blog\/wp-json\/wp\/v2\/types\/post"}],"author":[{"embeddable":true,"href":"https:\/\/www.tui.com\/blog\/wp-json\/wp\/v2\/users\/178"}],"replies":[{"embeddable":true,"href":"https:\/\/www.tui.com\/blog\/wp-json\/wp\/v2\/comments?post=187444"}],"version-history":[{"count":2,"href":"https:\/\/www.tui.com\/blog\/wp-json\/wp\/v2\/posts\/187444\/revisions"}],"predecessor-version":[{"id":413512,"href":"https:\/\/www.tui.com\/blog\/wp-json\/wp\/v2\/posts\/187444\/revisions\/413512"}],"wp:featuredmedia":[{"embeddable":true,"href":"https:\/\/www.tui.com\/blog\/wp-json\/wp\/v2\/media\/187466"}],"wp:attachment":[{"href":"https:\/\/www.tui.com\/blog\/wp-json\/wp\/v2\/media?parent=187444"}],"wp:term":[{"taxonomy":"category","embeddable":true,"href":"https:\/\/www.tui.com\/blog\/wp-json\/wp\/v2\/categories?post=187444"},{"taxonomy":"post_tag","embeddable":true,"href":"https:\/\/www.tui.com\/blog\/wp-json\/wp\/v2\/tags?post=187444"}],"curies":[{"name":"wp","href":"https:\/\/api.w.org\/{rel}","templated":true}]}}