{"id":187564,"date":"2020-08-13T11:53:39","date_gmt":"2020-08-13T09:53:39","guid":{"rendered":"https:\/\/blog.tui.info\/blumenfest-madeira-4-gruende-warum-du-das-highlight-nicht-verpassen-solltest\/"},"modified":"2023-04-27T00:52:40","modified_gmt":"2023-04-26T22:52:40","slug":"blumenfest-madeira-4-gruende-warum-du-das-highlight-nicht-verpassen-solltest","status":"publish","type":"post","link":"https:\/\/www.tui.com\/blog\/blumenfest-madeira-4-gruende-warum-du-das-highlight-nicht-verpassen-solltest\/","title":{"rendered":"Blumenfest Madeira 2020: 4 Gr\u00fcnde, warum du das Highlight nicht verpassen solltest"},"content":{"rendered":"<p class=\"firstTextGrey\">Jedes Jahr, am zweiten Wochenende nach Ostern, feiern die Madeirenser die &#8222;Festa da Flor&#8220;, das Blumenfest in der Inselhauptstadt Funchal. Dieses ist die Ehrerbietung an den Fr\u00fchling. In diesem Jahr ist alles anders und es bietet sich die einmalige Gelegenheit das eindrucksvolle Fest mit einer ganz anderen prachtvollen Flora \u2013 diesmal im September \u2013 zu genie\u00dfen. Marie m\u00f6chte dich an diesem unvergesslichen Erlebnis f\u00fcr alle Sinne schon mal im Vorhinein teilhaben lassen und zeigt Gr\u00fcnde, warum auch du das Blumenfest Madeira 2020 besuchen solltest.<\/p>\n\n\n<figure class=\"wp-block-gallery columns-1 is-cropped wp-block-gallery-1 is-layout-flex wp-block-gallery-is-layout-flex\"><ul class=\"blocks-gallery-grid\"><li class=\"blocks-gallery-item\"><figure><img decoding=\"async\" width=\"760\" height=\"420\" src=\"https:\/\/www.tui.com\/blog\/wp-content\/uploads\/2023\/04\/botanischer-garten-madeira-travel-faery.jpg\" alt=\"Blumeninsel Madeira\" data-id=\"61966\" data-full-url=\"https:\/\/www.tui.com\/blog\/wp-content\/uploads\/2023\/04\/botanischer-garten-madeira-travel-faery.jpg\" data-link=\"https:\/\/www.tui.com\/blog\/?attachment_id=61966\" class=\"wp-image-61966\"\/><figcaption class=\"blocks-gallery-item__caption\">Die Blumeninsel Madeira: Hier der Botanische Garten Monte in Funchal (Shutterstock\/Travel Faery)<\/figcaption><\/figure><\/li><\/ul><\/figure>\n\n\n\n<blockquote class=\"right\">\n<h2 class=\"hotelName modType23b\">TUI Hoteltipp: TUI BLUE Madeira Gardens<\/h2>\n<a href=\"https:\/\/www.tui.com\/hotels\/tui-blue-madeira-gardens-2208\/hotelinformation\/\" target=\"_blank\" rel=\"noopener noreferrer\"><\/a>\n\nDas wundersch\u00f6ne 4-Sterne-Hotel TUI BLUE Madeira Gardens in Funchal  fasziniert mit fantastischem Meerblick! Willkommen sind Erwachsene ab 16 Jahren. Es sind nur 500 Meter zur beliebten K\u00fcstenpromenade &#8222;Lido&#8220;.\n<br>\n\u25ba <a href=\"https:\/\/www.tui.com\/hotels\/tui-blue-madeira-gardens-2208\/hotelinformation\/\" target=\"_blank\" rel=\"noopener noreferrer\">Mehr Infos zum Hotel<\/a>\n<br>\n\u25ba <a href=\"https:\/\/www.tui.com\/blog\/die-top-10-besten-madeira-hotels\/\" target=\"_blank\" rel=\"noopener noreferrer\">Die TOP 10 besten Madeira Hotels gibt es hier<\/a><\/blockquote>\n\n\n\n<p>In diesem Jahr ist alles anders. Viele Events, auf die man sich schon lange gefreut hat, wurden abgesagt. F\u00fcr das Blumenfest <a aria-label=\"undefined (opens in a new tab)\" href=\"https:\/\/www.tui.com\/pauschalreisen\/portugal\/madeira\/\" target=\"_blank\" rel=\"noreferrer noopener\">Madeira<\/a> 2020 gilt das tollerweise nicht. Es wurde nur verschoben! Normalerweise feiern die Madeirenser die &#8222;Festa da Flor&#8220; im Fr\u00fchling. Doch aufgrund von Corona wurde es in den September gelegt, genauer gesagt auf den Zeitraum 03. bis 27. September 2020, mit der Blumenparade am 06. September.<\/p>\n\n\n\n<p>Ich werde definitiv an diesem gro\u00dfartigen Event teilnehmen. Und das solltest du auch! Hier 4 Gr\u00fcnde, warum:<\/p>\n\n\n\n<h2 class=\"wp-block-heading\">  Grund 1: Das perfekte Klima \u2013 f\u00fcr mich und die Natur<\/h2>\n\n\n\n<p>Madeira, auch als Blumeninsel&nbsp;oder Insel des ewigen Fr\u00fchlings&nbsp;bekannt, besticht das ganze Jahr \u00fcber mit seiner Bl\u00fctenpracht und dem milden Klima. Egal, ob im Fr\u00fchjahr oder im Herbst, die angenehmen Temperaturen \u00fcberzeugen mich zu jeder Zeit, eine Reise nach Madeira anzutreten. <\/p>\n\n\n<p class=\"quote\">Durch die einzigartigen Klimabedingungen bl\u00fchen auf Madeira Pflanzenarten sowohl aus tropischen als auch aus k\u00e4lteren Regionen.<\/p>\n\n\n<figure class=\"wp-block-gallery columns-2 is-cropped wp-block-gallery-2 is-layout-flex wp-block-gallery-is-layout-flex\"><ul class=\"blocks-gallery-grid\"><li class=\"blocks-gallery-item\"><figure><img decoding=\"async\" width=\"1000\" height=\"600\" src=\"https:\/\/www.tui.com\/blog\/wp-content\/uploads\/2023\/04\/Last-Christmas-Madeira.png\" alt=\"\" data-id=\"59683\" data-full-url=\"https:\/\/www.tui.com\/blog\/wp-content\/uploads\/2023\/04\/Last-Christmas-Madeira.png\" data-link=\"https:\/\/www.tui.com\/blog\/?attachment_id=59683\" class=\"wp-image-59683\"\/><\/figure><\/li><li class=\"blocks-gallery-item\"><figure><img decoding=\"async\" width=\"844\" height=\"563\" src=\"https:\/\/www.tui.com\/blog\/wp-content\/uploads\/2023\/04\/reiseziele-2017-madeira-844x563.jpg\" alt=\"Reiseziele 2017: Madeira\" data-id=\"29119\" data-full-url=\"https:\/\/www.tui.com\/blog\/wp-content\/uploads\/2023\/04\/reiseziele-2017-madeira.jpg\" data-link=\"https:\/\/www.tui.com\/blog\/die-top-10-reiseziele-2017\/strelitzia-blooming-on-madeira-portugal\/\" class=\"wp-image-29119\"\/><\/figure><\/li><\/ul><\/figure>\n\n\n\n<p>So wird die Insel zum <strong>Schauplatz einer unbeschreiblichen Pracht<\/strong> von Pflanzen aus aller Welt auf kleinstem Raum. Selbst, wenn du dich bislang nicht f\u00fcr Blumen begeistern konntest, ist dieses Schauspiel ein Gaumenschmaus f\u00fcr die Augen und transportiert eine seines gleichen suchende Lebensfreude. F\u00fcr mich ein Muss!<\/p>\n\n\n\n<h2 class=\"wp-block-heading\">  Grund 2: Das traditionelle Fest mit anderer Flora im Herbst<\/h2>\n\n\n\n<p>Die ganze<strong>&nbsp;Inselhauptstadt Funchal <\/strong>ist w\u00e4hrend der Zeit des Festes \u00fcber und \u00fcber mit Blumen geschm\u00fcckt. Dadurch verbreitet sich ein wohltuendes Meer von Farben und D\u00fcften auf der ganzen Insel. <\/p>\n\n\n<p class=\"quote\">Da sich die gr\u00f6\u00dfte Bl\u00fctenpracht im Fr\u00fchling und im Herbst entfaltet, sind dies auch die beiden perfekten Zeitpunkte f\u00fcr das Blumenfest.<\/p>\n\n\n<figure class=\"wp-block-gallery columns-1 is-cropped wp-block-gallery-3 is-layout-flex wp-block-gallery-is-layout-flex\"><ul class=\"blocks-gallery-grid\"><li class=\"blocks-gallery-item\"><figure><img decoding=\"async\" width=\"760\" height=\"420\" src=\"https:\/\/www.tui.com\/blog\/wp-content\/uploads\/2023\/04\/blumen-auf-dem-blumenfest-madeira-shutterstock-mala-iryna.jpg\" alt=\"Blumen auf dem Blumenfestival\" data-id=\"61968\" data-full-url=\"https:\/\/www.tui.com\/blog\/wp-content\/uploads\/2023\/04\/blumen-auf-dem-blumenfest-madeira-shutterstock-mala-iryna.jpg\" data-link=\"https:\/\/www.tui.com\/blog\/?attachment_id=61968\" class=\"wp-image-61968\"\/><figcaption class=\"blocks-gallery-item__caption\">Blumenstr\u00e4u\u00dfe schm\u00fccken die Stra\u00dfen und Pl\u00e4tze der Hauptstadt Funchal (Shutterstock\/Mala Iryna)<\/figcaption><\/figure><\/li><\/ul><\/figure>\n\n\n\n<p>Daher ergibt die Verschiebung des Festes in den September durchaus Sinn. <strong>Etwa 16% der Pflanzen sind endemisch<\/strong>, sie sind also urspr\u00fcnglich auf der Insel und nirgendwo sonst auf der Welt zu finden. Die restlichen tropischen und subtropischen Pflanzen brachten vor allem Kaufleute im 18. Jahrhundert auf die Insel. Heute z\u00e4hlt man <strong>\u00fcber 760 Pflanzenarten<\/strong>, die aus ca. 112 verschiedenen Pflanzenfamilien entstammen. <\/p>\n\n\n\n<p><strong>So kommt es, dass man das ganze Jahr etwas bestaunen kann: <\/strong><\/p>\n\n\n\n<p>  Im Mai bl\u00fchen die Jacaranda-B\u00e4ume zart lila, Hortensien bl\u00fchen auf, wie auch Korallenb\u00e4ume, L\u00f6wenohr, der australische Flammenbaum und das Indische Blumenrohr. <\/p>\n\n\n\n<p>  Im Herbst bekommt man dann mit den brasilianischen Kapokb\u00e4umen, der Belladonna-Lilie, dem Florett Seidenbaum, der Japanischen Mispel und der Madeira G\u00e4nsedistel etwas ganz anderes f\u00fcrs Auge geboten. <\/p>\n\n\n\n<p>  Ganzj\u00e4hrig bl\u00fchende Pflanzen sind zum Beispiel Orchideen, Bougainvillea, Hibiskus, Flamingoblume, Strelitzie und Ballonrebe. <\/p>\n\n\n\n<p>Das Blumenfest Madeira 2020 wird also alleine dadurch schon etwas ganz besonderes werden, weil sich zus\u00e4tzlich mal ein paar ganz neue Pflanzen pr\u00e4sentieren d\u00fcrfen! F\u00fcr mich ist das bereits ein Highlight, dass ich mir nicht entgehen lassen kann!<\/p>\n\n\n\n<h2 class=\"wp-block-heading\">  Grund 3: Mit den Einwohnern feiern<\/h2>\n\n\n\n<p>H\u00f6hepunkte der \u00fcber zwei Wochen andauernden Feierlichkeiten sind der Kinderumzug mit der &#8222;Mauer der Hoffnung&#8220; und nat\u00fcrlich der gro\u00dfe Blumenkorso.<\/p>\n\n\n\n<figure class=\"wp-block-gallery columns-1 is-cropped wp-block-gallery-4 is-layout-flex wp-block-gallery-is-layout-flex\"><ul class=\"blocks-gallery-grid\"><li class=\"blocks-gallery-item\"><figure><img decoding=\"async\" width=\"760\" height=\"420\" src=\"https:\/\/www.tui.com\/blog\/wp-content\/uploads\/2023\/04\/blumenfest-madeira-2020-traditioneller-tanz-shutterstock-cicero-castro.jpg\" alt=\"Blumenfest Madeira 2020 Tanz\" data-id=\"61965\" data-full-url=\"https:\/\/www.tui.com\/blog\/wp-content\/uploads\/2023\/04\/blumenfest-madeira-2020-traditioneller-tanz-shutterstock-cicero-castro.jpg\" data-link=\"https:\/\/www.tui.com\/blog\/?attachment_id=61965\" class=\"wp-image-61965\"\/><figcaption class=\"blocks-gallery-item__caption\">Beim Blumenfest wird viel getanzt, u.a. auch der traditionelle Tanz der Insel, &#8222;Bailinho da Madeira&#8220;. (Shutterstock\/Cicero Castro)<\/figcaption><\/figure><\/li><\/ul><\/figure>\n\n\n\n<blockquote class=\"right\">\n<h2 class=\"hotelName modType23b\">Aktuelle Reiseinfos Portugal &#038; Madeira *Stand: 13. August 2020*<\/h2>\n\n*In der Autonomen Region Madeira gilt die Maskenpflicht seit dem 1. August 2020 auch im Freien.\n<br>\n<br>\n*Vor oder bei Einreise nach Madeira muss eine Gesundheitserkl\u00e4rung abgegeben werden. Das Formular wird von den Fluggesellschaften und von der Regionalregierung als Online-Formular f\u00fcr Madeira zur Verf\u00fcgung gestellt.\n<br>\n<br>\n*Bei Einreise nach Madeira muss entweder bei Einreise ein negativer COVID-19-Test vorgelegt werden, der nicht l\u00e4nger als 72 Stunden vor Abflug durchgef\u00fchrt wurde. Alternativ k\u00f6nnen Reisende bei Einreise einen kostenfreien COVID-19-Test durchf\u00fchren lassen, dessen Ergebnis in der Regel innerhalb von 12 Stunden vorliegt. Eine Selbstisolation im Hotel bis zum Erhalt des Testergebnisses wird von den Gesundheitsbeh\u00f6rden vorgeschrieben.\n<br>\n<br>\n\u25ba <a href=\"https:\/\/www.tui-info.de\/ICAT\/pdf\/country\/pdf\/entry\/1\/id\/PRT\" target=\"_blank\" rel=\"noopener noreferrer\">Aktuelle Einreisebestimmungen gibt es hier<\/a>\n<br>\n\u25ba <a href=\"https:\/\/www.tui.com\/blog\/welcome-back-wir-fliegen-wieder-portugal-bereitet-sich-auf-den-saisonstart-nach-corona-vor\/\" target=\"_blank\" rel=\"noopener noreferrer\">Welcome Back &#8211; wir fliegen wieder nach Portugal\n<br><\/a><\/blockquote>\n\n\n\n<p><strong>Mauer aus Blumen\u00a0&#8211; Samstag\u00a0&#8211; 5. September<\/strong><br><br>Am Samstagmorgen findet der Kinderumzug statt. Hier laufen tausende Kinder in blumiger Festkleidung, begleitet von Musik, bis zum Platz \u201ePra\u00e7a do Munic\u00edpio\u201c, um dort eine wundersch\u00f6ne Mauer aus Blumen zu errichten. Symbolisch wird sie als \u201eMauer der Hoffnung\u201c (Muro da Esperan\u00e7a) bezeichnet, da sie f\u00fcr ein friedliches Miteinander auf unserer Welt steht.<\/p>\n\n\n\n<p><strong>Allegorischer Blumenumzug &#8211;\u00a0Sonntag &#8211; 6. September\u00a0<\/strong><br><br>Am Sonntagnachmittag findet dann der zweite H\u00f6hepunkt des Blumenfestes statt, wenn die Stra\u00dfen mit Musik, Farbe und s\u00fc\u00dfen D\u00fcften gef\u00fcllt sind. Der \u201eBlumenkorso\u201c mit prunkvoll geschm\u00fcckten Wagen, ausgefallenen Kost\u00fcmen in bunten Farben und verschiedenen Folkloregruppen zieht durch die Stadt und zeigt die atemberaubende Vielfalt der Pflanzen und vor allem der Blumen der Insel. Die ausgelassene und fr\u00f6hliche Stimmung machen das Blumenfest zu einer einmaligen Veranstaltung, die du auf keinen Fall verpassen solltest.<\/p>\n\n\n\n<h2 class=\"wp-block-heading\">  Grund 4: Das Blumenfest Madeira 2020 \u2013 Auch drumherum f\u00fcr alle Sinne ein Erlebnis<\/h2>\n\n\n\n<p>Als kulturelles Highlight finden in der Stadt neben dieser beiden besonderen H\u00f6hepunkte <strong>viele verschiedene Veranstaltungen und Musikkonzerte<\/strong> statt. W\u00e4hrend der ganzen zwei Wochen kannst du eindrucksvoll drapierte Blumenteppiche bestaunen, die in m\u00fchevoller Handarbeit von K\u00fcnstlern gestaltet wurden. Auf den \u00f6ffentlichen Pl\u00e4tzen werden vor allem die einheimischen Blumen pr\u00e4sentiert und du hast sogar die M\u00f6glichkeit dir auf dem Blumenmarkt eine sch\u00f6ne Erinnerung f\u00fcr zu Hause zu erstehen. <\/p>\n\n\n\n<p>Faszinierend sind auch die allgegenw\u00e4rtigen Blumenkunstwerke zu denen auch Skulpturen aus Blumen geh\u00f6ren. Der Fantasie sind kaum Grenzen gesetzt und ich bin unglaublich beeindruckt, wie es m\u00f6glich ist aus Bl\u00fcten, Blumen und gr\u00fcnen Zweigen Bilder aus der Geschichte Madeiras und auch Ornamente zu zaubern. Au\u00dfer den Blumen bietet die lokale Gastronomie zudem regionale Leckereien und typische Getr\u00e4nke an.&nbsp;<\/p>\n\n\n\n<figure class=\"wp-block-gallery columns-1 is-cropped wp-block-gallery-5 is-layout-flex wp-block-gallery-is-layout-flex\"><ul class=\"blocks-gallery-grid\"><li class=\"blocks-gallery-item\"><figure><img decoding=\"async\" width=\"760\" height=\"420\" src=\"https:\/\/www.tui.com\/blog\/wp-content\/uploads\/2023\/04\/blumenfest-madeira-2020-shutterstock-cicero-castro.jpg\" alt=\"Blumenfest Madeira\" data-id=\"61969\" data-full-url=\"https:\/\/www.tui.com\/blog\/wp-content\/uploads\/2023\/04\/blumenfest-madeira-2020-shutterstock-cicero-castro.jpg\" data-link=\"https:\/\/www.tui.com\/blog\/?attachment_id=61969\" class=\"wp-image-61969\"\/><figcaption class=\"blocks-gallery-item__caption\">Jugendliche tragen die traditionelle Kleidung der Madeira-Folklore (Shutterstock\/Cicero Castro)<\/figcaption><\/figure><\/li><\/ul><\/figure>\n\n\n\n<p>Vom 24. bis 27. September&nbsp;werden die vier symboltr\u00e4chtigen G\u00e4rten Madeiras zum musikalischen Schauplatz f\u00fcr Konzerte. Ein einmaliges Erlebnis, in einer einzigartigen Umgebung Konzerten lauschen zu d\u00fcrfen.<\/p>\n\n\n\n<p>Wirst auch du beim Blumenfest Madeira 2020 dabei sein? <a href=\"https:\/\/www.tui.com\/blog\/eventkalender\/blumenfest-madeira\/\">Trag den Termin am besten jetzt schon im Terminkalender ein!<\/a><\/p>\n\n\n\n<h2 class=\"wp-block-heading\">Was du sonst noch auf Madeira erleben kannst:<\/h2>\n\n\n\n<p>\u25ba <a href=\"https:\/\/www.tui.com\/blog\/die-top-10-madeira-sehenswuerdigkeiten\/\">Die TOP 10 Madeira Sehensw\u00fcrdigkeiten<\/a><\/p>\n\n\n\n<p>\u25ba <a href=\"https:\/\/www.tui.com\/blog\/madeiras-unbekannte-straende\/\">Madeiras unbekannte Str\u00e4nde<\/a><\/p>\n\n\n\n<p>\u25ba <a href=\"https:\/\/www.tui.com\/blog\/mein-madeira-abseits-der-touristenpfade\/\">Mein Madeira abseits der Touristenpfade: TOP Madeira Ausfl\u00fcge<\/a><\/p>\n\n\n\n<p>\u25ba <a href=\"https:\/\/www.tui.com\/blog\/die-magische-insel-madeira-meine-tipps-fuer-euren-naechsten-urlaub\/\">Die magische Insel Madeira: Meine Tipps f\u00fcr euren n\u00e4chsten Urlaub<\/a><\/p>\n","protected":false},"excerpt":{"rendered":"<p>Es bietet sich die einmalige Gelegenheit das eindrucksvolle Blumenfest mit einer ganz anderen prachtvollen Flora \u2013 diesmal im September \u2013 zu genie\u00dfen. Marie m\u00f6chte dich an diesem unvergesslichen Erlebnis f\u00fcr alle Sinne schon mal im Vorhinein teilhaben lassen und zeigt Gr\u00fcnde, warum auch du das Blumenfest Madeira 2020 besuchen solltest.<\/p>\n","protected":false},"author":86,"featured_media":187576,"comment_status":"open","ping_status":"open","sticky":false,"template":"","format":"standard","meta":{"_acf_changed":false,"footnotes":""},"categories":[4066,4068,4052,4030,4050],"tags":[954,4082,647,491,514,955,518,107],"class_list":["post-187564","post","type-post","status-publish","format-standard","has-post-thumbnail","hentry","category-archiv-andere-reisearten","category-archiv-beste-reisezeit","category-archiv-reisearten","category-archiv-reiseziele","category-archiv-weitere-beliebte-reiseziele","tag-blumeninsel","tag-eventreisen","tag-events","tag-festivals","tag-fruehling","tag-funchal","tag-madeira","tag-portugal"],"acf":[],"yoast_head":"<!-- This site is optimized with the Yoast SEO plugin v27.4 - https:\/\/yoast.com\/product\/yoast-seo-wordpress\/ -->\n<title>Blumenfest Madeira 2020: Warum ihr es nicht verpassen solltet!<\/title>\n<meta name=\"description\" content=\"2020 findet das Blumenfest Madeira im September statt. Wir stellen euch das tolle Event vor und zeigen, warum auch ihr dabei sein solltet.\" \/>\n<meta name=\"robots\" content=\"index, follow, max-snippet:-1, max-image-preview:large, max-video-preview:-1\" \/>\n<link rel=\"canonical\" href=\"https:\/\/www.tui.com\/blog\/blumenfest-madeira-4-gruende-warum-du-das-highlight-nicht-verpassen-solltest\/\" \/>\n<meta property=\"og:locale\" content=\"de_DE\" \/>\n<meta property=\"og:type\" content=\"article\" \/>\n<meta property=\"og:title\" content=\"Blumenfest Madeira 2020: Warum ihr es nicht verpassen solltet!\" \/>\n<meta property=\"og:description\" content=\"2020 findet das Blumenfest Madeira im September statt. Wir stellen euch das tolle Event vor und zeigen, warum auch ihr dabei sein solltet.\" \/>\n<meta property=\"og:url\" content=\"https:\/\/www.tui.com\/blog\/blumenfest-madeira-4-gruende-warum-du-das-highlight-nicht-verpassen-solltest\/\" \/>\n<meta property=\"og:site_name\" content=\"TUI.com Reiseblog \u2600\" \/>\n<meta property=\"article:published_time\" content=\"2020-08-13T09:53:39+00:00\" \/>\n<meta property=\"article:modified_time\" content=\"2023-04-26T22:52:40+00:00\" \/>\n<meta property=\"og:image\" content=\"https:\/\/www.tui.com\/blog\/wp-content\/uploads\/2023\/04\/beitragsbild-madeira-blumenfest-2020.jpg\" \/>\n\t<meta property=\"og:image:width\" content=\"1400\" \/>\n\t<meta property=\"og:image:height\" content=\"788\" \/>\n\t<meta property=\"og:image:type\" content=\"image\/jpeg\" \/>\n<meta name=\"author\" content=\"TUI Reiseexperten\" \/>\n<meta name=\"twitter:card\" content=\"summary_large_image\" \/>\n<meta name=\"twitter:label1\" content=\"Verfasst von\" \/>\n\t<meta name=\"twitter:data1\" content=\"TUI Reiseexperten\" \/>\n\t<meta name=\"twitter:label2\" content=\"Gesch\u00e4tzte Lesezeit\" \/>\n\t<meta name=\"twitter:data2\" content=\"6\u00a0Minuten\" \/>\n<script type=\"application\/ld+json\" class=\"yoast-schema-graph\">{\"@context\":\"https:\\\/\\\/schema.org\",\"@graph\":[{\"@type\":\"BlogPosting\",\"@id\":\"https:\\\/\\\/www.tui.com\\\/blog\\\/blumenfest-madeira-4-gruende-warum-du-das-highlight-nicht-verpassen-solltest\\\/#article\",\"isPartOf\":{\"@id\":\"https:\\\/\\\/www.tui.com\\\/blog\\\/blumenfest-madeira-4-gruende-warum-du-das-highlight-nicht-verpassen-solltest\\\/\"},\"author\":{\"name\":\"TUI Reiseexperten\",\"@id\":\"https:\\\/\\\/www.tui.com\\\/blog\\\/#\\\/schema\\\/person\\\/e0405bcbd5102f3edd229113f1c50a06\"},\"headline\":\"Blumenfest Madeira 2020: 4 Gr\u00fcnde, warum du das Highlight nicht verpassen solltest\",\"datePublished\":\"2020-08-13T09:53:39+00:00\",\"dateModified\":\"2023-04-26T22:52:40+00:00\",\"mainEntityOfPage\":{\"@id\":\"https:\\\/\\\/www.tui.com\\\/blog\\\/blumenfest-madeira-4-gruende-warum-du-das-highlight-nicht-verpassen-solltest\\\/\"},\"wordCount\":1201,\"commentCount\":0,\"publisher\":{\"@id\":\"https:\\\/\\\/www.tui.com\\\/blog\\\/#organization\"},\"image\":{\"@id\":\"https:\\\/\\\/www.tui.com\\\/blog\\\/blumenfest-madeira-4-gruende-warum-du-das-highlight-nicht-verpassen-solltest\\\/#primaryimage\"},\"thumbnailUrl\":\"https:\\\/\\\/www.tui.com\\\/blog\\\/wp-content\\\/uploads\\\/2023\\\/04\\\/beitragsbild-madeira-blumenfest-2020.jpg\",\"keywords\":[\"Blumeninsel\",\"Eventreisen\",\"Events\",\"Festivals\",\"Fr\u00fchling\",\"Funchal\",\"Madeira\",\"Portugal\"],\"articleSection\":[\"Andere Reisearten\",\"Beste Reisezeit\",\"Reisearten\",\"Reiseziele\",\"weitere beliebte Reiseziele\"],\"inLanguage\":\"de\",\"potentialAction\":[{\"@type\":\"CommentAction\",\"name\":\"Comment\",\"target\":[\"https:\\\/\\\/www.tui.com\\\/blog\\\/blumenfest-madeira-4-gruende-warum-du-das-highlight-nicht-verpassen-solltest\\\/#respond\"]}]},{\"@type\":\"WebPage\",\"@id\":\"https:\\\/\\\/www.tui.com\\\/blog\\\/blumenfest-madeira-4-gruende-warum-du-das-highlight-nicht-verpassen-solltest\\\/\",\"url\":\"https:\\\/\\\/www.tui.com\\\/blog\\\/blumenfest-madeira-4-gruende-warum-du-das-highlight-nicht-verpassen-solltest\\\/\",\"name\":\"Blumenfest Madeira 2020: Warum ihr es nicht verpassen solltet!\",\"isPartOf\":{\"@id\":\"https:\\\/\\\/www.tui.com\\\/blog\\\/#website\"},\"primaryImageOfPage\":{\"@id\":\"https:\\\/\\\/www.tui.com\\\/blog\\\/blumenfest-madeira-4-gruende-warum-du-das-highlight-nicht-verpassen-solltest\\\/#primaryimage\"},\"image\":{\"@id\":\"https:\\\/\\\/www.tui.com\\\/blog\\\/blumenfest-madeira-4-gruende-warum-du-das-highlight-nicht-verpassen-solltest\\\/#primaryimage\"},\"thumbnailUrl\":\"https:\\\/\\\/www.tui.com\\\/blog\\\/wp-content\\\/uploads\\\/2023\\\/04\\\/beitragsbild-madeira-blumenfest-2020.jpg\",\"datePublished\":\"2020-08-13T09:53:39+00:00\",\"dateModified\":\"2023-04-26T22:52:40+00:00\",\"description\":\"2020 findet das Blumenfest Madeira im September statt. Wir stellen euch das tolle Event vor und zeigen, warum auch ihr dabei sein solltet.\",\"breadcrumb\":{\"@id\":\"https:\\\/\\\/www.tui.com\\\/blog\\\/blumenfest-madeira-4-gruende-warum-du-das-highlight-nicht-verpassen-solltest\\\/#breadcrumb\"},\"inLanguage\":\"de\",\"potentialAction\":[{\"@type\":\"ReadAction\",\"target\":[\"https:\\\/\\\/www.tui.com\\\/blog\\\/blumenfest-madeira-4-gruende-warum-du-das-highlight-nicht-verpassen-solltest\\\/\"]}]},{\"@type\":\"ImageObject\",\"inLanguage\":\"de\",\"@id\":\"https:\\\/\\\/www.tui.com\\\/blog\\\/blumenfest-madeira-4-gruende-warum-du-das-highlight-nicht-verpassen-solltest\\\/#primaryimage\",\"url\":\"https:\\\/\\\/www.tui.com\\\/blog\\\/wp-content\\\/uploads\\\/2023\\\/04\\\/beitragsbild-madeira-blumenfest-2020.jpg\",\"contentUrl\":\"https:\\\/\\\/www.tui.com\\\/blog\\\/wp-content\\\/uploads\\\/2023\\\/04\\\/beitragsbild-madeira-blumenfest-2020.jpg\",\"width\":1400,\"height\":788},{\"@type\":\"BreadcrumbList\",\"@id\":\"https:\\\/\\\/www.tui.com\\\/blog\\\/blumenfest-madeira-4-gruende-warum-du-das-highlight-nicht-verpassen-solltest\\\/#breadcrumb\",\"itemListElement\":[{\"@type\":\"ListItem\",\"position\":1,\"name\":\"Startseite\",\"item\":\"https:\\\/\\\/www.tui.com\\\/blog\\\/\"},{\"@type\":\"ListItem\",\"position\":2,\"name\":\"Blumenfest Madeira 2020: 4 Gr\u00fcnde, warum du das Highlight nicht verpassen solltest\"}]},{\"@type\":\"WebSite\",\"@id\":\"https:\\\/\\\/www.tui.com\\\/blog\\\/#website\",\"url\":\"https:\\\/\\\/www.tui.com\\\/blog\\\/\",\"name\":\"TUI.com Reiseblog \u2600\",\"description\":\"Abenteuer oder lieber an den Strand? \u2600 Der TUI Reiseblog bietet tolle Infos rund um deine n\u00e4chste Reise \u2708 Komm vorbei und lass dich inspirieren \u221a\",\"publisher\":{\"@id\":\"https:\\\/\\\/www.tui.com\\\/blog\\\/#organization\"},\"potentialAction\":[{\"@type\":\"SearchAction\",\"target\":{\"@type\":\"EntryPoint\",\"urlTemplate\":\"https:\\\/\\\/www.tui.com\\\/blog\\\/?s={search_term_string}\"},\"query-input\":{\"@type\":\"PropertyValueSpecification\",\"valueRequired\":true,\"valueName\":\"search_term_string\"}}],\"inLanguage\":\"de\"},{\"@type\":\"Organization\",\"@id\":\"https:\\\/\\\/www.tui.com\\\/blog\\\/#organization\",\"name\":\"TUI.com Reiseblog \u2600\",\"url\":\"https:\\\/\\\/www.tui.com\\\/blog\\\/\",\"logo\":{\"@type\":\"ImageObject\",\"inLanguage\":\"de\",\"@id\":\"https:\\\/\\\/www.tui.com\\\/blog\\\/#\\\/schema\\\/logo\\\/image\\\/\",\"url\":\"https:\\\/\\\/www.tui.com\\\/blog\\\/wp-content\\\/uploads\\\/2023\\\/04\\\/cropped-tui-logo-3.png\",\"contentUrl\":\"https:\\\/\\\/www.tui.com\\\/blog\\\/wp-content\\\/uploads\\\/2023\\\/04\\\/cropped-tui-logo-3.png\",\"width\":164,\"height\":72,\"caption\":\"TUI.com Reiseblog \u2600\"},\"image\":{\"@id\":\"https:\\\/\\\/www.tui.com\\\/blog\\\/#\\\/schema\\\/logo\\\/image\\\/\"}},{\"@type\":\"Person\",\"@id\":\"https:\\\/\\\/www.tui.com\\\/blog\\\/#\\\/schema\\\/person\\\/e0405bcbd5102f3edd229113f1c50a06\",\"name\":\"TUI Reiseexperten\",\"image\":{\"@type\":\"ImageObject\",\"inLanguage\":\"de\",\"@id\":\"https:\\\/\\\/www.tui.com\\\/blog\\\/wp-content\\\/uploads\\\/2016\\\/10\\\/TUIMitarbeiter-178x176.jpg\",\"url\":\"https:\\\/\\\/www.tui.com\\\/blog\\\/wp-content\\\/uploads\\\/2016\\\/10\\\/TUIMitarbeiter-178x176.jpg\",\"contentUrl\":\"https:\\\/\\\/www.tui.com\\\/blog\\\/wp-content\\\/uploads\\\/2016\\\/10\\\/TUIMitarbeiter-178x176.jpg\",\"caption\":\"TUI Reiseexperten\"},\"description\":\"TEST\",\"url\":\"https:\\\/\\\/www.tui.com\\\/blog\\\/author\\\/tui-mitarbeiter\\\/\"}]}<\/script>\n<!-- \/ Yoast SEO plugin. -->","yoast_head_json":{"title":"Blumenfest Madeira 2020: Warum ihr es nicht verpassen solltet!","description":"2020 findet das Blumenfest Madeira im September statt. Wir stellen euch das tolle Event vor und zeigen, warum auch ihr dabei sein solltet.","robots":{"index":"index","follow":"follow","max-snippet":"max-snippet:-1","max-image-preview":"max-image-preview:large","max-video-preview":"max-video-preview:-1"},"canonical":"https:\/\/www.tui.com\/blog\/blumenfest-madeira-4-gruende-warum-du-das-highlight-nicht-verpassen-solltest\/","og_locale":"de_DE","og_type":"article","og_title":"Blumenfest Madeira 2020: Warum ihr es nicht verpassen solltet!","og_description":"2020 findet das Blumenfest Madeira im September statt. Wir stellen euch das tolle Event vor und zeigen, warum auch ihr dabei sein solltet.","og_url":"https:\/\/www.tui.com\/blog\/blumenfest-madeira-4-gruende-warum-du-das-highlight-nicht-verpassen-solltest\/","og_site_name":"TUI.com Reiseblog \u2600","article_published_time":"2020-08-13T09:53:39+00:00","article_modified_time":"2023-04-26T22:52:40+00:00","og_image":[{"width":1400,"height":788,"url":"https:\/\/www.tui.com\/blog\/wp-content\/uploads\/2023\/04\/beitragsbild-madeira-blumenfest-2020.jpg","type":"image\/jpeg"}],"author":"TUI Reiseexperten","twitter_card":"summary_large_image","twitter_misc":{"Verfasst von":"TUI Reiseexperten","Gesch\u00e4tzte Lesezeit":"6\u00a0Minuten"},"schema":{"@context":"https:\/\/schema.org","@graph":[{"@type":"BlogPosting","@id":"https:\/\/www.tui.com\/blog\/blumenfest-madeira-4-gruende-warum-du-das-highlight-nicht-verpassen-solltest\/#article","isPartOf":{"@id":"https:\/\/www.tui.com\/blog\/blumenfest-madeira-4-gruende-warum-du-das-highlight-nicht-verpassen-solltest\/"},"author":{"name":"TUI Reiseexperten","@id":"https:\/\/www.tui.com\/blog\/#\/schema\/person\/e0405bcbd5102f3edd229113f1c50a06"},"headline":"Blumenfest Madeira 2020: 4 Gr\u00fcnde, warum du das Highlight nicht verpassen solltest","datePublished":"2020-08-13T09:53:39+00:00","dateModified":"2023-04-26T22:52:40+00:00","mainEntityOfPage":{"@id":"https:\/\/www.tui.com\/blog\/blumenfest-madeira-4-gruende-warum-du-das-highlight-nicht-verpassen-solltest\/"},"wordCount":1201,"commentCount":0,"publisher":{"@id":"https:\/\/www.tui.com\/blog\/#organization"},"image":{"@id":"https:\/\/www.tui.com\/blog\/blumenfest-madeira-4-gruende-warum-du-das-highlight-nicht-verpassen-solltest\/#primaryimage"},"thumbnailUrl":"https:\/\/www.tui.com\/blog\/wp-content\/uploads\/2023\/04\/beitragsbild-madeira-blumenfest-2020.jpg","keywords":["Blumeninsel","Eventreisen","Events","Festivals","Fr\u00fchling","Funchal","Madeira","Portugal"],"articleSection":["Andere Reisearten","Beste Reisezeit","Reisearten","Reiseziele","weitere beliebte Reiseziele"],"inLanguage":"de","potentialAction":[{"@type":"CommentAction","name":"Comment","target":["https:\/\/www.tui.com\/blog\/blumenfest-madeira-4-gruende-warum-du-das-highlight-nicht-verpassen-solltest\/#respond"]}]},{"@type":"WebPage","@id":"https:\/\/www.tui.com\/blog\/blumenfest-madeira-4-gruende-warum-du-das-highlight-nicht-verpassen-solltest\/","url":"https:\/\/www.tui.com\/blog\/blumenfest-madeira-4-gruende-warum-du-das-highlight-nicht-verpassen-solltest\/","name":"Blumenfest Madeira 2020: Warum ihr es nicht verpassen solltet!","isPartOf":{"@id":"https:\/\/www.tui.com\/blog\/#website"},"primaryImageOfPage":{"@id":"https:\/\/www.tui.com\/blog\/blumenfest-madeira-4-gruende-warum-du-das-highlight-nicht-verpassen-solltest\/#primaryimage"},"image":{"@id":"https:\/\/www.tui.com\/blog\/blumenfest-madeira-4-gruende-warum-du-das-highlight-nicht-verpassen-solltest\/#primaryimage"},"thumbnailUrl":"https:\/\/www.tui.com\/blog\/wp-content\/uploads\/2023\/04\/beitragsbild-madeira-blumenfest-2020.jpg","datePublished":"2020-08-13T09:53:39+00:00","dateModified":"2023-04-26T22:52:40+00:00","description":"2020 findet das Blumenfest Madeira im September statt. Wir stellen euch das tolle Event vor und zeigen, warum auch ihr dabei sein solltet.","breadcrumb":{"@id":"https:\/\/www.tui.com\/blog\/blumenfest-madeira-4-gruende-warum-du-das-highlight-nicht-verpassen-solltest\/#breadcrumb"},"inLanguage":"de","potentialAction":[{"@type":"ReadAction","target":["https:\/\/www.tui.com\/blog\/blumenfest-madeira-4-gruende-warum-du-das-highlight-nicht-verpassen-solltest\/"]}]},{"@type":"ImageObject","inLanguage":"de","@id":"https:\/\/www.tui.com\/blog\/blumenfest-madeira-4-gruende-warum-du-das-highlight-nicht-verpassen-solltest\/#primaryimage","url":"https:\/\/www.tui.com\/blog\/wp-content\/uploads\/2023\/04\/beitragsbild-madeira-blumenfest-2020.jpg","contentUrl":"https:\/\/www.tui.com\/blog\/wp-content\/uploads\/2023\/04\/beitragsbild-madeira-blumenfest-2020.jpg","width":1400,"height":788},{"@type":"BreadcrumbList","@id":"https:\/\/www.tui.com\/blog\/blumenfest-madeira-4-gruende-warum-du-das-highlight-nicht-verpassen-solltest\/#breadcrumb","itemListElement":[{"@type":"ListItem","position":1,"name":"Startseite","item":"https:\/\/www.tui.com\/blog\/"},{"@type":"ListItem","position":2,"name":"Blumenfest Madeira 2020: 4 Gr\u00fcnde, warum du das Highlight nicht verpassen solltest"}]},{"@type":"WebSite","@id":"https:\/\/www.tui.com\/blog\/#website","url":"https:\/\/www.tui.com\/blog\/","name":"TUI.com Reiseblog \u2600","description":"Abenteuer oder lieber an den Strand? \u2600 Der TUI Reiseblog bietet tolle Infos rund um deine n\u00e4chste Reise \u2708 Komm vorbei und lass dich inspirieren \u221a","publisher":{"@id":"https:\/\/www.tui.com\/blog\/#organization"},"potentialAction":[{"@type":"SearchAction","target":{"@type":"EntryPoint","urlTemplate":"https:\/\/www.tui.com\/blog\/?s={search_term_string}"},"query-input":{"@type":"PropertyValueSpecification","valueRequired":true,"valueName":"search_term_string"}}],"inLanguage":"de"},{"@type":"Organization","@id":"https:\/\/www.tui.com\/blog\/#organization","name":"TUI.com Reiseblog \u2600","url":"https:\/\/www.tui.com\/blog\/","logo":{"@type":"ImageObject","inLanguage":"de","@id":"https:\/\/www.tui.com\/blog\/#\/schema\/logo\/image\/","url":"https:\/\/www.tui.com\/blog\/wp-content\/uploads\/2023\/04\/cropped-tui-logo-3.png","contentUrl":"https:\/\/www.tui.com\/blog\/wp-content\/uploads\/2023\/04\/cropped-tui-logo-3.png","width":164,"height":72,"caption":"TUI.com Reiseblog \u2600"},"image":{"@id":"https:\/\/www.tui.com\/blog\/#\/schema\/logo\/image\/"}},{"@type":"Person","@id":"https:\/\/www.tui.com\/blog\/#\/schema\/person\/e0405bcbd5102f3edd229113f1c50a06","name":"TUI Reiseexperten","image":{"@type":"ImageObject","inLanguage":"de","@id":"https:\/\/www.tui.com\/blog\/wp-content\/uploads\/2016\/10\/TUIMitarbeiter-178x176.jpg","url":"https:\/\/www.tui.com\/blog\/wp-content\/uploads\/2016\/10\/TUIMitarbeiter-178x176.jpg","contentUrl":"https:\/\/www.tui.com\/blog\/wp-content\/uploads\/2016\/10\/TUIMitarbeiter-178x176.jpg","caption":"TUI Reiseexperten"},"description":"TEST","url":"https:\/\/www.tui.com\/blog\/author\/tui-mitarbeiter\/"}]}},"_links":{"self":[{"href":"https:\/\/www.tui.com\/blog\/wp-json\/wp\/v2\/posts\/187564","targetHints":{"allow":["GET"]}}],"collection":[{"href":"https:\/\/www.tui.com\/blog\/wp-json\/wp\/v2\/posts"}],"about":[{"href":"https:\/\/www.tui.com\/blog\/wp-json\/wp\/v2\/types\/post"}],"author":[{"embeddable":true,"href":"https:\/\/www.tui.com\/blog\/wp-json\/wp\/v2\/users\/86"}],"replies":[{"embeddable":true,"href":"https:\/\/www.tui.com\/blog\/wp-json\/wp\/v2\/comments?post=187564"}],"version-history":[{"count":1,"href":"https:\/\/www.tui.com\/blog\/wp-json\/wp\/v2\/posts\/187564\/revisions"}],"predecessor-version":[{"id":187574,"href":"https:\/\/www.tui.com\/blog\/wp-json\/wp\/v2\/posts\/187564\/revisions\/187574"}],"wp:featuredmedia":[{"embeddable":true,"href":"https:\/\/www.tui.com\/blog\/wp-json\/wp\/v2\/media\/187576"}],"wp:attachment":[{"href":"https:\/\/www.tui.com\/blog\/wp-json\/wp\/v2\/media?parent=187564"}],"wp:term":[{"taxonomy":"category","embeddable":true,"href":"https:\/\/www.tui.com\/blog\/wp-json\/wp\/v2\/categories?post=187564"},{"taxonomy":"post_tag","embeddable":true,"href":"https:\/\/www.tui.com\/blog\/wp-json\/wp\/v2\/tags?post=187564"}],"curies":[{"name":"wp","href":"https:\/\/api.w.org\/{rel}","templated":true}]}}