{"id":188076,"date":"2021-10-06T10:00:00","date_gmt":"2021-10-06T08:00:00","guid":{"rendered":"https:\/\/blog.tui.info\/bergluft-schnuppern-im-tui-blue-montafon-in-oesterreich\/"},"modified":"2024-09-09T09:52:58","modified_gmt":"2024-09-09T07:52:58","slug":"bergluft-schnuppern-im-tui-blue-montafon-in-oesterreich","status":"publish","type":"post","link":"https:\/\/www.tui.com\/blog\/bergluft-schnuppern-im-tui-blue-montafon-in-oesterreich\/","title":{"rendered":"Bergluft schnuppern im TUI BLUE Montafon in Vorarlberg in \u00d6sterreich"},"content":{"rendered":"<p class=\"firstTextGrey\">Urlaub in \u00d6sterreich im TUI BLUE Montafon. TUI Bloggerin Sandra berichtet heute von ihrer kleinen Auszeit.<\/p>\n\n\n<p>Ausgesprochen praktisch, dass in der N\u00e4he vom <a href=\"https:\/\/www.tui.com\/hotels\/tui-blue-montafon-1038382\/hotelinformation\/\" target=\"_blank\" rel=\"noreferrer noopener\">TUI BLUE Montafon<\/a> in Vorarlberg in \u00d6sterreich auch gute Freunde von TUI Bloggerin Sandra leben. Bei einem Kurzaufenthalt konnte sie so also nicht nur das neue<strong> <\/strong>TUI BLUE Montafon im kleinen \u00d6rtchen Schruns-Tschagguns unter die Lupe nehmen, sondern auch noch Zeit mit ihren Freunden verbringen.<\/p>\n\n\n\n<figure class=\"wp-block-gallery aligncenter has-nested-images columns-default is-cropped wp-block-gallery-1 is-layout-flex wp-block-gallery-is-layout-flex\">\n<figure class=\"wp-block-image size-large\"><img decoding=\"async\" width=\"760\" height=\"420\" data-id=\"77668\" src=\"https:\/\/www.tui.com\/blog\/wp-content\/uploads\/2021\/09\/oesterreich_vorarlberg_montafon_tui-blue-montafon.jpg\" alt=\"\" class=\"wp-image-77668\" srcset=\"https:\/\/www.tui.com\/blog\/wp-content\/uploads\/2021\/09\/oesterreich_vorarlberg_montafon_tui-blue-montafon.jpg 760w, https:\/\/www.tui.com\/blog\/wp-content\/uploads\/2021\/09\/oesterreich_vorarlberg_montafon_tui-blue-montafon-480x265.jpg 480w, https:\/\/www.tui.com\/blog\/wp-content\/uploads\/2021\/09\/oesterreich_vorarlberg_montafon_tui-blue-montafon-320x177.jpg 320w, https:\/\/www.tui.com\/blog\/wp-content\/uploads\/2021\/09\/oesterreich_vorarlberg_montafon_tui-blue-montafon-370x204.jpg 370w, https:\/\/www.tui.com\/blog\/wp-content\/uploads\/2021\/09\/oesterreich_vorarlberg_montafon_tui-blue-montafon-300x166.jpg 300w, https:\/\/www.tui.com\/blog\/wp-content\/uploads\/2021\/09\/oesterreich_vorarlberg_montafon_tui-blue-montafon-133x75.jpg 133w\" sizes=\"(max-width: 760px) 100vw, 760px\" \/><figcaption class=\"wp-element-caption\">In wundersch\u00f6ner Panoramalage: das TUI BLUE Montafon.<\/figcaption><\/figure>\n<\/figure>\n\n\n\n<h2 class=\"wp-block-heading\">Ein Kurzwochenende im Bergdorf Schruns-Tschagguns<\/h2>\n\n\n\n<p>Die Kombi aus endlich wieder die Berge sehen und liebe Freunde besuchen hat am Ende einfach gegen die anf\u00e4nglichen Einw\u00e4nde, nur f\u00fcr ein Wochenende die lange Autofahrt in den Kauf nehmen, gesiegt. Gl\u00fccklicherweise liegt das <strong>TUI BLUE Montafon <\/strong>dann auch \u201enur\u201c etwa eine Autostunde von der deutsch-\u00f6sterreichischen Grenze entfernt. Genauer gesagt im kleinen Bergdorf Schruns-Tschagguns in der Region Silvretta-Montafon.<\/p>\n\n\n\n<p>Das Montafon und TUI BLUE haben uns wie zur Belohnung mit blauem Himmel und strahlendem Sonnenschein empfangen. Mit einem herzlichen \u201eServus!\u201c an der Rezeption und erstem Blick in den h\u00fcbsch gestalteten Lobby-, Bar- und Restaurantbereich haben wir uns einmal mehr willkommen gehei\u00dfen gef\u00fchlt. Der erste Eindruck: modern, offen, sch\u00f6ne Farben und Materialien und ein ausgesprochen freundlicher Service.<\/p>\n\n\n\n<figure class=\"wp-block-gallery aligncenter has-nested-images columns-default is-cropped wp-block-gallery-2 is-layout-flex wp-block-gallery-is-layout-flex\">\n<figure class=\"wp-block-image size-large\"><img decoding=\"async\" width=\"760\" height=\"420\" data-id=\"77666\" src=\"https:\/\/www.tui.com\/blog\/wp-content\/uploads\/2021\/09\/oesterreich_vorarlberg_montafon_tui-blue-montafon_lobby-1.jpg\" alt=\"\" class=\"wp-image-77666\" srcset=\"https:\/\/www.tui.com\/blog\/wp-content\/uploads\/2021\/09\/oesterreich_vorarlberg_montafon_tui-blue-montafon_lobby-1.jpg 760w, https:\/\/www.tui.com\/blog\/wp-content\/uploads\/2021\/09\/oesterreich_vorarlberg_montafon_tui-blue-montafon_lobby-1-480x265.jpg 480w, https:\/\/www.tui.com\/blog\/wp-content\/uploads\/2021\/09\/oesterreich_vorarlberg_montafon_tui-blue-montafon_lobby-1-320x177.jpg 320w, https:\/\/www.tui.com\/blog\/wp-content\/uploads\/2021\/09\/oesterreich_vorarlberg_montafon_tui-blue-montafon_lobby-1-370x204.jpg 370w, https:\/\/www.tui.com\/blog\/wp-content\/uploads\/2021\/09\/oesterreich_vorarlberg_montafon_tui-blue-montafon_lobby-1-300x166.jpg 300w, https:\/\/www.tui.com\/blog\/wp-content\/uploads\/2021\/09\/oesterreich_vorarlberg_montafon_tui-blue-montafon_lobby-1-133x75.jpg 133w\" sizes=\"(max-width: 760px) 100vw, 760px\" \/><figcaption class=\"wp-element-caption\">Stylisch, offen, modern: hier f\u00fchlt man sich auf Anhieb wohl.<\/figcaption><\/figure>\n<\/figure>\n\n\n\n<p>Das sollte sich auch in unserem Zimmer so fortsetzen. Dazu ein traumhafter Ausblick auf die Berge und das direkt vor dem Hotel gelegene, wundersch\u00f6ne&nbsp; \u201eAlpenbad Montafon\u201c. G\u00e4ste des <a href=\"https:\/\/www.tui.com\/hotels\/tui-blue-montafon-1038382\/hotelinformation\/\" target=\"_blank\" rel=\"noreferrer noopener\">TUI BLUE Montafon <\/a>haben hier \u00fcbrigens freien Eintritt. Mein absolutes Zimmer-Highlight war die Berg-Fototapete im Badezimmer &#8211; gelungen!<\/p>\n\n\n\n<figure class=\"wp-block-gallery aligncenter has-nested-images columns-default is-cropped wp-block-gallery-3 is-layout-flex wp-block-gallery-is-layout-flex\">\n<figure class=\"wp-block-image size-large\"><img decoding=\"async\" width=\"760\" height=\"420\" data-id=\"77664\" src=\"https:\/\/www.tui.com\/blog\/wp-content\/uploads\/2021\/09\/oesterreich_vorarlberg_montafon_tui-blue-montafon-zimmer-1.jpg\" alt=\"\" class=\"wp-image-77664\" srcset=\"https:\/\/www.tui.com\/blog\/wp-content\/uploads\/2021\/09\/oesterreich_vorarlberg_montafon_tui-blue-montafon-zimmer-1.jpg 760w, https:\/\/www.tui.com\/blog\/wp-content\/uploads\/2021\/09\/oesterreich_vorarlberg_montafon_tui-blue-montafon-zimmer-1-480x265.jpg 480w, https:\/\/www.tui.com\/blog\/wp-content\/uploads\/2021\/09\/oesterreich_vorarlberg_montafon_tui-blue-montafon-zimmer-1-320x177.jpg 320w, https:\/\/www.tui.com\/blog\/wp-content\/uploads\/2021\/09\/oesterreich_vorarlberg_montafon_tui-blue-montafon-zimmer-1-370x204.jpg 370w, https:\/\/www.tui.com\/blog\/wp-content\/uploads\/2021\/09\/oesterreich_vorarlberg_montafon_tui-blue-montafon-zimmer-1-300x166.jpg 300w, https:\/\/www.tui.com\/blog\/wp-content\/uploads\/2021\/09\/oesterreich_vorarlberg_montafon_tui-blue-montafon-zimmer-1-133x75.jpg 133w\" sizes=\"(max-width: 760px) 100vw, 760px\" \/><figcaption class=\"wp-element-caption\">Schockverliebt   in die Berg-Fototapete im Bad.<\/figcaption><\/figure>\n<\/figure>\n\n\n\n<p>Mit den mitgebrachten eBikes ging es aber bei dem sch\u00f6nem Wetter wieder hinaus. Vor dem <strong>TUI BLUE Montafon <\/strong>starten direkt Radwege in alle Richtungen, vorbei an Fl\u00fcssen, B\u00e4chen und Wiesen. Auch ein Ausflug ins idyllische Ortszentrum von Tschugguns lohnt sich. Schon um in einem der urigen Gasth\u00f6fe einzukehren und ein frisch gezapftes&nbsp; oder einen Sauergespritzten (so hei\u00dft die Weinschorle hier) zu probieren.<\/p>\n\n\n\n<figure class=\"wp-block-gallery aligncenter has-nested-images columns-default is-cropped wp-block-gallery-4 is-layout-flex wp-block-gallery-is-layout-flex\">\n<figure class=\"wp-block-image size-large\"><img decoding=\"async\" width=\"760\" height=\"420\" data-id=\"77662\" src=\"https:\/\/www.tui.com\/blog\/wp-content\/uploads\/2021\/09\/oesterreich_vorarlberg_montafon_tui-blue-montafon-aktivitaeten1-1.jpg\" alt=\"\" class=\"wp-image-77662\" srcset=\"https:\/\/www.tui.com\/blog\/wp-content\/uploads\/2021\/09\/oesterreich_vorarlberg_montafon_tui-blue-montafon-aktivitaeten1-1.jpg 760w, https:\/\/www.tui.com\/blog\/wp-content\/uploads\/2021\/09\/oesterreich_vorarlberg_montafon_tui-blue-montafon-aktivitaeten1-1-480x265.jpg 480w, https:\/\/www.tui.com\/blog\/wp-content\/uploads\/2021\/09\/oesterreich_vorarlberg_montafon_tui-blue-montafon-aktivitaeten1-1-320x177.jpg 320w, https:\/\/www.tui.com\/blog\/wp-content\/uploads\/2021\/09\/oesterreich_vorarlberg_montafon_tui-blue-montafon-aktivitaeten1-1-370x204.jpg 370w, https:\/\/www.tui.com\/blog\/wp-content\/uploads\/2021\/09\/oesterreich_vorarlberg_montafon_tui-blue-montafon-aktivitaeten1-1-300x166.jpg 300w, https:\/\/www.tui.com\/blog\/wp-content\/uploads\/2021\/09\/oesterreich_vorarlberg_montafon_tui-blue-montafon-aktivitaeten1-1-133x75.jpg 133w\" sizes=\"(max-width: 760px) 100vw, 760px\" \/><figcaption class=\"wp-element-caption\">Bei dem knalligen Gr\u00fcn kann man herrlich Kraft tanken.<\/figcaption><\/figure>\n<\/figure>\n\n\n\n<figure class=\"wp-block-gallery aligncenter has-nested-images columns-default is-cropped wp-block-gallery-5 is-layout-flex wp-block-gallery-is-layout-flex\">\n<figure class=\"wp-block-image size-large\"><img decoding=\"async\" width=\"760\" height=\"420\" data-id=\"77660\" src=\"https:\/\/www.tui.com\/blog\/wp-content\/uploads\/2021\/09\/oesterreich_vorarlberg_montafon_tui-blue-montafon-aktivitaeten2-1.jpg\" alt=\"\" class=\"wp-image-77660\" srcset=\"https:\/\/www.tui.com\/blog\/wp-content\/uploads\/2021\/09\/oesterreich_vorarlberg_montafon_tui-blue-montafon-aktivitaeten2-1.jpg 760w, https:\/\/www.tui.com\/blog\/wp-content\/uploads\/2021\/09\/oesterreich_vorarlberg_montafon_tui-blue-montafon-aktivitaeten2-1-480x265.jpg 480w, https:\/\/www.tui.com\/blog\/wp-content\/uploads\/2021\/09\/oesterreich_vorarlberg_montafon_tui-blue-montafon-aktivitaeten2-1-320x177.jpg 320w, https:\/\/www.tui.com\/blog\/wp-content\/uploads\/2021\/09\/oesterreich_vorarlberg_montafon_tui-blue-montafon-aktivitaeten2-1-370x204.jpg 370w, https:\/\/www.tui.com\/blog\/wp-content\/uploads\/2021\/09\/oesterreich_vorarlberg_montafon_tui-blue-montafon-aktivitaeten2-1-300x166.jpg 300w, https:\/\/www.tui.com\/blog\/wp-content\/uploads\/2021\/09\/oesterreich_vorarlberg_montafon_tui-blue-montafon-aktivitaeten2-1-133x75.jpg 133w\" sizes=\"(max-width: 760px) 100vw, 760px\" \/><figcaption class=\"wp-element-caption\">Pers\u00f6nliches Highlight: ein &#8222;Schnackerl &#8222;mit der lieben Freundin bei einem Sauergespritzten.<\/figcaption><\/figure>\n<\/figure>\n\n\n\n<h2 class=\"wp-block-heading\">Nachhaltigkeit im TUI BLUE Montafon<\/h2>\n\n\n\n<p>Wusstet ihr schon, dass der Strom im TUI BLUE Montafon zu 100% aus erneuerbaren Energien bezogen wird? Das Hotel engagiert sich stark f\u00fcr eine nachhaltige, verantwortungsvolle Hotelf\u00fchrung und hat weitreichende Schritte zur Emissionsreduktion unternommen: z.B. verzichtet das Hotel auf Gas- und \u00d6lheizungen, die Busse und Firmenwagen fahren elektrisch und entsprechende Ladestationen f\u00fcr Elektroautos sind vorhanden. Das Hotel setzt auf energieeffiziente LED-Beleuchtung und bei der Versorgung der G\u00e4ste kommen regionale Produkte zum Einsatz. Die K\u00f6che bieten nicht nur den authentischen Geschmack regionaler Gerichte an, sondern auch leckere glutenfreie, vegetarische oder vegan Kost.<\/p>\n\n\n\n<p>Das <a href=\"https:\/\/www.tui.com\/hotels\/tui-blue-montafon-1038382\/hotelinformation\/\" target=\"_blank\" rel=\"noreferrer noopener\">TUI BLUE Montafon <\/a>macht \u00fcbrigens auch im Winter eine gute Figur und liegt in unmittelbarer N\u00e4he zu den Skigebieten Silvretta Montafon und Golm. Zu den Talstation sind es nur ein paar Minuten mit dem Skibus oder Auto und ihr k\u00f6nnt euch ruckzuck auf 140 Pistenkilometern austoben.<\/p>\n\n\n\n<p><strong>Mehr Infos zu TUI BLUE, Angebote &amp; Deals hier:<\/strong><\/p>\n\n\n\n<p>\u2764 TUI BLUE \u2013 Die globale Hotelmarke der TUI: <a href=\"https:\/\/www.tui.com\/blog\/tui-blue-globale-hotelmarke-konzept\">Wir stellen euch das Konzept vor<\/a><br>\u2764 Mit dem Auto in den Urlaub \u2013 <a href=\"https:\/\/www.tui.com\/blog\/mit-dem-auto-in-den-urlaub-welches-tui-blue-hotel-passt-zu-dir\/\">welches TUI BLUE Hotel passt zu dir?<\/a><br>\u2764 Alle Hotelangebote f\u00fcr \u00d6sterreich <a href=\"https:\/\/www.tui.com\/hotels\/oesterreich\/\" target=\"_blank\" rel=\"noreferrer noopener\">hier.<\/a><br>\u2764 Last Minute gesucht? <a href=\"https:\/\/www.tui.com\/last-minute\/oesterreich\/\" target=\"_blank\" rel=\"noreferrer noopener\">Hier findet ihr die Deals.<\/a><\/p>\n","protected":false},"excerpt":{"rendered":"<p>Urlaub in \u00d6sterreich im TUI BLUE Montafon. TUI Bloggerin Sandra berichtet heute von ihrer kleinen Auszeit.<\/p>\n","protected":false},"author":95,"featured_media":150784,"comment_status":"open","ping_status":"open","sticky":false,"template":"","format":"standard","meta":{"_acf_changed":false,"footnotes":""},"categories":[4072,4030],"tags":[3472,602,132,1338],"class_list":["post-188076","post","type-post","status-publish","format-standard","has-post-thumbnail","hentry","category-archiv-reiseplanung","category-archiv-reiseziele","tag-hotelmarke","tag-hoteltipps","tag-osterreich","tag-tui-blue"],"acf":[],"yoast_head":"<!-- This site is optimized with the Yoast SEO plugin v27.4 - https:\/\/yoast.com\/product\/yoast-seo-wordpress\/ -->\n<title>Bergluft schnuppern im TUI BLUE Montafon in Vorarlberg in \u00d6sterreich - TUI.com Reiseblog \u2600<\/title>\n<meta name=\"description\" content=\"TUI Bloggerin Sandra berichtet von ihrer kleinen Auszeit im TUI BLUE Montafon in Vorarlberg in \u00d6sterreich.\" \/>\n<meta name=\"robots\" content=\"index, follow, max-snippet:-1, max-image-preview:large, max-video-preview:-1\" \/>\n<link rel=\"canonical\" href=\"https:\/\/www.tui.com\/blog\/bergluft-schnuppern-im-tui-blue-montafon-in-oesterreich\/\" \/>\n<meta property=\"og:locale\" content=\"de_DE\" \/>\n<meta property=\"og:type\" content=\"article\" \/>\n<meta property=\"og:title\" content=\"Bergluft schnuppern im TUI BLUE Montafon in Vorarlberg in \u00d6sterreich - TUI.com Reiseblog \u2600\" \/>\n<meta property=\"og:description\" content=\"TUI Bloggerin Sandra berichtet von ihrer kleinen Auszeit im TUI BLUE Montafon in Vorarlberg in \u00d6sterreich.\" \/>\n<meta property=\"og:url\" content=\"https:\/\/www.tui.com\/blog\/bergluft-schnuppern-im-tui-blue-montafon-in-oesterreich\/\" \/>\n<meta property=\"og:site_name\" content=\"TUI.com Reiseblog \u2600\" \/>\n<meta property=\"article:published_time\" content=\"2021-10-06T08:00:00+00:00\" \/>\n<meta property=\"article:modified_time\" content=\"2024-09-09T07:52:58+00:00\" \/>\n<meta property=\"og:image\" content=\"https:\/\/www.tui.com\/blog\/wp-content\/uploads\/2023\/04\/oesterreich-mit-kindern.jpg\" \/>\n\t<meta property=\"og:image:width\" content=\"1400\" \/>\n\t<meta property=\"og:image:height\" content=\"788\" \/>\n\t<meta property=\"og:image:type\" content=\"image\/jpeg\" \/>\n<meta name=\"author\" content=\"TUI Bloggerin Sandra\" \/>\n<meta name=\"twitter:card\" content=\"summary_large_image\" \/>\n<meta name=\"twitter:label1\" content=\"Verfasst von\" \/>\n\t<meta name=\"twitter:data1\" content=\"TUI Bloggerin Sandra\" \/>\n\t<meta name=\"twitter:label2\" content=\"Gesch\u00e4tzte Lesezeit\" \/>\n\t<meta name=\"twitter:data2\" content=\"3\u00a0Minuten\" \/>\n<script type=\"application\/ld+json\" class=\"yoast-schema-graph\">{\"@context\":\"https:\\\/\\\/schema.org\",\"@graph\":[{\"@type\":\"BlogPosting\",\"@id\":\"https:\\\/\\\/www.tui.com\\\/blog\\\/bergluft-schnuppern-im-tui-blue-montafon-in-oesterreich\\\/#article\",\"isPartOf\":{\"@id\":\"https:\\\/\\\/www.tui.com\\\/blog\\\/bergluft-schnuppern-im-tui-blue-montafon-in-oesterreich\\\/\"},\"author\":{\"name\":\"TUI Bloggerin Sandra\",\"@id\":\"https:\\\/\\\/www.tui.com\\\/blog\\\/#\\\/schema\\\/person\\\/52c1976fb056b9e95e475324ec4e8444\"},\"headline\":\"Bergluft schnuppern im TUI BLUE Montafon in Vorarlberg in \u00d6sterreich\",\"datePublished\":\"2021-10-06T08:00:00+00:00\",\"dateModified\":\"2024-09-09T07:52:58+00:00\",\"mainEntityOfPage\":{\"@id\":\"https:\\\/\\\/www.tui.com\\\/blog\\\/bergluft-schnuppern-im-tui-blue-montafon-in-oesterreich\\\/\"},\"wordCount\":571,\"commentCount\":0,\"publisher\":{\"@id\":\"https:\\\/\\\/www.tui.com\\\/blog\\\/#organization\"},\"image\":{\"@id\":\"https:\\\/\\\/www.tui.com\\\/blog\\\/bergluft-schnuppern-im-tui-blue-montafon-in-oesterreich\\\/#primaryimage\"},\"thumbnailUrl\":\"https:\\\/\\\/www.tui.com\\\/blog\\\/wp-content\\\/uploads\\\/2023\\\/04\\\/oesterreich-mit-kindern.jpg\",\"keywords\":[\"Hotelmarke\",\"Hoteltipps\",\"\u00d6sterreich\",\"TUI BLUE\"],\"articleSection\":[\"Reiseplanung\",\"Reiseziele\"],\"inLanguage\":\"de\",\"potentialAction\":[{\"@type\":\"CommentAction\",\"name\":\"Comment\",\"target\":[\"https:\\\/\\\/www.tui.com\\\/blog\\\/bergluft-schnuppern-im-tui-blue-montafon-in-oesterreich\\\/#respond\"]}]},{\"@type\":\"WebPage\",\"@id\":\"https:\\\/\\\/www.tui.com\\\/blog\\\/bergluft-schnuppern-im-tui-blue-montafon-in-oesterreich\\\/\",\"url\":\"https:\\\/\\\/www.tui.com\\\/blog\\\/bergluft-schnuppern-im-tui-blue-montafon-in-oesterreich\\\/\",\"name\":\"Bergluft schnuppern im TUI BLUE Montafon in Vorarlberg in \u00d6sterreich - TUI.com Reiseblog \u2600\",\"isPartOf\":{\"@id\":\"https:\\\/\\\/www.tui.com\\\/blog\\\/#website\"},\"primaryImageOfPage\":{\"@id\":\"https:\\\/\\\/www.tui.com\\\/blog\\\/bergluft-schnuppern-im-tui-blue-montafon-in-oesterreich\\\/#primaryimage\"},\"image\":{\"@id\":\"https:\\\/\\\/www.tui.com\\\/blog\\\/bergluft-schnuppern-im-tui-blue-montafon-in-oesterreich\\\/#primaryimage\"},\"thumbnailUrl\":\"https:\\\/\\\/www.tui.com\\\/blog\\\/wp-content\\\/uploads\\\/2023\\\/04\\\/oesterreich-mit-kindern.jpg\",\"datePublished\":\"2021-10-06T08:00:00+00:00\",\"dateModified\":\"2024-09-09T07:52:58+00:00\",\"description\":\"TUI Bloggerin Sandra berichtet von ihrer kleinen Auszeit im TUI BLUE Montafon in Vorarlberg in \u00d6sterreich.\",\"breadcrumb\":{\"@id\":\"https:\\\/\\\/www.tui.com\\\/blog\\\/bergluft-schnuppern-im-tui-blue-montafon-in-oesterreich\\\/#breadcrumb\"},\"inLanguage\":\"de\",\"potentialAction\":[{\"@type\":\"ReadAction\",\"target\":[\"https:\\\/\\\/www.tui.com\\\/blog\\\/bergluft-schnuppern-im-tui-blue-montafon-in-oesterreich\\\/\"]}]},{\"@type\":\"ImageObject\",\"inLanguage\":\"de\",\"@id\":\"https:\\\/\\\/www.tui.com\\\/blog\\\/bergluft-schnuppern-im-tui-blue-montafon-in-oesterreich\\\/#primaryimage\",\"url\":\"https:\\\/\\\/www.tui.com\\\/blog\\\/wp-content\\\/uploads\\\/2023\\\/04\\\/oesterreich-mit-kindern.jpg\",\"contentUrl\":\"https:\\\/\\\/www.tui.com\\\/blog\\\/wp-content\\\/uploads\\\/2023\\\/04\\\/oesterreich-mit-kindern.jpg\",\"width\":1400,\"height\":788,\"caption\":\"Sommer wie Winter: \u00d6sterreich ist immer ein tolles Urlaubsziel f\u00fcr Kinder\"},{\"@type\":\"BreadcrumbList\",\"@id\":\"https:\\\/\\\/www.tui.com\\\/blog\\\/bergluft-schnuppern-im-tui-blue-montafon-in-oesterreich\\\/#breadcrumb\",\"itemListElement\":[{\"@type\":\"ListItem\",\"position\":1,\"name\":\"Startseite\",\"item\":\"https:\\\/\\\/www.tui.com\\\/blog\\\/\"},{\"@type\":\"ListItem\",\"position\":2,\"name\":\"Bergluft schnuppern im TUI BLUE Montafon in Vorarlberg in \u00d6sterreich\"}]},{\"@type\":\"WebSite\",\"@id\":\"https:\\\/\\\/www.tui.com\\\/blog\\\/#website\",\"url\":\"https:\\\/\\\/www.tui.com\\\/blog\\\/\",\"name\":\"TUI.com Reiseblog \u2600\",\"description\":\"Abenteuer oder lieber an den Strand? \u2600 Der TUI Reiseblog bietet tolle Infos rund um deine n\u00e4chste Reise \u2708 Komm vorbei und lass dich inspirieren \u221a\",\"publisher\":{\"@id\":\"https:\\\/\\\/www.tui.com\\\/blog\\\/#organization\"},\"potentialAction\":[{\"@type\":\"SearchAction\",\"target\":{\"@type\":\"EntryPoint\",\"urlTemplate\":\"https:\\\/\\\/www.tui.com\\\/blog\\\/?s={search_term_string}\"},\"query-input\":{\"@type\":\"PropertyValueSpecification\",\"valueRequired\":true,\"valueName\":\"search_term_string\"}}],\"inLanguage\":\"de\"},{\"@type\":\"Organization\",\"@id\":\"https:\\\/\\\/www.tui.com\\\/blog\\\/#organization\",\"name\":\"TUI.com Reiseblog \u2600\",\"url\":\"https:\\\/\\\/www.tui.com\\\/blog\\\/\",\"logo\":{\"@type\":\"ImageObject\",\"inLanguage\":\"de\",\"@id\":\"https:\\\/\\\/www.tui.com\\\/blog\\\/#\\\/schema\\\/logo\\\/image\\\/\",\"url\":\"https:\\\/\\\/www.tui.com\\\/blog\\\/wp-content\\\/uploads\\\/2023\\\/04\\\/cropped-tui-logo-3.png\",\"contentUrl\":\"https:\\\/\\\/www.tui.com\\\/blog\\\/wp-content\\\/uploads\\\/2023\\\/04\\\/cropped-tui-logo-3.png\",\"width\":164,\"height\":72,\"caption\":\"TUI.com Reiseblog \u2600\"},\"image\":{\"@id\":\"https:\\\/\\\/www.tui.com\\\/blog\\\/#\\\/schema\\\/logo\\\/image\\\/\"}},{\"@type\":\"Person\",\"@id\":\"https:\\\/\\\/www.tui.com\\\/blog\\\/#\\\/schema\\\/person\\\/52c1976fb056b9e95e475324ec4e8444\",\"name\":\"TUI Bloggerin Sandra\",\"image\":{\"@type\":\"ImageObject\",\"inLanguage\":\"de\",\"@id\":\"https:\\\/\\\/www.tui.com\\\/blog\\\/wp-content\\\/uploads\\\/2019\\\/01\\\/50329060_10218153104443726_7597041103530885120_n-96x96.jpg\",\"url\":\"https:\\\/\\\/www.tui.com\\\/blog\\\/wp-content\\\/uploads\\\/2019\\\/01\\\/50329060_10218153104443726_7597041103530885120_n-96x96.jpg\",\"contentUrl\":\"https:\\\/\\\/www.tui.com\\\/blog\\\/wp-content\\\/uploads\\\/2019\\\/01\\\/50329060_10218153104443726_7597041103530885120_n-96x96.jpg\",\"caption\":\"TUI Bloggerin Sandra\"},\"url\":\"https:\\\/\\\/www.tui.com\\\/blog\\\/author\\\/sandra\\\/\"}]}<\/script>\n<!-- \/ Yoast SEO plugin. -->","yoast_head_json":{"title":"Bergluft schnuppern im TUI BLUE Montafon in Vorarlberg in \u00d6sterreich - TUI.com Reiseblog \u2600","description":"TUI Bloggerin Sandra berichtet von ihrer kleinen Auszeit im TUI BLUE Montafon in Vorarlberg in \u00d6sterreich.","robots":{"index":"index","follow":"follow","max-snippet":"max-snippet:-1","max-image-preview":"max-image-preview:large","max-video-preview":"max-video-preview:-1"},"canonical":"https:\/\/www.tui.com\/blog\/bergluft-schnuppern-im-tui-blue-montafon-in-oesterreich\/","og_locale":"de_DE","og_type":"article","og_title":"Bergluft schnuppern im TUI BLUE Montafon in Vorarlberg in \u00d6sterreich - TUI.com Reiseblog \u2600","og_description":"TUI Bloggerin Sandra berichtet von ihrer kleinen Auszeit im TUI BLUE Montafon in Vorarlberg in \u00d6sterreich.","og_url":"https:\/\/www.tui.com\/blog\/bergluft-schnuppern-im-tui-blue-montafon-in-oesterreich\/","og_site_name":"TUI.com Reiseblog \u2600","article_published_time":"2021-10-06T08:00:00+00:00","article_modified_time":"2024-09-09T07:52:58+00:00","og_image":[{"width":1400,"height":788,"url":"https:\/\/www.tui.com\/blog\/wp-content\/uploads\/2023\/04\/oesterreich-mit-kindern.jpg","type":"image\/jpeg"}],"author":"TUI Bloggerin Sandra","twitter_card":"summary_large_image","twitter_misc":{"Verfasst von":"TUI Bloggerin Sandra","Gesch\u00e4tzte Lesezeit":"3\u00a0Minuten"},"schema":{"@context":"https:\/\/schema.org","@graph":[{"@type":"BlogPosting","@id":"https:\/\/www.tui.com\/blog\/bergluft-schnuppern-im-tui-blue-montafon-in-oesterreich\/#article","isPartOf":{"@id":"https:\/\/www.tui.com\/blog\/bergluft-schnuppern-im-tui-blue-montafon-in-oesterreich\/"},"author":{"name":"TUI Bloggerin Sandra","@id":"https:\/\/www.tui.com\/blog\/#\/schema\/person\/52c1976fb056b9e95e475324ec4e8444"},"headline":"Bergluft schnuppern im TUI BLUE Montafon in Vorarlberg in \u00d6sterreich","datePublished":"2021-10-06T08:00:00+00:00","dateModified":"2024-09-09T07:52:58+00:00","mainEntityOfPage":{"@id":"https:\/\/www.tui.com\/blog\/bergluft-schnuppern-im-tui-blue-montafon-in-oesterreich\/"},"wordCount":571,"commentCount":0,"publisher":{"@id":"https:\/\/www.tui.com\/blog\/#organization"},"image":{"@id":"https:\/\/www.tui.com\/blog\/bergluft-schnuppern-im-tui-blue-montafon-in-oesterreich\/#primaryimage"},"thumbnailUrl":"https:\/\/www.tui.com\/blog\/wp-content\/uploads\/2023\/04\/oesterreich-mit-kindern.jpg","keywords":["Hotelmarke","Hoteltipps","\u00d6sterreich","TUI BLUE"],"articleSection":["Reiseplanung","Reiseziele"],"inLanguage":"de","potentialAction":[{"@type":"CommentAction","name":"Comment","target":["https:\/\/www.tui.com\/blog\/bergluft-schnuppern-im-tui-blue-montafon-in-oesterreich\/#respond"]}]},{"@type":"WebPage","@id":"https:\/\/www.tui.com\/blog\/bergluft-schnuppern-im-tui-blue-montafon-in-oesterreich\/","url":"https:\/\/www.tui.com\/blog\/bergluft-schnuppern-im-tui-blue-montafon-in-oesterreich\/","name":"Bergluft schnuppern im TUI BLUE Montafon in Vorarlberg in \u00d6sterreich - TUI.com Reiseblog \u2600","isPartOf":{"@id":"https:\/\/www.tui.com\/blog\/#website"},"primaryImageOfPage":{"@id":"https:\/\/www.tui.com\/blog\/bergluft-schnuppern-im-tui-blue-montafon-in-oesterreich\/#primaryimage"},"image":{"@id":"https:\/\/www.tui.com\/blog\/bergluft-schnuppern-im-tui-blue-montafon-in-oesterreich\/#primaryimage"},"thumbnailUrl":"https:\/\/www.tui.com\/blog\/wp-content\/uploads\/2023\/04\/oesterreich-mit-kindern.jpg","datePublished":"2021-10-06T08:00:00+00:00","dateModified":"2024-09-09T07:52:58+00:00","description":"TUI Bloggerin Sandra berichtet von ihrer kleinen Auszeit im TUI BLUE Montafon in Vorarlberg in \u00d6sterreich.","breadcrumb":{"@id":"https:\/\/www.tui.com\/blog\/bergluft-schnuppern-im-tui-blue-montafon-in-oesterreich\/#breadcrumb"},"inLanguage":"de","potentialAction":[{"@type":"ReadAction","target":["https:\/\/www.tui.com\/blog\/bergluft-schnuppern-im-tui-blue-montafon-in-oesterreich\/"]}]},{"@type":"ImageObject","inLanguage":"de","@id":"https:\/\/www.tui.com\/blog\/bergluft-schnuppern-im-tui-blue-montafon-in-oesterreich\/#primaryimage","url":"https:\/\/www.tui.com\/blog\/wp-content\/uploads\/2023\/04\/oesterreich-mit-kindern.jpg","contentUrl":"https:\/\/www.tui.com\/blog\/wp-content\/uploads\/2023\/04\/oesterreich-mit-kindern.jpg","width":1400,"height":788,"caption":"Sommer wie Winter: \u00d6sterreich ist immer ein tolles Urlaubsziel f\u00fcr Kinder"},{"@type":"BreadcrumbList","@id":"https:\/\/www.tui.com\/blog\/bergluft-schnuppern-im-tui-blue-montafon-in-oesterreich\/#breadcrumb","itemListElement":[{"@type":"ListItem","position":1,"name":"Startseite","item":"https:\/\/www.tui.com\/blog\/"},{"@type":"ListItem","position":2,"name":"Bergluft schnuppern im TUI BLUE Montafon in Vorarlberg in \u00d6sterreich"}]},{"@type":"WebSite","@id":"https:\/\/www.tui.com\/blog\/#website","url":"https:\/\/www.tui.com\/blog\/","name":"TUI.com Reiseblog \u2600","description":"Abenteuer oder lieber an den Strand? \u2600 Der TUI Reiseblog bietet tolle Infos rund um deine n\u00e4chste Reise \u2708 Komm vorbei und lass dich inspirieren \u221a","publisher":{"@id":"https:\/\/www.tui.com\/blog\/#organization"},"potentialAction":[{"@type":"SearchAction","target":{"@type":"EntryPoint","urlTemplate":"https:\/\/www.tui.com\/blog\/?s={search_term_string}"},"query-input":{"@type":"PropertyValueSpecification","valueRequired":true,"valueName":"search_term_string"}}],"inLanguage":"de"},{"@type":"Organization","@id":"https:\/\/www.tui.com\/blog\/#organization","name":"TUI.com Reiseblog \u2600","url":"https:\/\/www.tui.com\/blog\/","logo":{"@type":"ImageObject","inLanguage":"de","@id":"https:\/\/www.tui.com\/blog\/#\/schema\/logo\/image\/","url":"https:\/\/www.tui.com\/blog\/wp-content\/uploads\/2023\/04\/cropped-tui-logo-3.png","contentUrl":"https:\/\/www.tui.com\/blog\/wp-content\/uploads\/2023\/04\/cropped-tui-logo-3.png","width":164,"height":72,"caption":"TUI.com Reiseblog \u2600"},"image":{"@id":"https:\/\/www.tui.com\/blog\/#\/schema\/logo\/image\/"}},{"@type":"Person","@id":"https:\/\/www.tui.com\/blog\/#\/schema\/person\/52c1976fb056b9e95e475324ec4e8444","name":"TUI Bloggerin Sandra","image":{"@type":"ImageObject","inLanguage":"de","@id":"https:\/\/www.tui.com\/blog\/wp-content\/uploads\/2019\/01\/50329060_10218153104443726_7597041103530885120_n-96x96.jpg","url":"https:\/\/www.tui.com\/blog\/wp-content\/uploads\/2019\/01\/50329060_10218153104443726_7597041103530885120_n-96x96.jpg","contentUrl":"https:\/\/www.tui.com\/blog\/wp-content\/uploads\/2019\/01\/50329060_10218153104443726_7597041103530885120_n-96x96.jpg","caption":"TUI Bloggerin Sandra"},"url":"https:\/\/www.tui.com\/blog\/author\/sandra\/"}]}},"_links":{"self":[{"href":"https:\/\/www.tui.com\/blog\/wp-json\/wp\/v2\/posts\/188076","targetHints":{"allow":["GET"]}}],"collection":[{"href":"https:\/\/www.tui.com\/blog\/wp-json\/wp\/v2\/posts"}],"about":[{"href":"https:\/\/www.tui.com\/blog\/wp-json\/wp\/v2\/types\/post"}],"author":[{"embeddable":true,"href":"https:\/\/www.tui.com\/blog\/wp-json\/wp\/v2\/users\/95"}],"replies":[{"embeddable":true,"href":"https:\/\/www.tui.com\/blog\/wp-json\/wp\/v2\/comments?post=188076"}],"version-history":[{"count":6,"href":"https:\/\/www.tui.com\/blog\/wp-json\/wp\/v2\/posts\/188076\/revisions"}],"predecessor-version":[{"id":445474,"href":"https:\/\/www.tui.com\/blog\/wp-json\/wp\/v2\/posts\/188076\/revisions\/445474"}],"wp:featuredmedia":[{"embeddable":true,"href":"https:\/\/www.tui.com\/blog\/wp-json\/wp\/v2\/media\/150784"}],"wp:attachment":[{"href":"https:\/\/www.tui.com\/blog\/wp-json\/wp\/v2\/media?parent=188076"}],"wp:term":[{"taxonomy":"category","embeddable":true,"href":"https:\/\/www.tui.com\/blog\/wp-json\/wp\/v2\/categories?post=188076"},{"taxonomy":"post_tag","embeddable":true,"href":"https:\/\/www.tui.com\/blog\/wp-json\/wp\/v2\/tags?post=188076"}],"curies":[{"name":"wp","href":"https:\/\/api.w.org\/{rel}","templated":true}]}}