{"id":189238,"date":"2020-10-07T08:45:36","date_gmt":"2020-10-07T06:45:36","guid":{"rendered":"https:\/\/blog.tui.info\/nicht-nur-fuer-blumenkinder-madeira-mit-der-ganzen-familie-teil-2\/"},"modified":"2025-07-28T11:12:07","modified_gmt":"2025-07-28T09:12:07","slug":"nicht-nur-fuer-blumenkinder-madeira-mit-der-ganzen-familie-teil-2","status":"publish","type":"post","link":"https:\/\/www.tui.com\/blog\/nicht-nur-fuer-blumenkinder-madeira-mit-der-ganzen-familie-teil-2\/","title":{"rendered":"Nicht nur f\u00fcr Blumenkinder: Madeira mit der ganzen Familie \u2013 Teil 2"},"content":{"rendered":"<p class=\"firstTextGrey\"><a href=\"https:\/\/www.tui.com\/blog\/nicht-nur-fuer-blumenkinder-madeira-mit-der-ganzen-familie-teil-1\/\" target=\"_blank\" rel=\"noopener noreferrer\">In Teil 1 unserer kleinen Madeira-Reihe<\/a> hier auf dem TUI Blog haben wir dir bereits von aufregenden Wassererlebnissen berichtet. In Teil 2 zeigen wir dir, was dich kulturell Spannendes auf der Blumeninsel erwartet. <a href=\"https:\/\/www.tui.com\/pauschalreisen\/portugal\/madeira\/\">Madeira<\/a> ist garantiert etwas f\u00fcr die ganze Familie!<\/p>\n\n\n<h2 class=\"wp-block-heading\"><strong>Nicht nur f\u00fcr Schlauf\u00fcchse: spannende Museen auf Madeira!<\/strong><\/h2>\n\n\n\n<p>Vom Hafen aus erreichst du fu\u00dfl\u00e4ufig etliche Museen, so auch das CR7 Museum. Ein Highlight im Urlaub auf Madeira mit der ganzen Familie. Und f\u00fcr die Erwachsenen ist sicherlich die Blandy\u2019s Wine Lodge eine willkommene Abwechslung.<\/p>\n\n\n\n<h2 class=\"wp-block-heading\"><strong>Eine runde Sache: das CR7 Museo<\/strong><\/h2>\n\n\n\n<p>Madeira ist die Heimat von Superstar Christiano Ronaldo. Voller Stolz hat die Insel ihrem ber\u00fchmtesten Bewohner eine \u00fcberlebensgro\u00dfe Bronzestatue gewidmet, die zun\u00e4chst aufgrund ihrer dilettantischen Ausf\u00fchrung f\u00fcr viel Hohn und Spott gesorgt hat. Der K\u00fcnstler hat das Denkmal nun nachbearbeitet &#8211; es befindet sich inzwischen im eigens von und f\u00fcr Christiano Ronaldo geschaffenen Museum. Du kannst dort seine Troph\u00e4en bewundern und seine Karriere anhand von Fotos nachverfolgen. Au\u00dferdem kannst du dich neben einer lebensgro\u00dfen Wachsfigur des Weltfu\u00dfballers ablichten lassen. <a href=\"http:\/\/www.museucr7.com\/\" target=\"_blank\" rel=\"noreferrer noopener nofollow\">Schau dir hier vorab am besten an<\/a>, wann das Museum ge\u00f6ffnet ist.<\/p>\n\n\n\n<h2 class=\"wp-block-heading\"><strong>Viel zu erz\u00e4hlen: das Madeira Story Center<\/strong><\/h2>\n\n\n\n<p>Mitten in der Altstadt am Fu\u00dfe der Seilbahn zum Tropischen Garten befindet sich dieses interaktive Museum, das den Besucher spielerisch auf eine virtuelle Reise zu den vulkanischen Anf\u00e4ngen Madeiras schickt. Nat\u00fcrlich kommt auch das Zeitalter der Entdecker und Piraten nicht zu kurz. Eine spannende Geschichtsstunde f\u00fcr Gro\u00df und Klein. Der Eintritt betr\u00e4gt 5 \u20ac und <a href=\"http:\/\/www.madeirastorycentre.com\" target=\"_blank\" rel=\"noreferrer noopener nofollow\">\u00d6ffnungszeiten erf\u00e4hrst du hier<\/a>.<\/p>\n\n\n\n<figure class=\"wp-block-gallery aligncenter has-nested-images columns-default is-cropped wp-block-gallery-1 is-layout-flex wp-block-gallery-is-layout-flex\">\n<figure class=\"wp-block-image size-large\"><img decoding=\"async\" data-id=\"45663\" src=\"https:\/\/www.tui.com\/blog\/wp-content\/uploads\/2023\/04\/strand_madeira.jpg\" alt=\"Traumhafter Blick auf den Strand von Prainha in der N\u00e4he von Canical Stadt.\" class=\"wp-image-45663\"\/><figcaption class=\"wp-element-caption\">Traumhafter Blick auf den Strand von Prainha in der N\u00e4he von Canical Stadt.<\/figcaption><\/figure>\n<\/figure>\n\n\n\n<h2 class=\"wp-block-heading\"><strong>Hier geht dir bestimmt ein Licht auf: das Museu da Electricidade<\/strong><\/h2>\n\n\n\n<p>Das Museu da Electricidade befindet sich im ehemaligen Heizkraftwerk der Inselhauptstadt. Dort erfahren Kinder alles \u00fcber Elektrizit\u00e4t und k\u00f6nnen sogar selbst Strom erzeugen! Sicher ein au\u00dfergew\u00f6hnliches Urlaubserlebnis f\u00fcr die ganze Familie.<\/p>\n\n\n\n<h2 class=\"wp-block-heading\"><strong>Auf geht\u2019s: lohnende Ausfl\u00fcge f\u00fcr kleine Entdecker!<\/strong><\/h2>\n\n\n\n<p>Neben jeder Menge toller Landschaften und \u00fcberbordender Natur, die du mit deinen Kids bei euren Streifz\u00fcgen \u00fcber die Insel entdecken kannst, gibt es jede Menge lohnende Ziele f\u00fcr einen Familienausflug, z.B. einen spektakul\u00e4ren Skywalk, ein weitverzweigtes H\u00f6hlensystem oder das Aquarium von Madeira.<\/p>\n\n\n\n<h2 class=\"wp-block-heading\"><strong>Geschichte zum Anfassen: der Parque Tematico da Madeira<\/strong><\/h2>\n\n\n\n<p>Ebenfalls auf der Nordseite der Insel findest du in dem St\u00e4dtchen Santana mit seinen typischen strohgedeckten H\u00e4usern einen der interessantesten Parks der Insel &#8211; den Themenpark Madeira. Dort dreht sich alles um die Kultur, Geschichte und Traditionen Madeiras. Auf dem R\u00fcckweg k\u00f6nnt ihr einen Abstecher zum Strand \u201ePraia de Machico\u201c machen oder einen sch\u00f6nen Spaziergang durch den gr\u00fcnen Laurisilva-Wald unternehmen, wo ihr nach ca. 2 km einen kleinen Waldpark erreicht, der sich sehr gut f\u00fcr ein Picknick eignet. Dort gibt es auch eine nette Caf\u00e9teria und einen Teich.<\/p>\n\n\n\n<h2 class=\"wp-block-heading\"><strong>Unterirdisch: die Caves S\u00e3o Vicente<\/strong><\/h2>\n\n\n\n<p>Eine von Madeiras bekanntesten Sehensw\u00fcrdigkeiten sind die Grotten von S\u00e3o Vicente. Das 700 m lange bizarre Lavatunnelsystem befindet sich im Norden der Insel, etwa 35 km von Funchal entfernt. Die H\u00f6hlen entstanden vor sage und schreibe 900.000 Jahren bei einem Vulkanausbruch. F\u00fcr die Tour durch die H\u00f6hle mit anschlie\u00dfendem Besuch des Infozentrums, wo ihr Wissenswertes \u00fcber den Vulkanismus auf Madeira erfahrt, planst du am besten eineinhalb Stunden ein. Kein absolutes Muss, aber eine gute Wahl an einem Regentag.<\/p>\n\n\n\n<figure class=\"wp-block-gallery alignright has-nested-images columns-default is-cropped wp-block-gallery-2 is-layout-flex wp-block-gallery-is-layout-flex\">\n<figure class=\"wp-block-image size-large\"><img decoding=\"async\" data-id=\"45660\" src=\"https:\/\/www.tui.com\/blog\/wp-content\/uploads\/2023\/04\/skywalk_madeira.jpg\" alt=\"Schwindelerregend: der Cabo Gir\u00e3o Skywalk, perfekt f\u00fcr einen Familienurlaub auf Madeira\" class=\"wp-image-45660\"\/><figcaption class=\"wp-element-caption\">Schwindelerregend! Der Cabo Gir\u00e3o Skywalk auf einer der h\u00f6chsten Klippen Europas mit einer H\u00f6he von 580 m.<\/figcaption><\/figure>\n<\/figure>\n\n\n\n<h2 class=\"wp-block-heading\"><strong>Schwindelerregend: der Cabo Gir\u00e3o Skywalk<\/strong><\/h2>\n\n\n\n<p>Bist du wirklich schwindelfrei? Dann solltest du dir den <a href=\"http:\/\/www.visitmadeira.pt\/pt-pt\/explorar\/detalhe\/cabogirao\" target=\"_blank\" rel=\"noreferrer noopener nofollow\">Cabo Gir\u00e3o Skywalk<\/a> nicht entgehen lassen: Das Cabo Gir\u00e3o ist eine Steilklippe im S\u00fcden Madeiras, die mit ihren 580 m H\u00f6he zu den h\u00f6chsten Steilklippen Europas z\u00e4hlt. Die Glasboden-Plattform des spektakul\u00e4ren Skywalks ist der des Grand Canyon in den USA nachempfunden \u2013 die Aussicht auf die darunter liegenden Terrassenfelder und das Meer ist atemberaubend sch\u00f6n! Am Aussichtspunkt findest du eine Bar und ausreichend Parkpl\u00e4tze.<br>Unterhalb der Klippe gibt es auf ca. 300 m H\u00f6he ein Restaurant, von dem aus man f\u00fcr 5 \u20ac mit der Seilbahn \u00fcber die Terrassenfelder zum (Stein-) Strand fahren kann. Der Ausblick und die Fahrt lohnen sich, der Strand nicht unbedingt&#8230;<\/p>\n\n\n\n<h2 class=\"wp-block-heading\"><strong>\u00dcber den D\u00e4chern von Funchal: zum Jardim Tropical de Monte und zur\u00fcck<\/strong><\/h2>\n\n\n\n<figure class=\"wp-block-gallery alignright has-nested-images columns-default is-cropped wp-block-gallery-3 is-layout-flex wp-block-gallery-is-layout-flex\">\n<figure class=\"wp-block-image size-large\"><img decoding=\"async\" data-id=\"45659\" src=\"https:\/\/www.tui.com\/blog\/wp-content\/uploads\/2023\/04\/gondelfahrt_ueber_den_daechern_von_funchal.jpg\" alt=\"Gondelfahrt \u00fcber den D\u00e4chern von Funchal. Perfekter Ausflug auf Madeira f\u00fcr die ganze Familien \" class=\"wp-image-45659\"\/><figcaption class=\"wp-element-caption\">Eine Gondelfahrt \u00fcber den D\u00e4chern von Funchal geh\u00f6rt zu einem Madeira-Besuch einfach dazu. Perfekt f\u00fcr die ganze Familie.<\/figcaption><\/figure>\n<\/figure>\n\n\n\n<p>Der Klassiker unter den Stadttouren in Funchal ist eine Gondelfahrt hinauf zum Monte \u2013 zur\u00fcck geht es stilecht mit dem Korbschlitten! Unweit des Marktes in der Altstadt startet die Luftseilbahn hinauf zum Villenviertel Monte. Auf der rund 20-min\u00fctigen Fahrt schwebst du \u00fcber den D\u00e4chern von Funchal und kannst die vielen sch\u00f6nen Stadtg\u00e4rten und H\u00e4user bewundern. Oben angekommen erwartet dich der paradiesische tropische Garten Monte Palace mit Mammutb\u00e4umen, riesigen Palmfarnen, Orchideen und skurrilen orientalischen Figuren. Ebenfalls lohnenswert ist ein Besuch der katholischen Wallfahrtskirche Nossa Senhora do Monte. Zur\u00fcck k\u00f6nnt ihr dann die halbe Strecke mit dem ber\u00fchmten Korbschlitten fahren! F\u00fcr den restlichen Weg nehmt ihr am besten den Bus oder ein Taxi.<\/p>\n\n\n\n<h2 class=\"wp-block-heading\"><strong>Madeiras \u00fcppiger Festivalkalender<\/strong><\/h2>\n\n\n\n<p>Madeira hat \u00fcber das Jahr verteilt einen prallgef\u00fcllten Festivalkalender zu bieten. Vielleicht kannst du mit deiner Familie ja eines dieser einzigartigen Feste miterleben?<br>Los geht es im Februar mit dem <strong>Karneval<\/strong>: Die Samba-Umz\u00fcge zu hei\u00dfen Latino-Rhythmen z\u00e4hlen zu den farbenfrohsten Paraden au\u00dferhalb von Rio!<br>Im April folgt dann das ebenfalls sehr bunte und pr\u00e4chtige <strong>Blumenfest<\/strong>, bei dem sich ganz Funchal in ein einziges Bl\u00fctenmeer verwandelt.<br>Im Juni erwartet euch am Hafen von Funchal das <strong>Festival do Atl\u00e1ntico <\/strong>mit zahlreichen Konzerten und anderen kulturellen Highlights.<br>Im September feiert dann die Insel Porto Santo den Entdecker Chrisopher Kolumbus. Das <strong>Kolumbus-Festival <\/strong>l\u00e4sst die Epoche der gro\u00dfen Seefahrer und Piraten mit zahlreichen Musik- und Theaterauff\u00fchrungen wiederaufleben.<br>Zu <strong>Silvester<\/strong> erwartet dich in der Inselhauptstadt wohl eines der stimmungsvollsten Feuerwerke weltweit \u2013 einfach mega!<\/p>\n\n\n\n<figure class=\"wp-block-gallery alignright has-nested-images columns-default is-cropped wp-block-gallery-4 is-layout-flex wp-block-gallery-is-layout-flex\">\n<figure class=\"wp-block-image size-large\"><img decoding=\"async\" data-id=\"45658\" src=\"https:\/\/www.tui.com\/blog\/wp-content\/uploads\/2023\/04\/selvi_youtuber_instagram_madeira.jpg\" alt=\"YouTuber auf der Blumeninsel Madeira\" class=\"wp-image-45658\"\/><figcaption class=\"wp-element-caption\">Halten ihr Leben auf Madeira mit der Kamera fest &#8211; auch einige YouTuber hat es auf die Blumeninsel verschlagen.<\/figcaption><\/figure>\n<\/figure>\n\n\n\n<h2 class=\"wp-block-heading\"><strong>Zu guter Letzt: angesagte YouTuber auf der Blumeninsel<\/strong><\/h2>\n\n\n\n<p>Falls du jetzt immer noch ein paar Argumente brauchst, um deine halbw\u00fcchsigen Teenager-Kinder von den Vorz\u00fcgen Madeiras zu \u00fcberzeugen \u2013 die You Tuber Unge und Reved haben sich sicherlich nicht ohne Grund dauerhaft auf der Insel niedergelassen und f\u00fcttern ihre Chanels seit geraumer Zeit von Madeira aus. Auch You Tube-Star Rewi (rewinside) kommt h\u00e4ufig zu Besuch auf die Blumeninsel.<\/p>\n\n\n\n<h2 class=\"wp-block-heading\"><strong>Unser Fazit f\u00fcr einen Urlaub mit der Familie auf Madeira:<\/strong><\/h2>\n\n\n\n<p>Madeira ist auch oder gerade mit Kindern ein tolles Reiseziel. Das Klima ist super angenehm, es gibt viel zu erleben und sogar das Baden am oder im Meer ist an einigen Stellen gefahrlos m\u00f6glich \u2013 also nichts wie hin! Madeira bietet der ganzen Familie einen tollen, abwechslungsreichen Urlaub.<\/p>\n\n\n\n<div class=\"wp-block-cover is-light\" style=\"min-height:284px;aspect-ratio:unset;\"><span aria-hidden=\"true\" class=\"wp-block-cover__background has-background-dim-100 has-background-dim\" style=\"background-color:#dde0e2\"><\/span><div class=\"wp-block-cover__inner-container is-layout-flow wp-block-cover-is-layout-flow\">\n<p class=\"has-text-align-center has-black-color has-text-color\"><strong>Alle TUI Angebote f\u00fcr den n\u00e4chsten Madeira Urlaub<\/strong><\/p>\n\n\n\n<p class=\"has-text-align-center has-black-color has-text-color\">\u2708 +   <a href=\"https:\/\/www.tui.com\/pauschalreisen\/portugal\/madeira\/?contentid=blog_verteilerbox_pauschalreise\" target=\"_blank\" rel=\"noreferrer noopener\">Alle Pauschalreise-Angebote f\u00fcr Madeira<\/a><br>  <a href=\"https:\/\/www.tui.com\/hotels\/portugal\/madeira\/?contentid=blog_verteilerbox_hotel\" target=\"_blank\" rel=\"noreferrer noopener\">Alle Hotelangebote f\u00fcr Madeira<\/a><br>\u2708 <a href=\"https:\/\/www.tui.com\/flug\/funchal-madeira?contentid=blog_verteilerbox_flug\" target=\"_blank\" rel=\"noreferrer noopener\">Alle Flugangebote nach Madeira<\/a><br> <a href=\"https:\/\/www.tui.com\/tui-ausfluege\/?contentid=blog_verteilerbox_ausfluege\" target=\"_blank\" rel=\"noreferrer noopener\">Alle TUI Ausfl\u00fcge entdecken<\/a><br>  <a href=\"https:\/\/www.tui.com\/mietwagen\/?contentid=blog_verteilerbox_mietwagen\" target=\"_blank\" rel=\"noreferrer noopener\">Zur Mietwagenbuchung<\/a><\/p>\n<\/div><\/div>\n","protected":false},"excerpt":{"rendered":"<p>In Teil 1 unserer kleinen Madeira-Reihe hier auf dem TUI Blog haben wir dir bereits von aufregenden Wassererlebnissen berichtet. In Teil 2 zeigen wir dir, was dich kulturell Spannendes auf der Blumeninsel erwartet. Madeira ist garantiert etwas f\u00fcr die ganze Familie! Nicht nur f\u00fcr Schlauf\u00fcchse: spannende Museen auf Madeira! Vom<\/p>\n","protected":false},"author":86,"featured_media":189094,"comment_status":"open","ping_status":"open","sticky":false,"template":"","format":"standard","meta":{"_acf_changed":false,"footnotes":""},"categories":[4052,4030,4060,4050],"tags":[523,518,107,411],"class_list":["post-189238","post","type-post","status-publish","format-standard","has-post-thumbnail","hentry","category-archiv-reisearten","category-archiv-reiseziele","category-archiv-urlaub-mit-familie","category-archiv-weitere-beliebte-reiseziele","tag-familienurlaub","tag-madeira","tag-portugal","tag-reisen-mit-kindern"],"acf":[],"yoast_head":"<!-- This site is optimized with the Yoast SEO plugin v27.4 - https:\/\/yoast.com\/product\/yoast-seo-wordpress\/ -->\n<title>Nicht nur f\u00fcr Blumenkinder: Madeira mit der ganzen Familie \u2013 Teil 2 - TUI.com Reiseblog \u2600<\/title>\n<meta name=\"robots\" content=\"index, follow, max-snippet:-1, max-image-preview:large, max-video-preview:-1\" \/>\n<link rel=\"canonical\" href=\"https:\/\/www.tui.com\/blog\/nicht-nur-fuer-blumenkinder-madeira-mit-der-ganzen-familie-teil-2\/\" \/>\n<meta property=\"og:locale\" content=\"de_DE\" \/>\n<meta property=\"og:type\" content=\"article\" \/>\n<meta property=\"og:title\" content=\"Nicht nur f\u00fcr Blumenkinder: Madeira mit der ganzen Familie \u2013 Teil 2 - TUI.com Reiseblog \u2600\" \/>\n<meta property=\"og:description\" content=\"In Teil 1 unserer kleinen Madeira-Reihe hier auf dem TUI Blog haben wir dir bereits von aufregenden Wassererlebnissen berichtet. In Teil 2 zeigen wir dir, was dich kulturell Spannendes auf der Blumeninsel erwartet. Madeira ist garantiert etwas f\u00fcr die ganze Familie! Nicht nur f\u00fcr Schlauf\u00fcchse: spannende Museen auf Madeira! Vom\" \/>\n<meta property=\"og:url\" content=\"https:\/\/www.tui.com\/blog\/nicht-nur-fuer-blumenkinder-madeira-mit-der-ganzen-familie-teil-2\/\" \/>\n<meta property=\"og:site_name\" content=\"TUI.com Reiseblog \u2600\" \/>\n<meta property=\"article:published_time\" content=\"2020-10-07T06:45:36+00:00\" \/>\n<meta property=\"article:modified_time\" content=\"2025-07-28T09:12:07+00:00\" \/>\n<meta property=\"og:image\" content=\"https:\/\/www.tui.com\/blog\/wp-content\/uploads\/2023\/04\/madeira_wander_familienurlbau_blumen.jpg\" \/>\n\t<meta property=\"og:image:width\" content=\"845\" \/>\n\t<meta property=\"og:image:height\" content=\"321\" \/>\n\t<meta property=\"og:image:type\" content=\"image\/jpeg\" \/>\n<meta name=\"author\" content=\"TUI Reiseexperten\" \/>\n<meta name=\"twitter:card\" content=\"summary_large_image\" \/>\n<meta name=\"twitter:label1\" content=\"Verfasst von\" \/>\n\t<meta name=\"twitter:data1\" content=\"TUI Reiseexperten\" \/>\n\t<meta name=\"twitter:label2\" content=\"Gesch\u00e4tzte Lesezeit\" \/>\n\t<meta name=\"twitter:data2\" content=\"6\u00a0Minuten\" \/>\n<script type=\"application\/ld+json\" class=\"yoast-schema-graph\">{\"@context\":\"https:\\\/\\\/schema.org\",\"@graph\":[{\"@type\":\"BlogPosting\",\"@id\":\"https:\\\/\\\/www.tui.com\\\/blog\\\/nicht-nur-fuer-blumenkinder-madeira-mit-der-ganzen-familie-teil-2\\\/#article\",\"isPartOf\":{\"@id\":\"https:\\\/\\\/www.tui.com\\\/blog\\\/nicht-nur-fuer-blumenkinder-madeira-mit-der-ganzen-familie-teil-2\\\/\"},\"author\":{\"name\":\"TUI Reiseexperten\",\"@id\":\"https:\\\/\\\/www.tui.com\\\/blog\\\/#\\\/schema\\\/person\\\/e0405bcbd5102f3edd229113f1c50a06\"},\"headline\":\"Nicht nur f\u00fcr Blumenkinder: Madeira mit der ganzen Familie \u2013 Teil 2\",\"datePublished\":\"2020-10-07T06:45:36+00:00\",\"dateModified\":\"2025-07-28T09:12:07+00:00\",\"mainEntityOfPage\":{\"@id\":\"https:\\\/\\\/www.tui.com\\\/blog\\\/nicht-nur-fuer-blumenkinder-madeira-mit-der-ganzen-familie-teil-2\\\/\"},\"wordCount\":1210,\"commentCount\":0,\"publisher\":{\"@id\":\"https:\\\/\\\/www.tui.com\\\/blog\\\/#organization\"},\"image\":{\"@id\":\"https:\\\/\\\/www.tui.com\\\/blog\\\/nicht-nur-fuer-blumenkinder-madeira-mit-der-ganzen-familie-teil-2\\\/#primaryimage\"},\"thumbnailUrl\":\"https:\\\/\\\/www.tui.com\\\/blog\\\/wp-content\\\/uploads\\\/2023\\\/04\\\/madeira_wander_familienurlbau_blumen.jpg\",\"keywords\":[\"Familienurlaub\",\"Madeira\",\"Portugal\",\"Reisen mit Kindern\"],\"articleSection\":[\"Reisearten\",\"Reiseziele\",\"Urlaub mit Familie\",\"weitere beliebte Reiseziele\"],\"inLanguage\":\"de\",\"potentialAction\":[{\"@type\":\"CommentAction\",\"name\":\"Comment\",\"target\":[\"https:\\\/\\\/www.tui.com\\\/blog\\\/nicht-nur-fuer-blumenkinder-madeira-mit-der-ganzen-familie-teil-2\\\/#respond\"]}]},{\"@type\":\"WebPage\",\"@id\":\"https:\\\/\\\/www.tui.com\\\/blog\\\/nicht-nur-fuer-blumenkinder-madeira-mit-der-ganzen-familie-teil-2\\\/\",\"url\":\"https:\\\/\\\/www.tui.com\\\/blog\\\/nicht-nur-fuer-blumenkinder-madeira-mit-der-ganzen-familie-teil-2\\\/\",\"name\":\"Nicht nur f\u00fcr Blumenkinder: Madeira mit der ganzen Familie \u2013 Teil 2 - TUI.com Reiseblog \u2600\",\"isPartOf\":{\"@id\":\"https:\\\/\\\/www.tui.com\\\/blog\\\/#website\"},\"primaryImageOfPage\":{\"@id\":\"https:\\\/\\\/www.tui.com\\\/blog\\\/nicht-nur-fuer-blumenkinder-madeira-mit-der-ganzen-familie-teil-2\\\/#primaryimage\"},\"image\":{\"@id\":\"https:\\\/\\\/www.tui.com\\\/blog\\\/nicht-nur-fuer-blumenkinder-madeira-mit-der-ganzen-familie-teil-2\\\/#primaryimage\"},\"thumbnailUrl\":\"https:\\\/\\\/www.tui.com\\\/blog\\\/wp-content\\\/uploads\\\/2023\\\/04\\\/madeira_wander_familienurlbau_blumen.jpg\",\"datePublished\":\"2020-10-07T06:45:36+00:00\",\"dateModified\":\"2025-07-28T09:12:07+00:00\",\"breadcrumb\":{\"@id\":\"https:\\\/\\\/www.tui.com\\\/blog\\\/nicht-nur-fuer-blumenkinder-madeira-mit-der-ganzen-familie-teil-2\\\/#breadcrumb\"},\"inLanguage\":\"de\",\"potentialAction\":[{\"@type\":\"ReadAction\",\"target\":[\"https:\\\/\\\/www.tui.com\\\/blog\\\/nicht-nur-fuer-blumenkinder-madeira-mit-der-ganzen-familie-teil-2\\\/\"]}]},{\"@type\":\"ImageObject\",\"inLanguage\":\"de\",\"@id\":\"https:\\\/\\\/www.tui.com\\\/blog\\\/nicht-nur-fuer-blumenkinder-madeira-mit-der-ganzen-familie-teil-2\\\/#primaryimage\",\"url\":\"https:\\\/\\\/www.tui.com\\\/blog\\\/wp-content\\\/uploads\\\/2023\\\/04\\\/madeira_wander_familienurlbau_blumen.jpg\",\"contentUrl\":\"https:\\\/\\\/www.tui.com\\\/blog\\\/wp-content\\\/uploads\\\/2023\\\/04\\\/madeira_wander_familienurlbau_blumen.jpg\",\"width\":845,\"height\":321},{\"@type\":\"BreadcrumbList\",\"@id\":\"https:\\\/\\\/www.tui.com\\\/blog\\\/nicht-nur-fuer-blumenkinder-madeira-mit-der-ganzen-familie-teil-2\\\/#breadcrumb\",\"itemListElement\":[{\"@type\":\"ListItem\",\"position\":1,\"name\":\"Startseite\",\"item\":\"https:\\\/\\\/www.tui.com\\\/blog\\\/\"},{\"@type\":\"ListItem\",\"position\":2,\"name\":\"Nicht nur f\u00fcr Blumenkinder: Madeira mit der ganzen Familie \u2013 Teil 2\"}]},{\"@type\":\"WebSite\",\"@id\":\"https:\\\/\\\/www.tui.com\\\/blog\\\/#website\",\"url\":\"https:\\\/\\\/www.tui.com\\\/blog\\\/\",\"name\":\"TUI.com Reiseblog \u2600\",\"description\":\"Abenteuer oder lieber an den Strand? \u2600 Der TUI Reiseblog bietet tolle Infos rund um deine n\u00e4chste Reise \u2708 Komm vorbei und lass dich inspirieren \u221a\",\"publisher\":{\"@id\":\"https:\\\/\\\/www.tui.com\\\/blog\\\/#organization\"},\"potentialAction\":[{\"@type\":\"SearchAction\",\"target\":{\"@type\":\"EntryPoint\",\"urlTemplate\":\"https:\\\/\\\/www.tui.com\\\/blog\\\/?s={search_term_string}\"},\"query-input\":{\"@type\":\"PropertyValueSpecification\",\"valueRequired\":true,\"valueName\":\"search_term_string\"}}],\"inLanguage\":\"de\"},{\"@type\":\"Organization\",\"@id\":\"https:\\\/\\\/www.tui.com\\\/blog\\\/#organization\",\"name\":\"TUI.com Reiseblog \u2600\",\"url\":\"https:\\\/\\\/www.tui.com\\\/blog\\\/\",\"logo\":{\"@type\":\"ImageObject\",\"inLanguage\":\"de\",\"@id\":\"https:\\\/\\\/www.tui.com\\\/blog\\\/#\\\/schema\\\/logo\\\/image\\\/\",\"url\":\"https:\\\/\\\/www.tui.com\\\/blog\\\/wp-content\\\/uploads\\\/2023\\\/04\\\/cropped-tui-logo-3.png\",\"contentUrl\":\"https:\\\/\\\/www.tui.com\\\/blog\\\/wp-content\\\/uploads\\\/2023\\\/04\\\/cropped-tui-logo-3.png\",\"width\":164,\"height\":72,\"caption\":\"TUI.com Reiseblog \u2600\"},\"image\":{\"@id\":\"https:\\\/\\\/www.tui.com\\\/blog\\\/#\\\/schema\\\/logo\\\/image\\\/\"}},{\"@type\":\"Person\",\"@id\":\"https:\\\/\\\/www.tui.com\\\/blog\\\/#\\\/schema\\\/person\\\/e0405bcbd5102f3edd229113f1c50a06\",\"name\":\"TUI Reiseexperten\",\"image\":{\"@type\":\"ImageObject\",\"inLanguage\":\"de\",\"@id\":\"https:\\\/\\\/www.tui.com\\\/blog\\\/wp-content\\\/uploads\\\/2016\\\/10\\\/TUIMitarbeiter-178x176.jpg\",\"url\":\"https:\\\/\\\/www.tui.com\\\/blog\\\/wp-content\\\/uploads\\\/2016\\\/10\\\/TUIMitarbeiter-178x176.jpg\",\"contentUrl\":\"https:\\\/\\\/www.tui.com\\\/blog\\\/wp-content\\\/uploads\\\/2016\\\/10\\\/TUIMitarbeiter-178x176.jpg\",\"caption\":\"TUI Reiseexperten\"},\"description\":\"TEST\",\"url\":\"https:\\\/\\\/www.tui.com\\\/blog\\\/author\\\/tui-mitarbeiter\\\/\"}]}<\/script>\n<!-- \/ Yoast SEO plugin. -->","yoast_head_json":{"title":"Nicht nur f\u00fcr Blumenkinder: Madeira mit der ganzen Familie \u2013 Teil 2 - TUI.com Reiseblog \u2600","robots":{"index":"index","follow":"follow","max-snippet":"max-snippet:-1","max-image-preview":"max-image-preview:large","max-video-preview":"max-video-preview:-1"},"canonical":"https:\/\/www.tui.com\/blog\/nicht-nur-fuer-blumenkinder-madeira-mit-der-ganzen-familie-teil-2\/","og_locale":"de_DE","og_type":"article","og_title":"Nicht nur f\u00fcr Blumenkinder: Madeira mit der ganzen Familie \u2013 Teil 2 - TUI.com Reiseblog \u2600","og_description":"In Teil 1 unserer kleinen Madeira-Reihe hier auf dem TUI Blog haben wir dir bereits von aufregenden Wassererlebnissen berichtet. In Teil 2 zeigen wir dir, was dich kulturell Spannendes auf der Blumeninsel erwartet. Madeira ist garantiert etwas f\u00fcr die ganze Familie! Nicht nur f\u00fcr Schlauf\u00fcchse: spannende Museen auf Madeira! Vom","og_url":"https:\/\/www.tui.com\/blog\/nicht-nur-fuer-blumenkinder-madeira-mit-der-ganzen-familie-teil-2\/","og_site_name":"TUI.com Reiseblog \u2600","article_published_time":"2020-10-07T06:45:36+00:00","article_modified_time":"2025-07-28T09:12:07+00:00","og_image":[{"width":845,"height":321,"url":"https:\/\/www.tui.com\/blog\/wp-content\/uploads\/2023\/04\/madeira_wander_familienurlbau_blumen.jpg","type":"image\/jpeg"}],"author":"TUI Reiseexperten","twitter_card":"summary_large_image","twitter_misc":{"Verfasst von":"TUI Reiseexperten","Gesch\u00e4tzte Lesezeit":"6\u00a0Minuten"},"schema":{"@context":"https:\/\/schema.org","@graph":[{"@type":"BlogPosting","@id":"https:\/\/www.tui.com\/blog\/nicht-nur-fuer-blumenkinder-madeira-mit-der-ganzen-familie-teil-2\/#article","isPartOf":{"@id":"https:\/\/www.tui.com\/blog\/nicht-nur-fuer-blumenkinder-madeira-mit-der-ganzen-familie-teil-2\/"},"author":{"name":"TUI Reiseexperten","@id":"https:\/\/www.tui.com\/blog\/#\/schema\/person\/e0405bcbd5102f3edd229113f1c50a06"},"headline":"Nicht nur f\u00fcr Blumenkinder: Madeira mit der ganzen Familie \u2013 Teil 2","datePublished":"2020-10-07T06:45:36+00:00","dateModified":"2025-07-28T09:12:07+00:00","mainEntityOfPage":{"@id":"https:\/\/www.tui.com\/blog\/nicht-nur-fuer-blumenkinder-madeira-mit-der-ganzen-familie-teil-2\/"},"wordCount":1210,"commentCount":0,"publisher":{"@id":"https:\/\/www.tui.com\/blog\/#organization"},"image":{"@id":"https:\/\/www.tui.com\/blog\/nicht-nur-fuer-blumenkinder-madeira-mit-der-ganzen-familie-teil-2\/#primaryimage"},"thumbnailUrl":"https:\/\/www.tui.com\/blog\/wp-content\/uploads\/2023\/04\/madeira_wander_familienurlbau_blumen.jpg","keywords":["Familienurlaub","Madeira","Portugal","Reisen mit Kindern"],"articleSection":["Reisearten","Reiseziele","Urlaub mit Familie","weitere beliebte Reiseziele"],"inLanguage":"de","potentialAction":[{"@type":"CommentAction","name":"Comment","target":["https:\/\/www.tui.com\/blog\/nicht-nur-fuer-blumenkinder-madeira-mit-der-ganzen-familie-teil-2\/#respond"]}]},{"@type":"WebPage","@id":"https:\/\/www.tui.com\/blog\/nicht-nur-fuer-blumenkinder-madeira-mit-der-ganzen-familie-teil-2\/","url":"https:\/\/www.tui.com\/blog\/nicht-nur-fuer-blumenkinder-madeira-mit-der-ganzen-familie-teil-2\/","name":"Nicht nur f\u00fcr Blumenkinder: Madeira mit der ganzen Familie \u2013 Teil 2 - TUI.com Reiseblog \u2600","isPartOf":{"@id":"https:\/\/www.tui.com\/blog\/#website"},"primaryImageOfPage":{"@id":"https:\/\/www.tui.com\/blog\/nicht-nur-fuer-blumenkinder-madeira-mit-der-ganzen-familie-teil-2\/#primaryimage"},"image":{"@id":"https:\/\/www.tui.com\/blog\/nicht-nur-fuer-blumenkinder-madeira-mit-der-ganzen-familie-teil-2\/#primaryimage"},"thumbnailUrl":"https:\/\/www.tui.com\/blog\/wp-content\/uploads\/2023\/04\/madeira_wander_familienurlbau_blumen.jpg","datePublished":"2020-10-07T06:45:36+00:00","dateModified":"2025-07-28T09:12:07+00:00","breadcrumb":{"@id":"https:\/\/www.tui.com\/blog\/nicht-nur-fuer-blumenkinder-madeira-mit-der-ganzen-familie-teil-2\/#breadcrumb"},"inLanguage":"de","potentialAction":[{"@type":"ReadAction","target":["https:\/\/www.tui.com\/blog\/nicht-nur-fuer-blumenkinder-madeira-mit-der-ganzen-familie-teil-2\/"]}]},{"@type":"ImageObject","inLanguage":"de","@id":"https:\/\/www.tui.com\/blog\/nicht-nur-fuer-blumenkinder-madeira-mit-der-ganzen-familie-teil-2\/#primaryimage","url":"https:\/\/www.tui.com\/blog\/wp-content\/uploads\/2023\/04\/madeira_wander_familienurlbau_blumen.jpg","contentUrl":"https:\/\/www.tui.com\/blog\/wp-content\/uploads\/2023\/04\/madeira_wander_familienurlbau_blumen.jpg","width":845,"height":321},{"@type":"BreadcrumbList","@id":"https:\/\/www.tui.com\/blog\/nicht-nur-fuer-blumenkinder-madeira-mit-der-ganzen-familie-teil-2\/#breadcrumb","itemListElement":[{"@type":"ListItem","position":1,"name":"Startseite","item":"https:\/\/www.tui.com\/blog\/"},{"@type":"ListItem","position":2,"name":"Nicht nur f\u00fcr Blumenkinder: Madeira mit der ganzen Familie \u2013 Teil 2"}]},{"@type":"WebSite","@id":"https:\/\/www.tui.com\/blog\/#website","url":"https:\/\/www.tui.com\/blog\/","name":"TUI.com Reiseblog \u2600","description":"Abenteuer oder lieber an den Strand? \u2600 Der TUI Reiseblog bietet tolle Infos rund um deine n\u00e4chste Reise \u2708 Komm vorbei und lass dich inspirieren \u221a","publisher":{"@id":"https:\/\/www.tui.com\/blog\/#organization"},"potentialAction":[{"@type":"SearchAction","target":{"@type":"EntryPoint","urlTemplate":"https:\/\/www.tui.com\/blog\/?s={search_term_string}"},"query-input":{"@type":"PropertyValueSpecification","valueRequired":true,"valueName":"search_term_string"}}],"inLanguage":"de"},{"@type":"Organization","@id":"https:\/\/www.tui.com\/blog\/#organization","name":"TUI.com Reiseblog \u2600","url":"https:\/\/www.tui.com\/blog\/","logo":{"@type":"ImageObject","inLanguage":"de","@id":"https:\/\/www.tui.com\/blog\/#\/schema\/logo\/image\/","url":"https:\/\/www.tui.com\/blog\/wp-content\/uploads\/2023\/04\/cropped-tui-logo-3.png","contentUrl":"https:\/\/www.tui.com\/blog\/wp-content\/uploads\/2023\/04\/cropped-tui-logo-3.png","width":164,"height":72,"caption":"TUI.com Reiseblog \u2600"},"image":{"@id":"https:\/\/www.tui.com\/blog\/#\/schema\/logo\/image\/"}},{"@type":"Person","@id":"https:\/\/www.tui.com\/blog\/#\/schema\/person\/e0405bcbd5102f3edd229113f1c50a06","name":"TUI Reiseexperten","image":{"@type":"ImageObject","inLanguage":"de","@id":"https:\/\/www.tui.com\/blog\/wp-content\/uploads\/2016\/10\/TUIMitarbeiter-178x176.jpg","url":"https:\/\/www.tui.com\/blog\/wp-content\/uploads\/2016\/10\/TUIMitarbeiter-178x176.jpg","contentUrl":"https:\/\/www.tui.com\/blog\/wp-content\/uploads\/2016\/10\/TUIMitarbeiter-178x176.jpg","caption":"TUI Reiseexperten"},"description":"TEST","url":"https:\/\/www.tui.com\/blog\/author\/tui-mitarbeiter\/"}]}},"_links":{"self":[{"href":"https:\/\/www.tui.com\/blog\/wp-json\/wp\/v2\/posts\/189238","targetHints":{"allow":["GET"]}}],"collection":[{"href":"https:\/\/www.tui.com\/blog\/wp-json\/wp\/v2\/posts"}],"about":[{"href":"https:\/\/www.tui.com\/blog\/wp-json\/wp\/v2\/types\/post"}],"author":[{"embeddable":true,"href":"https:\/\/www.tui.com\/blog\/wp-json\/wp\/v2\/users\/86"}],"replies":[{"embeddable":true,"href":"https:\/\/www.tui.com\/blog\/wp-json\/wp\/v2\/comments?post=189238"}],"version-history":[{"count":2,"href":"https:\/\/www.tui.com\/blog\/wp-json\/wp\/v2\/posts\/189238\/revisions"}],"predecessor-version":[{"id":479272,"href":"https:\/\/www.tui.com\/blog\/wp-json\/wp\/v2\/posts\/189238\/revisions\/479272"}],"wp:featuredmedia":[{"embeddable":true,"href":"https:\/\/www.tui.com\/blog\/wp-json\/wp\/v2\/media\/189094"}],"wp:attachment":[{"href":"https:\/\/www.tui.com\/blog\/wp-json\/wp\/v2\/media?parent=189238"}],"wp:term":[{"taxonomy":"category","embeddable":true,"href":"https:\/\/www.tui.com\/blog\/wp-json\/wp\/v2\/categories?post=189238"},{"taxonomy":"post_tag","embeddable":true,"href":"https:\/\/www.tui.com\/blog\/wp-json\/wp\/v2\/tags?post=189238"}],"curies":[{"name":"wp","href":"https:\/\/api.w.org\/{rel}","templated":true}]}}