{"id":192402,"date":"2021-07-02T10:00:00","date_gmt":"2021-07-02T08:00:00","guid":{"rendered":"https:\/\/blog.tui.info\/behindertengerechte-hotels-ostsee-und-nordsee\/"},"modified":"2024-03-29T08:39:47","modified_gmt":"2024-03-29T07:39:47","slug":"behindertengerechte-hotels-ostsee-und-nordsee","status":"publish","type":"post","link":"https:\/\/www.tui.com\/blog\/behindertengerechte-hotels-ostsee-und-nordsee\/","title":{"rendered":"Behindertengerechte Hotels Ostsee und Nordsee"},"content":{"rendered":"<div class=\"lazyblock-intro-Z1qiklX wp-block-lazyblock-intro\"> <div style=\"color: #4C4C4C, margin-bottom: 18px\">\n    <span style=\"font-size:24px\">Wer mit Handicap reist hat besondere Anforderungen an seinen Urlaub. Das richtige Hotel mit dem perfekten Zimmer zu finden ist nicht einfach. Hier gibt es ein Best Off an behindertengerechten Hotels an der Ostsee und Nordsee.<\/span>\n    <br>\n    <br>\n <\/div><\/div>\n\n\n<p>Ein sch\u00f6nes Hotel mit einem geeigneten Zimmer zu finden f\u00e4llt oft schwer. Meine Kollegen bieten dir einen speziellen Service und helfen dir bei der Auswahl eines behindertengerechten Hotel an der Ostsee oder Nordsee f\u00fcr deinen Urlaub. Deine individuellen Bed\u00fcrfnisse kannst du dem Team gern \u00fcber diesen <a href=\"https:\/\/cloud.tui.com\/tuicom\/images\/fileadmin\/pdf\/Behindertenfreundlich\/B2C_Fragebogen_Reisende_mit_Behinderung.pdf\" target=\"_blank\" rel=\"noreferrer noopener\">Fragebogen<\/a> \u00fcbermitteln. Sie helfen dir bei der Auswahl von Hotel und Zimmer oder stellen dir Alternativen vor, falls mal etwas nicht mehr verf\u00fcgbar ist. <\/p>\n\n\n\n<p>Heute stelle ich dir ein Best Off vor: behindertengerechte Hotels Ostsee! Ob R\u00fcgen, Usedom oder die K\u00fcste Schleswig Holsteins &#8211; vielleicht ist das passende Hotel f\u00fcr deinen Urlaub an der Ostsee dabei. Tipps f\u00fcr Nordsee sind auch dabei.<\/p>\n\n\n<div class=\"table-of-contents\">\r\n    <div class=\"toc-head\">\r\n        <span class=\"toc-headline\">Inhalt<\/span>\r\n        <button class=\"toggle-toc\"\r\n            aria-expanded=\"false\"\r\n            aria-controls=\"toc-list\"\r\n            aria-label=\"Inhaltsverzeichnis ein- oder ausklappen\">\r\n            <svg xmlns=\"http:\/\/www.w3.org\/2000\/svg\" width=\"17.503\" height=\"10.303\" viewBox=\"0 0 17.503 10.303\">\r\n                <path id=\"Icon_ionic-ios-arrow-back\" data-name=\"Icon ionic-ios-arrow-back\" d=\"M14.356,14.943l6.819-6.618a1.22,1.22,0,0,0,0-1.766,1.321,1.321,0,0,0-1.824,0l-7.726,7.5a1.223,1.223,0,0,0-.038,1.725l7.758,7.55a1.323,1.323,0,0,0,1.824,0,1.22,1.22,0,0,0,0-1.766Z\" transform=\"translate(23.697 -11.251) rotate(90)\" fill=\"#1B115C\"><\/path>\r\n            <\/svg>\r\n        <\/button>\r\n    <\/div>\r\n    <ul id=\"toc-list\" class=\"toc-list\"><\/ul>\r\n<\/div>\n\n\n<h2 class=\"wp-block-heading\">Behindertengerechte Hotels Ostsee<\/h2>\n\n\n\n<h3 class=\"wp-block-heading\" id=\"R\u00fcgen\">Barrierefreier Urlaub: Insel R\u00fcgen<\/h3>\n\n\n\n<p><strong>Badehaus Goor, Putbus, R\u00fcgen<\/strong><\/p>\n\n\n\n<p>Am malerischen Greifswalder Bodden liegt dieses historische Hotel. Der Bahnhof Lauterbach ist nur etwa 5 Kilometer entfernt. Die Anfahrt mit dem Auto ist schon ein absolutes Highlight: durch die F\u00fcrst-Malte-Allee f\u00e4hrst du direkt auf das imposante Geb\u00e4ude zu. Das <a href=\"https:\/\/www.tui.com\/hotels\/hotel-badehaus-goor-58060\/hotelinformation\/\" target=\"_blank\" rel=\"noreferrer noopener\">Badehaus Goor<\/a> auf <a href=\"https:\/\/www.tui.com\/pauschalreisen\/deutschland\/ostsee\/ruegen\/\" target=\"_blank\" rel=\"noreferrer noopener\">R\u00fcgen<\/a> verf\u00fcgt \u00fcber 85 Zimmer, einer wundersch\u00f6nen Sonnenterrasse, Wellnessbereich und einem eleganten Restaurant.<\/p>\n\n\n\n<div class=\"wp-block-columns is-layout-flex wp-container-core-columns-is-layout-9d6595d7 wp-block-columns-is-layout-flex\">\n<div class=\"wp-block-column is-layout-flow wp-block-column-is-layout-flow\">\n<p>gut geeignete Zimmerkategorie: <strong>DZX1<\/strong><\/p>\n<\/div>\n\n\n\n<div class=\"wp-block-column is-layout-flow wp-block-column-is-layout-flow\">\n<p>T\u00fcrbreite: <strong>95cm<\/strong><br>Befahrbare Dusche: <strong>JA<\/strong><\/p>\n<\/div>\n\n\n\n<div class=\"wp-block-column is-layout-flow wp-block-column-is-layout-flow\">\n<p>Sind alle Bereiche mit dem Rollstuhl erreichbar: <strong>JA<\/strong><\/p>\n<\/div>\n<\/div>\n\n\n\n<figure class=\"wp-block-gallery has-nested-images columns-2 is-cropped wp-block-gallery-1 is-layout-flex wp-block-gallery-is-layout-flex\">\n<figure class=\"wp-block-image size-large\"><img decoding=\"async\" width=\"760\" height=\"420\" data-id=\"74128\" src=\"https:\/\/www.tui.com\/blog\/wp-content\/uploads\/2021\/06\/ruegen-badehaus-goor-gartenanlage-1.jpg\" alt=\"R\u00fcgen Behindertengerechte Hotels Ostsee Badehaus Goor\" class=\"wp-image-74128\"\/><figcaption class=\"wp-element-caption\">Gartenanlage mit Blick auf den Greifswalder Bodden<\/figcaption><\/figure>\n\n\n\n<figure class=\"wp-block-image size-large\"><img decoding=\"async\" width=\"760\" height=\"420\" data-id=\"74129\" src=\"https:\/\/www.tui.com\/blog\/wp-content\/uploads\/2021\/06\/ruegen-badehaus-goor-wohnbeispiel.jpg\" alt=\"Badehaus Goor R\u00fcgen Zimmer\" class=\"wp-image-74129\"\/><figcaption class=\"wp-element-caption\">Wohnbeispiel<\/figcaption><\/figure>\n\n\n\n<figure class=\"wp-block-image size-large\"><img decoding=\"async\" width=\"760\" height=\"420\" data-id=\"74130\" src=\"https:\/\/www.tui.com\/blog\/wp-content\/uploads\/2021\/06\/ruegen-behindertengerechte-hotels-ostsee-badehaus-goor-eingang.jpg\" alt=\"Badehaus Goor barrierefreier Urlaub Ostsee\" class=\"wp-image-74130\"\/><figcaption class=\"wp-element-caption\">Badehaus Goor<\/figcaption><\/figure>\n<\/figure>\n\n\n\n<tui-hotel-offer-cards class='tui-component' filter-giata-codes='58060' scope='tuiblog_5' tenant='TUICOM' locale='de-DE' show-image-carousel='true' show-cards-carousel='false' price-type='per_person' show-information='false' show-heart='false' variant='medium' open-in-new-tab='true' search-scope='HOTEL' static-url-parameters='contentid=blog_behindertengerechtehotelsostseenordsee_hotelcards_badehausgoor_202300907' data-stencil='true' data-version='v2' data-theme='tuiLight'><\/tui-hotel-offer-cards>\n\n\n\n<p><\/p>\n\n\n\n<h3 class=\"wp-block-heading\">Behindertengerechte Hotels Ostsee: Schleswig Holstein<\/h3>\n\n\n\n<p><strong>Strandhotel Wei\u00dfenh\u00e4user Strand, Wei\u00dfenh\u00e4user Strand, Schleswig Holstein<\/strong><\/p>\n\n\n\n<p>Das <a href=\"https:\/\/www.tui.com\/hotels\/strandhotel-weissenhaeuser-strand-359874\/\/hotelinformation\/\" target=\"_blank\" rel=\"noreferrer noopener\">Strandhotel Wei\u00dfenh\u00e4user Strand<\/a> ist Teil des gro\u00dfen <a href=\"https:\/\/www.tui.com\/hotels\/ferien-und-freizeitpark-weissenhaeuser-strand-359875\/hotelinformation\/\" target=\"_blank\" rel=\"noreferrer noopener\">Ferienparks Wei\u00dfsenh\u00e4user Strand<\/a>. Hier geht es famili\u00e4rer zu und die Gastfreundschaft wird von vielen Stammg\u00e4sten gelobt. Das Hotel ist behindertenfreundlich, aber nicht alle Bereiche sind mit dem Rollstuhl zu erreichen. <\/p>\n\n\n\n<div class=\"wp-block-columns is-layout-flex wp-container-core-columns-is-layout-9d6595d7 wp-block-columns-is-layout-flex\">\n<div class=\"wp-block-column is-layout-flow wp-block-column-is-layout-flow\">\n<p>gut geeignete Zimmerkategorie: <strong>DZX1<\/strong><\/p>\n<\/div>\n\n\n\n<div class=\"wp-block-column is-layout-flow wp-block-column-is-layout-flow\">\n<p>T\u00fcrbreite: <strong>80cm<\/strong><br>Befahrbare Dusche: <strong>JA<\/strong><\/p>\n<\/div>\n\n\n\n<div class=\"wp-block-column is-layout-flow wp-block-column-is-layout-flow\">\n<p>Sind alle Bereiche mit dem Rollstuhl erreichbar: <strong>NEIN<\/strong><\/p>\n<\/div>\n<\/div>\n\n\n\n<figure class=\"wp-block-gallery has-nested-images columns-default is-cropped wp-block-gallery-2 is-layout-flex wp-block-gallery-is-layout-flex\">\n<figure class=\"wp-block-image size-large\"><img decoding=\"async\" width=\"760\" height=\"420\" data-id=\"74132\" src=\"https:\/\/www.tui.com\/blog\/wp-content\/uploads\/2021\/06\/strandhotel-weissenhaeuser-strand-strand.jpg\" alt=\"Strand am Strandhotel Weissenh\u00e4user Strand\" class=\"wp-image-74132\"\/><figcaption class=\"wp-element-caption\">Strand am Strandhotel Weissenh\u00e4user Strand\n<\/figcaption><\/figure>\n<\/figure>\n\n\n\n<tui-hotel-offer-cards class='tui-component' filter-giata-codes='359874' scope='tuiblog_6' tenant='TUICOM' locale='de-DE' show-image-carousel='true' show-cards-carousel='false' price-type='per_person' show-information='false' show-heart='false' variant='medium' open-in-new-tab='true' search-scope='HOTEL' static-url-parameters='contentid=blog_behindertengerechtehotelsostseenordsee_hotelcards_weissenhaeuser_202300907' data-stencil='true' data-version='v2' data-theme='tuiLight'><\/tui-hotel-offer-cards>\n\n\n\n<p><\/p>\n\n\n\n<h3 class=\"wp-block-heading\">Barrierefreier Urlaub: Usedom<\/h3>\n\n\n\n<p><strong>Seetelhotel Kaiserstrand Beachhotel, Bansin, Usedom<\/strong><\/p>\n\n\n\n<p>Modern, frisch und neu kommt das <a href=\"https:\/\/www.tui.com\/hotels\/seetelhotel-kaiserstrand-beachhotel-408728\/hotelinformation\/\" target=\"_blank\" rel=\"noreferrer noopener\">Seetelhotel Kaiserstrand Beachhotel <\/a>daher. Es besticht durch die perfekte Lage direkt an der Strandpromenade und am feinsandigen Strand des Kaiserbads Bansin. Offene Architektur und modernes Design: perfekter Stil f\u00fcr die ganze Familie.<\/p>\n\n\n\n<div class=\"wp-block-columns is-layout-flex wp-container-core-columns-is-layout-9d6595d7 wp-block-columns-is-layout-flex\">\n<div class=\"wp-block-column is-layout-flow wp-block-column-is-layout-flow\">\n<p>gut geeignete Zimmerkategorie: <strong>DZX1<\/strong><\/p>\n<\/div>\n\n\n\n<div class=\"wp-block-column is-layout-flow wp-block-column-is-layout-flow\">\n<p>T\u00fcrbreite: <strong>90cm<\/strong><br>Befahrbare Dusche: <strong>JA<\/strong><\/p>\n<\/div>\n\n\n\n<div class=\"wp-block-column is-layout-flow wp-block-column-is-layout-flow\">\n<p>Sind alle Bereiche mit dem Rollstuhl erreichbar: <strong>JA<\/strong><\/p>\n<\/div>\n<\/div>\n\n\n\n<figure class=\"wp-block-gallery has-nested-images columns-default is-cropped wp-block-gallery-3 is-layout-flex wp-block-gallery-is-layout-flex\">\n<figure class=\"wp-block-image size-large\"><img decoding=\"async\" width=\"760\" height=\"420\" data-id=\"74135\" src=\"https:\/\/www.tui.com\/blog\/wp-content\/uploads\/2021\/06\/seetelhotel-kaiserstrand-beachhotel-bansin.jpg\" alt=\"Kaiserstrand Beachhotel Bansin Usedom\" class=\"wp-image-74135\"\/><\/figure>\n<\/figure>\n\n\n\n<figure class=\"wp-block-gallery has-nested-images columns-default is-cropped wp-block-gallery-4 is-layout-flex wp-block-gallery-is-layout-flex\">\n<figure class=\"wp-block-image size-large\"><img decoding=\"async\" width=\"760\" height=\"420\" data-id=\"74137\" src=\"https:\/\/www.tui.com\/blog\/wp-content\/uploads\/2021\/06\/seetelhotel-kaiserstrand-beachhotel-bansin-wohnbeispiel.jpg\" alt=\"Kaiserstrand Beachhotel Usedom barrierefreier urlaub Ostsee\" class=\"wp-image-74137\"\/><figcaption class=\"wp-element-caption\">Wohnbeispiel mit Meerblick<\/figcaption><\/figure>\n\n\n\n<figure class=\"wp-block-image size-large\"><img decoding=\"async\" width=\"760\" height=\"420\" data-id=\"74136\" src=\"https:\/\/www.tui.com\/blog\/wp-content\/uploads\/2021\/06\/seetelhotel-kaiserstrand-beachhotel-bansin-innenpool.jpg\" alt=\"behindertengerechte Hotels Ostsee Kaiserstrand Beachhotel Usedeom\" class=\"wp-image-74136\"\/><figcaption class=\"wp-element-caption\">Indoor Pool<\/figcaption><\/figure>\n<\/figure>\n\n\n\n<tui-hotel-offer-cards class='tui-component' filter-giata-codes='408728' scope='tuiblog_7' tenant='TUICOM' locale='de-DE' show-image-carousel='true' show-cards-carousel='false' price-type='per_person' show-information='false' show-heart='false' variant='medium' open-in-new-tab='true' search-scope='HOTEL' static-url-parameters='contentid=blog_behindertengerechtehotelsostseenordsee_hotelcards_kaiserstrand_202300907' data-stencil='true' data-version='v2' data-theme='tuiLight'><\/tui-hotel-offer-cards>\n\n\n\n<p><\/p>\n\n\n\n<h3 class=\"wp-block-heading\">Behindertengerechter Urlaub Ostsee: Mecklenburg Vorpommern<\/h3>\n\n\n\n<p><strong>Yachthafenresidenz Hohe D\u00fcne, Warnem\u00fcnde<\/strong><\/p>\n\n\n\n<p>In Warnem\u00fcnde, direkt an der Ausfahrt auf das gro\u00dfe Meer liegt die <a href=\"https:\/\/www.tui.com\/hotels\/yachthafenresidenz-hohe-duene-48450\/hotelinformation\/\" target=\"_blank\" rel=\"noreferrer noopener\">Yachthafenresidenz Hohe D\u00fcne<\/a>. Einmalig ist der riesige Spa-Bereich oder auch die Seehund Aufzuchtsstation direkt vor der T\u00fcr. Ob f\u00fcr einen Kurzurlaub oder deinen Jahresurlaub mit der ganzen Familie &#8211; hier wird niemandem langweilig.<\/p>\n\n\n\n<div class=\"wp-block-columns is-layout-flex wp-container-core-columns-is-layout-9d6595d7 wp-block-columns-is-layout-flex\">\n<div class=\"wp-block-column is-layout-flow wp-block-column-is-layout-flow\">\n<p>gut geeignete Zimmerkategorie: <strong>DZM1<\/strong><\/p>\n<\/div>\n\n\n\n<div class=\"wp-block-column is-layout-flow wp-block-column-is-layout-flow\">\n<p>T\u00fcrbreite: <strong>88cm<\/strong><br>Befahrbare Dusche: <strong>JA<\/strong><\/p>\n<\/div>\n\n\n\n<div class=\"wp-block-column is-layout-flow wp-block-column-is-layout-flow\">\n<p>Sind alle Bereiche mit dem Rollstuhl erreichbar: <strong>JA<\/strong><\/p>\n<\/div>\n<\/div>\n\n\n\n<figure class=\"wp-block-gallery has-nested-images columns-default is-cropped wp-block-gallery-5 is-layout-flex wp-block-gallery-is-layout-flex\">\n<figure class=\"wp-block-image size-large\"><img decoding=\"async\" width=\"760\" height=\"420\" data-id=\"74272\" src=\"https:\/\/www.tui.com\/blog\/wp-content\/uploads\/2021\/06\/yachthafenresidenz-hohe-duene-warnemuende.jpg\" alt=\"Yachthafenresidenz Hohe D\u00fcne\" class=\"wp-image-74272\"\/><\/figure>\n<\/figure>\n\n\n\n<figure class=\"wp-block-gallery has-nested-images columns-default is-cropped wp-block-gallery-6 is-layout-flex wp-block-gallery-is-layout-flex\">\n<figure class=\"wp-block-image size-large\"><img decoding=\"async\" width=\"760\" height=\"420\" data-id=\"74274\" src=\"https:\/\/www.tui.com\/blog\/wp-content\/uploads\/2021\/06\/yachthafenresidenz-hohe-duene-warnemuende-brasserie-restaurant.jpg\" alt=\"Yachthafenresidenz Hohe D\u00fcne\" class=\"wp-image-74274\"\/><figcaption class=\"wp-element-caption\">Restaurant Brasserie<\/figcaption><\/figure>\n\n\n\n<figure class=\"wp-block-image size-large\"><img decoding=\"async\" width=\"760\" height=\"420\" data-id=\"74275\" src=\"https:\/\/www.tui.com\/blog\/wp-content\/uploads\/2021\/06\/yachthafenresidenz-hohe-duene-warnemuende-skippers-cabin-haupthaus.jpg\" alt=\"Yachthafenresidenz Hohe D\u00fcne\" class=\"wp-image-74275\"\/><figcaption class=\"wp-element-caption\">Wohnbeispiel Skippers Cabin im Haupthaus<\/figcaption><\/figure>\n<\/figure>\n\n\n\n<tui-hotel-offer-cards class='tui-component' filter-giata-codes='48450' scope='tuiblog_8' tenant='TUICOM' locale='de-DE' show-image-carousel='true' show-cards-carousel='false' price-type='per_person' show-information='false' show-heart='false' variant='medium' open-in-new-tab='true' search-scope='HOTEL' static-url-parameters='contentid=blog_behindertengerechtehotelsostseenordsee_hotelcards_yachthafenresidenz_202300907' data-stencil='true' data-version='v2' data-theme='tuiLight'><\/tui-hotel-offer-cards>\n\n\n\n<p><\/p>\n\n\n\n<h2 class=\"wp-block-heading\" id=\"Tipps\">Behindertengerechte Hotels Ostsee: Weitere Tipps von Insidern<\/h2>\n\n\n\n<h3 class=\"wp-block-heading\">behindertengerechte Hotels R\u00fcgen<\/h3>\n\n\n\n<p><\/p>\n\n\n\n<tui-hotel-offer-cards class='tui-component' filter-giata-codes='18028,24177,13782,23329,58060,26919' scope='tuiblog_1' tenant='TUICOM' locale='de-DE' show-image-carousel='true' show-cards-carousel='native' price-type='per_person' show-information='false' show-heart='false' variant='compact-rounded' open-in-new-tab='true' search-scope='HOTEL' static-url-parameters='contentid=blog_behindertengerechtehotelsostseenordsee_hotelcards_ruegen_202300907' data-stencil='true' data-version='v2' data-theme='tuiLight'><\/tui-hotel-offer-cards>\n\n\n\n<h3 class=\"wp-block-heading\">Barrierefreier Urlaub auf Usedom<\/h3>\n\n\n\n<p><\/p>\n\n\n\n<tui-hotel-offer-cards class='tui-component' filter-giata-codes='23522,22248,35720,18403' scope='tuiblog_2' tenant='TUICOM' locale='de-DE' show-image-carousel='true' show-cards-carousel='native' price-type='per_person' show-information='false' show-heart='false' variant='compact-rounded' open-in-new-tab='true' search-scope='HOTEL' static-url-parameters='contentid=blog_behindertengerechtehotelsostseenordsee_hotelcards_usedom_202300907' data-stencil='true' data-version='v2' data-theme='tuiLight'><\/tui-hotel-offer-cards>\n\n\n\n<h3 class=\"wp-block-heading\">Unsere Top Tipps f\u00fcr behindertengerechten Urlaub an der Ostsee<\/h3>\n\n\n\n<p><\/p>\n\n\n\n<tui-hotel-offer-cards class='tui-component' filter-giata-codes='230735,69462,14457,48450,11695,201358,230735' scope='tuiblog_3' tenant='TUICOM' locale='de-DE' show-image-carousel='true' show-cards-carousel='native' price-type='per_person' show-information='false' show-heart='false' variant='compact-rounded' open-in-new-tab='true' search-scope='HOTEL' static-url-parameters='contentid=blog_behindertengerechtehotelsostseenordsee_hotelcards_ostsee_202300907' data-stencil='true' data-version='v2' data-theme='tuiLight'><\/tui-hotel-offer-cards>\n\n\n\n<p><\/p>\n\n\n\n<div class=\"wp-block-buttons is-layout-flex wp-block-buttons-is-layout-flex\">\n<div class=\"wp-block-button\"><a class=\"wp-block-button__link has-black-color has-vivid-green-cyan-background-color has-text-color has-background wp-element-button\" href=\"https:\/\/cloud.tui.com\/tuicom\/images\/fileadmin\/tuicom\/PDF\/Behindertenfreundl._Hotels\/BEST_OF_Hotels_Deutsche_Kueste_21.pdf\" target=\"_blank\" rel=\"noreferrer noopener\"><strong>Alle Informationen zu Zimmertypen, T\u00fcrbreiten, Haltegriffen etc. gibt es in dieser \u00dcbersicht<\/strong><\/a><\/div>\n<\/div>\n\n\n\n<h2 class=\"wp-block-heading\" id=\"Nordsee\">Behindertengerechte Hotels Nordsee<\/h2>\n\n\n\n<p>Wenn du dein Fischbr\u00f6tchen lieber an der Nordsee isst, habe ich hier noch drei weitere Hotel Tipps f\u00fcr behindertengerechte Hotels an der Nordsee. Das ruhige Wattenmeer, die raue See, Leuchtt\u00fcrme und wilde D\u00fcnen &#8211; das macht den Urlaub an der <a href=\"https:\/\/www.tui.com\/pauschalreisen\/deutschland\/nordsee\/\" target=\"_blank\" rel=\"noreferrer noopener\">Nordsee<\/a> aus.<\/p>\n\n\n\n<tui-hotel-offer-cards class='tui-component' filter-giata-codes='561226,127028,92399' scope='tuiblog_4' tenant='TUICOM' locale='de-DE' show-image-carousel='true' show-cards-carousel='native' price-type='per_person' show-information='false' show-heart='false' variant='compact-rounded' open-in-new-tab='true' search-scope='HOTEL' static-url-parameters='contentid=blog_behindertengerechtehotelsostseenordsee_hotelcards_nordsee_202300907' data-stencil='true' data-version='v2' data-theme='tuiLight'><\/tui-hotel-offer-cards>\n\n\n\n<h2 class=\"wp-block-heading\">Barrierefreier Urlaub an Ostsee und Nordsee: hier gibts alle Tipps<\/h2>\n\n\n\n<p> \u200d \u25ba Alle Infos und Tipps f\u00fcr barrierefreien Urlaub mit TUI gibt es <a href=\"https:\/\/www.tui.com\/pauschalreisen\/reisen-fuer-menschen-mit-behinderung\/\" target=\"_blank\" rel=\"noreferrer noopener\">hier<\/a><br> \ufe0f \u25ba Behindertengerechte Hotels Ostsee: hier findest du <a href=\"https:\/\/cloud.tui.com\/tuicom\/images\/fileadmin\/tuicom\/PDF\/Behindertenfreundl._Hotels\/BEST_OF_Hotels_Deutsche_Kueste_21.pdf\" target=\"_blank\" rel=\"noreferrer noopener\">alle Informationen<\/a><br> \ufe0f \u25ba <a href=\"https:\/\/cloud.tui.com\/tuicom\/images\/fileadmin\/tuicom\/PDF\/Behindertenfreundl._Hotels\/BEST_OF_Hotels_Deutsche_Kueste_21.pdf\" target=\"_blank\" rel=\"noreferrer noopener\">Hoteltipps<\/a>: Behindertengerechte Hotels Nordsee<br>  \u25ba Top 10 Hoteltipps f\u00fcr <a href=\"https:\/\/www.tui.com\/blog\/barrierefreier-urlaub-unsere-top-10-hotels-fuer-reisen-mit-handicap-in-die-beliebtesten-ferienregionen\/\" target=\"_blank\" rel=\"noreferrer noopener\">barrierefreien Urlaub weltweit<\/a><br>\u2708\ufe0f TUI Mitarbeiterin Carola berichtet: Mit dem <a href=\"https:\/\/www.tui.com\/blog\/rolli-reisen-mit-dem-rollstuhl-in-den-urlaub\" target=\"_blank\" rel=\"noreferrer noopener\">Rollstuhl in den Urlaub<\/a><br> \u25ba Bis zum Anreisetag kostenlos stornieren? Hier gibt es die Infos zu den<a href=\"https:\/\/www.tui.com\/tui-tarifoptionen\/\" target=\"_blank\" rel=\"noreferrer noopener\"> TUI Tarifoptionen<\/a><\/p>\n\n\n\n<p><\/p>\n\n\n\n<p>Bitte beachte, dass wir sehr bem\u00fcht sind auf jede Formulierung zu achten. Verschiedene Ausdr\u00fccke assoziieren Unterschiedliches und wecken Erwartungen. Die Bezeichnung <em>barrierefrei<\/em> ist durch das BGG \u00a74 (Behindertengleichstellungsgesetzes) und eine DIN (18040-1+2) definiert. Kaum ein Hotel kann diese Bedingungen komplett erf\u00fcllen.<br>Bitte beachte, dass das gebuchte Zimmer r\u00fcckbest\u00e4tigt werden muss.<\/p>\n\n\n\n<p><\/p>\n\n\n\n<p><\/p>\n\n\n\n<p><\/p>\n","protected":false},"excerpt":{"rendered":"<p>Ein sch\u00f6nes Hotel mit einem geeigneten Zimmer zu finden f\u00e4llt oft schwer. Meine Kollegen bieten dir einen speziellen Service und helfen dir bei der Auswahl eines behindertengerechten Hotel an der Ostsee oder Nordsee f\u00fcr deinen Urlaub. Deine individuellen Bed\u00fcrfnisse kannst du dem Team gern \u00fcber diesen Fragebogen \u00fcbermitteln. Sie helfen<\/p>\n","protected":false},"author":122,"featured_media":192420,"comment_status":"open","ping_status":"open","sticky":false,"template":"","format":"standard","meta":{"_acf_changed":false,"footnotes":""},"categories":[4066,4040,4052,4072,4030],"tags":[2795,602,476,2797],"class_list":["post-192402","post","type-post","status-publish","format-standard","has-post-thumbnail","hentry","category-archiv-andere-reisearten","category-archiv-deutschland","category-archiv-reisearten","category-archiv-reiseplanung","category-archiv-reiseziele","tag-barrierefreier-urlaub","tag-hoteltipps","tag-ostsee","tag-rollstuhlreisen"],"acf":[],"yoast_head":"<!-- This site is optimized with the Yoast SEO plugin v27.4 - https:\/\/yoast.com\/product\/yoast-seo-wordpress\/ -->\n<title>Behindertengerechte Hotels Ostsee und Nordsee - TUI.com Reiseblog \u2600<\/title>\n<meta name=\"description\" content=\"Das passende Hotel f\u00fcr deine Bed\u00fcrfnisse: Wer mit Handicap reist, hat besondere Anspr\u00fcche. Behindertengerechte Hotels Ostsee: Best Off!\" \/>\n<meta name=\"robots\" content=\"index, follow, max-snippet:-1, max-image-preview:large, max-video-preview:-1\" \/>\n<link rel=\"canonical\" href=\"https:\/\/www.tui.com\/blog\/behindertengerechte-hotels-ostsee-und-nordsee\/\" \/>\n<meta property=\"og:locale\" content=\"de_DE\" \/>\n<meta property=\"og:type\" content=\"article\" \/>\n<meta property=\"og:title\" content=\"Behindertengerechte Hotels Ostsee und Nordsee - TUI.com Reiseblog \u2600\" \/>\n<meta property=\"og:description\" content=\"Das passende Hotel f\u00fcr deine Bed\u00fcrfnisse: Wer mit Handicap reist, hat besondere Anspr\u00fcche. Behindertengerechte Hotels Ostsee: Best Off!\" \/>\n<meta property=\"og:url\" content=\"https:\/\/www.tui.com\/blog\/behindertengerechte-hotels-ostsee-und-nordsee\/\" \/>\n<meta property=\"og:site_name\" content=\"TUI.com Reiseblog \u2600\" \/>\n<meta property=\"article:published_time\" content=\"2021-07-02T08:00:00+00:00\" \/>\n<meta property=\"article:modified_time\" content=\"2024-03-29T07:39:47+00:00\" \/>\n<meta property=\"og:image\" content=\"https:\/\/www.tui.com\/blog\/wp-content\/uploads\/2023\/04\/yachthafenresidenz-hohe-duene-warnemuende-behindertengerechte-hotels.jpg\" \/>\n\t<meta property=\"og:image:width\" content=\"1440\" \/>\n\t<meta property=\"og:image:height\" content=\"788\" \/>\n\t<meta property=\"og:image:type\" content=\"image\/jpeg\" \/>\n<meta name=\"author\" content=\"TUI Bloggerin Janine\" \/>\n<meta name=\"twitter:card\" content=\"summary_large_image\" \/>\n<meta name=\"twitter:label1\" content=\"Verfasst von\" \/>\n\t<meta name=\"twitter:data1\" content=\"TUI Bloggerin Janine\" \/>\n\t<meta name=\"twitter:label2\" content=\"Gesch\u00e4tzte Lesezeit\" \/>\n\t<meta name=\"twitter:data2\" content=\"6\u00a0Minuten\" \/>\n<script type=\"application\/ld+json\" class=\"yoast-schema-graph\">{\"@context\":\"https:\\\/\\\/schema.org\",\"@graph\":[{\"@type\":\"BlogPosting\",\"@id\":\"https:\\\/\\\/www.tui.com\\\/blog\\\/behindertengerechte-hotels-ostsee-und-nordsee\\\/#article\",\"isPartOf\":{\"@id\":\"https:\\\/\\\/www.tui.com\\\/blog\\\/behindertengerechte-hotels-ostsee-und-nordsee\\\/\"},\"author\":{\"name\":\"TUI Bloggerin Janine\",\"@id\":\"https:\\\/\\\/www.tui.com\\\/blog\\\/#\\\/schema\\\/person\\\/095fbe15390e8b9532cd054232189d28\"},\"headline\":\"Behindertengerechte Hotels Ostsee und Nordsee\",\"datePublished\":\"2021-07-02T08:00:00+00:00\",\"dateModified\":\"2024-03-29T07:39:47+00:00\",\"mainEntityOfPage\":{\"@id\":\"https:\\\/\\\/www.tui.com\\\/blog\\\/behindertengerechte-hotels-ostsee-und-nordsee\\\/\"},\"wordCount\":982,\"commentCount\":0,\"publisher\":{\"@id\":\"https:\\\/\\\/www.tui.com\\\/blog\\\/#organization\"},\"image\":{\"@id\":\"https:\\\/\\\/www.tui.com\\\/blog\\\/behindertengerechte-hotels-ostsee-und-nordsee\\\/#primaryimage\"},\"thumbnailUrl\":\"https:\\\/\\\/www.tui.com\\\/blog\\\/wp-content\\\/uploads\\\/2023\\\/04\\\/yachthafenresidenz-hohe-duene-warnemuende-behindertengerechte-hotels.jpg\",\"keywords\":[\"Barrierefreier Urlaub\",\"Hoteltipps\",\"Ostsee\",\"Rollstuhlreisen\"],\"articleSection\":[\"Andere Reisearten\",\"Deutschland\",\"Reisearten\",\"Reiseplanung\",\"Reiseziele\"],\"inLanguage\":\"de\",\"potentialAction\":[{\"@type\":\"CommentAction\",\"name\":\"Comment\",\"target\":[\"https:\\\/\\\/www.tui.com\\\/blog\\\/behindertengerechte-hotels-ostsee-und-nordsee\\\/#respond\"]}]},{\"@type\":\"WebPage\",\"@id\":\"https:\\\/\\\/www.tui.com\\\/blog\\\/behindertengerechte-hotels-ostsee-und-nordsee\\\/\",\"url\":\"https:\\\/\\\/www.tui.com\\\/blog\\\/behindertengerechte-hotels-ostsee-und-nordsee\\\/\",\"name\":\"Behindertengerechte Hotels Ostsee und Nordsee - TUI.com Reiseblog \u2600\",\"isPartOf\":{\"@id\":\"https:\\\/\\\/www.tui.com\\\/blog\\\/#website\"},\"primaryImageOfPage\":{\"@id\":\"https:\\\/\\\/www.tui.com\\\/blog\\\/behindertengerechte-hotels-ostsee-und-nordsee\\\/#primaryimage\"},\"image\":{\"@id\":\"https:\\\/\\\/www.tui.com\\\/blog\\\/behindertengerechte-hotels-ostsee-und-nordsee\\\/#primaryimage\"},\"thumbnailUrl\":\"https:\\\/\\\/www.tui.com\\\/blog\\\/wp-content\\\/uploads\\\/2023\\\/04\\\/yachthafenresidenz-hohe-duene-warnemuende-behindertengerechte-hotels.jpg\",\"datePublished\":\"2021-07-02T08:00:00+00:00\",\"dateModified\":\"2024-03-29T07:39:47+00:00\",\"description\":\"Das passende Hotel f\u00fcr deine Bed\u00fcrfnisse: Wer mit Handicap reist, hat besondere Anspr\u00fcche. Behindertengerechte Hotels Ostsee: Best Off!\",\"breadcrumb\":{\"@id\":\"https:\\\/\\\/www.tui.com\\\/blog\\\/behindertengerechte-hotels-ostsee-und-nordsee\\\/#breadcrumb\"},\"inLanguage\":\"de\",\"potentialAction\":[{\"@type\":\"ReadAction\",\"target\":[\"https:\\\/\\\/www.tui.com\\\/blog\\\/behindertengerechte-hotels-ostsee-und-nordsee\\\/\"]}]},{\"@type\":\"ImageObject\",\"inLanguage\":\"de\",\"@id\":\"https:\\\/\\\/www.tui.com\\\/blog\\\/behindertengerechte-hotels-ostsee-und-nordsee\\\/#primaryimage\",\"url\":\"https:\\\/\\\/www.tui.com\\\/blog\\\/wp-content\\\/uploads\\\/2023\\\/04\\\/yachthafenresidenz-hohe-duene-warnemuende-behindertengerechte-hotels.jpg\",\"contentUrl\":\"https:\\\/\\\/www.tui.com\\\/blog\\\/wp-content\\\/uploads\\\/2023\\\/04\\\/yachthafenresidenz-hohe-duene-warnemuende-behindertengerechte-hotels.jpg\",\"width\":1440,\"height\":788,\"caption\":\"Yachthafenresidenz Hohe D\u00fcne behindertengerchte Hotels\"},{\"@type\":\"BreadcrumbList\",\"@id\":\"https:\\\/\\\/www.tui.com\\\/blog\\\/behindertengerechte-hotels-ostsee-und-nordsee\\\/#breadcrumb\",\"itemListElement\":[{\"@type\":\"ListItem\",\"position\":1,\"name\":\"Startseite\",\"item\":\"https:\\\/\\\/www.tui.com\\\/blog\\\/\"},{\"@type\":\"ListItem\",\"position\":2,\"name\":\"Behindertengerechte Hotels Ostsee und Nordsee\"}]},{\"@type\":\"WebSite\",\"@id\":\"https:\\\/\\\/www.tui.com\\\/blog\\\/#website\",\"url\":\"https:\\\/\\\/www.tui.com\\\/blog\\\/\",\"name\":\"TUI.com Reiseblog \u2600\",\"description\":\"Abenteuer oder lieber an den Strand? \u2600 Der TUI Reiseblog bietet tolle Infos rund um deine n\u00e4chste Reise \u2708 Komm vorbei und lass dich inspirieren \u221a\",\"publisher\":{\"@id\":\"https:\\\/\\\/www.tui.com\\\/blog\\\/#organization\"},\"potentialAction\":[{\"@type\":\"SearchAction\",\"target\":{\"@type\":\"EntryPoint\",\"urlTemplate\":\"https:\\\/\\\/www.tui.com\\\/blog\\\/?s={search_term_string}\"},\"query-input\":{\"@type\":\"PropertyValueSpecification\",\"valueRequired\":true,\"valueName\":\"search_term_string\"}}],\"inLanguage\":\"de\"},{\"@type\":\"Organization\",\"@id\":\"https:\\\/\\\/www.tui.com\\\/blog\\\/#organization\",\"name\":\"TUI.com Reiseblog \u2600\",\"url\":\"https:\\\/\\\/www.tui.com\\\/blog\\\/\",\"logo\":{\"@type\":\"ImageObject\",\"inLanguage\":\"de\",\"@id\":\"https:\\\/\\\/www.tui.com\\\/blog\\\/#\\\/schema\\\/logo\\\/image\\\/\",\"url\":\"https:\\\/\\\/www.tui.com\\\/blog\\\/wp-content\\\/uploads\\\/2023\\\/04\\\/cropped-tui-logo-3.png\",\"contentUrl\":\"https:\\\/\\\/www.tui.com\\\/blog\\\/wp-content\\\/uploads\\\/2023\\\/04\\\/cropped-tui-logo-3.png\",\"width\":164,\"height\":72,\"caption\":\"TUI.com Reiseblog \u2600\"},\"image\":{\"@id\":\"https:\\\/\\\/www.tui.com\\\/blog\\\/#\\\/schema\\\/logo\\\/image\\\/\"}},{\"@type\":\"Person\",\"@id\":\"https:\\\/\\\/www.tui.com\\\/blog\\\/#\\\/schema\\\/person\\\/095fbe15390e8b9532cd054232189d28\",\"name\":\"TUI Bloggerin Janine\",\"image\":{\"@type\":\"ImageObject\",\"inLanguage\":\"de\",\"@id\":\"https:\\\/\\\/www.tui.com\\\/blog\\\/wp-content\\\/uploads\\\/2018\\\/05\\\/Janine_2-320x180.jpg\",\"url\":\"https:\\\/\\\/www.tui.com\\\/blog\\\/wp-content\\\/uploads\\\/2018\\\/05\\\/Janine_2-320x180.jpg\",\"contentUrl\":\"https:\\\/\\\/www.tui.com\\\/blog\\\/wp-content\\\/uploads\\\/2018\\\/05\\\/Janine_2-320x180.jpg\",\"caption\":\"TUI Bloggerin Janine\"},\"url\":\"https:\\\/\\\/www.tui.com\\\/blog\\\/author\\\/janine\\\/\"}]}<\/script>\n<!-- \/ Yoast SEO plugin. -->","yoast_head_json":{"title":"Behindertengerechte Hotels Ostsee und Nordsee - TUI.com Reiseblog \u2600","description":"Das passende Hotel f\u00fcr deine Bed\u00fcrfnisse: Wer mit Handicap reist, hat besondere Anspr\u00fcche. Behindertengerechte Hotels Ostsee: Best Off!","robots":{"index":"index","follow":"follow","max-snippet":"max-snippet:-1","max-image-preview":"max-image-preview:large","max-video-preview":"max-video-preview:-1"},"canonical":"https:\/\/www.tui.com\/blog\/behindertengerechte-hotels-ostsee-und-nordsee\/","og_locale":"de_DE","og_type":"article","og_title":"Behindertengerechte Hotels Ostsee und Nordsee - TUI.com Reiseblog \u2600","og_description":"Das passende Hotel f\u00fcr deine Bed\u00fcrfnisse: Wer mit Handicap reist, hat besondere Anspr\u00fcche. Behindertengerechte Hotels Ostsee: Best Off!","og_url":"https:\/\/www.tui.com\/blog\/behindertengerechte-hotels-ostsee-und-nordsee\/","og_site_name":"TUI.com Reiseblog \u2600","article_published_time":"2021-07-02T08:00:00+00:00","article_modified_time":"2024-03-29T07:39:47+00:00","og_image":[{"width":1440,"height":788,"url":"https:\/\/www.tui.com\/blog\/wp-content\/uploads\/2023\/04\/yachthafenresidenz-hohe-duene-warnemuende-behindertengerechte-hotels.jpg","type":"image\/jpeg"}],"author":"TUI Bloggerin Janine","twitter_card":"summary_large_image","twitter_misc":{"Verfasst von":"TUI Bloggerin Janine","Gesch\u00e4tzte Lesezeit":"6\u00a0Minuten"},"schema":{"@context":"https:\/\/schema.org","@graph":[{"@type":"BlogPosting","@id":"https:\/\/www.tui.com\/blog\/behindertengerechte-hotels-ostsee-und-nordsee\/#article","isPartOf":{"@id":"https:\/\/www.tui.com\/blog\/behindertengerechte-hotels-ostsee-und-nordsee\/"},"author":{"name":"TUI Bloggerin Janine","@id":"https:\/\/www.tui.com\/blog\/#\/schema\/person\/095fbe15390e8b9532cd054232189d28"},"headline":"Behindertengerechte Hotels Ostsee und Nordsee","datePublished":"2021-07-02T08:00:00+00:00","dateModified":"2024-03-29T07:39:47+00:00","mainEntityOfPage":{"@id":"https:\/\/www.tui.com\/blog\/behindertengerechte-hotels-ostsee-und-nordsee\/"},"wordCount":982,"commentCount":0,"publisher":{"@id":"https:\/\/www.tui.com\/blog\/#organization"},"image":{"@id":"https:\/\/www.tui.com\/blog\/behindertengerechte-hotels-ostsee-und-nordsee\/#primaryimage"},"thumbnailUrl":"https:\/\/www.tui.com\/blog\/wp-content\/uploads\/2023\/04\/yachthafenresidenz-hohe-duene-warnemuende-behindertengerechte-hotels.jpg","keywords":["Barrierefreier Urlaub","Hoteltipps","Ostsee","Rollstuhlreisen"],"articleSection":["Andere Reisearten","Deutschland","Reisearten","Reiseplanung","Reiseziele"],"inLanguage":"de","potentialAction":[{"@type":"CommentAction","name":"Comment","target":["https:\/\/www.tui.com\/blog\/behindertengerechte-hotels-ostsee-und-nordsee\/#respond"]}]},{"@type":"WebPage","@id":"https:\/\/www.tui.com\/blog\/behindertengerechte-hotels-ostsee-und-nordsee\/","url":"https:\/\/www.tui.com\/blog\/behindertengerechte-hotels-ostsee-und-nordsee\/","name":"Behindertengerechte Hotels Ostsee und Nordsee - TUI.com Reiseblog \u2600","isPartOf":{"@id":"https:\/\/www.tui.com\/blog\/#website"},"primaryImageOfPage":{"@id":"https:\/\/www.tui.com\/blog\/behindertengerechte-hotels-ostsee-und-nordsee\/#primaryimage"},"image":{"@id":"https:\/\/www.tui.com\/blog\/behindertengerechte-hotels-ostsee-und-nordsee\/#primaryimage"},"thumbnailUrl":"https:\/\/www.tui.com\/blog\/wp-content\/uploads\/2023\/04\/yachthafenresidenz-hohe-duene-warnemuende-behindertengerechte-hotels.jpg","datePublished":"2021-07-02T08:00:00+00:00","dateModified":"2024-03-29T07:39:47+00:00","description":"Das passende Hotel f\u00fcr deine Bed\u00fcrfnisse: Wer mit Handicap reist, hat besondere Anspr\u00fcche. Behindertengerechte Hotels Ostsee: Best Off!","breadcrumb":{"@id":"https:\/\/www.tui.com\/blog\/behindertengerechte-hotels-ostsee-und-nordsee\/#breadcrumb"},"inLanguage":"de","potentialAction":[{"@type":"ReadAction","target":["https:\/\/www.tui.com\/blog\/behindertengerechte-hotels-ostsee-und-nordsee\/"]}]},{"@type":"ImageObject","inLanguage":"de","@id":"https:\/\/www.tui.com\/blog\/behindertengerechte-hotels-ostsee-und-nordsee\/#primaryimage","url":"https:\/\/www.tui.com\/blog\/wp-content\/uploads\/2023\/04\/yachthafenresidenz-hohe-duene-warnemuende-behindertengerechte-hotels.jpg","contentUrl":"https:\/\/www.tui.com\/blog\/wp-content\/uploads\/2023\/04\/yachthafenresidenz-hohe-duene-warnemuende-behindertengerechte-hotels.jpg","width":1440,"height":788,"caption":"Yachthafenresidenz Hohe D\u00fcne behindertengerchte Hotels"},{"@type":"BreadcrumbList","@id":"https:\/\/www.tui.com\/blog\/behindertengerechte-hotels-ostsee-und-nordsee\/#breadcrumb","itemListElement":[{"@type":"ListItem","position":1,"name":"Startseite","item":"https:\/\/www.tui.com\/blog\/"},{"@type":"ListItem","position":2,"name":"Behindertengerechte Hotels Ostsee und Nordsee"}]},{"@type":"WebSite","@id":"https:\/\/www.tui.com\/blog\/#website","url":"https:\/\/www.tui.com\/blog\/","name":"TUI.com Reiseblog \u2600","description":"Abenteuer oder lieber an den Strand? \u2600 Der TUI Reiseblog bietet tolle Infos rund um deine n\u00e4chste Reise \u2708 Komm vorbei und lass dich inspirieren \u221a","publisher":{"@id":"https:\/\/www.tui.com\/blog\/#organization"},"potentialAction":[{"@type":"SearchAction","target":{"@type":"EntryPoint","urlTemplate":"https:\/\/www.tui.com\/blog\/?s={search_term_string}"},"query-input":{"@type":"PropertyValueSpecification","valueRequired":true,"valueName":"search_term_string"}}],"inLanguage":"de"},{"@type":"Organization","@id":"https:\/\/www.tui.com\/blog\/#organization","name":"TUI.com Reiseblog \u2600","url":"https:\/\/www.tui.com\/blog\/","logo":{"@type":"ImageObject","inLanguage":"de","@id":"https:\/\/www.tui.com\/blog\/#\/schema\/logo\/image\/","url":"https:\/\/www.tui.com\/blog\/wp-content\/uploads\/2023\/04\/cropped-tui-logo-3.png","contentUrl":"https:\/\/www.tui.com\/blog\/wp-content\/uploads\/2023\/04\/cropped-tui-logo-3.png","width":164,"height":72,"caption":"TUI.com Reiseblog \u2600"},"image":{"@id":"https:\/\/www.tui.com\/blog\/#\/schema\/logo\/image\/"}},{"@type":"Person","@id":"https:\/\/www.tui.com\/blog\/#\/schema\/person\/095fbe15390e8b9532cd054232189d28","name":"TUI Bloggerin Janine","image":{"@type":"ImageObject","inLanguage":"de","@id":"https:\/\/www.tui.com\/blog\/wp-content\/uploads\/2018\/05\/Janine_2-320x180.jpg","url":"https:\/\/www.tui.com\/blog\/wp-content\/uploads\/2018\/05\/Janine_2-320x180.jpg","contentUrl":"https:\/\/www.tui.com\/blog\/wp-content\/uploads\/2018\/05\/Janine_2-320x180.jpg","caption":"TUI Bloggerin Janine"},"url":"https:\/\/www.tui.com\/blog\/author\/janine\/"}]}},"_links":{"self":[{"href":"https:\/\/www.tui.com\/blog\/wp-json\/wp\/v2\/posts\/192402","targetHints":{"allow":["GET"]}}],"collection":[{"href":"https:\/\/www.tui.com\/blog\/wp-json\/wp\/v2\/posts"}],"about":[{"href":"https:\/\/www.tui.com\/blog\/wp-json\/wp\/v2\/types\/post"}],"author":[{"embeddable":true,"href":"https:\/\/www.tui.com\/blog\/wp-json\/wp\/v2\/users\/122"}],"replies":[{"embeddable":true,"href":"https:\/\/www.tui.com\/blog\/wp-json\/wp\/v2\/comments?post=192402"}],"version-history":[{"count":6,"href":"https:\/\/www.tui.com\/blog\/wp-json\/wp\/v2\/posts\/192402\/revisions"}],"predecessor-version":[{"id":410584,"href":"https:\/\/www.tui.com\/blog\/wp-json\/wp\/v2\/posts\/192402\/revisions\/410584"}],"wp:featuredmedia":[{"embeddable":true,"href":"https:\/\/www.tui.com\/blog\/wp-json\/wp\/v2\/media\/192420"}],"wp:attachment":[{"href":"https:\/\/www.tui.com\/blog\/wp-json\/wp\/v2\/media?parent=192402"}],"wp:term":[{"taxonomy":"category","embeddable":true,"href":"https:\/\/www.tui.com\/blog\/wp-json\/wp\/v2\/categories?post=192402"},{"taxonomy":"post_tag","embeddable":true,"href":"https:\/\/www.tui.com\/blog\/wp-json\/wp\/v2\/tags?post=192402"}],"curies":[{"name":"wp","href":"https:\/\/api.w.org\/{rel}","templated":true}]}}