{"id":193742,"date":"2021-10-25T10:00:00","date_gmt":"2021-10-25T08:00:00","guid":{"rendered":"https:\/\/blog.tui.info\/kurzurlaub-in-der-eifel-ein-schoener-fleck-in-deutschland\/"},"modified":"2024-08-19T23:09:58","modified_gmt":"2024-08-19T21:09:58","slug":"kurzurlaub-in-der-eifel","status":"publish","type":"post","link":"https:\/\/www.tui.com\/blog\/kurzurlaub-in-der-eifel\/","title":{"rendered":"Kurzurlaub in der Eifel: ein sch\u00f6ner Fleck in Deutschland"},"content":{"rendered":"<div class=\"lazyblock-intro-2qQxfj wp-block-lazyblock-intro\"> <div style=\"color: #4C4C4C, margin-bottom: 18px\">\n    <span style=\"font-size:24px\">Hier gibt es Eindr\u00fccke f\u00fcr Urlaub in der Eifel. Langweilig denkst du? Ganz und gar nicht sagt TUI Bloggerin Nicole! Unser Heimatland ist aber auch ein tolles Reiseland was sich zu entdecken lohnt. <\/span>\n    <br>\n    <br>\n <\/div><\/div>\n\n\n<h3 class=\"wp-block-heading\">Die Eifel &#8211; abwechslungsreich und wundersch\u00f6n<\/h3>\n\n\n\n<p>Reisen in Deutschland ist zum absoluten Trend geworden. Wir fahren schon seit vielen Jahren mindestens zweimal im Jahr in die Eifel um genau zu sein in den kleinen Ort N\u00fcrburg. N\u00fcrburg? &#8211; denken bestimmt einige von euch. <\/p>\n\n\n\n<p>Ja, N\u00fcrburg das Motorsport-Mekka mit dem N\u00fcrburg Ring und der \u201e gr\u00fcnen H\u00f6lle\u201c auch bekannt durch das Festival Rock am Ring. Diese Events sind es auch, die uns dort immer wieder hinziehen. Jedoch erkunden auch wir die Eifel und entdecken immer wieder Neues. V\u00f6llig zu Unrecht hat die Region den Ruf, ein Wandererparadies f\u00fcr Best Ager zu sein. <\/p>\n\n\n\n<p>Die Eifel liegt zwischen Aachen, K\u00f6ln, Koblenz und Trier, die St\u00e4dte sind jeweils circa 1 Stunde entfernt und daher f\u00fcr Kultur oder Shoppingausfl\u00fcge gut erreichbar. Uns hat es aber zum Motorsportwochenende gelockt.<\/p>\n\n\n\n<figure class=\"wp-block-gallery has-nested-images columns-default is-cropped wp-block-gallery-1 is-layout-flex wp-block-gallery-is-layout-flex\">\n<figure class=\"wp-block-image size-large\"><img decoding=\"async\" width=\"760\" height=\"420\" data-id=\"78116\" src=\"https:\/\/www.tui.com\/blog\/wp-content\/uploads\/2021\/10\/eifel-wald-strasse-shutterstock-1619232202-r-classen.jpg\" alt=\"Wald und Kurven\" class=\"wp-image-78116\" srcset=\"https:\/\/www.tui.com\/blog\/wp-content\/uploads\/2021\/10\/eifel-wald-strasse-shutterstock-1619232202-r-classen.jpg 760w, https:\/\/www.tui.com\/blog\/wp-content\/uploads\/2021\/10\/eifel-wald-strasse-shutterstock-1619232202-r-classen-480x265.jpg 480w, https:\/\/www.tui.com\/blog\/wp-content\/uploads\/2021\/10\/eifel-wald-strasse-shutterstock-1619232202-r-classen-320x177.jpg 320w, https:\/\/www.tui.com\/blog\/wp-content\/uploads\/2021\/10\/eifel-wald-strasse-shutterstock-1619232202-r-classen-370x204.jpg 370w, https:\/\/www.tui.com\/blog\/wp-content\/uploads\/2021\/10\/eifel-wald-strasse-shutterstock-1619232202-r-classen-300x166.jpg 300w, https:\/\/www.tui.com\/blog\/wp-content\/uploads\/2021\/10\/eifel-wald-strasse-shutterstock-1619232202-r-classen-133x75.jpg 133w\" sizes=\"(max-width: 760px) 100vw, 760px\" \/><figcaption class=\"wp-element-caption\">Bei den Strassen kann einem schwindelig werden @shutterstock\/r.classen<\/figcaption><\/figure>\n<\/figure>\n\n\n\n<h3 class=\"wp-block-heading\">Unsere Anreise zum DTM Wochenende<\/h3>\n\n\n\n<p>Wir wohnen in Hannover. Von dort betr\u00e4gt die Fahrzeit circa 3,5 Stunden. Etwa ab Euskirchen befinden wir uns schon in der Voreifel, was sich deutlich durch die h\u00fcgelige Landschaft zeigt. Die Eifel selbst beginnt etwa ab Blankenheim. Durch T\u00e4ler mit wirklich vielen kurvigen Landstra\u00dfen fahren wir hinauf nach N\u00fcrburg. <\/p>\n\n\n\n<p>Wir \u00fcbernachten immer in einer kleinen famili\u00e4ren Pension. Die Lage im Ortskern ist f\u00fcr uns perfekt, kurze Wege zum \u201eRing\u201c und gleich um die Ecke ist eines der besten kleinen italienischen Restaurants das wir kennen. Es war im Ort sehr viel ruhiger obwohl die Nordschleife, die sogenannte \u201egr\u00fcne H\u00f6lle\u201c f\u00fcr Touristenfahrten ge\u00f6ffnet hatte. Den Motorensound konnten wir auf der Terrasse der Pension deutlich h\u00f6ren &#8211; ein wenig Gef\u00fchl von Normalit\u00e4t, die Pizza vom Italiener nebenan schmeckt gleich besser.<\/p>\n\n\n\n<figure class=\"wp-block-gallery has-nested-images columns-default is-cropped wp-block-gallery-2 is-layout-flex wp-block-gallery-is-layout-flex\">\n<figure class=\"wp-block-image size-large\"><img decoding=\"async\" width=\"760\" height=\"420\" data-id=\"78118\" src=\"https:\/\/www.tui.com\/blog\/wp-content\/uploads\/2021\/10\/landschaft-eifel-shutterstock-1518350333-m-volk.jpg\" alt=\"Der Weg ist das Ziel\" class=\"wp-image-78118\" srcset=\"https:\/\/www.tui.com\/blog\/wp-content\/uploads\/2021\/10\/landschaft-eifel-shutterstock-1518350333-m-volk.jpg 760w, https:\/\/www.tui.com\/blog\/wp-content\/uploads\/2021\/10\/landschaft-eifel-shutterstock-1518350333-m-volk-480x265.jpg 480w, https:\/\/www.tui.com\/blog\/wp-content\/uploads\/2021\/10\/landschaft-eifel-shutterstock-1518350333-m-volk-320x177.jpg 320w, https:\/\/www.tui.com\/blog\/wp-content\/uploads\/2021\/10\/landschaft-eifel-shutterstock-1518350333-m-volk-370x204.jpg 370w, https:\/\/www.tui.com\/blog\/wp-content\/uploads\/2021\/10\/landschaft-eifel-shutterstock-1518350333-m-volk-300x166.jpg 300w, https:\/\/www.tui.com\/blog\/wp-content\/uploads\/2021\/10\/landschaft-eifel-shutterstock-1518350333-m-volk-133x75.jpg 133w\" sizes=\"(max-width: 760px) 100vw, 760px\" \/><figcaption class=\"wp-element-caption\">@shutterstock\/m.volk<\/figcaption><\/figure>\n<\/figure>\n\n\n\n<h3 class=\"wp-block-heading\">Unser Highlight: ein Motorsport Event<\/h3>\n\n\n\n<p>In 2020 konnten wir leider nur einmal zum \u201eRing\u201c fahren da \u201eRock am Ring 35\u201c auf Grund der weltweiten Pandemie abgesagt wurde. Im gleichen Jahr konnten wir im September jedoch unter Spezialbedingungen ein tolles Motorsportwochenende der DTM erleben. <\/p>\n\n\n\n<p>Das war eine spannende Erfahrung, da der Rummel der sonst Rund um ein Motorsport Event stattfindet, nicht vorhanden war. Es gab kein Flanieren im Fahrerlager mit kleinen St\u00e4nden, keinen Food Court, die Pkw Pr\u00e4sentationen oder Autogrammstunden, die sonst zu den Highlights z\u00e4hlen, fielen auch aus. Als Besucher waren wir auf dem Gel\u00e4nde in unserer Bewegungsfreiheit sehr eingeschr\u00e4nkt. Unsere Sitzpl\u00e4tze auf der Trib\u00fcne 4 des N\u00fcrburg Ring boten einen tollen Blick \u00fcber die Landschaft mit H\u00fcgeln, kleinen Orten und geschwungenen Landstra\u00dfen die zu Ausfahrten, egal ob mit Pkw, Motorrad oder sogar Wohnmobil einladen. <\/p>\n\n\n\n<p>Sonntagabend, nachdem der DTM Tross und die Motorsportfans gr\u00f6\u00dftenteils N\u00fcrburg verlassen hatten sind wir noch nach Mayen gefahren &#8211; das geh\u00f6rt f\u00fcr uns zum Abschluss des DTM Wochenendes mittlerweile dazu.<\/p>\n\n\n\n<figure class=\"wp-block-gallery has-nested-images columns-default is-cropped wp-block-gallery-3 is-layout-flex wp-block-gallery-is-layout-flex\">\n<figure class=\"wp-block-image size-large\"><img decoding=\"async\" width=\"760\" height=\"420\" data-id=\"78122\" src=\"https:\/\/www.tui.com\/blog\/wp-content\/uploads\/2021\/10\/urlaub-eifel-nuerburgring-tribuene.jpg\" alt=\"Trib\u00fcne vom N\u00fcrburgring\" class=\"wp-image-78122\" srcset=\"https:\/\/www.tui.com\/blog\/wp-content\/uploads\/2021\/10\/urlaub-eifel-nuerburgring-tribuene.jpg 760w, https:\/\/www.tui.com\/blog\/wp-content\/uploads\/2021\/10\/urlaub-eifel-nuerburgring-tribuene-480x265.jpg 480w, https:\/\/www.tui.com\/blog\/wp-content\/uploads\/2021\/10\/urlaub-eifel-nuerburgring-tribuene-320x177.jpg 320w, https:\/\/www.tui.com\/blog\/wp-content\/uploads\/2021\/10\/urlaub-eifel-nuerburgring-tribuene-370x204.jpg 370w, https:\/\/www.tui.com\/blog\/wp-content\/uploads\/2021\/10\/urlaub-eifel-nuerburgring-tribuene-300x166.jpg 300w, https:\/\/www.tui.com\/blog\/wp-content\/uploads\/2021\/10\/urlaub-eifel-nuerburgring-tribuene-133x75.jpg 133w\" sizes=\"(max-width: 760px) 100vw, 760px\" \/><figcaption class=\"wp-element-caption\">Blick von der Trib\u00fcne auf dem N\u00fcrburgring<\/figcaption><\/figure>\n<\/figure>\n\n\n\n<h3 class=\"wp-block-heading\">Vielf\u00e4ltige Ausflugsziele in der Eifel<\/h3>\n\n\n\n<p>Generell sind wir an den Event Wochenenden auch immer in der Eifel unterwegs um uns eines der vielen Ausflugziele anzusehen. Diesmal war es ein kurzer Trip zum \u201eDreim\u00fchlen Wasserfall\u201c da Pandemiebedingt nur Outdoor Aktivit\u00e4ten m\u00f6glich waren. Je nach Anfahrt- oder R\u00fcckweg k\u00f6nnt ihr auch einem der tiefblauen Maare wie den Schalkenmehrener Maar bewundern. Ein Maar ist ein wassergef\u00fcllte Vulkankrater. Wirklich beeindruckend. <\/p>\n\n\n\n<p>Vor Jahren haben wir uns zum Beispiel die \u00fcber 850 Jahre alte Burg Eltz angeschaut, die in einem Seitental zwischen Koblenz und Cochem liegt. Die F\u00fchrungen dort sind sehr zu empfehlen. Auch wir haben an einer gef\u00fchrten Tour teilgenommen.<\/p>\n\n\n\n<figure class=\"wp-block-gallery has-nested-images columns-2 is-cropped wp-block-gallery-4 is-layout-flex wp-block-gallery-is-layout-flex\">\n<figure class=\"wp-block-image size-large\"><img decoding=\"async\" width=\"760\" height=\"420\" data-id=\"78115\" src=\"https:\/\/www.tui.com\/blog\/wp-content\/uploads\/2021\/10\/eifel-landschaft-shutterstock-2057314607-sidclaydasilva.jpg\" alt=\"Eifel gr\u00fcne Landschaft\" class=\"wp-image-78115\" srcset=\"https:\/\/www.tui.com\/blog\/wp-content\/uploads\/2021\/10\/eifel-landschaft-shutterstock-2057314607-sidclaydasilva.jpg 760w, https:\/\/www.tui.com\/blog\/wp-content\/uploads\/2021\/10\/eifel-landschaft-shutterstock-2057314607-sidclaydasilva-480x265.jpg 480w, https:\/\/www.tui.com\/blog\/wp-content\/uploads\/2021\/10\/eifel-landschaft-shutterstock-2057314607-sidclaydasilva-320x177.jpg 320w, https:\/\/www.tui.com\/blog\/wp-content\/uploads\/2021\/10\/eifel-landschaft-shutterstock-2057314607-sidclaydasilva-370x204.jpg 370w, https:\/\/www.tui.com\/blog\/wp-content\/uploads\/2021\/10\/eifel-landschaft-shutterstock-2057314607-sidclaydasilva-300x166.jpg 300w, https:\/\/www.tui.com\/blog\/wp-content\/uploads\/2021\/10\/eifel-landschaft-shutterstock-2057314607-sidclaydasilva-133x75.jpg 133w\" sizes=\"(max-width: 760px) 100vw, 760px\" \/><figcaption class=\"wp-element-caption\">wundersch\u00f6ne Landschaft@shutterstock\/sidclay da silva<\/figcaption><\/figure>\n\n\n\n<figure class=\"wp-block-image size-large\"><img decoding=\"async\" width=\"760\" height=\"420\" data-id=\"78119\" src=\"https:\/\/www.tui.com\/blog\/wp-content\/uploads\/2021\/10\/nuerburg-burgblick-eifel-urlaub-.jpg\" alt=\"N\u00fcrburg\" class=\"wp-image-78119\" srcset=\"https:\/\/www.tui.com\/blog\/wp-content\/uploads\/2021\/10\/nuerburg-burgblick-eifel-urlaub-.jpg 760w, https:\/\/www.tui.com\/blog\/wp-content\/uploads\/2021\/10\/nuerburg-burgblick-eifel-urlaub--480x265.jpg 480w, https:\/\/www.tui.com\/blog\/wp-content\/uploads\/2021\/10\/nuerburg-burgblick-eifel-urlaub--320x177.jpg 320w, https:\/\/www.tui.com\/blog\/wp-content\/uploads\/2021\/10\/nuerburg-burgblick-eifel-urlaub--370x204.jpg 370w, https:\/\/www.tui.com\/blog\/wp-content\/uploads\/2021\/10\/nuerburg-burgblick-eifel-urlaub--300x166.jpg 300w, https:\/\/www.tui.com\/blog\/wp-content\/uploads\/2021\/10\/nuerburg-burgblick-eifel-urlaub--133x75.jpg 133w\" sizes=\"(max-width: 760px) 100vw, 760px\" \/><figcaption class=\"wp-element-caption\">Blick auf die N\u00fcrburg<\/figcaption><\/figure>\n\n\n\n<figure class=\"wp-block-image size-large\"><img decoding=\"async\" width=\"760\" height=\"420\" data-id=\"78121\" src=\"https:\/\/www.tui.com\/blog\/wp-content\/uploads\/2021\/10\/ulmener-maar-eifel-shutterstock-1431586562-circumnavigation.jpg\" alt=\"Ulmener Maar Eifel\" class=\"wp-image-78121\" srcset=\"https:\/\/www.tui.com\/blog\/wp-content\/uploads\/2021\/10\/ulmener-maar-eifel-shutterstock-1431586562-circumnavigation.jpg 760w, https:\/\/www.tui.com\/blog\/wp-content\/uploads\/2021\/10\/ulmener-maar-eifel-shutterstock-1431586562-circumnavigation-480x265.jpg 480w, https:\/\/www.tui.com\/blog\/wp-content\/uploads\/2021\/10\/ulmener-maar-eifel-shutterstock-1431586562-circumnavigation-320x177.jpg 320w, https:\/\/www.tui.com\/blog\/wp-content\/uploads\/2021\/10\/ulmener-maar-eifel-shutterstock-1431586562-circumnavigation-370x204.jpg 370w, https:\/\/www.tui.com\/blog\/wp-content\/uploads\/2021\/10\/ulmener-maar-eifel-shutterstock-1431586562-circumnavigation-300x166.jpg 300w, https:\/\/www.tui.com\/blog\/wp-content\/uploads\/2021\/10\/ulmener-maar-eifel-shutterstock-1431586562-circumnavigation-133x75.jpg 133w\" sizes=\"(max-width: 760px) 100vw, 760px\" \/><figcaption class=\"wp-element-caption\">Ulmener Maar @shutterstock\/circumnavigation<\/figcaption><\/figure>\n<\/figure>\n\n\n\n<h3 class=\"wp-block-heading\">Meine Tipps f\u00fcr Hotel und Shopping<\/h3>\n\n\n\n<p><strong>Outlet-Shopping:<\/strong> Ist im nahen Bad M\u00fcnstereifel m\u00f6glich. Der alte Ortskern mit historischen Geb\u00e4uden ist ein Einkaufparadies mit Outlet-Shops und vielen gem\u00fctlichen Caf\u00e9s und Restaurants in denen ihr euch vom Shopping erholen k\u00f6nnt.<br><br><strong>\u00dcbernachtung:<\/strong> Ihr m\u00fcsst auch nicht in einer Pension \u00fcbernachten, nat\u00fcrlich bietet N\u00fcrburg auch sehr komfortabele Unterk\u00fcnfte wie das <strong><a href=\"https:\/\/www.tui.com\/hotels\/lindner-congress-and-motorsport-hotel-nuerburgring-183007\/hotelinformation\/\" target=\"_blank\" rel=\"noreferrer noopener\">Lindner Congress- Motorsport Hotel N\u00fcrgurgring<\/a> <\/strong>oder aber auch den <strong><a href=\"https:\/\/www.tui.com\/hotels\/nuerburgring-ferienpark-managed-by-lindner-139912\/hotelinformation\/\" target=\"_blank\" rel=\"noreferrer noopener\">N\u00fcrburgring Ferienpark &#8211; managed by Lindner<\/a><\/strong> f\u00fcr Familien.<\/p>\n\n\n\n<p>Weitere Tipps f\u00fcr Deutschland<\/p>\n\n\n\n<p>  Die <a href=\"https:\/\/www.tui.com\/blog\/die-top-10-schoensten-radwege-deutschland\/\" target=\"_blank\" rel=\"noreferrer noopener\">Top 10 Radwege<\/a> in Deutschland<br>  Die sch\u00f6nsten Zoos in Deutschland findet ihr <a href=\"https:\/\/www.tui.com\/blog\/die-top-10-besten-zoos-in-deutschland\/\" target=\"_blank\" rel=\"noreferrer noopener\">hier<\/a><br>  Traumhafte <a href=\"https:\/\/www.tui.com\/blog\/die-schoensten-burgen-und-schloesser-deutschlands\/\" target=\"_blank\" rel=\"noreferrer noopener\">Burgen und Schl\u00f6sser<\/a><br>  <a href=\"https:\/\/www.tui.com\/blog\/museum-deutschland-top-12\" target=\"_blank\" rel=\"noreferrer noopener\">Deutschlands Top Museen<\/a>: hier findest du Jonahs Top 12<br>  Die tollsten <a href=\"https:\/\/www.tui.com\/blog\/wandern-in-deutschland-die-schoensten-wanderwege-in-deutschland\/\" target=\"_blank\" rel=\"noreferrer noopener\">Wanderwege in Deutschland<\/a><\/p>\n","protected":false},"excerpt":{"rendered":"<p>Reisen in Deutschland ist zum absoluten Trend geworden. Wir fahren schon seit vielen Jahren mindestens zweimal im Jahr in die Eifel um genau zu sein in den kleinen Ort N\u00fcrburg. N\u00fcrburg? &#8211; denken bestimmt einige von euch.<\/p>\n","protected":false},"author":86,"featured_media":193758,"comment_status":"open","ping_status":"open","sticky":false,"template":"","format":"standard","meta":{"_acf_changed":false,"footnotes":""},"categories":[4066,4040,4052,4030],"tags":[171,270,441],"class_list":["post-193742","post","type-post","status-publish","format-standard","has-post-thumbnail","hentry","category-archiv-andere-reisearten","category-archiv-deutschland","category-archiv-reisearten","category-archiv-reiseziele","tag-ausflug","tag-deutschland","tag-kurztrip"],"acf":[],"yoast_head":"<!-- This site is optimized with the Yoast SEO plugin v27.4 - https:\/\/yoast.com\/product\/yoast-seo-wordpress\/ -->\n<title>Kurzurlaub in der Eifel: ein sch\u00f6ner Fleck in Deutschland - TUI.com Reiseblog \u2600<\/title>\n<meta name=\"description\" content=\"Abwechslungsreich und sch\u00f6n ist dieser Fleck in Deutschland. Die Eifel ist eine Reise wert: zum Wandern, Motorsport oder andere Ausfl\u00fcge.\" \/>\n<meta name=\"robots\" content=\"index, follow, max-snippet:-1, max-image-preview:large, max-video-preview:-1\" \/>\n<link rel=\"canonical\" href=\"https:\/\/www.tui.com\/blog\/kurzurlaub-in-der-eifel\/\" \/>\n<meta property=\"og:locale\" content=\"de_DE\" \/>\n<meta property=\"og:type\" content=\"article\" \/>\n<meta property=\"og:title\" content=\"Kurzurlaub in der Eifel: ein sch\u00f6ner Fleck in Deutschland - TUI.com Reiseblog \u2600\" \/>\n<meta property=\"og:description\" content=\"Abwechslungsreich und sch\u00f6n ist dieser Fleck in Deutschland. Die Eifel ist eine Reise wert: zum Wandern, Motorsport oder andere Ausfl\u00fcge.\" \/>\n<meta property=\"og:url\" content=\"https:\/\/www.tui.com\/blog\/kurzurlaub-in-der-eifel\/\" \/>\n<meta property=\"og:site_name\" content=\"TUI.com Reiseblog \u2600\" \/>\n<meta property=\"article:published_time\" content=\"2021-10-25T08:00:00+00:00\" \/>\n<meta property=\"article:modified_time\" content=\"2024-08-19T21:09:58+00:00\" \/>\n<meta property=\"og:image\" content=\"https:\/\/www.tui.com\/blog\/wp-content\/uploads\/2023\/04\/eifel-landschaft-gruen-shutterstock-2057314607-sidclaydasilva.jpg\" \/>\n\t<meta property=\"og:image:width\" content=\"1440\" \/>\n\t<meta property=\"og:image:height\" content=\"788\" \/>\n\t<meta property=\"og:image:type\" content=\"image\/jpeg\" \/>\n<meta name=\"author\" content=\"TUI Reiseexperten\" \/>\n<meta name=\"twitter:card\" content=\"summary_large_image\" \/>\n<meta name=\"twitter:label1\" content=\"Verfasst von\" \/>\n\t<meta name=\"twitter:data1\" content=\"TUI Reiseexperten\" \/>\n\t<meta name=\"twitter:label2\" content=\"Gesch\u00e4tzte Lesezeit\" \/>\n\t<meta name=\"twitter:data2\" content=\"5\u00a0Minuten\" \/>\n<script type=\"application\/ld+json\" class=\"yoast-schema-graph\">{\"@context\":\"https:\\\/\\\/schema.org\",\"@graph\":[{\"@type\":\"BlogPosting\",\"@id\":\"https:\\\/\\\/www.tui.com\\\/blog\\\/kurzurlaub-in-der-eifel\\\/#article\",\"isPartOf\":{\"@id\":\"https:\\\/\\\/www.tui.com\\\/blog\\\/kurzurlaub-in-der-eifel\\\/\"},\"author\":{\"name\":\"TUI Reiseexperten\",\"@id\":\"https:\\\/\\\/www.tui.com\\\/blog\\\/#\\\/schema\\\/person\\\/e0405bcbd5102f3edd229113f1c50a06\"},\"headline\":\"Kurzurlaub in der Eifel: ein sch\u00f6ner Fleck in Deutschland\",\"datePublished\":\"2021-10-25T08:00:00+00:00\",\"dateModified\":\"2024-08-19T21:09:58+00:00\",\"mainEntityOfPage\":{\"@id\":\"https:\\\/\\\/www.tui.com\\\/blog\\\/kurzurlaub-in-der-eifel\\\/\"},\"wordCount\":750,\"commentCount\":0,\"publisher\":{\"@id\":\"https:\\\/\\\/www.tui.com\\\/blog\\\/#organization\"},\"image\":{\"@id\":\"https:\\\/\\\/www.tui.com\\\/blog\\\/kurzurlaub-in-der-eifel\\\/#primaryimage\"},\"thumbnailUrl\":\"https:\\\/\\\/www.tui.com\\\/blog\\\/wp-content\\\/uploads\\\/2023\\\/04\\\/eifel-landschaft-gruen-shutterstock-2057314607-sidclaydasilva.jpg\",\"keywords\":[\"Ausflug\",\"Deutschland\",\"Kurztrip\"],\"articleSection\":[\"Andere Reisearten\",\"Deutschland\",\"Reisearten\",\"Reiseziele\"],\"inLanguage\":\"de\",\"potentialAction\":[{\"@type\":\"CommentAction\",\"name\":\"Comment\",\"target\":[\"https:\\\/\\\/www.tui.com\\\/blog\\\/kurzurlaub-in-der-eifel\\\/#respond\"]}]},{\"@type\":\"WebPage\",\"@id\":\"https:\\\/\\\/www.tui.com\\\/blog\\\/kurzurlaub-in-der-eifel\\\/\",\"url\":\"https:\\\/\\\/www.tui.com\\\/blog\\\/kurzurlaub-in-der-eifel\\\/\",\"name\":\"Kurzurlaub in der Eifel: ein sch\u00f6ner Fleck in Deutschland - TUI.com Reiseblog \u2600\",\"isPartOf\":{\"@id\":\"https:\\\/\\\/www.tui.com\\\/blog\\\/#website\"},\"primaryImageOfPage\":{\"@id\":\"https:\\\/\\\/www.tui.com\\\/blog\\\/kurzurlaub-in-der-eifel\\\/#primaryimage\"},\"image\":{\"@id\":\"https:\\\/\\\/www.tui.com\\\/blog\\\/kurzurlaub-in-der-eifel\\\/#primaryimage\"},\"thumbnailUrl\":\"https:\\\/\\\/www.tui.com\\\/blog\\\/wp-content\\\/uploads\\\/2023\\\/04\\\/eifel-landschaft-gruen-shutterstock-2057314607-sidclaydasilva.jpg\",\"datePublished\":\"2021-10-25T08:00:00+00:00\",\"dateModified\":\"2024-08-19T21:09:58+00:00\",\"description\":\"Abwechslungsreich und sch\u00f6n ist dieser Fleck in Deutschland. Die Eifel ist eine Reise wert: zum Wandern, Motorsport oder andere Ausfl\u00fcge.\",\"breadcrumb\":{\"@id\":\"https:\\\/\\\/www.tui.com\\\/blog\\\/kurzurlaub-in-der-eifel\\\/#breadcrumb\"},\"inLanguage\":\"de\",\"potentialAction\":[{\"@type\":\"ReadAction\",\"target\":[\"https:\\\/\\\/www.tui.com\\\/blog\\\/kurzurlaub-in-der-eifel\\\/\"]}]},{\"@type\":\"ImageObject\",\"inLanguage\":\"de\",\"@id\":\"https:\\\/\\\/www.tui.com\\\/blog\\\/kurzurlaub-in-der-eifel\\\/#primaryimage\",\"url\":\"https:\\\/\\\/www.tui.com\\\/blog\\\/wp-content\\\/uploads\\\/2023\\\/04\\\/eifel-landschaft-gruen-shutterstock-2057314607-sidclaydasilva.jpg\",\"contentUrl\":\"https:\\\/\\\/www.tui.com\\\/blog\\\/wp-content\\\/uploads\\\/2023\\\/04\\\/eifel-landschaft-gruen-shutterstock-2057314607-sidclaydasilva.jpg\",\"width\":1440,\"height\":788,\"caption\":\"wundersch\u00f6ne Landschaft@shutterstock\\\/sidclay da silva\"},{\"@type\":\"BreadcrumbList\",\"@id\":\"https:\\\/\\\/www.tui.com\\\/blog\\\/kurzurlaub-in-der-eifel\\\/#breadcrumb\",\"itemListElement\":[{\"@type\":\"ListItem\",\"position\":1,\"name\":\"Startseite\",\"item\":\"https:\\\/\\\/www.tui.com\\\/blog\\\/\"},{\"@type\":\"ListItem\",\"position\":2,\"name\":\"Kurzurlaub in der Eifel: ein sch\u00f6ner Fleck in Deutschland\"}]},{\"@type\":\"WebSite\",\"@id\":\"https:\\\/\\\/www.tui.com\\\/blog\\\/#website\",\"url\":\"https:\\\/\\\/www.tui.com\\\/blog\\\/\",\"name\":\"TUI.com Reiseblog \u2600\",\"description\":\"Abenteuer oder lieber an den Strand? \u2600 Der TUI Reiseblog bietet tolle Infos rund um deine n\u00e4chste Reise \u2708 Komm vorbei und lass dich inspirieren \u221a\",\"publisher\":{\"@id\":\"https:\\\/\\\/www.tui.com\\\/blog\\\/#organization\"},\"potentialAction\":[{\"@type\":\"SearchAction\",\"target\":{\"@type\":\"EntryPoint\",\"urlTemplate\":\"https:\\\/\\\/www.tui.com\\\/blog\\\/?s={search_term_string}\"},\"query-input\":{\"@type\":\"PropertyValueSpecification\",\"valueRequired\":true,\"valueName\":\"search_term_string\"}}],\"inLanguage\":\"de\"},{\"@type\":\"Organization\",\"@id\":\"https:\\\/\\\/www.tui.com\\\/blog\\\/#organization\",\"name\":\"TUI.com Reiseblog \u2600\",\"url\":\"https:\\\/\\\/www.tui.com\\\/blog\\\/\",\"logo\":{\"@type\":\"ImageObject\",\"inLanguage\":\"de\",\"@id\":\"https:\\\/\\\/www.tui.com\\\/blog\\\/#\\\/schema\\\/logo\\\/image\\\/\",\"url\":\"https:\\\/\\\/www.tui.com\\\/blog\\\/wp-content\\\/uploads\\\/2023\\\/04\\\/cropped-tui-logo-3.png\",\"contentUrl\":\"https:\\\/\\\/www.tui.com\\\/blog\\\/wp-content\\\/uploads\\\/2023\\\/04\\\/cropped-tui-logo-3.png\",\"width\":164,\"height\":72,\"caption\":\"TUI.com Reiseblog \u2600\"},\"image\":{\"@id\":\"https:\\\/\\\/www.tui.com\\\/blog\\\/#\\\/schema\\\/logo\\\/image\\\/\"}},{\"@type\":\"Person\",\"@id\":\"https:\\\/\\\/www.tui.com\\\/blog\\\/#\\\/schema\\\/person\\\/e0405bcbd5102f3edd229113f1c50a06\",\"name\":\"TUI Reiseexperten\",\"image\":{\"@type\":\"ImageObject\",\"inLanguage\":\"de\",\"@id\":\"https:\\\/\\\/www.tui.com\\\/blog\\\/wp-content\\\/uploads\\\/2016\\\/10\\\/TUIMitarbeiter-178x176.jpg\",\"url\":\"https:\\\/\\\/www.tui.com\\\/blog\\\/wp-content\\\/uploads\\\/2016\\\/10\\\/TUIMitarbeiter-178x176.jpg\",\"contentUrl\":\"https:\\\/\\\/www.tui.com\\\/blog\\\/wp-content\\\/uploads\\\/2016\\\/10\\\/TUIMitarbeiter-178x176.jpg\",\"caption\":\"TUI Reiseexperten\"},\"description\":\"TEST\",\"url\":\"https:\\\/\\\/www.tui.com\\\/blog\\\/author\\\/tui-mitarbeiter\\\/\"}]}<\/script>\n<!-- \/ Yoast SEO plugin. -->","yoast_head_json":{"title":"Kurzurlaub in der Eifel: ein sch\u00f6ner Fleck in Deutschland - TUI.com Reiseblog \u2600","description":"Abwechslungsreich und sch\u00f6n ist dieser Fleck in Deutschland. Die Eifel ist eine Reise wert: zum Wandern, Motorsport oder andere Ausfl\u00fcge.","robots":{"index":"index","follow":"follow","max-snippet":"max-snippet:-1","max-image-preview":"max-image-preview:large","max-video-preview":"max-video-preview:-1"},"canonical":"https:\/\/www.tui.com\/blog\/kurzurlaub-in-der-eifel\/","og_locale":"de_DE","og_type":"article","og_title":"Kurzurlaub in der Eifel: ein sch\u00f6ner Fleck in Deutschland - TUI.com Reiseblog \u2600","og_description":"Abwechslungsreich und sch\u00f6n ist dieser Fleck in Deutschland. Die Eifel ist eine Reise wert: zum Wandern, Motorsport oder andere Ausfl\u00fcge.","og_url":"https:\/\/www.tui.com\/blog\/kurzurlaub-in-der-eifel\/","og_site_name":"TUI.com Reiseblog \u2600","article_published_time":"2021-10-25T08:00:00+00:00","article_modified_time":"2024-08-19T21:09:58+00:00","og_image":[{"width":1440,"height":788,"url":"https:\/\/www.tui.com\/blog\/wp-content\/uploads\/2023\/04\/eifel-landschaft-gruen-shutterstock-2057314607-sidclaydasilva.jpg","type":"image\/jpeg"}],"author":"TUI Reiseexperten","twitter_card":"summary_large_image","twitter_misc":{"Verfasst von":"TUI Reiseexperten","Gesch\u00e4tzte Lesezeit":"5\u00a0Minuten"},"schema":{"@context":"https:\/\/schema.org","@graph":[{"@type":"BlogPosting","@id":"https:\/\/www.tui.com\/blog\/kurzurlaub-in-der-eifel\/#article","isPartOf":{"@id":"https:\/\/www.tui.com\/blog\/kurzurlaub-in-der-eifel\/"},"author":{"name":"TUI Reiseexperten","@id":"https:\/\/www.tui.com\/blog\/#\/schema\/person\/e0405bcbd5102f3edd229113f1c50a06"},"headline":"Kurzurlaub in der Eifel: ein sch\u00f6ner Fleck in Deutschland","datePublished":"2021-10-25T08:00:00+00:00","dateModified":"2024-08-19T21:09:58+00:00","mainEntityOfPage":{"@id":"https:\/\/www.tui.com\/blog\/kurzurlaub-in-der-eifel\/"},"wordCount":750,"commentCount":0,"publisher":{"@id":"https:\/\/www.tui.com\/blog\/#organization"},"image":{"@id":"https:\/\/www.tui.com\/blog\/kurzurlaub-in-der-eifel\/#primaryimage"},"thumbnailUrl":"https:\/\/www.tui.com\/blog\/wp-content\/uploads\/2023\/04\/eifel-landschaft-gruen-shutterstock-2057314607-sidclaydasilva.jpg","keywords":["Ausflug","Deutschland","Kurztrip"],"articleSection":["Andere Reisearten","Deutschland","Reisearten","Reiseziele"],"inLanguage":"de","potentialAction":[{"@type":"CommentAction","name":"Comment","target":["https:\/\/www.tui.com\/blog\/kurzurlaub-in-der-eifel\/#respond"]}]},{"@type":"WebPage","@id":"https:\/\/www.tui.com\/blog\/kurzurlaub-in-der-eifel\/","url":"https:\/\/www.tui.com\/blog\/kurzurlaub-in-der-eifel\/","name":"Kurzurlaub in der Eifel: ein sch\u00f6ner Fleck in Deutschland - TUI.com Reiseblog \u2600","isPartOf":{"@id":"https:\/\/www.tui.com\/blog\/#website"},"primaryImageOfPage":{"@id":"https:\/\/www.tui.com\/blog\/kurzurlaub-in-der-eifel\/#primaryimage"},"image":{"@id":"https:\/\/www.tui.com\/blog\/kurzurlaub-in-der-eifel\/#primaryimage"},"thumbnailUrl":"https:\/\/www.tui.com\/blog\/wp-content\/uploads\/2023\/04\/eifel-landschaft-gruen-shutterstock-2057314607-sidclaydasilva.jpg","datePublished":"2021-10-25T08:00:00+00:00","dateModified":"2024-08-19T21:09:58+00:00","description":"Abwechslungsreich und sch\u00f6n ist dieser Fleck in Deutschland. Die Eifel ist eine Reise wert: zum Wandern, Motorsport oder andere Ausfl\u00fcge.","breadcrumb":{"@id":"https:\/\/www.tui.com\/blog\/kurzurlaub-in-der-eifel\/#breadcrumb"},"inLanguage":"de","potentialAction":[{"@type":"ReadAction","target":["https:\/\/www.tui.com\/blog\/kurzurlaub-in-der-eifel\/"]}]},{"@type":"ImageObject","inLanguage":"de","@id":"https:\/\/www.tui.com\/blog\/kurzurlaub-in-der-eifel\/#primaryimage","url":"https:\/\/www.tui.com\/blog\/wp-content\/uploads\/2023\/04\/eifel-landschaft-gruen-shutterstock-2057314607-sidclaydasilva.jpg","contentUrl":"https:\/\/www.tui.com\/blog\/wp-content\/uploads\/2023\/04\/eifel-landschaft-gruen-shutterstock-2057314607-sidclaydasilva.jpg","width":1440,"height":788,"caption":"wundersch\u00f6ne Landschaft@shutterstock\/sidclay da silva"},{"@type":"BreadcrumbList","@id":"https:\/\/www.tui.com\/blog\/kurzurlaub-in-der-eifel\/#breadcrumb","itemListElement":[{"@type":"ListItem","position":1,"name":"Startseite","item":"https:\/\/www.tui.com\/blog\/"},{"@type":"ListItem","position":2,"name":"Kurzurlaub in der Eifel: ein sch\u00f6ner Fleck in Deutschland"}]},{"@type":"WebSite","@id":"https:\/\/www.tui.com\/blog\/#website","url":"https:\/\/www.tui.com\/blog\/","name":"TUI.com Reiseblog \u2600","description":"Abenteuer oder lieber an den Strand? \u2600 Der TUI Reiseblog bietet tolle Infos rund um deine n\u00e4chste Reise \u2708 Komm vorbei und lass dich inspirieren \u221a","publisher":{"@id":"https:\/\/www.tui.com\/blog\/#organization"},"potentialAction":[{"@type":"SearchAction","target":{"@type":"EntryPoint","urlTemplate":"https:\/\/www.tui.com\/blog\/?s={search_term_string}"},"query-input":{"@type":"PropertyValueSpecification","valueRequired":true,"valueName":"search_term_string"}}],"inLanguage":"de"},{"@type":"Organization","@id":"https:\/\/www.tui.com\/blog\/#organization","name":"TUI.com Reiseblog \u2600","url":"https:\/\/www.tui.com\/blog\/","logo":{"@type":"ImageObject","inLanguage":"de","@id":"https:\/\/www.tui.com\/blog\/#\/schema\/logo\/image\/","url":"https:\/\/www.tui.com\/blog\/wp-content\/uploads\/2023\/04\/cropped-tui-logo-3.png","contentUrl":"https:\/\/www.tui.com\/blog\/wp-content\/uploads\/2023\/04\/cropped-tui-logo-3.png","width":164,"height":72,"caption":"TUI.com Reiseblog \u2600"},"image":{"@id":"https:\/\/www.tui.com\/blog\/#\/schema\/logo\/image\/"}},{"@type":"Person","@id":"https:\/\/www.tui.com\/blog\/#\/schema\/person\/e0405bcbd5102f3edd229113f1c50a06","name":"TUI Reiseexperten","image":{"@type":"ImageObject","inLanguage":"de","@id":"https:\/\/www.tui.com\/blog\/wp-content\/uploads\/2016\/10\/TUIMitarbeiter-178x176.jpg","url":"https:\/\/www.tui.com\/blog\/wp-content\/uploads\/2016\/10\/TUIMitarbeiter-178x176.jpg","contentUrl":"https:\/\/www.tui.com\/blog\/wp-content\/uploads\/2016\/10\/TUIMitarbeiter-178x176.jpg","caption":"TUI Reiseexperten"},"description":"TEST","url":"https:\/\/www.tui.com\/blog\/author\/tui-mitarbeiter\/"}]}},"_links":{"self":[{"href":"https:\/\/www.tui.com\/blog\/wp-json\/wp\/v2\/posts\/193742","targetHints":{"allow":["GET"]}}],"collection":[{"href":"https:\/\/www.tui.com\/blog\/wp-json\/wp\/v2\/posts"}],"about":[{"href":"https:\/\/www.tui.com\/blog\/wp-json\/wp\/v2\/types\/post"}],"author":[{"embeddable":true,"href":"https:\/\/www.tui.com\/blog\/wp-json\/wp\/v2\/users\/86"}],"replies":[{"embeddable":true,"href":"https:\/\/www.tui.com\/blog\/wp-json\/wp\/v2\/comments?post=193742"}],"version-history":[{"count":2,"href":"https:\/\/www.tui.com\/blog\/wp-json\/wp\/v2\/posts\/193742\/revisions"}],"predecessor-version":[{"id":429106,"href":"https:\/\/www.tui.com\/blog\/wp-json\/wp\/v2\/posts\/193742\/revisions\/429106"}],"wp:featuredmedia":[{"embeddable":true,"href":"https:\/\/www.tui.com\/blog\/wp-json\/wp\/v2\/media\/193758"}],"wp:attachment":[{"href":"https:\/\/www.tui.com\/blog\/wp-json\/wp\/v2\/media?parent=193742"}],"wp:term":[{"taxonomy":"category","embeddable":true,"href":"https:\/\/www.tui.com\/blog\/wp-json\/wp\/v2\/categories?post=193742"},{"taxonomy":"post_tag","embeddable":true,"href":"https:\/\/www.tui.com\/blog\/wp-json\/wp\/v2\/tags?post=193742"}],"curies":[{"name":"wp","href":"https:\/\/api.w.org\/{rel}","templated":true}]}}