{"id":195460,"date":"2022-05-25T10:00:00","date_gmt":"2022-05-25T08:00:00","guid":{"rendered":"https:\/\/blog.tui.info\/was-nehme-ich-nur-mit-die-ultimative-packliste-fuer-euren-naechsten-wanderurlaub\/"},"modified":"2025-07-24T13:23:35","modified_gmt":"2025-07-24T11:23:35","slug":"was-nehme-ich-nur-mit-die-ultimative-packliste-fuer-euren-naechsten-wanderurlaub","status":"publish","type":"post","link":"https:\/\/www.tui.com\/blog\/was-nehme-ich-nur-mit-die-ultimative-packliste-fuer-euren-naechsten-wanderurlaub\/","title":{"rendered":"Was nehme ich nur mit? Die ultimative Packliste f\u00fcr euren n\u00e4chsten Wanderurlaub"},"content":{"rendered":"<div class=\"lazyblock-intro-1JwP0e wp-block-lazyblock-intro\"> <div style=\"color: #4C4C4C, margin-bottom: 18px\">\n    <span style=\"font-size:24px\">TUI Mitarbeiterin Annika freut sich schon auf ihren n\u00e4chsten Wanderurlaub. Um ganz entspannt in den Urlaub starten zu k\u00f6nnen und sicher zu sein, nichts Wichtiges zu Hause vergessen zu haben, hat Annika sich  Packlisten erstellt. Damit ihr in eurem n\u00e4chsten Wanderurlaub alles dabei habt, teilt sie ihre Packliste mit euch!<\/span>\n    <br>\n    <br>\n <\/div><\/div>\n\n\n<figure class=\"wp-block-gallery aligncenter has-nested-images columns-default is-cropped wp-block-gallery-1 is-layout-flex wp-block-gallery-is-layout-flex\">\n<figure class=\"wp-block-image size-large\"><img decoding=\"async\" width=\"760\" height=\"420\" data-id=\"83215\" src=\"https:\/\/www.tui.com\/blog\/wp-content\/uploads\/2022\/05\/wandern-bei-sonnenaufgang-mit-blick-aufs-tal-shutterstock-dudarev-mikhail.jpg\" alt=\"Wandern bei Sonnenaufgang mit Blick auf das Tal\" class=\"wp-image-83215\" srcset=\"https:\/\/www.tui.com\/blog\/wp-content\/uploads\/2022\/05\/wandern-bei-sonnenaufgang-mit-blick-aufs-tal-shutterstock-dudarev-mikhail.jpg 760w, https:\/\/www.tui.com\/blog\/wp-content\/uploads\/2022\/05\/wandern-bei-sonnenaufgang-mit-blick-aufs-tal-shutterstock-dudarev-mikhail-133x75.jpg 133w\" sizes=\"(max-width: 760px) 100vw, 760px\" \/><figcaption class=\"wp-element-caption\">Wandern bei Sonnenaufgang mit Blick auf ein Tal (Shutterstock\/Dudarev Mikhail)<\/figcaption><\/figure>\n<\/figure>\n\n\n\n<p>Was einen schon Tage zuvor in den Wahnsinn treiben kann, ist das Packen des  Wanderrucksacks und die Frage, ob man wirklich an alles gedacht hat. Ich erstelle mir deshalb immer eine Liste mit allen Dingen, die ich mitnehmen muss und kontrolliere mindestens dreimal, ob ich auch ja nichts vergessen habe. Kleidung, die s\u00e4mtliche Wetterlagen abdeckt, darf nat\u00fcrlich nicht fehlen.<\/p>\n\n\n\n<p>Einen Gro\u00dfteil der Dinge auf meiner   Liste bekommt ihr sicherlich auch kurzfristig im Urlaubsort, aber ich mag es, gut organisiert zu sein und gehe lieber kein Risiko ein. So habe ich unter anderem immer ein paar Ersatz-Schn\u00fcrsenkel und eine Power Bank dabei \u2013 und bin dann wirklich f\u00fcr alle F\u00e4lle ger\u00fcstet.<\/p>\n\n\n\n<p>Vor Ort ist es oft gar nicht so einfach, zu entscheiden, ob ich vielleicht lieber noch einen Snack, ein kleines Sitzkissen oder die Kamera einpacke. Meistens entscheide ich vor einer Wanderung spontan, was ich mitnehme. In der Natur muss ich immer auf alles vorbereitet sein, und das Gep\u00e4ck darf nicht zu schwer und zu sperrig sein.<\/p>\n\n\n\n<p>Damit ihr euch perfekt vorbereiten k\u00f6nnt und keine wichtigen Utensilien zu Hause vergesst, findet ihr anbei meine Packlisten nach Themen geordnet. Hier k\u00f6nnt ihr euch auch direkt die Checkliste ausdrucken und gleich abhaken. \u25ba<a href=\"https:\/\/www.tui.com\/blog\/wp-content\/uploads\/2022\/05\/Packliste-Wanderurlaub.pdf\" target=\"_blank\" rel=\"noreferrer noopener\">Zur Packliste Wanderurlaub<\/a><\/p>\n\n\n\n<h2 class=\"wp-block-heading\">Meine perfekten Packlisten:<\/h2>\n\n\n\n<h3 class=\"wp-block-heading\">Die Base &#8211; ohne geht es nicht:<\/h3>\n\n\n\n<p>Der Wanderrucksack. Hier habt ihr viele unterschiedliche Modelle zur Auswahl. Achtet darauf, dass der Wanderrucksack aus atmungsaktiven und wasserabweisenden Materialien besteht. F\u00fcr einen bequemen Sitz eures Wanderrucksackes ist eine gute Polsterung an den Schultergurten und am R\u00fccken wichtig.    <\/p>\n\n\n\n<figure class=\"wp-block-gallery aligncenter has-nested-images columns-default is-cropped wp-block-gallery-2 is-layout-flex wp-block-gallery-is-layout-flex\">\n<figure class=\"wp-block-image size-large\"><img decoding=\"async\" width=\"760\" height=\"420\" data-id=\"83217\" src=\"https:\/\/www.tui.com\/blog\/wp-content\/uploads\/2022\/05\/wandern-ich-packe-meinen-rucksack-utensilien-shutterstock-mykolastock.jpg\" alt=\"Wander Utensilien\" class=\"wp-image-83217\" srcset=\"https:\/\/www.tui.com\/blog\/wp-content\/uploads\/2022\/05\/wandern-ich-packe-meinen-rucksack-utensilien-shutterstock-mykolastock.jpg 760w, https:\/\/www.tui.com\/blog\/wp-content\/uploads\/2022\/05\/wandern-ich-packe-meinen-rucksack-utensilien-shutterstock-mykolastock-133x75.jpg 133w\" sizes=\"(max-width: 760px) 100vw, 760px\" \/><figcaption class=\"wp-element-caption\">Ich packe meinen Rucksack (Shutterstock\/Mykolastock)<\/figcaption><\/figure>\n<\/figure>\n\n\n\n<h3 class=\"wp-block-heading\">Bekleidung:<\/h3>\n\n\n\n<ul class=\"wp-block-list\">\n<li>atmungsaktive Wanderbekleidung (lange Hosen, Shorts, Funktionsshirts mit kurzen und langen \u00c4rmeln)<\/li>\n\n\n\n<li>Fleecejacke oder Fleecepullover<\/li>\n\n\n\n<li>Hard-\/Softshell-Jacke<\/li>\n\n\n\n<li>Halstuch\/Funktionstuch<\/li>\n\n\n\n<li>Handschuhe\/Trekkinghandschuhe<\/li>\n\n\n\n<li>M\u00fctze oder Schirmm\u00fctze<\/li>\n\n\n\n<li>Regenjacke<\/li>\n\n\n\n<li>Regenhose<\/li>\n\n\n\n<li>Sportunterw\u00e4sche<\/li>\n\n\n\n<li>Wandersocken<\/li>\n\n\n\n<li>Wanderschuhe (bereits eingelaufen)<\/li>\n<\/ul>\n\n\n\n<h3 class=\"wp-block-heading\">Dokumente und Finanzen:<\/h3>\n\n\n\n<ul class=\"wp-block-list\">\n<li>Bargeld<\/li>\n\n\n\n<li>Kreditkarte<\/li>\n\n\n\n<li>Krankenversichertenkarte (eventuell eine Auslandskrankenversicherung)<\/li>\n\n\n\n<li>Personalausweis\/Reisepass<\/li>\n<\/ul>\n\n\n\n<h3 class=\"wp-block-heading\">Essen und Trinken:<\/h3>\n\n\n\n<ul class=\"wp-block-list\">\n<li>M\u00fcsliriegel<\/li>\n\n\n\n<li>Snacks (zum Beispiel Obst)<\/li>\n\n\n\n<li>Traubenzucker<\/li>\n\n\n\n<li>Trinkflasche mit Wasser<\/li>\n<\/ul>\n\n\n\n<h3 class=\"wp-block-heading\">Hygieneartikel:<\/h3>\n\n\n\n<ul class=\"wp-block-list\">\n<li>Kulturtasche (Deo, Duschgel, Gesichtscreme, Haarshampoo, Haarb\u00fcrste\/Kamm, Zahnb\u00fcrste und Zahnpasta)<\/li>\n\n\n\n<li>Sonnenschutz f\u00fcr Haut und Lippen<\/li>\n\n\n\n<li>Taschent\u00fccher<\/li>\n\n\n\n<li>Toilettenpapier<\/li>\n\n\n\n<li>Zecken-\/Insektenschutz  <\/li>\n<\/ul>\n\n\n\n<h3 class=\"wp-block-heading\">Medikamente \/ Wanderapotheke:<\/h3>\n\n\n\n<ul class=\"wp-block-list\">\n<li>Blasenpflaster<\/li>\n\n\n\n<li>Erste-Hilfe-Set<\/li>\n\n\n\n<li>Pers\u00f6nliche Medikamente<\/li>\n\n\n\n<li>Pflaster<\/li>\n\n\n\n<li>Schmerztabletten <\/li>\n<\/ul>\n\n\n\n<h3 class=\"wp-block-heading\">Sonstige n\u00fctzliche Gegenst\u00e4nde und Sachen:<\/h3>\n\n\n\n<ul class=\"wp-block-list\">\n<li>Ersatz-Schn\u00fcrsenkel<\/li>\n\n\n\n<li>Handtuch (schnell trocknend)<\/li>\n\n\n\n<li>Kleine M\u00fcllbeutel<\/li>\n\n\n\n<li>Regenschutz f\u00fcr den Wanderrucksack<\/li>\n\n\n\n<li>Signalpfeife<\/li>\n\n\n\n<li>Sonnenbrille<\/li>\n\n\n\n<li>Taschenmesser<\/li>\n\n\n\n<li>Taschenlampe<\/li>\n\n\n\n<li>Wanderf\u00fchrer<\/li>\n\n\n\n<li>Wanderkarte und Kompass<\/li>\n\n\n\n<li>Wanderst\u00f6cke<\/li>\n<\/ul>\n\n\n\n<h3 class=\"wp-block-heading\">Technik die unterwegs begeistert:<\/h3>\n\n\n\n<ul class=\"wp-block-list\">\n<li>Digitalkamera<\/li>\n\n\n\n<li>Smartphone und Aufladekabel<\/li>\n\n\n\n<li>Powerbank (Wireless)<\/li>\n<\/ul>\n\n\n\n<p>Das sind meine Tipps f\u00fcr eure Packliste. Wenn ihr alles eingepackt habt, dann kann es losgehen. Viel Spa\u00df bei eurer Wanderung!  <\/p>\n\n\n\n<figure class=\"wp-block-gallery aligncenter has-nested-images columns-default is-cropped wp-block-gallery-3 is-layout-flex wp-block-gallery-is-layout-flex\">\n<figure class=\"wp-block-image size-large\"><img decoding=\"async\" width=\"760\" height=\"420\" data-id=\"83214\" src=\"https:\/\/www.tui.com\/blog\/wp-content\/uploads\/2022\/05\/suedtirol-wanderweg-um-den-braunsee-dolomiten-shutterstock-andras-csontos.jpg\" alt=\"S\u00fcdtirol Wanderweg um den Braunsee\" class=\"wp-image-83214\" srcset=\"https:\/\/www.tui.com\/blog\/wp-content\/uploads\/2022\/05\/suedtirol-wanderweg-um-den-braunsee-dolomiten-shutterstock-andras-csontos.jpg 760w, https:\/\/www.tui.com\/blog\/wp-content\/uploads\/2022\/05\/suedtirol-wanderweg-um-den-braunsee-dolomiten-shutterstock-andras-csontos-133x75.jpg 133w\" sizes=\"(max-width: 760px) 100vw, 760px\" \/><figcaption class=\"wp-element-caption\">Wanderweg um den Braunsee in den Dolomiten (Shutterstock\/Andras Csontos)<\/figcaption><\/figure>\n\n\n\n<figure class=\"wp-block-image size-large\"><img decoding=\"async\" width=\"760\" height=\"420\" data-id=\"83213\" src=\"https:\/\/www.tui.com\/blog\/wp-content\/uploads\/2022\/05\/eine-gruppe-menschen-beim-wandern-shutterstock-dmitry-molchanov.jpg\" alt=\"Eine Gruppe Menschen auf einer Wanderung\" class=\"wp-image-83213\" srcset=\"https:\/\/www.tui.com\/blog\/wp-content\/uploads\/2022\/05\/eine-gruppe-menschen-beim-wandern-shutterstock-dmitry-molchanov.jpg 760w, https:\/\/www.tui.com\/blog\/wp-content\/uploads\/2022\/05\/eine-gruppe-menschen-beim-wandern-shutterstock-dmitry-molchanov-133x75.jpg 133w\" sizes=\"(max-width: 760px) 100vw, 760px\" \/><figcaption class=\"wp-element-caption\">(Shutterstock\/Dmitry Molchanov)<\/figcaption><\/figure>\n<\/figure>\n\n\n\n<h3 class=\"wp-block-heading\">Ihr sucht noch ein passendes Ziel f\u00fcr euren n\u00e4chsten Wanderurlaub?  <\/h3>\n\n\n\n<p>\u25ba Wandern auf Mallorca: <a href=\"https:\/\/www.tui.com\/blog\/wandern-auf-mallorca\/\" target=\"_blank\" rel=\"noreferrer noopener\">Die sch\u00f6nsten Touren auf meiner Lieblingsinsel<\/a><br>\u25ba Wandern in Deutschland: <a href=\"https:\/\/www.tui.com\/blog\/wandern-in-deutschland-die-schoensten-wanderwege-in-deutschland\/\" target=\"_blank\" rel=\"noreferrer noopener\">Die 10 sch\u00f6nsten Wanderwege in Deutschland<\/a><a href=\"https:\/\/www.tui.com\/blog\/roadtrip-usa-die-perfekte-tour-fuer-film-und-naturfans-im-nordwesten-der-usa-ab-seattle\/\"><\/a><br>\u25ba Naturwunder erleben: <a href=\"https:\/\/www.tui.com\/blog\/naturwunder-erleben-meine-top-10-wanderungen-im-westen-der-usa\/\" target=\"_blank\" rel=\"noreferrer noopener\">Meine TOP 10 Wanderungen im Westen der USA<\/a> <\/p>\n","protected":false},"excerpt":{"rendered":"<p>TUI Mitarbeiterin Annika freut sich schon auf ihren n\u00e4chsten Wanderurlaub. Um ganz entspannt in den Urlaub starten zu k\u00f6nnen und sicher zu sein, nichts Wichtiges zu Hause vergessen zu haben, hat Annika sich Packlisten erstellt. Damit ihr in eurem n\u00e4chsten Wanderurlaub alles dabei habt, teilt sie ihre Packliste mit euch!<\/p>\n","protected":false},"author":86,"featured_media":195472,"comment_status":"open","ping_status":"open","sticky":false,"template":"","format":"standard","meta":{"_acf_changed":false,"footnotes":""},"categories":[4054,4052,4072],"tags":[49,3064,3065,227],"class_list":["post-195460","post","type-post","status-publish","format-standard","has-post-thumbnail","hentry","category-archiv-aktivurlaub","category-archiv-reisearten","category-archiv-reiseplanung","tag-koffer-packen","tag-packliste","tag-reisegepaeck","tag-wandern"],"acf":[],"yoast_head":"<!-- This site is optimized with the Yoast SEO plugin v27.4 - https:\/\/yoast.com\/product\/yoast-seo-wordpress\/ -->\n<title>Was nehme ich nur mit? Die ultimative Packliste f\u00fcr euren n\u00e4chsten Wanderurlaub - TUI.com Reiseblog \u2600<\/title>\n<meta name=\"description\" content=\"Packlisten f\u00fcr den Urlaub sind sehr hilfreich. TUI Mitarbeiterin Annika teilt hier ihre ultimativen Packlisten mit euch.\" \/>\n<meta name=\"robots\" content=\"index, follow, max-snippet:-1, max-image-preview:large, max-video-preview:-1\" \/>\n<link rel=\"canonical\" href=\"https:\/\/www.tui.com\/blog\/was-nehme-ich-nur-mit-die-ultimative-packliste-fuer-euren-naechsten-wanderurlaub\/\" \/>\n<meta property=\"og:locale\" content=\"de_DE\" \/>\n<meta property=\"og:type\" content=\"article\" \/>\n<meta property=\"og:title\" content=\"Was nehme ich nur mit? Die ultimative Packliste f\u00fcr euren n\u00e4chsten Wanderurlaub - TUI.com Reiseblog \u2600\" \/>\n<meta property=\"og:description\" content=\"Packlisten f\u00fcr den Urlaub sind sehr hilfreich. TUI Mitarbeiterin Annika teilt hier ihre ultimativen Packlisten mit euch.\" \/>\n<meta property=\"og:url\" content=\"https:\/\/www.tui.com\/blog\/was-nehme-ich-nur-mit-die-ultimative-packliste-fuer-euren-naechsten-wanderurlaub\/\" \/>\n<meta property=\"og:site_name\" content=\"TUI.com Reiseblog \u2600\" \/>\n<meta property=\"article:published_time\" content=\"2022-05-25T08:00:00+00:00\" \/>\n<meta property=\"article:modified_time\" content=\"2025-07-24T11:23:35+00:00\" \/>\n<meta property=\"og:image\" content=\"https:\/\/www.tui.com\/blog\/wp-content\/uploads\/2023\/04\/wandern-ich-packe-meinen-rucksack-utensilien-beitragsbild-shutterstock-mykolastock.jpg\" \/>\n\t<meta property=\"og:image:width\" content=\"1400\" \/>\n\t<meta property=\"og:image:height\" content=\"788\" \/>\n\t<meta property=\"og:image:type\" content=\"image\/jpeg\" \/>\n<meta name=\"author\" content=\"TUI Reiseexperten\" \/>\n<meta name=\"twitter:card\" content=\"summary_large_image\" \/>\n<meta name=\"twitter:label1\" content=\"Verfasst von\" \/>\n\t<meta name=\"twitter:data1\" content=\"TUI Reiseexperten\" \/>\n\t<meta name=\"twitter:label2\" content=\"Gesch\u00e4tzte Lesezeit\" \/>\n\t<meta name=\"twitter:data2\" content=\"3\u00a0Minuten\" \/>\n<script type=\"application\/ld+json\" class=\"yoast-schema-graph\">{\"@context\":\"https:\\\/\\\/schema.org\",\"@graph\":[{\"@type\":\"BlogPosting\",\"@id\":\"https:\\\/\\\/www.tui.com\\\/blog\\\/was-nehme-ich-nur-mit-die-ultimative-packliste-fuer-euren-naechsten-wanderurlaub\\\/#article\",\"isPartOf\":{\"@id\":\"https:\\\/\\\/www.tui.com\\\/blog\\\/was-nehme-ich-nur-mit-die-ultimative-packliste-fuer-euren-naechsten-wanderurlaub\\\/\"},\"author\":{\"name\":\"TUI Reiseexperten\",\"@id\":\"https:\\\/\\\/www.tui.com\\\/blog\\\/#\\\/schema\\\/person\\\/e0405bcbd5102f3edd229113f1c50a06\"},\"headline\":\"Was nehme ich nur mit? Die ultimative Packliste f\u00fcr euren n\u00e4chsten Wanderurlaub\",\"datePublished\":\"2022-05-25T08:00:00+00:00\",\"dateModified\":\"2025-07-24T11:23:35+00:00\",\"mainEntityOfPage\":{\"@id\":\"https:\\\/\\\/www.tui.com\\\/blog\\\/was-nehme-ich-nur-mit-die-ultimative-packliste-fuer-euren-naechsten-wanderurlaub\\\/\"},\"wordCount\":499,\"commentCount\":0,\"publisher\":{\"@id\":\"https:\\\/\\\/www.tui.com\\\/blog\\\/#organization\"},\"image\":{\"@id\":\"https:\\\/\\\/www.tui.com\\\/blog\\\/was-nehme-ich-nur-mit-die-ultimative-packliste-fuer-euren-naechsten-wanderurlaub\\\/#primaryimage\"},\"thumbnailUrl\":\"https:\\\/\\\/www.tui.com\\\/blog\\\/wp-content\\\/uploads\\\/2023\\\/04\\\/wandern-ich-packe-meinen-rucksack-utensilien-beitragsbild-shutterstock-mykolastock.jpg\",\"keywords\":[\"Koffer packen\",\"Packliste\",\"Reisegep&#228;ck\",\"Wandern\"],\"articleSection\":[\"Aktivurlaub\",\"Reisearten\",\"Reiseplanung\"],\"inLanguage\":\"de\",\"potentialAction\":[{\"@type\":\"CommentAction\",\"name\":\"Comment\",\"target\":[\"https:\\\/\\\/www.tui.com\\\/blog\\\/was-nehme-ich-nur-mit-die-ultimative-packliste-fuer-euren-naechsten-wanderurlaub\\\/#respond\"]}]},{\"@type\":\"WebPage\",\"@id\":\"https:\\\/\\\/www.tui.com\\\/blog\\\/was-nehme-ich-nur-mit-die-ultimative-packliste-fuer-euren-naechsten-wanderurlaub\\\/\",\"url\":\"https:\\\/\\\/www.tui.com\\\/blog\\\/was-nehme-ich-nur-mit-die-ultimative-packliste-fuer-euren-naechsten-wanderurlaub\\\/\",\"name\":\"Was nehme ich nur mit? Die ultimative Packliste f\u00fcr euren n\u00e4chsten Wanderurlaub - TUI.com Reiseblog \u2600\",\"isPartOf\":{\"@id\":\"https:\\\/\\\/www.tui.com\\\/blog\\\/#website\"},\"primaryImageOfPage\":{\"@id\":\"https:\\\/\\\/www.tui.com\\\/blog\\\/was-nehme-ich-nur-mit-die-ultimative-packliste-fuer-euren-naechsten-wanderurlaub\\\/#primaryimage\"},\"image\":{\"@id\":\"https:\\\/\\\/www.tui.com\\\/blog\\\/was-nehme-ich-nur-mit-die-ultimative-packliste-fuer-euren-naechsten-wanderurlaub\\\/#primaryimage\"},\"thumbnailUrl\":\"https:\\\/\\\/www.tui.com\\\/blog\\\/wp-content\\\/uploads\\\/2023\\\/04\\\/wandern-ich-packe-meinen-rucksack-utensilien-beitragsbild-shutterstock-mykolastock.jpg\",\"datePublished\":\"2022-05-25T08:00:00+00:00\",\"dateModified\":\"2025-07-24T11:23:35+00:00\",\"description\":\"Packlisten f\u00fcr den Urlaub sind sehr hilfreich. TUI Mitarbeiterin Annika teilt hier ihre ultimativen Packlisten mit euch.\",\"breadcrumb\":{\"@id\":\"https:\\\/\\\/www.tui.com\\\/blog\\\/was-nehme-ich-nur-mit-die-ultimative-packliste-fuer-euren-naechsten-wanderurlaub\\\/#breadcrumb\"},\"inLanguage\":\"de\",\"potentialAction\":[{\"@type\":\"ReadAction\",\"target\":[\"https:\\\/\\\/www.tui.com\\\/blog\\\/was-nehme-ich-nur-mit-die-ultimative-packliste-fuer-euren-naechsten-wanderurlaub\\\/\"]}]},{\"@type\":\"ImageObject\",\"inLanguage\":\"de\",\"@id\":\"https:\\\/\\\/www.tui.com\\\/blog\\\/was-nehme-ich-nur-mit-die-ultimative-packliste-fuer-euren-naechsten-wanderurlaub\\\/#primaryimage\",\"url\":\"https:\\\/\\\/www.tui.com\\\/blog\\\/wp-content\\\/uploads\\\/2023\\\/04\\\/wandern-ich-packe-meinen-rucksack-utensilien-beitragsbild-shutterstock-mykolastock.jpg\",\"contentUrl\":\"https:\\\/\\\/www.tui.com\\\/blog\\\/wp-content\\\/uploads\\\/2023\\\/04\\\/wandern-ich-packe-meinen-rucksack-utensilien-beitragsbild-shutterstock-mykolastock.jpg\",\"width\":1400,\"height\":788,\"caption\":\"Wander Utensilien\"},{\"@type\":\"BreadcrumbList\",\"@id\":\"https:\\\/\\\/www.tui.com\\\/blog\\\/was-nehme-ich-nur-mit-die-ultimative-packliste-fuer-euren-naechsten-wanderurlaub\\\/#breadcrumb\",\"itemListElement\":[{\"@type\":\"ListItem\",\"position\":1,\"name\":\"Startseite\",\"item\":\"https:\\\/\\\/www.tui.com\\\/blog\\\/\"},{\"@type\":\"ListItem\",\"position\":2,\"name\":\"Was nehme ich nur mit? Die ultimative Packliste f\u00fcr euren n\u00e4chsten Wanderurlaub\"}]},{\"@type\":\"WebSite\",\"@id\":\"https:\\\/\\\/www.tui.com\\\/blog\\\/#website\",\"url\":\"https:\\\/\\\/www.tui.com\\\/blog\\\/\",\"name\":\"TUI.com Reiseblog \u2600\",\"description\":\"Abenteuer oder lieber an den Strand? \u2600 Der TUI Reiseblog bietet tolle Infos rund um deine n\u00e4chste Reise \u2708 Komm vorbei und lass dich inspirieren \u221a\",\"publisher\":{\"@id\":\"https:\\\/\\\/www.tui.com\\\/blog\\\/#organization\"},\"potentialAction\":[{\"@type\":\"SearchAction\",\"target\":{\"@type\":\"EntryPoint\",\"urlTemplate\":\"https:\\\/\\\/www.tui.com\\\/blog\\\/?s={search_term_string}\"},\"query-input\":{\"@type\":\"PropertyValueSpecification\",\"valueRequired\":true,\"valueName\":\"search_term_string\"}}],\"inLanguage\":\"de\"},{\"@type\":\"Organization\",\"@id\":\"https:\\\/\\\/www.tui.com\\\/blog\\\/#organization\",\"name\":\"TUI.com Reiseblog \u2600\",\"url\":\"https:\\\/\\\/www.tui.com\\\/blog\\\/\",\"logo\":{\"@type\":\"ImageObject\",\"inLanguage\":\"de\",\"@id\":\"https:\\\/\\\/www.tui.com\\\/blog\\\/#\\\/schema\\\/logo\\\/image\\\/\",\"url\":\"https:\\\/\\\/www.tui.com\\\/blog\\\/wp-content\\\/uploads\\\/2023\\\/04\\\/cropped-tui-logo-3.png\",\"contentUrl\":\"https:\\\/\\\/www.tui.com\\\/blog\\\/wp-content\\\/uploads\\\/2023\\\/04\\\/cropped-tui-logo-3.png\",\"width\":164,\"height\":72,\"caption\":\"TUI.com Reiseblog \u2600\"},\"image\":{\"@id\":\"https:\\\/\\\/www.tui.com\\\/blog\\\/#\\\/schema\\\/logo\\\/image\\\/\"}},{\"@type\":\"Person\",\"@id\":\"https:\\\/\\\/www.tui.com\\\/blog\\\/#\\\/schema\\\/person\\\/e0405bcbd5102f3edd229113f1c50a06\",\"name\":\"TUI Reiseexperten\",\"image\":{\"@type\":\"ImageObject\",\"inLanguage\":\"de\",\"@id\":\"https:\\\/\\\/www.tui.com\\\/blog\\\/wp-content\\\/uploads\\\/2016\\\/10\\\/TUIMitarbeiter-178x176.jpg\",\"url\":\"https:\\\/\\\/www.tui.com\\\/blog\\\/wp-content\\\/uploads\\\/2016\\\/10\\\/TUIMitarbeiter-178x176.jpg\",\"contentUrl\":\"https:\\\/\\\/www.tui.com\\\/blog\\\/wp-content\\\/uploads\\\/2016\\\/10\\\/TUIMitarbeiter-178x176.jpg\",\"caption\":\"TUI Reiseexperten\"},\"description\":\"TEST\",\"url\":\"https:\\\/\\\/www.tui.com\\\/blog\\\/author\\\/tui-mitarbeiter\\\/\"}]}<\/script>\n<!-- \/ Yoast SEO plugin. -->","yoast_head_json":{"title":"Was nehme ich nur mit? Die ultimative Packliste f\u00fcr euren n\u00e4chsten Wanderurlaub - TUI.com Reiseblog \u2600","description":"Packlisten f\u00fcr den Urlaub sind sehr hilfreich. TUI Mitarbeiterin Annika teilt hier ihre ultimativen Packlisten mit euch.","robots":{"index":"index","follow":"follow","max-snippet":"max-snippet:-1","max-image-preview":"max-image-preview:large","max-video-preview":"max-video-preview:-1"},"canonical":"https:\/\/www.tui.com\/blog\/was-nehme-ich-nur-mit-die-ultimative-packliste-fuer-euren-naechsten-wanderurlaub\/","og_locale":"de_DE","og_type":"article","og_title":"Was nehme ich nur mit? Die ultimative Packliste f\u00fcr euren n\u00e4chsten Wanderurlaub - TUI.com Reiseblog \u2600","og_description":"Packlisten f\u00fcr den Urlaub sind sehr hilfreich. TUI Mitarbeiterin Annika teilt hier ihre ultimativen Packlisten mit euch.","og_url":"https:\/\/www.tui.com\/blog\/was-nehme-ich-nur-mit-die-ultimative-packliste-fuer-euren-naechsten-wanderurlaub\/","og_site_name":"TUI.com Reiseblog \u2600","article_published_time":"2022-05-25T08:00:00+00:00","article_modified_time":"2025-07-24T11:23:35+00:00","og_image":[{"width":1400,"height":788,"url":"https:\/\/www.tui.com\/blog\/wp-content\/uploads\/2023\/04\/wandern-ich-packe-meinen-rucksack-utensilien-beitragsbild-shutterstock-mykolastock.jpg","type":"image\/jpeg"}],"author":"TUI Reiseexperten","twitter_card":"summary_large_image","twitter_misc":{"Verfasst von":"TUI Reiseexperten","Gesch\u00e4tzte Lesezeit":"3\u00a0Minuten"},"schema":{"@context":"https:\/\/schema.org","@graph":[{"@type":"BlogPosting","@id":"https:\/\/www.tui.com\/blog\/was-nehme-ich-nur-mit-die-ultimative-packliste-fuer-euren-naechsten-wanderurlaub\/#article","isPartOf":{"@id":"https:\/\/www.tui.com\/blog\/was-nehme-ich-nur-mit-die-ultimative-packliste-fuer-euren-naechsten-wanderurlaub\/"},"author":{"name":"TUI Reiseexperten","@id":"https:\/\/www.tui.com\/blog\/#\/schema\/person\/e0405bcbd5102f3edd229113f1c50a06"},"headline":"Was nehme ich nur mit? Die ultimative Packliste f\u00fcr euren n\u00e4chsten Wanderurlaub","datePublished":"2022-05-25T08:00:00+00:00","dateModified":"2025-07-24T11:23:35+00:00","mainEntityOfPage":{"@id":"https:\/\/www.tui.com\/blog\/was-nehme-ich-nur-mit-die-ultimative-packliste-fuer-euren-naechsten-wanderurlaub\/"},"wordCount":499,"commentCount":0,"publisher":{"@id":"https:\/\/www.tui.com\/blog\/#organization"},"image":{"@id":"https:\/\/www.tui.com\/blog\/was-nehme-ich-nur-mit-die-ultimative-packliste-fuer-euren-naechsten-wanderurlaub\/#primaryimage"},"thumbnailUrl":"https:\/\/www.tui.com\/blog\/wp-content\/uploads\/2023\/04\/wandern-ich-packe-meinen-rucksack-utensilien-beitragsbild-shutterstock-mykolastock.jpg","keywords":["Koffer packen","Packliste","Reisegep&#228;ck","Wandern"],"articleSection":["Aktivurlaub","Reisearten","Reiseplanung"],"inLanguage":"de","potentialAction":[{"@type":"CommentAction","name":"Comment","target":["https:\/\/www.tui.com\/blog\/was-nehme-ich-nur-mit-die-ultimative-packliste-fuer-euren-naechsten-wanderurlaub\/#respond"]}]},{"@type":"WebPage","@id":"https:\/\/www.tui.com\/blog\/was-nehme-ich-nur-mit-die-ultimative-packliste-fuer-euren-naechsten-wanderurlaub\/","url":"https:\/\/www.tui.com\/blog\/was-nehme-ich-nur-mit-die-ultimative-packliste-fuer-euren-naechsten-wanderurlaub\/","name":"Was nehme ich nur mit? Die ultimative Packliste f\u00fcr euren n\u00e4chsten Wanderurlaub - TUI.com Reiseblog \u2600","isPartOf":{"@id":"https:\/\/www.tui.com\/blog\/#website"},"primaryImageOfPage":{"@id":"https:\/\/www.tui.com\/blog\/was-nehme-ich-nur-mit-die-ultimative-packliste-fuer-euren-naechsten-wanderurlaub\/#primaryimage"},"image":{"@id":"https:\/\/www.tui.com\/blog\/was-nehme-ich-nur-mit-die-ultimative-packliste-fuer-euren-naechsten-wanderurlaub\/#primaryimage"},"thumbnailUrl":"https:\/\/www.tui.com\/blog\/wp-content\/uploads\/2023\/04\/wandern-ich-packe-meinen-rucksack-utensilien-beitragsbild-shutterstock-mykolastock.jpg","datePublished":"2022-05-25T08:00:00+00:00","dateModified":"2025-07-24T11:23:35+00:00","description":"Packlisten f\u00fcr den Urlaub sind sehr hilfreich. TUI Mitarbeiterin Annika teilt hier ihre ultimativen Packlisten mit euch.","breadcrumb":{"@id":"https:\/\/www.tui.com\/blog\/was-nehme-ich-nur-mit-die-ultimative-packliste-fuer-euren-naechsten-wanderurlaub\/#breadcrumb"},"inLanguage":"de","potentialAction":[{"@type":"ReadAction","target":["https:\/\/www.tui.com\/blog\/was-nehme-ich-nur-mit-die-ultimative-packliste-fuer-euren-naechsten-wanderurlaub\/"]}]},{"@type":"ImageObject","inLanguage":"de","@id":"https:\/\/www.tui.com\/blog\/was-nehme-ich-nur-mit-die-ultimative-packliste-fuer-euren-naechsten-wanderurlaub\/#primaryimage","url":"https:\/\/www.tui.com\/blog\/wp-content\/uploads\/2023\/04\/wandern-ich-packe-meinen-rucksack-utensilien-beitragsbild-shutterstock-mykolastock.jpg","contentUrl":"https:\/\/www.tui.com\/blog\/wp-content\/uploads\/2023\/04\/wandern-ich-packe-meinen-rucksack-utensilien-beitragsbild-shutterstock-mykolastock.jpg","width":1400,"height":788,"caption":"Wander Utensilien"},{"@type":"BreadcrumbList","@id":"https:\/\/www.tui.com\/blog\/was-nehme-ich-nur-mit-die-ultimative-packliste-fuer-euren-naechsten-wanderurlaub\/#breadcrumb","itemListElement":[{"@type":"ListItem","position":1,"name":"Startseite","item":"https:\/\/www.tui.com\/blog\/"},{"@type":"ListItem","position":2,"name":"Was nehme ich nur mit? Die ultimative Packliste f\u00fcr euren n\u00e4chsten Wanderurlaub"}]},{"@type":"WebSite","@id":"https:\/\/www.tui.com\/blog\/#website","url":"https:\/\/www.tui.com\/blog\/","name":"TUI.com Reiseblog \u2600","description":"Abenteuer oder lieber an den Strand? \u2600 Der TUI Reiseblog bietet tolle Infos rund um deine n\u00e4chste Reise \u2708 Komm vorbei und lass dich inspirieren \u221a","publisher":{"@id":"https:\/\/www.tui.com\/blog\/#organization"},"potentialAction":[{"@type":"SearchAction","target":{"@type":"EntryPoint","urlTemplate":"https:\/\/www.tui.com\/blog\/?s={search_term_string}"},"query-input":{"@type":"PropertyValueSpecification","valueRequired":true,"valueName":"search_term_string"}}],"inLanguage":"de"},{"@type":"Organization","@id":"https:\/\/www.tui.com\/blog\/#organization","name":"TUI.com Reiseblog \u2600","url":"https:\/\/www.tui.com\/blog\/","logo":{"@type":"ImageObject","inLanguage":"de","@id":"https:\/\/www.tui.com\/blog\/#\/schema\/logo\/image\/","url":"https:\/\/www.tui.com\/blog\/wp-content\/uploads\/2023\/04\/cropped-tui-logo-3.png","contentUrl":"https:\/\/www.tui.com\/blog\/wp-content\/uploads\/2023\/04\/cropped-tui-logo-3.png","width":164,"height":72,"caption":"TUI.com Reiseblog \u2600"},"image":{"@id":"https:\/\/www.tui.com\/blog\/#\/schema\/logo\/image\/"}},{"@type":"Person","@id":"https:\/\/www.tui.com\/blog\/#\/schema\/person\/e0405bcbd5102f3edd229113f1c50a06","name":"TUI Reiseexperten","image":{"@type":"ImageObject","inLanguage":"de","@id":"https:\/\/www.tui.com\/blog\/wp-content\/uploads\/2016\/10\/TUIMitarbeiter-178x176.jpg","url":"https:\/\/www.tui.com\/blog\/wp-content\/uploads\/2016\/10\/TUIMitarbeiter-178x176.jpg","contentUrl":"https:\/\/www.tui.com\/blog\/wp-content\/uploads\/2016\/10\/TUIMitarbeiter-178x176.jpg","caption":"TUI Reiseexperten"},"description":"TEST","url":"https:\/\/www.tui.com\/blog\/author\/tui-mitarbeiter\/"}]}},"_links":{"self":[{"href":"https:\/\/www.tui.com\/blog\/wp-json\/wp\/v2\/posts\/195460","targetHints":{"allow":["GET"]}}],"collection":[{"href":"https:\/\/www.tui.com\/blog\/wp-json\/wp\/v2\/posts"}],"about":[{"href":"https:\/\/www.tui.com\/blog\/wp-json\/wp\/v2\/types\/post"}],"author":[{"embeddable":true,"href":"https:\/\/www.tui.com\/blog\/wp-json\/wp\/v2\/users\/86"}],"replies":[{"embeddable":true,"href":"https:\/\/www.tui.com\/blog\/wp-json\/wp\/v2\/comments?post=195460"}],"version-history":[{"count":2,"href":"https:\/\/www.tui.com\/blog\/wp-json\/wp\/v2\/posts\/195460\/revisions"}],"predecessor-version":[{"id":479100,"href":"https:\/\/www.tui.com\/blog\/wp-json\/wp\/v2\/posts\/195460\/revisions\/479100"}],"wp:featuredmedia":[{"embeddable":true,"href":"https:\/\/www.tui.com\/blog\/wp-json\/wp\/v2\/media\/195472"}],"wp:attachment":[{"href":"https:\/\/www.tui.com\/blog\/wp-json\/wp\/v2\/media?parent=195460"}],"wp:term":[{"taxonomy":"category","embeddable":true,"href":"https:\/\/www.tui.com\/blog\/wp-json\/wp\/v2\/categories?post=195460"},{"taxonomy":"post_tag","embeddable":true,"href":"https:\/\/www.tui.com\/blog\/wp-json\/wp\/v2\/tags?post=195460"}],"curies":[{"name":"wp","href":"https:\/\/api.w.org\/{rel}","templated":true}]}}