{"id":197064,"date":"2025-10-24T12:00:00","date_gmt":"2025-10-24T10:00:00","guid":{"rendered":"https:\/\/blog.tui.info\/brueckentage\/"},"modified":"2025-10-24T12:32:33","modified_gmt":"2025-10-24T10:32:33","slug":"brueckentage","status":"publish","type":"post","link":"https:\/\/www.tui.com\/blog\/brueckentage\/","title":{"rendered":"Br\u00fcckentage 2026: Geschickt planen und Urlaub verdoppeln"},"content":{"rendered":"<p class=\"firstTextGrey\">Eine der sch\u00f6nsten Herausforderungen ist es doch, den Urlaub f\u00fcr das n\u00e4chste Jahr zu planen, um sich anschlie\u00dfend ganz der Vorfreude zu widmen. Doch oft fehlt der ein oder andere Urlaubstag. Gut, dass es hierf\u00fcr Br\u00fcckentage gibt. Ich zeige euch, wie ihr die Br\u00fcckentage geschickt nutzen k\u00f6nnt und so das Beste aus der Freizeitgestaltung herausholt.<\/p>\n\n<div class=\"table-of-contents\">\r\n    <div class=\"toc-head\">\r\n        <span class=\"toc-headline\">Inhalt<\/span>\r\n        <button class=\"toggle-toc\"\r\n            aria-expanded=\"false\"\r\n            aria-controls=\"toc-list\"\r\n            aria-label=\"Inhaltsverzeichnis ein- oder ausklappen\">\r\n            <svg xmlns=\"http:\/\/www.w3.org\/2000\/svg\" width=\"17.503\" height=\"10.303\" viewBox=\"0 0 17.503 10.303\">\r\n                <path id=\"Icon_ionic-ios-arrow-back\" data-name=\"Icon ionic-ios-arrow-back\" d=\"M14.356,14.943l6.819-6.618a1.22,1.22,0,0,0,0-1.766,1.321,1.321,0,0,0-1.824,0l-7.726,7.5a1.223,1.223,0,0,0-.038,1.725l7.758,7.55a1.323,1.323,0,0,0,1.824,0,1.22,1.22,0,0,0,0-1.766Z\" transform=\"translate(23.697 -11.251) rotate(90)\" fill=\"#1B115C\"><\/path>\r\n            <\/svg>\r\n        <\/button>\r\n    <\/div>\r\n    <ul id=\"toc-list\" class=\"toc-list\"><\/ul>\r\n<\/div>\n\n\n<h2 class=\"wp-block-heading\">Was sind die Br\u00fcckentage 2026?<\/h2>\n\n\n\n<p>Als <a href=\"https:\/\/www.tui.com\/brueckentage\/\" target=\"_blank\" rel=\"noreferrer noopener\">Br\u00fcckentage<\/a> werden Arbeitstage bezeichnet, die strategisch g\u00fcnstig zwischen einem Feiertag und dem Wochenende liegen. Mit wenigen Urlaubstagen lassen sich geschickt Feiertage und Wochenende \u201e\u00fcberbr\u00fccken\u201c, um verl\u00e4ngerte Wochenenden zu erhalten. Aufgrund der Verschiebungen des Kalenders liegen sie in jedem Jahr anders. Manchmal hat der Arbeitnehmer Gl\u00fcck und es bieten sich viele Br\u00fcckentage und damit auch Urlaub an.<\/p>\n\n\n\n<p>Und dann gibt es diese Jahre, in denen die Feiertage auf das Wochenende fallen &#8211; was besonders f\u00fcr die Br\u00fcckentage 2026 zutrifft. In jedem Jahr \u00e4hnlich liegen die Br\u00fcckentage zu Ostern, Pfingsten, Christi Himmelfahrt und Weihnachten. Die beste Zeit des Jahres ist f\u00fcr viele der lang ersehnte Urlaub mit der Familie oder Freunden. Wie ihr das Maximum aus euren Urlaubstagen herausholen k\u00f6nnt, habe ich f\u00fcr euch recherchiert.<\/p>\n\n\n    <div class=\"wp-caption tui-image-module\">\r\n    <img decoding=\"async\" src=\"https:\/\/www.tui.com\/blog\/wp-content\/uploads\/2024\/10\/kalender_brueckentage_AdobeStock_385235618-fotofabrika.jpg\" alt=\"Kalender Tischkalender Br\u00fcckentage geschickt planen\" \/>\r\n            <p class=\"wp-caption-text\">Mit Br\u00fcckentagen die Urlaubstage und verl\u00e4ngerte Wochenenden geschickt planen.<span> | Adobe Stock | Fotofabrika<\/span><\/p>\r\n        <\/div>\r\n    \n\n\n<h2 class=\"wp-block-heading\">Bundesweite Br\u00fcckentage 2026: Jetzt den Urlaub clever planen<\/h2>\n\n\n\n<h3 class=\"wp-block-heading\">April &#8211; OSTERN<\/h3>\n\n\n\n<p><strong>Feiertage:<\/strong> 03.04. Karfreitag und 06.04. Ostermontag<br><strong>Urlaubstage:<\/strong> 4 oder 8<\/p>\n\n\n\n<p>Ostern ist der h\u00f6chste christliche Feiertag im Jahr, den wir mit bunten Ostereiern und kleinen Nestern im Garten empfangen. Tulpen, Narzissen und Ostergl\u00f6ckchen erwachen und f\u00fcr viele steht der erste Urlaub im neuen Jahr an. Wenn ihr vom 03.04.2026 bis zum 12.04.2026 Urlaub beantragt, macht ihr aus <strong>vier Urlaubstagen 10 Tage frei<\/strong>. Plant ihr einen gr\u00f6\u00dferen Urlaub, zum Beispiel eine <a href=\"https:\/\/www.tui.com\/pauschalreisen\/fernreisen\/\" target=\"_blank\" rel=\"noreferrer noopener\">Fernreise<\/a>, k\u00f6nnt ihr aus <strong>acht Tagen Urlaub 14 freie Tage<\/strong> am St\u00fcck machen. (30.03.2026 \u2013 12.04.2026). Wenn ihr euch <strong>keinen extra Urlaub <\/strong>nehmen m\u00f6chtet, habt ihr trotzdem <strong>vier Tage frei,<\/strong> die ihr perfekt f\u00fcr eine St\u00e4dtereise nutzen k\u00f6nnt. (03.04.2026 \u2013 06.04.2026)<\/p>\n\n\n\n<p><strong>Kurz im \u00dcberblick:<\/strong> Urlaub beantragen: 03.04.2026 \u2013 12.04.2026 = 4 Tage Urlaub \/ 10 Tage frei <strong>oder<\/strong> Urlaub beantragen: 30.03.2026 \u2013 12.04.2026 = 8 Tage Urlaub \/ 14 Tage frei<\/p>\n\n\n    <div class=\"wp-caption tui-image-module\">\r\n    <img decoding=\"async\" src=\"https:\/\/www.tui.com\/blog\/wp-content\/uploads\/2023\/11\/bunte-ostereier-im-korb-AdobeStock_564961949-jenny-sturm.jpg\" alt=\"Ein Osterkorb mit bunten Eiern im Garten\" \/>\r\n            <p class=\"wp-caption-text\">Bunte Ostereier im K\u00f6rbchen.<span> | AdobeStock\/Jenny Sturm<\/span><\/p>\r\n        <\/div>\r\n    \n\n\n<h3 class=\"wp-block-heading\">Mai &#8211; TAG DER ARBEIT <\/h3>\n\n\n\n<p><strong>Feiertag:<\/strong> Freitag, 01.05.2026<br><strong>Urlaubstage:<\/strong> 0<\/p>\n\n\n\n<p>Im Fr\u00fchling werden wir dieses Jahr reichlich mit Br\u00fcckentagen beschenkt. Am 01. Mai wird der Tag der Arbeit gefeiert und ihr habt mit dem Tag der Arbeit <strong>drei Tage frei<\/strong>. (01.05.2026 \u2013 03.05.2026) Perfekt zum <a href=\"https:\/\/www.tui.com\/wanderurlaub\/\" target=\"_blank\" rel=\"noreferrer noopener\">Wandern<\/a> gehen, Radtouren machen oder den eigenen Garten genie\u00dfen.<\/p>\n\n\n\n<p><strong>Kurz im \u00dcberblick:<\/strong> 3 Tage frei ohne Urlaub<\/p>\n\n\n\n<h3 class=\"wp-block-heading\">Mai\/Juni &#8211; CHRISTI HIMMELFAHRT &amp; PFINGSTEN<\/h3>\n\n\n\n<p><strong>Feiertag:<\/strong> Donnerstag, 14.05.2026 Christi Himmelfahrt und Montag, 25.05.2026 Pfingsten<br><strong>Urlaubstage:<\/strong> 6<\/p>\n\n\n\n<p>Wenn ihr Christi Himmelfahrt und Pfingsten kombinieren m\u00f6chtet, k\u00f6nnt ihr mit <strong>sechs Tagen Urlaub<\/strong> ganze <strong>zw\u00f6lf Tage frei <\/strong>machen. (14.05.2026 \u2013 25.05.2026. Ab in die Pfingstferien! \u25ba <a href=\"https:\/\/www.tui.com\/ferienangebote\/pfingstferien\/\" target=\"_blank\" rel=\"noreferrer noopener\">Tolle Angebote f\u00fcr den Pfingsturlaub<\/a>.<\/p>\n\n\n\n<p><strong>Kurz im \u00dcberblick:<\/strong> Urlaub beantragen: 15.05.2026 \u2013 22.05.2026 = 6 Tage Urlaub \/ 12 Tage frei<\/p>\n\n\n\n<p>\u25ba<a href=\"https:\/\/www.tui.com\/pauschalreisen\/reisekalender\/mai\/\" target=\"_blank\" rel=\"noreferrer noopener\"> Wohin im Mai? Unsere TOP Urlaubsempfehlungen f\u00fcr den Wonnemonat<\/a><\/p>\n\n\n\n<figure class=\"wp-block-gallery has-nested-images columns-default is-cropped wp-block-gallery-1 is-layout-flex wp-block-gallery-is-layout-flex\">\n<figure class=\"wp-block-image size-large\"><img decoding=\"async\" width=\"760\" height=\"420\" data-id=\"83213\" src=\"https:\/\/www.tui.com\/blog\/wp-content\/uploads\/2023\/04\/eine-gruppe-menschen-beim-wandern-shutterstock-dmitry-molchanov.jpg\" alt=\"Eine Gruppe Menschen auf einer Wanderung\" class=\"wp-image-83213\"\/><figcaption class=\"wp-element-caption\">Im Mai herrschen angenehme Temperaturen &#8211; perfekt f\u00fcr Aktivreisen, wie Wanderurlaub  (Shutterstock\/Dmitry Molchanov)<\/figcaption><\/figure>\n<\/figure>\n\n\n\n<figure class=\"wp-block-gallery has-nested-images columns-2 is-cropped wp-block-gallery-2 is-layout-flex wp-block-gallery-is-layout-flex\">\n<figure class=\"wp-block-image size-large\"><img decoding=\"async\" width=\"760\" height=\"420\" data-id=\"73230\" src=\"https:\/\/www.tui.com\/blog\/wp-content\/uploads\/2023\/04\/mallorca-sommer21.jpg\" alt=\"Mallorca\" class=\"wp-image-73230\"\/><figcaption class=\"wp-element-caption\">Ihr habt die Qual der Wahl: Mallorca &#8230;<\/figcaption><\/figure>\n\n\n\n<figure class=\"wp-block-image size-large\"><img decoding=\"async\" width=\"760\" height=\"420\" data-id=\"72177\" src=\"https:\/\/www.tui.com\/blog\/wp-content\/uploads\/2023\/04\/italien-sizilien-taormina-altstadt-shutterstock-valvery-bareta.jpg\" alt=\"Italien St\u00e4dte Sizilien Altstadt Taormina\" class=\"wp-image-72177\"\/><figcaption class=\"wp-element-caption\">&#8230; Italien (Shutterstock\/Valvery Bareta)<\/figcaption><\/figure>\n\n\n\n<figure class=\"wp-block-image size-large\"><img decoding=\"async\" width=\"760\" height=\"420\" data-id=\"67687\" src=\"https:\/\/www.tui.com\/blog\/wp-content\/uploads\/2023\/04\/kroatien-inseln-blick-auf-die-stadt-vrbnik-sonnenaufgang-shutterstock-andrew-mayovskyy.jpg\" alt=\"Kroatien Inseln Stadt Vrbnik Insel Krk\" class=\"wp-image-67687\"\/><figcaption class=\"wp-element-caption\">&#8230; Kroatien (Shutterstock\/Andrew Mayovskyy)<\/figcaption><\/figure>\n<\/figure>\n\n\n\n<h3 class=\"wp-block-heading\">Oktober &#8211; TAG DER DEUTSCHEN EINHEIT<\/h3>\n\n\n\n<p><strong>Feiertag:<\/strong> Samstag, 03.10.2026<\/p>\n\n\n\n<p>Im Jahr 2026 f\u00e4llt der Tag der Deutschen Einheit leider auf einen Samstag. Somit ist kein Br\u00fcckentag m\u00f6glich. Falls ihr doch verreisen m\u00f6chtet, haben wir eine Top Auswahl an Reisezielen f\u00fcr euch zusammengestellt. \u25ba Wo ist es im Herbst noch warm? <a href=\"https:\/\/www.tui.com\/blog\/wohin-im-herbst-die-10-besten-reiseziele-fuer-oktober\/\">Die besten Reiseziele im Oktober!<\/a><\/p>\n\n\n\n<figure class=\"wp-block-gallery has-nested-images columns-default is-cropped wp-block-gallery-3 is-layout-flex wp-block-gallery-is-layout-flex\">\n<figure class=\"wp-block-image size-large\"><img decoding=\"async\" width=\"760\" height=\"420\" data-id=\"52413\" src=\"https:\/\/www.tui.com\/blog\/wp-content\/uploads\/2023\/04\/kanaren.jpg\" alt=\"\" class=\"wp-image-52413\"\/><figcaption class=\"wp-element-caption\">Die kanarischen Inseln eignen sich zu jeder Jahreszeit &#8211; im Oktober ist es hier noch sch\u00f6n warm<\/figcaption><\/figure>\n<\/figure>\n\n\n\n<h3 class=\"wp-block-heading\">Dezember &#8211; WEIHNACHTEN   <\/h3>\n\n\n\n<p><strong>Erster Weihnachtstag<\/strong>: Freitag, der 25.12.2026<br><strong>Zweiter Weihnachtstag<\/strong>: Samstag, der 26.12.2026<br><strong>Urlaubstage:<\/strong> 6<\/p>\n\n\n<div class=\"gb-container gb-container-e101c527\">\n\n<p>Strahlende Kinderaugen, geschm\u00fcckte H\u00e4user, viele leckere Knabbereien und nat\u00fcrlich Geschenke, das verbinden wir mit Weihnachten. Aber nat\u00fcrlich auch den letzten gemeinsamen Urlaub im Jahr. Ob zu Hause oder in einer schneesichereren Urlaubsregion, in diesem Jahr fallen die Feiertage noch arbeitnehmerfreundlich! Nur <strong>sechs Urlaubstage<\/strong> werden ben\u00f6tigt, damit ihr euch an ganzen <strong>vierzehn freien Tagen <\/strong>an der Weihnachtszeit erfreuen k\u00f6nnt (21.12.2026 \u2013 03.01.2027).<\/p>\n\n<\/div>\n\n\n<p><strong>Kurz im \u00dcberblick:<\/strong> Urlaub beantragen: 21.-23.12., (24.12.), 28.-30.12., (31.12.) = 6  Tage Urlaub \/ 14 Tage frei<\/p>\n\n\n\n<p>\u25ba <a href=\"https:\/\/www.tui.com\/blog\/die-top-5-hotels-fuer-euer-weihnachten-in-den-bergen\/\">Weihnachten in den Bergen: Unsere TOP Hotels<\/a><br>\u25ba <a href=\"https:\/\/www.tui.com\/blog\/die-top-5-hotels-fuer-euer-silvester-in-den-bergen\/\">Silvester in den Bergen: Unsere TOP Hotels<\/a><\/p>\n\n\n\n<figure class=\"wp-block-gallery has-nested-images columns-default is-cropped wp-block-gallery-4 is-layout-flex wp-block-gallery-is-layout-flex\">\n<figure class=\"wp-block-image size-large\"><img decoding=\"async\" width=\"760\" height=\"420\" data-id=\"67129\" src=\"https:\/\/www.tui.com\/blog\/wp-content\/uploads\/2023\/04\/weihnachten-strand.jpg\" alt=\"\" class=\"wp-image-67129\"\/><figcaption class=\"wp-element-caption\">Wie w\u00e4re es mit Weihnachten am Strand?<\/figcaption><\/figure>\n<\/figure>\n\n\n\n<p>\u25ba <a href=\"https:\/\/www.tui.com\/blog\/weihnachten-unter-palmen-um-himmels-willen\/\">Weihnachten unter Palmen &#8211; um Himmels Willen?!<\/a><\/p>\n\n\n        <div class=\"button-wrapper\">\r\n            <a class=\"tui-button-default\" href=\"https:\/\/www.tui.com\/pauschalreisen\/reisekalender\/\"\r\n               target=\"_blank\">\r\n                Zum Reisekalender            <\/a>\r\n        <\/div>\r\n    \n\n\n<h2 class=\"wp-block-heading\">Regionale Br\u00fcckentage 2026<\/h2>\n\n\n\n<p>Je nach Bundesland gibt es auch noch regionale Feiertage, die sich von den bundesweiten Feiertagen unterscheiden. So habt ihr die M\u00f6glichkeit noch von weiteren Br\u00fcckentagen oder einem verl\u00e4ngerten Wochenende zu profitieren.<\/p>\n\n\n\n<h3 class=\"wp-block-heading\">Januar &#8211; Heilige drei K\u00f6nige (BY,BW,ST)<\/h3>\n\n\n\n<p><strong>Dienstag, der 06.01.2026<\/strong><\/p>\n\n\n\n<p>Die Heiligen drei K\u00f6nige sind in den Bundesl\u00e4ndern Bayern, Baden-W\u00fcrttemberg und Sachsen-Anhalt ein arbeitsfreier, gesetzlicher Feiertag. Perfekt um die Auszeit um den Jahreswechsel noch l\u00e4nger zu genie\u00dfen!<\/p>\n\n\n\n<h3 class=\"wp-block-heading\">Juni- Fronleichnam (BW, BY, HE, NW, RP und SL)<\/h3>\n\n\n\n<p><strong>Donnerstag, der 04.06.2026<\/strong><\/p>\n\n\n\n<p>Wer aus einem der aufgez\u00e4hlten Bundesl\u00e4nder kommt, kann sich im Juni \u00fcber einen weiteren freien Tag freuen. Nehmt ihr am 05.06. <strong>einen Tag Urlaub, habt ihr vier Tage <\/strong>f\u00fcr einen Kurzurlaub oder gemeinsame Zeit mit der Familie.<\/p>\n\n\n\n<p>\u25ba Wie w\u00e4re es mit einer kleinen Auszeit in einem <a href=\"https:\/\/www.tui.com\/wellnessurlaub\/\" target=\"_blank\" rel=\"noreferrer noopener\">Wellness-Hotel<\/a> oder einem <a href=\"https:\/\/www.tui.com\/staedtereisen\/\" target=\"_blank\" rel=\"noreferrer noopener\">St\u00e4dte-Trip<\/a> innerhalb Deutschlands?<\/p>\n\n\n\n<h3 class=\"wp-block-heading\">August &#8211; Mari\u00e4 Himmelfahrt (BY und SL)<\/h3>\n\n\n\n<p><strong>Samstag, der 15.08.2026<\/strong><\/p>\n\n\n\n<p>Auch der Feiertag f\u00e4llt dieses Jahr leider auf einen Samstag.<\/p>\n\n\n\n<h3 class=\"wp-block-heading\">Oktober &#8211; Reformationstag (BB, HB, HH, MV, NI, SN, ST, SH und TH)<\/h3>\n\n\n\n<p><strong>Samstag, der 31.10.2026<\/strong><\/p>\n\n\n\n<p>Auch der Reformationstag f\u00e4llt dieses Jahr leider auf einen Samstag.<\/p>\n\n\n    <div class=\"toparticle-item toparticle-block\">\r\n        <div class=\"row\">\r\n                            <article class=\"toparticle\" style=\"background-image: url('https:\/\/www.tui.com\/blog\/wp-content\/uploads\/2025\/10\/1920x1080_FBSo26_blog_header.jpg')\" role=\"img\" aria-label=\"Jetzt die besten Fr\u00fchbucher-Vorteile sichern!\">\r\n                    <a href=\"https:\/\/www.tui.com\/blog\/der-fruehe-vogel-spart-die-besten-fruehbucherangebote-im-sommer\/\" target=\"https:\/\/www.tui.com\/blog\/der-fruehe-vogel-spart-die-besten-fruehbucherangebote-im-sommer\/\" class=\"toparticle-gradient\" aria-label=\"Top Article Link\"><\/a>\r\n                                            <div class=\"toparticle-panel \">\r\n                            <p class=\"toparticle-title\">Jetzt die besten Fr\u00fchbucher-Vorteile sichern!<\/p>\r\n                                                    <\/div>\r\n                                    <\/article>\r\n                            <article class=\"toparticle\" style=\"background-image: url('https:\/\/www.tui.com\/blog\/wp-content\/uploads\/2024\/12\/reisen_urlaub_2026_adobestock_1690881159_mahabalage.jpg')\" role=\"img\" aria-label=\"Top Reiseziele und angesagte Trends!\">\r\n                    <a href=\"https:\/\/www.tui.com\/blog\/top-reiseziele-und-trends\/\" target=\"https:\/\/www.tui.com\/blog\/top-reiseziele-und-trends\/\" class=\"toparticle-gradient\" aria-label=\"Top Article Link\"><\/a>\r\n                                            <div class=\"toparticle-panel \">\r\n                            <p class=\"toparticle-title\">Top Reiseziele und angesagte Trends!<\/p>\r\n                                                    <\/div>\r\n                                    <\/article>\r\n                    <\/div>\r\n    <\/div>\r\n\n\n        <div class=\"button-wrapper\">\r\n            <a class=\"tui-button-default\" href=\"https:\/\/www.tui.com\/pauschalreisen\/sommerurlaub\/\"\r\n               target=\"_blank\">\r\n                Hier Urlaub 2026 buchen             <\/a>\r\n        <\/div>\r\n    \n\n\n<p><\/p>\n\n\n\n<p><\/p>\n","protected":false},"excerpt":{"rendered":"<p>Eine der sch\u00f6nsten Herausforderungen ist es doch, den Urlaub f\u00fcr das n\u00e4chste Jahr zu planen, um sich anschlie\u00dfend ganz der Vorfreude zu widmen. Doch oft fehlt der ein oder andere Urlaubstag. Gut, dass es hierf\u00fcr Br\u00fcckentage gibt. Ich zeige euch, wie ihr die Br\u00fcckentage geschickt nutzen k\u00f6nnt und so das Beste aus der Freizeitgestaltung herausholt.<\/p>\n","protected":false},"author":116,"featured_media":449096,"comment_status":"open","ping_status":"open","sticky":false,"template":"","format":"standard","meta":{"_acf_changed":false,"footnotes":""},"categories":[4052,4072,4070],"tags":[3648,441,388],"class_list":["post-197064","post","type-post","status-publish","format-standard","has-post-thumbnail","hentry","category-archiv-reisearten","category-archiv-reiseplanung","category-archiv-reisetipps","tag-aktuell","tag-kurztrip","tag-urlaub"],"acf":[],"yoast_head":"<!-- This site is optimized with the Yoast SEO plugin v27.4 - https:\/\/yoast.com\/product\/yoast-seo-wordpress\/ -->\n<title>Br\u00fcckentage 2026: Geschickt planen und Urlaub verdoppeln - TUI.com Reiseblog \u2600<\/title>\n<meta name=\"description\" content=\"Erfahre hier, wie du bei der Reiseplanung 2026 geschickt zus\u00e4tzliche freie Tage gewinnen kannst, um das Beste aus deiner Urlaubsplanung herauszuholen.\" \/>\n<meta name=\"robots\" content=\"index, follow, max-snippet:-1, max-image-preview:large, max-video-preview:-1\" \/>\n<link rel=\"canonical\" href=\"https:\/\/www.tui.com\/blog\/brueckentage\/\" \/>\n<meta property=\"og:locale\" content=\"de_DE\" \/>\n<meta property=\"og:type\" content=\"article\" \/>\n<meta property=\"og:title\" content=\"Br\u00fcckentage 2026: Geschickt planen und Urlaub verdoppeln - TUI.com Reiseblog \u2600\" \/>\n<meta property=\"og:description\" content=\"Erfahre hier, wie du bei der Reiseplanung 2026 geschickt zus\u00e4tzliche freie Tage gewinnen kannst, um das Beste aus deiner Urlaubsplanung herauszuholen.\" \/>\n<meta property=\"og:url\" content=\"https:\/\/www.tui.com\/blog\/brueckentage\/\" \/>\n<meta property=\"og:site_name\" content=\"TUI.com Reiseblog \u2600\" \/>\n<meta property=\"article:published_time\" content=\"2025-10-24T10:00:00+00:00\" \/>\n<meta property=\"article:modified_time\" content=\"2025-10-24T10:32:33+00:00\" \/>\n<meta property=\"og:image\" content=\"https:\/\/www.tui.com\/blog\/wp-content\/uploads\/2024\/10\/reiseplanung-urlaub-adobe-stock-270274964-karandaev.jpg\" \/>\n\t<meta property=\"og:image:width\" content=\"1920\" \/>\n\t<meta property=\"og:image:height\" content=\"1080\" \/>\n\t<meta property=\"og:image:type\" content=\"image\/jpeg\" \/>\n<meta name=\"author\" content=\"Julia W\u00fcbbelmann\" \/>\n<meta name=\"twitter:card\" content=\"summary_large_image\" \/>\n<meta name=\"twitter:label1\" content=\"Verfasst von\" \/>\n\t<meta name=\"twitter:data1\" content=\"Julia W\u00fcbbelmann\" \/>\n\t<meta name=\"twitter:label2\" content=\"Gesch\u00e4tzte Lesezeit\" \/>\n\t<meta name=\"twitter:data2\" content=\"4\u00a0Minuten\" \/>\n<script type=\"application\/ld+json\" class=\"yoast-schema-graph\">{\"@context\":\"https:\\\/\\\/schema.org\",\"@graph\":[{\"@type\":\"BlogPosting\",\"@id\":\"https:\\\/\\\/www.tui.com\\\/blog\\\/brueckentage\\\/#article\",\"isPartOf\":{\"@id\":\"https:\\\/\\\/www.tui.com\\\/blog\\\/brueckentage\\\/\"},\"author\":{\"name\":\"Julia W\u00fcbbelmann\",\"@id\":\"https:\\\/\\\/www.tui.com\\\/blog\\\/#\\\/schema\\\/person\\\/4755e7914e8aefb9ac11dab2e3a0203c\"},\"headline\":\"Br\u00fcckentage 2026: Geschickt planen und Urlaub verdoppeln\",\"datePublished\":\"2025-10-24T10:00:00+00:00\",\"dateModified\":\"2025-10-24T10:32:33+00:00\",\"mainEntityOfPage\":{\"@id\":\"https:\\\/\\\/www.tui.com\\\/blog\\\/brueckentage\\\/\"},\"wordCount\":882,\"commentCount\":0,\"publisher\":{\"@id\":\"https:\\\/\\\/www.tui.com\\\/blog\\\/#organization\"},\"image\":{\"@id\":\"https:\\\/\\\/www.tui.com\\\/blog\\\/brueckentage\\\/#primaryimage\"},\"thumbnailUrl\":\"https:\\\/\\\/www.tui.com\\\/blog\\\/wp-content\\\/uploads\\\/2024\\\/10\\\/reiseplanung-urlaub-adobe-stock-270274964-karandaev.jpg\",\"keywords\":[\"Aktuell\",\"Kurztrip\",\"Urlaub\"],\"articleSection\":[\"Reisearten\",\"Reiseplanung\",\"Reisetipps\"],\"inLanguage\":\"de\",\"potentialAction\":[{\"@type\":\"CommentAction\",\"name\":\"Comment\",\"target\":[\"https:\\\/\\\/www.tui.com\\\/blog\\\/brueckentage\\\/#respond\"]}]},{\"@type\":\"WebPage\",\"@id\":\"https:\\\/\\\/www.tui.com\\\/blog\\\/brueckentage\\\/\",\"url\":\"https:\\\/\\\/www.tui.com\\\/blog\\\/brueckentage\\\/\",\"name\":\"Br\u00fcckentage 2026: Geschickt planen und Urlaub verdoppeln - TUI.com Reiseblog \u2600\",\"isPartOf\":{\"@id\":\"https:\\\/\\\/www.tui.com\\\/blog\\\/#website\"},\"primaryImageOfPage\":{\"@id\":\"https:\\\/\\\/www.tui.com\\\/blog\\\/brueckentage\\\/#primaryimage\"},\"image\":{\"@id\":\"https:\\\/\\\/www.tui.com\\\/blog\\\/brueckentage\\\/#primaryimage\"},\"thumbnailUrl\":\"https:\\\/\\\/www.tui.com\\\/blog\\\/wp-content\\\/uploads\\\/2024\\\/10\\\/reiseplanung-urlaub-adobe-stock-270274964-karandaev.jpg\",\"datePublished\":\"2025-10-24T10:00:00+00:00\",\"dateModified\":\"2025-10-24T10:32:33+00:00\",\"description\":\"Erfahre hier, wie du bei der Reiseplanung 2026 geschickt zus\u00e4tzliche freie Tage gewinnen kannst, um das Beste aus deiner Urlaubsplanung herauszuholen.\",\"breadcrumb\":{\"@id\":\"https:\\\/\\\/www.tui.com\\\/blog\\\/brueckentage\\\/#breadcrumb\"},\"inLanguage\":\"de\",\"potentialAction\":[{\"@type\":\"ReadAction\",\"target\":[\"https:\\\/\\\/www.tui.com\\\/blog\\\/brueckentage\\\/\"]}]},{\"@type\":\"ImageObject\",\"inLanguage\":\"de\",\"@id\":\"https:\\\/\\\/www.tui.com\\\/blog\\\/brueckentage\\\/#primaryimage\",\"url\":\"https:\\\/\\\/www.tui.com\\\/blog\\\/wp-content\\\/uploads\\\/2024\\\/10\\\/reiseplanung-urlaub-adobe-stock-270274964-karandaev.jpg\",\"contentUrl\":\"https:\\\/\\\/www.tui.com\\\/blog\\\/wp-content\\\/uploads\\\/2024\\\/10\\\/reiseplanung-urlaub-adobe-stock-270274964-karandaev.jpg\",\"width\":1920,\"height\":1080,\"caption\":\"Kalender Reiseplanung\"},{\"@type\":\"BreadcrumbList\",\"@id\":\"https:\\\/\\\/www.tui.com\\\/blog\\\/brueckentage\\\/#breadcrumb\",\"itemListElement\":[{\"@type\":\"ListItem\",\"position\":1,\"name\":\"Startseite\",\"item\":\"https:\\\/\\\/www.tui.com\\\/blog\\\/\"},{\"@type\":\"ListItem\",\"position\":2,\"name\":\"Br\u00fcckentage 2026: Geschickt planen und Urlaub verdoppeln\"}]},{\"@type\":\"WebSite\",\"@id\":\"https:\\\/\\\/www.tui.com\\\/blog\\\/#website\",\"url\":\"https:\\\/\\\/www.tui.com\\\/blog\\\/\",\"name\":\"TUI.com Reiseblog \u2600\",\"description\":\"Abenteuer oder lieber an den Strand? \u2600 Der TUI Reiseblog bietet tolle Infos rund um deine n\u00e4chste Reise \u2708 Komm vorbei und lass dich inspirieren \u221a\",\"publisher\":{\"@id\":\"https:\\\/\\\/www.tui.com\\\/blog\\\/#organization\"},\"potentialAction\":[{\"@type\":\"SearchAction\",\"target\":{\"@type\":\"EntryPoint\",\"urlTemplate\":\"https:\\\/\\\/www.tui.com\\\/blog\\\/?s={search_term_string}\"},\"query-input\":{\"@type\":\"PropertyValueSpecification\",\"valueRequired\":true,\"valueName\":\"search_term_string\"}}],\"inLanguage\":\"de\"},{\"@type\":\"Organization\",\"@id\":\"https:\\\/\\\/www.tui.com\\\/blog\\\/#organization\",\"name\":\"TUI.com Reiseblog \u2600\",\"url\":\"https:\\\/\\\/www.tui.com\\\/blog\\\/\",\"logo\":{\"@type\":\"ImageObject\",\"inLanguage\":\"de\",\"@id\":\"https:\\\/\\\/www.tui.com\\\/blog\\\/#\\\/schema\\\/logo\\\/image\\\/\",\"url\":\"https:\\\/\\\/www.tui.com\\\/blog\\\/wp-content\\\/uploads\\\/2023\\\/04\\\/cropped-tui-logo-3.png\",\"contentUrl\":\"https:\\\/\\\/www.tui.com\\\/blog\\\/wp-content\\\/uploads\\\/2023\\\/04\\\/cropped-tui-logo-3.png\",\"width\":164,\"height\":72,\"caption\":\"TUI.com Reiseblog \u2600\"},\"image\":{\"@id\":\"https:\\\/\\\/www.tui.com\\\/blog\\\/#\\\/schema\\\/logo\\\/image\\\/\"}},{\"@type\":\"Person\",\"@id\":\"https:\\\/\\\/www.tui.com\\\/blog\\\/#\\\/schema\\\/person\\\/4755e7914e8aefb9ac11dab2e3a0203c\",\"name\":\"Julia W\u00fcbbelmann\",\"image\":{\"@type\":\"ImageObject\",\"inLanguage\":\"de\",\"@id\":\"https:\\\/\\\/www.tui.com\\\/blog\\\/wp-content\\\/uploads\\\/2026\\\/02\\\/julia_tuerkei_profilbild-96x96.jpg\",\"url\":\"https:\\\/\\\/www.tui.com\\\/blog\\\/wp-content\\\/uploads\\\/2026\\\/02\\\/julia_tuerkei_profilbild-96x96.jpg\",\"contentUrl\":\"https:\\\/\\\/www.tui.com\\\/blog\\\/wp-content\\\/uploads\\\/2026\\\/02\\\/julia_tuerkei_profilbild-96x96.jpg\",\"caption\":\"Julia W\u00fcbbelmann\"},\"url\":\"https:\\\/\\\/www.tui.com\\\/blog\\\/author\\\/tui-bloggerin-julia\\\/\"}]}<\/script>\n<!-- \/ Yoast SEO plugin. -->","yoast_head_json":{"title":"Br\u00fcckentage 2026: Geschickt planen und Urlaub verdoppeln - TUI.com Reiseblog \u2600","description":"Erfahre hier, wie du bei der Reiseplanung 2026 geschickt zus\u00e4tzliche freie Tage gewinnen kannst, um das Beste aus deiner Urlaubsplanung herauszuholen.","robots":{"index":"index","follow":"follow","max-snippet":"max-snippet:-1","max-image-preview":"max-image-preview:large","max-video-preview":"max-video-preview:-1"},"canonical":"https:\/\/www.tui.com\/blog\/brueckentage\/","og_locale":"de_DE","og_type":"article","og_title":"Br\u00fcckentage 2026: Geschickt planen und Urlaub verdoppeln - TUI.com Reiseblog \u2600","og_description":"Erfahre hier, wie du bei der Reiseplanung 2026 geschickt zus\u00e4tzliche freie Tage gewinnen kannst, um das Beste aus deiner Urlaubsplanung herauszuholen.","og_url":"https:\/\/www.tui.com\/blog\/brueckentage\/","og_site_name":"TUI.com Reiseblog \u2600","article_published_time":"2025-10-24T10:00:00+00:00","article_modified_time":"2025-10-24T10:32:33+00:00","og_image":[{"width":1920,"height":1080,"url":"https:\/\/www.tui.com\/blog\/wp-content\/uploads\/2024\/10\/reiseplanung-urlaub-adobe-stock-270274964-karandaev.jpg","type":"image\/jpeg"}],"author":"Julia W\u00fcbbelmann","twitter_card":"summary_large_image","twitter_misc":{"Verfasst von":"Julia W\u00fcbbelmann","Gesch\u00e4tzte Lesezeit":"4\u00a0Minuten"},"schema":{"@context":"https:\/\/schema.org","@graph":[{"@type":"BlogPosting","@id":"https:\/\/www.tui.com\/blog\/brueckentage\/#article","isPartOf":{"@id":"https:\/\/www.tui.com\/blog\/brueckentage\/"},"author":{"name":"Julia W\u00fcbbelmann","@id":"https:\/\/www.tui.com\/blog\/#\/schema\/person\/4755e7914e8aefb9ac11dab2e3a0203c"},"headline":"Br\u00fcckentage 2026: Geschickt planen und Urlaub verdoppeln","datePublished":"2025-10-24T10:00:00+00:00","dateModified":"2025-10-24T10:32:33+00:00","mainEntityOfPage":{"@id":"https:\/\/www.tui.com\/blog\/brueckentage\/"},"wordCount":882,"commentCount":0,"publisher":{"@id":"https:\/\/www.tui.com\/blog\/#organization"},"image":{"@id":"https:\/\/www.tui.com\/blog\/brueckentage\/#primaryimage"},"thumbnailUrl":"https:\/\/www.tui.com\/blog\/wp-content\/uploads\/2024\/10\/reiseplanung-urlaub-adobe-stock-270274964-karandaev.jpg","keywords":["Aktuell","Kurztrip","Urlaub"],"articleSection":["Reisearten","Reiseplanung","Reisetipps"],"inLanguage":"de","potentialAction":[{"@type":"CommentAction","name":"Comment","target":["https:\/\/www.tui.com\/blog\/brueckentage\/#respond"]}]},{"@type":"WebPage","@id":"https:\/\/www.tui.com\/blog\/brueckentage\/","url":"https:\/\/www.tui.com\/blog\/brueckentage\/","name":"Br\u00fcckentage 2026: Geschickt planen und Urlaub verdoppeln - TUI.com Reiseblog \u2600","isPartOf":{"@id":"https:\/\/www.tui.com\/blog\/#website"},"primaryImageOfPage":{"@id":"https:\/\/www.tui.com\/blog\/brueckentage\/#primaryimage"},"image":{"@id":"https:\/\/www.tui.com\/blog\/brueckentage\/#primaryimage"},"thumbnailUrl":"https:\/\/www.tui.com\/blog\/wp-content\/uploads\/2024\/10\/reiseplanung-urlaub-adobe-stock-270274964-karandaev.jpg","datePublished":"2025-10-24T10:00:00+00:00","dateModified":"2025-10-24T10:32:33+00:00","description":"Erfahre hier, wie du bei der Reiseplanung 2026 geschickt zus\u00e4tzliche freie Tage gewinnen kannst, um das Beste aus deiner Urlaubsplanung herauszuholen.","breadcrumb":{"@id":"https:\/\/www.tui.com\/blog\/brueckentage\/#breadcrumb"},"inLanguage":"de","potentialAction":[{"@type":"ReadAction","target":["https:\/\/www.tui.com\/blog\/brueckentage\/"]}]},{"@type":"ImageObject","inLanguage":"de","@id":"https:\/\/www.tui.com\/blog\/brueckentage\/#primaryimage","url":"https:\/\/www.tui.com\/blog\/wp-content\/uploads\/2024\/10\/reiseplanung-urlaub-adobe-stock-270274964-karandaev.jpg","contentUrl":"https:\/\/www.tui.com\/blog\/wp-content\/uploads\/2024\/10\/reiseplanung-urlaub-adobe-stock-270274964-karandaev.jpg","width":1920,"height":1080,"caption":"Kalender Reiseplanung"},{"@type":"BreadcrumbList","@id":"https:\/\/www.tui.com\/blog\/brueckentage\/#breadcrumb","itemListElement":[{"@type":"ListItem","position":1,"name":"Startseite","item":"https:\/\/www.tui.com\/blog\/"},{"@type":"ListItem","position":2,"name":"Br\u00fcckentage 2026: Geschickt planen und Urlaub verdoppeln"}]},{"@type":"WebSite","@id":"https:\/\/www.tui.com\/blog\/#website","url":"https:\/\/www.tui.com\/blog\/","name":"TUI.com Reiseblog \u2600","description":"Abenteuer oder lieber an den Strand? \u2600 Der TUI Reiseblog bietet tolle Infos rund um deine n\u00e4chste Reise \u2708 Komm vorbei und lass dich inspirieren \u221a","publisher":{"@id":"https:\/\/www.tui.com\/blog\/#organization"},"potentialAction":[{"@type":"SearchAction","target":{"@type":"EntryPoint","urlTemplate":"https:\/\/www.tui.com\/blog\/?s={search_term_string}"},"query-input":{"@type":"PropertyValueSpecification","valueRequired":true,"valueName":"search_term_string"}}],"inLanguage":"de"},{"@type":"Organization","@id":"https:\/\/www.tui.com\/blog\/#organization","name":"TUI.com Reiseblog \u2600","url":"https:\/\/www.tui.com\/blog\/","logo":{"@type":"ImageObject","inLanguage":"de","@id":"https:\/\/www.tui.com\/blog\/#\/schema\/logo\/image\/","url":"https:\/\/www.tui.com\/blog\/wp-content\/uploads\/2023\/04\/cropped-tui-logo-3.png","contentUrl":"https:\/\/www.tui.com\/blog\/wp-content\/uploads\/2023\/04\/cropped-tui-logo-3.png","width":164,"height":72,"caption":"TUI.com Reiseblog \u2600"},"image":{"@id":"https:\/\/www.tui.com\/blog\/#\/schema\/logo\/image\/"}},{"@type":"Person","@id":"https:\/\/www.tui.com\/blog\/#\/schema\/person\/4755e7914e8aefb9ac11dab2e3a0203c","name":"Julia W\u00fcbbelmann","image":{"@type":"ImageObject","inLanguage":"de","@id":"https:\/\/www.tui.com\/blog\/wp-content\/uploads\/2026\/02\/julia_tuerkei_profilbild-96x96.jpg","url":"https:\/\/www.tui.com\/blog\/wp-content\/uploads\/2026\/02\/julia_tuerkei_profilbild-96x96.jpg","contentUrl":"https:\/\/www.tui.com\/blog\/wp-content\/uploads\/2026\/02\/julia_tuerkei_profilbild-96x96.jpg","caption":"Julia W\u00fcbbelmann"},"url":"https:\/\/www.tui.com\/blog\/author\/tui-bloggerin-julia\/"}]}},"_links":{"self":[{"href":"https:\/\/www.tui.com\/blog\/wp-json\/wp\/v2\/posts\/197064","targetHints":{"allow":["GET"]}}],"collection":[{"href":"https:\/\/www.tui.com\/blog\/wp-json\/wp\/v2\/posts"}],"about":[{"href":"https:\/\/www.tui.com\/blog\/wp-json\/wp\/v2\/types\/post"}],"author":[{"embeddable":true,"href":"https:\/\/www.tui.com\/blog\/wp-json\/wp\/v2\/users\/116"}],"replies":[{"embeddable":true,"href":"https:\/\/www.tui.com\/blog\/wp-json\/wp\/v2\/comments?post=197064"}],"version-history":[{"count":85,"href":"https:\/\/www.tui.com\/blog\/wp-json\/wp\/v2\/posts\/197064\/revisions"}],"predecessor-version":[{"id":489862,"href":"https:\/\/www.tui.com\/blog\/wp-json\/wp\/v2\/posts\/197064\/revisions\/489862"}],"wp:featuredmedia":[{"embeddable":true,"href":"https:\/\/www.tui.com\/blog\/wp-json\/wp\/v2\/media\/449096"}],"wp:attachment":[{"href":"https:\/\/www.tui.com\/blog\/wp-json\/wp\/v2\/media?parent=197064"}],"wp:term":[{"taxonomy":"category","embeddable":true,"href":"https:\/\/www.tui.com\/blog\/wp-json\/wp\/v2\/categories?post=197064"},{"taxonomy":"post_tag","embeddable":true,"href":"https:\/\/www.tui.com\/blog\/wp-json\/wp\/v2\/tags?post=197064"}],"curies":[{"name":"wp","href":"https:\/\/api.w.org\/{rel}","templated":true}]}}