{"id":197422,"date":"2022-11-02T11:00:00","date_gmt":"2022-11-02T10:00:00","guid":{"rendered":"https:\/\/blog.tui.info\/favignana-der-schmetterling-im-meer\/"},"modified":"2023-04-27T01:00:02","modified_gmt":"2023-04-26T23:00:02","slug":"favignana-der-schmetterling-im-meer","status":"publish","type":"post","link":"https:\/\/www.tui.com\/blog\/favignana-der-schmetterling-im-meer\/","title":{"rendered":"Favignana &#8211; Der Schmetterling im Meer"},"content":{"rendered":"<div class=\"lazyblock-intro-1GvtwW wp-block-lazyblock-intro\"> <div style=\"color: #4C4C4C, margin-bottom: 18px\">\n    <span style=\"font-size:24px\">Ein beliebtes Tagesausflugsziel ist Favignana. Von Trapani an der Westk\u00fcste Siziliens, sind es nur etwa 30 Minuten Fahrt, bis man das kleine Inselparadies erreicht.<\/span>\n    <br>\n    <br>\n <\/div><\/div>\n\n\n<figure class=\"wp-block-gallery has-nested-images columns-default is-cropped wp-block-gallery-1 is-layout-flex wp-block-gallery-is-layout-flex\">\n<figure class=\"wp-block-image size-large\"><img decoding=\"async\" width=\"760\" height=\"420\" data-id=\"88410\" src=\"https:\/\/www.tui.com\/blog\/wp-content\/uploads\/2023\/04\/favignana-hafen-schloss-santa-catarina.jpg\" alt=\"Favignana Hafen und Schloss Santa Catarina\" class=\"wp-image-88410\"\/><figcaption class=\"wp-element-caption\">Hafen von Favignana mit dem Castello Santa Catarina im Hintergrund<\/figcaption><\/figure>\n<\/figure>\n\n\n\n<h2 class=\"wp-block-heading\">Favignana &#8211; die Perle der \u00c4gadischen Inseln<\/h2>\n\n\n\n<p>In meinem<a href=\"https:\/\/www.tui.com\/pauschalreisen\/italien\/sizilien\/\" target=\"_blank\" rel=\"noreferrer noopener\"> Sizilien <\/a>Urlaub hat es mich nach Trapani verschlagen. Trapani liegt an der Westk\u00fcste Siziliens. Bei klarer Sicht kannst du im Meer Inseln erkennen: Die &#8222;Isole Egadi&#8220; &#8211; zu den \u00c4gadischen Inseln geh\u00f6ren Favignana, Marettimo und Levanzo. <\/p>\n\n\n\n<p>Insgesamt leben weniger als 5000 Menschen auf allen drei Inseln, wovon 4000 Menschen auf Favignana wohnen. Die Meisten sind Fischer. Favignana ist nur etwa 20 km\u00b2 gro\u00df und ihre Form erinnert an einen fliegenden Schmetterling. Ihren Namen verdankt Favignana der Natur: &#8222;Favonio&#8220; bedeutet &#8222;F\u00f6hn&#8220; &#8211; es weht immer ein angenehmes L\u00fcftchen \u00fcber die Insel.<\/p>\n\n\n\n<p>Favignana ist ein beliebtes Ziel f\u00fcr Urlauber: ob bei einem Tagesausflug oder eine entspannte Woche &#8211; hier kannst du dich sehr wohl f\u00fchlen.<\/p>\n\n\n\n<figure class=\"wp-block-gallery has-nested-images columns-default is-cropped wp-block-gallery-2 is-layout-flex wp-block-gallery-is-layout-flex\">\n<figure class=\"wp-block-image size-large\"><img decoding=\"async\" width=\"760\" height=\"420\" data-id=\"88416\" src=\"https:\/\/www.tui.com\/blog\/wp-content\/uploads\/2023\/04\/landkarte-isole-egadi-favignana.jpg\" alt=\"Landkarte Isole Egadi\" class=\"wp-image-88416\"\/><\/figure>\n<\/figure>\n\n\n\n<h2 class=\"wp-block-heading\">Wissenswertes \u00fcber Favignana<\/h2>\n\n\n\n<p>Die Insel hatte in ihrer Geschichte schon viele Namen. Quellen belegen, dass sie in der Antike Aegusa hie\u00df. H\u00f6hlenfunde zeigten, dass Favignana schon in pr\u00e4historischer Zeit bewohnt war. Fischfang war lange die wichtigste Einnahmequelle. Vor allem Thunfisch wurde in der alten Fabrik &#8222;Tonnara&#8220; verarbeitet, die heute ein Museum ist.<\/p>\n\n\n\n<p>Favignana ist auch eine Gef\u00e4ngnis-Insel: Am Stadtstrand liegt das Castello San Giacomo ein ehemaliges, ber\u00fchmtes Staatsgef\u00e4ngnis. Die Geschichte beschreibt, dass selbst das ber\u00fchmte Castello Santa Catarina zeitweise als Gef\u00e4ngnis diente. Auch heute gibt es noch eine Starfvollzugsanstalt.<\/p>\n\n\n\n<h2 class=\"wp-block-heading\">Favignana &#8211; Wie komme ich hin<\/h2>\n\n\n\n<p>Um einen Ausflug nach Favignana zu machen, hast du verschiedene M\u00f6glichkeiten. In den Stra\u00dfen von Trapani gibt es einige Anbieter, die dir Touren zu den \u00c4gadischen Inseln anbieten. Morgens geht es los Richtung Favignana, wo du 2 Stunden Aufenthalt hast. Danach geht es weiter nach Levanzo, wo man oft nur f\u00fcr einen Fotostop vor der K\u00fcste h\u00e4lt. Zwischendurch gibt es Bade- und Schnorchelstopps sowie ein Mittagessen auf dem Boot. Die Kosten daf\u00fcr betragen etwa 60 EURO. Einige Unterk\u00fcnfte in Trapani haben eigene Boote und bieten diesen Ausflug in kleinen Gruppen f\u00fcr ihre G\u00e4ste an. <\/p>\n\n\n\n<p>Ich habe mich daf\u00fcr entschieden, die Schnellf\u00e4hre zu nehmen und die Insel selbst zu erkunden. In etwa 40 Minuten geht es von Trapani nach Favignana. Es gibt mehrere Anbieter und viele Abfahrtzeiten \u00fcber den Tag verteilt. Ich bin morgens 10 Uhr losgefahren und gegen 18 Uhr von Favignana zur\u00fcck. Tickets bekommst du online oder am Ticketschalter direkt am Hafen. Ich habe f\u00fcr die Hin- und R\u00fcckfahrt 26 EURO gezahlt.<\/p>\n\n\n\n<figure class=\"wp-block-gallery has-nested-images columns-default is-cropped wp-block-gallery-3 is-layout-flex wp-block-gallery-is-layout-flex\">\n<figure class=\"wp-block-image size-large\"><img decoding=\"async\" width=\"760\" height=\"420\" data-id=\"88409\" src=\"https:\/\/www.tui.com\/blog\/wp-content\/uploads\/2023\/04\/favignana-hafen-haeuser-boote-altstadt.jpg\" alt=\"Favignana Boote und H\u00e4user\" class=\"wp-image-88409\"\/><figcaption class=\"wp-element-caption\">Tonnara Florio im Hintergrund &#8211; die alte Thunfisch Fabrik direkt am Hafen von Favignana<\/figcaption><\/figure>\n<\/figure>\n\n\n\n<h2 class=\"wp-block-heading\">Ein Tag auf Favignana<\/h2>\n\n\n\n<p>Der wohl beste Weg die Insel zu erkunden ist es, ein Fahrrad zu mieten. \u00dcberall am Hafen gibt es Anbieter daf\u00fcr. Ich habe mich f\u00fcr einen Anbieter nahe dem Palazzo Florio entschieden. Die Mietkosten betragen nur 5 EURO pro Tag. Die Insel ist flach und die Wege sind gut ausgeschildert. Du bekommst beim Fahrradverleih auch eine Landkarte und kannst dich super \u00fcber die Insel navigieren. <\/p>\n\n\n\n<p>Ich wollte haupts\u00e4chlich die Str\u00e4nde und Buchten entdecken und hab es auch geschafft, einen gro\u00dfen Teil der Ostseite der Insel abzufahren. Am Tagesende waren das nicht mal 20 Kilometer. Nach dem Palazzo Florio am Morgen gings es auf das Rad zur Cala Rossa. \u00dcber Bue Marino und die Cala Azzura wieder zur\u00fcck Richtung Stadt, mit Badestopp am Lido Burrone. Au\u00dferdem hab ich das Fahrrad am Nachmittag abgegeben und bin noch ein bisschen durch den Ort geschlendert. Es war ein toller Tag auf Favignana &#8211; Ruhe, Natur und Meer&#8230;fast so sch\u00f6n, wie in der Karibik. <\/p>\n\n\n\n<figure class=\"wp-block-gallery has-nested-images columns-default is-cropped wp-block-gallery-4 is-layout-flex wp-block-gallery-is-layout-flex\">\n<figure class=\"wp-block-image size-large\"><img decoding=\"async\" width=\"760\" height=\"420\" data-id=\"88418\" src=\"https:\/\/www.tui.com\/blog\/wp-content\/uploads\/2023\/04\/radtour-favignana-fahrrad.jpg\" alt=\"Radtour Favignana Leuchtturm\" class=\"wp-image-88418\"\/><figcaption class=\"wp-element-caption\">Bis zum Leuchtturm am Punta Marsala<\/figcaption><\/figure>\n\n\n\n<figure class=\"wp-block-image size-large\"><img decoding=\"async\" width=\"760\" height=\"420\" data-id=\"88407\" src=\"https:\/\/www.tui.com\/blog\/wp-content\/uploads\/2023\/04\/favignana-fahrrad-tour.jpg\" alt=\"Favignana Fahrrad Tour\" class=\"wp-image-88407\"\/><figcaption class=\"wp-element-caption\">Immer den Feldwegen lang<\/figcaption><\/figure>\n<\/figure>\n\n\n\n<h2 class=\"wp-block-heading\">Favignana Sehensw\u00fcrdigkeiten<\/h2>\n\n\n\n<div class=\"wp-block-columns is-layout-flex wp-container-core-columns-is-layout-9d6595d7 wp-block-columns-is-layout-flex\">\n<div class=\"wp-block-column is-layout-flow wp-block-column-is-layout-flow\">\n<h3 class=\"wp-block-heading\">Palazzo Florio<\/h3>\n\n\n\n<p>Wenn du auf Favignana ankommst, ist der Palazzo Florio kaum zu \u00fcbersehen. Einst die Sommer-Residenz der ber\u00fchmten Familie Florio, heute Sitz des Fremdenverkehrsamtes der Insel. Das alte neugotische Herrenhaus ist in seiner Architektur besonders. Es wurde 1848 vom Architekten Aleyda entworfen, der auch viele Bauwerke in Palermo entworfen hat. Du kannst durch den sch\u00f6nen Garten schlendern und dir die Ausstellung in den Innenr\u00e4umen ansehen.<\/p>\n<\/div>\n\n\n\n<div class=\"wp-block-column is-layout-flow wp-block-column-is-layout-flow\">\n<figure class=\"wp-block-gallery has-nested-images columns-default is-cropped wp-block-gallery-5 is-layout-flex wp-block-gallery-is-layout-flex\">\n<figure class=\"wp-block-image size-large\"><img decoding=\"async\" width=\"560\" height=\"713\" data-id=\"88413\" src=\"https:\/\/www.tui.com\/blog\/wp-content\/uploads\/2023\/04\/favignana-palazzo-florio-architektur-almeyda.jpg\" alt=\"Palazzo Florio Favignana\" class=\"wp-image-88413\"\/><figcaption class=\"wp-element-caption\">Palazzo Florio<\/figcaption><\/figure>\n<\/figure>\n<\/div>\n<\/div>\n\n\n\n<div class=\"wp-block-columns is-layout-flex wp-container-core-columns-is-layout-9d6595d7 wp-block-columns-is-layout-flex\">\n<div class=\"wp-block-column is-layout-flow wp-block-column-is-layout-flow\" style=\"flex-basis:100%\">\n<div class=\"wp-block-columns is-layout-flex wp-container-core-columns-is-layout-9d6595d7 wp-block-columns-is-layout-flex\">\n<div class=\"wp-block-column is-layout-flow wp-block-column-is-layout-flow\">\n<figure class=\"wp-block-gallery has-nested-images columns-default is-cropped wp-block-gallery-6 is-layout-flex wp-block-gallery-is-layout-flex\">\n<figure class=\"wp-block-image size-large\"><img decoding=\"async\" width=\"560\" height=\"713\" data-id=\"88411\" src=\"https:\/\/www.tui.com\/blog\/wp-content\/uploads\/2023\/04\/favignana-kirche-chiesa-madre-di-maria.jpg\" alt=\"Kirche Madre di Maria Favignana\" class=\"wp-image-88411\"\/><figcaption class=\"wp-element-caption\">Chiesa Madre Maria SS. Immacolata<\/figcaption><\/figure>\n<\/figure>\n<\/div>\n\n\n\n<div class=\"wp-block-column is-layout-flow wp-block-column-is-layout-flow\">\n<h3 class=\"wp-block-heading\">Der Stadtkern<\/h3>\n\n\n\n<p>Plane etwas Zeit ein, dir die kleine Stadt anzusehen. Es gibt viele Restaurants, kleine Gesch\u00e4fte und die Kirche Madre Maria. Ich habe mir einen Aperol Spritz geg\u00f6nnt und bin dann durch die Gesch\u00e4fte gebummelt. Von typischen Souvenirs, \u00fcber Mode bis zu regionaltypischen Lebensmitteln, gibt es hier viel zu entdecken.<\/p>\n<\/div>\n<\/div>\n<\/div>\n<\/div>\n\n\n\n<h2 class=\"wp-block-heading\">Favignana Str\u00e4nde<\/h2>\n\n\n\n<h3 class=\"wp-block-heading\">\u2600\ufe0f Cala Rossa<\/h3>\n\n\n\n<p>In einer felsigen Bucht, nur etwa 4 Kilometer n\u00f6rdlich der Stadt, liegt die Cala Rossa. Der Abstieg zur Bucht ist nicht ganz einfach, da sehr felsig. Ich empfehle dir Badeschuhe. Bei Flut ist kaum Strand zu finden. Du sonnst dich eher auf Felsplateaus. Das blau des Meeres ist wundersch\u00f6n &#8211; nicht nur deswegen z\u00e4hlt die Cala Rossa zu den sch\u00f6nsten Buchten der Welt.<\/p>\n\n\n\n<figure class=\"wp-block-gallery has-nested-images columns-default is-cropped wp-block-gallery-7 is-layout-flex wp-block-gallery-is-layout-flex\">\n<figure class=\"wp-block-image size-large\"><img decoding=\"async\" width=\"760\" height=\"420\" data-id=\"88414\" src=\"https:\/\/www.tui.com\/blog\/wp-content\/uploads\/2023\/04\/favignana-strand-bucht-cala-rossa.jpg\" alt=\"Bucht Cala Rossa Favignana\" class=\"wp-image-88414\"\/><\/figure>\n<\/figure>\n\n\n\n<h3 class=\"wp-block-heading\">\u2600\ufe0f Lido Burrone<\/h3>\n\n\n\n<p>Fast wei\u00dfer Sand und kristallklares Wasser erwarten dich am Lido Burrone. Es gibt 2 Bars, wo du dir Liegest\u00fchle leihen kannst. Grad in der Nebensaison findest du immer ein freies Pl\u00e4tzchen. Von hier ist der Ausblick auf den Monte Santa Catarina super. Au\u00dferdem ist das der perfekte Ort auf Favignana um den Sonnenuntergang zu genie\u00dfen.<\/p>\n\n\n\n<figure class=\"wp-block-gallery has-nested-images columns-default is-cropped wp-block-gallery-8 is-layout-flex wp-block-gallery-is-layout-flex\">\n<figure class=\"wp-block-image size-large\"><img decoding=\"async\" width=\"760\" height=\"420\" data-id=\"88417\" src=\"https:\/\/www.tui.com\/blog\/wp-content\/uploads\/2023\/04\/lido-burrone-favignana.jpg\" alt=\"Favignana Strand Lido Burrone\" class=\"wp-image-88417\"\/><\/figure>\n\n\n\n<figure class=\"wp-block-image size-large\"><img decoding=\"async\" width=\"760\" height=\"420\" data-id=\"88420\" src=\"https:\/\/www.tui.com\/blog\/wp-content\/uploads\/2023\/04\/favigana-sandstrand-lido-burrone-strand.jpg\" alt=\"Favignana Sandstrand Lido Burrone\" class=\"wp-image-88420\"\/><\/figure>\n<\/figure>\n\n\n\n<h3 class=\"wp-block-heading\">\u2600\ufe0f Cala Azzurra<\/h3>\n\n\n\n<p>Wenn du beim Baden auch gern Sand unter den F\u00fc\u00dfen hast, empfehle ich dir die Cala Azzurra. Hier gib es einen kleinen Sandstrand und das Meer ist flachabfallend. Zum Sonnen liegst du aber auch hier auf den Klippen, deswegen empfehle ich dir Badeschuhe f\u00fcr den Weg ins Wasser. <\/p>\n\n\n\n<figure class=\"wp-block-gallery has-nested-images columns-default is-cropped wp-block-gallery-9 is-layout-flex wp-block-gallery-is-layout-flex\">\n<figure class=\"wp-block-image size-large\"><img decoding=\"async\" width=\"760\" height=\"420\" data-id=\"88661\" src=\"https:\/\/www.tui.com\/blog\/wp-content\/uploads\/2023\/04\/favignana-sandstrand-bucht-cala-azzura.jpg\" alt=\"Cala Azzurra Sandstrand Favignana\" class=\"wp-image-88661\"\/><figcaption class=\"wp-element-caption\">In der Cala Azzurra gibt es einen kleinen Sandstrand.<\/figcaption><\/figure>\n<\/figure>\n\n\n\n<h3 class=\"wp-block-heading\">\u2600\ufe0f Bue Marino<\/h3>\n\n\n\n<p>Hier ist das Wasser glasklar. Die Bucht mit seinen Grotten erreichst du nur mit dem Fahrrad oder der Vespa. Die Klippen sind steil und du musst klettern um ins Wasser zu gelangen. F\u00fcr ein Picknick oder zum Sonnen ist der Ort ideal. Du kannst hier auch H\u00f6hlen in den Felsw\u00e4nden erkunden. Die Bue Marino ist oft auch Ziel von Bootsausfl\u00fcgen.<\/p>\n\n\n\n<figure class=\"wp-block-gallery has-nested-images columns-default is-cropped wp-block-gallery-10 is-layout-flex wp-block-gallery-is-layout-flex\">\n<figure class=\"wp-block-image size-large\"><img decoding=\"async\" width=\"760\" height=\"420\" data-id=\"88660\" src=\"https:\/\/www.tui.com\/blog\/wp-content\/uploads\/2023\/04\/favignana-strand-bue-marino-felsen-meer.jpg\" alt=\"Favignana Strand Bucht Bue Marino\" class=\"wp-image-88660\"\/><figcaption class=\"wp-element-caption\">Auf Felsplateaus sonnen und im kristallklaren Wasser schnorcheln kann man hier.<\/figcaption><\/figure>\n<\/figure>\n\n\n\n<h2 class=\"wp-block-heading\">Viele Informationen und Reiseangebote f\u00fcr deinen Sizilien Urlaub<\/h2>\n\n\n\n<p>  Alle Angebote f\u00fcr deinen <a href=\"https:\/\/www.tui.com\/pauschalreisen\/italien\/sizilien\/\" target=\"_blank\" rel=\"noreferrer noopener\">Sizilien Urlaub<\/a><br>  <a href=\"https:\/\/www.tui.com\/rundreisen\/sizilien\/\">Sizilien Rundreisen<\/a> bei TUI buchen<br>  Hier gibt es alle Angebote f\u00fcr <a href=\"https:\/\/www.tui.com\/pauschalreisen\/familienurlaub\/sizilien\/\" target=\"_blank\" rel=\"noreferrer noopener\">Sizilien Familienurlaub<\/a><br>  <a href=\"https:\/\/www.tui.com\/blog\/top-malerische-sizilien-straende\/\" target=\"_blank\" rel=\"noreferrer noopener\">Sizilien Str\u00e4nde<\/a>: TUI Bloggerin Nicole gibt hier Tipps<br>  Sizilien <a href=\"https:\/\/www.tui.com\/blog\/sizilien-meine-highlights-und-top-sehenswuerdigkeiten\/\" target=\"_blank\" rel=\"noreferrer noopener\">Tipps und Sehensw\u00fcrdigkeiten<\/a><\/p>\n","protected":false},"excerpt":{"rendered":"<p>Favignana &#8211; die Perle der \u00c4gadischen Inseln In meinem Sizilien Urlaub hat es mich nach Trapani verschlagen. Trapani liegt an der Westk\u00fcste Siziliens. Bei klarer Sicht kannst du im Meer Inseln erkennen: Die &#8222;Isole Egadi&#8220; &#8211; zu den \u00c4gadischen Inseln geh\u00f6ren Favignana, Marettimo und Levanzo. Insgesamt leben weniger als 5000<\/p>\n","protected":false},"author":122,"featured_media":197450,"comment_status":"open","ping_status":"open","sticky":false,"template":"","format":"standard","meta":{"_acf_changed":false,"footnotes":""},"categories":[4036,4052,4030,4056],"tags":[250,324,2831,385],"class_list":["post-197422","post","type-post","status-publish","format-standard","has-post-thumbnail","hentry","category-archiv-italien","category-archiv-reisearten","category-archiv-reiseziele","category-archiv-urlaub-am-meer","tag-italien","tag-rundreise","tag-sizilien","tag-sommerurlaub"],"acf":[],"yoast_head":"<!-- This site is optimized with the Yoast SEO plugin v27.4 - https:\/\/yoast.com\/product\/yoast-seo-wordpress\/ -->\n<title>Favignana - Der Schmetterling im Meer - TUI.com Reiseblog \u2600<\/title>\n<meta name=\"description\" content=\"TUI Bloggerin Janine war in ihrem Sizilien Urlaub einen Tag auf der \u00c4gadischen Insel Favignana. Hier gibt es alle Tipps f\u00fcr deinen Kurztrip.\" \/>\n<meta name=\"robots\" content=\"index, follow, max-snippet:-1, max-image-preview:large, max-video-preview:-1\" \/>\n<link rel=\"canonical\" href=\"https:\/\/www.tui.com\/blog\/favignana-der-schmetterling-im-meer\/\" \/>\n<meta property=\"og:locale\" content=\"de_DE\" \/>\n<meta property=\"og:type\" content=\"article\" \/>\n<meta property=\"og:title\" content=\"Favignana - Der Schmetterling im Meer - TUI.com Reiseblog \u2600\" \/>\n<meta property=\"og:description\" content=\"TUI Bloggerin Janine war in ihrem Sizilien Urlaub einen Tag auf der \u00c4gadischen Insel Favignana. Hier gibt es alle Tipps f\u00fcr deinen Kurztrip.\" \/>\n<meta property=\"og:url\" content=\"https:\/\/www.tui.com\/blog\/favignana-der-schmetterling-im-meer\/\" \/>\n<meta property=\"og:site_name\" content=\"TUI.com Reiseblog \u2600\" \/>\n<meta property=\"article:published_time\" content=\"2022-11-02T10:00:00+00:00\" \/>\n<meta property=\"article:modified_time\" content=\"2023-04-26T23:00:02+00:00\" \/>\n<meta property=\"og:image\" content=\"https:\/\/www.tui.com\/blog\/wp-content\/uploads\/2023\/04\/sizilien-favignana-trapani-ausflug.jpg\" \/>\n\t<meta property=\"og:image:width\" content=\"1400\" \/>\n\t<meta property=\"og:image:height\" content=\"788\" \/>\n\t<meta property=\"og:image:type\" content=\"image\/jpeg\" \/>\n<meta name=\"author\" content=\"TUI Bloggerin Janine\" \/>\n<meta name=\"twitter:card\" content=\"summary_large_image\" \/>\n<meta name=\"twitter:label1\" content=\"Verfasst von\" \/>\n\t<meta name=\"twitter:data1\" content=\"TUI Bloggerin Janine\" \/>\n\t<meta name=\"twitter:label2\" content=\"Gesch\u00e4tzte Lesezeit\" \/>\n\t<meta name=\"twitter:data2\" content=\"8\u00a0Minuten\" \/>\n<script type=\"application\/ld+json\" class=\"yoast-schema-graph\">{\"@context\":\"https:\\\/\\\/schema.org\",\"@graph\":[{\"@type\":\"BlogPosting\",\"@id\":\"https:\\\/\\\/www.tui.com\\\/blog\\\/favignana-der-schmetterling-im-meer\\\/#article\",\"isPartOf\":{\"@id\":\"https:\\\/\\\/www.tui.com\\\/blog\\\/favignana-der-schmetterling-im-meer\\\/\"},\"author\":{\"name\":\"TUI Bloggerin Janine\",\"@id\":\"https:\\\/\\\/www.tui.com\\\/blog\\\/#\\\/schema\\\/person\\\/095fbe15390e8b9532cd054232189d28\"},\"headline\":\"Favignana &#8211; Der Schmetterling im Meer\",\"datePublished\":\"2022-11-02T10:00:00+00:00\",\"dateModified\":\"2023-04-26T23:00:02+00:00\",\"mainEntityOfPage\":{\"@id\":\"https:\\\/\\\/www.tui.com\\\/blog\\\/favignana-der-schmetterling-im-meer\\\/\"},\"wordCount\":1054,\"commentCount\":0,\"publisher\":{\"@id\":\"https:\\\/\\\/www.tui.com\\\/blog\\\/#organization\"},\"image\":{\"@id\":\"https:\\\/\\\/www.tui.com\\\/blog\\\/favignana-der-schmetterling-im-meer\\\/#primaryimage\"},\"thumbnailUrl\":\"https:\\\/\\\/www.tui.com\\\/blog\\\/wp-content\\\/uploads\\\/2023\\\/04\\\/sizilien-favignana-trapani-ausflug.jpg\",\"keywords\":[\"Italien\",\"Rundreise\",\"Sizilien\",\"Sommerurlaub\"],\"articleSection\":[\"Italien\",\"Reisearten\",\"Reiseziele\",\"Urlaub am Meer\"],\"inLanguage\":\"de\",\"potentialAction\":[{\"@type\":\"CommentAction\",\"name\":\"Comment\",\"target\":[\"https:\\\/\\\/www.tui.com\\\/blog\\\/favignana-der-schmetterling-im-meer\\\/#respond\"]}]},{\"@type\":\"WebPage\",\"@id\":\"https:\\\/\\\/www.tui.com\\\/blog\\\/favignana-der-schmetterling-im-meer\\\/\",\"url\":\"https:\\\/\\\/www.tui.com\\\/blog\\\/favignana-der-schmetterling-im-meer\\\/\",\"name\":\"Favignana - Der Schmetterling im Meer - TUI.com Reiseblog \u2600\",\"isPartOf\":{\"@id\":\"https:\\\/\\\/www.tui.com\\\/blog\\\/#website\"},\"primaryImageOfPage\":{\"@id\":\"https:\\\/\\\/www.tui.com\\\/blog\\\/favignana-der-schmetterling-im-meer\\\/#primaryimage\"},\"image\":{\"@id\":\"https:\\\/\\\/www.tui.com\\\/blog\\\/favignana-der-schmetterling-im-meer\\\/#primaryimage\"},\"thumbnailUrl\":\"https:\\\/\\\/www.tui.com\\\/blog\\\/wp-content\\\/uploads\\\/2023\\\/04\\\/sizilien-favignana-trapani-ausflug.jpg\",\"datePublished\":\"2022-11-02T10:00:00+00:00\",\"dateModified\":\"2023-04-26T23:00:02+00:00\",\"description\":\"TUI Bloggerin Janine war in ihrem Sizilien Urlaub einen Tag auf der \u00c4gadischen Insel Favignana. Hier gibt es alle Tipps f\u00fcr deinen Kurztrip.\",\"breadcrumb\":{\"@id\":\"https:\\\/\\\/www.tui.com\\\/blog\\\/favignana-der-schmetterling-im-meer\\\/#breadcrumb\"},\"inLanguage\":\"de\",\"potentialAction\":[{\"@type\":\"ReadAction\",\"target\":[\"https:\\\/\\\/www.tui.com\\\/blog\\\/favignana-der-schmetterling-im-meer\\\/\"]}]},{\"@type\":\"ImageObject\",\"inLanguage\":\"de\",\"@id\":\"https:\\\/\\\/www.tui.com\\\/blog\\\/favignana-der-schmetterling-im-meer\\\/#primaryimage\",\"url\":\"https:\\\/\\\/www.tui.com\\\/blog\\\/wp-content\\\/uploads\\\/2023\\\/04\\\/sizilien-favignana-trapani-ausflug.jpg\",\"contentUrl\":\"https:\\\/\\\/www.tui.com\\\/blog\\\/wp-content\\\/uploads\\\/2023\\\/04\\\/sizilien-favignana-trapani-ausflug.jpg\",\"width\":1400,\"height\":788,\"caption\":\"Favignana Sizilien\"},{\"@type\":\"BreadcrumbList\",\"@id\":\"https:\\\/\\\/www.tui.com\\\/blog\\\/favignana-der-schmetterling-im-meer\\\/#breadcrumb\",\"itemListElement\":[{\"@type\":\"ListItem\",\"position\":1,\"name\":\"Startseite\",\"item\":\"https:\\\/\\\/www.tui.com\\\/blog\\\/\"},{\"@type\":\"ListItem\",\"position\":2,\"name\":\"Favignana &#8211; Der Schmetterling im Meer\"}]},{\"@type\":\"WebSite\",\"@id\":\"https:\\\/\\\/www.tui.com\\\/blog\\\/#website\",\"url\":\"https:\\\/\\\/www.tui.com\\\/blog\\\/\",\"name\":\"TUI.com Reiseblog \u2600\",\"description\":\"Abenteuer oder lieber an den Strand? \u2600 Der TUI Reiseblog bietet tolle Infos rund um deine n\u00e4chste Reise \u2708 Komm vorbei und lass dich inspirieren \u221a\",\"publisher\":{\"@id\":\"https:\\\/\\\/www.tui.com\\\/blog\\\/#organization\"},\"potentialAction\":[{\"@type\":\"SearchAction\",\"target\":{\"@type\":\"EntryPoint\",\"urlTemplate\":\"https:\\\/\\\/www.tui.com\\\/blog\\\/?s={search_term_string}\"},\"query-input\":{\"@type\":\"PropertyValueSpecification\",\"valueRequired\":true,\"valueName\":\"search_term_string\"}}],\"inLanguage\":\"de\"},{\"@type\":\"Organization\",\"@id\":\"https:\\\/\\\/www.tui.com\\\/blog\\\/#organization\",\"name\":\"TUI.com Reiseblog \u2600\",\"url\":\"https:\\\/\\\/www.tui.com\\\/blog\\\/\",\"logo\":{\"@type\":\"ImageObject\",\"inLanguage\":\"de\",\"@id\":\"https:\\\/\\\/www.tui.com\\\/blog\\\/#\\\/schema\\\/logo\\\/image\\\/\",\"url\":\"https:\\\/\\\/www.tui.com\\\/blog\\\/wp-content\\\/uploads\\\/2023\\\/04\\\/cropped-tui-logo-3.png\",\"contentUrl\":\"https:\\\/\\\/www.tui.com\\\/blog\\\/wp-content\\\/uploads\\\/2023\\\/04\\\/cropped-tui-logo-3.png\",\"width\":164,\"height\":72,\"caption\":\"TUI.com Reiseblog \u2600\"},\"image\":{\"@id\":\"https:\\\/\\\/www.tui.com\\\/blog\\\/#\\\/schema\\\/logo\\\/image\\\/\"}},{\"@type\":\"Person\",\"@id\":\"https:\\\/\\\/www.tui.com\\\/blog\\\/#\\\/schema\\\/person\\\/095fbe15390e8b9532cd054232189d28\",\"name\":\"TUI Bloggerin Janine\",\"image\":{\"@type\":\"ImageObject\",\"inLanguage\":\"de\",\"@id\":\"https:\\\/\\\/www.tui.com\\\/blog\\\/wp-content\\\/uploads\\\/2018\\\/05\\\/Janine_2-320x180.jpg\",\"url\":\"https:\\\/\\\/www.tui.com\\\/blog\\\/wp-content\\\/uploads\\\/2018\\\/05\\\/Janine_2-320x180.jpg\",\"contentUrl\":\"https:\\\/\\\/www.tui.com\\\/blog\\\/wp-content\\\/uploads\\\/2018\\\/05\\\/Janine_2-320x180.jpg\",\"caption\":\"TUI Bloggerin Janine\"},\"url\":\"https:\\\/\\\/www.tui.com\\\/blog\\\/author\\\/janine\\\/\"}]}<\/script>\n<!-- \/ Yoast SEO plugin. -->","yoast_head_json":{"title":"Favignana - Der Schmetterling im Meer - TUI.com Reiseblog \u2600","description":"TUI Bloggerin Janine war in ihrem Sizilien Urlaub einen Tag auf der \u00c4gadischen Insel Favignana. Hier gibt es alle Tipps f\u00fcr deinen Kurztrip.","robots":{"index":"index","follow":"follow","max-snippet":"max-snippet:-1","max-image-preview":"max-image-preview:large","max-video-preview":"max-video-preview:-1"},"canonical":"https:\/\/www.tui.com\/blog\/favignana-der-schmetterling-im-meer\/","og_locale":"de_DE","og_type":"article","og_title":"Favignana - Der Schmetterling im Meer - TUI.com Reiseblog \u2600","og_description":"TUI Bloggerin Janine war in ihrem Sizilien Urlaub einen Tag auf der \u00c4gadischen Insel Favignana. Hier gibt es alle Tipps f\u00fcr deinen Kurztrip.","og_url":"https:\/\/www.tui.com\/blog\/favignana-der-schmetterling-im-meer\/","og_site_name":"TUI.com Reiseblog \u2600","article_published_time":"2022-11-02T10:00:00+00:00","article_modified_time":"2023-04-26T23:00:02+00:00","og_image":[{"width":1400,"height":788,"url":"https:\/\/www.tui.com\/blog\/wp-content\/uploads\/2023\/04\/sizilien-favignana-trapani-ausflug.jpg","type":"image\/jpeg"}],"author":"TUI Bloggerin Janine","twitter_card":"summary_large_image","twitter_misc":{"Verfasst von":"TUI Bloggerin Janine","Gesch\u00e4tzte Lesezeit":"8\u00a0Minuten"},"schema":{"@context":"https:\/\/schema.org","@graph":[{"@type":"BlogPosting","@id":"https:\/\/www.tui.com\/blog\/favignana-der-schmetterling-im-meer\/#article","isPartOf":{"@id":"https:\/\/www.tui.com\/blog\/favignana-der-schmetterling-im-meer\/"},"author":{"name":"TUI Bloggerin Janine","@id":"https:\/\/www.tui.com\/blog\/#\/schema\/person\/095fbe15390e8b9532cd054232189d28"},"headline":"Favignana &#8211; Der Schmetterling im Meer","datePublished":"2022-11-02T10:00:00+00:00","dateModified":"2023-04-26T23:00:02+00:00","mainEntityOfPage":{"@id":"https:\/\/www.tui.com\/blog\/favignana-der-schmetterling-im-meer\/"},"wordCount":1054,"commentCount":0,"publisher":{"@id":"https:\/\/www.tui.com\/blog\/#organization"},"image":{"@id":"https:\/\/www.tui.com\/blog\/favignana-der-schmetterling-im-meer\/#primaryimage"},"thumbnailUrl":"https:\/\/www.tui.com\/blog\/wp-content\/uploads\/2023\/04\/sizilien-favignana-trapani-ausflug.jpg","keywords":["Italien","Rundreise","Sizilien","Sommerurlaub"],"articleSection":["Italien","Reisearten","Reiseziele","Urlaub am Meer"],"inLanguage":"de","potentialAction":[{"@type":"CommentAction","name":"Comment","target":["https:\/\/www.tui.com\/blog\/favignana-der-schmetterling-im-meer\/#respond"]}]},{"@type":"WebPage","@id":"https:\/\/www.tui.com\/blog\/favignana-der-schmetterling-im-meer\/","url":"https:\/\/www.tui.com\/blog\/favignana-der-schmetterling-im-meer\/","name":"Favignana - Der Schmetterling im Meer - TUI.com Reiseblog \u2600","isPartOf":{"@id":"https:\/\/www.tui.com\/blog\/#website"},"primaryImageOfPage":{"@id":"https:\/\/www.tui.com\/blog\/favignana-der-schmetterling-im-meer\/#primaryimage"},"image":{"@id":"https:\/\/www.tui.com\/blog\/favignana-der-schmetterling-im-meer\/#primaryimage"},"thumbnailUrl":"https:\/\/www.tui.com\/blog\/wp-content\/uploads\/2023\/04\/sizilien-favignana-trapani-ausflug.jpg","datePublished":"2022-11-02T10:00:00+00:00","dateModified":"2023-04-26T23:00:02+00:00","description":"TUI Bloggerin Janine war in ihrem Sizilien Urlaub einen Tag auf der \u00c4gadischen Insel Favignana. Hier gibt es alle Tipps f\u00fcr deinen Kurztrip.","breadcrumb":{"@id":"https:\/\/www.tui.com\/blog\/favignana-der-schmetterling-im-meer\/#breadcrumb"},"inLanguage":"de","potentialAction":[{"@type":"ReadAction","target":["https:\/\/www.tui.com\/blog\/favignana-der-schmetterling-im-meer\/"]}]},{"@type":"ImageObject","inLanguage":"de","@id":"https:\/\/www.tui.com\/blog\/favignana-der-schmetterling-im-meer\/#primaryimage","url":"https:\/\/www.tui.com\/blog\/wp-content\/uploads\/2023\/04\/sizilien-favignana-trapani-ausflug.jpg","contentUrl":"https:\/\/www.tui.com\/blog\/wp-content\/uploads\/2023\/04\/sizilien-favignana-trapani-ausflug.jpg","width":1400,"height":788,"caption":"Favignana Sizilien"},{"@type":"BreadcrumbList","@id":"https:\/\/www.tui.com\/blog\/favignana-der-schmetterling-im-meer\/#breadcrumb","itemListElement":[{"@type":"ListItem","position":1,"name":"Startseite","item":"https:\/\/www.tui.com\/blog\/"},{"@type":"ListItem","position":2,"name":"Favignana &#8211; Der Schmetterling im Meer"}]},{"@type":"WebSite","@id":"https:\/\/www.tui.com\/blog\/#website","url":"https:\/\/www.tui.com\/blog\/","name":"TUI.com Reiseblog \u2600","description":"Abenteuer oder lieber an den Strand? \u2600 Der TUI Reiseblog bietet tolle Infos rund um deine n\u00e4chste Reise \u2708 Komm vorbei und lass dich inspirieren \u221a","publisher":{"@id":"https:\/\/www.tui.com\/blog\/#organization"},"potentialAction":[{"@type":"SearchAction","target":{"@type":"EntryPoint","urlTemplate":"https:\/\/www.tui.com\/blog\/?s={search_term_string}"},"query-input":{"@type":"PropertyValueSpecification","valueRequired":true,"valueName":"search_term_string"}}],"inLanguage":"de"},{"@type":"Organization","@id":"https:\/\/www.tui.com\/blog\/#organization","name":"TUI.com Reiseblog \u2600","url":"https:\/\/www.tui.com\/blog\/","logo":{"@type":"ImageObject","inLanguage":"de","@id":"https:\/\/www.tui.com\/blog\/#\/schema\/logo\/image\/","url":"https:\/\/www.tui.com\/blog\/wp-content\/uploads\/2023\/04\/cropped-tui-logo-3.png","contentUrl":"https:\/\/www.tui.com\/blog\/wp-content\/uploads\/2023\/04\/cropped-tui-logo-3.png","width":164,"height":72,"caption":"TUI.com Reiseblog \u2600"},"image":{"@id":"https:\/\/www.tui.com\/blog\/#\/schema\/logo\/image\/"}},{"@type":"Person","@id":"https:\/\/www.tui.com\/blog\/#\/schema\/person\/095fbe15390e8b9532cd054232189d28","name":"TUI Bloggerin Janine","image":{"@type":"ImageObject","inLanguage":"de","@id":"https:\/\/www.tui.com\/blog\/wp-content\/uploads\/2018\/05\/Janine_2-320x180.jpg","url":"https:\/\/www.tui.com\/blog\/wp-content\/uploads\/2018\/05\/Janine_2-320x180.jpg","contentUrl":"https:\/\/www.tui.com\/blog\/wp-content\/uploads\/2018\/05\/Janine_2-320x180.jpg","caption":"TUI Bloggerin Janine"},"url":"https:\/\/www.tui.com\/blog\/author\/janine\/"}]}},"_links":{"self":[{"href":"https:\/\/www.tui.com\/blog\/wp-json\/wp\/v2\/posts\/197422","targetHints":{"allow":["GET"]}}],"collection":[{"href":"https:\/\/www.tui.com\/blog\/wp-json\/wp\/v2\/posts"}],"about":[{"href":"https:\/\/www.tui.com\/blog\/wp-json\/wp\/v2\/types\/post"}],"author":[{"embeddable":true,"href":"https:\/\/www.tui.com\/blog\/wp-json\/wp\/v2\/users\/122"}],"replies":[{"embeddable":true,"href":"https:\/\/www.tui.com\/blog\/wp-json\/wp\/v2\/comments?post=197422"}],"version-history":[{"count":1,"href":"https:\/\/www.tui.com\/blog\/wp-json\/wp\/v2\/posts\/197422\/revisions"}],"predecessor-version":[{"id":197448,"href":"https:\/\/www.tui.com\/blog\/wp-json\/wp\/v2\/posts\/197422\/revisions\/197448"}],"wp:featuredmedia":[{"embeddable":true,"href":"https:\/\/www.tui.com\/blog\/wp-json\/wp\/v2\/media\/197450"}],"wp:attachment":[{"href":"https:\/\/www.tui.com\/blog\/wp-json\/wp\/v2\/media?parent=197422"}],"wp:term":[{"taxonomy":"category","embeddable":true,"href":"https:\/\/www.tui.com\/blog\/wp-json\/wp\/v2\/categories?post=197422"},{"taxonomy":"post_tag","embeddable":true,"href":"https:\/\/www.tui.com\/blog\/wp-json\/wp\/v2\/tags?post=197422"}],"curies":[{"name":"wp","href":"https:\/\/api.w.org\/{rel}","templated":true}]}}