{"id":197984,"date":"2022-12-09T11:00:00","date_gmt":"2022-12-09T10:00:00","guid":{"rendered":"https:\/\/blog.tui.info\/nachhaltige-staedtereise-kopenhagen-mit-dem-zug\/"},"modified":"2025-05-15T00:21:55","modified_gmt":"2025-05-14T22:21:55","slug":"nachhaltige-staedtereise-kopenhagen-mit-dem-zug","status":"publish","type":"post","link":"https:\/\/www.tui.com\/blog\/nachhaltige-staedtereise-kopenhagen-mit-dem-zug\/","title":{"rendered":"Kopenhagen mit dem Zug"},"content":{"rendered":"<div class=\"lazyblock-intro-Z17Ra3w wp-block-lazyblock-intro\"> <div style=\"color: #4C4C4C, margin-bottom: 18px\">\n    <span style=\"font-size:24px\">Die nordischen L\u00e4nder geh\u00f6ren zu meinen allerliebsten Reisezielen. Schweden hat als meine zweite Heimat einen besonderen Platz in meinem Herzen, aber auch Norwegen und Finnland gefallen mir auf meinen Reisen jedes Mal aufs Neue. D\u00e4nemark steht nun schon l\u00e4nger auf meiner Bucket List und heute berichte ich euch von meiner St\u00e4dtereise nach Kopenhagen.<\/span>\n    <br>\n    <br>\n <\/div><\/div>\n\n\n<p>Mitte Juni dieses Jahres, \u00fcber <strong>Midsommar<\/strong>, geht es f\u00fcr mich mit meinem Schwedisch-Sprachkurs eine Woche in den Westen Schwedens. Warum nicht mal mit dem Zug in den Norden fahren und sich vorher noch <a href=\"https:\/\/www.tui.com\/staedtereisen\/kopenhagen\/\" target=\"_blank\" rel=\"noreferrer noopener\">Kopenhagen<\/a> anschauen? Schnell ist die Zugfahrt von Berlin aus gebucht.<\/p>\n\n\n\n<p>Mit dem <strong>Sn\u00e4llt\u00e5g<\/strong>, einem schwedischen Bahnunternehmen, geht es also Mitte Juni von Berlin aus \u00fcber Hamburg bis nach <a href=\"https:\/\/www.tui.com\/pauschalreisen\/schweden\/malmoe\/\" target=\"_blank\" rel=\"noreferrer noopener\">Malm\u00f6<\/a>, einer Stadt im S\u00fcden Schwedens. Hier muss ich in den <strong>\u00d6resundzug<\/strong> umsteigen, um \u00fcber die \u00d6resundbr\u00fccke wieder zur\u00fcck nach Kopenhagen zu fahren, da der Sn\u00e4llt\u00e5g leider von Deutschland aus nicht in Kopenhagen direkt h\u00e4lt.<\/p>\n\n\n\n<figure class=\"wp-block-gallery has-nested-images columns-default is-cropped wp-block-gallery-1 is-layout-flex wp-block-gallery-is-layout-flex\">\n<figure class=\"wp-block-image size-large\"><img decoding=\"async\" width=\"760\" height=\"420\" data-id=\"90468\" src=\"https:\/\/www.tui.com\/blog\/wp-content\/uploads\/2023\/04\/nachhaltiger-urlaub-kopenhagen-mit-dem-zug-shutterstock-1115192045-joyfull.jpg\" alt=\"Nachhaltiger Urlaub: Kopenhagen mit dem Zug\" class=\"wp-image-90468\"\/><figcaption class=\"wp-element-caption\">Nachhaltiger Urlaub: Kopenhagen mit dem Zug (Shutterstock\/joyfull)<\/figcaption><\/figure>\n<\/figure>\n\n\n\n<h2 class=\"wp-block-heading\">Ankunft in Kopenhagen<\/h2>\n\n\n\n<p>Nach circa 10 Stunden im Schlafwagen komme ich morgens um 7.30 Uhr in Malm\u00f6 an und eine knappe halbe Stunde sp\u00e4ter an meinem Ziel <a href=\"https:\/\/www.tui.com\/staedtereisen\/kopenhagen\/\" target=\"_blank\" rel=\"noreferrer noopener\">Kopenhagen<\/a>. Die Stadt begr\u00fc\u00dft mich mit Sonnenschein und angenehmen Temperaturen. Ich buche mir \u00fcber <a href=\"https:\/\/www.tui.com\/hotels\/daenemark\/kopenhagen\/\" target=\"_blank\" rel=\"noreferrer noopener\">tui.com<\/a> ein Hostel in Innenstadtn\u00e4he, wo ich erstmal mein Gep\u00e4ck ablade.<\/p>\n\n\n\n<p>Das <a href=\"https:\/\/www.tui.com\/hotels\/steel-house-copenhagen-677960\/hotelinformation\/\" target=\"_blank\" rel=\"noreferrer noopener\">Steel House Copenhagen<\/a> ist zu Fu\u00df nur 10 Minuten vom Hauptbahnhof entfernt und verf\u00fcgt \u00fcber 253 Zimmer. Sehr modern eingerichtet und gro\u00dfz\u00fcgig geschnitten, bietet es neben einem Caf\u00e9 und einem gro\u00dfz\u00fcgigen Aufenthaltsbereich nat\u00fcrlich auch eine K\u00fcche sowie einen Pool und ein Fitnessstudio, die ich gegen Geb\u00fchr benutzen kann. Ich entscheide mich f\u00fcr einen 6er Frauenschlafsaal und bin damit sehr zufrieden. Es gibt ein eigenes Bad im Zimmer sowie Schlie\u00dff\u00e4cher f\u00fcr die Wertsachen. Die Betten sind wie kleine Kojen gestaltet, die trotz des gro\u00dfen Zimmers genug Privatsph\u00e4re bieten.<\/p>\n\n\n\n<h2 class=\"wp-block-heading\">Tag 1: Zwischen d\u00e4nischen Promis und Zimtschnecken<\/h2>\n\n\n\n<p>F\u00fcr mich geht es jetzt fr\u00fchst\u00fccken direkt im Caf\u00e9 des Hostels. Gest\u00e4rkt mit Kaffee und Croissant mache ich mich danach auf den Weg, die Stadt ein wenig zu erkunden. Mein erster Gang f\u00fchrt mich entlang der Kopenhagener Seen nach <strong>N\u00f8rrebro<\/strong>, dem Kreuzberg Kopenhagens. Einer der ersten Stopps ist der <strong>Assistens kirkeg\u00e5rd<\/strong>, ein sehr sch\u00f6n angelegter Friedhof, auf denen sich die Gr\u00e4ber einiger d\u00e4nischer Ikonen, wie zum Beispiel von Hans Christian Andersen, wiederfinden.<\/p>\n\n\n\n<p>Er wird von den Einheimischen eher als Park genutzt. \u00dcberall sehe ich kleine Gruppen von Menschen, die auf den Gr\u00fcnfl\u00e4chen picknicken. Nach einem Spaziergang \u00fcber den Friedhof zieht es mich weiter in die <strong>J\u00e6gersborggade<\/strong>, eine sehr malerische Stra\u00dfe mit Kopfsteinpflaster, in der sich mehrere Caf\u00e9s und nette, teilweise kuriose Souvenirl\u00e4den befinden. Bei <strong>Meyers Bageri<\/strong> esse ich die wohl leckerste Zimtschnecke meines Lebens \u2013 fluffig und noch leicht warm, wirklich ein Traum!<\/p>\n\n\n\n<figure class=\"wp-block-gallery has-nested-images columns-default is-cropped wp-block-gallery-2 is-layout-flex wp-block-gallery-is-layout-flex\">\n<figure class=\"wp-block-image size-large\"><img decoding=\"async\" width=\"311\" height=\"563\" data-id=\"90432\" src=\"https:\/\/www.tui.com\/blog\/wp-content\/uploads\/2023\/04\/Norrebro-neu-311x563.jpg\" alt=\"D\u00e4nemark Kopenhagen Norrebro\" class=\"wp-image-90432\"\/><figcaption class=\"wp-element-caption\">N\u00f8rrebro<\/figcaption><\/figure>\n\n\n\n<figure class=\"wp-block-image size-large\"><img decoding=\"async\" width=\"311\" height=\"563\" data-id=\"90431\" src=\"https:\/\/www.tui.com\/blog\/wp-content\/uploads\/2023\/04\/Meyers-Bageri-neu-311x563.jpg\" alt=\"D\u00e4nemark Kopenhagen Gesch\u00e4ft Meyers Bageri B\u00e4ckerei\" class=\"wp-image-90431\"\/><figcaption class=\"wp-element-caption\">Hier gibt es leckere Zimtschnecken<\/figcaption><\/figure>\n\n\n\n<figure class=\"wp-block-image size-large\"><img decoding=\"async\" width=\"311\" height=\"563\" data-id=\"90430\" src=\"https:\/\/www.tui.com\/blog\/wp-content\/uploads\/2023\/04\/Laden-Jaegerborggade-neu-311x563.jpg\" alt=\"D\u00e4nemark Kopenhagen Schmuck\" class=\"wp-image-90430\"\/><figcaption class=\"wp-element-caption\">Kurioser Schmuck im Schaufenster auf der J\u00e6gersborggade <\/figcaption><\/figure>\n<\/figure>\n\n\n\n<figure class=\"wp-block-gallery has-nested-images columns-default is-cropped wp-block-gallery-3 is-layout-flex wp-block-gallery-is-layout-flex\">\n<figure class=\"wp-block-image size-large\"><img decoding=\"async\" width=\"760\" height=\"420\" data-id=\"90429\" src=\"https:\/\/www.tui.com\/blog\/wp-content\/uploads\/2023\/04\/Laden-Jaegerborggade-2-neu.jpg\" alt=\"D\u00e4nemark Kopenhagen Blumengesch\u00e4ft Jaegerborggade\" class=\"wp-image-90429\"\/><figcaption class=\"wp-element-caption\">Ein Blumengesch\u00e4ft auf der J\u00e6gersborggade<\/figcaption><\/figure>\n<\/figure>\n\n\n\n<h3 class=\"wp-block-heading\">Vintage Shopping ohne Ende<\/h3>\n\n\n\n<p>Als gro\u00dfer Fan von Second Hand Mode darf nat\u00fcrlich der Besuch einiger Vintage L\u00e4den nicht fehlen. Empfehlen kann ich euch <strong>Hjerte Genbrug<\/strong> in der Norrebrogade, wo es eine sehr sch\u00f6ne Auswahl an Second Hand Kleidung, Haushaltsgegenst\u00e4nden, B\u00fcchern und vielem mehr zu einem sehr g\u00fcnstigen Preis gibt. Wenn ihr etwas mehr Auswahl m\u00f6chtet, ist der <strong>Red Cross Op Shop<\/strong> in der F\u00e6lledvej die richtige Anlaufstelle. Hier verteilen sich die gebrauchten Sch\u00e4tze \u00fcber zwei Etagen und sind wirklich sehr gut sortiert.<\/p>\n\n\n\n<p>Am n\u00e4chsten Tag gehe ich noch zu <strong>Prag<\/strong> in Vesterbro. Hier findet ihr viele Vintage Kleidungsst\u00fccke, die dann schon etwas teurer, daf\u00fcr aber echt einzigartig sind. Im Laden <strong>Episode<\/strong> im Stadtzentrum nahe des Rathauses findet ihr Second Hand Kleidung en Masse \u2013 hier gibt es wirklich alles, was das Herz begehrt und Kleidung in allen Gr\u00f6\u00dfen, Formen und Farben.<\/p>\n\n\n\n<p>Den Tag mit viel Laufen, Gucken und Verarbeiten der ersten Eindr\u00fccke lasse ich im Restaurant <strong>M\u00e6xico N\u00f8rrebro <\/strong>bei sehr leckeren Tacos ausklingen.<\/p>\n\n\n\n<figure class=\"wp-block-gallery has-nested-images columns-default is-cropped wp-block-gallery-4 is-layout-flex wp-block-gallery-is-layout-flex\">\n<figure class=\"wp-block-image size-large\"><img decoding=\"async\" width=\"760\" height=\"420\" data-id=\"90427\" src=\"https:\/\/www.tui.com\/blog\/wp-content\/uploads\/2023\/04\/Kopenhagener-Seen-2-neu.jpg\" alt=\"D\u00e4nemark Kopenhagen ein sch\u00f6ner See\" class=\"wp-image-90427\"\/><figcaption class=\"wp-element-caption\">Entlang der sch\u00f6nen Kopenhagener Seen nach N\u00f8rrebro<\/figcaption><\/figure>\n<\/figure>\n\n\n\n<h2 class=\"wp-block-heading\">Tag 2: Meine Free Walking Tour durch Kopenhagen<\/h2>\n\n\n\n<p>Am n\u00e4chsten Tag steht nach dem Fr\u00fchst\u00fcck im Hostel ein wenig mehr Sightseeing an. Schnell merke ich, dass <a href=\"https:\/\/www.tui.com\/staedtereisen\/kopenhagen\/\" target=\"_blank\" rel=\"noreferrer noopener\">Kopenhagen <\/a>auf jeden Fall zu den teureren St\u00e4dten geh\u00f6rt. Ich entscheide mich deshalb f\u00fcr eine Free Walking Tour, um ein wenig Geld zu sparen. Touren dieser Art mache ich sehr gerne auf St\u00e4dtereisen mit, da die Guides meist sehr viel Wissen \u00fcber ihre Stadt haben und dies oft auf sehr witzige Art und Weise vermitteln k\u00f6nnen. An sich sind diese Touren erstmal gratis, es ist aber \u00fcblich, den Guides ein angemessenes Trinkgeld zu geben. Mein Guide Wayne ist geb\u00fcrtiger Australier und f\u00fchrt uns in einer Gruppe von circa zehn Personen knapp zwei Stunden an den wichtigsten Wahrzeichen der Stadt vorbei.<\/p>\n\n\n\n<p>Wir sehen das Rathaus, den ehemaligen Handelshafen <strong>Nyhavn<\/strong> mit seinen bunten H\u00e4usern, Schloss<strong> Christiansborg<\/strong>, wo heute das Parlament sitzt, und vieles mehr. Neben historischen Fakten und der Entstehungsgeschichte Kopenhagens lernen wir unter anderem die Herkunft des Namens Bluetooth, was die d\u00e4nische K\u00f6nigin Margarete mit Herr der Ringe zu tun hat, woher der Name des Bieres Karlsberg stammt und wie wir jemanden auf D\u00e4nisch richtig begr\u00fc\u00dfen. <\/p>\n\n\n\n<p>Das Ende der Tour ist auf dem <strong>Amalienborg Slotsplads<\/strong>, wo die K\u00f6nigsfamilie residiert. Nur knapp einen Kilometer n\u00f6rdlich befindet sich das Wahrzeichen der Stadt, die <strong>kleine Meerjungfrau<\/strong>, die auf einem Stein im Wasser sitzt. Im Anschluss an die Tour mache ich mich auf den Weg dorthin. Die Sitzfigur auf einem Findling hat ihr Vorbild in dem gleichnamigen M\u00e4rchen des d\u00e4nischen Dichters Hans Christian Andersen und ist ein Touristenmagnet.<\/p>\n\n\n\n<figure class=\"wp-block-gallery has-nested-images columns-default is-cropped wp-block-gallery-5 is-layout-flex wp-block-gallery-is-layout-flex\">\n<figure class=\"wp-block-image size-large\"><img decoding=\"async\" width=\"760\" height=\"420\" data-id=\"90426\" src=\"https:\/\/www.tui.com\/blog\/wp-content\/uploads\/2023\/04\/Kleine-Meerjungfrau-neu.jpg\" alt=\"D\u00e4nemark Kopenhagen Wasser kleine Meerjungfrau\" class=\"wp-image-90426\"\/><figcaption class=\"wp-element-caption\">Das Wahrzeichen von Kopenhagen: die kleine Meerjungfrau<\/figcaption><\/figure>\n<\/figure>\n\n\n\n<p>So langsam bekomme ich Hunger. Und was darf bei einem Aufenthalt in D\u00e4nemark nicht fehlen? Genau, das typische <strong>Sm\u00f8rrebr\u00f8d<\/strong>. Auf Rat unseres Guides geht es deshalb f\u00fcr mich in die <strong>Torvehallerne<\/strong>, eine Food-Halle in der N\u00e4he des Botanischen Gartens. Hier bin ich wirklich im Schlaraffenland gelandet! St\u00e4nde, die frische Pizza und Pasta verkauften, Obst, Gem\u00fcse, frischer Fisch, Backwaren, Eis, Kaffee, Pralinen \u2013 ich wei\u00df gar nicht, wohin ich zuerst gucken soll.<\/p>\n\n\n\n<p>Meine Wahl f\u00e4llt auf Empfehlung von Wayne auf <strong>Hallernes Sm\u00f8rrebr\u00f8d<\/strong>, die eine riesige Auswahl an <strong>Sm\u00f8rrebr\u00f8d<\/strong> haben. Ich entscheide mich f\u00fcr Lachs und genie\u00dfe mein Mittagessen in der Sonne. Als Nachtisch gibt es noch ein s\u00fc\u00dfes Teilchen vom B\u00e4cker nebenan und einen Eiskaffee dazu, herrlich!<\/p>\n\n\n\n<figure class=\"wp-block-gallery has-nested-images columns-default is-cropped wp-block-gallery-6 is-layout-flex wp-block-gallery-is-layout-flex\">\n<figure class=\"wp-block-image size-large\"><img decoding=\"async\" width=\"311\" height=\"563\" data-id=\"90435\" src=\"https:\/\/www.tui.com\/blog\/wp-content\/uploads\/2023\/04\/Smoerrebroed-neu-311x563.jpg\" alt=\"D\u00e4nemark Kopenhagen Vitrine mit Sm\u00f6rrebr\u00f6d\" class=\"wp-image-90435\"\/><figcaption class=\"wp-element-caption\">Eine Auswahl an Sm\u00f8rrebr\u00f8d<\/figcaption><\/figure>\n\n\n\n<figure class=\"wp-block-image size-large\"><img decoding=\"async\" width=\"311\" height=\"563\" data-id=\"90436\" src=\"https:\/\/www.tui.com\/blog\/wp-content\/uploads\/2023\/04\/Tavernehallerne-2-neu-311x563.jpg\" alt=\"D\u00e4nemark Kopenhagen Taverne Halle\" class=\"wp-image-90436\"\/><figcaption class=\"wp-element-caption\">Schlaraffenland: die Food-Halle<\/figcaption><\/figure>\n\n\n\n<figure class=\"wp-block-image size-large\"><img decoding=\"async\" width=\"311\" height=\"563\" data-id=\"90438\" src=\"https:\/\/www.tui.com\/blog\/wp-content\/uploads\/2023\/04\/Tavernehallerne-neu-311x563.jpg\" alt=\"D\u00e4nemark Kopenhagen Obst und Gem\u00fcse Stand\" class=\"wp-image-90438\"\/><figcaption class=\"wp-element-caption\">Frisches Obst und Gem\u00fcse<\/figcaption><\/figure>\n<\/figure>\n\n\n\n<figure class=\"wp-block-gallery has-nested-images columns-default is-cropped wp-block-gallery-7 is-layout-flex wp-block-gallery-is-layout-flex\">\n<figure class=\"wp-block-image size-large\"><img decoding=\"async\" width=\"760\" height=\"420\" data-id=\"90437\" src=\"https:\/\/www.tui.com\/blog\/wp-content\/uploads\/2023\/04\/Tavernehallerne-3-neu.jpg\" alt=\"D\u00e4nemark Kopenhagen bunte Trockenblumen\" class=\"wp-image-90437\"\/><figcaption class=\"wp-element-caption\">Bunte Trockenblumen in der Torvehallerne<\/figcaption><\/figure>\n<\/figure>\n\n\n\n<h2 class=\"wp-block-heading\">Tag 3: Mit dem Fahrrad nach Christiania<\/h2>\n\n\n\n<p>Nach dem vielen Laufen am ersten und zweiten Tag entscheide ich mich am letzten Tag meiner Reise, die Stadt mit dem Fahrrad ein bisschen mehr zu erkunden. Zum Fr\u00fchst\u00fccken geht es f\u00fcr mich ins <strong>Caf\u00e9 KAF <\/strong>in<strong> N\u00f8rrebro<\/strong>, wo es vegane Schlemmereien, Kaffee und Tee, Kuchen und Geb\u00e4ck gibt. Gut ges\u00e4ttigt fahre ich dann im leichten Nieselregen mit dem Rad weiter Richtung Osten mit dem Ziel Christianshavn, dem autonomen Bezirk mitten in Kopenhagen. Zuerst geht es rauf auf den spiralf\u00f6rmigen Kirchturm der Vor Frelsers Kirke, von wo aus ich einen wunderbaren Blick auf die <strong>Freistadt<\/strong> <strong>Christiania, <\/strong>wie Christianshavn auch genannt wird, habe.<\/p>\n\n\n\n<figure class=\"wp-block-gallery has-nested-images columns-default is-cropped wp-block-gallery-8 is-layout-flex wp-block-gallery-is-layout-flex\">\n<figure class=\"wp-block-image size-large\"><img decoding=\"async\" width=\"311\" height=\"563\" data-id=\"90421\" src=\"https:\/\/www.tui.com\/blog\/wp-content\/uploads\/2023\/04\/cafe-kaf-neu-311x563.jpg\" alt=\"D\u00e4nemark Kopenhagen Cafe Kaf Fr\u00fchst\u00fccksteller\" class=\"wp-image-90421\"\/><figcaption class=\"wp-element-caption\">Mein Fr\u00fchst\u00fcck im Cafe KAF<\/figcaption><\/figure>\n\n\n\n<figure class=\"wp-block-image size-large\"><img decoding=\"async\" width=\"311\" height=\"563\" data-id=\"90423\" src=\"https:\/\/www.tui.com\/blog\/wp-content\/uploads\/2023\/04\/Eingang-Christiana-2-neu-311x563.jpg\" alt=\"D\u00e4nemark Kopenhagen der Eingang zum Bezirk Christiana\" class=\"wp-image-90423\"\/><figcaption class=\"wp-element-caption\">Eingang zum Bezirk Christiania<\/figcaption><\/figure>\n\n\n\n<figure class=\"wp-block-image size-large\"><img decoding=\"async\" width=\"311\" height=\"563\" data-id=\"90424\" src=\"https:\/\/www.tui.com\/blog\/wp-content\/uploads\/2023\/04\/Eingang-Christiana-neu-311x563.jpg\" alt=\"D\u00e4nemark Kopenhagen Eingang Christiana\" class=\"wp-image-90424\"\/><figcaption class=\"wp-element-caption\">Graffiti Christiania<\/figcaption><\/figure>\n<\/figure>\n\n\n\n<figure class=\"wp-block-gallery has-nested-images columns-default is-cropped wp-block-gallery-9 is-layout-flex wp-block-gallery-is-layout-flex\">\n<figure class=\"wp-block-image size-large\"><img decoding=\"async\" width=\"760\" height=\"420\" data-id=\"90422\" src=\"https:\/\/www.tui.com\/blog\/wp-content\/uploads\/2023\/04\/Christiana-Graffiti-neu.jpg\" alt=\"D\u00e4nemark Kopenhagen Haus mit Graffiti\" class=\"wp-image-90422\"\/><figcaption class=\"wp-element-caption\">Bunt angemalte H\u00e4user auf dem ehemaligen Milit\u00e4rgel\u00e4nde<\/figcaption><\/figure>\n<\/figure>\n\n\n\n<p>Die alternative Wohnsiedlung gibt es seit den 1970er Jahren und ist eine staatlich geduldete autonome Gemeinde. Hier gibt es auf 34 Hektar ehemaligem Milit\u00e4rgel\u00e4nde bunt angemalte Kasernen zu betrachten, in denen K\u00fcnstler in Galerien ihre Kunst verkaufen. Weiterhin findet ihr Caf\u00e9s und Restaurants und auch Veranstaltungen finden hier statt. <\/p>\n\n\n\n<p>Nicht wundern: Marihuana ist hier toleriert und wird an einigen kleinen St\u00e4nden gleich am Eingang der Freistadt an Interessenten verkauft &#8211; dementsprechend riecht es nat\u00fcrlich. Ich lasse mich hier einfach ein bisschen treiben. Eine gro\u00dfe Spazierrunde Richtung Norden f\u00fchrt mich vorbei an Graffitis, Pferdest\u00e4llen und H\u00e4usern mit gro\u00dfz\u00fcgigen Gem\u00fcsebeeten \u2013 sehr anders als der Rest von Kopenhagen, aber auf jeden Fall einen Besuch wert!<\/p>\n\n\n\n<p>Zum Mittag radele ich an die Nordspitze ins ehemalige Industriegebiet <strong>Refshale\u00f8en<\/strong>, um auf dem Food Market <strong>Reffen<\/strong> meine Mittagspause zu verbringen. Hier gibt es etliche St\u00e4nde mit K\u00f6stlichkeiten aus aller Welt. Meine Wahl f\u00e4llt nach dem \u00fcppigen Fr\u00fchst\u00fcck am Morgen auf <strong>Borani Bonjan<\/strong> aus Afghanistan, Aubergine in Tomatenso\u00dfe mit Joghurt und Minze.<\/p>\n\n\n\n<figure class=\"wp-block-gallery has-nested-images columns-default is-cropped wp-block-gallery-10 is-layout-flex wp-block-gallery-is-layout-flex\">\n<figure class=\"wp-block-image size-large\"><img decoding=\"async\" width=\"760\" height=\"420\" data-id=\"90434\" src=\"https:\/\/www.tui.com\/blog\/wp-content\/uploads\/2023\/04\/Reffen-2-neu.jpg\" alt=\"D\u00e4nemark Kopenhagen Reffen\" class=\"wp-image-90434\"\/><figcaption class=\"wp-element-caption\">Der Food Market Reffen im ehemaligen Industriegebiet<\/figcaption><\/figure>\n<\/figure>\n\n\n\n<p>Da es den ganzen Tag am Regnen ist und ich etwas durchgefroren bin, gehe ich nach einer Teepause im Hostel noch ins Kino. Das <strong>Vester Vov Vov<\/strong> in der <strong>Absalonsgade<\/strong> liegt nur wenige Minuten vom Steelhouse Copenhagen entfernt und zeigt internationale Filme mit englischen Untertiteln. Meine Wahl f\u00e4llt auf den norwegischen Film <strong>Verdens verste menneske<\/strong>, der auf Deutsch \u201eDer schlechteste Mensch der Welt\u201c hei\u00dft. Als Abschluss des Abends g\u00f6nne ich mir Fish &amp; Chips in der <strong>Tivoli Foodhall<\/strong>, die sich direkt am ber\u00fchmten <strong>Tivoli<\/strong>, einem Vergn\u00fcgungspark aus dem 19. Jahrhundert, befindet.<\/p>\n\n\n\n<figure class=\"wp-block-gallery has-nested-images columns-default is-cropped wp-block-gallery-11 is-layout-flex wp-block-gallery-is-layout-flex\">\n<figure class=\"wp-block-image size-large\"><img decoding=\"async\" width=\"760\" height=\"420\" data-id=\"90439\" src=\"https:\/\/www.tui.com\/blog\/wp-content\/uploads\/2023\/04\/Vester-Vov-Vov-neu.jpg\" alt=\"D\u00e4nemark Kopenhagen Vester Vov Vov\" class=\"wp-image-90439\"\/><figcaption class=\"wp-element-caption\">Blick auf das Kino Vester Vov Vov<\/figcaption><\/figure>\n<\/figure>\n\n\n\n<h3 class=\"wp-block-heading\">Nach der Reise ist vor der Reise: Von Kopenhagen zum Midsommar-Sprachkurs<\/h3>\n\n\n\n<p>Am n\u00e4chsten Morgen fahre ich mit dem Zug weiter von <a href=\"https:\/\/www.tui.com\/staedtereisen\/kopenhagen\/\" target=\"_blank\" rel=\"noreferrer noopener\">Kopenhagen<\/a> \u00fcber Malm\u00f6 und G\u00f6teborg bis nach V\u00e4rmland im Westen Schwedens, wo ich <strong>Midsommar<\/strong> mit meinem Sprachkurs verbringe. Nach knapp anderthalb Wochen D\u00e4nemark und Schweden geht es f\u00fcr mich dann auch wieder mit dem Nachtzug mit zwei Zwischenstopps knappe 18 Stunden zur\u00fcck nach Berlin.<\/p>\n\n\n\n<h2 class=\"wp-block-heading\">Mein pers\u00f6nliches Resum\u00e9<\/h2>\n\n\n\n<p>Kopenhagen, vor allem im Sommer, gef\u00e4llt mir wirklich sehr! Vieles ist gut mit dem Fahrrad erreichbar, die vielf\u00e4ltigen Essensm\u00f6glichkeiten sind allesamt super lecker und die Mischung aus Sightseeing, Shopping und Entspannung passt genau. Das n\u00e4chste Mal w\u00fcrde ich noch ein paar Tage l\u00e4nger bleiben, um mir zum Beispiel den Botanischen Garten, das Sommerschloss Rosenborg und auch den Strandpark Amager anzuschauen. Nat\u00fcrlich m\u00fcsst ihr f\u00fcr die nordischen L\u00e4nder ein wenig mehr Budget einplanen, daf\u00fcr k\u00f6nnt ihr dann aber mit einer kostenlosen Stadtf\u00fchrung, selbst kochen im Hostel und der Fortbewegung mit dem Rad, statt mit den \u00f6ffentlichen Verkehrsmitteln, ein bisschen sparen. <\/p>\n\n\n\n<p>Wer viele Sehensw\u00fcrdigkeiten in kurzer Zeit sehen m\u00f6chte, f\u00fcr den lohnt sich auch der Kauf der Kopenhagen Card, die den Eintritt in 83 Museen und Sehensw\u00fcrdigkeiten der Stadt enth\u00e4lt und mit der ihr die \u00f6ffentlichen Verkehrsmittel nutzen k\u00f6nnt. Die Anreise mit der Bahn ist sehr entschleunigend und stressfrei \u2013 in Berlin einfach einsteigen und losfahren ohne gro\u00dfe Anreise zum Flughafen, Gep\u00e4ckgrenzen und Sicherheitskontrollen. Ich w\u00fcrde es genauso wieder machen und freue mich schon auf meinen n\u00e4chsten Kopenhagen Aufenthalt! <\/p>\n\n\n\n<h3 class=\"wp-block-heading\">Mehr Inspiration zu Kopenhagen auf dem TUI Blog<\/h3>\n\n\n\n<p>\u27af <a href=\"https:\/\/www.tui.com\/blog\/kopenhagen-chilliger-wochenendtrip-in-daenemarks-hauptstadt\/\">Kopenhagen \u2013 Chilliger Wochenendtrip in D\u00e4nemarks Hauptstadt<\/a><br>\u27af <a href=\"https:\/\/www.tui.com\/blog\/hygge-highlights-die-besten-food-shopping-und-architektur-tipps-fuer-kopenhagen\/\">Hygge Highlights: Die besten Food-, Shopping- und Architektur Tipps f\u00fcr Kopenhagen<\/a><\/p>\n","protected":false},"excerpt":{"rendered":"<p>Die nordischen L\u00e4nder geh\u00f6ren zu meinen allerliebsten Reisezielen. Schweden hat als meine zweite Heimat einen besonderen Platz in meinem Herzen, aber auch Norwegen und Finnland gefallen mir auf meinen Reisen jedes Mal aufs Neue. D\u00e4nemark steht nun schon l\u00e4nger auf meiner Bucket List und heute berichte ich euch von meiner St\u00e4dtereise nach Kopenhagen.<\/p>\n","protected":false},"author":121,"featured_media":198022,"comment_status":"open","ping_status":"open","sticky":false,"template":"","format":"standard","meta":{"_acf_changed":false,"footnotes":""},"categories":[4052,4030,4064,4050],"tags":[2226,2824,3187],"class_list":["post-197984","post","type-post","status-publish","format-standard","has-post-thumbnail","hentry","category-archiv-reisearten","category-archiv-reiseziele","category-archiv-verantwortungsvoller-urlaub","category-archiv-weitere-beliebte-reiseziele","tag-daenemark","tag-kopenhagen","tag-staedtereise"],"acf":[],"yoast_head":"<!-- This site is optimized with the Yoast SEO plugin v27.4 - https:\/\/yoast.com\/product\/yoast-seo-wordpress\/ -->\n<title>Kopenhagen mit dem Zug - TUI.com Reiseblog \u2600<\/title>\n<meta name=\"description\" content=\"TUI Bloggerin Britt berichtet von ihrem nachhaltigen St\u00e4dtetrip: Kopenhagen ist wie daf\u00fcr geschaffen zu Fu\u00df oder per Fahrrad erkundet zu werden.\" \/>\n<meta name=\"robots\" content=\"index, follow, max-snippet:-1, max-image-preview:large, max-video-preview:-1\" \/>\n<link rel=\"canonical\" href=\"https:\/\/www.tui.com\/blog\/nachhaltige-staedtereise-kopenhagen-mit-dem-zug\/\" \/>\n<meta property=\"og:locale\" content=\"de_DE\" \/>\n<meta property=\"og:type\" content=\"article\" \/>\n<meta property=\"og:title\" content=\"Kopenhagen mit dem Zug - TUI.com Reiseblog \u2600\" \/>\n<meta property=\"og:description\" content=\"TUI Bloggerin Britt berichtet von ihrem nachhaltigen St\u00e4dtetrip: Kopenhagen ist wie daf\u00fcr geschaffen zu Fu\u00df oder per Fahrrad erkundet zu werden.\" \/>\n<meta property=\"og:url\" content=\"https:\/\/www.tui.com\/blog\/nachhaltige-staedtereise-kopenhagen-mit-dem-zug\/\" \/>\n<meta property=\"og:site_name\" content=\"TUI.com Reiseblog \u2600\" \/>\n<meta property=\"article:published_time\" content=\"2022-12-09T10:00:00+00:00\" \/>\n<meta property=\"article:modified_time\" content=\"2025-05-14T22:21:55+00:00\" \/>\n<meta property=\"og:image\" content=\"https:\/\/www.tui.com\/blog\/wp-content\/uploads\/2023\/04\/nachhaltiger-urlaub-kopenhagen-mit-dem-zug-shutterstock-beitragsbild-1115192045-joyfull.jpg\" \/>\n\t<meta property=\"og:image:width\" content=\"1400\" \/>\n\t<meta property=\"og:image:height\" content=\"788\" \/>\n\t<meta property=\"og:image:type\" content=\"image\/jpeg\" \/>\n<meta name=\"author\" content=\"TUI Bloggerin Britt\" \/>\n<meta name=\"twitter:card\" content=\"summary_large_image\" \/>\n<meta name=\"twitter:label1\" content=\"Verfasst von\" \/>\n\t<meta name=\"twitter:data1\" content=\"TUI Bloggerin Britt\" \/>\n\t<meta name=\"twitter:label2\" content=\"Gesch\u00e4tzte Lesezeit\" \/>\n\t<meta name=\"twitter:data2\" content=\"9\u00a0Minuten\" \/>\n<script type=\"application\/ld+json\" class=\"yoast-schema-graph\">{\"@context\":\"https:\\\/\\\/schema.org\",\"@graph\":[{\"@type\":\"BlogPosting\",\"@id\":\"https:\\\/\\\/www.tui.com\\\/blog\\\/nachhaltige-staedtereise-kopenhagen-mit-dem-zug\\\/#article\",\"isPartOf\":{\"@id\":\"https:\\\/\\\/www.tui.com\\\/blog\\\/nachhaltige-staedtereise-kopenhagen-mit-dem-zug\\\/\"},\"author\":{\"name\":\"TUI Bloggerin Britt\",\"@id\":\"https:\\\/\\\/www.tui.com\\\/blog\\\/#\\\/schema\\\/person\\\/c4f13b55db0ca4f9d1b268730929eb29\"},\"headline\":\"Kopenhagen mit dem Zug\",\"datePublished\":\"2022-12-09T10:00:00+00:00\",\"dateModified\":\"2025-05-14T22:21:55+00:00\",\"mainEntityOfPage\":{\"@id\":\"https:\\\/\\\/www.tui.com\\\/blog\\\/nachhaltige-staedtereise-kopenhagen-mit-dem-zug\\\/\"},\"wordCount\":1811,\"commentCount\":0,\"publisher\":{\"@id\":\"https:\\\/\\\/www.tui.com\\\/blog\\\/#organization\"},\"image\":{\"@id\":\"https:\\\/\\\/www.tui.com\\\/blog\\\/nachhaltige-staedtereise-kopenhagen-mit-dem-zug\\\/#primaryimage\"},\"thumbnailUrl\":\"https:\\\/\\\/www.tui.com\\\/blog\\\/wp-content\\\/uploads\\\/2023\\\/04\\\/nachhaltiger-urlaub-kopenhagen-mit-dem-zug-shutterstock-beitragsbild-1115192045-joyfull.jpg\",\"keywords\":[\"D\u00e4nemark\",\"Kopenhagen\",\"St&#228;dtereise\"],\"articleSection\":[\"Reisearten\",\"Reiseziele\",\"Verantwortungsvoller Urlaub\",\"weitere beliebte Reiseziele\"],\"inLanguage\":\"de\",\"potentialAction\":[{\"@type\":\"CommentAction\",\"name\":\"Comment\",\"target\":[\"https:\\\/\\\/www.tui.com\\\/blog\\\/nachhaltige-staedtereise-kopenhagen-mit-dem-zug\\\/#respond\"]}]},{\"@type\":\"WebPage\",\"@id\":\"https:\\\/\\\/www.tui.com\\\/blog\\\/nachhaltige-staedtereise-kopenhagen-mit-dem-zug\\\/\",\"url\":\"https:\\\/\\\/www.tui.com\\\/blog\\\/nachhaltige-staedtereise-kopenhagen-mit-dem-zug\\\/\",\"name\":\"Kopenhagen mit dem Zug - TUI.com Reiseblog \u2600\",\"isPartOf\":{\"@id\":\"https:\\\/\\\/www.tui.com\\\/blog\\\/#website\"},\"primaryImageOfPage\":{\"@id\":\"https:\\\/\\\/www.tui.com\\\/blog\\\/nachhaltige-staedtereise-kopenhagen-mit-dem-zug\\\/#primaryimage\"},\"image\":{\"@id\":\"https:\\\/\\\/www.tui.com\\\/blog\\\/nachhaltige-staedtereise-kopenhagen-mit-dem-zug\\\/#primaryimage\"},\"thumbnailUrl\":\"https:\\\/\\\/www.tui.com\\\/blog\\\/wp-content\\\/uploads\\\/2023\\\/04\\\/nachhaltiger-urlaub-kopenhagen-mit-dem-zug-shutterstock-beitragsbild-1115192045-joyfull.jpg\",\"datePublished\":\"2022-12-09T10:00:00+00:00\",\"dateModified\":\"2025-05-14T22:21:55+00:00\",\"description\":\"TUI Bloggerin Britt berichtet von ihrem nachhaltigen St\u00e4dtetrip: Kopenhagen ist wie daf\u00fcr geschaffen zu Fu\u00df oder per Fahrrad erkundet zu werden.\",\"breadcrumb\":{\"@id\":\"https:\\\/\\\/www.tui.com\\\/blog\\\/nachhaltige-staedtereise-kopenhagen-mit-dem-zug\\\/#breadcrumb\"},\"inLanguage\":\"de\",\"potentialAction\":[{\"@type\":\"ReadAction\",\"target\":[\"https:\\\/\\\/www.tui.com\\\/blog\\\/nachhaltige-staedtereise-kopenhagen-mit-dem-zug\\\/\"]}]},{\"@type\":\"ImageObject\",\"inLanguage\":\"de\",\"@id\":\"https:\\\/\\\/www.tui.com\\\/blog\\\/nachhaltige-staedtereise-kopenhagen-mit-dem-zug\\\/#primaryimage\",\"url\":\"https:\\\/\\\/www.tui.com\\\/blog\\\/wp-content\\\/uploads\\\/2023\\\/04\\\/nachhaltiger-urlaub-kopenhagen-mit-dem-zug-shutterstock-beitragsbild-1115192045-joyfull.jpg\",\"contentUrl\":\"https:\\\/\\\/www.tui.com\\\/blog\\\/wp-content\\\/uploads\\\/2023\\\/04\\\/nachhaltiger-urlaub-kopenhagen-mit-dem-zug-shutterstock-beitragsbild-1115192045-joyfull.jpg\",\"width\":1400,\"height\":788,\"caption\":\"Nachhaltiger Urlaub: Kopenhagen mit dem Zug\"},{\"@type\":\"BreadcrumbList\",\"@id\":\"https:\\\/\\\/www.tui.com\\\/blog\\\/nachhaltige-staedtereise-kopenhagen-mit-dem-zug\\\/#breadcrumb\",\"itemListElement\":[{\"@type\":\"ListItem\",\"position\":1,\"name\":\"Startseite\",\"item\":\"https:\\\/\\\/www.tui.com\\\/blog\\\/\"},{\"@type\":\"ListItem\",\"position\":2,\"name\":\"Kopenhagen mit dem Zug\"}]},{\"@type\":\"WebSite\",\"@id\":\"https:\\\/\\\/www.tui.com\\\/blog\\\/#website\",\"url\":\"https:\\\/\\\/www.tui.com\\\/blog\\\/\",\"name\":\"TUI.com Reiseblog \u2600\",\"description\":\"Abenteuer oder lieber an den Strand? \u2600 Der TUI Reiseblog bietet tolle Infos rund um deine n\u00e4chste Reise \u2708 Komm vorbei und lass dich inspirieren \u221a\",\"publisher\":{\"@id\":\"https:\\\/\\\/www.tui.com\\\/blog\\\/#organization\"},\"potentialAction\":[{\"@type\":\"SearchAction\",\"target\":{\"@type\":\"EntryPoint\",\"urlTemplate\":\"https:\\\/\\\/www.tui.com\\\/blog\\\/?s={search_term_string}\"},\"query-input\":{\"@type\":\"PropertyValueSpecification\",\"valueRequired\":true,\"valueName\":\"search_term_string\"}}],\"inLanguage\":\"de\"},{\"@type\":\"Organization\",\"@id\":\"https:\\\/\\\/www.tui.com\\\/blog\\\/#organization\",\"name\":\"TUI.com Reiseblog \u2600\",\"url\":\"https:\\\/\\\/www.tui.com\\\/blog\\\/\",\"logo\":{\"@type\":\"ImageObject\",\"inLanguage\":\"de\",\"@id\":\"https:\\\/\\\/www.tui.com\\\/blog\\\/#\\\/schema\\\/logo\\\/image\\\/\",\"url\":\"https:\\\/\\\/www.tui.com\\\/blog\\\/wp-content\\\/uploads\\\/2023\\\/04\\\/cropped-tui-logo-3.png\",\"contentUrl\":\"https:\\\/\\\/www.tui.com\\\/blog\\\/wp-content\\\/uploads\\\/2023\\\/04\\\/cropped-tui-logo-3.png\",\"width\":164,\"height\":72,\"caption\":\"TUI.com Reiseblog \u2600\"},\"image\":{\"@id\":\"https:\\\/\\\/www.tui.com\\\/blog\\\/#\\\/schema\\\/logo\\\/image\\\/\"}},{\"@type\":\"Person\",\"@id\":\"https:\\\/\\\/www.tui.com\\\/blog\\\/#\\\/schema\\\/person\\\/c4f13b55db0ca4f9d1b268730929eb29\",\"name\":\"TUI Bloggerin Britt\",\"image\":{\"@type\":\"ImageObject\",\"inLanguage\":\"de\",\"@id\":\"https:\\\/\\\/www.tui.com\\\/blog\\\/wp-content\\\/uploads\\\/2018\\\/04\\\/Britt-in-London-320x180.jpg\",\"url\":\"https:\\\/\\\/www.tui.com\\\/blog\\\/wp-content\\\/uploads\\\/2018\\\/04\\\/Britt-in-London-320x180.jpg\",\"contentUrl\":\"https:\\\/\\\/www.tui.com\\\/blog\\\/wp-content\\\/uploads\\\/2018\\\/04\\\/Britt-in-London-320x180.jpg\",\"caption\":\"TUI Bloggerin Britt\"},\"url\":\"https:\\\/\\\/www.tui.com\\\/blog\\\/author\\\/tui-bloggerin-britt\\\/\"}]}<\/script>\n<!-- \/ Yoast SEO plugin. -->","yoast_head_json":{"title":"Kopenhagen mit dem Zug - TUI.com Reiseblog \u2600","description":"TUI Bloggerin Britt berichtet von ihrem nachhaltigen St\u00e4dtetrip: Kopenhagen ist wie daf\u00fcr geschaffen zu Fu\u00df oder per Fahrrad erkundet zu werden.","robots":{"index":"index","follow":"follow","max-snippet":"max-snippet:-1","max-image-preview":"max-image-preview:large","max-video-preview":"max-video-preview:-1"},"canonical":"https:\/\/www.tui.com\/blog\/nachhaltige-staedtereise-kopenhagen-mit-dem-zug\/","og_locale":"de_DE","og_type":"article","og_title":"Kopenhagen mit dem Zug - TUI.com Reiseblog \u2600","og_description":"TUI Bloggerin Britt berichtet von ihrem nachhaltigen St\u00e4dtetrip: Kopenhagen ist wie daf\u00fcr geschaffen zu Fu\u00df oder per Fahrrad erkundet zu werden.","og_url":"https:\/\/www.tui.com\/blog\/nachhaltige-staedtereise-kopenhagen-mit-dem-zug\/","og_site_name":"TUI.com Reiseblog \u2600","article_published_time":"2022-12-09T10:00:00+00:00","article_modified_time":"2025-05-14T22:21:55+00:00","og_image":[{"width":1400,"height":788,"url":"https:\/\/www.tui.com\/blog\/wp-content\/uploads\/2023\/04\/nachhaltiger-urlaub-kopenhagen-mit-dem-zug-shutterstock-beitragsbild-1115192045-joyfull.jpg","type":"image\/jpeg"}],"author":"TUI Bloggerin Britt","twitter_card":"summary_large_image","twitter_misc":{"Verfasst von":"TUI Bloggerin Britt","Gesch\u00e4tzte Lesezeit":"9\u00a0Minuten"},"schema":{"@context":"https:\/\/schema.org","@graph":[{"@type":"BlogPosting","@id":"https:\/\/www.tui.com\/blog\/nachhaltige-staedtereise-kopenhagen-mit-dem-zug\/#article","isPartOf":{"@id":"https:\/\/www.tui.com\/blog\/nachhaltige-staedtereise-kopenhagen-mit-dem-zug\/"},"author":{"name":"TUI Bloggerin Britt","@id":"https:\/\/www.tui.com\/blog\/#\/schema\/person\/c4f13b55db0ca4f9d1b268730929eb29"},"headline":"Kopenhagen mit dem Zug","datePublished":"2022-12-09T10:00:00+00:00","dateModified":"2025-05-14T22:21:55+00:00","mainEntityOfPage":{"@id":"https:\/\/www.tui.com\/blog\/nachhaltige-staedtereise-kopenhagen-mit-dem-zug\/"},"wordCount":1811,"commentCount":0,"publisher":{"@id":"https:\/\/www.tui.com\/blog\/#organization"},"image":{"@id":"https:\/\/www.tui.com\/blog\/nachhaltige-staedtereise-kopenhagen-mit-dem-zug\/#primaryimage"},"thumbnailUrl":"https:\/\/www.tui.com\/blog\/wp-content\/uploads\/2023\/04\/nachhaltiger-urlaub-kopenhagen-mit-dem-zug-shutterstock-beitragsbild-1115192045-joyfull.jpg","keywords":["D\u00e4nemark","Kopenhagen","St&#228;dtereise"],"articleSection":["Reisearten","Reiseziele","Verantwortungsvoller Urlaub","weitere beliebte Reiseziele"],"inLanguage":"de","potentialAction":[{"@type":"CommentAction","name":"Comment","target":["https:\/\/www.tui.com\/blog\/nachhaltige-staedtereise-kopenhagen-mit-dem-zug\/#respond"]}]},{"@type":"WebPage","@id":"https:\/\/www.tui.com\/blog\/nachhaltige-staedtereise-kopenhagen-mit-dem-zug\/","url":"https:\/\/www.tui.com\/blog\/nachhaltige-staedtereise-kopenhagen-mit-dem-zug\/","name":"Kopenhagen mit dem Zug - TUI.com Reiseblog \u2600","isPartOf":{"@id":"https:\/\/www.tui.com\/blog\/#website"},"primaryImageOfPage":{"@id":"https:\/\/www.tui.com\/blog\/nachhaltige-staedtereise-kopenhagen-mit-dem-zug\/#primaryimage"},"image":{"@id":"https:\/\/www.tui.com\/blog\/nachhaltige-staedtereise-kopenhagen-mit-dem-zug\/#primaryimage"},"thumbnailUrl":"https:\/\/www.tui.com\/blog\/wp-content\/uploads\/2023\/04\/nachhaltiger-urlaub-kopenhagen-mit-dem-zug-shutterstock-beitragsbild-1115192045-joyfull.jpg","datePublished":"2022-12-09T10:00:00+00:00","dateModified":"2025-05-14T22:21:55+00:00","description":"TUI Bloggerin Britt berichtet von ihrem nachhaltigen St\u00e4dtetrip: Kopenhagen ist wie daf\u00fcr geschaffen zu Fu\u00df oder per Fahrrad erkundet zu werden.","breadcrumb":{"@id":"https:\/\/www.tui.com\/blog\/nachhaltige-staedtereise-kopenhagen-mit-dem-zug\/#breadcrumb"},"inLanguage":"de","potentialAction":[{"@type":"ReadAction","target":["https:\/\/www.tui.com\/blog\/nachhaltige-staedtereise-kopenhagen-mit-dem-zug\/"]}]},{"@type":"ImageObject","inLanguage":"de","@id":"https:\/\/www.tui.com\/blog\/nachhaltige-staedtereise-kopenhagen-mit-dem-zug\/#primaryimage","url":"https:\/\/www.tui.com\/blog\/wp-content\/uploads\/2023\/04\/nachhaltiger-urlaub-kopenhagen-mit-dem-zug-shutterstock-beitragsbild-1115192045-joyfull.jpg","contentUrl":"https:\/\/www.tui.com\/blog\/wp-content\/uploads\/2023\/04\/nachhaltiger-urlaub-kopenhagen-mit-dem-zug-shutterstock-beitragsbild-1115192045-joyfull.jpg","width":1400,"height":788,"caption":"Nachhaltiger Urlaub: Kopenhagen mit dem Zug"},{"@type":"BreadcrumbList","@id":"https:\/\/www.tui.com\/blog\/nachhaltige-staedtereise-kopenhagen-mit-dem-zug\/#breadcrumb","itemListElement":[{"@type":"ListItem","position":1,"name":"Startseite","item":"https:\/\/www.tui.com\/blog\/"},{"@type":"ListItem","position":2,"name":"Kopenhagen mit dem Zug"}]},{"@type":"WebSite","@id":"https:\/\/www.tui.com\/blog\/#website","url":"https:\/\/www.tui.com\/blog\/","name":"TUI.com Reiseblog \u2600","description":"Abenteuer oder lieber an den Strand? \u2600 Der TUI Reiseblog bietet tolle Infos rund um deine n\u00e4chste Reise \u2708 Komm vorbei und lass dich inspirieren \u221a","publisher":{"@id":"https:\/\/www.tui.com\/blog\/#organization"},"potentialAction":[{"@type":"SearchAction","target":{"@type":"EntryPoint","urlTemplate":"https:\/\/www.tui.com\/blog\/?s={search_term_string}"},"query-input":{"@type":"PropertyValueSpecification","valueRequired":true,"valueName":"search_term_string"}}],"inLanguage":"de"},{"@type":"Organization","@id":"https:\/\/www.tui.com\/blog\/#organization","name":"TUI.com Reiseblog \u2600","url":"https:\/\/www.tui.com\/blog\/","logo":{"@type":"ImageObject","inLanguage":"de","@id":"https:\/\/www.tui.com\/blog\/#\/schema\/logo\/image\/","url":"https:\/\/www.tui.com\/blog\/wp-content\/uploads\/2023\/04\/cropped-tui-logo-3.png","contentUrl":"https:\/\/www.tui.com\/blog\/wp-content\/uploads\/2023\/04\/cropped-tui-logo-3.png","width":164,"height":72,"caption":"TUI.com Reiseblog \u2600"},"image":{"@id":"https:\/\/www.tui.com\/blog\/#\/schema\/logo\/image\/"}},{"@type":"Person","@id":"https:\/\/www.tui.com\/blog\/#\/schema\/person\/c4f13b55db0ca4f9d1b268730929eb29","name":"TUI Bloggerin Britt","image":{"@type":"ImageObject","inLanguage":"de","@id":"https:\/\/www.tui.com\/blog\/wp-content\/uploads\/2018\/04\/Britt-in-London-320x180.jpg","url":"https:\/\/www.tui.com\/blog\/wp-content\/uploads\/2018\/04\/Britt-in-London-320x180.jpg","contentUrl":"https:\/\/www.tui.com\/blog\/wp-content\/uploads\/2018\/04\/Britt-in-London-320x180.jpg","caption":"TUI Bloggerin Britt"},"url":"https:\/\/www.tui.com\/blog\/author\/tui-bloggerin-britt\/"}]}},"_links":{"self":[{"href":"https:\/\/www.tui.com\/blog\/wp-json\/wp\/v2\/posts\/197984","targetHints":{"allow":["GET"]}}],"collection":[{"href":"https:\/\/www.tui.com\/blog\/wp-json\/wp\/v2\/posts"}],"about":[{"href":"https:\/\/www.tui.com\/blog\/wp-json\/wp\/v2\/types\/post"}],"author":[{"embeddable":true,"href":"https:\/\/www.tui.com\/blog\/wp-json\/wp\/v2\/users\/121"}],"replies":[{"embeddable":true,"href":"https:\/\/www.tui.com\/blog\/wp-json\/wp\/v2\/comments?post=197984"}],"version-history":[{"count":2,"href":"https:\/\/www.tui.com\/blog\/wp-json\/wp\/v2\/posts\/197984\/revisions"}],"predecessor-version":[{"id":432840,"href":"https:\/\/www.tui.com\/blog\/wp-json\/wp\/v2\/posts\/197984\/revisions\/432840"}],"wp:featuredmedia":[{"embeddable":true,"href":"https:\/\/www.tui.com\/blog\/wp-json\/wp\/v2\/media\/198022"}],"wp:attachment":[{"href":"https:\/\/www.tui.com\/blog\/wp-json\/wp\/v2\/media?parent=197984"}],"wp:term":[{"taxonomy":"category","embeddable":true,"href":"https:\/\/www.tui.com\/blog\/wp-json\/wp\/v2\/categories?post=197984"},{"taxonomy":"post_tag","embeddable":true,"href":"https:\/\/www.tui.com\/blog\/wp-json\/wp\/v2\/tags?post=197984"}],"curies":[{"name":"wp","href":"https:\/\/api.w.org\/{rel}","templated":true}]}}