{"id":198786,"date":"2023-03-06T11:00:00","date_gmt":"2023-03-06T10:00:00","guid":{"rendered":"https:\/\/blog.tui.info\/island-die-magische-insel-im-hohen-norden\/"},"modified":"2025-07-04T09:07:05","modified_gmt":"2025-07-04T07:07:05","slug":"island-die-magische-insel-im-hohen-norden","status":"publish","type":"post","link":"https:\/\/www.tui.com\/blog\/island-die-magische-insel-im-hohen-norden\/","title":{"rendered":"Island- die magische Insel im hohen Norden"},"content":{"rendered":"<div class=\"lazyblock-intro-nHRKB wp-block-lazyblock-intro\"> <div style=\"color: #4C4C4C, margin-bottom: 18px\">\n    <span style=\"font-size:24px\">Eine Insel voller Wunder, Sagen, Geschichte, Kultur und spektakul\u00e4rer Natur. TUI Mitarbeiterin Eva nimmt dich mit auf ihrem Roadtrip \u00fcber die gr\u00f6\u00dfte Vulkaninsel der Welt und zeigt dir die Sch\u00f6nheit Islands. Erlebt zusammen Outdoor Abenteuer und die faszinierenden Landschaften Islands.  <\/span>\n    <br>\n    <br>\n <\/div><\/div>\n\n\n<p>Als ich <a href=\"https:\/\/www.tui.com\/pauschalreisen\/island\/\" target=\"_blank\" rel=\"noreferrer noopener\">Island<\/a> im September bereiste, ahnte ich noch nicht, was f\u00fcr ein unvergessliches und bereicherndes Erlebnis diese Reise f\u00fcr mich werden w\u00fcrde und Gl\u00fcck ein wichtiger Begleiter sein sollte. Dieses Gl\u00fcck fing schon beim Wetter an: zwei Wochen voller Sonnenschein &#8211; gut, ab und an war es ein wenig neblig, wolkig oder sehr windig, doch geregnet hat es nie. Dass dies nicht selbstverst\u00e4ndlich f\u00fcr Island ist, best\u00e4tigten mir sp\u00e4ter die Isl\u00e4nder. Da das isl\u00e4ndische Wetter nicht best\u00e4ndig ist, sollte festes Schuhwerk, atmungsaktive und wasserfeste Kleidung und eine M\u00fctze nicht in deinem Reisegep\u00e4ck fehlen.        <\/p>\n\n\n\n<p>Meinen <a href=\"https:\/\/www.tui.com\/flug\/\" target=\"_blank\" rel=\"noreferrer noopener\">Flug<\/a> buchte ich \u00fcber die TUI und nach nur dreieinhalb Stunden Flugzeit ab D\u00fcsseldorf erreichte ich meinen Zielflughafen in Keflavik , welcher circa 40 Kilometer entfernt von <a href=\"https:\/\/www.tui.com\/hotels\/island\/reykjavik\/\" target=\"_blank\" rel=\"noreferrer noopener\">Reykjavik<\/a> liegt. <\/p>\n\n\n\n<p>Da ich Island auf eigene Faust und Tempo erkunden wollte, fiel meine Wahl der Fortbewegung auf einen Mietwagen mit Allradantrieb. Den Mietwagen habe ich mit vollem Komfort und h\u00f6chstem Versicherungsschutz vorab \u00fcber <a href=\"https:\/\/www.tuicars.com\/island\/mietwagen-keflavik\/\" target=\"_blank\" rel=\"noreferrer noopener\">TUI Cars<\/a> gebucht. Dies ist empfehlenswert, weil manche Panorama Strecke doch sehr steinig und huckelig sein kann. Ich bereiste die Insel entgegen des Uhrzeigersinns und verbrachte im Schnitt jeweils ein bis maximal zwei N\u00e4chte in einer Unterkunft. Vom schicken Hotel mit tollem Fr\u00fchst\u00fcck bis zur gem\u00fctlichen H\u00fctte mit direkten Meer-, See- oder Bergblick, war alles dabei.&nbsp;<\/p>\n\n\n\n<p><strong>Meine Empfehlung:<\/strong> Starte deine Reise in der bunten Hauptstadt <a href=\"https:\/\/www.tui.com\/hotels\/island\/reykjavik\/\" target=\"_blank\" rel=\"noreferrer noopener\">Reykjavik<\/a>. Hier bekommst du einen sehr guten Eindruck vom schicken skandinavischen Einrichtungsstil, der sehr weltoffenen und toleranten Isl\u00e4nder sowie ihrer Liebe zu bunten Farben und H\u00e4usern. G\u00f6nne dir in Reykjavik auf jeden Fall eine leckere Zimtschnecke in einer der Handb\u00e4ckereien uns besichtige die Hallgr\u00edmskirkja, das gr\u00f6\u00dfte Kirchengeb\u00e4ude Islands. Von der Aussichtsplattform des Kirchenturms bietet sich dir ein atemberaubender Blick auf die Stadt.&nbsp;<\/p>\n\n\n\n<hotel-cards class='tui-component' tenancy='TUICOM' lang='de_DE' search-scope='HOTEL' currency-format='germanFormat' price-type='PER_PERSON' search-duration='9' filter-giata-codes='100379948' card-type='short-list-card' clear-config-before-update='true' toggle-heart='false' toggle-gallery='true' show-brand='true' static-url-parameters='&amp;contentid=blog_rundreise_island_hotelcards_202303'><\/hotel-cards>\n\n\n\n<h2 class=\"wp-block-heading\">Der S\u00fcden Islands<\/h2>\n\n\n\n<h3 class=\"wp-block-heading\">Der Golden Circle und ein unvergessliches Abenteuer unter Wasser<\/h3>\n\n\n\n<p>Von Reykjavik startete ich meine Erkundung des S\u00fcden der Insel. Ich entschied mich f\u00fcr die beliebte Reiseroute Gullni hringurinn, bei Touristen auch unter dem Namen Golden Circle bekannt. Erstes Highlight dieser Strecke ist der Thingvellir Nationalpark. Hier erlebte ich auch gleich mein erstes Abenteuer. Gut verpackt in einem w\u00e4rmeisolierten Trockentaucheranzug mit Kopfhaube, Tauchermaske, Handschuhen und Flossen unternahm ich die wohl aufregendste und k\u00e4lteste Schnorcheltour meines Lebens! <\/p>\n\n\n\n<figure class=\"wp-block-gallery has-nested-images columns-default is-cropped wp-block-gallery-1 is-layout-flex wp-block-gallery-is-layout-flex\">\n<figure class=\"wp-block-image size-large\"><img decoding=\"async\" width=\"760\" height=\"420\" data-id=\"93353\" src=\"https:\/\/www.tui.com\/blog\/wp-content\/uploads\/2023\/04\/Silfra-Spalte.jpg\" alt=\"Die Silfra-Spalte - Tauchspot zwischen zwei Kontinenten, Amerika und Europa.\" class=\"wp-image-93353\"\/><figcaption class=\"wp-element-caption\">Silfra-Spalte &#8211; unglaublich klares Wasser und tauchen zwischen zwei Kontinenten.   <\/figcaption><\/figure>\n<\/figure>\n\n\n\n<p>Die Silfra Spalte, die durch das Aufeinandertreffen zweier Kontinentalplatten entstanden ist, bietet dir bei zwei Grad Celsius ein wundersch\u00f6nes Farbschauspiel. Klares, frisches Wasser, welches auch gerne mal in den Schnorchel reinflie\u00dfen darf. Das besondere an der Silfra Spalte &#8211; hier trifft die Kontinentalplatte Amerikas auf die Eurasische &#8211; tauchen zwischen zwei Kontinenten! Diesen <a href=\"https:\/\/experiences.tui.com\/index\/reykjavik\/golden-circle-snorkeling-171371\/\" target=\"_blank\" rel=\"noreferrer noopener\">Ausflug<\/a> buchte ich bequem \u00fcber <a href=\"https:\/\/my.tui.com\/\" target=\"_blank\" rel=\"noreferrer noopener\">my.tui.com<\/a>.<\/p>\n\n\n\n<p>Die zwei weiteren Highlights des Golden Circle sind der zuverl\u00e4ssig spuckende Geysir Strokkur und der m\u00e4chtige Wasserfall Gulfoss. &#8218;It\u2019s getting hot in here und caution slippery when wet&#8216; kannst du hier wirklich w\u00f6rtlich nehmen!&nbsp;<\/p>\n\n\n\n<h3 class=\"wp-block-heading\">Die S\u00fcdinsel hat so unglaublich viel zu bieten! <\/h3>\n\n\n\n<p>Am dritten Tag meiner Reise stand eine l\u00e4ngere und sehr spannende Fahrt an. Zun\u00e4chst f\u00fchrte mich der Weg zum Seljalandsfoss, ein circa 60 Meter hoher Wasserfall. Das besondere, du kannst ihn vollst\u00e4ndig umrunden. Dies erm\u00f6glichte mir, hinter dem Wasserfall entlang zu gehen, ein feucht fr\u00f6hliches Erlebnis mit besonderem Regenbogen Farbschauspiel.&nbsp;<\/p>\n\n\n\n<p>Weiter ging\u00b4s zum ber\u00fchmten schwarzen Sandstrand Reynisfjara. Nicht nur der schwarze Sand ist besonders, sondern auch die gewaltigen Basalts\u00e4ulen. S\u00fc\u00df &#8211; die verspielten Robben.&nbsp;<\/p>\n\n\n\n<figure class=\"wp-block-gallery has-nested-images columns-default is-cropped wp-block-gallery-2 is-layout-flex wp-block-gallery-is-layout-flex\">\n<figure class=\"wp-block-image size-large\"><img decoding=\"async\" width=\"311\" height=\"563\" data-id=\"93341\" src=\"https:\/\/www.tui.com\/blog\/wp-content\/uploads\/2023\/04\/island-reynisfjara-beach-311x563.jpg\" alt=\"An der S\u00fcdk\u00fcste Islands findest du den ber\u00fchmtesten schwarzen Sandstrand Islands, Reynisfjara.\" class=\"wp-image-93341\"\/><figcaption class=\"wp-element-caption\">Wild, dramatisch und wundersch\u00f6n, der ber\u00fchmte schwarze Sandstrand Reynisfjara.  <\/figcaption><\/figure>\n\n\n\n<figure class=\"wp-block-image size-large\"><img decoding=\"async\" width=\"311\" height=\"563\" data-id=\"93350\" src=\"https:\/\/www.tui.com\/blog\/wp-content\/uploads\/2023\/04\/Reynisfjara-Beach-2-311x563.jpg\" alt=\"Ein beliebtes Fotomotiv der schwarze Sandstrand Reynisfjara mit seinen gewaltigen Basalts\u00e4ulen.\" class=\"wp-image-93350\"\/><figcaption class=\"wp-element-caption\">Die gewaltigen Basalts\u00e4ulen am Strand von Reynisfjara.<\/figcaption><\/figure>\n<\/figure>\n\n\n\n<p>Aufw\u00e4rmen kannst du dich danach in V\u00edk im Skool Beans Caf\u00e9. Super Location: eine Isl\u00e4nderin baute einen Schulbus zu einem gem\u00fctlichen Caf\u00e9 um und bietet hier frisch ger\u00f6steten Kaffee und unversch\u00e4mt leckere S\u00fc\u00dfspeisen an. Unbedingt probieren!&nbsp;<\/p>\n\n\n\n<p>Kr\u00f6nender Abschluss am Nachmittag war die Besichtigung des unglaublich faszinierenden Canyon Fja\u00f0r\u00e1rglj\u00fafur. Ein beeindruckendes Naturschauspiel aus Wasserf\u00e4llen, Moos und Lavagestein, welche die Felsschlucht so dramatisch geformt haben.&nbsp;<\/p>\n\n\n\n<figure class=\"wp-block-gallery has-nested-images columns-default is-cropped wp-block-gallery-3 is-layout-flex wp-block-gallery-is-layout-flex\">\n<figure class=\"wp-block-image size-large\"><img decoding=\"async\" data-id=\"93351\" src=\"https:\/\/www.tui.com\/blog\/wp-content\/uploads\/2023\/04\/Seljalandsfoss-2-311x563.jpg\" alt=\"Der vollst\u00e4ndig umrundbare Wasserfall Seljalandsfoss auf der S\u00fcdinsel Islands.\" class=\"wp-image-93351\"\/><figcaption class=\"wp-element-caption\">Einer der sch\u00f6nsten Wasserf\u00e4lle Islands &#8211; der Seljalandsfoss.<\/figcaption><\/figure>\n\n\n\n<figure class=\"wp-block-image size-large\"><img decoding=\"async\" width=\"311\" height=\"563\" data-id=\"93338\" src=\"https:\/\/www.tui.com\/blog\/wp-content\/uploads\/2023\/04\/island-fjadrargljufur-311x563.jpg\" alt=\"Blick auf die Fja\u00f0r\u00e1rglj\u00fafur-Schlucht im S\u00fcden Islands.\" class=\"wp-image-93338\"\/><figcaption class=\"wp-element-caption\">Faszinierende Naturlandschaft erlebst du am Canyon Fja\u00f0r\u00e1rglj\u00fafur.<\/figcaption><\/figure>\n<\/figure>\n\n\n\n<h3 class=\"wp-block-heading\">Gletscher und ganz viel Eis<\/h3>\n\n\n\n<p>Die Fahrt und der Tag endeten schlie\u00dflich in Skaftafell mit den Worten : \u201eGute Nacht, wir sehen uns morgen!\u201c Denn ich \u00fcbernachtete direkt an einer Gletscherzunge des gr\u00f6\u00dften Gletschers Europas, dem Vatnaj\u00f6kull. Was er noch nicht wei\u00df, morgen werde ich ihm sehr nah kommen!&nbsp;<\/p>\n\n\n\n<p>Der n\u00e4chste Morgen begann direkt mit der vorab gebuchten <a href=\"https:\/\/experiences.tui.com\/index\/reykjavik\/glacier-wonders-hiking-tour-171143\/\" target=\"_blank\" rel=\"noreferrer noopener\">Gletscherwanderung <\/a>zum Vatnaj\u00f6kull. Bevor unsere Wanderung startete, wurde meine kleine Gruppe und ich mit Spikes f\u00fcr die Schuhe, Eispickeln und Helmen ausgestattet und los ging unsere Wandertour \u00fcber das ewige Eis.  Das anderthalb Kilometer dicke Eismassiv, das unter meinen F\u00fc\u00dfen herrlich knirschte, und die unglaubliche Natur beeindruckten mich sehr.&nbsp;&nbsp;<\/p>\n\n\n\n<figure class=\"wp-block-gallery has-nested-images columns-default is-cropped wp-block-gallery-4 is-layout-flex wp-block-gallery-is-layout-flex\">\n<figure class=\"wp-block-image size-large\"><img decoding=\"async\" width=\"311\" height=\"563\" data-id=\"93346\" src=\"https:\/\/www.tui.com\/blog\/wp-content\/uploads\/2023\/04\/island-vatnajoekull-311x563.jpg\" alt=\"Der gr\u00f6\u00dfte Gletscher Islands und Europas - der Vatnaj\u00f6kull im S\u00fcdosten Islands.\" class=\"wp-image-93346\"\/><figcaption class=\"wp-element-caption\">Der gr\u00f6\u00dfte Gletscher Islands: der Vatnaj\u00f6kull.<\/figcaption><\/figure>\n\n\n\n<figure class=\"wp-block-image size-large\"><img decoding=\"async\" data-id=\"93354\" src=\"https:\/\/www.tui.com\/blog\/wp-content\/uploads\/2023\/04\/Vatnajoekull-2-1-311x563.jpg\" alt=\"Blick auf den Gletscher Vatnaj\u00f6kull.\" class=\"wp-image-93354\"\/><figcaption class=\"wp-element-caption\">Einfach nur wow! Der Gletscher Vatnaj\u00f6kull.<\/figcaption><\/figure>\n\n\n\n<figure class=\"wp-block-image size-large\"><img decoding=\"async\" width=\"311\" height=\"563\" data-id=\"93345\" src=\"https:\/\/www.tui.com\/blog\/wp-content\/uploads\/2023\/04\/island-svartifoss-311x563.jpg\" alt=\"Der Svartifoss Wasserfall im Vatnaj\u00f6kull-Nationalpark st\u00fcrzt \u00fcber eine Felskante in die Tiefe.\" class=\"wp-image-93345\"\/><figcaption class=\"wp-element-caption\">Svartifoss- der schwarze Wasserfall im Vatnaj\u00f6kull-Nationalpark.<\/figcaption><\/figure>\n<\/figure>\n\n\n\n<p>Die Faszination Eis erlebte ich auch am Diamond Beach und am J\u00f6kuls\u00e1rl\u00f3n Gletschersee. Hier siehst du riesige Eisbl\u00f6cke im See und am Strand &#8211; ein eiskaltes Wunder, welches seines Gleichen sucht.&nbsp;<\/p>\n\n\n\n<figure class=\"wp-block-gallery has-nested-images columns-default is-cropped wp-block-gallery-5 is-layout-flex wp-block-gallery-is-layout-flex\">\n<figure class=\"wp-block-image size-large\"><img decoding=\"async\" width=\"760\" height=\"420\" data-id=\"93339\" src=\"https:\/\/www.tui.com\/blog\/wp-content\/uploads\/2023\/04\/island-joekulsarlon.jpg\" alt=\"J\u00f6kuls\u00e1rl\u00f3n - die Gletscherlagune in Island. Das blaue Wasser ist mit Eisbergen durchzogen.\" class=\"wp-image-93339\"\/><figcaption class=\"wp-element-caption\">Gewaltig &#8211; Eisberge in der Gletscherlagune J\u00f6kuls\u00e1rl\u00f3n. <\/figcaption><\/figure>\n\n\n\n<figure class=\"wp-block-image size-large is-style-default\"><img decoding=\"async\" width=\"311\" height=\"563\" data-id=\"93348\" src=\"https:\/\/www.tui.com\/blog\/wp-content\/uploads\/2023\/04\/Joekulsarlon-Herz-311x563.jpg\" alt=\"Eisherz - gefunden am Ufer des J\u00f6kuls\u00e1rl\u00f3n Gletschersees.\" class=\"wp-image-93348\"\/><figcaption class=\"wp-element-caption\">Besonderer Fund am Ufer des J\u00f6kuls\u00e1rl\u00f3n Gletschersee: Herz aus Eis.<\/figcaption><\/figure>\n<\/figure>\n\n\n\n<h2 class=\"wp-block-heading\">Die Ostfjorde &#8211; einzigartige Gegend im \u00f6stlichen Teil Islands<\/h2>\n\n\n\n<p>Auf meiner Fahrt zu den Ostfjorden im \u00f6stlichen Teil von Island, legte ich noch einen Fotostopp am Stokksness Strand ein. Dieser schwarze Strand geh\u00f6rt mit zu den Top Sehensw\u00fcrdigkeiten Islands. Ein beliebtes Fotomotiv mit dem m\u00e4chtigen Berg Vestrahorn im Hintergrund, der sich bei Flut im Meer spiegelt. Einfach wundersch\u00f6n!   <\/p>\n\n\n\n<p>Die Ostfjorde sind landschaftlich so bezaubernd, dass ich meine Fahrt immer wieder f\u00fcr ein Foto unterbrach: beeindruckende Berge, Wasserf\u00e4lle und sogar Delphine im glasklaren Wasser &#8211; einfach nur wow!<\/p>\n\n\n\n<figure class=\"wp-block-gallery has-nested-images columns-default is-cropped wp-block-gallery-6 is-layout-flex wp-block-gallery-is-layout-flex\">\n<figure class=\"wp-block-image size-large\"><img decoding=\"async\" width=\"760\" height=\"420\" data-id=\"93344\" src=\"https:\/\/www.tui.com\/blog\/wp-content\/uploads\/2023\/04\/island-stokksnes.jpg\" alt=\"Boot am Ufer des Stokksnes Strand und im Hintergrund der Berg Vestrahorn.\" class=\"wp-image-93344\"\/><figcaption class=\"wp-element-caption\">Wie in einer anderen Welt &#8211; Einsamkeit am Strand von Stokksness. <\/figcaption><\/figure>\n<\/figure>\n\n\n\n<div class=\"wp-block-columns is-layout-flex wp-container-core-columns-is-layout-9d6595d7 wp-block-columns-is-layout-flex\">\n<div class=\"wp-block-column is-layout-flow wp-block-column-is-layout-flow\">\n<figure class=\"wp-block-image size-teaserbox\"><img decoding=\"async\" width=\"420\" height=\"760\" src=\"https:\/\/www.tui.com\/blog\/wp-content\/uploads\/2023\/04\/Seydisfjoedur.jpg\" alt=\"Kirche in Seydisfj\u00f6dur, ein kleiner Ort im Osten Islands.\" class=\"wp-image-93352\"\/><figcaption class=\"wp-element-caption\">Der kleine idyllische Ort Seydisfj\u00f6dur.  <\/figcaption><\/figure>\n<\/div>\n\n\n\n<div class=\"wp-block-column is-layout-flow wp-block-column-is-layout-flow\">\n<p><\/p>\n\n\n\n<h3 class=\"wp-block-heading\">Das zauberhafte \u00d6rtchen Sey\u00f0isfj\u00f6r\u00f0ur<\/h3>\n\n\n\n<p><\/p>\n\n\n\n<p>Wenn du die Ostk\u00fcste bereist, empfehle ich dir in Egilssta\u00f0ir zu \u00fcbernachten. Ein guter Ausgangspunkt f\u00fcr einen Ausflug in das niedliche \u00d6rtchen Sey\u00f0isfj\u00f6r\u00f0ur. Oder unternimm von hier aus eine Wanderung zum Hengifoss, einer der h\u00f6chsten Wasserf\u00e4lle Islands. Schon der Wanderweg dorthin ist landschaftlich sehr abwechslungsreich und lohnenswert.  <\/p>\n<\/div>\n<\/div>\n\n\n\n<h2 class=\"wp-block-heading\">Abgeschiedenheit im Norden<\/h2>\n\n\n\n<p>Die Ringroute f\u00fchrte mich weiter in den Norden Islands. Mein n\u00e4chstes Ziel: der M\u00fdvatn See. Auf dem Weg dorthin, legte ich einen Halt am Europas gr\u00f6\u00dften Wasserfall, dem Dettifoss, ein. Wenn du in Island bist, ein absolutes Must See! <\/p>\n\n\n\n<p>Lohnenswerte Ziele rund um den&nbsp;M\u00fdvatn See: der nahegelegene klare Kratersee Viti, das streng riechende Geothermalgebiet Hverir, die beeindruckende Grj\u00f3tagja H\u00f6hle aus der Fernsehserie Game of Thrones und der Vulkan Hverfjall.  Auch das Lavafeld in Dimmuborgir hat mir aufgrund der bunten Herbstfarben, welche sich im Lavagestein widerspiegelten, sehr gefallen.&nbsp;<\/p>\n\n\n\n<figure class=\"wp-block-gallery has-nested-images columns-default is-cropped wp-block-gallery-7 is-layout-flex wp-block-gallery-is-layout-flex\">\n<figure class=\"wp-block-image size-large\"><img decoding=\"async\" width=\"311\" height=\"563\" data-id=\"93347\" src=\"https:\/\/www.tui.com\/blog\/wp-content\/uploads\/2023\/04\/island-vulkan-See-311x563.jpg\" alt=\"Landschaftsbild vom Vulkansee Viti aus Island.\" class=\"wp-image-93347\"\/><figcaption class=\"wp-element-caption\">Der Vulkansee Viti mit seinem leuchtend blauen Wasser.<\/figcaption><\/figure>\n\n\n\n<figure class=\"wp-block-image size-large\"><img decoding=\"async\" width=\"311\" height=\"563\" data-id=\"93337\" src=\"https:\/\/www.tui.com\/blog\/wp-content\/uploads\/2023\/04\/island-eva-auf-dem-Vulkan-311x563.jpg\" alt=\"Vulkan - Vulkan Askja?????Askjagebiet beherbergt auch den Kratersee Viti\" class=\"wp-image-93337\"\/><figcaption class=\"wp-element-caption\">Tanz auf dem Vulkan<\/figcaption><\/figure>\n<\/figure>\n\n\n\n<p>An einem verschlafenen Sonntagmorgen, war ich schon fr\u00fch hellwach, denn ich hatte eine <a href=\"https:\/\/experiences.tui.com\/index\/husavik\/puffin-tour-iceland-husavik-whale-watching-and-puffins-218164\/\" target=\"_blank\" rel=\"noreferrer noopener\">Walbeobachtung in H\u00fasav\u00edk <\/a>gebucht. Bevor meine Tour los ging, schaute ich mir noch das Wal Museum an. Dank meines vorab gebuchten Ausfluges, erhielt ich hier einen erm\u00e4\u00dfigten Eintritt. Der Besuch des Museums ist ein absolutes Muss! Ich habe viel \u00fcber die verschiedenen Walarten gelernt sowie Informationen zu der Geschichte und Thematik des Walfangs erhalten.&nbsp;&nbsp;<\/p>\n\n\n\n<p>Nachdem ich ein riesiges Blauwal Skelett bestaunte, ging es warm eingepackt in einem dicken Schneeanzug&nbsp; hinaus auf die raue See. Und das Gl\u00fcck lie\u00df nicht lange auf sich warten: ein sehr akrobatischer Buckelwal tauchte direkt vor mir auf und zeigte sein K\u00f6nnen &#8211; was f\u00fcr ein magischer Moment!&nbsp;<\/p>\n\n\n\n<p>\u00dcber Akureyri ging es weiter Richtung Norden. In dieser Landschaft zwischen wuscheligen Schafen , wilden Pferden und rauer Seeluft konnte ich so richtig abschalten und die Seele baumeln lassen. Es waren kaum Touristen unterwegs, so dass entspannte, einsame K\u00fcstenwanderungen mein echtes Highlight waren.&nbsp;<\/p>\n\n\n\n<h2 class=\"wp-block-heading\">Island auf einen Blick &#8211; der Westen<\/h2>\n\n\n\n<p>Wer <a href=\"https:\/\/www.tui.com\/pauschalreisen\/island\/\" target=\"_blank\" rel=\"noreferrer noopener\">Island<\/a> kompakt erleben will, sollte auf jeden Fall die Halbinsel im Westen der Insel besichtigen: Sn\u00e6fellsnes.                                                                                                                                         M\u00e4chtige Fjorde, gelbe und schwarze Sandstr\u00e4nde sowie ein Gletscher und das beliebte Fotomotiv der Berg Kirkjufell  &#8211;  f\u00fcr mich war diese Region Islands einfach der perfekte Abschluss meiner Reise.<\/p>\n\n\n\n<figure class=\"wp-block-gallery has-nested-images columns-default is-cropped wp-block-gallery-8 is-layout-flex wp-block-gallery-is-layout-flex\">\n<figure class=\"wp-block-image size-large\"><img decoding=\"async\" width=\"760\" height=\"420\" data-id=\"93342\" src=\"https:\/\/www.tui.com\/blog\/wp-content\/uploads\/2023\/04\/island-snaefellsnes-kirkjufell.jpg\" alt=\"Der malerische Berg Kirkjufell im Norden der Halbinsel Sn\u00e6fellsnes im Westen Islands.\" class=\"wp-image-93342\"\/><figcaption class=\"wp-element-caption\">Beeindruckend &#8211; der Berg Kirkjufell am Ufer des Fjordes Grundarfj\u00f6r\u00f0ur.  <\/figcaption><\/figure>\n<\/figure>\n\n\n\n<figure class=\"wp-block-gallery has-nested-images columns-default is-cropped wp-block-gallery-9 is-layout-flex wp-block-gallery-is-layout-flex\">\n<figure class=\"wp-block-image size-large\"><img decoding=\"async\" width=\"311\" height=\"563\" data-id=\"93335\" src=\"https:\/\/www.tui.com\/blog\/wp-content\/uploads\/2023\/04\/Hellnar-Snaefellsnes-311x563.jpg\" alt=\"Die Halbinsel Snaefellsnes - hierfindest du alle Landschaften die Island bietet vereint.\" class=\"wp-image-93335\"\/><figcaption class=\"wp-element-caption\">Island in Miniatur erlebst du auf der Halbinsel Snaefellsnes.<\/figcaption><\/figure>\n\n\n\n<figure class=\"wp-block-image size-large\"><img decoding=\"async\" width=\"311\" height=\"563\" data-id=\"93336\" src=\"https:\/\/www.tui.com\/blog\/wp-content\/uploads\/2023\/04\/island-anarstapi-snaefellsnes-311x563.jpg\" alt=\"Blick auf die Siedlung Anarstapi auf der Halbinsel Snaefellsnes in Island.\" class=\"wp-image-93336\"\/><figcaption class=\"wp-element-caption\">Idyllisch &#8211; die winzige Siedlung Arnarstapi. <\/figcaption><\/figure>\n<\/figure>\n\n\n\n<p>Mein ganz pers\u00f6nlicher Tipp f\u00fcr dich ist die Wanderung von Hellnar nach Arnarstapi. Am Fu\u00dfe des Gletschers befindet sich ein begehbares Lavafeld und eine steile K\u00fcste mit unglaublich sch\u00f6nen Felsformationen. Der sonnige Herbstabend warf zus\u00e4tzlich ein warmes Licht auf die abwechslungsreiche Landschaft, f\u00fcr mich einfach nur eine traumhafte Kulisse. &nbsp;<\/p>\n\n\n\n<h2 class=\"wp-block-heading\">Mein magic moment<\/h2>\n\n\n\n<p>Island hat sich an meinem letzten Abend geb\u00fchrend von mir verabschiedet! Den ersten und letzten Tag meiner Islandreise habe ich in Reykjavik im <a href=\"https:\/\/www.tui.com\/hotels\/storm-hotel-432582\/hotelinformation\/\" target=\"_blank\" rel=\"noreferrer noopener\">Storm Hotel<\/a> verbracht. Es war bereits 22:00 Uhr und ich lag  gem\u00fctlich im Bett, als mich der Ruf einer anderen Reisenden \u201eNordlichter!! Rausschauen!!\u201c aus meinen Tr\u00e4umen riss. Ich traute kaum meinen Augen, der Himmel war von gr\u00fcn leuchtenden Wellen durchzogen. Schnell zog ich mir meine warmen Sachen an und rannte Richtung Meer um diesen magischen Moment hautnah in der Natur zu erleben.<\/p>\n\n\n\n<hotel-cards class='tui-component' tenancy='TUICOM' lang='de_DE' search-scope='HOTEL' currency-format='germanFormat' price-type='PER_PERSON' search-duration='3' filter-count='6' filter-giata-codes='432582' card-type='short-list-card' clear-config-before-update='true' toggle-heart='false' toggle-gallery='true' show-brand='true' static-url-parameters='&amp;contentid=blog_island_hotel_storm_hotelcards_202303'><\/hotel-cards><br>\n\n\n\n<p>So etwas Besonderes und intensives hatte ich zuvor noch nie erlebt. Es ber\u00fchrte mich so sehr, dass ich weinen musste. Die hellen Lichter der Stadt haben die Intensit\u00e4t keinesfalls beeintr\u00e4chtigt. Dank der sternenklaren Nacht an diesem Abend in Reykjavik, war dieses Naturspektakel am Himmel m\u00f6glich. Und da war es wieder mein Gl\u00fcck! \u00dcbrigens, meine Wetter App sagte dieses Spektakel nicht voraus. Daher mein Tipp, bei v\u00f6lliger Dunkelheit und Sternenhimmel immer mal wieder Ausschau am Himmel halten. Danke Island, dass du mich verzaubert hast und mir diese au\u00dfergew\u00f6hnlichen Momente geschenkt hast.&nbsp;&nbsp;<\/p>\n\n\n\n<figure class=\"wp-block-gallery has-nested-images columns-default is-cropped wp-block-gallery-10 is-layout-flex wp-block-gallery-is-layout-flex\">\n<figure class=\"wp-block-image size-large\"><img decoding=\"async\" width=\"311\" height=\"563\" data-id=\"93340\" src=\"https:\/\/www.tui.com\/blog\/wp-content\/uploads\/2023\/04\/island-reykjavik-311x563.jpg\" alt=\"Sightseeing in Islands Hauptstadt Reykjavik.\" class=\"wp-image-93340\"\/><figcaption class=\"wp-element-caption\">Unterwegs in Reykjavik. <\/figcaption><\/figure>\n\n\n\n<figure class=\"wp-block-image size-large\"><img decoding=\"async\" width=\"311\" height=\"563\" data-id=\"93349\" src=\"https:\/\/www.tui.com\/blog\/wp-content\/uploads\/2023\/04\/Nordlichter-311x563.jpg\" alt=\"Polarlichter \u00fcber der isl\u00e4ndischen Hauptstadt Reykjavik.\" class=\"wp-image-93349\"\/><figcaption class=\"wp-element-caption\">Mein magic moment &#8211;  das farbintensive gr\u00fcne Licht des Polarlichts erhellt den dunklen Nachthimmel. <\/figcaption><\/figure>\n<\/figure>\n\n\n\n<h3 class=\"wp-block-heading\">Zu guter Letzt&#8230;<\/h3>\n\n\n\n<p>Meine Reise buchte ich acht Monate im Voraus. Alle meine Ausfl\u00fcge habe ich unkompliziert und mit voller Flexibilit\u00e4tsgarantie \u00fcber die <a href=\"https:\/\/www.tui.com\/tui-ausfluege\/\" target=\"_blank\" rel=\"noreferrer noopener\">TUI Ausfl\u00fcge<\/a> oder die <a href=\"https:\/\/my.tui.com\/app\" target=\"_blank\" rel=\"noreferrer noopener\">myTUI App<\/a> direkt gebucht. Die Preise f\u00fcr die Unterk\u00fcnfte und Fl\u00fcge waren angemessen. Der September ist eigentlich eine Nebensaison, jedoch waren viele Touristen aus aller Welt unterwegs. Vegetarische bzw. gem\u00fcsehaltige Gerichte sind rar in den Restaurants und in den Superm\u00e4rkten leider teuer. Deshalb habe ich mir Instant Mahlzeiten, M\u00fcsli Riegel und N\u00fcsse aus Deutschland mitgenommen. S\u00fc\u00dfe Speisen und Backwaren sind qualitativ sehr gut und extrem lecker. Gleiches gilt f\u00fcr Fleisch und Fisch, doch dies habe ich nur geh\u00f6rt, da ich selbst Vegetarierin bin.<\/p>\n\n\n\n<p><strong>Und wann startest du in dein Island Abenteuer? <\/strong><\/p>\n","protected":false},"excerpt":{"rendered":"<p>Eine Insel voller Wunder, Sagen, Geschichte, Kultur und spektakul\u00e4rer Natur. TUI Mitarbeiterin Eva nimmt dich mit auf ihrem Roadtrip \u00fcber die gr\u00f6\u00dfte Vulkaninsel der Welt und zeigt dir die Sch\u00f6nheit Islands. Erlebt zusammen Outdoor Abenteuer und die faszinierenden Landschaften Islands.<\/p>\n","protected":false},"author":86,"featured_media":198828,"comment_status":"open","ping_status":"open","sticky":false,"template":"","format":"standard","meta":{"_acf_changed":false,"footnotes":""},"categories":[4066,4052,4030,4050],"tags":[1437,361,324],"class_list":["post-198786","post","type-post","status-publish","format-standard","has-post-thumbnail","hentry","category-archiv-andere-reisearten","category-archiv-reisearten","category-archiv-reiseziele","category-archiv-weitere-beliebte-reiseziele","tag-island","tag-roadtrip","tag-rundreise"],"acf":[],"yoast_head":"<!-- This site is optimized with the Yoast SEO plugin v27.4 - https:\/\/yoast.com\/product\/yoast-seo-wordpress\/ -->\n<title>Island- die magische Insel im hohen Norden - TUI.com Reiseblog \u2600<\/title>\n<meta name=\"description\" content=\"Begleite TUI Mitarbeiterin Eva auf ihren Roadtrip durch Island im Land der Elfen und Wunder. Erlebe spektakul\u00e4re Landschaften und traumhafte Natur.\" \/>\n<meta name=\"robots\" content=\"index, follow, max-snippet:-1, max-image-preview:large, max-video-preview:-1\" \/>\n<link rel=\"canonical\" href=\"https:\/\/www.tui.com\/blog\/island-die-magische-insel-im-hohen-norden\/\" \/>\n<meta property=\"og:locale\" content=\"de_DE\" \/>\n<meta property=\"og:type\" content=\"article\" \/>\n<meta property=\"og:title\" content=\"Island- die magische Insel im hohen Norden - TUI.com Reiseblog \u2600\" \/>\n<meta property=\"og:description\" content=\"Begleite TUI Mitarbeiterin Eva auf ihren Roadtrip durch Island im Land der Elfen und Wunder. Erlebe spektakul\u00e4re Landschaften und traumhafte Natur.\" \/>\n<meta property=\"og:url\" content=\"https:\/\/www.tui.com\/blog\/island-die-magische-insel-im-hohen-norden\/\" \/>\n<meta property=\"og:site_name\" content=\"TUI.com Reiseblog \u2600\" \/>\n<meta property=\"article:published_time\" content=\"2023-03-06T10:00:00+00:00\" \/>\n<meta property=\"article:modified_time\" content=\"2025-07-04T07:07:05+00:00\" \/>\n<meta property=\"og:image\" content=\"https:\/\/www.tui.com\/blog\/wp-content\/uploads\/2023\/04\/island-snaefellsnes-kirkjufell-beitragsbild.jpg\" \/>\n\t<meta property=\"og:image:width\" content=\"1400\" \/>\n\t<meta property=\"og:image:height\" content=\"788\" \/>\n\t<meta property=\"og:image:type\" content=\"image\/jpeg\" \/>\n<meta name=\"author\" content=\"TUI Reiseexperten\" \/>\n<meta name=\"twitter:card\" content=\"summary_large_image\" \/>\n<meta name=\"twitter:label1\" content=\"Verfasst von\" \/>\n\t<meta name=\"twitter:data1\" content=\"TUI Reiseexperten\" \/>\n\t<meta name=\"twitter:label2\" content=\"Gesch\u00e4tzte Lesezeit\" \/>\n\t<meta name=\"twitter:data2\" content=\"14\u00a0Minuten\" \/>\n<script type=\"application\/ld+json\" class=\"yoast-schema-graph\">{\"@context\":\"https:\\\/\\\/schema.org\",\"@graph\":[{\"@type\":\"BlogPosting\",\"@id\":\"https:\\\/\\\/www.tui.com\\\/blog\\\/island-die-magische-insel-im-hohen-norden\\\/#article\",\"isPartOf\":{\"@id\":\"https:\\\/\\\/www.tui.com\\\/blog\\\/island-die-magische-insel-im-hohen-norden\\\/\"},\"author\":{\"name\":\"TUI Reiseexperten\",\"@id\":\"https:\\\/\\\/www.tui.com\\\/blog\\\/#\\\/schema\\\/person\\\/e0405bcbd5102f3edd229113f1c50a06\"},\"headline\":\"Island- die magische Insel im hohen Norden\",\"datePublished\":\"2023-03-06T10:00:00+00:00\",\"dateModified\":\"2025-07-04T07:07:05+00:00\",\"mainEntityOfPage\":{\"@id\":\"https:\\\/\\\/www.tui.com\\\/blog\\\/island-die-magische-insel-im-hohen-norden\\\/\"},\"wordCount\":1924,\"commentCount\":0,\"publisher\":{\"@id\":\"https:\\\/\\\/www.tui.com\\\/blog\\\/#organization\"},\"image\":{\"@id\":\"https:\\\/\\\/www.tui.com\\\/blog\\\/island-die-magische-insel-im-hohen-norden\\\/#primaryimage\"},\"thumbnailUrl\":\"https:\\\/\\\/www.tui.com\\\/blog\\\/wp-content\\\/uploads\\\/2023\\\/04\\\/island-snaefellsnes-kirkjufell-beitragsbild.jpg\",\"keywords\":[\"Island\",\"Roadtrip\",\"Rundreise\"],\"articleSection\":[\"Andere Reisearten\",\"Reisearten\",\"Reiseziele\",\"weitere beliebte Reiseziele\"],\"inLanguage\":\"de\",\"potentialAction\":[{\"@type\":\"CommentAction\",\"name\":\"Comment\",\"target\":[\"https:\\\/\\\/www.tui.com\\\/blog\\\/island-die-magische-insel-im-hohen-norden\\\/#respond\"]}]},{\"@type\":\"WebPage\",\"@id\":\"https:\\\/\\\/www.tui.com\\\/blog\\\/island-die-magische-insel-im-hohen-norden\\\/\",\"url\":\"https:\\\/\\\/www.tui.com\\\/blog\\\/island-die-magische-insel-im-hohen-norden\\\/\",\"name\":\"Island- die magische Insel im hohen Norden - TUI.com Reiseblog \u2600\",\"isPartOf\":{\"@id\":\"https:\\\/\\\/www.tui.com\\\/blog\\\/#website\"},\"primaryImageOfPage\":{\"@id\":\"https:\\\/\\\/www.tui.com\\\/blog\\\/island-die-magische-insel-im-hohen-norden\\\/#primaryimage\"},\"image\":{\"@id\":\"https:\\\/\\\/www.tui.com\\\/blog\\\/island-die-magische-insel-im-hohen-norden\\\/#primaryimage\"},\"thumbnailUrl\":\"https:\\\/\\\/www.tui.com\\\/blog\\\/wp-content\\\/uploads\\\/2023\\\/04\\\/island-snaefellsnes-kirkjufell-beitragsbild.jpg\",\"datePublished\":\"2023-03-06T10:00:00+00:00\",\"dateModified\":\"2025-07-04T07:07:05+00:00\",\"description\":\"Begleite TUI Mitarbeiterin Eva auf ihren Roadtrip durch Island im Land der Elfen und Wunder. Erlebe spektakul\u00e4re Landschaften und traumhafte Natur.\",\"breadcrumb\":{\"@id\":\"https:\\\/\\\/www.tui.com\\\/blog\\\/island-die-magische-insel-im-hohen-norden\\\/#breadcrumb\"},\"inLanguage\":\"de\",\"potentialAction\":[{\"@type\":\"ReadAction\",\"target\":[\"https:\\\/\\\/www.tui.com\\\/blog\\\/island-die-magische-insel-im-hohen-norden\\\/\"]}]},{\"@type\":\"ImageObject\",\"inLanguage\":\"de\",\"@id\":\"https:\\\/\\\/www.tui.com\\\/blog\\\/island-die-magische-insel-im-hohen-norden\\\/#primaryimage\",\"url\":\"https:\\\/\\\/www.tui.com\\\/blog\\\/wp-content\\\/uploads\\\/2023\\\/04\\\/island-snaefellsnes-kirkjufell-beitragsbild.jpg\",\"contentUrl\":\"https:\\\/\\\/www.tui.com\\\/blog\\\/wp-content\\\/uploads\\\/2023\\\/04\\\/island-snaefellsnes-kirkjufell-beitragsbild.jpg\",\"width\":1400,\"height\":788,\"caption\":\"Der malerische Berg Kirkjufell im Norden der Halbinsel Sn\u00e6fellsnes im Westen Islands.\"},{\"@type\":\"BreadcrumbList\",\"@id\":\"https:\\\/\\\/www.tui.com\\\/blog\\\/island-die-magische-insel-im-hohen-norden\\\/#breadcrumb\",\"itemListElement\":[{\"@type\":\"ListItem\",\"position\":1,\"name\":\"Startseite\",\"item\":\"https:\\\/\\\/www.tui.com\\\/blog\\\/\"},{\"@type\":\"ListItem\",\"position\":2,\"name\":\"Island- die magische Insel im hohen Norden\"}]},{\"@type\":\"WebSite\",\"@id\":\"https:\\\/\\\/www.tui.com\\\/blog\\\/#website\",\"url\":\"https:\\\/\\\/www.tui.com\\\/blog\\\/\",\"name\":\"TUI.com Reiseblog \u2600\",\"description\":\"Abenteuer oder lieber an den Strand? \u2600 Der TUI Reiseblog bietet tolle Infos rund um deine n\u00e4chste Reise \u2708 Komm vorbei und lass dich inspirieren \u221a\",\"publisher\":{\"@id\":\"https:\\\/\\\/www.tui.com\\\/blog\\\/#organization\"},\"potentialAction\":[{\"@type\":\"SearchAction\",\"target\":{\"@type\":\"EntryPoint\",\"urlTemplate\":\"https:\\\/\\\/www.tui.com\\\/blog\\\/?s={search_term_string}\"},\"query-input\":{\"@type\":\"PropertyValueSpecification\",\"valueRequired\":true,\"valueName\":\"search_term_string\"}}],\"inLanguage\":\"de\"},{\"@type\":\"Organization\",\"@id\":\"https:\\\/\\\/www.tui.com\\\/blog\\\/#organization\",\"name\":\"TUI.com Reiseblog \u2600\",\"url\":\"https:\\\/\\\/www.tui.com\\\/blog\\\/\",\"logo\":{\"@type\":\"ImageObject\",\"inLanguage\":\"de\",\"@id\":\"https:\\\/\\\/www.tui.com\\\/blog\\\/#\\\/schema\\\/logo\\\/image\\\/\",\"url\":\"https:\\\/\\\/www.tui.com\\\/blog\\\/wp-content\\\/uploads\\\/2023\\\/04\\\/cropped-tui-logo-3.png\",\"contentUrl\":\"https:\\\/\\\/www.tui.com\\\/blog\\\/wp-content\\\/uploads\\\/2023\\\/04\\\/cropped-tui-logo-3.png\",\"width\":164,\"height\":72,\"caption\":\"TUI.com Reiseblog \u2600\"},\"image\":{\"@id\":\"https:\\\/\\\/www.tui.com\\\/blog\\\/#\\\/schema\\\/logo\\\/image\\\/\"}},{\"@type\":\"Person\",\"@id\":\"https:\\\/\\\/www.tui.com\\\/blog\\\/#\\\/schema\\\/person\\\/e0405bcbd5102f3edd229113f1c50a06\",\"name\":\"TUI Reiseexperten\",\"image\":{\"@type\":\"ImageObject\",\"inLanguage\":\"de\",\"@id\":\"https:\\\/\\\/www.tui.com\\\/blog\\\/wp-content\\\/uploads\\\/2016\\\/10\\\/TUIMitarbeiter-178x176.jpg\",\"url\":\"https:\\\/\\\/www.tui.com\\\/blog\\\/wp-content\\\/uploads\\\/2016\\\/10\\\/TUIMitarbeiter-178x176.jpg\",\"contentUrl\":\"https:\\\/\\\/www.tui.com\\\/blog\\\/wp-content\\\/uploads\\\/2016\\\/10\\\/TUIMitarbeiter-178x176.jpg\",\"caption\":\"TUI Reiseexperten\"},\"description\":\"TEST\",\"url\":\"https:\\\/\\\/www.tui.com\\\/blog\\\/author\\\/tui-mitarbeiter\\\/\"}]}<\/script>\n<!-- \/ Yoast SEO plugin. -->","yoast_head_json":{"title":"Island- die magische Insel im hohen Norden - TUI.com Reiseblog \u2600","description":"Begleite TUI Mitarbeiterin Eva auf ihren Roadtrip durch Island im Land der Elfen und Wunder. Erlebe spektakul\u00e4re Landschaften und traumhafte Natur.","robots":{"index":"index","follow":"follow","max-snippet":"max-snippet:-1","max-image-preview":"max-image-preview:large","max-video-preview":"max-video-preview:-1"},"canonical":"https:\/\/www.tui.com\/blog\/island-die-magische-insel-im-hohen-norden\/","og_locale":"de_DE","og_type":"article","og_title":"Island- die magische Insel im hohen Norden - TUI.com Reiseblog \u2600","og_description":"Begleite TUI Mitarbeiterin Eva auf ihren Roadtrip durch Island im Land der Elfen und Wunder. Erlebe spektakul\u00e4re Landschaften und traumhafte Natur.","og_url":"https:\/\/www.tui.com\/blog\/island-die-magische-insel-im-hohen-norden\/","og_site_name":"TUI.com Reiseblog \u2600","article_published_time":"2023-03-06T10:00:00+00:00","article_modified_time":"2025-07-04T07:07:05+00:00","og_image":[{"width":1400,"height":788,"url":"https:\/\/www.tui.com\/blog\/wp-content\/uploads\/2023\/04\/island-snaefellsnes-kirkjufell-beitragsbild.jpg","type":"image\/jpeg"}],"author":"TUI Reiseexperten","twitter_card":"summary_large_image","twitter_misc":{"Verfasst von":"TUI Reiseexperten","Gesch\u00e4tzte Lesezeit":"14\u00a0Minuten"},"schema":{"@context":"https:\/\/schema.org","@graph":[{"@type":"BlogPosting","@id":"https:\/\/www.tui.com\/blog\/island-die-magische-insel-im-hohen-norden\/#article","isPartOf":{"@id":"https:\/\/www.tui.com\/blog\/island-die-magische-insel-im-hohen-norden\/"},"author":{"name":"TUI Reiseexperten","@id":"https:\/\/www.tui.com\/blog\/#\/schema\/person\/e0405bcbd5102f3edd229113f1c50a06"},"headline":"Island- die magische Insel im hohen Norden","datePublished":"2023-03-06T10:00:00+00:00","dateModified":"2025-07-04T07:07:05+00:00","mainEntityOfPage":{"@id":"https:\/\/www.tui.com\/blog\/island-die-magische-insel-im-hohen-norden\/"},"wordCount":1924,"commentCount":0,"publisher":{"@id":"https:\/\/www.tui.com\/blog\/#organization"},"image":{"@id":"https:\/\/www.tui.com\/blog\/island-die-magische-insel-im-hohen-norden\/#primaryimage"},"thumbnailUrl":"https:\/\/www.tui.com\/blog\/wp-content\/uploads\/2023\/04\/island-snaefellsnes-kirkjufell-beitragsbild.jpg","keywords":["Island","Roadtrip","Rundreise"],"articleSection":["Andere Reisearten","Reisearten","Reiseziele","weitere beliebte Reiseziele"],"inLanguage":"de","potentialAction":[{"@type":"CommentAction","name":"Comment","target":["https:\/\/www.tui.com\/blog\/island-die-magische-insel-im-hohen-norden\/#respond"]}]},{"@type":"WebPage","@id":"https:\/\/www.tui.com\/blog\/island-die-magische-insel-im-hohen-norden\/","url":"https:\/\/www.tui.com\/blog\/island-die-magische-insel-im-hohen-norden\/","name":"Island- die magische Insel im hohen Norden - TUI.com Reiseblog \u2600","isPartOf":{"@id":"https:\/\/www.tui.com\/blog\/#website"},"primaryImageOfPage":{"@id":"https:\/\/www.tui.com\/blog\/island-die-magische-insel-im-hohen-norden\/#primaryimage"},"image":{"@id":"https:\/\/www.tui.com\/blog\/island-die-magische-insel-im-hohen-norden\/#primaryimage"},"thumbnailUrl":"https:\/\/www.tui.com\/blog\/wp-content\/uploads\/2023\/04\/island-snaefellsnes-kirkjufell-beitragsbild.jpg","datePublished":"2023-03-06T10:00:00+00:00","dateModified":"2025-07-04T07:07:05+00:00","description":"Begleite TUI Mitarbeiterin Eva auf ihren Roadtrip durch Island im Land der Elfen und Wunder. Erlebe spektakul\u00e4re Landschaften und traumhafte Natur.","breadcrumb":{"@id":"https:\/\/www.tui.com\/blog\/island-die-magische-insel-im-hohen-norden\/#breadcrumb"},"inLanguage":"de","potentialAction":[{"@type":"ReadAction","target":["https:\/\/www.tui.com\/blog\/island-die-magische-insel-im-hohen-norden\/"]}]},{"@type":"ImageObject","inLanguage":"de","@id":"https:\/\/www.tui.com\/blog\/island-die-magische-insel-im-hohen-norden\/#primaryimage","url":"https:\/\/www.tui.com\/blog\/wp-content\/uploads\/2023\/04\/island-snaefellsnes-kirkjufell-beitragsbild.jpg","contentUrl":"https:\/\/www.tui.com\/blog\/wp-content\/uploads\/2023\/04\/island-snaefellsnes-kirkjufell-beitragsbild.jpg","width":1400,"height":788,"caption":"Der malerische Berg Kirkjufell im Norden der Halbinsel Sn\u00e6fellsnes im Westen Islands."},{"@type":"BreadcrumbList","@id":"https:\/\/www.tui.com\/blog\/island-die-magische-insel-im-hohen-norden\/#breadcrumb","itemListElement":[{"@type":"ListItem","position":1,"name":"Startseite","item":"https:\/\/www.tui.com\/blog\/"},{"@type":"ListItem","position":2,"name":"Island- die magische Insel im hohen Norden"}]},{"@type":"WebSite","@id":"https:\/\/www.tui.com\/blog\/#website","url":"https:\/\/www.tui.com\/blog\/","name":"TUI.com Reiseblog \u2600","description":"Abenteuer oder lieber an den Strand? \u2600 Der TUI Reiseblog bietet tolle Infos rund um deine n\u00e4chste Reise \u2708 Komm vorbei und lass dich inspirieren \u221a","publisher":{"@id":"https:\/\/www.tui.com\/blog\/#organization"},"potentialAction":[{"@type":"SearchAction","target":{"@type":"EntryPoint","urlTemplate":"https:\/\/www.tui.com\/blog\/?s={search_term_string}"},"query-input":{"@type":"PropertyValueSpecification","valueRequired":true,"valueName":"search_term_string"}}],"inLanguage":"de"},{"@type":"Organization","@id":"https:\/\/www.tui.com\/blog\/#organization","name":"TUI.com Reiseblog \u2600","url":"https:\/\/www.tui.com\/blog\/","logo":{"@type":"ImageObject","inLanguage":"de","@id":"https:\/\/www.tui.com\/blog\/#\/schema\/logo\/image\/","url":"https:\/\/www.tui.com\/blog\/wp-content\/uploads\/2023\/04\/cropped-tui-logo-3.png","contentUrl":"https:\/\/www.tui.com\/blog\/wp-content\/uploads\/2023\/04\/cropped-tui-logo-3.png","width":164,"height":72,"caption":"TUI.com Reiseblog \u2600"},"image":{"@id":"https:\/\/www.tui.com\/blog\/#\/schema\/logo\/image\/"}},{"@type":"Person","@id":"https:\/\/www.tui.com\/blog\/#\/schema\/person\/e0405bcbd5102f3edd229113f1c50a06","name":"TUI Reiseexperten","image":{"@type":"ImageObject","inLanguage":"de","@id":"https:\/\/www.tui.com\/blog\/wp-content\/uploads\/2016\/10\/TUIMitarbeiter-178x176.jpg","url":"https:\/\/www.tui.com\/blog\/wp-content\/uploads\/2016\/10\/TUIMitarbeiter-178x176.jpg","contentUrl":"https:\/\/www.tui.com\/blog\/wp-content\/uploads\/2016\/10\/TUIMitarbeiter-178x176.jpg","caption":"TUI Reiseexperten"},"description":"TEST","url":"https:\/\/www.tui.com\/blog\/author\/tui-mitarbeiter\/"}]}},"_links":{"self":[{"href":"https:\/\/www.tui.com\/blog\/wp-json\/wp\/v2\/posts\/198786","targetHints":{"allow":["GET"]}}],"collection":[{"href":"https:\/\/www.tui.com\/blog\/wp-json\/wp\/v2\/posts"}],"about":[{"href":"https:\/\/www.tui.com\/blog\/wp-json\/wp\/v2\/types\/post"}],"author":[{"embeddable":true,"href":"https:\/\/www.tui.com\/blog\/wp-json\/wp\/v2\/users\/86"}],"replies":[{"embeddable":true,"href":"https:\/\/www.tui.com\/blog\/wp-json\/wp\/v2\/comments?post=198786"}],"version-history":[{"count":3,"href":"https:\/\/www.tui.com\/blog\/wp-json\/wp\/v2\/posts\/198786\/revisions"}],"predecessor-version":[{"id":476224,"href":"https:\/\/www.tui.com\/blog\/wp-json\/wp\/v2\/posts\/198786\/revisions\/476224"}],"wp:featuredmedia":[{"embeddable":true,"href":"https:\/\/www.tui.com\/blog\/wp-json\/wp\/v2\/media\/198828"}],"wp:attachment":[{"href":"https:\/\/www.tui.com\/blog\/wp-json\/wp\/v2\/media?parent=198786"}],"wp:term":[{"taxonomy":"category","embeddable":true,"href":"https:\/\/www.tui.com\/blog\/wp-json\/wp\/v2\/categories?post=198786"},{"taxonomy":"post_tag","embeddable":true,"href":"https:\/\/www.tui.com\/blog\/wp-json\/wp\/v2\/tags?post=198786"}],"curies":[{"name":"wp","href":"https:\/\/api.w.org\/{rel}","templated":true}]}}