{"id":398250,"date":"2023-07-18T07:49:43","date_gmt":"2023-07-18T05:49:43","guid":{"rendered":"https:\/\/www.tui.com\/blog\/?p=398250"},"modified":"2023-12-29T08:41:05","modified_gmt":"2023-12-29T07:41:05","slug":"welcher-koffer-passt-am-besten-zu-dir-wir-machen-den-koffercheck","status":"publish","type":"post","link":"https:\/\/www.tui.com\/blog\/welcher-koffer-passt-am-besten-zu-dir-wir-machen-den-koffercheck\/","title":{"rendered":"Welcher Koffer passt am besten zu dir? Wir machen den Koffercheck!\u00a0"},"content":{"rendered":"<div class=\"lazyblock-intro-2rLKTx wp-block-lazyblock-intro\"> <div style=\"color: #4C4C4C, margin-bottom: 18px\">\n    <span style=\"font-size:24px\">\u201cIch packe meinen Koffer und nehme mit \u2026&quot; &#8211; ja, aber welchen Koffer denn? Es ist nicht nur wichtig, wie und womit du deinen Koffer packst, sondern auch welchen Koffer du packst. Wir zeigen dir, welche Koffer es gibt und stellen dir n\u00fctzliche Tipps vor, damit du auf deiner n\u00e4chsten Reise das richtige Gep\u00e4ck dabeihast! <\/span>\n    <br>\n    <br>\n <\/div><\/div>\n\n    <div class=\"wp-caption tui-image-module\">\r\n    <img decoding=\"async\" src=\"https:\/\/www.tui.com\/blog\/wp-content\/uploads\/2023\/07\/Next_aufgeklappt.jpg\" alt=\"\" \/>\r\n            <p class=\"wp-caption-text\">Mit dem richtigen Koffer l\u00e4sst es sich besser f\u00fcr den Urlaub packen <span> | travelite<\/span><\/p>\r\n        <\/div>\r\n    \n\n\n<p>Welcher Koffer ist der beste? Das ist hier die Frage! Und die stellt sich sowohl f\u00fcr kleines Handgep\u00e4ck als auch f\u00fcr gr\u00f6\u00dferes Reisegep\u00e4ck. Als st\u00e4ndiger Reisebegleiter sollte ein Koffer leicht, robust, langlebig und praktisch sein. Aber sch\u00f6n sollte er ja auch sein, oder? \ud83d\ude09 Gar keine so einfache Kombination. Wir haben die L\u00f6sung f\u00fcr dich: die <a href=\"https:\/\/www.travelite.com\/de?utm_source=tui&amp;utm_medium=blog&amp;utm_campaign=artikel_kofferpacken\" target=\"_blank\" rel=\"noreferrer noopener\">Koffer von travelite<\/a>. Die Marke travelite kommt aus Hamburg und ist bekannt f\u00fcr hochwertiges Reisegep\u00e4ck. Die Koffer vereinen sch\u00f6nes, hochwertiges Design mit langlebiger, qualitativer Verarbeitung. Und sind zudem mit einem integrierten, sicheren Verschlusssystem, einer arretierbaren Teleskopstange und gummierten, wendigen 360\u00b0 Doppelrollen ausgestattet.&nbsp;<\/p>\n\n\n<div class=\"table-of-contents\">\r\n    <div class=\"toc-head\">\r\n        <span class=\"toc-headline\">Inhalt<\/span>\r\n        <button class=\"toggle-toc\"\r\n            aria-expanded=\"false\"\r\n            aria-controls=\"toc-list\"\r\n            aria-label=\"Inhaltsverzeichnis ein- oder ausklappen\">\r\n            <svg xmlns=\"http:\/\/www.w3.org\/2000\/svg\" width=\"17.503\" height=\"10.303\" viewBox=\"0 0 17.503 10.303\">\r\n                <path id=\"Icon_ionic-ios-arrow-back\" data-name=\"Icon ionic-ios-arrow-back\" d=\"M14.356,14.943l6.819-6.618a1.22,1.22,0,0,0,0-1.766,1.321,1.321,0,0,0-1.824,0l-7.726,7.5a1.223,1.223,0,0,0-.038,1.725l7.758,7.55a1.323,1.323,0,0,0,1.824,0,1.22,1.22,0,0,0,0-1.766Z\" transform=\"translate(23.697 -11.251) rotate(90)\" fill=\"#1B115C\"><\/path>\r\n            <\/svg>\r\n        <\/button>\r\n    <\/div>\r\n    <ul id=\"toc-list\" class=\"toc-list\"><\/ul>\r\n<\/div>\n\n\n<h2 class=\"wp-block-heading\">Auf die Gr\u00f6\u00dfe kommt es an<\/h2>\n\n\n\n<p>Je nachdem, ob du einen kurzen St\u00e4dtetrip machst oder in den Sommerurlaub in den S\u00fcden fliegst, den richtigen Koffer brauchst du ganz bestimmt. F\u00fcr einen Kurztrip von einigenTagen bist du mit einem kleinen Handgep\u00e4ckskoffer mit 30 bis 40 Litern gut beraten. Der passt in jeden Kofferraum, in die Gep\u00e4ckablage im Zug und als Bordgep\u00e4ck ins Flugzeug. Sollte dein Trip doch l\u00e4nger gehen, gibt es mittelgro\u00dfe Koffer, die 70 bis 80 Liter fassen. F\u00fcr Gesch\u00e4ftsreisen gibt es besondere Businesskoffer, die innen mehrere F\u00e4cher f\u00fcr Dokumente oder einen Laptop haben und au\u00dfen extra Taschen f\u00fcr Tickets oder das Portemonnaie. F\u00fcr einen ausgiebigen, gro\u00dfen Urlaub sind die gro\u00dfen Koffer mit 100 Litern Volumen die richtige Wahl. Hier kannst du ausreichend Kleidung, Schuhe und Handt\u00fccher verstauen. Und nat\u00fcrlich jede Menge Mitbringsel f\u00fcr die Liebsten \ud83d\ude09&nbsp;<\/p>\n\n\n    <div class=\"wp-caption tui-image-module\">\r\n    <img decoding=\"async\" src=\"https:\/\/www.tui.com\/blog\/wp-content\/uploads\/2023\/07\/TUI_doch-nicht-Beitragsbild.jpg\" alt=\"\" \/>\r\n            <p class=\"wp-caption-text\">F\u00fcr jeden Anlass gibt es die richtige Koffergr\u00f6\u00dfe<span> | travelite<\/span><\/p>\r\n        <\/div>\r\n    \n\n\n<h2 class=\"wp-block-heading\">Handgep\u00e4ckskoffer<\/h2>\n\n\n\n<p>Das Gewicht und die richtigen Ma\u00dfe deines Gep\u00e4cks spielen besonders beim Fliegen eine wichtige Rolle. Die meisten Fluggesellschaften erlauben Handgep\u00e4ck mit einer maximalen Gr\u00f6\u00dfe von 55 x 40 x 20 cm und einem Gewicht von bis zu 8 Kilogramm. Das kann von Airline zu Airline variieren, informiere dich am besten vor Abflug bei deiner Fluggesellschaft, um \u201cb\u00f6se \u00dcberraschungen\u201d am Flughafen zu umgehen.&nbsp;&nbsp;<\/p>\n\n\n\n<p>Die <a href=\"https:\/\/www.travelite.com\/de\/Koffer\/Handgepaeck?utm_source=tui&amp;utm_medium=blog&amp;utm_campaign=artikel_kofferpacken\" target=\"_blank\" rel=\"noreferrer noopener\">Handgep\u00e4ckskoffer von travelite<\/a> sind aus robustem Material gefertigt und innen mit nachhaltigem recyceltem Material verarbeitet. Die Hartschalenkoffer sind aus Aluminium oder stabilem Kunststoff gefertigt und sch\u00fctzen sowohl vor Wind und Wetter als auch vor Sto\u00dfsch\u00e4den. Und das mit einem Leichtgewicht von nur 2,8 Kilogramm. Das Weichgep\u00e4ck wird aus widerstandsf\u00e4higem Polyester gefertigt und wiegt nur 2,1 Kilogramm. Du hast also noch genug Platz bzw. Kilogramm f\u00fcr Kleidung und Mitbringsel \u00fcbrig. Das kompakte, praktische Format der Koffer passt zu jeder Airline.&nbsp;&nbsp;&nbsp;<\/p>\n\n\n    <div class=\"wp-caption tui-image-module\">\r\n    <img decoding=\"async\" src=\"https:\/\/www.tui.com\/blog\/wp-content\/uploads\/2023\/07\/travelite_Elvaa_Image_.jpg\" alt=\"\" \/>\r\n            <p class=\"wp-caption-text\">Handgep\u00e4ckskoffer sollten kompakt und praktisch sein <span> | travelite<\/span><\/p>\r\n        <\/div>\r\n    \n\n\n<h2 class=\"wp-block-heading\">Hartschale vs. Weichgep\u00e4ck<\/h2>\n\n\n\n<p>Die Frage haben sich bestimmt alle schon mal gestellt: lieber den Koffer mit stabilem, hartem Case oder doch eher den weicheren Koffer? Du solltest dich nicht nur bei einem Wochenendtrip auf dein Gep\u00e4ckst\u00fcck verlassen k\u00f6nnen, sondern vor allem auch auf einer l\u00e4ngeren Reise. Aber bevor wir dir die Vor- und Nachteile beider Koffer vorstellen, widmen wir uns der Frage, wie schwer Aufgabegep\u00e4ck \u00fcberhaupt sein darf, denn das ist auch entscheidend bei der Kofferwahl. Egal ob Economy, Business oder First Class: ein Reisekoffer kann als Aufgabegep\u00e4ck je nach Tarif zwischen 10 und 32 Kilogramm wiegen. Mehr ist nicht erlaubt, auch dann nicht, wenn man extra daf\u00fcr zahlt. Aus Arbeitsschutzgr\u00fcnden f\u00fcr die Mitarbeitenden darf das Gewicht nicht \u00fcberschritten werden. Wenn das Gep\u00e4ck doch mal schwerer ist, muss es als Fracht aufgegeben und maschinell verladen werden.&nbsp;&nbsp;<\/p>\n\n\n\n<h2 class=\"wp-block-heading\">Der stabile Hartschalenkoffer<\/h2>\n\n\n\n<p>Wie der Name so sch\u00f6n vermuten l\u00e4sst, besteht der gr\u00f6\u00dfte Vorteil in der harten Schale: sie macht den Koffer sehr robust und sch\u00fctzt den Inhalt. Das ist vor allem bei empfindlichen Gegenst\u00e4nden wichtig.&nbsp;&nbsp;<\/p>\n\n\n\n<p>F\u00fcr einen Hartschalenkoffer wird robustes und widerstandsf\u00e4higes Au\u00dfenmaterial verwendet. Oft bestehen sie aus stabilen, aber leichten Kunststoffen, wie Polypropylen oder ABS. Die <a href=\"https:\/\/www.travelite.com\/de\/Serien\/Next?utm_source=tui&amp;utm_medium=blog&amp;utm_campaign=artikel_kofferpacken\" target=\"_blank\" rel=\"noreferrer noopener\">Serie \u201cNext\u201d von travelite<\/a> wird beispielsweise aus hochwertigem Aluminium hergestellt, das seine Form wahrt, recyclebar und extrem robust ist. Der Koffer ist also auch bestens gesch\u00fctzt, sollte er mal hinfallen. Allerdings sind Kratzer auf einer harten Schale besser sichtbar als auf weichen Textilien. Das kann man aber auch positiv sehen: jeder Kratzer und jede Beule sind ein Andenken an eine aufregende Reise. Auch bei Regen und Feuchtigkeit h\u00e4lt der Koffer stand und sch\u00fctzt den Inhalt. Die Schale der Koffer ist zudem abwaschbar und l\u00e4sst sich gut mit einem feuchten Tuch reinigen.&nbsp;<\/p>\n\n\n\n<p>Einige Hartschalenkoffer sind innen gef\u00fcttert oder mit weichen Textilien ausgestattet, das sch\u00fctzt die Kleidung und den Inhalt. Durch die praktischen Dehnfalte l\u00e4sst sich einfach das Volumen erweitern, falls es doch mal mehr wird. Allerdings ist durch das feste Au\u00dfenmaterial kein Quetschen mehr m\u00f6glich. Wenn der Koffer voll ist, dann ist er auch voll. Daf\u00fcr sind die Koffer innen mit F\u00e4chern aufgeteilt und erm\u00f6glichen es so, platzsparend zu packen. Damit die Kleidung nicht verrutscht, k\u00f6nnen die F\u00e4cher mit Rei\u00dfverschl\u00fcssen geschlossen oder mit elastischen Packgurten gesichert werden. So findest du im Urlaub alles wieder und kannst ganz einfach Ordnung halten.&nbsp;&nbsp;<\/p>\n\n\n\n<p>\u00dcbrigens: Die hochwertigen Hartschalenkoffer von travelite sind mit einem sicheren TSA Schloss oder Kombinationsschloss ausgestattet, die dir sogar die Zollabfertigung erleichtern k\u00f6nnen. Denn so k\u00f6nnen die Koffer problemlos mit einem Generalschl\u00fcssel vom Zoll ge\u00f6ffnet werden kann.&nbsp;&nbsp;<\/p>\n\n\n    <div class=\"wp-caption tui-image-module\">\r\n    <img decoding=\"async\" src=\"https:\/\/www.tui.com\/blog\/wp-content\/uploads\/2023\/07\/Travelite-Next-Kollektion.jpg\" alt=\"\" \/>\r\n            <p class=\"wp-caption-text\">Stabile Hartschalenkoffer sind der ideale Reisebegleiter<span> | travelite<\/span><\/p>\r\n        <\/div>\r\n    \n\n\n<h2 class=\"wp-block-heading\">Das softe Weichgep\u00e4ck<\/h2>\n\n\n\n<p>Wir kennen es doch alle, auf Reisen kommt es auf jedes Gramm an: das letzte T-Shirt wird auch mal reingequetscht und sich am Ende oben auf den Koffer gesetzt, um ihn zu zubekommen. Und genau da liegt auch der gro\u00dfe Vorteil an Koffern mit softem Case: sie sind flexibel, vielseitig und strapazierf\u00e4hig. Und oft auch viel leichter als Hartschalenkoffer, das ist besonders bei Flugreisen ein Vorteil. Die Koffer mit weicher Schale sind in verschiedenen Gr\u00f6\u00dfen und Ausf\u00fchrungen erh\u00e4ltlich und eignen sich sowohl f\u00fcrs Hand- und Reisegep\u00e4ck.&nbsp;&nbsp;<\/p>\n\n\n\n<p>Auch f\u00fcr Weichgep\u00e4ck wird robustes Au\u00dfenmaterialen verwendet, meist sind die Koffer aus widerstandsf\u00e4higem Polyester gefertigt. travelite setzt auch beim <a href=\"https:\/\/www.travelite.com\/de\/Koffer\/Weichgepaeck?utm_source=tui&amp;utm_medium=blog&amp;utm_campaign=artikel_kofferpacken\" target=\"_blank\" rel=\"noreferrer noopener\">Weichgep\u00e4ck <\/a>auf Nachhaltigkeit und hat die Modelle mehrerer Serien aus recyceltem Polyestergewebe hergestellt \u2013 das gilt sowohl f\u00fcr au\u00dfen als auch f\u00fcr das Innenfutter. Daf\u00fcr werden zertifizierte Plastikabf\u00e4lle statt neuer Rohstoffe verwendet. Das Material ist durch seine spezielle Webart besonders widerstandsf\u00e4hig und l\u00e4sst sich sehr leicht mit einem feuchten Tuch reinigen. Durch das weiche Material sind die Koffer etwas anf\u00e4lliger und lassen sich bei St\u00f6\u00dfen oder durchs Fallenlassen einfacher eindr\u00fccken und verformen. Viele Koffer haben daher einen stabilisierenden Kantenschutz.&nbsp;<\/p>\n\n\n\n<p>Die Koffer sind zudem wahre Raumwunder: innen befinden sich zwei gro\u00dfe Rei\u00dfverschlussf\u00e4cher, Packgurte und kleinere Taschen. Die praktischen, aufgen\u00e4hten Fronttaschen mit Rei\u00dfverschluss bieten zus\u00e4tzlich Platz f\u00fcr Kleidung oder Kleinigkeiten. Hier lassen sich Dinge wie Reiseunterlagen verstauen, die auf der Reise schnell greifbar sein m\u00fcssen.&nbsp;&nbsp;<\/p>\n\n\n    <div class=\"wp-caption tui-image-module\">\r\n    <img decoding=\"async\" src=\"https:\/\/www.tui.com\/blog\/wp-content\/uploads\/2023\/07\/travelite_Viia_Image.jpg\" alt=\"\" \/>\r\n            <p class=\"wp-caption-text\">Weichgep\u00e4ckskoffer sind stabil und zuverl\u00e4ssig trotz leichtem Gewicht<span> | travelite<\/span><\/p>\r\n        <\/div>\r\n    \n\n\n<h2 class=\"wp-block-heading\"><strong>Die 5 besten Packtipps von travelite<\/strong><\/h2>\n\n\n\n<ol class=\"wp-block-list\" start=\"1\">\n<li>Verstau die schweren Sachen, wie Schuhe oder B\u00fccher lieber auf der die stabileren R\u00fcckseite des Koffers<\/li>\n\n\n\n<li>Leichtes Gep\u00e4ck wie Unterw\u00e4sche ist am besten auf der Vorderseite oder oben im Koffer aufgehoben<\/li>\n\n\n\n<li>Sockenpaare k\u00f6nnen aufgerollt und anschlie\u00dfend in Schuhe gesteckt werden, das polstert sie zus\u00e4tzlich aus!<\/li>\n\n\n\n<li>T-Shirts lassen sich ebenfalls gut einrollen und in Spalten verstauen<\/li>\n\n\n\n<li>Stapel Blusen, Hemden und andere Kleidungsst\u00fccke, die knitterfrei ankommen sollen, am besten aufeinander<\/li>\n<\/ol>\n\n\n\n<p><\/p>\n\n\n\n<h2 class=\"wp-block-heading\">Willkommensrabatt!<\/h2>\n\n\n\n<p>Wenn du jetzt auch richtig Lust auf einen hochwertigen, guten Koffer von travelite bekommen hast, haben wir genau das richtige f\u00fcr dich: <strong>10\u20ac Willkommensrabatt<\/strong>. Meld dich daf\u00fcr einfach zum <a href=\"https:\/\/www.travelite.com\/de\/UEber-travelite\/Newsletter\/\">travelite-Newsletter<\/a> an und sicher dir Rabatt auf deine erste Bestellung ab 30\u20ac. <\/p>\n\n\n\n<p> <\/p>\n\n\n\n<p><strong>Hast du deinen Lieblingskoffer schon im Schrank und wartest nur auf die n\u00e4chste Reise?<\/strong> Dann klick dich durch das Flugangebot von TUI und entdecke die sch\u00f6nsten Ziele weltweit. Fliege mit den besten Airlines zu \u00fcber 300 Flugzielen in 99 L\u00e4ndern weltweit &#8211; von atemberaubenden Str\u00e4nden, faszinierenden historischen Orten bis zu aufregenden St\u00e4dten. Einfach Fl\u00fcge verschiedener Fluggesellschaften miteinander vergleichen und g\u00fcnstig abheben!<\/p>\n\n\n        <div class=\"button-wrapper\">\r\n            <a class=\"tui-button-default\" href=\"https:\/\/www.tui.com\/flug\/?&#038;contentid=blog_travelite\"\r\n               target=\"_blank\">\r\n                Finde hier deinen n\u00e4chsten Flug!            <\/a>\r\n        <\/div>\r\n    ","protected":false},"excerpt":{"rendered":"<p>\u201cIch packe meinen Koffer und nehme mit \u2026&#8220; &#8211; ja, aber welchen Koffer denn? Es ist nicht nur wichtig, wie und womit du deinen Koffer packst, sondern auch welchen Koffer du packst. Wir zeigen dir, welche Koffer es gibt und stellen dir n\u00fctzliche Tipps vor, damit du auf deiner n\u00e4chsten Reise das richtige Gep\u00e4ck dabeihast! <\/p>\n","protected":false},"author":158,"featured_media":398762,"comment_status":"open","ping_status":"open","sticky":false,"template":"","format":"standard","meta":{"_acf_changed":false,"footnotes":""},"categories":[4072],"tags":[2607,3042,49,3063,3064,3187,497,388],"class_list":["post-398250","post","type-post","status-publish","format-standard","has-post-thumbnail","hentry","category-archiv-reiseplanung","tag-handgepaeck","tag-koffer","tag-koffer-packen","tag-packen","tag-packliste","tag-staedtereise","tag-strandurlaub","tag-urlaub"],"acf":[],"yoast_head":"<!-- This site is optimized with the Yoast SEO plugin v27.4 - https:\/\/yoast.com\/product\/yoast-seo-wordpress\/ -->\n<title>Welcher Koffer passt am besten zu dir? Wir machen den Koffercheck!\u00a0 - TUI.com Reiseblog \u2600<\/title>\n<meta name=\"description\" content=\"Es ist nicht nur wichtig, wie und womit du deinen Koffer packst, sondern auch welchen Koffer du packst. Wir machen den Koffercheck!\" \/>\n<meta name=\"robots\" content=\"index, follow, max-snippet:-1, max-image-preview:large, max-video-preview:-1\" \/>\n<link rel=\"canonical\" href=\"https:\/\/www.tui.com\/blog\/welcher-koffer-passt-am-besten-zu-dir-wir-machen-den-koffercheck\/\" \/>\n<meta property=\"og:locale\" content=\"de_DE\" \/>\n<meta property=\"og:type\" content=\"article\" \/>\n<meta property=\"og:title\" content=\"Welcher Koffer passt am besten zu dir? Wir machen den Koffercheck!\u00a0 - TUI.com Reiseblog \u2600\" \/>\n<meta property=\"og:description\" content=\"Es ist nicht nur wichtig, wie und womit du deinen Koffer packst, sondern auch welchen Koffer du packst. Wir machen den Koffercheck!\" \/>\n<meta property=\"og:url\" content=\"https:\/\/www.tui.com\/blog\/welcher-koffer-passt-am-besten-zu-dir-wir-machen-den-koffercheck\/\" \/>\n<meta property=\"og:site_name\" content=\"TUI.com Reiseblog \u2600\" \/>\n<meta property=\"article:published_time\" content=\"2023-07-18T05:49:43+00:00\" \/>\n<meta property=\"article:modified_time\" content=\"2023-12-29T07:41:05+00:00\" \/>\n<meta property=\"og:image\" content=\"https:\/\/www.tui.com\/blog\/wp-content\/uploads\/2023\/07\/Skaii_Image_Produkte_2-1.jpg\" \/>\n\t<meta property=\"og:image:width\" content=\"1400\" \/>\n\t<meta property=\"og:image:height\" content=\"788\" \/>\n\t<meta property=\"og:image:type\" content=\"image\/jpeg\" \/>\n<meta name=\"author\" content=\"TUI Flugexperte\" \/>\n<meta name=\"twitter:card\" content=\"summary_large_image\" \/>\n<meta name=\"twitter:label1\" content=\"Verfasst von\" \/>\n\t<meta name=\"twitter:data1\" content=\"TUI Flugexperte\" \/>\n\t<meta name=\"twitter:label2\" content=\"Gesch\u00e4tzte Lesezeit\" \/>\n\t<meta name=\"twitter:data2\" content=\"7\u00a0Minuten\" \/>\n<script type=\"application\/ld+json\" class=\"yoast-schema-graph\">{\"@context\":\"https:\\\/\\\/schema.org\",\"@graph\":[{\"@type\":\"BlogPosting\",\"@id\":\"https:\\\/\\\/www.tui.com\\\/blog\\\/welcher-koffer-passt-am-besten-zu-dir-wir-machen-den-koffercheck\\\/#article\",\"isPartOf\":{\"@id\":\"https:\\\/\\\/www.tui.com\\\/blog\\\/welcher-koffer-passt-am-besten-zu-dir-wir-machen-den-koffercheck\\\/\"},\"author\":{\"name\":\"TUI Flugexperte\",\"@id\":\"https:\\\/\\\/www.tui.com\\\/blog\\\/#\\\/schema\\\/person\\\/5fb538e47eae2b78bd2c216a4a0ad055\"},\"headline\":\"Welcher Koffer passt am besten zu dir? Wir machen den Koffercheck!\u00a0\",\"datePublished\":\"2023-07-18T05:49:43+00:00\",\"dateModified\":\"2023-12-29T07:41:05+00:00\",\"mainEntityOfPage\":{\"@id\":\"https:\\\/\\\/www.tui.com\\\/blog\\\/welcher-koffer-passt-am-besten-zu-dir-wir-machen-den-koffercheck\\\/\"},\"wordCount\":1348,\"commentCount\":0,\"publisher\":{\"@id\":\"https:\\\/\\\/www.tui.com\\\/blog\\\/#organization\"},\"image\":{\"@id\":\"https:\\\/\\\/www.tui.com\\\/blog\\\/welcher-koffer-passt-am-besten-zu-dir-wir-machen-den-koffercheck\\\/#primaryimage\"},\"thumbnailUrl\":\"https:\\\/\\\/www.tui.com\\\/blog\\\/wp-content\\\/uploads\\\/2023\\\/07\\\/Skaii_Image_Produkte_2-1.jpg\",\"keywords\":[\"Handgep\u00e4ck\",\"Koffer\",\"Koffer packen\",\"packen\",\"Packliste\",\"St&#228;dtereise\",\"Strandurlaub\",\"Urlaub\"],\"articleSection\":[\"Reiseplanung\"],\"inLanguage\":\"de\",\"potentialAction\":[{\"@type\":\"CommentAction\",\"name\":\"Comment\",\"target\":[\"https:\\\/\\\/www.tui.com\\\/blog\\\/welcher-koffer-passt-am-besten-zu-dir-wir-machen-den-koffercheck\\\/#respond\"]}]},{\"@type\":\"WebPage\",\"@id\":\"https:\\\/\\\/www.tui.com\\\/blog\\\/welcher-koffer-passt-am-besten-zu-dir-wir-machen-den-koffercheck\\\/\",\"url\":\"https:\\\/\\\/www.tui.com\\\/blog\\\/welcher-koffer-passt-am-besten-zu-dir-wir-machen-den-koffercheck\\\/\",\"name\":\"Welcher Koffer passt am besten zu dir? Wir machen den Koffercheck!\u00a0 - TUI.com Reiseblog \u2600\",\"isPartOf\":{\"@id\":\"https:\\\/\\\/www.tui.com\\\/blog\\\/#website\"},\"primaryImageOfPage\":{\"@id\":\"https:\\\/\\\/www.tui.com\\\/blog\\\/welcher-koffer-passt-am-besten-zu-dir-wir-machen-den-koffercheck\\\/#primaryimage\"},\"image\":{\"@id\":\"https:\\\/\\\/www.tui.com\\\/blog\\\/welcher-koffer-passt-am-besten-zu-dir-wir-machen-den-koffercheck\\\/#primaryimage\"},\"thumbnailUrl\":\"https:\\\/\\\/www.tui.com\\\/blog\\\/wp-content\\\/uploads\\\/2023\\\/07\\\/Skaii_Image_Produkte_2-1.jpg\",\"datePublished\":\"2023-07-18T05:49:43+00:00\",\"dateModified\":\"2023-12-29T07:41:05+00:00\",\"description\":\"Es ist nicht nur wichtig, wie und womit du deinen Koffer packst, sondern auch welchen Koffer du packst. Wir machen den Koffercheck!\",\"breadcrumb\":{\"@id\":\"https:\\\/\\\/www.tui.com\\\/blog\\\/welcher-koffer-passt-am-besten-zu-dir-wir-machen-den-koffercheck\\\/#breadcrumb\"},\"inLanguage\":\"de\",\"potentialAction\":[{\"@type\":\"ReadAction\",\"target\":[\"https:\\\/\\\/www.tui.com\\\/blog\\\/welcher-koffer-passt-am-besten-zu-dir-wir-machen-den-koffercheck\\\/\"]}]},{\"@type\":\"ImageObject\",\"inLanguage\":\"de\",\"@id\":\"https:\\\/\\\/www.tui.com\\\/blog\\\/welcher-koffer-passt-am-besten-zu-dir-wir-machen-den-koffercheck\\\/#primaryimage\",\"url\":\"https:\\\/\\\/www.tui.com\\\/blog\\\/wp-content\\\/uploads\\\/2023\\\/07\\\/Skaii_Image_Produkte_2-1.jpg\",\"contentUrl\":\"https:\\\/\\\/www.tui.com\\\/blog\\\/wp-content\\\/uploads\\\/2023\\\/07\\\/Skaii_Image_Produkte_2-1.jpg\",\"width\":1400,\"height\":788},{\"@type\":\"BreadcrumbList\",\"@id\":\"https:\\\/\\\/www.tui.com\\\/blog\\\/welcher-koffer-passt-am-besten-zu-dir-wir-machen-den-koffercheck\\\/#breadcrumb\",\"itemListElement\":[{\"@type\":\"ListItem\",\"position\":1,\"name\":\"Startseite\",\"item\":\"https:\\\/\\\/www.tui.com\\\/blog\\\/\"},{\"@type\":\"ListItem\",\"position\":2,\"name\":\"Welcher Koffer passt am besten zu dir? Wir machen den Koffercheck!\u00a0\"}]},{\"@type\":\"WebSite\",\"@id\":\"https:\\\/\\\/www.tui.com\\\/blog\\\/#website\",\"url\":\"https:\\\/\\\/www.tui.com\\\/blog\\\/\",\"name\":\"TUI.com Reiseblog \u2600\",\"description\":\"Abenteuer oder lieber an den Strand? \u2600 Der TUI Reiseblog bietet tolle Infos rund um deine n\u00e4chste Reise \u2708 Komm vorbei und lass dich inspirieren \u221a\",\"publisher\":{\"@id\":\"https:\\\/\\\/www.tui.com\\\/blog\\\/#organization\"},\"potentialAction\":[{\"@type\":\"SearchAction\",\"target\":{\"@type\":\"EntryPoint\",\"urlTemplate\":\"https:\\\/\\\/www.tui.com\\\/blog\\\/?s={search_term_string}\"},\"query-input\":{\"@type\":\"PropertyValueSpecification\",\"valueRequired\":true,\"valueName\":\"search_term_string\"}}],\"inLanguage\":\"de\"},{\"@type\":\"Organization\",\"@id\":\"https:\\\/\\\/www.tui.com\\\/blog\\\/#organization\",\"name\":\"TUI.com Reiseblog \u2600\",\"url\":\"https:\\\/\\\/www.tui.com\\\/blog\\\/\",\"logo\":{\"@type\":\"ImageObject\",\"inLanguage\":\"de\",\"@id\":\"https:\\\/\\\/www.tui.com\\\/blog\\\/#\\\/schema\\\/logo\\\/image\\\/\",\"url\":\"https:\\\/\\\/www.tui.com\\\/blog\\\/wp-content\\\/uploads\\\/2023\\\/04\\\/cropped-tui-logo-3.png\",\"contentUrl\":\"https:\\\/\\\/www.tui.com\\\/blog\\\/wp-content\\\/uploads\\\/2023\\\/04\\\/cropped-tui-logo-3.png\",\"width\":164,\"height\":72,\"caption\":\"TUI.com Reiseblog \u2600\"},\"image\":{\"@id\":\"https:\\\/\\\/www.tui.com\\\/blog\\\/#\\\/schema\\\/logo\\\/image\\\/\"}},{\"@type\":\"Person\",\"@id\":\"https:\\\/\\\/www.tui.com\\\/blog\\\/#\\\/schema\\\/person\\\/5fb538e47eae2b78bd2c216a4a0ad055\",\"name\":\"TUI Flugexperte\",\"image\":{\"@type\":\"ImageObject\",\"inLanguage\":\"de\",\"@id\":\"https:\\\/\\\/www.tui.com\\\/blog\\\/wp-content\\\/uploads\\\/2022\\\/04\\\/TUI-Flug-Profil-96x96.jpg\",\"url\":\"https:\\\/\\\/www.tui.com\\\/blog\\\/wp-content\\\/uploads\\\/2022\\\/04\\\/TUI-Flug-Profil-96x96.jpg\",\"contentUrl\":\"https:\\\/\\\/www.tui.com\\\/blog\\\/wp-content\\\/uploads\\\/2022\\\/04\\\/TUI-Flug-Profil-96x96.jpg\",\"caption\":\"TUI Flugexperte\"},\"url\":\"https:\\\/\\\/www.tui.com\\\/blog\\\/author\\\/tui-flugexperte\\\/\"}]}<\/script>\n<!-- \/ Yoast SEO plugin. -->","yoast_head_json":{"title":"Welcher Koffer passt am besten zu dir? Wir machen den Koffercheck!\u00a0 - TUI.com Reiseblog \u2600","description":"Es ist nicht nur wichtig, wie und womit du deinen Koffer packst, sondern auch welchen Koffer du packst. Wir machen den Koffercheck!","robots":{"index":"index","follow":"follow","max-snippet":"max-snippet:-1","max-image-preview":"max-image-preview:large","max-video-preview":"max-video-preview:-1"},"canonical":"https:\/\/www.tui.com\/blog\/welcher-koffer-passt-am-besten-zu-dir-wir-machen-den-koffercheck\/","og_locale":"de_DE","og_type":"article","og_title":"Welcher Koffer passt am besten zu dir? Wir machen den Koffercheck!\u00a0 - TUI.com Reiseblog \u2600","og_description":"Es ist nicht nur wichtig, wie und womit du deinen Koffer packst, sondern auch welchen Koffer du packst. Wir machen den Koffercheck!","og_url":"https:\/\/www.tui.com\/blog\/welcher-koffer-passt-am-besten-zu-dir-wir-machen-den-koffercheck\/","og_site_name":"TUI.com Reiseblog \u2600","article_published_time":"2023-07-18T05:49:43+00:00","article_modified_time":"2023-12-29T07:41:05+00:00","og_image":[{"width":1400,"height":788,"url":"https:\/\/www.tui.com\/blog\/wp-content\/uploads\/2023\/07\/Skaii_Image_Produkte_2-1.jpg","type":"image\/jpeg"}],"author":"TUI Flugexperte","twitter_card":"summary_large_image","twitter_misc":{"Verfasst von":"TUI Flugexperte","Gesch\u00e4tzte Lesezeit":"7\u00a0Minuten"},"schema":{"@context":"https:\/\/schema.org","@graph":[{"@type":"BlogPosting","@id":"https:\/\/www.tui.com\/blog\/welcher-koffer-passt-am-besten-zu-dir-wir-machen-den-koffercheck\/#article","isPartOf":{"@id":"https:\/\/www.tui.com\/blog\/welcher-koffer-passt-am-besten-zu-dir-wir-machen-den-koffercheck\/"},"author":{"name":"TUI Flugexperte","@id":"https:\/\/www.tui.com\/blog\/#\/schema\/person\/5fb538e47eae2b78bd2c216a4a0ad055"},"headline":"Welcher Koffer passt am besten zu dir? Wir machen den Koffercheck!\u00a0","datePublished":"2023-07-18T05:49:43+00:00","dateModified":"2023-12-29T07:41:05+00:00","mainEntityOfPage":{"@id":"https:\/\/www.tui.com\/blog\/welcher-koffer-passt-am-besten-zu-dir-wir-machen-den-koffercheck\/"},"wordCount":1348,"commentCount":0,"publisher":{"@id":"https:\/\/www.tui.com\/blog\/#organization"},"image":{"@id":"https:\/\/www.tui.com\/blog\/welcher-koffer-passt-am-besten-zu-dir-wir-machen-den-koffercheck\/#primaryimage"},"thumbnailUrl":"https:\/\/www.tui.com\/blog\/wp-content\/uploads\/2023\/07\/Skaii_Image_Produkte_2-1.jpg","keywords":["Handgep\u00e4ck","Koffer","Koffer packen","packen","Packliste","St&#228;dtereise","Strandurlaub","Urlaub"],"articleSection":["Reiseplanung"],"inLanguage":"de","potentialAction":[{"@type":"CommentAction","name":"Comment","target":["https:\/\/www.tui.com\/blog\/welcher-koffer-passt-am-besten-zu-dir-wir-machen-den-koffercheck\/#respond"]}]},{"@type":"WebPage","@id":"https:\/\/www.tui.com\/blog\/welcher-koffer-passt-am-besten-zu-dir-wir-machen-den-koffercheck\/","url":"https:\/\/www.tui.com\/blog\/welcher-koffer-passt-am-besten-zu-dir-wir-machen-den-koffercheck\/","name":"Welcher Koffer passt am besten zu dir? Wir machen den Koffercheck!\u00a0 - TUI.com Reiseblog \u2600","isPartOf":{"@id":"https:\/\/www.tui.com\/blog\/#website"},"primaryImageOfPage":{"@id":"https:\/\/www.tui.com\/blog\/welcher-koffer-passt-am-besten-zu-dir-wir-machen-den-koffercheck\/#primaryimage"},"image":{"@id":"https:\/\/www.tui.com\/blog\/welcher-koffer-passt-am-besten-zu-dir-wir-machen-den-koffercheck\/#primaryimage"},"thumbnailUrl":"https:\/\/www.tui.com\/blog\/wp-content\/uploads\/2023\/07\/Skaii_Image_Produkte_2-1.jpg","datePublished":"2023-07-18T05:49:43+00:00","dateModified":"2023-12-29T07:41:05+00:00","description":"Es ist nicht nur wichtig, wie und womit du deinen Koffer packst, sondern auch welchen Koffer du packst. Wir machen den Koffercheck!","breadcrumb":{"@id":"https:\/\/www.tui.com\/blog\/welcher-koffer-passt-am-besten-zu-dir-wir-machen-den-koffercheck\/#breadcrumb"},"inLanguage":"de","potentialAction":[{"@type":"ReadAction","target":["https:\/\/www.tui.com\/blog\/welcher-koffer-passt-am-besten-zu-dir-wir-machen-den-koffercheck\/"]}]},{"@type":"ImageObject","inLanguage":"de","@id":"https:\/\/www.tui.com\/blog\/welcher-koffer-passt-am-besten-zu-dir-wir-machen-den-koffercheck\/#primaryimage","url":"https:\/\/www.tui.com\/blog\/wp-content\/uploads\/2023\/07\/Skaii_Image_Produkte_2-1.jpg","contentUrl":"https:\/\/www.tui.com\/blog\/wp-content\/uploads\/2023\/07\/Skaii_Image_Produkte_2-1.jpg","width":1400,"height":788},{"@type":"BreadcrumbList","@id":"https:\/\/www.tui.com\/blog\/welcher-koffer-passt-am-besten-zu-dir-wir-machen-den-koffercheck\/#breadcrumb","itemListElement":[{"@type":"ListItem","position":1,"name":"Startseite","item":"https:\/\/www.tui.com\/blog\/"},{"@type":"ListItem","position":2,"name":"Welcher Koffer passt am besten zu dir? Wir machen den Koffercheck!\u00a0"}]},{"@type":"WebSite","@id":"https:\/\/www.tui.com\/blog\/#website","url":"https:\/\/www.tui.com\/blog\/","name":"TUI.com Reiseblog \u2600","description":"Abenteuer oder lieber an den Strand? \u2600 Der TUI Reiseblog bietet tolle Infos rund um deine n\u00e4chste Reise \u2708 Komm vorbei und lass dich inspirieren \u221a","publisher":{"@id":"https:\/\/www.tui.com\/blog\/#organization"},"potentialAction":[{"@type":"SearchAction","target":{"@type":"EntryPoint","urlTemplate":"https:\/\/www.tui.com\/blog\/?s={search_term_string}"},"query-input":{"@type":"PropertyValueSpecification","valueRequired":true,"valueName":"search_term_string"}}],"inLanguage":"de"},{"@type":"Organization","@id":"https:\/\/www.tui.com\/blog\/#organization","name":"TUI.com Reiseblog \u2600","url":"https:\/\/www.tui.com\/blog\/","logo":{"@type":"ImageObject","inLanguage":"de","@id":"https:\/\/www.tui.com\/blog\/#\/schema\/logo\/image\/","url":"https:\/\/www.tui.com\/blog\/wp-content\/uploads\/2023\/04\/cropped-tui-logo-3.png","contentUrl":"https:\/\/www.tui.com\/blog\/wp-content\/uploads\/2023\/04\/cropped-tui-logo-3.png","width":164,"height":72,"caption":"TUI.com Reiseblog \u2600"},"image":{"@id":"https:\/\/www.tui.com\/blog\/#\/schema\/logo\/image\/"}},{"@type":"Person","@id":"https:\/\/www.tui.com\/blog\/#\/schema\/person\/5fb538e47eae2b78bd2c216a4a0ad055","name":"TUI Flugexperte","image":{"@type":"ImageObject","inLanguage":"de","@id":"https:\/\/www.tui.com\/blog\/wp-content\/uploads\/2022\/04\/TUI-Flug-Profil-96x96.jpg","url":"https:\/\/www.tui.com\/blog\/wp-content\/uploads\/2022\/04\/TUI-Flug-Profil-96x96.jpg","contentUrl":"https:\/\/www.tui.com\/blog\/wp-content\/uploads\/2022\/04\/TUI-Flug-Profil-96x96.jpg","caption":"TUI Flugexperte"},"url":"https:\/\/www.tui.com\/blog\/author\/tui-flugexperte\/"}]}},"_links":{"self":[{"href":"https:\/\/www.tui.com\/blog\/wp-json\/wp\/v2\/posts\/398250","targetHints":{"allow":["GET"]}}],"collection":[{"href":"https:\/\/www.tui.com\/blog\/wp-json\/wp\/v2\/posts"}],"about":[{"href":"https:\/\/www.tui.com\/blog\/wp-json\/wp\/v2\/types\/post"}],"author":[{"embeddable":true,"href":"https:\/\/www.tui.com\/blog\/wp-json\/wp\/v2\/users\/158"}],"replies":[{"embeddable":true,"href":"https:\/\/www.tui.com\/blog\/wp-json\/wp\/v2\/comments?post=398250"}],"version-history":[{"count":70,"href":"https:\/\/www.tui.com\/blog\/wp-json\/wp\/v2\/posts\/398250\/revisions"}],"predecessor-version":[{"id":421016,"href":"https:\/\/www.tui.com\/blog\/wp-json\/wp\/v2\/posts\/398250\/revisions\/421016"}],"wp:featuredmedia":[{"embeddable":true,"href":"https:\/\/www.tui.com\/blog\/wp-json\/wp\/v2\/media\/398762"}],"wp:attachment":[{"href":"https:\/\/www.tui.com\/blog\/wp-json\/wp\/v2\/media?parent=398250"}],"wp:term":[{"taxonomy":"category","embeddable":true,"href":"https:\/\/www.tui.com\/blog\/wp-json\/wp\/v2\/categories?post=398250"},{"taxonomy":"post_tag","embeddable":true,"href":"https:\/\/www.tui.com\/blog\/wp-json\/wp\/v2\/tags?post=398250"}],"curies":[{"name":"wp","href":"https:\/\/api.w.org\/{rel}","templated":true}]}}