{"id":401520,"date":"2026-04-20T12:00:00","date_gmt":"2026-04-20T10:00:00","guid":{"rendered":"https:\/\/www.tui.com\/blog\/?p=401520"},"modified":"2026-04-20T12:00:57","modified_gmt":"2026-04-20T10:00:57","slug":"packliste-strandurlaub","status":"publish","type":"post","link":"https:\/\/www.tui.com\/blog\/packliste-strandurlaub\/","title":{"rendered":"Packliste Strandurlaub &#8211; f\u00fcr einen entspannten Start in den Urlaub"},"content":{"rendered":"\n<div><\/div>\n\n\n<p class=\"firstTextGrey\">TUI Mitarbeiterin Jeanette hat schon oft Urlaub am Meer gemacht. Um ohne Hektik in den Urlaub starten zu k\u00f6nnen, hat sie dieses Jahr eine Packliste f\u00fcr den rundum gelungenen Sommerurlaub erstellt. Damit auch du in deinem n\u00e4chsten Badeurlaub alles dabei hast, teilt sie ihre <strong>Packliste Strandurlaub<\/strong> gerne mit dir.<\/p>\n\n    <div class=\"wp-caption tui-image-module\">\r\n    <img decoding=\"async\" src=\"https:\/\/www.tui.com\/blog\/wp-content\/uploads\/2023\/08\/koffer-reise-adobestock-369403097-Pixel-Shot-.jpg\" alt=\"Ein ge\u00f6ffneter Koffer mit Reiseutensilien wie Sonnenhut, Sonnenbrille, Kleidung und Sonnenspray.\" \/>\r\n            <p class=\"wp-caption-text\">Mit dieser Packliste vergisst du nichts f\u00fcr deinen Strandurlaub.<span> | AdobeStock | Pixel Shot<\/span><\/p>\r\n        <\/div>\r\n    \n\n<div class=\"table-of-contents\">\r\n    <div class=\"toc-head\">\r\n        <span class=\"toc-headline\">Inhalt<\/span>\r\n        <button class=\"toggle-toc\"\r\n            aria-expanded=\"false\"\r\n            aria-controls=\"toc-list\"\r\n            aria-label=\"Inhaltsverzeichnis ein- oder ausklappen\">\r\n            <svg xmlns=\"http:\/\/www.w3.org\/2000\/svg\" width=\"17.503\" height=\"10.303\" viewBox=\"0 0 17.503 10.303\">\r\n                <path id=\"Icon_ionic-ios-arrow-back\" data-name=\"Icon ionic-ios-arrow-back\" d=\"M14.356,14.943l6.819-6.618a1.22,1.22,0,0,0,0-1.766,1.321,1.321,0,0,0-1.824,0l-7.726,7.5a1.223,1.223,0,0,0-.038,1.725l7.758,7.55a1.323,1.323,0,0,0,1.824,0,1.22,1.22,0,0,0,0-1.766Z\" transform=\"translate(23.697 -11.251) rotate(90)\" fill=\"#1B115C\"><\/path>\r\n            <\/svg>\r\n        <\/button>\r\n    <\/div>\r\n    <ul id=\"toc-list\" class=\"toc-list\"><\/ul>\r\n<\/div>\n\n\n<h2 class=\"gb-text\">Packliste Strandurlaub: Damit du im Urlaub nichts vergisst <\/h2>\n\n\n\n<p>\u201e<strong>Ich packe meinen Koffer und nehme mit<\/strong> \u2026\u201c \u2013 na, werden da Erinnerungen wach? Beim beliebten Kinderspiel geht es vor allem um eines: m\u00f6glichst nichts zu vergessen. Und ehrlich gesagt geht es uns Erwachsenen vor dem Urlaub oft ganz \u00e4hnlich.<\/p>\n\n\n\n<p>Wenn der lang ersehnte Strandurlaub n\u00e4her r\u00fcckt, beginnt das gro\u00dfe Kofferpacken. Manche starten schon eine Woche vorher, andere werfen am Abflugtag noch schnell alles in den Koffer. Ich habe im Laufe der Jahre so ziemlich jedes Pack-Szenario ausprobiert \u2013 vom perfekt geplanten Packen bis zum Last-Minute-Chaos. Und trotzdem fehlte im Urlaub manchmal etwas. Zum Gl\u00fcck l\u00e4sst sich vieles vor Ort nachkaufen, aber bei Sonnencreme und Strandzubeh\u00f6r, kann das oft teurer werden. Deshalb lohnt es sich, vor der Reise kurz zu \u00fcberlegen, was wirklich in den Koffer geh\u00f6rt. <\/p>\n\n\n\n<p><strong>Kommt dir das bekannt vor?<\/strong> Wenn ja, du bist nicht allein! Denn Studien zeigen, dass 22\u202f% der Urlauber ihre Sonnenbrille vergessen, 21\u202f% Sonnenschutz oder Ladekabel und 19\u202f% sogar ihre Badebekleidung. Dinge, die im <a href=\"https:\/\/www.tui.com\/pauschalreisen\/badeurlaub\/\" type=\"link\" id=\"https:\/\/www.tui.com\/pauschalreisen\/badeurlaub\/\" target=\"_blank\" rel=\"noreferrer noopener\">Urlaub am Meer<\/a> ziemlich schnell fehlen k\u00f6nnen.<\/p>\n\n\n\n<p>Damit dir das in deinem n\u00e4chsten Badeurlaub nicht passiert, habe ich dir eine praktische <strong>Packliste f\u00fcr den Strandurlaub<\/strong> zusammengestellt. In der Liste findest du alles, was du f\u00fcr eine entspannte Reise ans Meer brauchst \u2013 von wichtigen Dokumenten f\u00fcrs Handgep\u00e4ck \u00fcber Kleidung bis hin zu Strandzubeh\u00f6r und Reiseapotheke. <\/p>\n\n\n\n<p>\ud83d\udc49 Meine <strong><a href=\"https:\/\/www.tui.com\/blog\/wp-content\/uploads\/2023\/07\/2023247_TUIfly_PDF_Packliste_TUIcom_2_beschreibbar.pdf\" type=\"link\" id=\"https:\/\/www.tui.com\/blog\/wp-content\/uploads\/2023\/07\/2023247_TUIfly_PDF_Packliste_TUIcom_2_beschreibbar.pdf\" target=\"_blank\" rel=\"noreferrer noopener\">Strandurlaub Packliste als PDF<\/a><\/strong> f\u00fcr dich <strong>zum Ausdrucken<\/strong>. Nat\u00fcrlich kannst du die Liste noch um deine pers\u00f6nlichen Must-haves erg\u00e4nzen.<\/p>\n\n\n<div class=\"wp-block-image\">\n<figure class=\"alignright size-full\"><img decoding=\"async\" width=\"444\" height=\"444\" src=\"https:\/\/www.tui.com\/blog\/wp-content\/uploads\/2023\/08\/illustration-packliste-strand-adobestock-265954480-elenabsl-.jpg\" alt=\"Packliste Strandurlaub\" class=\"wp-image-404584\" srcset=\"https:\/\/www.tui.com\/blog\/wp-content\/uploads\/2023\/08\/illustration-packliste-strand-adobestock-265954480-elenabsl-.jpg 444w, https:\/\/www.tui.com\/blog\/wp-content\/uploads\/2023\/08\/illustration-packliste-strand-adobestock-265954480-elenabsl--24x24.jpg 24w, https:\/\/www.tui.com\/blog\/wp-content\/uploads\/2023\/08\/illustration-packliste-strand-adobestock-265954480-elenabsl--48x48.jpg 48w, https:\/\/www.tui.com\/blog\/wp-content\/uploads\/2023\/08\/illustration-packliste-strand-adobestock-265954480-elenabsl--96x96.jpg 96w, https:\/\/www.tui.com\/blog\/wp-content\/uploads\/2023\/08\/illustration-packliste-strand-adobestock-265954480-elenabsl--150x150.jpg 150w, https:\/\/www.tui.com\/blog\/wp-content\/uploads\/2023\/08\/illustration-packliste-strand-adobestock-265954480-elenabsl--300x300.jpg 300w\" sizes=\"(max-width: 444px) 100vw, 444px\" \/><figcaption class=\"wp-element-caption\">Alles, was du zu deinem Strandurlaub einpacken solltest, auf einem Blick. elenabsl\/AdobeStock<\/figcaption><\/figure>\n<\/div>\n\n\n<h2 class=\"wp-block-heading\">Dokumente und wichtige Unterlagen f\u00fcr dein Handgep\u00e4ck<\/h2>\n\n\n\n<p>Bevor Kleidung und Strandaccessoires im Koffer landen, solltest du zuerst die <strong>wichtigsten Dokumente<\/strong> <strong>bereitlegen<\/strong> \u2013 sie geh\u00f6ren griffbereit ins <strong>Handgep\u00e4ck<\/strong>, damit du beim Check-in und w\u00e4hrend der Reise alles schnell zur Hand hast.<\/p>\n\n\n\n<ul class=\"wp-block-list\">\n<li>Reisepass oder Personalausweis (bei Familienreisen von allen Personen)<\/li>\n\n\n\n<li>Gegebenenfalls Visum<\/li>\n\n\n\n<li>Flugtickets oder digitale Bordkarten<\/li>\n\n\n\n<li>Buchungsbest\u00e4tigung f\u00fcr Hotel oder Ferienwohnung<\/li>\n\n\n\n<li>Bargeld<\/li>\n\n\n\n<li>Girokarte (EC-Karte)<\/li>\n\n\n\n<li>Kreditkarte<\/li>\n\n\n\n<li>Krankenversicherungskarte<\/li>\n\n\n\n<li>Auslandskrankenversicherung<\/li>\n\n\n\n<li>F\u00fchrerschein (falls du einen Mietwagen gebucht hast oder vor Ort buchst)<\/li>\n\n\n\n<li>Kopien wichtiger Dokumente f\u00fcr den Notfall<\/li>\n\n\n\n<li>Reiseanschrift bei Familie und Freunden hinterlassen<\/li>\n<\/ul>\n\n\n\n<p><\/p>\n\n\n\n<p>\ud83d\udca1<strong>Tipp<\/strong>: Speichere wichtige Dokumente zus\u00e4tzlich digital auf deinem Smartphone oder in der Cloud. So hast du im Notfall jederzeit Zugriff darauf.<\/p>\n\n\n\n<p><strong>Weitere Tipps f\u00fcrs Handgep\u00e4ck:<\/strong><\/p>\n\n\n\n<p>Neben den wichtigsten Dingen wie Dokumenten oder Wertsachen gibt es noch<strong> ein paar Extra<\/strong>s, die auf Reisen <strong>sehr praktisch<\/strong> sein k\u00f6nnen. Sie sind zwar kein Muss, k\u00f6nnen den Flug aber deutlich angenehmer machen \u2013 besonders auf l\u00e4ngeren Strecken.<\/p>\n\n\n\n<p><strong>Diese Dinge sind im Handgep\u00e4ck praktisch (aber kein Muss):&nbsp;<\/strong><\/p>\n\n\n\n<ul class=\"wp-block-list\">\n<li>Hygieneartikel wie Abschminkt\u00fccher, Zahnb\u00fcrste, Deo, Handcreme oder Taschent\u00fccher \u2013 besonders bei l\u00e4ngeren Fl\u00fcgen angenehm<\/li>\n\n\n\n<li>Fl\u00fcssigkeiten oder Cremes in einem transparenten Zip-Beutel<\/li>\n\n\n\n<li>kleine Snacks f\u00fcr Zwischendurch<\/li>\n\n\n\n<li>eine leichte Jacke oder ein Pullover f\u00fcr k\u00fchlere Kabinentemperaturen<\/li>\n\n\n\n<li>ein Halstuch oder Schal<\/li>\n\n\n\n<li>ein Nackenkissen f\u00fcr mehr Komfort beim Schlafen<\/li>\n\n\n\n<li>ein Reisef\u00fchrer, Buch oder eine Zeitschrift zur Unterhaltung&nbsp;<\/li>\n\n\n\n<li>Schmerztabletten oder andere wichtige\/pers\u00f6nliche Medikamente<\/li>\n<\/ul>\n\n\n\n<p>Welche Dinge du letztlich einpackst, h\u00e4ngt von deinen pers\u00f6nlichen Vorlieben, der Reisedauer und deinem Reiseziel ab. Achte au\u00dferdem auf die Bestimmungen deiner Fluggesellschaft zu Gr\u00f6\u00dfe, Gewicht und erlaubten Gegenst\u00e4nden im Handgep\u00e4ck.<\/p>\n\n\n    <div class=\"wp-caption tui-image-module\">\r\n    <img decoding=\"async\" src=\"https:\/\/www.tui.com\/blog\/wp-content\/uploads\/2023\/08\/AdobeStock_221543011.jpg\" alt=\"Sonnenhut, Handtuch und Reisetasche\" \/>\r\n            <p class=\"wp-caption-text\">Sommer, Sonne, Sonnenschutz &#8211; mit der Packliste Strandurlaub bist du bestens vorbereitet.<span> | Adobe Stock | Marieluise<\/span><\/p>\r\n        <\/div>\r\n    \n\n\n<h2 class=\"wp-block-heading\">Strandurlaub Kleidung: Was wirklich in deinen Koffer geh\u00f6rt<\/h2>\n\n\n\n<p>F\u00fcr einen entspannten Strandurlaub solltest du vor allem <strong>leichte, luftige Kleidung<\/strong> einpacken. T-Shirts, Shorts und Sommerkleider sorgen daf\u00fcr, dass du dich auch bei hohen Temperaturen wohlf\u00fchlst. F\u00fcr den Abend empfiehlt sich zus\u00e4tzlich eine kleine Jacke oder ein Bolero, falls es etwas k\u00fchler wird.<\/p>\n\n\n\n<p>Nat\u00fcrlich darf auch die passende Badebekleidung nicht fehlen \u2013 etwa Bikinis, Badeanz\u00fcge oder Badehosen f\u00fcr die erfrischenden Stunden im Meer. Verbringst du deinen Urlaub an einem Kiesstrand, sind au\u00dferdem Badeschuhe sinnvoll. Sie erleichtern den Einstieg ins Wasser und sch\u00fctzen deine F\u00fc\u00dfe vor scharfen Steinen, Korallen oder Seeigeln.<\/p>\n\n\n\n<ul class=\"wp-block-list\">\n<li>T-Shirts oder Tops<\/li>\n\n\n\n<li>Shorts<\/li>\n\n\n\n<li>Sommerkleider<\/li>\n\n\n\n<li>leichte Stoffhosen<\/li>\n\n\n\n<li>Badebekleidung <\/li>\n\n\n\n<li>Cap, Sonnenhut oder Tuch, um einem Sonnenstich vorzubeugen<\/li>\n\n\n\n<li>Flip-Flops oder Sandalen <\/li>\n\n\n\n<li>Badeschuhe<\/li>\n\n\n\n<li>Sneaker f\u00fcr Ausfl\u00fcge<\/li>\n\n\n\n<li>Schlafkleidung<\/li>\n\n\n\n<li>Unterw\u00e4sche und Socken<\/li>\n<\/ul>\n\n\n\n<p>Ein <strong>kleiner<\/strong> <strong>Pack-Tipp<\/strong>: Plane Outfits, die sich gut kombinieren lassen. So sparst du Platz im Koffer und hast trotzdem gen\u00fcgend Auswahl!<\/p>\n\n\n\n<h2 class=\"gb-text\">Strandzubeh\u00f6r f\u00fcr entspannte Tage am Meer<\/h2>\n\n\n\n<p>Der eigentliche Star im Strandurlaub ist nat\u00fcrlich der Strand selbst. Damit du deine Zeit am Meer richtig genie\u00dfen kannst, lohnt sich ein kurzer Blick auf das <strong>wichtigste Strandzubeh\u00f6r<\/strong>.<\/p>\n\n\n\n<ul class=\"wp-block-list\">\n<li>Strandtasche<\/li>\n\n\n\n<li>Strandtuch oder gro\u00dfes Badetuch<\/li>\n\n\n\n<li>Sonnencreme mit hohem Lichtschutzfaktor<\/li>\n\n\n\n<li>Sonnenbrille<\/li>\n\n\n\n<li>Sonnenhut oder Cap<\/li>\n\n\n\n<li>Flip-Flops oder Badesandalen, damit du dir die F\u00fc\u00dfe nicht im hei\u00dfen Sand verbrennst <\/li>\n\n\n\n<li>Strandmatte oder Picknickdecke<\/li>\n\n\n\n<li>Strandmuschel oder Sonnenschirm<\/li>\n\n\n\n<li>Trinkflasche mit Wasser <\/li>\n<\/ul>\n\n\n\n<p>Mit einer gut gepackten Strandtasche hast du alles griffbereit \u2013 von Sonnencreme bis zum Buch f\u00fcr entspannte Stunden im Liegestuhl.<\/p>\n\n\n\n<h2 class=\"gb-text\">Strandtasche packen: Diese Dinge brauchst du wirklich am Strand<\/h2>\n\n\n\n<p>Wenn du zum Strand aufbrichst, m\u00f6chtest du nicht jedes Mal \u00fcberlegen m\u00fcssen, was du brauchst. Meine kleine <strong>Strandtaschen-Packliste<\/strong> hilft dir dabei. dabei.<\/p>\n\n\n\n<p><strong>Strand-Basics:<\/strong><\/p>\n\n\n\n<ul class=\"wp-block-list\">\n<li>Sonnencreme\/Sonnenschutz (inzwischen gibt es Kombipr\u00e4parate, die sowohl vor UV-Strahlen als auch vor M\u00fcckenstichen sch\u00fctzen \u2013 und sogar sandabweisende Sonnencremes, die den l\u00e4stigen gelben Sonnencreme-Flecken auf deiner Kleidung vorbeugen.)  <\/li>\n\n\n\n<li>Handtuch\/ Strandmatte<\/li>\n\n\n\n<li>Flip-Flops\/Badesandalen<\/li>\n\n\n\n<li>Wasser <\/li>\n\n\n\n<li>Snacks oder Obst<\/li>\n\n\n\n<li>kleines Portemonnaie  <\/li>\n\n\n\n<li>Buch oder E-Reader<\/li>\n<\/ul>\n\n\n\n<p><strong>Nice to have:<\/strong><\/p>\n\n\n\n<ul class=\"wp-block-list\">\n<li>Kopfh\u00f6rer<\/li>\n\n\n\n<li>Powerbank<\/li>\n\n\n\n<li>Feuchtt\u00fccher oder Taschent\u00fccher<\/li>\n\n\n\n<li>Haargummis<\/li>\n\n\n\n<li>Ladekabel<\/li>\n\n\n\n<li>Smartphone<\/li>\n\n\n\n<li>Digitalkamera<\/li>\n\n\n\n<li>Wasserdichte Cases, um elektronische Ger\u00e4te vor Sand und Wasser zu sch\u00fctzen.<\/li>\n<\/ul>\n\n\n\n<p>Besonders praktisch ist au\u00dferdem eine wasserdichte Handyh\u00fclle \u2013 etwa bei Bootsausfl\u00fcgen oder beim Stand-up-Paddling.<\/p>\n\n\n\n<h2 class=\"gb-text\">Reiseapotheke f\u00fcr den Strandurlaub<\/h2>\n\n\n\n<p>Eine <strong>kleine Reiseapotheke<\/strong> nimmt kaum Platz im Koffer weg, kann im Urlaub aber sehr hilfreich sein. Gerade bei Sonne, Hitze oder kleinen Missgeschicken am Strand ist es beruhigend, gut vorbereitet zu sein.<\/p>\n\n\n\n<p><strong>Diese Basics geh\u00f6ren in jede Reiseapotheke:<\/strong><\/p>\n\n\n\n<ul class=\"wp-block-list\">\n<li>Schmerzmittel<\/li>\n\n\n\n<li>Blasenpflaster<\/li>\n\n\n\n<li>Pflaster und kleine Verb\u00e4nde<\/li>\n\n\n\n<li>Desinfektionsmittel oder Wundspray<\/li>\n\n\n\n<li>M\u00fcckenschutz<\/li>\n\n\n\n<li>After-Sun-Lotion<\/li>\n\n\n\n<li>Lindernde Pflege bei Sonnenbrand<\/li>\n\n\n\n<li>Medikamente gegen Magen-Darm-Beschwerden<\/li>\n\n\n\n<li>Pers\u00f6nliche Medikamente, die du regelm\u00e4\u00dfig einnimmst<\/li>\n<\/ul>\n\n\n\n<p><strong>5 Dinge, die viele Urlauber vergessen und doch so hilfreich sein k\u00f6nnen:<\/strong><\/p>\n\n\n\n<ol class=\"wp-block-list\">\n<li>Lippenpflege mit Lichtschutzfaktor \u2013 sch\u00fctzt die Lippen vor Sonne und Austrocknung<\/li>\n\n\n\n<li>Kleine K\u00fchlpads oder Gelpacks \u2013 hilfreich bei Prellungen, Insektenstichen oder hei\u00dfen Tagen<\/li>\n\n\n\n<li>Reisegr\u00f6\u00dfe Desinfektionsgel \u2013 praktisch unterwegs, wenn kein Wasser verf\u00fcgbar ist<\/li>\n\n\n\n<li>Elektrolyte oder Rehydrierungsl\u00f6sung \u2013 besonders bei Durchfall oder gro\u00dfer Hitze sinnvoll<\/li>\n\n\n\n<li>Insekten- oder M\u00fcckenschutz f\u00fcr Kinder<\/li>\n<\/ol>\n\n\n\n<p>Mit diesen kleinen Extras bist du auch auf typische Urlaubssituationen gut vorbereitet und kannst kleinere Beschwerden schnell selbst behandeln. So bleibt der Fokus auf Sonne, Meer und entspannten Tagen am Strand.<\/p>\n\n\n\r\n<div class=\"img-gal-block\">\r\n            <div class=\"img-gal-desktop\">\r\n            <div class=\"inner landscape\">\r\n                                    <div class=\"img-container \">\r\n                        <div class=\"img-inner\">\r\n                            <img decoding=\"async\" src=\"https:\/\/www.tui.com\/blog\/wp-content\/uploads\/2023\/08\/frau-haengematte-strand-adobestock-435196429-peera-.jpg\" alt=\"Frau liegt entspannt in einer H\u00e4ngematte am Strand.\"\/>\r\n                                                    <\/div>\r\n                        <p>\r\n                            Genie\u00dfe deinen Strandurlaub mit einer perfekt geplanten Packliste.                            <span> | Adobe Stock | Peera                        <\/p>\r\n                    <\/div>\r\n                                    <div class=\"img-container \">\r\n                        <div class=\"img-inner\">\r\n                            <img decoding=\"async\" src=\"https:\/\/www.tui.com\/blog\/wp-content\/uploads\/2023\/08\/illustration-urlaub-strand-bulli-gepaeck-adobestock-602241086-aanbetta-.jpg\" alt=\"Packliste Strandurlaub\"\/>\r\n                                                    <\/div>\r\n                        <p>\r\n                            Entspannt den Strandurlaub planen.                            <span> | aanbetta\/AdobeStock                        <\/p>\r\n                    <\/div>\r\n                            <\/div>\r\n        <\/div>\r\n\r\n        <div class=\"slides\" id=\"image-gal-slide\">\r\n                            <div>\r\n                    <img decoding=\"async\" src=\"https:\/\/www.tui.com\/blog\/wp-content\/uploads\/2023\/08\/frau-haengematte-strand-adobestock-435196429-peera-.jpg\"\/>\r\n                    <div class=\"caption\">\r\n                        <p>\r\n                            Genie\u00dfe deinen Strandurlaub mit einer perfekt geplanten Packliste.                            <span> | Adobe Stock | Peera                        <\/p>\r\n                    <\/div>\r\n                <\/div>\r\n                            <div>\r\n                    <img decoding=\"async\" src=\"https:\/\/www.tui.com\/blog\/wp-content\/uploads\/2023\/08\/illustration-urlaub-strand-bulli-gepaeck-adobestock-602241086-aanbetta-.jpg\"\/>\r\n                    <div class=\"caption\">\r\n                        <p>\r\n                            Entspannt den Strandurlaub planen.                            <span> | aanbetta\/AdobeStock                        <\/p>\r\n                    <\/div>\r\n                <\/div>\r\n                    <\/div>\r\n    <\/div>\r\n\n\n\n<h3 class=\"gb-text\">Mit der richtigen Packliste entspannt in den Strandurlaub<\/h3>\n\n\n\n<p>Mit dieser <a href=\"https:\/\/www.tui.com\/blog\/wp-content\/uploads\/2023\/07\/2023247_TUIfly_PDF_Packliste_TUIcom_2_beschreibbar.pdf\" target=\"_blank\" rel=\"noreferrer noopener\"><strong>Packliste f\u00fcr den Strandurlaub<\/strong><\/a>\u202fstartest du gut organisiert in deine Reise und kannst deine <strong>Auszeit am Meer<\/strong> ganz entspannt genie\u00dfen, ohne Stress beim Packen. So bleibt mehr Zeit f\u00fcr das, worauf es im Urlaub wirklich ankommt: <strong>Sonne, Meer und erholsame erholsame Tage am Strand<\/strong>! \ud83c\udf34<\/p>\n\n\n\n<p>Ich w\u00fcnsche dir eine wundersch\u00f6ne Reise! <\/p>\n\n\n<div class=\"container !max-w-5xl\">\r\n    <div class=\"my-16 lg:my-32\">\r\n        <tui-hotel-offer-cards\r\n                class=\"tui-component \"\r\n                scope=\"hotelOfferCards6m-block_faccd1bb2deb67c1b933e344412d5f76\"\r\n                show-information=\"false\"\r\n                data-stencil=\"true\"\r\n                data-version=\"v2\"\r\n                data-theme=\"tui-light\"\r\n                open-in-new-tab=\"true\"\r\n                tenant=\"TUICOM\"\r\n                locale=\"de-DE\"\r\n                search-scope=\"PACKAGE\"\r\n                data-legacy-font\r\n                show-price-advantage=\"true\"filter-group-ids=\"6877,7195,7087\"show-cards-carousel=\"true\"show-brand=\"true\"show-board-type=\"true\"show-banderole=\"true\"show-board-type=\"false\"show-room-type=\"true\"show-category=\"true\"show-heart=\"false\"show-image-carousel=\"false\"price-type=\"per_person\"show-recommendation=\"true\"static-url-parameters=\"contentid=blog_packlistestrandurlaub_strandurlaub_202604\"filter-results-total=\"10\"filter-min-price=\"1\"variant=\"medium\"search-duration=\"7\"search-departure-date=\"2026-05-06\"search-return-date=\"2026-08-04\"        ><\/tui-hotel-offer-cards>\r\n\r\n    <\/div>\r\n<\/div>\r\n","protected":false},"excerpt":{"rendered":"<p>TUI Mitarbeiterin Jeanette hat schon oft Urlaub am Meer gemacht. Um ohne Hektik in den Urlaub starten zu k\u00f6nnen, hat sie dieses Jahr eine Packliste f\u00fcr den rundum gelungenen Sommerurlaub erstellt. Damit auch du in deinem n\u00e4chsten Badeurlaub alles dabei hast, teilt sie ihre Packliste Strandurlaub gerne mit dir. Packliste<\/p>\n","protected":false},"author":155,"featured_media":404588,"comment_status":"open","ping_status":"open","sticky":false,"template":"","format":"standard","meta":{"_acf_changed":false,"footnotes":""},"categories":[4052,4072,4056],"tags":[1033,49,3064,4124,497],"class_list":["post-401520","post","type-post","status-publish","format-standard","has-post-thumbnail","hentry","category-archiv-reisearten","category-archiv-reiseplanung","category-archiv-urlaub-am-meer","tag-checkliste","tag-koffer-packen","tag-packliste","tag-reisegepaeck-2","tag-strandurlaub"],"acf":[],"yoast_head":"<!-- This site is optimized with the Yoast SEO plugin v27.4 - https:\/\/yoast.com\/product\/yoast-seo-wordpress\/ -->\n<title>Packliste Strandurlaub - f\u00fcr einen entspannten Start in den Urlaub - TUI.com Reiseblog \u2600<\/title>\n<meta name=\"description\" content=\"Packliste Strandurlaub: Diese Checkliste hilft dir beim Kofferpacken \u2013 mit allen wichtigen Dingen f\u00fcrs Handgep\u00e4ck, Strand und Reiseapotheke\" \/>\n<meta name=\"robots\" content=\"index, follow, max-snippet:-1, max-image-preview:large, max-video-preview:-1\" \/>\n<link rel=\"canonical\" href=\"https:\/\/www.tui.com\/blog\/packliste-strandurlaub\/\" \/>\n<meta property=\"og:locale\" content=\"de_DE\" \/>\n<meta property=\"og:type\" content=\"article\" \/>\n<meta property=\"og:title\" content=\"Packliste Strandurlaub - f\u00fcr einen entspannten Start in den Urlaub - TUI.com Reiseblog \u2600\" \/>\n<meta property=\"og:description\" content=\"Packliste Strandurlaub: Diese Checkliste hilft dir beim Kofferpacken \u2013 mit allen wichtigen Dingen f\u00fcrs Handgep\u00e4ck, Strand und Reiseapotheke\" \/>\n<meta property=\"og:url\" content=\"https:\/\/www.tui.com\/blog\/packliste-strandurlaub\/\" \/>\n<meta property=\"og:site_name\" content=\"TUI.com Reiseblog \u2600\" \/>\n<meta property=\"article:published_time\" content=\"2026-04-20T10:00:00+00:00\" \/>\n<meta property=\"article:modified_time\" content=\"2026-04-20T10:00:57+00:00\" \/>\n<meta property=\"og:image\" content=\"https:\/\/www.tui.com\/blog\/wp-content\/uploads\/2023\/08\/illustration-urlaub-strand-bulli-gepaeck-beitragsbild-adobestock-602241086-aanbetta-.jpg\" \/>\n\t<meta property=\"og:image:width\" content=\"1920\" \/>\n\t<meta property=\"og:image:height\" content=\"1080\" \/>\n\t<meta property=\"og:image:type\" content=\"image\/jpeg\" \/>\n<meta name=\"author\" content=\"Jeanette Bednarski\" \/>\n<meta name=\"twitter:card\" content=\"summary_large_image\" \/>\n<meta name=\"twitter:label1\" content=\"Verfasst von\" \/>\n\t<meta name=\"twitter:data1\" content=\"Jeanette Bednarski\" \/>\n\t<meta name=\"twitter:label2\" content=\"Gesch\u00e4tzte Lesezeit\" \/>\n\t<meta name=\"twitter:data2\" content=\"6\u00a0Minuten\" \/>\n<script type=\"application\/ld+json\" class=\"yoast-schema-graph\">{\"@context\":\"https:\\\/\\\/schema.org\",\"@graph\":[{\"@type\":\"BlogPosting\",\"@id\":\"https:\\\/\\\/www.tui.com\\\/blog\\\/packliste-strandurlaub\\\/#article\",\"isPartOf\":{\"@id\":\"https:\\\/\\\/www.tui.com\\\/blog\\\/packliste-strandurlaub\\\/\"},\"author\":{\"name\":\"Jeanette Bednarski\",\"@id\":\"https:\\\/\\\/www.tui.com\\\/blog\\\/#\\\/schema\\\/person\\\/ca45b2a3599a8b1ba90eec083a1abae0\"},\"headline\":\"Packliste Strandurlaub &#8211; f\u00fcr einen entspannten Start in den Urlaub\",\"datePublished\":\"2026-04-20T10:00:00+00:00\",\"dateModified\":\"2026-04-20T10:00:57+00:00\",\"mainEntityOfPage\":{\"@id\":\"https:\\\/\\\/www.tui.com\\\/blog\\\/packliste-strandurlaub\\\/\"},\"wordCount\":1230,\"commentCount\":0,\"publisher\":{\"@id\":\"https:\\\/\\\/www.tui.com\\\/blog\\\/#organization\"},\"image\":{\"@id\":\"https:\\\/\\\/www.tui.com\\\/blog\\\/packliste-strandurlaub\\\/#primaryimage\"},\"thumbnailUrl\":\"https:\\\/\\\/www.tui.com\\\/blog\\\/wp-content\\\/uploads\\\/2023\\\/08\\\/illustration-urlaub-strand-bulli-gepaeck-beitragsbild-adobestock-602241086-aanbetta-.jpg\",\"keywords\":[\"Checkliste\",\"Koffer packen\",\"Packliste\",\"Reisegep\u00e4ck\",\"Strandurlaub\"],\"articleSection\":[\"Reisearten\",\"Reiseplanung\",\"Urlaub am Meer\"],\"inLanguage\":\"de\",\"potentialAction\":[{\"@type\":\"CommentAction\",\"name\":\"Comment\",\"target\":[\"https:\\\/\\\/www.tui.com\\\/blog\\\/packliste-strandurlaub\\\/#respond\"]}]},{\"@type\":\"WebPage\",\"@id\":\"https:\\\/\\\/www.tui.com\\\/blog\\\/packliste-strandurlaub\\\/\",\"url\":\"https:\\\/\\\/www.tui.com\\\/blog\\\/packliste-strandurlaub\\\/\",\"name\":\"Packliste Strandurlaub - f\u00fcr einen entspannten Start in den Urlaub - TUI.com Reiseblog \u2600\",\"isPartOf\":{\"@id\":\"https:\\\/\\\/www.tui.com\\\/blog\\\/#website\"},\"primaryImageOfPage\":{\"@id\":\"https:\\\/\\\/www.tui.com\\\/blog\\\/packliste-strandurlaub\\\/#primaryimage\"},\"image\":{\"@id\":\"https:\\\/\\\/www.tui.com\\\/blog\\\/packliste-strandurlaub\\\/#primaryimage\"},\"thumbnailUrl\":\"https:\\\/\\\/www.tui.com\\\/blog\\\/wp-content\\\/uploads\\\/2023\\\/08\\\/illustration-urlaub-strand-bulli-gepaeck-beitragsbild-adobestock-602241086-aanbetta-.jpg\",\"datePublished\":\"2026-04-20T10:00:00+00:00\",\"dateModified\":\"2026-04-20T10:00:57+00:00\",\"description\":\"Packliste Strandurlaub: Diese Checkliste hilft dir beim Kofferpacken \u2013 mit allen wichtigen Dingen f\u00fcrs Handgep\u00e4ck, Strand und Reiseapotheke\",\"breadcrumb\":{\"@id\":\"https:\\\/\\\/www.tui.com\\\/blog\\\/packliste-strandurlaub\\\/#breadcrumb\"},\"inLanguage\":\"de\",\"potentialAction\":[{\"@type\":\"ReadAction\",\"target\":[\"https:\\\/\\\/www.tui.com\\\/blog\\\/packliste-strandurlaub\\\/\"]}]},{\"@type\":\"ImageObject\",\"inLanguage\":\"de\",\"@id\":\"https:\\\/\\\/www.tui.com\\\/blog\\\/packliste-strandurlaub\\\/#primaryimage\",\"url\":\"https:\\\/\\\/www.tui.com\\\/blog\\\/wp-content\\\/uploads\\\/2023\\\/08\\\/illustration-urlaub-strand-bulli-gepaeck-beitragsbild-adobestock-602241086-aanbetta-.jpg\",\"contentUrl\":\"https:\\\/\\\/www.tui.com\\\/blog\\\/wp-content\\\/uploads\\\/2023\\\/08\\\/illustration-urlaub-strand-bulli-gepaeck-beitragsbild-adobestock-602241086-aanbetta-.jpg\",\"width\":1920,\"height\":1080,\"caption\":\"Ein Bulli mit Dachgep\u00e4ck am Strand.\"},{\"@type\":\"BreadcrumbList\",\"@id\":\"https:\\\/\\\/www.tui.com\\\/blog\\\/packliste-strandurlaub\\\/#breadcrumb\",\"itemListElement\":[{\"@type\":\"ListItem\",\"position\":1,\"name\":\"Startseite\",\"item\":\"https:\\\/\\\/www.tui.com\\\/blog\\\/\"},{\"@type\":\"ListItem\",\"position\":2,\"name\":\"Packliste Strandurlaub &#8211; f\u00fcr einen entspannten Start in den Urlaub\"}]},{\"@type\":\"WebSite\",\"@id\":\"https:\\\/\\\/www.tui.com\\\/blog\\\/#website\",\"url\":\"https:\\\/\\\/www.tui.com\\\/blog\\\/\",\"name\":\"TUI.com Reiseblog \u2600\",\"description\":\"Abenteuer oder lieber an den Strand? \u2600 Der TUI Reiseblog bietet tolle Infos rund um deine n\u00e4chste Reise \u2708 Komm vorbei und lass dich inspirieren \u221a\",\"publisher\":{\"@id\":\"https:\\\/\\\/www.tui.com\\\/blog\\\/#organization\"},\"potentialAction\":[{\"@type\":\"SearchAction\",\"target\":{\"@type\":\"EntryPoint\",\"urlTemplate\":\"https:\\\/\\\/www.tui.com\\\/blog\\\/?s={search_term_string}\"},\"query-input\":{\"@type\":\"PropertyValueSpecification\",\"valueRequired\":true,\"valueName\":\"search_term_string\"}}],\"inLanguage\":\"de\"},{\"@type\":\"Organization\",\"@id\":\"https:\\\/\\\/www.tui.com\\\/blog\\\/#organization\",\"name\":\"TUI.com Reiseblog \u2600\",\"url\":\"https:\\\/\\\/www.tui.com\\\/blog\\\/\",\"logo\":{\"@type\":\"ImageObject\",\"inLanguage\":\"de\",\"@id\":\"https:\\\/\\\/www.tui.com\\\/blog\\\/#\\\/schema\\\/logo\\\/image\\\/\",\"url\":\"https:\\\/\\\/www.tui.com\\\/blog\\\/wp-content\\\/uploads\\\/2023\\\/04\\\/cropped-tui-logo-3.png\",\"contentUrl\":\"https:\\\/\\\/www.tui.com\\\/blog\\\/wp-content\\\/uploads\\\/2023\\\/04\\\/cropped-tui-logo-3.png\",\"width\":164,\"height\":72,\"caption\":\"TUI.com Reiseblog \u2600\"},\"image\":{\"@id\":\"https:\\\/\\\/www.tui.com\\\/blog\\\/#\\\/schema\\\/logo\\\/image\\\/\"}},{\"@type\":\"Person\",\"@id\":\"https:\\\/\\\/www.tui.com\\\/blog\\\/#\\\/schema\\\/person\\\/ca45b2a3599a8b1ba90eec083a1abae0\",\"name\":\"Jeanette Bednarski\",\"image\":{\"@type\":\"ImageObject\",\"inLanguage\":\"de\",\"@id\":\"https:\\\/\\\/www.tui.com\\\/blog\\\/wp-content\\\/uploads\\\/2023\\\/10\\\/jeanette-bednarsky-profilbild-96x96.jpg\",\"url\":\"https:\\\/\\\/www.tui.com\\\/blog\\\/wp-content\\\/uploads\\\/2023\\\/10\\\/jeanette-bednarsky-profilbild-96x96.jpg\",\"contentUrl\":\"https:\\\/\\\/www.tui.com\\\/blog\\\/wp-content\\\/uploads\\\/2023\\\/10\\\/jeanette-bednarsky-profilbild-96x96.jpg\",\"caption\":\"Jeanette Bednarski\"},\"url\":\"https:\\\/\\\/www.tui.com\\\/blog\\\/author\\\/jeanette\\\/\"}]}<\/script>\n<!-- \/ Yoast SEO plugin. -->","yoast_head_json":{"title":"Packliste Strandurlaub - f\u00fcr einen entspannten Start in den Urlaub - TUI.com Reiseblog \u2600","description":"Packliste Strandurlaub: Diese Checkliste hilft dir beim Kofferpacken \u2013 mit allen wichtigen Dingen f\u00fcrs Handgep\u00e4ck, Strand und Reiseapotheke","robots":{"index":"index","follow":"follow","max-snippet":"max-snippet:-1","max-image-preview":"max-image-preview:large","max-video-preview":"max-video-preview:-1"},"canonical":"https:\/\/www.tui.com\/blog\/packliste-strandurlaub\/","og_locale":"de_DE","og_type":"article","og_title":"Packliste Strandurlaub - f\u00fcr einen entspannten Start in den Urlaub - TUI.com Reiseblog \u2600","og_description":"Packliste Strandurlaub: Diese Checkliste hilft dir beim Kofferpacken \u2013 mit allen wichtigen Dingen f\u00fcrs Handgep\u00e4ck, Strand und Reiseapotheke","og_url":"https:\/\/www.tui.com\/blog\/packliste-strandurlaub\/","og_site_name":"TUI.com Reiseblog \u2600","article_published_time":"2026-04-20T10:00:00+00:00","article_modified_time":"2026-04-20T10:00:57+00:00","og_image":[{"width":1920,"height":1080,"url":"https:\/\/www.tui.com\/blog\/wp-content\/uploads\/2023\/08\/illustration-urlaub-strand-bulli-gepaeck-beitragsbild-adobestock-602241086-aanbetta-.jpg","type":"image\/jpeg"}],"author":"Jeanette Bednarski","twitter_card":"summary_large_image","twitter_misc":{"Verfasst von":"Jeanette Bednarski","Gesch\u00e4tzte Lesezeit":"6\u00a0Minuten"},"schema":{"@context":"https:\/\/schema.org","@graph":[{"@type":"BlogPosting","@id":"https:\/\/www.tui.com\/blog\/packliste-strandurlaub\/#article","isPartOf":{"@id":"https:\/\/www.tui.com\/blog\/packliste-strandurlaub\/"},"author":{"name":"Jeanette Bednarski","@id":"https:\/\/www.tui.com\/blog\/#\/schema\/person\/ca45b2a3599a8b1ba90eec083a1abae0"},"headline":"Packliste Strandurlaub &#8211; f\u00fcr einen entspannten Start in den Urlaub","datePublished":"2026-04-20T10:00:00+00:00","dateModified":"2026-04-20T10:00:57+00:00","mainEntityOfPage":{"@id":"https:\/\/www.tui.com\/blog\/packliste-strandurlaub\/"},"wordCount":1230,"commentCount":0,"publisher":{"@id":"https:\/\/www.tui.com\/blog\/#organization"},"image":{"@id":"https:\/\/www.tui.com\/blog\/packliste-strandurlaub\/#primaryimage"},"thumbnailUrl":"https:\/\/www.tui.com\/blog\/wp-content\/uploads\/2023\/08\/illustration-urlaub-strand-bulli-gepaeck-beitragsbild-adobestock-602241086-aanbetta-.jpg","keywords":["Checkliste","Koffer packen","Packliste","Reisegep\u00e4ck","Strandurlaub"],"articleSection":["Reisearten","Reiseplanung","Urlaub am Meer"],"inLanguage":"de","potentialAction":[{"@type":"CommentAction","name":"Comment","target":["https:\/\/www.tui.com\/blog\/packliste-strandurlaub\/#respond"]}]},{"@type":"WebPage","@id":"https:\/\/www.tui.com\/blog\/packliste-strandurlaub\/","url":"https:\/\/www.tui.com\/blog\/packliste-strandurlaub\/","name":"Packliste Strandurlaub - f\u00fcr einen entspannten Start in den Urlaub - TUI.com Reiseblog \u2600","isPartOf":{"@id":"https:\/\/www.tui.com\/blog\/#website"},"primaryImageOfPage":{"@id":"https:\/\/www.tui.com\/blog\/packliste-strandurlaub\/#primaryimage"},"image":{"@id":"https:\/\/www.tui.com\/blog\/packliste-strandurlaub\/#primaryimage"},"thumbnailUrl":"https:\/\/www.tui.com\/blog\/wp-content\/uploads\/2023\/08\/illustration-urlaub-strand-bulli-gepaeck-beitragsbild-adobestock-602241086-aanbetta-.jpg","datePublished":"2026-04-20T10:00:00+00:00","dateModified":"2026-04-20T10:00:57+00:00","description":"Packliste Strandurlaub: Diese Checkliste hilft dir beim Kofferpacken \u2013 mit allen wichtigen Dingen f\u00fcrs Handgep\u00e4ck, Strand und Reiseapotheke","breadcrumb":{"@id":"https:\/\/www.tui.com\/blog\/packliste-strandurlaub\/#breadcrumb"},"inLanguage":"de","potentialAction":[{"@type":"ReadAction","target":["https:\/\/www.tui.com\/blog\/packliste-strandurlaub\/"]}]},{"@type":"ImageObject","inLanguage":"de","@id":"https:\/\/www.tui.com\/blog\/packliste-strandurlaub\/#primaryimage","url":"https:\/\/www.tui.com\/blog\/wp-content\/uploads\/2023\/08\/illustration-urlaub-strand-bulli-gepaeck-beitragsbild-adobestock-602241086-aanbetta-.jpg","contentUrl":"https:\/\/www.tui.com\/blog\/wp-content\/uploads\/2023\/08\/illustration-urlaub-strand-bulli-gepaeck-beitragsbild-adobestock-602241086-aanbetta-.jpg","width":1920,"height":1080,"caption":"Ein Bulli mit Dachgep\u00e4ck am Strand."},{"@type":"BreadcrumbList","@id":"https:\/\/www.tui.com\/blog\/packliste-strandurlaub\/#breadcrumb","itemListElement":[{"@type":"ListItem","position":1,"name":"Startseite","item":"https:\/\/www.tui.com\/blog\/"},{"@type":"ListItem","position":2,"name":"Packliste Strandurlaub &#8211; f\u00fcr einen entspannten Start in den Urlaub"}]},{"@type":"WebSite","@id":"https:\/\/www.tui.com\/blog\/#website","url":"https:\/\/www.tui.com\/blog\/","name":"TUI.com Reiseblog \u2600","description":"Abenteuer oder lieber an den Strand? \u2600 Der TUI Reiseblog bietet tolle Infos rund um deine n\u00e4chste Reise \u2708 Komm vorbei und lass dich inspirieren \u221a","publisher":{"@id":"https:\/\/www.tui.com\/blog\/#organization"},"potentialAction":[{"@type":"SearchAction","target":{"@type":"EntryPoint","urlTemplate":"https:\/\/www.tui.com\/blog\/?s={search_term_string}"},"query-input":{"@type":"PropertyValueSpecification","valueRequired":true,"valueName":"search_term_string"}}],"inLanguage":"de"},{"@type":"Organization","@id":"https:\/\/www.tui.com\/blog\/#organization","name":"TUI.com Reiseblog \u2600","url":"https:\/\/www.tui.com\/blog\/","logo":{"@type":"ImageObject","inLanguage":"de","@id":"https:\/\/www.tui.com\/blog\/#\/schema\/logo\/image\/","url":"https:\/\/www.tui.com\/blog\/wp-content\/uploads\/2023\/04\/cropped-tui-logo-3.png","contentUrl":"https:\/\/www.tui.com\/blog\/wp-content\/uploads\/2023\/04\/cropped-tui-logo-3.png","width":164,"height":72,"caption":"TUI.com Reiseblog \u2600"},"image":{"@id":"https:\/\/www.tui.com\/blog\/#\/schema\/logo\/image\/"}},{"@type":"Person","@id":"https:\/\/www.tui.com\/blog\/#\/schema\/person\/ca45b2a3599a8b1ba90eec083a1abae0","name":"Jeanette Bednarski","image":{"@type":"ImageObject","inLanguage":"de","@id":"https:\/\/www.tui.com\/blog\/wp-content\/uploads\/2023\/10\/jeanette-bednarsky-profilbild-96x96.jpg","url":"https:\/\/www.tui.com\/blog\/wp-content\/uploads\/2023\/10\/jeanette-bednarsky-profilbild-96x96.jpg","contentUrl":"https:\/\/www.tui.com\/blog\/wp-content\/uploads\/2023\/10\/jeanette-bednarsky-profilbild-96x96.jpg","caption":"Jeanette Bednarski"},"url":"https:\/\/www.tui.com\/blog\/author\/jeanette\/"}]}},"_links":{"self":[{"href":"https:\/\/www.tui.com\/blog\/wp-json\/wp\/v2\/posts\/401520","targetHints":{"allow":["GET"]}}],"collection":[{"href":"https:\/\/www.tui.com\/blog\/wp-json\/wp\/v2\/posts"}],"about":[{"href":"https:\/\/www.tui.com\/blog\/wp-json\/wp\/v2\/types\/post"}],"author":[{"embeddable":true,"href":"https:\/\/www.tui.com\/blog\/wp-json\/wp\/v2\/users\/155"}],"replies":[{"embeddable":true,"href":"https:\/\/www.tui.com\/blog\/wp-json\/wp\/v2\/comments?post=401520"}],"version-history":[{"count":142,"href":"https:\/\/www.tui.com\/blog\/wp-json\/wp\/v2\/posts\/401520\/revisions"}],"predecessor-version":[{"id":504078,"href":"https:\/\/www.tui.com\/blog\/wp-json\/wp\/v2\/posts\/401520\/revisions\/504078"}],"wp:featuredmedia":[{"embeddable":true,"href":"https:\/\/www.tui.com\/blog\/wp-json\/wp\/v2\/media\/404588"}],"wp:attachment":[{"href":"https:\/\/www.tui.com\/blog\/wp-json\/wp\/v2\/media?parent=401520"}],"wp:term":[{"taxonomy":"category","embeddable":true,"href":"https:\/\/www.tui.com\/blog\/wp-json\/wp\/v2\/categories?post=401520"},{"taxonomy":"post_tag","embeddable":true,"href":"https:\/\/www.tui.com\/blog\/wp-json\/wp\/v2\/tags?post=401520"}],"curies":[{"name":"wp","href":"https:\/\/api.w.org\/{rel}","templated":true}]}}