{"id":414568,"date":"2024-01-08T12:00:00","date_gmt":"2024-01-08T11:00:00","guid":{"rendered":"https:\/\/www.tui.com\/blog\/?p=414568"},"modified":"2023-12-19T13:39:36","modified_gmt":"2023-12-19T12:39:36","slug":"herbst-surfurlaub-in-portugal","status":"publish","type":"post","link":"https:\/\/www.tui.com\/blog\/herbst-surfurlaub-in-portugal\/","title":{"rendered":"Die besten Wellen: Warum ein Surfurlaub in Portugal im Herbst unschlagbar ist"},"content":{"rendered":"<p class=\"firstTextGrey\">Portugal ist nicht nur im Sommer ein Paradies f\u00fcr Urlauber. Gerade im Herbst entfaltet das Land an der Atlantikk\u00fcste seinen besonderen Charme und zieht Wellenreiter aus der ganzen Welt an. In diesem Artikel teilt Reisebloggerin Anja Knorr ihre pers\u00f6nlichen Tipps f\u00fcr eine Reise nach Portugal im Herbst.<\/p>\n\n\n<p>Das Rauschen des Atlantiks in meinen Ohren, der salzige Wind in meinen Haaren und die aufregende Aussicht auf endlose Wellen \u2013 f\u00fcr Surfer wie mich ist <a href=\"https:\/\/www.tui.com\/pauschalreisen\/portugal\/\" target=\"_blank\" rel=\"noreferrer noopener\">Portugal<\/a> im Herbst einfach magisch. Hier, fernab von \u00fcberf\u00fcllten Str\u00e4nden und der sengenden Sommerhitze, \u00f6ffnet sich eine Welt voller Surfabenteuer und unvergesslicher Momente.<\/p>\n\n\n\n<p>Mein Surfabenteuer begann im kleinen \u00d6rtchen Sagres, der sich etwa zweieinhalb Stunden westlich von Faro an der Atlantikk\u00fcste erstreckt. Sagres, die malerische Stadt am s\u00fcdwestlichsten Zipfel Europas, bezaubert mit atemberaubenden K\u00fcstenlandschaften, majest\u00e4tischen Klippen und wilden, unber\u00fchrten Str\u00e4nden. Als Mekka f\u00fcr Surfer bieten die tosenden Wellen des Atlantiks ideale Bedingungen f\u00fcr Surfer aller Erfahrungsstufen. Die entspannte Atmosph\u00e4re und die zahlreichen Surfschulen machen es zu einem perfekten Ort, um in die Welt des Wellenreitens einzutauchen.<\/p>\n\n\n\n<p>Ich war schockverliebt in den Leuchturm am Cabo de S\u00e3o Vicente, an dem sich jeden Abend die Menschen versammelten, um den Sonnenuntergang und das Leben zu feiern. Und habe seitdem unz\u00e4hlige Surfurlaube dort verbracht.<\/p>\n\n\n<div class=\"table-of-contents\">\r\n    <div class=\"toc-head\">\r\n        <span class=\"toc-headline\">Inhalt<\/span>\r\n        <button class=\"toggle-toc\"\r\n            aria-expanded=\"false\"\r\n            aria-controls=\"toc-list\"\r\n            aria-label=\"Inhaltsverzeichnis ein- oder ausklappen\">\r\n            <svg xmlns=\"http:\/\/www.w3.org\/2000\/svg\" width=\"17.503\" height=\"10.303\" viewBox=\"0 0 17.503 10.303\">\r\n                <path id=\"Icon_ionic-ios-arrow-back\" data-name=\"Icon ionic-ios-arrow-back\" d=\"M14.356,14.943l6.819-6.618a1.22,1.22,0,0,0,0-1.766,1.321,1.321,0,0,0-1.824,0l-7.726,7.5a1.223,1.223,0,0,0-.038,1.725l7.758,7.55a1.323,1.323,0,0,0,1.824,0,1.22,1.22,0,0,0,0-1.766Z\" transform=\"translate(23.697 -11.251) rotate(90)\" fill=\"#1B115C\"><\/path>\r\n            <\/svg>\r\n        <\/button>\r\n    <\/div>\r\n    <ul id=\"toc-list\" class=\"toc-list\"><\/ul>\r\n<\/div>\n\n\n<h2 class=\"wp-block-heading\">Warum sich ein Surftrip nach Portugal im Herbst besonders lohnt<\/h2>\n\n\n<div class=\"gb-container gb-container-2b22fef2\">\n<div class=\"gb-container gb-container-5679fda7\">\n\r\n<div class=\"img-gal-block\">\r\n            <div class=\"img-gal-desktop\">\r\n            <div class=\"inner landscape\">\r\n                                    <div class=\"img-container \">\r\n                        <div class=\"img-inner\">\r\n                            <img decoding=\"async\" src=\"https:\/\/www.tui.com\/blog\/wp-content\/uploads\/2023\/10\/Peniche-Baleal-Portugal-c-Anja-Knorr-2-1.jpg\" alt=\"Surfen in Peniche\"\/>\r\n                                                    <\/div>\r\n                        <p>\r\n                                                    <\/p>\r\n                    <\/div>\r\n                            <\/div>\r\n        <\/div>\r\n\r\n        <div class=\"slides\" id=\"image-gal-slide\">\r\n                            <div>\r\n                    <img decoding=\"async\" src=\"https:\/\/www.tui.com\/blog\/wp-content\/uploads\/2023\/10\/Peniche-Baleal-Portugal-c-Anja-Knorr-2-1.jpg\"\/>\r\n                    <div class=\"caption\">\r\n                        <p>\r\n                                                    <\/p>\r\n                    <\/div>\r\n                <\/div>\r\n                    <\/div>\r\n    <\/div>\r\n\n<\/div>\n<\/div>\n\n\n<p><\/p>\n\n\n\n<p><a href=\"https:\/\/www.tui.com\/pauschalreisen\/portugal\/\" target=\"_blank\" rel=\"noreferrer noopener\">Portugal<\/a> im Herbst ist zweifellos ein Paradies f\u00fcr Surfer. Die Kombination aus idealen Wellen, angenehmem Klima und einer Vielzahl von Surfspots macht es zu einem Top-Ziel f\u00fcr Wellenreiter aus aller Welt:<\/p>\n\n\n\n<ul class=\"wp-block-list\">\n<li><strong>Wellenqualit\u00e4t:<\/strong> Im Herbst rollen konstante Swells aus dem Atlantik heran und sorgen f\u00fcr hervorragende Wellenqualit\u00e4t. Die Wellen bieten Surfern in den Monaten September bis November konstante Bedingungen.<\/li>\n\n\n\n<li><strong>Weniger Menschenmengen:<\/strong> Im Vergleich zum \u00fcberf\u00fcllten Sommer bedeutet der Herbst eine ruhigere Zeit an den Surfspots mit mehr Platz auf den Wellen.<\/li>\n\n\n\n<li><strong>Angenehmes Klima: <\/strong>Das Herbstwetter in Portugal ist immer noch warm und sonnig, ohne die intensiven Hitzewellen des Sommers. Die angenehmen Temperaturen sorgen f\u00fcr einen entspannten Aufenthalt ohne triefende Hemden.<\/li>\n\n\n\n<li><strong>Vielfalt an Wellen: <\/strong>Portugal bietet eine beeindruckende Vielfalt an Surfspots, von sanften Anf\u00e4ngerwellen bis zu anspruchsvolleren Wellen f\u00fcr erfahrene Surfer.<\/li>\n<\/ul>\n\n\n\n<h2 class=\"wp-block-heading\">F\u00fcr wen eignet sich ein Surfurlaub im Herbst?<\/h2>\n\n\n\r\n<div class=\"img-gal-block\">\r\n            <div class=\"img-gal-desktop\">\r\n            <div class=\"inner landscape\">\r\n                                    <div class=\"img-container \">\r\n                        <div class=\"img-inner\">\r\n                            <img decoding=\"async\" src=\"https:\/\/www.tui.com\/blog\/wp-content\/uploads\/2023\/10\/Portugal-Porto-c-Anja-Knorr.jpg\" alt=\"Surfen in Porto\"\/>\r\n                                                    <\/div>\r\n                        <p>\r\n                                                    <\/p>\r\n                    <\/div>\r\n                            <\/div>\r\n        <\/div>\r\n\r\n        <div class=\"slides\" id=\"image-gal-slide\">\r\n                            <div>\r\n                    <img decoding=\"async\" src=\"https:\/\/www.tui.com\/blog\/wp-content\/uploads\/2023\/10\/Portugal-Porto-c-Anja-Knorr.jpg\"\/>\r\n                    <div class=\"caption\">\r\n                        <p>\r\n                                                    <\/p>\r\n                    <\/div>\r\n                <\/div>\r\n                    <\/div>\r\n    <\/div>\r\n\n\n\n<p>Ein Surfurlaub in Portugal im Herbst ist f\u00fcr nahezu jeden geeignet, der Abenteuer, Natur, Sport und Erholung sucht:<\/p>\n\n\n\n<ul class=\"wp-block-list\">\n<li><strong>Anf\u00e4nger:<\/strong> Die ruhigeren Str\u00e4nde in der N\u00e4he von St\u00e4dten wie Lissabon und Porto eignen sich perfekt f\u00fcr Anf\u00e4nger. Hier erlernen sie in ruhigem Wasser die Grundlagen des Surfens.<\/li>\n\n\n\n<li><strong>Erfahrene Surfer: <\/strong>Fortgeschrittene und erfahrene Surfer finden gerade in den wilden Herbstst\u00fcrmen an der wilden Atlantikk\u00fcste anspruchsvolle Wellen, die selbst die mutigsten Rider herausfordern.<\/li>\n\n\n\n<li><strong>Surf-Enthusiasten: <\/strong>F\u00fcr diejenigen, die das Surfen lieben, ist der Herbst die perfekte Zeit, um die besten Wellen zu reiten, ohne von den Massen gest\u00f6rt zu werden.<\/li>\n<\/ul>\n\n\n\n<h2 class=\"wp-block-heading\">Die besten Surfspots in Portugal im Herbst<\/h2>\n\n\n\r\n<div class=\"img-gal-block\">\r\n            <div class=\"img-gal-desktop\">\r\n            <div class=\"inner landscape\">\r\n                                    <div class=\"img-container \">\r\n                        <div class=\"img-inner\">\r\n                            <img decoding=\"async\" src=\"https:\/\/www.tui.com\/blog\/wp-content\/uploads\/2023\/10\/Nazare-Portugal-c-Anja-Knorr-9.jpg\" alt=\"\"\/>\r\n                                                    <\/div>\r\n                        <p>\r\n                                                    <\/p>\r\n                    <\/div>\r\n                            <\/div>\r\n        <\/div>\r\n\r\n        <div class=\"slides\" id=\"image-gal-slide\">\r\n                            <div>\r\n                    <img decoding=\"async\" src=\"https:\/\/www.tui.com\/blog\/wp-content\/uploads\/2023\/10\/Nazare-Portugal-c-Anja-Knorr-9.jpg\"\/>\r\n                    <div class=\"caption\">\r\n                        <p>\r\n                                                    <\/p>\r\n                    <\/div>\r\n                <\/div>\r\n                    <\/div>\r\n    <\/div>\r\n\n\n\n<ul class=\"wp-block-list\">\n<li><strong>Ericeira:<\/strong> Dieses Surfparadies bietet Wellen f\u00fcr alle Levels. Der Coxos Beach und Ribeira d&#8217;Ilhas sind besonders beliebt.<\/li>\n\n\n\n<li><strong>Peniche: <\/strong>Hier finden sich einige der besten Pointbreaks Europas. Supertubos ist ber\u00fchmt f\u00fcr seine m\u00e4chtigen R\u00f6hren.<\/li>\n\n\n\n<li><strong>Nazare:<\/strong> Hier sollten nur die Big Wave Pros im Wasser beobachtet werden, die verr\u00fcckt genug sind, die bis zu zwanzig Meter hohen Wellen zu surfen.<\/li>\n\n\n\n<li><strong>Sagres und die Algarve: <\/strong>Im S\u00fcden Portugals gibt es zahlreiche Str\u00e4nde mit idealen Bedingungen f\u00fcr Surfer aller Erfahrungsstufen. Beliebte Spots sind Praia do Amado und Arrifana.<\/li>\n<\/ul>\n\n\n\n<h2 class=\"wp-block-heading\">Wo und wie leihe ich mir Surfboards in Portugal aus?<\/h2>\n\n\n\r\n<div class=\"img-gal-block\">\r\n            <div class=\"img-gal-desktop\">\r\n            <div class=\"inner landscape\">\r\n                                    <div class=\"img-container \">\r\n                        <div class=\"img-inner\">\r\n                            <img decoding=\"async\" src=\"https:\/\/www.tui.com\/blog\/wp-content\/uploads\/2023\/10\/Portugal-Backpacking.jpg\" alt=\"Portugals wilde Str\u00e4nde\"\/>\r\n                                                    <\/div>\r\n                        <p>\r\n                                                    <\/p>\r\n                    <\/div>\r\n                            <\/div>\r\n        <\/div>\r\n\r\n        <div class=\"slides\" id=\"image-gal-slide\">\r\n                            <div>\r\n                    <img decoding=\"async\" src=\"https:\/\/www.tui.com\/blog\/wp-content\/uploads\/2023\/10\/Portugal-Backpacking.jpg\"\/>\r\n                    <div class=\"caption\">\r\n                        <p>\r\n                                                    <\/p>\r\n                    <\/div>\r\n                <\/div>\r\n                    <\/div>\r\n    <\/div>\r\n\n\n\n<p>Das Ausleihen von Surfboards in <a href=\"https:\/\/www.tui.com\/pauschalreisen\/portugal\/\" target=\"_blank\" rel=\"noreferrer noopener\">Portugal<\/a> ist denkbar einfach und bequem, da das Land mit einer ausgepr\u00e4gten Surfkultur und vielen Surfschulen und Verleihstationen entlang seiner K\u00fcste aufwartet. Dabei sollten die Sicherheitsregeln und Empfehlungen der lokalen Surfschulen befolgt werden, insbesondere wenn man an einem neuen Surfspot unterwegs ist.<\/p>\n\n\n\n<ul class=\"wp-block-list\">\n<li><strong>Surfschulen und Verleihstationen:<\/strong> An den meisten beliebten Surfspots entlang der portugiesischen K\u00fcste finden sich Surfschulen und Verleihstationen. Diese bieten eine breite Palette von Surfboards, sowohl f\u00fcr Anf\u00e4nger als auch f\u00fcr erfahrene Surfer. Meist kann ein Surfboard stundenweise oder f\u00fcr den Tag gemietet werden.<\/li>\n\n\n\n<li><strong>Preise: <\/strong>Die Kosten f\u00fcr das Ausleihen eines Surfboards variieren je nach Ort und Art des Boards. Im Allgemeinen sind zwischen 10 und 30 Euro pro Tag f\u00fcr ein Surfboard zu bezahlen. Anf\u00e4ngerboards oder Softtop-Boards sind in der Regel preiswerter als High-Performance-Boards.<\/li>\n\n\n\n<li><strong>Online-Reservierungen:<\/strong> Einige Surfschulen und Verleihstationen bieten die M\u00f6glichkeit, Surfboards im Voraus online zu reservieren.<\/li>\n<\/ul>\n\n\n\n<h2 class=\"wp-block-heading\">Attraktionen abseits vom Surfen<\/h2>\n\n\n\n<p>Es gibt immer Tage, an denen das Surfen aufgrund von Wind oder Gezeiten nicht m\u00f6glich ist. Dann lohnt sich ein Ausflug in die charmanten St\u00e4dte und D\u00f6rfer Portugals mit seinen historischen Sehensw\u00fcrdigkeiten wie das Schloss von Sintra oder das Jer\u00f3nimos-Kloster in Lissabon oder Wanderungen in der atemberaubenden Natur. Kulturelle Erfahrungen, k\u00f6stliche Speisen und eine reiche Geschichte warten darauf, entdeckt zu werden.<\/p>\n\n\n\n<h2 class=\"wp-block-heading\">Algarve \u2013 Das sonnige Paradies am Atlantik<\/h2>\n\n\n\r\n<div class=\"img-gal-block\">\r\n            <div class=\"img-gal-desktop\">\r\n            <div class=\"inner landscape\">\r\n                                    <div class=\"img-container \">\r\n                        <div class=\"img-inner\">\r\n                            <img decoding=\"async\" src=\"https:\/\/www.tui.com\/blog\/wp-content\/uploads\/2023\/10\/Portugal-c-Anja-Knorr.jpg\" alt=\"\"\/>\r\n                                                    <\/div>\r\n                        <p>\r\n                                                    <\/p>\r\n                    <\/div>\r\n                            <\/div>\r\n        <\/div>\r\n\r\n        <div class=\"slides\" id=\"image-gal-slide\">\r\n                            <div>\r\n                    <img decoding=\"async\" src=\"https:\/\/www.tui.com\/blog\/wp-content\/uploads\/2023\/10\/Portugal-c-Anja-Knorr.jpg\"\/>\r\n                    <div class=\"caption\">\r\n                        <p>\r\n                                                    <\/p>\r\n                    <\/div>\r\n                <\/div>\r\n                    <\/div>\r\n    <\/div>\r\n\n\n\n<p>Die <a href=\"https:\/\/www.tui.com\/pauschalreisen\/portugal\/algarve\/\" target=\"_blank\" rel=\"noreferrer noopener\">Algarve<\/a>, an der s\u00fcdlichen K\u00fcste Portugals gelegen, begr\u00fc\u00dft Besucher mit einer unwiderstehlichen Mischung aus sonnendurchfluteten Str\u00e4nden, dramatischen Felsformationen und malerischen D\u00f6rfern. Dieses K\u00fcstenparadies ist ein Traumziel f\u00fcr Reisende, die sich nach Erholung in einer idyllischen Umgebung sehnen.<\/p>\n\n\n\n<p>Zum Beispiel ist die Bucht von Praia da Marinha ber\u00fchmt f\u00fcr ihre beeindruckenden Felsformationen und kristallklaren Gew\u00e4sser und geh\u00f6rt zu den sch\u00f6nsten Str\u00e4nden der Algarve.<\/p>\n\n\n\n<p>Diese charmante K\u00fcstenstadt <a href=\"https:\/\/www.tui.com\/pauschalreisen\/portugal\/algarve\/lagos\/\" target=\"_blank\" rel=\"noreferrer noopener\">Lagos<\/a> bietet historische Architektur, lebhafte M\u00e4rkte und Bootsausfl\u00fcge zu den beeindruckenden Ponta da Piedade-Felsen. Dagegen gilt <a href=\"https:\/\/www.tui.com\/pauschalreisen\/portugal\/faro\/\" target=\"_blank\" rel=\"noreferrer noopener\">Faro <\/a>als Hauptstadt der Algarve ein historisches Juwel mit einer malerischen Altstadt, einer gotischen Kathedrale und einem reichen kulturellen Erbe.<\/p>\n\n\n\n<h2 class=\"wp-block-heading\">Wilde Natur in Sagres<\/h2>\n\n\n\r\n<div class=\"img-gal-block\">\r\n            <div class=\"img-gal-desktop\">\r\n            <div class=\"inner landscape\">\r\n                                    <div class=\"img-container \">\r\n                        <div class=\"img-inner\">\r\n                            <img decoding=\"async\" src=\"https:\/\/www.tui.com\/blog\/wp-content\/uploads\/2023\/10\/Portugal-Sagres-c-Anja-Knorr-2.jpg\" alt=\"Leuchtturm in Sagres\"\/>\r\n                                                    <\/div>\r\n                        <p>\r\n                                                    <\/p>\r\n                    <\/div>\r\n                            <\/div>\r\n        <\/div>\r\n\r\n        <div class=\"slides\" id=\"image-gal-slide\">\r\n                            <div>\r\n                    <img decoding=\"async\" src=\"https:\/\/www.tui.com\/blog\/wp-content\/uploads\/2023\/10\/Portugal-Sagres-c-Anja-Knorr-2.jpg\"\/>\r\n                    <div class=\"caption\">\r\n                        <p>\r\n                                                    <\/p>\r\n                    <\/div>\r\n                <\/div>\r\n                    <\/div>\r\n    <\/div>\r\n\n\n\n<p>Sagres strahlt eine entspannte und ruhige Atmosph\u00e4re aus, man f\u00fchlt sich wirklich am Ende der Welt angekommen. Abseits von Massentourismus und gro\u00dfen Menschenansammlungen ist dies der perfekte Ort, um dem Trubel des Alltags zu entkommen und die Seele baumeln zu lassen. Das Fortaleza de Sagres wurde von Heinrich dem Seefahrer gegr\u00fcndet und thront beeindruckend am \u00e4u\u00dfersten Zipfel des Ortes, das eine wichtige Rolle in der Zeit der portugiesischen Seefahrergeschichte gespielt hat.<\/p>\n\n\n\n<p>Ebenso ist die Region um Sagres ein Paradies f\u00fcr Naturliebhaber. Hier k\u00f6nnen Urlauber seltene Vogelarten beobachten und in den nahegelegenen Naturparks wandern. Die unber\u00fchrte Natur und die frische Meeresbrise sind Balsam f\u00fcr die Seele.<\/p>\n\n\n\n<h2 class=\"wp-block-heading\">Die Stadt der sieben H\u00fcgel: Lissabon<\/h2>\n\n\n\r\n<div class=\"img-gal-block\">\r\n            <div class=\"img-gal-desktop\">\r\n            <div class=\"inner landscape\">\r\n                                    <div class=\"img-container \">\r\n                        <div class=\"img-inner\">\r\n                            <img decoding=\"async\" src=\"https:\/\/www.tui.com\/blog\/wp-content\/uploads\/2023\/10\/Portugal-Lissabon-c-Anja-Knorr.jpg\" alt=\"Lissabon bei Nacht\"\/>\r\n                                                    <\/div>\r\n                        <p>\r\n                                                    <\/p>\r\n                    <\/div>\r\n                            <\/div>\r\n        <\/div>\r\n\r\n        <div class=\"slides\" id=\"image-gal-slide\">\r\n                            <div>\r\n                    <img decoding=\"async\" src=\"https:\/\/www.tui.com\/blog\/wp-content\/uploads\/2023\/10\/Portugal-Lissabon-c-Anja-Knorr.jpg\"\/>\r\n                    <div class=\"caption\">\r\n                        <p>\r\n                                                    <\/p>\r\n                    <\/div>\r\n                <\/div>\r\n                    <\/div>\r\n    <\/div>\r\n\n\n\n<p>In der pulsierenden Hauptstadt Portugals verweben sich Geschichte und Moderne auf faszinierende Weise. Die Stadt thront auf sieben H\u00fcgeln am Ufer des majest\u00e4tischen Flusses Tejo und fasziniert Besucher mit ihren farbenfrohen Altstadtvierteln, den romantischen Gassen, historischen Pal\u00e4sten und einer lebendigen Kulturszene.<\/p>\n\n\n\n<p><a href=\"https:\/\/www.tui.com\/pauschalreisen\/portugal\/lissabon\/\" target=\"_blank\" rel=\"noreferrer noopener\">Lissabon<\/a> erobert die Herzen der Reisenden im Sturm und ist ein absolutes Muss auf jeder Reiseliste in Portugal. Das UNESCO-Weltkulturerbe des Belem-Turms  gilt als Wahrzeichen der Stadt und ist ein Meisterwerk der Manuelinik-Architektur. Der Turm bietet einen beeindruckenden Ausblick auf die Stadt.<\/p>\n\n\n\n<p>Das mittelalterliche Schloss Castelo de S\u00e3o Jorge im historischen Viertel Alfama bietet nicht nur eine beeindruckende Festungsanlage, sondern auch gro\u00dfartige Aussichten auf Lissabon.<\/p>\n\n\n\n<p>Das Viertel Bairro Alto ist bekannt f\u00fcr sein aufregendes Nachtleben. Tags\u00fcber erkunden Besucher die engen Gassen und bunten H\u00e4user und nachts erwacht es zu einem Zentrum f\u00fcr Musik und Unterhaltung.<\/p>\n\n\n\n<h2 class=\"wp-block-heading\">Sintra \u2013 Wo M\u00e4rchenw\u00e4lder und k\u00f6nigliche Pal\u00e4ste verschmelzen<\/h2>\n\n\n\n<p>UNESCO-Weltkulturerbest\u00e4tte Sintra liegt nur eine kurze Fahrt von Lissabon entfernt und l\u00e4sst einen in eine andere Zeit eintauchen, in der K\u00f6nige und Dichter Inspiration in dieser wundersch\u00f6nen Landschaft fanden. Die Stadt in den Bergen vor Lissabon wird oft als &#8222;M\u00e4rchenstadt&#8220; bezeichnet, und bei einem Besuch wird schnell klar, warum. Die Stadt ist ges\u00e4umt von dichten W\u00e4ldern, majest\u00e4tischen Pal\u00e4sten und reich verzierten Geb\u00e4uden, die eine surreale Kulisse bilden.<\/p>\n\n\n\n<p>Der Palast Pal\u00e1cio Naconal de Sintra befindet sich inmitten einer \u00fcppigen Parkanlage und beeindruckt mit seiner bunten Architektur und reichen Geschichte. Sintra selbst ist ein.<\/p>\n\n\n\n<p>Die maurische Festung Castelo dos Mouros bietet spektakul\u00e4re Aussichten auf Sintra und die umliegende Landschaft. Die gut erhaltenen Mauern und T\u00fcrme sind ein Paradies f\u00fcr Geschichtsinteressierte.<\/p>\n\n\n\n<h2 class=\"wp-block-heading\">\u00d3bidos \u2013 Das mittelalterliche Juwel Portugals<\/h2>\n\n\n\n<p>Das mittelalterliche Dorf \u00d3bidos wirkt wie aus einem Geschichtsbuch entsprungen. Umgeben von einer jahrhundertealten Stadtmauer, hat \u00d3bidos seinen einzigartigen Charme und seinen historischen Charakter bewahrt. Diese kleine Stadt, mit ihren kopfsteingepflasterten Gassen, bunten Blumen und malerischen Pl\u00e4tzen, ist eine Reise zur\u00fcck in die Zeit, in der Ritter in R\u00fcstungen durch die Gassen wandelten.<\/p>\n\n\n\n<p>Vom beeindruckenden Schloss Castelo de \u00d3bidos genie\u00dfen Urlauber gro\u00dfartige Ausblicke auf die umliegende Umgebung und entdecken innerhalb der Burgmauern ein charmantes Dorf mit Kopfsteinpflasterstra\u00dfen.<\/p>\n\n\n\n<h2 class=\"wp-block-heading\">Porto \u2013 Metropole des Nordens<\/h2>\n\n\n\n<p><a href=\"https:\/\/www.tui.com\/pauschalreisen\/portugal\/porto\/\" target=\"_blank\" rel=\"noreferrer noopener\">Porto<\/a>, die lebendige Metropole im Norden Portugals, verzaubert mit ihrem einzigartigen Charme und ihrer faszinierenden Mischung aus Geschichte, Kultur und Moderne. Diese Stadt, die am Ufer des m\u00e4chtigen Douro-Flusses liegt, erwartet Besucher mit ihren farbenfrohen Altstadtvierteln, den ber\u00fchmten Rabelo-Booten, die den Fluss durchkreuzen, und einer lebhaften kulinarischen Szene.<\/p>\n\n\n\n<p>Au\u00dferdem ist <a href=\"https:\/\/www.tui.com\/pauschalreisen\/portugal\/porto\/\" target=\"_blank\" rel=\"noreferrer noopener\">Porto<\/a> f\u00fcr seinen Portwein ber\u00fchmt. W\u00e4hrend eines Besuchs in einem der zahlreichen Weinkeller in Vila Nova de Gaia werden Portweine verkostet und Urlauber erfahren mehr \u00fcber die Geschichte des Portweins.<\/p>\n\n\n\n<p>Rund eine Stunde s\u00fcdlich von Porto liegt Aveiro, das oft als &#8222;Venedig Portugals&#8220; bezeichnet wird. Die malerische Stadt an der Atlantikk\u00fcste ist f\u00fcr ihre charmanten Kan\u00e4le, bunten Boote und die reiche Kulturgeschichte bekannt ist.<\/p>\n\n\n\r\n<div class=\"img-gal-block\">\r\n            <div class=\"img-gal-desktop\">\r\n            <div class=\"inner landscape\">\r\n                                    <div class=\"img-container \">\r\n                        <div class=\"img-inner\">\r\n                            <img decoding=\"async\" src=\"https:\/\/www.tui.com\/blog\/wp-content\/uploads\/2023\/10\/Portugal-Aveiro-c-Anja-Knorr.jpg\" alt=\"Aveiro nahe Porto\"\/>\r\n                                                    <\/div>\r\n                        <p>\r\n                                                    <\/p>\r\n                    <\/div>\r\n                            <\/div>\r\n        <\/div>\r\n\r\n        <div class=\"slides\" id=\"image-gal-slide\">\r\n                            <div>\r\n                    <img decoding=\"async\" src=\"https:\/\/www.tui.com\/blog\/wp-content\/uploads\/2023\/10\/Portugal-Aveiro-c-Anja-Knorr.jpg\"\/>\r\n                    <div class=\"caption\">\r\n                        <p>\r\n                                                    <\/p>\r\n                    <\/div>\r\n                <\/div>\r\n                    <\/div>\r\n    <\/div>\r\n\n\n\n<h2 class=\"wp-block-heading\">Fazit \u2013 Ein Surfabenteuer der Extraklasse<\/h2>\n\n\n\n<p>Ein Surfurlaub im Herbst in Portugal bietet die ideale Kombination aus perfekten Wellen, angenehmem Wetter und einer entspannten Atmosph\u00e4re. Portugals Atlantikk\u00fcste ist mit einer Vielzahl von Surfspots f\u00fcr alle Levels gesegnet und somit der ideale Ort, um die Leidenschaft f\u00fcr das Wellenreiten zu leben.<\/p>\n\n\n\n<p>Abseits der Wellen erwarten Besucher charmante St\u00e4dte wie Lissabon und Porto, die mit ihrer Geschichte, Kultur und k\u00f6stlichen K\u00fcche begeistern. Au\u00dferdem gibt es atemberaubende Naturparks, historische St\u00e4tten und eine reiche lokale Kultur zu erkunden.<\/p>\n","protected":false},"excerpt":{"rendered":"<p>Portugal ist nicht nur im Sommer ein Paradies f\u00fcr Urlauber. Gerade im Herbst entfaltet das Land an der Atlantikk\u00fcste seinen besonderen Charme und zieht Wellenreiter aus der ganzen Welt an. In diesem Artikel teilt Reisebloggerin Anja Knorr ihre pers\u00f6nlichen Tipps f\u00fcr eine Reise nach Portugal im Herbst. Das Rauschen des<\/p>\n","protected":false},"author":105,"featured_media":414588,"comment_status":"open","ping_status":"open","sticky":false,"template":"","format":"standard","meta":{"_acf_changed":false,"footnotes":""},"categories":[4054,4068,4044,4052,4030],"tags":[2563,107,63,624],"class_list":["post-414568","post","type-post","status-publish","format-standard","has-post-thumbnail","hentry","category-archiv-aktivurlaub","category-archiv-beste-reisezeit","category-archiv-portugal","category-archiv-reisearten","category-archiv-reiseziele","tag-herbst","tag-portugal","tag-surfen","tag-wellenreiten"],"acf":[],"yoast_head":"<!-- This site is optimized with the Yoast SEO plugin v27.4 - https:\/\/yoast.com\/product\/yoast-seo-wordpress\/ -->\n<title>Die besten Wellen: Warum ein Surfurlaub in Portugal im Herbst unschlagbar ist - TUI.com Reiseblog \u2600<\/title>\n<meta name=\"description\" content=\"Im Herbst zieht die Atlantikk\u00fcste Wellenreiter aus der ganzen Welt an. Reisebloggerin Anja Knorr teilt ihre pers\u00f6nlichen Tipps f\u00fcr einen Surfurlaub nach Portugal.\" \/>\n<meta name=\"robots\" content=\"index, follow, max-snippet:-1, max-image-preview:large, max-video-preview:-1\" \/>\n<link rel=\"canonical\" href=\"https:\/\/www.tui.com\/blog\/herbst-surfurlaub-in-portugal\/\" \/>\n<meta property=\"og:locale\" content=\"de_DE\" \/>\n<meta property=\"og:type\" content=\"article\" \/>\n<meta property=\"og:title\" content=\"Die besten Wellen: Warum ein Surfurlaub in Portugal im Herbst unschlagbar ist - TUI.com Reiseblog \u2600\" \/>\n<meta property=\"og:description\" content=\"Im Herbst zieht die Atlantikk\u00fcste Wellenreiter aus der ganzen Welt an. Reisebloggerin Anja Knorr teilt ihre pers\u00f6nlichen Tipps f\u00fcr einen Surfurlaub nach Portugal.\" \/>\n<meta property=\"og:url\" content=\"https:\/\/www.tui.com\/blog\/herbst-surfurlaub-in-portugal\/\" \/>\n<meta property=\"og:site_name\" content=\"TUI.com Reiseblog \u2600\" \/>\n<meta property=\"article:published_time\" content=\"2024-01-08T11:00:00+00:00\" \/>\n<meta property=\"og:image\" content=\"https:\/\/www.tui.com\/blog\/wp-content\/uploads\/2023\/10\/Portugal-Praia-da-Maca-c-Anja-Knorr.jpg\" \/>\n\t<meta property=\"og:image:width\" content=\"1920\" \/>\n\t<meta property=\"og:image:height\" content=\"1080\" \/>\n\t<meta property=\"og:image:type\" content=\"image\/jpeg\" \/>\n<meta name=\"author\" content=\"Anja Knorr\" \/>\n<meta name=\"twitter:card\" content=\"summary_large_image\" \/>\n<meta name=\"twitter:label1\" content=\"Verfasst von\" \/>\n\t<meta name=\"twitter:data1\" content=\"Anja Knorr\" \/>\n\t<meta name=\"twitter:label2\" content=\"Gesch\u00e4tzte Lesezeit\" \/>\n\t<meta name=\"twitter:data2\" content=\"8\u00a0Minuten\" \/>\n<script type=\"application\/ld+json\" class=\"yoast-schema-graph\">{\"@context\":\"https:\\\/\\\/schema.org\",\"@graph\":[{\"@type\":\"BlogPosting\",\"@id\":\"https:\\\/\\\/www.tui.com\\\/blog\\\/herbst-surfurlaub-in-portugal\\\/#article\",\"isPartOf\":{\"@id\":\"https:\\\/\\\/www.tui.com\\\/blog\\\/herbst-surfurlaub-in-portugal\\\/\"},\"author\":{\"name\":\"Anja Knorr\",\"@id\":\"https:\\\/\\\/www.tui.com\\\/blog\\\/#\\\/schema\\\/person\\\/9c85ce4f2497fad7a33caba3ee9732fd\"},\"headline\":\"Die besten Wellen: Warum ein Surfurlaub in Portugal im Herbst unschlagbar ist\",\"datePublished\":\"2024-01-08T11:00:00+00:00\",\"mainEntityOfPage\":{\"@id\":\"https:\\\/\\\/www.tui.com\\\/blog\\\/herbst-surfurlaub-in-portugal\\\/\"},\"wordCount\":1677,\"commentCount\":0,\"publisher\":{\"@id\":\"https:\\\/\\\/www.tui.com\\\/blog\\\/#organization\"},\"image\":{\"@id\":\"https:\\\/\\\/www.tui.com\\\/blog\\\/herbst-surfurlaub-in-portugal\\\/#primaryimage\"},\"thumbnailUrl\":\"https:\\\/\\\/www.tui.com\\\/blog\\\/wp-content\\\/uploads\\\/2023\\\/10\\\/Portugal-Praia-da-Maca-c-Anja-Knorr.jpg\",\"keywords\":[\"Herbst\",\"Portugal\",\"Surfen\",\"Wellenreiten\"],\"articleSection\":[\"Aktivurlaub\",\"Beste Reisezeit\",\"Portugal\",\"Reisearten\",\"Reiseziele\"],\"inLanguage\":\"de\",\"potentialAction\":[{\"@type\":\"CommentAction\",\"name\":\"Comment\",\"target\":[\"https:\\\/\\\/www.tui.com\\\/blog\\\/herbst-surfurlaub-in-portugal\\\/#respond\"]}]},{\"@type\":\"WebPage\",\"@id\":\"https:\\\/\\\/www.tui.com\\\/blog\\\/herbst-surfurlaub-in-portugal\\\/\",\"url\":\"https:\\\/\\\/www.tui.com\\\/blog\\\/herbst-surfurlaub-in-portugal\\\/\",\"name\":\"Die besten Wellen: Warum ein Surfurlaub in Portugal im Herbst unschlagbar ist - TUI.com Reiseblog \u2600\",\"isPartOf\":{\"@id\":\"https:\\\/\\\/www.tui.com\\\/blog\\\/#website\"},\"primaryImageOfPage\":{\"@id\":\"https:\\\/\\\/www.tui.com\\\/blog\\\/herbst-surfurlaub-in-portugal\\\/#primaryimage\"},\"image\":{\"@id\":\"https:\\\/\\\/www.tui.com\\\/blog\\\/herbst-surfurlaub-in-portugal\\\/#primaryimage\"},\"thumbnailUrl\":\"https:\\\/\\\/www.tui.com\\\/blog\\\/wp-content\\\/uploads\\\/2023\\\/10\\\/Portugal-Praia-da-Maca-c-Anja-Knorr.jpg\",\"datePublished\":\"2024-01-08T11:00:00+00:00\",\"description\":\"Im Herbst zieht die Atlantikk\u00fcste Wellenreiter aus der ganzen Welt an. Reisebloggerin Anja Knorr teilt ihre pers\u00f6nlichen Tipps f\u00fcr einen Surfurlaub nach Portugal.\",\"breadcrumb\":{\"@id\":\"https:\\\/\\\/www.tui.com\\\/blog\\\/herbst-surfurlaub-in-portugal\\\/#breadcrumb\"},\"inLanguage\":\"de\",\"potentialAction\":[{\"@type\":\"ReadAction\",\"target\":[\"https:\\\/\\\/www.tui.com\\\/blog\\\/herbst-surfurlaub-in-portugal\\\/\"]}]},{\"@type\":\"ImageObject\",\"inLanguage\":\"de\",\"@id\":\"https:\\\/\\\/www.tui.com\\\/blog\\\/herbst-surfurlaub-in-portugal\\\/#primaryimage\",\"url\":\"https:\\\/\\\/www.tui.com\\\/blog\\\/wp-content\\\/uploads\\\/2023\\\/10\\\/Portugal-Praia-da-Maca-c-Anja-Knorr.jpg\",\"contentUrl\":\"https:\\\/\\\/www.tui.com\\\/blog\\\/wp-content\\\/uploads\\\/2023\\\/10\\\/Portugal-Praia-da-Maca-c-Anja-Knorr.jpg\",\"width\":1920,\"height\":1080,\"caption\":\"Praia da Maca nahe Lissabon\"},{\"@type\":\"BreadcrumbList\",\"@id\":\"https:\\\/\\\/www.tui.com\\\/blog\\\/herbst-surfurlaub-in-portugal\\\/#breadcrumb\",\"itemListElement\":[{\"@type\":\"ListItem\",\"position\":1,\"name\":\"Startseite\",\"item\":\"https:\\\/\\\/www.tui.com\\\/blog\\\/\"},{\"@type\":\"ListItem\",\"position\":2,\"name\":\"Die besten Wellen: Warum ein Surfurlaub in Portugal im Herbst unschlagbar ist\"}]},{\"@type\":\"WebSite\",\"@id\":\"https:\\\/\\\/www.tui.com\\\/blog\\\/#website\",\"url\":\"https:\\\/\\\/www.tui.com\\\/blog\\\/\",\"name\":\"TUI.com Reiseblog \u2600\",\"description\":\"Abenteuer oder lieber an den Strand? \u2600 Der TUI Reiseblog bietet tolle Infos rund um deine n\u00e4chste Reise \u2708 Komm vorbei und lass dich inspirieren \u221a\",\"publisher\":{\"@id\":\"https:\\\/\\\/www.tui.com\\\/blog\\\/#organization\"},\"potentialAction\":[{\"@type\":\"SearchAction\",\"target\":{\"@type\":\"EntryPoint\",\"urlTemplate\":\"https:\\\/\\\/www.tui.com\\\/blog\\\/?s={search_term_string}\"},\"query-input\":{\"@type\":\"PropertyValueSpecification\",\"valueRequired\":true,\"valueName\":\"search_term_string\"}}],\"inLanguage\":\"de\"},{\"@type\":\"Organization\",\"@id\":\"https:\\\/\\\/www.tui.com\\\/blog\\\/#organization\",\"name\":\"TUI.com Reiseblog \u2600\",\"url\":\"https:\\\/\\\/www.tui.com\\\/blog\\\/\",\"logo\":{\"@type\":\"ImageObject\",\"inLanguage\":\"de\",\"@id\":\"https:\\\/\\\/www.tui.com\\\/blog\\\/#\\\/schema\\\/logo\\\/image\\\/\",\"url\":\"https:\\\/\\\/www.tui.com\\\/blog\\\/wp-content\\\/uploads\\\/2023\\\/04\\\/cropped-tui-logo-3.png\",\"contentUrl\":\"https:\\\/\\\/www.tui.com\\\/blog\\\/wp-content\\\/uploads\\\/2023\\\/04\\\/cropped-tui-logo-3.png\",\"width\":164,\"height\":72,\"caption\":\"TUI.com Reiseblog \u2600\"},\"image\":{\"@id\":\"https:\\\/\\\/www.tui.com\\\/blog\\\/#\\\/schema\\\/logo\\\/image\\\/\"}},{\"@type\":\"Person\",\"@id\":\"https:\\\/\\\/www.tui.com\\\/blog\\\/#\\\/schema\\\/person\\\/9c85ce4f2497fad7a33caba3ee9732fd\",\"name\":\"Anja Knorr\",\"image\":{\"@type\":\"ImageObject\",\"inLanguage\":\"de\",\"@id\":\"https:\\\/\\\/www.tui.com\\\/blog\\\/wp-content\\\/uploads\\\/2017\\\/03\\\/anja-bild-250x180.jpg\",\"url\":\"https:\\\/\\\/www.tui.com\\\/blog\\\/wp-content\\\/uploads\\\/2017\\\/03\\\/anja-bild-250x180.jpg\",\"contentUrl\":\"https:\\\/\\\/www.tui.com\\\/blog\\\/wp-content\\\/uploads\\\/2017\\\/03\\\/anja-bild-250x180.jpg\",\"caption\":\"Anja Knorr\"},\"sameAs\":[\"https:\\\/\\\/www.happybackpacker.de\\\/\"],\"url\":\"https:\\\/\\\/www.tui.com\\\/blog\\\/author\\\/anja\\\/\"}]}<\/script>\n<!-- \/ Yoast SEO plugin. -->","yoast_head_json":{"title":"Die besten Wellen: Warum ein Surfurlaub in Portugal im Herbst unschlagbar ist - TUI.com Reiseblog \u2600","description":"Im Herbst zieht die Atlantikk\u00fcste Wellenreiter aus der ganzen Welt an. Reisebloggerin Anja Knorr teilt ihre pers\u00f6nlichen Tipps f\u00fcr einen Surfurlaub nach Portugal.","robots":{"index":"index","follow":"follow","max-snippet":"max-snippet:-1","max-image-preview":"max-image-preview:large","max-video-preview":"max-video-preview:-1"},"canonical":"https:\/\/www.tui.com\/blog\/herbst-surfurlaub-in-portugal\/","og_locale":"de_DE","og_type":"article","og_title":"Die besten Wellen: Warum ein Surfurlaub in Portugal im Herbst unschlagbar ist - TUI.com Reiseblog \u2600","og_description":"Im Herbst zieht die Atlantikk\u00fcste Wellenreiter aus der ganzen Welt an. Reisebloggerin Anja Knorr teilt ihre pers\u00f6nlichen Tipps f\u00fcr einen Surfurlaub nach Portugal.","og_url":"https:\/\/www.tui.com\/blog\/herbst-surfurlaub-in-portugal\/","og_site_name":"TUI.com Reiseblog \u2600","article_published_time":"2024-01-08T11:00:00+00:00","og_image":[{"width":1920,"height":1080,"url":"https:\/\/www.tui.com\/blog\/wp-content\/uploads\/2023\/10\/Portugal-Praia-da-Maca-c-Anja-Knorr.jpg","type":"image\/jpeg"}],"author":"Anja Knorr","twitter_card":"summary_large_image","twitter_misc":{"Verfasst von":"Anja Knorr","Gesch\u00e4tzte Lesezeit":"8\u00a0Minuten"},"schema":{"@context":"https:\/\/schema.org","@graph":[{"@type":"BlogPosting","@id":"https:\/\/www.tui.com\/blog\/herbst-surfurlaub-in-portugal\/#article","isPartOf":{"@id":"https:\/\/www.tui.com\/blog\/herbst-surfurlaub-in-portugal\/"},"author":{"name":"Anja Knorr","@id":"https:\/\/www.tui.com\/blog\/#\/schema\/person\/9c85ce4f2497fad7a33caba3ee9732fd"},"headline":"Die besten Wellen: Warum ein Surfurlaub in Portugal im Herbst unschlagbar ist","datePublished":"2024-01-08T11:00:00+00:00","mainEntityOfPage":{"@id":"https:\/\/www.tui.com\/blog\/herbst-surfurlaub-in-portugal\/"},"wordCount":1677,"commentCount":0,"publisher":{"@id":"https:\/\/www.tui.com\/blog\/#organization"},"image":{"@id":"https:\/\/www.tui.com\/blog\/herbst-surfurlaub-in-portugal\/#primaryimage"},"thumbnailUrl":"https:\/\/www.tui.com\/blog\/wp-content\/uploads\/2023\/10\/Portugal-Praia-da-Maca-c-Anja-Knorr.jpg","keywords":["Herbst","Portugal","Surfen","Wellenreiten"],"articleSection":["Aktivurlaub","Beste Reisezeit","Portugal","Reisearten","Reiseziele"],"inLanguage":"de","potentialAction":[{"@type":"CommentAction","name":"Comment","target":["https:\/\/www.tui.com\/blog\/herbst-surfurlaub-in-portugal\/#respond"]}]},{"@type":"WebPage","@id":"https:\/\/www.tui.com\/blog\/herbst-surfurlaub-in-portugal\/","url":"https:\/\/www.tui.com\/blog\/herbst-surfurlaub-in-portugal\/","name":"Die besten Wellen: Warum ein Surfurlaub in Portugal im Herbst unschlagbar ist - TUI.com Reiseblog \u2600","isPartOf":{"@id":"https:\/\/www.tui.com\/blog\/#website"},"primaryImageOfPage":{"@id":"https:\/\/www.tui.com\/blog\/herbst-surfurlaub-in-portugal\/#primaryimage"},"image":{"@id":"https:\/\/www.tui.com\/blog\/herbst-surfurlaub-in-portugal\/#primaryimage"},"thumbnailUrl":"https:\/\/www.tui.com\/blog\/wp-content\/uploads\/2023\/10\/Portugal-Praia-da-Maca-c-Anja-Knorr.jpg","datePublished":"2024-01-08T11:00:00+00:00","description":"Im Herbst zieht die Atlantikk\u00fcste Wellenreiter aus der ganzen Welt an. Reisebloggerin Anja Knorr teilt ihre pers\u00f6nlichen Tipps f\u00fcr einen Surfurlaub nach Portugal.","breadcrumb":{"@id":"https:\/\/www.tui.com\/blog\/herbst-surfurlaub-in-portugal\/#breadcrumb"},"inLanguage":"de","potentialAction":[{"@type":"ReadAction","target":["https:\/\/www.tui.com\/blog\/herbst-surfurlaub-in-portugal\/"]}]},{"@type":"ImageObject","inLanguage":"de","@id":"https:\/\/www.tui.com\/blog\/herbst-surfurlaub-in-portugal\/#primaryimage","url":"https:\/\/www.tui.com\/blog\/wp-content\/uploads\/2023\/10\/Portugal-Praia-da-Maca-c-Anja-Knorr.jpg","contentUrl":"https:\/\/www.tui.com\/blog\/wp-content\/uploads\/2023\/10\/Portugal-Praia-da-Maca-c-Anja-Knorr.jpg","width":1920,"height":1080,"caption":"Praia da Maca nahe Lissabon"},{"@type":"BreadcrumbList","@id":"https:\/\/www.tui.com\/blog\/herbst-surfurlaub-in-portugal\/#breadcrumb","itemListElement":[{"@type":"ListItem","position":1,"name":"Startseite","item":"https:\/\/www.tui.com\/blog\/"},{"@type":"ListItem","position":2,"name":"Die besten Wellen: Warum ein Surfurlaub in Portugal im Herbst unschlagbar ist"}]},{"@type":"WebSite","@id":"https:\/\/www.tui.com\/blog\/#website","url":"https:\/\/www.tui.com\/blog\/","name":"TUI.com Reiseblog \u2600","description":"Abenteuer oder lieber an den Strand? \u2600 Der TUI Reiseblog bietet tolle Infos rund um deine n\u00e4chste Reise \u2708 Komm vorbei und lass dich inspirieren \u221a","publisher":{"@id":"https:\/\/www.tui.com\/blog\/#organization"},"potentialAction":[{"@type":"SearchAction","target":{"@type":"EntryPoint","urlTemplate":"https:\/\/www.tui.com\/blog\/?s={search_term_string}"},"query-input":{"@type":"PropertyValueSpecification","valueRequired":true,"valueName":"search_term_string"}}],"inLanguage":"de"},{"@type":"Organization","@id":"https:\/\/www.tui.com\/blog\/#organization","name":"TUI.com Reiseblog \u2600","url":"https:\/\/www.tui.com\/blog\/","logo":{"@type":"ImageObject","inLanguage":"de","@id":"https:\/\/www.tui.com\/blog\/#\/schema\/logo\/image\/","url":"https:\/\/www.tui.com\/blog\/wp-content\/uploads\/2023\/04\/cropped-tui-logo-3.png","contentUrl":"https:\/\/www.tui.com\/blog\/wp-content\/uploads\/2023\/04\/cropped-tui-logo-3.png","width":164,"height":72,"caption":"TUI.com Reiseblog \u2600"},"image":{"@id":"https:\/\/www.tui.com\/blog\/#\/schema\/logo\/image\/"}},{"@type":"Person","@id":"https:\/\/www.tui.com\/blog\/#\/schema\/person\/9c85ce4f2497fad7a33caba3ee9732fd","name":"Anja Knorr","image":{"@type":"ImageObject","inLanguage":"de","@id":"https:\/\/www.tui.com\/blog\/wp-content\/uploads\/2017\/03\/anja-bild-250x180.jpg","url":"https:\/\/www.tui.com\/blog\/wp-content\/uploads\/2017\/03\/anja-bild-250x180.jpg","contentUrl":"https:\/\/www.tui.com\/blog\/wp-content\/uploads\/2017\/03\/anja-bild-250x180.jpg","caption":"Anja Knorr"},"sameAs":["https:\/\/www.happybackpacker.de\/"],"url":"https:\/\/www.tui.com\/blog\/author\/anja\/"}]}},"_links":{"self":[{"href":"https:\/\/www.tui.com\/blog\/wp-json\/wp\/v2\/posts\/414568","targetHints":{"allow":["GET"]}}],"collection":[{"href":"https:\/\/www.tui.com\/blog\/wp-json\/wp\/v2\/posts"}],"about":[{"href":"https:\/\/www.tui.com\/blog\/wp-json\/wp\/v2\/types\/post"}],"author":[{"embeddable":true,"href":"https:\/\/www.tui.com\/blog\/wp-json\/wp\/v2\/users\/105"}],"replies":[{"embeddable":true,"href":"https:\/\/www.tui.com\/blog\/wp-json\/wp\/v2\/comments?post=414568"}],"version-history":[{"count":64,"href":"https:\/\/www.tui.com\/blog\/wp-json\/wp\/v2\/posts\/414568\/revisions"}],"predecessor-version":[{"id":420414,"href":"https:\/\/www.tui.com\/blog\/wp-json\/wp\/v2\/posts\/414568\/revisions\/420414"}],"wp:featuredmedia":[{"embeddable":true,"href":"https:\/\/www.tui.com\/blog\/wp-json\/wp\/v2\/media\/414588"}],"wp:attachment":[{"href":"https:\/\/www.tui.com\/blog\/wp-json\/wp\/v2\/media?parent=414568"}],"wp:term":[{"taxonomy":"category","embeddable":true,"href":"https:\/\/www.tui.com\/blog\/wp-json\/wp\/v2\/categories?post=414568"},{"taxonomy":"post_tag","embeddable":true,"href":"https:\/\/www.tui.com\/blog\/wp-json\/wp\/v2\/tags?post=414568"}],"curies":[{"name":"wp","href":"https:\/\/api.w.org\/{rel}","templated":true}]}}