{"id":415014,"date":"2026-01-26T16:27:43","date_gmt":"2026-01-26T15:27:43","guid":{"rendered":"https:\/\/www.tui.com\/blog\/?p=415014"},"modified":"2026-02-05T08:41:15","modified_gmt":"2026-02-05T07:41:15","slug":"karneval-feiern","status":"publish","type":"post","link":"https:\/\/www.tui.com\/blog\/karneval-feiern\/","title":{"rendered":"Kamelle, K\u00f6ln und Kurze \u2013 so geht Karneval feiern"},"content":{"rendered":"<p class=\"firstTextGrey\">Karneval feiern bedeutet Ausnahmezustand. TUI Bloggerin Lydia hat es bereits dreimal zum Karneval nach K\u00f6ln und Bonn gezogen. Doch was machen die Jecken in der f\u00fcnften Jahreszeit eigentlich genau? Sie teilt ihre pers\u00f6nlichen Tipps und Eindr\u00fccke rund ums Karneval feiern im Rheinland.<\/p>\n\n<div class=\"table-of-contents\">\r\n    <div class=\"toc-head\">\r\n        <span class=\"toc-headline\">Inhalt<\/span>\r\n        <button class=\"toggle-toc\"\r\n            aria-expanded=\"false\"\r\n            aria-controls=\"toc-list\"\r\n            aria-label=\"Inhaltsverzeichnis ein- oder ausklappen\">\r\n            <svg xmlns=\"http:\/\/www.w3.org\/2000\/svg\" width=\"17.503\" height=\"10.303\" viewBox=\"0 0 17.503 10.303\">\r\n                <path id=\"Icon_ionic-ios-arrow-back\" data-name=\"Icon ionic-ios-arrow-back\" d=\"M14.356,14.943l6.819-6.618a1.22,1.22,0,0,0,0-1.766,1.321,1.321,0,0,0-1.824,0l-7.726,7.5a1.223,1.223,0,0,0-.038,1.725l7.758,7.55a1.323,1.323,0,0,0,1.824,0,1.22,1.22,0,0,0,0-1.766Z\" transform=\"translate(23.697 -11.251) rotate(90)\" fill=\"#1B115C\"><\/path>\r\n            <\/svg>\r\n        <\/button>\r\n    <\/div>\r\n    <ul id=\"toc-list\" class=\"toc-list\"><\/ul>\r\n<\/div>\n\n\n<h2 class=\"gb-headline gb-headline-a9547004 gb-headline-text\">Was ist Karneval?<\/h2>\n\n<img decoding=\"async\" loading=\"eager\" src=\"https:\/\/vg04.met.vgwort.de\/na\/838332e3bd72470b90925f951f3fda1a\" width=\"1\" height=\"1\" alt=\"\">\n\n<p>Die Anf\u00e4nge des Karnevals in Deutschland reichen Jahrtausende zur\u00fcck. So finden sich Hinweise auf das antike Rom, in dem einmal j\u00e4hrlich die Gleichstellung von Sklave und Herr sowie die Arbeitsniederlegung im Fokus standen. Sp\u00e4ter pr\u00e4gten pr\u00e4chtige Umz\u00fcge und ausschweifende Feierlichkeiten diese Tage. Im Mittelalter fanden dann erste <strong>\u201eNarrenfeste\u201c <\/strong>statt.<\/p>\n\n\n\n<h2 class=\"gb-headline gb-headline-7446b88d gb-headline-text\"><strong>Der Beginn der Karnevalszeit<\/strong> am 11.11.<\/h2>\n\n\n<div class=\"gb-grid-wrapper gb-grid-wrapper-4449df60\">\n<div class=\"gb-grid-column gb-grid-column-16185380\"><div class=\"gb-container gb-container-16185380\">\n\n<p>Die Zahl 11 stand im Mittelalter f\u00fcr Narren, S\u00fcnde und Unfug. Deshalb wurde der Beginn der Karnevalszeit in K\u00f6ln traditionell auf den <strong>11.11. um 11:11 Uhr <\/strong>gelegt. Ab diesem Zeitpunkt starten in K\u00f6ln die ersten Karnevalssitzungen, gefeiert wird bis zum Aschermittwoch im Fr\u00fchjahr.<\/p>\n\n\n\n<p>Der Ursprung des K\u00f6lner Karnevals ist eng mit dem christlichen Kalender verbunden. So verweist der Begriff <strong>Fasching<\/strong> auf die bevorstehende Fastenzeit, w\u00e4hrend sich <strong>Karneval <\/strong>vom lateinischen carne vale \u2013 \u201eFleisch, lebe wohl\u201c \u2013 ableitet. Der Karneval in K\u00f6ln fand daher traditionell vor der eigentlichen Fastenzeit statt. W\u00e4hrend im November die Fastenzeit bis Weihnachten eingel\u00e4utet wird, beginnt im Fr\u00fchjahr die Fastenzeit bis Ostern.<\/p>\n\n<\/div><\/div>\n\n<div class=\"gb-grid-column gb-grid-column-bdfd4a6f\"><div class=\"gb-container gb-container-bdfd4a6f\">\n    <div class=\"wp-caption tui-image-module\">\r\n    <img decoding=\"async\" src=\"https:\/\/www.tui.com\/blog\/wp-content\/uploads\/2024\/02\/karneval-feiern-jecken-lydia-desch.jpg\" alt=\"Jecken in den Stra\u00dfen von Bonn\" \/>\r\n            <p class=\"wp-caption-text\">Normal an Karneval: Jecken in den Stra\u00dfen von Bonn<span> |  Lydia Desch<\/span><\/p>\r\n        <\/div>\r\n    \n<\/div><\/div>\n<\/div>\n\n<div class=\"tui-infobox__big \">\r\n    <div class=\"inner\">\r\n        <h2>Wo feiert man Karneval?<\/h2>\r\n    <p>Es gibt in Deutschland viele verschiedene Karnevalshochburgen. Hier ein paar Highlights der Karnevalsumz\u00fcge:<\/p>\n<p><strong>K\u00f6ln:<\/strong> \u201eAlaaf!\u201c Rosenmontagsumzug am Montag, den 16.02.2026 ab 10 Uhr<br \/>\n<strong>D\u00fcsseldorf:<\/strong> &#8222;Helau!&#8220; Rosenmontagsumzug am Montag, den 16.02.2026 ab 12:30 Uhr<br \/>\n<strong>Mainz:<\/strong> Rosenmontagszug am Montag, den 16.02.2026 ab 11:11 Uhr<br \/>\n<strong>M\u00fcnchen:<\/strong> \u201eM\u00fcnchen Narrisch!\u201c Faschingsumzug der Damischen Ritter am Sonntag, den 08.02.2026 ab 13:13 Uhr<br \/>\n<strong>Achen:<\/strong> &#8222;Oche Alaaf!&#8220;, Rosenmontagszug am Montag, den 16.02.2026, ab 11:11 Uhr<br \/>\n<strong>Rottweil:<\/strong> \u201eNarri-Narro!\u201c historischer Narrensprung (Fastnachtsumzug) am Montag, den 16.02.2026 ab 08:00 Uhr<br \/>\n<strong>Cottbus:<\/strong> \u201eCottbus Helau!\u201c\u00a0\u201eZug der fr\u00f6hlichen Leute\u201c am Sonntag, den 08.02.2026, ab 13:11 Uhr<\/p>\n<\/div>\r\n<\/div>\n\n\n<h2 class=\"gb-headline gb-headline-d9f8a3b6 gb-headline-text\">Die Weiberfastnacht<\/h2>\n\n\n\n<p>Die <strong>Weiberfastnacht<\/strong> hat im rheinischen Karneval eine lange Geschichte. Bereits im Mittelalter nutzten Frauen diesen Tag, um bewusst aus traditionellen Geschlechterrollen auszubrechen und gemeinsam zu singen, tanzen und Karneval zu feiern. Der Begriff Fastnacht verweist auf den Brauch, dass an diesem Donnerstag ein letztes Mal vor der Fastenzeit \u00fcppig geschlachtet und gespeist wurde. Das heute bekannte Krawattenabschneiden geh\u00f6rt \u00fcbrigens erst seit den 1950er-Jahren zur Weiberfastnacht.<\/p>\n\n\n\n<p>Ich habe den Karneval im Rheinland nicht am 11.11., sondern erst im <strong>Fr\u00fchjahr zur Weiberfastnacht <\/strong>erlebt. Es ist Karnevalsdonnerstag, kurz vor 11 Uhr, in Bonn. Typisch f\u00fcr den Februar ist es k\u00fchl und leicht verregnet \u2013 doch davon lassen sich die Jecken nicht aufhalten. Ob als \u00c4rztin, m\u00e4nnliche Queen Elisabeth oder verkleidet als Ferrero-K\u00fcsschen: \u00dcberall wird angesto\u00dfen, gelacht und gefeiert, selbst in nicht unbedingt wetterfester Kleidung. Die ganze Stadt steckt im Karnevalsfieber, denn auch in den Gesch\u00e4ften wird ausgelassen Karneval gefeiert.<\/p>\n\n\n\n<p>Punkt <strong>11:11 Uhr<\/strong> startet der <strong>Karnevalsumzug<\/strong> durch die Bonner Innenstadt. Zahlreiche Vereine pr\u00e4sentieren ihr musikalisches K\u00f6nnen, Funkemariechen-Tanzgruppen ziehen durch die Stra\u00dfen und geschm\u00fcckte Wagen rollen vorbei. Viele regionale Firmen sind ebenfalls Teil des Zuges und sorgen f\u00fcr eine ausgelassene Stimmung. <\/p>\n\n\n\n<p>Nach dem Karnevalsumzug wird in den Bars und Kneipen der Stadt weitergefeiert. Viele Locations \u00f6ffnen zus\u00e4tzliche Bereiche, um m\u00f6glichst viele Jecken unterzubringen. K\u00f6lsch, Kurze und gute Laune geh\u00f6ren jetzt einfach dazu. Wenn ihr euch also schon immer gefragt habt: <strong>Wo wird Karneval in Deutschland besonders gro\u00df gefeiert?<\/strong> Seid ihr hier am richtigen Ort!<\/p>\n\n\n\n<p><strong>Mein Tipp:<\/strong> Viele Locations verkaufen ihre Tickets bereits im Vorfeld und bieten keine Abendkasse an. Da der Andrang zur <strong>Weiberfastnacht i<\/strong>n K\u00f6ln und Bonn sehr gro\u00df ist, kann es ohne Ticket schnell zu langen Wartezeiten oder Einlassstopps kommen. Schau daher am besten fr\u00fchzeitig online bei deiner Lieblingslocation nach Tickets.<\/p>\n\n\n\r\n<div class=\"img-gal-block\">\r\n            <div class=\"img-gal-desktop\">\r\n            <div class=\"inner portrait\">\r\n                                    <div class=\"img-container \">\r\n                        <div class=\"img-inner\">\r\n                            <img decoding=\"async\" src=\"https:\/\/www.tui.com\/blog\/wp-content\/uploads\/2024\/02\/PXL_20230216_174129133.jpg\" alt=\"Lydia im Karnevalskost\u00fcm\"\/>\r\n                                                    <\/div>\r\n                        <p>\r\n                            Kost\u00fcm + K\u00f6lsch = Ein gutes Team f\u00fcr die Karnevalstage                            <span> |  Lydia Desch                        <\/p>\r\n                    <\/div>\r\n                                    <div class=\"img-container \">\r\n                        <div class=\"img-inner\">\r\n                            <img decoding=\"async\" src=\"https:\/\/www.tui.com\/blog\/wp-content\/uploads\/2024\/02\/20230218_012259.jpg\" alt=\"Bunt dekorierte Bars an Karneval\"\/>\r\n                                                    <\/div>\r\n                        <p>\r\n                            Beim Karneval wird viel in Kneipen gefeiert                            <span> | Lydia Desch                        <\/p>\r\n                    <\/div>\r\n                                    <div class=\"img-container \">\r\n                        <div class=\"img-inner\">\r\n                            <img decoding=\"async\" src=\"https:\/\/www.tui.com\/blog\/wp-content\/uploads\/2024\/02\/karneval-feiern-rosenmontagsumzug-lydia-desch.jpg\" alt=\"Eine Darstellung auf dem Rosenmontagsumzug in K\u00f6ln\"\/>\r\n                                                    <\/div>\r\n                        <p>\r\n                            Mottowagen beim Rosenmontagsumzug in K\u00f6ln                            <span> |  Lydia Desch                        <\/p>\r\n                    <\/div>\r\n                            <\/div>\r\n        <\/div>\r\n\r\n        <div class=\"slides\" id=\"image-gal-slide\">\r\n                            <div>\r\n                    <img decoding=\"async\" src=\"https:\/\/www.tui.com\/blog\/wp-content\/uploads\/2024\/02\/PXL_20230216_174129133.jpg\"\/>\r\n                    <div class=\"caption\">\r\n                        <p>\r\n                            Kost\u00fcm + K\u00f6lsch = Ein gutes Team f\u00fcr die Karnevalstage                            <span> |  Lydia Desch                        <\/p>\r\n                    <\/div>\r\n                <\/div>\r\n                            <div>\r\n                    <img decoding=\"async\" src=\"https:\/\/www.tui.com\/blog\/wp-content\/uploads\/2024\/02\/20230218_012259.jpg\"\/>\r\n                    <div class=\"caption\">\r\n                        <p>\r\n                            Beim Karneval wird viel in Kneipen gefeiert                            <span> | Lydia Desch                        <\/p>\r\n                    <\/div>\r\n                <\/div>\r\n                            <div>\r\n                    <img decoding=\"async\" src=\"https:\/\/www.tui.com\/blog\/wp-content\/uploads\/2024\/02\/karneval-feiern-rosenmontagsumzug-lydia-desch.jpg\"\/>\r\n                    <div class=\"caption\">\r\n                        <p>\r\n                            Mottowagen beim Rosenmontagsumzug in K\u00f6ln                            <span> |  Lydia Desch                        <\/p>\r\n                    <\/div>\r\n                <\/div>\r\n                    <\/div>\r\n    <\/div>\r\n\n\n\n<h2 class=\"wp-block-heading\">Der Karnevalsfreitag bis -sonntag<\/h2>\n\n\n\n<p>Nachdem tags\u00fcber ein wenig die Kr\u00e4fte gesammelt wurden, wird sp\u00e4testens am fr\u00fchen Abend weiter gefeiert. Bars, Kneipen und Clubs haben ge\u00f6ffnet und mit kl\u00f6scher Musik wird nun geschunkelt was das Zeug h\u00e4lt.<\/p>\n\n\n\n<p><strong>Mein Tipp: <\/strong>An regelm\u00e4\u00dfigen Terminen in der Karnevalsaison gibt es die<strong> &#8222;Lachende K\u00f6ln Arena&#8220;. <\/strong>Dann verwandelt sich die K\u00f6ln Arena in eine gro\u00dfe Partyzone. Hier darf sich jeder sein eigenes Essen und Trinken mitbringen. Auf der B\u00fchne findet ein buntes Programm aus Musik, Tanz und weiteren Darstellungen statt. Diese Veranstaltung gibt an wenigen Terminen auch als &#8222;Lachen P\u00e4nzarena&#8220;, bei der die kleinen Jecken die M\u00f6glichkeit zum Feiern haben. Ich empfehle euch die unteren Pl\u00e4tze, statt der R\u00e4nge. Hier genie\u00dft ihr mehr Bewegungsfreiheit und Kommunikation.&nbsp;<\/p>\n\n\n    <div class=\"wp-caption tui-image-module\">\r\n    <img decoding=\"async\" src=\"https:\/\/www.tui.com\/blog\/wp-content\/uploads\/2024\/02\/PXL_20230217_171208309.jpg\" alt=\"\" \/>\r\n            <p class=\"wp-caption-text\">Jecken \u00fcber Jecken: Als &quot;Lachende K\u00f6ln Arena&quot; wird das Stadion zum gro\u00dfen Partypicknick<span> |  Lydia Desch<\/span><\/p>\r\n        <\/div>\r\n    \n\n\n<p>Wir nutzen den Samstag meist f\u00fcr ein bisschen Sightseeing in der Metropole am Rhein. Entdeckt <a href=\"https:\/\/experiences.tui.com\/index\/koln\/?utm_source=tuicom-de&amp;utm_medium=landing&amp;utm_content=regioncta-1&amp;utm_campaign=gotui-de\" target=\"_blank\" rel=\"noreferrer noopener\">unsere Aktivit\u00e4ten in K\u00f6ln<\/a>, die sich gut mit einem Karnevalstrip kombinieren lassen. Wer im Karnevalsmarathon einmal durchatmen m\u00f6chte, befindet sich bei gutem Wetter am Rheinufer in guter Gesellschaft.<\/p>\n\n\n\n<p>Am Sonntag findet in der Innenstadt der &#8222;<strong>Schull- un Veedelsz\u00f6ch<\/strong>&#8220; statt. Auch wenn der Umzug deutlich kleiner ist als der Rosenmontagsumzug, feiern hier feiern mehr als 8.000 Jecken aus 40 K\u00f6lner Schulen und 50 Vereinen&nbsp;mit mehr als 300.000 Zuschauer. Wir fanden diesen Umzug sehr entspannt, stets bekommt man einen guten Platz vorne. Die Atmosph\u00e4re, Kamelle und Kreativit\u00e4t sind eine gute Einstimmung auf den gro\u00dfen Umzug am Rosenmontag.&nbsp;<\/p>\n\n\n\n<h2 class=\"wp-block-heading\">Der Rosenmontag<\/h2>\n\n\n\n<p>Der Rosenmontag ist eines der gr\u00f6\u00dften Highlights im K\u00f6lner Karneval \u2013 f\u00fcr viele sogar der absolute H\u00f6hepunkt der f\u00fcnften Jahreszeit. Bereits seit 1823 zieht an diesem Tag der ber\u00fchmte Rosenmontagsumzug in K\u00f6ln, auch einfach Zug oder Zoch genannt. Parallel dazu finden auch in vielen umliegenden Orten weitere Karnevalsumz\u00fcge statt.<\/p>\n\n\n\n<p>Der Rosenmontagszug in K\u00f6ln dauert fast den ganzen Tag und besteht aus \u00fcber 100 aufwendig dekorierten Wagen, von denen einige eine beeindruckende Gr\u00f6\u00dfe erreichen. Inhaltlich reicht die Bandbreite von satirischen Politdarstellungen \u00fcber klassische Karnevalsvereinswagen bis hin zu Beitr\u00e4gen regionaler Firmen und Gemeinschaften \u2013 ein Spiegel der rheinischen Karnevalskultur.<\/p>\n\n\n\n<p>Nat\u00fcrlich d\u00fcrfen beim Rosenmontag in K\u00f6ln auch die <strong>Kamelle <\/strong>nicht fehlen. S\u00fc\u00dfigkeiten, aber auch Blumen, Zahncreme oder andere kleine \u00dcberraschungen werden von den Wagen aus in die Menge geworfen. Der Begriff \u201eKamelle\u201c geht auf die Karamellbonbons zur\u00fcck, die bereits bei fr\u00fchen Festen als Wurfmaterial dienten. Unglaublich, aber wahr: Beim K\u00f6lner Rosenmontagsumzug werden bis zu 300 Tonnen Kamelle verteilt.<\/p>\n\n\n    <div class=\"wp-caption tui-image-module\">\r\n    <img decoding=\"async\" src=\"https:\/\/www.tui.com\/blog\/wp-content\/uploads\/2024\/02\/karneval-feiern-kamelle-lydia-desch-e1769162352564-867x563.jpg\" alt=\"Kamelle aus Blumen und S\u00fc\u00dfigkeiten\" \/>\r\n            <p class=\"wp-caption-text\">Bunte Kamelle geh\u00f6ren zum Karneval feiern dazu<span> |  Lydia Desch<\/span><\/p>\r\n        <\/div>\r\n    \n\n\n<p>Ebenfalls nicht wegzudenken beim K\u00f6lner Karneval ist \u201e<strong>Dat B\u00fctzje\u201c<\/strong>. Die kleinen K\u00fcsschen werden w\u00e4hrend der Karnevalstage ganz selbstverst\u00e4ndlich zwischen alten und neuen Freunden, Bekannten oder auch v\u00f6llig Fremden ausgetauscht \u2013 immer als herzliches Zeichen der Freude beim Karneval feiern in K\u00f6ln.<\/p>\n\n\n\n<h2 class=\"wp-block-heading\">Der Veilchendienstag<\/h2>\n\n\n\n<p>Am Veilchendienstag n\u00e4hert sich der K\u00f6lner Karneval langsam seinem Ende. In vielen K\u00f6lner Stadtteilen ziehen noch einmal kleinere Karnevalsumz\u00fcge durch die Stra\u00dfen, bevor sich die Jecken ein letztes Mal in Bars und Kneipen zum Karneval feiern treffen. Die Stimmung ist dabei oft etwas ruhiger, aber nicht weniger herzlich \u2013 ein<strong> letzter gemeinsamer Ausklang der f\u00fcnften Jahreszeit<\/strong>.<\/p>\n\n\n\n<p>Am Abend des <strong>Karnevalsdienstags<\/strong> in K\u00f6ln findet traditionell die <strong>Nubbelverbrennung<\/strong> statt. Dabei wird eine lebensgro\u00dfe Strohpuppe verbrannt, die symbolisch f\u00fcr all die S\u00fcnden steht, die w\u00e4hrend der Karnevalszeit in K\u00f6ln begangen wurden. Mit diesem Ritual gelten die Feiernden als \u201ereingewaschen\u201c und k\u00f6nnen unbeschwert in die anschlie\u00dfende Fastenzeit starten.<\/p>\n\n\n    <div class=\"wp-caption tui-image-module\">\r\n    <img decoding=\"async\" src=\"https:\/\/www.tui.com\/blog\/wp-content\/uploads\/2024\/02\/karneval-feiern-jecken-247386667.jpg\" alt=\"Lachende Freunde in bunten Kost\u00fcmen feiern Karneval\" \/>\r\n            <p class=\"wp-caption-text\">Bunt, laut, verr\u00fcckt: So geht Karneval feiern<span> | Adobe Stock | karepa<\/span><\/p>\r\n        <\/div>\r\n    \n\n\n<h2 class=\"wp-block-heading\">Der letzte Feiertag: Der Aschermittwoch<\/h2>\n\n\n\n<p>Nun ist das Spektakel fast vorbei. <strong>Die 40-t\u00e4gige Fastenzeit beginnt<\/strong>. Viele widmen sich nun dem christlichen Part und besuchen zum Beispiel Gottesdienste. Die Asche steht dabei als Symbol der B\u00fc\u00dfe und wird Gl\u00e4ubigen als Kreuz auf die Stirn gezeichnet.<\/p>\n\n\n    <div class=\"wp-caption tui-image-module\">\r\n    <img decoding=\"async\" src=\"https:\/\/www.tui.com\/blog\/wp-content\/uploads\/2024\/02\/fuenfte-jahreszeit-karneval-adobestock-189412685-birgit-reitz-hofmann-.jpg\" alt=\"Karneval Die F\u00fcnfte Jahreszeit\" \/>\r\n            <p class=\"wp-caption-text\">Die F\u00fcnfte Jahreszeit<span> | AdobeStock\/Birgit Reitz Hofmann<\/span><\/p>\r\n        <\/div>\r\n    \n\n\n<h2 class=\"gb-headline gb-headline-beddd11c gb-headline-text\">H\u00e4ufige Fragen zum Karneval feiern<\/h2>\n\n\n\n<div class=\"schema-faq wp-block-yoast-faq-block\"><div class=\"schema-faq-section\" id=\"faq-question-1769166626112\"><strong class=\"schema-faq-question\">Was ist der Unterschied zwischen Karneval, Fasching und Fastnacht?<\/strong> <p class=\"schema-faq-answer\"><br\/>Die Bezeichnung Karneval findet man vor allem im Rheinland, w\u00e4hrend eher  Fasching im Osten und S\u00fcden Deutschlands benutzt wird. Karneval, Fasching und Fastnacht bezeichnen die gleichen Feierlichkeiten vor der christlichen Fastenzeit, werden jedoch regional unterschiedlich verwendet. Der Begriff <strong>Karneval<\/strong> ist vor allem im Rheinland, zum Beispiel beim K\u00f6lner Karneval, gebr\u00e4uchlich. <strong>Fasching<\/strong> wird \u00fcberwiegend in S\u00fcd- und Ostdeutschland genutzt, w\u00e4hrend <strong>Fastnacht<\/strong> vor allem im S\u00fcdwesten Deutschlands und in der Schweiz verbreitet ist.<br\/>Auch die typischen Rufe unterscheiden sich regional: In K\u00f6ln hei\u00dft es <strong>\u201eAlaaf\u201c<\/strong>, w\u00e4hrend <strong>\u201eHelau\u201c<\/strong> unter anderem in D\u00fcsseldorf oder Mainz gerufen wird.<\/p> <\/div> <div class=\"schema-faq-section\" id=\"faq-question-1769167774407\"><strong class=\"schema-faq-question\">Wann ist Karneval 2026?<\/strong> <p class=\"schema-faq-answer\">Karneval 2026 findet im Februar statt. Die wichtigsten Tage der Karnevalszeit sind:<br\/>Weiberfastnacht: Donnerstag, den 12.02.2026<br\/>Rosenmontag: Montag, den 16.02.2026<br\/>Faschingsdienstag: Dienstag, den 17.02.2026<br\/>Aschermittwoch: Mittwoch, den 18.02.2026 (Ende des Karnevals)<br\/>Der H\u00f6hepunkt der Karnevalszeit ist der Rosenmontag, an dem unter anderem der gro\u00dfe Rosenmontagsumzug in K\u00f6ln stattfindet.<\/p> <\/div> <div class=\"schema-faq-section\" id=\"faq-question-1769171019218\"><strong class=\"schema-faq-question\">Warum ist am 11.11. Karnevalsbeginn?<\/strong> <p class=\"schema-faq-answer\">Der Karnevalsbeginn am 11.11. um 11:11 Uhr geht auf die besondere Bedeutung der Zahl 11 zur\u00fcck. In der christlichen Zahlenlehre steht die 10 f\u00fcr Ordnung (die Zehn Gebote) und die 12 f\u00fcr Vollkommenheit (z. B. die zw\u00f6lf Apostel). Die 11 liegt dazwischen und symbolisiert das Abweichen von festen Regeln. <br\/>Im Mittelalter galt sie daher als Narrenzahl, die f\u00fcr Unfug, Regelbruch und das Umkehren der Ordnung stand. Aus diesem Grund wurde der 11.11. als symbolischer Beginn der Karnevalszeit gew\u00e4hlt \u2013 auch im K\u00f6lner Karneval.<\/p> <\/div> <\/div>\n\n\n    <div class=\"toparticle-item toparticle-block\">\r\n        <div class=\"row\">\r\n                            <article class=\"toparticle\" style=\"background-image: url('https:\/\/www.tui.com\/blog\/wp-content\/uploads\/2023\/04\/schlamm-event-suedkorea.jpg')\" role=\"img\" aria-label=\"9 au\u00dfergew\u00f6hnliche Events &#8211; an besonders sch\u00f6nen Orten\">\r\n                    <a href=\"https:\/\/www.tui.com\/blog\/aussergewoehnliche-events-an-besonders-schoenen-orten\/\" target=\"https:\/\/www.tui.com\/blog\/aussergewoehnliche-events-an-besonders-schoenen-orten\/\" class=\"toparticle-gradient\" aria-label=\"Top Article Link\"><\/a>\r\n                                            <div class=\"toparticle-panel \">\r\n                            <p class=\"toparticle-title\">9 au\u00dfergew\u00f6hnliche Events &#8211; an besonders sch\u00f6nen Orten<\/p>\r\n                                                    <\/div>\r\n                                    <\/article>\r\n                            <article class=\"toparticle\" style=\"background-image: url('https:\/\/www.tui.com\/blog\/wp-content\/uploads\/2023\/04\/Berlin-reiseziel-2019.gif')\" role=\"img\" aria-label=\"Top 12 Museen in Deutschland \u2013 auch K\u00f6ln &#038; Bonn sind mit dabei\">\r\n                    <a href=\"https:\/\/www.tui.com\/blog\/museum-deutschland-top-12\/\" target=\"https:\/\/www.tui.com\/blog\/museum-deutschland-top-12\/\" class=\"toparticle-gradient\" aria-label=\"Top Article Link\"><\/a>\r\n                                            <div class=\"toparticle-panel \">\r\n                            <p class=\"toparticle-title\">Top 12 Museen in Deutschland \u2013 auch K\u00f6ln &#038; Bonn sind mit dabei<\/p>\r\n                                                    <\/div>\r\n                                    <\/article>\r\n                    <\/div>\r\n    <\/div>\r\n\n\n\n<p><strong>So geht Karneval feiern in K\u00f6ln:<\/strong> Wie eine eigene f\u00fcnfte Jahreszeit mit jahrhundertealter Geschichte, k\u00f6lscher Musik, viel Mundart und jeder Menge Spektakel. Wer einmal den K\u00f6lner Karneval erlebt hat, versteht schnell, warum diese Tage f\u00fcr viele etwas ganz Besonderes sind.<\/p>\n\n\n\n<p>Habt ihr selbst schon einen Karneval oder Fasching miterlebt? Teilt eure Erlebnisse gerne in den Kommentaren!<\/p>\n","protected":false},"excerpt":{"rendered":"<p>Jeder hat schon von den bunten Feiern am Rhein geh\u00f6rt. Doch was treiben die Jecken da so? Begleitet TUI Bloggerin Lydia auf ihrem ersten Karneval!<\/p>\n","protected":false},"author":94,"featured_media":496000,"comment_status":"open","ping_status":"open","sticky":false,"template":"","format":"standard","meta":{"_acf_changed":false,"footnotes":""},"categories":[4068,4040,4030],"tags":[270,149,3984],"class_list":["post-415014","post","type-post","status-publish","format-standard","has-post-thumbnail","hentry","category-archiv-beste-reisezeit","category-archiv-deutschland","category-archiv-reiseziele","tag-deutschland","tag-feiertage","tag-koeln"],"acf":[],"yoast_head":"<!-- This site is optimized with the Yoast SEO plugin v27.4 - https:\/\/yoast.com\/product\/yoast-seo-wordpress\/ -->\n<title>Kamelle, K\u00f6ln und Kurze \u2013 so geht Karneval feiern - TUI.com Reiseblog \u2600<\/title>\n<meta name=\"description\" content=\"Ihr wolltet auch schon immer mal Karneval feiern: TUI Bloggerin Lydia berichtet von der f\u00fcnften Jahreszeit aus K\u00f6ln und Bonn!\" \/>\n<meta name=\"robots\" content=\"index, follow, max-snippet:-1, max-image-preview:large, max-video-preview:-1\" \/>\n<link rel=\"canonical\" href=\"https:\/\/www.tui.com\/blog\/karneval-feiern\/\" \/>\n<meta property=\"og:locale\" content=\"de_DE\" \/>\n<meta property=\"og:type\" content=\"article\" \/>\n<meta property=\"og:title\" content=\"Kamelle, K\u00f6ln und Kurze \u2013 so geht Karneval feiern - TUI.com Reiseblog \u2600\" \/>\n<meta property=\"og:description\" content=\"Ihr wolltet auch schon immer mal Karneval feiern: TUI Bloggerin Lydia berichtet von der f\u00fcnften Jahreszeit aus K\u00f6ln und Bonn!\" \/>\n<meta property=\"og:url\" content=\"https:\/\/www.tui.com\/blog\/karneval-feiern\/\" \/>\n<meta property=\"og:site_name\" content=\"TUI.com Reiseblog \u2600\" \/>\n<meta property=\"article:published_time\" content=\"2026-01-26T15:27:43+00:00\" \/>\n<meta property=\"article:modified_time\" content=\"2026-02-05T07:41:15+00:00\" \/>\n<meta property=\"og:image\" content=\"https:\/\/www.tui.com\/blog\/wp-content\/uploads\/2024\/02\/Beitragsbild-karneval-97396917.jpg\" \/>\n\t<meta property=\"og:image:width\" content=\"1920\" \/>\n\t<meta property=\"og:image:height\" content=\"1080\" \/>\n\t<meta property=\"og:image:type\" content=\"image\/jpeg\" \/>\n<meta name=\"author\" content=\"TUI Bloggerin Lydia\" \/>\n<meta name=\"twitter:card\" content=\"summary_large_image\" \/>\n<meta name=\"twitter:label1\" content=\"Verfasst von\" \/>\n\t<meta name=\"twitter:data1\" content=\"TUI Bloggerin Lydia\" \/>\n\t<meta name=\"twitter:label2\" content=\"Gesch\u00e4tzte Lesezeit\" \/>\n\t<meta name=\"twitter:data2\" content=\"7\u00a0Minuten\" \/>\n<script type=\"application\/ld+json\" class=\"yoast-schema-graph\">{\"@context\":\"https:\\\/\\\/schema.org\",\"@graph\":[{\"@type\":\"BlogPosting\",\"@id\":\"https:\\\/\\\/www.tui.com\\\/blog\\\/karneval-feiern\\\/#article\",\"isPartOf\":{\"@id\":\"https:\\\/\\\/www.tui.com\\\/blog\\\/karneval-feiern\\\/\"},\"author\":{\"name\":\"TUI Bloggerin Lydia\",\"@id\":\"https:\\\/\\\/www.tui.com\\\/blog\\\/#\\\/schema\\\/person\\\/68b22d74baefe1899238804c4620658a\"},\"headline\":\"Kamelle, K\u00f6ln und Kurze \u2013 so geht Karneval feiern\",\"datePublished\":\"2026-01-26T15:27:43+00:00\",\"dateModified\":\"2026-02-05T07:41:15+00:00\",\"mainEntityOfPage\":{\"@id\":\"https:\\\/\\\/www.tui.com\\\/blog\\\/karneval-feiern\\\/\"},\"wordCount\":1489,\"commentCount\":0,\"publisher\":{\"@id\":\"https:\\\/\\\/www.tui.com\\\/blog\\\/#organization\"},\"image\":{\"@id\":\"https:\\\/\\\/www.tui.com\\\/blog\\\/karneval-feiern\\\/#primaryimage\"},\"thumbnailUrl\":\"https:\\\/\\\/www.tui.com\\\/blog\\\/wp-content\\\/uploads\\\/2024\\\/02\\\/Beitragsbild-karneval-97396917.jpg\",\"keywords\":[\"Deutschland\",\"Feiertage\",\"K\u00f6ln\"],\"articleSection\":[\"Beste Reisezeit\",\"Deutschland\",\"Reiseziele\"],\"inLanguage\":\"de\",\"potentialAction\":[{\"@type\":\"CommentAction\",\"name\":\"Comment\",\"target\":[\"https:\\\/\\\/www.tui.com\\\/blog\\\/karneval-feiern\\\/#respond\"]}]},{\"@type\":[\"WebPage\",\"FAQPage\"],\"@id\":\"https:\\\/\\\/www.tui.com\\\/blog\\\/karneval-feiern\\\/\",\"url\":\"https:\\\/\\\/www.tui.com\\\/blog\\\/karneval-feiern\\\/\",\"name\":\"Kamelle, K\u00f6ln und Kurze \u2013 so geht Karneval feiern - TUI.com Reiseblog \u2600\",\"isPartOf\":{\"@id\":\"https:\\\/\\\/www.tui.com\\\/blog\\\/#website\"},\"primaryImageOfPage\":{\"@id\":\"https:\\\/\\\/www.tui.com\\\/blog\\\/karneval-feiern\\\/#primaryimage\"},\"image\":{\"@id\":\"https:\\\/\\\/www.tui.com\\\/blog\\\/karneval-feiern\\\/#primaryimage\"},\"thumbnailUrl\":\"https:\\\/\\\/www.tui.com\\\/blog\\\/wp-content\\\/uploads\\\/2024\\\/02\\\/Beitragsbild-karneval-97396917.jpg\",\"datePublished\":\"2026-01-26T15:27:43+00:00\",\"dateModified\":\"2026-02-05T07:41:15+00:00\",\"description\":\"Ihr wolltet auch schon immer mal Karneval feiern: TUI Bloggerin Lydia berichtet von der f\u00fcnften Jahreszeit aus K\u00f6ln und Bonn!\",\"breadcrumb\":{\"@id\":\"https:\\\/\\\/www.tui.com\\\/blog\\\/karneval-feiern\\\/#breadcrumb\"},\"mainEntity\":[{\"@id\":\"https:\\\/\\\/www.tui.com\\\/blog\\\/karneval-feiern\\\/#faq-question-1769166626112\"},{\"@id\":\"https:\\\/\\\/www.tui.com\\\/blog\\\/karneval-feiern\\\/#faq-question-1769167774407\"},{\"@id\":\"https:\\\/\\\/www.tui.com\\\/blog\\\/karneval-feiern\\\/#faq-question-1769171019218\"}],\"inLanguage\":\"de\",\"potentialAction\":[{\"@type\":\"ReadAction\",\"target\":[\"https:\\\/\\\/www.tui.com\\\/blog\\\/karneval-feiern\\\/\"]}]},{\"@type\":\"ImageObject\",\"inLanguage\":\"de\",\"@id\":\"https:\\\/\\\/www.tui.com\\\/blog\\\/karneval-feiern\\\/#primaryimage\",\"url\":\"https:\\\/\\\/www.tui.com\\\/blog\\\/wp-content\\\/uploads\\\/2024\\\/02\\\/Beitragsbild-karneval-97396917.jpg\",\"contentUrl\":\"https:\\\/\\\/www.tui.com\\\/blog\\\/wp-content\\\/uploads\\\/2024\\\/02\\\/Beitragsbild-karneval-97396917.jpg\",\"width\":1920,\"height\":1080,\"caption\":\"K\u00f6ln und Bonn Karneval\"},{\"@type\":\"BreadcrumbList\",\"@id\":\"https:\\\/\\\/www.tui.com\\\/blog\\\/karneval-feiern\\\/#breadcrumb\",\"itemListElement\":[{\"@type\":\"ListItem\",\"position\":1,\"name\":\"Startseite\",\"item\":\"https:\\\/\\\/www.tui.com\\\/blog\\\/\"},{\"@type\":\"ListItem\",\"position\":2,\"name\":\"Kamelle, K\u00f6ln und Kurze \u2013 so geht Karneval feiern\"}]},{\"@type\":\"WebSite\",\"@id\":\"https:\\\/\\\/www.tui.com\\\/blog\\\/#website\",\"url\":\"https:\\\/\\\/www.tui.com\\\/blog\\\/\",\"name\":\"TUI.com Reiseblog \u2600\",\"description\":\"Abenteuer oder lieber an den Strand? \u2600 Der TUI Reiseblog bietet tolle Infos rund um deine n\u00e4chste Reise \u2708 Komm vorbei und lass dich inspirieren \u221a\",\"publisher\":{\"@id\":\"https:\\\/\\\/www.tui.com\\\/blog\\\/#organization\"},\"potentialAction\":[{\"@type\":\"SearchAction\",\"target\":{\"@type\":\"EntryPoint\",\"urlTemplate\":\"https:\\\/\\\/www.tui.com\\\/blog\\\/?s={search_term_string}\"},\"query-input\":{\"@type\":\"PropertyValueSpecification\",\"valueRequired\":true,\"valueName\":\"search_term_string\"}}],\"inLanguage\":\"de\"},{\"@type\":\"Organization\",\"@id\":\"https:\\\/\\\/www.tui.com\\\/blog\\\/#organization\",\"name\":\"TUI.com Reiseblog \u2600\",\"url\":\"https:\\\/\\\/www.tui.com\\\/blog\\\/\",\"logo\":{\"@type\":\"ImageObject\",\"inLanguage\":\"de\",\"@id\":\"https:\\\/\\\/www.tui.com\\\/blog\\\/#\\\/schema\\\/logo\\\/image\\\/\",\"url\":\"https:\\\/\\\/www.tui.com\\\/blog\\\/wp-content\\\/uploads\\\/2023\\\/04\\\/cropped-tui-logo-3.png\",\"contentUrl\":\"https:\\\/\\\/www.tui.com\\\/blog\\\/wp-content\\\/uploads\\\/2023\\\/04\\\/cropped-tui-logo-3.png\",\"width\":164,\"height\":72,\"caption\":\"TUI.com Reiseblog \u2600\"},\"image\":{\"@id\":\"https:\\\/\\\/www.tui.com\\\/blog\\\/#\\\/schema\\\/logo\\\/image\\\/\"}},{\"@type\":\"Person\",\"@id\":\"https:\\\/\\\/www.tui.com\\\/blog\\\/#\\\/schema\\\/person\\\/68b22d74baefe1899238804c4620658a\",\"name\":\"TUI Bloggerin Lydia\",\"image\":{\"@type\":\"ImageObject\",\"inLanguage\":\"de\",\"@id\":\"https:\\\/\\\/www.tui.com\\\/blog\\\/wp-content\\\/uploads\\\/2016\\\/11\\\/lydia-profilbild-klein-200x180.jpg\",\"url\":\"https:\\\/\\\/www.tui.com\\\/blog\\\/wp-content\\\/uploads\\\/2016\\\/11\\\/lydia-profilbild-klein-200x180.jpg\",\"contentUrl\":\"https:\\\/\\\/www.tui.com\\\/blog\\\/wp-content\\\/uploads\\\/2016\\\/11\\\/lydia-profilbild-klein-200x180.jpg\",\"caption\":\"TUI Bloggerin Lydia\"},\"description\":\"auf ins Abenteuer!\",\"url\":\"https:\\\/\\\/www.tui.com\\\/blog\\\/author\\\/lydia\\\/\"},{\"@type\":\"Question\",\"@id\":\"https:\\\/\\\/www.tui.com\\\/blog\\\/karneval-feiern\\\/#faq-question-1769166626112\",\"position\":1,\"url\":\"https:\\\/\\\/www.tui.com\\\/blog\\\/karneval-feiern\\\/#faq-question-1769166626112\",\"name\":\"Was ist der Unterschied zwischen Karneval, Fasching und Fastnacht?\",\"answerCount\":1,\"acceptedAnswer\":{\"@type\":\"Answer\",\"text\":\"<br\\\/>Die Bezeichnung Karneval findet man vor allem im Rheinland, w\u00e4hrend eher  Fasching im Osten und S\u00fcden Deutschlands benutzt wird. Karneval, Fasching und Fastnacht bezeichnen die gleichen Feierlichkeiten vor der christlichen Fastenzeit, werden jedoch regional unterschiedlich verwendet. Der Begriff <strong>Karneval<\\\/strong> ist vor allem im Rheinland, zum Beispiel beim K\u00f6lner Karneval, gebr\u00e4uchlich. <strong>Fasching<\\\/strong> wird \u00fcberwiegend in S\u00fcd- und Ostdeutschland genutzt, w\u00e4hrend <strong>Fastnacht<\\\/strong> vor allem im S\u00fcdwesten Deutschlands und in der Schweiz verbreitet ist.<br\\\/>Auch die typischen Rufe unterscheiden sich regional: In K\u00f6ln hei\u00dft es <strong>\u201eAlaaf\u201c<\\\/strong>, w\u00e4hrend <strong>\u201eHelau\u201c<\\\/strong> unter anderem in D\u00fcsseldorf oder Mainz gerufen wird.\",\"inLanguage\":\"de\"},\"inLanguage\":\"de\"},{\"@type\":\"Question\",\"@id\":\"https:\\\/\\\/www.tui.com\\\/blog\\\/karneval-feiern\\\/#faq-question-1769167774407\",\"position\":2,\"url\":\"https:\\\/\\\/www.tui.com\\\/blog\\\/karneval-feiern\\\/#faq-question-1769167774407\",\"name\":\"Wann ist Karneval 2026?\",\"answerCount\":1,\"acceptedAnswer\":{\"@type\":\"Answer\",\"text\":\"Karneval 2026 findet im Februar statt. Die wichtigsten Tage der Karnevalszeit sind:<br\\\/>Weiberfastnacht: Donnerstag, den 12.02.2026<br\\\/>Rosenmontag: Montag, den 16.02.2026<br\\\/>Faschingsdienstag: Dienstag, den 17.02.2026<br\\\/>Aschermittwoch: Mittwoch, den 18.02.2026 (Ende des Karnevals)<br\\\/>Der H\u00f6hepunkt der Karnevalszeit ist der Rosenmontag, an dem unter anderem der gro\u00dfe Rosenmontagsumzug in K\u00f6ln stattfindet.\",\"inLanguage\":\"de\"},\"inLanguage\":\"de\"},{\"@type\":\"Question\",\"@id\":\"https:\\\/\\\/www.tui.com\\\/blog\\\/karneval-feiern\\\/#faq-question-1769171019218\",\"position\":3,\"url\":\"https:\\\/\\\/www.tui.com\\\/blog\\\/karneval-feiern\\\/#faq-question-1769171019218\",\"name\":\"Warum ist am 11.11. Karnevalsbeginn?\",\"answerCount\":1,\"acceptedAnswer\":{\"@type\":\"Answer\",\"text\":\"Der Karnevalsbeginn am 11.11. um 11:11 Uhr geht auf die besondere Bedeutung der Zahl 11 zur\u00fcck. In der christlichen Zahlenlehre steht die 10 f\u00fcr Ordnung (die Zehn Gebote) und die 12 f\u00fcr Vollkommenheit (z. B. die zw\u00f6lf Apostel). Die 11 liegt dazwischen und symbolisiert das Abweichen von festen Regeln. <br\\\/>Im Mittelalter galt sie daher als Narrenzahl, die f\u00fcr Unfug, Regelbruch und das Umkehren der Ordnung stand. Aus diesem Grund wurde der 11.11. als symbolischer Beginn der Karnevalszeit gew\u00e4hlt \u2013 auch im K\u00f6lner Karneval.\",\"inLanguage\":\"de\"},\"inLanguage\":\"de\"}]}<\/script>\n<!-- \/ Yoast SEO plugin. -->","yoast_head_json":{"title":"Kamelle, K\u00f6ln und Kurze \u2013 so geht Karneval feiern - TUI.com Reiseblog \u2600","description":"Ihr wolltet auch schon immer mal Karneval feiern: TUI Bloggerin Lydia berichtet von der f\u00fcnften Jahreszeit aus K\u00f6ln und Bonn!","robots":{"index":"index","follow":"follow","max-snippet":"max-snippet:-1","max-image-preview":"max-image-preview:large","max-video-preview":"max-video-preview:-1"},"canonical":"https:\/\/www.tui.com\/blog\/karneval-feiern\/","og_locale":"de_DE","og_type":"article","og_title":"Kamelle, K\u00f6ln und Kurze \u2013 so geht Karneval feiern - TUI.com Reiseblog \u2600","og_description":"Ihr wolltet auch schon immer mal Karneval feiern: TUI Bloggerin Lydia berichtet von der f\u00fcnften Jahreszeit aus K\u00f6ln und Bonn!","og_url":"https:\/\/www.tui.com\/blog\/karneval-feiern\/","og_site_name":"TUI.com Reiseblog \u2600","article_published_time":"2026-01-26T15:27:43+00:00","article_modified_time":"2026-02-05T07:41:15+00:00","og_image":[{"width":1920,"height":1080,"url":"https:\/\/www.tui.com\/blog\/wp-content\/uploads\/2024\/02\/Beitragsbild-karneval-97396917.jpg","type":"image\/jpeg"}],"author":"TUI Bloggerin Lydia","twitter_card":"summary_large_image","twitter_misc":{"Verfasst von":"TUI Bloggerin Lydia","Gesch\u00e4tzte Lesezeit":"7\u00a0Minuten"},"schema":{"@context":"https:\/\/schema.org","@graph":[{"@type":"BlogPosting","@id":"https:\/\/www.tui.com\/blog\/karneval-feiern\/#article","isPartOf":{"@id":"https:\/\/www.tui.com\/blog\/karneval-feiern\/"},"author":{"name":"TUI Bloggerin Lydia","@id":"https:\/\/www.tui.com\/blog\/#\/schema\/person\/68b22d74baefe1899238804c4620658a"},"headline":"Kamelle, K\u00f6ln und Kurze \u2013 so geht Karneval feiern","datePublished":"2026-01-26T15:27:43+00:00","dateModified":"2026-02-05T07:41:15+00:00","mainEntityOfPage":{"@id":"https:\/\/www.tui.com\/blog\/karneval-feiern\/"},"wordCount":1489,"commentCount":0,"publisher":{"@id":"https:\/\/www.tui.com\/blog\/#organization"},"image":{"@id":"https:\/\/www.tui.com\/blog\/karneval-feiern\/#primaryimage"},"thumbnailUrl":"https:\/\/www.tui.com\/blog\/wp-content\/uploads\/2024\/02\/Beitragsbild-karneval-97396917.jpg","keywords":["Deutschland","Feiertage","K\u00f6ln"],"articleSection":["Beste Reisezeit","Deutschland","Reiseziele"],"inLanguage":"de","potentialAction":[{"@type":"CommentAction","name":"Comment","target":["https:\/\/www.tui.com\/blog\/karneval-feiern\/#respond"]}]},{"@type":["WebPage","FAQPage"],"@id":"https:\/\/www.tui.com\/blog\/karneval-feiern\/","url":"https:\/\/www.tui.com\/blog\/karneval-feiern\/","name":"Kamelle, K\u00f6ln und Kurze \u2013 so geht Karneval feiern - TUI.com Reiseblog \u2600","isPartOf":{"@id":"https:\/\/www.tui.com\/blog\/#website"},"primaryImageOfPage":{"@id":"https:\/\/www.tui.com\/blog\/karneval-feiern\/#primaryimage"},"image":{"@id":"https:\/\/www.tui.com\/blog\/karneval-feiern\/#primaryimage"},"thumbnailUrl":"https:\/\/www.tui.com\/blog\/wp-content\/uploads\/2024\/02\/Beitragsbild-karneval-97396917.jpg","datePublished":"2026-01-26T15:27:43+00:00","dateModified":"2026-02-05T07:41:15+00:00","description":"Ihr wolltet auch schon immer mal Karneval feiern: TUI Bloggerin Lydia berichtet von der f\u00fcnften Jahreszeit aus K\u00f6ln und Bonn!","breadcrumb":{"@id":"https:\/\/www.tui.com\/blog\/karneval-feiern\/#breadcrumb"},"mainEntity":[{"@id":"https:\/\/www.tui.com\/blog\/karneval-feiern\/#faq-question-1769166626112"},{"@id":"https:\/\/www.tui.com\/blog\/karneval-feiern\/#faq-question-1769167774407"},{"@id":"https:\/\/www.tui.com\/blog\/karneval-feiern\/#faq-question-1769171019218"}],"inLanguage":"de","potentialAction":[{"@type":"ReadAction","target":["https:\/\/www.tui.com\/blog\/karneval-feiern\/"]}]},{"@type":"ImageObject","inLanguage":"de","@id":"https:\/\/www.tui.com\/blog\/karneval-feiern\/#primaryimage","url":"https:\/\/www.tui.com\/blog\/wp-content\/uploads\/2024\/02\/Beitragsbild-karneval-97396917.jpg","contentUrl":"https:\/\/www.tui.com\/blog\/wp-content\/uploads\/2024\/02\/Beitragsbild-karneval-97396917.jpg","width":1920,"height":1080,"caption":"K\u00f6ln und Bonn Karneval"},{"@type":"BreadcrumbList","@id":"https:\/\/www.tui.com\/blog\/karneval-feiern\/#breadcrumb","itemListElement":[{"@type":"ListItem","position":1,"name":"Startseite","item":"https:\/\/www.tui.com\/blog\/"},{"@type":"ListItem","position":2,"name":"Kamelle, K\u00f6ln und Kurze \u2013 so geht Karneval feiern"}]},{"@type":"WebSite","@id":"https:\/\/www.tui.com\/blog\/#website","url":"https:\/\/www.tui.com\/blog\/","name":"TUI.com Reiseblog \u2600","description":"Abenteuer oder lieber an den Strand? \u2600 Der TUI Reiseblog bietet tolle Infos rund um deine n\u00e4chste Reise \u2708 Komm vorbei und lass dich inspirieren \u221a","publisher":{"@id":"https:\/\/www.tui.com\/blog\/#organization"},"potentialAction":[{"@type":"SearchAction","target":{"@type":"EntryPoint","urlTemplate":"https:\/\/www.tui.com\/blog\/?s={search_term_string}"},"query-input":{"@type":"PropertyValueSpecification","valueRequired":true,"valueName":"search_term_string"}}],"inLanguage":"de"},{"@type":"Organization","@id":"https:\/\/www.tui.com\/blog\/#organization","name":"TUI.com Reiseblog \u2600","url":"https:\/\/www.tui.com\/blog\/","logo":{"@type":"ImageObject","inLanguage":"de","@id":"https:\/\/www.tui.com\/blog\/#\/schema\/logo\/image\/","url":"https:\/\/www.tui.com\/blog\/wp-content\/uploads\/2023\/04\/cropped-tui-logo-3.png","contentUrl":"https:\/\/www.tui.com\/blog\/wp-content\/uploads\/2023\/04\/cropped-tui-logo-3.png","width":164,"height":72,"caption":"TUI.com Reiseblog \u2600"},"image":{"@id":"https:\/\/www.tui.com\/blog\/#\/schema\/logo\/image\/"}},{"@type":"Person","@id":"https:\/\/www.tui.com\/blog\/#\/schema\/person\/68b22d74baefe1899238804c4620658a","name":"TUI Bloggerin Lydia","image":{"@type":"ImageObject","inLanguage":"de","@id":"https:\/\/www.tui.com\/blog\/wp-content\/uploads\/2016\/11\/lydia-profilbild-klein-200x180.jpg","url":"https:\/\/www.tui.com\/blog\/wp-content\/uploads\/2016\/11\/lydia-profilbild-klein-200x180.jpg","contentUrl":"https:\/\/www.tui.com\/blog\/wp-content\/uploads\/2016\/11\/lydia-profilbild-klein-200x180.jpg","caption":"TUI Bloggerin Lydia"},"description":"auf ins Abenteuer!","url":"https:\/\/www.tui.com\/blog\/author\/lydia\/"},{"@type":"Question","@id":"https:\/\/www.tui.com\/blog\/karneval-feiern\/#faq-question-1769166626112","position":1,"url":"https:\/\/www.tui.com\/blog\/karneval-feiern\/#faq-question-1769166626112","name":"Was ist der Unterschied zwischen Karneval, Fasching und Fastnacht?","answerCount":1,"acceptedAnswer":{"@type":"Answer","text":"<br\/>Die Bezeichnung Karneval findet man vor allem im Rheinland, w\u00e4hrend eher  Fasching im Osten und S\u00fcden Deutschlands benutzt wird. Karneval, Fasching und Fastnacht bezeichnen die gleichen Feierlichkeiten vor der christlichen Fastenzeit, werden jedoch regional unterschiedlich verwendet. Der Begriff <strong>Karneval<\/strong> ist vor allem im Rheinland, zum Beispiel beim K\u00f6lner Karneval, gebr\u00e4uchlich. <strong>Fasching<\/strong> wird \u00fcberwiegend in S\u00fcd- und Ostdeutschland genutzt, w\u00e4hrend <strong>Fastnacht<\/strong> vor allem im S\u00fcdwesten Deutschlands und in der Schweiz verbreitet ist.<br\/>Auch die typischen Rufe unterscheiden sich regional: In K\u00f6ln hei\u00dft es <strong>\u201eAlaaf\u201c<\/strong>, w\u00e4hrend <strong>\u201eHelau\u201c<\/strong> unter anderem in D\u00fcsseldorf oder Mainz gerufen wird.","inLanguage":"de"},"inLanguage":"de"},{"@type":"Question","@id":"https:\/\/www.tui.com\/blog\/karneval-feiern\/#faq-question-1769167774407","position":2,"url":"https:\/\/www.tui.com\/blog\/karneval-feiern\/#faq-question-1769167774407","name":"Wann ist Karneval 2026?","answerCount":1,"acceptedAnswer":{"@type":"Answer","text":"Karneval 2026 findet im Februar statt. Die wichtigsten Tage der Karnevalszeit sind:<br\/>Weiberfastnacht: Donnerstag, den 12.02.2026<br\/>Rosenmontag: Montag, den 16.02.2026<br\/>Faschingsdienstag: Dienstag, den 17.02.2026<br\/>Aschermittwoch: Mittwoch, den 18.02.2026 (Ende des Karnevals)<br\/>Der H\u00f6hepunkt der Karnevalszeit ist der Rosenmontag, an dem unter anderem der gro\u00dfe Rosenmontagsumzug in K\u00f6ln stattfindet.","inLanguage":"de"},"inLanguage":"de"},{"@type":"Question","@id":"https:\/\/www.tui.com\/blog\/karneval-feiern\/#faq-question-1769171019218","position":3,"url":"https:\/\/www.tui.com\/blog\/karneval-feiern\/#faq-question-1769171019218","name":"Warum ist am 11.11. Karnevalsbeginn?","answerCount":1,"acceptedAnswer":{"@type":"Answer","text":"Der Karnevalsbeginn am 11.11. um 11:11 Uhr geht auf die besondere Bedeutung der Zahl 11 zur\u00fcck. In der christlichen Zahlenlehre steht die 10 f\u00fcr Ordnung (die Zehn Gebote) und die 12 f\u00fcr Vollkommenheit (z. B. die zw\u00f6lf Apostel). Die 11 liegt dazwischen und symbolisiert das Abweichen von festen Regeln. <br\/>Im Mittelalter galt sie daher als Narrenzahl, die f\u00fcr Unfug, Regelbruch und das Umkehren der Ordnung stand. Aus diesem Grund wurde der 11.11. als symbolischer Beginn der Karnevalszeit gew\u00e4hlt \u2013 auch im K\u00f6lner Karneval.","inLanguage":"de"},"inLanguage":"de"}]}},"_links":{"self":[{"href":"https:\/\/www.tui.com\/blog\/wp-json\/wp\/v2\/posts\/415014","targetHints":{"allow":["GET"]}}],"collection":[{"href":"https:\/\/www.tui.com\/blog\/wp-json\/wp\/v2\/posts"}],"about":[{"href":"https:\/\/www.tui.com\/blog\/wp-json\/wp\/v2\/types\/post"}],"author":[{"embeddable":true,"href":"https:\/\/www.tui.com\/blog\/wp-json\/wp\/v2\/users\/94"}],"replies":[{"embeddable":true,"href":"https:\/\/www.tui.com\/blog\/wp-json\/wp\/v2\/comments?post=415014"}],"version-history":[{"count":65,"href":"https:\/\/www.tui.com\/blog\/wp-json\/wp\/v2\/posts\/415014\/revisions"}],"predecessor-version":[{"id":497068,"href":"https:\/\/www.tui.com\/blog\/wp-json\/wp\/v2\/posts\/415014\/revisions\/497068"}],"wp:featuredmedia":[{"embeddable":true,"href":"https:\/\/www.tui.com\/blog\/wp-json\/wp\/v2\/media\/496000"}],"wp:attachment":[{"href":"https:\/\/www.tui.com\/blog\/wp-json\/wp\/v2\/media?parent=415014"}],"wp:term":[{"taxonomy":"category","embeddable":true,"href":"https:\/\/www.tui.com\/blog\/wp-json\/wp\/v2\/categories?post=415014"},{"taxonomy":"post_tag","embeddable":true,"href":"https:\/\/www.tui.com\/blog\/wp-json\/wp\/v2\/tags?post=415014"}],"curies":[{"name":"wp","href":"https:\/\/api.w.org\/{rel}","templated":true}]}}