{"id":417668,"date":"2023-12-11T12:00:00","date_gmt":"2023-12-11T11:00:00","guid":{"rendered":"https:\/\/www.tui.com\/blog\/?p=417668"},"modified":"2025-12-30T08:57:56","modified_gmt":"2025-12-30T07:57:56","slug":"weihnachten-mit-tui-und-den-christmas-elfen","status":"publish","type":"post","link":"https:\/\/www.tui.com\/blog\/weihnachten-mit-tui-und-den-christmas-elfen\/","title":{"rendered":"Ho Ho Ho|La Vida Loca: Weihnachten mit TUI und den Christmas-Wichteln"},"content":{"rendered":"<p class=\"firstTextGrey\">Was machen eigentlich die kleinen Helfer vom Weihnachtsmann, wenn alle Geschenke verteilt worden und die Arbeit getan ist? Na klar, Urlaub!<\/p>\n\n\n<p>Sogar der Weihnachtsmann braucht manchmal Hilfe \u2013 daf\u00fcr hat er viele kleine Helferlein: die Weihnachts-Wichtel. Und wenn die Geschenke dann alle verteilt sind, k\u00f6nnen die Kleinen endlich entspannen und wieder ordentlich Energie auftanken. Und wo geht das besser als im Urlaub? <\/p>\n\n\n\n<h2 class=\"wp-block-heading\">Behind the Scenes des TUI Weihnachtsspots<\/h2>\n\n\n\n<p class=\"has-tui-sky-blue-background-color has-background\">F\u00fcr den ehemaligen Spot wurden <strong>zehn einzigartige Weihnachtswichtel<\/strong> kreiiert. Dahinter steht der <strong>preisgekr\u00f6nte Londoner Modellbauer Andy Gent<\/strong> vom Arch Model Studio, der bereits mehr als 25 Jahre Erfahrung im Puppenbau, Kulissenbau und in der Gestaltung von Charakteren verf\u00fcgt und schon f\u00fcr Wes Andersons &#8222;Isle of Dogs&#8220;, &#8222;Fantastic Mr. Fox&#8220;, &#8222;The Grand Hotel Budapest&#8220; und Tim Burtons &#8222;Corpse Bride&#8220; die Puppen entworfen hat. <strong>Regisseur Alex Boutell<\/strong> von Rogue Films hat die kleinen Helfer dann w\u00e4hrend der Dreharbeiten vor Ort zum Leben erweckt.<\/p>\n\n\n\n<figure class=\"wp-block-gallery has-nested-images columns-default is-cropped wp-block-gallery-1 is-layout-flex wp-block-gallery-is-layout-flex\">\n<figure class=\"wp-block-image size-large\"><img decoding=\"async\" width=\"311\" height=\"563\" data-id=\"417958\" src=\"https:\/\/www.tui.com\/blog\/wp-content\/uploads\/2023\/12\/behind-the-scenes-szenen-311x563.jpg\" alt=\"\" class=\"wp-image-417958\" srcset=\"https:\/\/www.tui.com\/blog\/wp-content\/uploads\/2023\/12\/behind-the-scenes-szenen-311x563.jpg 311w, https:\/\/www.tui.com\/blog\/wp-content\/uploads\/2023\/12\/behind-the-scenes-szenen-245x444.jpg 245w, https:\/\/www.tui.com\/blog\/wp-content\/uploads\/2023\/12\/behind-the-scenes-szenen-122x220.jpg 122w, https:\/\/www.tui.com\/blog\/wp-content\/uploads\/2023\/12\/behind-the-scenes-szenen.jpg 387w\" sizes=\"(max-width: 311px) 100vw, 311px\" \/><figcaption class=\"wp-element-caption\">Die einzelnen Szenen des Spots<\/figcaption><\/figure>\n\n\n\n<figure class=\"wp-block-image size-large\"><img decoding=\"async\" width=\"311\" height=\"563\" data-id=\"417946\" src=\"https:\/\/www.tui.com\/blog\/wp-content\/uploads\/2023\/12\/behind-the-scenes-wichtel-311x563.jpg\" alt=\"\" class=\"wp-image-417946\" srcset=\"https:\/\/www.tui.com\/blog\/wp-content\/uploads\/2023\/12\/behind-the-scenes-wichtel-311x563.jpg 311w, https:\/\/www.tui.com\/blog\/wp-content\/uploads\/2023\/12\/behind-the-scenes-wichtel-245x444.jpg 245w, https:\/\/www.tui.com\/blog\/wp-content\/uploads\/2023\/12\/behind-the-scenes-wichtel-122x220.jpg 122w, https:\/\/www.tui.com\/blog\/wp-content\/uploads\/2023\/12\/behind-the-scenes-wichtel.jpg 387w\" sizes=\"(max-width: 311px) 100vw, 311px\" \/><figcaption class=\"wp-element-caption\">In der Werkstatt werden die kleinen Helferlein bemalt<\/figcaption><\/figure>\n\n\n\n<figure class=\"wp-block-image size-large\"><img decoding=\"async\" width=\"311\" height=\"563\" data-id=\"417942\" src=\"https:\/\/www.tui.com\/blog\/wp-content\/uploads\/2023\/12\/behind-the-scenes-wichtel-strand-311x563.jpg\" alt=\"\" class=\"wp-image-417942\" srcset=\"https:\/\/www.tui.com\/blog\/wp-content\/uploads\/2023\/12\/behind-the-scenes-wichtel-strand-311x563.jpg 311w, https:\/\/www.tui.com\/blog\/wp-content\/uploads\/2023\/12\/behind-the-scenes-wichtel-strand-245x444.jpg 245w, https:\/\/www.tui.com\/blog\/wp-content\/uploads\/2023\/12\/behind-the-scenes-wichtel-strand-122x220.jpg 122w, https:\/\/www.tui.com\/blog\/wp-content\/uploads\/2023\/12\/behind-the-scenes-wichtel-strand.jpg 387w\" sizes=\"(max-width: 311px) 100vw, 311px\" \/><figcaption class=\"wp-element-caption\">Hier wird die Szene am Strand gedreht<\/figcaption><\/figure>\n<\/figure>\n\n\n    <div class=\"wp-caption tui-image-module\">\r\n    <img decoding=\"async\" src=\"https:\/\/www.tui.com\/blog\/wp-content\/uploads\/2023\/12\/behind-the-scenes-kostueme.jpg\" alt=\"\" \/>\r\n            <p class=\"wp-caption-text\">Die Kost\u00fcme der kleinen Helfer<\/p>\r\n        <\/div>\r\n    \n\n    <div class=\"wp-caption tui-image-module\">\r\n    <img decoding=\"async\" src=\"https:\/\/www.tui.com\/blog\/wp-content\/uploads\/2023\/12\/behind-the-scenes-wichtel-am-set.jpg\" alt=\"\" \/>\r\n            <\/div>\r\n    \n\n\r\n<div class=\"img-gal-block\">\r\n            <div class=\"img-gal-desktop\">\r\n            <div class=\"inner portrait\">\r\n                                    <div class=\"img-container \">\r\n                        <div class=\"img-inner\">\r\n                            <img decoding=\"async\" src=\"https:\/\/www.tui.com\/blog\/wp-content\/uploads\/2023\/12\/weihnachtselfen-am-strand.jpg\" alt=\"\"\/>\r\n                                                    <\/div>\r\n                        <p>\r\n                            Und so sieht die Szene im Endeffekt aus                        <\/p>\r\n                    <\/div>\r\n                                    <div class=\"img-container \">\r\n                        <div class=\"img-inner\">\r\n                            <img decoding=\"async\" src=\"https:\/\/www.tui.com\/blog\/wp-content\/uploads\/2023\/12\/weihnachtselfen-am-tanzen-1.jpg\" alt=\"\"\/>\r\n                                                    <\/div>\r\n                        <p>\r\n                            Die Tanzszene im Video                        <\/p>\r\n                    <\/div>\r\n                                    <div class=\"img-container \">\r\n                        <div class=\"img-inner\">\r\n                            <img decoding=\"async\" src=\"https:\/\/www.tui.com\/blog\/wp-content\/uploads\/2023\/12\/behind-the-scenes-wichtel-tanzen-e1765887759279.jpg\" alt=\"\"\/>\r\n                                                    <\/div>\r\n                        <p>\r\n                            Die Wichtel am Tanzen                        <\/p>\r\n                    <\/div>\r\n                            <\/div>\r\n        <\/div>\r\n\r\n        <div class=\"slides\" id=\"image-gal-slide\">\r\n                            <div>\r\n                    <img decoding=\"async\" src=\"https:\/\/www.tui.com\/blog\/wp-content\/uploads\/2023\/12\/weihnachtselfen-am-strand.jpg\"\/>\r\n                    <div class=\"caption\">\r\n                        <p>\r\n                            Und so sieht die Szene im Endeffekt aus                        <\/p>\r\n                    <\/div>\r\n                <\/div>\r\n                            <div>\r\n                    <img decoding=\"async\" src=\"https:\/\/www.tui.com\/blog\/wp-content\/uploads\/2023\/12\/weihnachtselfen-am-tanzen-1.jpg\"\/>\r\n                    <div class=\"caption\">\r\n                        <p>\r\n                            Die Tanzszene im Video                        <\/p>\r\n                    <\/div>\r\n                <\/div>\r\n                            <div>\r\n                    <img decoding=\"async\" src=\"https:\/\/www.tui.com\/blog\/wp-content\/uploads\/2023\/12\/behind-the-scenes-wichtel-tanzen-e1765887759279.jpg\"\/>\r\n                    <div class=\"caption\">\r\n                        <p>\r\n                            Die Wichtel am Tanzen                        <\/p>\r\n                    <\/div>\r\n                <\/div>\r\n                    <\/div>\r\n    <\/div>\r\n\n\n    <div class=\"wp-caption tui-image-module\">\r\n    <img decoding=\"async\" src=\"https:\/\/www.tui.com\/blog\/wp-content\/uploads\/2023\/12\/weihnachtself-radio.jpg\" alt=\"\" \/>\r\n            <\/div>\r\n    \n\n\n<h2 class=\"wp-block-heading\">Ratet doch mal: Wo machen unsere Weihnachts-Wichtel Urlaub?<\/h2>\n\n\n\n<figure class=\"wp-block-gallery has-nested-images columns-default is-cropped wp-block-gallery-2 is-layout-flex wp-block-gallery-is-layout-flex\">\n<figure class=\"wp-block-image size-large\"><img decoding=\"async\" width=\"450\" height=\"563\" data-id=\"417998\" src=\"https:\/\/www.tui.com\/blog\/wp-content\/uploads\/2023\/12\/wichtel-am-brunnen-450x563.jpg\" alt=\"\" class=\"wp-image-417998\" srcset=\"https:\/\/www.tui.com\/blog\/wp-content\/uploads\/2023\/12\/wichtel-am-brunnen-450x563.jpg 450w, https:\/\/www.tui.com\/blog\/wp-content\/uploads\/2023\/12\/wichtel-am-brunnen-355x444.jpg 355w, https:\/\/www.tui.com\/blog\/wp-content\/uploads\/2023\/12\/wichtel-am-brunnen-176x220.jpg 176w, https:\/\/www.tui.com\/blog\/wp-content\/uploads\/2023\/12\/wichtel-am-brunnen.jpg 640w\" sizes=\"(max-width: 450px) 100vw, 450px\" \/><\/figure>\n\n\n\n<figure class=\"wp-block-image size-large\"><img decoding=\"async\" width=\"450\" height=\"563\" data-id=\"417996\" src=\"https:\/\/www.tui.com\/blog\/wp-content\/uploads\/2023\/12\/elfen-auf-dem-boot-450x563.jpg\" alt=\"\" class=\"wp-image-417996\" srcset=\"https:\/\/www.tui.com\/blog\/wp-content\/uploads\/2023\/12\/elfen-auf-dem-boot-450x563.jpg 450w, https:\/\/www.tui.com\/blog\/wp-content\/uploads\/2023\/12\/elfen-auf-dem-boot-355x444.jpg 355w, https:\/\/www.tui.com\/blog\/wp-content\/uploads\/2023\/12\/elfen-auf-dem-boot-176x220.jpg 176w, https:\/\/www.tui.com\/blog\/wp-content\/uploads\/2023\/12\/elfen-auf-dem-boot.jpg 640w\" sizes=\"(max-width: 450px) 100vw, 450px\" \/><\/figure>\n<\/figure>\n\n\n    <div class=\"wp-caption tui-image-module\">\r\n    <img decoding=\"async\" src=\"https:\/\/www.tui.com\/blog\/wp-content\/uploads\/2023\/12\/elfen-am-pool.jpg\" alt=\"\" \/>\r\n            <\/div>\r\n    \n\n    <div class=\"wp-caption tui-image-module\">\r\n    <img decoding=\"async\" src=\"https:\/\/www.tui.com\/blog\/wp-content\/uploads\/2023\/12\/wichtel-im-sourvenirladen.jpg\" alt=\"\" \/>\r\n            <\/div>\r\n    \n\n\n<p><\/p>\n\n\n\n<p><strong>Wir w\u00fcnschen euch ein frohes Weihnachtsfest mit euren Liebsten!<\/strong><\/p>\n","protected":false},"excerpt":{"rendered":"<p>Was machen eigentlich die kleinen Helfer vom Weihnachtsmann, wenn alle Geschenke verteilt worden und die Arbeit getan ist? Na klar, Urlaub! Sogar der Weihnachtsmann braucht manchmal Hilfe \u2013 daf\u00fcr hat er viele kleine Helferlein: die Weihnachts-Wichtel. Und wenn die Geschenke dann alle verteilt sind, k\u00f6nnen die Kleinen endlich entspannen und<\/p>\n","protected":false},"author":116,"featured_media":417982,"comment_status":"open","ping_status":"open","sticky":false,"template":"","format":"standard","meta":{"_acf_changed":false,"footnotes":""},"categories":[4068],"tags":[149,1188,122,424],"class_list":["post-417668","post","type-post","status-publish","format-standard","has-post-thumbnail","hentry","category-archiv-beste-reisezeit","tag-feiertage","tag-hinter-den-kulissen","tag-tui","tag-weihnachten"],"acf":[],"yoast_head":"<!-- This site is optimized with the Yoast SEO plugin v27.4 - https:\/\/yoast.com\/product\/yoast-seo-wordpress\/ -->\n<title>Ho Ho Ho|La Vida Loca: Weihnachten mit TUI und den Christmas-Wichteln - TUI.com Reiseblog \u2600<\/title>\n<meta name=\"description\" content=\"Im ersten Weihnachtsspot der TUI aller Zeiten geben wir euch Einblicke in die bisher unerz\u00e4hlte Geschichte der Weihnachts-Wichtel.\" \/>\n<meta name=\"robots\" content=\"index, follow, max-snippet:-1, max-image-preview:large, max-video-preview:-1\" \/>\n<link rel=\"canonical\" href=\"https:\/\/www.tui.com\/blog\/weihnachten-mit-tui-und-den-christmas-elfen\/\" \/>\n<meta property=\"og:locale\" content=\"de_DE\" \/>\n<meta property=\"og:type\" content=\"article\" \/>\n<meta property=\"og:title\" content=\"Ho Ho Ho|La Vida Loca: Weihnachten mit TUI und den Christmas-Wichteln - TUI.com Reiseblog \u2600\" \/>\n<meta property=\"og:description\" content=\"Im ersten Weihnachtsspot der TUI aller Zeiten geben wir euch Einblicke in die bisher unerz\u00e4hlte Geschichte der Weihnachts-Wichtel.\" \/>\n<meta property=\"og:url\" content=\"https:\/\/www.tui.com\/blog\/weihnachten-mit-tui-und-den-christmas-elfen\/\" \/>\n<meta property=\"og:site_name\" content=\"TUI.com Reiseblog \u2600\" \/>\n<meta property=\"article:published_time\" content=\"2023-12-11T11:00:00+00:00\" \/>\n<meta property=\"article:modified_time\" content=\"2025-12-30T07:57:56+00:00\" \/>\n<meta property=\"og:image\" content=\"https:\/\/www.tui.com\/blog\/wp-content\/uploads\/2023\/12\/titelbild-weihnachtsspot-tui.jpg\" \/>\n\t<meta property=\"og:image:width\" content=\"1920\" \/>\n\t<meta property=\"og:image:height\" content=\"1080\" \/>\n\t<meta property=\"og:image:type\" content=\"image\/jpeg\" \/>\n<meta name=\"author\" content=\"Julia W\u00fcbbelmann\" \/>\n<meta name=\"twitter:card\" content=\"summary_large_image\" \/>\n<meta name=\"twitter:label1\" content=\"Verfasst von\" \/>\n\t<meta name=\"twitter:data1\" content=\"Julia W\u00fcbbelmann\" \/>\n\t<meta name=\"twitter:label2\" content=\"Gesch\u00e4tzte Lesezeit\" \/>\n\t<meta name=\"twitter:data2\" content=\"1\u00a0Minute\" \/>\n<script type=\"application\/ld+json\" class=\"yoast-schema-graph\">{\"@context\":\"https:\\\/\\\/schema.org\",\"@graph\":[{\"@type\":\"BlogPosting\",\"@id\":\"https:\\\/\\\/www.tui.com\\\/blog\\\/weihnachten-mit-tui-und-den-christmas-elfen\\\/#article\",\"isPartOf\":{\"@id\":\"https:\\\/\\\/www.tui.com\\\/blog\\\/weihnachten-mit-tui-und-den-christmas-elfen\\\/\"},\"author\":{\"name\":\"Julia W\u00fcbbelmann\",\"@id\":\"https:\\\/\\\/www.tui.com\\\/blog\\\/#\\\/schema\\\/person\\\/4755e7914e8aefb9ac11dab2e3a0203c\"},\"headline\":\"Ho Ho Ho|La Vida Loca: Weihnachten mit TUI und den Christmas-Wichteln\",\"datePublished\":\"2023-12-11T11:00:00+00:00\",\"dateModified\":\"2025-12-30T07:57:56+00:00\",\"mainEntityOfPage\":{\"@id\":\"https:\\\/\\\/www.tui.com\\\/blog\\\/weihnachten-mit-tui-und-den-christmas-elfen\\\/\"},\"wordCount\":204,\"commentCount\":0,\"publisher\":{\"@id\":\"https:\\\/\\\/www.tui.com\\\/blog\\\/#organization\"},\"image\":{\"@id\":\"https:\\\/\\\/www.tui.com\\\/blog\\\/weihnachten-mit-tui-und-den-christmas-elfen\\\/#primaryimage\"},\"thumbnailUrl\":\"https:\\\/\\\/www.tui.com\\\/blog\\\/wp-content\\\/uploads\\\/2023\\\/12\\\/titelbild-weihnachtsspot-tui.jpg\",\"keywords\":[\"Feiertage\",\"Hinter den Kulissen\",\"TUI\",\"Weihnachten\"],\"articleSection\":[\"Beste Reisezeit\"],\"inLanguage\":\"de\",\"potentialAction\":[{\"@type\":\"CommentAction\",\"name\":\"Comment\",\"target\":[\"https:\\\/\\\/www.tui.com\\\/blog\\\/weihnachten-mit-tui-und-den-christmas-elfen\\\/#respond\"]}]},{\"@type\":\"WebPage\",\"@id\":\"https:\\\/\\\/www.tui.com\\\/blog\\\/weihnachten-mit-tui-und-den-christmas-elfen\\\/\",\"url\":\"https:\\\/\\\/www.tui.com\\\/blog\\\/weihnachten-mit-tui-und-den-christmas-elfen\\\/\",\"name\":\"Ho Ho Ho|La Vida Loca: Weihnachten mit TUI und den Christmas-Wichteln - TUI.com Reiseblog \u2600\",\"isPartOf\":{\"@id\":\"https:\\\/\\\/www.tui.com\\\/blog\\\/#website\"},\"primaryImageOfPage\":{\"@id\":\"https:\\\/\\\/www.tui.com\\\/blog\\\/weihnachten-mit-tui-und-den-christmas-elfen\\\/#primaryimage\"},\"image\":{\"@id\":\"https:\\\/\\\/www.tui.com\\\/blog\\\/weihnachten-mit-tui-und-den-christmas-elfen\\\/#primaryimage\"},\"thumbnailUrl\":\"https:\\\/\\\/www.tui.com\\\/blog\\\/wp-content\\\/uploads\\\/2023\\\/12\\\/titelbild-weihnachtsspot-tui.jpg\",\"datePublished\":\"2023-12-11T11:00:00+00:00\",\"dateModified\":\"2025-12-30T07:57:56+00:00\",\"description\":\"Im ersten Weihnachtsspot der TUI aller Zeiten geben wir euch Einblicke in die bisher unerz\u00e4hlte Geschichte der Weihnachts-Wichtel.\",\"breadcrumb\":{\"@id\":\"https:\\\/\\\/www.tui.com\\\/blog\\\/weihnachten-mit-tui-und-den-christmas-elfen\\\/#breadcrumb\"},\"inLanguage\":\"de\",\"potentialAction\":[{\"@type\":\"ReadAction\",\"target\":[\"https:\\\/\\\/www.tui.com\\\/blog\\\/weihnachten-mit-tui-und-den-christmas-elfen\\\/\"]}]},{\"@type\":\"ImageObject\",\"inLanguage\":\"de\",\"@id\":\"https:\\\/\\\/www.tui.com\\\/blog\\\/weihnachten-mit-tui-und-den-christmas-elfen\\\/#primaryimage\",\"url\":\"https:\\\/\\\/www.tui.com\\\/blog\\\/wp-content\\\/uploads\\\/2023\\\/12\\\/titelbild-weihnachtsspot-tui.jpg\",\"contentUrl\":\"https:\\\/\\\/www.tui.com\\\/blog\\\/wp-content\\\/uploads\\\/2023\\\/12\\\/titelbild-weihnachtsspot-tui.jpg\",\"width\":1920,\"height\":1080},{\"@type\":\"BreadcrumbList\",\"@id\":\"https:\\\/\\\/www.tui.com\\\/blog\\\/weihnachten-mit-tui-und-den-christmas-elfen\\\/#breadcrumb\",\"itemListElement\":[{\"@type\":\"ListItem\",\"position\":1,\"name\":\"Startseite\",\"item\":\"https:\\\/\\\/www.tui.com\\\/blog\\\/\"},{\"@type\":\"ListItem\",\"position\":2,\"name\":\"Ho Ho Ho|La Vida Loca: Weihnachten mit TUI und den Christmas-Wichteln\"}]},{\"@type\":\"WebSite\",\"@id\":\"https:\\\/\\\/www.tui.com\\\/blog\\\/#website\",\"url\":\"https:\\\/\\\/www.tui.com\\\/blog\\\/\",\"name\":\"TUI.com Reiseblog \u2600\",\"description\":\"Abenteuer oder lieber an den Strand? \u2600 Der TUI Reiseblog bietet tolle Infos rund um deine n\u00e4chste Reise \u2708 Komm vorbei und lass dich inspirieren \u221a\",\"publisher\":{\"@id\":\"https:\\\/\\\/www.tui.com\\\/blog\\\/#organization\"},\"potentialAction\":[{\"@type\":\"SearchAction\",\"target\":{\"@type\":\"EntryPoint\",\"urlTemplate\":\"https:\\\/\\\/www.tui.com\\\/blog\\\/?s={search_term_string}\"},\"query-input\":{\"@type\":\"PropertyValueSpecification\",\"valueRequired\":true,\"valueName\":\"search_term_string\"}}],\"inLanguage\":\"de\"},{\"@type\":\"Organization\",\"@id\":\"https:\\\/\\\/www.tui.com\\\/blog\\\/#organization\",\"name\":\"TUI.com Reiseblog \u2600\",\"url\":\"https:\\\/\\\/www.tui.com\\\/blog\\\/\",\"logo\":{\"@type\":\"ImageObject\",\"inLanguage\":\"de\",\"@id\":\"https:\\\/\\\/www.tui.com\\\/blog\\\/#\\\/schema\\\/logo\\\/image\\\/\",\"url\":\"https:\\\/\\\/www.tui.com\\\/blog\\\/wp-content\\\/uploads\\\/2023\\\/04\\\/cropped-tui-logo-3.png\",\"contentUrl\":\"https:\\\/\\\/www.tui.com\\\/blog\\\/wp-content\\\/uploads\\\/2023\\\/04\\\/cropped-tui-logo-3.png\",\"width\":164,\"height\":72,\"caption\":\"TUI.com Reiseblog \u2600\"},\"image\":{\"@id\":\"https:\\\/\\\/www.tui.com\\\/blog\\\/#\\\/schema\\\/logo\\\/image\\\/\"}},{\"@type\":\"Person\",\"@id\":\"https:\\\/\\\/www.tui.com\\\/blog\\\/#\\\/schema\\\/person\\\/4755e7914e8aefb9ac11dab2e3a0203c\",\"name\":\"Julia W\u00fcbbelmann\",\"image\":{\"@type\":\"ImageObject\",\"inLanguage\":\"de\",\"@id\":\"https:\\\/\\\/www.tui.com\\\/blog\\\/wp-content\\\/uploads\\\/2026\\\/02\\\/julia_tuerkei_profilbild-96x96.jpg\",\"url\":\"https:\\\/\\\/www.tui.com\\\/blog\\\/wp-content\\\/uploads\\\/2026\\\/02\\\/julia_tuerkei_profilbild-96x96.jpg\",\"contentUrl\":\"https:\\\/\\\/www.tui.com\\\/blog\\\/wp-content\\\/uploads\\\/2026\\\/02\\\/julia_tuerkei_profilbild-96x96.jpg\",\"caption\":\"Julia W\u00fcbbelmann\"},\"url\":\"https:\\\/\\\/www.tui.com\\\/blog\\\/author\\\/tui-bloggerin-julia\\\/\"}]}<\/script>\n<!-- \/ Yoast SEO plugin. -->","yoast_head_json":{"title":"Ho Ho Ho|La Vida Loca: Weihnachten mit TUI und den Christmas-Wichteln - TUI.com Reiseblog \u2600","description":"Im ersten Weihnachtsspot der TUI aller Zeiten geben wir euch Einblicke in die bisher unerz\u00e4hlte Geschichte der Weihnachts-Wichtel.","robots":{"index":"index","follow":"follow","max-snippet":"max-snippet:-1","max-image-preview":"max-image-preview:large","max-video-preview":"max-video-preview:-1"},"canonical":"https:\/\/www.tui.com\/blog\/weihnachten-mit-tui-und-den-christmas-elfen\/","og_locale":"de_DE","og_type":"article","og_title":"Ho Ho Ho|La Vida Loca: Weihnachten mit TUI und den Christmas-Wichteln - TUI.com Reiseblog \u2600","og_description":"Im ersten Weihnachtsspot der TUI aller Zeiten geben wir euch Einblicke in die bisher unerz\u00e4hlte Geschichte der Weihnachts-Wichtel.","og_url":"https:\/\/www.tui.com\/blog\/weihnachten-mit-tui-und-den-christmas-elfen\/","og_site_name":"TUI.com Reiseblog \u2600","article_published_time":"2023-12-11T11:00:00+00:00","article_modified_time":"2025-12-30T07:57:56+00:00","og_image":[{"width":1920,"height":1080,"url":"https:\/\/www.tui.com\/blog\/wp-content\/uploads\/2023\/12\/titelbild-weihnachtsspot-tui.jpg","type":"image\/jpeg"}],"author":"Julia W\u00fcbbelmann","twitter_card":"summary_large_image","twitter_misc":{"Verfasst von":"Julia W\u00fcbbelmann","Gesch\u00e4tzte Lesezeit":"1\u00a0Minute"},"schema":{"@context":"https:\/\/schema.org","@graph":[{"@type":"BlogPosting","@id":"https:\/\/www.tui.com\/blog\/weihnachten-mit-tui-und-den-christmas-elfen\/#article","isPartOf":{"@id":"https:\/\/www.tui.com\/blog\/weihnachten-mit-tui-und-den-christmas-elfen\/"},"author":{"name":"Julia W\u00fcbbelmann","@id":"https:\/\/www.tui.com\/blog\/#\/schema\/person\/4755e7914e8aefb9ac11dab2e3a0203c"},"headline":"Ho Ho Ho|La Vida Loca: Weihnachten mit TUI und den Christmas-Wichteln","datePublished":"2023-12-11T11:00:00+00:00","dateModified":"2025-12-30T07:57:56+00:00","mainEntityOfPage":{"@id":"https:\/\/www.tui.com\/blog\/weihnachten-mit-tui-und-den-christmas-elfen\/"},"wordCount":204,"commentCount":0,"publisher":{"@id":"https:\/\/www.tui.com\/blog\/#organization"},"image":{"@id":"https:\/\/www.tui.com\/blog\/weihnachten-mit-tui-und-den-christmas-elfen\/#primaryimage"},"thumbnailUrl":"https:\/\/www.tui.com\/blog\/wp-content\/uploads\/2023\/12\/titelbild-weihnachtsspot-tui.jpg","keywords":["Feiertage","Hinter den Kulissen","TUI","Weihnachten"],"articleSection":["Beste Reisezeit"],"inLanguage":"de","potentialAction":[{"@type":"CommentAction","name":"Comment","target":["https:\/\/www.tui.com\/blog\/weihnachten-mit-tui-und-den-christmas-elfen\/#respond"]}]},{"@type":"WebPage","@id":"https:\/\/www.tui.com\/blog\/weihnachten-mit-tui-und-den-christmas-elfen\/","url":"https:\/\/www.tui.com\/blog\/weihnachten-mit-tui-und-den-christmas-elfen\/","name":"Ho Ho Ho|La Vida Loca: Weihnachten mit TUI und den Christmas-Wichteln - TUI.com Reiseblog \u2600","isPartOf":{"@id":"https:\/\/www.tui.com\/blog\/#website"},"primaryImageOfPage":{"@id":"https:\/\/www.tui.com\/blog\/weihnachten-mit-tui-und-den-christmas-elfen\/#primaryimage"},"image":{"@id":"https:\/\/www.tui.com\/blog\/weihnachten-mit-tui-und-den-christmas-elfen\/#primaryimage"},"thumbnailUrl":"https:\/\/www.tui.com\/blog\/wp-content\/uploads\/2023\/12\/titelbild-weihnachtsspot-tui.jpg","datePublished":"2023-12-11T11:00:00+00:00","dateModified":"2025-12-30T07:57:56+00:00","description":"Im ersten Weihnachtsspot der TUI aller Zeiten geben wir euch Einblicke in die bisher unerz\u00e4hlte Geschichte der Weihnachts-Wichtel.","breadcrumb":{"@id":"https:\/\/www.tui.com\/blog\/weihnachten-mit-tui-und-den-christmas-elfen\/#breadcrumb"},"inLanguage":"de","potentialAction":[{"@type":"ReadAction","target":["https:\/\/www.tui.com\/blog\/weihnachten-mit-tui-und-den-christmas-elfen\/"]}]},{"@type":"ImageObject","inLanguage":"de","@id":"https:\/\/www.tui.com\/blog\/weihnachten-mit-tui-und-den-christmas-elfen\/#primaryimage","url":"https:\/\/www.tui.com\/blog\/wp-content\/uploads\/2023\/12\/titelbild-weihnachtsspot-tui.jpg","contentUrl":"https:\/\/www.tui.com\/blog\/wp-content\/uploads\/2023\/12\/titelbild-weihnachtsspot-tui.jpg","width":1920,"height":1080},{"@type":"BreadcrumbList","@id":"https:\/\/www.tui.com\/blog\/weihnachten-mit-tui-und-den-christmas-elfen\/#breadcrumb","itemListElement":[{"@type":"ListItem","position":1,"name":"Startseite","item":"https:\/\/www.tui.com\/blog\/"},{"@type":"ListItem","position":2,"name":"Ho Ho Ho|La Vida Loca: Weihnachten mit TUI und den Christmas-Wichteln"}]},{"@type":"WebSite","@id":"https:\/\/www.tui.com\/blog\/#website","url":"https:\/\/www.tui.com\/blog\/","name":"TUI.com Reiseblog \u2600","description":"Abenteuer oder lieber an den Strand? \u2600 Der TUI Reiseblog bietet tolle Infos rund um deine n\u00e4chste Reise \u2708 Komm vorbei und lass dich inspirieren \u221a","publisher":{"@id":"https:\/\/www.tui.com\/blog\/#organization"},"potentialAction":[{"@type":"SearchAction","target":{"@type":"EntryPoint","urlTemplate":"https:\/\/www.tui.com\/blog\/?s={search_term_string}"},"query-input":{"@type":"PropertyValueSpecification","valueRequired":true,"valueName":"search_term_string"}}],"inLanguage":"de"},{"@type":"Organization","@id":"https:\/\/www.tui.com\/blog\/#organization","name":"TUI.com Reiseblog \u2600","url":"https:\/\/www.tui.com\/blog\/","logo":{"@type":"ImageObject","inLanguage":"de","@id":"https:\/\/www.tui.com\/blog\/#\/schema\/logo\/image\/","url":"https:\/\/www.tui.com\/blog\/wp-content\/uploads\/2023\/04\/cropped-tui-logo-3.png","contentUrl":"https:\/\/www.tui.com\/blog\/wp-content\/uploads\/2023\/04\/cropped-tui-logo-3.png","width":164,"height":72,"caption":"TUI.com Reiseblog \u2600"},"image":{"@id":"https:\/\/www.tui.com\/blog\/#\/schema\/logo\/image\/"}},{"@type":"Person","@id":"https:\/\/www.tui.com\/blog\/#\/schema\/person\/4755e7914e8aefb9ac11dab2e3a0203c","name":"Julia W\u00fcbbelmann","image":{"@type":"ImageObject","inLanguage":"de","@id":"https:\/\/www.tui.com\/blog\/wp-content\/uploads\/2026\/02\/julia_tuerkei_profilbild-96x96.jpg","url":"https:\/\/www.tui.com\/blog\/wp-content\/uploads\/2026\/02\/julia_tuerkei_profilbild-96x96.jpg","contentUrl":"https:\/\/www.tui.com\/blog\/wp-content\/uploads\/2026\/02\/julia_tuerkei_profilbild-96x96.jpg","caption":"Julia W\u00fcbbelmann"},"url":"https:\/\/www.tui.com\/blog\/author\/tui-bloggerin-julia\/"}]}},"_links":{"self":[{"href":"https:\/\/www.tui.com\/blog\/wp-json\/wp\/v2\/posts\/417668","targetHints":{"allow":["GET"]}}],"collection":[{"href":"https:\/\/www.tui.com\/blog\/wp-json\/wp\/v2\/posts"}],"about":[{"href":"https:\/\/www.tui.com\/blog\/wp-json\/wp\/v2\/types\/post"}],"author":[{"embeddable":true,"href":"https:\/\/www.tui.com\/blog\/wp-json\/wp\/v2\/users\/116"}],"replies":[{"embeddable":true,"href":"https:\/\/www.tui.com\/blog\/wp-json\/wp\/v2\/comments?post=417668"}],"version-history":[{"count":69,"href":"https:\/\/www.tui.com\/blog\/wp-json\/wp\/v2\/posts\/417668\/revisions"}],"predecessor-version":[{"id":494982,"href":"https:\/\/www.tui.com\/blog\/wp-json\/wp\/v2\/posts\/417668\/revisions\/494982"}],"wp:featuredmedia":[{"embeddable":true,"href":"https:\/\/www.tui.com\/blog\/wp-json\/wp\/v2\/media\/417982"}],"wp:attachment":[{"href":"https:\/\/www.tui.com\/blog\/wp-json\/wp\/v2\/media?parent=417668"}],"wp:term":[{"taxonomy":"category","embeddable":true,"href":"https:\/\/www.tui.com\/blog\/wp-json\/wp\/v2\/categories?post=417668"},{"taxonomy":"post_tag","embeddable":true,"href":"https:\/\/www.tui.com\/blog\/wp-json\/wp\/v2\/tags?post=417668"}],"curies":[{"name":"wp","href":"https:\/\/api.w.org\/{rel}","templated":true}]}}