{"id":418452,"date":"2024-01-02T12:00:00","date_gmt":"2024-01-02T11:00:00","guid":{"rendered":"https:\/\/www.tui.com\/blog\/?p=418452"},"modified":"2024-08-27T11:58:50","modified_gmt":"2024-08-27T09:58:50","slug":"wintertraum-in-spaniens-sueden","status":"publish","type":"post","link":"https:\/\/www.tui.com\/blog\/wintertraum-in-spaniens-sueden\/","title":{"rendered":"Wintertraum in Spaniens S\u00fcden"},"content":{"rendered":"<p class=\"firstTextGrey\">Der Winter in <a href=\"https:\/\/www.tui.com\/pauschalreisen\/spanien\/andalusien\/\" target=\"_blank\" rel=\"noopener\">Andalusien<\/a> gl\u00e4nzt mit Sonne und milden Temperaturen \u2013 die beste Zeit f\u00fcr Sightseeing, Golfen und einsame Str\u00e4nde.<\/p>\n\n    <div class=\"wp-caption tui-image-module\">\r\n    <img decoding=\"async\" src=\"https:\/\/www.tui.com\/blog\/wp-content\/uploads\/2023\/12\/blick-auf-sevilla-adobestock-109085421-LucVi.jpg\" alt=\"Blick auf den Sonnenaufgang in Sevilla, Andalusien, Spanien\" \/>\r\n            <p class=\"wp-caption-text\">Sonnenaufgang in Sevilla<span> | stock.adobe.com\/LucVi<\/span><\/p>\r\n        <\/div>\r\n    \n\n\n<p class=\"has-drop-cap\">Am besten steigst du der Stadt \u00fcber den Kopf, das hilft bei der Orientierung. Hoch auf den Torre Tavira zum Beispiel. Der 45 Meter hohe Turm aus dem Mittelalter war lange der offizielle Wachturm von<a href=\"https:\/\/www.tui.com\/pauschalreisen\/suchen\/hotels\/Cadiz\/1090\/list\/?startDate=2023-12-22&amp;endDate=2024-01-21&amp;duration=7-&amp;cities=592&amp;useExtendedFilterDefaultValues=1\" target=\"_blank\" rel=\"noreferrer noopener\"> C\u00e1diz<\/a>: An einem dieser unfassbar klaren Wintermorgen in<a href=\"https:\/\/www.tui.com\/pauschalreisen\/spanien\/\" target=\"_blank\" rel=\"noreferrer noopener\"> Spanien<\/a> kannst du von hier weit schauen, tief ins Land oder \u00fcber die See. Die Stadt auf ihrer Landzunge hat man sowieso im Blick: die modernen Gesch\u00e4ftsviertel, die Hotelanlagen und den Strand davor, das Wei\u00df der Altstadt mit ihren gekalkten H\u00e4usern und der Kathedrale zum heiligen Kreuze \u00fcber dem Meer.<\/p>\n\n\n<div class=\"table-of-contents\">\r\n    <div class=\"toc-head\">\r\n        <span class=\"toc-headline\">Inhalt<\/span>\r\n        <button class=\"toggle-toc\"\r\n            aria-expanded=\"false\"\r\n            aria-controls=\"toc-list\"\r\n            aria-label=\"Inhaltsverzeichnis ein- oder ausklappen\">\r\n            <svg xmlns=\"http:\/\/www.w3.org\/2000\/svg\" width=\"17.503\" height=\"10.303\" viewBox=\"0 0 17.503 10.303\">\r\n                <path id=\"Icon_ionic-ios-arrow-back\" data-name=\"Icon ionic-ios-arrow-back\" d=\"M14.356,14.943l6.819-6.618a1.22,1.22,0,0,0,0-1.766,1.321,1.321,0,0,0-1.824,0l-7.726,7.5a1.223,1.223,0,0,0-.038,1.725l7.758,7.55a1.323,1.323,0,0,0,1.824,0,1.22,1.22,0,0,0,0-1.766Z\" transform=\"translate(23.697 -11.251) rotate(90)\" fill=\"#1B115C\"><\/path>\r\n            <\/svg>\r\n        <\/button>\r\n    <\/div>\r\n    <ul id=\"toc-list\" class=\"toc-list\"><\/ul>\r\n<\/div>\n\n<div class=\"gb-container gb-container-7a412fe5\"><\/div>\n\n\n<h2 class=\"wp-block-heading\">Winter an der Costa de la Luz: sch\u00f6n wie der Fr\u00fchling<\/h2>\n\n\n\n<p>Wer mehr will, muss hinabsteigen. C\u00e1diz entdeckst du am besten zu Fu\u00df. Einfach loslaufen. Staunen. Um immer neue Ecken schauen. Und die besondere Atmosph\u00e4re auf sich wirken lassen. C\u00e1diz geh\u00f6rt zu jenen Orten in Andalusien, deren Vergangenheit man in jeder engen Gasse und auf jedem der vielen kleinen Pl\u00e4tze erahnen kann: das R\u00f6mische Theater, die gem\u00fctlichen Stadtviertel La Vina und El P\u00f3pulo mit ihren maurischen Einfl\u00fcssen oder die Festung San Sebasti\u00e1n, deren trutzige Mauern in das Meer hineinragen. Und wenn du alles gesehen hast? Machst du dich auf den Weg! In der s\u00fcdlichsten Ecke Spaniens l\u00e4sst sich im Winter viel unternehmen. F\u00fcr lange Touren mit Mietr\u00e4dern durch die ber\u00fchmten wei\u00dfen D\u00f6rfer zwischen C\u00e1diz und <a href=\"https:\/\/www.tui.com\/pauschalreisen\/spanien\/costa-del-sol\/malaga\/\" target=\"_blank\" rel=\"noreferrer noopener\">M\u00e1laga <\/a>ist es im Sommer eh zu hei\u00df, doch bei angenehmen 18-20 Grad ist es ideal.<\/p>\n\n\n\n<p>Das gilt auch f\u00fcr Golfer: In <a href=\"https:\/\/www.tui.com\/hotels\/spanien\/costa-del-sol\/marbella\/\" target=\"_blank\" rel=\"noreferrer noopener\">Marbella<\/a>, M\u00e1laga oder Jerez, \u00fcberhaupt in der ganzen Region, liegen fantastisch gepflegte Golfpl\u00e4tze, die einen Besuch wert sind. Es ist verlockend: Der Winter in <a href=\"https:\/\/www.tui.com\/pauschalreisen\/spanien\/andalusien\/\" target=\"_blank\" rel=\"noreferrer noopener\">Andalusien<\/a> pr\u00e4sentiert sich in etwa so wie der deutsche Fr\u00fchling, nur besser. Die Str\u00e4nde hast du in dieser Zeit fast f\u00fcr dich allein, au\u00dfer ein paar Einheimischen mit ihren Hunden und wenigen anderen Urlaubern ist da niemand. Du kannst Kitesurfen lernen oder dich zum ersten Mal im Leben auf ein SUP stellen. Und an warmen Tagen kannst du auch problemlos baden. Einer der sch\u00f6nsten Str\u00e4nde ist der von <a href=\"https:\/\/www.tui.com\/pauschalreisen\/spanien\/costa-de-la-luz\/novo-sancti-petri\/\" target=\"_blank\" rel=\"noreferrer noopener\">Novo Sancti Petri<\/a>: Kilometer an Kilometer feiner Sand zum Spazieren oder Joggen! Und am Anfang und am Ende kleine Bars und Restaurants, die das ganze Jahr ge\u00f6ffnet haben.<\/p>\n\n\n    <div class=\"wp-caption tui-image-module\">\r\n    <img decoding=\"async\" src=\"https:\/\/www.tui.com\/blog\/wp-content\/uploads\/2023\/12\/andalusien-tarifa-cadiz-strand-adobestock-131253476-Juanamari-Gonzalez.jpg\" alt=\"Blick auf einen menschenleeren Strand an der Costa de la Luz, Andalusien, Spanien.\" \/>\r\n            <p class=\"wp-caption-text\">Fast menschenleer: die Costa  de la Luz in der  \u201ekalten\u201c Jahreszeit<span> | stock.adobe.com\/Juanamari Gonzalez<\/span><\/p>\r\n        <\/div>\r\n    \n\n\n<h2 class=\"wp-block-heading\">Entspannte Zeit f\u00fcr einen Stadtbummel<\/h2>\n\n\n\n<p>Auch Sightseeing ist im Winter entspannter als w\u00e4hrend der Hauptsaison. Vor allem in Jerez de la Frontera sind die M\u00f6glichkeiten daf\u00fcr schier grenzenlos: die gro\u00dfe Kathedrale, die Kirche San Miguel mit ihrem blau gekachelten Turm oder das prachtvolle Kloster La Cartuja \u2013 und nat\u00fcrlich die K\u00f6niglich-Andalusische Reitschule mit ihren Kart\u00e4userpferden. Wer m\u00f6chte, kann in der Stadt auch so viele Bodegas abklappern, dass man am Ende des Urlaubs unweigerlich zu einem echten Wein und Sherry-Experten reift. Zur\u00fcck in <a href=\"https:\/\/www.tui.com\/pauschalreisen\/suchen\/hotels\/Cadiz\/1090\/list\/?startDate=2023-12-22&amp;endDate=2024-01-21&amp;duration=7-&amp;cities=592&amp;useExtendedFilterDefaultValues=1\" target=\"_blank\" rel=\"noreferrer noopener\">C\u00e1diz<\/a> kannst du das Fachwissen auch in den Restaurants der Altstadt testen und bewundern, mit welcher Hingabe die K\u00f6che den Fisch zubereiten. Auch oben, auf dem Torre Tavira, hat man ein Auge f\u00fcr Feinheiten: Dort steht eine Camera obscura, durch die du selbst Details in der Stadt erkennst: den Schlag der Wellen, die Taubenschw\u00e4rme vor der Kathedrale \u2013 oder aber die Politesse, die einem wegen eines am Morgen falsch geparkten<a href=\"https:\/\/www.tuicars.com\/\" target=\"_blank\" rel=\"noreferrer noopener\"> Mietwagens<\/a> ein Kn\u00f6llchen unter den Scheibenwischer klemmt.<\/p>\n\n\n    <div class=\"wp-caption tui-image-module\">\r\n    <img decoding=\"async\" src=\"https:\/\/www.tui.com\/blog\/wp-content\/uploads\/2023\/12\/andalusien-speise-fisch-adobestock-352450451-Andrei-Nekrassov.jpg\" alt=\"Gegrillte Sardinen - eine andalusische Spezialit\u00e4t, Andalusien.\" \/>\r\n            <p class=\"wp-caption-text\">Gegrillte Sardinen. Eine andalusische Spezialit\u00e4t<span> | stock.adobe.com\/Andrei Nekrassov<\/span><\/p>\r\n        <\/div>\r\n    \n\n\n<h2 class=\"wp-block-heading\">Unsere Hoteltipps in Andalusien<\/h2>\n\n\n\n<h3 class=\"wp-block-heading\"><strong>Tipp 1.<\/strong> <strong>Hipotels Barrosa Park \u2013 Novo Sancti Petri<\/strong><\/h3>\n\n\n\n<p>Das Strandhotel <a href=\"https:\/\/www.tui.com\/hotels\/hipotels-barrosa-park-2440\/hotelinformation\/\" target=\"_blank\" rel=\"noreferrer noopener\">Hipotels Barrosa Park <\/a>in Novo Sancti Petri mit herrlicher Pool und Gartenlandschaft sowie vielf\u00e4ltigen Freizeit und Sportm\u00f6glichkeiten.<\/p>\n\n\n<tui-image-gallery variant='love-at-first-sight' giata-id='2440' locale='de_DE' data-mode='light' data-theme='tui-light'><\/tui-image-gallery>\n\n\n\n<p><\/p>\n\n\n<tui-hotel-offer-cards class='tui-component' filter-giata-codes='2440' scope='tuiblog_1' tenant='TUICOM' locale='de-DE' show-image-carousel='true' show-cards-carousel='false' price-type='per_person' show-information='false' show-heart='false' variant='medium' open-in-new-tab='true' search-scope='HOTEL' static-url-parameters='contentid=blog_wintertrauminspanienssueden_hotelcard_hipotelsbarrosapark_202312' data-stencil='true' data-version='v2' data-theme='tuiLight'><\/tui-hotel-offer-cards>\n\n\n\n<p><\/p>\n\n\n\n<h3 class=\"wp-block-heading\"><strong>Tipp 2.<\/strong> <strong>Iberostar Royal Andalus<\/strong> <strong>\u2013 Novo Sancti Petri<\/strong><\/h3>\n\n\n\n<p>Das <a href=\"https:\/\/www.tui.com\/hotels\/iberostar-royal-andalus-2441\/hotelinformation\/\" target=\"_blank\" rel=\"noreferrer noopener\">Iberostar Royal Andalus<\/a> ist ein modernes, umweltfreundliches Hotel mit golf-all-day Programm. Direkt am f\u00fcr Nachhaltigkeit ausgezeichneten Strand La Barrosa gelegen.<\/p>\n\n\n<tui-image-gallery variant='love-at-first-sight' giata-id='2441' locale='de_DE' data-mode='light' data-theme='tui-light'><\/tui-image-gallery>\n\n\n\n<p><\/p>\n\n\n<tui-hotel-offer-cards class='tui-component' filter-giata-codes='2441' scope='tuiblog_2' tenant='TUICOM' locale='de-DE' show-image-carousel='true' show-cards-carousel='false' price-type='per_person' show-information='false' show-heart='false' variant='medium' open-in-new-tab='true' search-scope='HOTEL' static-url-parameters='contentid=blog_wintertrauminspanienssueden_hotelcard_iberostarroyalandalus_202312' data-stencil='true' data-version='v2' data-theme='tuiLight'><\/tui-hotel-offer-cards>\n\n\n\n<p><\/p>\n\n\n\n<p>Weitere tolle Tipps zu Andalusien findest du hier:<\/p>\n\n\n\n<p>\u25ba<a href=\"https:\/\/www.tui.com\/blog\/andalusien-im-herbst\" target=\"_blank\" rel=\"noreferrer noopener\">Andalusien im Herbst: endlose Str\u00e4nde, kleine D\u00f6rfer und jede Menge Erholung <\/a><br>\u25ba<a href=\"https:\/\/www.tui.com\/blog\/andalusien-der-urspruengliche-nordwesten\/\" target=\"_blank\" rel=\"noreferrer noopener\">Andalusien: Der urspr\u00fcngliche Nordwesten<\/a><\/p>\n","protected":false},"excerpt":{"rendered":"<p>Der Winter in Andalusien gl\u00e4nzt mit Sonne und milden Temperaturen \u2013 die beste Zeit f\u00fcr Sightseeing, Golfen und einsame Str\u00e4nde. Am besten steigst du der Stadt \u00fcber den Kopf, das hilft bei der Orientierung. Hoch auf den Torre Tavira zum Beispiel. Der 45 Meter hohe Turm aus dem Mittelalter war<\/p>\n","protected":false},"author":86,"featured_media":417790,"comment_status":"open","ping_status":"open","sticky":false,"template":"","format":"standard","meta":{"_acf_changed":false,"footnotes":""},"categories":[4068,4030,4032],"tags":[125,730,729,2876,472],"class_list":["post-418452","post","type-post","status-publish","format-standard","has-post-thumbnail","hentry","category-archiv-beste-reisezeit","category-archiv-reiseziele","category-archiv-spanien","tag-andalusien","tag-cadiz","tag-costa-de-la-luz","tag-sevilla","tag-winter"],"acf":[],"yoast_head":"<!-- This site is optimized with the Yoast SEO plugin v27.4 - https:\/\/yoast.com\/product\/yoast-seo-wordpress\/ -->\n<title>Wintertraum in Spaniens S\u00fcden - TUI.com Reiseblog \u2600<\/title>\n<meta name=\"description\" content=\"Strahlende Wintersonne und milde Temperaturen sind wie gemacht f\u00fcr entspanntes Sightseeing. Entdecke Andalusien im Winter.\" \/>\n<meta name=\"robots\" content=\"index, follow, max-snippet:-1, max-image-preview:large, max-video-preview:-1\" \/>\n<link rel=\"canonical\" href=\"https:\/\/www.tui.com\/blog\/wintertraum-in-spaniens-sueden\/\" \/>\n<meta property=\"og:locale\" content=\"de_DE\" \/>\n<meta property=\"og:type\" content=\"article\" \/>\n<meta property=\"og:title\" content=\"Wintertraum in Spaniens S\u00fcden - TUI.com Reiseblog \u2600\" \/>\n<meta property=\"og:description\" content=\"Strahlende Wintersonne und milde Temperaturen sind wie gemacht f\u00fcr entspanntes Sightseeing. Entdecke Andalusien im Winter.\" \/>\n<meta property=\"og:url\" content=\"https:\/\/www.tui.com\/blog\/wintertraum-in-spaniens-sueden\/\" \/>\n<meta property=\"og:site_name\" content=\"TUI.com Reiseblog \u2600\" \/>\n<meta property=\"article:published_time\" content=\"2024-01-02T11:00:00+00:00\" \/>\n<meta property=\"article:modified_time\" content=\"2024-08-27T09:58:50+00:00\" \/>\n<meta property=\"og:image\" content=\"https:\/\/www.tui.com\/blog\/wp-content\/uploads\/2023\/12\/malerei-flamenco-sevilla-adobestock-91750323-Richard-Villalon.jpg\" \/>\n\t<meta property=\"og:image:width\" content=\"1920\" \/>\n\t<meta property=\"og:image:height\" content=\"1080\" \/>\n\t<meta property=\"og:image:type\" content=\"image\/jpeg\" \/>\n<meta name=\"author\" content=\"TUI Reiseexperten\" \/>\n<meta name=\"twitter:card\" content=\"summary_large_image\" \/>\n<meta name=\"twitter:label1\" content=\"Verfasst von\" \/>\n\t<meta name=\"twitter:data1\" content=\"TUI Reiseexperten\" \/>\n\t<meta name=\"twitter:label2\" content=\"Gesch\u00e4tzte Lesezeit\" \/>\n\t<meta name=\"twitter:data2\" content=\"4\u00a0Minuten\" \/>\n<script type=\"application\/ld+json\" class=\"yoast-schema-graph\">{\"@context\":\"https:\\\/\\\/schema.org\",\"@graph\":[{\"@type\":\"BlogPosting\",\"@id\":\"https:\\\/\\\/www.tui.com\\\/blog\\\/wintertraum-in-spaniens-sueden\\\/#article\",\"isPartOf\":{\"@id\":\"https:\\\/\\\/www.tui.com\\\/blog\\\/wintertraum-in-spaniens-sueden\\\/\"},\"author\":{\"name\":\"TUI Reiseexperten\",\"@id\":\"https:\\\/\\\/www.tui.com\\\/blog\\\/#\\\/schema\\\/person\\\/e0405bcbd5102f3edd229113f1c50a06\"},\"headline\":\"Wintertraum in Spaniens S\u00fcden\",\"datePublished\":\"2024-01-02T11:00:00+00:00\",\"dateModified\":\"2024-08-27T09:58:50+00:00\",\"mainEntityOfPage\":{\"@id\":\"https:\\\/\\\/www.tui.com\\\/blog\\\/wintertraum-in-spaniens-sueden\\\/\"},\"wordCount\":784,\"commentCount\":0,\"publisher\":{\"@id\":\"https:\\\/\\\/www.tui.com\\\/blog\\\/#organization\"},\"image\":{\"@id\":\"https:\\\/\\\/www.tui.com\\\/blog\\\/wintertraum-in-spaniens-sueden\\\/#primaryimage\"},\"thumbnailUrl\":\"https:\\\/\\\/www.tui.com\\\/blog\\\/wp-content\\\/uploads\\\/2023\\\/12\\\/malerei-flamenco-sevilla-adobestock-91750323-Richard-Villalon.jpg\",\"keywords\":[\"Andalusien\",\"Cadiz\",\"Costa de la Luz\",\"Sevilla\",\"Winter\"],\"articleSection\":[\"Beste Reisezeit\",\"Reiseziele\",\"Spanien\"],\"inLanguage\":\"de\",\"potentialAction\":[{\"@type\":\"CommentAction\",\"name\":\"Comment\",\"target\":[\"https:\\\/\\\/www.tui.com\\\/blog\\\/wintertraum-in-spaniens-sueden\\\/#respond\"]}]},{\"@type\":\"WebPage\",\"@id\":\"https:\\\/\\\/www.tui.com\\\/blog\\\/wintertraum-in-spaniens-sueden\\\/\",\"url\":\"https:\\\/\\\/www.tui.com\\\/blog\\\/wintertraum-in-spaniens-sueden\\\/\",\"name\":\"Wintertraum in Spaniens S\u00fcden - TUI.com Reiseblog \u2600\",\"isPartOf\":{\"@id\":\"https:\\\/\\\/www.tui.com\\\/blog\\\/#website\"},\"primaryImageOfPage\":{\"@id\":\"https:\\\/\\\/www.tui.com\\\/blog\\\/wintertraum-in-spaniens-sueden\\\/#primaryimage\"},\"image\":{\"@id\":\"https:\\\/\\\/www.tui.com\\\/blog\\\/wintertraum-in-spaniens-sueden\\\/#primaryimage\"},\"thumbnailUrl\":\"https:\\\/\\\/www.tui.com\\\/blog\\\/wp-content\\\/uploads\\\/2023\\\/12\\\/malerei-flamenco-sevilla-adobestock-91750323-Richard-Villalon.jpg\",\"datePublished\":\"2024-01-02T11:00:00+00:00\",\"dateModified\":\"2024-08-27T09:58:50+00:00\",\"description\":\"Strahlende Wintersonne und milde Temperaturen sind wie gemacht f\u00fcr entspanntes Sightseeing. Entdecke Andalusien im Winter.\",\"breadcrumb\":{\"@id\":\"https:\\\/\\\/www.tui.com\\\/blog\\\/wintertraum-in-spaniens-sueden\\\/#breadcrumb\"},\"inLanguage\":\"de\",\"potentialAction\":[{\"@type\":\"ReadAction\",\"target\":[\"https:\\\/\\\/www.tui.com\\\/blog\\\/wintertraum-in-spaniens-sueden\\\/\"]}]},{\"@type\":\"ImageObject\",\"inLanguage\":\"de\",\"@id\":\"https:\\\/\\\/www.tui.com\\\/blog\\\/wintertraum-in-spaniens-sueden\\\/#primaryimage\",\"url\":\"https:\\\/\\\/www.tui.com\\\/blog\\\/wp-content\\\/uploads\\\/2023\\\/12\\\/malerei-flamenco-sevilla-adobestock-91750323-Richard-Villalon.jpg\",\"contentUrl\":\"https:\\\/\\\/www.tui.com\\\/blog\\\/wp-content\\\/uploads\\\/2023\\\/12\\\/malerei-flamenco-sevilla-adobestock-91750323-Richard-Villalon.jpg\",\"width\":1920,\"height\":1080},{\"@type\":\"BreadcrumbList\",\"@id\":\"https:\\\/\\\/www.tui.com\\\/blog\\\/wintertraum-in-spaniens-sueden\\\/#breadcrumb\",\"itemListElement\":[{\"@type\":\"ListItem\",\"position\":1,\"name\":\"Startseite\",\"item\":\"https:\\\/\\\/www.tui.com\\\/blog\\\/\"},{\"@type\":\"ListItem\",\"position\":2,\"name\":\"Wintertraum in Spaniens S\u00fcden\"}]},{\"@type\":\"WebSite\",\"@id\":\"https:\\\/\\\/www.tui.com\\\/blog\\\/#website\",\"url\":\"https:\\\/\\\/www.tui.com\\\/blog\\\/\",\"name\":\"TUI.com Reiseblog \u2600\",\"description\":\"Abenteuer oder lieber an den Strand? \u2600 Der TUI Reiseblog bietet tolle Infos rund um deine n\u00e4chste Reise \u2708 Komm vorbei und lass dich inspirieren \u221a\",\"publisher\":{\"@id\":\"https:\\\/\\\/www.tui.com\\\/blog\\\/#organization\"},\"potentialAction\":[{\"@type\":\"SearchAction\",\"target\":{\"@type\":\"EntryPoint\",\"urlTemplate\":\"https:\\\/\\\/www.tui.com\\\/blog\\\/?s={search_term_string}\"},\"query-input\":{\"@type\":\"PropertyValueSpecification\",\"valueRequired\":true,\"valueName\":\"search_term_string\"}}],\"inLanguage\":\"de\"},{\"@type\":\"Organization\",\"@id\":\"https:\\\/\\\/www.tui.com\\\/blog\\\/#organization\",\"name\":\"TUI.com Reiseblog \u2600\",\"url\":\"https:\\\/\\\/www.tui.com\\\/blog\\\/\",\"logo\":{\"@type\":\"ImageObject\",\"inLanguage\":\"de\",\"@id\":\"https:\\\/\\\/www.tui.com\\\/blog\\\/#\\\/schema\\\/logo\\\/image\\\/\",\"url\":\"https:\\\/\\\/www.tui.com\\\/blog\\\/wp-content\\\/uploads\\\/2023\\\/04\\\/cropped-tui-logo-3.png\",\"contentUrl\":\"https:\\\/\\\/www.tui.com\\\/blog\\\/wp-content\\\/uploads\\\/2023\\\/04\\\/cropped-tui-logo-3.png\",\"width\":164,\"height\":72,\"caption\":\"TUI.com Reiseblog \u2600\"},\"image\":{\"@id\":\"https:\\\/\\\/www.tui.com\\\/blog\\\/#\\\/schema\\\/logo\\\/image\\\/\"}},{\"@type\":\"Person\",\"@id\":\"https:\\\/\\\/www.tui.com\\\/blog\\\/#\\\/schema\\\/person\\\/e0405bcbd5102f3edd229113f1c50a06\",\"name\":\"TUI Reiseexperten\",\"image\":{\"@type\":\"ImageObject\",\"inLanguage\":\"de\",\"@id\":\"https:\\\/\\\/www.tui.com\\\/blog\\\/wp-content\\\/uploads\\\/2016\\\/10\\\/TUIMitarbeiter-178x176.jpg\",\"url\":\"https:\\\/\\\/www.tui.com\\\/blog\\\/wp-content\\\/uploads\\\/2016\\\/10\\\/TUIMitarbeiter-178x176.jpg\",\"contentUrl\":\"https:\\\/\\\/www.tui.com\\\/blog\\\/wp-content\\\/uploads\\\/2016\\\/10\\\/TUIMitarbeiter-178x176.jpg\",\"caption\":\"TUI Reiseexperten\"},\"description\":\"TEST\",\"url\":\"https:\\\/\\\/www.tui.com\\\/blog\\\/author\\\/tui-mitarbeiter\\\/\"}]}<\/script>\n<!-- \/ Yoast SEO plugin. -->","yoast_head_json":{"title":"Wintertraum in Spaniens S\u00fcden - TUI.com Reiseblog \u2600","description":"Strahlende Wintersonne und milde Temperaturen sind wie gemacht f\u00fcr entspanntes Sightseeing. Entdecke Andalusien im Winter.","robots":{"index":"index","follow":"follow","max-snippet":"max-snippet:-1","max-image-preview":"max-image-preview:large","max-video-preview":"max-video-preview:-1"},"canonical":"https:\/\/www.tui.com\/blog\/wintertraum-in-spaniens-sueden\/","og_locale":"de_DE","og_type":"article","og_title":"Wintertraum in Spaniens S\u00fcden - TUI.com Reiseblog \u2600","og_description":"Strahlende Wintersonne und milde Temperaturen sind wie gemacht f\u00fcr entspanntes Sightseeing. Entdecke Andalusien im Winter.","og_url":"https:\/\/www.tui.com\/blog\/wintertraum-in-spaniens-sueden\/","og_site_name":"TUI.com Reiseblog \u2600","article_published_time":"2024-01-02T11:00:00+00:00","article_modified_time":"2024-08-27T09:58:50+00:00","og_image":[{"width":1920,"height":1080,"url":"https:\/\/www.tui.com\/blog\/wp-content\/uploads\/2023\/12\/malerei-flamenco-sevilla-adobestock-91750323-Richard-Villalon.jpg","type":"image\/jpeg"}],"author":"TUI Reiseexperten","twitter_card":"summary_large_image","twitter_misc":{"Verfasst von":"TUI Reiseexperten","Gesch\u00e4tzte Lesezeit":"4\u00a0Minuten"},"schema":{"@context":"https:\/\/schema.org","@graph":[{"@type":"BlogPosting","@id":"https:\/\/www.tui.com\/blog\/wintertraum-in-spaniens-sueden\/#article","isPartOf":{"@id":"https:\/\/www.tui.com\/blog\/wintertraum-in-spaniens-sueden\/"},"author":{"name":"TUI Reiseexperten","@id":"https:\/\/www.tui.com\/blog\/#\/schema\/person\/e0405bcbd5102f3edd229113f1c50a06"},"headline":"Wintertraum in Spaniens S\u00fcden","datePublished":"2024-01-02T11:00:00+00:00","dateModified":"2024-08-27T09:58:50+00:00","mainEntityOfPage":{"@id":"https:\/\/www.tui.com\/blog\/wintertraum-in-spaniens-sueden\/"},"wordCount":784,"commentCount":0,"publisher":{"@id":"https:\/\/www.tui.com\/blog\/#organization"},"image":{"@id":"https:\/\/www.tui.com\/blog\/wintertraum-in-spaniens-sueden\/#primaryimage"},"thumbnailUrl":"https:\/\/www.tui.com\/blog\/wp-content\/uploads\/2023\/12\/malerei-flamenco-sevilla-adobestock-91750323-Richard-Villalon.jpg","keywords":["Andalusien","Cadiz","Costa de la Luz","Sevilla","Winter"],"articleSection":["Beste Reisezeit","Reiseziele","Spanien"],"inLanguage":"de","potentialAction":[{"@type":"CommentAction","name":"Comment","target":["https:\/\/www.tui.com\/blog\/wintertraum-in-spaniens-sueden\/#respond"]}]},{"@type":"WebPage","@id":"https:\/\/www.tui.com\/blog\/wintertraum-in-spaniens-sueden\/","url":"https:\/\/www.tui.com\/blog\/wintertraum-in-spaniens-sueden\/","name":"Wintertraum in Spaniens S\u00fcden - TUI.com Reiseblog \u2600","isPartOf":{"@id":"https:\/\/www.tui.com\/blog\/#website"},"primaryImageOfPage":{"@id":"https:\/\/www.tui.com\/blog\/wintertraum-in-spaniens-sueden\/#primaryimage"},"image":{"@id":"https:\/\/www.tui.com\/blog\/wintertraum-in-spaniens-sueden\/#primaryimage"},"thumbnailUrl":"https:\/\/www.tui.com\/blog\/wp-content\/uploads\/2023\/12\/malerei-flamenco-sevilla-adobestock-91750323-Richard-Villalon.jpg","datePublished":"2024-01-02T11:00:00+00:00","dateModified":"2024-08-27T09:58:50+00:00","description":"Strahlende Wintersonne und milde Temperaturen sind wie gemacht f\u00fcr entspanntes Sightseeing. Entdecke Andalusien im Winter.","breadcrumb":{"@id":"https:\/\/www.tui.com\/blog\/wintertraum-in-spaniens-sueden\/#breadcrumb"},"inLanguage":"de","potentialAction":[{"@type":"ReadAction","target":["https:\/\/www.tui.com\/blog\/wintertraum-in-spaniens-sueden\/"]}]},{"@type":"ImageObject","inLanguage":"de","@id":"https:\/\/www.tui.com\/blog\/wintertraum-in-spaniens-sueden\/#primaryimage","url":"https:\/\/www.tui.com\/blog\/wp-content\/uploads\/2023\/12\/malerei-flamenco-sevilla-adobestock-91750323-Richard-Villalon.jpg","contentUrl":"https:\/\/www.tui.com\/blog\/wp-content\/uploads\/2023\/12\/malerei-flamenco-sevilla-adobestock-91750323-Richard-Villalon.jpg","width":1920,"height":1080},{"@type":"BreadcrumbList","@id":"https:\/\/www.tui.com\/blog\/wintertraum-in-spaniens-sueden\/#breadcrumb","itemListElement":[{"@type":"ListItem","position":1,"name":"Startseite","item":"https:\/\/www.tui.com\/blog\/"},{"@type":"ListItem","position":2,"name":"Wintertraum in Spaniens S\u00fcden"}]},{"@type":"WebSite","@id":"https:\/\/www.tui.com\/blog\/#website","url":"https:\/\/www.tui.com\/blog\/","name":"TUI.com Reiseblog \u2600","description":"Abenteuer oder lieber an den Strand? \u2600 Der TUI Reiseblog bietet tolle Infos rund um deine n\u00e4chste Reise \u2708 Komm vorbei und lass dich inspirieren \u221a","publisher":{"@id":"https:\/\/www.tui.com\/blog\/#organization"},"potentialAction":[{"@type":"SearchAction","target":{"@type":"EntryPoint","urlTemplate":"https:\/\/www.tui.com\/blog\/?s={search_term_string}"},"query-input":{"@type":"PropertyValueSpecification","valueRequired":true,"valueName":"search_term_string"}}],"inLanguage":"de"},{"@type":"Organization","@id":"https:\/\/www.tui.com\/blog\/#organization","name":"TUI.com Reiseblog \u2600","url":"https:\/\/www.tui.com\/blog\/","logo":{"@type":"ImageObject","inLanguage":"de","@id":"https:\/\/www.tui.com\/blog\/#\/schema\/logo\/image\/","url":"https:\/\/www.tui.com\/blog\/wp-content\/uploads\/2023\/04\/cropped-tui-logo-3.png","contentUrl":"https:\/\/www.tui.com\/blog\/wp-content\/uploads\/2023\/04\/cropped-tui-logo-3.png","width":164,"height":72,"caption":"TUI.com Reiseblog \u2600"},"image":{"@id":"https:\/\/www.tui.com\/blog\/#\/schema\/logo\/image\/"}},{"@type":"Person","@id":"https:\/\/www.tui.com\/blog\/#\/schema\/person\/e0405bcbd5102f3edd229113f1c50a06","name":"TUI Reiseexperten","image":{"@type":"ImageObject","inLanguage":"de","@id":"https:\/\/www.tui.com\/blog\/wp-content\/uploads\/2016\/10\/TUIMitarbeiter-178x176.jpg","url":"https:\/\/www.tui.com\/blog\/wp-content\/uploads\/2016\/10\/TUIMitarbeiter-178x176.jpg","contentUrl":"https:\/\/www.tui.com\/blog\/wp-content\/uploads\/2016\/10\/TUIMitarbeiter-178x176.jpg","caption":"TUI Reiseexperten"},"description":"TEST","url":"https:\/\/www.tui.com\/blog\/author\/tui-mitarbeiter\/"}]}},"_links":{"self":[{"href":"https:\/\/www.tui.com\/blog\/wp-json\/wp\/v2\/posts\/418452","targetHints":{"allow":["GET"]}}],"collection":[{"href":"https:\/\/www.tui.com\/blog\/wp-json\/wp\/v2\/posts"}],"about":[{"href":"https:\/\/www.tui.com\/blog\/wp-json\/wp\/v2\/types\/post"}],"author":[{"embeddable":true,"href":"https:\/\/www.tui.com\/blog\/wp-json\/wp\/v2\/users\/86"}],"replies":[{"embeddable":true,"href":"https:\/\/www.tui.com\/blog\/wp-json\/wp\/v2\/comments?post=418452"}],"version-history":[{"count":78,"href":"https:\/\/www.tui.com\/blog\/wp-json\/wp\/v2\/posts\/418452\/revisions"}],"predecessor-version":[{"id":420430,"href":"https:\/\/www.tui.com\/blog\/wp-json\/wp\/v2\/posts\/418452\/revisions\/420430"}],"wp:featuredmedia":[{"embeddable":true,"href":"https:\/\/www.tui.com\/blog\/wp-json\/wp\/v2\/media\/417790"}],"wp:attachment":[{"href":"https:\/\/www.tui.com\/blog\/wp-json\/wp\/v2\/media?parent=418452"}],"wp:term":[{"taxonomy":"category","embeddable":true,"href":"https:\/\/www.tui.com\/blog\/wp-json\/wp\/v2\/categories?post=418452"},{"taxonomy":"post_tag","embeddable":true,"href":"https:\/\/www.tui.com\/blog\/wp-json\/wp\/v2\/tags?post=418452"}],"curies":[{"name":"wp","href":"https:\/\/api.w.org\/{rel}","templated":true}]}}