{"id":445202,"date":"2024-09-16T13:51:12","date_gmt":"2024-09-16T11:51:12","guid":{"rendered":"https:\/\/www.tui.com\/blog\/?p=445202"},"modified":"2025-04-28T10:14:33","modified_gmt":"2025-04-28T08:14:33","slug":"galizien-in-spanien-geheimtipp","status":"publish","type":"post","link":"https:\/\/www.tui.com\/blog\/galizien-in-spanien-geheimtipp\/","title":{"rendered":"Die unber\u00fchrte Sch\u00f6nheit Galiziens: Der Geheimtipp f\u00fcr den n\u00e4chsten Sommerurlaub"},"content":{"rendered":"<div class=\"is-root-container is-desktop-preview is-layout-flow wp-block-post-content block-editor-block-list__layout\">\n<p id=\"block-c733893d-3dbf-444b-a6dc-028f5a79e654\" class=\"block-editor-rich-text__editable block-editor-block-list__block wp-block is-selected wp-block-paragraph rich-text firstTextGrey\" role=\"document\" contenteditable=\"true\" aria-multiline=\"true\" aria-label=\"Block: Absatz\" aria-readonly=\"false\" data-block=\"c733893d-3dbf-444b-a6dc-028f5a79e654\" data-type=\"core\/paragraph\" data-title=\"Absatz\" data-empty=\"false\" data-wp-block-attribute-key=\"content\">Galizien steht meist im Schatten bekannterer spanischer Urlaubsziele wie Andalusien oder Katalonien. Doch wer einmal die gr\u00fcnen Landschaften, die zerkl\u00fcftete K\u00fcste und die charmanten D\u00f6rfer Galiziens entdeckt hat, wird schnell verstehen, warum dieser Teil Spaniens als echter Geheimtipp gilt. Hier treffen spektakul\u00e4re Natur, beeindruckende Sehensw\u00fcrdigkeiten und ein authentisches, unber\u00fchrtes Spanien aufeinander. In diesem Blogartikel stellt unsere Reisebloggerin Anja Knorr einige der sch\u00f6nsten Sehensw\u00fcrdigkeiten und Wanderwege Galiziens vor.<\/p>\n<\/div>\n\n<div class=\"table-of-contents\">\r\n    <div class=\"toc-head\">\r\n        <span class=\"toc-headline\">Inhalt<\/span>\r\n        <button class=\"toggle-toc\"\r\n            aria-expanded=\"false\"\r\n            aria-controls=\"toc-list\"\r\n            aria-label=\"Inhaltsverzeichnis ein- oder ausklappen\">\r\n            <svg xmlns=\"http:\/\/www.w3.org\/2000\/svg\" width=\"17.503\" height=\"10.303\" viewBox=\"0 0 17.503 10.303\">\r\n                <path id=\"Icon_ionic-ios-arrow-back\" data-name=\"Icon ionic-ios-arrow-back\" d=\"M14.356,14.943l6.819-6.618a1.22,1.22,0,0,0,0-1.766,1.321,1.321,0,0,0-1.824,0l-7.726,7.5a1.223,1.223,0,0,0-.038,1.725l7.758,7.55a1.323,1.323,0,0,0,1.824,0,1.22,1.22,0,0,0,0-1.766Z\" transform=\"translate(23.697 -11.251) rotate(90)\" fill=\"#1B115C\"><\/path>\r\n            <\/svg>\r\n        <\/button>\r\n    <\/div>\r\n    <ul id=\"toc-list\" class=\"toc-list\"><\/ul>\r\n<\/div>\n\n\n<p>Die Costa da Morte, Todesk\u00fcste im Deutschen, verdankt ihren Namen den zahlreichen Schiffswracks, die sich zwischen den felsigen Ufern von Malpica und Fisterra im Nordwesten <a href=\"https:\/\/www.tui.com\/urlaub\/spanien\/\" target=\"_blank\" rel=\"noreferrer noopener\">Spaniens <\/a>befinden. <strong>Das K\u00fcstengebiet Galiziens<\/strong> ist ber\u00fcchtigt f\u00fcr starke Str\u00f6mungen und krachende Wellen. Allerdings verleiht die spektakul\u00e4re K\u00fcstenlandschaft Galizien seinen eigenen Charme. Von <strong>der wilden felsigen K\u00fcste<\/strong> voller R\u00edas (Flussm\u00fcndungen) \u00fcber zerkl\u00fcftete <strong>Gebirgsmassive mit hei\u00dfen Thermalquellen<\/strong>, bis hin zu sanften, von Grasfeldern bedeckten H\u00fcgeln: Nie wei\u00df man so recht, was f\u00fcr ein beeindruckendes Bild Galizien als n\u00e4chstes pr\u00e4sentiert.<\/p>\n\n\n\n<p>Am besten l\u00e4sst sich diese <strong>Landschaft auf dem Jakobsweg erkunden<\/strong>, dem ber\u00fchmten mittelalterlichen Pilgerweg, der noch immer jedes Jahr von Hunderttausenden von Menschen begangen wird. Die Endstation des Weges, die wundersch\u00f6ne<strong> Stadt Santiago de Compostela<\/strong>, ist das perfekte Ziel f\u00fcr eine<a href=\"https:\/\/www.tui.com\/staedtereisen\/\" target=\"_blank\" rel=\"noreferrer noopener\"> St\u00e4dtereise<\/a> mit viel Kultur.<\/p>\n\n\n\n<p>Doch ebenso ist Galizien stolz auf sein gemeinsames<strong> keltisches Erbe mit Irland<\/strong>. Feste und Traditionen spielen eine gro\u00dfe Rolle im galizischen Leben und im Sommer feiert fast jedes Dorf tagelange Feiern auf seinen \u00f6ffentlichen Pl\u00e4tzen. Als die R\u00f6mer Galizien entdeckten, hielten sie es f\u00fcr das Ende der Welt und nannten die westlichste Spitze \u201eFinisterre\u201c, das Ende der Welt. Au\u00dferdem hinterlie\u00dfen sie noch den \u00e4ltesten funktionierenden <strong>r\u00f6mischen Leuchtturm der Welt<\/strong>, den Herkulesturm, in A Coru\u00f1a &#8211; einer K\u00fcstenstadt mit herrlichen Str\u00e4nden und einer faszinierenden maritimen Vergangenheit.<\/p>\n\n\n    <div class=\"wp-caption tui-image-module\">\r\n    <img decoding=\"async\" src=\"https:\/\/www.tui.com\/blog\/wp-content\/uploads\/2024\/09\/A-Coruna-Galizien-c-Anja-Knorr.jpg\" alt=\"A Coruna Herkuluesturm Galizien (c) Anja Knorr\" \/>\r\n            <p class=\"wp-caption-text\">Der Herkulesturm in A Coru\u00f1a<\/p>\r\n        <\/div>\r\n    \n\n\n<h2 class=\"wp-block-heading\">Die sch\u00f6nsten Orte in Galizien<\/h2>\n\n\n\n<h3 class=\"wp-block-heading\">Santiago de Compostela<\/h3>\n\n\n\n<p>Kein Besuch in Galizien w\u00e4re vollst\u00e4ndig ohne einen Abstecher in die Hauptstadt der Region, Santiago de Compostela. \u00dcber Jahrhunderte hinweg haben sich jedes Jahr<strong> unz\u00e4hlige Pilger auf den Jakobsweg begeben<\/strong>, um in der Hauptstadt Galiziens die ber\u00fchmte Kathedrale zu betreten. Sie gilt als eines der bedeutendsten Pilgerziele der Christenheit und der \u00dcberlieferung nach sind hier die Reliquien des Apostels Jakobus begraben.<\/p>\n\n\n\n<p>Der vielleicht sch\u00f6nste Platz in Santiago ist <strong>die Plaza del Obradoiro<\/strong>. Das Leben in der Stadt dreht sich um diesen Platz, auf dem sich die Kathedrale, der Raxoi-Palast und das luxuri\u00f6se Hostal de los Reyes Cat\u00f3licos befinden. Hier trifft man auf Pilger mit ihren unvermeidlichen Wanderst\u00f6cken und Jakobsmuscheln. F\u00fcr den ersten Besuch der Kathedrale empfiehlt es sich, den<strong> Portico de la Gloria<\/strong> zu bewundern, die <strong>Figur des Heiligen Jakobus <\/strong>auf dem Hauptaltar anzufassen und dann die herrliche Aussicht auf die Stadt vom Turm zu bewundern. Mit etwas Gl\u00fcck wird w\u00e4hrend der t\u00e4glich stattfindenden <strong>Messen der Botafumeiro<\/strong> (ein riesiges Weihrauchfass) in Bewegung gesetzt und fliegt dramatisch \u00fcber die K\u00f6pfe der Pilger hinweg. Allerdings wird er nur an religi\u00f6sen Feiertagen oder auf vorherige Anfrage benutzt.<\/p>\n\n\n    <div class=\"wp-caption tui-image-module\">\r\n    <img decoding=\"async\" src=\"https:\/\/www.tui.com\/blog\/wp-content\/uploads\/2024\/09\/Santiago-de-Compostela-Galizien-c-Anja-Knorr.jpg\" alt=\"Santiago de Compostela Galizien (c) Anja Knorr\" \/>\r\n            <p class=\"wp-caption-text\">Santiago de Compostela<\/p>\r\n        <\/div>\r\n    \n\n\n<p>Santiago de Compostela ist aber auch eine lebendige Stadt mit zahllosen Restaurants und Bars, in denen man die k\u00f6stlichen galizischen Meeresfr\u00fcchte genie\u00dfen kann, und einer Altstadt, die mit ihren engen Gassen, historischen Geb\u00e4uden und lebendigen Pl\u00e4tzen verzaubert.<\/p>\n\n\n\n<h3 class=\"wp-block-heading\">Wallfahrtskirche Virgen de la Barca in Muxia<\/h3>\n\n\n\n<p>Die Wallfahrtskirche ist der <strong>sch\u00f6nste Ort in Mux\u00eda<\/strong>. Das Heiligtum befindet sich am Ende der Stadt, direkt am offenen Meer, und besteht aus einer kleinen Kirche und Steinbl\u00f6cken. Die Legende besagt, dass diese Steine seit der Antike magische Kr\u00e4fte besitzen.<\/p>\n\n\n\n<p>Angeblich soll hier einst die Jungfrau Maria in einem Boot angekommen sein, um dem Apostel Jakobus zu helfen, das Christentum zu verbreiten. Noch heute zieht es viele Gl\u00e4ubige hierher, um <strong>die Steine zu ber\u00fchren und der Jungfrau Maria<\/strong> zu gedenken.<\/p>\n\n\n    <div class=\"wp-caption tui-image-module\">\r\n    <img decoding=\"async\" src=\"https:\/\/www.tui.com\/blog\/wp-content\/uploads\/2024\/09\/Muxia-Galizien-c-Anja-Knorr.jpg\" alt=\"Virgen de la Barca in Muxia\" \/>\r\n            <p class=\"wp-caption-text\">Die Wallfahrtskirche Virgen de la Barca in Muxia<\/p>\r\n        <\/div>\r\n    \n\n\n<h3 class=\"wp-block-heading\">Der \u201eh\u00f3rreo\u201c von Carnota<\/h3>\n\n\n\n<p>Die als \u201eh\u00f3rreos\u201c<strong> bekannten Trockenspeicher<\/strong> stellen das<strong> charakteristischste Symbol Galiziens<\/strong> dar: Sie stehen vor fast jedem Haus und sind omnipr\u00e4sent. Allein in der Gemeinde Carnota gibt es \u00fcber 884 traditionelle Getreidespeicher, die urspr\u00fcnglich zum Lagern, Trocknen und Konservieren von Mais und anderen Feldfr\u00fcchten genutzt. Mit dem allm\u00e4hlichen Niedergang der Landwirtschaft verlor ihr urspr\u00fcnglicher Zweck jedoch an Bedeutung und sie entwickelten sich zu einem dekorativen Element. Der \u201eh\u00f3rreo\u201c von Carnota wurde 1786 erbaut und 1783 durch 11 neue Sockelpaare erweitert. Der \u201eh\u00f3rreo\u201c von Carnota ist unglaubliche 34,76 Meter lang, 1,9 Meter breit und besteht aus insgesamt 22 S\u00e4ulenpaaren.<\/p>\n\n\n    <div class=\"wp-caption tui-image-module\">\r\n    <img decoding=\"async\" src=\"https:\/\/www.tui.com\/blog\/wp-content\/uploads\/2024\/09\/Horreo-Carnote-Galizien-c-Anja-Knorr.jpg\" alt=\"Horreo von C arnote Galizien\" \/>\r\n            <p class=\"wp-caption-text\">Der gr\u00f6\u00dfte \u201eh\u00f3rreo\u201c in Carnota<\/p>\r\n        <\/div>\r\n    \n\n\n<h3 class=\"wp-block-heading\">Atemberaubende Costa da Morte<\/h3>\n\n\n\n<p>Die Costa da Morte, die Todesk\u00fcste, bildet den gespenstisch sch\u00f6nen <strong>K\u00fcstenabschnitt zwischen den D\u00f6rfern Malpica und Finisterre<\/strong>. Dieser zerkl\u00fcftete K\u00fcstenabschnitt am Atlantischen Ozean ist ber\u00fcchtigt f\u00fcr starke Str\u00f6mungen und krachende Wellen. Das macht ihn zu einer der gef\u00e4hrlichsten K\u00fcsten der Welt. Doch die vielen<strong> charmanten Fischerd\u00f6rfer<\/strong>, wei\u00dfen Sandstr\u00e4nde, Kirchen und zahlreiche Leuchtt\u00fcrme, Faros genannt, sorgen daf\u00fcr, dass in den Sommermonaten Urlauber die Gegend bev\u00f6lkern.<\/p>\n\n\n\n<p>Zu den<strong> sch\u00f6nsten Str\u00e4nden der Costa da Morte geh\u00f6ren der Strand von Laxe <\/strong>und Finisterre. W\u00e4hrend der r\u00f6mischen Zeit glaubte man, dass Finisterre das \u201eEnde der Welt\u201c sei, wobei die w\u00f6rtliche \u00dcbersetzung Finis (Ende) Terrea (Erde) lautet. Viele Pilger wandern von Santiago de Compostela \u00fcber den &#8222;Camino Finisterre Muxia&#8220;, um am \u201eEnde der Welt\u201c zu stehen und \u00fcber ihre Reise nachzudenken.<\/p>\n\n\n\n<p>Hier werden \u00fcbrigens auch Kulinariker f\u00fcndig und sollten die Delikatesse \u201ePercebes\u201c probieren, eine G\u00e4nsekrabbe, die von den Felsen der Costa da Morte geerntet wird und \u00fcberall in Galizien serviert wird.<\/p>\n\n\n    <div class=\"wp-caption tui-image-module\">\r\n    <img decoding=\"async\" src=\"https:\/\/www.tui.com\/blog\/wp-content\/uploads\/2024\/09\/Costa-da-Morte-Galizien-c-Anja-Knorr.jpg\" alt=\"Costa da Morte Galizien\" \/>\r\n            <p class=\"wp-caption-text\">Atemberaubende Ausblicke an der Costa da Morte<\/p>\r\n        <\/div>\r\n    \n\n\n<h3 class=\"wp-block-heading\">Malerisches Malpica<\/h3>\n\n\n\n<p><strong>Malpica<\/strong> ist seit mindestens dem 17. Jahrhundert f\u00fcr seine Walfangaktivit\u00e4ten bekannt, und sein gesch\u00fctzter Hafen ist Zeugnis der harten Arbeit der Seeleute. Bei einem Spaziergang entlang seines Kais, l\u00e4sst sich der gesamte Verarbeitungsprozess der Meeresfr\u00fcchteverarbeitung verfolgen. Der Major de Malpica ist der gr\u00f6\u00dfte Strand von Malpica und bildet eine<strong> malerische kleine Bucht<\/strong>, die auch den kleinen Strand von Canido umschlie\u00dft. Von der Strandpromenade aus genie\u00dft man einen sch\u00f6nen Blick auf <strong>die Sisargas-Inseln<\/strong>, die wegen ihrer Steilk\u00fcste und der dort lebenden Flora und Fauna von gro\u00dfer Bedeutung sind.<\/p>\n\n\n\n<h3 class=\"wp-block-heading\">Der Jakobsweg oder auch \u201eCamino de Santiago\u201c<\/h3>\n\n\n\n<p>Der<strong> ber\u00fchmte Jakobsweg<\/strong> f\u00fchrt durch ganz Spanien, doch die letzten Kilometer durch Galizien geh\u00f6ren zu den beeindruckendsten. Die Route von O Cebreiro nach Santiago de Compostela ist besonders beliebt. Auf dieser Strecke wanderst du durch gr\u00fcne W\u00e4lder, \u00fcber sanfte H\u00fcgel und durch kleine, charmante D\u00f6rfer.<\/p>\n\n\n\n<figure class=\"wp-block-gallery has-nested-images columns-default is-cropped wp-block-gallery-1 is-layout-flex wp-block-gallery-is-layout-flex\">\n<figure class=\"wp-block-image size-large\"><img decoding=\"async\" width=\"311\" height=\"563\" data-id=\"445218\" src=\"https:\/\/www.tui.com\/blog\/wp-content\/uploads\/2024\/09\/Wanderweg-Galizien-c-Anja-Knorr-311x563.jpg\" alt=\"Laxe Galizien\" class=\"wp-image-445218\" srcset=\"https:\/\/www.tui.com\/blog\/wp-content\/uploads\/2024\/09\/Wanderweg-Galizien-c-Anja-Knorr-311x563.jpg 311w, https:\/\/www.tui.com\/blog\/wp-content\/uploads\/2024\/09\/Wanderweg-Galizien-c-Anja-Knorr-245x444.jpg 245w, https:\/\/www.tui.com\/blog\/wp-content\/uploads\/2024\/09\/Wanderweg-Galizien-c-Anja-Knorr-122x220.jpg 122w, https:\/\/www.tui.com\/blog\/wp-content\/uploads\/2024\/09\/Wanderweg-Galizien-c-Anja-Knorr.jpg 387w\" sizes=\"(max-width: 311px) 100vw, 311px\" \/><\/figure>\n\n\n\n<figure class=\"wp-block-image size-large\"><img decoding=\"async\" width=\"311\" height=\"563\" data-id=\"445216\" src=\"https:\/\/www.tui.com\/blog\/wp-content\/uploads\/2024\/09\/Wanderweg-Galizien-c-Anja-Knorr-2-311x563.jpg\" alt=\"Wanderweg Galizien\" class=\"wp-image-445216\" srcset=\"https:\/\/www.tui.com\/blog\/wp-content\/uploads\/2024\/09\/Wanderweg-Galizien-c-Anja-Knorr-2-311x563.jpg 311w, https:\/\/www.tui.com\/blog\/wp-content\/uploads\/2024\/09\/Wanderweg-Galizien-c-Anja-Knorr-2-245x444.jpg 245w, https:\/\/www.tui.com\/blog\/wp-content\/uploads\/2024\/09\/Wanderweg-Galizien-c-Anja-Knorr-2-122x220.jpg 122w, https:\/\/www.tui.com\/blog\/wp-content\/uploads\/2024\/09\/Wanderweg-Galizien-c-Anja-Knorr-2.jpg 387w\" sizes=\"(max-width: 311px) 100vw, 311px\" \/><\/figure>\n\n\n\n<figure class=\"wp-block-image size-large\"><img decoding=\"async\" width=\"311\" height=\"563\" data-id=\"445266\" src=\"https:\/\/www.tui.com\/blog\/wp-content\/uploads\/2024\/09\/Fisterra-Faro-Galizien-c-Anja-Knorr-311x563.jpg\" alt=\"Fisterra Faro Galizien\" class=\"wp-image-445266\" srcset=\"https:\/\/www.tui.com\/blog\/wp-content\/uploads\/2024\/09\/Fisterra-Faro-Galizien-c-Anja-Knorr-311x563.jpg 311w, https:\/\/www.tui.com\/blog\/wp-content\/uploads\/2024\/09\/Fisterra-Faro-Galizien-c-Anja-Knorr-245x444.jpg 245w, https:\/\/www.tui.com\/blog\/wp-content\/uploads\/2024\/09\/Fisterra-Faro-Galizien-c-Anja-Knorr-122x220.jpg 122w, https:\/\/www.tui.com\/blog\/wp-content\/uploads\/2024\/09\/Fisterra-Faro-Galizien-c-Anja-Knorr.jpg 387w\" sizes=\"(max-width: 311px) 100vw, 311px\" \/><\/figure>\n<\/figure>\n\n\n\n<h3 class=\"wp-block-heading\">Die \u201eRuta de Los Faros\u201c durch Galiziens Naturparadies<\/h3>\n\n\n\n<p>Eine der einzigartigeren M\u00f6glichkeiten, die Costa da Morte zu erleben, ist eine <strong>Wanderung auf der Ruta de Los Faros <\/strong>oder der Leuchtturmroute. Der <strong>Weg beginnt in Malpica <\/strong>und endet am Kap Finisterre. Hier ist der Name Programm: Wanderer f\u00fchlen sich hier tats\u00e4chlich am Ende der welt angekommen. Viele der Leuchtt\u00fcrme entlang der Todesk\u00fcste dienten nicht nur als Wegweiser f\u00fcr Schiffe, sondern auch als Symbol f\u00fcr die Wanderrouten des Jakobsweges. <strong>Der Camino dos Faros <\/strong>erstreckt sich \u00fcber 125 Meilen und dauert durchschnittlich 8 bis 9 Tage. Das verschlafene Dorf Mux\u00eda liegt an dieser Route.<\/p>\n\n\n\n<h3 class=\"wp-block-heading\">Der \u201eRuta da Pedra e da Auga\u201c<\/h3>\n\n\n\n<p><strong>Diese Wanderroute im R\u00edas Baixas-Gebiet<\/strong> f\u00fchrt entlang des Flusses Armenteira und lohnt sich f\u00fcr einen entspannten Tagesausflug. Der \u201eWeg der Steine und des Wassers\u201c verl\u00e4uft vorbei an <strong>alten M\u00fchlen und durch dichte W\u00e4lder<\/strong>, begleitet vom Rauschen des Wassers. Die Route endet am Kloster Armenteira, einem ruhigen Ort, der perfekt ist, um zur Ruhe zu kommen.<\/p>\n\n\n\n<h2 class=\"wp-block-heading\">Wie ist das Wetter in Galizien?<\/h2>\n\n\n\n<p>Regnet es wirklich immer in Galizien? Die einzigartige autonome Gemeinschaft Galizien ist anders als der Rest Spaniens. Bei der Ankunft in Galizien hat man das Gef\u00fchl, nach Irland versetzt worden zu sein. Beispielsweise h\u00f6rt man vielerorts den Klang der galizischen \u201egaita\u201c, eines unverwechselbaren Instruments, das dem irischen Dudelsack sehr \u00e4hnlich ist. In Galizien finden sich viele keltische Verbindungen, vom Essen bis hin zum ber\u00fchmt-ber\u00fcchtigten Schmuddelwetter.<\/p>\n\n\n    <div class=\"wp-caption tui-image-module\">\r\n    <img decoding=\"async\" src=\"https:\/\/www.tui.com\/blog\/wp-content\/uploads\/2024\/09\/Wanderweg-Galizien-c-Anja-Knorr-3.jpg\" alt=\"Laxe Galizien Spanien\" \/>\r\n            <p class=\"wp-caption-text\">Der Hafen von Laxe <\/p>\r\n        <\/div>\r\n    \n\n\n<p>Tats\u00e4chlich regnet es in Galizien fast das gesamte Jahr \u00fcber und die lange Regenzeit geht von Oktober bis April. In manchen Jahren kann sie bis in die Nebensaison im September und Mai hineinreichen. In den Wintermonaten sind viele Restaurants, Caf\u00e9s und Unterk\u00fcnften geschlossen. Sogar in den Sommermonaten ist das Wetter an der wilden Atlantikk\u00fcste unberechenbar und kann sich jederzeit \u00e4ndern. Regen und dichter Nebel k\u00f6nnen selbst an einem Augusttag auftreten und ein Regenschirm sollte unbedingt immer eingepackt werden.<\/p>\n\n\n\r\n<figure class=\"quote-wrapper\">\r\n\r\n    <blockquote class=\"quote-text\">\r\n        <p>Daf\u00fcr ist die Landschaft Galiziens unfassbar gr\u00fcn und Blumen bl\u00fchen in allen m\u00f6glichen Farben!<\/p>\n    <\/blockquote>\r\n\r\n    \r\n<\/figure>\n\n\n<h2 class=\"wp-block-heading\">Galizien: Noch ein Geheimtipp<\/h2>\n\n\n\n<p>Das Galizien immer noch ein absoluter Geheimtipp ist, liegt sicherlich zum einen an der relativen Abgeschiedenheit und dem rauen Wetter, das viele Sonnenanbeter abschreckt. Zum anderen hat die Region trotz ihrer Sch\u00f6nheit und Kultur nie die gleiche touristische Aufmerksamkeit erhalten wie andere Teile Spaniens. <strong>Doch gerade das macht den Charme Galiziens aus<\/strong>: Hier findest du unber\u00fchrte Natur, authentische D\u00f6rfer und eine herzliche Gastfreundschaft, die in den touristischen Hochburgen oft verloren geht.<\/p>\n\n\n\n<p>Wenn du nach einem Reiseziel suchst, das abseits der ausgetretenen Pfade liegt, dich mit atemberaubender Natur, kulturellen Sch\u00e4tzen und einer Prise Abenteuer verzaubert, dann ist Galizien genau das Richtige f\u00fcr dich.<\/p>\n","protected":false},"excerpt":{"rendered":"<p>In Galizien treffen spektakul\u00e4re Natur, beeindruckende Sehensw\u00fcrdigkeiten und ein authentisches, unber\u00fchrtes Spanien aufeinander. In diesem Blogartikel stellt Anja Knorr einige der sch\u00f6nsten Orte, Sehensw\u00fcrdigkeiten und Wanderwege Galiziens vor.<\/p>\n","protected":false},"author":105,"featured_media":445204,"comment_status":"open","ping_status":"open","sticky":false,"template":"","format":"standard","meta":{"_acf_changed":false,"footnotes":""},"categories":[4052,4030,4032,4056],"tags":[126,227],"class_list":["post-445202","post","type-post","status-publish","format-standard","has-post-thumbnail","hentry","category-archiv-reisearten","category-archiv-reiseziele","category-archiv-spanien","category-archiv-urlaub-am-meer","tag-spanien","tag-wandern"],"acf":[],"yoast_head":"<!-- This site is optimized with the Yoast SEO plugin v27.4 - https:\/\/yoast.com\/product\/yoast-seo-wordpress\/ -->\n<title>Galizien Tipps: Die sch\u00f6nsten Orte im Nordwesten Spaniens - TUI.com Reiseblog \u2600<\/title>\n<meta name=\"description\" content=\"Warum dieser Teil Spaniens als echter Geheimtipp gilt erz\u00e4hlt dir Anja Knorr anhand einiger der sch\u00f6nsten Wanderwege, Orte und Sehensw\u00fcrdigkeiten in Galizien.\" \/>\n<meta name=\"robots\" content=\"index, follow, max-snippet:-1, max-image-preview:large, max-video-preview:-1\" \/>\n<link rel=\"canonical\" href=\"https:\/\/www.tui.com\/blog\/galizien-in-spanien-geheimtipp\/\" \/>\n<meta property=\"og:locale\" content=\"de_DE\" \/>\n<meta property=\"og:type\" content=\"article\" \/>\n<meta property=\"og:title\" content=\"Galizien Tipps: Die sch\u00f6nsten Orte im Nordwesten Spaniens - TUI.com Reiseblog \u2600\" \/>\n<meta property=\"og:description\" content=\"Warum dieser Teil Spaniens als echter Geheimtipp gilt erz\u00e4hlt dir Anja Knorr anhand einiger der sch\u00f6nsten Wanderwege, Orte und Sehensw\u00fcrdigkeiten in Galizien.\" \/>\n<meta property=\"og:url\" content=\"https:\/\/www.tui.com\/blog\/galizien-in-spanien-geheimtipp\/\" \/>\n<meta property=\"og:site_name\" content=\"TUI.com Reiseblog \u2600\" \/>\n<meta property=\"article:published_time\" content=\"2024-09-16T11:51:12+00:00\" \/>\n<meta property=\"article:modified_time\" content=\"2025-04-28T08:14:33+00:00\" \/>\n<meta property=\"og:image\" content=\"https:\/\/www.tui.com\/blog\/wp-content\/uploads\/2024\/09\/Malpica-Galizien-c-Anja-Knorr.jpg\" \/>\n\t<meta property=\"og:image:width\" content=\"1920\" \/>\n\t<meta property=\"og:image:height\" content=\"1080\" \/>\n\t<meta property=\"og:image:type\" content=\"image\/jpeg\" \/>\n<meta name=\"author\" content=\"Anja Knorr\" \/>\n<meta name=\"twitter:card\" content=\"summary_large_image\" \/>\n<meta name=\"twitter:label1\" content=\"Verfasst von\" \/>\n\t<meta name=\"twitter:data1\" content=\"Anja Knorr\" \/>\n\t<meta name=\"twitter:label2\" content=\"Gesch\u00e4tzte Lesezeit\" \/>\n\t<meta name=\"twitter:data2\" content=\"8\u00a0Minuten\" \/>\n<script type=\"application\/ld+json\" class=\"yoast-schema-graph\">{\"@context\":\"https:\\\/\\\/schema.org\",\"@graph\":[{\"@type\":\"BlogPosting\",\"@id\":\"https:\\\/\\\/www.tui.com\\\/blog\\\/galizien-in-spanien-geheimtipp\\\/#article\",\"isPartOf\":{\"@id\":\"https:\\\/\\\/www.tui.com\\\/blog\\\/galizien-in-spanien-geheimtipp\\\/\"},\"author\":{\"name\":\"Anja Knorr\",\"@id\":\"https:\\\/\\\/www.tui.com\\\/blog\\\/#\\\/schema\\\/person\\\/9c85ce4f2497fad7a33caba3ee9732fd\"},\"headline\":\"Die unber\u00fchrte Sch\u00f6nheit Galiziens: Der Geheimtipp f\u00fcr den n\u00e4chsten Sommerurlaub\",\"datePublished\":\"2024-09-16T11:51:12+00:00\",\"dateModified\":\"2025-04-28T08:14:33+00:00\",\"mainEntityOfPage\":{\"@id\":\"https:\\\/\\\/www.tui.com\\\/blog\\\/galizien-in-spanien-geheimtipp\\\/\"},\"wordCount\":1565,\"commentCount\":0,\"publisher\":{\"@id\":\"https:\\\/\\\/www.tui.com\\\/blog\\\/#organization\"},\"image\":{\"@id\":\"https:\\\/\\\/www.tui.com\\\/blog\\\/galizien-in-spanien-geheimtipp\\\/#primaryimage\"},\"thumbnailUrl\":\"https:\\\/\\\/www.tui.com\\\/blog\\\/wp-content\\\/uploads\\\/2024\\\/09\\\/Malpica-Galizien-c-Anja-Knorr.jpg\",\"keywords\":[\"Spanien\",\"Wandern\"],\"articleSection\":[\"Reisearten\",\"Reiseziele\",\"Spanien\",\"Urlaub am Meer\"],\"inLanguage\":\"de\",\"potentialAction\":[{\"@type\":\"CommentAction\",\"name\":\"Comment\",\"target\":[\"https:\\\/\\\/www.tui.com\\\/blog\\\/galizien-in-spanien-geheimtipp\\\/#respond\"]}]},{\"@type\":\"WebPage\",\"@id\":\"https:\\\/\\\/www.tui.com\\\/blog\\\/galizien-in-spanien-geheimtipp\\\/\",\"url\":\"https:\\\/\\\/www.tui.com\\\/blog\\\/galizien-in-spanien-geheimtipp\\\/\",\"name\":\"Galizien Tipps: Die sch\u00f6nsten Orte im Nordwesten Spaniens - TUI.com Reiseblog \u2600\",\"isPartOf\":{\"@id\":\"https:\\\/\\\/www.tui.com\\\/blog\\\/#website\"},\"primaryImageOfPage\":{\"@id\":\"https:\\\/\\\/www.tui.com\\\/blog\\\/galizien-in-spanien-geheimtipp\\\/#primaryimage\"},\"image\":{\"@id\":\"https:\\\/\\\/www.tui.com\\\/blog\\\/galizien-in-spanien-geheimtipp\\\/#primaryimage\"},\"thumbnailUrl\":\"https:\\\/\\\/www.tui.com\\\/blog\\\/wp-content\\\/uploads\\\/2024\\\/09\\\/Malpica-Galizien-c-Anja-Knorr.jpg\",\"datePublished\":\"2024-09-16T11:51:12+00:00\",\"dateModified\":\"2025-04-28T08:14:33+00:00\",\"description\":\"Warum dieser Teil Spaniens als echter Geheimtipp gilt erz\u00e4hlt dir Anja Knorr anhand einiger der sch\u00f6nsten Wanderwege, Orte und Sehensw\u00fcrdigkeiten in Galizien.\",\"breadcrumb\":{\"@id\":\"https:\\\/\\\/www.tui.com\\\/blog\\\/galizien-in-spanien-geheimtipp\\\/#breadcrumb\"},\"inLanguage\":\"de\",\"potentialAction\":[{\"@type\":\"ReadAction\",\"target\":[\"https:\\\/\\\/www.tui.com\\\/blog\\\/galizien-in-spanien-geheimtipp\\\/\"]}]},{\"@type\":\"ImageObject\",\"inLanguage\":\"de\",\"@id\":\"https:\\\/\\\/www.tui.com\\\/blog\\\/galizien-in-spanien-geheimtipp\\\/#primaryimage\",\"url\":\"https:\\\/\\\/www.tui.com\\\/blog\\\/wp-content\\\/uploads\\\/2024\\\/09\\\/Malpica-Galizien-c-Anja-Knorr.jpg\",\"contentUrl\":\"https:\\\/\\\/www.tui.com\\\/blog\\\/wp-content\\\/uploads\\\/2024\\\/09\\\/Malpica-Galizien-c-Anja-Knorr.jpg\",\"width\":1920,\"height\":1080,\"caption\":\"Malpica Galizien (c) Anja Knorr\"},{\"@type\":\"BreadcrumbList\",\"@id\":\"https:\\\/\\\/www.tui.com\\\/blog\\\/galizien-in-spanien-geheimtipp\\\/#breadcrumb\",\"itemListElement\":[{\"@type\":\"ListItem\",\"position\":1,\"name\":\"Startseite\",\"item\":\"https:\\\/\\\/www.tui.com\\\/blog\\\/\"},{\"@type\":\"ListItem\",\"position\":2,\"name\":\"Die unber\u00fchrte Sch\u00f6nheit Galiziens: Der Geheimtipp f\u00fcr den n\u00e4chsten Sommerurlaub\"}]},{\"@type\":\"WebSite\",\"@id\":\"https:\\\/\\\/www.tui.com\\\/blog\\\/#website\",\"url\":\"https:\\\/\\\/www.tui.com\\\/blog\\\/\",\"name\":\"TUI.com Reiseblog \u2600\",\"description\":\"Abenteuer oder lieber an den Strand? \u2600 Der TUI Reiseblog bietet tolle Infos rund um deine n\u00e4chste Reise \u2708 Komm vorbei und lass dich inspirieren \u221a\",\"publisher\":{\"@id\":\"https:\\\/\\\/www.tui.com\\\/blog\\\/#organization\"},\"potentialAction\":[{\"@type\":\"SearchAction\",\"target\":{\"@type\":\"EntryPoint\",\"urlTemplate\":\"https:\\\/\\\/www.tui.com\\\/blog\\\/?s={search_term_string}\"},\"query-input\":{\"@type\":\"PropertyValueSpecification\",\"valueRequired\":true,\"valueName\":\"search_term_string\"}}],\"inLanguage\":\"de\"},{\"@type\":\"Organization\",\"@id\":\"https:\\\/\\\/www.tui.com\\\/blog\\\/#organization\",\"name\":\"TUI.com Reiseblog \u2600\",\"url\":\"https:\\\/\\\/www.tui.com\\\/blog\\\/\",\"logo\":{\"@type\":\"ImageObject\",\"inLanguage\":\"de\",\"@id\":\"https:\\\/\\\/www.tui.com\\\/blog\\\/#\\\/schema\\\/logo\\\/image\\\/\",\"url\":\"https:\\\/\\\/www.tui.com\\\/blog\\\/wp-content\\\/uploads\\\/2023\\\/04\\\/cropped-tui-logo-3.png\",\"contentUrl\":\"https:\\\/\\\/www.tui.com\\\/blog\\\/wp-content\\\/uploads\\\/2023\\\/04\\\/cropped-tui-logo-3.png\",\"width\":164,\"height\":72,\"caption\":\"TUI.com Reiseblog \u2600\"},\"image\":{\"@id\":\"https:\\\/\\\/www.tui.com\\\/blog\\\/#\\\/schema\\\/logo\\\/image\\\/\"}},{\"@type\":\"Person\",\"@id\":\"https:\\\/\\\/www.tui.com\\\/blog\\\/#\\\/schema\\\/person\\\/9c85ce4f2497fad7a33caba3ee9732fd\",\"name\":\"Anja Knorr\",\"image\":{\"@type\":\"ImageObject\",\"inLanguage\":\"de\",\"@id\":\"https:\\\/\\\/www.tui.com\\\/blog\\\/wp-content\\\/uploads\\\/2017\\\/03\\\/anja-bild-250x180.jpg\",\"url\":\"https:\\\/\\\/www.tui.com\\\/blog\\\/wp-content\\\/uploads\\\/2017\\\/03\\\/anja-bild-250x180.jpg\",\"contentUrl\":\"https:\\\/\\\/www.tui.com\\\/blog\\\/wp-content\\\/uploads\\\/2017\\\/03\\\/anja-bild-250x180.jpg\",\"caption\":\"Anja Knorr\"},\"sameAs\":[\"https:\\\/\\\/www.happybackpacker.de\\\/\"],\"url\":\"https:\\\/\\\/www.tui.com\\\/blog\\\/author\\\/anja\\\/\"}]}<\/script>\n<!-- \/ Yoast SEO plugin. -->","yoast_head_json":{"title":"Galizien Tipps: Die sch\u00f6nsten Orte im Nordwesten Spaniens - TUI.com Reiseblog \u2600","description":"Warum dieser Teil Spaniens als echter Geheimtipp gilt erz\u00e4hlt dir Anja Knorr anhand einiger der sch\u00f6nsten Wanderwege, Orte und Sehensw\u00fcrdigkeiten in Galizien.","robots":{"index":"index","follow":"follow","max-snippet":"max-snippet:-1","max-image-preview":"max-image-preview:large","max-video-preview":"max-video-preview:-1"},"canonical":"https:\/\/www.tui.com\/blog\/galizien-in-spanien-geheimtipp\/","og_locale":"de_DE","og_type":"article","og_title":"Galizien Tipps: Die sch\u00f6nsten Orte im Nordwesten Spaniens - TUI.com Reiseblog \u2600","og_description":"Warum dieser Teil Spaniens als echter Geheimtipp gilt erz\u00e4hlt dir Anja Knorr anhand einiger der sch\u00f6nsten Wanderwege, Orte und Sehensw\u00fcrdigkeiten in Galizien.","og_url":"https:\/\/www.tui.com\/blog\/galizien-in-spanien-geheimtipp\/","og_site_name":"TUI.com Reiseblog \u2600","article_published_time":"2024-09-16T11:51:12+00:00","article_modified_time":"2025-04-28T08:14:33+00:00","og_image":[{"width":1920,"height":1080,"url":"https:\/\/www.tui.com\/blog\/wp-content\/uploads\/2024\/09\/Malpica-Galizien-c-Anja-Knorr.jpg","type":"image\/jpeg"}],"author":"Anja Knorr","twitter_card":"summary_large_image","twitter_misc":{"Verfasst von":"Anja Knorr","Gesch\u00e4tzte Lesezeit":"8\u00a0Minuten"},"schema":{"@context":"https:\/\/schema.org","@graph":[{"@type":"BlogPosting","@id":"https:\/\/www.tui.com\/blog\/galizien-in-spanien-geheimtipp\/#article","isPartOf":{"@id":"https:\/\/www.tui.com\/blog\/galizien-in-spanien-geheimtipp\/"},"author":{"name":"Anja Knorr","@id":"https:\/\/www.tui.com\/blog\/#\/schema\/person\/9c85ce4f2497fad7a33caba3ee9732fd"},"headline":"Die unber\u00fchrte Sch\u00f6nheit Galiziens: Der Geheimtipp f\u00fcr den n\u00e4chsten Sommerurlaub","datePublished":"2024-09-16T11:51:12+00:00","dateModified":"2025-04-28T08:14:33+00:00","mainEntityOfPage":{"@id":"https:\/\/www.tui.com\/blog\/galizien-in-spanien-geheimtipp\/"},"wordCount":1565,"commentCount":0,"publisher":{"@id":"https:\/\/www.tui.com\/blog\/#organization"},"image":{"@id":"https:\/\/www.tui.com\/blog\/galizien-in-spanien-geheimtipp\/#primaryimage"},"thumbnailUrl":"https:\/\/www.tui.com\/blog\/wp-content\/uploads\/2024\/09\/Malpica-Galizien-c-Anja-Knorr.jpg","keywords":["Spanien","Wandern"],"articleSection":["Reisearten","Reiseziele","Spanien","Urlaub am Meer"],"inLanguage":"de","potentialAction":[{"@type":"CommentAction","name":"Comment","target":["https:\/\/www.tui.com\/blog\/galizien-in-spanien-geheimtipp\/#respond"]}]},{"@type":"WebPage","@id":"https:\/\/www.tui.com\/blog\/galizien-in-spanien-geheimtipp\/","url":"https:\/\/www.tui.com\/blog\/galizien-in-spanien-geheimtipp\/","name":"Galizien Tipps: Die sch\u00f6nsten Orte im Nordwesten Spaniens - TUI.com Reiseblog \u2600","isPartOf":{"@id":"https:\/\/www.tui.com\/blog\/#website"},"primaryImageOfPage":{"@id":"https:\/\/www.tui.com\/blog\/galizien-in-spanien-geheimtipp\/#primaryimage"},"image":{"@id":"https:\/\/www.tui.com\/blog\/galizien-in-spanien-geheimtipp\/#primaryimage"},"thumbnailUrl":"https:\/\/www.tui.com\/blog\/wp-content\/uploads\/2024\/09\/Malpica-Galizien-c-Anja-Knorr.jpg","datePublished":"2024-09-16T11:51:12+00:00","dateModified":"2025-04-28T08:14:33+00:00","description":"Warum dieser Teil Spaniens als echter Geheimtipp gilt erz\u00e4hlt dir Anja Knorr anhand einiger der sch\u00f6nsten Wanderwege, Orte und Sehensw\u00fcrdigkeiten in Galizien.","breadcrumb":{"@id":"https:\/\/www.tui.com\/blog\/galizien-in-spanien-geheimtipp\/#breadcrumb"},"inLanguage":"de","potentialAction":[{"@type":"ReadAction","target":["https:\/\/www.tui.com\/blog\/galizien-in-spanien-geheimtipp\/"]}]},{"@type":"ImageObject","inLanguage":"de","@id":"https:\/\/www.tui.com\/blog\/galizien-in-spanien-geheimtipp\/#primaryimage","url":"https:\/\/www.tui.com\/blog\/wp-content\/uploads\/2024\/09\/Malpica-Galizien-c-Anja-Knorr.jpg","contentUrl":"https:\/\/www.tui.com\/blog\/wp-content\/uploads\/2024\/09\/Malpica-Galizien-c-Anja-Knorr.jpg","width":1920,"height":1080,"caption":"Malpica Galizien (c) Anja Knorr"},{"@type":"BreadcrumbList","@id":"https:\/\/www.tui.com\/blog\/galizien-in-spanien-geheimtipp\/#breadcrumb","itemListElement":[{"@type":"ListItem","position":1,"name":"Startseite","item":"https:\/\/www.tui.com\/blog\/"},{"@type":"ListItem","position":2,"name":"Die unber\u00fchrte Sch\u00f6nheit Galiziens: Der Geheimtipp f\u00fcr den n\u00e4chsten Sommerurlaub"}]},{"@type":"WebSite","@id":"https:\/\/www.tui.com\/blog\/#website","url":"https:\/\/www.tui.com\/blog\/","name":"TUI.com Reiseblog \u2600","description":"Abenteuer oder lieber an den Strand? \u2600 Der TUI Reiseblog bietet tolle Infos rund um deine n\u00e4chste Reise \u2708 Komm vorbei und lass dich inspirieren \u221a","publisher":{"@id":"https:\/\/www.tui.com\/blog\/#organization"},"potentialAction":[{"@type":"SearchAction","target":{"@type":"EntryPoint","urlTemplate":"https:\/\/www.tui.com\/blog\/?s={search_term_string}"},"query-input":{"@type":"PropertyValueSpecification","valueRequired":true,"valueName":"search_term_string"}}],"inLanguage":"de"},{"@type":"Organization","@id":"https:\/\/www.tui.com\/blog\/#organization","name":"TUI.com Reiseblog \u2600","url":"https:\/\/www.tui.com\/blog\/","logo":{"@type":"ImageObject","inLanguage":"de","@id":"https:\/\/www.tui.com\/blog\/#\/schema\/logo\/image\/","url":"https:\/\/www.tui.com\/blog\/wp-content\/uploads\/2023\/04\/cropped-tui-logo-3.png","contentUrl":"https:\/\/www.tui.com\/blog\/wp-content\/uploads\/2023\/04\/cropped-tui-logo-3.png","width":164,"height":72,"caption":"TUI.com Reiseblog \u2600"},"image":{"@id":"https:\/\/www.tui.com\/blog\/#\/schema\/logo\/image\/"}},{"@type":"Person","@id":"https:\/\/www.tui.com\/blog\/#\/schema\/person\/9c85ce4f2497fad7a33caba3ee9732fd","name":"Anja Knorr","image":{"@type":"ImageObject","inLanguage":"de","@id":"https:\/\/www.tui.com\/blog\/wp-content\/uploads\/2017\/03\/anja-bild-250x180.jpg","url":"https:\/\/www.tui.com\/blog\/wp-content\/uploads\/2017\/03\/anja-bild-250x180.jpg","contentUrl":"https:\/\/www.tui.com\/blog\/wp-content\/uploads\/2017\/03\/anja-bild-250x180.jpg","caption":"Anja Knorr"},"sameAs":["https:\/\/www.happybackpacker.de\/"],"url":"https:\/\/www.tui.com\/blog\/author\/anja\/"}]}},"_links":{"self":[{"href":"https:\/\/www.tui.com\/blog\/wp-json\/wp\/v2\/posts\/445202","targetHints":{"allow":["GET"]}}],"collection":[{"href":"https:\/\/www.tui.com\/blog\/wp-json\/wp\/v2\/posts"}],"about":[{"href":"https:\/\/www.tui.com\/blog\/wp-json\/wp\/v2\/types\/post"}],"author":[{"embeddable":true,"href":"https:\/\/www.tui.com\/blog\/wp-json\/wp\/v2\/users\/105"}],"replies":[{"embeddable":true,"href":"https:\/\/www.tui.com\/blog\/wp-json\/wp\/v2\/comments?post=445202"}],"version-history":[{"count":17,"href":"https:\/\/www.tui.com\/blog\/wp-json\/wp\/v2\/posts\/445202\/revisions"}],"predecessor-version":[{"id":467376,"href":"https:\/\/www.tui.com\/blog\/wp-json\/wp\/v2\/posts\/445202\/revisions\/467376"}],"wp:featuredmedia":[{"embeddable":true,"href":"https:\/\/www.tui.com\/blog\/wp-json\/wp\/v2\/media\/445204"}],"wp:attachment":[{"href":"https:\/\/www.tui.com\/blog\/wp-json\/wp\/v2\/media?parent=445202"}],"wp:term":[{"taxonomy":"category","embeddable":true,"href":"https:\/\/www.tui.com\/blog\/wp-json\/wp\/v2\/categories?post=445202"},{"taxonomy":"post_tag","embeddable":true,"href":"https:\/\/www.tui.com\/blog\/wp-json\/wp\/v2\/tags?post=445202"}],"curies":[{"name":"wp","href":"https:\/\/api.w.org\/{rel}","templated":true}]}}