{"id":448892,"date":"2024-11-14T12:00:00","date_gmt":"2024-11-14T11:00:00","guid":{"rendered":"https:\/\/www.tui.com\/blog\/?p=448892"},"modified":"2025-08-19T08:32:18","modified_gmt":"2025-08-19T06:32:18","slug":"winter-bucket-list","status":"publish","type":"post","link":"https:\/\/www.tui.com\/blog\/winter-bucket-list\/","title":{"rendered":"Winter Bucket List: TOP 10 Ideen f\u00fcr die kuscheligste Jahreszeit"},"content":{"rendered":"<p class=\"firstTextGrey\">Das Jahr neigt sich dem Ende zu, und bald wird (hoffentlich) der erste Schnee fallen. F\u00fcr Katharina beginnt damit die sch\u00f6nste Zeit des Jahres: Die friedliche Stille, die klare kalte Luft und der Duft der ersten Pl\u00e4tzchen verleihen dieser Jahreszeit ihren besonderen Zauber. Lass dich von Katharinas Winter-Bucket-List inspirieren und finde deine eigenen Winterfavoriten!<\/p>\n\n\n<p>Die Tage werden k\u00fchler, grauer und feuchter, und wie jedes Jahr um diese Zeit hoffe ich, dass der Regen irgendwann in Schnee \u00fcbergeht \u2013 damit ich<strong> die Magie des Winters <\/strong>in vollen Z\u00fcgen genie\u00dfen kann. Ob du es dir drinnen gem\u00fctlich machst, dich in frostige Abenteuer st\u00fcrzt oder der K\u00e4lte entfliehst \u2013 die Entscheidung liegt ganz bei dir. F\u00fcr alle Szenarien habe ich gro\u00dfartige Ideen f\u00fcr dich vorbereitet!<\/p>\n\n\n<div class=\"table-of-contents\">\r\n    <div class=\"toc-head\">\r\n        <span class=\"toc-headline\">Inhalt<\/span>\r\n        <button class=\"toggle-toc\"\r\n            aria-expanded=\"false\"\r\n            aria-controls=\"toc-list\"\r\n            aria-label=\"Inhaltsverzeichnis ein- oder ausklappen\">\r\n            <svg xmlns=\"http:\/\/www.w3.org\/2000\/svg\" width=\"17.503\" height=\"10.303\" viewBox=\"0 0 17.503 10.303\">\r\n                <path id=\"Icon_ionic-ios-arrow-back\" data-name=\"Icon ionic-ios-arrow-back\" d=\"M14.356,14.943l6.819-6.618a1.22,1.22,0,0,0,0-1.766,1.321,1.321,0,0,0-1.824,0l-7.726,7.5a1.223,1.223,0,0,0-.038,1.725l7.758,7.55a1.323,1.323,0,0,0,1.824,0,1.22,1.22,0,0,0,0-1.766Z\" transform=\"translate(23.697 -11.251) rotate(90)\" fill=\"#1B115C\"><\/path>\r\n            <\/svg>\r\n        <\/button>\r\n    <\/div>\r\n    <ul id=\"toc-list\" class=\"toc-list\"><\/ul>\r\n<\/div>\n\n\n<h2 class=\"wp-block-heading\"><strong>1.<\/strong> <strong>St\u00e4dtetrip mit Weihnachtsmarkt und Weihnachtsshopping<\/strong><\/h2>\n\n\n\n<p>Sobald der Winter naht, r\u00fcckt auch <strong>die Adventszeit<\/strong> immer n\u00e4her. Ein St\u00e4dtetrip kombiniert mit <strong>Christmas Shopping <\/strong>und einem Besuch auf dem Weihnachtsmarkt steht dann ganz oben auf meiner Bucket List! Es ist einfach magisch, in der Winterzeit neue St\u00e4dte zu erkunden: Festlich <strong>beleuchtete Stra\u00dfen<\/strong>, der verlockende <strong>Duft von Gl\u00fchwein und gebrannten Mandeln<\/strong> in der Luft und die Chance, das perfekte Weihnachtsgeschenk f\u00fcr deine Liebsten \u2013 oder auch f\u00fcr dich selbst \u2013 zu entdecken.<\/p>\n\n\n\n<p>Meine TOP 3 f\u00fcr einen St\u00e4dtetrip in der Vorweihnachtszeit sind <a href=\"https:\/\/www.tui.com\/staedtereisen\/hamburg\/\" target=\"_blank\" rel=\"noreferrer noopener\">Hamburg<\/a>, <a href=\"https:\/\/www.tui.com\/staedtereisen\/prag\/\" target=\"_blank\" rel=\"noreferrer noopener\">Prag<\/a> und <a href=\"https:\/\/www.tui.com\/staedtereisen\/new-york\/\" target=\"_blank\" rel=\"noreferrer noopener\">New York<\/a>. In <a href=\"https:\/\/www.tui.com\/urlaub\/deutschland\/hamburg\/\" target=\"_blank\" rel=\"noreferrer noopener\">Hamburg<\/a> erwartet dich ein stimmungsvoller Weihnachtsmarkt mit dem ber\u00fchmten fliegenden Weihnachtsmann, und auch das Nachtleben sowie zahlreiche Musicals bieten nach einem Shoppingtag beste Unterhaltung.<\/p>\n\n\n\n<p><a href=\"https:\/\/www.tui.com\/urlaub\/tschechien\/prag\/\" target=\"_blank\" rel=\"noreferrer noopener\">Prag<\/a> verzaubert mit einer Mischung aus glanzvoller Geschichte, verwinkelten Altstadtgassen und beeindruckender Architektur. Auf dem urigen Weihnachtsmarkt am Altst\u00e4dter Ring findest du kleine Holzbuden vor der malerischen Kulisse der historischen Geb\u00e4ude.<\/p>\n\n\n\n<p><a href=\"https:\/\/www.tui.com\/urlaub\/usa\/new-york\/\" target=\"_blank\" rel=\"noreferrer noopener\">New York<\/a> ist zur Weihnachtszeit ein absolutes Highlight: Glitzernde Lichter, festlich geschm\u00fcckte Stra\u00dfen und das Winter Village im Bryant Park machen den Big Apple im Winter zu einem unvergesslichen Erlebnis.<\/p>\n\n\n    <div class=\"wp-caption tui-image-module\">\r\n    <img decoding=\"async\" src=\"https:\/\/www.tui.com\/blog\/wp-content\/uploads\/2024\/10\/winter-bucket-list-new-york-AdobeStock-199493344.jpg\" alt=\"Central Park, Eisbahn, New York, Amerika\" \/>\r\n            <p class=\"wp-caption-text\">Schlittschuh fahren im Central Park in New York<span> | AdobeStock\/travnikovstudio<\/span><\/p>\r\n        <\/div>\r\n    \n\n\n\n\n<p><strong>Lesetipp:<\/strong> Lass dich von Meli und ihrem New York Trip weiter inspirieren. \u27af <a href=\"https:\/\/www.tui.com\/blog\/warum-ihr-zur-weihnachtszeit-nach-new-york-solltet-und-warum-nicht-meine-tops-und-flops\/\" target=\"_blank\" rel=\"noreferrer noopener\">Warum ihr zur Weihnachtszeit nach New York solltet<\/a><\/p>\n\n\n\n<h2 class=\"wp-block-heading\"><strong>2. Nordlichter bewundern<\/strong><\/h2>\n\n\n\n<p>Nordlichter geh\u00f6ren zu den <strong>beeindruckendsten Naturph\u00e4nomenen der Welt<\/strong>, und es ist mein gro\u00dfer Traum, dieses tanzende Lichtspektakel einmal selbst zu erleben. Die schimmernden gr\u00fcnen, blauen und violetten Lichter, die vor allem in den Polarregionen am Himmel erscheinen, entstehen, wenn Sonnenwinde auf das Magnetfeld der Erde treffen. Ein Anblick, der die Atmosph\u00e4re zum Leuchten bringt und garantiert f\u00fcr G\u00e4nsehaut sorgt! Besonders gut kann man<strong> die Nordlichter<\/strong> in L\u00e4ndern wie <a href=\"https:\/\/www.tui.com\/urlaub\/norwegen\/\" target=\"_blank\" rel=\"noreferrer noopener\">Norwegen<\/a>, <a href=\"https:\/\/www.tui.com\/hotels\/island\/\" target=\"_blank\" rel=\"noreferrer noopener\">Island<\/a>, <a href=\"https:\/\/www.tui.com\/urlaub\/schweden\/\" target=\"_blank\" rel=\"noreferrer noopener\">Schweden<\/a> und <a href=\"https:\/\/www.tui.com\/urlaub\/kanada\/\" target=\"_blank\" rel=\"noreferrer noopener\">Kanada<\/a> beobachten. Zwischen Februar und M\u00e4rz stehen die Chancen am besten, dieses magische Schauspiel mitzuerleben \u2013 vielleicht ein Punkt f\u00fcr deine und meine Bucket List im neuen Jahr?<\/p>\n\n\n\n<p>Egal, wann ich mir diesen Traum erf\u00fclle, die Polarlichter bleiben fest auf meiner Liste. Ich stelle mir vor, dick eingepackt im Schnee zu sitzen, mit einem hei\u00dfen Kakao in der Hand, und den Blick auf den Himmel zu richten, um dieses atemberaubende Naturwunder zu bestaunen.<\/p>\n\n\n\n<p><strong>Lesetipp:<\/strong> Britta hat noch ein paar Tipps f\u00fcr deine Jagd nach Polarlichtern. \u27af <a href=\"https:\/\/www.tui.com\/blog\/auf-polarlichtjagd-im-norden-unsere-top-reiseziele\/\" target=\"_blank\" rel=\"noreferrer noopener\">Auf Polarlichtjagd im Norden<\/a><\/p>\n\n\n    <div class=\"wp-caption tui-image-module\">\r\n    <img decoding=\"async\" src=\"https:\/\/www.tui.com\/blog\/wp-content\/uploads\/2024\/10\/winter-bucket-list-nordlichert-AdobeStock-539954938.jpg\" alt=\"Nordlichter, Schweden, Finnland\" \/>\r\n            <p class=\"wp-caption-text\">Die wundersch\u00f6nen tanzenden Nordlichter am Himmel<span> | AdobeStock\/waichi2013th<\/span><\/p>\r\n        <\/div>\r\n    \n\n\n<h2 class=\"wp-block-heading\"><strong>3. Wellness in den eigenen vier W\u00e4nden oder eine Auszeit im Wellnesshotel<\/strong><\/h2>\n\n\n\n<p>An k\u00fchlen und feuchten Wintertagen kriecht die K\u00e4lte f\u00f6rmlich in uns hinein, und wir sehnen uns nach W\u00e4rme. Dann ist <strong>ein Wellness- und Selfcare-Day <\/strong>das perfekte Programm f\u00fcr einen gelungenen Tag. Hol die Gesichtsmasken, Augenpads und Badebomben heraus und g\u00f6nn dir einen entspannten Wellnesstag zu Hause, in der Sauna oder bei einen Kurzaufenthalt im <a href=\"https:\/\/www.tui.com\/wellnesshotels\/\" target=\"_blank\" rel=\"noreferrer noopener\">Wellnesshotel<\/a>.<\/p>\n\n\n\n<p>Ich liebe diese kleinen <a href=\"https:\/\/www.tui.com\/wellnesshotels\/deutschland\/\" target=\"_blank\" rel=\"noreferrer noopener\">Wellnessauszeiten<\/a> im Winter! Ein Spaziergang an der frischen Luft, gutes Essen genie\u00dfen und den Rest des Tages im Bademantel im Wellnessbereich verbringen \u2013 das ist pure Entspannung. Schon ein Wellnesswochenende, oder besser noch ein verl\u00e4ngertes Wochenende, reicht aus, um komplett abzuschalten.<\/p>\n\n\n    <div class=\"wp-caption tui-image-module\">\r\n    <img decoding=\"async\" src=\"https:\/\/www.tui.com\/blog\/wp-content\/uploads\/2024\/10\/winter-bucket-list-wellness-AdobeStock-567372100.jpg\" alt=\"Wellnesshotel, Deutschland\" \/>\r\n            <p class=\"wp-caption-text\">Eine Auszeit in einem wundersch\u00f6nen Wellnesshotel genie\u00dfen<span> | AdobeStock\/Soloviova Liudmyla<\/span><\/p>\r\n        <\/div>\r\n    \n\n\n<p><strong>Lesetipp:<\/strong> Nicole zeigt dir die TOP 5 Thermenhotels in Deutschland f\u00fcr deine kleine Winterwellness Auszeit. \u27af <a href=\"https:\/\/www.tui.com\/blog\/winterwellness-top-5-thermenhotels-in-deutschland\/\" target=\"_blank\" rel=\"noreferrer noopener\">Winterwellness \u2013 TOP 5 Thermenhotels in Deutschland<\/a><\/p>\n\n\n\n<h2 class=\"wp-block-heading\"><strong>4. Der K\u00e4lte entfliehen<\/strong><\/h2>\n\n\n\n<p>Der Winterblues hat dich voll erwischt, und weder Wellness noch St\u00e4dtereisen bieten Aussicht auf Besserung? In w\u00e4rmeren Teilen der Welt erwarten dich <strong>Sonne, Strand und Meer<\/strong>. Wenn du nicht allzu weit fliegen m\u00f6chtest, empfehle ich dir die <a href=\"https:\/\/www.tui.com\/pauschalreisen\/portugal\/madeira\/\" target=\"_blank\" rel=\"noreferrer noopener\">Blumeninsel Madeira <\/a>oder die <a href=\"https:\/\/www.tui.com\/urlaub\/spanien\/kanaren\/\" target=\"_blank\" rel=\"noreferrer noopener\">sonnigen Kanaren<\/a>. Viele tropische Ziele haben noch mehr zu bieten: Die traumhaften Inseln der <a href=\"https:\/\/www.tui.com\/urlaub\/seychellen\/\" target=\"_blank\" rel=\"noreferrer noopener\">Seychellen<\/a> und <a href=\"https:\/\/www.tui.com\/pauschalreisen\/malediven\/\" target=\"_blank\" rel=\"noreferrer noopener\">Malediven<\/a> locken mit warmen Temperaturen, paradiesischen Str\u00e4nden und einer traumhaften Unterwasserwelt.<\/p>\n\n\n\n<p><strong>Lesetipp:<\/strong> Lass dich von Miriam inspirieren und entdecke die Sommerziele f\u00fcr unseren Deutschen Winter. \u27af <a href=\"https:\/\/www.tui.com\/blog\/ja-sag-mal-wo-ist-es-eigentlich-im-winter-warm\/\">Wo ist es im Wint<\/a><a href=\"https:\/\/www.tui.com\/blog\/ja-sag-mal-wo-ist-es-eigentlich-im-winter-warm\/\" target=\"_blank\" rel=\"noreferrer noopener\">e<\/a><a href=\"https:\/\/www.tui.com\/blog\/ja-sag-mal-wo-ist-es-eigentlich-im-winter-warm\/\">r warm?<\/a><\/p>\n\n\n    <div class=\"wp-caption tui-image-module\">\r\n    <img decoding=\"async\" src=\"https:\/\/www.tui.com\/blog\/wp-content\/uploads\/2024\/10\/winter-bucket-list-malediven-AdobeStock-197558567-e1746784238916.jpg\" alt=\"Malediven, Indischer Ozean\" \/>\r\n            <p class=\"wp-caption-text\">Dem kalten Wetter entfliehen und Sonne tanken<span> | AdobeStock\/Romolo Tavani<\/span><\/p>\r\n        <\/div>\r\n    \n\n\n<h2 class=\"wp-block-heading\"><strong>5. Winterurlaub<\/strong><\/h2>\n\n\n\n<p>Vielleicht bist du gar nicht auf der Suche nach Sommer, Sonne und Meer, sondern<strong> freust dich auf Schnee<\/strong> und <a href=\"https:\/\/www.tui.com\/winterurlaub\/\" target=\"_blank\" rel=\"noreferrer noopener\">Wintersport<\/a>? Kann ich gut verstehen! Da der Schnee bei uns manchmal auf sich warten l\u00e4sst, steht ein Trip ins <strong>Winter Wonderland<\/strong> auf jeden Fall ganz oben auf meiner Bucket List. Ob ein Wochenende oder eine ganze Woche im Schnee \u2013 Hauptsache, es gibt Schneeballschlachten, gem\u00fctliche Kaminabende und unvergessliche Momente.<\/p>\n\n\n    <div class=\"wp-caption tui-image-module\">\r\n    <img decoding=\"async\" src=\"https:\/\/www.tui.com\/blog\/wp-content\/uploads\/2024\/10\/winter-bucket-list-winterwonderland-AdobeStock-177109294.jpg\" alt=\"Lappland, Finnland\" \/>\r\n            <p class=\"wp-caption-text\">Sonne und das Winterwonderland genie\u00dfen<span> | AdobeStock\/Delphotostock<\/span><\/p>\r\n        <\/div>\r\n    \n\n\n<p><strong>Lesetipp:<\/strong> Joel Wille hat f\u00fcr uns die sch\u00f6nsten Winterorte in Deutschland rausgesucht. \u27af <a href=\"https:\/\/www.tui.com\/blog\/die-schonsten-winterorte-deutschlands\/\" target=\"_blank\" rel=\"noreferrer noopener\">Urlaub, ein Winterm\u00e4rchen: Die sch\u00f6nsten Winterorte Deutschlands<\/a><\/p>\n\n\n\n<p><\/p>\n\n\n\n<h2 class=\"wp-block-heading\"><strong>6. Weihnachtstage an besonderen Orten<\/strong><\/h2>\n\n\n\n<p>The same procedure as every year: Was essen wir zu Weihnachten? Wann holen wir den Tannenbaum? Wie soll er geschm\u00fcckt werden \u2013 und wann kommen nochmal die G\u00e4ste? Genau das m\u00f6chte ich an den Weihnachtstagen einmal hinter mir lassen. Ich tr\u00e4ume von Schnee in den Bergen, Wellness und kulinarischen Highlights. Oder noch besser: von Palmen, Strand und einem Cocktail in der Hand. Vielleicht erf\u00fclle ich mir diesen Traum in diesem Jahr, damit im n\u00e4chsten Jahr Platz f\u00fcr neue W\u00fcnsche auf meiner Winter Bucket List ist. Wie sieht es bei dir aus? Hast du auch Lust, Weihnachten einmal ganz anders zu verbringen und dem Stress zu entfliehen?<\/p>\n\n\n    <div class=\"wp-caption tui-image-module\">\r\n    <img decoding=\"async\" src=\"https:\/\/www.tui.com\/blog\/wp-content\/uploads\/2024\/10\/winter-bucket-list-weihnachten-am-strand-AdobeStock-230054981.jpg\" alt=\"Malediven, Weihnachten\" \/>\r\n            <p class=\"wp-caption-text\">Weihnachten mal ganz anders erleben<span> | AdobeStock\/haveseen<\/span><\/p>\r\n        <\/div>\r\n    \n\n\n<p><strong>Lesetipp:<\/strong> Miriam hat hier ein paar Tipps f\u00fcr Weihnachten in den Bergen. \u27af<a href=\"https:\/\/www.tui.com\/blog\/die-top-5-hotels-fuer-euer-weihnachten-in-den-bergen\/\" target=\"_blank\" rel=\"noreferrer noopener\"> TOP Hotels f\u00fcr euer Weihnachten in den Bergen<\/a><\/p>\n\n\n\n<p>Vielleicht m\u00f6chtest du aber auch lieber mit einem Cocktail in der Hand aufs Meer schauen und Weihnachten in aller Ruhe an dir vorbeiziehen lassen. Dann haben unsere TUI Reiseexperten genau die richtigen Tipps f\u00fcr dich. \u27af <a href=\"https:\/\/www.tui.com\/blog\/weihnachten-unter-palmen-um-himmels-willen\/\" target=\"_blank\" rel=\"noreferrer noopener\">Weihnachten unter Palmen \u2013 um Himmels Willen?!<\/a><\/p>\n\n\n\n<h2 class=\"wp-block-heading\"><strong>7. Schneeschuhwanderung<\/strong><\/h2>\n\n\n\n<p>Jedes Jahr nehme ich mir etwas Neues f\u00fcr meine Winter-Bucket-List vor, und nat\u00fcrlich werde ich nicht alle Punkte in einem Jahr abarbeiten. Doch dieses Jahr habe ich mir fest vorgenommen, <strong>eine Schneeschuhwanderung<\/strong> zu machen! Abseits der Pisten und des Trubels in den Wintersportgebieten f\u00fchrt dich eine solche Wanderung durch<strong> verschneite W\u00e4lder und glitzernde Schneelandschaften<\/strong> zu atemberaubenden Aussichtspunkten.<\/p>\n\n\n\n<p><strong>Lesetipp:<\/strong> Joel Wille hat hier f\u00fcr uns noch tolle Tipps zum Schneeschuh Wandern in Deutschland. \u27af<a href=\"https:\/\/www.tui.com\/blog\/schneeschuh-wandern-in-deutschland\/\" target=\"_blank\" rel=\"noreferrer noopener\">Schneeschuh-Wandern in Deutschland<\/a><\/p>\n\n\n    <div class=\"wp-caption tui-image-module\">\r\n    <img decoding=\"async\" src=\"https:\/\/www.tui.com\/blog\/wp-content\/uploads\/2024\/10\/winter-bucket-list-schneeschuhwanderung-AdobeStock-504329825.jpg\" alt=\"Schneeschuhwanderer, Winterlandschaft\" \/>\r\n            <p class=\"wp-caption-text\">Entdecke wundersch\u00f6ne Schneelandschaften beim Schneeschuhwandern<span> | AdobeStock\/zhukovvvlad<\/span><\/p>\r\n        <\/div>\r\n    \n\n\n<h2 class=\"wp-block-heading\"><strong>8. Silvester an besonderen Orten<\/strong><\/h2>\n\n\n\n<p>Auch <a href=\"https:\/\/www.tui.com\/kurzurlaub\/silvester\/\" target=\"_blank\" rel=\"noreferrer noopener\">Silvester<\/a> an einem ungew\u00f6hnlichen Ort ist ein ganz besonderes Erlebnis. Das habe ich schon mehrere Male gemacht und kann es nur empfehlen. Ob <a href=\"https:\/\/www.tui.com\/silvester\/\" target=\"_blank\" rel=\"noreferrer noopener\">Silvester<\/a> in einer anderen Stadt, oder irgendwo auf der Welt Sonne und W\u00e4rme genie\u00dfen \u2013 beides ein Highlight! F\u00fcr mich gibt\u2019s nichts Sch\u00f6neres, als nach Weihnachten die Koffer zu packen und an einem aufregenden oder erholsamen Ort ins neue Jahr zu starten.<\/p>\n\n\n\n<p><strong>Lesetipps:<\/strong> <br>Julia nimmt uns mit nach \u00d6sterreich und zeigt uns die sch\u00f6nsten Hotels f\u00fcr einen guten Rutsch. \u27af <a href=\"https:\/\/www.tui.com\/blog\/top-10-hotels-fuer-euer-silvester-in-oesterreich\/\" target=\"_blank\" rel=\"noreferrer noopener\">TOP 10 Hotels f\u00fcr euer Silvester in \u00d6sterreich<\/a><br>Und Jeanette hat tolle Ideen f\u00fcr Silvester in verschiedenen deutschen St\u00e4dten und Orten. \u27af <a href=\"https:\/\/www.tui.com\/blog\/10-ideen-fuer-euer-silvester-in-deutschland\/\" target=\"_blank\" rel=\"noreferrer noopener\">10 Hotelideen f\u00fcr euer Silvester in Deutschland<\/a><\/p>\n\n\n    <div class=\"wp-caption tui-image-module\">\r\n    <img decoding=\"async\" src=\"https:\/\/www.tui.com\/blog\/wp-content\/uploads\/2024\/10\/winter-bucket-list-silvester-AdobeStock-130570433.jpg\" alt=\"Silvester, Berlin, Deutschland\" \/>\r\n            <p class=\"wp-caption-text\">Silvester an einem besonderen Ort genie\u00dfen<span> | AdobeStock\/eyetronic<\/span><\/p>\r\n        <\/div>\r\n    \n\n\n<h2 class=\"wp-block-heading\"><strong>9. Ski fahren<\/strong><\/h2>\n\n\n\n<p>Jedes Jahr steht es wieder auf meiner Bucket List, doch in Wirklichkeit war ich das letzte Mal als Kind Ski fahren. Trotzdem hat dieser Punkt es auch dieses Jahr wieder auf meine Liste geschafft, denn ich will endlich ausprobieren, ob ich es noch kann. Vielleicht brauche ich am Anfang ein bisschen Hilfe und einen kleinen Auffrischungskurs. Vielleicht w\u00e4re Skandinavien hier etwas? Das gr\u00f6\u00dfte Skigebiet Nordeuropas, die Regionen <a href=\"https:\/\/www.tui.com\/pauschalreisen\/suchen\/hotels\/Nordeuropa-&amp;-Skandinavien\/1028\/list\/?searchScope=PACKAGE&amp;departureAirports=DUS&amp;startDate=2025-12-01&amp;endDate=2026-04-30&amp;duration=7-&amp;winterAttributes=134&amp;airlines=X3\" target=\"_blank\" rel=\"noreferrer noopener\">S\u00e4len<\/a> und Trysil, bietet beste Bedingungen. Ab sofort fliegt TUIfly direkt von D\u00fcsseldorf dorthin!<\/p>\n\n\n\n<p><strong>Lesetipps:<\/strong> Sabina nimmt uns mit in die Schweiz und verr\u00e4t uns alles rund um Ski-Urlaub, Ausr\u00fcstung und einen Skikurs. \u27af <a href=\"https:\/\/www.tui.com\/blog\/top-5-skigebiete-schweiz-grueezi-im-winterwunderland\/\" target=\"_blank\" rel=\"noreferrer noopener\">TOP 5 Skigebiete Schweiz \u2013 Gr\u00fcezi im Winterwunderland!<\/a> Meine Kollegen haben au\u00dferdem tolle Tipps f\u00fcr Skigebiete in <a href=\"https:\/\/www.tui.com\/urlaub\/oesterreich\/\" target=\"_blank\" rel=\"noreferrer noopener\">\u00d6sterreich <\/a>und der <a href=\"https:\/\/www.tui.com\/urlaub\/schweiz\/\" target=\"_blank\" rel=\"noreferrer noopener\">Schweiz<\/a>. <\/p>\n\n\n    <div class=\"wp-caption tui-image-module\">\r\n    <img decoding=\"async\" src=\"https:\/\/www.tui.com\/blog\/wp-content\/uploads\/2024\/10\/winter-bucket-list-ski-AdobeStock-335879872.jpg\" alt=\"Ski fahren, Schneelandschaft\" \/>\r\n            <p class=\"wp-caption-text\">Ab auf die Piste und den Schnee genie\u00dfen<span> | AdobeStock\/Tobias<\/span><\/p>\r\n        <\/div>\r\n    \n\n\n<p>Nat\u00fcrlich kannst du auch in \u00d6sterreich wunderbar Ski fahren. Nicole stellt in ihrem Blogartikel die sch\u00f6nsten Orte f\u00fcr deinen Skiurlaub vor. \u27af <a href=\"https:\/\/www.tui.com\/blog\/skiurlaub-oesterreich-top-5-skigebiete\/\" target=\"_blank\" rel=\"noreferrer noopener\">Skiurlaub \u00d6sterreich \u2013 TOP 5 Skigebiete<\/a><\/p>\n\n\n\n<h2 class=\"wp-block-heading\"><strong>10. Kekse backen und den Urlaub f\u00fcr das n\u00e4chste Jahr planen<\/strong><\/h2>\n\n\n\n<p>Vielleicht war auf meiner Winter Bucket List f\u00fcr dich nichts dabei? Dann habe ich noch einen letzten Tipp f\u00fcr dich. Schnapp dir deinen Urlaubsbuddy f\u00fcr das n\u00e4chste Jahr, backt gemeinsam Kekse (gekaufte schmecken nat\u00fcrlich auch) und plant die n\u00e4chsten Kurztrips, St\u00e4dtereisen oder oder oder. Wenn man ein Ziel vor Augen hat, vergehen die kalten Wintertage wie im Flug. Denn der Fr\u00fchling wartet schon auf dich!<\/p>\n\n\n    <div class=\"wp-caption tui-image-module\">\r\n    <img decoding=\"async\" src=\"https:\/\/www.tui.com\/blog\/wp-content\/uploads\/2024\/10\/winter-bucket-list-kekse-backen-AdobeStock-473652508.jpg\" alt=\"Kekse, Weihnachten\" \/>\r\n            <p class=\"wp-caption-text\">Kekse backen und vom n\u00e4chsten Urlaub tr\u00e4umen<span> | AdobeStock\/matttilda<\/span><\/p>\r\n        <\/div>\r\n    \n\n\n<p><\/p>\n","protected":false},"excerpt":{"rendered":"<p>Das Jahr neigt sich dem Ende zu, und bald wird (hoffentlich) der erste Schnee fallen. F\u00fcr Katharina beginnt damit die sch\u00f6nste Zeit des Jahres: Die friedliche Stille, die klare kalte Luft und der Duft der ersten Pl\u00e4tzchen verleihen dieser Jahreszeit ihren besonderen Zauber. Lass dich von Katharinas Winter-Bucket-List inspirieren und<\/p>\n","protected":false},"author":172,"featured_media":448944,"comment_status":"open","ping_status":"open","sticky":false,"template":"","format":"standard","meta":{"_acf_changed":false,"footnotes":""},"categories":[4068],"tags":[3160,472],"class_list":["post-448892","post","type-post","status-publish","format-standard","has-post-thumbnail","hentry","category-archiv-beste-reisezeit","tag-inspiration","tag-winter"],"acf":[],"yoast_head":"<!-- This site is optimized with the Yoast SEO plugin v27.4 - https:\/\/yoast.com\/product\/yoast-seo-wordpress\/ -->\n<title>Winter Bucket List: TOP 10 Ideen f\u00fcr die kuscheligste Jahreszeit - TUI.com Reiseblog \u2600<\/title>\n<meta name=\"description\" content=\"Lass dich von Katharinas TOP 10 Winter Bucket List inspirieren und erlebe unvergessliche winterliche Momente.\" \/>\n<meta name=\"robots\" content=\"index, follow, max-snippet:-1, max-image-preview:large, max-video-preview:-1\" \/>\n<link rel=\"canonical\" href=\"https:\/\/www.tui.com\/blog\/winter-bucket-list\/\" \/>\n<meta property=\"og:locale\" content=\"de_DE\" \/>\n<meta property=\"og:type\" content=\"article\" \/>\n<meta property=\"og:title\" content=\"Winter Bucket List: TOP 10 Ideen f\u00fcr die kuscheligste Jahreszeit - TUI.com Reiseblog \u2600\" \/>\n<meta property=\"og:description\" content=\"Lass dich von Katharinas TOP 10 Winter Bucket List inspirieren und erlebe unvergessliche winterliche Momente.\" \/>\n<meta property=\"og:url\" content=\"https:\/\/www.tui.com\/blog\/winter-bucket-list\/\" \/>\n<meta property=\"og:site_name\" content=\"TUI.com Reiseblog \u2600\" \/>\n<meta property=\"article:published_time\" content=\"2024-11-14T11:00:00+00:00\" \/>\n<meta property=\"article:modified_time\" content=\"2025-08-19T06:32:18+00:00\" \/>\n<meta property=\"og:image\" content=\"https:\/\/www.tui.com\/blog\/wp-content\/uploads\/2024\/10\/winter-bucket-list-banner-AdobeStock-177109294.jpg\" \/>\n\t<meta property=\"og:image:width\" content=\"1920\" \/>\n\t<meta property=\"og:image:height\" content=\"1080\" \/>\n\t<meta property=\"og:image:type\" content=\"image\/jpeg\" \/>\n<meta name=\"author\" content=\"TUI Bloggerin Katharina\" \/>\n<meta name=\"twitter:card\" content=\"summary_large_image\" \/>\n<meta name=\"twitter:label1\" content=\"Verfasst von\" \/>\n\t<meta name=\"twitter:data1\" content=\"TUI Bloggerin Katharina\" \/>\n\t<meta name=\"twitter:label2\" content=\"Gesch\u00e4tzte Lesezeit\" \/>\n\t<meta name=\"twitter:data2\" content=\"7\u00a0Minuten\" \/>\n<script type=\"application\/ld+json\" class=\"yoast-schema-graph\">{\"@context\":\"https:\\\/\\\/schema.org\",\"@graph\":[{\"@type\":\"BlogPosting\",\"@id\":\"https:\\\/\\\/www.tui.com\\\/blog\\\/winter-bucket-list\\\/#article\",\"isPartOf\":{\"@id\":\"https:\\\/\\\/www.tui.com\\\/blog\\\/winter-bucket-list\\\/\"},\"author\":{\"name\":\"TUI Bloggerin Katharina\",\"@id\":\"https:\\\/\\\/www.tui.com\\\/blog\\\/#\\\/schema\\\/person\\\/3a11b4dd9b8cbf64219efe2893992ed2\"},\"headline\":\"Winter Bucket List: TOP 10 Ideen f\u00fcr die kuscheligste Jahreszeit\",\"datePublished\":\"2024-11-14T11:00:00+00:00\",\"dateModified\":\"2025-08-19T06:32:18+00:00\",\"mainEntityOfPage\":{\"@id\":\"https:\\\/\\\/www.tui.com\\\/blog\\\/winter-bucket-list\\\/\"},\"wordCount\":1490,\"commentCount\":0,\"publisher\":{\"@id\":\"https:\\\/\\\/www.tui.com\\\/blog\\\/#organization\"},\"image\":{\"@id\":\"https:\\\/\\\/www.tui.com\\\/blog\\\/winter-bucket-list\\\/#primaryimage\"},\"thumbnailUrl\":\"https:\\\/\\\/www.tui.com\\\/blog\\\/wp-content\\\/uploads\\\/2024\\\/10\\\/winter-bucket-list-banner-AdobeStock-177109294.jpg\",\"keywords\":[\"Inspiration\",\"Winter\"],\"articleSection\":[\"Beste Reisezeit\"],\"inLanguage\":\"de\",\"potentialAction\":[{\"@type\":\"CommentAction\",\"name\":\"Comment\",\"target\":[\"https:\\\/\\\/www.tui.com\\\/blog\\\/winter-bucket-list\\\/#respond\"]}]},{\"@type\":\"WebPage\",\"@id\":\"https:\\\/\\\/www.tui.com\\\/blog\\\/winter-bucket-list\\\/\",\"url\":\"https:\\\/\\\/www.tui.com\\\/blog\\\/winter-bucket-list\\\/\",\"name\":\"Winter Bucket List: TOP 10 Ideen f\u00fcr die kuscheligste Jahreszeit - TUI.com Reiseblog \u2600\",\"isPartOf\":{\"@id\":\"https:\\\/\\\/www.tui.com\\\/blog\\\/#website\"},\"primaryImageOfPage\":{\"@id\":\"https:\\\/\\\/www.tui.com\\\/blog\\\/winter-bucket-list\\\/#primaryimage\"},\"image\":{\"@id\":\"https:\\\/\\\/www.tui.com\\\/blog\\\/winter-bucket-list\\\/#primaryimage\"},\"thumbnailUrl\":\"https:\\\/\\\/www.tui.com\\\/blog\\\/wp-content\\\/uploads\\\/2024\\\/10\\\/winter-bucket-list-banner-AdobeStock-177109294.jpg\",\"datePublished\":\"2024-11-14T11:00:00+00:00\",\"dateModified\":\"2025-08-19T06:32:18+00:00\",\"description\":\"Lass dich von Katharinas TOP 10 Winter Bucket List inspirieren und erlebe unvergessliche winterliche Momente.\",\"breadcrumb\":{\"@id\":\"https:\\\/\\\/www.tui.com\\\/blog\\\/winter-bucket-list\\\/#breadcrumb\"},\"inLanguage\":\"de\",\"potentialAction\":[{\"@type\":\"ReadAction\",\"target\":[\"https:\\\/\\\/www.tui.com\\\/blog\\\/winter-bucket-list\\\/\"]}]},{\"@type\":\"ImageObject\",\"inLanguage\":\"de\",\"@id\":\"https:\\\/\\\/www.tui.com\\\/blog\\\/winter-bucket-list\\\/#primaryimage\",\"url\":\"https:\\\/\\\/www.tui.com\\\/blog\\\/wp-content\\\/uploads\\\/2024\\\/10\\\/winter-bucket-list-banner-AdobeStock-177109294.jpg\",\"contentUrl\":\"https:\\\/\\\/www.tui.com\\\/blog\\\/wp-content\\\/uploads\\\/2024\\\/10\\\/winter-bucket-list-banner-AdobeStock-177109294.jpg\",\"width\":1920,\"height\":1080},{\"@type\":\"BreadcrumbList\",\"@id\":\"https:\\\/\\\/www.tui.com\\\/blog\\\/winter-bucket-list\\\/#breadcrumb\",\"itemListElement\":[{\"@type\":\"ListItem\",\"position\":1,\"name\":\"Startseite\",\"item\":\"https:\\\/\\\/www.tui.com\\\/blog\\\/\"},{\"@type\":\"ListItem\",\"position\":2,\"name\":\"Winter Bucket List: TOP 10 Ideen f\u00fcr die kuscheligste Jahreszeit\"}]},{\"@type\":\"WebSite\",\"@id\":\"https:\\\/\\\/www.tui.com\\\/blog\\\/#website\",\"url\":\"https:\\\/\\\/www.tui.com\\\/blog\\\/\",\"name\":\"TUI.com Reiseblog \u2600\",\"description\":\"Abenteuer oder lieber an den Strand? \u2600 Der TUI Reiseblog bietet tolle Infos rund um deine n\u00e4chste Reise \u2708 Komm vorbei und lass dich inspirieren \u221a\",\"publisher\":{\"@id\":\"https:\\\/\\\/www.tui.com\\\/blog\\\/#organization\"},\"potentialAction\":[{\"@type\":\"SearchAction\",\"target\":{\"@type\":\"EntryPoint\",\"urlTemplate\":\"https:\\\/\\\/www.tui.com\\\/blog\\\/?s={search_term_string}\"},\"query-input\":{\"@type\":\"PropertyValueSpecification\",\"valueRequired\":true,\"valueName\":\"search_term_string\"}}],\"inLanguage\":\"de\"},{\"@type\":\"Organization\",\"@id\":\"https:\\\/\\\/www.tui.com\\\/blog\\\/#organization\",\"name\":\"TUI.com Reiseblog \u2600\",\"url\":\"https:\\\/\\\/www.tui.com\\\/blog\\\/\",\"logo\":{\"@type\":\"ImageObject\",\"inLanguage\":\"de\",\"@id\":\"https:\\\/\\\/www.tui.com\\\/blog\\\/#\\\/schema\\\/logo\\\/image\\\/\",\"url\":\"https:\\\/\\\/www.tui.com\\\/blog\\\/wp-content\\\/uploads\\\/2023\\\/04\\\/cropped-tui-logo-3.png\",\"contentUrl\":\"https:\\\/\\\/www.tui.com\\\/blog\\\/wp-content\\\/uploads\\\/2023\\\/04\\\/cropped-tui-logo-3.png\",\"width\":164,\"height\":72,\"caption\":\"TUI.com Reiseblog \u2600\"},\"image\":{\"@id\":\"https:\\\/\\\/www.tui.com\\\/blog\\\/#\\\/schema\\\/logo\\\/image\\\/\"}},{\"@type\":\"Person\",\"@id\":\"https:\\\/\\\/www.tui.com\\\/blog\\\/#\\\/schema\\\/person\\\/3a11b4dd9b8cbf64219efe2893992ed2\",\"name\":\"TUI Bloggerin Katharina\",\"image\":{\"@type\":\"ImageObject\",\"inLanguage\":\"de\",\"@id\":\"https:\\\/\\\/www.tui.com\\\/blog\\\/wp-content\\\/uploads\\\/2023\\\/07\\\/profilbild-katharina-hierse-96x96.jpg\",\"url\":\"https:\\\/\\\/www.tui.com\\\/blog\\\/wp-content\\\/uploads\\\/2023\\\/07\\\/profilbild-katharina-hierse-96x96.jpg\",\"contentUrl\":\"https:\\\/\\\/www.tui.com\\\/blog\\\/wp-content\\\/uploads\\\/2023\\\/07\\\/profilbild-katharina-hierse-96x96.jpg\",\"caption\":\"TUI Bloggerin Katharina\"},\"url\":\"https:\\\/\\\/www.tui.com\\\/blog\\\/author\\\/tui-bloggerin-katharina\\\/\"}]}<\/script>\n<!-- \/ Yoast SEO plugin. -->","yoast_head_json":{"title":"Winter Bucket List: TOP 10 Ideen f\u00fcr die kuscheligste Jahreszeit - TUI.com Reiseblog \u2600","description":"Lass dich von Katharinas TOP 10 Winter Bucket List inspirieren und erlebe unvergessliche winterliche Momente.","robots":{"index":"index","follow":"follow","max-snippet":"max-snippet:-1","max-image-preview":"max-image-preview:large","max-video-preview":"max-video-preview:-1"},"canonical":"https:\/\/www.tui.com\/blog\/winter-bucket-list\/","og_locale":"de_DE","og_type":"article","og_title":"Winter Bucket List: TOP 10 Ideen f\u00fcr die kuscheligste Jahreszeit - TUI.com Reiseblog \u2600","og_description":"Lass dich von Katharinas TOP 10 Winter Bucket List inspirieren und erlebe unvergessliche winterliche Momente.","og_url":"https:\/\/www.tui.com\/blog\/winter-bucket-list\/","og_site_name":"TUI.com Reiseblog \u2600","article_published_time":"2024-11-14T11:00:00+00:00","article_modified_time":"2025-08-19T06:32:18+00:00","og_image":[{"width":1920,"height":1080,"url":"https:\/\/www.tui.com\/blog\/wp-content\/uploads\/2024\/10\/winter-bucket-list-banner-AdobeStock-177109294.jpg","type":"image\/jpeg"}],"author":"TUI Bloggerin Katharina","twitter_card":"summary_large_image","twitter_misc":{"Verfasst von":"TUI Bloggerin Katharina","Gesch\u00e4tzte Lesezeit":"7\u00a0Minuten"},"schema":{"@context":"https:\/\/schema.org","@graph":[{"@type":"BlogPosting","@id":"https:\/\/www.tui.com\/blog\/winter-bucket-list\/#article","isPartOf":{"@id":"https:\/\/www.tui.com\/blog\/winter-bucket-list\/"},"author":{"name":"TUI Bloggerin Katharina","@id":"https:\/\/www.tui.com\/blog\/#\/schema\/person\/3a11b4dd9b8cbf64219efe2893992ed2"},"headline":"Winter Bucket List: TOP 10 Ideen f\u00fcr die kuscheligste Jahreszeit","datePublished":"2024-11-14T11:00:00+00:00","dateModified":"2025-08-19T06:32:18+00:00","mainEntityOfPage":{"@id":"https:\/\/www.tui.com\/blog\/winter-bucket-list\/"},"wordCount":1490,"commentCount":0,"publisher":{"@id":"https:\/\/www.tui.com\/blog\/#organization"},"image":{"@id":"https:\/\/www.tui.com\/blog\/winter-bucket-list\/#primaryimage"},"thumbnailUrl":"https:\/\/www.tui.com\/blog\/wp-content\/uploads\/2024\/10\/winter-bucket-list-banner-AdobeStock-177109294.jpg","keywords":["Inspiration","Winter"],"articleSection":["Beste Reisezeit"],"inLanguage":"de","potentialAction":[{"@type":"CommentAction","name":"Comment","target":["https:\/\/www.tui.com\/blog\/winter-bucket-list\/#respond"]}]},{"@type":"WebPage","@id":"https:\/\/www.tui.com\/blog\/winter-bucket-list\/","url":"https:\/\/www.tui.com\/blog\/winter-bucket-list\/","name":"Winter Bucket List: TOP 10 Ideen f\u00fcr die kuscheligste Jahreszeit - TUI.com Reiseblog \u2600","isPartOf":{"@id":"https:\/\/www.tui.com\/blog\/#website"},"primaryImageOfPage":{"@id":"https:\/\/www.tui.com\/blog\/winter-bucket-list\/#primaryimage"},"image":{"@id":"https:\/\/www.tui.com\/blog\/winter-bucket-list\/#primaryimage"},"thumbnailUrl":"https:\/\/www.tui.com\/blog\/wp-content\/uploads\/2024\/10\/winter-bucket-list-banner-AdobeStock-177109294.jpg","datePublished":"2024-11-14T11:00:00+00:00","dateModified":"2025-08-19T06:32:18+00:00","description":"Lass dich von Katharinas TOP 10 Winter Bucket List inspirieren und erlebe unvergessliche winterliche Momente.","breadcrumb":{"@id":"https:\/\/www.tui.com\/blog\/winter-bucket-list\/#breadcrumb"},"inLanguage":"de","potentialAction":[{"@type":"ReadAction","target":["https:\/\/www.tui.com\/blog\/winter-bucket-list\/"]}]},{"@type":"ImageObject","inLanguage":"de","@id":"https:\/\/www.tui.com\/blog\/winter-bucket-list\/#primaryimage","url":"https:\/\/www.tui.com\/blog\/wp-content\/uploads\/2024\/10\/winter-bucket-list-banner-AdobeStock-177109294.jpg","contentUrl":"https:\/\/www.tui.com\/blog\/wp-content\/uploads\/2024\/10\/winter-bucket-list-banner-AdobeStock-177109294.jpg","width":1920,"height":1080},{"@type":"BreadcrumbList","@id":"https:\/\/www.tui.com\/blog\/winter-bucket-list\/#breadcrumb","itemListElement":[{"@type":"ListItem","position":1,"name":"Startseite","item":"https:\/\/www.tui.com\/blog\/"},{"@type":"ListItem","position":2,"name":"Winter Bucket List: TOP 10 Ideen f\u00fcr die kuscheligste Jahreszeit"}]},{"@type":"WebSite","@id":"https:\/\/www.tui.com\/blog\/#website","url":"https:\/\/www.tui.com\/blog\/","name":"TUI.com Reiseblog \u2600","description":"Abenteuer oder lieber an den Strand? \u2600 Der TUI Reiseblog bietet tolle Infos rund um deine n\u00e4chste Reise \u2708 Komm vorbei und lass dich inspirieren \u221a","publisher":{"@id":"https:\/\/www.tui.com\/blog\/#organization"},"potentialAction":[{"@type":"SearchAction","target":{"@type":"EntryPoint","urlTemplate":"https:\/\/www.tui.com\/blog\/?s={search_term_string}"},"query-input":{"@type":"PropertyValueSpecification","valueRequired":true,"valueName":"search_term_string"}}],"inLanguage":"de"},{"@type":"Organization","@id":"https:\/\/www.tui.com\/blog\/#organization","name":"TUI.com Reiseblog \u2600","url":"https:\/\/www.tui.com\/blog\/","logo":{"@type":"ImageObject","inLanguage":"de","@id":"https:\/\/www.tui.com\/blog\/#\/schema\/logo\/image\/","url":"https:\/\/www.tui.com\/blog\/wp-content\/uploads\/2023\/04\/cropped-tui-logo-3.png","contentUrl":"https:\/\/www.tui.com\/blog\/wp-content\/uploads\/2023\/04\/cropped-tui-logo-3.png","width":164,"height":72,"caption":"TUI.com Reiseblog \u2600"},"image":{"@id":"https:\/\/www.tui.com\/blog\/#\/schema\/logo\/image\/"}},{"@type":"Person","@id":"https:\/\/www.tui.com\/blog\/#\/schema\/person\/3a11b4dd9b8cbf64219efe2893992ed2","name":"TUI Bloggerin Katharina","image":{"@type":"ImageObject","inLanguage":"de","@id":"https:\/\/www.tui.com\/blog\/wp-content\/uploads\/2023\/07\/profilbild-katharina-hierse-96x96.jpg","url":"https:\/\/www.tui.com\/blog\/wp-content\/uploads\/2023\/07\/profilbild-katharina-hierse-96x96.jpg","contentUrl":"https:\/\/www.tui.com\/blog\/wp-content\/uploads\/2023\/07\/profilbild-katharina-hierse-96x96.jpg","caption":"TUI Bloggerin Katharina"},"url":"https:\/\/www.tui.com\/blog\/author\/tui-bloggerin-katharina\/"}]}},"_links":{"self":[{"href":"https:\/\/www.tui.com\/blog\/wp-json\/wp\/v2\/posts\/448892","targetHints":{"allow":["GET"]}}],"collection":[{"href":"https:\/\/www.tui.com\/blog\/wp-json\/wp\/v2\/posts"}],"about":[{"href":"https:\/\/www.tui.com\/blog\/wp-json\/wp\/v2\/types\/post"}],"author":[{"embeddable":true,"href":"https:\/\/www.tui.com\/blog\/wp-json\/wp\/v2\/users\/172"}],"replies":[{"embeddable":true,"href":"https:\/\/www.tui.com\/blog\/wp-json\/wp\/v2\/comments?post=448892"}],"version-history":[{"count":55,"href":"https:\/\/www.tui.com\/blog\/wp-json\/wp\/v2\/posts\/448892\/revisions"}],"predecessor-version":[{"id":482490,"href":"https:\/\/www.tui.com\/blog\/wp-json\/wp\/v2\/posts\/448892\/revisions\/482490"}],"wp:featuredmedia":[{"embeddable":true,"href":"https:\/\/www.tui.com\/blog\/wp-json\/wp\/v2\/media\/448944"}],"wp:attachment":[{"href":"https:\/\/www.tui.com\/blog\/wp-json\/wp\/v2\/media?parent=448892"}],"wp:term":[{"taxonomy":"category","embeddable":true,"href":"https:\/\/www.tui.com\/blog\/wp-json\/wp\/v2\/categories?post=448892"},{"taxonomy":"post_tag","embeddable":true,"href":"https:\/\/www.tui.com\/blog\/wp-json\/wp\/v2\/tags?post=448892"}],"curies":[{"name":"wp","href":"https:\/\/api.w.org\/{rel}","templated":true}]}}