{"id":472256,"date":"2025-06-06T12:00:00","date_gmt":"2025-06-06T10:00:00","guid":{"rendered":"https:\/\/www.tui.com\/blog\/?p=472256"},"modified":"2025-06-05T10:55:56","modified_gmt":"2025-06-05T08:55:56","slug":"so-fliegt-deutschland","status":"publish","type":"post","link":"https:\/\/www.tui.com\/blog\/so-fliegt-deutschland\/","title":{"rendered":"TUI-Studie: So fliegt Deutschland 2025"},"content":{"rendered":"<div class=\"lazyblock-intro-Z1ujkQc wp-block-lazyblock-intro\"> <div style=\"color: #4C4C4C, margin-bottom: 18px\">\n    <span style=\"font-size:24px\">Der Flieger bleibt das Nummer-1-Verkehrsmittel der Sommerurlauber in Deutschland. Aber welche Ziele steuern sie in der Hauptsaison 2025 an und worauf legen sie bei der Reise besonders Wert? Wir haben die Fluggewohnheiten und Bed\u00fcrfnisse der Reisenden genauer unter die Lupe genommen.<\/span>\n    <br>\n    <br>\n <\/div><\/div>\n\n\n<p>Der Urlaub ruft \u2013 und Deutschland ist bereit abzuheben! In der TUI-Studie \u201eSo fliegt Deutschland 2025\u201c gab mit 57,9 % der Gro\u00dfteil der 2.000 Befragten an, in diesem Jahr mit dem <a href=\"https:\/\/www.tui.com\/flug\/\">Flugzeug in den Sommerurlaub<\/a> zu reisen. Nur 25,3 % w\u00e4hlen ein anderes Verkehrsmittel &#8211; die \u00fcbrigen 16,9 % sind entweder noch unsicher oder verreisen im Sommer nicht.&nbsp;<\/p>\n\n\n    <div class=\"wp-caption tui-image-module\">\r\n    <img decoding=\"async\" src=\"https:\/\/www.tui.com\/blog\/wp-content\/uploads\/2025\/06\/flugziele-sommerurlaub.jpg\" alt=\"Flugziele Sommerurlaub\" \/>\r\n            <p class=\"wp-caption-text\">Beliebte Flugziele f\u00fcr den Sommerurlaub<span> | Adobe Stock |  Jag_cz<\/span><\/p>\r\n        <\/div>\r\n    \n\n\n<h2 class=\"wp-block-heading\">Mit dem Flieger Richtung Sonne: Wohin zieht es die Urlauber 2025?<\/h2>\n\n\n\n<p>Der Traum vom Sommerurlaub liegt f\u00fcr einen Gro\u00dfteil der Befragten nicht allzu weit in der Ferne: <strong>37,3 % der Befragten fliegen maximal sechs Stunden. <\/strong>Kaum verwunderlich, schlie\u00dflich wollen 43,2 % ihren Sommerurlaub innerhalb Europas verbringen. Doch auch Fernreisen (Thailand, Mexiko etc.) machen mit 20,6 % einen beachtlichen Teil der Sommerurlaube aus.<\/p>\n\n\n\n<p><strong>Ein Blick auf den Generationenvergleich: <\/strong>Besonders flugfreudig zeigt sich die Altersgruppe 18 bis 24 Jahre. Hier nutzen 68,7 % das Flugzeug, um in den Sommerurlaub zu gelangen. Bei den 25- bis 34-J\u00e4hrigen sind es auch noch 68,5 %. Au\u00dferdem f\u00e4llt auf: Je \u00e4lter die Befragten werden, desto lieber steigen sie auf andere Verkehrsmittel um. Unter den 55- bis 65-J\u00e4hrigen sind es ganze 38,6 %. Naheliegend, schlie\u00dflich wollen auch <strong>24 % der Befragten dieser Altersgruppe ihren Sommerurlaub innerhalb Deutschlands <\/strong>verbringen \u2013 doppelt so viele wie in den j\u00fcngeren Generationen.<\/p>\n\n\n\n<iframe title=\"Gen Z &amp;amp; Millenials im Fliegerfieber\" aria-label=\"Balken (gestapelt)\" id=\"datawrapper-chart-vvVJg\" src=\"https:\/\/datawrapper.dwcdn.net\/vvVJg\/9\/\" scrolling=\"no\" frameborder=\"0\" style=\"width: 0; min-width: 100% !important; border: none;\" height=\"430\" data-external=\"1\"><\/iframe><script type=\"text\/javascript\">!function(){\"use strict\";window.addEventListener(\"message\",(function(a){if(void 0!==a.data[\"datawrapper-height\"]){var e=document.querySelectorAll(\"iframe\");for(var t in a.data[\"datawrapper-height\"])for(var r,i=0;r=e[i];i++)if(r.contentWindow===a.source){var d=a.data[\"datawrapper-height\"][t]+\"px\";r.style.height=d}}}))}();\n<\/script>\n\n\n\n<h2 class=\"wp-block-heading\">Kulinarische Klassiker: So speist Deutschland \u00fcber den Wolken<\/h2>\n\n\n\n<p>Hoch in der Luft ver\u00e4ndert sich der Geschmack \u2013 das beste Beispiel ist der pl\u00f6tzlich aufkommende Drang nach Tomatensaft bei einer Vielzahl von Flugg\u00e4sten. Unsere Umfrage zeigt: Dieser Trend ist ungebrochen. Fast<strong> jeder vierte Befragte (24,7 %) trinkt im Flieger Tomatensaft, <\/strong>weitere 8,6 % nur dann, wenn bereits andere Personen vor ihnen einen bestellt haben. Insbesondere bei M\u00e4nnern ist das rote Kultgetr\u00e4nk beliebt. 28,3 % von ihnen sagen Ja zu Tomatensaft, bei den Frauen sind es nur 21 %.<\/p>\n\n\n    <div class=\"wp-caption tui-image-module\">\r\n    <img decoding=\"async\" src=\"https:\/\/www.tui.com\/blog\/wp-content\/uploads\/2025\/06\/tomatensaft-flugzeug.jpg\" alt=\"Tomatensaft im Flugzeug\" \/>\r\n            <p class=\"wp-caption-text\">Immer noch ein Klassiker: Tomatensaft im Flugzeug<span> | Adobe Stock | Jennie Pavl<\/span><\/p>\r\n        <\/div>\r\n    \n\n\n<p>Doch wie sieht es bei der Wahl der Bordverpflegung aus? Eines scheint klar: Deutschlands Kult-Snack, die Currywurst, hat auch in luftiger H\u00f6he ihre Fans. Ganze 51,2 % der Flugg\u00e4ste w\u00fcrden sich an Bord eine Portion des beliebten Klassikers g\u00f6nnen. Besonders die j\u00fcngere Generation ist angetan: 59,4 % der 18- bis 24-J\u00e4hrigen w\u00fcrden (abh\u00e4ngig vom Preis) im Flieger eine Currywurst bestellen, <strong>bei den 55- bis 65-J\u00e4hrigen sind es nur 35,3 %.<\/strong> In dieser Altersgruppe vertrauen 43,2 % eigenen Angaben zufolge nur dem Grill um die Ecke.<br><\/p>\n\n\n\n<iframe title=\"Currywurst im Flieger? Generationen im Vergleich\" aria-label=\"S\u00e4ulen (gruppiert)\" id=\"datawrapper-chart-1fSvo\" src=\"https:\/\/datawrapper.dwcdn.net\/1fSvo\/4\/\" scrolling=\"no\" frameborder=\"0\" style=\"width: 0; min-width: 100% !important; border: none;\" height=\"430\" data-external=\"1\"><\/iframe><script type=\"text\/javascript\">!function(){\"use strict\";window.addEventListener(\"message\",(function(a){if(void 0!==a.data[\"datawrapper-height\"]){var e=document.querySelectorAll(\"iframe\");for(var t in a.data[\"datawrapper-height\"])for(var r,i=0;r=e[i];i++)if(r.contentWindow===a.source){var d=a.data[\"datawrapper-height\"][t]+\"px\";r.style.height=d}}}))}();\n<\/script>\n\n\n\n<h2 class=\"wp-block-heading\">Fliegen mit Wunschplatz: Wer legt Wert auf eine Reservierung?<\/h2>\n\n\n\n<p>Fensterplatz, zus\u00e4tzliche Beinfreiheit oder der Platz neben dem oder der Liebsten: 70,1 % der Befragten buchen eine Sitzplatzreservierung im Flugzeug dazu, um sich ihren Wunschplatz zu sichern. Den <strong>18- bis 24-J\u00e4hrigen (47,3 %) ist es dabei wichtig, <\/strong>neben ihren Mitreisenden zu sitzen. Bei den 35- bis 44-J\u00e4hrigen sind es hingegen nur 29 %. Den gr\u00f6\u00dften Drang nach einem konkreten Sitzplatz (z. B. einem Fensterplatz) haben die 35- bis 44-J\u00e4hrigen mit 42,6 %.<\/p>\n\n\n    <div class=\"wp-caption tui-image-module\">\r\n    <img decoding=\"async\" src=\"https:\/\/www.tui.com\/blog\/wp-content\/uploads\/2025\/06\/sitzplatzreservierung-flugzeug.jpg\" alt=\"Sitzplatzreservierung im Flugzeug\" \/>\r\n            <p class=\"wp-caption-text\">Im Flugzeug sitzen Paare gerne nebeneinander.<span> | Adobe Stock | \u042e\u043b\u0438\u044f \u041f\u0430\u0434\u0438\u043d\u0430<\/span><\/p>\r\n        <\/div>\r\n    \n\n\n<p><strong>\u00dcbrigens: <\/strong>Nur 40,1 % derjenigen, die mit ihrem Partner oder ihrer Partnerin in den Sommerurlaub reisen, buchen eine Sitzplatzreservierung, um nebeneinander sitzen zu k\u00f6nnen.<\/p>\n\n\n\n<iframe title=\"Reihenlotterie oder Platzgarantie?\" aria-label=\"S\u00e4ulen (gruppiert)\" id=\"datawrapper-chart-8n7PA\" src=\"https:\/\/datawrapper.dwcdn.net\/8n7PA\/3\/\" scrolling=\"no\" frameborder=\"0\" style=\"width: 0; min-width: 100% !important; border: none;\" height=\"430\" data-external=\"1\"><\/iframe><script type=\"text\/javascript\">!function(){\"use strict\";window.addEventListener(\"message\",(function(a){if(void 0!==a.data[\"datawrapper-height\"]){var e=document.querySelectorAll(\"iframe\");for(var t in a.data[\"datawrapper-height\"])for(var r,i=0;r=e[i];i++)if(r.contentWindow===a.source){var d=a.data[\"datawrapper-height\"][t]+\"px\";r.style.height=d}}}))}();\n<\/script>\n\n\n\n<p><\/p>\n\n\n    <div class=\"wp-caption tui-image-module\">\r\n    <img decoding=\"async\" src=\"https:\/\/www.tui.com\/blog\/wp-content\/uploads\/2025\/06\/flugziele.jpg\" alt=\"Beliebte Flugziele\" \/>\r\n            <p class=\"wp-caption-text\">Egal ob Fern- oder Nahziel: Jetzt am liebsten in den Urlaub fliegen!<span> | Adobe Stock | muratart<\/span><\/p>\r\n        <\/div>\r\n    \n\n\n<h2 class=\"wp-block-heading\">Fazit: So hebt Deutschland 2025 in den Urlaub ab<\/h2>\n\n\n\n<p>Die Reiselust der Deutschen ist ungebrochen \u2013 2025 geht es f\u00fcr die Mehrheit wieder mit dem Flugzeug in den Sommerurlaub. Ob sonnige Ziele in Europa oder Fernwehziele in \u00dcbersee: Hauptsache raus aus dem Alltag und rein ins Urlaubsgl\u00fcck.<\/p>\n\n\n\n<p>Dabei zeigt sich: Fliegen bleibt f\u00fcr viele der bequemste Weg in die sch\u00f6nste Zeit des Jahres. Genuss, Komfort und pers\u00f6nliche Vorlieben \u2013 von der Sitzplatzwahl bis zur Bordverpflegung \u2013 spielen eine immer gr\u00f6\u00dfere Rolle.<\/p>\n\n\n\n<p><strong>Eines wird deutlich: Deutschland ist bereit f\u00fcr den Sommer \u2013 und die n\u00e4chste Reise wartet schon.<\/strong><\/p>\n","protected":false},"excerpt":{"rendered":"<p>Der Urlaub ruft \u2013 und Deutschland ist bereit abzuheben! In der TUI-Studie \u201eSo fliegt Deutschland 2025\u201c gab mit 57,9 % der Gro\u00dfteil der 2.000 Befragten an, in diesem Jahr mit dem Flugzeug in den Sommerurlaub zu reisen. Nur 25,3 % w\u00e4hlen ein anderes Verkehrsmittel &#8211; die \u00fcbrigen 16,9 % sind<\/p>\n","protected":false},"author":74,"featured_media":472316,"comment_status":"open","ping_status":"open","sticky":false,"template":"","format":"standard","meta":{"_acf_changed":false,"footnotes":""},"categories":[4070],"tags":[270,2606,4084],"class_list":["post-472256","post","type-post","status-publish","format-standard","has-post-thumbnail","hentry","category-archiv-reisetipps","tag-deutschland","tag-flugtipps","tag-reisefakten"],"acf":[],"yoast_head":"<!-- This site is optimized with the Yoast SEO plugin v27.4 - https:\/\/yoast.com\/product\/yoast-seo-wordpress\/ -->\n<title>TUI-Studie: So fliegt Deutschland 2025 in den Sommerurlaub | TUI<\/title>\n<meta name=\"description\" content=\"Von Bordbistro bis Sitzplatzreservierung: Auf diese Aspekte legen Reisende aus Deutschland im Flieger Wert \u2013 jetzt lesen!\" \/>\n<meta name=\"robots\" content=\"index, follow, max-snippet:-1, max-image-preview:large, max-video-preview:-1\" \/>\n<link rel=\"canonical\" href=\"https:\/\/www.tui.com\/blog\/so-fliegt-deutschland\/\" \/>\n<meta property=\"og:locale\" content=\"de_DE\" \/>\n<meta property=\"og:type\" content=\"article\" \/>\n<meta property=\"og:title\" content=\"TUI-Studie: So fliegt Deutschland 2025 in den Sommerurlaub | TUI\" \/>\n<meta property=\"og:description\" content=\"Von Bordbistro bis Sitzplatzreservierung: Auf diese Aspekte legen Reisende aus Deutschland im Flieger Wert \u2013 jetzt lesen!\" \/>\n<meta property=\"og:url\" content=\"https:\/\/www.tui.com\/blog\/so-fliegt-deutschland\/\" \/>\n<meta property=\"og:site_name\" content=\"TUI.com Reiseblog \u2600\" \/>\n<meta property=\"article:published_time\" content=\"2025-06-06T10:00:00+00:00\" \/>\n<meta property=\"og:image\" content=\"https:\/\/www.tui.com\/blog\/wp-content\/uploads\/2025\/06\/tui-studie-so-fliegt-deutschland.jpg\" \/>\n\t<meta property=\"og:image:width\" content=\"1920\" \/>\n\t<meta property=\"og:image:height\" content=\"1080\" \/>\n\t<meta property=\"og:image:type\" content=\"image\/jpeg\" \/>\n<meta name=\"author\" content=\"TUI Bloggerin Yasemin\" \/>\n<meta name=\"twitter:card\" content=\"summary_large_image\" \/>\n<meta name=\"twitter:label1\" content=\"Verfasst von\" \/>\n\t<meta name=\"twitter:data1\" content=\"TUI Bloggerin Yasemin\" \/>\n\t<meta name=\"twitter:label2\" content=\"Gesch\u00e4tzte Lesezeit\" \/>\n\t<meta name=\"twitter:data2\" content=\"3\u00a0Minuten\" \/>\n<script type=\"application\/ld+json\" class=\"yoast-schema-graph\">{\"@context\":\"https:\\\/\\\/schema.org\",\"@graph\":[{\"@type\":\"BlogPosting\",\"@id\":\"https:\\\/\\\/www.tui.com\\\/blog\\\/so-fliegt-deutschland\\\/#article\",\"isPartOf\":{\"@id\":\"https:\\\/\\\/www.tui.com\\\/blog\\\/so-fliegt-deutschland\\\/\"},\"author\":{\"name\":\"TUI Bloggerin Yasemin\",\"@id\":\"https:\\\/\\\/www.tui.com\\\/blog\\\/#\\\/schema\\\/person\\\/8089c9e758ad95f797fd320aacf114c2\"},\"headline\":\"TUI-Studie: So fliegt Deutschland 2025\",\"datePublished\":\"2025-06-06T10:00:00+00:00\",\"mainEntityOfPage\":{\"@id\":\"https:\\\/\\\/www.tui.com\\\/blog\\\/so-fliegt-deutschland\\\/\"},\"wordCount\":566,\"commentCount\":0,\"publisher\":{\"@id\":\"https:\\\/\\\/www.tui.com\\\/blog\\\/#organization\"},\"image\":{\"@id\":\"https:\\\/\\\/www.tui.com\\\/blog\\\/so-fliegt-deutschland\\\/#primaryimage\"},\"thumbnailUrl\":\"https:\\\/\\\/www.tui.com\\\/blog\\\/wp-content\\\/uploads\\\/2025\\\/06\\\/tui-studie-so-fliegt-deutschland.jpg\",\"keywords\":[\"Deutschland\",\"Flugtipps\",\"Reisefakten\"],\"articleSection\":[\"Reisetipps\"],\"inLanguage\":\"de\",\"potentialAction\":[{\"@type\":\"CommentAction\",\"name\":\"Comment\",\"target\":[\"https:\\\/\\\/www.tui.com\\\/blog\\\/so-fliegt-deutschland\\\/#respond\"]}]},{\"@type\":\"WebPage\",\"@id\":\"https:\\\/\\\/www.tui.com\\\/blog\\\/so-fliegt-deutschland\\\/\",\"url\":\"https:\\\/\\\/www.tui.com\\\/blog\\\/so-fliegt-deutschland\\\/\",\"name\":\"TUI-Studie: So fliegt Deutschland 2025 in den Sommerurlaub | TUI\",\"isPartOf\":{\"@id\":\"https:\\\/\\\/www.tui.com\\\/blog\\\/#website\"},\"primaryImageOfPage\":{\"@id\":\"https:\\\/\\\/www.tui.com\\\/blog\\\/so-fliegt-deutschland\\\/#primaryimage\"},\"image\":{\"@id\":\"https:\\\/\\\/www.tui.com\\\/blog\\\/so-fliegt-deutschland\\\/#primaryimage\"},\"thumbnailUrl\":\"https:\\\/\\\/www.tui.com\\\/blog\\\/wp-content\\\/uploads\\\/2025\\\/06\\\/tui-studie-so-fliegt-deutschland.jpg\",\"datePublished\":\"2025-06-06T10:00:00+00:00\",\"description\":\"Von Bordbistro bis Sitzplatzreservierung: Auf diese Aspekte legen Reisende aus Deutschland im Flieger Wert \u2013 jetzt lesen!\",\"breadcrumb\":{\"@id\":\"https:\\\/\\\/www.tui.com\\\/blog\\\/so-fliegt-deutschland\\\/#breadcrumb\"},\"inLanguage\":\"de\",\"potentialAction\":[{\"@type\":\"ReadAction\",\"target\":[\"https:\\\/\\\/www.tui.com\\\/blog\\\/so-fliegt-deutschland\\\/\"]}]},{\"@type\":\"ImageObject\",\"inLanguage\":\"de\",\"@id\":\"https:\\\/\\\/www.tui.com\\\/blog\\\/so-fliegt-deutschland\\\/#primaryimage\",\"url\":\"https:\\\/\\\/www.tui.com\\\/blog\\\/wp-content\\\/uploads\\\/2025\\\/06\\\/tui-studie-so-fliegt-deutschland.jpg\",\"contentUrl\":\"https:\\\/\\\/www.tui.com\\\/blog\\\/wp-content\\\/uploads\\\/2025\\\/06\\\/tui-studie-so-fliegt-deutschland.jpg\",\"width\":1920,\"height\":1080,\"caption\":\"TUI Studie: So fliegt Deutschland\"},{\"@type\":\"BreadcrumbList\",\"@id\":\"https:\\\/\\\/www.tui.com\\\/blog\\\/so-fliegt-deutschland\\\/#breadcrumb\",\"itemListElement\":[{\"@type\":\"ListItem\",\"position\":1,\"name\":\"Startseite\",\"item\":\"https:\\\/\\\/www.tui.com\\\/blog\\\/\"},{\"@type\":\"ListItem\",\"position\":2,\"name\":\"TUI-Studie: So fliegt Deutschland 2025\"}]},{\"@type\":\"WebSite\",\"@id\":\"https:\\\/\\\/www.tui.com\\\/blog\\\/#website\",\"url\":\"https:\\\/\\\/www.tui.com\\\/blog\\\/\",\"name\":\"TUI.com Reiseblog \u2600\",\"description\":\"Abenteuer oder lieber an den Strand? \u2600 Der TUI Reiseblog bietet tolle Infos rund um deine n\u00e4chste Reise \u2708 Komm vorbei und lass dich inspirieren \u221a\",\"publisher\":{\"@id\":\"https:\\\/\\\/www.tui.com\\\/blog\\\/#organization\"},\"potentialAction\":[{\"@type\":\"SearchAction\",\"target\":{\"@type\":\"EntryPoint\",\"urlTemplate\":\"https:\\\/\\\/www.tui.com\\\/blog\\\/?s={search_term_string}\"},\"query-input\":{\"@type\":\"PropertyValueSpecification\",\"valueRequired\":true,\"valueName\":\"search_term_string\"}}],\"inLanguage\":\"de\"},{\"@type\":\"Organization\",\"@id\":\"https:\\\/\\\/www.tui.com\\\/blog\\\/#organization\",\"name\":\"TUI.com Reiseblog \u2600\",\"url\":\"https:\\\/\\\/www.tui.com\\\/blog\\\/\",\"logo\":{\"@type\":\"ImageObject\",\"inLanguage\":\"de\",\"@id\":\"https:\\\/\\\/www.tui.com\\\/blog\\\/#\\\/schema\\\/logo\\\/image\\\/\",\"url\":\"https:\\\/\\\/www.tui.com\\\/blog\\\/wp-content\\\/uploads\\\/2023\\\/04\\\/cropped-tui-logo-3.png\",\"contentUrl\":\"https:\\\/\\\/www.tui.com\\\/blog\\\/wp-content\\\/uploads\\\/2023\\\/04\\\/cropped-tui-logo-3.png\",\"width\":164,\"height\":72,\"caption\":\"TUI.com Reiseblog \u2600\"},\"image\":{\"@id\":\"https:\\\/\\\/www.tui.com\\\/blog\\\/#\\\/schema\\\/logo\\\/image\\\/\"}},{\"@type\":\"Person\",\"@id\":\"https:\\\/\\\/www.tui.com\\\/blog\\\/#\\\/schema\\\/person\\\/8089c9e758ad95f797fd320aacf114c2\",\"name\":\"TUI Bloggerin Yasemin\",\"image\":{\"@type\":\"ImageObject\",\"inLanguage\":\"de\",\"@id\":\"https:\\\/\\\/www.tui.com\\\/blog\\\/wp-content\\\/uploads\\\/2016\\\/11\\\/yasemin-profilbild-klein-200x180.jpg\",\"url\":\"https:\\\/\\\/www.tui.com\\\/blog\\\/wp-content\\\/uploads\\\/2016\\\/11\\\/yasemin-profilbild-klein-200x180.jpg\",\"contentUrl\":\"https:\\\/\\\/www.tui.com\\\/blog\\\/wp-content\\\/uploads\\\/2016\\\/11\\\/yasemin-profilbild-klein-200x180.jpg\",\"caption\":\"TUI Bloggerin Yasemin\"},\"description\":\"Berlinerin, die 4 Sprachen spricht und immer etwas zu sagen hat ;-)\",\"url\":\"https:\\\/\\\/www.tui.com\\\/blog\\\/author\\\/yasemin\\\/\"}]}<\/script>\n<!-- \/ Yoast SEO plugin. -->","yoast_head_json":{"title":"TUI-Studie: So fliegt Deutschland 2025 in den Sommerurlaub | TUI","description":"Von Bordbistro bis Sitzplatzreservierung: Auf diese Aspekte legen Reisende aus Deutschland im Flieger Wert \u2013 jetzt lesen!","robots":{"index":"index","follow":"follow","max-snippet":"max-snippet:-1","max-image-preview":"max-image-preview:large","max-video-preview":"max-video-preview:-1"},"canonical":"https:\/\/www.tui.com\/blog\/so-fliegt-deutschland\/","og_locale":"de_DE","og_type":"article","og_title":"TUI-Studie: So fliegt Deutschland 2025 in den Sommerurlaub | TUI","og_description":"Von Bordbistro bis Sitzplatzreservierung: Auf diese Aspekte legen Reisende aus Deutschland im Flieger Wert \u2013 jetzt lesen!","og_url":"https:\/\/www.tui.com\/blog\/so-fliegt-deutschland\/","og_site_name":"TUI.com Reiseblog \u2600","article_published_time":"2025-06-06T10:00:00+00:00","og_image":[{"width":1920,"height":1080,"url":"https:\/\/www.tui.com\/blog\/wp-content\/uploads\/2025\/06\/tui-studie-so-fliegt-deutschland.jpg","type":"image\/jpeg"}],"author":"TUI Bloggerin Yasemin","twitter_card":"summary_large_image","twitter_misc":{"Verfasst von":"TUI Bloggerin Yasemin","Gesch\u00e4tzte Lesezeit":"3\u00a0Minuten"},"schema":{"@context":"https:\/\/schema.org","@graph":[{"@type":"BlogPosting","@id":"https:\/\/www.tui.com\/blog\/so-fliegt-deutschland\/#article","isPartOf":{"@id":"https:\/\/www.tui.com\/blog\/so-fliegt-deutschland\/"},"author":{"name":"TUI Bloggerin Yasemin","@id":"https:\/\/www.tui.com\/blog\/#\/schema\/person\/8089c9e758ad95f797fd320aacf114c2"},"headline":"TUI-Studie: So fliegt Deutschland 2025","datePublished":"2025-06-06T10:00:00+00:00","mainEntityOfPage":{"@id":"https:\/\/www.tui.com\/blog\/so-fliegt-deutschland\/"},"wordCount":566,"commentCount":0,"publisher":{"@id":"https:\/\/www.tui.com\/blog\/#organization"},"image":{"@id":"https:\/\/www.tui.com\/blog\/so-fliegt-deutschland\/#primaryimage"},"thumbnailUrl":"https:\/\/www.tui.com\/blog\/wp-content\/uploads\/2025\/06\/tui-studie-so-fliegt-deutschland.jpg","keywords":["Deutschland","Flugtipps","Reisefakten"],"articleSection":["Reisetipps"],"inLanguage":"de","potentialAction":[{"@type":"CommentAction","name":"Comment","target":["https:\/\/www.tui.com\/blog\/so-fliegt-deutschland\/#respond"]}]},{"@type":"WebPage","@id":"https:\/\/www.tui.com\/blog\/so-fliegt-deutschland\/","url":"https:\/\/www.tui.com\/blog\/so-fliegt-deutschland\/","name":"TUI-Studie: So fliegt Deutschland 2025 in den Sommerurlaub | TUI","isPartOf":{"@id":"https:\/\/www.tui.com\/blog\/#website"},"primaryImageOfPage":{"@id":"https:\/\/www.tui.com\/blog\/so-fliegt-deutschland\/#primaryimage"},"image":{"@id":"https:\/\/www.tui.com\/blog\/so-fliegt-deutschland\/#primaryimage"},"thumbnailUrl":"https:\/\/www.tui.com\/blog\/wp-content\/uploads\/2025\/06\/tui-studie-so-fliegt-deutschland.jpg","datePublished":"2025-06-06T10:00:00+00:00","description":"Von Bordbistro bis Sitzplatzreservierung: Auf diese Aspekte legen Reisende aus Deutschland im Flieger Wert \u2013 jetzt lesen!","breadcrumb":{"@id":"https:\/\/www.tui.com\/blog\/so-fliegt-deutschland\/#breadcrumb"},"inLanguage":"de","potentialAction":[{"@type":"ReadAction","target":["https:\/\/www.tui.com\/blog\/so-fliegt-deutschland\/"]}]},{"@type":"ImageObject","inLanguage":"de","@id":"https:\/\/www.tui.com\/blog\/so-fliegt-deutschland\/#primaryimage","url":"https:\/\/www.tui.com\/blog\/wp-content\/uploads\/2025\/06\/tui-studie-so-fliegt-deutschland.jpg","contentUrl":"https:\/\/www.tui.com\/blog\/wp-content\/uploads\/2025\/06\/tui-studie-so-fliegt-deutschland.jpg","width":1920,"height":1080,"caption":"TUI Studie: So fliegt Deutschland"},{"@type":"BreadcrumbList","@id":"https:\/\/www.tui.com\/blog\/so-fliegt-deutschland\/#breadcrumb","itemListElement":[{"@type":"ListItem","position":1,"name":"Startseite","item":"https:\/\/www.tui.com\/blog\/"},{"@type":"ListItem","position":2,"name":"TUI-Studie: So fliegt Deutschland 2025"}]},{"@type":"WebSite","@id":"https:\/\/www.tui.com\/blog\/#website","url":"https:\/\/www.tui.com\/blog\/","name":"TUI.com Reiseblog \u2600","description":"Abenteuer oder lieber an den Strand? \u2600 Der TUI Reiseblog bietet tolle Infos rund um deine n\u00e4chste Reise \u2708 Komm vorbei und lass dich inspirieren \u221a","publisher":{"@id":"https:\/\/www.tui.com\/blog\/#organization"},"potentialAction":[{"@type":"SearchAction","target":{"@type":"EntryPoint","urlTemplate":"https:\/\/www.tui.com\/blog\/?s={search_term_string}"},"query-input":{"@type":"PropertyValueSpecification","valueRequired":true,"valueName":"search_term_string"}}],"inLanguage":"de"},{"@type":"Organization","@id":"https:\/\/www.tui.com\/blog\/#organization","name":"TUI.com Reiseblog \u2600","url":"https:\/\/www.tui.com\/blog\/","logo":{"@type":"ImageObject","inLanguage":"de","@id":"https:\/\/www.tui.com\/blog\/#\/schema\/logo\/image\/","url":"https:\/\/www.tui.com\/blog\/wp-content\/uploads\/2023\/04\/cropped-tui-logo-3.png","contentUrl":"https:\/\/www.tui.com\/blog\/wp-content\/uploads\/2023\/04\/cropped-tui-logo-3.png","width":164,"height":72,"caption":"TUI.com Reiseblog \u2600"},"image":{"@id":"https:\/\/www.tui.com\/blog\/#\/schema\/logo\/image\/"}},{"@type":"Person","@id":"https:\/\/www.tui.com\/blog\/#\/schema\/person\/8089c9e758ad95f797fd320aacf114c2","name":"TUI Bloggerin Yasemin","image":{"@type":"ImageObject","inLanguage":"de","@id":"https:\/\/www.tui.com\/blog\/wp-content\/uploads\/2016\/11\/yasemin-profilbild-klein-200x180.jpg","url":"https:\/\/www.tui.com\/blog\/wp-content\/uploads\/2016\/11\/yasemin-profilbild-klein-200x180.jpg","contentUrl":"https:\/\/www.tui.com\/blog\/wp-content\/uploads\/2016\/11\/yasemin-profilbild-klein-200x180.jpg","caption":"TUI Bloggerin Yasemin"},"description":"Berlinerin, die 4 Sprachen spricht und immer etwas zu sagen hat ;-)","url":"https:\/\/www.tui.com\/blog\/author\/yasemin\/"}]}},"_links":{"self":[{"href":"https:\/\/www.tui.com\/blog\/wp-json\/wp\/v2\/posts\/472256","targetHints":{"allow":["GET"]}}],"collection":[{"href":"https:\/\/www.tui.com\/blog\/wp-json\/wp\/v2\/posts"}],"about":[{"href":"https:\/\/www.tui.com\/blog\/wp-json\/wp\/v2\/types\/post"}],"author":[{"embeddable":true,"href":"https:\/\/www.tui.com\/blog\/wp-json\/wp\/v2\/users\/74"}],"replies":[{"embeddable":true,"href":"https:\/\/www.tui.com\/blog\/wp-json\/wp\/v2\/comments?post=472256"}],"version-history":[{"count":5,"href":"https:\/\/www.tui.com\/blog\/wp-json\/wp\/v2\/posts\/472256\/revisions"}],"predecessor-version":[{"id":472346,"href":"https:\/\/www.tui.com\/blog\/wp-json\/wp\/v2\/posts\/472256\/revisions\/472346"}],"wp:featuredmedia":[{"embeddable":true,"href":"https:\/\/www.tui.com\/blog\/wp-json\/wp\/v2\/media\/472316"}],"wp:attachment":[{"href":"https:\/\/www.tui.com\/blog\/wp-json\/wp\/v2\/media?parent=472256"}],"wp:term":[{"taxonomy":"category","embeddable":true,"href":"https:\/\/www.tui.com\/blog\/wp-json\/wp\/v2\/categories?post=472256"},{"taxonomy":"post_tag","embeddable":true,"href":"https:\/\/www.tui.com\/blog\/wp-json\/wp\/v2\/tags?post=472256"}],"curies":[{"name":"wp","href":"https:\/\/api.w.org\/{rel}","templated":true}]}}